{"id":54237,"date":"2022-06-09T00:00:52","date_gmt":"2022-06-08T22:00:52","guid":{"rendered":"http:\/\/www.rassegnastampa-totustuus.it\/cattolica\/?p=54237"},"modified":"2024-04-22T19:36:29","modified_gmt":"2024-04-22T17:36:29","slug":"soros-la-chiusura-ermetica-della-societa-aperta","status":"publish","type":"post","link":"https:\/\/www.rassegnastampa-totustuus.it\/cattolica\/soros-la-chiusura-ermetica-della-societa-aperta\/","title":{"rendered":"Soros &#038; la chiusura ermetica della \u201csociet\u00e0 aperta\u201d"},"content":{"rendered":"<p style=\"text-align: center;\"><span style=\"color: #000000;\"><strong><img loading=\"lazy\" decoding=\"async\" class=\"size-medium wp-image-54238 alignleft\" src=\"https:\/\/www.rassegnastampa-totustuus.it\/cattolica\/wp-content\/uploads\/2022\/06\/george_soros_open_society-217x300.jpg\" alt=\"\" width=\"217\" height=\"300\" srcset=\"https:\/\/www.rassegnastampa-totustuus.it\/cattolica\/wp-content\/uploads\/2022\/06\/george_soros_open_society-217x300.jpg 217w, https:\/\/www.rassegnastampa-totustuus.it\/cattolica\/wp-content\/uploads\/2022\/06\/george_soros_open_society.jpg 450w\" sizes=\"auto, (max-width: 217px) 100vw, 217px\" \/><a href=\"https:\/\/www.ricognizioni.it\/\" target=\"_blank\" rel=\"noopener\">Ricognizioni<\/a><\/strong> 31 Maggio 2022<\/span><\/p>\n<p style=\"text-align: center;\"><span style=\"color: #000000;\">di<strong> Carlo Primerano<\/strong>\u00a0<\/span><\/p>\n<p style=\"text-align: justify;\"><span style=\"color: #000000;\">Quando valutiamo i rivolgimenti in atto nella nostra societ\u00e0 divenuti all\u2019improvviso cos\u00ec evidenti, ci troviamo spesso a considerarne responsabili pochi nomi, sempre gli stessi. Per quanto questo non soddisfi in pieno il nostro desiderio di comprensione e si presti al rischio di semplificazione della realt\u00e0, tuttavia \u00e8 indubbio che l\u2019azione visibile attraverso la quale singoli individui esercitano il loro potere \u00e8 lo specchio attraverso il quale possiamo cercare di individuare i luoghi nei quali ci stanno guidando le forze misteriose che guidano il corso degli eventi.<\/span><\/p>\n<p><!--more--><\/p>\n<p style=\"text-align: justify;\"><span style=\"color: #000000;\"><img loading=\"lazy\" decoding=\"async\" class=\"size-full wp-image-38547 alignright\" src=\"https:\/\/www.rassegnastampa-totustuus.it\/cattolica\/wp-content\/uploads\/2017\/10\/Soros.jpg\" alt=\"\" width=\"183\" height=\"276\" \/>Roberto Pecchioli con la sua ultima fatica<\/span> <span style=\"color: #0000ff;\"><a style=\"color: #0000ff;\" href=\"https:\/\/www.ariannaeditrice.it\/prodotti\/george-soros-e-la-open-society\" target=\"_blank\" rel=\"noreferrer noopener\"><em>George Soros e la Open Society<\/em> (Arianna editrice, pagine 256, euro 18,90)<\/a><\/span>, <span style=\"color: #000000;\">ci fa conoscere uno di questi uomini, tra i pi\u00f9 potenti e controversi oligarchi del pianeta, capace di influenzare le politiche di importanti paesi, l\u2019Italia \u00e8 uno di questi, per mezzo delle ingenti risorse finanziarie investite.<\/span><\/p>\n<p style=\"text-align: justify;\"><span style=\"color: #000000;\"> Pecchioli documenta con meticolosit\u00e0 tutto quanto generalmente associamo alla figura dell\u2019oligarca ungherese: le speculazioni finanziarie ai danni delle nazioni, il sostegno fornito ai massicci movimenti di popoli dei giorni nostri, quello dato alla liberalizzazione delle droghe leggere, l\u2019ingerenza nei cambiamenti di governo di alcuni stati, la somiglianza dei suoi programmi con quelli dell\u2019agenda 2030, e altro ancora.<\/span><\/p>\n<p style=\"text-align: justify;\"><span style=\"color: #000000;\"><img loading=\"lazy\" decoding=\"async\" class=\" wp-image-40728 alignleft\" src=\"https:\/\/www.rassegnastampa-totustuus.it\/cattolica\/wp-content\/uploads\/2018\/07\/immigraz_navi_Ong-300x168.jpg\" alt=\"\" width=\"352\" height=\"197\" \/>La dovizia di dati e di notizie fornite dal libro potr\u00e0 essere dunque di notevole ausilio per chi volesse cominciare a capire cosa c\u2019\u00e8 dietro agli eventi pi\u00f9 eclatanti degli ultimi anni e alle scelte politiche di alcuni governi. <\/span><\/p>\n<p style=\"text-align: justify;\"><span style=\"color: #000000;\">Per esempio, di fronte all\u2019incredulit\u00e0 di chi non vede che il fenomeno della cosiddetta immigrazione non \u00e8 dovuto principalmente alla fuga di coloro che scappano dalla guerra nei paesi di provenienza, ma \u00e8 un movimento organizzato per la riorganizzazione del mondo su nuove basi culturali, sociali ed economiche, potremo mostrare le cifre notevoli stanziate nei budget dell\u2019Open Society Foundations per attivit\u00e0 di sostegno agli immigrati e i finanziamenti alle ONG che percorrono il Mediterraneo.<\/span><\/p>\n<p style=\"text-align: justify;\"><span style=\"color: #000000;\"> <img loading=\"lazy\" decoding=\"async\" class=\" wp-image-52462 alignright\" src=\"https:\/\/www.rassegnastampa-totustuus.it\/cattolica\/wp-content\/uploads\/2021\/09\/ambientalismo_rivoluzione-300x169.jpg\" alt=\"\" width=\"343\" height=\"193\" srcset=\"https:\/\/www.rassegnastampa-totustuus.it\/cattolica\/wp-content\/uploads\/2021\/09\/ambientalismo_rivoluzione-300x169.jpg 300w, https:\/\/www.rassegnastampa-totustuus.it\/cattolica\/wp-content\/uploads\/2021\/09\/ambientalismo_rivoluzione-768x432.jpg 768w, https:\/\/www.rassegnastampa-totustuus.it\/cattolica\/wp-content\/uploads\/2021\/09\/ambientalismo_rivoluzione-1024x576.jpg 1024w, https:\/\/www.rassegnastampa-totustuus.it\/cattolica\/wp-content\/uploads\/2021\/09\/ambientalismo_rivoluzione.jpg 1280w\" sizes=\"auto, (max-width: 343px) 100vw, 343px\" \/>L\u2019immigrazione \u00e8 solo uno degli aspetti dei quali Soros si occupa e che Pecchioli analizza in dettaglio nel suo elaborato. <\/span><\/p>\n<p style=\"text-align: justify;\"><span style=\"color: #000000;\">Il finanziere di origine ungherese \u00e8 presente con i suoi contributi finanziari e \u201cdi pensiero\u201d in tutte le questioni principali messe ad agenda per la realizzazione dell\u2019uomo nuovo prossimo venturo, diciamo meglio, il <em>trans <\/em>uomo: il cambiamento climatico, l\u2019economia verde, la teoria del gender, i diritti a tutela della cosiddetta \u201csalute riproduttiva\u201d, e naturalmente pandemia e relativa governance attraverso la quale, utilizzando la paura suscitata, si \u00e8 velocizzato il passaggio, spiega Pecchioli, <em>\u201cdall\u2019ordine naturale (e culturale) all\u2019ordine digitale\u201d<\/em>, <em>\u201ccosti quel che costi in termini di libert\u00e0 e modifica radicale della vita, ovvero di cambiamenti antropologici irreversibili\u201d<\/em>.<\/span><\/p>\n<p style=\"text-align: justify;\"><span style=\"color: #000000;\"><img loading=\"lazy\" decoding=\"async\" class=\" wp-image-49326 alignleft\" src=\"https:\/\/www.rassegnastampa-totustuus.it\/cattolica\/wp-content\/uploads\/2020\/11\/folla_anonima_massa.jpg\" alt=\"\" width=\"307\" height=\"204\" \/>Tutte queste materie sono legate in un rapporto di sinergia perfettamente funzionale all\u2019opera di smantellamento dei gangli fondamentali della societ\u00e0 come l\u2019abbiamo conosciuta fino a oggi e uno dei meriti del libro di cui parliamo \u00e8 proprio quello di illuminarne la sostanziale coerenza \u201cfilosofica\u201d<\/span><\/p>\n<p style=\"text-align: justify;\"><span style=\"color: #000000;\"> La nuova societ\u00e0 progettata \u00e8 descritta da Roberto Pecchioli come <em>\u201cun mondo liquido, privo di storia o di carattere, in cui gli individui non vivono che per se stessi, senza appartenenze, del tutto estranei a qualunque afflato spirituale\u201d<\/em>. Ma dietro la costruzione di questo mondo \u00e8 sotteso un presupposto ideologico, un\u2019idea nobilitante?<\/span><\/p>\n<p style=\"text-align: justify;\"><span style=\"color: #000000;\"><img loading=\"lazy\" decoding=\"async\" class=\"wp-image-43167 alignright\" src=\"https:\/\/www.rassegnastampa-totustuus.it\/cattolica\/wp-content\/uploads\/2019\/06\/femminismo_femen-300x168.jpg\" alt=\"\" width=\"332\" height=\"186\" srcset=\"https:\/\/www.rassegnastampa-totustuus.it\/cattolica\/wp-content\/uploads\/2019\/06\/femminismo_femen-300x168.jpg 300w, https:\/\/www.rassegnastampa-totustuus.it\/cattolica\/wp-content\/uploads\/2019\/06\/femminismo_femen-768x431.jpg 768w, https:\/\/www.rassegnastampa-totustuus.it\/cattolica\/wp-content\/uploads\/2019\/06\/femminismo_femen-1024x574.jpg 1024w, https:\/\/www.rassegnastampa-totustuus.it\/cattolica\/wp-content\/uploads\/2019\/06\/femminismo_femen.jpg 1300w\" sizes=\"auto, (max-width: 332px) 100vw, 332px\" \/>Pecchioli, raccontando la vita e la formazione del giovane Soros, ci spiega che tutte le sue azioni, le speculazioni finanziarie contro la lira e la sterlina, i finanziamenti enormi alle associazioni abortiste, gli incoraggiamenti volti a cambiamenti di regime o, come minimo, nei paesi pi\u00f9 resistenti, a suscitare progressivi cambiamenti di spirito, sono state compiute per la realizzazione della cosiddetta societ\u00e0 aperta il cui principale teorizzatore \u00e8 stato il filosofo austriaco Karl Popper, in genere considerato in maniera irriflessa come un vero e proprio defensor di libert\u00e0 e democrazia.<\/span><\/p>\n<div id=\"attachment_32211\" style=\"width: 188px\" class=\"wp-caption alignleft\"><img loading=\"lazy\" decoding=\"async\" aria-describedby=\"caption-attachment-32211\" class=\"wp-image-32211 \" src=\"https:\/\/www.rassegnastampa-totustuus.it\/cattolica\/wp-content\/uploads\/2010\/03\/Karl_Popper.jpg\" alt=\"\" width=\"188\" height=\"185\" \/><p id=\"caption-attachment-32211\" class=\"wp-caption-text\">Karl Popper<\/p><\/div>\n<p style=\"text-align: justify;\"><span style=\"color: #000000;\"> Secondo Popper, cita Pecchioli, <em>\u201cla societ\u00e0 aperta \u00e8 aperta al maggior numero possibile di idee e ideali differenti, e magari contrastanti. Ma, pena la sua autodissoluzione, non a tutti: la societ\u00e0 aperta \u00e8 chiusa solo agli intolleranti (\u2026) la societ\u00e0 aperta \u00e8 fondata sulla salvaguardia delle libert\u00e0 dei suoi membri, mediante istituzioni capaci di correggere se stesse, aperte alla critica razionale e alle proposte di riforma\u201d<\/em>. Se necessario, la societ\u00e0 aperta deve essere difesa da quello che viene definito <em>\u201clo spirito di gruppo perduto del tribalismo\u201d<\/em>.\u00a0<\/span><\/p>\n<p style=\"text-align: justify;\"><span style=\"color: #000000;\"> Non entriamo qui nel merito della teoria stessa di Popper, che contiene in s\u00e9 aporie e contraddizioni che Pecchioli ben mette in evidenza. Di sicuro contraddizioni emergono palesi dal confronto tra idea di libert\u00e0 e democrazia, a parole sostenute da Soros, e il concreto suo agire politico. <\/span><\/p>\n<p style=\"text-align: justify;\"><span style=\"color: #000000;\"><img loading=\"lazy\" decoding=\"async\" class=\" wp-image-54239 alignright\" src=\"https:\/\/www.rassegnastampa-totustuus.it\/cattolica\/wp-content\/uploads\/2022\/06\/lira_moneta_Italia.jpg\" alt=\"\" width=\"323\" height=\"182\" \/>Per esempio, si pu\u00f2 credere che le speculazioni finanziarie operate ai danni di paesi come l\u2019Italia, l\u2019Inghilterra, la Francia, il Giappone, per citare solo i principali, sono state fatte in nome della <em>\u201clotta senza quartiere agli stati nazionali, bastioni della societ\u00e0 chiusa da abbattere\u201d<\/em>.<\/span><\/p>\n<p style=\"text-align: justify;\"><span style=\"color: #000000;\"> Che tale lotta venga combattuta per difendere il principio di sussidiariet\u00e0 e il convincimento che <em>\u201cle decisioni siano prese al livello pi\u00f9 basso possibile\u201d<\/em>. <\/span><\/p>\n<p style=\"text-align: justify;\"><span style=\"color: #000000;\">Tuttavia, nota Pecchioli, questo come si concilia con il desiderio di <em>\u201cdevolvere tutto il potere a organismi globali, ovvero centralizzare i poteri decisionali, cosa che, in ottica popperiana, equivale a riproporre con altro nome la societ\u00e0 chiusa?\u201d<\/em>.<\/span><\/p>\n<p style=\"text-align: justify;\"><span style=\"color: #000000;\"> <img loading=\"lazy\" decoding=\"async\" class=\"size-full wp-image-36312 alignleft\" src=\"https:\/\/www.rassegnastampa-totustuus.it\/cattolica\/wp-content\/uploads\/2016\/09\/open_society.png\" alt=\"\" width=\"255\" height=\"197\" \/>Attraverso argomentazioni precise, anche con riferimenti culturali a pensatori che dopo la lettura sentiamo la curiosit\u00e0 di approfondire, Pecchioli dimostra che la societ\u00e0 aperta concepita da Soros \u00e8 in tutto simile alla societ\u00e0 liquida descritta da Zygmunt Bauman, nella quale <em>\u201cl\u2019unica costante \u00e8 il cambiamento e l\u2019unica certezza \u00e8 l\u2019incertezza. (\u2026) La societ\u00e0 aperta \u00e8 un mondo liquido, privo di storia o di carattere, in cui gli individui non vivono che per se stessi, senza appartenenze, del tutto estranei a qualunque afflato spirituale\u201d<\/em>.<\/span><\/p>\n<p style=\"text-align: justify;\"><span style=\"color: #000000;\"> In conclusione possiamo dire che il libro di Roberto Pecchioli \u00e8 un valido strumento per la comprensione delle vicende di questa congiuntura storica scritto con l\u2019attenzione a riferire i fatti con obiettivit\u00e0, perfino con prudenza in alcuni passaggi. <\/span><\/p>\n<p style=\"text-align: justify;\"><span style=\"color: #000000;\">Non siamo certi che questo baster\u00e0 a evitargli l\u2019accusa di complottismo da parte di chi non vuole sentire, come noto i sordi peggiori.<\/span><\/p>\n<p>____________________________________________<\/p>\n<p><strong>Leggi anche:<\/strong><\/p>\n<p><a href=\"https:\/\/www.rassegnastampa-totustuus.it\/cattolica\/soros\/\" target=\"_blank\" rel=\"noopener\"><span style=\"color: #0000ff;\">Soros<\/span><\/a><\/p>\n<p><a href=\"https:\/\/www.rassegnastampa-totustuus.it\/cattolica\/soros-la-societa-aperta-i-suoi-oligarchi-a-colloquio-con-roberto-pecchiolisoros-la-societa-aperta-e-i-suoi-oligarchi\/\" target=\"_blank\" rel=\"noopener\"><span style=\"color: #0000ff;\">Soros, la societ\u00e0 aperta e i suoi oligarchi.<\/span><\/a><\/p>\n<p><a href=\"https:\/\/www.rassegnastampa-totustuus.it\/cattolica\/soros-linvasione-musulmana-delleuropa-e-la-societa-aperta-che-produce-solo-chiusure\/\" target=\"_blank\" rel=\"noopener\"><span style=\"color: #0000ff;\">Soros, l\u2019invasione musulmana dell\u2019Europa e la societ\u00e0 aperta che produce solo chiusure<\/span><\/a><\/p>\n","protected":false},"excerpt":{"rendered":"<p>Ricognizioni 31 Maggio 2022 di Carlo Primerano\u00a0 Quando valutiamo i rivolgimenti in atto nella nostra societ\u00e0 divenuti all\u2019improvviso cos\u00ec evidenti, ci troviamo spesso a considerarne responsabili pochi nomi, sempre gli stessi. Per quanto questo non soddisfi in pieno il nostro desiderio di comprensione e si presti al rischio di semplificazione della realt\u00e0, tuttavia \u00e8 indubbio &hellip; <\/p>\n<p><a class=\"more-link btn\" href=\"https:\/\/www.rassegnastampa-totustuus.it\/cattolica\/soros-la-chiusura-ermetica-della-societa-aperta\/\">Continua a leggere<\/a><\/p>\n","protected":false},"author":6,"featured_media":47600,"comment_status":"closed","ping_status":"closed","sticky":false,"template":"","format":"standard","meta":{"footnotes":""},"categories":[17,61,18],"tags":[688,648,265,2828,283],"class_list":["post-54237","post","type-post","status-publish","format-standard","has-post-thumbnail","hentry","category-libri","category-mondialismo-e-globalizzazione","category-personaggi","tag-george-soros","tag-globalizzazione","tag-libri-2","tag-mondializzazione","tag-personaggi-2","item-wrap"],"yoast_head":"<!-- This site is optimized with the Yoast SEO plugin v27.4 - https:\/\/yoast.com\/product\/yoast-seo-wordpress\/ -->\n<title>Soros &amp; la chiusura ermetica della \u201csociet\u00e0 aperta\u201d - Rassegna Stampa Cattolica<\/title>\n<meta name=\"description\" content=\"Soros &amp; la chiusura ermetica della \u201csociet\u00e0 aperta\u201d. Tra i pi\u00f9 potenti oligarchi del pianeta influenza le politiche di importanti paesi\" \/>\n<meta name=\"robots\" content=\"index, follow, max-snippet:-1, max-image-preview:large, max-video-preview:-1\" \/>\n<link rel=\"canonical\" href=\"https:\/\/www.rassegnastampa-totustuus.it\/cattolica\/soros-la-chiusura-ermetica-della-societa-aperta\/\" \/>\n<meta property=\"og:locale\" content=\"it_IT\" \/>\n<meta property=\"og:type\" content=\"article\" \/>\n<meta property=\"og:title\" content=\"Soros &amp; la chiusura ermetica della \u201csociet\u00e0 aperta\u201d - Rassegna Stampa Cattolica\" \/>\n<meta property=\"og:description\" content=\"Soros &amp; la chiusura ermetica della \u201csociet\u00e0 aperta\u201d. Tra i pi\u00f9 potenti oligarchi del pianeta influenza le politiche di importanti paesi\" \/>\n<meta property=\"og:url\" content=\"https:\/\/www.rassegnastampa-totustuus.it\/cattolica\/soros-la-chiusura-ermetica-della-societa-aperta\/\" \/>\n<meta property=\"og:site_name\" content=\"Rassegna Stampa Cattolica\" \/>\n<meta property=\"article:publisher\" content=\"https:\/\/www.facebook.com\/rassegnastampacattolica\" \/>\n<meta property=\"article:published_time\" content=\"2022-06-08T22:00:52+00:00\" \/>\n<meta property=\"article:modified_time\" content=\"2024-04-22T17:36:29+00:00\" \/>\n<meta property=\"og:image\" content=\"https:\/\/www.rassegnastampa-totustuus.it\/cattolica\/wp-content\/uploads\/2020\/06\/ordine_mondiale_mondialismo.jpg\" \/>\n\t<meta property=\"og:image:width\" content=\"1280\" \/>\n\t<meta property=\"og:image:height\" content=\"791\" \/>\n\t<meta property=\"og:image:type\" content=\"image\/jpeg\" \/>\n<meta name=\"author\" content=\"Redazione\" \/>\n<meta name=\"twitter:card\" content=\"summary_large_image\" \/>\n<meta name=\"twitter:creator\" content=\"@rassegnastampa9\" \/>\n<meta name=\"twitter:site\" content=\"@rassegnastampa9\" \/>\n<meta name=\"twitter:label1\" content=\"Scritto da\" \/>\n\t<meta name=\"twitter:data1\" content=\"Redazione\" \/>\n\t<meta name=\"twitter:label2\" content=\"Tempo di lettura stimato\" \/>\n\t<meta name=\"twitter:data2\" content=\"8 minuti\" \/>\n<script type=\"application\/ld+json\" class=\"yoast-schema-graph\">{\"@context\":\"https:\\\/\\\/schema.org\",\"@graph\":[{\"@type\":\"Article\",\"@id\":\"https:\\\/\\\/www.rassegnastampa-totustuus.it\\\/cattolica\\\/soros-la-chiusura-ermetica-della-societa-aperta\\\/#article\",\"isPartOf\":{\"@id\":\"https:\\\/\\\/www.rassegnastampa-totustuus.it\\\/cattolica\\\/soros-la-chiusura-ermetica-della-societa-aperta\\\/\"},\"author\":{\"name\":\"Redazione\",\"@id\":\"https:\\\/\\\/www.rassegnastampa-totustuus.it\\\/cattolica\\\/#\\\/schema\\\/person\\\/08f319d2bd1a0904ad9e2bfb7b15e5c3\"},\"headline\":\"Soros &#038; la chiusura ermetica della \u201csociet\u00e0 aperta\u201d\",\"datePublished\":\"2022-06-08T22:00:52+00:00\",\"dateModified\":\"2024-04-22T17:36:29+00:00\",\"mainEntityOfPage\":{\"@id\":\"https:\\\/\\\/www.rassegnastampa-totustuus.it\\\/cattolica\\\/soros-la-chiusura-ermetica-della-societa-aperta\\\/\"},\"wordCount\":1038,\"publisher\":{\"@id\":\"https:\\\/\\\/www.rassegnastampa-totustuus.it\\\/cattolica\\\/#organization\"},\"image\":{\"@id\":\"https:\\\/\\\/www.rassegnastampa-totustuus.it\\\/cattolica\\\/soros-la-chiusura-ermetica-della-societa-aperta\\\/#primaryimage\"},\"thumbnailUrl\":\"https:\\\/\\\/www.rassegnastampa-totustuus.it\\\/cattolica\\\/wp-content\\\/uploads\\\/2020\\\/06\\\/ordine_mondiale_mondialismo.jpg\",\"keywords\":[\"George Soros\",\"globalizzazione\",\"libri\",\"mondializzazione\",\"personaggi\"],\"articleSection\":[\"Libri\",\"Mondialismo\",\"Personaggi\"],\"inLanguage\":\"it-IT\"},{\"@type\":\"WebPage\",\"@id\":\"https:\\\/\\\/www.rassegnastampa-totustuus.it\\\/cattolica\\\/soros-la-chiusura-ermetica-della-societa-aperta\\\/\",\"url\":\"https:\\\/\\\/www.rassegnastampa-totustuus.it\\\/cattolica\\\/soros-la-chiusura-ermetica-della-societa-aperta\\\/\",\"name\":\"Soros & la chiusura ermetica della \u201csociet\u00e0 aperta\u201d - Rassegna Stampa Cattolica\",\"isPartOf\":{\"@id\":\"https:\\\/\\\/www.rassegnastampa-totustuus.it\\\/cattolica\\\/#website\"},\"primaryImageOfPage\":{\"@id\":\"https:\\\/\\\/www.rassegnastampa-totustuus.it\\\/cattolica\\\/soros-la-chiusura-ermetica-della-societa-aperta\\\/#primaryimage\"},\"image\":{\"@id\":\"https:\\\/\\\/www.rassegnastampa-totustuus.it\\\/cattolica\\\/soros-la-chiusura-ermetica-della-societa-aperta\\\/#primaryimage\"},\"thumbnailUrl\":\"https:\\\/\\\/www.rassegnastampa-totustuus.it\\\/cattolica\\\/wp-content\\\/uploads\\\/2020\\\/06\\\/ordine_mondiale_mondialismo.jpg\",\"datePublished\":\"2022-06-08T22:00:52+00:00\",\"dateModified\":\"2024-04-22T17:36:29+00:00\",\"description\":\"Soros & la chiusura ermetica della \u201csociet\u00e0 aperta\u201d. Tra i pi\u00f9 potenti oligarchi del pianeta influenza le politiche di importanti paesi\",\"breadcrumb\":{\"@id\":\"https:\\\/\\\/www.rassegnastampa-totustuus.it\\\/cattolica\\\/soros-la-chiusura-ermetica-della-societa-aperta\\\/#breadcrumb\"},\"inLanguage\":\"it-IT\",\"potentialAction\":[{\"@type\":\"ReadAction\",\"target\":[\"https:\\\/\\\/www.rassegnastampa-totustuus.it\\\/cattolica\\\/soros-la-chiusura-ermetica-della-societa-aperta\\\/\"]}]},{\"@type\":\"ImageObject\",\"inLanguage\":\"it-IT\",\"@id\":\"https:\\\/\\\/www.rassegnastampa-totustuus.it\\\/cattolica\\\/soros-la-chiusura-ermetica-della-societa-aperta\\\/#primaryimage\",\"url\":\"https:\\\/\\\/www.rassegnastampa-totustuus.it\\\/cattolica\\\/wp-content\\\/uploads\\\/2020\\\/06\\\/ordine_mondiale_mondialismo.jpg\",\"contentUrl\":\"https:\\\/\\\/www.rassegnastampa-totustuus.it\\\/cattolica\\\/wp-content\\\/uploads\\\/2020\\\/06\\\/ordine_mondiale_mondialismo.jpg\",\"width\":1280,\"height\":791},{\"@type\":\"BreadcrumbList\",\"@id\":\"https:\\\/\\\/www.rassegnastampa-totustuus.it\\\/cattolica\\\/soros-la-chiusura-ermetica-della-societa-aperta\\\/#breadcrumb\",\"itemListElement\":[{\"@type\":\"ListItem\",\"position\":1,\"name\":\"Home\",\"item\":\"https:\\\/\\\/www.rassegnastampa-totustuus.it\\\/cattolica\\\/\"},{\"@type\":\"ListItem\",\"position\":2,\"name\":\"Soros &#038; la chiusura ermetica della \u201csociet\u00e0 aperta\u201d\"}]},{\"@type\":\"WebSite\",\"@id\":\"https:\\\/\\\/www.rassegnastampa-totustuus.it\\\/cattolica\\\/#website\",\"url\":\"https:\\\/\\\/www.rassegnastampa-totustuus.it\\\/cattolica\\\/\",\"name\":\"Rassegna Stampa Cattolica\",\"description\":\"Per una cultura che nasce dalla Rivelazione cristiana in conformit\u00e0 alla tradizione e al Magistero della Chiesa in opposizione ad ogni relativismo e totalitarismo\",\"publisher\":{\"@id\":\"https:\\\/\\\/www.rassegnastampa-totustuus.it\\\/cattolica\\\/#organization\"},\"alternateName\":\"Rass. Cattolica\",\"potentialAction\":[{\"@type\":\"SearchAction\",\"target\":{\"@type\":\"EntryPoint\",\"urlTemplate\":\"https:\\\/\\\/www.rassegnastampa-totustuus.it\\\/cattolica\\\/?s={search_term_string}\"},\"query-input\":{\"@type\":\"PropertyValueSpecification\",\"valueRequired\":true,\"valueName\":\"search_term_string\"}}],\"inLanguage\":\"it-IT\"},{\"@type\":\"Organization\",\"@id\":\"https:\\\/\\\/www.rassegnastampa-totustuus.it\\\/cattolica\\\/#organization\",\"name\":\"Rassegna Stampa Cattolica\",\"url\":\"https:\\\/\\\/www.rassegnastampa-totustuus.it\\\/cattolica\\\/\",\"logo\":{\"@type\":\"ImageObject\",\"inLanguage\":\"it-IT\",\"@id\":\"https:\\\/\\\/www.rassegnastampa-totustuus.it\\\/cattolica\\\/#\\\/schema\\\/logo\\\/image\\\/\",\"url\":\"https:\\\/\\\/www.rassegnastampa-totustuus.it\\\/cattolica\\\/wp-content\\\/uploads\\\/2014\\\/04\\\/logo-rassegna1.gif\",\"contentUrl\":\"https:\\\/\\\/www.rassegnastampa-totustuus.it\\\/cattolica\\\/wp-content\\\/uploads\\\/2014\\\/04\\\/logo-rassegna1.gif\",\"width\":600,\"height\":163,\"caption\":\"Rassegna Stampa Cattolica\"},\"image\":{\"@id\":\"https:\\\/\\\/www.rassegnastampa-totustuus.it\\\/cattolica\\\/#\\\/schema\\\/logo\\\/image\\\/\"},\"sameAs\":[\"https:\\\/\\\/www.facebook.com\\\/rassegnastampacattolica\",\"https:\\\/\\\/x.com\\\/rassegnastampa9\"]},{\"@type\":\"Person\",\"@id\":\"https:\\\/\\\/www.rassegnastampa-totustuus.it\\\/cattolica\\\/#\\\/schema\\\/person\\\/08f319d2bd1a0904ad9e2bfb7b15e5c3\",\"name\":\"Redazione\",\"image\":{\"@type\":\"ImageObject\",\"inLanguage\":\"it-IT\",\"@id\":\"https:\\\/\\\/secure.gravatar.com\\\/avatar\\\/2fcdf27c78ea025fbdb44e914cc63c72249ffec9dc8aafd5c82b26240ef3f346?s=96&d=mm&r=g\",\"url\":\"https:\\\/\\\/secure.gravatar.com\\\/avatar\\\/2fcdf27c78ea025fbdb44e914cc63c72249ffec9dc8aafd5c82b26240ef3f346?s=96&d=mm&r=g\",\"contentUrl\":\"https:\\\/\\\/secure.gravatar.com\\\/avatar\\\/2fcdf27c78ea025fbdb44e914cc63c72249ffec9dc8aafd5c82b26240ef3f346?s=96&d=mm&r=g\",\"caption\":\"Redazione\"},\"url\":\"https:\\\/\\\/www.rassegnastampa-totustuus.it\\\/cattolica\\\/author\\\/pietroelle\\\/\"}]}<\/script>\n<!-- \/ Yoast SEO plugin. -->","yoast_head_json":{"title":"Soros & la chiusura ermetica della \u201csociet\u00e0 aperta\u201d - Rassegna Stampa Cattolica","description":"Soros & la chiusura ermetica della \u201csociet\u00e0 aperta\u201d. Tra i pi\u00f9 potenti oligarchi del pianeta influenza le politiche di importanti paesi","robots":{"index":"index","follow":"follow","max-snippet":"max-snippet:-1","max-image-preview":"max-image-preview:large","max-video-preview":"max-video-preview:-1"},"canonical":"https:\/\/www.rassegnastampa-totustuus.it\/cattolica\/soros-la-chiusura-ermetica-della-societa-aperta\/","og_locale":"it_IT","og_type":"article","og_title":"Soros & la chiusura ermetica della \u201csociet\u00e0 aperta\u201d - Rassegna Stampa Cattolica","og_description":"Soros & la chiusura ermetica della \u201csociet\u00e0 aperta\u201d. Tra i pi\u00f9 potenti oligarchi del pianeta influenza le politiche di importanti paesi","og_url":"https:\/\/www.rassegnastampa-totustuus.it\/cattolica\/soros-la-chiusura-ermetica-della-societa-aperta\/","og_site_name":"Rassegna Stampa Cattolica","article_publisher":"https:\/\/www.facebook.com\/rassegnastampacattolica","article_published_time":"2022-06-08T22:00:52+00:00","article_modified_time":"2024-04-22T17:36:29+00:00","og_image":[{"width":1280,"height":791,"url":"https:\/\/www.rassegnastampa-totustuus.it\/cattolica\/wp-content\/uploads\/2020\/06\/ordine_mondiale_mondialismo.jpg","type":"image\/jpeg"}],"author":"Redazione","twitter_card":"summary_large_image","twitter_creator":"@rassegnastampa9","twitter_site":"@rassegnastampa9","twitter_misc":{"Scritto da":"Redazione","Tempo di lettura stimato":"8 minuti"},"schema":{"@context":"https:\/\/schema.org","@graph":[{"@type":"Article","@id":"https:\/\/www.rassegnastampa-totustuus.it\/cattolica\/soros-la-chiusura-ermetica-della-societa-aperta\/#article","isPartOf":{"@id":"https:\/\/www.rassegnastampa-totustuus.it\/cattolica\/soros-la-chiusura-ermetica-della-societa-aperta\/"},"author":{"name":"Redazione","@id":"https:\/\/www.rassegnastampa-totustuus.it\/cattolica\/#\/schema\/person\/08f319d2bd1a0904ad9e2bfb7b15e5c3"},"headline":"Soros &#038; la chiusura ermetica della \u201csociet\u00e0 aperta\u201d","datePublished":"2022-06-08T22:00:52+00:00","dateModified":"2024-04-22T17:36:29+00:00","mainEntityOfPage":{"@id":"https:\/\/www.rassegnastampa-totustuus.it\/cattolica\/soros-la-chiusura-ermetica-della-societa-aperta\/"},"wordCount":1038,"publisher":{"@id":"https:\/\/www.rassegnastampa-totustuus.it\/cattolica\/#organization"},"image":{"@id":"https:\/\/www.rassegnastampa-totustuus.it\/cattolica\/soros-la-chiusura-ermetica-della-societa-aperta\/#primaryimage"},"thumbnailUrl":"https:\/\/www.rassegnastampa-totustuus.it\/cattolica\/wp-content\/uploads\/2020\/06\/ordine_mondiale_mondialismo.jpg","keywords":["George Soros","globalizzazione","libri","mondializzazione","personaggi"],"articleSection":["Libri","Mondialismo","Personaggi"],"inLanguage":"it-IT"},{"@type":"WebPage","@id":"https:\/\/www.rassegnastampa-totustuus.it\/cattolica\/soros-la-chiusura-ermetica-della-societa-aperta\/","url":"https:\/\/www.rassegnastampa-totustuus.it\/cattolica\/soros-la-chiusura-ermetica-della-societa-aperta\/","name":"Soros & la chiusura ermetica della \u201csociet\u00e0 aperta\u201d - Rassegna Stampa Cattolica","isPartOf":{"@id":"https:\/\/www.rassegnastampa-totustuus.it\/cattolica\/#website"},"primaryImageOfPage":{"@id":"https:\/\/www.rassegnastampa-totustuus.it\/cattolica\/soros-la-chiusura-ermetica-della-societa-aperta\/#primaryimage"},"image":{"@id":"https:\/\/www.rassegnastampa-totustuus.it\/cattolica\/soros-la-chiusura-ermetica-della-societa-aperta\/#primaryimage"},"thumbnailUrl":"https:\/\/www.rassegnastampa-totustuus.it\/cattolica\/wp-content\/uploads\/2020\/06\/ordine_mondiale_mondialismo.jpg","datePublished":"2022-06-08T22:00:52+00:00","dateModified":"2024-04-22T17:36:29+00:00","description":"Soros & la chiusura ermetica della \u201csociet\u00e0 aperta\u201d. Tra i pi\u00f9 potenti oligarchi del pianeta influenza le politiche di importanti paesi","breadcrumb":{"@id":"https:\/\/www.rassegnastampa-totustuus.it\/cattolica\/soros-la-chiusura-ermetica-della-societa-aperta\/#breadcrumb"},"inLanguage":"it-IT","potentialAction":[{"@type":"ReadAction","target":["https:\/\/www.rassegnastampa-totustuus.it\/cattolica\/soros-la-chiusura-ermetica-della-societa-aperta\/"]}]},{"@type":"ImageObject","inLanguage":"it-IT","@id":"https:\/\/www.rassegnastampa-totustuus.it\/cattolica\/soros-la-chiusura-ermetica-della-societa-aperta\/#primaryimage","url":"https:\/\/www.rassegnastampa-totustuus.it\/cattolica\/wp-content\/uploads\/2020\/06\/ordine_mondiale_mondialismo.jpg","contentUrl":"https:\/\/www.rassegnastampa-totustuus.it\/cattolica\/wp-content\/uploads\/2020\/06\/ordine_mondiale_mondialismo.jpg","width":1280,"height":791},{"@type":"BreadcrumbList","@id":"https:\/\/www.rassegnastampa-totustuus.it\/cattolica\/soros-la-chiusura-ermetica-della-societa-aperta\/#breadcrumb","itemListElement":[{"@type":"ListItem","position":1,"name":"Home","item":"https:\/\/www.rassegnastampa-totustuus.it\/cattolica\/"},{"@type":"ListItem","position":2,"name":"Soros &#038; la chiusura ermetica della \u201csociet\u00e0 aperta\u201d"}]},{"@type":"WebSite","@id":"https:\/\/www.rassegnastampa-totustuus.it\/cattolica\/#website","url":"https:\/\/www.rassegnastampa-totustuus.it\/cattolica\/","name":"Rassegna Stampa Cattolica","description":"Per una cultura che nasce dalla Rivelazione cristiana in conformit\u00e0 alla tradizione e al Magistero della Chiesa in opposizione ad ogni relativismo e totalitarismo","publisher":{"@id":"https:\/\/www.rassegnastampa-totustuus.it\/cattolica\/#organization"},"alternateName":"Rass. Cattolica","potentialAction":[{"@type":"SearchAction","target":{"@type":"EntryPoint","urlTemplate":"https:\/\/www.rassegnastampa-totustuus.it\/cattolica\/?s={search_term_string}"},"query-input":{"@type":"PropertyValueSpecification","valueRequired":true,"valueName":"search_term_string"}}],"inLanguage":"it-IT"},{"@type":"Organization","@id":"https:\/\/www.rassegnastampa-totustuus.it\/cattolica\/#organization","name":"Rassegna Stampa Cattolica","url":"https:\/\/www.rassegnastampa-totustuus.it\/cattolica\/","logo":{"@type":"ImageObject","inLanguage":"it-IT","@id":"https:\/\/www.rassegnastampa-totustuus.it\/cattolica\/#\/schema\/logo\/image\/","url":"https:\/\/www.rassegnastampa-totustuus.it\/cattolica\/wp-content\/uploads\/2014\/04\/logo-rassegna1.gif","contentUrl":"https:\/\/www.rassegnastampa-totustuus.it\/cattolica\/wp-content\/uploads\/2014\/04\/logo-rassegna1.gif","width":600,"height":163,"caption":"Rassegna Stampa Cattolica"},"image":{"@id":"https:\/\/www.rassegnastampa-totustuus.it\/cattolica\/#\/schema\/logo\/image\/"},"sameAs":["https:\/\/www.facebook.com\/rassegnastampacattolica","https:\/\/x.com\/rassegnastampa9"]},{"@type":"Person","@id":"https:\/\/www.rassegnastampa-totustuus.it\/cattolica\/#\/schema\/person\/08f319d2bd1a0904ad9e2bfb7b15e5c3","name":"Redazione","image":{"@type":"ImageObject","inLanguage":"it-IT","@id":"https:\/\/secure.gravatar.com\/avatar\/2fcdf27c78ea025fbdb44e914cc63c72249ffec9dc8aafd5c82b26240ef3f346?s=96&d=mm&r=g","url":"https:\/\/secure.gravatar.com\/avatar\/2fcdf27c78ea025fbdb44e914cc63c72249ffec9dc8aafd5c82b26240ef3f346?s=96&d=mm&r=g","contentUrl":"https:\/\/secure.gravatar.com\/avatar\/2fcdf27c78ea025fbdb44e914cc63c72249ffec9dc8aafd5c82b26240ef3f346?s=96&d=mm&r=g","caption":"Redazione"},"url":"https:\/\/www.rassegnastampa-totustuus.it\/cattolica\/author\/pietroelle\/"}]}},"_links":{"self":[{"href":"https:\/\/www.rassegnastampa-totustuus.it\/cattolica\/wp-json\/wp\/v2\/posts\/54237","targetHints":{"allow":["GET"]}}],"collection":[{"href":"https:\/\/www.rassegnastampa-totustuus.it\/cattolica\/wp-json\/wp\/v2\/posts"}],"about":[{"href":"https:\/\/www.rassegnastampa-totustuus.it\/cattolica\/wp-json\/wp\/v2\/types\/post"}],"author":[{"embeddable":true,"href":"https:\/\/www.rassegnastampa-totustuus.it\/cattolica\/wp-json\/wp\/v2\/users\/6"}],"replies":[{"embeddable":true,"href":"https:\/\/www.rassegnastampa-totustuus.it\/cattolica\/wp-json\/wp\/v2\/comments?post=54237"}],"version-history":[{"count":2,"href":"https:\/\/www.rassegnastampa-totustuus.it\/cattolica\/wp-json\/wp\/v2\/posts\/54237\/revisions"}],"predecessor-version":[{"id":60114,"href":"https:\/\/www.rassegnastampa-totustuus.it\/cattolica\/wp-json\/wp\/v2\/posts\/54237\/revisions\/60114"}],"wp:featuredmedia":[{"embeddable":true,"href":"https:\/\/www.rassegnastampa-totustuus.it\/cattolica\/wp-json\/wp\/v2\/media\/47600"}],"wp:attachment":[{"href":"https:\/\/www.rassegnastampa-totustuus.it\/cattolica\/wp-json\/wp\/v2\/media?parent=54237"}],"wp:term":[{"taxonomy":"category","embeddable":true,"href":"https:\/\/www.rassegnastampa-totustuus.it\/cattolica\/wp-json\/wp\/v2\/categories?post=54237"},{"taxonomy":"post_tag","embeddable":true,"href":"https:\/\/www.rassegnastampa-totustuus.it\/cattolica\/wp-json\/wp\/v2\/tags?post=54237"}],"curies":[{"name":"wp","href":"https:\/\/api.w.org\/{rel}","templated":true}]}}