{"id":54227,"date":"2022-06-09T00:00:51","date_gmt":"2022-06-08T22:00:51","guid":{"rendered":"http:\/\/www.rassegnastampa-totustuus.it\/cattolica\/?p=54227"},"modified":"2024-04-22T19:43:42","modified_gmt":"2024-04-22T17:43:42","slug":"di-fronte-al-collasso-del-liberalismo-dove-cercare-soluzioni","status":"publish","type":"post","link":"https:\/\/www.rassegnastampa-totustuus.it\/cattolica\/di-fronte-al-collasso-del-liberalismo-dove-cercare-soluzioni\/","title":{"rendered":"Di fronte al collasso del liberalismo, dove cercare soluzioni?"},"content":{"rendered":"<p style=\"text-align: center;\"><strong><img loading=\"lazy\" decoding=\"async\" class=\" wp-image-46561 alignleft\" src=\"https:\/\/www.rassegnastampa-totustuus.it\/cattolica\/wp-content\/uploads\/2020\/03\/liberalismo-300x166.jpg\" alt=\"\" width=\"329\" height=\"182\" srcset=\"https:\/\/www.rassegnastampa-totustuus.it\/cattolica\/wp-content\/uploads\/2020\/03\/liberalismo-300x166.jpg 300w, https:\/\/www.rassegnastampa-totustuus.it\/cattolica\/wp-content\/uploads\/2020\/03\/liberalismo.jpg 302w\" sizes=\"auto, (max-width: 329px) 100vw, 329px\" \/><span style=\"color: #0000ff;\"><a style=\"color: #0000ff;\" href=\"https:\/\/atfp.it\/\" target=\"_blank\" rel=\"noopener\">Tradizione Famiglia Propriet\u00e0 <\/a><\/span><\/strong>Newsletter 2 Giugno 2022<\/p>\n<p style=\"text-align: center;\">di <strong>John Horv<\/strong><strong>a<\/strong><strong>t<\/strong><strong><em>\u00a0<\/em><\/strong><\/p>\n<p style=\"text-align: justify;\">La modernit\u00e0 presenta il liberalismo come l&#8217;inizio della storia. Prima del liberalismo, sostengono i liberali, non c&#8217;era altro che ignoranza, oscurit\u00e0 e stridore di denti. Al liberalismo si attribuiscono tutti i progressi e le sicurezze del mondo moderno. Il suo regno \u00e8 apparso improvvisamente come la creazione del mondo.<\/p>\n<p><!--more--><\/p>\n<p style=\"text-align: justify;\"><img loading=\"lazy\" decoding=\"async\" class=\" wp-image-43727 alignright\" src=\"https:\/\/www.rassegnastampa-totustuus.it\/cattolica\/wp-content\/uploads\/2019\/07\/rivoluzione_francese.jpg\" alt=\"\" width=\"159\" height=\"237\" \/>Cos\u00ec, mentre il liberalismo si schianta e si sgretola, la maggior parte dei liberali esclude automaticamente che quanto lo ha preceduto possa essere una possibile soluzione. I loro piani per un mondo post-liberale sono costruiti sulle fantasie postmoderne che esso ha generato. Il liberalismo ha anche prodotto il suo opposto, cio\u00e8 l&#8217;autocrazia illiberale. I due schieramenti si basano su simili premesse e ora sono impegnati in una battaglia per un futuro che si vede fosco.<\/p>\n<p style=\"text-align: justify;\">I liberali presentano quindi una visione semplificata della storia, che limita ai termini ristretti di un falso dilemma la soluzione ai problemi del mondo. Nello sforzo di guardare oltre il liberalismo, la maggior parte non osa guardare a ci\u00f2 che l&#8217;ha preceduto, per non invocare la nostalgia di un mondo perduto fatto di mito e sacralit\u00e0.<\/p>\n<p style=\"text-align: center;\"><strong>Cosa esisteva prima del liberalismo<\/strong><\/p>\n<p style=\"text-align: justify;\"><img loading=\"lazy\" decoding=\"async\" class=\" wp-image-33012 alignleft\" src=\"https:\/\/www.rassegnastampa-totustuus.it\/cattolica\/wp-content\/uploads\/2005\/05\/francescani_medioevo.jpg\" alt=\"\" width=\"259\" height=\"258\" srcset=\"https:\/\/www.rassegnastampa-totustuus.it\/cattolica\/wp-content\/uploads\/2005\/05\/francescani_medioevo.jpg 225w, https:\/\/www.rassegnastampa-totustuus.it\/cattolica\/wp-content\/uploads\/2005\/05\/francescani_medioevo-150x150.jpg 150w\" sizes=\"auto, (max-width: 259px) 100vw, 259px\" \/>Non ci sono dubbi, prima del liberalismo esisteva qualcosa di notevole. Era la cristianit\u00e0 medievale. Questa civilt\u00e0 cristiana trasform\u00f2 l&#8217;Occidente in un modello di carit\u00e0 e ordine. Nella sua enciclica <em>Immortale Dei<\/em>, Leone XIII descrive questa societ\u00e0 pre-liberale come \u201cun tempo in cui la filosofia del Vangelo governava la societ\u00e0: allora la forza della sapienza cristiana e lo spirito divino erano penetrati nelle leggi, nelle istituzioni, nei costumi dei popoli, in ogni ordine e settore dello Stato\u201d.<\/p>\n<p style=\"text-align: justify;\">Lungi dall&#8217;essere un sistema che si opponeva al progresso, la civilt\u00e0 cristiana progred\u00ec in ogni campo. La cristianit\u00e0 \u00e8 stata la prima civilt\u00e0 a dare vita a ospedali e universit\u00e0. \u00c8 responsabile del governo rappresentativo e dello Stato di diritto. Le arti e la musica fiorirono sotto la sua influenza. Per la prima volta nella storia, la schiavit\u00f9 in Occidente fu abolita (per essere poi reintrodotta durante il Rinascimento neopagano e l&#8217;Illuminismo).<\/p>\n<p style=\"text-align: justify;\"><img loading=\"lazy\" decoding=\"async\" class=\" wp-image-48100 alignright\" src=\"https:\/\/www.rassegnastampa-totustuus.it\/cattolica\/wp-content\/uploads\/2020\/08\/medioevo_agricoltura_contadini.jpg\" alt=\"\" width=\"274\" height=\"228\" \/>All&#8217;interno di questa societ\u00e0, le istituzioni della famiglia, della comunit\u00e0 e della Chiesa hanno contribuito a stabilire l&#8217;equilibrio, la stabilit\u00e0 e la virt\u00f9 in modo che potesse avvenire un vero progresso. I grandi uomini e i santi, con i loro esempi, hanno trascinato la societ\u00e0 verso l&#8217;alto. Leone XIII continua dicendo che \u201cla societ\u00e0 trasse da tale ordinamento frutti inimmaginabili\u201d.<\/p>\n<p style=\"text-align: justify;\">Tutto questo progresso \u00e8 storicamente documentato. Gli storici onesti stanno ora riscoprendo le incredibili conquiste di quest&#8217;epoca con innumerevoli libri e articoli. Certo, quella cristianit\u00e0 non era perfetta, ma riconosceva e lavorava entro i limiti della natura umana decaduta ed era saldamente basata sulla realt\u00e0, non sulla fantasia. Perci\u00f2 fior\u00ec per la grazia di Dio e provvide ai bisogni materiali e spirituali di coloro che vissero sotto la sua influenza.<\/p>\n<p style=\"text-align: center;\"><strong>Il liberalismo distrugge la civilt\u00e0 cristiana<\/strong><\/p>\n<p style=\"text-align: justify;\"><img loading=\"lazy\" decoding=\"async\" class=\"size-medium wp-image-43042 alignleft\" src=\"https:\/\/www.rassegnastampa-totustuus.it\/cattolica\/wp-content\/uploads\/2019\/05\/ghigliottina_rivoluzione_francese-300x199.jpg\" alt=\"\" width=\"300\" height=\"199\" srcset=\"https:\/\/www.rassegnastampa-totustuus.it\/cattolica\/wp-content\/uploads\/2019\/05\/ghigliottina_rivoluzione_francese-300x199.jpg 300w, https:\/\/www.rassegnastampa-totustuus.it\/cattolica\/wp-content\/uploads\/2019\/05\/ghigliottina_rivoluzione_francese-768x510.jpg 768w, https:\/\/www.rassegnastampa-totustuus.it\/cattolica\/wp-content\/uploads\/2019\/05\/ghigliottina_rivoluzione_francese-1024x680.jpg 1024w, https:\/\/www.rassegnastampa-totustuus.it\/cattolica\/wp-content\/uploads\/2019\/05\/ghigliottina_rivoluzione_francese.jpg 1401w\" sizes=\"auto, (max-width: 300px) 100vw, 300px\" \/>Se nel periodo del liberalismo c\u2019\u00e8 stato progresso e prosperit\u00e0, \u00e8 perch\u00e9 la civilt\u00e0 cristiana gliene ha fornito le basi morali. Se la civilt\u00e0 cristiana \u00e8 decaduta, \u00e8 stato perch\u00e9 errori moderni come il liberalismo hanno macchinato per distruggerla.<\/p>\n<p style=\"text-align: justify;\">Il liberalismo \u00e8 nato dall&#8217;Illuminismo e dagli orrori della Rivoluzione francese e ha dato vita a un secolo di tumulti, industrializzazione di massa e materialismo. I movimenti politici liberali hanno perseguitato la Chiesa, limitandone la libert\u00e0 e confiscandone i beni. I governi hanno assorbito le funzioni caritative della Chiesa imponendo le loro fredde burocrazie e facendo il possibile per limitarne la diffusione.<\/p>\n<p style=\"text-align: justify;\"><img loading=\"lazy\" decoding=\"async\" class=\" wp-image-45571 alignright\" src=\"https:\/\/www.rassegnastampa-totustuus.it\/cattolica\/wp-content\/uploads\/2019\/12\/Rivoluzione_francese-300x243.jpg\" alt=\"\" width=\"316\" height=\"256\" srcset=\"https:\/\/www.rassegnastampa-totustuus.it\/cattolica\/wp-content\/uploads\/2019\/12\/Rivoluzione_francese-300x243.jpg 300w, https:\/\/www.rassegnastampa-totustuus.it\/cattolica\/wp-content\/uploads\/2019\/12\/Rivoluzione_francese-768x622.jpg 768w, https:\/\/www.rassegnastampa-totustuus.it\/cattolica\/wp-content\/uploads\/2019\/12\/Rivoluzione_francese-1024x829.jpg 1024w\" sizes=\"auto, (max-width: 316px) 100vw, 316px\" \/>Il liberalismo ha secolarizzato e desacralizzato la societ\u00e0 stabilendo la finzione di vivere in un mondo senza Dio e creando un sistema pratico e amorale che contemporaneamente minava e si nutriva dell&#8217;ordine e dei frutti della civilt\u00e0 cristiana.<\/p>\n<p style=\"text-align: justify;\">La modernit\u00e0 ha pagato a caro prezzo il mantenimento di questa finzione. Questo sistema senza Dio ha dato origine a guerre terribili e a ideologie innaturali. Ha anche prodotto gli idoli dell&#8217;iperindividualismo e degli stili di vita narcisisti. Oggi il liberalismo si sgretola perch\u00e9 ha sprecato in modo prodigioso l&#8217;intero capitale morale che aveva ereditato. Dunque \u00e8 in bancarotta. Le sue contraddizioni interne stanno distruggendo tutte le strutture d&#8217;ordine rimaste.<\/p>\n<p style=\"text-align: center;\"><strong>Cambiare le premesse<\/strong><\/p>\n<p style=\"text-align: justify;\">Pertanto, non serve a nulla guardare al liberalismo quando si cercano soluzioni alla crisi che ne deriva, perch\u00e9 esso produrr\u00e0 solo versioni estreme di s\u00e9 stesso. \u00c8 molto pi\u00f9 efficace guardare a <em>prima<\/em> del liberalismo e quindi tornare alle radici e alla sorgente della civilt\u00e0 cristiana.<\/p>\n<p style=\"text-align: justify;\"><img loading=\"lazy\" decoding=\"async\" class=\"size-full wp-image-49752 alignleft\" src=\"https:\/\/www.rassegnastampa-totustuus.it\/cattolica\/wp-content\/uploads\/2021\/01\/Europa_cristiana_cristianit\u00e0.jpg\" alt=\"\" width=\"275\" height=\"183\" \/>Molti liberali scartano automaticamente questo piano perch\u00e9 detestano le sue premesse cristiane e pensano che tutti debbano utilizzare le loro stesse premesse errate. Perci\u00f2, questi liberali impongono la loro ideologia agli altri e pensano che i cristiani debbano fare lo stesso.<\/p>\n<p style=\"text-align: justify;\">In effetti, la civilt\u00e0 cristiana nasce da una serie di premesse diverse, che si armonizzano con la natura umana, non vanno contro di essa. Pertanto, il sistema si basa su soluzioni organiche che si sviluppano naturalmente e spontaneamente all&#8217;interno di un ordine sociale orientato al bene comune. I costumi, le buone abitudini e le diverse associazioni e corporazioni permettono agli individui di perseguire la perfezione della loro natura essenzialmente sociale.<\/p>\n<p style=\"text-align: justify;\"><img loading=\"lazy\" decoding=\"async\" class=\" wp-image-35689 alignright\" src=\"https:\/\/www.rassegnastampa-totustuus.it\/cattolica\/wp-content\/uploads\/2009\/04\/sussidiariet\u00e0.jpg\" alt=\"\" width=\"298\" height=\"203\" \/>Questa pratica di sussidiariet\u00e0 offre un&#8217;incredibile quantit\u00e0 di libert\u00e0, in quanto le unit\u00e0 sociali cercano aiuto per i loro bisogni e aiutano gli altri nelle loro carenze. Cos\u00ec, ad esempio, la famiglia raggiunge la pienezza della sua azione e della sua influenza come unit\u00e0 fondamentale della societ\u00e0. I gruppi professionali, sociali e altri corpi intermediari tra l&#8217;individuo e lo Stato esercitano liberamente le loro attivit\u00e0 secondo le proprie forme e i propri diritti. Tutto viene permeato da quella nota umana che favorisce la carit\u00e0 e l&#8217;armonia e che \u00e8 cos\u00ec estranea all&#8217;individualismo radicale di oggi.<\/p>\n<p style=\"text-align: center;\"><strong>Il ruolo di Dio e della Chiesa<\/strong><\/p>\n<p style=\"text-align: justify;\"><img loading=\"lazy\" decoding=\"async\" class=\"size-medium wp-image-50950 alignleft\" src=\"https:\/\/www.rassegnastampa-totustuus.it\/cattolica\/wp-content\/uploads\/2021\/05\/chiesa_creazione_Dio-300x169.jpg\" alt=\"\" width=\"300\" height=\"169\" srcset=\"https:\/\/www.rassegnastampa-totustuus.it\/cattolica\/wp-content\/uploads\/2021\/05\/chiesa_creazione_Dio-300x169.jpg 300w, https:\/\/www.rassegnastampa-totustuus.it\/cattolica\/wp-content\/uploads\/2021\/05\/chiesa_creazione_Dio-768x432.jpg 768w, https:\/\/www.rassegnastampa-totustuus.it\/cattolica\/wp-content\/uploads\/2021\/05\/chiesa_creazione_Dio-1024x576.jpg 1024w, https:\/\/www.rassegnastampa-totustuus.it\/cattolica\/wp-content\/uploads\/2021\/05\/chiesa_creazione_Dio.jpg 1280w\" sizes=\"auto, (max-width: 300px) 100vw, 300px\" \/>In questa societ\u00e0, le persone dipendono dall&#8217;amorevole Provvidenza di Dio per soddisfare i loro bisogni. Tutto trova un senso in un universo che riflette la gloria di Dio e una tale visione soddisfa i naturali desideri umani per le cose sublimi, buone, vere e belle.<\/p>\n<p style=\"text-align: justify;\">Diversamente da quanto sostiene il liberalismo, una civilt\u00e0 cristiana non \u00e8 una teocrazia. In realt\u00e0, la sfera temporale e quella spirituale si occupano ciascuna delle rispettive attivit\u00e0 e aree di responsabilit\u00e0. Tuttavia, per servire meglio la societ\u00e0, i due poteri stabiliscono ponti di cooperazione, non pesanti cortine di separazione.<\/p>\n<p style=\"text-align: justify;\"><img loading=\"lazy\" decoding=\"async\" class=\"wp-image-52778 alignright\" src=\"https:\/\/www.rassegnastampa-totustuus.it\/cattolica\/wp-content\/uploads\/2021\/10\/Papa_chiesa.jpg\" alt=\"\" width=\"169\" height=\"198\" \/>La societ\u00e0 opera insieme all&#8217;azione della grazia di Dio. I fedeli partecipano per grazia alla vita divina di Cristo e possono cos\u00ec realizzare opere che sono al di sopra della natura umana. In questa societ\u00e0, la Chiesa esercita un&#8217;influenza santificante sulle strutture della societ\u00e0 e dell&#8217;economia.<\/p>\n<p style=\"text-align: justify;\">Quando pratica la virt\u00f9, una tale societ\u00e0 pu\u00f2 prosperare economicamente e politicamente, contribuendo anche a guidare le anime verso la salvezza e la santificazione. Questo orientamento promuove una sbalorditiva unit\u00e0, dando uno scopo e un significato alla vita, che va ben oltre quell\u2019adorazione dell&#8217;interesse personale tipica del liberalismo.<\/p>\n<p style=\"text-align: center;\"><strong>Rifiuto liberale<\/strong><\/p>\n<p style=\"text-align: justify;\"><img loading=\"lazy\" decoding=\"async\" class=\" wp-image-47203 alignleft\" src=\"https:\/\/www.rassegnastampa-totustuus.it\/cattolica\/wp-content\/uploads\/2020\/05\/Lgbt_queer_gender.jpg\" alt=\"\" width=\"232\" height=\"232\" srcset=\"https:\/\/www.rassegnastampa-totustuus.it\/cattolica\/wp-content\/uploads\/2020\/05\/Lgbt_queer_gender.jpg 225w, https:\/\/www.rassegnastampa-totustuus.it\/cattolica\/wp-content\/uploads\/2020\/05\/Lgbt_queer_gender-150x150.jpg 150w\" sizes=\"auto, (max-width: 232px) 100vw, 232px\" \/>Mentre il liberalismo si sgretola e si schianta, queste idee rinfrescanti e stimolanti dovrebbero almeno trovare un posto nel dibattito sul futuro delle nazioni occidentali. Tuttavia, l&#8217;esclusione automatica della civilt\u00e0 cristiana rivela un ostinato rifiuto ad ammettere errori madornali e ad abbracciare la verit\u00e0.<\/p>\n<p style=\"text-align: justify;\">Molti liberali preferiscono insistere sul fatto che un uomo possa essere una donna e una donna possa essere un uomo, anzich\u00e9 ammettere la meravigliosa realt\u00e0 della natura umana creata da Dio. Preferiscono perseguire una fantasia delirante piuttosto che vivere in una libert\u00e0 ordinata che segue la legge morale naturale.<\/p>\n<p style=\"text-align: justify;\"><img loading=\"lazy\" decoding=\"async\" class=\" wp-image-18290 alignright\" src=\"https:\/\/www.rassegnastampa-totustuus.it\/cattolica\/wp-content\/uploads\/2009\/03\/medioevo.jpg\" alt=\"\" width=\"331\" height=\"197\" \/>Pertanto, l&#8217;unica via d&#8217;uscita per coloro che credono ancora nella verit\u00e0, nella tradizione e in Dio \u00e8 abbandonare le premesse errate della narrazione liberale. Il cammino da percorrere deve trarre ispirazione da ci\u00f2 che c\u2019era prima, non da ci\u00f2 che \u00e8 seguito al liberalismo e al suo canto di sirena, causa del naufragio. I fedeli devono cercare soluzioni al di fuori degli schemi liberali e tornare a quella verit\u00e0 e bellezza cristiana \u2013 \u201csempre antica, sempre nuova\u201d \u2013 che attira le anime.<\/p>\n<p style=\"text-align: justify;\"><strong>Fonte<\/strong>: <a href=\"https:\/\/www.returntoorder.org\/2022\/05\/as-liberalism-crashes-where-should-we-look-for-solutions\/?PKG=rtoe1578\" target=\"_blank\" rel=\"noreferrer noopener\">Return To Order<\/a>, maggio 2022. <em>Traduzione a cura di Tradizione Famiglia Propriet\u00e0 \u2013 Italia.<\/em><\/p>\n<p>__________________________________________<\/p>\n<p><span style=\"color: #000000;\"><strong>Leggi anche:\u00a0<\/strong><\/span><\/p>\n<p><a href=\"https:\/\/www.rassegnastampa-totustuus.it\/cattolica\/la-premessa-sbagliata-del-liberalismo\/\" target=\"_blank\" rel=\"noopener\"><span style=\"color: #0000ff;\">La morte del liberalismo \u201cvivi e lascia vivere\u201d<\/span><\/a><\/p>\n<p><span style=\"color: #000000;\"><a href=\"https:\/\/www.rassegnastampa-totustuus.it\/cattolica\/liberalismo-e-socialismo-di-louis-salleron\/\" target=\"_blank\" rel=\"noopener\"><span style=\"color: #0000ff;\">Liberalismo e socialismo<\/span><\/a> &#8211; libro<\/span><\/p>\n","protected":false},"excerpt":{"rendered":"<p>Tradizione Famiglia Propriet\u00e0 Newsletter 2 Giugno 2022 di John Horvat\u00a0 La modernit\u00e0 presenta il liberalismo come l&#8217;inizio della storia. Prima del liberalismo, sostengono i liberali, non c&#8217;era altro che ignoranza, oscurit\u00e0 e stridore di denti. Al liberalismo si attribuiscono tutti i progressi e le sicurezze del mondo moderno. Il suo regno \u00e8 apparso improvvisamente come &hellip; <\/p>\n<p><a class=\"more-link btn\" href=\"https:\/\/www.rassegnastampa-totustuus.it\/cattolica\/di-fronte-al-collasso-del-liberalismo-dove-cercare-soluzioni\/\">Continua a leggere<\/a><\/p>\n","protected":false},"author":6,"featured_media":49948,"comment_status":"closed","ping_status":"closed","sticky":false,"template":"","format":"standard","meta":{"footnotes":""},"categories":[25],"tags":[1347,770,558],"class_list":["post-54227","post","type-post","status-publish","format-standard","has-post-thumbnail","hentry","category-sguardo-sul-nostro-tempo","tag-crisi-morale","tag-liberalismo","tag-sguardo-sul-nostro-tempo-2","item-wrap"],"yoast_head":"<!-- This site is optimized with the Yoast SEO plugin v27.4 - https:\/\/yoast.com\/product\/yoast-seo-wordpress\/ -->\n<title>Di fronte al collasso del liberalismo, dove cercare soluzioni? - Rassegna Stampa Cattolica<\/title>\n<meta name=\"description\" content=\"Di fronte al collasso del liberalismo, dove cercare soluzioni? Trarre ispirazione da ci\u00f2 che c\u2019era prima, del liberalismo\" \/>\n<meta name=\"robots\" content=\"index, follow, max-snippet:-1, max-image-preview:large, max-video-preview:-1\" \/>\n<link rel=\"canonical\" href=\"https:\/\/www.rassegnastampa-totustuus.it\/cattolica\/di-fronte-al-collasso-del-liberalismo-dove-cercare-soluzioni\/\" \/>\n<meta property=\"og:locale\" content=\"it_IT\" \/>\n<meta property=\"og:type\" content=\"article\" \/>\n<meta property=\"og:title\" content=\"Di fronte al collasso del liberalismo, dove cercare soluzioni? - Rassegna Stampa Cattolica\" \/>\n<meta property=\"og:description\" content=\"Di fronte al collasso del liberalismo, dove cercare soluzioni? Trarre ispirazione da ci\u00f2 che c\u2019era prima, del liberalismo\" \/>\n<meta property=\"og:url\" content=\"https:\/\/www.rassegnastampa-totustuus.it\/cattolica\/di-fronte-al-collasso-del-liberalismo-dove-cercare-soluzioni\/\" \/>\n<meta property=\"og:site_name\" content=\"Rassegna Stampa Cattolica\" \/>\n<meta property=\"article:publisher\" content=\"https:\/\/www.facebook.com\/rassegnastampacattolica\" \/>\n<meta property=\"article:published_time\" content=\"2022-06-08T22:00:51+00:00\" \/>\n<meta property=\"article:modified_time\" content=\"2024-04-22T17:43:42+00:00\" \/>\n<meta property=\"og:image\" content=\"https:\/\/www.rassegnastampa-totustuus.it\/cattolica\/wp-content\/uploads\/2021\/01\/monachesimo_medioevo_conventi-1.jpg\" \/>\n\t<meta property=\"og:image:width\" content=\"1280\" \/>\n\t<meta property=\"og:image:height\" content=\"720\" \/>\n\t<meta property=\"og:image:type\" content=\"image\/jpeg\" \/>\n<meta name=\"author\" content=\"Redazione\" \/>\n<meta name=\"twitter:card\" content=\"summary_large_image\" \/>\n<meta name=\"twitter:creator\" content=\"@rassegnastampa9\" \/>\n<meta name=\"twitter:site\" content=\"@rassegnastampa9\" \/>\n<meta name=\"twitter:label1\" content=\"Scritto da\" \/>\n\t<meta name=\"twitter:data1\" content=\"Redazione\" \/>\n\t<meta name=\"twitter:label2\" content=\"Tempo di lettura stimato\" \/>\n\t<meta name=\"twitter:data2\" content=\"10 minuti\" \/>\n<script type=\"application\/ld+json\" class=\"yoast-schema-graph\">{\"@context\":\"https:\\\/\\\/schema.org\",\"@graph\":[{\"@type\":\"Article\",\"@id\":\"https:\\\/\\\/www.rassegnastampa-totustuus.it\\\/cattolica\\\/di-fronte-al-collasso-del-liberalismo-dove-cercare-soluzioni\\\/#article\",\"isPartOf\":{\"@id\":\"https:\\\/\\\/www.rassegnastampa-totustuus.it\\\/cattolica\\\/di-fronte-al-collasso-del-liberalismo-dove-cercare-soluzioni\\\/\"},\"author\":{\"name\":\"Redazione\",\"@id\":\"https:\\\/\\\/www.rassegnastampa-totustuus.it\\\/cattolica\\\/#\\\/schema\\\/person\\\/08f319d2bd1a0904ad9e2bfb7b15e5c3\"},\"headline\":\"Di fronte al collasso del liberalismo, dove cercare soluzioni?\",\"datePublished\":\"2022-06-08T22:00:51+00:00\",\"dateModified\":\"2024-04-22T17:43:42+00:00\",\"mainEntityOfPage\":{\"@id\":\"https:\\\/\\\/www.rassegnastampa-totustuus.it\\\/cattolica\\\/di-fronte-al-collasso-del-liberalismo-dove-cercare-soluzioni\\\/\"},\"wordCount\":1368,\"publisher\":{\"@id\":\"https:\\\/\\\/www.rassegnastampa-totustuus.it\\\/cattolica\\\/#organization\"},\"image\":{\"@id\":\"https:\\\/\\\/www.rassegnastampa-totustuus.it\\\/cattolica\\\/di-fronte-al-collasso-del-liberalismo-dove-cercare-soluzioni\\\/#primaryimage\"},\"thumbnailUrl\":\"https:\\\/\\\/www.rassegnastampa-totustuus.it\\\/cattolica\\\/wp-content\\\/uploads\\\/2021\\\/01\\\/monachesimo_medioevo_conventi-1.jpg\",\"keywords\":[\"crisi morale\",\"liberalismo\",\"sguardo sul nostro tempo\"],\"articleSection\":[\"Sguardo sul nostro tempo\"],\"inLanguage\":\"it-IT\"},{\"@type\":\"WebPage\",\"@id\":\"https:\\\/\\\/www.rassegnastampa-totustuus.it\\\/cattolica\\\/di-fronte-al-collasso-del-liberalismo-dove-cercare-soluzioni\\\/\",\"url\":\"https:\\\/\\\/www.rassegnastampa-totustuus.it\\\/cattolica\\\/di-fronte-al-collasso-del-liberalismo-dove-cercare-soluzioni\\\/\",\"name\":\"Di fronte al collasso del liberalismo, dove cercare soluzioni? - Rassegna Stampa Cattolica\",\"isPartOf\":{\"@id\":\"https:\\\/\\\/www.rassegnastampa-totustuus.it\\\/cattolica\\\/#website\"},\"primaryImageOfPage\":{\"@id\":\"https:\\\/\\\/www.rassegnastampa-totustuus.it\\\/cattolica\\\/di-fronte-al-collasso-del-liberalismo-dove-cercare-soluzioni\\\/#primaryimage\"},\"image\":{\"@id\":\"https:\\\/\\\/www.rassegnastampa-totustuus.it\\\/cattolica\\\/di-fronte-al-collasso-del-liberalismo-dove-cercare-soluzioni\\\/#primaryimage\"},\"thumbnailUrl\":\"https:\\\/\\\/www.rassegnastampa-totustuus.it\\\/cattolica\\\/wp-content\\\/uploads\\\/2021\\\/01\\\/monachesimo_medioevo_conventi-1.jpg\",\"datePublished\":\"2022-06-08T22:00:51+00:00\",\"dateModified\":\"2024-04-22T17:43:42+00:00\",\"description\":\"Di fronte al collasso del liberalismo, dove cercare soluzioni? Trarre ispirazione da ci\u00f2 che c\u2019era prima, del liberalismo\",\"breadcrumb\":{\"@id\":\"https:\\\/\\\/www.rassegnastampa-totustuus.it\\\/cattolica\\\/di-fronte-al-collasso-del-liberalismo-dove-cercare-soluzioni\\\/#breadcrumb\"},\"inLanguage\":\"it-IT\",\"potentialAction\":[{\"@type\":\"ReadAction\",\"target\":[\"https:\\\/\\\/www.rassegnastampa-totustuus.it\\\/cattolica\\\/di-fronte-al-collasso-del-liberalismo-dove-cercare-soluzioni\\\/\"]}]},{\"@type\":\"ImageObject\",\"inLanguage\":\"it-IT\",\"@id\":\"https:\\\/\\\/www.rassegnastampa-totustuus.it\\\/cattolica\\\/di-fronte-al-collasso-del-liberalismo-dove-cercare-soluzioni\\\/#primaryimage\",\"url\":\"https:\\\/\\\/www.rassegnastampa-totustuus.it\\\/cattolica\\\/wp-content\\\/uploads\\\/2021\\\/01\\\/monachesimo_medioevo_conventi-1.jpg\",\"contentUrl\":\"https:\\\/\\\/www.rassegnastampa-totustuus.it\\\/cattolica\\\/wp-content\\\/uploads\\\/2021\\\/01\\\/monachesimo_medioevo_conventi-1.jpg\",\"width\":1280,\"height\":720},{\"@type\":\"BreadcrumbList\",\"@id\":\"https:\\\/\\\/www.rassegnastampa-totustuus.it\\\/cattolica\\\/di-fronte-al-collasso-del-liberalismo-dove-cercare-soluzioni\\\/#breadcrumb\",\"itemListElement\":[{\"@type\":\"ListItem\",\"position\":1,\"name\":\"Home\",\"item\":\"https:\\\/\\\/www.rassegnastampa-totustuus.it\\\/cattolica\\\/\"},{\"@type\":\"ListItem\",\"position\":2,\"name\":\"Di fronte al collasso del liberalismo, dove cercare soluzioni?\"}]},{\"@type\":\"WebSite\",\"@id\":\"https:\\\/\\\/www.rassegnastampa-totustuus.it\\\/cattolica\\\/#website\",\"url\":\"https:\\\/\\\/www.rassegnastampa-totustuus.it\\\/cattolica\\\/\",\"name\":\"Rassegna Stampa Cattolica\",\"description\":\"Per una cultura che nasce dalla Rivelazione cristiana in conformit\u00e0 alla tradizione e al Magistero della Chiesa in opposizione ad ogni relativismo e totalitarismo\",\"publisher\":{\"@id\":\"https:\\\/\\\/www.rassegnastampa-totustuus.it\\\/cattolica\\\/#organization\"},\"alternateName\":\"Rass. Cattolica\",\"potentialAction\":[{\"@type\":\"SearchAction\",\"target\":{\"@type\":\"EntryPoint\",\"urlTemplate\":\"https:\\\/\\\/www.rassegnastampa-totustuus.it\\\/cattolica\\\/?s={search_term_string}\"},\"query-input\":{\"@type\":\"PropertyValueSpecification\",\"valueRequired\":true,\"valueName\":\"search_term_string\"}}],\"inLanguage\":\"it-IT\"},{\"@type\":\"Organization\",\"@id\":\"https:\\\/\\\/www.rassegnastampa-totustuus.it\\\/cattolica\\\/#organization\",\"name\":\"Rassegna Stampa Cattolica\",\"url\":\"https:\\\/\\\/www.rassegnastampa-totustuus.it\\\/cattolica\\\/\",\"logo\":{\"@type\":\"ImageObject\",\"inLanguage\":\"it-IT\",\"@id\":\"https:\\\/\\\/www.rassegnastampa-totustuus.it\\\/cattolica\\\/#\\\/schema\\\/logo\\\/image\\\/\",\"url\":\"https:\\\/\\\/www.rassegnastampa-totustuus.it\\\/cattolica\\\/wp-content\\\/uploads\\\/2014\\\/04\\\/logo-rassegna1.gif\",\"contentUrl\":\"https:\\\/\\\/www.rassegnastampa-totustuus.it\\\/cattolica\\\/wp-content\\\/uploads\\\/2014\\\/04\\\/logo-rassegna1.gif\",\"width\":600,\"height\":163,\"caption\":\"Rassegna Stampa Cattolica\"},\"image\":{\"@id\":\"https:\\\/\\\/www.rassegnastampa-totustuus.it\\\/cattolica\\\/#\\\/schema\\\/logo\\\/image\\\/\"},\"sameAs\":[\"https:\\\/\\\/www.facebook.com\\\/rassegnastampacattolica\",\"https:\\\/\\\/x.com\\\/rassegnastampa9\"]},{\"@type\":\"Person\",\"@id\":\"https:\\\/\\\/www.rassegnastampa-totustuus.it\\\/cattolica\\\/#\\\/schema\\\/person\\\/08f319d2bd1a0904ad9e2bfb7b15e5c3\",\"name\":\"Redazione\",\"image\":{\"@type\":\"ImageObject\",\"inLanguage\":\"it-IT\",\"@id\":\"https:\\\/\\\/secure.gravatar.com\\\/avatar\\\/2fcdf27c78ea025fbdb44e914cc63c72249ffec9dc8aafd5c82b26240ef3f346?s=96&d=mm&r=g\",\"url\":\"https:\\\/\\\/secure.gravatar.com\\\/avatar\\\/2fcdf27c78ea025fbdb44e914cc63c72249ffec9dc8aafd5c82b26240ef3f346?s=96&d=mm&r=g\",\"contentUrl\":\"https:\\\/\\\/secure.gravatar.com\\\/avatar\\\/2fcdf27c78ea025fbdb44e914cc63c72249ffec9dc8aafd5c82b26240ef3f346?s=96&d=mm&r=g\",\"caption\":\"Redazione\"},\"url\":\"https:\\\/\\\/www.rassegnastampa-totustuus.it\\\/cattolica\\\/author\\\/pietroelle\\\/\"}]}<\/script>\n<!-- \/ Yoast SEO plugin. -->","yoast_head_json":{"title":"Di fronte al collasso del liberalismo, dove cercare soluzioni? - Rassegna Stampa Cattolica","description":"Di fronte al collasso del liberalismo, dove cercare soluzioni? Trarre ispirazione da ci\u00f2 che c\u2019era prima, del liberalismo","robots":{"index":"index","follow":"follow","max-snippet":"max-snippet:-1","max-image-preview":"max-image-preview:large","max-video-preview":"max-video-preview:-1"},"canonical":"https:\/\/www.rassegnastampa-totustuus.it\/cattolica\/di-fronte-al-collasso-del-liberalismo-dove-cercare-soluzioni\/","og_locale":"it_IT","og_type":"article","og_title":"Di fronte al collasso del liberalismo, dove cercare soluzioni? - Rassegna Stampa Cattolica","og_description":"Di fronte al collasso del liberalismo, dove cercare soluzioni? Trarre ispirazione da ci\u00f2 che c\u2019era prima, del liberalismo","og_url":"https:\/\/www.rassegnastampa-totustuus.it\/cattolica\/di-fronte-al-collasso-del-liberalismo-dove-cercare-soluzioni\/","og_site_name":"Rassegna Stampa Cattolica","article_publisher":"https:\/\/www.facebook.com\/rassegnastampacattolica","article_published_time":"2022-06-08T22:00:51+00:00","article_modified_time":"2024-04-22T17:43:42+00:00","og_image":[{"width":1280,"height":720,"url":"https:\/\/www.rassegnastampa-totustuus.it\/cattolica\/wp-content\/uploads\/2021\/01\/monachesimo_medioevo_conventi-1.jpg","type":"image\/jpeg"}],"author":"Redazione","twitter_card":"summary_large_image","twitter_creator":"@rassegnastampa9","twitter_site":"@rassegnastampa9","twitter_misc":{"Scritto da":"Redazione","Tempo di lettura stimato":"10 minuti"},"schema":{"@context":"https:\/\/schema.org","@graph":[{"@type":"Article","@id":"https:\/\/www.rassegnastampa-totustuus.it\/cattolica\/di-fronte-al-collasso-del-liberalismo-dove-cercare-soluzioni\/#article","isPartOf":{"@id":"https:\/\/www.rassegnastampa-totustuus.it\/cattolica\/di-fronte-al-collasso-del-liberalismo-dove-cercare-soluzioni\/"},"author":{"name":"Redazione","@id":"https:\/\/www.rassegnastampa-totustuus.it\/cattolica\/#\/schema\/person\/08f319d2bd1a0904ad9e2bfb7b15e5c3"},"headline":"Di fronte al collasso del liberalismo, dove cercare soluzioni?","datePublished":"2022-06-08T22:00:51+00:00","dateModified":"2024-04-22T17:43:42+00:00","mainEntityOfPage":{"@id":"https:\/\/www.rassegnastampa-totustuus.it\/cattolica\/di-fronte-al-collasso-del-liberalismo-dove-cercare-soluzioni\/"},"wordCount":1368,"publisher":{"@id":"https:\/\/www.rassegnastampa-totustuus.it\/cattolica\/#organization"},"image":{"@id":"https:\/\/www.rassegnastampa-totustuus.it\/cattolica\/di-fronte-al-collasso-del-liberalismo-dove-cercare-soluzioni\/#primaryimage"},"thumbnailUrl":"https:\/\/www.rassegnastampa-totustuus.it\/cattolica\/wp-content\/uploads\/2021\/01\/monachesimo_medioevo_conventi-1.jpg","keywords":["crisi morale","liberalismo","sguardo sul nostro tempo"],"articleSection":["Sguardo sul nostro tempo"],"inLanguage":"it-IT"},{"@type":"WebPage","@id":"https:\/\/www.rassegnastampa-totustuus.it\/cattolica\/di-fronte-al-collasso-del-liberalismo-dove-cercare-soluzioni\/","url":"https:\/\/www.rassegnastampa-totustuus.it\/cattolica\/di-fronte-al-collasso-del-liberalismo-dove-cercare-soluzioni\/","name":"Di fronte al collasso del liberalismo, dove cercare soluzioni? - Rassegna Stampa Cattolica","isPartOf":{"@id":"https:\/\/www.rassegnastampa-totustuus.it\/cattolica\/#website"},"primaryImageOfPage":{"@id":"https:\/\/www.rassegnastampa-totustuus.it\/cattolica\/di-fronte-al-collasso-del-liberalismo-dove-cercare-soluzioni\/#primaryimage"},"image":{"@id":"https:\/\/www.rassegnastampa-totustuus.it\/cattolica\/di-fronte-al-collasso-del-liberalismo-dove-cercare-soluzioni\/#primaryimage"},"thumbnailUrl":"https:\/\/www.rassegnastampa-totustuus.it\/cattolica\/wp-content\/uploads\/2021\/01\/monachesimo_medioevo_conventi-1.jpg","datePublished":"2022-06-08T22:00:51+00:00","dateModified":"2024-04-22T17:43:42+00:00","description":"Di fronte al collasso del liberalismo, dove cercare soluzioni? Trarre ispirazione da ci\u00f2 che c\u2019era prima, del liberalismo","breadcrumb":{"@id":"https:\/\/www.rassegnastampa-totustuus.it\/cattolica\/di-fronte-al-collasso-del-liberalismo-dove-cercare-soluzioni\/#breadcrumb"},"inLanguage":"it-IT","potentialAction":[{"@type":"ReadAction","target":["https:\/\/www.rassegnastampa-totustuus.it\/cattolica\/di-fronte-al-collasso-del-liberalismo-dove-cercare-soluzioni\/"]}]},{"@type":"ImageObject","inLanguage":"it-IT","@id":"https:\/\/www.rassegnastampa-totustuus.it\/cattolica\/di-fronte-al-collasso-del-liberalismo-dove-cercare-soluzioni\/#primaryimage","url":"https:\/\/www.rassegnastampa-totustuus.it\/cattolica\/wp-content\/uploads\/2021\/01\/monachesimo_medioevo_conventi-1.jpg","contentUrl":"https:\/\/www.rassegnastampa-totustuus.it\/cattolica\/wp-content\/uploads\/2021\/01\/monachesimo_medioevo_conventi-1.jpg","width":1280,"height":720},{"@type":"BreadcrumbList","@id":"https:\/\/www.rassegnastampa-totustuus.it\/cattolica\/di-fronte-al-collasso-del-liberalismo-dove-cercare-soluzioni\/#breadcrumb","itemListElement":[{"@type":"ListItem","position":1,"name":"Home","item":"https:\/\/www.rassegnastampa-totustuus.it\/cattolica\/"},{"@type":"ListItem","position":2,"name":"Di fronte al collasso del liberalismo, dove cercare soluzioni?"}]},{"@type":"WebSite","@id":"https:\/\/www.rassegnastampa-totustuus.it\/cattolica\/#website","url":"https:\/\/www.rassegnastampa-totustuus.it\/cattolica\/","name":"Rassegna Stampa Cattolica","description":"Per una cultura che nasce dalla Rivelazione cristiana in conformit\u00e0 alla tradizione e al Magistero della Chiesa in opposizione ad ogni relativismo e totalitarismo","publisher":{"@id":"https:\/\/www.rassegnastampa-totustuus.it\/cattolica\/#organization"},"alternateName":"Rass. Cattolica","potentialAction":[{"@type":"SearchAction","target":{"@type":"EntryPoint","urlTemplate":"https:\/\/www.rassegnastampa-totustuus.it\/cattolica\/?s={search_term_string}"},"query-input":{"@type":"PropertyValueSpecification","valueRequired":true,"valueName":"search_term_string"}}],"inLanguage":"it-IT"},{"@type":"Organization","@id":"https:\/\/www.rassegnastampa-totustuus.it\/cattolica\/#organization","name":"Rassegna Stampa Cattolica","url":"https:\/\/www.rassegnastampa-totustuus.it\/cattolica\/","logo":{"@type":"ImageObject","inLanguage":"it-IT","@id":"https:\/\/www.rassegnastampa-totustuus.it\/cattolica\/#\/schema\/logo\/image\/","url":"https:\/\/www.rassegnastampa-totustuus.it\/cattolica\/wp-content\/uploads\/2014\/04\/logo-rassegna1.gif","contentUrl":"https:\/\/www.rassegnastampa-totustuus.it\/cattolica\/wp-content\/uploads\/2014\/04\/logo-rassegna1.gif","width":600,"height":163,"caption":"Rassegna Stampa Cattolica"},"image":{"@id":"https:\/\/www.rassegnastampa-totustuus.it\/cattolica\/#\/schema\/logo\/image\/"},"sameAs":["https:\/\/www.facebook.com\/rassegnastampacattolica","https:\/\/x.com\/rassegnastampa9"]},{"@type":"Person","@id":"https:\/\/www.rassegnastampa-totustuus.it\/cattolica\/#\/schema\/person\/08f319d2bd1a0904ad9e2bfb7b15e5c3","name":"Redazione","image":{"@type":"ImageObject","inLanguage":"it-IT","@id":"https:\/\/secure.gravatar.com\/avatar\/2fcdf27c78ea025fbdb44e914cc63c72249ffec9dc8aafd5c82b26240ef3f346?s=96&d=mm&r=g","url":"https:\/\/secure.gravatar.com\/avatar\/2fcdf27c78ea025fbdb44e914cc63c72249ffec9dc8aafd5c82b26240ef3f346?s=96&d=mm&r=g","contentUrl":"https:\/\/secure.gravatar.com\/avatar\/2fcdf27c78ea025fbdb44e914cc63c72249ffec9dc8aafd5c82b26240ef3f346?s=96&d=mm&r=g","caption":"Redazione"},"url":"https:\/\/www.rassegnastampa-totustuus.it\/cattolica\/author\/pietroelle\/"}]}},"_links":{"self":[{"href":"https:\/\/www.rassegnastampa-totustuus.it\/cattolica\/wp-json\/wp\/v2\/posts\/54227","targetHints":{"allow":["GET"]}}],"collection":[{"href":"https:\/\/www.rassegnastampa-totustuus.it\/cattolica\/wp-json\/wp\/v2\/posts"}],"about":[{"href":"https:\/\/www.rassegnastampa-totustuus.it\/cattolica\/wp-json\/wp\/v2\/types\/post"}],"author":[{"embeddable":true,"href":"https:\/\/www.rassegnastampa-totustuus.it\/cattolica\/wp-json\/wp\/v2\/users\/6"}],"replies":[{"embeddable":true,"href":"https:\/\/www.rassegnastampa-totustuus.it\/cattolica\/wp-json\/wp\/v2\/comments?post=54227"}],"version-history":[{"count":2,"href":"https:\/\/www.rassegnastampa-totustuus.it\/cattolica\/wp-json\/wp\/v2\/posts\/54227\/revisions"}],"predecessor-version":[{"id":60116,"href":"https:\/\/www.rassegnastampa-totustuus.it\/cattolica\/wp-json\/wp\/v2\/posts\/54227\/revisions\/60116"}],"wp:featuredmedia":[{"embeddable":true,"href":"https:\/\/www.rassegnastampa-totustuus.it\/cattolica\/wp-json\/wp\/v2\/media\/49948"}],"wp:attachment":[{"href":"https:\/\/www.rassegnastampa-totustuus.it\/cattolica\/wp-json\/wp\/v2\/media?parent=54227"}],"wp:term":[{"taxonomy":"category","embeddable":true,"href":"https:\/\/www.rassegnastampa-totustuus.it\/cattolica\/wp-json\/wp\/v2\/categories?post=54227"},{"taxonomy":"post_tag","embeddable":true,"href":"https:\/\/www.rassegnastampa-totustuus.it\/cattolica\/wp-json\/wp\/v2\/tags?post=54227"}],"curies":[{"name":"wp","href":"https:\/\/api.w.org\/{rel}","templated":true}]}}