{"id":54213,"date":"2022-06-02T00:00:19","date_gmt":"2022-06-01T22:00:19","guid":{"rendered":"http:\/\/www.rassegnastampa-totustuus.it\/cattolica\/?p=54213"},"modified":"2023-12-28T11:48:31","modified_gmt":"2023-12-28T10:48:31","slug":"per-avvenire-la-legge-194-e-un-diritto","status":"publish","type":"post","link":"https:\/\/www.rassegnastampa-totustuus.it\/cattolica\/per-avvenire-la-legge-194-e-un-diritto\/","title":{"rendered":"\u00a0Per Avvenire la legge 194 \u00e8 un diritto"},"content":{"rendered":"<p style=\"text-align: justify;\"><strong><img loading=\"lazy\" decoding=\"async\" class=\" wp-image-54214 alignright\" src=\"https:\/\/www.rassegnastampa-totustuus.it\/cattolica\/wp-content\/uploads\/2022\/05\/aborto_vita_manifestazione-300x168.jpg\" alt=\"\" width=\"234\" height=\"131\" \/><span style=\"color: #000000;\">Abstract: <\/span><\/strong><em><span style=\"color: #000000;\">Avvenire, <\/span><\/em><span style=\"color: #000000;\"><em>il giornale dei vescovi,\u00a0 nonostante le ferme parole di condanna dell\u2019aborto da parte del Papa ha sentito il bisogno di affiancare all\u2019articolo sulla manifestazione per la vita\u00a0 \u2013 diciamo non grondante entusiasmo \u2013 <\/em><\/span><em>un boxino di spalla, <span style=\"color: #000000;\">come si dice in gergo, per sostenere che \u201cil vero spirito della legge 194\u201d era tutto sommato buono, e che l\u2019aborto \u00e8 un diritto, anche se concede che \u201cprima di tutto \u00e8 una scelta drammatica ed estrema\u201d, bont\u00e0 sua.<\/span><\/em><\/p>\n<p><!--more--><\/p>\n<p style=\"text-align: center;\"><strong><span style=\"color: #000000;\">Blog di Costanza Miriano<\/span><\/strong><span style=\"color: #000000;\"> 23 Maggio 2022<\/span><\/p>\n<h3 style=\"text-align: center;\"><span style=\"color: #000000;\">Excusatio non petita di Avvenire sulla 194<\/span><\/h3>\n<p style=\"text-align: center;\"><span style=\"color: #000000;\"><strong>di<\/strong><strong> Costanza Miriano<\/strong><\/span><\/p>\n<p style=\"text-align: justify;\"><span style=\"color: #000000;\">Ci siamo detti che era fondamentale \u2013 per chi poteva \u2013 essere presenti alla Manifestazione per la vita, al di l\u00e0 dei distinguo e delle sottolineature. Insomma, prima riaffermiamo l\u2019ovvio, restiamo uniti almeno sui fondamentali, poi ci meniamo a parte, dopo, quando sar\u00e0 il momento di evidenziare le diverse sensibilit\u00e0.<\/span><\/p>\n<p style=\"text-align: justify;\"><img loading=\"lazy\" decoding=\"async\" class=\" wp-image-29864 alignleft\" src=\"https:\/\/www.rassegnastampa-totustuus.it\/cattolica\/wp-content\/uploads\/2015\/08\/avvenire-logo.png\" alt=\"\" width=\"166\" height=\"144\" \/><span style=\"color: #000000;\">Certo non mi aspettavo che il primo a cominciare a mettere i puntini sulle i sarebbe stato, e proprio il giorno dopo, addirittura <strong>Avvenire<\/strong>, il giornale dei vescovi, che nonostante le ferme parole di condanna dell\u2019aborto da parte del Papa ha sentito il bisogno di affiancare all\u2019articolo sulla manifestazione \u2013 diciamo non grondante entusiasmo<\/span> \u2013 <span style=\"color: #0000ff;\"><a style=\"color: #0000ff;\" href=\"https:\/\/costanzamiriano.files.wordpress.com\/2022\/05\/avvenire_22052022.pdf\" target=\"_blank\" rel=\"noopener noreferrer\">un boxino di spalla<\/a><\/span>, <span style=\"color: #000000;\">come si dice in gergo, per sostenere che \u201cil vero spirito della legge 194\u201d era tutto sommato buono, e che l\u2019aborto \u00e8 un diritto, anche se concede che \u201c<em>prima di tutto<\/em> \u00e8 una scelta drammatica ed estrema\u201d, bont\u00e0 sua.<\/span><\/p>\n<p style=\"text-align: justify;\"><img loading=\"lazy\" decoding=\"async\" class=\"wp-image-28817 alignright\" src=\"https:\/\/www.rassegnastampa-totustuus.it\/cattolica\/wp-content\/uploads\/2006\/10\/cattocomunista.jpg\" alt=\"\" width=\"227\" height=\"173\" \/><span style=\"color: #000000;\">Io mi chiedo: PERCHE\u2019? Perch\u00e9 questo bisogno di inseguire il mondo, di sottolineare che per carit\u00e0 noi cattolici siamo \u201cbuoni\u201d, noi non siamo \u201cquelli di destra\u201d, per carit\u00e0, noi siamo al passo coi tempi, e non ci sogniamo di mettere in discussione questa conquista? Di cosa abbiamo paura? Perch\u00e9 sempre questo modo politico di ragionare?<\/span><\/p>\n<p style=\"text-align: justify;\"><img loading=\"lazy\" decoding=\"async\" class=\" wp-image-28665 alignleft\" src=\"https:\/\/www.rassegnastampa-totustuus.it\/cattolica\/wp-content\/uploads\/2010\/10\/legge-194.jpg\" alt=\"\" width=\"239\" height=\"159\" \/>La legge 194 in Italia non \u00e8 in discussione, e aggiungo purtroppo: non so se seguiremo con qualche decennio di ritardo \u2013 come abbiamo sempre fatto \u2013 l\u2019onda americana, e il discorso si potr\u00e0 riaprire anche da noi, ma per il momento non se ne parla. Che bisogno c\u2019era di sottolineare che la 194 sarebbe una buona legge?<\/p>\n<p style=\"text-align: justify;\"><span style=\"color: #000000;\">Sembra che una parte della Chiesa soffra di una sorta di complesso di inferiorit\u00e0 verso il mondo o, ancora pi\u00f9 paradossale, verso qualche giornale.<\/span><\/p>\n<p style=\"text-align: justify;\"><img loading=\"lazy\" decoding=\"async\" class=\"size-full wp-image-27198 alignright\" src=\"https:\/\/www.rassegnastampa-totustuus.it\/cattolica\/wp-content\/uploads\/2012\/07\/aborto.jpg\" alt=\"\" width=\"272\" height=\"185\" \/><span style=\"color: #000000;\">Se lo spirito della legge fosse buono, non ci sarebbe stato bisogno di bugie per farla accettare culturalmente. Invece in tutto il mondo le leggi sull\u2019aborto sono state approvate a suon di falsit\u00e0: la storia della<\/span> <a href=\"https:\/\/www.iltimone.org\/news-timone\/le-menzogne-del-primo-aborto-un-film\/\"><span style=\"color: #0000ff;\">sentenza Roe-Wade<\/span><\/a> <span style=\"color: #000000;\">era una bugia, non c\u2019era nessuno stupro dietro l\u2019aborto, la storia raccontata per commuovere l\u2019America sulle sorti di una povera ragazza violentata era falsa, un enorme raggiro.<\/span><\/p>\n<p style=\"text-align: justify;\"><img loading=\"lazy\" decoding=\"async\" class=\" wp-image-20578 alignleft\" src=\"https:\/\/www.rassegnastampa-totustuus.it\/cattolica\/wp-content\/uploads\/2010\/02\/Bonino_aborto.jpg\" alt=\"\" width=\"262\" height=\"161\" \/><span style=\"color: #000000;\">Le attiviste italiane, quelle che facevano aborti in casa con le pompe di bicicletta, hanno gonfiato in modo surreale i dati sugli aborti clandestini, parlando di un numero di donne morte che non si avvicinava neanche alla realt\u00e0 (e poi \u00e8 uno strano modo di preoccuparsi dei morti, quello di procurare altre vittime: grazie alla 194 sono morti dal \u201978 sei milioni di bambini).<\/span><\/p>\n<p style=\"text-align: justify;\"><img loading=\"lazy\" decoding=\"async\" class=\"size-full wp-image-35727 alignright\" src=\"https:\/\/www.rassegnastampa-totustuus.it\/cattolica\/wp-content\/uploads\/2016\/07\/Seveso_diossina.jpg\" alt=\"\" width=\"295\" height=\"171\" \/><span style=\"color: #000000;\">L\u2019altra balla \u00e8 stata quella della diossina di Seveso (anche qui strano modo di preoccuparsi dei bambini malformati, uccidendoli): le\u00a0 donne sono state indotte ad abortire con l\u2019idea che sarebbero nati bambini deformi, in pieno ossequio alla \u201ccultura dello scarto\u201d.<\/span><\/p>\n<p style=\"text-align: justify;\"><span style=\"color: #000000;\">Lo spirito della legge \u00e8 pessimo, prevede che la vita del bambino sia a discrezione della madre, lo dice l\u2019articolo 4, formulato in modo volutamente vago: basta che una donna affermi che la nascita del bambino turberebbe il suo equilibrio, e pu\u00f2 abortire, anzi, non c\u2019\u00e8 bisogno che affermi proprio nulla. Esercita un suo diritto. Per non parlare delle pillole abortive, pi\u00f9 facili di un antinfiammatorio da ottenere<\/span>.<\/p>\n<p style=\"text-align: justify;\"><img loading=\"lazy\" decoding=\"async\" class=\" wp-image-54215 alignleft\" src=\"https:\/\/www.rassegnastampa-totustuus.it\/cattolica\/wp-content\/uploads\/2022\/05\/aborto.jpg\" alt=\"\" width=\"265\" height=\"149\" \/><span style=\"color: #000000;\">Affermare che ci siano due diritti sullo stesso piano, come fa il solerte boxino di spalla \u00e8 esattamente la posizione di un non credente, che crede che la vita siamo noi a darla. Come sappiamo bene noi non diamo proprio nulla, n\u00e9 a noi stessi n\u00e9 ai nostri eventuali figli, la vita \u00e8 un bene indisponibile sempre.<\/span><\/p>\n<p style=\"text-align: justify;\"><img loading=\"lazy\" decoding=\"async\" class=\" wp-image-15948 alignleft\" src=\"https:\/\/www.rassegnastampa-totustuus.it\/cattolica\/wp-content\/uploads\/2006\/06\/Beretta-Molla.png\" alt=\"\" width=\"131\" height=\"128\" \/><span style=\"color: #000000;\">I casi in cui \u00e8 davvero a tema la tutela della vita della madre sono un\u2019eccezione rarissima: ci sar\u00e0 qualche caso, ma io conosco solo Gianna Beretta Molla e Chiara Corbella Petrillo che sono state messe davanti alla \u201cscelta drammatica <img loading=\"lazy\" decoding=\"async\" class=\" wp-image-24282 alignright\" src=\"https:\/\/www.rassegnastampa-totustuus.it\/cattolica\/wp-content\/uploads\/2012\/10\/Chiara_Corbella.png\" alt=\"\" width=\"118\" height=\"176\" \/>ed estrema\u201d, come la chiama <em>Avvenire<\/em>. La Chiesa non pretende da tutte le donne il loro stesso eroismo (soprattutto quando ci sono bambini gi\u00e0 nati da custodire), anche se lo sottolinea come \u00e8 giusto che sia. In tutti gli altri casi, la vita del bambino non pu\u00f2 essere mai neppure in discussione.<\/span><\/p>\n<p style=\"text-align: justify;\"><span style=\"color: #000000;\">So bene che gli stessi che affermano che la scelta \u00e8 un diritto hanno molto aiutato per esempio i Centri di Aiuto alla Vita che, con tante altre persone di buona volont\u00e0, hanno salvato tantissimi bambini. So bene che dire no alla 194 non basta, e a volte \u00e8 un\u2019inutile sottolineatura che crea solo divisioni e non risolve niente.<\/span><\/p>\n<p style=\"text-align: justify;\"><img loading=\"lazy\" decoding=\"async\" class=\" wp-image-34900 alignleft\" src=\"https:\/\/www.rassegnastampa-totustuus.it\/cattolica\/wp-content\/uploads\/2005\/12\/centro_aiuto_vita.jpg\" alt=\"\" width=\"233\" height=\"184\" \/><span style=\"color: #000000;\">Ma, torno alla domanda iniziale, c\u2019era bisogno di affrettarsi a ribadire questa cosa, subito, il giorno dopo la Marcia, quando nessuno, purtroppo, la sta mettendo in discussione?<\/span><\/p>\n<p style=\"text-align: justify;\"><span style=\"color: #000000;\">Di che abbiamo paura? Non abbiamo ancora capito che quando noi cerchiamo di piacere al mondo, ossequiandolo, non serviamo pi\u00f9 a niente, non annunciamo pi\u00f9 nulla, non siamo pi\u00f9 incisivi sulla realt\u00e0?<\/span><\/p>\n<p style=\"text-align: justify;\"><span style=\"color: #000000;\">O come direbbe un mio caro amico frate, arriviamo sempre a saldi finiti?<\/span><\/p>\n<p>____________________________________<\/p>\n<p><span style=\"color: #000000;\"><strong>Si legga anche:<\/strong><\/span><\/p>\n<p><a href=\"https:\/\/www.rassegnastampa-totustuus.it\/cattolica\/i-cattolici-e-laborto-non-puo-conciliarsi-linconciliabile\/\" target=\"_blank\" rel=\"noopener\"><span style=\"color: #0000ff;\">I cattolici e l\u2019aborto: non pu\u00f2 conciliarsi l\u2019inconciliabile<\/span><\/a><\/p>\n<p><a href=\"https:\/\/www.rassegnastampa-totustuus.it\/cattolica\/laborto-e-un-diritto-chiedetelo-a-lei\/\" target=\"_blank\" rel=\"noopener\"><span style=\"color: #0000ff;\">L\u2019aborto \u00e8 un diritto? Chiedetelo a lei<\/span><\/a><\/p>\n","protected":false},"excerpt":{"rendered":"<p>Abstract: Avvenire, il giornale dei vescovi,\u00a0 nonostante le ferme parole di condanna dell\u2019aborto da parte del Papa ha sentito il bisogno di affiancare all\u2019articolo sulla manifestazione per la vita\u00a0 \u2013 diciamo non grondante entusiasmo \u2013 un boxino di spalla, come si dice in gergo, per sostenere che \u201cil vero spirito della legge 194\u201d era tutto &hellip; <\/p>\n<p><a class=\"more-link btn\" href=\"https:\/\/www.rassegnastampa-totustuus.it\/cattolica\/per-avvenire-la-legge-194-e-un-diritto\/\">Continua a leggere<\/a><\/p>\n","protected":false},"author":6,"featured_media":54216,"comment_status":"closed","ping_status":"closed","sticky":false,"template":"","format":"standard","meta":{"footnotes":""},"categories":[2],"tags":[2386,157],"class_list":["post-54213","post","type-post","status-publish","format-standard","has-post-thumbnail","hentry","category-aborto","tag-aborto","tag-chiesa-2","item-wrap"],"yoast_head":"<!-- This site is optimized with the Yoast SEO plugin v27.5 - https:\/\/yoast.com\/product\/yoast-seo-wordpress\/ -->\n<title>\u00a0Per Avvenire la legge 194 \u00e8 un diritto - Rassegna Stampa Cattolica<\/title>\n<meta name=\"description\" content=\"Per Avvenire la legge 194 \u00e8 un diritto, nonostante le parole del Papa. Il vergognoso articolo all&#039;indomani della marcia per la vita.\" \/>\n<meta name=\"robots\" content=\"index, follow, max-snippet:-1, max-image-preview:large, max-video-preview:-1\" \/>\n<link rel=\"canonical\" href=\"https:\/\/www.rassegnastampa-totustuus.it\/cattolica\/per-avvenire-la-legge-194-e-un-diritto\/\" \/>\n<meta property=\"og:locale\" content=\"it_IT\" \/>\n<meta property=\"og:type\" content=\"article\" \/>\n<meta property=\"og:title\" content=\"\u00a0Per Avvenire la legge 194 \u00e8 un diritto - Rassegna Stampa Cattolica\" \/>\n<meta property=\"og:description\" content=\"Per Avvenire la legge 194 \u00e8 un diritto, nonostante le parole del Papa. Il vergognoso articolo all&#039;indomani della marcia per la vita.\" \/>\n<meta property=\"og:url\" content=\"https:\/\/www.rassegnastampa-totustuus.it\/cattolica\/per-avvenire-la-legge-194-e-un-diritto\/\" \/>\n<meta property=\"og:site_name\" content=\"Rassegna Stampa Cattolica\" \/>\n<meta property=\"article:publisher\" content=\"https:\/\/www.facebook.com\/rassegnastampacattolica\" \/>\n<meta property=\"article:published_time\" content=\"2022-06-01T22:00:19+00:00\" \/>\n<meta property=\"article:modified_time\" content=\"2023-12-28T10:48:31+00:00\" \/>\n<meta property=\"og:image\" content=\"https:\/\/www.rassegnastampa-totustuus.it\/cattolica\/wp-content\/uploads\/2022\/05\/Aborto_vita_marcia_2022.jpeg\" \/>\n\t<meta property=\"og:image:width\" content=\"1280\" \/>\n\t<meta property=\"og:image:height\" content=\"720\" \/>\n\t<meta property=\"og:image:type\" content=\"image\/jpeg\" \/>\n<meta name=\"author\" content=\"Redazione\" \/>\n<meta name=\"twitter:card\" content=\"summary_large_image\" \/>\n<meta name=\"twitter:creator\" content=\"@rassegnastampa9\" \/>\n<meta name=\"twitter:site\" content=\"@rassegnastampa9\" \/>\n<meta name=\"twitter:label1\" content=\"Scritto da\" \/>\n\t<meta name=\"twitter:data1\" content=\"Redazione\" \/>\n\t<meta name=\"twitter:label2\" content=\"Tempo di lettura stimato\" \/>\n\t<meta name=\"twitter:data2\" content=\"8 minuti\" \/>\n<script type=\"application\/ld+json\" class=\"yoast-schema-graph\">{\"@context\":\"https:\\\/\\\/schema.org\",\"@graph\":[{\"@type\":\"Article\",\"@id\":\"https:\\\/\\\/www.rassegnastampa-totustuus.it\\\/cattolica\\\/per-avvenire-la-legge-194-e-un-diritto\\\/#article\",\"isPartOf\":{\"@id\":\"https:\\\/\\\/www.rassegnastampa-totustuus.it\\\/cattolica\\\/per-avvenire-la-legge-194-e-un-diritto\\\/\"},\"author\":{\"name\":\"Redazione\",\"@id\":\"https:\\\/\\\/www.rassegnastampa-totustuus.it\\\/cattolica\\\/#\\\/schema\\\/person\\\/08f319d2bd1a0904ad9e2bfb7b15e5c3\"},\"headline\":\"\u00a0Per Avvenire la legge 194 \u00e8 un diritto\",\"datePublished\":\"2022-06-01T22:00:19+00:00\",\"dateModified\":\"2023-12-28T10:48:31+00:00\",\"mainEntityOfPage\":{\"@id\":\"https:\\\/\\\/www.rassegnastampa-totustuus.it\\\/cattolica\\\/per-avvenire-la-legge-194-e-un-diritto\\\/\"},\"wordCount\":909,\"publisher\":{\"@id\":\"https:\\\/\\\/www.rassegnastampa-totustuus.it\\\/cattolica\\\/#organization\"},\"image\":{\"@id\":\"https:\\\/\\\/www.rassegnastampa-totustuus.it\\\/cattolica\\\/per-avvenire-la-legge-194-e-un-diritto\\\/#primaryimage\"},\"thumbnailUrl\":\"https:\\\/\\\/www.rassegnastampa-totustuus.it\\\/cattolica\\\/wp-content\\\/uploads\\\/2022\\\/05\\\/Aborto_vita_marcia_2022.jpeg\",\"keywords\":[\"Aborto\",\"chiesa\"],\"articleSection\":[\"Aborto\"],\"inLanguage\":\"it-IT\"},{\"@type\":\"WebPage\",\"@id\":\"https:\\\/\\\/www.rassegnastampa-totustuus.it\\\/cattolica\\\/per-avvenire-la-legge-194-e-un-diritto\\\/\",\"url\":\"https:\\\/\\\/www.rassegnastampa-totustuus.it\\\/cattolica\\\/per-avvenire-la-legge-194-e-un-diritto\\\/\",\"name\":\"\u00a0Per Avvenire la legge 194 \u00e8 un diritto - Rassegna Stampa Cattolica\",\"isPartOf\":{\"@id\":\"https:\\\/\\\/www.rassegnastampa-totustuus.it\\\/cattolica\\\/#website\"},\"primaryImageOfPage\":{\"@id\":\"https:\\\/\\\/www.rassegnastampa-totustuus.it\\\/cattolica\\\/per-avvenire-la-legge-194-e-un-diritto\\\/#primaryimage\"},\"image\":{\"@id\":\"https:\\\/\\\/www.rassegnastampa-totustuus.it\\\/cattolica\\\/per-avvenire-la-legge-194-e-un-diritto\\\/#primaryimage\"},\"thumbnailUrl\":\"https:\\\/\\\/www.rassegnastampa-totustuus.it\\\/cattolica\\\/wp-content\\\/uploads\\\/2022\\\/05\\\/Aborto_vita_marcia_2022.jpeg\",\"datePublished\":\"2022-06-01T22:00:19+00:00\",\"dateModified\":\"2023-12-28T10:48:31+00:00\",\"description\":\"Per Avvenire la legge 194 \u00e8 un diritto, nonostante le parole del Papa. Il vergognoso articolo all'indomani della marcia per la vita.\",\"breadcrumb\":{\"@id\":\"https:\\\/\\\/www.rassegnastampa-totustuus.it\\\/cattolica\\\/per-avvenire-la-legge-194-e-un-diritto\\\/#breadcrumb\"},\"inLanguage\":\"it-IT\",\"potentialAction\":[{\"@type\":\"ReadAction\",\"target\":[\"https:\\\/\\\/www.rassegnastampa-totustuus.it\\\/cattolica\\\/per-avvenire-la-legge-194-e-un-diritto\\\/\"]}]},{\"@type\":\"ImageObject\",\"inLanguage\":\"it-IT\",\"@id\":\"https:\\\/\\\/www.rassegnastampa-totustuus.it\\\/cattolica\\\/per-avvenire-la-legge-194-e-un-diritto\\\/#primaryimage\",\"url\":\"https:\\\/\\\/www.rassegnastampa-totustuus.it\\\/cattolica\\\/wp-content\\\/uploads\\\/2022\\\/05\\\/Aborto_vita_marcia_2022.jpeg\",\"contentUrl\":\"https:\\\/\\\/www.rassegnastampa-totustuus.it\\\/cattolica\\\/wp-content\\\/uploads\\\/2022\\\/05\\\/Aborto_vita_marcia_2022.jpeg\",\"width\":1280,\"height\":720},{\"@type\":\"BreadcrumbList\",\"@id\":\"https:\\\/\\\/www.rassegnastampa-totustuus.it\\\/cattolica\\\/per-avvenire-la-legge-194-e-un-diritto\\\/#breadcrumb\",\"itemListElement\":[{\"@type\":\"ListItem\",\"position\":1,\"name\":\"Home\",\"item\":\"https:\\\/\\\/www.rassegnastampa-totustuus.it\\\/cattolica\\\/\"},{\"@type\":\"ListItem\",\"position\":2,\"name\":\"\u00a0Per Avvenire la legge 194 \u00e8 un diritto\"}]},{\"@type\":\"WebSite\",\"@id\":\"https:\\\/\\\/www.rassegnastampa-totustuus.it\\\/cattolica\\\/#website\",\"url\":\"https:\\\/\\\/www.rassegnastampa-totustuus.it\\\/cattolica\\\/\",\"name\":\"Rassegna Stampa Cattolica\",\"description\":\"Per una cultura che nasce dalla Rivelazione cristiana in conformit\u00e0 alla tradizione e al Magistero della Chiesa in opposizione ad ogni relativismo e totalitarismo\",\"publisher\":{\"@id\":\"https:\\\/\\\/www.rassegnastampa-totustuus.it\\\/cattolica\\\/#organization\"},\"alternateName\":\"Rass. Cattolica\",\"potentialAction\":[{\"@type\":\"SearchAction\",\"target\":{\"@type\":\"EntryPoint\",\"urlTemplate\":\"https:\\\/\\\/www.rassegnastampa-totustuus.it\\\/cattolica\\\/?s={search_term_string}\"},\"query-input\":{\"@type\":\"PropertyValueSpecification\",\"valueRequired\":true,\"valueName\":\"search_term_string\"}}],\"inLanguage\":\"it-IT\"},{\"@type\":\"Organization\",\"@id\":\"https:\\\/\\\/www.rassegnastampa-totustuus.it\\\/cattolica\\\/#organization\",\"name\":\"Rassegna Stampa Cattolica\",\"url\":\"https:\\\/\\\/www.rassegnastampa-totustuus.it\\\/cattolica\\\/\",\"logo\":{\"@type\":\"ImageObject\",\"inLanguage\":\"it-IT\",\"@id\":\"https:\\\/\\\/www.rassegnastampa-totustuus.it\\\/cattolica\\\/#\\\/schema\\\/logo\\\/image\\\/\",\"url\":\"https:\\\/\\\/www.rassegnastampa-totustuus.it\\\/cattolica\\\/wp-content\\\/uploads\\\/2014\\\/04\\\/logo-rassegna1.gif\",\"contentUrl\":\"https:\\\/\\\/www.rassegnastampa-totustuus.it\\\/cattolica\\\/wp-content\\\/uploads\\\/2014\\\/04\\\/logo-rassegna1.gif\",\"width\":600,\"height\":163,\"caption\":\"Rassegna Stampa Cattolica\"},\"image\":{\"@id\":\"https:\\\/\\\/www.rassegnastampa-totustuus.it\\\/cattolica\\\/#\\\/schema\\\/logo\\\/image\\\/\"},\"sameAs\":[\"https:\\\/\\\/www.facebook.com\\\/rassegnastampacattolica\",\"https:\\\/\\\/x.com\\\/rassegnastampa9\"]},{\"@type\":\"Person\",\"@id\":\"https:\\\/\\\/www.rassegnastampa-totustuus.it\\\/cattolica\\\/#\\\/schema\\\/person\\\/08f319d2bd1a0904ad9e2bfb7b15e5c3\",\"name\":\"Redazione\",\"image\":{\"@type\":\"ImageObject\",\"inLanguage\":\"it-IT\",\"@id\":\"https:\\\/\\\/secure.gravatar.com\\\/avatar\\\/2fcdf27c78ea025fbdb44e914cc63c72249ffec9dc8aafd5c82b26240ef3f346?s=96&d=mm&r=g\",\"url\":\"https:\\\/\\\/secure.gravatar.com\\\/avatar\\\/2fcdf27c78ea025fbdb44e914cc63c72249ffec9dc8aafd5c82b26240ef3f346?s=96&d=mm&r=g\",\"contentUrl\":\"https:\\\/\\\/secure.gravatar.com\\\/avatar\\\/2fcdf27c78ea025fbdb44e914cc63c72249ffec9dc8aafd5c82b26240ef3f346?s=96&d=mm&r=g\",\"caption\":\"Redazione\"},\"url\":\"https:\\\/\\\/www.rassegnastampa-totustuus.it\\\/cattolica\\\/author\\\/pietroelle\\\/\"}]}<\/script>\n<!-- \/ Yoast SEO plugin. -->","yoast_head_json":{"title":"\u00a0Per Avvenire la legge 194 \u00e8 un diritto - Rassegna Stampa Cattolica","description":"Per Avvenire la legge 194 \u00e8 un diritto, nonostante le parole del Papa. Il vergognoso articolo all'indomani della marcia per la vita.","robots":{"index":"index","follow":"follow","max-snippet":"max-snippet:-1","max-image-preview":"max-image-preview:large","max-video-preview":"max-video-preview:-1"},"canonical":"https:\/\/www.rassegnastampa-totustuus.it\/cattolica\/per-avvenire-la-legge-194-e-un-diritto\/","og_locale":"it_IT","og_type":"article","og_title":"\u00a0Per Avvenire la legge 194 \u00e8 un diritto - Rassegna Stampa Cattolica","og_description":"Per Avvenire la legge 194 \u00e8 un diritto, nonostante le parole del Papa. Il vergognoso articolo all'indomani della marcia per la vita.","og_url":"https:\/\/www.rassegnastampa-totustuus.it\/cattolica\/per-avvenire-la-legge-194-e-un-diritto\/","og_site_name":"Rassegna Stampa Cattolica","article_publisher":"https:\/\/www.facebook.com\/rassegnastampacattolica","article_published_time":"2022-06-01T22:00:19+00:00","article_modified_time":"2023-12-28T10:48:31+00:00","og_image":[{"width":1280,"height":720,"url":"https:\/\/www.rassegnastampa-totustuus.it\/cattolica\/wp-content\/uploads\/2022\/05\/Aborto_vita_marcia_2022.jpeg","type":"image\/jpeg"}],"author":"Redazione","twitter_card":"summary_large_image","twitter_creator":"@rassegnastampa9","twitter_site":"@rassegnastampa9","twitter_misc":{"Scritto da":"Redazione","Tempo di lettura stimato":"8 minuti"},"schema":{"@context":"https:\/\/schema.org","@graph":[{"@type":"Article","@id":"https:\/\/www.rassegnastampa-totustuus.it\/cattolica\/per-avvenire-la-legge-194-e-un-diritto\/#article","isPartOf":{"@id":"https:\/\/www.rassegnastampa-totustuus.it\/cattolica\/per-avvenire-la-legge-194-e-un-diritto\/"},"author":{"name":"Redazione","@id":"https:\/\/www.rassegnastampa-totustuus.it\/cattolica\/#\/schema\/person\/08f319d2bd1a0904ad9e2bfb7b15e5c3"},"headline":"\u00a0Per Avvenire la legge 194 \u00e8 un diritto","datePublished":"2022-06-01T22:00:19+00:00","dateModified":"2023-12-28T10:48:31+00:00","mainEntityOfPage":{"@id":"https:\/\/www.rassegnastampa-totustuus.it\/cattolica\/per-avvenire-la-legge-194-e-un-diritto\/"},"wordCount":909,"publisher":{"@id":"https:\/\/www.rassegnastampa-totustuus.it\/cattolica\/#organization"},"image":{"@id":"https:\/\/www.rassegnastampa-totustuus.it\/cattolica\/per-avvenire-la-legge-194-e-un-diritto\/#primaryimage"},"thumbnailUrl":"https:\/\/www.rassegnastampa-totustuus.it\/cattolica\/wp-content\/uploads\/2022\/05\/Aborto_vita_marcia_2022.jpeg","keywords":["Aborto","chiesa"],"articleSection":["Aborto"],"inLanguage":"it-IT"},{"@type":"WebPage","@id":"https:\/\/www.rassegnastampa-totustuus.it\/cattolica\/per-avvenire-la-legge-194-e-un-diritto\/","url":"https:\/\/www.rassegnastampa-totustuus.it\/cattolica\/per-avvenire-la-legge-194-e-un-diritto\/","name":"\u00a0Per Avvenire la legge 194 \u00e8 un diritto - Rassegna Stampa Cattolica","isPartOf":{"@id":"https:\/\/www.rassegnastampa-totustuus.it\/cattolica\/#website"},"primaryImageOfPage":{"@id":"https:\/\/www.rassegnastampa-totustuus.it\/cattolica\/per-avvenire-la-legge-194-e-un-diritto\/#primaryimage"},"image":{"@id":"https:\/\/www.rassegnastampa-totustuus.it\/cattolica\/per-avvenire-la-legge-194-e-un-diritto\/#primaryimage"},"thumbnailUrl":"https:\/\/www.rassegnastampa-totustuus.it\/cattolica\/wp-content\/uploads\/2022\/05\/Aborto_vita_marcia_2022.jpeg","datePublished":"2022-06-01T22:00:19+00:00","dateModified":"2023-12-28T10:48:31+00:00","description":"Per Avvenire la legge 194 \u00e8 un diritto, nonostante le parole del Papa. Il vergognoso articolo all'indomani della marcia per la vita.","breadcrumb":{"@id":"https:\/\/www.rassegnastampa-totustuus.it\/cattolica\/per-avvenire-la-legge-194-e-un-diritto\/#breadcrumb"},"inLanguage":"it-IT","potentialAction":[{"@type":"ReadAction","target":["https:\/\/www.rassegnastampa-totustuus.it\/cattolica\/per-avvenire-la-legge-194-e-un-diritto\/"]}]},{"@type":"ImageObject","inLanguage":"it-IT","@id":"https:\/\/www.rassegnastampa-totustuus.it\/cattolica\/per-avvenire-la-legge-194-e-un-diritto\/#primaryimage","url":"https:\/\/www.rassegnastampa-totustuus.it\/cattolica\/wp-content\/uploads\/2022\/05\/Aborto_vita_marcia_2022.jpeg","contentUrl":"https:\/\/www.rassegnastampa-totustuus.it\/cattolica\/wp-content\/uploads\/2022\/05\/Aborto_vita_marcia_2022.jpeg","width":1280,"height":720},{"@type":"BreadcrumbList","@id":"https:\/\/www.rassegnastampa-totustuus.it\/cattolica\/per-avvenire-la-legge-194-e-un-diritto\/#breadcrumb","itemListElement":[{"@type":"ListItem","position":1,"name":"Home","item":"https:\/\/www.rassegnastampa-totustuus.it\/cattolica\/"},{"@type":"ListItem","position":2,"name":"\u00a0Per Avvenire la legge 194 \u00e8 un diritto"}]},{"@type":"WebSite","@id":"https:\/\/www.rassegnastampa-totustuus.it\/cattolica\/#website","url":"https:\/\/www.rassegnastampa-totustuus.it\/cattolica\/","name":"Rassegna Stampa Cattolica","description":"Per una cultura che nasce dalla Rivelazione cristiana in conformit\u00e0 alla tradizione e al Magistero della Chiesa in opposizione ad ogni relativismo e totalitarismo","publisher":{"@id":"https:\/\/www.rassegnastampa-totustuus.it\/cattolica\/#organization"},"alternateName":"Rass. Cattolica","potentialAction":[{"@type":"SearchAction","target":{"@type":"EntryPoint","urlTemplate":"https:\/\/www.rassegnastampa-totustuus.it\/cattolica\/?s={search_term_string}"},"query-input":{"@type":"PropertyValueSpecification","valueRequired":true,"valueName":"search_term_string"}}],"inLanguage":"it-IT"},{"@type":"Organization","@id":"https:\/\/www.rassegnastampa-totustuus.it\/cattolica\/#organization","name":"Rassegna Stampa Cattolica","url":"https:\/\/www.rassegnastampa-totustuus.it\/cattolica\/","logo":{"@type":"ImageObject","inLanguage":"it-IT","@id":"https:\/\/www.rassegnastampa-totustuus.it\/cattolica\/#\/schema\/logo\/image\/","url":"https:\/\/www.rassegnastampa-totustuus.it\/cattolica\/wp-content\/uploads\/2014\/04\/logo-rassegna1.gif","contentUrl":"https:\/\/www.rassegnastampa-totustuus.it\/cattolica\/wp-content\/uploads\/2014\/04\/logo-rassegna1.gif","width":600,"height":163,"caption":"Rassegna Stampa Cattolica"},"image":{"@id":"https:\/\/www.rassegnastampa-totustuus.it\/cattolica\/#\/schema\/logo\/image\/"},"sameAs":["https:\/\/www.facebook.com\/rassegnastampacattolica","https:\/\/x.com\/rassegnastampa9"]},{"@type":"Person","@id":"https:\/\/www.rassegnastampa-totustuus.it\/cattolica\/#\/schema\/person\/08f319d2bd1a0904ad9e2bfb7b15e5c3","name":"Redazione","image":{"@type":"ImageObject","inLanguage":"it-IT","@id":"https:\/\/secure.gravatar.com\/avatar\/2fcdf27c78ea025fbdb44e914cc63c72249ffec9dc8aafd5c82b26240ef3f346?s=96&d=mm&r=g","url":"https:\/\/secure.gravatar.com\/avatar\/2fcdf27c78ea025fbdb44e914cc63c72249ffec9dc8aafd5c82b26240ef3f346?s=96&d=mm&r=g","contentUrl":"https:\/\/secure.gravatar.com\/avatar\/2fcdf27c78ea025fbdb44e914cc63c72249ffec9dc8aafd5c82b26240ef3f346?s=96&d=mm&r=g","caption":"Redazione"},"url":"https:\/\/www.rassegnastampa-totustuus.it\/cattolica\/author\/pietroelle\/"}]}},"_links":{"self":[{"href":"https:\/\/www.rassegnastampa-totustuus.it\/cattolica\/wp-json\/wp\/v2\/posts\/54213","targetHints":{"allow":["GET"]}}],"collection":[{"href":"https:\/\/www.rassegnastampa-totustuus.it\/cattolica\/wp-json\/wp\/v2\/posts"}],"about":[{"href":"https:\/\/www.rassegnastampa-totustuus.it\/cattolica\/wp-json\/wp\/v2\/types\/post"}],"author":[{"embeddable":true,"href":"https:\/\/www.rassegnastampa-totustuus.it\/cattolica\/wp-json\/wp\/v2\/users\/6"}],"replies":[{"embeddable":true,"href":"https:\/\/www.rassegnastampa-totustuus.it\/cattolica\/wp-json\/wp\/v2\/comments?post=54213"}],"version-history":[{"count":2,"href":"https:\/\/www.rassegnastampa-totustuus.it\/cattolica\/wp-json\/wp\/v2\/posts\/54213\/revisions"}],"predecessor-version":[{"id":58449,"href":"https:\/\/www.rassegnastampa-totustuus.it\/cattolica\/wp-json\/wp\/v2\/posts\/54213\/revisions\/58449"}],"wp:featuredmedia":[{"embeddable":true,"href":"https:\/\/www.rassegnastampa-totustuus.it\/cattolica\/wp-json\/wp\/v2\/media\/54216"}],"wp:attachment":[{"href":"https:\/\/www.rassegnastampa-totustuus.it\/cattolica\/wp-json\/wp\/v2\/media?parent=54213"}],"wp:term":[{"taxonomy":"category","embeddable":true,"href":"https:\/\/www.rassegnastampa-totustuus.it\/cattolica\/wp-json\/wp\/v2\/categories?post=54213"},{"taxonomy":"post_tag","embeddable":true,"href":"https:\/\/www.rassegnastampa-totustuus.it\/cattolica\/wp-json\/wp\/v2\/tags?post=54213"}],"curies":[{"name":"wp","href":"https:\/\/api.w.org\/{rel}","templated":true}]}}