{"id":54204,"date":"2022-06-02T00:00:13","date_gmt":"2022-06-01T22:00:13","guid":{"rendered":"http:\/\/www.rassegnastampa-totustuus.it\/cattolica\/?p=54204"},"modified":"2024-04-23T18:12:08","modified_gmt":"2024-04-23T16:12:08","slug":"e-il-premio-europa-2022-va-alla-turchia","status":"publish","type":"post","link":"https:\/\/www.rassegnastampa-totustuus.it\/cattolica\/e-il-premio-europa-2022-va-alla-turchia\/","title":{"rendered":"E il Premio Europa 2022 va&#8230;.alla Turchia\u00a0\u00a0"},"content":{"rendered":"<p style=\"text-align: center;\"><span style=\"color: #000000;\"><strong><img loading=\"lazy\" decoding=\"async\" class=\"wp-image-42618 alignright\" src=\"https:\/\/www.rassegnastampa-totustuus.it\/cattolica\/wp-content\/uploads\/2019\/03\/santa_sofia-300x208.jpg\" alt=\"\" width=\"247\" height=\"171\" srcset=\"https:\/\/www.rassegnastampa-totustuus.it\/cattolica\/wp-content\/uploads\/2019\/03\/santa_sofia-300x208.jpg 300w, https:\/\/www.rassegnastampa-totustuus.it\/cattolica\/wp-content\/uploads\/2019\/03\/santa_sofia-768x532.jpg 768w, https:\/\/www.rassegnastampa-totustuus.it\/cattolica\/wp-content\/uploads\/2019\/03\/santa_sofia-1024x710.jpg 1024w, https:\/\/www.rassegnastampa-totustuus.it\/cattolica\/wp-content\/uploads\/2019\/03\/santa_sofia.jpg 1549w\" sizes=\"auto, (max-width: 247px) 100vw, 247px\" \/>Newsletter di Giulio Meotti <\/strong>26 Maggio 2022<\/span><\/p>\n<p style=\"text-align: justify;\"><span style=\"color: #000000;\"><em>Sotto Erdogan vandalizzano i tesori cristiani di Santa Sofia dopo che l&#8217;hanno riconvertita in moschea. Ratzinger ci aveva avvertito (&#8220;la Turchia non \u00e8 Europa&#8221;), ma noi non abbiamo pi\u00f9 onore di civilt\u00e0<\/em><\/span><\/p>\n<p style=\"text-align: center;\"><span style=\"color: #000000;\">di <strong>Giulio Meotti<\/strong><\/span><\/p>\n<p><span style=\"color: #000000;\"><!--more--><\/span><\/p>\n<p style=\"text-align: justify;\"><span style=\"color: #000000;\"><img loading=\"lazy\" decoding=\"async\" class=\" wp-image-35445 alignleft\" src=\"https:\/\/www.rassegnastampa-totustuus.it\/cattolica\/wp-content\/uploads\/2005\/09\/card_Ratzinger.jpg\" alt=\"\" width=\"131\" height=\"178\" \/>Fu in una profetica intervista a <em>Le Figar<\/em><em>o <\/em>che l\u2019allora cardinale Joseph Ratzinger<\/span><span style=\"color: #0000ff;\"><a style=\"color: #0000ff;\" href=\"https:\/\/www.cath.ch\/newsf\/lugano-le-cardinal-ratzinger-oppose-a-l-entree-d-ankara-dans-l-ue\/\"> parl\u00f2<\/a> <\/span><span style=\"color: #000000;\">di Turchia: \u201cL\u2019Europa \u00e8 un continente culturale e non geografico. \u00c8 la sua cultura che le dona una identit\u00e0 comune. Le radici che hanno formato e permesso la formazione di questo continente sono quelle del cristianesimo. <\/span><\/p>\n<p style=\"text-align: justify;\"><span style=\"color: #000000;\">In questo senso, la Turchia ha sempre rappresentato nel corso della storia un altro continente, in permanente contrasto con l\u2019Europa. Ci sono state le guerre con l\u2019impero bizantino, la caduta di Constantinopoli, le guerre balcaniche e la minaccia per Vienna e l\u2019Austria. Penso quindi questo: sarebbe un errore identificare i due continenti\u201d.<\/span><\/p>\n<p style=\"text-align: justify;\"><span style=\"color: #000000;\"><img loading=\"lazy\" decoding=\"async\" class=\"wp-image-50778 alignright\" src=\"https:\/\/www.rassegnastampa-totustuus.it\/cattolica\/wp-content\/uploads\/2021\/04\/Europa_Turchia_Ue-300x169.jpg\" alt=\"\" width=\"250\" height=\"141\" srcset=\"https:\/\/www.rassegnastampa-totustuus.it\/cattolica\/wp-content\/uploads\/2021\/04\/Europa_Turchia_Ue-300x169.jpg 300w, https:\/\/www.rassegnastampa-totustuus.it\/cattolica\/wp-content\/uploads\/2021\/04\/Europa_Turchia_Ue-768x432.jpg 768w, https:\/\/www.rassegnastampa-totustuus.it\/cattolica\/wp-content\/uploads\/2021\/04\/Europa_Turchia_Ue-1024x576.jpg 1024w, https:\/\/www.rassegnastampa-totustuus.it\/cattolica\/wp-content\/uploads\/2021\/04\/Europa_Turchia_Ue.jpg 1280w\" sizes=\"auto, (max-width: 250px) 100vw, 250px\" \/>Ora la citt\u00e0 di<\/span> <span style=\"color: #0000ff;\"><a style=\"color: #0000ff;\" href=\"https:\/\/www.dailysabah.com\/politics\/eu-affairs\/izmir-awarded-2022-europe-prize-for-promoting-european-ideal\">Smirne<\/a><\/span>, <span style=\"color: #000000;\">in Turchia, \u00e8 insignita del \u201cPremio Europa 2022\u201d, che ogni anno \u00e8 conferito alla citt\u00e0 che meglio incarna la \u201cpromozione dell&#8217;ideale europeo\u201d. Il Premio Europa \u00e8 stato creato dall&#8217;Assemblea parlamentare del Consiglio d&#8217;Europa nel 1955 ed \u00e8 il pi\u00f9 alto riconoscimento europeo assegnato a una citt\u00e0.<\/span><\/p>\n<p style=\"text-align: justify;\"><span style=\"color: #000000;\"><em>La strada di Smirne<\/em> di riprese esattamente dove si interrompeva il libro precedente, il fortunatissimo <em>La masseria delle allodole<\/em>. Smirne, citata nell\u2019Apocalisse di Giovanni, fu teatro di un grande massacro di armeni e greci nel 1922 (30.000 cristiani vittime di quella che Winston Churchill defin\u00ec \u201cun\u2019orgia infernale&#8221;). <\/span><\/p>\n<p style=\"text-align: justify;\"><span style=\"color: #000000;\"><img loading=\"lazy\" decoding=\"async\" class=\"wp-image-54205 alignright\" src=\"https:\/\/www.rassegnastampa-totustuus.it\/cattolica\/wp-content\/uploads\/2022\/05\/Arslan_cover_armeni.jpg\" alt=\"\" width=\"115\" height=\"176\" \/>&#8220;Il grande incendio di Smirne&#8221;,<\/span> <a href=\"https:\/\/greekreporter.com\/2014\/09\/12\/remembering-the-great-fire-of-smyrna\/\"><span style=\"color: #0000ff;\">scrisse<\/span><\/a> <span style=\"color: #000000;\">lo scrittore\u00a0 &#8220;fu l&#8217;apice della catastrofe dell&#8217;Asia Minore, mettendo fine a una presenza greca di tremila anni sulla costa egea dell&#8217;Anatolia e cambiando il rapporto tra la popolazione musulmana e non musulmana\u201d.<\/span><\/p>\n<p style=\"text-align: justify;\"><span style=\"color: #000000;\">In che modo oggi la Turchia di Recep Tayyip Erdogan, dove \u00e8 reato parlare di \u201cgenocidio armeno\u201d, incarna la \u201cpromozione dell&#8217;ideale europeo\u201d? Al grido di &#8220;riusciremo ad ammazzarvi tutti&#8221; un gruppo di turchi ha<\/span> <a href=\"https:\/\/www.asianews.it\/notizie-it\/Al-grido-riusciremo-ad-ammazzarvi-tutti,-sacerdote-aggredito-a-Smirne-5352.html\"><span style=\"color: #0000ff;\">aggredito<\/span><\/a> <span style=\"color: #000000;\">un sacerdote a Smirne. Questo \u00e8 l\u2019\u201cideale europeo\u201d? O forse l\u2019arresto del pastore protestante di Smirne,<\/span> <a href=\"https:\/\/www.nytimes.com\/2018\/10\/12\/world\/europe\/turkey-us-pastor-andrew-brunson.html\"><span style=\"color: #0000ff;\">Andrew Brunson<\/span><\/a>?<\/p>\n<p style=\"text-align: justify;\"><span style=\"color: #000000;\"> <img loading=\"lazy\" decoding=\"async\" class=\" wp-image-53682 alignleft\" src=\"https:\/\/www.rassegnastampa-totustuus.it\/cattolica\/wp-content\/uploads\/2022\/03\/Francia_Islam_Europa-300x169.jpg\" alt=\"\" width=\"259\" height=\"146\" srcset=\"https:\/\/www.rassegnastampa-totustuus.it\/cattolica\/wp-content\/uploads\/2022\/03\/Francia_Islam_Europa-300x169.jpg 300w, https:\/\/www.rassegnastampa-totustuus.it\/cattolica\/wp-content\/uploads\/2022\/03\/Francia_Islam_Europa-768x432.jpg 768w, https:\/\/www.rassegnastampa-totustuus.it\/cattolica\/wp-content\/uploads\/2022\/03\/Francia_Islam_Europa-1024x576.jpg 1024w, https:\/\/www.rassegnastampa-totustuus.it\/cattolica\/wp-content\/uploads\/2022\/03\/Francia_Islam_Europa.jpg 1280w\" sizes=\"auto, (max-width: 259px) 100vw, 259px\" \/>Ma per chi sa cosa sia diventato il Consiglio d\u2019Europa, nessuna sorpresa. A novembre una campagna che celebra la &#8220;libert\u00e0 nel velo islamico&#8221; \u00e8 stata lanciata dal Consiglio d&#8217;Europa, finanziata dall&#8217;Unione Europea all\u2019interno di un programma del valore di <a style=\"color: #000000;\" href=\"https:\/\/www.lefigaro.fr\/actualite-france\/la-liberte-dans-le-hijab-une-campagne-de-communication-du-conseil-de-l-europe-fait-polemique-20211102\">439 milioni<\/a>. <\/span><\/p>\n<p style=\"text-align: justify;\"><span style=\"color: #000000;\">Il settimanale francese <\/span><span style=\"color: #0000ff;\"><em><a style=\"color: #0000ff;\" href=\"https:\/\/www.lefigaro.fr\/actualite-france\/la-liberte-dans-le-hijab-une-campagne-de-communication-du-conseil-de-l-europe-fait-polemique-20211102\">Marianne<\/a><\/em><\/span> <span style=\"color: #000000;\">ha rivelato che dietro questa iniziativa c\u2019\u00e8 la \u201cgalassia dei Fratelli Musulmani\u201d, che hanno nella Turchia di Erdogan una delle proprie basi. Lo stesso Consiglio d&#8217;Europa &#8211; che ha l\u2019italiana Gabriella Battaini-Dragoni come vicepresidente \u2013 ha <span style=\"color: #0000ff;\"><a style=\"color: #0000ff;\" href=\"https:\/\/www.aa.com.tr\/en\/europe\/council-of-europe-asks-austria-to-withdraw-controversial-islam-map-\/2259952\">chiesto<\/a> <\/span>all\u2019Austria di ritirare la mappa delle moschee e dell\u2019Islam politico. Lo stesso Consiglio d\u2019Europa che ha<\/span> <span style=\"color: #0000ff;\"><a style=\"color: #0000ff;\" href=\"https:\/\/www.euractiv.com\/section\/languages-culture\/opinion\/it-s-time-to-take-action-against-islamophobia-in-europe\/\">istituito<\/a> <\/span>l<span style=\"color: #000000;\">a \u201cGiornata europea contro l\u2019islamofobia\u201d.<\/span><\/p>\n<p style=\"text-align: justify;\"><span style=\"color: #000000;\">Intanto, l\u2019Europa tace su quanto avviene alla pi\u00f9 grande basilica della storia cristiana d\u2019Oriente. <\/span><\/p>\n<p style=\"text-align: justify;\"><a href=\"https:\/\/orthodoxtimes.com\/new-turkish-provocation-in-hagia-sophia-dozens-of-students-recited-the-quran\/\"><span style=\"color: #0000ff;\">Nuovo affronto turco a Santa Sofia<\/span><\/a> <span style=\"color: #000000;\">a Istanbul: decine di <img loading=\"lazy\" decoding=\"async\" class=\"size-full wp-image-54206 alignright\" src=\"https:\/\/www.rassegnastampa-totustuus.it\/cattolica\/wp-content\/uploads\/2022\/05\/Turchia_Santa_Sofia.jpg\" alt=\"\" width=\"261\" height=\"193\" \/>studenti che recitano il Corano, come in una madrassa, e il presidente Erdogan che annuncia che &#8220;metteremo la moschea di Santa Sofia nei nostri passaporti&#8221;, a dimostrazione dell&#8217;ossessione ideologica turca per la pi\u00f9 bella e importante basilica della cristianit\u00e0 orientale. Da quando \u00e8 salito al potere Erdogan ha costruito<\/span> <span style=\"color: #0000ff;\"><a style=\"color: #0000ff;\" href=\"https:\/\/www.reuters.com\/article\/idUSKCN24P19V\">13.000 moschee<\/a>.<\/span> <span style=\"color: #000000;\">Ma nel francobollo turco doveva metterci proprio l\u2019ex basilica islamizzata.<\/span><\/p>\n<div id=\"attachment_54208\" style=\"width: 300px\" class=\"wp-caption alignleft\"><img loading=\"lazy\" decoding=\"async\" aria-describedby=\"caption-attachment-54208\" class=\"wp-image-54208 size-medium\" src=\"https:\/\/www.rassegnastampa-totustuus.it\/cattolica\/wp-content\/uploads\/2022\/05\/Turchia_vandali_Santa-Sofia-300x188.jpeg\" alt=\"\" width=\"300\" height=\"188\" srcset=\"https:\/\/www.rassegnastampa-totustuus.it\/cattolica\/wp-content\/uploads\/2022\/05\/Turchia_vandali_Santa-Sofia-300x188.jpeg 300w, https:\/\/www.rassegnastampa-totustuus.it\/cattolica\/wp-content\/uploads\/2022\/05\/Turchia_vandali_Santa-Sofia.jpeg 472w\" sizes=\"auto, (max-width: 300px) 100vw, 300px\" \/><p id=\"caption-attachment-54208\" class=\"wp-caption-text\">donne islamiche staccano i mosaici dalle pareti<\/p><\/div>\n<p style=\"text-align: justify;\"><span style=\"color: #000000;\">Intanto, i turchi vandalizzano Santa Sofia. Il<\/span><span style=\"color: #0000ff;\"> <a style=\"color: #0000ff;\" href=\"https:\/\/www.asianews.it\/news-en\/Damage-to-Istanbuls-Hagia-Sophia-%27mosque%27-blamed-on-neglect-by-the-Turkish-government-55841.html\">danneggiamento<\/a><\/span> <span style=\"color: #000000;\">riguarda non solo le porte imperiali. Serif Yasar, capo del sindacato turco che riunisce gli studiosi di Storia dell\u2019arte, dice che il danno alle porte \u201cpotrebbe essere il primo di molti disastri al sito patrimonio mondiale\u201d a causa del crescente stato di \u201cabbandono\u201d. <\/span><\/p>\n<p style=\"text-align: justify;\"><span style=\"color: #000000;\">E avverte che \u201cse non verranno prese misure precauzionali per proteggere\u201d l\u2019edificio patrimonio Unesco, la cupola di Hagia Sophia \u201crischia di crollare abbattendosi sui fedeli entro il 2050\u201d.\u00a0Poi \u00e8 stato spezzato un antico<\/span><a href=\"https:\/\/www.duvarenglish.com\/ancient-water-reservoir-broken-at-iconic-hagia-sophia-in-new-vandalism-news-60842\"><span style=\"color: #0000ff;\"> aspersorio<\/span><\/a> <span style=\"color: #000000;\">per l\u2019acqua benedetta.<\/span><\/p>\n<p style=\"text-align: justify;\"><span style=\"color: #000000;\"> <img loading=\"lazy\" decoding=\"async\" class=\"size-full wp-image-54209 alignright\" src=\"https:\/\/www.rassegnastampa-totustuus.it\/cattolica\/wp-content\/uploads\/2022\/05\/Turchia_Santa_Sofia-1.jpg\" alt=\"\" width=\"290\" height=\"174\" \/>Lo scorso aprile,<\/span> <span style=\"color: #0000ff;\"><a style=\"color: #0000ff;\" href=\"https:\/\/www.firstpost.com\/world\/explained-why-turkeys-hagia-sophia-is-holding-ramzan-prayers-after-88-years-10516901.html\">per la prima volta da 88 anni<\/a>,<\/span> <span style=\"color: #000000;\">decine di migliaia di fedeli si sono ritrovati a Santa Sofia per celebrare il Ramadan. Sui social ci sono anche<\/span> <a href=\"https:\/\/www.keeptalkinggreece.com\/2022\/05\/25\/new-vandalism-in-hagia-sophia-souvenirs-from-walls-hoping-for-a-miracle\/\">i<span style=\"color: #0000ff;\">mmagini<\/span><\/a> <span style=\"color: #000000;\">di donne turche in visita a Santa Sofia che staccano pezzi dei mosaici dalle pareti.<\/span><\/p>\n<p style=\"text-align: justify;\"><span style=\"color: #000000;\"><img loading=\"lazy\" decoding=\"async\" class=\"size-medium wp-image-54211 alignleft\" src=\"https:\/\/www.rassegnastampa-totustuus.it\/cattolica\/wp-content\/uploads\/2022\/05\/Turchia_Santa_Sofia_decreto_moschea-300x199.jpeg\" alt=\"\" width=\"300\" height=\"199\" srcset=\"https:\/\/www.rassegnastampa-totustuus.it\/cattolica\/wp-content\/uploads\/2022\/05\/Turchia_Santa_Sofia_decreto_moschea-300x199.jpeg 300w, https:\/\/www.rassegnastampa-totustuus.it\/cattolica\/wp-content\/uploads\/2022\/05\/Turchia_Santa_Sofia_decreto_moschea.jpeg 475w\" sizes=\"auto, (max-width: 300px) 100vw, 300px\" \/>Quando entri a Santa Sofia oggi ti d\u00e0 il benvenuto il decreto con cui Erdogan ha ordinato la riconversione di Santa Sofia in moschea. Gi\u00e0 Ali Erbas, l\u2019imam capo del Diyanet, il ministero religioso turco, si era presentato sul minbar (il pulpito della moschea) di Santa Sofia brandendo la spada, a rivendicare il diritto alla conquista islamica sull\u2019edificio. \u201cScimitarra sul pulpito\u201d, titolava la<\/span> <em><a href=\"https:\/\/www.sueddeutsche.de\/kultur\/tuerkei-hagia-sophia-erdogan-1.5362960\"><span style=\"color: #0000ff;\">Suddeutsche Zeitung<\/span><\/a><\/em> <span style=\"color: #000000;\">tedesca. Era chiaro cosa volessero fare di quel che restava della basilica.<\/span><\/p>\n<p style=\"text-align: justify;\"><span style=\"color: #000000;\">I mosaici cristiani di Santa Sofia sono sempre ricoperti da tende. \u201cOra sono nascosti dietro a una tenda\u201d,<\/span> <span style=\"color: #0000ff;\"><a style=\"color: #0000ff;\" href=\"https:\/\/thepoliticbackend.org\/divided-sanctuary-claiming-the-hagia-sophia-turkeys-religious-battleground\/\">ha detto<\/a><\/span> <span style=\"color: #000000;\">Mehmet Boynukalin, uno dei tre imam di Santa Sofia, in un dossier pubblicato da Yale. Il pi\u00f9 suggestivo di questi \u00e8 il famoso mosaico della &#8220;Vergine Maria e Ges\u00f9 Bambino&#8221;. Gli angeli invece non sono coperti. I musharifin, cos\u00ec in arabo, hanno un posto importante nell&#8217;Islam. Adesso per entrare nell\u2019ex basilica anche i turisti si devono togliere le scarpe, come si fa in ogni moschea.<\/span><\/p>\n<p style=\"text-align: justify;\"><span style=\"color: #000000;\"> <img loading=\"lazy\" decoding=\"async\" class=\"size-full wp-image-54207 alignright\" src=\"https:\/\/www.rassegnastampa-totustuus.it\/cattolica\/wp-content\/uploads\/2022\/05\/Turchia_chiese_moschee.jpg\" alt=\"\" width=\"259\" height=\"195\" \/>C\u2019erano nove chiese che portavano il nome di Santa Sofia e i turchi sotto Erdogan le hanno riconvertite tutte in moschee \u00a0Oltre a Santa Sofia a Istanbul,<\/span> <span style=\"color: #0000ff;\"><a style=\"color: #0000ff;\" href=\"https:\/\/www.dw.com\/en\/like-hagia-sophia-turkey-to-reconvert-chora-museum-into-mosque\/a-54713753\">Chora<\/a>, <a style=\"color: #0000ff;\" href=\"https:\/\/www.hurriyetdailynews.com\/historic-hagia-sophia-in-a-turkish-province-to-be-re-opened-as-mosque--81776\">Edirne<\/a><\/span> <span style=\"color: #000000;\">(Adrianopoli),<\/span> <a href=\"https:\/\/www.hurriyetdailynews.com\/hagia-sophia-a-mosque-of-conquest-in-iznik-133229\"><span style=\"color: #0000ff;\">Iznik<\/span><\/a> <span style=\"color: #000000;\">(Nicea) e <a style=\"color: #000000;\" href=\"http:\/\/www.fides.org\/en\/news\/60044-ASIA_TURKEY_The_frescoes_in_the_ancient_church_of_Trabzon_destroyed_transformed_into_a_mosque\">Trebisonda<\/a>, dove sono stati anche vandalizzati gli affreschi cristiani nei lavori di conversione in moschea.<\/span><\/p>\n<p style=\"text-align: justify;\"><span style=\"color: #000000;\"> Il quotidiano turco<\/span> <em><a href=\"https:\/\/www.cumhuriyet.com.tr\/turkiye\/bu-yuku-kaldirabilecek-mi-1937235\"><span style=\"color: #0000ff;\">Cumhuriyet<\/span><\/a><\/em> <span style=\"color: #000000;\">scrive questa settimana che se continua cos\u00ec Santa Sofia \u201cnon arriver\u00e0 al 2050\u201d. Nel silenzio dei media occidentali, delle nostre chiese, dei politici europei.<\/span><\/p>\n<p style=\"text-align: justify;\"><span style=\"color: #000000;\"><img loading=\"lazy\" decoding=\"async\" class=\" wp-image-18918 alignleft\" src=\"https:\/\/www.rassegnastampa-totustuus.it\/cattolica\/wp-content\/uploads\/2009\/04\/chiesa-moschea.jpg\" alt=\"\" width=\"162\" height=\"234\" \/>Intanto, la Turchia continua a finanziare la costruzione di nuove moschee in Europa. Come in questi giorni a<\/span> <a href=\"https:\/\/caucasefrance.com\/2022\/05\/sable-sur-sarthe-lassociation-franco-turque-ouvre-sa-mosquee\/\"><span style=\"color: #0000ff;\">Sabl\u00e9-sur-Sarthe<\/span><\/a><span style=\"color: #0000ff;\">,<\/span> <span style=\"color: #000000;\">in Francia. In Germania <a style=\"color: #000000;\" href=\"https:\/\/www.dw.com\/en\/erdogan-in-germany-what-you-need-to-know-about-ditib-mosque-association\/a-45676937\">un terzo<\/a> di tutti i centri islamici dipendono dalla Turchia, come 146 delle<\/span> <span style=\"color: #0000ff;\"><a style=\"color: #0000ff;\" href=\"https:\/\/www.researchgate.net\/publication\/323520630_Diyanet_as_a_Turkish_Foreign_Policy_Tool_Evidence_from_the_Netherlands_and_Bulgaria\">475 moschee in Olanda<\/a><\/span> <span style=\"color: #000000;\">e in<\/span><span style=\"color: #0000ff;\"> <a style=\"color: #0000ff;\" href=\"https:\/\/erpic.org\/wp-content\/uploads\/2019\/09\/Turkish-Islamic-Organizations-in-Europe-August-2016-For-Publication.pdf\">Austria<\/a><\/span> <span style=\"color: #000000;\">58 moschee su 250.<\/span><\/p>\n<p style=\"text-align: justify;\"><span style=\"color: #000000;\">La paura che l&#8217;Islam possa avanzare e dominare l&#8217;Europa cristiana fu espressa, senza mezzi termini, da Giuseppe Germano Bernardini, vescovo proprio della citt\u00e0 di Smirne, intervenuto al sinodo europeo in Vaticano nel 1999. \u201cIl &#8216;dominio&#8217; &#8211; disse Bernardini davanti ai vescovi e a Papa <img loading=\"lazy\" decoding=\"async\" class=\" wp-image-47974 alignright\" src=\"https:\/\/www.rassegnastampa-totustuus.it\/cattolica\/wp-content\/uploads\/2020\/07\/Islam_Europa-300x169.jpg\" alt=\"\" width=\"270\" height=\"152\" srcset=\"https:\/\/www.rassegnastampa-totustuus.it\/cattolica\/wp-content\/uploads\/2020\/07\/Islam_Europa-300x169.jpg 300w, https:\/\/www.rassegnastampa-totustuus.it\/cattolica\/wp-content\/uploads\/2020\/07\/Islam_Europa-768x432.jpg 768w, https:\/\/www.rassegnastampa-totustuus.it\/cattolica\/wp-content\/uploads\/2020\/07\/Islam_Europa-1024x576.jpg 1024w, https:\/\/www.rassegnastampa-totustuus.it\/cattolica\/wp-content\/uploads\/2020\/07\/Islam_Europa.jpg 1280w\" sizes=\"auto, (max-width: 270px) 100vw, 270px\" \/>Wojtyla &#8211; \u00e8 gi\u00e0 cominciato con i petroldollari, usati non per creare lavoro nei paesi poveri del Nord Africa e del Medio Oriente, ma per costruire moschee e centri culturali nei paesi cristiani dell&#8217;immigrazione islamica, compresa Roma, centro della cristianit\u00e0. Come non vedere in tutto questo un chiaro programma di espansione e di riconquista?\u201d (1).\u00a0<\/span><\/p>\n<p style=\"text-align: justify;\"><span style=\"color: #000000;\">\u00a0 Ma era il tempo in cui nella Chiesa si sapeva ancora vedere e parlare chiaro\u2026<\/span><\/p>\n<p style=\"text-align: center;\">___________________<\/p>\n<p style=\"text-align: justify;\"><span style=\"color: #000000;\"><strong>1) <\/strong><em>Sinodo Europa: denuncia vescovo, islam vuole dominarci<\/em>, Ansa, 13 ottobre 1999<\/span><\/p>\n<p>______________________________________<\/p>\n<p><strong>Leggi anche:<\/strong><\/p>\n<p><a href=\"https:\/\/www.rassegnastampa-totustuus.it\/cattolica\/continua-lislamizzazione-della-turchia-nel-silenzio-dellue\/\" target=\"_blank\" rel=\"noopener\"><span style=\"color: #0000ff;\">Continua l\u2019islamizzazione della Turchia nel silenzio dell\u2019Ue<\/span><\/a><\/p>\n","protected":false},"excerpt":{"rendered":"<p>Newsletter di Giulio Meotti 26 Maggio 2022 Sotto Erdogan vandalizzano i tesori cristiani di Santa Sofia dopo che l&#8217;hanno riconvertita in moschea. Ratzinger ci aveva avvertito (&#8220;la Turchia non \u00e8 Europa&#8221;), ma noi non abbiamo pi\u00f9 onore di civilt\u00e0 di Giulio Meotti<\/p><p><a class=\"more-link btn\" href=\"https:\/\/www.rassegnastampa-totustuus.it\/cattolica\/e-il-premio-europa-2022-va-alla-turchia\/\">Continua a leggere<\/a><\/p>\n","protected":false},"author":6,"featured_media":50778,"comment_status":"closed","ping_status":"closed","sticky":false,"template":"","format":"standard","meta":{"footnotes":""},"categories":[16,111,108],"tags":[161,2408,545,535],"class_list":["post-54204","post","type-post","status-publish","format-standard","has-post-thumbnail","hentry","category-islam","category-islam-in-europa","category-paesi-e-continenti","tag-islam-2","tag-islam-in-europa","tag-paesi-e-continenti-2","tag-turchia","item-wrap"],"yoast_head":"<!-- This site is optimized with the Yoast SEO plugin v27.5 - https:\/\/yoast.com\/product\/yoast-seo-wordpress\/ -->\n<title>E il Premio Europa 2022 va....alla Turchia\u00a0\u00a0 - Rassegna Stampa Cattolica<\/title>\n<meta name=\"description\" content=\"E il Premio Europa 2022 va....alla Turchia nonostante Erdogan vandalizzi i tesori cristiani di Santa Sofia riconvertita in moschea\" \/>\n<meta name=\"robots\" content=\"index, follow, max-snippet:-1, max-image-preview:large, max-video-preview:-1\" \/>\n<link rel=\"canonical\" href=\"https:\/\/www.rassegnastampa-totustuus.it\/cattolica\/e-il-premio-europa-2022-va-alla-turchia\/\" \/>\n<meta property=\"og:locale\" content=\"it_IT\" \/>\n<meta property=\"og:type\" content=\"article\" \/>\n<meta property=\"og:title\" content=\"E il Premio Europa 2022 va....alla Turchia\u00a0\u00a0 - Rassegna Stampa Cattolica\" \/>\n<meta property=\"og:description\" content=\"E il Premio Europa 2022 va....alla Turchia nonostante Erdogan vandalizzi i tesori cristiani di Santa Sofia riconvertita in moschea\" \/>\n<meta property=\"og:url\" content=\"https:\/\/www.rassegnastampa-totustuus.it\/cattolica\/e-il-premio-europa-2022-va-alla-turchia\/\" \/>\n<meta property=\"og:site_name\" content=\"Rassegna Stampa Cattolica\" \/>\n<meta property=\"article:publisher\" content=\"https:\/\/www.facebook.com\/rassegnastampacattolica\" \/>\n<meta property=\"article:published_time\" content=\"2022-06-01T22:00:13+00:00\" \/>\n<meta property=\"article:modified_time\" content=\"2024-04-23T16:12:08+00:00\" \/>\n<meta property=\"og:image\" content=\"https:\/\/www.rassegnastampa-totustuus.it\/cattolica\/wp-content\/uploads\/2021\/04\/Europa_Turchia_Ue.jpg\" \/>\n\t<meta property=\"og:image:width\" content=\"1280\" \/>\n\t<meta property=\"og:image:height\" content=\"720\" \/>\n\t<meta property=\"og:image:type\" content=\"image\/jpeg\" \/>\n<meta name=\"author\" content=\"Redazione\" \/>\n<meta name=\"twitter:card\" content=\"summary_large_image\" \/>\n<meta name=\"twitter:creator\" content=\"@rassegnastampa9\" \/>\n<meta name=\"twitter:site\" content=\"@rassegnastampa9\" \/>\n<meta name=\"twitter:label1\" content=\"Scritto da\" \/>\n\t<meta name=\"twitter:data1\" content=\"Redazione\" \/>\n\t<meta name=\"twitter:label2\" content=\"Tempo di lettura stimato\" \/>\n\t<meta name=\"twitter:data2\" content=\"9 minuti\" \/>\n<script type=\"application\/ld+json\" class=\"yoast-schema-graph\">{\"@context\":\"https:\\\/\\\/schema.org\",\"@graph\":[{\"@type\":\"Article\",\"@id\":\"https:\\\/\\\/www.rassegnastampa-totustuus.it\\\/cattolica\\\/e-il-premio-europa-2022-va-alla-turchia\\\/#article\",\"isPartOf\":{\"@id\":\"https:\\\/\\\/www.rassegnastampa-totustuus.it\\\/cattolica\\\/e-il-premio-europa-2022-va-alla-turchia\\\/\"},\"author\":{\"name\":\"Redazione\",\"@id\":\"https:\\\/\\\/www.rassegnastampa-totustuus.it\\\/cattolica\\\/#\\\/schema\\\/person\\\/08f319d2bd1a0904ad9e2bfb7b15e5c3\"},\"headline\":\"E il Premio Europa 2022 va&#8230;.alla Turchia\u00a0\u00a0\",\"datePublished\":\"2022-06-01T22:00:13+00:00\",\"dateModified\":\"2024-04-23T16:12:08+00:00\",\"mainEntityOfPage\":{\"@id\":\"https:\\\/\\\/www.rassegnastampa-totustuus.it\\\/cattolica\\\/e-il-premio-europa-2022-va-alla-turchia\\\/\"},\"wordCount\":1109,\"publisher\":{\"@id\":\"https:\\\/\\\/www.rassegnastampa-totustuus.it\\\/cattolica\\\/#organization\"},\"image\":{\"@id\":\"https:\\\/\\\/www.rassegnastampa-totustuus.it\\\/cattolica\\\/e-il-premio-europa-2022-va-alla-turchia\\\/#primaryimage\"},\"thumbnailUrl\":\"https:\\\/\\\/www.rassegnastampa-totustuus.it\\\/cattolica\\\/wp-content\\\/uploads\\\/2021\\\/04\\\/Europa_Turchia_Ue.jpg\",\"keywords\":[\"islam\",\"Islam in Europa\",\"paesi e continenti\",\"Turchia\"],\"articleSection\":[\"Islam\",\"Islam in Europa\",\"Paesi e continenti\"],\"inLanguage\":\"it-IT\"},{\"@type\":\"WebPage\",\"@id\":\"https:\\\/\\\/www.rassegnastampa-totustuus.it\\\/cattolica\\\/e-il-premio-europa-2022-va-alla-turchia\\\/\",\"url\":\"https:\\\/\\\/www.rassegnastampa-totustuus.it\\\/cattolica\\\/e-il-premio-europa-2022-va-alla-turchia\\\/\",\"name\":\"E il Premio Europa 2022 va....alla Turchia\u00a0\u00a0 - Rassegna Stampa Cattolica\",\"isPartOf\":{\"@id\":\"https:\\\/\\\/www.rassegnastampa-totustuus.it\\\/cattolica\\\/#website\"},\"primaryImageOfPage\":{\"@id\":\"https:\\\/\\\/www.rassegnastampa-totustuus.it\\\/cattolica\\\/e-il-premio-europa-2022-va-alla-turchia\\\/#primaryimage\"},\"image\":{\"@id\":\"https:\\\/\\\/www.rassegnastampa-totustuus.it\\\/cattolica\\\/e-il-premio-europa-2022-va-alla-turchia\\\/#primaryimage\"},\"thumbnailUrl\":\"https:\\\/\\\/www.rassegnastampa-totustuus.it\\\/cattolica\\\/wp-content\\\/uploads\\\/2021\\\/04\\\/Europa_Turchia_Ue.jpg\",\"datePublished\":\"2022-06-01T22:00:13+00:00\",\"dateModified\":\"2024-04-23T16:12:08+00:00\",\"description\":\"E il Premio Europa 2022 va....alla Turchia nonostante Erdogan vandalizzi i tesori cristiani di Santa Sofia riconvertita in moschea\",\"breadcrumb\":{\"@id\":\"https:\\\/\\\/www.rassegnastampa-totustuus.it\\\/cattolica\\\/e-il-premio-europa-2022-va-alla-turchia\\\/#breadcrumb\"},\"inLanguage\":\"it-IT\",\"potentialAction\":[{\"@type\":\"ReadAction\",\"target\":[\"https:\\\/\\\/www.rassegnastampa-totustuus.it\\\/cattolica\\\/e-il-premio-europa-2022-va-alla-turchia\\\/\"]}]},{\"@type\":\"ImageObject\",\"inLanguage\":\"it-IT\",\"@id\":\"https:\\\/\\\/www.rassegnastampa-totustuus.it\\\/cattolica\\\/e-il-premio-europa-2022-va-alla-turchia\\\/#primaryimage\",\"url\":\"https:\\\/\\\/www.rassegnastampa-totustuus.it\\\/cattolica\\\/wp-content\\\/uploads\\\/2021\\\/04\\\/Europa_Turchia_Ue.jpg\",\"contentUrl\":\"https:\\\/\\\/www.rassegnastampa-totustuus.it\\\/cattolica\\\/wp-content\\\/uploads\\\/2021\\\/04\\\/Europa_Turchia_Ue.jpg\",\"width\":1280,\"height\":720},{\"@type\":\"BreadcrumbList\",\"@id\":\"https:\\\/\\\/www.rassegnastampa-totustuus.it\\\/cattolica\\\/e-il-premio-europa-2022-va-alla-turchia\\\/#breadcrumb\",\"itemListElement\":[{\"@type\":\"ListItem\",\"position\":1,\"name\":\"Home\",\"item\":\"https:\\\/\\\/www.rassegnastampa-totustuus.it\\\/cattolica\\\/\"},{\"@type\":\"ListItem\",\"position\":2,\"name\":\"E il Premio Europa 2022 va&#8230;.alla Turchia\u00a0\u00a0\"}]},{\"@type\":\"WebSite\",\"@id\":\"https:\\\/\\\/www.rassegnastampa-totustuus.it\\\/cattolica\\\/#website\",\"url\":\"https:\\\/\\\/www.rassegnastampa-totustuus.it\\\/cattolica\\\/\",\"name\":\"Rassegna Stampa Cattolica\",\"description\":\"Per una cultura che nasce dalla Rivelazione cristiana in conformit\u00e0 alla tradizione e al Magistero della Chiesa in opposizione ad ogni relativismo e totalitarismo\",\"publisher\":{\"@id\":\"https:\\\/\\\/www.rassegnastampa-totustuus.it\\\/cattolica\\\/#organization\"},\"alternateName\":\"Rass. Cattolica\",\"potentialAction\":[{\"@type\":\"SearchAction\",\"target\":{\"@type\":\"EntryPoint\",\"urlTemplate\":\"https:\\\/\\\/www.rassegnastampa-totustuus.it\\\/cattolica\\\/?s={search_term_string}\"},\"query-input\":{\"@type\":\"PropertyValueSpecification\",\"valueRequired\":true,\"valueName\":\"search_term_string\"}}],\"inLanguage\":\"it-IT\"},{\"@type\":\"Organization\",\"@id\":\"https:\\\/\\\/www.rassegnastampa-totustuus.it\\\/cattolica\\\/#organization\",\"name\":\"Rassegna Stampa Cattolica\",\"url\":\"https:\\\/\\\/www.rassegnastampa-totustuus.it\\\/cattolica\\\/\",\"logo\":{\"@type\":\"ImageObject\",\"inLanguage\":\"it-IT\",\"@id\":\"https:\\\/\\\/www.rassegnastampa-totustuus.it\\\/cattolica\\\/#\\\/schema\\\/logo\\\/image\\\/\",\"url\":\"https:\\\/\\\/www.rassegnastampa-totustuus.it\\\/cattolica\\\/wp-content\\\/uploads\\\/2014\\\/04\\\/logo-rassegna1.gif\",\"contentUrl\":\"https:\\\/\\\/www.rassegnastampa-totustuus.it\\\/cattolica\\\/wp-content\\\/uploads\\\/2014\\\/04\\\/logo-rassegna1.gif\",\"width\":600,\"height\":163,\"caption\":\"Rassegna Stampa Cattolica\"},\"image\":{\"@id\":\"https:\\\/\\\/www.rassegnastampa-totustuus.it\\\/cattolica\\\/#\\\/schema\\\/logo\\\/image\\\/\"},\"sameAs\":[\"https:\\\/\\\/www.facebook.com\\\/rassegnastampacattolica\",\"https:\\\/\\\/x.com\\\/rassegnastampa9\"]},{\"@type\":\"Person\",\"@id\":\"https:\\\/\\\/www.rassegnastampa-totustuus.it\\\/cattolica\\\/#\\\/schema\\\/person\\\/08f319d2bd1a0904ad9e2bfb7b15e5c3\",\"name\":\"Redazione\",\"image\":{\"@type\":\"ImageObject\",\"inLanguage\":\"it-IT\",\"@id\":\"https:\\\/\\\/secure.gravatar.com\\\/avatar\\\/2fcdf27c78ea025fbdb44e914cc63c72249ffec9dc8aafd5c82b26240ef3f346?s=96&d=mm&r=g\",\"url\":\"https:\\\/\\\/secure.gravatar.com\\\/avatar\\\/2fcdf27c78ea025fbdb44e914cc63c72249ffec9dc8aafd5c82b26240ef3f346?s=96&d=mm&r=g\",\"contentUrl\":\"https:\\\/\\\/secure.gravatar.com\\\/avatar\\\/2fcdf27c78ea025fbdb44e914cc63c72249ffec9dc8aafd5c82b26240ef3f346?s=96&d=mm&r=g\",\"caption\":\"Redazione\"},\"url\":\"https:\\\/\\\/www.rassegnastampa-totustuus.it\\\/cattolica\\\/author\\\/pietroelle\\\/\"}]}<\/script>\n<!-- \/ Yoast SEO plugin. -->","yoast_head_json":{"title":"E il Premio Europa 2022 va....alla Turchia\u00a0\u00a0 - Rassegna Stampa Cattolica","description":"E il Premio Europa 2022 va....alla Turchia nonostante Erdogan vandalizzi i tesori cristiani di Santa Sofia riconvertita in moschea","robots":{"index":"index","follow":"follow","max-snippet":"max-snippet:-1","max-image-preview":"max-image-preview:large","max-video-preview":"max-video-preview:-1"},"canonical":"https:\/\/www.rassegnastampa-totustuus.it\/cattolica\/e-il-premio-europa-2022-va-alla-turchia\/","og_locale":"it_IT","og_type":"article","og_title":"E il Premio Europa 2022 va....alla Turchia\u00a0\u00a0 - Rassegna Stampa Cattolica","og_description":"E il Premio Europa 2022 va....alla Turchia nonostante Erdogan vandalizzi i tesori cristiani di Santa Sofia riconvertita in moschea","og_url":"https:\/\/www.rassegnastampa-totustuus.it\/cattolica\/e-il-premio-europa-2022-va-alla-turchia\/","og_site_name":"Rassegna Stampa Cattolica","article_publisher":"https:\/\/www.facebook.com\/rassegnastampacattolica","article_published_time":"2022-06-01T22:00:13+00:00","article_modified_time":"2024-04-23T16:12:08+00:00","og_image":[{"width":1280,"height":720,"url":"https:\/\/www.rassegnastampa-totustuus.it\/cattolica\/wp-content\/uploads\/2021\/04\/Europa_Turchia_Ue.jpg","type":"image\/jpeg"}],"author":"Redazione","twitter_card":"summary_large_image","twitter_creator":"@rassegnastampa9","twitter_site":"@rassegnastampa9","twitter_misc":{"Scritto da":"Redazione","Tempo di lettura stimato":"9 minuti"},"schema":{"@context":"https:\/\/schema.org","@graph":[{"@type":"Article","@id":"https:\/\/www.rassegnastampa-totustuus.it\/cattolica\/e-il-premio-europa-2022-va-alla-turchia\/#article","isPartOf":{"@id":"https:\/\/www.rassegnastampa-totustuus.it\/cattolica\/e-il-premio-europa-2022-va-alla-turchia\/"},"author":{"name":"Redazione","@id":"https:\/\/www.rassegnastampa-totustuus.it\/cattolica\/#\/schema\/person\/08f319d2bd1a0904ad9e2bfb7b15e5c3"},"headline":"E il Premio Europa 2022 va&#8230;.alla Turchia\u00a0\u00a0","datePublished":"2022-06-01T22:00:13+00:00","dateModified":"2024-04-23T16:12:08+00:00","mainEntityOfPage":{"@id":"https:\/\/www.rassegnastampa-totustuus.it\/cattolica\/e-il-premio-europa-2022-va-alla-turchia\/"},"wordCount":1109,"publisher":{"@id":"https:\/\/www.rassegnastampa-totustuus.it\/cattolica\/#organization"},"image":{"@id":"https:\/\/www.rassegnastampa-totustuus.it\/cattolica\/e-il-premio-europa-2022-va-alla-turchia\/#primaryimage"},"thumbnailUrl":"https:\/\/www.rassegnastampa-totustuus.it\/cattolica\/wp-content\/uploads\/2021\/04\/Europa_Turchia_Ue.jpg","keywords":["islam","Islam in Europa","paesi e continenti","Turchia"],"articleSection":["Islam","Islam in Europa","Paesi e continenti"],"inLanguage":"it-IT"},{"@type":"WebPage","@id":"https:\/\/www.rassegnastampa-totustuus.it\/cattolica\/e-il-premio-europa-2022-va-alla-turchia\/","url":"https:\/\/www.rassegnastampa-totustuus.it\/cattolica\/e-il-premio-europa-2022-va-alla-turchia\/","name":"E il Premio Europa 2022 va....alla Turchia\u00a0\u00a0 - Rassegna Stampa Cattolica","isPartOf":{"@id":"https:\/\/www.rassegnastampa-totustuus.it\/cattolica\/#website"},"primaryImageOfPage":{"@id":"https:\/\/www.rassegnastampa-totustuus.it\/cattolica\/e-il-premio-europa-2022-va-alla-turchia\/#primaryimage"},"image":{"@id":"https:\/\/www.rassegnastampa-totustuus.it\/cattolica\/e-il-premio-europa-2022-va-alla-turchia\/#primaryimage"},"thumbnailUrl":"https:\/\/www.rassegnastampa-totustuus.it\/cattolica\/wp-content\/uploads\/2021\/04\/Europa_Turchia_Ue.jpg","datePublished":"2022-06-01T22:00:13+00:00","dateModified":"2024-04-23T16:12:08+00:00","description":"E il Premio Europa 2022 va....alla Turchia nonostante Erdogan vandalizzi i tesori cristiani di Santa Sofia riconvertita in moschea","breadcrumb":{"@id":"https:\/\/www.rassegnastampa-totustuus.it\/cattolica\/e-il-premio-europa-2022-va-alla-turchia\/#breadcrumb"},"inLanguage":"it-IT","potentialAction":[{"@type":"ReadAction","target":["https:\/\/www.rassegnastampa-totustuus.it\/cattolica\/e-il-premio-europa-2022-va-alla-turchia\/"]}]},{"@type":"ImageObject","inLanguage":"it-IT","@id":"https:\/\/www.rassegnastampa-totustuus.it\/cattolica\/e-il-premio-europa-2022-va-alla-turchia\/#primaryimage","url":"https:\/\/www.rassegnastampa-totustuus.it\/cattolica\/wp-content\/uploads\/2021\/04\/Europa_Turchia_Ue.jpg","contentUrl":"https:\/\/www.rassegnastampa-totustuus.it\/cattolica\/wp-content\/uploads\/2021\/04\/Europa_Turchia_Ue.jpg","width":1280,"height":720},{"@type":"BreadcrumbList","@id":"https:\/\/www.rassegnastampa-totustuus.it\/cattolica\/e-il-premio-europa-2022-va-alla-turchia\/#breadcrumb","itemListElement":[{"@type":"ListItem","position":1,"name":"Home","item":"https:\/\/www.rassegnastampa-totustuus.it\/cattolica\/"},{"@type":"ListItem","position":2,"name":"E il Premio Europa 2022 va&#8230;.alla Turchia\u00a0\u00a0"}]},{"@type":"WebSite","@id":"https:\/\/www.rassegnastampa-totustuus.it\/cattolica\/#website","url":"https:\/\/www.rassegnastampa-totustuus.it\/cattolica\/","name":"Rassegna Stampa Cattolica","description":"Per una cultura che nasce dalla Rivelazione cristiana in conformit\u00e0 alla tradizione e al Magistero della Chiesa in opposizione ad ogni relativismo e totalitarismo","publisher":{"@id":"https:\/\/www.rassegnastampa-totustuus.it\/cattolica\/#organization"},"alternateName":"Rass. Cattolica","potentialAction":[{"@type":"SearchAction","target":{"@type":"EntryPoint","urlTemplate":"https:\/\/www.rassegnastampa-totustuus.it\/cattolica\/?s={search_term_string}"},"query-input":{"@type":"PropertyValueSpecification","valueRequired":true,"valueName":"search_term_string"}}],"inLanguage":"it-IT"},{"@type":"Organization","@id":"https:\/\/www.rassegnastampa-totustuus.it\/cattolica\/#organization","name":"Rassegna Stampa Cattolica","url":"https:\/\/www.rassegnastampa-totustuus.it\/cattolica\/","logo":{"@type":"ImageObject","inLanguage":"it-IT","@id":"https:\/\/www.rassegnastampa-totustuus.it\/cattolica\/#\/schema\/logo\/image\/","url":"https:\/\/www.rassegnastampa-totustuus.it\/cattolica\/wp-content\/uploads\/2014\/04\/logo-rassegna1.gif","contentUrl":"https:\/\/www.rassegnastampa-totustuus.it\/cattolica\/wp-content\/uploads\/2014\/04\/logo-rassegna1.gif","width":600,"height":163,"caption":"Rassegna Stampa Cattolica"},"image":{"@id":"https:\/\/www.rassegnastampa-totustuus.it\/cattolica\/#\/schema\/logo\/image\/"},"sameAs":["https:\/\/www.facebook.com\/rassegnastampacattolica","https:\/\/x.com\/rassegnastampa9"]},{"@type":"Person","@id":"https:\/\/www.rassegnastampa-totustuus.it\/cattolica\/#\/schema\/person\/08f319d2bd1a0904ad9e2bfb7b15e5c3","name":"Redazione","image":{"@type":"ImageObject","inLanguage":"it-IT","@id":"https:\/\/secure.gravatar.com\/avatar\/2fcdf27c78ea025fbdb44e914cc63c72249ffec9dc8aafd5c82b26240ef3f346?s=96&d=mm&r=g","url":"https:\/\/secure.gravatar.com\/avatar\/2fcdf27c78ea025fbdb44e914cc63c72249ffec9dc8aafd5c82b26240ef3f346?s=96&d=mm&r=g","contentUrl":"https:\/\/secure.gravatar.com\/avatar\/2fcdf27c78ea025fbdb44e914cc63c72249ffec9dc8aafd5c82b26240ef3f346?s=96&d=mm&r=g","caption":"Redazione"},"url":"https:\/\/www.rassegnastampa-totustuus.it\/cattolica\/author\/pietroelle\/"}]}},"_links":{"self":[{"href":"https:\/\/www.rassegnastampa-totustuus.it\/cattolica\/wp-json\/wp\/v2\/posts\/54204","targetHints":{"allow":["GET"]}}],"collection":[{"href":"https:\/\/www.rassegnastampa-totustuus.it\/cattolica\/wp-json\/wp\/v2\/posts"}],"about":[{"href":"https:\/\/www.rassegnastampa-totustuus.it\/cattolica\/wp-json\/wp\/v2\/types\/post"}],"author":[{"embeddable":true,"href":"https:\/\/www.rassegnastampa-totustuus.it\/cattolica\/wp-json\/wp\/v2\/users\/6"}],"replies":[{"embeddable":true,"href":"https:\/\/www.rassegnastampa-totustuus.it\/cattolica\/wp-json\/wp\/v2\/comments?post=54204"}],"version-history":[{"count":2,"href":"https:\/\/www.rassegnastampa-totustuus.it\/cattolica\/wp-json\/wp\/v2\/posts\/54204\/revisions"}],"predecessor-version":[{"id":60140,"href":"https:\/\/www.rassegnastampa-totustuus.it\/cattolica\/wp-json\/wp\/v2\/posts\/54204\/revisions\/60140"}],"wp:featuredmedia":[{"embeddable":true,"href":"https:\/\/www.rassegnastampa-totustuus.it\/cattolica\/wp-json\/wp\/v2\/media\/50778"}],"wp:attachment":[{"href":"https:\/\/www.rassegnastampa-totustuus.it\/cattolica\/wp-json\/wp\/v2\/media?parent=54204"}],"wp:term":[{"taxonomy":"category","embeddable":true,"href":"https:\/\/www.rassegnastampa-totustuus.it\/cattolica\/wp-json\/wp\/v2\/categories?post=54204"},{"taxonomy":"post_tag","embeddable":true,"href":"https:\/\/www.rassegnastampa-totustuus.it\/cattolica\/wp-json\/wp\/v2\/tags?post=54204"}],"curies":[{"name":"wp","href":"https:\/\/api.w.org\/{rel}","templated":true}]}}