{"id":54142,"date":"2022-05-26T00:00:04","date_gmt":"2022-05-25T22:00:04","guid":{"rendered":"http:\/\/www.rassegnastampa-totustuus.it\/cattolica\/?p=54142"},"modified":"2024-04-24T18:49:22","modified_gmt":"2024-04-24T16:49:22","slug":"africa-alla-fame-ma-non-si-vogliono-vedere-le-cause","status":"publish","type":"post","link":"https:\/\/www.rassegnastampa-totustuus.it\/cattolica\/africa-alla-fame-ma-non-si-vogliono-vedere-le-cause\/","title":{"rendered":"Africa alla fame, ma non si vogliono vedere le cause"},"content":{"rendered":"<p style=\"text-align: center;\"><span style=\"color: #000000;\"><strong><img loading=\"lazy\" decoding=\"async\" class=\" wp-image-51754 alignleft\" src=\"https:\/\/www.rassegnastampa-totustuus.it\/cattolica\/wp-content\/uploads\/2021\/06\/Africa_Nigeria_persecuzioni.jpg\" alt=\"\" width=\"234\" height=\"175\" \/><a href=\"https:\/\/lanuovabq.it\/it\" target=\"_blank\" rel=\"noopener\"><span style=\"color: #0000ff;\">La Nuova Bussola quotidiana<\/span><\/a><\/strong> <\/span><\/p>\n<p style=\"text-align: center;\"><span style=\"color: #000000;\">24 maggio 2022 <\/span><\/p>\n<p style=\"text-align: justify;\"><span style=\"color: #000000;\"><em>Nuovo allarme delle maggiori Ong, come Oxfam e Save the Children, per il pericolo denutrizione nei Paesi dell&#8217;Africa orientale. Le cause sono identificate nel Covid, nella guerra in Ucraina e nel taglio degli aiuti. Ma questi Paesi vivono di aiuti. E nessuno si pone la domanda del perch\u00e9 tutti quei miliardi finiscano in nulla. <\/em><\/span><\/p>\n<p style=\"text-align: center;\"><span style=\"color: #000000;\">di <strong>Anna Bono <\/strong><\/span><\/p>\n<p><!--more--><\/p>\n<p style=\"text-align: justify;\"><span style=\"color: #000000;\"><img loading=\"lazy\" decoding=\"async\" class=\"size-full wp-image-22473 alignright\" src=\"https:\/\/www.rassegnastampa-totustuus.it\/cattolica\/wp-content\/uploads\/2011\/06\/africani.jpg\" alt=\"\" width=\"266\" height=\"190\" \/>Nei giorni scorsi un quotidiano italiano ha rilanciato l\u2019allarme delle Nazioni Unite per la fame che minaccia gli abitanti di alcuni paesi dell\u2019Africa orientale, Somalia, Etiopia e Kenya, affidandosi per descriverne le cause alle analisi di Oxfam e Save the children, due organizzazioni non governative internazionali. <\/span><\/p>\n<p style=\"text-align: justify;\"><span style=\"color: #000000;\">La denutrizione potrebbe uccidere una persona ogni 48 secondi, sostengono le due Ong, il numero delle persone che soffrono la fame \u00e8 passato dai 10 milioni del 2021 agli attuali 23 milioni e oltre. <\/span><\/p>\n<p style=\"text-align: justify;\"><span style=\"color: #000000;\">All\u2019origine del brusco peggioramento registrato sarebbero il Covid-19 e la guerra in Ucraina, oltre a un lungo periodo di siccit\u00e0. Questi fattori, dicono ancora le Ong, si assommano ai \u201cmali endemici\u201d che affliggono quei paesi che vanno \u201cdal debito insostenibile alla sordit\u00e0 dei paesi ricchi che tagliano sugli aiuti\u201d. <\/span><\/p>\n<p style=\"text-align: justify;\"><span style=\"color: #000000;\"><strong>L\u2019assoluta, diffusa incapacit\u00e0 di riconoscere le cause<\/strong> dei <img loading=\"lazy\" decoding=\"async\" class=\" wp-image-44305 alignleft\" src=\"https:\/\/www.rassegnastampa-totustuus.it\/cattolica\/wp-content\/uploads\/2019\/09\/Africa_Zimbawe-4-300x204.jpg\" alt=\"\" width=\"240\" height=\"163\" srcset=\"https:\/\/www.rassegnastampa-totustuus.it\/cattolica\/wp-content\/uploads\/2019\/09\/Africa_Zimbawe-4-300x204.jpg 300w, https:\/\/www.rassegnastampa-totustuus.it\/cattolica\/wp-content\/uploads\/2019\/09\/Africa_Zimbawe-4-768x521.jpg 768w, https:\/\/www.rassegnastampa-totustuus.it\/cattolica\/wp-content\/uploads\/2019\/09\/Africa_Zimbawe-4-1024x695.jpg 1024w\" sizes=\"auto, (max-width: 240px) 100vw, 240px\" \/>problemi economici e sociali dei paesi africani non smette di stupire, tanto sono evidenti. <\/span><\/p>\n<p style=\"text-align: justify;\"><span style=\"color: #000000;\">C\u2019\u00e8 un solo fondamentale \u201cmale endemico\u201d in Africa, da cui derivano tutti i problemi, ed \u00e8 l\u2019incuria di governi e amministrazioni. La stessa siccit\u00e0, cos\u00ec come le inondazioni nella stagione delle grandi piogge,\u00a0 ne \u00e8 una conseguenza, pur dipendendo da fattori atmosferici, perch\u00e9 mancano adeguati strumenti di controllo e gestione delle acque piovane. <\/span><\/p>\n<p style=\"text-align: justify;\"><span style=\"color: #000000;\"><img loading=\"lazy\" decoding=\"async\" class=\"size-full wp-image-30315 alignright\" src=\"https:\/\/www.rassegnastampa-totustuus.it\/cattolica\/wp-content\/uploads\/2009\/07\/aiuti_Africa.jpg\" alt=\"\" width=\"214\" height=\"235\" \/>Analogamente, l\u2019indebitamento estero \u201cinsostenibile\u201d deriva dall\u2019uso disinvolto, irresponsabile di prestiti chiesti e ottenuti per infrastrutture, servizi pubblici, piani di sviluppo mal concepiti o neanche del tutto realizzati. <\/span><\/p>\n<p style=\"text-align: justify;\"><span style=\"color: #000000;\"><strong>\u201cIl mondo non fa niente\u201d denunciano Oxfam e Save the Children<\/strong>. Ma l\u2019accusa \u00e8 smentita dalle stesse Ong quando affermano che i paesi donatori nel 2017 hanno dato ai tre paesi 1,9 miliardi di dollari e ad aprile hanno promesso 1,4 miliardi di aiuti per fronteggiare la crisi alimentare, \u201csolo\u201d 378 milioni dei quali gi\u00e0 consegnati. <\/span><\/p>\n<p style=\"text-align: justify;\"><span style=\"color: #000000;\"><img loading=\"lazy\" decoding=\"async\" class=\"size-full wp-image-48566 alignleft\" src=\"https:\/\/www.rassegnastampa-totustuus.it\/cattolica\/wp-content\/uploads\/2020\/09\/dollari_soldi.jpg\" alt=\"\" width=\"275\" height=\"183\" \/>Altri fondi sono gi\u00e0 arrivati o stanno per essere consegnati. Per citarne alcuni, la Banca mondiale ha approvato un finanziamento di 300 milioni di dollari per aiutare l\u2019Etiopia a riparare i danni della guerra scatenata nel 2020 dal Fronte popolare di liberazione del Tigr\u00e9 contro il governo federale. <\/span><\/p>\n<p style=\"text-align: justify;\"><span style=\"color: #000000;\">Quasi 700 milioni di dollari per aiuti alimentari sono stati stanziati dal Dipartimento Usa dell\u2019agricoltura e dall\u2019Agenzia Usa per lo sviluppo internazionale in favore oltre che di Etiopia, Somalia e Kenya, anche di Sudan, Sudan del Sud e Yemen.<\/span><\/p>\n<p style=\"text-align: justify;\"><span style=\"color: #000000;\"> <img loading=\"lazy\" decoding=\"async\" class=\"size-full wp-image-47599 alignright\" src=\"https:\/\/www.rassegnastampa-totustuus.it\/cattolica\/wp-content\/uploads\/2020\/06\/fondo_monetario_banca_economia.jpg\" alt=\"\" width=\"225\" height=\"225\" srcset=\"https:\/\/www.rassegnastampa-totustuus.it\/cattolica\/wp-content\/uploads\/2020\/06\/fondo_monetario_banca_economia.jpg 225w, https:\/\/www.rassegnastampa-totustuus.it\/cattolica\/wp-content\/uploads\/2020\/06\/fondo_monetario_banca_economia-150x150.jpg 150w\" sizes=\"auto, (max-width: 225px) 100vw, 225px\" \/>I tre stati dell\u2019Africa orientale\u00a0 beneficeranno inoltre del miliardo di dollari che a fine marzo la Banca africana di sviluppo, con il sostegno del Fondo monetario internazionale, si \u00e8 impegnata a mettere a disposizione per lo sviluppo dell\u2019agricoltura alimentare del continente africano. <\/span><\/p>\n<p style=\"text-align: justify;\"><span style=\"color: #000000;\">Dei tre, la Somalia \u00e8 quella che con pi\u00f9 evidenza smentisce le accuse rivolte al resto del mondo. <\/span><\/p>\n<p style=\"text-align: justify;\"><span style=\"color: #000000;\">Ha anche appena ottenuto dalla Gran Bretagna all\u2019inizio di maggio un pacchetto di aiuti pari a 25 milioni di sterline e gli Stati Uniti hanno appena annunciato che invieranno quasi 500 militari per rafforzare la difesa del governo somalo minacciato dagli al Shabaab, i jihadisti affiliati ad al Qaeda, germinati dalle Corti islamiche alle quali nel 2006 un numero crescente di somali avevano aderito e che l\u2019intervento militare dell\u2019Etiopia ha sconfitto. <\/span><\/p>\n<p style=\"text-align: justify;\"><span style=\"color: #000000;\"><strong>Quello britannico \u00e8 un piccolo contributo<\/strong> che si aggiunge <img loading=\"lazy\" decoding=\"async\" class=\" wp-image-54143 alignleft\" src=\"https:\/\/www.rassegnastampa-totustuus.it\/cattolica\/wp-content\/uploads\/2022\/05\/Somalia_Africa.jpg\" alt=\"\" width=\"338\" height=\"190\" \/>ai miliardi di dollari donati al governo somalo nel corso degli anni. <\/span><\/p>\n<p style=\"text-align: justify;\"><span style=\"color: #000000;\">Anche i soldati Usa integreranno le consistenti forze militari straniere gi\u00e0 presenti, tra cui dal 2007 la Amisom, una missione dell\u2019Unione africana, forte di oltre 20mila effettivi, tutti africani cos\u00ec come i comandanti che si sono avvicendati, tutti pagati per\u00f2 dall\u2019Unione Europea. <\/span><\/p>\n<p style=\"text-align: justify;\"><span style=\"color: #000000;\"><strong>La Somalia \u00e8 in guerra dal 1991 <\/strong>quando, caduto il regime del dittatore Siad Barre, \u00e8 iniziato un conflitto di potere tuttora in corso tra i clan in cui la popolazione \u00e8 divisa. <\/span><\/p>\n<p style=\"text-align: justify;\"><span style=\"color: #000000;\">Solo dopo lunghe trattative tra i capi clan, finanziate dalla comunit\u00e0 internazionale che pagava persino i conti degli alberghi di <img loading=\"lazy\" decoding=\"async\" class=\"size-full wp-image-47609 alignright\" src=\"https:\/\/www.rassegnastampa-totustuus.it\/cattolica\/wp-content\/uploads\/2020\/06\/Africa_violenza.jpg\" alt=\"\" width=\"298\" height=\"169\" \/>Nairobi, Kenya, dove risiedevano le delegazioni intente a discutere i termini di un possibile cessate il fuoco, sono stati creati in esilio, nel 2004, dei simulacri di istituzioni democratiche: un capo di stato, un governo e un parlamento, frutto di un accordo in base al quale dei 275 seggi della Assemblea 61 sono stati attribuiti a ciascuno dei quattro clan maggiori e 31 ai clan minori. <\/span><\/p>\n<p style=\"text-align: justify;\"><span style=\"color: #000000;\">Da allora, anche quando due anni dopo le istituzioni politiche, peraltro recalcitranti, sono state trasferite in Somalia, lo scontro tra i clan somali \u00e8 continuato: politico per la <img loading=\"lazy\" decoding=\"async\" class=\"size-full wp-image-54144 alignleft\" src=\"https:\/\/www.rassegnastampa-totustuus.it\/cattolica\/wp-content\/uploads\/2022\/05\/Somalia_Africa-1.jpg\" alt=\"\" width=\"275\" height=\"183\" \/>spartizione di cariche di governo, amministrative e militari; armato, tra truppe governative, e soprattutto i militari delle forze straniere, e gli al Shabaab che, espulsi dalla capitale Mogadiscio, riescono a mettervi a segno continui attentati dinamitardi e controllano estesi territori nel sud del paese. <\/span><\/p>\n<p style=\"text-align: justify;\"><span style=\"color: #000000;\">La Somalia si \u00e8 anche frantumata: Somaliland, Puntland e Gibuti non ne fanno pi\u00f9 parte. <\/span><\/p>\n<p style=\"text-align: justify;\"><span style=\"color: #000000;\"><strong>Il governo, in permanente stato di instabilit\u00e0 e tensione<\/strong>, dipende interamente per esistere, e svolgere le sue limitatissime attivit\u00e0, dai finanziamenti e dalla protezione militare stranieri. Gli aiuti finanziari e militari avrebbero dovuto servire a realizzare una road map che prevedeva entro il 2011 il passaggio alla democrazia, ma non \u00e8 mai stata sostanzialmente completata. <\/span><\/p>\n<p style=\"text-align: justify;\"><span style=\"color: #000000;\"><img loading=\"lazy\" decoding=\"async\" class=\"size-full wp-image-45736 alignright\" src=\"https:\/\/www.rassegnastampa-totustuus.it\/cattolica\/wp-content\/uploads\/2020\/01\/Africa.jpg\" alt=\"\" width=\"228\" height=\"221\" \/>Manca tuttora un censimento della popolazione, la costituzione attuale, che una Assemblea costituente non \u00e8 stata in grado di redigere, \u00e8 un testo scritto su una traccia fornita dagli incaricati delle Nazioni Unite ed \u00e8 stata adottata senza sottoporla a referendum popolare, i capi clan continuano a eleggere i membri dell\u2019Assemblea che a loro volta scelgono il capo dello stato. <\/span><\/p>\n<p style=\"text-align: justify;\"><span style=\"color: #000000;\">Il 15 maggio \u00e8 stato eletto il nuovo presidente. Si tratta di Hassan Sheikh Mohamud, gi\u00e0 in carica dal 2012 al 2017. <\/span><\/p>\n<p style=\"text-align: justify;\"><span style=\"color: #000000;\">Lo scontro politico tra le varie cordate, espressione di clan e sottoclan, ha ritardato per mesi il voto finch\u00e9 il Fondo monetario internazionale ha minacciato di sospendere i finanziamenti al paese. <\/span><\/p>\n<p style=\"text-align: justify;\"><span style=\"color: #000000;\"><strong>Dieci anni fa il Gruppo di monitoraggio sulla Somalia<\/strong> delle <img loading=\"lazy\" decoding=\"async\" class=\" wp-image-32868 alignleft\" src=\"https:\/\/www.rassegnastampa-totustuus.it\/cattolica\/wp-content\/uploads\/2005\/07\/ONU_flag.jpg\" alt=\"\" width=\"229\" height=\"156\" \/>Nazioni Unite ha rivelato che il 70% del denaro affidato al governo di Mogadiscio negli anni precedenti non era mai arrivato nelle casse dello stato: \u201cnulla viene fatto dalle istituzioni somale \u2013 si leggeva nel rapporto \u2013 senza che qualcuno pronunci la frase \u2018che cosa ci guadagno io?\u2019\u201d <\/span><\/p>\n<p style=\"text-align: justify;\"><span style=\"color: #000000;\">In precedenza anche un documento della Banca Mondiale denunciava lo smarrimento del 68% degli aiuti internazionali stanziati tra il 2009 e il 2011. <\/span><\/p>\n<p style=\"text-align: justify;\"><span style=\"color: #000000;\"><strong>Nel 2018 la Somalia avevano un debito estero di 5,2 miliardi di dollari<\/strong>. Si pu\u00f2 fare una stima di quanti di quei miliardi siano svaniti dalle casse statali o non vi siano mai neanche entrati. <\/span><\/p>\n<p style=\"text-align: justify;\"><span style=\"color: #000000;\">Tuttavia il governo somalo beneficia di un programma di cancellazione del debito, grazie ai contributi di una serie di paesi donatori, tra i quali l\u2019Italia che nel 2020 ha ridotto il debito a 3,7miliardi ed entro quest\u2019anno dovrebbe portarlo a 560 milioni.<\/span><\/p>\n<p>______________________________________________<\/p>\n<p><span style=\"color: #000000;\"><strong>Leggi anche:<\/strong><\/span><\/p>\n<p><a href=\"https:\/\/www.rassegnastampa-totustuus.it\/cattolica\/perche-non-e-per-niente-facile-aiutare-gli-africani-a-casa-loro\/\" target=\"_blank\" rel=\"noopener\"><span style=\"color: #0000ff;\">Perch\u00e9 non \u00e8 per niente facile aiutare gli africani \u201ca casa loro\u201d<\/span><\/a><\/p>\n<p><a href=\"https:\/\/www.rassegnastampa-totustuus.it\/cattolica\/quegli-aiuti-allafrica-che-alimentano-la-corruzione\/\" target=\"_blank\" rel=\"noopener\"><span style=\"color: #0000ff;\">Quegli aiuti all\u2019Africa che alimentano la corruzione<\/span><\/a><\/p>\n<p><a href=\"https:\/\/www.rassegnastampa-totustuus.it\/cattolica\/la-carit-che-uccide-sebbene-abbiamo-dato-miliardi-di-dollari-allafrica\/\" target=\"_blank\" rel=\"noopener\"><span style=\"color: #0000ff;\">La carit\u00e0 che uccide. Sebbene abbiamo dato miliardi di dollari all\u2019Africa, l\u2019Africa st\u00e0 morendo<\/span><\/a><\/p>\n<p><a href=\"https:\/\/www.rassegnastampa-totustuus.it\/cattolica\/africani\/\" target=\"_blank\" rel=\"noopener\"><span style=\"color: #0000ff;\">Africani<\/span><\/a><\/p>\n","protected":false},"excerpt":{"rendered":"<p>La Nuova Bussola quotidiana 24 maggio 2022 Nuovo allarme delle maggiori Ong, come Oxfam e Save the Children, per il pericolo denutrizione nei Paesi dell&#8217;Africa orientale. Le cause sono identificate nel Covid, nella guerra in Ucraina e nel taglio degli aiuti. Ma questi Paesi vivono di aiuti. E nessuno si pone la domanda del perch\u00e9 &hellip; <\/p>\n<p><a class=\"more-link btn\" href=\"https:\/\/www.rassegnastampa-totustuus.it\/cattolica\/africa-alla-fame-ma-non-si-vogliono-vedere-le-cause\/\">Continua a leggere<\/a><\/p>\n","protected":false},"author":6,"featured_media":47115,"comment_status":"closed","ping_status":"closed","sticky":false,"template":"","format":"standard","meta":{"footnotes":""},"categories":[39,108],"tags":[2393,545],"class_list":["post-54142","post","type-post","status-publish","format-standard","has-post-thumbnail","hentry","category-africa","category-paesi-e-continenti","tag-africa","tag-paesi-e-continenti-2","item-wrap"],"yoast_head":"<!-- This site is optimized with the Yoast SEO plugin v27.5 - https:\/\/yoast.com\/product\/yoast-seo-wordpress\/ -->\n<title>Africa alla fame, ma non si vogliono vedere le cause - Rassegna Stampa Cattolica<\/title>\n<meta name=\"description\" content=\"Africa alla fame, ma non si vogliono vedere le cause. Fiumi di aiuti arrivano nel continente ma nessuno si chiede perch\u00e8 finiscono nel nulla\" \/>\n<meta name=\"robots\" content=\"index, follow, max-snippet:-1, max-image-preview:large, max-video-preview:-1\" \/>\n<link rel=\"canonical\" href=\"https:\/\/www.rassegnastampa-totustuus.it\/cattolica\/africa-alla-fame-ma-non-si-vogliono-vedere-le-cause\/\" \/>\n<meta property=\"og:locale\" content=\"it_IT\" \/>\n<meta property=\"og:type\" content=\"article\" \/>\n<meta property=\"og:title\" content=\"Africa alla fame, ma non si vogliono vedere le cause - Rassegna Stampa Cattolica\" \/>\n<meta property=\"og:description\" content=\"Africa alla fame, ma non si vogliono vedere le cause. Fiumi di aiuti arrivano nel continente ma nessuno si chiede perch\u00e8 finiscono nel nulla\" \/>\n<meta property=\"og:url\" content=\"https:\/\/www.rassegnastampa-totustuus.it\/cattolica\/africa-alla-fame-ma-non-si-vogliono-vedere-le-cause\/\" \/>\n<meta property=\"og:site_name\" content=\"Rassegna Stampa Cattolica\" \/>\n<meta property=\"article:publisher\" content=\"https:\/\/www.facebook.com\/rassegnastampacattolica\" \/>\n<meta property=\"article:published_time\" content=\"2022-05-25T22:00:04+00:00\" \/>\n<meta property=\"article:modified_time\" content=\"2024-04-24T16:49:22+00:00\" \/>\n<meta property=\"og:image\" content=\"https:\/\/www.rassegnastampa-totustuus.it\/cattolica\/wp-content\/uploads\/2020\/05\/congo_miniera_Africa.jpg\" \/>\n\t<meta property=\"og:image:width\" content=\"2560\" \/>\n\t<meta property=\"og:image:height\" content=\"1853\" \/>\n\t<meta property=\"og:image:type\" content=\"image\/jpeg\" \/>\n<meta name=\"author\" content=\"Redazione\" \/>\n<meta name=\"twitter:card\" content=\"summary_large_image\" \/>\n<meta name=\"twitter:creator\" content=\"@rassegnastampa9\" \/>\n<meta name=\"twitter:site\" content=\"@rassegnastampa9\" \/>\n<meta name=\"twitter:label1\" content=\"Scritto da\" \/>\n\t<meta name=\"twitter:data1\" content=\"Redazione\" \/>\n\t<meta name=\"twitter:label2\" content=\"Tempo di lettura stimato\" \/>\n\t<meta name=\"twitter:data2\" content=\"9 minuti\" \/>\n<script type=\"application\/ld+json\" class=\"yoast-schema-graph\">{\"@context\":\"https:\\\/\\\/schema.org\",\"@graph\":[{\"@type\":\"Article\",\"@id\":\"https:\\\/\\\/www.rassegnastampa-totustuus.it\\\/cattolica\\\/africa-alla-fame-ma-non-si-vogliono-vedere-le-cause\\\/#article\",\"isPartOf\":{\"@id\":\"https:\\\/\\\/www.rassegnastampa-totustuus.it\\\/cattolica\\\/africa-alla-fame-ma-non-si-vogliono-vedere-le-cause\\\/\"},\"author\":{\"name\":\"Redazione\",\"@id\":\"https:\\\/\\\/www.rassegnastampa-totustuus.it\\\/cattolica\\\/#\\\/schema\\\/person\\\/08f319d2bd1a0904ad9e2bfb7b15e5c3\"},\"headline\":\"Africa alla fame, ma non si vogliono vedere le cause\",\"datePublished\":\"2022-05-25T22:00:04+00:00\",\"dateModified\":\"2024-04-24T16:49:22+00:00\",\"mainEntityOfPage\":{\"@id\":\"https:\\\/\\\/www.rassegnastampa-totustuus.it\\\/cattolica\\\/africa-alla-fame-ma-non-si-vogliono-vedere-le-cause\\\/\"},\"wordCount\":1181,\"publisher\":{\"@id\":\"https:\\\/\\\/www.rassegnastampa-totustuus.it\\\/cattolica\\\/#organization\"},\"image\":{\"@id\":\"https:\\\/\\\/www.rassegnastampa-totustuus.it\\\/cattolica\\\/africa-alla-fame-ma-non-si-vogliono-vedere-le-cause\\\/#primaryimage\"},\"thumbnailUrl\":\"https:\\\/\\\/www.rassegnastampa-totustuus.it\\\/cattolica\\\/wp-content\\\/uploads\\\/2020\\\/05\\\/congo_miniera_Africa.jpg\",\"keywords\":[\"Africa\",\"paesi e continenti\"],\"articleSection\":[\"Africa\",\"Paesi e continenti\"],\"inLanguage\":\"it-IT\"},{\"@type\":\"WebPage\",\"@id\":\"https:\\\/\\\/www.rassegnastampa-totustuus.it\\\/cattolica\\\/africa-alla-fame-ma-non-si-vogliono-vedere-le-cause\\\/\",\"url\":\"https:\\\/\\\/www.rassegnastampa-totustuus.it\\\/cattolica\\\/africa-alla-fame-ma-non-si-vogliono-vedere-le-cause\\\/\",\"name\":\"Africa alla fame, ma non si vogliono vedere le cause - Rassegna Stampa Cattolica\",\"isPartOf\":{\"@id\":\"https:\\\/\\\/www.rassegnastampa-totustuus.it\\\/cattolica\\\/#website\"},\"primaryImageOfPage\":{\"@id\":\"https:\\\/\\\/www.rassegnastampa-totustuus.it\\\/cattolica\\\/africa-alla-fame-ma-non-si-vogliono-vedere-le-cause\\\/#primaryimage\"},\"image\":{\"@id\":\"https:\\\/\\\/www.rassegnastampa-totustuus.it\\\/cattolica\\\/africa-alla-fame-ma-non-si-vogliono-vedere-le-cause\\\/#primaryimage\"},\"thumbnailUrl\":\"https:\\\/\\\/www.rassegnastampa-totustuus.it\\\/cattolica\\\/wp-content\\\/uploads\\\/2020\\\/05\\\/congo_miniera_Africa.jpg\",\"datePublished\":\"2022-05-25T22:00:04+00:00\",\"dateModified\":\"2024-04-24T16:49:22+00:00\",\"description\":\"Africa alla fame, ma non si vogliono vedere le cause. Fiumi di aiuti arrivano nel continente ma nessuno si chiede perch\u00e8 finiscono nel nulla\",\"breadcrumb\":{\"@id\":\"https:\\\/\\\/www.rassegnastampa-totustuus.it\\\/cattolica\\\/africa-alla-fame-ma-non-si-vogliono-vedere-le-cause\\\/#breadcrumb\"},\"inLanguage\":\"it-IT\",\"potentialAction\":[{\"@type\":\"ReadAction\",\"target\":[\"https:\\\/\\\/www.rassegnastampa-totustuus.it\\\/cattolica\\\/africa-alla-fame-ma-non-si-vogliono-vedere-le-cause\\\/\"]}]},{\"@type\":\"ImageObject\",\"inLanguage\":\"it-IT\",\"@id\":\"https:\\\/\\\/www.rassegnastampa-totustuus.it\\\/cattolica\\\/africa-alla-fame-ma-non-si-vogliono-vedere-le-cause\\\/#primaryimage\",\"url\":\"https:\\\/\\\/www.rassegnastampa-totustuus.it\\\/cattolica\\\/wp-content\\\/uploads\\\/2020\\\/05\\\/congo_miniera_Africa.jpg\",\"contentUrl\":\"https:\\\/\\\/www.rassegnastampa-totustuus.it\\\/cattolica\\\/wp-content\\\/uploads\\\/2020\\\/05\\\/congo_miniera_Africa.jpg\",\"width\":2560,\"height\":1853},{\"@type\":\"BreadcrumbList\",\"@id\":\"https:\\\/\\\/www.rassegnastampa-totustuus.it\\\/cattolica\\\/africa-alla-fame-ma-non-si-vogliono-vedere-le-cause\\\/#breadcrumb\",\"itemListElement\":[{\"@type\":\"ListItem\",\"position\":1,\"name\":\"Home\",\"item\":\"https:\\\/\\\/www.rassegnastampa-totustuus.it\\\/cattolica\\\/\"},{\"@type\":\"ListItem\",\"position\":2,\"name\":\"Africa alla fame, ma non si vogliono vedere le cause\"}]},{\"@type\":\"WebSite\",\"@id\":\"https:\\\/\\\/www.rassegnastampa-totustuus.it\\\/cattolica\\\/#website\",\"url\":\"https:\\\/\\\/www.rassegnastampa-totustuus.it\\\/cattolica\\\/\",\"name\":\"Rassegna Stampa Cattolica\",\"description\":\"Per una cultura che nasce dalla Rivelazione cristiana in conformit\u00e0 alla tradizione e al Magistero della Chiesa in opposizione ad ogni relativismo e totalitarismo\",\"publisher\":{\"@id\":\"https:\\\/\\\/www.rassegnastampa-totustuus.it\\\/cattolica\\\/#organization\"},\"alternateName\":\"Rass. Cattolica\",\"potentialAction\":[{\"@type\":\"SearchAction\",\"target\":{\"@type\":\"EntryPoint\",\"urlTemplate\":\"https:\\\/\\\/www.rassegnastampa-totustuus.it\\\/cattolica\\\/?s={search_term_string}\"},\"query-input\":{\"@type\":\"PropertyValueSpecification\",\"valueRequired\":true,\"valueName\":\"search_term_string\"}}],\"inLanguage\":\"it-IT\"},{\"@type\":\"Organization\",\"@id\":\"https:\\\/\\\/www.rassegnastampa-totustuus.it\\\/cattolica\\\/#organization\",\"name\":\"Rassegna Stampa Cattolica\",\"url\":\"https:\\\/\\\/www.rassegnastampa-totustuus.it\\\/cattolica\\\/\",\"logo\":{\"@type\":\"ImageObject\",\"inLanguage\":\"it-IT\",\"@id\":\"https:\\\/\\\/www.rassegnastampa-totustuus.it\\\/cattolica\\\/#\\\/schema\\\/logo\\\/image\\\/\",\"url\":\"https:\\\/\\\/www.rassegnastampa-totustuus.it\\\/cattolica\\\/wp-content\\\/uploads\\\/2014\\\/04\\\/logo-rassegna1.gif\",\"contentUrl\":\"https:\\\/\\\/www.rassegnastampa-totustuus.it\\\/cattolica\\\/wp-content\\\/uploads\\\/2014\\\/04\\\/logo-rassegna1.gif\",\"width\":600,\"height\":163,\"caption\":\"Rassegna Stampa Cattolica\"},\"image\":{\"@id\":\"https:\\\/\\\/www.rassegnastampa-totustuus.it\\\/cattolica\\\/#\\\/schema\\\/logo\\\/image\\\/\"},\"sameAs\":[\"https:\\\/\\\/www.facebook.com\\\/rassegnastampacattolica\",\"https:\\\/\\\/x.com\\\/rassegnastampa9\"]},{\"@type\":\"Person\",\"@id\":\"https:\\\/\\\/www.rassegnastampa-totustuus.it\\\/cattolica\\\/#\\\/schema\\\/person\\\/08f319d2bd1a0904ad9e2bfb7b15e5c3\",\"name\":\"Redazione\",\"image\":{\"@type\":\"ImageObject\",\"inLanguage\":\"it-IT\",\"@id\":\"https:\\\/\\\/secure.gravatar.com\\\/avatar\\\/2fcdf27c78ea025fbdb44e914cc63c72249ffec9dc8aafd5c82b26240ef3f346?s=96&d=mm&r=g\",\"url\":\"https:\\\/\\\/secure.gravatar.com\\\/avatar\\\/2fcdf27c78ea025fbdb44e914cc63c72249ffec9dc8aafd5c82b26240ef3f346?s=96&d=mm&r=g\",\"contentUrl\":\"https:\\\/\\\/secure.gravatar.com\\\/avatar\\\/2fcdf27c78ea025fbdb44e914cc63c72249ffec9dc8aafd5c82b26240ef3f346?s=96&d=mm&r=g\",\"caption\":\"Redazione\"},\"url\":\"https:\\\/\\\/www.rassegnastampa-totustuus.it\\\/cattolica\\\/author\\\/pietroelle\\\/\"}]}<\/script>\n<!-- \/ Yoast SEO plugin. -->","yoast_head_json":{"title":"Africa alla fame, ma non si vogliono vedere le cause - Rassegna Stampa Cattolica","description":"Africa alla fame, ma non si vogliono vedere le cause. Fiumi di aiuti arrivano nel continente ma nessuno si chiede perch\u00e8 finiscono nel nulla","robots":{"index":"index","follow":"follow","max-snippet":"max-snippet:-1","max-image-preview":"max-image-preview:large","max-video-preview":"max-video-preview:-1"},"canonical":"https:\/\/www.rassegnastampa-totustuus.it\/cattolica\/africa-alla-fame-ma-non-si-vogliono-vedere-le-cause\/","og_locale":"it_IT","og_type":"article","og_title":"Africa alla fame, ma non si vogliono vedere le cause - Rassegna Stampa Cattolica","og_description":"Africa alla fame, ma non si vogliono vedere le cause. Fiumi di aiuti arrivano nel continente ma nessuno si chiede perch\u00e8 finiscono nel nulla","og_url":"https:\/\/www.rassegnastampa-totustuus.it\/cattolica\/africa-alla-fame-ma-non-si-vogliono-vedere-le-cause\/","og_site_name":"Rassegna Stampa Cattolica","article_publisher":"https:\/\/www.facebook.com\/rassegnastampacattolica","article_published_time":"2022-05-25T22:00:04+00:00","article_modified_time":"2024-04-24T16:49:22+00:00","og_image":[{"width":2560,"height":1853,"url":"https:\/\/www.rassegnastampa-totustuus.it\/cattolica\/wp-content\/uploads\/2020\/05\/congo_miniera_Africa.jpg","type":"image\/jpeg"}],"author":"Redazione","twitter_card":"summary_large_image","twitter_creator":"@rassegnastampa9","twitter_site":"@rassegnastampa9","twitter_misc":{"Scritto da":"Redazione","Tempo di lettura stimato":"9 minuti"},"schema":{"@context":"https:\/\/schema.org","@graph":[{"@type":"Article","@id":"https:\/\/www.rassegnastampa-totustuus.it\/cattolica\/africa-alla-fame-ma-non-si-vogliono-vedere-le-cause\/#article","isPartOf":{"@id":"https:\/\/www.rassegnastampa-totustuus.it\/cattolica\/africa-alla-fame-ma-non-si-vogliono-vedere-le-cause\/"},"author":{"name":"Redazione","@id":"https:\/\/www.rassegnastampa-totustuus.it\/cattolica\/#\/schema\/person\/08f319d2bd1a0904ad9e2bfb7b15e5c3"},"headline":"Africa alla fame, ma non si vogliono vedere le cause","datePublished":"2022-05-25T22:00:04+00:00","dateModified":"2024-04-24T16:49:22+00:00","mainEntityOfPage":{"@id":"https:\/\/www.rassegnastampa-totustuus.it\/cattolica\/africa-alla-fame-ma-non-si-vogliono-vedere-le-cause\/"},"wordCount":1181,"publisher":{"@id":"https:\/\/www.rassegnastampa-totustuus.it\/cattolica\/#organization"},"image":{"@id":"https:\/\/www.rassegnastampa-totustuus.it\/cattolica\/africa-alla-fame-ma-non-si-vogliono-vedere-le-cause\/#primaryimage"},"thumbnailUrl":"https:\/\/www.rassegnastampa-totustuus.it\/cattolica\/wp-content\/uploads\/2020\/05\/congo_miniera_Africa.jpg","keywords":["Africa","paesi e continenti"],"articleSection":["Africa","Paesi e continenti"],"inLanguage":"it-IT"},{"@type":"WebPage","@id":"https:\/\/www.rassegnastampa-totustuus.it\/cattolica\/africa-alla-fame-ma-non-si-vogliono-vedere-le-cause\/","url":"https:\/\/www.rassegnastampa-totustuus.it\/cattolica\/africa-alla-fame-ma-non-si-vogliono-vedere-le-cause\/","name":"Africa alla fame, ma non si vogliono vedere le cause - Rassegna Stampa Cattolica","isPartOf":{"@id":"https:\/\/www.rassegnastampa-totustuus.it\/cattolica\/#website"},"primaryImageOfPage":{"@id":"https:\/\/www.rassegnastampa-totustuus.it\/cattolica\/africa-alla-fame-ma-non-si-vogliono-vedere-le-cause\/#primaryimage"},"image":{"@id":"https:\/\/www.rassegnastampa-totustuus.it\/cattolica\/africa-alla-fame-ma-non-si-vogliono-vedere-le-cause\/#primaryimage"},"thumbnailUrl":"https:\/\/www.rassegnastampa-totustuus.it\/cattolica\/wp-content\/uploads\/2020\/05\/congo_miniera_Africa.jpg","datePublished":"2022-05-25T22:00:04+00:00","dateModified":"2024-04-24T16:49:22+00:00","description":"Africa alla fame, ma non si vogliono vedere le cause. Fiumi di aiuti arrivano nel continente ma nessuno si chiede perch\u00e8 finiscono nel nulla","breadcrumb":{"@id":"https:\/\/www.rassegnastampa-totustuus.it\/cattolica\/africa-alla-fame-ma-non-si-vogliono-vedere-le-cause\/#breadcrumb"},"inLanguage":"it-IT","potentialAction":[{"@type":"ReadAction","target":["https:\/\/www.rassegnastampa-totustuus.it\/cattolica\/africa-alla-fame-ma-non-si-vogliono-vedere-le-cause\/"]}]},{"@type":"ImageObject","inLanguage":"it-IT","@id":"https:\/\/www.rassegnastampa-totustuus.it\/cattolica\/africa-alla-fame-ma-non-si-vogliono-vedere-le-cause\/#primaryimage","url":"https:\/\/www.rassegnastampa-totustuus.it\/cattolica\/wp-content\/uploads\/2020\/05\/congo_miniera_Africa.jpg","contentUrl":"https:\/\/www.rassegnastampa-totustuus.it\/cattolica\/wp-content\/uploads\/2020\/05\/congo_miniera_Africa.jpg","width":2560,"height":1853},{"@type":"BreadcrumbList","@id":"https:\/\/www.rassegnastampa-totustuus.it\/cattolica\/africa-alla-fame-ma-non-si-vogliono-vedere-le-cause\/#breadcrumb","itemListElement":[{"@type":"ListItem","position":1,"name":"Home","item":"https:\/\/www.rassegnastampa-totustuus.it\/cattolica\/"},{"@type":"ListItem","position":2,"name":"Africa alla fame, ma non si vogliono vedere le cause"}]},{"@type":"WebSite","@id":"https:\/\/www.rassegnastampa-totustuus.it\/cattolica\/#website","url":"https:\/\/www.rassegnastampa-totustuus.it\/cattolica\/","name":"Rassegna Stampa Cattolica","description":"Per una cultura che nasce dalla Rivelazione cristiana in conformit\u00e0 alla tradizione e al Magistero della Chiesa in opposizione ad ogni relativismo e totalitarismo","publisher":{"@id":"https:\/\/www.rassegnastampa-totustuus.it\/cattolica\/#organization"},"alternateName":"Rass. Cattolica","potentialAction":[{"@type":"SearchAction","target":{"@type":"EntryPoint","urlTemplate":"https:\/\/www.rassegnastampa-totustuus.it\/cattolica\/?s={search_term_string}"},"query-input":{"@type":"PropertyValueSpecification","valueRequired":true,"valueName":"search_term_string"}}],"inLanguage":"it-IT"},{"@type":"Organization","@id":"https:\/\/www.rassegnastampa-totustuus.it\/cattolica\/#organization","name":"Rassegna Stampa Cattolica","url":"https:\/\/www.rassegnastampa-totustuus.it\/cattolica\/","logo":{"@type":"ImageObject","inLanguage":"it-IT","@id":"https:\/\/www.rassegnastampa-totustuus.it\/cattolica\/#\/schema\/logo\/image\/","url":"https:\/\/www.rassegnastampa-totustuus.it\/cattolica\/wp-content\/uploads\/2014\/04\/logo-rassegna1.gif","contentUrl":"https:\/\/www.rassegnastampa-totustuus.it\/cattolica\/wp-content\/uploads\/2014\/04\/logo-rassegna1.gif","width":600,"height":163,"caption":"Rassegna Stampa Cattolica"},"image":{"@id":"https:\/\/www.rassegnastampa-totustuus.it\/cattolica\/#\/schema\/logo\/image\/"},"sameAs":["https:\/\/www.facebook.com\/rassegnastampacattolica","https:\/\/x.com\/rassegnastampa9"]},{"@type":"Person","@id":"https:\/\/www.rassegnastampa-totustuus.it\/cattolica\/#\/schema\/person\/08f319d2bd1a0904ad9e2bfb7b15e5c3","name":"Redazione","image":{"@type":"ImageObject","inLanguage":"it-IT","@id":"https:\/\/secure.gravatar.com\/avatar\/2fcdf27c78ea025fbdb44e914cc63c72249ffec9dc8aafd5c82b26240ef3f346?s=96&d=mm&r=g","url":"https:\/\/secure.gravatar.com\/avatar\/2fcdf27c78ea025fbdb44e914cc63c72249ffec9dc8aafd5c82b26240ef3f346?s=96&d=mm&r=g","contentUrl":"https:\/\/secure.gravatar.com\/avatar\/2fcdf27c78ea025fbdb44e914cc63c72249ffec9dc8aafd5c82b26240ef3f346?s=96&d=mm&r=g","caption":"Redazione"},"url":"https:\/\/www.rassegnastampa-totustuus.it\/cattolica\/author\/pietroelle\/"}]}},"_links":{"self":[{"href":"https:\/\/www.rassegnastampa-totustuus.it\/cattolica\/wp-json\/wp\/v2\/posts\/54142","targetHints":{"allow":["GET"]}}],"collection":[{"href":"https:\/\/www.rassegnastampa-totustuus.it\/cattolica\/wp-json\/wp\/v2\/posts"}],"about":[{"href":"https:\/\/www.rassegnastampa-totustuus.it\/cattolica\/wp-json\/wp\/v2\/types\/post"}],"author":[{"embeddable":true,"href":"https:\/\/www.rassegnastampa-totustuus.it\/cattolica\/wp-json\/wp\/v2\/users\/6"}],"replies":[{"embeddable":true,"href":"https:\/\/www.rassegnastampa-totustuus.it\/cattolica\/wp-json\/wp\/v2\/comments?post=54142"}],"version-history":[{"count":2,"href":"https:\/\/www.rassegnastampa-totustuus.it\/cattolica\/wp-json\/wp\/v2\/posts\/54142\/revisions"}],"predecessor-version":[{"id":60162,"href":"https:\/\/www.rassegnastampa-totustuus.it\/cattolica\/wp-json\/wp\/v2\/posts\/54142\/revisions\/60162"}],"wp:featuredmedia":[{"embeddable":true,"href":"https:\/\/www.rassegnastampa-totustuus.it\/cattolica\/wp-json\/wp\/v2\/media\/47115"}],"wp:attachment":[{"href":"https:\/\/www.rassegnastampa-totustuus.it\/cattolica\/wp-json\/wp\/v2\/media?parent=54142"}],"wp:term":[{"taxonomy":"category","embeddable":true,"href":"https:\/\/www.rassegnastampa-totustuus.it\/cattolica\/wp-json\/wp\/v2\/categories?post=54142"},{"taxonomy":"post_tag","embeddable":true,"href":"https:\/\/www.rassegnastampa-totustuus.it\/cattolica\/wp-json\/wp\/v2\/tags?post=54142"}],"curies":[{"name":"wp","href":"https:\/\/api.w.org\/{rel}","templated":true}]}}