{"id":54121,"date":"2022-05-26T00:00:31","date_gmt":"2022-05-25T22:00:31","guid":{"rendered":"http:\/\/www.rassegnastampa-totustuus.it\/cattolica\/?p=54121"},"modified":"2024-04-23T19:08:34","modified_gmt":"2024-04-23T17:08:34","slug":"la-guerra-degli-occultisti","status":"publish","type":"post","link":"https:\/\/www.rassegnastampa-totustuus.it\/cattolica\/la-guerra-degli-occultisti\/","title":{"rendered":"La guerra degli occultisti\u00a0"},"content":{"rendered":"<p style=\"text-align: center;\"><strong><img loading=\"lazy\" decoding=\"async\" class=\"size-full wp-image-51774 alignright\" src=\"https:\/\/www.rassegnastampa-totustuus.it\/cattolica\/wp-content\/uploads\/2021\/06\/virus_vaccini_medicina-1.jpg\" alt=\"\" width=\"275\" height=\"183\" \/><span style=\"color: #0000ff;\"><a style=\"color: #0000ff;\" href=\"https:\/\/www.ricognizioni.it\/\" target=\"_blank\" rel=\"noopener\">Ricognizioni<\/a> <\/span><\/strong>13 maggio 2022<\/p>\n<p style=\"text-align: center;\"><strong>Paolo Gulisano<\/strong><\/p>\n<p style=\"text-align: justify;\">Mai come negli ultimi due anni, in occasione della Pandemia, abbiamo sentito citare La Scienza (con tanto di maiuscole) in toni laudativi, di infallibilt\u00e0, e con adorazione quasi idolatrica. Di fronte al virus misterioso ci salver\u00e0 la Madre Scienza con i suoi poteri. Per molto tempo, scienza \u00e8 stata sinonimo di razionalit\u00e0.<\/p>\n<p><!--more--><\/p>\n<p style=\"text-align: justify;\"><img loading=\"lazy\" decoding=\"async\" class=\" wp-image-32978 alignleft\" src=\"https:\/\/www.rassegnastampa-totustuus.it\/cattolica\/wp-content\/uploads\/2005\/05\/magia.jpg\" alt=\"\" width=\"250\" height=\"159\" \/>Oggi non \u00e8 pi\u00f9 cos\u00ec. E lo dimostra il fatto che nessuno ha battuto ciglio di fronte alle notizie provenienti dall\u2019Ucraina che fanno riferimento a fatti e persone che rappresentano l\u2019irrazionale, e nella modalit\u00e0 pi\u00f9 torbida.<\/p>\n<p style=\"text-align: justify;\">Le notizie sono che esistono e sono impegnati nella guerra contro la Russia dei Satanisti. Si tratta di una comunit\u00e0 che esiste in Ucraina da anni, in cui legalmente, in conformit\u00e0 con la Costituzione dell\u2019Ucraina, professano la venerazione del diavolo.<\/p>\n<p style=\"text-align: justify;\"><img loading=\"lazy\" decoding=\"async\" class=\"wp-image-33457 alignright\" src=\"https:\/\/www.rassegnastampa-totustuus.it\/cattolica\/wp-content\/uploads\/2005\/06\/satanisti.jpg\" alt=\"\" width=\"312\" height=\"213\" \/>Sul sito ufficiale \u00e8 stato comunicato che la notte di Valpurga, tra il 30 aprile e il 1\u00b0 maggio scorso, una notte dal significato esoterico importante, \u00e8 stata posta la prima pietra come fondamenta di un Tempio di forze oscure.<\/p>\n<p style=\"text-align: justify;\">Secondo quanto afferma il fondatore della chiesa di Satana, la sua comunit\u00e0 <em>\u201c\u00e8 un\u2019associazione degli stregoni e delle streghe che praticano l\u2019idolatria del diavolo\u201d<\/em>.<\/p>\n<p style=\"text-align: justify;\">Nessuno si \u00e8 indignato, nessuno si \u00e8 stupito per l\u2019esistenza di una setta di adoratori di Satana. Ma non \u00e8 tutto. Negli scorsi giorni si \u00e8 letto di due importanti maghi neri, uno americano e l\u2019altro inglese, che hanno annunciato di essere scesi in campo con le loro arti oscure contro Vladimir Putin, per ottenerne la morte.<\/p>\n<p style=\"text-align: justify;\"><img loading=\"lazy\" decoding=\"async\" class=\"size-full wp-image-46879 alignleft\" src=\"https:\/\/www.rassegnastampa-totustuus.it\/cattolica\/wp-content\/uploads\/2020\/04\/wicca_magia_satanismo.png\" alt=\"\" width=\"251\" height=\"201\" \/>L\u2019americano, che si chiama Michael M. Hughes, aveva gi\u00e0 lanciato le proprie maledizioni, con l\u2019aiuto di un movimento neopagano denominato Wicca (che \u00e8 un termine inglese antico per indicare la Stregoneria) contro Donald Trump, considerato un nemico del Lato Oscuro.<\/p>\n<p style=\"text-align: justify;\">Il negromante inglese \u00e8 invece un nome pi\u00f9 importante a livello magico: si tratta di Peter James Carroll ed \u00e8 fondatore del movimento della Magia del Caos , una forma di magia nera, e degli \u201cIlluminati di Thanateros\u201d, un ordine luciferiano presente in tutto il mondo anglosassone. Da anni attraverso libri e incontri Carroll \u00e8 maestro e divulgatore di questa Magia del Caos.<\/p>\n<p style=\"text-align: justify;\"><img loading=\"lazy\" decoding=\"async\" class=\"size-full wp-image-54122 alignright\" src=\"https:\/\/www.rassegnastampa-totustuus.it\/cattolica\/wp-content\/uploads\/2022\/05\/Disney_locandina_film.jpg\" alt=\"\" width=\"194\" height=\"259\" \/>Questi sono dunque i personaggi (solo alcuni) che l\u2019Occidente mette in campo nella sua guerra, senza alcuna voce di condanna e di presa di distanza, anzi: con un moto di simpatia, come se si trattasse di un sequel di <em>Pomi d\u2019ottone e manici di scopa<\/em>, celebre film della Walt Disney dove una simpatica strega aiuta a fermare i nazisti che cercano di sbarcare in Inghilterra.<\/p>\n<div id=\"attachment_54123\" style=\"width: 137px\" class=\"wp-caption alignleft\"><img loading=\"lazy\" decoding=\"async\" aria-describedby=\"caption-attachment-54123\" class=\"wp-image-54123 \" src=\"https:\/\/www.rassegnastampa-totustuus.it\/cattolica\/wp-content\/uploads\/2022\/05\/Violet_Mary_Firth_magia.jpg\" alt=\"\" width=\"137\" height=\"174\" \/><p id=\"caption-attachment-54123\" class=\"wp-caption-text\">Violet Mary Firth<\/p><\/div>\n<p style=\"text-align: justify;\">Questo film, peraltro, \u00e8 ispirato ad un personaggio realmente esistito, una psicologa ma soprattutto una importante occultista, Dion Fortune, pseudonimo di Violet Mary Firth, che racconta della propria storia nel volume nel volume <em>The Magical Battle of Britain, la Battaglia Magica d\u2019Inghilterra<\/em>.<\/p>\n<p style=\"text-align: justify;\">Un volume davvero inquietante, che mostra il lato oscuro \u2013 \u00e8 il caso di dirlo \u2013 della storia del \u2018900, indagato da pochi studiosi, quali il professor Giorgio Galli in Italia, autore di un testo fondamentale quale Hitler e il nazismo magico.<\/p>\n<p style=\"text-align: justify;\"><img loading=\"lazy\" decoding=\"async\" class=\"size-full wp-image-54124 alignright\" src=\"https:\/\/www.rassegnastampa-totustuus.it\/cattolica\/wp-content\/uploads\/2022\/05\/aerei_Guerra_Inghilterra.jpg\" alt=\"\" width=\"265\" height=\"190\" \/>Secondo la Fortune non sarebbero stati i valorosi piloti della Royal Air Force a sconfiggere i tedeschi e a impedire l\u2019invasione nel 1940, ma la Magia Nera praticata da una congrega di occultisti che offr\u00ec i suoi servigi a Winston Churchill sotto assedio e con le spalle al muro.<\/p>\n<p style=\"text-align: justify;\">Dion Fortune era una maestra di magia cerimoniale e di ermetismo, che aveva radunato intorno a s\u00e9 un gruppo di \u201ciniziati\u201d, la Societ\u00e0 della Luce Interiore.<\/p>\n<p style=\"text-align: justify;\">Dion Fortune organizz\u00f2 delle pratiche di magia per impedire ai nazisti di toccare il suolo britannico. Ottenne l\u2019aiuto di diversi maghi di spicco dell\u2019epoca, tra cui il satanista Aleister Crowley e altri esponenti della celebre societ\u00e0 occultista della Golden Dawn.<\/p>\n<p style=\"text-align: justify;\"><img loading=\"lazy\" decoding=\"async\" class=\"size-full wp-image-9203 alignleft\" src=\"https:\/\/www.rassegnastampa-totustuus.it\/cattolica\/wp-content\/uploads\/2014\/07\/G_Galli_cover.jpg\" alt=\"\" width=\"182\" height=\"277\" \/>Negli scritti della Fortune, si evince che quella contro la Germania fosse una sorta di Guerra Civile. Tesi che trova riscontro anche nella citata opera del politologo Giorgio Galli, nei suoi studi sugli aspetti occultistici del Nazismo.<\/p>\n<p style=\"text-align: justify;\">Hitler e il suo cerchio magico \u2013 soprattutto Rudolf Hess \u2013 sognavano un\u2019alleanza esoterica tra l\u2019Inghilterra e la Germania, che insieme avrebbero potuto dominare il mondo.<\/p>\n<p style=\"text-align: justify;\">C\u2019erano contatti tra esoteristi di oltre Manica e tedeschi, con appartenenze comuni a societ\u00e0 segrete, come la Thule.<\/p>\n<p style=\"text-align: justify;\">Il sogno di una fratellanza bianca, ariana e sassone si infranse su un ostacolo insormontabile: la Russia. L\u2019attacco tedesco all\u2019URSS del 1941 rappresent\u00f2 il tentativo di impadronirsi della Heartland, il cuore mistico dell\u2019Eurasia secondo le teorie di Karl Haushofer, il padre della geopolitica tedesca, ma anche un appassionato cultore di dottrine esoteriche.<\/p>\n<p style=\"text-align: justify;\">Alla medesima conclusione era arrivato negli stessi anni anche l\u2019inglese Halford John Mackinder, geografo, politico, diplomatico, esploratore ed iniziato.<\/p>\n<p style=\"text-align: justify;\"><img loading=\"lazy\" decoding=\"async\" class=\"size-medium wp-image-54125 alignright\" src=\"https:\/\/www.rassegnastampa-totustuus.it\/cattolica\/wp-content\/uploads\/2022\/05\/Russia_1914.jpg\" alt=\"\" width=\"299\" height=\"169\" \/>Per Mackinder, l\u2019avvio a fine Ottocento dello sviluppo ferroviario russo in Asia aveva minato irreparabilmente il vecchio fondamento geo-politico: che il mare fosse la via pi\u00f9 rapida per spostarsi.<\/p>\n<p style=\"text-align: justify;\">Egli, a partire da queste considerazioni, individu\u00f2 nella zona della Russia tra Europa ed Asia, il nuovo fulcro geopolitico mondiale. Si tratta della pianura che si estende dall\u2019Europa centrale sino alla Siberia occidentale, che ha una posizione strategica su Mar Mediterraneo, Medio Oriente, Asia meridionale e Cina.<\/p>\n<p style=\"text-align: justify;\"><img loading=\"lazy\" decoding=\"async\" class=\"size-full wp-image-38196 alignleft\" src=\"https:\/\/www.rassegnastampa-totustuus.it\/cattolica\/wp-content\/uploads\/2017\/07\/terra.jpg\" alt=\"\" width=\"225\" height=\"225\" srcset=\"https:\/\/www.rassegnastampa-totustuus.it\/cattolica\/wp-content\/uploads\/2017\/07\/terra.jpg 225w, https:\/\/www.rassegnastampa-totustuus.it\/cattolica\/wp-content\/uploads\/2017\/07\/terra-150x150.jpg 150w\" sizes=\"auto, (max-width: 225px) 100vw, 225px\" \/>Mackinder chiam\u00f2 questa zona Heartland (zona centrale, cuore della terra), perch\u00e9, da allora in avanti, chi l\u2019avesse controllata, avrebbe guadagnato il dominio della intero Continente Antico, ossia l\u2019unione di Eurasia e Africa, da lui chiamato \u201cIsola mondiale\u201d; chi avesse dominato quest\u2019area strategica, avrebbe poi potuto dominare l\u2019intero pianeta.<\/p>\n<p style=\"text-align: justify;\">In questo modo riecheggiano nelle idee di Mackinder le parole di Sir Walter Raleigh, avventuriero al soldo della Regina Elisabetta I agli esordi dell\u2019Impero Britannico, che aveva detto \u201cChi possiede il mare, possiede il commercio mondiale; chi possiede il commercio, possiede la ricchezza; chi possiede la ricchezza del mondo possiede il mondo stesso\u201d.<\/p>\n<p style=\"text-align: justify;\">Con lo scoppio della Seconda Guerra Mondiale l\u2019Impero Britannico e il Reich Millenar<img loading=\"lazy\" decoding=\"async\" class=\" wp-image-54126 alignright\" src=\"https:\/\/www.rassegnastampa-totustuus.it\/cattolica\/wp-content\/uploads\/2022\/05\/Hitler_Churchill_guerra.jpg\" alt=\"\" width=\"252\" height=\"173\" \/>io erano venuti a trovarsi in un irrisolvibile conflitto di interessi.<\/p>\n<p style=\"text-align: justify;\">La decisione di muovere alla conquista della Russia era dovuta a motivazioni occulte alle scelte decisive del vertice nazista, scelte altrimenti inspiegabili secondo le comuni categorie della logica politica.<\/p>\n<p style=\"text-align: justify;\">Alla base di tali motivazioni c\u2019era lo scontro tra le forze primordiali avverse del bene e seguace delle forze magiche dell\u2019occulto.<\/p>\n<p style=\"text-align: justify;\"><img loading=\"lazy\" decoding=\"async\" class=\" wp-image-40949 alignleft\" src=\"https:\/\/www.rassegnastampa-totustuus.it\/cattolica\/wp-content\/uploads\/2018\/08\/federazione_russia.png\" alt=\"\" width=\"209\" height=\"121\" \/>La lotta dunque era per conquistare l\u2019Heartland, descritto da Mackinder come il territorio delimitato ad ovest dal Volga, ad est dal Fiume Azzurro, a nord dall\u2019Artico e a sud dalle cime pi\u00f9 occidentali dell\u2019Himalaya.<\/p>\n<p style=\"text-align: justify;\">All\u2019epoca, ala fine dell\u2019800, tale zona era quasi interamente controllata dall\u2019Impero Russo. Per Mackinder, che basava la sua teoria geopolitica sulla contrapposizione tra mare e terra, Heartland era il \u201ccuore\u201d pulsante di tutte le civilt\u00e0 di terra, in quanto logisticamente inavvicinabile da qualunque talassocrazia.<\/p>\n<p style=\"text-align: justify;\">Da qui la frase che riassume l\u2019intera concezione geopolitica di Mackinder: <em>\u201dChi controlla l\u2019Est Europa comanda l\u2019Heartland: chi controlla l\u2019Heartland comanda l\u2019Isola-Mondo: chi controlla l\u2019Isola-Mondo comanda il mondo\u201d<\/em>.<\/p>\n<p style=\"text-align: justify;\"><img loading=\"lazy\" decoding=\"async\" class=\"wp-image-40872 alignright\" src=\"https:\/\/www.rassegnastampa-totustuus.it\/cattolica\/wp-content\/uploads\/2005\/09\/Napoleone.jpg\" alt=\"\" width=\"237\" height=\"163\" \/>Un punto a favore della teoria di Mackinder \u00e8 dato dall\u2019esito dell\u2019invasione napoleonica della Russia, nonch\u00e9 della grande crescita dell\u2019Impero Zarista come potenza mondiale dopo la met\u00e0 del XIX secolo.<\/p>\n<p style=\"text-align: justify;\">Tuttavia, la coalizione delle potenze coloniali europee nel contenimento dell\u2019espansione russa in Asia (il cosiddetto Grande Gioco), nonch\u00e9 l\u2019arretratezza economica e sociale dell\u2019Impero Russo, avevano impedito un efficiente dominio dell\u2019Heartland.<\/p>\n<p style=\"text-align: justify;\">Scopo della teoria dell\u2019Heartland, a detta di Mackinder, era di avvisare l\u2019Alto Comando Britannico di abbandonare il cosiddetto \u201csplendido isolamento\u201d e di acquisire maggiore potenza militare sulla terraferma prima che si palesasse una seria minaccia dall\u2019Europa continentale. Cos\u00ec, nel 1940, si verific\u00f2 uno scontro all\u2019ultimo sangue tra maghi e stregoni, o per meglio dire tra opposti occultismi.<\/p>\n<p style=\"text-align: justify;\"><img loading=\"lazy\" decoding=\"async\" class=\" wp-image-45265 alignleft\" src=\"https:\/\/www.rassegnastampa-totustuus.it\/cattolica\/wp-content\/uploads\/2019\/11\/magia_occultismo.jpg\" alt=\"\" width=\"255\" height=\"318\" \/>Occulto \u00e8 un termine che si riferisce alla conoscenza di ci\u00f2 che \u00e8 nascosto, occultato, intendendo sapere oscuro, conoscenza riservata a pochi, ovvero gli iniziati. Una sorta di esseri superiori, transumani.<\/p>\n<p style=\"text-align: justify;\">L\u2019interpretazione dell\u2019occultismo e i suoi concetti possono ritrovarsi nel sistema della credenze filosofiche e religiose come lo gnosticismo, l\u2019ermetismo, la teosofia e il neopaganesimo.<\/p>\n<p style=\"text-align: justify;\">Vedere queste forze scatenarsi oggi in Ucraina non deve sorprendere: ancora una volta \u00e8 il tentativo di impossessarsi dell\u2019Heartland magica. Si pu\u00f2 spiegare in questo modo anche un orrore come il Battaglione Azov, e il neonazismo che attira volontari da ogni dove: \u00e8 una sorta di chiamata alle armi di tipo occultistico, un\u2019offensiva decisiva contro il Cristianesimo.<\/p>\n<p style=\"text-align: justify;\"><img loading=\"lazy\" decoding=\"async\" class=\"size-full wp-image-54127 alignright\" src=\"https:\/\/www.rassegnastampa-totustuus.it\/cattolica\/wp-content\/uploads\/2022\/05\/Ucraina_Azov_soldati.jpg\" alt=\"\" width=\"295\" height=\"171\" \/>L\u2019occultismo trova il suo fondamento in una sorta di tradizione esoterica occidentale che ha 2000 anni. I suoi ingredienti principali sono lo gnosticismo, i trattati ermetici di alchimia e magia, il neoplatonismo.<\/p>\n<p style=\"text-align: justify;\">\u00c8 il lato oscuro dell\u2019Europa, che da secoli sogna una vendetta nei confronti del Cristianesimo, e sogna il dominio del mondo.<\/p>\n<p>_____________________________________________<\/p>\n<p><span style=\"color: #000000;\"><strong>Leggi anche:<\/strong><\/span><\/p>\n<p><a href=\"https:\/\/www.rassegnastampa-totustuus.it\/cattolica\/la-battaglia-contro-satana\/\" target=\"_blank\" rel=\"noopener\"><span style=\"color: #0000ff;\">La battaglia contro satana<\/span><\/a><\/p>\n<p><a href=\"https:\/\/www.rassegnastampa-totustuus.it\/cattolica\/non-scherziamo-col-diavolo\/\" target=\"_blank\" rel=\"noopener\"><span style=\"color: #0000ff;\">Non scherziamo col diavolo<\/span><\/a><\/p>\n","protected":false},"excerpt":{"rendered":"<p>Ricognizioni 13 maggio 2022 Paolo Gulisano Mai come negli ultimi due anni, in occasione della Pandemia, abbiamo sentito citare La Scienza (con tanto di maiuscole) in toni laudativi, di infallibilt\u00e0, e con adorazione quasi idolatrica. Di fronte al virus misterioso ci salver\u00e0 la Madre Scienza con i suoi poteri. Per molto tempo, scienza \u00e8 stata &hellip; <\/p>\n<p><a class=\"more-link btn\" href=\"https:\/\/www.rassegnastampa-totustuus.it\/cattolica\/la-guerra-degli-occultisti\/\">Continua a leggere<\/a><\/p>\n","protected":false},"author":6,"featured_media":49990,"comment_status":"closed","ping_status":"closed","sticky":false,"template":"","format":"standard","meta":{"footnotes":""},"categories":[47,107],"tags":[487,898,534],"class_list":["post-54121","post","type-post","status-publish","format-standard","has-post-thumbnail","hentry","category-magia","category-satanismo","tag-magia-2","tag-occultismo","tag-satanismo-2","item-wrap"],"yoast_head":"<!-- This site is optimized with the Yoast SEO plugin v27.5 - https:\/\/yoast.com\/product\/yoast-seo-wordpress\/ -->\n<title>La guerra degli occultisti\u00a0 - Rassegna Stampa Cattolica<\/title>\n<meta name=\"description\" content=\"La guerra degli occultisti. Il lato oscuro dell\u2019Europa, che da secoli sogna una vendetta nei confronti del Cristianesimo\" \/>\n<meta name=\"robots\" content=\"index, follow, max-snippet:-1, max-image-preview:large, max-video-preview:-1\" \/>\n<link rel=\"canonical\" href=\"https:\/\/www.rassegnastampa-totustuus.it\/cattolica\/la-guerra-degli-occultisti\/\" \/>\n<meta property=\"og:locale\" content=\"it_IT\" \/>\n<meta property=\"og:type\" content=\"article\" \/>\n<meta property=\"og:title\" content=\"La guerra degli occultisti\u00a0 - Rassegna Stampa Cattolica\" \/>\n<meta property=\"og:description\" content=\"La guerra degli occultisti. Il lato oscuro dell\u2019Europa, che da secoli sogna una vendetta nei confronti del Cristianesimo\" \/>\n<meta property=\"og:url\" content=\"https:\/\/www.rassegnastampa-totustuus.it\/cattolica\/la-guerra-degli-occultisti\/\" \/>\n<meta property=\"og:site_name\" content=\"Rassegna Stampa Cattolica\" \/>\n<meta property=\"article:publisher\" content=\"https:\/\/www.facebook.com\/rassegnastampacattolica\" \/>\n<meta property=\"article:published_time\" content=\"2022-05-25T22:00:31+00:00\" \/>\n<meta property=\"article:modified_time\" content=\"2024-04-23T17:08:34+00:00\" \/>\n<meta property=\"og:image\" content=\"https:\/\/www.rassegnastampa-totustuus.it\/cattolica\/wp-content\/uploads\/2021\/02\/esoterismo_magia.jpg\" \/>\n\t<meta property=\"og:image:width\" content=\"1460\" \/>\n\t<meta property=\"og:image:height\" content=\"980\" \/>\n\t<meta property=\"og:image:type\" content=\"image\/jpeg\" \/>\n<meta name=\"author\" content=\"Redazione\" \/>\n<meta name=\"twitter:card\" content=\"summary_large_image\" \/>\n<meta name=\"twitter:creator\" content=\"@rassegnastampa9\" \/>\n<meta name=\"twitter:site\" content=\"@rassegnastampa9\" \/>\n<meta name=\"twitter:label1\" content=\"Scritto da\" \/>\n\t<meta name=\"twitter:data1\" content=\"Redazione\" \/>\n\t<meta name=\"twitter:label2\" content=\"Tempo di lettura stimato\" \/>\n\t<meta name=\"twitter:data2\" content=\"11 minuti\" \/>\n<script type=\"application\/ld+json\" class=\"yoast-schema-graph\">{\"@context\":\"https:\\\/\\\/schema.org\",\"@graph\":[{\"@type\":\"Article\",\"@id\":\"https:\\\/\\\/www.rassegnastampa-totustuus.it\\\/cattolica\\\/la-guerra-degli-occultisti\\\/#article\",\"isPartOf\":{\"@id\":\"https:\\\/\\\/www.rassegnastampa-totustuus.it\\\/cattolica\\\/la-guerra-degli-occultisti\\\/\"},\"author\":{\"name\":\"Redazione\",\"@id\":\"https:\\\/\\\/www.rassegnastampa-totustuus.it\\\/cattolica\\\/#\\\/schema\\\/person\\\/08f319d2bd1a0904ad9e2bfb7b15e5c3\"},\"headline\":\"La guerra degli occultisti\u00a0\",\"datePublished\":\"2022-05-25T22:00:31+00:00\",\"dateModified\":\"2024-04-23T17:08:34+00:00\",\"mainEntityOfPage\":{\"@id\":\"https:\\\/\\\/www.rassegnastampa-totustuus.it\\\/cattolica\\\/la-guerra-degli-occultisti\\\/\"},\"wordCount\":1462,\"publisher\":{\"@id\":\"https:\\\/\\\/www.rassegnastampa-totustuus.it\\\/cattolica\\\/#organization\"},\"image\":{\"@id\":\"https:\\\/\\\/www.rassegnastampa-totustuus.it\\\/cattolica\\\/la-guerra-degli-occultisti\\\/#primaryimage\"},\"thumbnailUrl\":\"https:\\\/\\\/www.rassegnastampa-totustuus.it\\\/cattolica\\\/wp-content\\\/uploads\\\/2021\\\/02\\\/esoterismo_magia.jpg\",\"keywords\":[\"magia\",\"occultismo\",\"satanismo\"],\"articleSection\":[\"Magia\",\"Satanismo\"],\"inLanguage\":\"it-IT\"},{\"@type\":\"WebPage\",\"@id\":\"https:\\\/\\\/www.rassegnastampa-totustuus.it\\\/cattolica\\\/la-guerra-degli-occultisti\\\/\",\"url\":\"https:\\\/\\\/www.rassegnastampa-totustuus.it\\\/cattolica\\\/la-guerra-degli-occultisti\\\/\",\"name\":\"La guerra degli occultisti\u00a0 - Rassegna Stampa Cattolica\",\"isPartOf\":{\"@id\":\"https:\\\/\\\/www.rassegnastampa-totustuus.it\\\/cattolica\\\/#website\"},\"primaryImageOfPage\":{\"@id\":\"https:\\\/\\\/www.rassegnastampa-totustuus.it\\\/cattolica\\\/la-guerra-degli-occultisti\\\/#primaryimage\"},\"image\":{\"@id\":\"https:\\\/\\\/www.rassegnastampa-totustuus.it\\\/cattolica\\\/la-guerra-degli-occultisti\\\/#primaryimage\"},\"thumbnailUrl\":\"https:\\\/\\\/www.rassegnastampa-totustuus.it\\\/cattolica\\\/wp-content\\\/uploads\\\/2021\\\/02\\\/esoterismo_magia.jpg\",\"datePublished\":\"2022-05-25T22:00:31+00:00\",\"dateModified\":\"2024-04-23T17:08:34+00:00\",\"description\":\"La guerra degli occultisti. Il lato oscuro dell\u2019Europa, che da secoli sogna una vendetta nei confronti del Cristianesimo\",\"breadcrumb\":{\"@id\":\"https:\\\/\\\/www.rassegnastampa-totustuus.it\\\/cattolica\\\/la-guerra-degli-occultisti\\\/#breadcrumb\"},\"inLanguage\":\"it-IT\",\"potentialAction\":[{\"@type\":\"ReadAction\",\"target\":[\"https:\\\/\\\/www.rassegnastampa-totustuus.it\\\/cattolica\\\/la-guerra-degli-occultisti\\\/\"]}]},{\"@type\":\"ImageObject\",\"inLanguage\":\"it-IT\",\"@id\":\"https:\\\/\\\/www.rassegnastampa-totustuus.it\\\/cattolica\\\/la-guerra-degli-occultisti\\\/#primaryimage\",\"url\":\"https:\\\/\\\/www.rassegnastampa-totustuus.it\\\/cattolica\\\/wp-content\\\/uploads\\\/2021\\\/02\\\/esoterismo_magia.jpg\",\"contentUrl\":\"https:\\\/\\\/www.rassegnastampa-totustuus.it\\\/cattolica\\\/wp-content\\\/uploads\\\/2021\\\/02\\\/esoterismo_magia.jpg\",\"width\":1460,\"height\":980},{\"@type\":\"BreadcrumbList\",\"@id\":\"https:\\\/\\\/www.rassegnastampa-totustuus.it\\\/cattolica\\\/la-guerra-degli-occultisti\\\/#breadcrumb\",\"itemListElement\":[{\"@type\":\"ListItem\",\"position\":1,\"name\":\"Home\",\"item\":\"https:\\\/\\\/www.rassegnastampa-totustuus.it\\\/cattolica\\\/\"},{\"@type\":\"ListItem\",\"position\":2,\"name\":\"La guerra degli occultisti\u00a0\"}]},{\"@type\":\"WebSite\",\"@id\":\"https:\\\/\\\/www.rassegnastampa-totustuus.it\\\/cattolica\\\/#website\",\"url\":\"https:\\\/\\\/www.rassegnastampa-totustuus.it\\\/cattolica\\\/\",\"name\":\"Rassegna Stampa Cattolica\",\"description\":\"Per una cultura che nasce dalla Rivelazione cristiana in conformit\u00e0 alla tradizione e al Magistero della Chiesa in opposizione ad ogni relativismo e totalitarismo\",\"publisher\":{\"@id\":\"https:\\\/\\\/www.rassegnastampa-totustuus.it\\\/cattolica\\\/#organization\"},\"alternateName\":\"Rass. Cattolica\",\"potentialAction\":[{\"@type\":\"SearchAction\",\"target\":{\"@type\":\"EntryPoint\",\"urlTemplate\":\"https:\\\/\\\/www.rassegnastampa-totustuus.it\\\/cattolica\\\/?s={search_term_string}\"},\"query-input\":{\"@type\":\"PropertyValueSpecification\",\"valueRequired\":true,\"valueName\":\"search_term_string\"}}],\"inLanguage\":\"it-IT\"},{\"@type\":\"Organization\",\"@id\":\"https:\\\/\\\/www.rassegnastampa-totustuus.it\\\/cattolica\\\/#organization\",\"name\":\"Rassegna Stampa Cattolica\",\"url\":\"https:\\\/\\\/www.rassegnastampa-totustuus.it\\\/cattolica\\\/\",\"logo\":{\"@type\":\"ImageObject\",\"inLanguage\":\"it-IT\",\"@id\":\"https:\\\/\\\/www.rassegnastampa-totustuus.it\\\/cattolica\\\/#\\\/schema\\\/logo\\\/image\\\/\",\"url\":\"https:\\\/\\\/www.rassegnastampa-totustuus.it\\\/cattolica\\\/wp-content\\\/uploads\\\/2014\\\/04\\\/logo-rassegna1.gif\",\"contentUrl\":\"https:\\\/\\\/www.rassegnastampa-totustuus.it\\\/cattolica\\\/wp-content\\\/uploads\\\/2014\\\/04\\\/logo-rassegna1.gif\",\"width\":600,\"height\":163,\"caption\":\"Rassegna Stampa Cattolica\"},\"image\":{\"@id\":\"https:\\\/\\\/www.rassegnastampa-totustuus.it\\\/cattolica\\\/#\\\/schema\\\/logo\\\/image\\\/\"},\"sameAs\":[\"https:\\\/\\\/www.facebook.com\\\/rassegnastampacattolica\",\"https:\\\/\\\/x.com\\\/rassegnastampa9\"]},{\"@type\":\"Person\",\"@id\":\"https:\\\/\\\/www.rassegnastampa-totustuus.it\\\/cattolica\\\/#\\\/schema\\\/person\\\/08f319d2bd1a0904ad9e2bfb7b15e5c3\",\"name\":\"Redazione\",\"image\":{\"@type\":\"ImageObject\",\"inLanguage\":\"it-IT\",\"@id\":\"https:\\\/\\\/secure.gravatar.com\\\/avatar\\\/2fcdf27c78ea025fbdb44e914cc63c72249ffec9dc8aafd5c82b26240ef3f346?s=96&d=mm&r=g\",\"url\":\"https:\\\/\\\/secure.gravatar.com\\\/avatar\\\/2fcdf27c78ea025fbdb44e914cc63c72249ffec9dc8aafd5c82b26240ef3f346?s=96&d=mm&r=g\",\"contentUrl\":\"https:\\\/\\\/secure.gravatar.com\\\/avatar\\\/2fcdf27c78ea025fbdb44e914cc63c72249ffec9dc8aafd5c82b26240ef3f346?s=96&d=mm&r=g\",\"caption\":\"Redazione\"},\"url\":\"https:\\\/\\\/www.rassegnastampa-totustuus.it\\\/cattolica\\\/author\\\/pietroelle\\\/\"}]}<\/script>\n<!-- \/ Yoast SEO plugin. -->","yoast_head_json":{"title":"La guerra degli occultisti\u00a0 - Rassegna Stampa Cattolica","description":"La guerra degli occultisti. Il lato oscuro dell\u2019Europa, che da secoli sogna una vendetta nei confronti del Cristianesimo","robots":{"index":"index","follow":"follow","max-snippet":"max-snippet:-1","max-image-preview":"max-image-preview:large","max-video-preview":"max-video-preview:-1"},"canonical":"https:\/\/www.rassegnastampa-totustuus.it\/cattolica\/la-guerra-degli-occultisti\/","og_locale":"it_IT","og_type":"article","og_title":"La guerra degli occultisti\u00a0 - Rassegna Stampa Cattolica","og_description":"La guerra degli occultisti. Il lato oscuro dell\u2019Europa, che da secoli sogna una vendetta nei confronti del Cristianesimo","og_url":"https:\/\/www.rassegnastampa-totustuus.it\/cattolica\/la-guerra-degli-occultisti\/","og_site_name":"Rassegna Stampa Cattolica","article_publisher":"https:\/\/www.facebook.com\/rassegnastampacattolica","article_published_time":"2022-05-25T22:00:31+00:00","article_modified_time":"2024-04-23T17:08:34+00:00","og_image":[{"width":1460,"height":980,"url":"https:\/\/www.rassegnastampa-totustuus.it\/cattolica\/wp-content\/uploads\/2021\/02\/esoterismo_magia.jpg","type":"image\/jpeg"}],"author":"Redazione","twitter_card":"summary_large_image","twitter_creator":"@rassegnastampa9","twitter_site":"@rassegnastampa9","twitter_misc":{"Scritto da":"Redazione","Tempo di lettura stimato":"11 minuti"},"schema":{"@context":"https:\/\/schema.org","@graph":[{"@type":"Article","@id":"https:\/\/www.rassegnastampa-totustuus.it\/cattolica\/la-guerra-degli-occultisti\/#article","isPartOf":{"@id":"https:\/\/www.rassegnastampa-totustuus.it\/cattolica\/la-guerra-degli-occultisti\/"},"author":{"name":"Redazione","@id":"https:\/\/www.rassegnastampa-totustuus.it\/cattolica\/#\/schema\/person\/08f319d2bd1a0904ad9e2bfb7b15e5c3"},"headline":"La guerra degli occultisti\u00a0","datePublished":"2022-05-25T22:00:31+00:00","dateModified":"2024-04-23T17:08:34+00:00","mainEntityOfPage":{"@id":"https:\/\/www.rassegnastampa-totustuus.it\/cattolica\/la-guerra-degli-occultisti\/"},"wordCount":1462,"publisher":{"@id":"https:\/\/www.rassegnastampa-totustuus.it\/cattolica\/#organization"},"image":{"@id":"https:\/\/www.rassegnastampa-totustuus.it\/cattolica\/la-guerra-degli-occultisti\/#primaryimage"},"thumbnailUrl":"https:\/\/www.rassegnastampa-totustuus.it\/cattolica\/wp-content\/uploads\/2021\/02\/esoterismo_magia.jpg","keywords":["magia","occultismo","satanismo"],"articleSection":["Magia","Satanismo"],"inLanguage":"it-IT"},{"@type":"WebPage","@id":"https:\/\/www.rassegnastampa-totustuus.it\/cattolica\/la-guerra-degli-occultisti\/","url":"https:\/\/www.rassegnastampa-totustuus.it\/cattolica\/la-guerra-degli-occultisti\/","name":"La guerra degli occultisti\u00a0 - Rassegna Stampa Cattolica","isPartOf":{"@id":"https:\/\/www.rassegnastampa-totustuus.it\/cattolica\/#website"},"primaryImageOfPage":{"@id":"https:\/\/www.rassegnastampa-totustuus.it\/cattolica\/la-guerra-degli-occultisti\/#primaryimage"},"image":{"@id":"https:\/\/www.rassegnastampa-totustuus.it\/cattolica\/la-guerra-degli-occultisti\/#primaryimage"},"thumbnailUrl":"https:\/\/www.rassegnastampa-totustuus.it\/cattolica\/wp-content\/uploads\/2021\/02\/esoterismo_magia.jpg","datePublished":"2022-05-25T22:00:31+00:00","dateModified":"2024-04-23T17:08:34+00:00","description":"La guerra degli occultisti. Il lato oscuro dell\u2019Europa, che da secoli sogna una vendetta nei confronti del Cristianesimo","breadcrumb":{"@id":"https:\/\/www.rassegnastampa-totustuus.it\/cattolica\/la-guerra-degli-occultisti\/#breadcrumb"},"inLanguage":"it-IT","potentialAction":[{"@type":"ReadAction","target":["https:\/\/www.rassegnastampa-totustuus.it\/cattolica\/la-guerra-degli-occultisti\/"]}]},{"@type":"ImageObject","inLanguage":"it-IT","@id":"https:\/\/www.rassegnastampa-totustuus.it\/cattolica\/la-guerra-degli-occultisti\/#primaryimage","url":"https:\/\/www.rassegnastampa-totustuus.it\/cattolica\/wp-content\/uploads\/2021\/02\/esoterismo_magia.jpg","contentUrl":"https:\/\/www.rassegnastampa-totustuus.it\/cattolica\/wp-content\/uploads\/2021\/02\/esoterismo_magia.jpg","width":1460,"height":980},{"@type":"BreadcrumbList","@id":"https:\/\/www.rassegnastampa-totustuus.it\/cattolica\/la-guerra-degli-occultisti\/#breadcrumb","itemListElement":[{"@type":"ListItem","position":1,"name":"Home","item":"https:\/\/www.rassegnastampa-totustuus.it\/cattolica\/"},{"@type":"ListItem","position":2,"name":"La guerra degli occultisti\u00a0"}]},{"@type":"WebSite","@id":"https:\/\/www.rassegnastampa-totustuus.it\/cattolica\/#website","url":"https:\/\/www.rassegnastampa-totustuus.it\/cattolica\/","name":"Rassegna Stampa Cattolica","description":"Per una cultura che nasce dalla Rivelazione cristiana in conformit\u00e0 alla tradizione e al Magistero della Chiesa in opposizione ad ogni relativismo e totalitarismo","publisher":{"@id":"https:\/\/www.rassegnastampa-totustuus.it\/cattolica\/#organization"},"alternateName":"Rass. Cattolica","potentialAction":[{"@type":"SearchAction","target":{"@type":"EntryPoint","urlTemplate":"https:\/\/www.rassegnastampa-totustuus.it\/cattolica\/?s={search_term_string}"},"query-input":{"@type":"PropertyValueSpecification","valueRequired":true,"valueName":"search_term_string"}}],"inLanguage":"it-IT"},{"@type":"Organization","@id":"https:\/\/www.rassegnastampa-totustuus.it\/cattolica\/#organization","name":"Rassegna Stampa Cattolica","url":"https:\/\/www.rassegnastampa-totustuus.it\/cattolica\/","logo":{"@type":"ImageObject","inLanguage":"it-IT","@id":"https:\/\/www.rassegnastampa-totustuus.it\/cattolica\/#\/schema\/logo\/image\/","url":"https:\/\/www.rassegnastampa-totustuus.it\/cattolica\/wp-content\/uploads\/2014\/04\/logo-rassegna1.gif","contentUrl":"https:\/\/www.rassegnastampa-totustuus.it\/cattolica\/wp-content\/uploads\/2014\/04\/logo-rassegna1.gif","width":600,"height":163,"caption":"Rassegna Stampa Cattolica"},"image":{"@id":"https:\/\/www.rassegnastampa-totustuus.it\/cattolica\/#\/schema\/logo\/image\/"},"sameAs":["https:\/\/www.facebook.com\/rassegnastampacattolica","https:\/\/x.com\/rassegnastampa9"]},{"@type":"Person","@id":"https:\/\/www.rassegnastampa-totustuus.it\/cattolica\/#\/schema\/person\/08f319d2bd1a0904ad9e2bfb7b15e5c3","name":"Redazione","image":{"@type":"ImageObject","inLanguage":"it-IT","@id":"https:\/\/secure.gravatar.com\/avatar\/2fcdf27c78ea025fbdb44e914cc63c72249ffec9dc8aafd5c82b26240ef3f346?s=96&d=mm&r=g","url":"https:\/\/secure.gravatar.com\/avatar\/2fcdf27c78ea025fbdb44e914cc63c72249ffec9dc8aafd5c82b26240ef3f346?s=96&d=mm&r=g","contentUrl":"https:\/\/secure.gravatar.com\/avatar\/2fcdf27c78ea025fbdb44e914cc63c72249ffec9dc8aafd5c82b26240ef3f346?s=96&d=mm&r=g","caption":"Redazione"},"url":"https:\/\/www.rassegnastampa-totustuus.it\/cattolica\/author\/pietroelle\/"}]}},"_links":{"self":[{"href":"https:\/\/www.rassegnastampa-totustuus.it\/cattolica\/wp-json\/wp\/v2\/posts\/54121","targetHints":{"allow":["GET"]}}],"collection":[{"href":"https:\/\/www.rassegnastampa-totustuus.it\/cattolica\/wp-json\/wp\/v2\/posts"}],"about":[{"href":"https:\/\/www.rassegnastampa-totustuus.it\/cattolica\/wp-json\/wp\/v2\/types\/post"}],"author":[{"embeddable":true,"href":"https:\/\/www.rassegnastampa-totustuus.it\/cattolica\/wp-json\/wp\/v2\/users\/6"}],"replies":[{"embeddable":true,"href":"https:\/\/www.rassegnastampa-totustuus.it\/cattolica\/wp-json\/wp\/v2\/comments?post=54121"}],"version-history":[{"count":2,"href":"https:\/\/www.rassegnastampa-totustuus.it\/cattolica\/wp-json\/wp\/v2\/posts\/54121\/revisions"}],"predecessor-version":[{"id":60148,"href":"https:\/\/www.rassegnastampa-totustuus.it\/cattolica\/wp-json\/wp\/v2\/posts\/54121\/revisions\/60148"}],"wp:featuredmedia":[{"embeddable":true,"href":"https:\/\/www.rassegnastampa-totustuus.it\/cattolica\/wp-json\/wp\/v2\/media\/49990"}],"wp:attachment":[{"href":"https:\/\/www.rassegnastampa-totustuus.it\/cattolica\/wp-json\/wp\/v2\/media?parent=54121"}],"wp:term":[{"taxonomy":"category","embeddable":true,"href":"https:\/\/www.rassegnastampa-totustuus.it\/cattolica\/wp-json\/wp\/v2\/categories?post=54121"},{"taxonomy":"post_tag","embeddable":true,"href":"https:\/\/www.rassegnastampa-totustuus.it\/cattolica\/wp-json\/wp\/v2\/tags?post=54121"}],"curies":[{"name":"wp","href":"https:\/\/api.w.org\/{rel}","templated":true}]}}