{"id":54105,"date":"2022-05-19T00:00:43","date_gmt":"2022-05-18T22:00:43","guid":{"rendered":"http:\/\/www.rassegnastampa-totustuus.it\/cattolica\/?p=54105"},"modified":"2024-04-25T12:07:27","modified_gmt":"2024-04-25T10:07:27","slug":"lo-spettro-dello-spread-demografico","status":"publish","type":"post","link":"https:\/\/www.rassegnastampa-totustuus.it\/cattolica\/lo-spettro-dello-spread-demografico\/","title":{"rendered":"Lo spettro dello spread demografico\u00a0\u00a0"},"content":{"rendered":"<p><img loading=\"lazy\" decoding=\"async\" class=\"wp-image-44775  alignright\" src=\"https:\/\/www.rassegnastampa-totustuus.it\/cattolica\/wp-content\/uploads\/2019\/10\/culle_demografia-bambini-300x200.jpg\" alt=\"\" width=\"315\" height=\"210\" srcset=\"https:\/\/www.rassegnastampa-totustuus.it\/cattolica\/wp-content\/uploads\/2019\/10\/culle_demografia-bambini-300x200.jpg 300w, https:\/\/www.rassegnastampa-totustuus.it\/cattolica\/wp-content\/uploads\/2019\/10\/culle_demografia-bambini-768x513.jpg 768w, https:\/\/www.rassegnastampa-totustuus.it\/cattolica\/wp-content\/uploads\/2019\/10\/culle_demografia-bambini-1024x684.jpg 1024w\" sizes=\"auto, (max-width: 315px) 100vw, 315px\" \/><\/p>\n<p style=\"text-align: center;\"><a href=\"https:\/\/www.centrostudilivatino.it\/\" target=\"_blank\" rel=\"noopener\"><strong>Centro Studi Rosario Livatino <\/strong><\/a><\/p>\n<p style=\"text-align: center;\">13 Maggio 2022<\/p>\n<p style=\"text-align: justify;\"><em>Discorso pronunciato, da esterno, il 30 aprile a Milano come contributo alla Conferenza programmatica di Fratelli d\u2019Italia: l\u2019intervento \u00e8 frutto di riflessione comune nell\u2019ambito del Centro studi Rosario Livatino, e in particolare del contributo del prof Francesco Farri.<\/em><\/p>\n<p style=\"text-align: center;\">di <strong>Alfredo Mantovano<\/strong><\/p>\n<p><!--more--><\/p>\n<p style=\"text-align: justify;\"><strong>1.<\/strong> Una decina di anni fa una parola inglese turbava il quadro economico e politico italiano, fino a far cadere un governo (in concorso con altri fattori). \u00c8 la parola \u201cspread\u201d: che indica, come sappiamo, il divario fra il rendimento dei titoli del debito pubblico italiano e il rendimento dei titoli del debito pubblico tedesco. Lo spread \u00e8 assai variabile, ha tante concause, e quando ricompare all\u2019orizzonte, nei tg e sulle pagine dei giornali, fa sempre nuovamente correre un brivido sulla schiena.<\/p>\n<p style=\"text-align: justify;\"><img loading=\"lazy\" decoding=\"async\" class=\"size-full wp-image-35139 alignleft\" src=\"https:\/\/www.rassegnastampa-totustuus.it\/cattolica\/wp-content\/uploads\/2010\/11\/spread_bdp.jpg\" alt=\"\" width=\"274\" height=\"184\" \/>C\u2019\u00e8 per\u00f2 un altro spread, che preoccupa di meno, di rado presente sui media, ma che in Italia ha assunto carattere cronico ed effetti pi\u00f9 pesanti: \u00e8 il divario annuale fra le nascite e le morti, che nel 2021 ha superato le 300.000 unit\u00e0, 709.000 morti contro 399.000 nuovi nati. \u00c8 come se ogni anno scomparisse l\u2019equivalente di una citt\u00e0 come Bari o come Catania.<\/p>\n<p style=\"text-align: justify;\"><span style=\"color: #000000;\">Sembra lontanissimo il 2006, ultimo anno in cui si and\u00f2 in pari, con circa 560.000 nascite e altrettanti decessi: in appena 15 anni l\u2019abbattimento demografico \u00e8 stato del 30%; il 1964, con 1.035.000 nascite, \u00e8 il paleolitico. Il 1964 \u00e8 stato anche l\u2019anno del boom economico, e \u2013 come lo spread dei titoli di Stato si correla alle crisi politiche \u2013 lo spread demografico va messo in relazione con la crisi, politica, economica, finanziaria, nella quale siamo immersi.<\/span><\/p>\n<p style=\"text-align: justify;\"><img loading=\"lazy\" decoding=\"async\" class=\"size-medium wp-image-47846 alignright\" src=\"https:\/\/www.rassegnastampa-totustuus.it\/cattolica\/wp-content\/uploads\/2020\/07\/denatalit\u00e0_Italia_demografia-300x87.jpg\" alt=\"\" width=\"300\" height=\"87\" srcset=\"https:\/\/www.rassegnastampa-totustuus.it\/cattolica\/wp-content\/uploads\/2020\/07\/denatalit\u00e0_Italia_demografia-300x87.jpg 300w, https:\/\/www.rassegnastampa-totustuus.it\/cattolica\/wp-content\/uploads\/2020\/07\/denatalit\u00e0_Italia_demografia-768x222.jpg 768w, https:\/\/www.rassegnastampa-totustuus.it\/cattolica\/wp-content\/uploads\/2020\/07\/denatalit\u00e0_Italia_demografia-1024x296.jpg 1024w, https:\/\/www.rassegnastampa-totustuus.it\/cattolica\/wp-content\/uploads\/2020\/07\/denatalit\u00e0_Italia_demografia.jpg 1900w\" sizes=\"auto, (max-width: 300px) 100vw, 300px\" \/><span style=\"color: #000000;\">\u00c8 un dato obiettivo: non ha futuro una nazione il cui indice di natalit\u00e0 \u00e8 di 1,25 figli per donna in et\u00e0 fertile, e il cui indice di vecchiaia (cio\u00e8 il rapporto fra &gt;65 anni e &lt;15 anni) \u00e8 di 182,6; che vuol dire 182 anziani ogni 100 giovani. <\/span><\/p>\n<p style=\"text-align: justify;\"><span style=\"color: #000000;\">Non ha futuro per considerazioni non ideali, bens\u00ec semplicemente economiche: alla riduzione delle nascite corrisponde a breve una contrazione di giovani che lavorano, e quindi una riduzione delle entrate contributive e fiscali; al parallelo incremento della popolazione anziana corrisponde un aumento dei costi sanitari e di assistenza per soggetti che non producono.<\/span><\/p>\n<p style=\"text-align: justify;\"><img loading=\"lazy\" decoding=\"async\" class=\" wp-image-31361 alignleft\" src=\"https:\/\/www.rassegnastampa-totustuus.it\/cattolica\/wp-content\/uploads\/2006\/05\/anziani.jpg\" alt=\"\" width=\"314\" height=\"195\" \/>L\u2019eutanasia, oggi rivendicata come scelta di libert\u00e0, sar\u00e0 strumento di controllo della spesa pubblica; e con essa l\u2019aumento dell\u2019et\u00e0 pensionabile e l\u2019individuazione di criteri per la selezione dei pazienti cui concedere le cure, soprattutto a quelle pi\u00f9 costose, mente le famiglie in povert\u00e0 assoluta in Italia sono arrivate al 7,5%, per un numero di individui pari a circa 5,6 milioni.<\/p>\n<p style=\"text-align: justify;\"><strong>2.<\/strong> Con questi dati qualsiasi governante di buon senso adotterebbe delle misure urgenti per il rilancio della famiglia: non per ragioni di principio, ma per esigenze di bilancio. La famiglia continua a essere oggi il principale agente di welfare diffuso, e al tempo stesso il meno oneroso: quanto costa un mese di presenza di un neonato in un asilo nido e quanto costa se, potendolo fare, ci pensano i nonni?<\/p>\n<p style=\"text-align: justify;\"><img loading=\"lazy\" decoding=\"async\" class=\" wp-image-46495 alignright\" src=\"https:\/\/www.rassegnastampa-totustuus.it\/cattolica\/wp-content\/uploads\/2020\/02\/malato_anziani_eutanasia-300x169.jpg\" alt=\"\" width=\"334\" height=\"188\" srcset=\"https:\/\/www.rassegnastampa-totustuus.it\/cattolica\/wp-content\/uploads\/2020\/02\/malato_anziani_eutanasia-300x169.jpg 300w, https:\/\/www.rassegnastampa-totustuus.it\/cattolica\/wp-content\/uploads\/2020\/02\/malato_anziani_eutanasia-768x432.jpg 768w, https:\/\/www.rassegnastampa-totustuus.it\/cattolica\/wp-content\/uploads\/2020\/02\/malato_anziani_eutanasia-1024x576.jpg 1024w, https:\/\/www.rassegnastampa-totustuus.it\/cattolica\/wp-content\/uploads\/2020\/02\/malato_anziani_eutanasia.jpg 1920w\" sizes=\"auto, (max-width: 334px) 100vw, 334px\" \/>Qual \u00e8 la spesa mensile per un anziano non autosufficiente in un hospice, e quanto spende una famiglia nello stesso periodo se riesce a tenerlo al proprio interno?<\/p>\n<p style=\"text-align: justify;\">Se vogliamo uscire dai giochi di parole, il primo provvedimento dovrebbe riguardare i criteri di redazione del bilancio pubblico: questo risparmio andrebbe quantificato.<\/p>\n<p style=\"text-align: justify;\">Ai fini del calcolo degli equilibri di bilancio, andrebbero valorizzate poste virtuali corrispondenti al risparmio di spesa pubblica che la famiglia permette di operare, secondo il principio di sussidiariet\u00e0 orizzontale: con le necessarie conseguenze in termini di minore carico fiscale su quella famiglia.<\/p>\n<p style=\"text-align: justify;\"><img loading=\"lazy\" decoding=\"async\" class=\"size-full wp-image-31493 alignleft\" src=\"https:\/\/www.rassegnastampa-totustuus.it\/cattolica\/wp-content\/uploads\/2011\/10\/Costituzione.jpg\" alt=\"\" width=\"275\" height=\"183\" \/>Ascoltiamo di frequente altisonanti richiami alla nostra Costituzione: la quale, pi\u00f9 che essere brandita come arma impropria contro l\u2019avversario politico, andrebbe letta, e magari applicata.<\/p>\n<p style=\"text-align: justify;\">Articolo 31: \u201cLa Repubblica agevola con misure economiche e altre provvidenze la formazione della famiglia e l\u2019adempimento dei compiti relativi, con particolare riguardo alle famiglie numerose\u201d. \u00c8 un <em>pour parler<\/em> o \u00e8 qualcosa da attuare?<\/p>\n<p style=\"text-align: justify;\"><img loading=\"lazy\" decoding=\"async\" class=\" wp-image-51879 alignright\" src=\"https:\/\/www.rassegnastampa-totustuus.it\/cattolica\/wp-content\/uploads\/2021\/07\/famiglia_felicit\u00e0_allegria.jpg\" alt=\"\" width=\"324\" height=\"184\" \/>Se la risposta corretta \u00e8 la seconda, significa che la Costituzione richiede da un lato di agevolare la formazione della famiglia, e dall\u2019altro di favorire l\u2019adempimento dei suoi compiti.<\/p>\n<p style=\"text-align: justify;\">Le misure di sostegno economico degli ultimi decenni, quando hanno riguardato la famiglia, si sono concentrate esclusivamente sul versante dell\u2019adempimento dei suoi compiti, con particolare riguardo alla filiazione, ma hanno trascurato totalmente la prima parte della disposizione, ossia la necessit\u00e0 di agevolare la formazione della famiglia.<\/p>\n<p style=\"text-align: justify;\">E cos\u00ec siamo giunti al minimo di 179.000 matrimoni celebrati nel 2021, a fronte dei 420.000 del 1970; perfino nel 1942 erano stati pi\u00f9 di 200.000: oggi in Italia ci si sposa di meno che in tempo di guerra, quando centinaia di migliaia di uomini erano lontani da casa!<\/p>\n<p style=\"text-align: justify;\"><strong>3.<\/strong> Ma pure sulla filiazione le misure adottate finora hanno lasciato a desiderare, perch\u00e9 frammentate, di respiro corto, spot pi\u00f9 che investimenti: se si intende <img loading=\"lazy\" decoding=\"async\" class=\"size-full wp-image-31349 alignleft\" src=\"https:\/\/www.rassegnastampa-totustuus.it\/cattolica\/wp-content\/uploads\/2009\/03\/mamma_passeggino.jpg\" alt=\"\" width=\"275\" height=\"183\" \/>favorire la scelta di una coppia di mettere al mondo un figlio, le si deve dare una prospettiva di sostegni stabili, non di aiuti <em>una tantum<\/em>, siano bonus o assegni per la natalit\u00e0.<\/p>\n<p style=\"text-align: justify;\">L\u2019attuale Governo ha spiegato di aver voluto con l\u2019assegno unico universale mettere ordine nella congerie di assegni pre-esistenti: peccato che ha deciso di parametrarne l\u2019importo all\u2019ISEE.<\/p>\n<p style=\"text-align: justify;\">La scala di equivalenza su cui si fonda l\u2019ISEE \u00e8 una delle pi\u00f9 penalizzanti a livello europeo per le famiglie con figli: per cui da subito l\u2019assegno unico universale va sganciato dal parametro dell\u2019ISEE, in attesa della necessaria complessiva rielaborazione di questo indicatore.<\/p>\n<p style=\"text-align: justify;\"><img loading=\"lazy\" decoding=\"async\" class=\" wp-image-54106 alignright\" src=\"https:\/\/www.rassegnastampa-totustuus.it\/cattolica\/wp-content\/uploads\/2022\/05\/Isee_fisco_famiglia_burocrazia.jpg\" alt=\"\" width=\"315\" height=\"196\" \/>Sul piano sostanziale il nuovo sistema, oltre che inutilmente complicato \u2013 otto pagine di tabella per quantificare l\u2019entit\u00e0 dell\u2019assegno, con scaglioni di ISEE differenziati di 100 euro in 100 euro -, lascia a desiderare, poich\u00e9 l\u2019entit\u00e0 dell\u2019assegno \u00e8 ridotta e, in alcuni casi, addirittura inferiore a quanto sarebbe spettato secondo il sistema delle detrazioni per figli a carico, precedentemente previste nell\u2019ambito dell\u2019IRPEF.<\/p>\n<p style=\"text-align: justify;\">Quindi come minimo andrebbe data alle famiglie la possibilit\u00e0 di rinunciare al sistema dell\u2019assegno unico per continuare a utilizzare le detrazioni dall\u2019IRPEF per figli a carico.<\/p>\n<p style=\"text-align: justify;\">Ma \u00e8 l\u2019insieme che va rivisto, ponendo la famiglia e i figli realmente al centro degli interventi, oltre i confini dell\u2019assegno unico e delle detrazioni:<\/p>\n<ul>\n<li style=\"text-align: justify;\">sul piano del diritto del lavoro, disciplinando lo smart working anche a regime per i genitori di figli piccoli, e organizzando al meglio il sistema di permessi e congedi (pur con la consapevolezza che queste misure riguardano soltanto una parte dei lavoratori, essenzialmente i dipendenti, e resta aperto il problema delle libere professioni);<\/li>\n<li style=\"text-align: justify;\">sul versante della domanda di lavoro, incentivando il lavoro femminile, anche qui finalmente in attuazione di una norma della Costituzione, l\u2019art. 37 (\u201cle condizioni di lavoro devono (\u2026) assicurare alla madre e al bambino una speciale adeguata protezione\u201d). Si pu\u00f2 rendere vantaggioso per datori di <img loading=\"lazy\" decoding=\"async\" class=\"size-medium wp-image-51017 alignright\" src=\"https:\/\/www.rassegnastampa-totustuus.it\/cattolica\/wp-content\/uploads\/2021\/05\/donne_lavoro-300x169.jpg\" alt=\"\" width=\"300\" height=\"169\" srcset=\"https:\/\/www.rassegnastampa-totustuus.it\/cattolica\/wp-content\/uploads\/2021\/05\/donne_lavoro-300x169.jpg 300w, https:\/\/www.rassegnastampa-totustuus.it\/cattolica\/wp-content\/uploads\/2021\/05\/donne_lavoro-768x432.jpg 768w, https:\/\/www.rassegnastampa-totustuus.it\/cattolica\/wp-content\/uploads\/2021\/05\/donne_lavoro-1024x576.jpg 1024w, https:\/\/www.rassegnastampa-totustuus.it\/cattolica\/wp-content\/uploads\/2021\/05\/donne_lavoro.jpg 1280w\" sizes=\"auto, (max-width: 300px) 100vw, 300px\" \/>lavoro e clienti il lavoro svolto da madri di figli piccoli: per es. prevedendo una \u201csuperdeduzione\u201d del costo che il datore di lavoro sostiene per il pagamento del salario di madri di figli piccoli, in termini crescenti al crescere del numero di figli (es. 110% con un figlio, 120% con due figli, 130% con tre figli, ecc.). Si potrebbe, inoltre, concedere un credito d\u2019imposta per i soggetti (consumatori o esercenti imprese, arti o professioni) che si avvalgano di servizi prestati o beni ceduti da professioniste o imprenditrici madri di figli piccoli: il credito (ad esempio, il 5% del costo del servizio) dovrebbe essere, anche in questo caso, crescente in relazione al numero dei figli. Quest\u2019ultima misura sarebbe una delle poche idonee a incentivare il lavoro indipendente di professioniste o imprenditrici madri, rendendolo pi\u00f9 competitivo;<\/li>\n<li style=\"text-align: justify;\">sul piano fiscale, rendendo strutturale un bonus fiscale per le babysitter, sul modello di quello gi\u00e0 introdotto in via temporanea durante la pandemia, mediante la concessione di un onere deducibile, nel caso in cui i genitori producano entrambi redditi da lavoro (sia esso dipendente, autonomo, o d\u2019impresa).<\/li>\n<\/ul>\n<p style=\"text-align: justify;\"><strong>4.<\/strong> Non vado oltre nelle proposte concrete. Rinvio per tutte all\u2019ottima proposta di legge che vede come prima firmataria l\u2019on Giorgia Meloni (AC 2266), rilanciata al Senato dalla sen. Isabella Rauti (AS 1837): quel che \u00e8 veramente necessario \u2013 quale elemento unificatore dei singoli concreti provvedimenti \u2013 \u00e8 un cambio di prospettiva che ruoti attorno alla famiglia.<\/p>\n<p style=\"text-align: justify;\"><img loading=\"lazy\" decoding=\"async\" class=\"size-full wp-image-6728 alignleft\" src=\"https:\/\/www.rassegnastampa-totustuus.it\/cattolica\/wp-content\/uploads\/2014\/03\/euro.jpg\" alt=\"\" width=\"275\" height=\"183\" \/>Quando si intende davvero incentivare un settore, i benefici che si introducono prescindono dal reddito: accade per le ristrutturazioni edilizie come per l\u2019acquisto di una vettura.<\/p>\n<p style=\"text-align: justify;\">La logica \u00e8 di rimettere in movimento un pezzo di economia nazionale, e quindi per es. favorire la domanda di automobili, non di aiutare persone in difficolt\u00e0 economiche a comprare un veicolo: \u00e8 per questo che gli incentivi auto prescindono dalle fasce di reddito.<\/p>\n<p style=\"text-align: justify;\">Il cambio di passo che si impone \u00e8 seguire la medesima logica per le provvidenze in favore della famiglia: il dato rilevante \u00e8 sposarsi e aprirsi alla vita, non modulare gli aiuti in base ai CUD!<\/p>\n<p style=\"text-align: justify;\"><img loading=\"lazy\" decoding=\"async\" class=\"size-medium wp-image-43326 alignright\" src=\"https:\/\/www.rassegnastampa-totustuus.it\/cattolica\/wp-content\/uploads\/2019\/06\/famiglia-1-300x149.jpg\" alt=\"\" width=\"300\" height=\"149\" srcset=\"https:\/\/www.rassegnastampa-totustuus.it\/cattolica\/wp-content\/uploads\/2019\/06\/famiglia-1-300x149.jpg 300w, https:\/\/www.rassegnastampa-totustuus.it\/cattolica\/wp-content\/uploads\/2019\/06\/famiglia-1.jpg 318w\" sizes=\"auto, (max-width: 300px) 100vw, 300px\" \/>Quel che serve veramente \u00e8 ridare alla famiglia la centralit\u00e0 che le spetta per natura, e che le \u00e8 riconosciuta dalla Costituzione.<\/p>\n<p style=\"text-align: justify;\">Volutamente non ho parlato dell\u2019attacco portato in modo continuativo e sistematico all\u2019istituto familiare negli ultimi decenni: un po\u2019 perch\u00e9 \u00e8 importante guardare in termini positivi al futuro, un po\u2019 per non ripetere sempre le stesse lamentazioni. Mi limito per\u00f2 a ricordare:<\/p>\n<ul>\n<li style=\"text-align: justify;\">che \u00e8 veramente complicato costruire qualcosa se le fondamenta sono \u201cfluide\u201d, per es. quando qualcuno vuol convincere, con minaccia di sanzione penale, che essere maschi o femmine non \u00e8 qualcosa di definito, ma dipende dall\u2019autopercezione che ciascuno ha di s\u00e9 stesso;<\/li>\n<li style=\"text-align: justify;\">che non \u00e8 la stessa cosa per un bambino crescere con un padre e con una madre, oppure con due persone dello stesso sesso: perch\u00e9 quella natura che la Costituzione richiama quando riconosce i diritti della famiglia reca scritta la complementariet\u00e0 delle due figure di genitori, non la duplicazione della stessa figura;<\/li>\n<li style=\"text-align: justify;\">che mettere al mondo un figlio \u00e8 un atto di coraggio e di speranza: e il coraggio e la speranza non si comprano, n\u00e9 prendono in \u201caffitto\u201d il corpo di donne estranee, e spesso sottomesse.<\/li>\n<\/ul>\n<p style=\"text-align: justify;\"><strong>5.<\/strong> Ci sono stati dei momenti nella nostra storia di italiani nei quali tutto sembrava <img loading=\"lazy\" decoding=\"async\" class=\" wp-image-31353 alignleft\" src=\"https:\/\/www.rassegnastampa-totustuus.it\/cattolica\/wp-content\/uploads\/2007\/03\/famiglia.jpg\" alt=\"\" width=\"310\" height=\"218\" \/>perso, e pareva perduta anche la speranza.<\/p>\n<p style=\"text-align: justify;\">Sono stati momenti di lutto, di fame, di paura, con eserciti stranieri sul nostro territorio, e con i capi che erano scomparsi o si erano dati alla fuga: pensiamo al periodo conclusivo della Seconda guerra mondiale.<\/p>\n<p style=\"text-align: justify;\">In quei momenti il popolo italiano ha saputo prendere in mano il proprio destino e passare in pochi anni dalle macerie alla ricostruzione. \u00c8 riuscito a farlo perch\u00e9 era un popolo sano, costituito da famiglie.<\/p>\n<p style=\"text-align: justify;\">Erano le famiglie dei nostri nonni, dai quali abbiamo tutti ascoltati i racconti del passaggio dalla disperazione a una prospettiva di luce, fondata sul lavoro, sulla fatica e sulla fiducia nel domani!<\/p>\n<p style=\"text-align: justify;\"><img loading=\"lazy\" decoding=\"async\" class=\" wp-image-35117 alignright\" src=\"https:\/\/www.rassegnastampa-totustuus.it\/cattolica\/wp-content\/uploads\/2010\/06\/famiglia.jpg\" alt=\"\" width=\"299\" height=\"224\" \/>\u00c8 perch\u00e9 venivano da famiglie sane che quelle donne e quegli uomini si sono rimboccate le maniche e hanno costruito nuovamente abitazioni, luoghi di lavoro, chiese, comunit\u00e0, senza avere grandi mezzi a disposizione; perch\u00e9 erano anni in cui, come cantava il ragazzo della via Gluck, per lavarsi bisognava scendere \u2018gi\u00f9 nel cortile\u2019.<\/p>\n<p style=\"text-align: justify;\">Quella rete si \u00e8 strappata, oggi \u00e8 pi\u00f9 precaria, ma non \u00e8 scomparsa, come si \u00e8 visto nel tempo della pandemia, dove \u00e8 grazie a essa che il sistema ha potuto reggere: \u00e8 fatta di quelle madri e di quei padri che ogni mattina accompagnano i figli a scuola, si recano al lavoro, lottano contro l\u2019oppressione fiscale e affrontano ogni tipo di burocrazia, sopportano tutto e vanno avanti lo stesso.<\/p>\n<p style=\"text-align: justify;\">E fanno andare avanti un\u2019Italia che sta in piedi solo perch\u00e9 ci sono loro. Queste famiglie non ambiscono a essere surrogate; desiderano non essere ostacolate, e magari essere incoraggiate, soprattutto nelle scelte di investimento nel futuro. Non chiedono nulla pi\u00f9 che condividere in concreto la speranza di un domani per il nostro popolo.<\/p>\n<p>________________________________________<\/p>\n<p><strong><span style=\"color: #000000;\">Leggi anche<\/span><\/strong><\/p>\n<p><a href=\"https:\/\/www.rassegnastampa-totustuus.it\/cattolica\/denatalita-un-suicidio-per-litalia\/\" target=\"_blank\" rel=\"noopener\"><span style=\"color: #0000ff;\">L\u2019uomo bianco \u00e8 morto,\u00a0 ma lo vedremo saltellare in giro ancora un po\u2019\u00a0<\/span><\/a><\/p>\n","protected":false},"excerpt":{"rendered":"<p>Centro Studi Rosario Livatino 13 Maggio 2022 Discorso pronunciato, da esterno, il 30 aprile a Milano come contributo alla Conferenza programmatica di Fratelli d\u2019Italia: l\u2019intervento \u00e8 frutto di riflessione comune nell\u2019ambito del Centro studi Rosario Livatino, e in particolare del contributo del prof Francesco Farri. di Alfredo Mantovano<\/p><p><a class=\"more-link btn\" href=\"https:\/\/www.rassegnastampa-totustuus.it\/cattolica\/lo-spettro-dello-spread-demografico\/\">Continua a leggere<\/a><\/p>\n","protected":false},"author":6,"featured_media":44775,"comment_status":"closed","ping_status":"closed","sticky":false,"template":"","format":"standard","meta":{"footnotes":""},"categories":[15,20],"tags":[913,1261,156,297],"class_list":["post-54105","post","type-post","status-publish","format-standard","has-post-thumbnail","hentry","category-famiglia","category-politica-nazionale","tag-declino-demografico","tag-denatalita","tag-famiglia-2","tag-politica-nazionale-2","item-wrap"],"yoast_head":"<!-- This site is optimized with the Yoast SEO plugin v27.5 - https:\/\/yoast.com\/product\/yoast-seo-wordpress\/ -->\n<title>Lo spettro dello spread demografico\u00a0\u00a0 - Rassegna Stampa Cattolica<\/title>\n<meta name=\"description\" content=\"Lo spettro dello spread demografico. Una nazione come l&#039;Italia non ha futuro con l&#039;attuale indice di natalit\u00e0\" \/>\n<meta name=\"robots\" content=\"index, follow, max-snippet:-1, max-image-preview:large, max-video-preview:-1\" \/>\n<link rel=\"canonical\" href=\"https:\/\/www.rassegnastampa-totustuus.it\/cattolica\/lo-spettro-dello-spread-demografico\/\" \/>\n<meta property=\"og:locale\" content=\"it_IT\" \/>\n<meta property=\"og:type\" content=\"article\" \/>\n<meta property=\"og:title\" content=\"Lo spettro dello spread demografico\u00a0\u00a0 - Rassegna Stampa Cattolica\" \/>\n<meta property=\"og:description\" content=\"Lo spettro dello spread demografico. Una nazione come l&#039;Italia non ha futuro con l&#039;attuale indice di natalit\u00e0\" \/>\n<meta property=\"og:url\" content=\"https:\/\/www.rassegnastampa-totustuus.it\/cattolica\/lo-spettro-dello-spread-demografico\/\" \/>\n<meta property=\"og:site_name\" content=\"Rassegna Stampa Cattolica\" \/>\n<meta property=\"article:publisher\" content=\"https:\/\/www.facebook.com\/rassegnastampacattolica\" \/>\n<meta property=\"article:published_time\" content=\"2022-05-18T22:00:43+00:00\" \/>\n<meta property=\"article:modified_time\" content=\"2024-04-25T10:07:27+00:00\" \/>\n<meta property=\"og:image\" content=\"https:\/\/www.rassegnastampa-totustuus.it\/cattolica\/wp-content\/uploads\/2019\/10\/culle_demografia-bambini.jpg\" \/>\n\t<meta property=\"og:image:width\" content=\"2816\" \/>\n\t<meta property=\"og:image:height\" content=\"1880\" \/>\n\t<meta property=\"og:image:type\" content=\"image\/jpeg\" \/>\n<meta name=\"author\" content=\"Redazione\" \/>\n<meta name=\"twitter:card\" content=\"summary_large_image\" \/>\n<meta name=\"twitter:creator\" content=\"@rassegnastampa9\" \/>\n<meta name=\"twitter:site\" content=\"@rassegnastampa9\" \/>\n<meta name=\"twitter:label1\" content=\"Scritto da\" \/>\n\t<meta name=\"twitter:data1\" content=\"Redazione\" \/>\n\t<meta name=\"twitter:label2\" content=\"Tempo di lettura stimato\" \/>\n\t<meta name=\"twitter:data2\" content=\"14 minuti\" \/>\n<script type=\"application\/ld+json\" class=\"yoast-schema-graph\">{\"@context\":\"https:\\\/\\\/schema.org\",\"@graph\":[{\"@type\":\"Article\",\"@id\":\"https:\\\/\\\/www.rassegnastampa-totustuus.it\\\/cattolica\\\/lo-spettro-dello-spread-demografico\\\/#article\",\"isPartOf\":{\"@id\":\"https:\\\/\\\/www.rassegnastampa-totustuus.it\\\/cattolica\\\/lo-spettro-dello-spread-demografico\\\/\"},\"author\":{\"name\":\"Redazione\",\"@id\":\"https:\\\/\\\/www.rassegnastampa-totustuus.it\\\/cattolica\\\/#\\\/schema\\\/person\\\/08f319d2bd1a0904ad9e2bfb7b15e5c3\"},\"headline\":\"Lo spettro dello spread demografico\u00a0\u00a0\",\"datePublished\":\"2022-05-18T22:00:43+00:00\",\"dateModified\":\"2024-04-25T10:07:27+00:00\",\"mainEntityOfPage\":{\"@id\":\"https:\\\/\\\/www.rassegnastampa-totustuus.it\\\/cattolica\\\/lo-spettro-dello-spread-demografico\\\/\"},\"wordCount\":1934,\"publisher\":{\"@id\":\"https:\\\/\\\/www.rassegnastampa-totustuus.it\\\/cattolica\\\/#organization\"},\"image\":{\"@id\":\"https:\\\/\\\/www.rassegnastampa-totustuus.it\\\/cattolica\\\/lo-spettro-dello-spread-demografico\\\/#primaryimage\"},\"thumbnailUrl\":\"https:\\\/\\\/www.rassegnastampa-totustuus.it\\\/cattolica\\\/wp-content\\\/uploads\\\/2019\\\/10\\\/culle_demografia-bambini.jpg\",\"keywords\":[\"declino demografico\",\"denatalit\u00e0\",\"famiglia\",\"politica nazionale\"],\"articleSection\":[\"Famiglia\",\"Politica nazionale\"],\"inLanguage\":\"it-IT\"},{\"@type\":\"WebPage\",\"@id\":\"https:\\\/\\\/www.rassegnastampa-totustuus.it\\\/cattolica\\\/lo-spettro-dello-spread-demografico\\\/\",\"url\":\"https:\\\/\\\/www.rassegnastampa-totustuus.it\\\/cattolica\\\/lo-spettro-dello-spread-demografico\\\/\",\"name\":\"Lo spettro dello spread demografico\u00a0\u00a0 - Rassegna Stampa Cattolica\",\"isPartOf\":{\"@id\":\"https:\\\/\\\/www.rassegnastampa-totustuus.it\\\/cattolica\\\/#website\"},\"primaryImageOfPage\":{\"@id\":\"https:\\\/\\\/www.rassegnastampa-totustuus.it\\\/cattolica\\\/lo-spettro-dello-spread-demografico\\\/#primaryimage\"},\"image\":{\"@id\":\"https:\\\/\\\/www.rassegnastampa-totustuus.it\\\/cattolica\\\/lo-spettro-dello-spread-demografico\\\/#primaryimage\"},\"thumbnailUrl\":\"https:\\\/\\\/www.rassegnastampa-totustuus.it\\\/cattolica\\\/wp-content\\\/uploads\\\/2019\\\/10\\\/culle_demografia-bambini.jpg\",\"datePublished\":\"2022-05-18T22:00:43+00:00\",\"dateModified\":\"2024-04-25T10:07:27+00:00\",\"description\":\"Lo spettro dello spread demografico. Una nazione come l'Italia non ha futuro con l'attuale indice di natalit\u00e0\",\"breadcrumb\":{\"@id\":\"https:\\\/\\\/www.rassegnastampa-totustuus.it\\\/cattolica\\\/lo-spettro-dello-spread-demografico\\\/#breadcrumb\"},\"inLanguage\":\"it-IT\",\"potentialAction\":[{\"@type\":\"ReadAction\",\"target\":[\"https:\\\/\\\/www.rassegnastampa-totustuus.it\\\/cattolica\\\/lo-spettro-dello-spread-demografico\\\/\"]}]},{\"@type\":\"ImageObject\",\"inLanguage\":\"it-IT\",\"@id\":\"https:\\\/\\\/www.rassegnastampa-totustuus.it\\\/cattolica\\\/lo-spettro-dello-spread-demografico\\\/#primaryimage\",\"url\":\"https:\\\/\\\/www.rassegnastampa-totustuus.it\\\/cattolica\\\/wp-content\\\/uploads\\\/2019\\\/10\\\/culle_demografia-bambini.jpg\",\"contentUrl\":\"https:\\\/\\\/www.rassegnastampa-totustuus.it\\\/cattolica\\\/wp-content\\\/uploads\\\/2019\\\/10\\\/culle_demografia-bambini.jpg\",\"width\":2816,\"height\":1880,\"caption\":\"MILANO ARCHIVIO REGIONE BONUS BEBE OSPEDALE NEONATOLOGIA NEONATI PUERPERIOE NEONATI NASCITE - FOTO NEWPRESS\"},{\"@type\":\"BreadcrumbList\",\"@id\":\"https:\\\/\\\/www.rassegnastampa-totustuus.it\\\/cattolica\\\/lo-spettro-dello-spread-demografico\\\/#breadcrumb\",\"itemListElement\":[{\"@type\":\"ListItem\",\"position\":1,\"name\":\"Home\",\"item\":\"https:\\\/\\\/www.rassegnastampa-totustuus.it\\\/cattolica\\\/\"},{\"@type\":\"ListItem\",\"position\":2,\"name\":\"Lo spettro dello spread demografico\u00a0\u00a0\"}]},{\"@type\":\"WebSite\",\"@id\":\"https:\\\/\\\/www.rassegnastampa-totustuus.it\\\/cattolica\\\/#website\",\"url\":\"https:\\\/\\\/www.rassegnastampa-totustuus.it\\\/cattolica\\\/\",\"name\":\"Rassegna Stampa Cattolica\",\"description\":\"Per una cultura che nasce dalla Rivelazione cristiana in conformit\u00e0 alla tradizione e al Magistero della Chiesa in opposizione ad ogni relativismo e totalitarismo\",\"publisher\":{\"@id\":\"https:\\\/\\\/www.rassegnastampa-totustuus.it\\\/cattolica\\\/#organization\"},\"alternateName\":\"Rass. Cattolica\",\"potentialAction\":[{\"@type\":\"SearchAction\",\"target\":{\"@type\":\"EntryPoint\",\"urlTemplate\":\"https:\\\/\\\/www.rassegnastampa-totustuus.it\\\/cattolica\\\/?s={search_term_string}\"},\"query-input\":{\"@type\":\"PropertyValueSpecification\",\"valueRequired\":true,\"valueName\":\"search_term_string\"}}],\"inLanguage\":\"it-IT\"},{\"@type\":\"Organization\",\"@id\":\"https:\\\/\\\/www.rassegnastampa-totustuus.it\\\/cattolica\\\/#organization\",\"name\":\"Rassegna Stampa Cattolica\",\"url\":\"https:\\\/\\\/www.rassegnastampa-totustuus.it\\\/cattolica\\\/\",\"logo\":{\"@type\":\"ImageObject\",\"inLanguage\":\"it-IT\",\"@id\":\"https:\\\/\\\/www.rassegnastampa-totustuus.it\\\/cattolica\\\/#\\\/schema\\\/logo\\\/image\\\/\",\"url\":\"https:\\\/\\\/www.rassegnastampa-totustuus.it\\\/cattolica\\\/wp-content\\\/uploads\\\/2014\\\/04\\\/logo-rassegna1.gif\",\"contentUrl\":\"https:\\\/\\\/www.rassegnastampa-totustuus.it\\\/cattolica\\\/wp-content\\\/uploads\\\/2014\\\/04\\\/logo-rassegna1.gif\",\"width\":600,\"height\":163,\"caption\":\"Rassegna Stampa Cattolica\"},\"image\":{\"@id\":\"https:\\\/\\\/www.rassegnastampa-totustuus.it\\\/cattolica\\\/#\\\/schema\\\/logo\\\/image\\\/\"},\"sameAs\":[\"https:\\\/\\\/www.facebook.com\\\/rassegnastampacattolica\",\"https:\\\/\\\/x.com\\\/rassegnastampa9\"]},{\"@type\":\"Person\",\"@id\":\"https:\\\/\\\/www.rassegnastampa-totustuus.it\\\/cattolica\\\/#\\\/schema\\\/person\\\/08f319d2bd1a0904ad9e2bfb7b15e5c3\",\"name\":\"Redazione\",\"image\":{\"@type\":\"ImageObject\",\"inLanguage\":\"it-IT\",\"@id\":\"https:\\\/\\\/secure.gravatar.com\\\/avatar\\\/2fcdf27c78ea025fbdb44e914cc63c72249ffec9dc8aafd5c82b26240ef3f346?s=96&d=mm&r=g\",\"url\":\"https:\\\/\\\/secure.gravatar.com\\\/avatar\\\/2fcdf27c78ea025fbdb44e914cc63c72249ffec9dc8aafd5c82b26240ef3f346?s=96&d=mm&r=g\",\"contentUrl\":\"https:\\\/\\\/secure.gravatar.com\\\/avatar\\\/2fcdf27c78ea025fbdb44e914cc63c72249ffec9dc8aafd5c82b26240ef3f346?s=96&d=mm&r=g\",\"caption\":\"Redazione\"},\"url\":\"https:\\\/\\\/www.rassegnastampa-totustuus.it\\\/cattolica\\\/author\\\/pietroelle\\\/\"}]}<\/script>\n<!-- \/ Yoast SEO plugin. -->","yoast_head_json":{"title":"Lo spettro dello spread demografico\u00a0\u00a0 - Rassegna Stampa Cattolica","description":"Lo spettro dello spread demografico. Una nazione come l'Italia non ha futuro con l'attuale indice di natalit\u00e0","robots":{"index":"index","follow":"follow","max-snippet":"max-snippet:-1","max-image-preview":"max-image-preview:large","max-video-preview":"max-video-preview:-1"},"canonical":"https:\/\/www.rassegnastampa-totustuus.it\/cattolica\/lo-spettro-dello-spread-demografico\/","og_locale":"it_IT","og_type":"article","og_title":"Lo spettro dello spread demografico\u00a0\u00a0 - Rassegna Stampa Cattolica","og_description":"Lo spettro dello spread demografico. Una nazione come l'Italia non ha futuro con l'attuale indice di natalit\u00e0","og_url":"https:\/\/www.rassegnastampa-totustuus.it\/cattolica\/lo-spettro-dello-spread-demografico\/","og_site_name":"Rassegna Stampa Cattolica","article_publisher":"https:\/\/www.facebook.com\/rassegnastampacattolica","article_published_time":"2022-05-18T22:00:43+00:00","article_modified_time":"2024-04-25T10:07:27+00:00","og_image":[{"width":2816,"height":1880,"url":"https:\/\/www.rassegnastampa-totustuus.it\/cattolica\/wp-content\/uploads\/2019\/10\/culle_demografia-bambini.jpg","type":"image\/jpeg"}],"author":"Redazione","twitter_card":"summary_large_image","twitter_creator":"@rassegnastampa9","twitter_site":"@rassegnastampa9","twitter_misc":{"Scritto da":"Redazione","Tempo di lettura stimato":"14 minuti"},"schema":{"@context":"https:\/\/schema.org","@graph":[{"@type":"Article","@id":"https:\/\/www.rassegnastampa-totustuus.it\/cattolica\/lo-spettro-dello-spread-demografico\/#article","isPartOf":{"@id":"https:\/\/www.rassegnastampa-totustuus.it\/cattolica\/lo-spettro-dello-spread-demografico\/"},"author":{"name":"Redazione","@id":"https:\/\/www.rassegnastampa-totustuus.it\/cattolica\/#\/schema\/person\/08f319d2bd1a0904ad9e2bfb7b15e5c3"},"headline":"Lo spettro dello spread demografico\u00a0\u00a0","datePublished":"2022-05-18T22:00:43+00:00","dateModified":"2024-04-25T10:07:27+00:00","mainEntityOfPage":{"@id":"https:\/\/www.rassegnastampa-totustuus.it\/cattolica\/lo-spettro-dello-spread-demografico\/"},"wordCount":1934,"publisher":{"@id":"https:\/\/www.rassegnastampa-totustuus.it\/cattolica\/#organization"},"image":{"@id":"https:\/\/www.rassegnastampa-totustuus.it\/cattolica\/lo-spettro-dello-spread-demografico\/#primaryimage"},"thumbnailUrl":"https:\/\/www.rassegnastampa-totustuus.it\/cattolica\/wp-content\/uploads\/2019\/10\/culle_demografia-bambini.jpg","keywords":["declino demografico","denatalit\u00e0","famiglia","politica nazionale"],"articleSection":["Famiglia","Politica nazionale"],"inLanguage":"it-IT"},{"@type":"WebPage","@id":"https:\/\/www.rassegnastampa-totustuus.it\/cattolica\/lo-spettro-dello-spread-demografico\/","url":"https:\/\/www.rassegnastampa-totustuus.it\/cattolica\/lo-spettro-dello-spread-demografico\/","name":"Lo spettro dello spread demografico\u00a0\u00a0 - Rassegna Stampa Cattolica","isPartOf":{"@id":"https:\/\/www.rassegnastampa-totustuus.it\/cattolica\/#website"},"primaryImageOfPage":{"@id":"https:\/\/www.rassegnastampa-totustuus.it\/cattolica\/lo-spettro-dello-spread-demografico\/#primaryimage"},"image":{"@id":"https:\/\/www.rassegnastampa-totustuus.it\/cattolica\/lo-spettro-dello-spread-demografico\/#primaryimage"},"thumbnailUrl":"https:\/\/www.rassegnastampa-totustuus.it\/cattolica\/wp-content\/uploads\/2019\/10\/culle_demografia-bambini.jpg","datePublished":"2022-05-18T22:00:43+00:00","dateModified":"2024-04-25T10:07:27+00:00","description":"Lo spettro dello spread demografico. Una nazione come l'Italia non ha futuro con l'attuale indice di natalit\u00e0","breadcrumb":{"@id":"https:\/\/www.rassegnastampa-totustuus.it\/cattolica\/lo-spettro-dello-spread-demografico\/#breadcrumb"},"inLanguage":"it-IT","potentialAction":[{"@type":"ReadAction","target":["https:\/\/www.rassegnastampa-totustuus.it\/cattolica\/lo-spettro-dello-spread-demografico\/"]}]},{"@type":"ImageObject","inLanguage":"it-IT","@id":"https:\/\/www.rassegnastampa-totustuus.it\/cattolica\/lo-spettro-dello-spread-demografico\/#primaryimage","url":"https:\/\/www.rassegnastampa-totustuus.it\/cattolica\/wp-content\/uploads\/2019\/10\/culle_demografia-bambini.jpg","contentUrl":"https:\/\/www.rassegnastampa-totustuus.it\/cattolica\/wp-content\/uploads\/2019\/10\/culle_demografia-bambini.jpg","width":2816,"height":1880,"caption":"MILANO ARCHIVIO REGIONE BONUS BEBE OSPEDALE NEONATOLOGIA NEONATI PUERPERIOE NEONATI NASCITE - FOTO NEWPRESS"},{"@type":"BreadcrumbList","@id":"https:\/\/www.rassegnastampa-totustuus.it\/cattolica\/lo-spettro-dello-spread-demografico\/#breadcrumb","itemListElement":[{"@type":"ListItem","position":1,"name":"Home","item":"https:\/\/www.rassegnastampa-totustuus.it\/cattolica\/"},{"@type":"ListItem","position":2,"name":"Lo spettro dello spread demografico\u00a0\u00a0"}]},{"@type":"WebSite","@id":"https:\/\/www.rassegnastampa-totustuus.it\/cattolica\/#website","url":"https:\/\/www.rassegnastampa-totustuus.it\/cattolica\/","name":"Rassegna Stampa Cattolica","description":"Per una cultura che nasce dalla Rivelazione cristiana in conformit\u00e0 alla tradizione e al Magistero della Chiesa in opposizione ad ogni relativismo e totalitarismo","publisher":{"@id":"https:\/\/www.rassegnastampa-totustuus.it\/cattolica\/#organization"},"alternateName":"Rass. Cattolica","potentialAction":[{"@type":"SearchAction","target":{"@type":"EntryPoint","urlTemplate":"https:\/\/www.rassegnastampa-totustuus.it\/cattolica\/?s={search_term_string}"},"query-input":{"@type":"PropertyValueSpecification","valueRequired":true,"valueName":"search_term_string"}}],"inLanguage":"it-IT"},{"@type":"Organization","@id":"https:\/\/www.rassegnastampa-totustuus.it\/cattolica\/#organization","name":"Rassegna Stampa Cattolica","url":"https:\/\/www.rassegnastampa-totustuus.it\/cattolica\/","logo":{"@type":"ImageObject","inLanguage":"it-IT","@id":"https:\/\/www.rassegnastampa-totustuus.it\/cattolica\/#\/schema\/logo\/image\/","url":"https:\/\/www.rassegnastampa-totustuus.it\/cattolica\/wp-content\/uploads\/2014\/04\/logo-rassegna1.gif","contentUrl":"https:\/\/www.rassegnastampa-totustuus.it\/cattolica\/wp-content\/uploads\/2014\/04\/logo-rassegna1.gif","width":600,"height":163,"caption":"Rassegna Stampa Cattolica"},"image":{"@id":"https:\/\/www.rassegnastampa-totustuus.it\/cattolica\/#\/schema\/logo\/image\/"},"sameAs":["https:\/\/www.facebook.com\/rassegnastampacattolica","https:\/\/x.com\/rassegnastampa9"]},{"@type":"Person","@id":"https:\/\/www.rassegnastampa-totustuus.it\/cattolica\/#\/schema\/person\/08f319d2bd1a0904ad9e2bfb7b15e5c3","name":"Redazione","image":{"@type":"ImageObject","inLanguage":"it-IT","@id":"https:\/\/secure.gravatar.com\/avatar\/2fcdf27c78ea025fbdb44e914cc63c72249ffec9dc8aafd5c82b26240ef3f346?s=96&d=mm&r=g","url":"https:\/\/secure.gravatar.com\/avatar\/2fcdf27c78ea025fbdb44e914cc63c72249ffec9dc8aafd5c82b26240ef3f346?s=96&d=mm&r=g","contentUrl":"https:\/\/secure.gravatar.com\/avatar\/2fcdf27c78ea025fbdb44e914cc63c72249ffec9dc8aafd5c82b26240ef3f346?s=96&d=mm&r=g","caption":"Redazione"},"url":"https:\/\/www.rassegnastampa-totustuus.it\/cattolica\/author\/pietroelle\/"}]}},"_links":{"self":[{"href":"https:\/\/www.rassegnastampa-totustuus.it\/cattolica\/wp-json\/wp\/v2\/posts\/54105","targetHints":{"allow":["GET"]}}],"collection":[{"href":"https:\/\/www.rassegnastampa-totustuus.it\/cattolica\/wp-json\/wp\/v2\/posts"}],"about":[{"href":"https:\/\/www.rassegnastampa-totustuus.it\/cattolica\/wp-json\/wp\/v2\/types\/post"}],"author":[{"embeddable":true,"href":"https:\/\/www.rassegnastampa-totustuus.it\/cattolica\/wp-json\/wp\/v2\/users\/6"}],"replies":[{"embeddable":true,"href":"https:\/\/www.rassegnastampa-totustuus.it\/cattolica\/wp-json\/wp\/v2\/comments?post=54105"}],"version-history":[{"count":2,"href":"https:\/\/www.rassegnastampa-totustuus.it\/cattolica\/wp-json\/wp\/v2\/posts\/54105\/revisions"}],"predecessor-version":[{"id":60180,"href":"https:\/\/www.rassegnastampa-totustuus.it\/cattolica\/wp-json\/wp\/v2\/posts\/54105\/revisions\/60180"}],"wp:featuredmedia":[{"embeddable":true,"href":"https:\/\/www.rassegnastampa-totustuus.it\/cattolica\/wp-json\/wp\/v2\/media\/44775"}],"wp:attachment":[{"href":"https:\/\/www.rassegnastampa-totustuus.it\/cattolica\/wp-json\/wp\/v2\/media?parent=54105"}],"wp:term":[{"taxonomy":"category","embeddable":true,"href":"https:\/\/www.rassegnastampa-totustuus.it\/cattolica\/wp-json\/wp\/v2\/categories?post=54105"},{"taxonomy":"post_tag","embeddable":true,"href":"https:\/\/www.rassegnastampa-totustuus.it\/cattolica\/wp-json\/wp\/v2\/tags?post=54105"}],"curies":[{"name":"wp","href":"https:\/\/api.w.org\/{rel}","templated":true}]}}