{"id":54091,"date":"2022-05-19T00:00:45","date_gmt":"2022-05-18T22:00:45","guid":{"rendered":"http:\/\/www.rassegnastampa-totustuus.it\/cattolica\/?p=54091"},"modified":"2024-04-25T11:58:27","modified_gmt":"2024-04-25T09:58:27","slug":"la-responsabilita-sociale-di-impresa-secondo-santambrogio","status":"publish","type":"post","link":"https:\/\/www.rassegnastampa-totustuus.it\/cattolica\/la-responsabilita-sociale-di-impresa-secondo-santambrogio\/","title":{"rendered":"La responsabilit\u00e0 sociale di impresa secondo Sant\u2019Ambrogio\u00a0\u00a0\u00a0"},"content":{"rendered":"<p style=\"text-align: center;\"><span style=\"color: #000000;\"><span style=\"color: #0000ff;\"><a style=\"color: #0000ff;\" href=\"https:\/\/www.informazionecattolica.it\/\" target=\"_blank\" rel=\"noopener\"><strong><img loading=\"lazy\" decoding=\"async\" class=\" wp-image-53210 alignleft\" src=\"https:\/\/www.rassegnastampa-totustuus.it\/cattolica\/wp-content\/uploads\/2021\/12\/Adriano_Olivetti_impresa_Italia.jpg\" alt=\"\" width=\"258\" height=\"235\" \/>InFormazione cattolica <\/strong><\/a><\/span>16 Maggio 2022 <\/span><\/p>\n<p style=\"text-align: justify;\"><span style=\"color: #000000;\"><em>L\u2019<\/em><em>attuale liberismo predatorio che pretende di dominare il mondo torna a rendere attuali le ammonizioni ai ricchi di Sant\u2019Ambrogio. Specie in Italia, per\u00f2, ci sono ancora \u201cantidoti\u201d al nichilismo dell\u2019economia e della finanza senz\u2019anima<\/em><strong>\u00a0<\/strong><\/span><\/p>\n<p style=\"text-align: center;\"><span style=\"color: #000000;\"> di <strong>Vincenzo Silvestrelli <\/strong><\/span><\/p>\n<p><span style=\"color: #000000;\"><!--more--><\/span><\/p>\n<p style=\"text-align: justify;\"><span style=\"color: #000000;\">Nel suo piccolo libro la \u201c<em>Vigna di Nabot<\/em>\u201d sant\u2019Ambrogio (339\/340-397) ci offre un significativo ritratto psicologico e morale del \u201cricco\u201d, illuminandone i tratti alla luce della Sacra Scrittura che, come sappiamo, egli conosce profondamente. <\/span><\/p>\n<p style=\"text-align: justify;\"><span style=\"color: #000000;\"><img loading=\"lazy\" decoding=\"async\" class=\" wp-image-54092 alignright\" src=\"https:\/\/www.rassegnastampa-totustuus.it\/cattolica\/wp-content\/uploads\/2022\/05\/Ambrogio_cover.jpg\" alt=\"\" width=\"170\" height=\"244\" \/>Partendo dal noto episodio biblico tratto dal <em>Libro dei Re<\/em> (cap. 2) in cui si narra come il re Acaz sottrae una vigna uccidendo il proprietario Nabot, il Vescovo di Milano e Dottore della Chiesa illustra e sottolinea i comportamenti del ricco sovrano, attualizzandolo e rendendolo figura generale. <\/span><\/p>\n<p style=\"text-align: justify;\"><span style=\"color: #000000;\">\u00c8 un ritratto che d\u00e0 lo spaccato di una societ\u00e0 complessa ed in crisi come era quella al tramonto dell\u2019Impero Romano, in cui le differenze sociali erano elevate e gli strumenti di tutela dei poveri inesistenti. Il santo Vescovo prende le difese del povero e ammonisce il ricco. Il testo ha una sconcertante attualit\u00e0.<\/span><\/p>\n<p style=\"text-align: justify;\"><span style=\"color: #000000;\">Come mai questa consonanza con l\u2019epoca attuale? Forse perch\u00e9 il liberismo nichilista sempre pi\u00f9 invasivo che caratterizza le nostre societ\u00e0 ci riporta ad una situazione in cui il povero \u00e8 solo e privo di effettive tutele. <\/span><\/p>\n<p style=\"text-align: justify;\"><span style=\"color: #000000;\">Anche oggi la responsabilit\u00e0 del ricco aumenta per il venir meno di un sistema sociale grazie al quale, nonostante indubbie criticit\u00e0 nel XX secolo, ma la tutela dei diritti era garantita da una democrazia partecipativa reale e dalla articolazione della societ\u00e0 che permetteva la rappresentanza degli interessi pi\u00f9 diffusi. <\/span><\/p>\n<p style=\"text-align: justify;\"><span style=\"color: #000000;\">La crisi della politica e la frammentazione sociale hanno portato invece nell\u2019ultimo trentennio ad un isolamento che chiama ad una maggiore responsabilit\u00e0 il moderno <em>ricco<\/em>, cio\u00e8 colui che ha risorse e potere.<\/span><\/p>\n<p style=\"text-align: justify;\"><span style=\"color: #000000;\"><img loading=\"lazy\" decoding=\"async\" class=\" wp-image-35121 alignleft\" src=\"https:\/\/www.rassegnastampa-totustuus.it\/cattolica\/wp-content\/uploads\/2009\/03\/ricchi_Ucraina.jpg\" alt=\"\" width=\"358\" height=\"238\" \/> Parlando del ricco Ambrogio sottolinea come la sua pulsione fondamentale non sia il possedere per usare e far usare, ma il possedere per togliere agli altri e nascondere. \u00f9<\/span><\/p>\n<p style=\"text-align: justify;\"><span style=\"color: #000000;\">Gli raccomanda quindi: \u00ab<em>Sei il custode dei tuoi averi, non il padrone. Tu che sotterri l\u2019oro sei l\u2019amministratore, non il despota. Ma dove \u00e8 il tuo tesoro, l\u00ec \u00e8 anche il tuo cuore. Dunque in quell\u2019oro seppellisci nella terra il tuo cuore<\/em>\u00bb.<\/span><\/p>\n<p style=\"text-align: justify;\"><span style=\"color: #000000;\">Questa caratteristica predatoria del ricco del tardo Impero sembra riguardare anche le \u00e9lite finanziarie contemporanee che si accaniscono per creare enormi depositi finanziari anche attraverso giochi di mercato ormai scollegati dalla realt\u00e0.<\/span><\/p>\n<p style=\"text-align: justify;\"><span style=\"color: #000000;\"> Oligarchi che non pensano minimamente ad investire per il miglioramento delle condizioni sociali, materiali e <em>ambientali<\/em> dei popoli. Come ricordava Ambrogio essi accumulano non per mettere a frutto ma per dominare non facendo possedere ad altri. <\/span><\/p>\n<p style=\"text-align: justify;\"><span style=\"color: #000000;\"><img loading=\"lazy\" decoding=\"async\" class=\" wp-image-28375 alignright\" src=\"https:\/\/www.rassegnastampa-totustuus.it\/cattolica\/wp-content\/uploads\/2006\/02\/finanza.jpg\" alt=\"\" width=\"262\" height=\"261\" srcset=\"https:\/\/www.rassegnastampa-totustuus.it\/cattolica\/wp-content\/uploads\/2006\/02\/finanza.jpg 225w, https:\/\/www.rassegnastampa-totustuus.it\/cattolica\/wp-content\/uploads\/2006\/02\/finanza-150x150.jpg 150w\" sizes=\"auto, (max-width: 262px) 100vw, 262px\" \/>Contraria a questa astrazione della ricchezza dai bisogni della comunit\u00e0 \u00e8 la responsabilit\u00e0 sociale delle imprese che rappresenta un modo concreto per esercitare l\u2019attivit\u00e0 economica, rispettando e valorizzando i diritti di tutti i partecipanti all\u2019organismo complesso dell\u2019impresa.<br \/>\n<\/span><\/p>\n<p style=\"text-align: justify;\"><span style=\"color: #000000;\">Essa ha una grande tradizione in Italia perch\u00e9, prima di essere codificata nelle scuole di <em>management<\/em>, era applicata da molte delle imprese italiane. <\/span><\/p>\n<p style=\"text-align: justify;\"><span style=\"color: #000000;\">Ricordiamo le esperienze storiche pi\u00f9 note di Olivetti e di Luisa Spagnoli (1877-1935) l\u2019imprenditrice che ha ideato i <em>Baci Perugina<\/em>. Ma possiamo anche trovare <\/span><span style=\"color: #0000ff;\"><a style=\"color: #0000ff;\" href=\"https:\/\/welfare.upyourbrand.it\/uncategorized\/la-lunga-storia-del-welfare-aziendale-in-italia\/\" target=\"_blank\" rel=\"noopener noreferrer\">esempi meno famosi ma diffusi<\/a><\/span> <span style=\"color: #000000;\">come gli asili infantili per le lavoratrici del tabacco, le colonie per la Terni Acciai e gli investimenti per la formazione del personale della Sai Ambrosini di Passignano sul Trasimeno. Oggi \u00e8 notevole l\u2019impegno in queste pratiche della<\/span> <span style=\"color: #0000ff;\"><a style=\"color: #0000ff;\" href=\"https:\/\/www.ferrero.it\/Fondazione-Ferrero\" target=\"_blank\" rel=\"noopener noreferrer\"><em>Ferrero<\/em><\/a>.<\/span><\/p>\n<p style=\"text-align: justify;\"><span style=\"color: #000000;\"><img loading=\"lazy\" decoding=\"async\" class=\"size-full wp-image-54093 alignleft\" src=\"https:\/\/www.rassegnastampa-totustuus.it\/cattolica\/wp-content\/uploads\/2022\/05\/Fabbrica_lavoro_aziende.jpg\" alt=\"\" width=\"276\" height=\"178\" \/>In genere le aziende che praticano la responsabilit\u00e0 aziendale non come <em>vetrina<\/em> ma come concreta pratica coerente e voluta, hanno lavoratori motivati e sono in grado di competere meglio sul mercato. <\/span><\/p>\n<p style=\"text-align: justify;\"><span style=\"color: #000000;\">Dietro ci sono sempre proprietari e <em>manager<\/em> che hanno deciso di non sotterrare l\u2019oro come ammoniva Ambrogio, ma di metterlo a disposizione per il bene della comunit\u00e0.<\/span><\/p>\n<p>______________________________________<\/p>\n<p><strong><span style=\"color: #000000;\">Leggi anche:<\/span><\/strong><\/p>\n<p><a href=\"https:\/\/www.rassegnastampa-totustuus.it\/cattolica\/economia-e-vangelo\/\" target=\"_blank\" rel=\"noopener\"><span style=\"color: #0000ff;\">Economia e Vangelo<\/span><\/a><\/p>\n","protected":false},"excerpt":{"rendered":"<p>InFormazione cattolica 16 Maggio 2022 L\u2019attuale liberismo predatorio che pretende di dominare il mondo torna a rendere attuali le ammonizioni ai ricchi di Sant\u2019Ambrogio. Specie in Italia, per\u00f2, ci sono ancora \u201cantidoti\u201d al nichilismo dell\u2019economia e della finanza senz\u2019anima\u00a0 di Vincenzo Silvestrelli<\/p><p><a class=\"more-link btn\" href=\"https:\/\/www.rassegnastampa-totustuus.it\/cattolica\/la-responsabilita-sociale-di-impresa-secondo-santambrogio\/\">Continua a leggere<\/a><\/p>\n","protected":false},"author":6,"featured_media":44837,"comment_status":"closed","ping_status":"closed","sticky":false,"template":"","format":"standard","meta":{"footnotes":""},"categories":[11,13],"tags":[146,2389,231,1837],"class_list":["post-54091","post","type-post","status-publish","format-standard","has-post-thumbnail","hentry","category-dottrina-sociale","category-economia","tag-dottrina-sociale-2","tag-economia","tag-impresa","tag-ricchezza","item-wrap"],"yoast_head":"<!-- This site is optimized with the Yoast SEO plugin v27.5 - https:\/\/yoast.com\/product\/yoast-seo-wordpress\/ -->\n<title>La responsabilit\u00e0 sociale di impresa secondo Sant\u2019Ambrogio\u00a0\u00a0\u00a0 - Rassegna Stampa Cattolica<\/title>\n<meta name=\"description\" content=\"La responsabilit\u00e0 sociale di impresa secondo Sant\u2019Ambrogio, come antidoto all&#039;attuale liberismo predatorio\" \/>\n<meta name=\"robots\" content=\"index, follow, max-snippet:-1, max-image-preview:large, max-video-preview:-1\" \/>\n<link rel=\"canonical\" href=\"https:\/\/www.rassegnastampa-totustuus.it\/cattolica\/la-responsabilita-sociale-di-impresa-secondo-santambrogio\/\" \/>\n<meta property=\"og:locale\" content=\"it_IT\" \/>\n<meta property=\"og:type\" content=\"article\" \/>\n<meta property=\"og:title\" content=\"La responsabilit\u00e0 sociale di impresa secondo Sant\u2019Ambrogio\u00a0\u00a0\u00a0 - Rassegna Stampa Cattolica\" \/>\n<meta property=\"og:description\" content=\"La responsabilit\u00e0 sociale di impresa secondo Sant\u2019Ambrogio, come antidoto all&#039;attuale liberismo predatorio\" \/>\n<meta property=\"og:url\" content=\"https:\/\/www.rassegnastampa-totustuus.it\/cattolica\/la-responsabilita-sociale-di-impresa-secondo-santambrogio\/\" \/>\n<meta property=\"og:site_name\" content=\"Rassegna Stampa Cattolica\" \/>\n<meta property=\"article:publisher\" content=\"https:\/\/www.facebook.com\/rassegnastampacattolica\" \/>\n<meta property=\"article:published_time\" content=\"2022-05-18T22:00:45+00:00\" \/>\n<meta property=\"article:modified_time\" content=\"2024-04-25T09:58:27+00:00\" \/>\n<meta property=\"og:image\" content=\"https:\/\/www.rassegnastampa-totustuus.it\/cattolica\/wp-content\/uploads\/2019\/10\/soldi_denaro.jpg\" \/>\n\t<meta property=\"og:image:width\" content=\"1217\" \/>\n\t<meta property=\"og:image:height\" content=\"694\" \/>\n\t<meta property=\"og:image:type\" content=\"image\/jpeg\" \/>\n<meta name=\"author\" content=\"Redazione\" \/>\n<meta name=\"twitter:card\" content=\"summary_large_image\" \/>\n<meta name=\"twitter:creator\" content=\"@rassegnastampa9\" \/>\n<meta name=\"twitter:site\" content=\"@rassegnastampa9\" \/>\n<meta name=\"twitter:label1\" content=\"Scritto da\" \/>\n\t<meta name=\"twitter:data1\" content=\"Redazione\" \/>\n\t<meta name=\"twitter:label2\" content=\"Tempo di lettura stimato\" \/>\n\t<meta name=\"twitter:data2\" content=\"5 minuti\" \/>\n<script type=\"application\/ld+json\" class=\"yoast-schema-graph\">{\"@context\":\"https:\\\/\\\/schema.org\",\"@graph\":[{\"@type\":\"Article\",\"@id\":\"https:\\\/\\\/www.rassegnastampa-totustuus.it\\\/cattolica\\\/la-responsabilita-sociale-di-impresa-secondo-santambrogio\\\/#article\",\"isPartOf\":{\"@id\":\"https:\\\/\\\/www.rassegnastampa-totustuus.it\\\/cattolica\\\/la-responsabilita-sociale-di-impresa-secondo-santambrogio\\\/\"},\"author\":{\"name\":\"Redazione\",\"@id\":\"https:\\\/\\\/www.rassegnastampa-totustuus.it\\\/cattolica\\\/#\\\/schema\\\/person\\\/08f319d2bd1a0904ad9e2bfb7b15e5c3\"},\"headline\":\"La responsabilit\u00e0 sociale di impresa secondo Sant\u2019Ambrogio\u00a0\u00a0\u00a0\",\"datePublished\":\"2022-05-18T22:00:45+00:00\",\"dateModified\":\"2024-04-25T09:58:27+00:00\",\"mainEntityOfPage\":{\"@id\":\"https:\\\/\\\/www.rassegnastampa-totustuus.it\\\/cattolica\\\/la-responsabilita-sociale-di-impresa-secondo-santambrogio\\\/\"},\"wordCount\":640,\"publisher\":{\"@id\":\"https:\\\/\\\/www.rassegnastampa-totustuus.it\\\/cattolica\\\/#organization\"},\"image\":{\"@id\":\"https:\\\/\\\/www.rassegnastampa-totustuus.it\\\/cattolica\\\/la-responsabilita-sociale-di-impresa-secondo-santambrogio\\\/#primaryimage\"},\"thumbnailUrl\":\"https:\\\/\\\/www.rassegnastampa-totustuus.it\\\/cattolica\\\/wp-content\\\/uploads\\\/2019\\\/10\\\/soldi_denaro.jpg\",\"keywords\":[\"dottrina sociale\",\"Economia\",\"impresa\",\"ricchezza\"],\"articleSection\":[\"Dottrina sociale\",\"Economia\"],\"inLanguage\":\"it-IT\"},{\"@type\":\"WebPage\",\"@id\":\"https:\\\/\\\/www.rassegnastampa-totustuus.it\\\/cattolica\\\/la-responsabilita-sociale-di-impresa-secondo-santambrogio\\\/\",\"url\":\"https:\\\/\\\/www.rassegnastampa-totustuus.it\\\/cattolica\\\/la-responsabilita-sociale-di-impresa-secondo-santambrogio\\\/\",\"name\":\"La responsabilit\u00e0 sociale di impresa secondo Sant\u2019Ambrogio\u00a0\u00a0\u00a0 - Rassegna Stampa Cattolica\",\"isPartOf\":{\"@id\":\"https:\\\/\\\/www.rassegnastampa-totustuus.it\\\/cattolica\\\/#website\"},\"primaryImageOfPage\":{\"@id\":\"https:\\\/\\\/www.rassegnastampa-totustuus.it\\\/cattolica\\\/la-responsabilita-sociale-di-impresa-secondo-santambrogio\\\/#primaryimage\"},\"image\":{\"@id\":\"https:\\\/\\\/www.rassegnastampa-totustuus.it\\\/cattolica\\\/la-responsabilita-sociale-di-impresa-secondo-santambrogio\\\/#primaryimage\"},\"thumbnailUrl\":\"https:\\\/\\\/www.rassegnastampa-totustuus.it\\\/cattolica\\\/wp-content\\\/uploads\\\/2019\\\/10\\\/soldi_denaro.jpg\",\"datePublished\":\"2022-05-18T22:00:45+00:00\",\"dateModified\":\"2024-04-25T09:58:27+00:00\",\"description\":\"La responsabilit\u00e0 sociale di impresa secondo Sant\u2019Ambrogio, come antidoto all'attuale liberismo predatorio\",\"breadcrumb\":{\"@id\":\"https:\\\/\\\/www.rassegnastampa-totustuus.it\\\/cattolica\\\/la-responsabilita-sociale-di-impresa-secondo-santambrogio\\\/#breadcrumb\"},\"inLanguage\":\"it-IT\",\"potentialAction\":[{\"@type\":\"ReadAction\",\"target\":[\"https:\\\/\\\/www.rassegnastampa-totustuus.it\\\/cattolica\\\/la-responsabilita-sociale-di-impresa-secondo-santambrogio\\\/\"]}]},{\"@type\":\"ImageObject\",\"inLanguage\":\"it-IT\",\"@id\":\"https:\\\/\\\/www.rassegnastampa-totustuus.it\\\/cattolica\\\/la-responsabilita-sociale-di-impresa-secondo-santambrogio\\\/#primaryimage\",\"url\":\"https:\\\/\\\/www.rassegnastampa-totustuus.it\\\/cattolica\\\/wp-content\\\/uploads\\\/2019\\\/10\\\/soldi_denaro.jpg\",\"contentUrl\":\"https:\\\/\\\/www.rassegnastampa-totustuus.it\\\/cattolica\\\/wp-content\\\/uploads\\\/2019\\\/10\\\/soldi_denaro.jpg\",\"width\":1217,\"height\":694},{\"@type\":\"BreadcrumbList\",\"@id\":\"https:\\\/\\\/www.rassegnastampa-totustuus.it\\\/cattolica\\\/la-responsabilita-sociale-di-impresa-secondo-santambrogio\\\/#breadcrumb\",\"itemListElement\":[{\"@type\":\"ListItem\",\"position\":1,\"name\":\"Home\",\"item\":\"https:\\\/\\\/www.rassegnastampa-totustuus.it\\\/cattolica\\\/\"},{\"@type\":\"ListItem\",\"position\":2,\"name\":\"La responsabilit\u00e0 sociale di impresa secondo Sant\u2019Ambrogio\u00a0\u00a0\u00a0\"}]},{\"@type\":\"WebSite\",\"@id\":\"https:\\\/\\\/www.rassegnastampa-totustuus.it\\\/cattolica\\\/#website\",\"url\":\"https:\\\/\\\/www.rassegnastampa-totustuus.it\\\/cattolica\\\/\",\"name\":\"Rassegna Stampa Cattolica\",\"description\":\"Per una cultura che nasce dalla Rivelazione cristiana in conformit\u00e0 alla tradizione e al Magistero della Chiesa in opposizione ad ogni relativismo e totalitarismo\",\"publisher\":{\"@id\":\"https:\\\/\\\/www.rassegnastampa-totustuus.it\\\/cattolica\\\/#organization\"},\"alternateName\":\"Rass. Cattolica\",\"potentialAction\":[{\"@type\":\"SearchAction\",\"target\":{\"@type\":\"EntryPoint\",\"urlTemplate\":\"https:\\\/\\\/www.rassegnastampa-totustuus.it\\\/cattolica\\\/?s={search_term_string}\"},\"query-input\":{\"@type\":\"PropertyValueSpecification\",\"valueRequired\":true,\"valueName\":\"search_term_string\"}}],\"inLanguage\":\"it-IT\"},{\"@type\":\"Organization\",\"@id\":\"https:\\\/\\\/www.rassegnastampa-totustuus.it\\\/cattolica\\\/#organization\",\"name\":\"Rassegna Stampa Cattolica\",\"url\":\"https:\\\/\\\/www.rassegnastampa-totustuus.it\\\/cattolica\\\/\",\"logo\":{\"@type\":\"ImageObject\",\"inLanguage\":\"it-IT\",\"@id\":\"https:\\\/\\\/www.rassegnastampa-totustuus.it\\\/cattolica\\\/#\\\/schema\\\/logo\\\/image\\\/\",\"url\":\"https:\\\/\\\/www.rassegnastampa-totustuus.it\\\/cattolica\\\/wp-content\\\/uploads\\\/2014\\\/04\\\/logo-rassegna1.gif\",\"contentUrl\":\"https:\\\/\\\/www.rassegnastampa-totustuus.it\\\/cattolica\\\/wp-content\\\/uploads\\\/2014\\\/04\\\/logo-rassegna1.gif\",\"width\":600,\"height\":163,\"caption\":\"Rassegna Stampa Cattolica\"},\"image\":{\"@id\":\"https:\\\/\\\/www.rassegnastampa-totustuus.it\\\/cattolica\\\/#\\\/schema\\\/logo\\\/image\\\/\"},\"sameAs\":[\"https:\\\/\\\/www.facebook.com\\\/rassegnastampacattolica\",\"https:\\\/\\\/x.com\\\/rassegnastampa9\"]},{\"@type\":\"Person\",\"@id\":\"https:\\\/\\\/www.rassegnastampa-totustuus.it\\\/cattolica\\\/#\\\/schema\\\/person\\\/08f319d2bd1a0904ad9e2bfb7b15e5c3\",\"name\":\"Redazione\",\"image\":{\"@type\":\"ImageObject\",\"inLanguage\":\"it-IT\",\"@id\":\"https:\\\/\\\/secure.gravatar.com\\\/avatar\\\/2fcdf27c78ea025fbdb44e914cc63c72249ffec9dc8aafd5c82b26240ef3f346?s=96&d=mm&r=g\",\"url\":\"https:\\\/\\\/secure.gravatar.com\\\/avatar\\\/2fcdf27c78ea025fbdb44e914cc63c72249ffec9dc8aafd5c82b26240ef3f346?s=96&d=mm&r=g\",\"contentUrl\":\"https:\\\/\\\/secure.gravatar.com\\\/avatar\\\/2fcdf27c78ea025fbdb44e914cc63c72249ffec9dc8aafd5c82b26240ef3f346?s=96&d=mm&r=g\",\"caption\":\"Redazione\"},\"url\":\"https:\\\/\\\/www.rassegnastampa-totustuus.it\\\/cattolica\\\/author\\\/pietroelle\\\/\"}]}<\/script>\n<!-- \/ Yoast SEO plugin. -->","yoast_head_json":{"title":"La responsabilit\u00e0 sociale di impresa secondo Sant\u2019Ambrogio\u00a0\u00a0\u00a0 - Rassegna Stampa Cattolica","description":"La responsabilit\u00e0 sociale di impresa secondo Sant\u2019Ambrogio, come antidoto all'attuale liberismo predatorio","robots":{"index":"index","follow":"follow","max-snippet":"max-snippet:-1","max-image-preview":"max-image-preview:large","max-video-preview":"max-video-preview:-1"},"canonical":"https:\/\/www.rassegnastampa-totustuus.it\/cattolica\/la-responsabilita-sociale-di-impresa-secondo-santambrogio\/","og_locale":"it_IT","og_type":"article","og_title":"La responsabilit\u00e0 sociale di impresa secondo Sant\u2019Ambrogio\u00a0\u00a0\u00a0 - Rassegna Stampa Cattolica","og_description":"La responsabilit\u00e0 sociale di impresa secondo Sant\u2019Ambrogio, come antidoto all'attuale liberismo predatorio","og_url":"https:\/\/www.rassegnastampa-totustuus.it\/cattolica\/la-responsabilita-sociale-di-impresa-secondo-santambrogio\/","og_site_name":"Rassegna Stampa Cattolica","article_publisher":"https:\/\/www.facebook.com\/rassegnastampacattolica","article_published_time":"2022-05-18T22:00:45+00:00","article_modified_time":"2024-04-25T09:58:27+00:00","og_image":[{"width":1217,"height":694,"url":"https:\/\/www.rassegnastampa-totustuus.it\/cattolica\/wp-content\/uploads\/2019\/10\/soldi_denaro.jpg","type":"image\/jpeg"}],"author":"Redazione","twitter_card":"summary_large_image","twitter_creator":"@rassegnastampa9","twitter_site":"@rassegnastampa9","twitter_misc":{"Scritto da":"Redazione","Tempo di lettura stimato":"5 minuti"},"schema":{"@context":"https:\/\/schema.org","@graph":[{"@type":"Article","@id":"https:\/\/www.rassegnastampa-totustuus.it\/cattolica\/la-responsabilita-sociale-di-impresa-secondo-santambrogio\/#article","isPartOf":{"@id":"https:\/\/www.rassegnastampa-totustuus.it\/cattolica\/la-responsabilita-sociale-di-impresa-secondo-santambrogio\/"},"author":{"name":"Redazione","@id":"https:\/\/www.rassegnastampa-totustuus.it\/cattolica\/#\/schema\/person\/08f319d2bd1a0904ad9e2bfb7b15e5c3"},"headline":"La responsabilit\u00e0 sociale di impresa secondo Sant\u2019Ambrogio\u00a0\u00a0\u00a0","datePublished":"2022-05-18T22:00:45+00:00","dateModified":"2024-04-25T09:58:27+00:00","mainEntityOfPage":{"@id":"https:\/\/www.rassegnastampa-totustuus.it\/cattolica\/la-responsabilita-sociale-di-impresa-secondo-santambrogio\/"},"wordCount":640,"publisher":{"@id":"https:\/\/www.rassegnastampa-totustuus.it\/cattolica\/#organization"},"image":{"@id":"https:\/\/www.rassegnastampa-totustuus.it\/cattolica\/la-responsabilita-sociale-di-impresa-secondo-santambrogio\/#primaryimage"},"thumbnailUrl":"https:\/\/www.rassegnastampa-totustuus.it\/cattolica\/wp-content\/uploads\/2019\/10\/soldi_denaro.jpg","keywords":["dottrina sociale","Economia","impresa","ricchezza"],"articleSection":["Dottrina sociale","Economia"],"inLanguage":"it-IT"},{"@type":"WebPage","@id":"https:\/\/www.rassegnastampa-totustuus.it\/cattolica\/la-responsabilita-sociale-di-impresa-secondo-santambrogio\/","url":"https:\/\/www.rassegnastampa-totustuus.it\/cattolica\/la-responsabilita-sociale-di-impresa-secondo-santambrogio\/","name":"La responsabilit\u00e0 sociale di impresa secondo Sant\u2019Ambrogio\u00a0\u00a0\u00a0 - Rassegna Stampa Cattolica","isPartOf":{"@id":"https:\/\/www.rassegnastampa-totustuus.it\/cattolica\/#website"},"primaryImageOfPage":{"@id":"https:\/\/www.rassegnastampa-totustuus.it\/cattolica\/la-responsabilita-sociale-di-impresa-secondo-santambrogio\/#primaryimage"},"image":{"@id":"https:\/\/www.rassegnastampa-totustuus.it\/cattolica\/la-responsabilita-sociale-di-impresa-secondo-santambrogio\/#primaryimage"},"thumbnailUrl":"https:\/\/www.rassegnastampa-totustuus.it\/cattolica\/wp-content\/uploads\/2019\/10\/soldi_denaro.jpg","datePublished":"2022-05-18T22:00:45+00:00","dateModified":"2024-04-25T09:58:27+00:00","description":"La responsabilit\u00e0 sociale di impresa secondo Sant\u2019Ambrogio, come antidoto all'attuale liberismo predatorio","breadcrumb":{"@id":"https:\/\/www.rassegnastampa-totustuus.it\/cattolica\/la-responsabilita-sociale-di-impresa-secondo-santambrogio\/#breadcrumb"},"inLanguage":"it-IT","potentialAction":[{"@type":"ReadAction","target":["https:\/\/www.rassegnastampa-totustuus.it\/cattolica\/la-responsabilita-sociale-di-impresa-secondo-santambrogio\/"]}]},{"@type":"ImageObject","inLanguage":"it-IT","@id":"https:\/\/www.rassegnastampa-totustuus.it\/cattolica\/la-responsabilita-sociale-di-impresa-secondo-santambrogio\/#primaryimage","url":"https:\/\/www.rassegnastampa-totustuus.it\/cattolica\/wp-content\/uploads\/2019\/10\/soldi_denaro.jpg","contentUrl":"https:\/\/www.rassegnastampa-totustuus.it\/cattolica\/wp-content\/uploads\/2019\/10\/soldi_denaro.jpg","width":1217,"height":694},{"@type":"BreadcrumbList","@id":"https:\/\/www.rassegnastampa-totustuus.it\/cattolica\/la-responsabilita-sociale-di-impresa-secondo-santambrogio\/#breadcrumb","itemListElement":[{"@type":"ListItem","position":1,"name":"Home","item":"https:\/\/www.rassegnastampa-totustuus.it\/cattolica\/"},{"@type":"ListItem","position":2,"name":"La responsabilit\u00e0 sociale di impresa secondo Sant\u2019Ambrogio\u00a0\u00a0\u00a0"}]},{"@type":"WebSite","@id":"https:\/\/www.rassegnastampa-totustuus.it\/cattolica\/#website","url":"https:\/\/www.rassegnastampa-totustuus.it\/cattolica\/","name":"Rassegna Stampa Cattolica","description":"Per una cultura che nasce dalla Rivelazione cristiana in conformit\u00e0 alla tradizione e al Magistero della Chiesa in opposizione ad ogni relativismo e totalitarismo","publisher":{"@id":"https:\/\/www.rassegnastampa-totustuus.it\/cattolica\/#organization"},"alternateName":"Rass. Cattolica","potentialAction":[{"@type":"SearchAction","target":{"@type":"EntryPoint","urlTemplate":"https:\/\/www.rassegnastampa-totustuus.it\/cattolica\/?s={search_term_string}"},"query-input":{"@type":"PropertyValueSpecification","valueRequired":true,"valueName":"search_term_string"}}],"inLanguage":"it-IT"},{"@type":"Organization","@id":"https:\/\/www.rassegnastampa-totustuus.it\/cattolica\/#organization","name":"Rassegna Stampa Cattolica","url":"https:\/\/www.rassegnastampa-totustuus.it\/cattolica\/","logo":{"@type":"ImageObject","inLanguage":"it-IT","@id":"https:\/\/www.rassegnastampa-totustuus.it\/cattolica\/#\/schema\/logo\/image\/","url":"https:\/\/www.rassegnastampa-totustuus.it\/cattolica\/wp-content\/uploads\/2014\/04\/logo-rassegna1.gif","contentUrl":"https:\/\/www.rassegnastampa-totustuus.it\/cattolica\/wp-content\/uploads\/2014\/04\/logo-rassegna1.gif","width":600,"height":163,"caption":"Rassegna Stampa Cattolica"},"image":{"@id":"https:\/\/www.rassegnastampa-totustuus.it\/cattolica\/#\/schema\/logo\/image\/"},"sameAs":["https:\/\/www.facebook.com\/rassegnastampacattolica","https:\/\/x.com\/rassegnastampa9"]},{"@type":"Person","@id":"https:\/\/www.rassegnastampa-totustuus.it\/cattolica\/#\/schema\/person\/08f319d2bd1a0904ad9e2bfb7b15e5c3","name":"Redazione","image":{"@type":"ImageObject","inLanguage":"it-IT","@id":"https:\/\/secure.gravatar.com\/avatar\/2fcdf27c78ea025fbdb44e914cc63c72249ffec9dc8aafd5c82b26240ef3f346?s=96&d=mm&r=g","url":"https:\/\/secure.gravatar.com\/avatar\/2fcdf27c78ea025fbdb44e914cc63c72249ffec9dc8aafd5c82b26240ef3f346?s=96&d=mm&r=g","contentUrl":"https:\/\/secure.gravatar.com\/avatar\/2fcdf27c78ea025fbdb44e914cc63c72249ffec9dc8aafd5c82b26240ef3f346?s=96&d=mm&r=g","caption":"Redazione"},"url":"https:\/\/www.rassegnastampa-totustuus.it\/cattolica\/author\/pietroelle\/"}]}},"_links":{"self":[{"href":"https:\/\/www.rassegnastampa-totustuus.it\/cattolica\/wp-json\/wp\/v2\/posts\/54091","targetHints":{"allow":["GET"]}}],"collection":[{"href":"https:\/\/www.rassegnastampa-totustuus.it\/cattolica\/wp-json\/wp\/v2\/posts"}],"about":[{"href":"https:\/\/www.rassegnastampa-totustuus.it\/cattolica\/wp-json\/wp\/v2\/types\/post"}],"author":[{"embeddable":true,"href":"https:\/\/www.rassegnastampa-totustuus.it\/cattolica\/wp-json\/wp\/v2\/users\/6"}],"replies":[{"embeddable":true,"href":"https:\/\/www.rassegnastampa-totustuus.it\/cattolica\/wp-json\/wp\/v2\/comments?post=54091"}],"version-history":[{"count":2,"href":"https:\/\/www.rassegnastampa-totustuus.it\/cattolica\/wp-json\/wp\/v2\/posts\/54091\/revisions"}],"predecessor-version":[{"id":60178,"href":"https:\/\/www.rassegnastampa-totustuus.it\/cattolica\/wp-json\/wp\/v2\/posts\/54091\/revisions\/60178"}],"wp:featuredmedia":[{"embeddable":true,"href":"https:\/\/www.rassegnastampa-totustuus.it\/cattolica\/wp-json\/wp\/v2\/media\/44837"}],"wp:attachment":[{"href":"https:\/\/www.rassegnastampa-totustuus.it\/cattolica\/wp-json\/wp\/v2\/media?parent=54091"}],"wp:term":[{"taxonomy":"category","embeddable":true,"href":"https:\/\/www.rassegnastampa-totustuus.it\/cattolica\/wp-json\/wp\/v2\/categories?post=54091"},{"taxonomy":"post_tag","embeddable":true,"href":"https:\/\/www.rassegnastampa-totustuus.it\/cattolica\/wp-json\/wp\/v2\/tags?post=54091"}],"curies":[{"name":"wp","href":"https:\/\/api.w.org\/{rel}","templated":true}]}}