{"id":54029,"date":"2022-05-12T00:00:20","date_gmt":"2022-05-11T22:00:20","guid":{"rendered":"http:\/\/www.rassegnastampa-totustuus.it\/cattolica\/?p=54029"},"modified":"2024-04-26T10:53:06","modified_gmt":"2024-04-26T08:53:06","slug":"legalizzazione-della-cannabis-fuori-da-ogni-logica","status":"publish","type":"post","link":"https:\/\/www.rassegnastampa-totustuus.it\/cattolica\/legalizzazione-della-cannabis-fuori-da-ogni-logica\/","title":{"rendered":"Legalizzazione della cannabis fuori da ogni logica"},"content":{"rendered":"<p style=\"text-align: center;\"><span style=\"color: #000000;\"><strong><img loading=\"lazy\" decoding=\"async\" class=\" wp-image-54030 alignleft\" src=\"https:\/\/www.rassegnastampa-totustuus.it\/cattolica\/wp-content\/uploads\/2022\/05\/Droga_Angelo_Vescovi-300x214.jpg\" alt=\"\" width=\"220\" height=\"157\" srcset=\"https:\/\/www.rassegnastampa-totustuus.it\/cattolica\/wp-content\/uploads\/2022\/05\/Droga_Angelo_Vescovi-300x214.jpg 300w, https:\/\/www.rassegnastampa-totustuus.it\/cattolica\/wp-content\/uploads\/2022\/05\/Droga_Angelo_Vescovi.jpg 750w\" sizes=\"auto, (max-width: 220px) 100vw, 220px\" \/><span style=\"color: #0000ff;\"><a style=\"color: #0000ff;\" href=\"https:\/\/ifamnews.com\/it\" target=\"_blank\" rel=\"noopener\">International Family News<\/a><\/span><\/strong> 5 maggio 2022\u00a0<\/span><\/p>\n<p style=\"text-align: justify;\"><span style=\"color: #000000;\"><em>Qualunque droga d\u00e0 dipendenza e spinge a droghe pi\u00f9 pesanti: gli inganni e le bugie del \u201csistema\u201d smascherati dal biologo Angelo Vescovi <\/em><\/span><\/p>\n<p style=\"text-align: center;\"><span style=\"color: #000000;\">di <strong>Luca Marcolivio <\/strong><\/span><\/p>\n<p><span style=\"color: #000000;\"><!--more--><\/span><\/p>\n<p style=\"text-align: justify;\"><span style=\"color: #000000;\"><img loading=\"lazy\" decoding=\"async\" class=\" wp-image-27445 alignright\" src=\"https:\/\/www.rassegnastampa-totustuus.it\/cattolica\/wp-content\/uploads\/2005\/05\/droga.jpg\" alt=\"\" width=\"237\" height=\"154\" \/>La distinzione fa \u201cdroghe leggere\u201d e \u201cdroghe pesanti\u201d?<\/span> <span style=\"color: #0000ff;\"><a style=\"color: #0000ff;\" href=\"https:\/\/ifamnews.com\/it\/cannabis-solo-fumo-negli-occhi\" target=\"_blank\" rel=\"noreferrer noopener\">Falsa, menzognera e dannosa per l\u2019opinione pubblica, in particolare per i giovani<\/a>.<\/span> <span style=\"color: #000000;\">Parola di Angelo Vescovi, biologo e farmacologo, professore associato di Biologia cellulare nell\u2019Universit\u00e0 di Milano-Bicocca, nonch\u00e9 direttore scientifico della Casa Sollievo della Sofferenza di San Giovanni Rotondo e dell\u2019Istituto Css-Mendel di Roma. <\/span><\/p>\n<p style=\"text-align: justify;\"><span style=\"color: #000000;\">Domani, venerd\u00ec 6 maggio, a Roma, il professor Vescovi sar\u00e0 tra i relatori al convegno <em>Droga, le ragioni del no. Scienza, contrasto, prevenzione, recupero<\/em>, promosso dal<\/span> <a href=\"https:\/\/www.centrostudilivatino.it\/\" target=\"_blank\" rel=\"noreferrer noopener\"><span style=\"color: #0000ff;\">Centro Studi Rosario Livatino<\/span><\/a><span style=\"color: #0000ff;\">.<\/span> <span style=\"color: #000000;\">Per l\u2019occasione \u00abiFamNews\u00bb l\u2019ha intervistato. <\/span><\/p>\n<h4 style=\"text-align: justify;\"><span style=\"color: #000000;\"><strong>Professor Vescovi, sono decenni che il dibattito italiano \u00e8 fuorviato dalla contrapposizione fra cosiddette \u201cdroghe leggere\u201d e \u201cdroghe pesanti\u201d. Perch\u00e9, a suo avviso, questa distinzione \u00e8 ingannevole?<\/strong> <\/span><\/h4>\n<p style=\"text-align: justify;\"><span style=\"color: #000000;\"><img loading=\"lazy\" decoding=\"async\" class=\"size-full wp-image-48917 alignleft\" src=\"https:\/\/www.rassegnastampa-totustuus.it\/cattolica\/wp-content\/uploads\/2020\/10\/droga_spaccio.jpg\" alt=\"\" width=\"291\" height=\"173\" \/>L\u2019espressione \u00abdroga leggera\u00bb tende a confondere estremamente il concetto e la problematica. A chi non \u00e8 esperto e non conosce i meccanismi alla base di queste sostanze neuroattive, l\u2019aggettivo \u00ableggera\u00bb sottintende una sorta di \u201cassoluzione\u201d riguardo ad un utilizzo poco o per nulla controllato. <\/span><\/p>\n<p style=\"text-align: justify;\"><span style=\"color: #000000;\">Quindi \u00e8 una definizione fuori luogo. Credo sia una definizione erronea che viene fatta per marcare una differenza tra sostanze comunque psicotrope, che comunque agiscono sul cervello, ma con effetti meno potenti di altre. <\/span><\/p>\n<p style=\"text-align: justify;\"><span style=\"color: #000000;\">Se paragoniamo il tetraidrocannabinolo all\u2019LSD o, peggio ancora, agli oppiacei, ci si trova di fronte a una distinzione di tipo quantitativo e, in parte, anche di tipo qualitativo. Credo la demarcazione corretta sia \u201cpi\u00f9 potente\/meno potente\u201d. <\/span><\/p>\n<p style=\"text-align: justify;\"><span style=\"color: #000000;\"><img loading=\"lazy\" decoding=\"async\" class=\" wp-image-49157 alignright\" src=\"https:\/\/www.rassegnastampa-totustuus.it\/cattolica\/wp-content\/uploads\/2020\/11\/droga_LSD-300x168.jpg\" alt=\"\" width=\"270\" height=\"151\" \/>Droghe \u201cleggere\u201d, quindi, \u00e8 un termine che non va assolutamente avallato, perch\u00e9 trasmette l\u2019idea di qualcosa di non influente sul cervello, che non darebbe dipendenza, il che non \u00e8 assolutamente vero. <\/span><\/p>\n<p style=\"text-align: justify;\"><span style=\"color: #000000;\">Le conseguenze del consumo di queste sostanze vengono sminuite e tutto questo ha un\u2019impronta ideologica. <\/span><\/p>\n<h4 style=\"text-align: justify;\"><span style=\"color: #000000;\"><strong>Quali sono, dunque, le reali conseguenze del consumo di queste droghe \u201cmeno potenti\u201d?<\/strong> <\/span><\/h4>\n<p style=\"text-align: justify;\"><span style=\"color: #000000;\"><img loading=\"lazy\" decoding=\"async\" class=\" wp-image-43097 alignleft\" src=\"https:\/\/www.rassegnastampa-totustuus.it\/cattolica\/wp-content\/uploads\/2019\/05\/droga_marijuana-300x200.jpg\" alt=\"\" width=\"264\" height=\"176\" srcset=\"https:\/\/www.rassegnastampa-totustuus.it\/cattolica\/wp-content\/uploads\/2019\/05\/droga_marijuana-300x200.jpg 300w, https:\/\/www.rassegnastampa-totustuus.it\/cattolica\/wp-content\/uploads\/2019\/05\/droga_marijuana-768x512.jpg 768w, https:\/\/www.rassegnastampa-totustuus.it\/cattolica\/wp-content\/uploads\/2019\/05\/droga_marijuana-1024x683.jpg 1024w, https:\/\/www.rassegnastampa-totustuus.it\/cattolica\/wp-content\/uploads\/2019\/05\/droga_marijuana-595x400.jpg 595w, https:\/\/www.rassegnastampa-totustuus.it\/cattolica\/wp-content\/uploads\/2019\/05\/droga_marijuana.jpg 1284w\" sizes=\"auto, (max-width: 264px) 100vw, 264px\" \/>C\u2019\u00e8 assoluta certezza sugli effetti negativi, permanenti e irreversibili sui cervelli dei giovani. Per questo, ribadisco, l\u2019aggettivo \u201cleggero\u201d \u00e8 assolutamente irresponsabile e va rigettato non in maniera dogmatica ma in base alle evidenze scientifiche. <\/span><\/p>\n<p style=\"text-align: justify;\"><span style=\"color: #000000;\">Queste sostanze danno comunque dipendenza, con effetti dal preoccupante al severo, fino al devastante. Tanto \u00e8 vero che le chiamano anche \u00ab<em>gateaway drugs<\/em>\u00bb, termine con cui si intende quelle droghe che introducono all\u2019uso di altre droghe. Altro che liberalizzarle, per prevenire da ulteriori abusi\u2026 Guai a scherzare o a fare dell\u2019ipocrisia sulla pelle dei giovani!<\/span><\/p>\n<h4 style=\"text-align: justify;\"><span style=\"color: #000000;\"><strong>Per quanto riguarda la cannabis, si tratta il THC con troppa ambiguit\u00e0: fino a che punto \u00e8 possibile manipolare questo parametro?<\/strong><\/span><\/h4>\n<p style=\"text-align: justify;\"><span style=\"color: #000000;\"><img loading=\"lazy\" decoding=\"async\" class=\"size-medium wp-image-46780 alignright\" src=\"https:\/\/www.rassegnastampa-totustuus.it\/cattolica\/wp-content\/uploads\/2020\/03\/droga_cannabis-300x115.png\" alt=\"\" width=\"300\" height=\"115\" srcset=\"https:\/\/www.rassegnastampa-totustuus.it\/cattolica\/wp-content\/uploads\/2020\/03\/droga_cannabis-300x115.png 300w, https:\/\/www.rassegnastampa-totustuus.it\/cattolica\/wp-content\/uploads\/2020\/03\/droga_cannabis-768x294.png 768w, https:\/\/www.rassegnastampa-totustuus.it\/cattolica\/wp-content\/uploads\/2020\/03\/droga_cannabis-1024x392.png 1024w, https:\/\/www.rassegnastampa-totustuus.it\/cattolica\/wp-content\/uploads\/2020\/03\/droga_cannabis.png 1700w\" sizes=\"auto, (max-width: 300px) 100vw, 300px\" \/>La sua determinazione \u00e8 un problema serio. Ovviamente il THC pu\u00f2 essere calcolato solo in laboratorio. <\/span><\/p>\n<p style=\"text-align: justify;\"><span style=\"color: #000000;\">Ho avuto modo di parlare con persone che studiano i tetraidrocannabinoidi: mi spiegavano che, nell\u2019ambito delle diverse specie di cannabis, il contenuto della sostanza psicotropa \u00e8 estremamente variabile. <\/span><\/p>\n<p style=\"text-align: justify;\"><span style=\"color: #000000;\">Analizzando i database scientifici, ho visto che, in alcuni ceppi di cannabis, il contenuto di tetraidrocannabinolo \u00e8 quattro-cinque volte superiore all\u2019originale: una dose del genere per uno psicotropo neuroattivo \u00e8 qualcosa che preoccupa. Determinare il contenuto alla base \u00e8 impossibile. <\/span><\/p>\n<p style=\"text-align: justify;\"><span style=\"color: #000000;\">Va per\u00f2 fatta un\u2019analisi. Sono stati selezionati ceppi con un contenuto di tetraidrocannabinolo sempre pi\u00f9 alto. Questo del contenuto \u00e8 un problema molto serio. <\/span><\/p>\n<p style=\"text-align: justify;\"><span style=\"color: #000000;\"><img loading=\"lazy\" decoding=\"async\" class=\"wp-image-45471 alignleft\" src=\"https:\/\/www.rassegnastampa-totustuus.it\/cattolica\/wp-content\/uploads\/2019\/12\/droga_marijuana-300x150.jpg\" alt=\"\" width=\"258\" height=\"129\" srcset=\"https:\/\/www.rassegnastampa-totustuus.it\/cattolica\/wp-content\/uploads\/2019\/12\/droga_marijuana-300x150.jpg 300w, https:\/\/www.rassegnastampa-totustuus.it\/cattolica\/wp-content\/uploads\/2019\/12\/droga_marijuana-768x384.jpg 768w, https:\/\/www.rassegnastampa-totustuus.it\/cattolica\/wp-content\/uploads\/2019\/12\/droga_marijuana-1024x512.jpg 1024w, https:\/\/www.rassegnastampa-totustuus.it\/cattolica\/wp-content\/uploads\/2019\/12\/droga_marijuana.jpg 2000w\" sizes=\"auto, (max-width: 258px) 100vw, 258px\" \/>Chi ci lavora, ha forzato la selezione nel tentativo di aumentare il contenuto. Se hai delle mucche che fanno il latte, devi selezionare quelle che ne fanno di pi\u00f9: \u00e8 la stessa logica, purtroppo, per fini meno nobili di quello dell\u2019alimentazione. <\/span><\/p>\n<h4 style=\"text-align: justify;\"><span style=\"color: #000000;\"><strong>Altro luogo comune: se i giovani consumano <\/strong><em><strong>cannabis<\/strong><\/em><strong> \u201clegale\u201d, staranno lontani da sostanze pi\u00f9 pesanti e \u201cillegali\u201d\u2026<\/strong><\/span><\/h4>\n<p style=\"text-align: justify;\"><span style=\"color: #000000;\">Io non so come si possa supportare un ragionamento del genere su una base logica. \u00c8 un\u2019affermazione che prescinde completamente dalla natura del fenomeno che si sta osservando, ovvero dall\u2019analisi delle sostanze che danno dipendenza e adattamento. <\/span><span style=\"color: #000000;\">Ecco, io mi rifiuto di fare ragionamenti che non prendano in considerazione questo elemento fondante della discussione. <\/span><\/p>\n<p style=\"text-align: justify;\"><span style=\"color: #000000;\"><img loading=\"lazy\" decoding=\"async\" class=\" wp-image-43097 alignright\" src=\"https:\/\/www.rassegnastampa-totustuus.it\/cattolica\/wp-content\/uploads\/2019\/05\/droga_marijuana-300x200.jpg\" alt=\"\" width=\"275\" height=\"183\" srcset=\"https:\/\/www.rassegnastampa-totustuus.it\/cattolica\/wp-content\/uploads\/2019\/05\/droga_marijuana-300x200.jpg 300w, https:\/\/www.rassegnastampa-totustuus.it\/cattolica\/wp-content\/uploads\/2019\/05\/droga_marijuana-768x512.jpg 768w, https:\/\/www.rassegnastampa-totustuus.it\/cattolica\/wp-content\/uploads\/2019\/05\/droga_marijuana-1024x683.jpg 1024w, https:\/\/www.rassegnastampa-totustuus.it\/cattolica\/wp-content\/uploads\/2019\/05\/droga_marijuana.jpg 1284w\" sizes=\"auto, (max-width: 275px) 100vw, 275px\" \/>C\u2019\u00e8 chi, invece, si rifiuta di considerare che i cannabinoidi sono droghe che danno <em>dipendenza<\/em> e tolleranza. <\/span><\/p>\n<p style=\"text-align: justify;\"><span style=\"color: #000000;\">In primis, va fatta una semplice osservazione di carattere sociale che per\u00f2 \u00e8 fa parte della letteratura scientifica: da quando l\u2019utilizzo di queste droghe \u00e8 stato liberalizzato, non si \u00e8 in alcun modo abbassato il consumo di droghe pesanti. <\/span><\/p>\n<p style=\"text-align: justify;\"><span style=\"color: #000000;\">Il punto \u00e8: se io analizzo il meccanismo d\u2019azione di queste sostanze, scopro che mi danno <em>assuefazione<\/em>, <em>dipendenza<\/em>, <em>tolleranza<\/em>.<\/span> <a href=\"https:\/\/ifamnews.com\/it\/legalizzare-la-cannabis-aumenta-la-dipendenza\" target=\"_blank\" rel=\"noreferrer noopener\"><span style=\"color: #0000ff;\">Nel momento in cui liberalizzo, l\u2019assuefazione del giovane comincia a diventare una vera e propria dipendenza<\/span><\/a><span style=\"color: #0000ff;\">.<\/span> <span style=\"color: #000000;\">Il 30% delle persone che fanno abuso di queste droghe \u201cleggere\u201d passano da uno stato di assuefazione (gi\u00e0 disfunzionale) alla dipendenza vera e propria. <\/span><\/p>\n<p style=\"text-align: justify;\"><span style=\"color: #000000;\"><img loading=\"lazy\" decoding=\"async\" class=\"size-full wp-image-49158 alignleft\" src=\"https:\/\/www.rassegnastampa-totustuus.it\/cattolica\/wp-content\/uploads\/2020\/11\/droga_LSD-1.jpg\" alt=\"\" width=\"275\" height=\"183\" \/>Questo passaggio avviene, perch\u00e9 la sostanza agisce sul cervello e il cervello agisce sui sistemi dell\u2019appagamento, quindi, si abitua e non gli basta pi\u00f9: avviene cos\u00ec il passaggio successivo e diventa dipendente, dopodich\u00e9 c\u2019\u00e8 la fase successiva, quella del passaggio alla droga pi\u00f9 \u201cpesante\u201d.<\/span><\/p>\n<p style=\"text-align: justify;\"><span style=\"color: #000000;\"> <img loading=\"lazy\" decoding=\"async\" class=\"size-full wp-image-52242 alignright\" src=\"https:\/\/www.rassegnastampa-totustuus.it\/cattolica\/wp-content\/uploads\/2013\/11\/islam_droga_talebani.jpg\" alt=\"\" width=\"276\" height=\"183\" \/>In questo senso, il ragionamento prima illustrato non ha senso, \u00e8 all\u2019opposto della logica, \u00e8 strumentale. <\/span><\/p>\n<p style=\"text-align: justify;\"><span style=\"color: #000000;\">\u00c8 chiaro che chi propone questo approccio, ha in testa qualcosa di diverso. \u00c8 un modo di anestetizzare le problematiche sociali. Stiamo drogando delle generazioni: invece di dare loro quello che \u00e8 loro dovuto da un punto di vista filosofico, morale, etico e sociale, prospettive per il futuro, un mondo interessante, una societ\u00e0 che gli permetta di aggredire quelle che sono le loro priorit\u00e0, di sviluppare la propria intelligenza, diamo loro delle droghe. E questa sarebbe una proposta evolutiva? <\/span><\/p>\n<p style=\"text-align: justify;\"><span style=\"color: #000000;\"><img loading=\"lazy\" decoding=\"async\" class=\" wp-image-41809 alignleft\" src=\"https:\/\/www.rassegnastampa-totustuus.it\/cattolica\/wp-content\/uploads\/2018\/12\/droga_spacciatori.jpg\" alt=\"\" width=\"248\" height=\"165\" \/>Come scienziato, la rigetto a pi\u00e8 pari. Stiamo anestetizzando intere generazioni, non siamo in grado di rispondere alle loro esigenze pi\u00f9 banali come esseri umani: vivere, migliorarsi, crescere, imparare, mettere su famiglia. <\/span><\/p>\n<p style=\"text-align: justify;\"><span style=\"color: #000000;\">Non gli diamo pi\u00f9 modo di fare questo, in compenso gli diamo la <em>cannabis<\/em>\u2026 Molti non si rendono conto della drammaticit\u00e0 della situazione di chi entra in uno stato dipendenza grazie alla cannabis. \u00c8 una forma di assoluta mancanza di responsabilit\u00e0 nei confronti della societ\u00e0 e delle nuove generazioni.<\/span><\/p>\n<p>___________________________________________<\/p>\n<p><span style=\"color: #000000;\"><strong>Leggi anche:\u00a0<\/strong><\/span><\/p>\n<p><a href=\"https:\/\/www.rassegnastampa-totustuus.it\/cattolica\/cannabis-e-legalizzazione-le-ragioni-del-no\/\" target=\"_blank\" rel=\"noopener\"><span style=\"color: #0000ff;\">\u201cCannabis e legalizzazione: le ragioni del no\u201d\u00a0<\/span><\/a><\/p>\n<p><a href=\"https:\/\/www.rassegnastampa-totustuus.it\/cattolica\/perche-no-alla-legalizzazione-del-traffico-di-cannabis-a-rischio-adolescenti-e-bambini\/\" target=\"_blank\" rel=\"noopener\"><span style=\"color: #0000ff;\">Perch\u00e9 no alla legalizzazione del traffico di cannabis: a rischio adolescenti e bambini<\/span><\/a><\/p>\n","protected":false},"excerpt":{"rendered":"<p>International Family News 5 maggio 2022\u00a0 Qualunque droga d\u00e0 dipendenza e spinge a droghe pi\u00f9 pesanti: gli inganni e le bugie del \u201csistema\u201d smascherati dal biologo Angelo Vescovi di Luca Marcolivio<\/p><p><a class=\"more-link btn\" href=\"https:\/\/www.rassegnastampa-totustuus.it\/cattolica\/legalizzazione-della-cannabis-fuori-da-ogni-logica\/\">Continua a leggere<\/a><\/p>\n","protected":false},"author":6,"featured_media":49161,"comment_status":"closed","ping_status":"closed","sticky":false,"template":"","format":"standard","meta":{"footnotes":""},"categories":[12],"tags":[1161,278,352],"class_list":["post-54029","post","type-post","status-publish","format-standard","has-post-thumbnail","hentry","category-droga","tag-cannabis","tag-droga-2","tag-marijuana","item-wrap"],"yoast_head":"<!-- This site is optimized with the Yoast SEO plugin v27.5 - https:\/\/yoast.com\/product\/yoast-seo-wordpress\/ -->\n<title>Legalizzazione della cannabis fuori da ogni logica - Rassegna Stampa Cattolica<\/title>\n<meta name=\"description\" content=\"Legalizzazione della cannabis fuori da ogni logica in quanto qualunque droga d\u00e0 dipendenza e spinge verso droghe pi\u00f9 pesanti\" \/>\n<meta name=\"robots\" content=\"index, follow, max-snippet:-1, max-image-preview:large, max-video-preview:-1\" \/>\n<link rel=\"canonical\" href=\"https:\/\/www.rassegnastampa-totustuus.it\/cattolica\/legalizzazione-della-cannabis-fuori-da-ogni-logica\/\" \/>\n<meta property=\"og:locale\" content=\"it_IT\" \/>\n<meta property=\"og:type\" content=\"article\" \/>\n<meta property=\"og:title\" content=\"Legalizzazione della cannabis fuori da ogni logica - Rassegna Stampa Cattolica\" \/>\n<meta property=\"og:description\" content=\"Legalizzazione della cannabis fuori da ogni logica in quanto qualunque droga d\u00e0 dipendenza e spinge verso droghe pi\u00f9 pesanti\" \/>\n<meta property=\"og:url\" content=\"https:\/\/www.rassegnastampa-totustuus.it\/cattolica\/legalizzazione-della-cannabis-fuori-da-ogni-logica\/\" \/>\n<meta property=\"og:site_name\" content=\"Rassegna Stampa Cattolica\" \/>\n<meta property=\"article:publisher\" content=\"https:\/\/www.facebook.com\/rassegnastampacattolica\" \/>\n<meta property=\"article:published_time\" content=\"2022-05-11T22:00:20+00:00\" \/>\n<meta property=\"article:modified_time\" content=\"2024-04-26T08:53:06+00:00\" \/>\n<meta property=\"og:image\" content=\"https:\/\/www.rassegnastampa-totustuus.it\/cattolica\/wp-content\/uploads\/2020\/11\/droga_liberalizzazione.jpg\" \/>\n\t<meta property=\"og:image:width\" content=\"1640\" \/>\n\t<meta property=\"og:image:height\" content=\"856\" \/>\n\t<meta property=\"og:image:type\" content=\"image\/jpeg\" \/>\n<meta name=\"author\" content=\"Redazione\" \/>\n<meta name=\"twitter:card\" content=\"summary_large_image\" \/>\n<meta name=\"twitter:creator\" content=\"@rassegnastampa9\" \/>\n<meta name=\"twitter:site\" content=\"@rassegnastampa9\" \/>\n<meta name=\"twitter:label1\" content=\"Scritto da\" \/>\n\t<meta name=\"twitter:data1\" content=\"Redazione\" \/>\n\t<meta name=\"twitter:label2\" content=\"Tempo di lettura stimato\" \/>\n\t<meta name=\"twitter:data2\" content=\"8 minuti\" \/>\n<script type=\"application\/ld+json\" class=\"yoast-schema-graph\">{\"@context\":\"https:\\\/\\\/schema.org\",\"@graph\":[{\"@type\":\"Article\",\"@id\":\"https:\\\/\\\/www.rassegnastampa-totustuus.it\\\/cattolica\\\/legalizzazione-della-cannabis-fuori-da-ogni-logica\\\/#article\",\"isPartOf\":{\"@id\":\"https:\\\/\\\/www.rassegnastampa-totustuus.it\\\/cattolica\\\/legalizzazione-della-cannabis-fuori-da-ogni-logica\\\/\"},\"author\":{\"name\":\"Redazione\",\"@id\":\"https:\\\/\\\/www.rassegnastampa-totustuus.it\\\/cattolica\\\/#\\\/schema\\\/person\\\/08f319d2bd1a0904ad9e2bfb7b15e5c3\"},\"headline\":\"Legalizzazione della cannabis fuori da ogni logica\",\"datePublished\":\"2022-05-11T22:00:20+00:00\",\"dateModified\":\"2024-04-26T08:53:06+00:00\",\"mainEntityOfPage\":{\"@id\":\"https:\\\/\\\/www.rassegnastampa-totustuus.it\\\/cattolica\\\/legalizzazione-della-cannabis-fuori-da-ogni-logica\\\/\"},\"wordCount\":1006,\"publisher\":{\"@id\":\"https:\\\/\\\/www.rassegnastampa-totustuus.it\\\/cattolica\\\/#organization\"},\"image\":{\"@id\":\"https:\\\/\\\/www.rassegnastampa-totustuus.it\\\/cattolica\\\/legalizzazione-della-cannabis-fuori-da-ogni-logica\\\/#primaryimage\"},\"thumbnailUrl\":\"https:\\\/\\\/www.rassegnastampa-totustuus.it\\\/cattolica\\\/wp-content\\\/uploads\\\/2020\\\/11\\\/droga_liberalizzazione.jpg\",\"keywords\":[\"cannabis\",\"droga\",\"marijuana\"],\"articleSection\":[\"Droga\"],\"inLanguage\":\"it-IT\"},{\"@type\":\"WebPage\",\"@id\":\"https:\\\/\\\/www.rassegnastampa-totustuus.it\\\/cattolica\\\/legalizzazione-della-cannabis-fuori-da-ogni-logica\\\/\",\"url\":\"https:\\\/\\\/www.rassegnastampa-totustuus.it\\\/cattolica\\\/legalizzazione-della-cannabis-fuori-da-ogni-logica\\\/\",\"name\":\"Legalizzazione della cannabis fuori da ogni logica - Rassegna Stampa Cattolica\",\"isPartOf\":{\"@id\":\"https:\\\/\\\/www.rassegnastampa-totustuus.it\\\/cattolica\\\/#website\"},\"primaryImageOfPage\":{\"@id\":\"https:\\\/\\\/www.rassegnastampa-totustuus.it\\\/cattolica\\\/legalizzazione-della-cannabis-fuori-da-ogni-logica\\\/#primaryimage\"},\"image\":{\"@id\":\"https:\\\/\\\/www.rassegnastampa-totustuus.it\\\/cattolica\\\/legalizzazione-della-cannabis-fuori-da-ogni-logica\\\/#primaryimage\"},\"thumbnailUrl\":\"https:\\\/\\\/www.rassegnastampa-totustuus.it\\\/cattolica\\\/wp-content\\\/uploads\\\/2020\\\/11\\\/droga_liberalizzazione.jpg\",\"datePublished\":\"2022-05-11T22:00:20+00:00\",\"dateModified\":\"2024-04-26T08:53:06+00:00\",\"description\":\"Legalizzazione della cannabis fuori da ogni logica in quanto qualunque droga d\u00e0 dipendenza e spinge verso droghe pi\u00f9 pesanti\",\"breadcrumb\":{\"@id\":\"https:\\\/\\\/www.rassegnastampa-totustuus.it\\\/cattolica\\\/legalizzazione-della-cannabis-fuori-da-ogni-logica\\\/#breadcrumb\"},\"inLanguage\":\"it-IT\",\"potentialAction\":[{\"@type\":\"ReadAction\",\"target\":[\"https:\\\/\\\/www.rassegnastampa-totustuus.it\\\/cattolica\\\/legalizzazione-della-cannabis-fuori-da-ogni-logica\\\/\"]}]},{\"@type\":\"ImageObject\",\"inLanguage\":\"it-IT\",\"@id\":\"https:\\\/\\\/www.rassegnastampa-totustuus.it\\\/cattolica\\\/legalizzazione-della-cannabis-fuori-da-ogni-logica\\\/#primaryimage\",\"url\":\"https:\\\/\\\/www.rassegnastampa-totustuus.it\\\/cattolica\\\/wp-content\\\/uploads\\\/2020\\\/11\\\/droga_liberalizzazione.jpg\",\"contentUrl\":\"https:\\\/\\\/www.rassegnastampa-totustuus.it\\\/cattolica\\\/wp-content\\\/uploads\\\/2020\\\/11\\\/droga_liberalizzazione.jpg\",\"width\":1640,\"height\":856},{\"@type\":\"BreadcrumbList\",\"@id\":\"https:\\\/\\\/www.rassegnastampa-totustuus.it\\\/cattolica\\\/legalizzazione-della-cannabis-fuori-da-ogni-logica\\\/#breadcrumb\",\"itemListElement\":[{\"@type\":\"ListItem\",\"position\":1,\"name\":\"Home\",\"item\":\"https:\\\/\\\/www.rassegnastampa-totustuus.it\\\/cattolica\\\/\"},{\"@type\":\"ListItem\",\"position\":2,\"name\":\"Legalizzazione della cannabis fuori da ogni logica\"}]},{\"@type\":\"WebSite\",\"@id\":\"https:\\\/\\\/www.rassegnastampa-totustuus.it\\\/cattolica\\\/#website\",\"url\":\"https:\\\/\\\/www.rassegnastampa-totustuus.it\\\/cattolica\\\/\",\"name\":\"Rassegna Stampa Cattolica\",\"description\":\"Per una cultura che nasce dalla Rivelazione cristiana in conformit\u00e0 alla tradizione e al Magistero della Chiesa in opposizione ad ogni relativismo e totalitarismo\",\"publisher\":{\"@id\":\"https:\\\/\\\/www.rassegnastampa-totustuus.it\\\/cattolica\\\/#organization\"},\"alternateName\":\"Rass. Cattolica\",\"potentialAction\":[{\"@type\":\"SearchAction\",\"target\":{\"@type\":\"EntryPoint\",\"urlTemplate\":\"https:\\\/\\\/www.rassegnastampa-totustuus.it\\\/cattolica\\\/?s={search_term_string}\"},\"query-input\":{\"@type\":\"PropertyValueSpecification\",\"valueRequired\":true,\"valueName\":\"search_term_string\"}}],\"inLanguage\":\"it-IT\"},{\"@type\":\"Organization\",\"@id\":\"https:\\\/\\\/www.rassegnastampa-totustuus.it\\\/cattolica\\\/#organization\",\"name\":\"Rassegna Stampa Cattolica\",\"url\":\"https:\\\/\\\/www.rassegnastampa-totustuus.it\\\/cattolica\\\/\",\"logo\":{\"@type\":\"ImageObject\",\"inLanguage\":\"it-IT\",\"@id\":\"https:\\\/\\\/www.rassegnastampa-totustuus.it\\\/cattolica\\\/#\\\/schema\\\/logo\\\/image\\\/\",\"url\":\"https:\\\/\\\/www.rassegnastampa-totustuus.it\\\/cattolica\\\/wp-content\\\/uploads\\\/2014\\\/04\\\/logo-rassegna1.gif\",\"contentUrl\":\"https:\\\/\\\/www.rassegnastampa-totustuus.it\\\/cattolica\\\/wp-content\\\/uploads\\\/2014\\\/04\\\/logo-rassegna1.gif\",\"width\":600,\"height\":163,\"caption\":\"Rassegna Stampa Cattolica\"},\"image\":{\"@id\":\"https:\\\/\\\/www.rassegnastampa-totustuus.it\\\/cattolica\\\/#\\\/schema\\\/logo\\\/image\\\/\"},\"sameAs\":[\"https:\\\/\\\/www.facebook.com\\\/rassegnastampacattolica\",\"https:\\\/\\\/x.com\\\/rassegnastampa9\"]},{\"@type\":\"Person\",\"@id\":\"https:\\\/\\\/www.rassegnastampa-totustuus.it\\\/cattolica\\\/#\\\/schema\\\/person\\\/08f319d2bd1a0904ad9e2bfb7b15e5c3\",\"name\":\"Redazione\",\"image\":{\"@type\":\"ImageObject\",\"inLanguage\":\"it-IT\",\"@id\":\"https:\\\/\\\/secure.gravatar.com\\\/avatar\\\/2fcdf27c78ea025fbdb44e914cc63c72249ffec9dc8aafd5c82b26240ef3f346?s=96&d=mm&r=g\",\"url\":\"https:\\\/\\\/secure.gravatar.com\\\/avatar\\\/2fcdf27c78ea025fbdb44e914cc63c72249ffec9dc8aafd5c82b26240ef3f346?s=96&d=mm&r=g\",\"contentUrl\":\"https:\\\/\\\/secure.gravatar.com\\\/avatar\\\/2fcdf27c78ea025fbdb44e914cc63c72249ffec9dc8aafd5c82b26240ef3f346?s=96&d=mm&r=g\",\"caption\":\"Redazione\"},\"url\":\"https:\\\/\\\/www.rassegnastampa-totustuus.it\\\/cattolica\\\/author\\\/pietroelle\\\/\"}]}<\/script>\n<!-- \/ Yoast SEO plugin. -->","yoast_head_json":{"title":"Legalizzazione della cannabis fuori da ogni logica - Rassegna Stampa Cattolica","description":"Legalizzazione della cannabis fuori da ogni logica in quanto qualunque droga d\u00e0 dipendenza e spinge verso droghe pi\u00f9 pesanti","robots":{"index":"index","follow":"follow","max-snippet":"max-snippet:-1","max-image-preview":"max-image-preview:large","max-video-preview":"max-video-preview:-1"},"canonical":"https:\/\/www.rassegnastampa-totustuus.it\/cattolica\/legalizzazione-della-cannabis-fuori-da-ogni-logica\/","og_locale":"it_IT","og_type":"article","og_title":"Legalizzazione della cannabis fuori da ogni logica - Rassegna Stampa Cattolica","og_description":"Legalizzazione della cannabis fuori da ogni logica in quanto qualunque droga d\u00e0 dipendenza e spinge verso droghe pi\u00f9 pesanti","og_url":"https:\/\/www.rassegnastampa-totustuus.it\/cattolica\/legalizzazione-della-cannabis-fuori-da-ogni-logica\/","og_site_name":"Rassegna Stampa Cattolica","article_publisher":"https:\/\/www.facebook.com\/rassegnastampacattolica","article_published_time":"2022-05-11T22:00:20+00:00","article_modified_time":"2024-04-26T08:53:06+00:00","og_image":[{"width":1640,"height":856,"url":"https:\/\/www.rassegnastampa-totustuus.it\/cattolica\/wp-content\/uploads\/2020\/11\/droga_liberalizzazione.jpg","type":"image\/jpeg"}],"author":"Redazione","twitter_card":"summary_large_image","twitter_creator":"@rassegnastampa9","twitter_site":"@rassegnastampa9","twitter_misc":{"Scritto da":"Redazione","Tempo di lettura stimato":"8 minuti"},"schema":{"@context":"https:\/\/schema.org","@graph":[{"@type":"Article","@id":"https:\/\/www.rassegnastampa-totustuus.it\/cattolica\/legalizzazione-della-cannabis-fuori-da-ogni-logica\/#article","isPartOf":{"@id":"https:\/\/www.rassegnastampa-totustuus.it\/cattolica\/legalizzazione-della-cannabis-fuori-da-ogni-logica\/"},"author":{"name":"Redazione","@id":"https:\/\/www.rassegnastampa-totustuus.it\/cattolica\/#\/schema\/person\/08f319d2bd1a0904ad9e2bfb7b15e5c3"},"headline":"Legalizzazione della cannabis fuori da ogni logica","datePublished":"2022-05-11T22:00:20+00:00","dateModified":"2024-04-26T08:53:06+00:00","mainEntityOfPage":{"@id":"https:\/\/www.rassegnastampa-totustuus.it\/cattolica\/legalizzazione-della-cannabis-fuori-da-ogni-logica\/"},"wordCount":1006,"publisher":{"@id":"https:\/\/www.rassegnastampa-totustuus.it\/cattolica\/#organization"},"image":{"@id":"https:\/\/www.rassegnastampa-totustuus.it\/cattolica\/legalizzazione-della-cannabis-fuori-da-ogni-logica\/#primaryimage"},"thumbnailUrl":"https:\/\/www.rassegnastampa-totustuus.it\/cattolica\/wp-content\/uploads\/2020\/11\/droga_liberalizzazione.jpg","keywords":["cannabis","droga","marijuana"],"articleSection":["Droga"],"inLanguage":"it-IT"},{"@type":"WebPage","@id":"https:\/\/www.rassegnastampa-totustuus.it\/cattolica\/legalizzazione-della-cannabis-fuori-da-ogni-logica\/","url":"https:\/\/www.rassegnastampa-totustuus.it\/cattolica\/legalizzazione-della-cannabis-fuori-da-ogni-logica\/","name":"Legalizzazione della cannabis fuori da ogni logica - Rassegna Stampa Cattolica","isPartOf":{"@id":"https:\/\/www.rassegnastampa-totustuus.it\/cattolica\/#website"},"primaryImageOfPage":{"@id":"https:\/\/www.rassegnastampa-totustuus.it\/cattolica\/legalizzazione-della-cannabis-fuori-da-ogni-logica\/#primaryimage"},"image":{"@id":"https:\/\/www.rassegnastampa-totustuus.it\/cattolica\/legalizzazione-della-cannabis-fuori-da-ogni-logica\/#primaryimage"},"thumbnailUrl":"https:\/\/www.rassegnastampa-totustuus.it\/cattolica\/wp-content\/uploads\/2020\/11\/droga_liberalizzazione.jpg","datePublished":"2022-05-11T22:00:20+00:00","dateModified":"2024-04-26T08:53:06+00:00","description":"Legalizzazione della cannabis fuori da ogni logica in quanto qualunque droga d\u00e0 dipendenza e spinge verso droghe pi\u00f9 pesanti","breadcrumb":{"@id":"https:\/\/www.rassegnastampa-totustuus.it\/cattolica\/legalizzazione-della-cannabis-fuori-da-ogni-logica\/#breadcrumb"},"inLanguage":"it-IT","potentialAction":[{"@type":"ReadAction","target":["https:\/\/www.rassegnastampa-totustuus.it\/cattolica\/legalizzazione-della-cannabis-fuori-da-ogni-logica\/"]}]},{"@type":"ImageObject","inLanguage":"it-IT","@id":"https:\/\/www.rassegnastampa-totustuus.it\/cattolica\/legalizzazione-della-cannabis-fuori-da-ogni-logica\/#primaryimage","url":"https:\/\/www.rassegnastampa-totustuus.it\/cattolica\/wp-content\/uploads\/2020\/11\/droga_liberalizzazione.jpg","contentUrl":"https:\/\/www.rassegnastampa-totustuus.it\/cattolica\/wp-content\/uploads\/2020\/11\/droga_liberalizzazione.jpg","width":1640,"height":856},{"@type":"BreadcrumbList","@id":"https:\/\/www.rassegnastampa-totustuus.it\/cattolica\/legalizzazione-della-cannabis-fuori-da-ogni-logica\/#breadcrumb","itemListElement":[{"@type":"ListItem","position":1,"name":"Home","item":"https:\/\/www.rassegnastampa-totustuus.it\/cattolica\/"},{"@type":"ListItem","position":2,"name":"Legalizzazione della cannabis fuori da ogni logica"}]},{"@type":"WebSite","@id":"https:\/\/www.rassegnastampa-totustuus.it\/cattolica\/#website","url":"https:\/\/www.rassegnastampa-totustuus.it\/cattolica\/","name":"Rassegna Stampa Cattolica","description":"Per una cultura che nasce dalla Rivelazione cristiana in conformit\u00e0 alla tradizione e al Magistero della Chiesa in opposizione ad ogni relativismo e totalitarismo","publisher":{"@id":"https:\/\/www.rassegnastampa-totustuus.it\/cattolica\/#organization"},"alternateName":"Rass. Cattolica","potentialAction":[{"@type":"SearchAction","target":{"@type":"EntryPoint","urlTemplate":"https:\/\/www.rassegnastampa-totustuus.it\/cattolica\/?s={search_term_string}"},"query-input":{"@type":"PropertyValueSpecification","valueRequired":true,"valueName":"search_term_string"}}],"inLanguage":"it-IT"},{"@type":"Organization","@id":"https:\/\/www.rassegnastampa-totustuus.it\/cattolica\/#organization","name":"Rassegna Stampa Cattolica","url":"https:\/\/www.rassegnastampa-totustuus.it\/cattolica\/","logo":{"@type":"ImageObject","inLanguage":"it-IT","@id":"https:\/\/www.rassegnastampa-totustuus.it\/cattolica\/#\/schema\/logo\/image\/","url":"https:\/\/www.rassegnastampa-totustuus.it\/cattolica\/wp-content\/uploads\/2014\/04\/logo-rassegna1.gif","contentUrl":"https:\/\/www.rassegnastampa-totustuus.it\/cattolica\/wp-content\/uploads\/2014\/04\/logo-rassegna1.gif","width":600,"height":163,"caption":"Rassegna Stampa Cattolica"},"image":{"@id":"https:\/\/www.rassegnastampa-totustuus.it\/cattolica\/#\/schema\/logo\/image\/"},"sameAs":["https:\/\/www.facebook.com\/rassegnastampacattolica","https:\/\/x.com\/rassegnastampa9"]},{"@type":"Person","@id":"https:\/\/www.rassegnastampa-totustuus.it\/cattolica\/#\/schema\/person\/08f319d2bd1a0904ad9e2bfb7b15e5c3","name":"Redazione","image":{"@type":"ImageObject","inLanguage":"it-IT","@id":"https:\/\/secure.gravatar.com\/avatar\/2fcdf27c78ea025fbdb44e914cc63c72249ffec9dc8aafd5c82b26240ef3f346?s=96&d=mm&r=g","url":"https:\/\/secure.gravatar.com\/avatar\/2fcdf27c78ea025fbdb44e914cc63c72249ffec9dc8aafd5c82b26240ef3f346?s=96&d=mm&r=g","contentUrl":"https:\/\/secure.gravatar.com\/avatar\/2fcdf27c78ea025fbdb44e914cc63c72249ffec9dc8aafd5c82b26240ef3f346?s=96&d=mm&r=g","caption":"Redazione"},"url":"https:\/\/www.rassegnastampa-totustuus.it\/cattolica\/author\/pietroelle\/"}]}},"_links":{"self":[{"href":"https:\/\/www.rassegnastampa-totustuus.it\/cattolica\/wp-json\/wp\/v2\/posts\/54029","targetHints":{"allow":["GET"]}}],"collection":[{"href":"https:\/\/www.rassegnastampa-totustuus.it\/cattolica\/wp-json\/wp\/v2\/posts"}],"about":[{"href":"https:\/\/www.rassegnastampa-totustuus.it\/cattolica\/wp-json\/wp\/v2\/types\/post"}],"author":[{"embeddable":true,"href":"https:\/\/www.rassegnastampa-totustuus.it\/cattolica\/wp-json\/wp\/v2\/users\/6"}],"replies":[{"embeddable":true,"href":"https:\/\/www.rassegnastampa-totustuus.it\/cattolica\/wp-json\/wp\/v2\/comments?post=54029"}],"version-history":[{"count":3,"href":"https:\/\/www.rassegnastampa-totustuus.it\/cattolica\/wp-json\/wp\/v2\/posts\/54029\/revisions"}],"predecessor-version":[{"id":60197,"href":"https:\/\/www.rassegnastampa-totustuus.it\/cattolica\/wp-json\/wp\/v2\/posts\/54029\/revisions\/60197"}],"wp:featuredmedia":[{"embeddable":true,"href":"https:\/\/www.rassegnastampa-totustuus.it\/cattolica\/wp-json\/wp\/v2\/media\/49161"}],"wp:attachment":[{"href":"https:\/\/www.rassegnastampa-totustuus.it\/cattolica\/wp-json\/wp\/v2\/media?parent=54029"}],"wp:term":[{"taxonomy":"category","embeddable":true,"href":"https:\/\/www.rassegnastampa-totustuus.it\/cattolica\/wp-json\/wp\/v2\/categories?post=54029"},{"taxonomy":"post_tag","embeddable":true,"href":"https:\/\/www.rassegnastampa-totustuus.it\/cattolica\/wp-json\/wp\/v2\/tags?post=54029"}],"curies":[{"name":"wp","href":"https:\/\/api.w.org\/{rel}","templated":true}]}}