{"id":5402,"date":"2013-01-30T00:00:00","date_gmt":"2013-01-29T23:00:00","guid":{"rendered":""},"modified":"2016-04-19T16:56:44","modified_gmt":"2016-04-19T14:56:44","slug":"parte-dal-michigan-la-rivolta-contro-lobamacare","status":"publish","type":"post","link":"https:\/\/www.rassegnastampa-totustuus.it\/cattolica\/parte-dal-michigan-la-rivolta-contro-lobamacare\/","title":{"rendered":"Parte dal Michigan la rivolta contro l&#8217;Obamacare"},"content":{"rendered":"<div style=\"text-align: center;\"><strong><img loading=\"lazy\" decoding=\"async\" class=\"alignleft wp-image-33133\" src=\"https:\/\/www.rassegnastampa-totustuus.it\/cattolica\/wp-content\/uploads\/2013\/01\/Obamacare.jpg\" alt=\"Obamacare\" width=\"221\" height=\"200\" \/>La nuova Bussola quotidiana<\/strong> 14 gennaio 2013<\/div>\n<p style=\"text-align: justify;\"><em>Se l\u2019Amministrazione in carica dovesse alla lunga trionfare con la propria riforma sanitaria, gli Stati Uniti cambierebbero per sempre volto. Per questo, come ragionano moltissimi americani, a prescindere dalle proprie convinzioni etiche, occorre che tutti gli americani combattano contro la grave decisione presa dalla Casa Bianca. Magari anche solo per poi mettersi il giorno dopo a fare la medesima identica cosa, ma in piena autonomia, libert\u00e0 e coscienza<\/em><\/p>\n<p style=\"text-align: center;\">di <strong>Marco Respinti<\/strong><\/p>\n<p><!--more--><\/p>\n<div style=\"text-align: justify;\">Parte dal Michigan la riscossa contro la riforma sanitaria di Barack Obama, che obbliga i datori di lavoro a fornire gratuitamente i metodi per il controllo delle nascite (contraccezione, aborto, sterilizzazione) ai propri dipendenti sotto forma di assicurazione sulla salute. E tutto inizia con Thomas Monaghan, miliardario e cattolico.<\/div>\n<p style=\"text-align: justify;\"><strong>Classe 1937, nato ad Ann Arbor, in Michigan,<\/strong> da ragazzino ha iniziato come pizzaiolo a Ypsilanti, comprandosi un localino con il fratello James. Da l\u00ec nel 1960 \u00e8 nata la <em>Domino\u2019s Pizza<\/em>, la catena mondiale con pi\u00f9 di 10mila locali in 70 Paesi. Oggi Monaghan \u00e8 un magnate in pensione, fondatore o perno di numerose organizzazioni cattoliche e pro life, finanziatore di numerose altre.<\/p>\n<p style=\"text-align: justify;\">Nel 1987 \u00e8 stato tra i promotori di Legatus, un\u2019associazione di <em>businessmen<\/em> cattolici decisi a portare la dottrina sociale della Chiesa negli affari e nelle opere. Ma il vero fiore all\u2019occhiello del suo \u201cimpero\u201d \u00e8 l\u2019Ave Maria University, un ateneo cattolico che dal 2003 fa della fedelt\u00e0 al Magistero il proprio blasone.<\/p>\n<p style=\"text-align: justify;\">Diventato in breve tempo un marchio di sicura eccellenza, l\u2019universit\u00e0 sorge nella cittadina, creata ad hoc, di Ave Maria, a 27 chilometri da Naples, in Florida. La sua prima sede si trovava in Michigan, che Monaghan ha lasciato per la soleggiata Florida a causa del divieto, imposto dalle autorit\u00e0 locali, al suo progetto di erigere nel campus universitario un crocifisso pi\u00f9 alto della Statua della Libert\u00e0.<\/p>\n<p style=\"text-align: justify;\"><strong>Monaghan ha ceduto la <\/strong><em><strong>Domino\u2019s Pizza<\/strong><\/em><strong> nel 1998<\/strong> e oggi ad Ann Arbor mantiene un complesso di palazzine e di uffici, che gli fa da quartier generale, le <em>Domino\u2019s Farms<\/em>. Ebbene, le sue <em>Domino\u2019s Farms<\/em> hanno degli impiegati, e Monaghan \u00e8 il loro datore di lavoro. Tenuto per legge ad assicurare loro la mutua.<\/p>\n<p style=\"text-align: justify;\">L\u2019anno scorso, come tutti i datori di lavoro degli Stati Uniti, Monaghan si \u00e8 trovato improvvisamente di fronte al vero volto di quella riforma con cui la Casa Bianca millanta di voler garantire la tutela sanitaria a tutti con costi bassi e che invece \u00e8 solo una dispendiosissima (per tutti i contribuenti americani) bugia, che vuole solo imporre ai cittadini ci\u00f2 che piace all\u2019Amministrazione Obama in tema di economia, salute e morale.<\/p>\n<p style=\"text-align: justify;\">Monaghan si \u00e8 cio\u00e8 trovato di fronte a una imposizione &#8211; ovvero fornire gratuitamente ai dipendenti i sistemi di controllo delle nascite &#8211; violare la quale lo rende perseguibile a norma di legge, che di punto in bianco gli nega il godimento del primo dei diritti costituzionali statunitensi: la libert\u00e0 religiosa. E cos\u00ec il magnate delle pizze, come tutti i datori di lavoro degli Stati Uniti, si \u00e8 scoperto obbligato a dover persino pagare il costo di questa grave rivolta messa in atto dal governo di Washington nei confronti della legge fondamentale del Paese.<\/p>\n<p style=\"text-align: justify;\"><strong>Tutti i datori di lavoro degli Stati Uniti si sono visti conculcare la libert\u00e0 di coscienza<\/strong> da una ideologia di Stato, che cos\u00ec facendo ha aperto il pi\u00f9 grave contenzioso etico, politico e giuridico della storia del Paese americano, inimicandosi tutte le Chiese e le comunit\u00e0 religiose degli Stati Uniti. Le quali, a norma di legge, hanno immediatamente reagito impugnando la Costituzione federale in una battaglia culturale e legale che ha prodotto un ecumenismo forte e inedito in cui si \u00e8 distinta, con un ruolo di leadership universalmente riconosciuto, la Chiesa Cattolica, capitanata dal primate Timothy O. Dolan, arcivescovo di New York, istitutore di uno speciale Osservatorio di monitoraggio delle violazione della libert\u00e0 religiosa, un fatto clamoroso se si considera che la democrazia degli Usa si fonda sulla libert\u00e0.<\/p>\n<p style=\"text-align: justify;\"><strong>Monaghan, come moltissimi altri datori di lavoro,<\/strong> si \u00e8 rivolto ai tribunali. La buona notizia ora \u00e8 che il giudice Lawrence Zatkoff della Corte del Distretto Orientale del Michigan gli ha dato ragione. Ai dipendenti delle sue <em>Domino\u2019s Farms<\/em> Monaghan continua infatti a garantire buone polizze assicurative, che ne tutelano bene la salute ma che non regalano il controllo delle nascite. Inoltre il giudice Zatkoff ha stabilito che non solo Monaghan fa bene a farlo in base al primo Emendamento alla Costituzione federale, ma che in torto \u00e8 piuttosto chi glielo vieta, fosse anche, com\u2019\u00e8, il governo di Washington.<\/p>\n<p style=\"text-align: justify;\"><strong>In gioco \u00e8 il pilastro portante di tutta l\u2019architettura civile statunitense<\/strong>. Se l\u2019Amministrazione in carica dovesse alla lunga trionfare con la propria riforma sanitaria, gli Stati Uniti cambierebbero per sempre volto. Per questo, come ragionano moltissimi americani, a prescindere dalle proprie convinzioni etiche, occorre che tutti gli americani combattano contro la grave decisione presa dalla Casa Bianca. Magari anche solo per poi mettersi il giorno dopo a fare la medesima identica cosa, ma in piena autonomia, libert\u00e0 e coscienza. La legge fondamentale americana garantisce infatti tale libert\u00e0, che pu\u00f2 pure venire usata male, ma essa \u00e8 l\u2019unica che pu\u00f2 anche permettere che il bene venga fatto.<\/p>\n<p style=\"text-align: justify;\"><strong>La legge sulla libert\u00e0 religiosa, che fonda da sempre gli Stati Uniti,<\/strong> afferma che lo Stato non pu\u00f2 mai, in alcun caso, imporre una determinata religione ai cittadini contro la loro coscienza. Deve invece lasciare sempre libere le coscienze. Fare il contrario significherebbe promuovere una religione di Stato, anche quando, come in questo caso, quello imposto come credo di Stato \u00e8 una \u201creligione laica\u201d e persino laicista, una \u201creligione politica\u201d \u2013 direbbe Eric Voegelin \u2013 o una \u201creligione capovolta\u201d.<\/p>\n<p style=\"text-align: justify;\"><strong>Numerosissime sono le denunce analoghe a quella presentata da Monaghan<\/strong> contro il governo Obama e la sua riforma sanitaria e lo stesso Monaghan attende di capire se si riuscir\u00e0 a utilizzare la decisione di quella Corte Distrettuale del Michigan, che riguarda le sue <em>Domino\u2019s Farms,<\/em> per ottenere analoga giustizia per quanto riguarda la sua Ave Maria University. Del resto ci sono precedenti.<\/p>\n<p style=\"text-align: justify;\">A met\u00e0 dicembre la Corte di appello della citt\u00e0 di Washington ha dato ragione al Belmont Abbey College e al Wheaton College, due altri prestigiosi istituti cristiani americani di istruzione superiore che avevano presentato denuncia. Il Belmont Abbey College, nell\u2019omonima cittadina del North Carolina, cattolico, gestito dai monaci benedettini, \u00e8 stata la prima istituzione del genere a presentare mesi fa denuncia contro il governo Obama. Mentre il Wheaton College, nell\u2019omonima cittadina dell\u2019Illinois, calvinista, \u00e8 tra l\u2019altro la sede della collezione di tutti i manoscritti originali di C.S. Lewis. Questa sentenza della Corte di appello di Washington stabilisce peraltro che Obama ha tempo fino al 31 marzo per modificare la legge in ottemperanza alla Costituzione federale.<\/p>\n<p style=\"text-align: justify;\"><strong>La vittoria nel \u201ccaso Monaghan\u201d \u00e8 ancora pi\u00f9 importante<\/strong>, in quanto riguarda un\u2019istituzione laica e cio\u00e8 neutra, commerciale, non confessionale, e sancisce che proprio per un\u2019istituzione di questo genere la libert\u00e0 religiosa conta. Esattamente come afferma da sempre l\u2019architettura giuridico-istituzionale statunitense: la libert\u00e0 religiosa \u00e8 un bene pubblico.<\/p>\n","protected":false},"excerpt":{"rendered":"<p>La nuova Bussola quotidiana 14 gennaio 2013 Se l\u2019Amministrazione in carica dovesse alla lunga trionfare con la propria riforma sanitaria, gli Stati Uniti cambierebbero per sempre volto. Per questo, come ragionano moltissimi americani, a prescindere dalle proprie convinzioni etiche, occorre che tutti gli americani combattano contro la grave decisione presa dalla Casa Bianca. Magari anche &hellip; <\/p>\n<p><a class=\"more-link btn\" href=\"https:\/\/www.rassegnastampa-totustuus.it\/cattolica\/parte-dal-michigan-la-rivolta-contro-lobamacare\/\">Continua a leggere<\/a><\/p>\n","protected":false},"author":6,"featured_media":33133,"comment_status":"closed","ping_status":"open","sticky":false,"template":"","format":"standard","meta":{"footnotes":""},"categories":[108,76],"tags":[2140],"class_list":["post-5402","post","type-post","status-publish","format-standard","has-post-thumbnail","hentry","category-paesi-e-continenti","category-stati-uniti","tag-obamacare","item-wrap"],"yoast_head":"<!-- This site is optimized with the Yoast SEO plugin v27.5 - https:\/\/yoast.com\/product\/yoast-seo-wordpress\/ -->\n<title>Parte dal Michigan la rivolta contro l&#039;Obamacare - Rassegna Stampa Cattolica<\/title>\n<meta name=\"description\" content=\"Rassegna Stampa Cattolica - Per una cultura che nasce dalla Rivelazione cristiana in conformit\u00e0 alla tradizione e al Magistero della Chiesa in opposizione ad ogni relativismo e totalitarismo\" \/>\n<meta name=\"robots\" content=\"index, follow, max-snippet:-1, max-image-preview:large, max-video-preview:-1\" \/>\n<link rel=\"canonical\" href=\"https:\/\/www.rassegnastampa-totustuus.it\/cattolica\/parte-dal-michigan-la-rivolta-contro-lobamacare\/\" \/>\n<meta property=\"og:locale\" content=\"it_IT\" \/>\n<meta property=\"og:type\" content=\"article\" \/>\n<meta property=\"og:title\" content=\"Parte dal Michigan la rivolta contro l&#039;Obamacare - Rassegna Stampa Cattolica\" \/>\n<meta property=\"og:description\" content=\"Rassegna Stampa Cattolica - Per una cultura che nasce dalla Rivelazione cristiana in conformit\u00e0 alla tradizione e al Magistero della Chiesa in opposizione ad ogni relativismo e totalitarismo\" \/>\n<meta property=\"og:url\" content=\"https:\/\/www.rassegnastampa-totustuus.it\/cattolica\/parte-dal-michigan-la-rivolta-contro-lobamacare\/\" \/>\n<meta property=\"og:site_name\" content=\"Rassegna Stampa Cattolica\" \/>\n<meta property=\"article:publisher\" content=\"https:\/\/www.facebook.com\/rassegnastampacattolica\" \/>\n<meta property=\"article:published_time\" content=\"2013-01-29T23:00:00+00:00\" \/>\n<meta property=\"article:modified_time\" content=\"2016-04-19T14:56:44+00:00\" \/>\n<meta property=\"og:image\" content=\"https:\/\/www.rassegnastampa-totustuus.it\/cattolica\/wp-content\/uploads\/2013\/01\/Obamacare.jpg\" \/>\n\t<meta property=\"og:image:width\" content=\"236\" \/>\n\t<meta property=\"og:image:height\" content=\"214\" \/>\n\t<meta property=\"og:image:type\" content=\"image\/jpeg\" \/>\n<meta name=\"author\" content=\"Redazione\" \/>\n<meta name=\"twitter:card\" content=\"summary_large_image\" \/>\n<meta name=\"twitter:creator\" content=\"@rassegnastampa9\" \/>\n<meta name=\"twitter:site\" content=\"@rassegnastampa9\" \/>\n<meta name=\"twitter:label1\" content=\"Scritto da\" \/>\n\t<meta name=\"twitter:data1\" content=\"Redazione\" \/>\n\t<meta name=\"twitter:label2\" content=\"Tempo di lettura stimato\" \/>\n\t<meta name=\"twitter:data2\" content=\"6 minuti\" \/>\n<script type=\"application\/ld+json\" class=\"yoast-schema-graph\">{\"@context\":\"https:\\\/\\\/schema.org\",\"@graph\":[{\"@type\":\"Article\",\"@id\":\"https:\\\/\\\/www.rassegnastampa-totustuus.it\\\/cattolica\\\/parte-dal-michigan-la-rivolta-contro-lobamacare\\\/#article\",\"isPartOf\":{\"@id\":\"https:\\\/\\\/www.rassegnastampa-totustuus.it\\\/cattolica\\\/parte-dal-michigan-la-rivolta-contro-lobamacare\\\/\"},\"author\":{\"name\":\"Redazione\",\"@id\":\"https:\\\/\\\/www.rassegnastampa-totustuus.it\\\/cattolica\\\/#\\\/schema\\\/person\\\/08f319d2bd1a0904ad9e2bfb7b15e5c3\"},\"headline\":\"Parte dal Michigan la rivolta contro l&#8217;Obamacare\",\"datePublished\":\"2013-01-29T23:00:00+00:00\",\"dateModified\":\"2016-04-19T14:56:44+00:00\",\"mainEntityOfPage\":{\"@id\":\"https:\\\/\\\/www.rassegnastampa-totustuus.it\\\/cattolica\\\/parte-dal-michigan-la-rivolta-contro-lobamacare\\\/\"},\"wordCount\":1167,\"publisher\":{\"@id\":\"https:\\\/\\\/www.rassegnastampa-totustuus.it\\\/cattolica\\\/#organization\"},\"image\":{\"@id\":\"https:\\\/\\\/www.rassegnastampa-totustuus.it\\\/cattolica\\\/parte-dal-michigan-la-rivolta-contro-lobamacare\\\/#primaryimage\"},\"thumbnailUrl\":\"https:\\\/\\\/www.rassegnastampa-totustuus.it\\\/cattolica\\\/wp-content\\\/uploads\\\/2013\\\/01\\\/Obamacare.jpg\",\"keywords\":[\"Obamacare\"],\"articleSection\":[\"Paesi e continenti\",\"Stati Uniti\"],\"inLanguage\":\"it-IT\"},{\"@type\":\"WebPage\",\"@id\":\"https:\\\/\\\/www.rassegnastampa-totustuus.it\\\/cattolica\\\/parte-dal-michigan-la-rivolta-contro-lobamacare\\\/\",\"url\":\"https:\\\/\\\/www.rassegnastampa-totustuus.it\\\/cattolica\\\/parte-dal-michigan-la-rivolta-contro-lobamacare\\\/\",\"name\":\"Parte dal Michigan la rivolta contro l'Obamacare - Rassegna Stampa Cattolica\",\"isPartOf\":{\"@id\":\"https:\\\/\\\/www.rassegnastampa-totustuus.it\\\/cattolica\\\/#website\"},\"primaryImageOfPage\":{\"@id\":\"https:\\\/\\\/www.rassegnastampa-totustuus.it\\\/cattolica\\\/parte-dal-michigan-la-rivolta-contro-lobamacare\\\/#primaryimage\"},\"image\":{\"@id\":\"https:\\\/\\\/www.rassegnastampa-totustuus.it\\\/cattolica\\\/parte-dal-michigan-la-rivolta-contro-lobamacare\\\/#primaryimage\"},\"thumbnailUrl\":\"https:\\\/\\\/www.rassegnastampa-totustuus.it\\\/cattolica\\\/wp-content\\\/uploads\\\/2013\\\/01\\\/Obamacare.jpg\",\"datePublished\":\"2013-01-29T23:00:00+00:00\",\"dateModified\":\"2016-04-19T14:56:44+00:00\",\"description\":\"Rassegna Stampa Cattolica - Per una cultura che nasce dalla Rivelazione cristiana in conformit\u00e0 alla tradizione e al Magistero della Chiesa in opposizione ad ogni relativismo e totalitarismo\",\"breadcrumb\":{\"@id\":\"https:\\\/\\\/www.rassegnastampa-totustuus.it\\\/cattolica\\\/parte-dal-michigan-la-rivolta-contro-lobamacare\\\/#breadcrumb\"},\"inLanguage\":\"it-IT\",\"potentialAction\":[{\"@type\":\"ReadAction\",\"target\":[\"https:\\\/\\\/www.rassegnastampa-totustuus.it\\\/cattolica\\\/parte-dal-michigan-la-rivolta-contro-lobamacare\\\/\"]}]},{\"@type\":\"ImageObject\",\"inLanguage\":\"it-IT\",\"@id\":\"https:\\\/\\\/www.rassegnastampa-totustuus.it\\\/cattolica\\\/parte-dal-michigan-la-rivolta-contro-lobamacare\\\/#primaryimage\",\"url\":\"https:\\\/\\\/www.rassegnastampa-totustuus.it\\\/cattolica\\\/wp-content\\\/uploads\\\/2013\\\/01\\\/Obamacare.jpg\",\"contentUrl\":\"https:\\\/\\\/www.rassegnastampa-totustuus.it\\\/cattolica\\\/wp-content\\\/uploads\\\/2013\\\/01\\\/Obamacare.jpg\",\"width\":236,\"height\":214},{\"@type\":\"BreadcrumbList\",\"@id\":\"https:\\\/\\\/www.rassegnastampa-totustuus.it\\\/cattolica\\\/parte-dal-michigan-la-rivolta-contro-lobamacare\\\/#breadcrumb\",\"itemListElement\":[{\"@type\":\"ListItem\",\"position\":1,\"name\":\"Home\",\"item\":\"https:\\\/\\\/www.rassegnastampa-totustuus.it\\\/cattolica\\\/\"},{\"@type\":\"ListItem\",\"position\":2,\"name\":\"Parte dal Michigan la rivolta contro l&#8217;Obamacare\"}]},{\"@type\":\"WebSite\",\"@id\":\"https:\\\/\\\/www.rassegnastampa-totustuus.it\\\/cattolica\\\/#website\",\"url\":\"https:\\\/\\\/www.rassegnastampa-totustuus.it\\\/cattolica\\\/\",\"name\":\"Rassegna Stampa Cattolica\",\"description\":\"Per una cultura che nasce dalla Rivelazione cristiana in conformit\u00e0 alla tradizione e al Magistero della Chiesa in opposizione ad ogni relativismo e totalitarismo\",\"publisher\":{\"@id\":\"https:\\\/\\\/www.rassegnastampa-totustuus.it\\\/cattolica\\\/#organization\"},\"alternateName\":\"Rass. Cattolica\",\"potentialAction\":[{\"@type\":\"SearchAction\",\"target\":{\"@type\":\"EntryPoint\",\"urlTemplate\":\"https:\\\/\\\/www.rassegnastampa-totustuus.it\\\/cattolica\\\/?s={search_term_string}\"},\"query-input\":{\"@type\":\"PropertyValueSpecification\",\"valueRequired\":true,\"valueName\":\"search_term_string\"}}],\"inLanguage\":\"it-IT\"},{\"@type\":\"Organization\",\"@id\":\"https:\\\/\\\/www.rassegnastampa-totustuus.it\\\/cattolica\\\/#organization\",\"name\":\"Rassegna Stampa Cattolica\",\"url\":\"https:\\\/\\\/www.rassegnastampa-totustuus.it\\\/cattolica\\\/\",\"logo\":{\"@type\":\"ImageObject\",\"inLanguage\":\"it-IT\",\"@id\":\"https:\\\/\\\/www.rassegnastampa-totustuus.it\\\/cattolica\\\/#\\\/schema\\\/logo\\\/image\\\/\",\"url\":\"https:\\\/\\\/www.rassegnastampa-totustuus.it\\\/cattolica\\\/wp-content\\\/uploads\\\/2014\\\/04\\\/logo-rassegna1.gif\",\"contentUrl\":\"https:\\\/\\\/www.rassegnastampa-totustuus.it\\\/cattolica\\\/wp-content\\\/uploads\\\/2014\\\/04\\\/logo-rassegna1.gif\",\"width\":600,\"height\":163,\"caption\":\"Rassegna Stampa Cattolica\"},\"image\":{\"@id\":\"https:\\\/\\\/www.rassegnastampa-totustuus.it\\\/cattolica\\\/#\\\/schema\\\/logo\\\/image\\\/\"},\"sameAs\":[\"https:\\\/\\\/www.facebook.com\\\/rassegnastampacattolica\",\"https:\\\/\\\/x.com\\\/rassegnastampa9\"]},{\"@type\":\"Person\",\"@id\":\"https:\\\/\\\/www.rassegnastampa-totustuus.it\\\/cattolica\\\/#\\\/schema\\\/person\\\/08f319d2bd1a0904ad9e2bfb7b15e5c3\",\"name\":\"Redazione\",\"image\":{\"@type\":\"ImageObject\",\"inLanguage\":\"it-IT\",\"@id\":\"https:\\\/\\\/secure.gravatar.com\\\/avatar\\\/2fcdf27c78ea025fbdb44e914cc63c72249ffec9dc8aafd5c82b26240ef3f346?s=96&d=mm&r=g\",\"url\":\"https:\\\/\\\/secure.gravatar.com\\\/avatar\\\/2fcdf27c78ea025fbdb44e914cc63c72249ffec9dc8aafd5c82b26240ef3f346?s=96&d=mm&r=g\",\"contentUrl\":\"https:\\\/\\\/secure.gravatar.com\\\/avatar\\\/2fcdf27c78ea025fbdb44e914cc63c72249ffec9dc8aafd5c82b26240ef3f346?s=96&d=mm&r=g\",\"caption\":\"Redazione\"},\"url\":\"https:\\\/\\\/www.rassegnastampa-totustuus.it\\\/cattolica\\\/author\\\/pietroelle\\\/\"}]}<\/script>\n<!-- \/ Yoast SEO plugin. -->","yoast_head_json":{"title":"Parte dal Michigan la rivolta contro l'Obamacare - Rassegna Stampa Cattolica","description":"Rassegna Stampa Cattolica - Per una cultura che nasce dalla Rivelazione cristiana in conformit\u00e0 alla tradizione e al Magistero della Chiesa in opposizione ad ogni relativismo e totalitarismo","robots":{"index":"index","follow":"follow","max-snippet":"max-snippet:-1","max-image-preview":"max-image-preview:large","max-video-preview":"max-video-preview:-1"},"canonical":"https:\/\/www.rassegnastampa-totustuus.it\/cattolica\/parte-dal-michigan-la-rivolta-contro-lobamacare\/","og_locale":"it_IT","og_type":"article","og_title":"Parte dal Michigan la rivolta contro l'Obamacare - Rassegna Stampa Cattolica","og_description":"Rassegna Stampa Cattolica - Per una cultura che nasce dalla Rivelazione cristiana in conformit\u00e0 alla tradizione e al Magistero della Chiesa in opposizione ad ogni relativismo e totalitarismo","og_url":"https:\/\/www.rassegnastampa-totustuus.it\/cattolica\/parte-dal-michigan-la-rivolta-contro-lobamacare\/","og_site_name":"Rassegna Stampa Cattolica","article_publisher":"https:\/\/www.facebook.com\/rassegnastampacattolica","article_published_time":"2013-01-29T23:00:00+00:00","article_modified_time":"2016-04-19T14:56:44+00:00","og_image":[{"width":236,"height":214,"url":"https:\/\/www.rassegnastampa-totustuus.it\/cattolica\/wp-content\/uploads\/2013\/01\/Obamacare.jpg","type":"image\/jpeg"}],"author":"Redazione","twitter_card":"summary_large_image","twitter_creator":"@rassegnastampa9","twitter_site":"@rassegnastampa9","twitter_misc":{"Scritto da":"Redazione","Tempo di lettura stimato":"6 minuti"},"schema":{"@context":"https:\/\/schema.org","@graph":[{"@type":"Article","@id":"https:\/\/www.rassegnastampa-totustuus.it\/cattolica\/parte-dal-michigan-la-rivolta-contro-lobamacare\/#article","isPartOf":{"@id":"https:\/\/www.rassegnastampa-totustuus.it\/cattolica\/parte-dal-michigan-la-rivolta-contro-lobamacare\/"},"author":{"name":"Redazione","@id":"https:\/\/www.rassegnastampa-totustuus.it\/cattolica\/#\/schema\/person\/08f319d2bd1a0904ad9e2bfb7b15e5c3"},"headline":"Parte dal Michigan la rivolta contro l&#8217;Obamacare","datePublished":"2013-01-29T23:00:00+00:00","dateModified":"2016-04-19T14:56:44+00:00","mainEntityOfPage":{"@id":"https:\/\/www.rassegnastampa-totustuus.it\/cattolica\/parte-dal-michigan-la-rivolta-contro-lobamacare\/"},"wordCount":1167,"publisher":{"@id":"https:\/\/www.rassegnastampa-totustuus.it\/cattolica\/#organization"},"image":{"@id":"https:\/\/www.rassegnastampa-totustuus.it\/cattolica\/parte-dal-michigan-la-rivolta-contro-lobamacare\/#primaryimage"},"thumbnailUrl":"https:\/\/www.rassegnastampa-totustuus.it\/cattolica\/wp-content\/uploads\/2013\/01\/Obamacare.jpg","keywords":["Obamacare"],"articleSection":["Paesi e continenti","Stati Uniti"],"inLanguage":"it-IT"},{"@type":"WebPage","@id":"https:\/\/www.rassegnastampa-totustuus.it\/cattolica\/parte-dal-michigan-la-rivolta-contro-lobamacare\/","url":"https:\/\/www.rassegnastampa-totustuus.it\/cattolica\/parte-dal-michigan-la-rivolta-contro-lobamacare\/","name":"Parte dal Michigan la rivolta contro l'Obamacare - Rassegna Stampa Cattolica","isPartOf":{"@id":"https:\/\/www.rassegnastampa-totustuus.it\/cattolica\/#website"},"primaryImageOfPage":{"@id":"https:\/\/www.rassegnastampa-totustuus.it\/cattolica\/parte-dal-michigan-la-rivolta-contro-lobamacare\/#primaryimage"},"image":{"@id":"https:\/\/www.rassegnastampa-totustuus.it\/cattolica\/parte-dal-michigan-la-rivolta-contro-lobamacare\/#primaryimage"},"thumbnailUrl":"https:\/\/www.rassegnastampa-totustuus.it\/cattolica\/wp-content\/uploads\/2013\/01\/Obamacare.jpg","datePublished":"2013-01-29T23:00:00+00:00","dateModified":"2016-04-19T14:56:44+00:00","description":"Rassegna Stampa Cattolica - Per una cultura che nasce dalla Rivelazione cristiana in conformit\u00e0 alla tradizione e al Magistero della Chiesa in opposizione ad ogni relativismo e totalitarismo","breadcrumb":{"@id":"https:\/\/www.rassegnastampa-totustuus.it\/cattolica\/parte-dal-michigan-la-rivolta-contro-lobamacare\/#breadcrumb"},"inLanguage":"it-IT","potentialAction":[{"@type":"ReadAction","target":["https:\/\/www.rassegnastampa-totustuus.it\/cattolica\/parte-dal-michigan-la-rivolta-contro-lobamacare\/"]}]},{"@type":"ImageObject","inLanguage":"it-IT","@id":"https:\/\/www.rassegnastampa-totustuus.it\/cattolica\/parte-dal-michigan-la-rivolta-contro-lobamacare\/#primaryimage","url":"https:\/\/www.rassegnastampa-totustuus.it\/cattolica\/wp-content\/uploads\/2013\/01\/Obamacare.jpg","contentUrl":"https:\/\/www.rassegnastampa-totustuus.it\/cattolica\/wp-content\/uploads\/2013\/01\/Obamacare.jpg","width":236,"height":214},{"@type":"BreadcrumbList","@id":"https:\/\/www.rassegnastampa-totustuus.it\/cattolica\/parte-dal-michigan-la-rivolta-contro-lobamacare\/#breadcrumb","itemListElement":[{"@type":"ListItem","position":1,"name":"Home","item":"https:\/\/www.rassegnastampa-totustuus.it\/cattolica\/"},{"@type":"ListItem","position":2,"name":"Parte dal Michigan la rivolta contro l&#8217;Obamacare"}]},{"@type":"WebSite","@id":"https:\/\/www.rassegnastampa-totustuus.it\/cattolica\/#website","url":"https:\/\/www.rassegnastampa-totustuus.it\/cattolica\/","name":"Rassegna Stampa Cattolica","description":"Per una cultura che nasce dalla Rivelazione cristiana in conformit\u00e0 alla tradizione e al Magistero della Chiesa in opposizione ad ogni relativismo e totalitarismo","publisher":{"@id":"https:\/\/www.rassegnastampa-totustuus.it\/cattolica\/#organization"},"alternateName":"Rass. Cattolica","potentialAction":[{"@type":"SearchAction","target":{"@type":"EntryPoint","urlTemplate":"https:\/\/www.rassegnastampa-totustuus.it\/cattolica\/?s={search_term_string}"},"query-input":{"@type":"PropertyValueSpecification","valueRequired":true,"valueName":"search_term_string"}}],"inLanguage":"it-IT"},{"@type":"Organization","@id":"https:\/\/www.rassegnastampa-totustuus.it\/cattolica\/#organization","name":"Rassegna Stampa Cattolica","url":"https:\/\/www.rassegnastampa-totustuus.it\/cattolica\/","logo":{"@type":"ImageObject","inLanguage":"it-IT","@id":"https:\/\/www.rassegnastampa-totustuus.it\/cattolica\/#\/schema\/logo\/image\/","url":"https:\/\/www.rassegnastampa-totustuus.it\/cattolica\/wp-content\/uploads\/2014\/04\/logo-rassegna1.gif","contentUrl":"https:\/\/www.rassegnastampa-totustuus.it\/cattolica\/wp-content\/uploads\/2014\/04\/logo-rassegna1.gif","width":600,"height":163,"caption":"Rassegna Stampa Cattolica"},"image":{"@id":"https:\/\/www.rassegnastampa-totustuus.it\/cattolica\/#\/schema\/logo\/image\/"},"sameAs":["https:\/\/www.facebook.com\/rassegnastampacattolica","https:\/\/x.com\/rassegnastampa9"]},{"@type":"Person","@id":"https:\/\/www.rassegnastampa-totustuus.it\/cattolica\/#\/schema\/person\/08f319d2bd1a0904ad9e2bfb7b15e5c3","name":"Redazione","image":{"@type":"ImageObject","inLanguage":"it-IT","@id":"https:\/\/secure.gravatar.com\/avatar\/2fcdf27c78ea025fbdb44e914cc63c72249ffec9dc8aafd5c82b26240ef3f346?s=96&d=mm&r=g","url":"https:\/\/secure.gravatar.com\/avatar\/2fcdf27c78ea025fbdb44e914cc63c72249ffec9dc8aafd5c82b26240ef3f346?s=96&d=mm&r=g","contentUrl":"https:\/\/secure.gravatar.com\/avatar\/2fcdf27c78ea025fbdb44e914cc63c72249ffec9dc8aafd5c82b26240ef3f346?s=96&d=mm&r=g","caption":"Redazione"},"url":"https:\/\/www.rassegnastampa-totustuus.it\/cattolica\/author\/pietroelle\/"}]}},"_links":{"self":[{"href":"https:\/\/www.rassegnastampa-totustuus.it\/cattolica\/wp-json\/wp\/v2\/posts\/5402","targetHints":{"allow":["GET"]}}],"collection":[{"href":"https:\/\/www.rassegnastampa-totustuus.it\/cattolica\/wp-json\/wp\/v2\/posts"}],"about":[{"href":"https:\/\/www.rassegnastampa-totustuus.it\/cattolica\/wp-json\/wp\/v2\/types\/post"}],"author":[{"embeddable":true,"href":"https:\/\/www.rassegnastampa-totustuus.it\/cattolica\/wp-json\/wp\/v2\/users\/6"}],"replies":[{"embeddable":true,"href":"https:\/\/www.rassegnastampa-totustuus.it\/cattolica\/wp-json\/wp\/v2\/comments?post=5402"}],"version-history":[{"count":4,"href":"https:\/\/www.rassegnastampa-totustuus.it\/cattolica\/wp-json\/wp\/v2\/posts\/5402\/revisions"}],"predecessor-version":[{"id":33134,"href":"https:\/\/www.rassegnastampa-totustuus.it\/cattolica\/wp-json\/wp\/v2\/posts\/5402\/revisions\/33134"}],"wp:featuredmedia":[{"embeddable":true,"href":"https:\/\/www.rassegnastampa-totustuus.it\/cattolica\/wp-json\/wp\/v2\/media\/33133"}],"wp:attachment":[{"href":"https:\/\/www.rassegnastampa-totustuus.it\/cattolica\/wp-json\/wp\/v2\/media?parent=5402"}],"wp:term":[{"taxonomy":"category","embeddable":true,"href":"https:\/\/www.rassegnastampa-totustuus.it\/cattolica\/wp-json\/wp\/v2\/categories?post=5402"},{"taxonomy":"post_tag","embeddable":true,"href":"https:\/\/www.rassegnastampa-totustuus.it\/cattolica\/wp-json\/wp\/v2\/tags?post=5402"}],"curies":[{"name":"wp","href":"https:\/\/api.w.org\/{rel}","templated":true}]}}