{"id":54013,"date":"2022-05-05T00:00:43","date_gmt":"2022-05-04T22:00:43","guid":{"rendered":"http:\/\/www.rassegnastampa-totustuus.it\/cattolica\/?p=54013"},"modified":"2024-04-26T13:05:44","modified_gmt":"2024-04-26T11:05:44","slug":"ambiente-vs-natura","status":"publish","type":"post","link":"https:\/\/www.rassegnastampa-totustuus.it\/cattolica\/ambiente-vs-natura\/","title":{"rendered":"Ambiente vs natura"},"content":{"rendered":"<p style=\"text-align: center;\"><span style=\"color: #000000;\"><strong><img loading=\"lazy\" decoding=\"async\" class=\" wp-image-54014 alignright\" src=\"https:\/\/www.rassegnastampa-totustuus.it\/cattolica\/wp-content\/uploads\/2022\/05\/politiche_ambientali-300x193.jpg\" alt=\"\" width=\"367\" height=\"236\" srcset=\"https:\/\/www.rassegnastampa-totustuus.it\/cattolica\/wp-content\/uploads\/2022\/05\/politiche_ambientali-300x193.jpg 300w, https:\/\/www.rassegnastampa-totustuus.it\/cattolica\/wp-content\/uploads\/2022\/05\/politiche_ambientali.jpg 600w\" sizes=\"auto, (max-width: 367px) 100vw, 367px\" \/><span style=\"color: #0000ff;\"><a style=\"color: #0000ff;\" href=\"https:\/\/www.ricognizioni.it\/\" target=\"_blank\" rel=\"noopener\">Ricognizioni<\/a><\/span><\/strong><\/span><\/p>\n<p style=\"text-align: center;\"><span style=\"color: #000000;\">13 Aprile 2022 <\/span><\/p>\n<p style=\"text-align: center;\"><span style=\"color: #000000;\"><strong>Roberto Pecchioli<\/strong><\/span><\/p>\n<p style=\"text-align: justify;\"><span style=\"color: #000000;\">In passato eravamo convinti che le convulsioni del nostro tempo fossero dovute a un groviglio di sconcertanti contraddizioni. Adesso siamo certi di vivere in un mondo invertito. \u00c8 come una bussola impazzita che segna il sud anzich\u00e9 il nord. Parliamo di libert\u00e0 e accettiamo il pi\u00f9 insidioso totalitarismo; rivendichiamo autonomia e abbiamo ceduto la propriet\u00e0 del corpo e della mente. <\/span><\/p>\n<p><span style=\"color: #000000;\"><!--more--><\/span><\/p>\n<p style=\"text-align: justify;\"><span style=\"color: #000000;\"><img loading=\"lazy\" decoding=\"async\" class=\" wp-image-32072 alignleft\" src=\"https:\/\/www.rassegnastampa-totustuus.it\/cattolica\/wp-content\/uploads\/2005\/09\/Pierpaolo-Pasolini-1.jpg\" alt=\"\" width=\"130\" height=\"194\" \/>Il primo a comprendere la portata dell\u2019attacco fu Pier Paolo Pasolini, cogliendo i segnali dell\u2019inversione. Lasci\u00f2 scritto un discorso mai pronunciato a causa della sua morte violenta, in cui profetizzava <em>\u201cl\u2019epoca in cui le parole di libert\u00e0 saranno utilizzate per creare un nuovo potere omologato, creare nuove ingiustizie e un nuovo conformismo. E i suoi chierici saranno chierici di sinistra\u201d<\/em>.<\/span><\/p>\n<p style=\"text-align: justify;\"><span style=\"color: #000000;\"> Il dominio del tecno capitalismo globale sta costruendo una post umanit\u00e0 tecnicamente modificata. L\u2019intelligenza della creatura uomo cede, diventa minuscola, anacronistica dinanzi alla forza impersonale dei meccanismi tecnici da egli stesso suscitati con la scoperta di molte leggi della natura. <\/span><\/p>\n<p style=\"text-align: justify;\"><span style=\"color: #000000;\">Un ambito nel quale risulta particolarmente scioccante il capovolgimento di principi e priorit\u00e0 \u00e8 quello relativo all\u2019ambiente. Si pu\u00f2 affermare che l\u2019ambiente ha sostituito la natura. L\u2019uomo-Dio odia la natura: \u00e8 nata prima di lui e gli sopravvivr\u00e0, le sue leggi sono immutabili mentre egli vuole fortissimamente modificarle sino a invertirle.<\/span><\/p>\n<p style=\"text-align: justify;\"><span style=\"color: #000000;\"><img loading=\"lazy\" decoding=\"async\" class=\" wp-image-31676 alignright\" src=\"https:\/\/www.rassegnastampa-totustuus.it\/cattolica\/wp-content\/uploads\/2009\/12\/ecologismo.jpg\" alt=\"\" width=\"261\" height=\"226\" \/>Crede nell\u2019ambiente precisamente perch\u00e9 detesta la natura in quanto stato originario che precede la volont\u00e0, la libert\u00e0 e il desiderio, totem dell\u2019Homo Deus. <\/span><\/p>\n<p style=\"text-align: justify;\"><span style=\"color: #000000;\">La natura \u00e8 la vittoria del principio di realt\u00e0, del limite e del destino. Per l\u2019uomo contemporaneo non c\u2019\u00e8 espressione pi\u00f9 sinistra di <em>\u201csecondo natura\u201d<\/em>. <\/span><\/p>\n<p style=\"text-align: justify;\"><span style=\"color: #000000;\">Per Marcello Veneziani, l\u2019ambiente, il nome di ci\u00f2 che circonda l\u2019uomo dopo che gli \u00e8 stato tolto ogni significato trascendente e permanente, \u00e8 una sorta di inganno per l\u2019occhio. Un <em>trompe l\u2019oeil<\/em> simile ai dipinti sulle case che simulavano finestre, davanzali e persino persone sorridenti dietro finte tendine.<\/span><\/p>\n<p style=\"text-align: justify;\"><span style=\"color: #000000;\"><img loading=\"lazy\" decoding=\"async\" class=\" wp-image-54015 alignleft\" src=\"https:\/\/www.rassegnastampa-totustuus.it\/cattolica\/wp-content\/uploads\/2022\/05\/biologico_natura_ambiente_cibo.jpg\" alt=\"\" width=\"190\" height=\"253\" \/>La natura \u00e8 realt\u00e0, l\u2019ambiente rappresentazione. L\u2019onda \u201cbio\u201d sembra travolgere tutto, ma \u00e8 solo un travestimento della macchina industriale e culturale. <\/span><\/p>\n<p style=\"text-align: justify;\"><span style=\"color: #000000;\">Animalismo, veganesimo, ecologismo: mode per ricchi alle prese con la coscienza infelice. La biologia \u2013 una scienza umana \u2013 ha detronizzato la natura: si parla di genitori \u201cbiologici\u201d anzich\u00e9 \u201cnaturali\u201d per screditare i legami di sangue, far passare le pratiche pi\u00f9 innaturali e trasformare l\u2019uomo in una creatura nuova, un prodotto di laboratorio. <\/span><\/p>\n<p style=\"text-align: justify;\"><span style=\"color: #000000;\">Sono al lavoro i pifferai magici che sfruttano il sentimentalismo morboso della societ\u00e0 dei consumi per sdoganare l\u2019utero in affitto \u2013 uno schiavismo ignobile contro donne povere \u2013 e ogni pratica legata alla produzione tecnica e artificiale di esseri umani. Negromanti della tecnica nemici della natura.<\/span><\/p>\n<p style=\"text-align: justify;\"><span style=\"color: #000000;\">Creazione evoca un creatore, idea insopportabile per l\u2019Homo Deus, monoteista di se stesso. Il termine Madre Natura \u00e8 ancora pi\u00f9 sospetto: la filiazione \u00e8 sgradita. Meglio l\u2019ambiente, che abbiamo il diritto di modificare a piacimento, con il pretesto di salvarlo. Inoltre la natura \u00e8 destino, nemico della libert\u00e0 e del limite.<\/span><\/p>\n<p style=\"text-align: justify;\"><span style=\"color: #000000;\"> <img loading=\"lazy\" decoding=\"async\" class=\" wp-image-49348 alignright\" src=\"https:\/\/www.rassegnastampa-totustuus.it\/cattolica\/wp-content\/uploads\/2020\/11\/neonato.jpg\" alt=\"\" width=\"338\" height=\"225\" \/>Ancora pi\u00f9 sgradevole, all\u2019orecchio sensibile dell\u2019uomo postmoderno, il richiamo alla legge di natura preesistente a noi e alla civilt\u00e0, elemento dell\u2019ordine \u201cnaturale\u201d. <\/span><\/p>\n<p style=\"text-align: justify;\"><span style=\"color: #000000;\">Perfino il precetto epicureo di vivere secondo natura ci \u00e8 estraneo, giacch\u00e9 vogliamo liberarci da ogni vincolo per fare ci\u00f2 che ci aggrada.<\/span><\/p>\n<p style=\"text-align: justify;\"><span style=\"color: #000000;\"> Natura \u00e8 realt\u00e0: niente di pi\u00f9 distante dal mondo virtuale, dal metaverso, dall\u2019avatar, dall\u2019ologramma, dal cyberspazio. Insomma, la natura \u00e8 il male. Se c\u2019\u00e8 un creatore, ha agito malissimo e sta a noi correggere i difetti di fabbricazione. <\/span><\/p>\n<p style=\"text-align: justify;\"><span style=\"color: #000000;\">Il Grande Architetto non se la passa bene, attaccato dalla risorgente officina gnostica, l\u2019ideologia sotterranea degli illuminati che rifanno il mondo e la natura, ribattezzata ambiente. <\/span><\/p>\n<p style=\"text-align: justify;\"><span style=\"color: #000000;\">Il termine allude a qualcosa di costruito, artefatto, modificabile. Il mio ambiente sono le mie amicizie e preferenze, ma anche un grigio centro commerciale in cui la natura \u00e8 rappresentata come finzione: prati artificiali, poveri alberi rinsecchiti piantumati in un quadrato di terra di risulta limitata da mattoni o lastre di pietra, magari ad ornamento di un parcheggio sotterraneo. Illusione, virtualit\u00e0, <em>trompe l\u2019oeil<\/em>.<\/span><\/p>\n<p style=\"text-align: justify;\"><span style=\"color: #000000;\"> <img loading=\"lazy\" decoding=\"async\" class=\" wp-image-49416 alignleft\" src=\"https:\/\/www.rassegnastampa-totustuus.it\/cattolica\/wp-content\/uploads\/2020\/12\/contadini_agricoltura-4.jpg\" alt=\"\" width=\"290\" height=\"217\" \/>Abbondano le campagne per difendere l\u2019ambiente, ma nessuna si propone di salvare la natura. <\/span><\/p>\n<p style=\"text-align: justify;\"><span style=\"color: #000000;\">La ragione \u00e8 semplice: natura significa una concezione dell\u2019uomo e della vita rispettosa di ci\u00f2 che \u00e8 ed \u00e8 sempre stato, che prende atto della realt\u00e0 e ad essa conforma principi, valori, modi di vivere. <\/span><\/p>\n<p style=\"text-align: justify;\"><span style=\"color: #000000;\">Tutto il contrario delle visioni dominanti, tecnoscientifiche, progressiste e addirittura transumaniste. Nulla a che vedere con l\u2019impegno dell\u2019uomo \u2013 unico tra i viventi- a rendere pi\u00f9 accogliente per s\u00e9 la natura, i luoghi. <\/span><\/p>\n<p style=\"text-align: justify;\"><span style=\"color: #000000;\">L\u2019ambientalismo asserisce di difendere le piante, l\u2019aria, il mondo vegetale, animale e perfino quello minerale, ma tace sull\u2019uomo. Peggio, lo considera un intoppo, una disgrazia da eliminare.<\/span><\/p>\n<p style=\"text-align: justify;\"><span style=\"color: #000000;\"> <img loading=\"lazy\" decoding=\"async\" class=\"size-medium wp-image-18062 alignright\" src=\"https:\/\/www.rassegnastampa-totustuus.it\/cattolica\/wp-content\/uploads\/2009\/03\/culle-vuote-300x200.jpg\" alt=\"\" width=\"300\" height=\"200\" srcset=\"https:\/\/www.rassegnastampa-totustuus.it\/cattolica\/wp-content\/uploads\/2009\/03\/culle-vuote-300x200.jpg 300w, https:\/\/www.rassegnastampa-totustuus.it\/cattolica\/wp-content\/uploads\/2009\/03\/culle-vuote.jpg 350w\" sizes=\"auto, (max-width: 300px) 100vw, 300px\" \/>Negli Usa, da dove ogni moda pseudoculturale tracima nelle periferie dell\u2019impero, si diffonde l\u2019antinatalismo radicale, che propugna la non riproduzione della specie umana, dunque la sua sparizione, alla faccia della salvaguardia della diversit\u00e0 biologica. <\/span><\/p>\n<p style=\"text-align: justify;\"><span style=\"color: #000000;\">Progressismo regressivo, per il quale l\u2019assenza dell\u2019essere umano significa riduzione del danno ambientale, mentre astenersi dal creare nuova vita \u2013 umana, ovviamente \u2013 \u201c\u00e8 il mezzo pi\u00f9 efficace per ridurre al minimo le sofferenze per tutti gli esseri senzienti attuali e futuri \u201c.<\/span><\/p>\n<p style=\"text-align: justify;\"><span style=\"color: #000000;\"><img loading=\"lazy\" decoding=\"async\" class=\"size-full wp-image-26642 alignleft\" src=\"https:\/\/www.rassegnastampa-totustuus.it\/cattolica\/wp-content\/uploads\/2004\/10\/Gaia.jpg\" alt=\"\" width=\"244\" height=\"207\" \/>Viventi e senzienti indistinti, come se l\u2019uomo, il batterio, il vegetale e l\u2019animale fossero equivalenti, un ribaltamento completo di gerarchie e coscienza di s\u00e9. <\/span><\/p>\n<p style=\"text-align: justify;\"><span style=\"color: #000000;\">Un rovesciamento della teoria dell\u2019antropocene, l\u2019era della terra segnata dall\u2019attivit\u00e0 umana. Un odio di s\u00e9 uguale e contrario all\u2019<em>hybris<\/em> antropocentrica, alimentato dall\u2019odio per la natura e l\u2019uomo, oltrech\u00e9 dal culto malato per Gea, il nome personalizzato del pianeta caro agli ambientalisti radicali. <\/span><\/p>\n<p style=\"text-align: justify;\"><span style=\"color: #000000;\">Nessuna distinzione, peraltro, per la pressione demografica insostenibile di alcune parti del mondo e, di contro, l\u2019inverno demografico dei paesi detti sviluppati.<\/span><\/p>\n<p style=\"text-align: justify;\"><span style=\"color: #000000;\"> Gli occidentali del XXI secolo sono cos\u00ec folli da negare le verit\u00e0 \u201cnaturali\u201d. Non \u00e8 vero che siamo uomini o donne, \u00e8 falso che il potere di dare la vita sia riservato all\u2019esemplare femmina della specie, \u00e8 falso che i genitori siano due. Tutto ci\u00f2 \u00e8 la premessa per la negazione della natura in favore della tecnica, ossia del dominio e del profitto di alcuni uomini su tutti gli altri. <\/span><\/p>\n<p style=\"text-align: justify;\"><span style=\"color: #000000;\"><img loading=\"lazy\" decoding=\"async\" class=\" wp-image-35160 alignright\" src=\"https:\/\/www.rassegnastampa-totustuus.it\/cattolica\/wp-content\/uploads\/2011\/10\/fecondazione_artificiale.jpg\" alt=\"\" width=\"298\" height=\"223\" \/>L\u2019 ideologia ambientale lotta contro le manipolazioni genetiche delle piante e dei semi, ma non obietta alcunch\u00e9 sulla manipolazione della persona umana, dalla procreazione sino all\u2019 ibridazione con la macchina. <\/span><\/p>\n<p style=\"text-align: justify;\"><span style=\"color: #000000;\">La nuova frontiera \u00e8 la negazione di ci\u00f2 che \u00e8, a favore di ci\u00f2 che si vuole essere o si desidera, con esiti che lascerebbero stupefatte le generazioni precedenti. <\/span><\/p>\n<p style=\"text-align: justify;\"><span style=\"color: #000000;\">Atleti biologicamente maschi gareggiano nelle categorie femminili, si pretende di essere considerati quel che non si \u00e8 sula base del desiderio del momento. Ci si definisce per la volont\u00e0 soggettiva e revocabile: sono ci\u00f2 che vorr\u00f2 essere, un principio del transumanesimo, il cui simbolo \u00e8 l\u2019uomo \u201caumentato\u201d, racchiuso in un cerchio non chiuso.\u00a0<\/span><\/p>\n<p style=\"text-align: justify;\"><span style=\"color: #000000;\"> <img loading=\"lazy\" decoding=\"async\" class=\"size-medium wp-image-44517 alignleft\" src=\"https:\/\/www.rassegnastampa-totustuus.it\/cattolica\/wp-content\/uploads\/2019\/10\/greta.Onu_-300x199.jpg\" alt=\"\" width=\"300\" height=\"199\" srcset=\"https:\/\/www.rassegnastampa-totustuus.it\/cattolica\/wp-content\/uploads\/2019\/10\/greta.Onu_-300x199.jpg 300w, https:\/\/www.rassegnastampa-totustuus.it\/cattolica\/wp-content\/uploads\/2019\/10\/greta.Onu_-768x510.jpg 768w, https:\/\/www.rassegnastampa-totustuus.it\/cattolica\/wp-content\/uploads\/2019\/10\/greta.Onu_.jpg 1024w\" sizes=\"auto, (max-width: 300px) 100vw, 300px\" \/>Abbiamo istituzionalizzato il rifiuto di accettare ci\u00f2 che \u00e8 per natura, il carcere da cui fuggire. Nella mitologia greca il dio Proteo mutava continuamente d\u2019aspetto, evadendo il Limite, e se la natura non fa il salto, procede lentamente e con logiche inconoscibili, arriva la Tecnica che tutto permette. <\/span><\/p>\n<p style=\"text-align: justify;\"><span style=\"color: #000000;\">I difensori dell\u2019ambiente, a partire dalla triste Greta, hanno il programma pi\u00f9 innaturale: raddrizzare il legno storto di cui \u00e8 fatta l\u2019umanit\u00e0. <\/span><\/p>\n<p style=\"text-align: justify;\"><span style=\"color: #000000;\">Al servizio di chi violenta la natura per dominio e profitto e deve ridisegnare i propri obiettivi- incredibile che non si avvedano di essere marionette nelle mani dei padroni del mondo- gridano contro tutto in nome dell\u2019ambiente, ma vivono nella pi\u00f9 totale ignoranza della storia, scollegati da ogni legame comunitario. <\/span><\/p>\n<p style=\"text-align: justify;\"><span style=\"color: #000000;\"><img loading=\"lazy\" decoding=\"async\" class=\"size-full wp-image-52346 alignright\" src=\"https:\/\/www.rassegnastampa-totustuus.it\/cattolica\/wp-content\/uploads\/2021\/08\/cibo_climatista.jpg\" alt=\"\" width=\"188\" height=\"268\" \/>Sembrano convinti che basti una marcia per il clima, uno sciopero e una bandiera arcobaleno per cambiare il mondo. <\/span><\/p>\n<p style=\"text-align: justify;\"><span style=\"color: #000000;\">Deriva puerile dell\u2019occidente terminale che muore di vecchiaia e torna bambino, confondendo sogno e veglia, virtuale e reale. La natura \u00e8 davvero in pericolo, sotto innumerevoli punti di vista, eppure pochissimi osano mettere in discussione il sistema, quel falsissimo acronimo TINA (<em>there is no alternative<\/em>, non ci sono alternative) in nome del quale si va avanti nel globalismo, nell\u2019espansione illimitata dei consumi, della tecnica e di tutto ci\u00f2 che chiamano progresso. <\/span><\/p>\n<p style=\"text-align: justify;\"><span style=\"color: #000000;\">E\u2019 davvero necessaria la tecnologia 5G, che permette una velocit\u00e0 impossibile da calcolare in termini umani alle reti di comunicazione, e ci render\u00e0 bersagli di onde elettromagnetiche di cui non conosciamo le conseguenze?<\/span><\/p>\n<p style=\"text-align: justify;\"><span style=\"color: #000000;\"><img loading=\"lazy\" decoding=\"async\" class=\"size-full wp-image-41544 alignleft\" src=\"https:\/\/www.rassegnastampa-totustuus.it\/cattolica\/wp-content\/uploads\/2018\/11\/shopping_consumismo.jpg\" alt=\"\" width=\"292\" height=\"173\" \/>Criticano per motivi ecologici il consumismo, ma \u00e8 l\u2019altra faccia dell\u2019ideologia in cui la volont\u00e0 soggettiva prevale su tutto, di un sistema in cui vogliamo scegliere ogni cosa, prodotti, stili di vita, sesso, e morte. <\/span><\/p>\n<p style=\"text-align: justify;\"><span style=\"color: #000000;\">Per Aristotele la Natura \u00e8 il fondamento della realt\u00e0 e della condizione umana. L\u2019uomo- unico essere che sa rinviare bisogni e istinti- ha sempre capito di dover fermare alcune inclinazioni naturali, cercando di governare, incanalare gli istinti e gli egoismi. <\/span><\/p>\n<p style=\"text-align: justify;\"><span style=\"color: #000000;\">La civilt\u00e0 non ha negato la natura, ha piuttosto cercato di sottrarla a uno stato primordiale, di ordinarla alla vocazione di custodia del creato.\u00a0<\/span><\/p>\n<p style=\"text-align: justify;\"><span style=\"color: #000000;\"> La briglia sciolta alle pulsioni, ai desideri, ai capricci abolisce il limite e nega il rispetto della natura insito nel riconoscimento millenario della condizione di creatura. Se crolla quest\u2019argine, tutto salta e non sar\u00e0 il generico \u2013 fanatico \u2013 richiamo all\u2019ambiente da salvaguardare a restituirci umanit\u00e0. <\/span><\/p>\n<p style=\"text-align: justify;\"><span style=\"color: #000000;\">Mentre il richiamo alla natura non cambia ci\u00f2 che l\u2019uomo pensa di se stesso, prendendo atto della singolarit\u00e0 del proprio ruolo nel mondo, l\u2019ideologia ambientale ha un\u2019attitudine antiumana, dunque antinaturale.<\/span><\/p>\n<p style=\"text-align: justify;\"><span style=\"color: #000000;\"> <img loading=\"lazy\" decoding=\"async\" class=\"size-medium wp-image-42678 alignright\" src=\"https:\/\/www.rassegnastampa-totustuus.it\/cattolica\/wp-content\/uploads\/2019\/04\/transumanesimo-300x200.jpg\" alt=\"\" width=\"300\" height=\"200\" srcset=\"https:\/\/www.rassegnastampa-totustuus.it\/cattolica\/wp-content\/uploads\/2019\/04\/transumanesimo-300x200.jpg 300w, https:\/\/www.rassegnastampa-totustuus.it\/cattolica\/wp-content\/uploads\/2019\/04\/transumanesimo.jpg 600w\" sizes=\"auto, (max-width: 300px) 100vw, 300px\" \/>Ricorda il processo chimico della denaturazione, consistente nel cambiamento della struttura delle molecole, con conseguente perdita della funzione originaria di un prodotto o di una sostanza. <\/span><\/p>\n<p style=\"text-align: justify;\"><span style=\"color: #000000;\">Il procedimento porta alla perdita di ordine e all\u2019aumento irreversibile dell\u2019entropia. L\u2019uomo denaturato non \u00e8 pi\u00f9 se stesso, e la domanda \u00e8 se le paure diffuse in tempo di epidemia, la riconfigurazione dell\u2019uomo in docile unit\u00e0 solitaria di un gregge ubbidiente alle sollecitazioni e agli ordini del potere, le spinte contrarie alla vita della cultura dominante (abortismo, eutanasia, pansessualit\u00e0 slegata dalla procreazione, disprezzo mascherato della dignit\u00e0 umana) siano la premessa per il superamento definitivo dell\u2019umanit\u00e0.<\/span><\/p>\n<p style=\"text-align: justify;\"><span style=\"color: #000000;\"> <img loading=\"lazy\" decoding=\"async\" class=\"size-medium wp-image-33394 alignleft\" src=\"https:\/\/www.rassegnastampa-totustuus.it\/cattolica\/wp-content\/uploads\/2005\/05\/capitalismo-300x154.jpg\" alt=\"\" width=\"300\" height=\"154\" srcset=\"https:\/\/www.rassegnastampa-totustuus.it\/cattolica\/wp-content\/uploads\/2005\/05\/capitalismo-300x154.jpg 300w, https:\/\/www.rassegnastampa-totustuus.it\/cattolica\/wp-content\/uploads\/2005\/05\/capitalismo.jpg 313w\" sizes=\"auto, (max-width: 300px) 100vw, 300px\" \/>Turba non solo il merito \u2013 inquietante \u2013 ma anche l\u2019incapacit\u00e0 dell\u2019Homo Deus di mettere in discussione l\u2019unico dato non naturale, il sistema tecno-capitalistico, motore degli immensi problemi dell\u2019ambiente. <\/span><\/p>\n<p style=\"text-align: justify;\"><span style=\"color: #000000;\">E\u2019 possibile essere ambientalisti restando ancorati al mercatismo, alla privatizzazione del mondo, alla logica del profitto e del dominio? Un ulteriore limite dell\u2019ideologia ambientalista \u2013 l\u2019altra faccia dell\u2019antropocene- \u00e8 il suo orizzonte minaccioso, l\u2019angoscia latente, la paura del futuro. <\/span><\/p>\n<p style=\"text-align: justify;\"><span style=\"color: #000000;\">Segno di vecchiaia del corpo e dello spirito, oltrech\u00e9 di un paradigma difensivo: l\u2019ambientalismo regressivo attecchisce in paesi, ceti, ambienti culturali benestanti, illusi di fermare il mondo con gesti privi di senso.\u00a0<\/span><\/p>\n<p style=\"text-align: justify;\"><span style=\"color: #000000;\"> <img loading=\"lazy\" decoding=\"async\" class=\"size-medium wp-image-44736 alignright\" src=\"https:\/\/www.rassegnastampa-totustuus.it\/cattolica\/wp-content\/uploads\/2019\/10\/decrescita_ambientalismo-300x169.jpg\" alt=\"\" width=\"300\" height=\"169\" srcset=\"https:\/\/www.rassegnastampa-totustuus.it\/cattolica\/wp-content\/uploads\/2019\/10\/decrescita_ambientalismo-300x169.jpg 300w, https:\/\/www.rassegnastampa-totustuus.it\/cattolica\/wp-content\/uploads\/2019\/10\/decrescita_ambientalismo-768x432.jpg 768w, https:\/\/www.rassegnastampa-totustuus.it\/cattolica\/wp-content\/uploads\/2019\/10\/decrescita_ambientalismo-1024x576.jpg 1024w, https:\/\/www.rassegnastampa-totustuus.it\/cattolica\/wp-content\/uploads\/2019\/10\/decrescita_ambientalismo.jpg 1920w\" sizes=\"auto, (max-width: 300px) 100vw, 300px\" \/>E\u2019 venuta meno l\u2019attesa dell\u2019avvenire e le parole d\u2019ordine ambientaliste, in gran parte veicolate dalle grandi imprese private, non sono altro che ipocrisia, raggiri per indirizzare verso consumi nuovi, in linea con le immense ristrutturazioni che l\u2019oligarchia intende porre a nostro carico. <\/span><\/p>\n<p style=\"text-align: justify;\"><span style=\"color: #000000;\">Forse una soluzione \u2013 complessa, impegnativa e niente affatto esente da controindicazioni- \u00e8 la decrescita controllata, alla Serge Latouche, con la capitale distinzione tra beni \u2013 ci\u00f2 che serve alla vita e va sottratto al mercato e all\u2019appropriazione \u2013 e merci.<\/span><\/p>\n<p style=\"text-align: justify;\"><span style=\"color: #000000;\"> <img loading=\"lazy\" decoding=\"async\" class=\"size-medium wp-image-35310 alignleft\" src=\"https:\/\/www.rassegnastampa-totustuus.it\/cattolica\/wp-content\/uploads\/2005\/05\/Robot_famiglia-300x168.jpg\" alt=\"\" width=\"300\" height=\"168\" \/>La guerra alla natura ha come obiettivo finale la destituzione della realt\u00e0 e l\u2019avvento di una virtualit\u00e0 post e transumana imperniata sulla tecnica. L\u2019ambientalismo tende a demonizzare l\u2019uomo. <\/span><\/p>\n<p style=\"text-align: justify;\"><span style=\"color: #000000;\">Entrambe le ideologie sottraggono all\u2019uomo la memoria, l\u2019eredit\u00e0, la civilt\u00e0 e persino la biologia. Che cosa rester\u00e0 di un uomo denaturato e di una natura surrogata dalla tecnica, se non il deserto? <\/span><\/p>\n<p style=\"text-align: justify;\"><span style=\"color: #000000;\">Guai a chi porta il deserto dentro di s\u00e9, ammoniva Nietzsche, annunciatore della fine dell\u2019uomo, conseguenza della morte di Dio.<\/span><\/p>\n","protected":false},"excerpt":{"rendered":"<p>Ricognizioni 13 Aprile 2022 Roberto Pecchioli In passato eravamo convinti che le convulsioni del nostro tempo fossero dovute a un groviglio di sconcertanti contraddizioni. Adesso siamo certi di vivere in un mondo invertito. \u00c8 come una bussola impazzita che segna il sud anzich\u00e9 il nord. Parliamo di libert\u00e0 e accettiamo il pi\u00f9 insidioso totalitarismo; rivendichiamo &hellip; <\/p>\n<p><a class=\"more-link btn\" href=\"https:\/\/www.rassegnastampa-totustuus.it\/cattolica\/ambiente-vs-natura\/\">Continua a leggere<\/a><\/p>\n","protected":false},"author":6,"featured_media":49106,"comment_status":"closed","ping_status":"closed","sticky":false,"template":"","format":"standard","meta":{"footnotes":""},"categories":[3,30],"tags":[2387,512,2907],"class_list":["post-54013","post","type-post","status-publish","format-standard","has-post-thumbnail","hentry","category-ambientalismo","category-ideologia-ambientalista","tag-ambientalismo","tag-ideologia-ambientale","tag-natura","item-wrap"],"yoast_head":"<!-- This site is optimized with the Yoast SEO plugin v27.5 - https:\/\/yoast.com\/product\/yoast-seo-wordpress\/ -->\n<title>Ambiente vs natura - Rassegna Stampa Cattolica<\/title>\n<meta name=\"description\" content=\"Ambiente vs natura. La guerra alla natura ha come obiettivo la destituzione della realt\u00e0 . L\u2019ambientalismo tende a demonizzare l\u2019uomo.\" \/>\n<meta name=\"robots\" content=\"index, follow, max-snippet:-1, max-image-preview:large, max-video-preview:-1\" \/>\n<link rel=\"canonical\" href=\"https:\/\/www.rassegnastampa-totustuus.it\/cattolica\/ambiente-vs-natura\/\" \/>\n<meta property=\"og:locale\" content=\"it_IT\" \/>\n<meta property=\"og:type\" content=\"article\" \/>\n<meta property=\"og:title\" content=\"Ambiente vs natura - Rassegna Stampa Cattolica\" \/>\n<meta property=\"og:description\" content=\"Ambiente vs natura. La guerra alla natura ha come obiettivo la destituzione della realt\u00e0 . L\u2019ambientalismo tende a demonizzare l\u2019uomo.\" \/>\n<meta property=\"og:url\" content=\"https:\/\/www.rassegnastampa-totustuus.it\/cattolica\/ambiente-vs-natura\/\" \/>\n<meta property=\"og:site_name\" content=\"Rassegna Stampa Cattolica\" \/>\n<meta property=\"article:publisher\" content=\"https:\/\/www.facebook.com\/rassegnastampacattolica\" \/>\n<meta property=\"article:published_time\" content=\"2022-05-04T22:00:43+00:00\" \/>\n<meta property=\"article:modified_time\" content=\"2024-04-26T11:05:44+00:00\" \/>\n<meta property=\"og:image\" content=\"https:\/\/www.rassegnastampa-totustuus.it\/cattolica\/wp-content\/uploads\/2020\/11\/ambientalismo_protesta.jpg\" \/>\n\t<meta property=\"og:image:width\" content=\"1600\" \/>\n\t<meta property=\"og:image:height\" content=\"800\" \/>\n\t<meta property=\"og:image:type\" content=\"image\/jpeg\" \/>\n<meta name=\"author\" content=\"Redazione\" \/>\n<meta name=\"twitter:card\" content=\"summary_large_image\" \/>\n<meta name=\"twitter:creator\" content=\"@rassegnastampa9\" \/>\n<meta name=\"twitter:site\" content=\"@rassegnastampa9\" \/>\n<meta name=\"twitter:label1\" content=\"Scritto da\" \/>\n\t<meta name=\"twitter:data1\" content=\"Redazione\" \/>\n\t<meta name=\"twitter:label2\" content=\"Tempo di lettura stimato\" \/>\n\t<meta name=\"twitter:data2\" content=\"14 minuti\" \/>\n<script type=\"application\/ld+json\" class=\"yoast-schema-graph\">{\"@context\":\"https:\\\/\\\/schema.org\",\"@graph\":[{\"@type\":\"Article\",\"@id\":\"https:\\\/\\\/www.rassegnastampa-totustuus.it\\\/cattolica\\\/ambiente-vs-natura\\\/#article\",\"isPartOf\":{\"@id\":\"https:\\\/\\\/www.rassegnastampa-totustuus.it\\\/cattolica\\\/ambiente-vs-natura\\\/\"},\"author\":{\"name\":\"Redazione\",\"@id\":\"https:\\\/\\\/www.rassegnastampa-totustuus.it\\\/cattolica\\\/#\\\/schema\\\/person\\\/08f319d2bd1a0904ad9e2bfb7b15e5c3\"},\"headline\":\"Ambiente vs natura\",\"datePublished\":\"2022-05-04T22:00:43+00:00\",\"dateModified\":\"2024-04-26T11:05:44+00:00\",\"mainEntityOfPage\":{\"@id\":\"https:\\\/\\\/www.rassegnastampa-totustuus.it\\\/cattolica\\\/ambiente-vs-natura\\\/\"},\"wordCount\":1931,\"publisher\":{\"@id\":\"https:\\\/\\\/www.rassegnastampa-totustuus.it\\\/cattolica\\\/#organization\"},\"image\":{\"@id\":\"https:\\\/\\\/www.rassegnastampa-totustuus.it\\\/cattolica\\\/ambiente-vs-natura\\\/#primaryimage\"},\"thumbnailUrl\":\"https:\\\/\\\/www.rassegnastampa-totustuus.it\\\/cattolica\\\/wp-content\\\/uploads\\\/2020\\\/11\\\/ambientalismo_protesta.jpg\",\"keywords\":[\"Ambientalismo\",\"ideologia ambientale\",\"natura\"],\"articleSection\":[\"Ambientalismo\",\"Ideologia ambientale\"],\"inLanguage\":\"it-IT\"},{\"@type\":\"WebPage\",\"@id\":\"https:\\\/\\\/www.rassegnastampa-totustuus.it\\\/cattolica\\\/ambiente-vs-natura\\\/\",\"url\":\"https:\\\/\\\/www.rassegnastampa-totustuus.it\\\/cattolica\\\/ambiente-vs-natura\\\/\",\"name\":\"Ambiente vs natura - Rassegna Stampa Cattolica\",\"isPartOf\":{\"@id\":\"https:\\\/\\\/www.rassegnastampa-totustuus.it\\\/cattolica\\\/#website\"},\"primaryImageOfPage\":{\"@id\":\"https:\\\/\\\/www.rassegnastampa-totustuus.it\\\/cattolica\\\/ambiente-vs-natura\\\/#primaryimage\"},\"image\":{\"@id\":\"https:\\\/\\\/www.rassegnastampa-totustuus.it\\\/cattolica\\\/ambiente-vs-natura\\\/#primaryimage\"},\"thumbnailUrl\":\"https:\\\/\\\/www.rassegnastampa-totustuus.it\\\/cattolica\\\/wp-content\\\/uploads\\\/2020\\\/11\\\/ambientalismo_protesta.jpg\",\"datePublished\":\"2022-05-04T22:00:43+00:00\",\"dateModified\":\"2024-04-26T11:05:44+00:00\",\"description\":\"Ambiente vs natura. La guerra alla natura ha come obiettivo la destituzione della realt\u00e0 . L\u2019ambientalismo tende a demonizzare l\u2019uomo.\",\"breadcrumb\":{\"@id\":\"https:\\\/\\\/www.rassegnastampa-totustuus.it\\\/cattolica\\\/ambiente-vs-natura\\\/#breadcrumb\"},\"inLanguage\":\"it-IT\",\"potentialAction\":[{\"@type\":\"ReadAction\",\"target\":[\"https:\\\/\\\/www.rassegnastampa-totustuus.it\\\/cattolica\\\/ambiente-vs-natura\\\/\"]}]},{\"@type\":\"ImageObject\",\"inLanguage\":\"it-IT\",\"@id\":\"https:\\\/\\\/www.rassegnastampa-totustuus.it\\\/cattolica\\\/ambiente-vs-natura\\\/#primaryimage\",\"url\":\"https:\\\/\\\/www.rassegnastampa-totustuus.it\\\/cattolica\\\/wp-content\\\/uploads\\\/2020\\\/11\\\/ambientalismo_protesta.jpg\",\"contentUrl\":\"https:\\\/\\\/www.rassegnastampa-totustuus.it\\\/cattolica\\\/wp-content\\\/uploads\\\/2020\\\/11\\\/ambientalismo_protesta.jpg\",\"width\":1600,\"height\":800},{\"@type\":\"BreadcrumbList\",\"@id\":\"https:\\\/\\\/www.rassegnastampa-totustuus.it\\\/cattolica\\\/ambiente-vs-natura\\\/#breadcrumb\",\"itemListElement\":[{\"@type\":\"ListItem\",\"position\":1,\"name\":\"Home\",\"item\":\"https:\\\/\\\/www.rassegnastampa-totustuus.it\\\/cattolica\\\/\"},{\"@type\":\"ListItem\",\"position\":2,\"name\":\"Ambiente vs natura\"}]},{\"@type\":\"WebSite\",\"@id\":\"https:\\\/\\\/www.rassegnastampa-totustuus.it\\\/cattolica\\\/#website\",\"url\":\"https:\\\/\\\/www.rassegnastampa-totustuus.it\\\/cattolica\\\/\",\"name\":\"Rassegna Stampa Cattolica\",\"description\":\"Per una cultura che nasce dalla Rivelazione cristiana in conformit\u00e0 alla tradizione e al Magistero della Chiesa in opposizione ad ogni relativismo e totalitarismo\",\"publisher\":{\"@id\":\"https:\\\/\\\/www.rassegnastampa-totustuus.it\\\/cattolica\\\/#organization\"},\"alternateName\":\"Rass. Cattolica\",\"potentialAction\":[{\"@type\":\"SearchAction\",\"target\":{\"@type\":\"EntryPoint\",\"urlTemplate\":\"https:\\\/\\\/www.rassegnastampa-totustuus.it\\\/cattolica\\\/?s={search_term_string}\"},\"query-input\":{\"@type\":\"PropertyValueSpecification\",\"valueRequired\":true,\"valueName\":\"search_term_string\"}}],\"inLanguage\":\"it-IT\"},{\"@type\":\"Organization\",\"@id\":\"https:\\\/\\\/www.rassegnastampa-totustuus.it\\\/cattolica\\\/#organization\",\"name\":\"Rassegna Stampa Cattolica\",\"url\":\"https:\\\/\\\/www.rassegnastampa-totustuus.it\\\/cattolica\\\/\",\"logo\":{\"@type\":\"ImageObject\",\"inLanguage\":\"it-IT\",\"@id\":\"https:\\\/\\\/www.rassegnastampa-totustuus.it\\\/cattolica\\\/#\\\/schema\\\/logo\\\/image\\\/\",\"url\":\"https:\\\/\\\/www.rassegnastampa-totustuus.it\\\/cattolica\\\/wp-content\\\/uploads\\\/2014\\\/04\\\/logo-rassegna1.gif\",\"contentUrl\":\"https:\\\/\\\/www.rassegnastampa-totustuus.it\\\/cattolica\\\/wp-content\\\/uploads\\\/2014\\\/04\\\/logo-rassegna1.gif\",\"width\":600,\"height\":163,\"caption\":\"Rassegna Stampa Cattolica\"},\"image\":{\"@id\":\"https:\\\/\\\/www.rassegnastampa-totustuus.it\\\/cattolica\\\/#\\\/schema\\\/logo\\\/image\\\/\"},\"sameAs\":[\"https:\\\/\\\/www.facebook.com\\\/rassegnastampacattolica\",\"https:\\\/\\\/x.com\\\/rassegnastampa9\"]},{\"@type\":\"Person\",\"@id\":\"https:\\\/\\\/www.rassegnastampa-totustuus.it\\\/cattolica\\\/#\\\/schema\\\/person\\\/08f319d2bd1a0904ad9e2bfb7b15e5c3\",\"name\":\"Redazione\",\"image\":{\"@type\":\"ImageObject\",\"inLanguage\":\"it-IT\",\"@id\":\"https:\\\/\\\/secure.gravatar.com\\\/avatar\\\/2fcdf27c78ea025fbdb44e914cc63c72249ffec9dc8aafd5c82b26240ef3f346?s=96&d=mm&r=g\",\"url\":\"https:\\\/\\\/secure.gravatar.com\\\/avatar\\\/2fcdf27c78ea025fbdb44e914cc63c72249ffec9dc8aafd5c82b26240ef3f346?s=96&d=mm&r=g\",\"contentUrl\":\"https:\\\/\\\/secure.gravatar.com\\\/avatar\\\/2fcdf27c78ea025fbdb44e914cc63c72249ffec9dc8aafd5c82b26240ef3f346?s=96&d=mm&r=g\",\"caption\":\"Redazione\"},\"url\":\"https:\\\/\\\/www.rassegnastampa-totustuus.it\\\/cattolica\\\/author\\\/pietroelle\\\/\"}]}<\/script>\n<!-- \/ Yoast SEO plugin. -->","yoast_head_json":{"title":"Ambiente vs natura - Rassegna Stampa Cattolica","description":"Ambiente vs natura. La guerra alla natura ha come obiettivo la destituzione della realt\u00e0 . L\u2019ambientalismo tende a demonizzare l\u2019uomo.","robots":{"index":"index","follow":"follow","max-snippet":"max-snippet:-1","max-image-preview":"max-image-preview:large","max-video-preview":"max-video-preview:-1"},"canonical":"https:\/\/www.rassegnastampa-totustuus.it\/cattolica\/ambiente-vs-natura\/","og_locale":"it_IT","og_type":"article","og_title":"Ambiente vs natura - Rassegna Stampa Cattolica","og_description":"Ambiente vs natura. La guerra alla natura ha come obiettivo la destituzione della realt\u00e0 . L\u2019ambientalismo tende a demonizzare l\u2019uomo.","og_url":"https:\/\/www.rassegnastampa-totustuus.it\/cattolica\/ambiente-vs-natura\/","og_site_name":"Rassegna Stampa Cattolica","article_publisher":"https:\/\/www.facebook.com\/rassegnastampacattolica","article_published_time":"2022-05-04T22:00:43+00:00","article_modified_time":"2024-04-26T11:05:44+00:00","og_image":[{"width":1600,"height":800,"url":"https:\/\/www.rassegnastampa-totustuus.it\/cattolica\/wp-content\/uploads\/2020\/11\/ambientalismo_protesta.jpg","type":"image\/jpeg"}],"author":"Redazione","twitter_card":"summary_large_image","twitter_creator":"@rassegnastampa9","twitter_site":"@rassegnastampa9","twitter_misc":{"Scritto da":"Redazione","Tempo di lettura stimato":"14 minuti"},"schema":{"@context":"https:\/\/schema.org","@graph":[{"@type":"Article","@id":"https:\/\/www.rassegnastampa-totustuus.it\/cattolica\/ambiente-vs-natura\/#article","isPartOf":{"@id":"https:\/\/www.rassegnastampa-totustuus.it\/cattolica\/ambiente-vs-natura\/"},"author":{"name":"Redazione","@id":"https:\/\/www.rassegnastampa-totustuus.it\/cattolica\/#\/schema\/person\/08f319d2bd1a0904ad9e2bfb7b15e5c3"},"headline":"Ambiente vs natura","datePublished":"2022-05-04T22:00:43+00:00","dateModified":"2024-04-26T11:05:44+00:00","mainEntityOfPage":{"@id":"https:\/\/www.rassegnastampa-totustuus.it\/cattolica\/ambiente-vs-natura\/"},"wordCount":1931,"publisher":{"@id":"https:\/\/www.rassegnastampa-totustuus.it\/cattolica\/#organization"},"image":{"@id":"https:\/\/www.rassegnastampa-totustuus.it\/cattolica\/ambiente-vs-natura\/#primaryimage"},"thumbnailUrl":"https:\/\/www.rassegnastampa-totustuus.it\/cattolica\/wp-content\/uploads\/2020\/11\/ambientalismo_protesta.jpg","keywords":["Ambientalismo","ideologia ambientale","natura"],"articleSection":["Ambientalismo","Ideologia ambientale"],"inLanguage":"it-IT"},{"@type":"WebPage","@id":"https:\/\/www.rassegnastampa-totustuus.it\/cattolica\/ambiente-vs-natura\/","url":"https:\/\/www.rassegnastampa-totustuus.it\/cattolica\/ambiente-vs-natura\/","name":"Ambiente vs natura - Rassegna Stampa Cattolica","isPartOf":{"@id":"https:\/\/www.rassegnastampa-totustuus.it\/cattolica\/#website"},"primaryImageOfPage":{"@id":"https:\/\/www.rassegnastampa-totustuus.it\/cattolica\/ambiente-vs-natura\/#primaryimage"},"image":{"@id":"https:\/\/www.rassegnastampa-totustuus.it\/cattolica\/ambiente-vs-natura\/#primaryimage"},"thumbnailUrl":"https:\/\/www.rassegnastampa-totustuus.it\/cattolica\/wp-content\/uploads\/2020\/11\/ambientalismo_protesta.jpg","datePublished":"2022-05-04T22:00:43+00:00","dateModified":"2024-04-26T11:05:44+00:00","description":"Ambiente vs natura. La guerra alla natura ha come obiettivo la destituzione della realt\u00e0 . L\u2019ambientalismo tende a demonizzare l\u2019uomo.","breadcrumb":{"@id":"https:\/\/www.rassegnastampa-totustuus.it\/cattolica\/ambiente-vs-natura\/#breadcrumb"},"inLanguage":"it-IT","potentialAction":[{"@type":"ReadAction","target":["https:\/\/www.rassegnastampa-totustuus.it\/cattolica\/ambiente-vs-natura\/"]}]},{"@type":"ImageObject","inLanguage":"it-IT","@id":"https:\/\/www.rassegnastampa-totustuus.it\/cattolica\/ambiente-vs-natura\/#primaryimage","url":"https:\/\/www.rassegnastampa-totustuus.it\/cattolica\/wp-content\/uploads\/2020\/11\/ambientalismo_protesta.jpg","contentUrl":"https:\/\/www.rassegnastampa-totustuus.it\/cattolica\/wp-content\/uploads\/2020\/11\/ambientalismo_protesta.jpg","width":1600,"height":800},{"@type":"BreadcrumbList","@id":"https:\/\/www.rassegnastampa-totustuus.it\/cattolica\/ambiente-vs-natura\/#breadcrumb","itemListElement":[{"@type":"ListItem","position":1,"name":"Home","item":"https:\/\/www.rassegnastampa-totustuus.it\/cattolica\/"},{"@type":"ListItem","position":2,"name":"Ambiente vs natura"}]},{"@type":"WebSite","@id":"https:\/\/www.rassegnastampa-totustuus.it\/cattolica\/#website","url":"https:\/\/www.rassegnastampa-totustuus.it\/cattolica\/","name":"Rassegna Stampa Cattolica","description":"Per una cultura che nasce dalla Rivelazione cristiana in conformit\u00e0 alla tradizione e al Magistero della Chiesa in opposizione ad ogni relativismo e totalitarismo","publisher":{"@id":"https:\/\/www.rassegnastampa-totustuus.it\/cattolica\/#organization"},"alternateName":"Rass. Cattolica","potentialAction":[{"@type":"SearchAction","target":{"@type":"EntryPoint","urlTemplate":"https:\/\/www.rassegnastampa-totustuus.it\/cattolica\/?s={search_term_string}"},"query-input":{"@type":"PropertyValueSpecification","valueRequired":true,"valueName":"search_term_string"}}],"inLanguage":"it-IT"},{"@type":"Organization","@id":"https:\/\/www.rassegnastampa-totustuus.it\/cattolica\/#organization","name":"Rassegna Stampa Cattolica","url":"https:\/\/www.rassegnastampa-totustuus.it\/cattolica\/","logo":{"@type":"ImageObject","inLanguage":"it-IT","@id":"https:\/\/www.rassegnastampa-totustuus.it\/cattolica\/#\/schema\/logo\/image\/","url":"https:\/\/www.rassegnastampa-totustuus.it\/cattolica\/wp-content\/uploads\/2014\/04\/logo-rassegna1.gif","contentUrl":"https:\/\/www.rassegnastampa-totustuus.it\/cattolica\/wp-content\/uploads\/2014\/04\/logo-rassegna1.gif","width":600,"height":163,"caption":"Rassegna Stampa Cattolica"},"image":{"@id":"https:\/\/www.rassegnastampa-totustuus.it\/cattolica\/#\/schema\/logo\/image\/"},"sameAs":["https:\/\/www.facebook.com\/rassegnastampacattolica","https:\/\/x.com\/rassegnastampa9"]},{"@type":"Person","@id":"https:\/\/www.rassegnastampa-totustuus.it\/cattolica\/#\/schema\/person\/08f319d2bd1a0904ad9e2bfb7b15e5c3","name":"Redazione","image":{"@type":"ImageObject","inLanguage":"it-IT","@id":"https:\/\/secure.gravatar.com\/avatar\/2fcdf27c78ea025fbdb44e914cc63c72249ffec9dc8aafd5c82b26240ef3f346?s=96&d=mm&r=g","url":"https:\/\/secure.gravatar.com\/avatar\/2fcdf27c78ea025fbdb44e914cc63c72249ffec9dc8aafd5c82b26240ef3f346?s=96&d=mm&r=g","contentUrl":"https:\/\/secure.gravatar.com\/avatar\/2fcdf27c78ea025fbdb44e914cc63c72249ffec9dc8aafd5c82b26240ef3f346?s=96&d=mm&r=g","caption":"Redazione"},"url":"https:\/\/www.rassegnastampa-totustuus.it\/cattolica\/author\/pietroelle\/"}]}},"_links":{"self":[{"href":"https:\/\/www.rassegnastampa-totustuus.it\/cattolica\/wp-json\/wp\/v2\/posts\/54013","targetHints":{"allow":["GET"]}}],"collection":[{"href":"https:\/\/www.rassegnastampa-totustuus.it\/cattolica\/wp-json\/wp\/v2\/posts"}],"about":[{"href":"https:\/\/www.rassegnastampa-totustuus.it\/cattolica\/wp-json\/wp\/v2\/types\/post"}],"author":[{"embeddable":true,"href":"https:\/\/www.rassegnastampa-totustuus.it\/cattolica\/wp-json\/wp\/v2\/users\/6"}],"replies":[{"embeddable":true,"href":"https:\/\/www.rassegnastampa-totustuus.it\/cattolica\/wp-json\/wp\/v2\/comments?post=54013"}],"version-history":[{"count":2,"href":"https:\/\/www.rassegnastampa-totustuus.it\/cattolica\/wp-json\/wp\/v2\/posts\/54013\/revisions"}],"predecessor-version":[{"id":60215,"href":"https:\/\/www.rassegnastampa-totustuus.it\/cattolica\/wp-json\/wp\/v2\/posts\/54013\/revisions\/60215"}],"wp:featuredmedia":[{"embeddable":true,"href":"https:\/\/www.rassegnastampa-totustuus.it\/cattolica\/wp-json\/wp\/v2\/media\/49106"}],"wp:attachment":[{"href":"https:\/\/www.rassegnastampa-totustuus.it\/cattolica\/wp-json\/wp\/v2\/media?parent=54013"}],"wp:term":[{"taxonomy":"category","embeddable":true,"href":"https:\/\/www.rassegnastampa-totustuus.it\/cattolica\/wp-json\/wp\/v2\/categories?post=54013"},{"taxonomy":"post_tag","embeddable":true,"href":"https:\/\/www.rassegnastampa-totustuus.it\/cattolica\/wp-json\/wp\/v2\/tags?post=54013"}],"curies":[{"name":"wp","href":"https:\/\/api.w.org\/{rel}","templated":true}]}}