{"id":54001,"date":"2022-05-05T00:00:40","date_gmt":"2022-05-04T22:00:40","guid":{"rendered":"http:\/\/www.rassegnastampa-totustuus.it\/cattolica\/?p=54001"},"modified":"2024-04-27T10:07:03","modified_gmt":"2024-04-27T08:07:03","slug":"cara-europa-sicura-di-voler-adottare-lo-stile-di-vita-usa","status":"publish","type":"post","link":"https:\/\/www.rassegnastampa-totustuus.it\/cattolica\/cara-europa-sicura-di-voler-adottare-lo-stile-di-vita-usa\/","title":{"rendered":"Cara Europa, sicura di voler adottare lo stile di vita Usa?"},"content":{"rendered":"<p style=\"text-align: center;\"><span style=\"color: #000000;\"><strong><img loading=\"lazy\" decoding=\"async\" class=\" wp-image-35681 alignleft\" src=\"https:\/\/www.rassegnastampa-totustuus.it\/cattolica\/wp-content\/uploads\/2005\/07\/impero_Roma.jpg\" alt=\"\" width=\"332\" height=\"223\" \/><a href=\"https:\/\/www.nicolaporro.it\/\" target=\"_blank\" rel=\"noopener\">Dal Blog di Nicola Porro<\/a><\/strong> <\/span><\/p>\n<p style=\"text-align: center;\"><span style=\"color: #000000;\">29 Aprila 2022\u00a0 <\/span><\/p>\n<p style=\"text-align: center;\"><span style=\"color: #000000;\">di <strong>Rino Cammilleri<\/strong> \u00a0<\/span><\/p>\n<p style=\"text-align: justify;\"><span style=\"color: #000000;\"><em>Graecia capta ferum victorem cepit<\/em>. Con questa frase di Orazio, nota a quelli che hanno fatto il liceo vero (quello in cui si bocciava ch\u2019era un piacere) si intendeva quanto segue: l\u2019Impero Romano, conquistata la Grecia, ne import\u00f2 la cultura e perfino gli dei, cui si limit\u00f2 a cambiare nome (Zeus=Giove, Hera=Giunone, Athena=Minerva, etc.). L\u2019Impero Romano punto 2, cio\u00e8 gli Usa, hanno fatto il contrario. <\/span><\/p>\n<p><!--more--><\/p>\n<p style=\"text-align: justify;\"><span style=\"color: #000000;\"><img loading=\"lazy\" decoding=\"async\" class=\"size-medium wp-image-42687 alignright\" src=\"https:\/\/www.rassegnastampa-totustuus.it\/cattolica\/wp-content\/uploads\/2019\/04\/Bandiera-americana-300x200.jpg\" alt=\"\" width=\"300\" height=\"200\" srcset=\"https:\/\/www.rassegnastampa-totustuus.it\/cattolica\/wp-content\/uploads\/2019\/04\/Bandiera-americana-300x200.jpg 300w, https:\/\/www.rassegnastampa-totustuus.it\/cattolica\/wp-content\/uploads\/2019\/04\/Bandiera-americana-768x511.jpg 768w, https:\/\/www.rassegnastampa-totustuus.it\/cattolica\/wp-content\/uploads\/2019\/04\/Bandiera-americana-1024x681.jpg 1024w, https:\/\/www.rassegnastampa-totustuus.it\/cattolica\/wp-content\/uploads\/2019\/04\/Bandiera-americana.jpg 1300w\" sizes=\"auto, (max-width: 300px) 100vw, 300px\" \/>Si facevano gli affari propri in base alla c.d. \u00abdottrina Monroe\u00bb, che suonava cos\u00ec: <strong>\u00abl\u2019America agli americani\u00bb<\/strong>. <\/span><\/p>\n<p style=\"text-align: justify;\"><span style=\"color: #000000;\">Cio\u00e8, tutta, Nord e Sud, a loro, gli Usa. E la corrotta, decadente, aristocratica Europa, da cui il loro Padri Fondatori avevano preso schifati le distanze, la lasciavano a se stessa. <\/span><\/p>\n<p style=\"text-align: justify;\"><span style=\"color: #000000;\">Quando si decisero a intervenire, nella Grande Guerra, <strong>loro erano democratici e repubblicani<\/strong>, mentre l\u2019Europa era tutta regni e imperi. Ma erano ancora figli di quella che fu giustamente chiamata Magna Europa, nati da colonie che gli europei, sciamando, avevano disseminato in tutto il mondo.<\/span><\/p>\n<p style=\"text-align: justify;\"><span style=\"color: #000000;\"> Finita la guerra se ne tornarono ai fatti loro. Ma con la Seconda tutto cambi\u00f2. Compresero che <strong>dovevano esportare l\u2019<\/strong><em><strong>american way of life<\/strong><\/em>, che loro giudicavano la migliore in assoluto. <\/span><\/p>\n<p style=\"text-align: justify;\"><span style=\"color: #000000;\">I primi a capirlo, al solito, furono i comici:<strong> <img loading=\"lazy\" decoding=\"async\" class=\" wp-image-54002 alignleft\" src=\"https:\/\/www.rassegnastampa-totustuus.it\/cattolica\/wp-content\/uploads\/2022\/04\/Sordi_film_america.jpg\" alt=\"\" width=\"186\" height=\"269\" \/>Alberto Sordi<\/strong> in <em>Un americano a Roma <\/em>e, prima di lui, <strong>Renato Carosone<\/strong> con <em>Tu vuo\u2019 fa\u2019 l\u2019americano<\/em>, due <em>cult <\/em>rimasti giustamente nel nostro immaginario. <\/span><\/p>\n<p style=\"text-align: justify;\"><span style=\"color: #000000;\">Ma ingurgitare una cultura aliena, specialmente da parte di popoli che di cultura ne avevano da vendere, non era facile. Infatti, gli americani per noi erano quelli a cui <strong>Tot\u00f2<\/strong> poteva agilmente rifilare la Fontana di Trevi, quelli che indossavano camicie fiorate di pessimo gusto e venivano a Cinecitt\u00e0 a imparare. Ma ormai il solco era fatalmente tracciato. <\/span><\/p>\n<p style=\"text-align: justify;\"><span style=\"color: #000000;\">Venne il <strong>Sessantotto<\/strong> e l\u2019ultima diga fu spazzata via. Nacque, la c.d. Contestazione, non dal Maggio Francese come si crede, bens\u00ec dai moti studenteschi di Berkeley, Usa. Anche <strong>la c.d. cultura <\/strong><em><strong>beat<\/strong><\/em><strong> ci venne da laggi\u00f9<\/strong>. <\/span><\/p>\n<p style=\"text-align: justify;\"><span style=\"color: #000000;\">E fu cos\u00ec che pure noi ci vestimmo con le camicie a fiori e ci facemmo crescere i capelli. Il resto ce lo forn\u00ec l\u2019appendice europea degli Usa, l\u2019Inghilterra, che per la prima volta nella sua storia cominci\u00f2 a far baronetti i complessini musicali, con diritto a sedere in Parlamento. <\/span><\/p>\n<p style=\"text-align: justify;\"><span style=\"color: #000000;\"><img loading=\"lazy\" decoding=\"async\" class=\" wp-image-45156 alignright\" src=\"https:\/\/www.rassegnastampa-totustuus.it\/cattolica\/wp-content\/uploads\/2019\/11\/beatles_68_musica.jpg\" alt=\"\" width=\"287\" height=\"208\" \/>La sartina Mary Quant risparmi\u00f2 sulla stoffa con la minigonna e i pantaloncini inguinali. Celebre il suo slogan: \u00abAmo la volgarit\u00e0. Il buon gusto \u00e8 la morte, la volgarit\u00e0 \u00e8 la vita\u00bb. Amen. <\/span><\/p>\n<p style=\"text-align: justify;\"><span style=\"color: #000000;\">Da allora fu tutta una discesa verso l\u2019<em>american way of life<\/em>, che a sua volta scendeva sempre pi\u00f9 fino ai livelli odierni. <\/span><\/p>\n<p style=\"text-align: justify;\"><span style=\"color: #000000;\">E i livelli odierni sono visibili in una cronaca nera quotidiana che ormai non fa pi\u00f9 notizia.<\/span><\/p>\n<p style=\"text-align: justify;\"><span style=\"color: #000000;\">La <em>political correctness<\/em> \u00e8 l\u2019orizzonte ideologico in cui si muovono perfino le istituzioni, nazionali e internazionali. Twitter, Google, Facebook sono americane e chi non suona alla loro musica viene cancellato. <\/span><\/p>\n<p style=\"text-align: justify;\"><span style=\"color: #000000;\">L\u2019ultima \u00e8 toccata all<\/span>\u2019<span style=\"color: #0000ff;\"><a style=\"color: #0000ff;\" href=\"https:\/\/www.nicolaporro.it\/lo-sfogo-di-capuozzo-io-dico-fake-news-allora-traducetemi-questo\/\" target=\"_blank\" rel=\"noreferrer noopener\">inviato di guerra Capuozzo<\/a>,<\/span> <span style=\"color: #000000;\">escluso da Twitter per aver detto che la Nato sa bene da dove partono i missili in Ucraina. <\/span><\/p>\n<p style=\"text-align: justify;\"><span style=\"color: #000000;\"><img loading=\"lazy\" decoding=\"async\" class=\"size-full wp-image-30150 alignleft\" src=\"https:\/\/www.rassegnastampa-totustuus.it\/cattolica\/wp-content\/uploads\/2006\/09\/Onu.jpg\" alt=\"\" width=\"270\" height=\"187\" \/>Ma la Nato \u00e8 a guida americana. E anche l\u2019Onu campa coi soldi degli Usa, cos\u00ec come sua figlia Oms. <\/span><\/p>\n<p style=\"text-align: justify;\"><span style=\"color: #000000;\">E poi c\u2019\u00e8 Hollywood, e il plagio culturale \u00e8 servito e totale. Come ho gi\u00e0 avuto modo di scrivere, mi stava anche bene finch\u00e9 il modello esportato era <strong>John Wayne<\/strong> (e pazienza se nell\u2019unico film che diresse, <em>La battaglia di Alamo<\/em>, le cose stavano diversamente dal mito). <\/span><\/p>\n<p style=\"text-align: justify;\"><span style=\"color: #000000;\">Ora esportano <strong>Lady Gaga<\/strong> e <em>love is love<\/em>. E lo fanno, al solito, <em>with a carrot and a big stick<\/em>. Forse il papa ha sbagliato mira quando ha consacrato Russia e Ucraina\u2026<\/span><\/p>\n<p>______________________________________________<\/p>\n<p><strong>Leggi anche:<\/strong><\/p>\n<p><a href=\"https:\/\/www.rassegnastampa-totustuus.it\/cattolica\/ce-un-senso-nel-caos-che-sta-distruggendo-lamerica\/\" target=\"_blank\" rel=\"noopener\"><span style=\"color: #0000ff;\">C\u2019\u00e8 un senso nel caos che sta distruggendo l\u2019America?<\/span><\/a><\/p>\n","protected":false},"excerpt":{"rendered":"<p>Dal Blog di Nicola Porro 29 Aprila 2022\u00a0 di Rino Cammilleri \u00a0 Graecia capta ferum victorem cepit. Con questa frase di Orazio, nota a quelli che hanno fatto il liceo vero (quello in cui si bocciava ch\u2019era un piacere) si intendeva quanto segue: l\u2019Impero Romano, conquistata la Grecia, ne import\u00f2 la cultura e perfino gli &hellip; <\/p>\n<p><a class=\"more-link btn\" href=\"https:\/\/www.rassegnastampa-totustuus.it\/cattolica\/cara-europa-sicura-di-voler-adottare-lo-stile-di-vita-usa\/\">Continua a leggere<\/a><\/p>\n","protected":false},"author":6,"featured_media":42687,"comment_status":"closed","ping_status":"closed","sticky":false,"template":"","format":"standard","meta":{"footnotes":""},"categories":[14,76],"tags":[563,439,2401],"class_list":["post-54001","post","type-post","status-publish","format-standard","has-post-thumbnail","hentry","category-europa-e-ue","category-stati-uniti","tag-cultura","tag-europa-ue","tag-stati-uniti","item-wrap"],"yoast_head":"<!-- This site is optimized with the Yoast SEO plugin v27.5 - https:\/\/yoast.com\/product\/yoast-seo-wordpress\/ -->\n<title>Cara Europa, sicura di voler adottare lo stile di vita Usa? - Rassegna Stampa Cattolica<\/title>\n<meta name=\"description\" content=\"Cara Europa, sicura di voler adottare lo stile di vita Usa? Tu che hai cultura da vedere mentre l&#039;America sta decadendo?\" \/>\n<meta name=\"robots\" content=\"index, follow, max-snippet:-1, max-image-preview:large, max-video-preview:-1\" \/>\n<link rel=\"canonical\" href=\"https:\/\/www.rassegnastampa-totustuus.it\/cattolica\/cara-europa-sicura-di-voler-adottare-lo-stile-di-vita-usa\/\" \/>\n<meta property=\"og:locale\" content=\"it_IT\" \/>\n<meta property=\"og:type\" content=\"article\" \/>\n<meta property=\"og:title\" content=\"Cara Europa, sicura di voler adottare lo stile di vita Usa? - Rassegna Stampa Cattolica\" \/>\n<meta property=\"og:description\" content=\"Cara Europa, sicura di voler adottare lo stile di vita Usa? Tu che hai cultura da vedere mentre l&#039;America sta decadendo?\" \/>\n<meta property=\"og:url\" content=\"https:\/\/www.rassegnastampa-totustuus.it\/cattolica\/cara-europa-sicura-di-voler-adottare-lo-stile-di-vita-usa\/\" \/>\n<meta property=\"og:site_name\" content=\"Rassegna Stampa Cattolica\" \/>\n<meta property=\"article:publisher\" content=\"https:\/\/www.facebook.com\/rassegnastampacattolica\" \/>\n<meta property=\"article:published_time\" content=\"2022-05-04T22:00:40+00:00\" \/>\n<meta property=\"article:modified_time\" content=\"2024-04-27T08:07:03+00:00\" \/>\n<meta property=\"og:image\" content=\"https:\/\/www.rassegnastampa-totustuus.it\/cattolica\/wp-content\/uploads\/2019\/04\/Bandiera-americana.jpg\" \/>\n\t<meta property=\"og:image:width\" content=\"1300\" \/>\n\t<meta property=\"og:image:height\" content=\"865\" \/>\n\t<meta property=\"og:image:type\" content=\"image\/jpeg\" \/>\n<meta name=\"author\" content=\"Redazione\" \/>\n<meta name=\"twitter:card\" content=\"summary_large_image\" \/>\n<meta name=\"twitter:creator\" content=\"@rassegnastampa9\" \/>\n<meta name=\"twitter:site\" content=\"@rassegnastampa9\" \/>\n<meta name=\"twitter:label1\" content=\"Scritto da\" \/>\n\t<meta name=\"twitter:data1\" content=\"Redazione\" \/>\n\t<meta name=\"twitter:label2\" content=\"Tempo di lettura stimato\" \/>\n\t<meta name=\"twitter:data2\" content=\"5 minuti\" \/>\n<script type=\"application\/ld+json\" class=\"yoast-schema-graph\">{\"@context\":\"https:\\\/\\\/schema.org\",\"@graph\":[{\"@type\":\"Article\",\"@id\":\"https:\\\/\\\/www.rassegnastampa-totustuus.it\\\/cattolica\\\/cara-europa-sicura-di-voler-adottare-lo-stile-di-vita-usa\\\/#article\",\"isPartOf\":{\"@id\":\"https:\\\/\\\/www.rassegnastampa-totustuus.it\\\/cattolica\\\/cara-europa-sicura-di-voler-adottare-lo-stile-di-vita-usa\\\/\"},\"author\":{\"name\":\"Redazione\",\"@id\":\"https:\\\/\\\/www.rassegnastampa-totustuus.it\\\/cattolica\\\/#\\\/schema\\\/person\\\/08f319d2bd1a0904ad9e2bfb7b15e5c3\"},\"headline\":\"Cara Europa, sicura di voler adottare lo stile di vita Usa?\",\"datePublished\":\"2022-05-04T22:00:40+00:00\",\"dateModified\":\"2024-04-27T08:07:03+00:00\",\"mainEntityOfPage\":{\"@id\":\"https:\\\/\\\/www.rassegnastampa-totustuus.it\\\/cattolica\\\/cara-europa-sicura-di-voler-adottare-lo-stile-di-vita-usa\\\/\"},\"wordCount\":639,\"publisher\":{\"@id\":\"https:\\\/\\\/www.rassegnastampa-totustuus.it\\\/cattolica\\\/#organization\"},\"image\":{\"@id\":\"https:\\\/\\\/www.rassegnastampa-totustuus.it\\\/cattolica\\\/cara-europa-sicura-di-voler-adottare-lo-stile-di-vita-usa\\\/#primaryimage\"},\"thumbnailUrl\":\"https:\\\/\\\/www.rassegnastampa-totustuus.it\\\/cattolica\\\/wp-content\\\/uploads\\\/2019\\\/04\\\/Bandiera-americana.jpg\",\"keywords\":[\"cultura\",\"Europa UE\",\"Stati Uniti\"],\"articleSection\":[\"Europa e UE\",\"Stati Uniti\"],\"inLanguage\":\"it-IT\"},{\"@type\":\"WebPage\",\"@id\":\"https:\\\/\\\/www.rassegnastampa-totustuus.it\\\/cattolica\\\/cara-europa-sicura-di-voler-adottare-lo-stile-di-vita-usa\\\/\",\"url\":\"https:\\\/\\\/www.rassegnastampa-totustuus.it\\\/cattolica\\\/cara-europa-sicura-di-voler-adottare-lo-stile-di-vita-usa\\\/\",\"name\":\"Cara Europa, sicura di voler adottare lo stile di vita Usa? - Rassegna Stampa Cattolica\",\"isPartOf\":{\"@id\":\"https:\\\/\\\/www.rassegnastampa-totustuus.it\\\/cattolica\\\/#website\"},\"primaryImageOfPage\":{\"@id\":\"https:\\\/\\\/www.rassegnastampa-totustuus.it\\\/cattolica\\\/cara-europa-sicura-di-voler-adottare-lo-stile-di-vita-usa\\\/#primaryimage\"},\"image\":{\"@id\":\"https:\\\/\\\/www.rassegnastampa-totustuus.it\\\/cattolica\\\/cara-europa-sicura-di-voler-adottare-lo-stile-di-vita-usa\\\/#primaryimage\"},\"thumbnailUrl\":\"https:\\\/\\\/www.rassegnastampa-totustuus.it\\\/cattolica\\\/wp-content\\\/uploads\\\/2019\\\/04\\\/Bandiera-americana.jpg\",\"datePublished\":\"2022-05-04T22:00:40+00:00\",\"dateModified\":\"2024-04-27T08:07:03+00:00\",\"description\":\"Cara Europa, sicura di voler adottare lo stile di vita Usa? Tu che hai cultura da vedere mentre l'America sta decadendo?\",\"breadcrumb\":{\"@id\":\"https:\\\/\\\/www.rassegnastampa-totustuus.it\\\/cattolica\\\/cara-europa-sicura-di-voler-adottare-lo-stile-di-vita-usa\\\/#breadcrumb\"},\"inLanguage\":\"it-IT\",\"potentialAction\":[{\"@type\":\"ReadAction\",\"target\":[\"https:\\\/\\\/www.rassegnastampa-totustuus.it\\\/cattolica\\\/cara-europa-sicura-di-voler-adottare-lo-stile-di-vita-usa\\\/\"]}]},{\"@type\":\"ImageObject\",\"inLanguage\":\"it-IT\",\"@id\":\"https:\\\/\\\/www.rassegnastampa-totustuus.it\\\/cattolica\\\/cara-europa-sicura-di-voler-adottare-lo-stile-di-vita-usa\\\/#primaryimage\",\"url\":\"https:\\\/\\\/www.rassegnastampa-totustuus.it\\\/cattolica\\\/wp-content\\\/uploads\\\/2019\\\/04\\\/Bandiera-americana.jpg\",\"contentUrl\":\"https:\\\/\\\/www.rassegnastampa-totustuus.it\\\/cattolica\\\/wp-content\\\/uploads\\\/2019\\\/04\\\/Bandiera-americana.jpg\",\"width\":1300,\"height\":865},{\"@type\":\"BreadcrumbList\",\"@id\":\"https:\\\/\\\/www.rassegnastampa-totustuus.it\\\/cattolica\\\/cara-europa-sicura-di-voler-adottare-lo-stile-di-vita-usa\\\/#breadcrumb\",\"itemListElement\":[{\"@type\":\"ListItem\",\"position\":1,\"name\":\"Home\",\"item\":\"https:\\\/\\\/www.rassegnastampa-totustuus.it\\\/cattolica\\\/\"},{\"@type\":\"ListItem\",\"position\":2,\"name\":\"Cara Europa, sicura di voler adottare lo stile di vita Usa?\"}]},{\"@type\":\"WebSite\",\"@id\":\"https:\\\/\\\/www.rassegnastampa-totustuus.it\\\/cattolica\\\/#website\",\"url\":\"https:\\\/\\\/www.rassegnastampa-totustuus.it\\\/cattolica\\\/\",\"name\":\"Rassegna Stampa Cattolica\",\"description\":\"Per una cultura che nasce dalla Rivelazione cristiana in conformit\u00e0 alla tradizione e al Magistero della Chiesa in opposizione ad ogni relativismo e totalitarismo\",\"publisher\":{\"@id\":\"https:\\\/\\\/www.rassegnastampa-totustuus.it\\\/cattolica\\\/#organization\"},\"alternateName\":\"Rass. Cattolica\",\"potentialAction\":[{\"@type\":\"SearchAction\",\"target\":{\"@type\":\"EntryPoint\",\"urlTemplate\":\"https:\\\/\\\/www.rassegnastampa-totustuus.it\\\/cattolica\\\/?s={search_term_string}\"},\"query-input\":{\"@type\":\"PropertyValueSpecification\",\"valueRequired\":true,\"valueName\":\"search_term_string\"}}],\"inLanguage\":\"it-IT\"},{\"@type\":\"Organization\",\"@id\":\"https:\\\/\\\/www.rassegnastampa-totustuus.it\\\/cattolica\\\/#organization\",\"name\":\"Rassegna Stampa Cattolica\",\"url\":\"https:\\\/\\\/www.rassegnastampa-totustuus.it\\\/cattolica\\\/\",\"logo\":{\"@type\":\"ImageObject\",\"inLanguage\":\"it-IT\",\"@id\":\"https:\\\/\\\/www.rassegnastampa-totustuus.it\\\/cattolica\\\/#\\\/schema\\\/logo\\\/image\\\/\",\"url\":\"https:\\\/\\\/www.rassegnastampa-totustuus.it\\\/cattolica\\\/wp-content\\\/uploads\\\/2014\\\/04\\\/logo-rassegna1.gif\",\"contentUrl\":\"https:\\\/\\\/www.rassegnastampa-totustuus.it\\\/cattolica\\\/wp-content\\\/uploads\\\/2014\\\/04\\\/logo-rassegna1.gif\",\"width\":600,\"height\":163,\"caption\":\"Rassegna Stampa Cattolica\"},\"image\":{\"@id\":\"https:\\\/\\\/www.rassegnastampa-totustuus.it\\\/cattolica\\\/#\\\/schema\\\/logo\\\/image\\\/\"},\"sameAs\":[\"https:\\\/\\\/www.facebook.com\\\/rassegnastampacattolica\",\"https:\\\/\\\/x.com\\\/rassegnastampa9\"]},{\"@type\":\"Person\",\"@id\":\"https:\\\/\\\/www.rassegnastampa-totustuus.it\\\/cattolica\\\/#\\\/schema\\\/person\\\/08f319d2bd1a0904ad9e2bfb7b15e5c3\",\"name\":\"Redazione\",\"image\":{\"@type\":\"ImageObject\",\"inLanguage\":\"it-IT\",\"@id\":\"https:\\\/\\\/secure.gravatar.com\\\/avatar\\\/2fcdf27c78ea025fbdb44e914cc63c72249ffec9dc8aafd5c82b26240ef3f346?s=96&d=mm&r=g\",\"url\":\"https:\\\/\\\/secure.gravatar.com\\\/avatar\\\/2fcdf27c78ea025fbdb44e914cc63c72249ffec9dc8aafd5c82b26240ef3f346?s=96&d=mm&r=g\",\"contentUrl\":\"https:\\\/\\\/secure.gravatar.com\\\/avatar\\\/2fcdf27c78ea025fbdb44e914cc63c72249ffec9dc8aafd5c82b26240ef3f346?s=96&d=mm&r=g\",\"caption\":\"Redazione\"},\"url\":\"https:\\\/\\\/www.rassegnastampa-totustuus.it\\\/cattolica\\\/author\\\/pietroelle\\\/\"}]}<\/script>\n<!-- \/ Yoast SEO plugin. -->","yoast_head_json":{"title":"Cara Europa, sicura di voler adottare lo stile di vita Usa? - Rassegna Stampa Cattolica","description":"Cara Europa, sicura di voler adottare lo stile di vita Usa? Tu che hai cultura da vedere mentre l'America sta decadendo?","robots":{"index":"index","follow":"follow","max-snippet":"max-snippet:-1","max-image-preview":"max-image-preview:large","max-video-preview":"max-video-preview:-1"},"canonical":"https:\/\/www.rassegnastampa-totustuus.it\/cattolica\/cara-europa-sicura-di-voler-adottare-lo-stile-di-vita-usa\/","og_locale":"it_IT","og_type":"article","og_title":"Cara Europa, sicura di voler adottare lo stile di vita Usa? - Rassegna Stampa Cattolica","og_description":"Cara Europa, sicura di voler adottare lo stile di vita Usa? Tu che hai cultura da vedere mentre l'America sta decadendo?","og_url":"https:\/\/www.rassegnastampa-totustuus.it\/cattolica\/cara-europa-sicura-di-voler-adottare-lo-stile-di-vita-usa\/","og_site_name":"Rassegna Stampa Cattolica","article_publisher":"https:\/\/www.facebook.com\/rassegnastampacattolica","article_published_time":"2022-05-04T22:00:40+00:00","article_modified_time":"2024-04-27T08:07:03+00:00","og_image":[{"width":1300,"height":865,"url":"https:\/\/www.rassegnastampa-totustuus.it\/cattolica\/wp-content\/uploads\/2019\/04\/Bandiera-americana.jpg","type":"image\/jpeg"}],"author":"Redazione","twitter_card":"summary_large_image","twitter_creator":"@rassegnastampa9","twitter_site":"@rassegnastampa9","twitter_misc":{"Scritto da":"Redazione","Tempo di lettura stimato":"5 minuti"},"schema":{"@context":"https:\/\/schema.org","@graph":[{"@type":"Article","@id":"https:\/\/www.rassegnastampa-totustuus.it\/cattolica\/cara-europa-sicura-di-voler-adottare-lo-stile-di-vita-usa\/#article","isPartOf":{"@id":"https:\/\/www.rassegnastampa-totustuus.it\/cattolica\/cara-europa-sicura-di-voler-adottare-lo-stile-di-vita-usa\/"},"author":{"name":"Redazione","@id":"https:\/\/www.rassegnastampa-totustuus.it\/cattolica\/#\/schema\/person\/08f319d2bd1a0904ad9e2bfb7b15e5c3"},"headline":"Cara Europa, sicura di voler adottare lo stile di vita Usa?","datePublished":"2022-05-04T22:00:40+00:00","dateModified":"2024-04-27T08:07:03+00:00","mainEntityOfPage":{"@id":"https:\/\/www.rassegnastampa-totustuus.it\/cattolica\/cara-europa-sicura-di-voler-adottare-lo-stile-di-vita-usa\/"},"wordCount":639,"publisher":{"@id":"https:\/\/www.rassegnastampa-totustuus.it\/cattolica\/#organization"},"image":{"@id":"https:\/\/www.rassegnastampa-totustuus.it\/cattolica\/cara-europa-sicura-di-voler-adottare-lo-stile-di-vita-usa\/#primaryimage"},"thumbnailUrl":"https:\/\/www.rassegnastampa-totustuus.it\/cattolica\/wp-content\/uploads\/2019\/04\/Bandiera-americana.jpg","keywords":["cultura","Europa UE","Stati Uniti"],"articleSection":["Europa e UE","Stati Uniti"],"inLanguage":"it-IT"},{"@type":"WebPage","@id":"https:\/\/www.rassegnastampa-totustuus.it\/cattolica\/cara-europa-sicura-di-voler-adottare-lo-stile-di-vita-usa\/","url":"https:\/\/www.rassegnastampa-totustuus.it\/cattolica\/cara-europa-sicura-di-voler-adottare-lo-stile-di-vita-usa\/","name":"Cara Europa, sicura di voler adottare lo stile di vita Usa? - Rassegna Stampa Cattolica","isPartOf":{"@id":"https:\/\/www.rassegnastampa-totustuus.it\/cattolica\/#website"},"primaryImageOfPage":{"@id":"https:\/\/www.rassegnastampa-totustuus.it\/cattolica\/cara-europa-sicura-di-voler-adottare-lo-stile-di-vita-usa\/#primaryimage"},"image":{"@id":"https:\/\/www.rassegnastampa-totustuus.it\/cattolica\/cara-europa-sicura-di-voler-adottare-lo-stile-di-vita-usa\/#primaryimage"},"thumbnailUrl":"https:\/\/www.rassegnastampa-totustuus.it\/cattolica\/wp-content\/uploads\/2019\/04\/Bandiera-americana.jpg","datePublished":"2022-05-04T22:00:40+00:00","dateModified":"2024-04-27T08:07:03+00:00","description":"Cara Europa, sicura di voler adottare lo stile di vita Usa? Tu che hai cultura da vedere mentre l'America sta decadendo?","breadcrumb":{"@id":"https:\/\/www.rassegnastampa-totustuus.it\/cattolica\/cara-europa-sicura-di-voler-adottare-lo-stile-di-vita-usa\/#breadcrumb"},"inLanguage":"it-IT","potentialAction":[{"@type":"ReadAction","target":["https:\/\/www.rassegnastampa-totustuus.it\/cattolica\/cara-europa-sicura-di-voler-adottare-lo-stile-di-vita-usa\/"]}]},{"@type":"ImageObject","inLanguage":"it-IT","@id":"https:\/\/www.rassegnastampa-totustuus.it\/cattolica\/cara-europa-sicura-di-voler-adottare-lo-stile-di-vita-usa\/#primaryimage","url":"https:\/\/www.rassegnastampa-totustuus.it\/cattolica\/wp-content\/uploads\/2019\/04\/Bandiera-americana.jpg","contentUrl":"https:\/\/www.rassegnastampa-totustuus.it\/cattolica\/wp-content\/uploads\/2019\/04\/Bandiera-americana.jpg","width":1300,"height":865},{"@type":"BreadcrumbList","@id":"https:\/\/www.rassegnastampa-totustuus.it\/cattolica\/cara-europa-sicura-di-voler-adottare-lo-stile-di-vita-usa\/#breadcrumb","itemListElement":[{"@type":"ListItem","position":1,"name":"Home","item":"https:\/\/www.rassegnastampa-totustuus.it\/cattolica\/"},{"@type":"ListItem","position":2,"name":"Cara Europa, sicura di voler adottare lo stile di vita Usa?"}]},{"@type":"WebSite","@id":"https:\/\/www.rassegnastampa-totustuus.it\/cattolica\/#website","url":"https:\/\/www.rassegnastampa-totustuus.it\/cattolica\/","name":"Rassegna Stampa Cattolica","description":"Per una cultura che nasce dalla Rivelazione cristiana in conformit\u00e0 alla tradizione e al Magistero della Chiesa in opposizione ad ogni relativismo e totalitarismo","publisher":{"@id":"https:\/\/www.rassegnastampa-totustuus.it\/cattolica\/#organization"},"alternateName":"Rass. Cattolica","potentialAction":[{"@type":"SearchAction","target":{"@type":"EntryPoint","urlTemplate":"https:\/\/www.rassegnastampa-totustuus.it\/cattolica\/?s={search_term_string}"},"query-input":{"@type":"PropertyValueSpecification","valueRequired":true,"valueName":"search_term_string"}}],"inLanguage":"it-IT"},{"@type":"Organization","@id":"https:\/\/www.rassegnastampa-totustuus.it\/cattolica\/#organization","name":"Rassegna Stampa Cattolica","url":"https:\/\/www.rassegnastampa-totustuus.it\/cattolica\/","logo":{"@type":"ImageObject","inLanguage":"it-IT","@id":"https:\/\/www.rassegnastampa-totustuus.it\/cattolica\/#\/schema\/logo\/image\/","url":"https:\/\/www.rassegnastampa-totustuus.it\/cattolica\/wp-content\/uploads\/2014\/04\/logo-rassegna1.gif","contentUrl":"https:\/\/www.rassegnastampa-totustuus.it\/cattolica\/wp-content\/uploads\/2014\/04\/logo-rassegna1.gif","width":600,"height":163,"caption":"Rassegna Stampa Cattolica"},"image":{"@id":"https:\/\/www.rassegnastampa-totustuus.it\/cattolica\/#\/schema\/logo\/image\/"},"sameAs":["https:\/\/www.facebook.com\/rassegnastampacattolica","https:\/\/x.com\/rassegnastampa9"]},{"@type":"Person","@id":"https:\/\/www.rassegnastampa-totustuus.it\/cattolica\/#\/schema\/person\/08f319d2bd1a0904ad9e2bfb7b15e5c3","name":"Redazione","image":{"@type":"ImageObject","inLanguage":"it-IT","@id":"https:\/\/secure.gravatar.com\/avatar\/2fcdf27c78ea025fbdb44e914cc63c72249ffec9dc8aafd5c82b26240ef3f346?s=96&d=mm&r=g","url":"https:\/\/secure.gravatar.com\/avatar\/2fcdf27c78ea025fbdb44e914cc63c72249ffec9dc8aafd5c82b26240ef3f346?s=96&d=mm&r=g","contentUrl":"https:\/\/secure.gravatar.com\/avatar\/2fcdf27c78ea025fbdb44e914cc63c72249ffec9dc8aafd5c82b26240ef3f346?s=96&d=mm&r=g","caption":"Redazione"},"url":"https:\/\/www.rassegnastampa-totustuus.it\/cattolica\/author\/pietroelle\/"}]}},"_links":{"self":[{"href":"https:\/\/www.rassegnastampa-totustuus.it\/cattolica\/wp-json\/wp\/v2\/posts\/54001","targetHints":{"allow":["GET"]}}],"collection":[{"href":"https:\/\/www.rassegnastampa-totustuus.it\/cattolica\/wp-json\/wp\/v2\/posts"}],"about":[{"href":"https:\/\/www.rassegnastampa-totustuus.it\/cattolica\/wp-json\/wp\/v2\/types\/post"}],"author":[{"embeddable":true,"href":"https:\/\/www.rassegnastampa-totustuus.it\/cattolica\/wp-json\/wp\/v2\/users\/6"}],"replies":[{"embeddable":true,"href":"https:\/\/www.rassegnastampa-totustuus.it\/cattolica\/wp-json\/wp\/v2\/comments?post=54001"}],"version-history":[{"count":2,"href":"https:\/\/www.rassegnastampa-totustuus.it\/cattolica\/wp-json\/wp\/v2\/posts\/54001\/revisions"}],"predecessor-version":[{"id":60219,"href":"https:\/\/www.rassegnastampa-totustuus.it\/cattolica\/wp-json\/wp\/v2\/posts\/54001\/revisions\/60219"}],"wp:featuredmedia":[{"embeddable":true,"href":"https:\/\/www.rassegnastampa-totustuus.it\/cattolica\/wp-json\/wp\/v2\/media\/42687"}],"wp:attachment":[{"href":"https:\/\/www.rassegnastampa-totustuus.it\/cattolica\/wp-json\/wp\/v2\/media?parent=54001"}],"wp:term":[{"taxonomy":"category","embeddable":true,"href":"https:\/\/www.rassegnastampa-totustuus.it\/cattolica\/wp-json\/wp\/v2\/categories?post=54001"},{"taxonomy":"post_tag","embeddable":true,"href":"https:\/\/www.rassegnastampa-totustuus.it\/cattolica\/wp-json\/wp\/v2\/tags?post=54001"}],"curies":[{"name":"wp","href":"https:\/\/api.w.org\/{rel}","templated":true}]}}