{"id":53962,"date":"2022-04-28T00:00:44","date_gmt":"2022-04-27T22:00:44","guid":{"rendered":"http:\/\/www.rassegnastampa-totustuus.it\/cattolica\/?p=53962"},"modified":"2024-04-27T12:35:14","modified_gmt":"2024-04-27T10:35:14","slug":"a-cuba-continua-la-repressione-del-dissenso","status":"publish","type":"post","link":"https:\/\/www.rassegnastampa-totustuus.it\/cattolica\/a-cuba-continua-la-repressione-del-dissenso\/","title":{"rendered":"A Cuba continua la repressione del dissenso"},"content":{"rendered":"<p style=\"text-align: justify;\"><span style=\"color: #000000;\"><strong><img loading=\"lazy\" decoding=\"async\" class=\" wp-image-44949 alignleft\" src=\"https:\/\/www.rassegnastampa-totustuus.it\/cattolica\/wp-content\/uploads\/2006\/05\/Cuba_Avana_Che.jpg\" alt=\"\" width=\"337\" height=\"209\" \/>Abstract: <\/strong><em>a Cuba continua la repressione del dissenso. A farne le spese in questi giorni le\u00a0 \u201cDamas de Blanco\u201d, un movimento di opposizione al governo comunista cubano, nato nella Primavera Negra del 2003, che riunisce le mogli e i famigliari di persone accusate di azioni contro lo Stato.<\/em><\/span><\/p>\n<p><!--more--><\/p>\n<p style=\"text-align: center;\"><span style=\"color: #000000;\"><a href=\"https:\/\/alleanzacattolica.org\/\" target=\"_blank\" rel=\"noopener\"><strong>Alleanza Cattolica<\/strong> <\/a>\u00a0<\/span><span style=\"color: #000000;\">21 Aprile 2022<\/span><\/p>\n<h3 style=\"text-align: center;\"><span style=\"color: #000000;\">Cuba: continua la repressione del dissenso <\/span><\/h3>\n<h3 style=\"text-align: center;\"><span style=\"color: #000000;\">da parte del regime comunista<\/span><\/h3>\n<p style=\"text-align: justify;\"><span style=\"color: #000000;\"><em>Continua senza sosta la repressione del dissenso da parte del regime castrista comunista cubano. A farne le spese in questi giorni due \u201cDame de blanco\u201d (Signore in bianco, dal colore della veste che indossano), Tania Echevarria Menendez e Sayli Navarro<\/em>.<\/span><\/p>\n<p style=\"text-align: center;\"><span style=\"color: #000000;\"><strong>Stefano Nitoglia <\/strong><\/span><\/p>\n<p style=\"text-align: justify;\"><span style=\"color: #000000;\">La prima \u00e8 stata condannata il 14 aprile a 6 anni di prigione per aver partecipato alle proteste popolari contro il regime castrista che hanno avuto luogo nell\u2019isola i giorni 11 e 12 luglio 2021, precisamente a Perico y Jovellanos, nella provincia del Matanzas.\u00a0<\/span><\/p>\n<p style=\"text-align: justify;\"><span style=\"color: #000000;\"><img loading=\"lazy\" decoding=\"async\" class=\" wp-image-22512 alignright\" src=\"https:\/\/www.rassegnastampa-totustuus.it\/cattolica\/wp-content\/uploads\/2011\/05\/carcere.jpg\" alt=\"\" width=\"289\" height=\"227\" \/>\u201cIl regime di Cuba ha condannato Tania Echevarria a 6 anni di prigione per aver manifestato l\u201911 e il 12 luglio 2021\u201d ha twittato l\u2019Ambasciata degli Stati Uniti a L\u2019Avana.<\/span><\/p>\n<p style=\"text-align: justify;\"><span style=\"color: #000000;\">L\u2019associazione \u201cPresosPorQu\u00e9\u201d (Arrestati perch\u00e9), che sta conducendo una campagna per la liberazione dei prigionieri politici cubani, ha chiesto \u201cla liberazione immediata\u201d della Echevarria, accusata, insieme al marito e attivista Leylandis Puentes Varga, membro del \u201cPartido por la Democracia Pedro Luis Boitel\u201d (Partito per la Democrazia Pedro Luis Boitel), dei delitti di disordine pubblico e oltraggio alla Corte.<\/span><\/p>\n<p style=\"text-align: justify;\"><span style=\"color: #000000;\">Il 14 aprile, quando il Tribunale Popolare municipale di Colon en Matanzas ha rigettato l\u2019appello presentato nel marzo scorso, la Echevarria \u00e8 stata condotta in prigione.<\/span><\/p>\n<div id=\"attachment_53963\" style=\"width: 361px\" class=\"wp-caption alignleft\"><img loading=\"lazy\" decoding=\"async\" aria-describedby=\"caption-attachment-53963\" class=\"wp-image-53963\" src=\"https:\/\/www.rassegnastampa-totustuus.it\/cattolica\/wp-content\/uploads\/2022\/04\/Cuba_dame_de_blanco.jpg\" alt=\"\" width=\"361\" height=\"218\" \/><p id=\"caption-attachment-53963\" class=\"wp-caption-text\">dame de blanco<\/p><\/div>\n<p style=\"text-align: justify;\"><span style=\"color: #000000;\">Il 18 aprile, \u00e8 stata la volta della \u201cDama de blanco\u201d Sayli Navarro Alvarez e di suo padre F\u00e9lix Navarro, incarcerati al termine del giudizio di appello sempre per i fatti del luglio scorso. <\/span><\/p>\n<p style=\"text-align: justify;\"><span style=\"color: #000000;\">Sayli \u00e8 stata portata in prigione \u201ccon le mani e i piedi incatenati\u201d e senza poter salutare sua madre. <\/span><\/p>\n<p style=\"text-align: justify;\"><span style=\"color: #000000;\">Entrambi sono stati condannati rispettivamente a otto e nove anni di prigione.<\/span><\/p>\n<p style=\"text-align: justify;\"><span style=\"color: #000000;\">F\u00e9lix Navarro \u00e8 uno dei 75 dissidenti anticastristi cubani arrestati nel 2003, durante la cosiddetta \u201cPrimavera Negra\u201d (Primavera Nera), un movimento di protesta che vide coinvolti numerosi personaggi, tra i quali diversi medici e giornalisti, che furono sottoposti a processi sommari in base alla famigerata \u201cLey No.88 de Protecci\u00f3n de la independencia nacional y la econom\u00eda de Cuba\u201d (Legge n. 88 di Protezione della indipendenza nazionale e dell\u2019economia di Cuba),\u200b meglio conosciuta dalla dissidenza come \u201cLey Mordaza\u201d (Legge Bavaglio), che ha ricevuto molte critiche per la sua arbitrariet\u00e0 e la discrezionalit\u00e0 che lascia ai giudici. Felix \u00e8 presidente del \u201cPartido por la Democracia Pedro Luis Boitel\u201d e premio \u201cSolidariedad 2015\u201d\u00a0 (Solidariet\u00e0 2015) della Fondazione \u201cKonrad Adenauer\u201d.<\/span><\/p>\n<p style=\"text-align: justify;\"><span style=\"color: #000000;\"><img loading=\"lazy\" decoding=\"async\" class=\" wp-image-53427 alignright\" src=\"https:\/\/www.rassegnastampa-totustuus.it\/cattolica\/wp-content\/uploads\/2022\/01\/carcere.jpg\" alt=\"\" width=\"356\" height=\"200\" \/>Insieme a Sayli Navarro e a suo padre sono stati condannati anche Mildrey Mederos Soca, Odrey Rodr\u00edguez Lanz, Adrian Echegoyen Espineira, Daymelin Abreu Rodriguez, Cristian Carlos Contreras Matos, Yoandry Ripoll Smith e Yanelis Rosabal Milan\u00e9s.<\/span><\/p>\n<p style=\"text-align: justify;\"><span style=\"color: #000000;\">\u201cDamas de Blanco\u201d \u00e8 un movimento di opposizione al governo comunista cubano, nato nella Primavera Negra del 2003, che riunisce le mogli e i famigliari di persone accusate di azioni contro lo Stato e che organizza ogni domenica, dopo la celebrazione della Messa nella chiesa di Santa Rita a L\u2019Avana, una marcia pacifica durante la quale le Damas, completamente vestite di bianco, come le Madri di Plaza de Mayo argentine, mostrano le foto dei famigliari detenuti. <\/span><\/p>\n<p style=\"text-align: justify;\"><span style=\"color: #000000;\">Il 18 di ogni mese le Damas si riuniscono in quello che chiamano \u201ct\u00e8 letterario\u201d, una riunione in cui leggono lettere dei loro congiunti, poesie e altre opere letterarie e in cui si fanno forza a vicenda.<\/span><\/p>\n","protected":false},"excerpt":{"rendered":"<p>Abstract: a Cuba continua la repressione del dissenso. A farne le spese in questi giorni le\u00a0 \u201cDamas de Blanco\u201d, un movimento di opposizione al governo comunista cubano, nato nella Primavera Negra del 2003, che riunisce le mogli e i famigliari di persone accusate di azioni contro lo Stato.<\/p><p><a class=\"more-link btn\" href=\"https:\/\/www.rassegnastampa-totustuus.it\/cattolica\/a-cuba-continua-la-repressione-del-dissenso\/\">Continua a leggere<\/a><\/p>\n","protected":false},"author":6,"featured_media":48770,"comment_status":"closed","ping_status":"closed","sticky":false,"template":"","format":"standard","meta":{"footnotes":""},"categories":[32,72,108],"tags":[139,603,545],"class_list":["post-53962","post","type-post","status-publish","format-standard","has-post-thumbnail","hentry","category-filosofia-del-comunismo","category-cuba","category-paesi-e-continenti","tag-comunismo","tag-cuba-2","tag-paesi-e-continenti-2","item-wrap"],"yoast_head":"<!-- This site is optimized with the Yoast SEO plugin v27.5 - https:\/\/yoast.com\/product\/yoast-seo-wordpress\/ -->\n<title>A Cuba continua la repressione del dissenso - Rassegna Stampa Cattolica<\/title>\n<meta name=\"description\" content=\"A Cuba continua la repressione del dissenso da parte del regime comunista che perseguita anche le &quot;Dame de blanco&quot;\" \/>\n<meta name=\"robots\" content=\"index, follow, max-snippet:-1, max-image-preview:large, max-video-preview:-1\" \/>\n<link rel=\"canonical\" href=\"https:\/\/www.rassegnastampa-totustuus.it\/cattolica\/a-cuba-continua-la-repressione-del-dissenso\/\" \/>\n<meta property=\"og:locale\" content=\"it_IT\" \/>\n<meta property=\"og:type\" content=\"article\" \/>\n<meta property=\"og:title\" content=\"A Cuba continua la repressione del dissenso - Rassegna Stampa Cattolica\" \/>\n<meta property=\"og:description\" content=\"A Cuba continua la repressione del dissenso da parte del regime comunista che perseguita anche le &quot;Dame de blanco&quot;\" \/>\n<meta property=\"og:url\" content=\"https:\/\/www.rassegnastampa-totustuus.it\/cattolica\/a-cuba-continua-la-repressione-del-dissenso\/\" \/>\n<meta property=\"og:site_name\" content=\"Rassegna Stampa Cattolica\" \/>\n<meta property=\"article:publisher\" content=\"https:\/\/www.facebook.com\/rassegnastampacattolica\" \/>\n<meta property=\"article:published_time\" content=\"2022-04-27T22:00:44+00:00\" \/>\n<meta property=\"article:modified_time\" content=\"2024-04-27T10:35:14+00:00\" \/>\n<meta property=\"og:image\" content=\"https:\/\/www.rassegnastampa-totustuus.it\/cattolica\/wp-content\/uploads\/2020\/10\/comunismo_sinistra.jpg\" \/>\n\t<meta property=\"og:image:width\" content=\"1280\" \/>\n\t<meta property=\"og:image:height\" content=\"856\" \/>\n\t<meta property=\"og:image:type\" content=\"image\/jpeg\" \/>\n<meta name=\"author\" content=\"Redazione\" \/>\n<meta name=\"twitter:card\" content=\"summary_large_image\" \/>\n<meta name=\"twitter:creator\" content=\"@rassegnastampa9\" \/>\n<meta name=\"twitter:site\" content=\"@rassegnastampa9\" \/>\n<meta name=\"twitter:label1\" content=\"Scritto da\" \/>\n\t<meta name=\"twitter:data1\" content=\"Redazione\" \/>\n\t<meta name=\"twitter:label2\" content=\"Tempo di lettura stimato\" \/>\n\t<meta name=\"twitter:data2\" content=\"5 minuti\" \/>\n<script type=\"application\/ld+json\" class=\"yoast-schema-graph\">{\"@context\":\"https:\\\/\\\/schema.org\",\"@graph\":[{\"@type\":\"Article\",\"@id\":\"https:\\\/\\\/www.rassegnastampa-totustuus.it\\\/cattolica\\\/a-cuba-continua-la-repressione-del-dissenso\\\/#article\",\"isPartOf\":{\"@id\":\"https:\\\/\\\/www.rassegnastampa-totustuus.it\\\/cattolica\\\/a-cuba-continua-la-repressione-del-dissenso\\\/\"},\"author\":{\"name\":\"Redazione\",\"@id\":\"https:\\\/\\\/www.rassegnastampa-totustuus.it\\\/cattolica\\\/#\\\/schema\\\/person\\\/08f319d2bd1a0904ad9e2bfb7b15e5c3\"},\"headline\":\"A Cuba continua la repressione del dissenso\",\"datePublished\":\"2022-04-27T22:00:44+00:00\",\"dateModified\":\"2024-04-27T10:35:14+00:00\",\"mainEntityOfPage\":{\"@id\":\"https:\\\/\\\/www.rassegnastampa-totustuus.it\\\/cattolica\\\/a-cuba-continua-la-repressione-del-dissenso\\\/\"},\"wordCount\":595,\"publisher\":{\"@id\":\"https:\\\/\\\/www.rassegnastampa-totustuus.it\\\/cattolica\\\/#organization\"},\"image\":{\"@id\":\"https:\\\/\\\/www.rassegnastampa-totustuus.it\\\/cattolica\\\/a-cuba-continua-la-repressione-del-dissenso\\\/#primaryimage\"},\"thumbnailUrl\":\"https:\\\/\\\/www.rassegnastampa-totustuus.it\\\/cattolica\\\/wp-content\\\/uploads\\\/2020\\\/10\\\/comunismo_sinistra.jpg\",\"keywords\":[\"comunismo\",\"cuba\",\"paesi e continenti\"],\"articleSection\":[\"Comunismo\",\"Cuba\",\"Paesi e continenti\"],\"inLanguage\":\"it-IT\"},{\"@type\":\"WebPage\",\"@id\":\"https:\\\/\\\/www.rassegnastampa-totustuus.it\\\/cattolica\\\/a-cuba-continua-la-repressione-del-dissenso\\\/\",\"url\":\"https:\\\/\\\/www.rassegnastampa-totustuus.it\\\/cattolica\\\/a-cuba-continua-la-repressione-del-dissenso\\\/\",\"name\":\"A Cuba continua la repressione del dissenso - Rassegna Stampa Cattolica\",\"isPartOf\":{\"@id\":\"https:\\\/\\\/www.rassegnastampa-totustuus.it\\\/cattolica\\\/#website\"},\"primaryImageOfPage\":{\"@id\":\"https:\\\/\\\/www.rassegnastampa-totustuus.it\\\/cattolica\\\/a-cuba-continua-la-repressione-del-dissenso\\\/#primaryimage\"},\"image\":{\"@id\":\"https:\\\/\\\/www.rassegnastampa-totustuus.it\\\/cattolica\\\/a-cuba-continua-la-repressione-del-dissenso\\\/#primaryimage\"},\"thumbnailUrl\":\"https:\\\/\\\/www.rassegnastampa-totustuus.it\\\/cattolica\\\/wp-content\\\/uploads\\\/2020\\\/10\\\/comunismo_sinistra.jpg\",\"datePublished\":\"2022-04-27T22:00:44+00:00\",\"dateModified\":\"2024-04-27T10:35:14+00:00\",\"description\":\"A Cuba continua la repressione del dissenso da parte del regime comunista che perseguita anche le \\\"Dame de blanco\\\"\",\"breadcrumb\":{\"@id\":\"https:\\\/\\\/www.rassegnastampa-totustuus.it\\\/cattolica\\\/a-cuba-continua-la-repressione-del-dissenso\\\/#breadcrumb\"},\"inLanguage\":\"it-IT\",\"potentialAction\":[{\"@type\":\"ReadAction\",\"target\":[\"https:\\\/\\\/www.rassegnastampa-totustuus.it\\\/cattolica\\\/a-cuba-continua-la-repressione-del-dissenso\\\/\"]}]},{\"@type\":\"ImageObject\",\"inLanguage\":\"it-IT\",\"@id\":\"https:\\\/\\\/www.rassegnastampa-totustuus.it\\\/cattolica\\\/a-cuba-continua-la-repressione-del-dissenso\\\/#primaryimage\",\"url\":\"https:\\\/\\\/www.rassegnastampa-totustuus.it\\\/cattolica\\\/wp-content\\\/uploads\\\/2020\\\/10\\\/comunismo_sinistra.jpg\",\"contentUrl\":\"https:\\\/\\\/www.rassegnastampa-totustuus.it\\\/cattolica\\\/wp-content\\\/uploads\\\/2020\\\/10\\\/comunismo_sinistra.jpg\",\"width\":1280,\"height\":856},{\"@type\":\"BreadcrumbList\",\"@id\":\"https:\\\/\\\/www.rassegnastampa-totustuus.it\\\/cattolica\\\/a-cuba-continua-la-repressione-del-dissenso\\\/#breadcrumb\",\"itemListElement\":[{\"@type\":\"ListItem\",\"position\":1,\"name\":\"Home\",\"item\":\"https:\\\/\\\/www.rassegnastampa-totustuus.it\\\/cattolica\\\/\"},{\"@type\":\"ListItem\",\"position\":2,\"name\":\"A Cuba continua la repressione del dissenso\"}]},{\"@type\":\"WebSite\",\"@id\":\"https:\\\/\\\/www.rassegnastampa-totustuus.it\\\/cattolica\\\/#website\",\"url\":\"https:\\\/\\\/www.rassegnastampa-totustuus.it\\\/cattolica\\\/\",\"name\":\"Rassegna Stampa Cattolica\",\"description\":\"Per una cultura che nasce dalla Rivelazione cristiana in conformit\u00e0 alla tradizione e al Magistero della Chiesa in opposizione ad ogni relativismo e totalitarismo\",\"publisher\":{\"@id\":\"https:\\\/\\\/www.rassegnastampa-totustuus.it\\\/cattolica\\\/#organization\"},\"alternateName\":\"Rass. Cattolica\",\"potentialAction\":[{\"@type\":\"SearchAction\",\"target\":{\"@type\":\"EntryPoint\",\"urlTemplate\":\"https:\\\/\\\/www.rassegnastampa-totustuus.it\\\/cattolica\\\/?s={search_term_string}\"},\"query-input\":{\"@type\":\"PropertyValueSpecification\",\"valueRequired\":true,\"valueName\":\"search_term_string\"}}],\"inLanguage\":\"it-IT\"},{\"@type\":\"Organization\",\"@id\":\"https:\\\/\\\/www.rassegnastampa-totustuus.it\\\/cattolica\\\/#organization\",\"name\":\"Rassegna Stampa Cattolica\",\"url\":\"https:\\\/\\\/www.rassegnastampa-totustuus.it\\\/cattolica\\\/\",\"logo\":{\"@type\":\"ImageObject\",\"inLanguage\":\"it-IT\",\"@id\":\"https:\\\/\\\/www.rassegnastampa-totustuus.it\\\/cattolica\\\/#\\\/schema\\\/logo\\\/image\\\/\",\"url\":\"https:\\\/\\\/www.rassegnastampa-totustuus.it\\\/cattolica\\\/wp-content\\\/uploads\\\/2014\\\/04\\\/logo-rassegna1.gif\",\"contentUrl\":\"https:\\\/\\\/www.rassegnastampa-totustuus.it\\\/cattolica\\\/wp-content\\\/uploads\\\/2014\\\/04\\\/logo-rassegna1.gif\",\"width\":600,\"height\":163,\"caption\":\"Rassegna Stampa Cattolica\"},\"image\":{\"@id\":\"https:\\\/\\\/www.rassegnastampa-totustuus.it\\\/cattolica\\\/#\\\/schema\\\/logo\\\/image\\\/\"},\"sameAs\":[\"https:\\\/\\\/www.facebook.com\\\/rassegnastampacattolica\",\"https:\\\/\\\/x.com\\\/rassegnastampa9\"]},{\"@type\":\"Person\",\"@id\":\"https:\\\/\\\/www.rassegnastampa-totustuus.it\\\/cattolica\\\/#\\\/schema\\\/person\\\/08f319d2bd1a0904ad9e2bfb7b15e5c3\",\"name\":\"Redazione\",\"image\":{\"@type\":\"ImageObject\",\"inLanguage\":\"it-IT\",\"@id\":\"https:\\\/\\\/secure.gravatar.com\\\/avatar\\\/2fcdf27c78ea025fbdb44e914cc63c72249ffec9dc8aafd5c82b26240ef3f346?s=96&d=mm&r=g\",\"url\":\"https:\\\/\\\/secure.gravatar.com\\\/avatar\\\/2fcdf27c78ea025fbdb44e914cc63c72249ffec9dc8aafd5c82b26240ef3f346?s=96&d=mm&r=g\",\"contentUrl\":\"https:\\\/\\\/secure.gravatar.com\\\/avatar\\\/2fcdf27c78ea025fbdb44e914cc63c72249ffec9dc8aafd5c82b26240ef3f346?s=96&d=mm&r=g\",\"caption\":\"Redazione\"},\"url\":\"https:\\\/\\\/www.rassegnastampa-totustuus.it\\\/cattolica\\\/author\\\/pietroelle\\\/\"}]}<\/script>\n<!-- \/ Yoast SEO plugin. -->","yoast_head_json":{"title":"A Cuba continua la repressione del dissenso - Rassegna Stampa Cattolica","description":"A Cuba continua la repressione del dissenso da parte del regime comunista che perseguita anche le \"Dame de blanco\"","robots":{"index":"index","follow":"follow","max-snippet":"max-snippet:-1","max-image-preview":"max-image-preview:large","max-video-preview":"max-video-preview:-1"},"canonical":"https:\/\/www.rassegnastampa-totustuus.it\/cattolica\/a-cuba-continua-la-repressione-del-dissenso\/","og_locale":"it_IT","og_type":"article","og_title":"A Cuba continua la repressione del dissenso - Rassegna Stampa Cattolica","og_description":"A Cuba continua la repressione del dissenso da parte del regime comunista che perseguita anche le \"Dame de blanco\"","og_url":"https:\/\/www.rassegnastampa-totustuus.it\/cattolica\/a-cuba-continua-la-repressione-del-dissenso\/","og_site_name":"Rassegna Stampa Cattolica","article_publisher":"https:\/\/www.facebook.com\/rassegnastampacattolica","article_published_time":"2022-04-27T22:00:44+00:00","article_modified_time":"2024-04-27T10:35:14+00:00","og_image":[{"width":1280,"height":856,"url":"https:\/\/www.rassegnastampa-totustuus.it\/cattolica\/wp-content\/uploads\/2020\/10\/comunismo_sinistra.jpg","type":"image\/jpeg"}],"author":"Redazione","twitter_card":"summary_large_image","twitter_creator":"@rassegnastampa9","twitter_site":"@rassegnastampa9","twitter_misc":{"Scritto da":"Redazione","Tempo di lettura stimato":"5 minuti"},"schema":{"@context":"https:\/\/schema.org","@graph":[{"@type":"Article","@id":"https:\/\/www.rassegnastampa-totustuus.it\/cattolica\/a-cuba-continua-la-repressione-del-dissenso\/#article","isPartOf":{"@id":"https:\/\/www.rassegnastampa-totustuus.it\/cattolica\/a-cuba-continua-la-repressione-del-dissenso\/"},"author":{"name":"Redazione","@id":"https:\/\/www.rassegnastampa-totustuus.it\/cattolica\/#\/schema\/person\/08f319d2bd1a0904ad9e2bfb7b15e5c3"},"headline":"A Cuba continua la repressione del dissenso","datePublished":"2022-04-27T22:00:44+00:00","dateModified":"2024-04-27T10:35:14+00:00","mainEntityOfPage":{"@id":"https:\/\/www.rassegnastampa-totustuus.it\/cattolica\/a-cuba-continua-la-repressione-del-dissenso\/"},"wordCount":595,"publisher":{"@id":"https:\/\/www.rassegnastampa-totustuus.it\/cattolica\/#organization"},"image":{"@id":"https:\/\/www.rassegnastampa-totustuus.it\/cattolica\/a-cuba-continua-la-repressione-del-dissenso\/#primaryimage"},"thumbnailUrl":"https:\/\/www.rassegnastampa-totustuus.it\/cattolica\/wp-content\/uploads\/2020\/10\/comunismo_sinistra.jpg","keywords":["comunismo","cuba","paesi e continenti"],"articleSection":["Comunismo","Cuba","Paesi e continenti"],"inLanguage":"it-IT"},{"@type":"WebPage","@id":"https:\/\/www.rassegnastampa-totustuus.it\/cattolica\/a-cuba-continua-la-repressione-del-dissenso\/","url":"https:\/\/www.rassegnastampa-totustuus.it\/cattolica\/a-cuba-continua-la-repressione-del-dissenso\/","name":"A Cuba continua la repressione del dissenso - Rassegna Stampa Cattolica","isPartOf":{"@id":"https:\/\/www.rassegnastampa-totustuus.it\/cattolica\/#website"},"primaryImageOfPage":{"@id":"https:\/\/www.rassegnastampa-totustuus.it\/cattolica\/a-cuba-continua-la-repressione-del-dissenso\/#primaryimage"},"image":{"@id":"https:\/\/www.rassegnastampa-totustuus.it\/cattolica\/a-cuba-continua-la-repressione-del-dissenso\/#primaryimage"},"thumbnailUrl":"https:\/\/www.rassegnastampa-totustuus.it\/cattolica\/wp-content\/uploads\/2020\/10\/comunismo_sinistra.jpg","datePublished":"2022-04-27T22:00:44+00:00","dateModified":"2024-04-27T10:35:14+00:00","description":"A Cuba continua la repressione del dissenso da parte del regime comunista che perseguita anche le \"Dame de blanco\"","breadcrumb":{"@id":"https:\/\/www.rassegnastampa-totustuus.it\/cattolica\/a-cuba-continua-la-repressione-del-dissenso\/#breadcrumb"},"inLanguage":"it-IT","potentialAction":[{"@type":"ReadAction","target":["https:\/\/www.rassegnastampa-totustuus.it\/cattolica\/a-cuba-continua-la-repressione-del-dissenso\/"]}]},{"@type":"ImageObject","inLanguage":"it-IT","@id":"https:\/\/www.rassegnastampa-totustuus.it\/cattolica\/a-cuba-continua-la-repressione-del-dissenso\/#primaryimage","url":"https:\/\/www.rassegnastampa-totustuus.it\/cattolica\/wp-content\/uploads\/2020\/10\/comunismo_sinistra.jpg","contentUrl":"https:\/\/www.rassegnastampa-totustuus.it\/cattolica\/wp-content\/uploads\/2020\/10\/comunismo_sinistra.jpg","width":1280,"height":856},{"@type":"BreadcrumbList","@id":"https:\/\/www.rassegnastampa-totustuus.it\/cattolica\/a-cuba-continua-la-repressione-del-dissenso\/#breadcrumb","itemListElement":[{"@type":"ListItem","position":1,"name":"Home","item":"https:\/\/www.rassegnastampa-totustuus.it\/cattolica\/"},{"@type":"ListItem","position":2,"name":"A Cuba continua la repressione del dissenso"}]},{"@type":"WebSite","@id":"https:\/\/www.rassegnastampa-totustuus.it\/cattolica\/#website","url":"https:\/\/www.rassegnastampa-totustuus.it\/cattolica\/","name":"Rassegna Stampa Cattolica","description":"Per una cultura che nasce dalla Rivelazione cristiana in conformit\u00e0 alla tradizione e al Magistero della Chiesa in opposizione ad ogni relativismo e totalitarismo","publisher":{"@id":"https:\/\/www.rassegnastampa-totustuus.it\/cattolica\/#organization"},"alternateName":"Rass. Cattolica","potentialAction":[{"@type":"SearchAction","target":{"@type":"EntryPoint","urlTemplate":"https:\/\/www.rassegnastampa-totustuus.it\/cattolica\/?s={search_term_string}"},"query-input":{"@type":"PropertyValueSpecification","valueRequired":true,"valueName":"search_term_string"}}],"inLanguage":"it-IT"},{"@type":"Organization","@id":"https:\/\/www.rassegnastampa-totustuus.it\/cattolica\/#organization","name":"Rassegna Stampa Cattolica","url":"https:\/\/www.rassegnastampa-totustuus.it\/cattolica\/","logo":{"@type":"ImageObject","inLanguage":"it-IT","@id":"https:\/\/www.rassegnastampa-totustuus.it\/cattolica\/#\/schema\/logo\/image\/","url":"https:\/\/www.rassegnastampa-totustuus.it\/cattolica\/wp-content\/uploads\/2014\/04\/logo-rassegna1.gif","contentUrl":"https:\/\/www.rassegnastampa-totustuus.it\/cattolica\/wp-content\/uploads\/2014\/04\/logo-rassegna1.gif","width":600,"height":163,"caption":"Rassegna Stampa Cattolica"},"image":{"@id":"https:\/\/www.rassegnastampa-totustuus.it\/cattolica\/#\/schema\/logo\/image\/"},"sameAs":["https:\/\/www.facebook.com\/rassegnastampacattolica","https:\/\/x.com\/rassegnastampa9"]},{"@type":"Person","@id":"https:\/\/www.rassegnastampa-totustuus.it\/cattolica\/#\/schema\/person\/08f319d2bd1a0904ad9e2bfb7b15e5c3","name":"Redazione","image":{"@type":"ImageObject","inLanguage":"it-IT","@id":"https:\/\/secure.gravatar.com\/avatar\/2fcdf27c78ea025fbdb44e914cc63c72249ffec9dc8aafd5c82b26240ef3f346?s=96&d=mm&r=g","url":"https:\/\/secure.gravatar.com\/avatar\/2fcdf27c78ea025fbdb44e914cc63c72249ffec9dc8aafd5c82b26240ef3f346?s=96&d=mm&r=g","contentUrl":"https:\/\/secure.gravatar.com\/avatar\/2fcdf27c78ea025fbdb44e914cc63c72249ffec9dc8aafd5c82b26240ef3f346?s=96&d=mm&r=g","caption":"Redazione"},"url":"https:\/\/www.rassegnastampa-totustuus.it\/cattolica\/author\/pietroelle\/"}]}},"_links":{"self":[{"href":"https:\/\/www.rassegnastampa-totustuus.it\/cattolica\/wp-json\/wp\/v2\/posts\/53962","targetHints":{"allow":["GET"]}}],"collection":[{"href":"https:\/\/www.rassegnastampa-totustuus.it\/cattolica\/wp-json\/wp\/v2\/posts"}],"about":[{"href":"https:\/\/www.rassegnastampa-totustuus.it\/cattolica\/wp-json\/wp\/v2\/types\/post"}],"author":[{"embeddable":true,"href":"https:\/\/www.rassegnastampa-totustuus.it\/cattolica\/wp-json\/wp\/v2\/users\/6"}],"replies":[{"embeddable":true,"href":"https:\/\/www.rassegnastampa-totustuus.it\/cattolica\/wp-json\/wp\/v2\/comments?post=53962"}],"version-history":[{"count":2,"href":"https:\/\/www.rassegnastampa-totustuus.it\/cattolica\/wp-json\/wp\/v2\/posts\/53962\/revisions"}],"predecessor-version":[{"id":60232,"href":"https:\/\/www.rassegnastampa-totustuus.it\/cattolica\/wp-json\/wp\/v2\/posts\/53962\/revisions\/60232"}],"wp:featuredmedia":[{"embeddable":true,"href":"https:\/\/www.rassegnastampa-totustuus.it\/cattolica\/wp-json\/wp\/v2\/media\/48770"}],"wp:attachment":[{"href":"https:\/\/www.rassegnastampa-totustuus.it\/cattolica\/wp-json\/wp\/v2\/media?parent=53962"}],"wp:term":[{"taxonomy":"category","embeddable":true,"href":"https:\/\/www.rassegnastampa-totustuus.it\/cattolica\/wp-json\/wp\/v2\/categories?post=53962"},{"taxonomy":"post_tag","embeddable":true,"href":"https:\/\/www.rassegnastampa-totustuus.it\/cattolica\/wp-json\/wp\/v2\/tags?post=53962"}],"curies":[{"name":"wp","href":"https:\/\/api.w.org\/{rel}","templated":true}]}}