{"id":53945,"date":"2022-04-21T00:00:54","date_gmt":"2022-04-20T22:00:54","guid":{"rendered":"http:\/\/www.rassegnastampa-totustuus.it\/cattolica\/?p=53945"},"modified":"2024-04-27T14:39:56","modified_gmt":"2024-04-27T12:39:56","slug":"essere-antirazzisti-non-basta-piu","status":"publish","type":"post","link":"https:\/\/www.rassegnastampa-totustuus.it\/cattolica\/essere-antirazzisti-non-basta-piu\/","title":{"rendered":"Essere antirazzisti non basta pi\u00f9"},"content":{"rendered":"<p style=\"text-align: justify;\"><strong><img loading=\"lazy\" decoding=\"async\" class=\" wp-image-53946 alignright\" src=\"https:\/\/www.rassegnastampa-totustuus.it\/cattolica\/wp-content\/uploads\/2022\/04\/Tony_Sewell_Inghilterra.jpg\" alt=\"\" width=\"274\" height=\"202\" \/><span style=\"color: #000000;\">Abstract: <\/span><\/strong><em><span style=\"color: #000000;\">e<\/span><span style=\"color: #000000;\">ssere antirazzisti non basta pi\u00f9<\/span><\/em><\/p>\n<p><!--more--><\/p>\n<p style=\"text-align: center;\"><strong><span style=\"color: #0000ff;\"><a style=\"color: #0000ff;\" href=\"https:\/\/www.rassegnastampa-totustuus.it\/cattolica\/studio-ribalta-dogma-climatista-la-co2-non-e-la-causa-ma-leffetto\/\" target=\"_blank\" rel=\"noopener\">Tempi <\/a><\/span><\/strong>19 Aprile 2022<\/p>\n<h3 style=\"text-align: center;\"><span style=\"color: #000000;\">Il dibattito sulla razza \u00e8 sempre pi\u00f9 tossico. <\/span><\/h3>\n<h3 style=\"text-align: center;\"><span style=\"color: #000000;\">Essere antirazzisti non basta pi\u00f9<\/span><\/h3>\n<p style=\"text-align: justify;\"><span style=\"color: #000000;\"><em>L&#8217;Universit\u00e0 di Nottingham &#8220;cancella&#8221; Tony Sewell, presidente della Commissione sulle disparit\u00e0 razziali in Inghilterra, perch\u00e9 non denuncia con sufficiente forza la societ\u00e0 &#8220;istituzionalmente razzista&#8221;\u00a0<\/em><\/span><\/p>\n<p style=\"text-align: center;\"><strong>Piero Vietti<\/strong><\/p>\n<p style=\"text-align: justify;\"><span style=\"color: #000000;\">C\u2019\u00e8 un caso inglese recente che spiega meglio di tante teorie il livello di tossicit\u00e0 (per usare una parola cara ai combattenti del pensiero woke sui social network) raggiunto dal dibattito sul razzismo.<\/span><\/p>\n<p style=\"text-align: justify;\"><span style=\"color: #000000;\">\u00c8 un caso emblematico perch\u00e9 segue le stesse dinamiche di qualunque discussione su temi pi\u00f9 o meno divisivi, e finisce quasi sempre con l\u2019intolleranza di chi si dice tollerante.<\/span><\/p>\n<h4 style=\"text-align: center;\"><strong>Il report sul razzismo non \u00e8 abbastanza antirazzista<\/strong><\/h4>\n<p style=\"text-align: justify;\"><img loading=\"lazy\" decoding=\"async\" class=\"size-full wp-image-39883 alignleft\" src=\"https:\/\/www.rassegnastampa-totustuus.it\/cattolica\/wp-content\/uploads\/2018\/03\/antirazzismo.jpg\" alt=\"\" width=\"259\" height=\"194\" \/><span style=\"color: #000000;\">Tony Sewell \u00e8 uno degli uomini che nel Regno Unito si sono spesi di pi\u00f9 per migliorare le condizioni di vita delle minoranze etniche, presiede un<\/span> <span style=\"color: #0000ff;\"><strong><a style=\"color: #0000ff;\" href=\"https:\/\/generatinggenius.org.uk\/about-us\/\" target=\"_blank\" rel=\"noreferrer noopener\">ente benefico<\/a><\/strong><\/span> <span style=\"color: #000000;\">che da oltre quindici anni aiuta i ragazzi pi\u00f9 svantaggiati a trovare lavoro nel campo della ricerca scientifica, \u00e8 insomma uno di quelli che fa qualcosa di concreto per combattere le diseguaglianze, quasi una rarit\u00e0 in un mondo in cui tutti si riempiono la bocca di antirazzismo ed egualitarismo senza poi combinare nulla.<\/span><\/p>\n<p style=\"text-align: justify;\"><span style=\"color: #000000;\">\u00c8 nero, quindi difficilmente attaccabile per black-washing, e nel 2020 \u00e8 stato nominato presidente della Commissione sulle disparit\u00e0 razziali ed etniche con il compito di esaminare la disparit\u00e0 razziale nel Regno Unito.<\/span><\/p>\n<p style=\"text-align: justify;\"><img loading=\"lazy\" decoding=\"async\" class=\"size-medium wp-image-40757 alignright\" src=\"https:\/\/www.rassegnastampa-totustuus.it\/cattolica\/wp-content\/uploads\/2018\/07\/Cina_razzista-300x199.jpg\" alt=\"\" width=\"300\" height=\"199\" \/><span style=\"color: #000000;\">Nel 2021 ha pubblicato<\/span> <span style=\"color: #0000ff;\"><strong><a style=\"color: #0000ff;\" href=\"https:\/\/www.gov.uk\/government\/publications\/the-report-of-the-commission-on-race-and-ethnic-disparities\" target=\"_blank\" rel=\"noreferrer noopener\">un report<\/a><\/strong><\/span> <span style=\"color: #000000;\">nel quale ha osato dire che mentre il razzismo \u00e8 ancora una questione che deve essere affrontata in Gran Bretagna, la nostra societ\u00e0 non \u00e8 \u201cistituzionalmente razzista\u201d.<\/span><\/p>\n<p style=\"text-align: justify;\"><span style=\"color: #000000;\">\u00c8 bastato questo perch\u00e9 Sewell venisse travolto da un\u2019ondata di critiche, insulti e censure, a partire naturalmente da Twitter, il giocattolino che piace tanto ai progressisti pronti a immolarsi per difendere la libert\u00e0 di parola propria e non quella degli altri. \u201cUtile idiota nero per il governo razzista di Boris Johnson\u201d, \u201cmembro del Ku Klux Klan\u201d, \u201cZio Tom\u201d, \u201cnegro domestico\u201d, e cos\u00ec via.<\/span><\/p>\n<h4 style=\"text-align: center;\"><strong>La bolla che influenza l\u2019Universit\u00e0<\/strong><\/h4>\n<p style=\"text-align: justify;\"><img loading=\"lazy\" decoding=\"async\" class=\"size-full wp-image-49742 alignleft\" src=\"https:\/\/www.rassegnastampa-totustuus.it\/cattolica\/wp-content\/uploads\/2021\/01\/logo_twitter.png\" alt=\"\" width=\"244\" height=\"207\" \/><span style=\"color: #000000;\">In un mondo normale le <em>shitstorm<\/em> via social network dovrebbero lasciare il tempo che trovano.<\/span><\/p>\n<p style=\"text-align: justify;\"><span style=\"color: #000000;\">Da qualche tempo per\u00f2<\/span> <strong><a href=\"https:\/\/www.tempi.it\/elon-musk-bolla-twitter\/\" target=\"_blank\" rel=\"noreferrer noopener\"><span style=\"color: #0000ff;\">Twitter<\/span><\/a><\/strong> <span style=\"color: #000000;\">\u00e8 diventato il tribunale della morale comune (forza, Elon Musk), la bolla che investe e colpisce chi non si comporta \u201cbene\u201d, e di fatto determina il dibattito pubblico, essendo frequentato principalmente da troll e giornalisti (con la difficolt\u00e0 a volte di distinguerli tra loro).<\/span><\/p>\n<p style=\"text-align: justify;\"><span style=\"color: #000000;\">Ex studente dell\u2019Universit\u00e0 di Nottingham, dove ha conseguito un dottorato, Sewell era stato selezionato per ricevere una laurea honoris causa in questi mesi, ma nel dicembre scorso l\u2019Universit\u00e0 ha cambiato idea, cancellando l\u2019invito. \u00a0<\/span><\/p>\n<p style=\"text-align: justify;\"><span style=\"color: #000000;\">La notizia \u00e8<\/span> <span style=\"color: #0000ff;\"><strong><a style=\"color: #0000ff;\" href=\"https:\/\/www.bbc.com\/news\/uk-england-nottinghamshire-60758038\" target=\"_blank\" rel=\"noreferrer noopener\">uscita<\/a><\/strong><\/span> <span style=\"color: #000000;\">il mese scorso, e un portavoce dell\u2019Universit\u00e0 ha confermato che l\u2019ateneo non considerava pi\u00f9 \u201cappropriata\u201d (altra parola d\u2019ordine che piace agli amici woke) tale onorificenza data la \u201ccontroversia politica\u201d nata attorno a lui.<\/span><\/p>\n<p style=\"text-align: justify;\"><span style=\"color: #000000;\">Con il solito modo paraculo che hanno i liberali quando censurano, l\u2019Universit\u00e0 ha fatto sapere di non avere nulla di personale contro Sewell, n\u00e9 di avere critiche sul suo lavoro: tutta colpa dei criteri di assegnazione della lauree honoris causa, che non si possono assegnare a chi \u00e8 \u201coggetto di controversia politica\u201d.<\/span><\/p>\n<h4 style=\"text-align: center;\">\u00a0 <strong>Proteggere gli studenti dalle controversie<\/strong><\/h4>\n<p style=\"text-align: justify;\"><span style=\"color: #000000;\">Poich\u00e9 qualcuno che ragiona al di l\u00e0 degli steccati ideologici esiste ancora, l\u2019Universit\u00e0 di Nottingham \u00e8 stata criticata da alcuni commentatori e membri del Parlamento inglese. Ma anche in questo caso la risposta \u00e8 stata pronta, ipocrita, e indicativa dello stato di semidecomposizione in cui \u00e8 il sistema educativo anglosassone (ma arriver\u00e0 anche da noi, tranquilli, gi\u00e0 sta arrivando): la cancellazione di Sewell \u00e8 stata fatta per proteggere gli studenti, che potrebbero offendersi oppure venire distratti da una tale celebrazione che rischierebbe di metterli in ombra.<\/span><\/p>\n<p style=\"text-align: justify;\"><img loading=\"lazy\" decoding=\"async\" class=\" wp-image-52283 alignleft\" src=\"https:\/\/www.rassegnastampa-totustuus.it\/cattolica\/wp-content\/uploads\/2021\/08\/Woke_revolution.jpg\" alt=\"\" width=\"322\" height=\"187\" \/><span style=\"color: #000000;\">Siamo al culmine della codardia, fa notare Tom Slater sullo<\/span> <span style=\"color: #0000ff;\"><strong><a style=\"color: #0000ff;\" href=\"https:\/\/www.spectator.co.uk\/article\/nottingham-university-s-shameful-treatment-of-tony-sewell\" target=\"_blank\" rel=\"noreferrer noopener\">Spectator<\/a><\/strong><\/span>, <span style=\"color: #000000;\">un\u2019universit\u00e0 che non vuole polemiche, dibattito e e discussioni intellettuali ha perso la sua funzione<\/span>.<\/p>\n<p style=\"text-align: justify;\"><span style=\"color: #000000;\">Nessuno \u00e8 cos\u00ec ingenuo da crederci davvero, per\u00f2, dato che se il problema \u00e8 non essere \u201ccontroversi\u201d ci si chiede perch\u00e9 nel 2017 lo stesso Ateneo abbia consegnato una laurea honoris causa all\u2019ex ambasciatore cinese Liu Xiaoming, che ha definito \u201cfake news\u201d i campi di rieducazione uiguri.<\/span><\/p>\n<p style=\"text-align: justify;\"><span style=\"color: #000000;\">Non c\u2019\u00e8 nulla di controverso nel rapporto di Sewell \u2013 se non su Twitter e nella pagina di commenti del Guardian, nota ancora Slater \u2013 che anzi propone misure concrete per migliorare polizia, salute e istruzione in favore delle minoranze. Il suo problema \u00e8 che non ha un\u2019opinione abbastanza estrema per i nuovi giudici della moralit\u00e0 pubblica.<\/span><\/p>\n<p style=\"text-align: justify;\"><span style=\"color: #000000;\">Essere antirazzista non basta pi\u00f9, il solo pensiero che il razzismo non sia l\u2019unico criterio con cui giudicare la societ\u00e0 \u00e8 inaccettabile. I social media iniziano il lavoro, le istituzioni codarde come l\u2019Universit\u00e0 di Nottingham, impaurite dall\u2019idea di dovere difendere una propria decisione, lo finiscono. Sempre allo stesso modo: cancellando il non allineato.<\/span><\/p>\n","protected":false},"excerpt":{"rendered":"<p>Abstract: essere antirazzisti non basta pi\u00f9<\/p><p><a class=\"more-link btn\" href=\"https:\/\/www.rassegnastampa-totustuus.it\/cattolica\/essere-antirazzisti-non-basta-piu\/\">Continua a leggere<\/a><\/p>\n","protected":false},"author":6,"featured_media":52437,"comment_status":"closed","ping_status":"closed","sticky":false,"template":"","format":"standard","meta":{"footnotes":""},"categories":[108,25],"tags":[2837,186,545,558,2874],"class_list":["post-53945","post","type-post","status-publish","format-standard","has-post-thumbnail","hentry","category-paesi-e-continenti","category-sguardo-sul-nostro-tempo","tag-crisi-delloccidente","tag-gran-bretagna","tag-paesi-e-continenti-2","tag-sguardo-sul-nostro-tempo-2","tag-woke-revolution","item-wrap"],"yoast_head":"<!-- This site is optimized with the Yoast SEO plugin v27.5 - https:\/\/yoast.com\/product\/yoast-seo-wordpress\/ -->\n<title>Essere antirazzisti non basta pi\u00f9 - Rassegna Stampa Cattolica<\/title>\n<meta name=\"description\" content=\"Essere antirazzisti non basta pi\u00f9. Tony Sewell, nero, &quot;cancellato&quot; perch\u00e9 non denuncia con suffiiente forza la la societ\u00e0 razzista\" \/>\n<meta name=\"robots\" content=\"index, follow, max-snippet:-1, max-image-preview:large, max-video-preview:-1\" \/>\n<link rel=\"canonical\" href=\"https:\/\/www.rassegnastampa-totustuus.it\/cattolica\/essere-antirazzisti-non-basta-piu\/\" \/>\n<meta property=\"og:locale\" content=\"it_IT\" \/>\n<meta property=\"og:type\" content=\"article\" \/>\n<meta property=\"og:title\" content=\"Essere antirazzisti non basta pi\u00f9 - Rassegna Stampa Cattolica\" \/>\n<meta property=\"og:description\" content=\"Essere antirazzisti non basta pi\u00f9. Tony Sewell, nero, &quot;cancellato&quot; perch\u00e9 non denuncia con suffiiente forza la la societ\u00e0 razzista\" \/>\n<meta property=\"og:url\" content=\"https:\/\/www.rassegnastampa-totustuus.it\/cattolica\/essere-antirazzisti-non-basta-piu\/\" \/>\n<meta property=\"og:site_name\" content=\"Rassegna Stampa Cattolica\" \/>\n<meta property=\"article:publisher\" content=\"https:\/\/www.facebook.com\/rassegnastampacattolica\" \/>\n<meta property=\"article:published_time\" content=\"2022-04-20T22:00:54+00:00\" \/>\n<meta property=\"article:modified_time\" content=\"2024-04-27T12:39:56+00:00\" \/>\n<meta property=\"og:image\" content=\"https:\/\/www.rassegnastampa-totustuus.it\/cattolica\/wp-content\/uploads\/2021\/09\/woke_rivoluzione.jpg\" \/>\n\t<meta property=\"og:image:width\" content=\"1356\" \/>\n\t<meta property=\"og:image:height\" content=\"668\" \/>\n\t<meta property=\"og:image:type\" content=\"image\/jpeg\" \/>\n<meta name=\"author\" content=\"Redazione\" \/>\n<meta name=\"twitter:card\" content=\"summary_large_image\" \/>\n<meta name=\"twitter:creator\" content=\"@rassegnastampa9\" \/>\n<meta name=\"twitter:site\" content=\"@rassegnastampa9\" \/>\n<meta name=\"twitter:label1\" content=\"Scritto da\" \/>\n\t<meta name=\"twitter:data1\" content=\"Redazione\" \/>\n\t<meta name=\"twitter:label2\" content=\"Tempo di lettura stimato\" \/>\n\t<meta name=\"twitter:data2\" content=\"6 minuti\" \/>\n<script type=\"application\/ld+json\" class=\"yoast-schema-graph\">{\"@context\":\"https:\\\/\\\/schema.org\",\"@graph\":[{\"@type\":\"Article\",\"@id\":\"https:\\\/\\\/www.rassegnastampa-totustuus.it\\\/cattolica\\\/essere-antirazzisti-non-basta-piu\\\/#article\",\"isPartOf\":{\"@id\":\"https:\\\/\\\/www.rassegnastampa-totustuus.it\\\/cattolica\\\/essere-antirazzisti-non-basta-piu\\\/\"},\"author\":{\"name\":\"Redazione\",\"@id\":\"https:\\\/\\\/www.rassegnastampa-totustuus.it\\\/cattolica\\\/#\\\/schema\\\/person\\\/08f319d2bd1a0904ad9e2bfb7b15e5c3\"},\"headline\":\"Essere antirazzisti non basta pi\u00f9\",\"datePublished\":\"2022-04-20T22:00:54+00:00\",\"dateModified\":\"2024-04-27T12:39:56+00:00\",\"mainEntityOfPage\":{\"@id\":\"https:\\\/\\\/www.rassegnastampa-totustuus.it\\\/cattolica\\\/essere-antirazzisti-non-basta-piu\\\/\"},\"wordCount\":789,\"publisher\":{\"@id\":\"https:\\\/\\\/www.rassegnastampa-totustuus.it\\\/cattolica\\\/#organization\"},\"image\":{\"@id\":\"https:\\\/\\\/www.rassegnastampa-totustuus.it\\\/cattolica\\\/essere-antirazzisti-non-basta-piu\\\/#primaryimage\"},\"thumbnailUrl\":\"https:\\\/\\\/www.rassegnastampa-totustuus.it\\\/cattolica\\\/wp-content\\\/uploads\\\/2021\\\/09\\\/woke_rivoluzione.jpg\",\"keywords\":[\"crisi dell&#039;Occidente\",\"Gran Bretagna\",\"paesi e continenti\",\"sguardo sul nostro tempo\",\"woke revolution\"],\"articleSection\":[\"Paesi e continenti\",\"Sguardo sul nostro tempo\"],\"inLanguage\":\"it-IT\"},{\"@type\":\"WebPage\",\"@id\":\"https:\\\/\\\/www.rassegnastampa-totustuus.it\\\/cattolica\\\/essere-antirazzisti-non-basta-piu\\\/\",\"url\":\"https:\\\/\\\/www.rassegnastampa-totustuus.it\\\/cattolica\\\/essere-antirazzisti-non-basta-piu\\\/\",\"name\":\"Essere antirazzisti non basta pi\u00f9 - Rassegna Stampa Cattolica\",\"isPartOf\":{\"@id\":\"https:\\\/\\\/www.rassegnastampa-totustuus.it\\\/cattolica\\\/#website\"},\"primaryImageOfPage\":{\"@id\":\"https:\\\/\\\/www.rassegnastampa-totustuus.it\\\/cattolica\\\/essere-antirazzisti-non-basta-piu\\\/#primaryimage\"},\"image\":{\"@id\":\"https:\\\/\\\/www.rassegnastampa-totustuus.it\\\/cattolica\\\/essere-antirazzisti-non-basta-piu\\\/#primaryimage\"},\"thumbnailUrl\":\"https:\\\/\\\/www.rassegnastampa-totustuus.it\\\/cattolica\\\/wp-content\\\/uploads\\\/2021\\\/09\\\/woke_rivoluzione.jpg\",\"datePublished\":\"2022-04-20T22:00:54+00:00\",\"dateModified\":\"2024-04-27T12:39:56+00:00\",\"description\":\"Essere antirazzisti non basta pi\u00f9. Tony Sewell, nero, \\\"cancellato\\\" perch\u00e9 non denuncia con suffiiente forza la la societ\u00e0 razzista\",\"breadcrumb\":{\"@id\":\"https:\\\/\\\/www.rassegnastampa-totustuus.it\\\/cattolica\\\/essere-antirazzisti-non-basta-piu\\\/#breadcrumb\"},\"inLanguage\":\"it-IT\",\"potentialAction\":[{\"@type\":\"ReadAction\",\"target\":[\"https:\\\/\\\/www.rassegnastampa-totustuus.it\\\/cattolica\\\/essere-antirazzisti-non-basta-piu\\\/\"]}]},{\"@type\":\"ImageObject\",\"inLanguage\":\"it-IT\",\"@id\":\"https:\\\/\\\/www.rassegnastampa-totustuus.it\\\/cattolica\\\/essere-antirazzisti-non-basta-piu\\\/#primaryimage\",\"url\":\"https:\\\/\\\/www.rassegnastampa-totustuus.it\\\/cattolica\\\/wp-content\\\/uploads\\\/2021\\\/09\\\/woke_rivoluzione.jpg\",\"contentUrl\":\"https:\\\/\\\/www.rassegnastampa-totustuus.it\\\/cattolica\\\/wp-content\\\/uploads\\\/2021\\\/09\\\/woke_rivoluzione.jpg\",\"width\":1356,\"height\":668},{\"@type\":\"BreadcrumbList\",\"@id\":\"https:\\\/\\\/www.rassegnastampa-totustuus.it\\\/cattolica\\\/essere-antirazzisti-non-basta-piu\\\/#breadcrumb\",\"itemListElement\":[{\"@type\":\"ListItem\",\"position\":1,\"name\":\"Home\",\"item\":\"https:\\\/\\\/www.rassegnastampa-totustuus.it\\\/cattolica\\\/\"},{\"@type\":\"ListItem\",\"position\":2,\"name\":\"Essere antirazzisti non basta pi\u00f9\"}]},{\"@type\":\"WebSite\",\"@id\":\"https:\\\/\\\/www.rassegnastampa-totustuus.it\\\/cattolica\\\/#website\",\"url\":\"https:\\\/\\\/www.rassegnastampa-totustuus.it\\\/cattolica\\\/\",\"name\":\"Rassegna Stampa Cattolica\",\"description\":\"Per una cultura che nasce dalla Rivelazione cristiana in conformit\u00e0 alla tradizione e al Magistero della Chiesa in opposizione ad ogni relativismo e totalitarismo\",\"publisher\":{\"@id\":\"https:\\\/\\\/www.rassegnastampa-totustuus.it\\\/cattolica\\\/#organization\"},\"alternateName\":\"Rass. Cattolica\",\"potentialAction\":[{\"@type\":\"SearchAction\",\"target\":{\"@type\":\"EntryPoint\",\"urlTemplate\":\"https:\\\/\\\/www.rassegnastampa-totustuus.it\\\/cattolica\\\/?s={search_term_string}\"},\"query-input\":{\"@type\":\"PropertyValueSpecification\",\"valueRequired\":true,\"valueName\":\"search_term_string\"}}],\"inLanguage\":\"it-IT\"},{\"@type\":\"Organization\",\"@id\":\"https:\\\/\\\/www.rassegnastampa-totustuus.it\\\/cattolica\\\/#organization\",\"name\":\"Rassegna Stampa Cattolica\",\"url\":\"https:\\\/\\\/www.rassegnastampa-totustuus.it\\\/cattolica\\\/\",\"logo\":{\"@type\":\"ImageObject\",\"inLanguage\":\"it-IT\",\"@id\":\"https:\\\/\\\/www.rassegnastampa-totustuus.it\\\/cattolica\\\/#\\\/schema\\\/logo\\\/image\\\/\",\"url\":\"https:\\\/\\\/www.rassegnastampa-totustuus.it\\\/cattolica\\\/wp-content\\\/uploads\\\/2014\\\/04\\\/logo-rassegna1.gif\",\"contentUrl\":\"https:\\\/\\\/www.rassegnastampa-totustuus.it\\\/cattolica\\\/wp-content\\\/uploads\\\/2014\\\/04\\\/logo-rassegna1.gif\",\"width\":600,\"height\":163,\"caption\":\"Rassegna Stampa Cattolica\"},\"image\":{\"@id\":\"https:\\\/\\\/www.rassegnastampa-totustuus.it\\\/cattolica\\\/#\\\/schema\\\/logo\\\/image\\\/\"},\"sameAs\":[\"https:\\\/\\\/www.facebook.com\\\/rassegnastampacattolica\",\"https:\\\/\\\/x.com\\\/rassegnastampa9\"]},{\"@type\":\"Person\",\"@id\":\"https:\\\/\\\/www.rassegnastampa-totustuus.it\\\/cattolica\\\/#\\\/schema\\\/person\\\/08f319d2bd1a0904ad9e2bfb7b15e5c3\",\"name\":\"Redazione\",\"image\":{\"@type\":\"ImageObject\",\"inLanguage\":\"it-IT\",\"@id\":\"https:\\\/\\\/secure.gravatar.com\\\/avatar\\\/2fcdf27c78ea025fbdb44e914cc63c72249ffec9dc8aafd5c82b26240ef3f346?s=96&d=mm&r=g\",\"url\":\"https:\\\/\\\/secure.gravatar.com\\\/avatar\\\/2fcdf27c78ea025fbdb44e914cc63c72249ffec9dc8aafd5c82b26240ef3f346?s=96&d=mm&r=g\",\"contentUrl\":\"https:\\\/\\\/secure.gravatar.com\\\/avatar\\\/2fcdf27c78ea025fbdb44e914cc63c72249ffec9dc8aafd5c82b26240ef3f346?s=96&d=mm&r=g\",\"caption\":\"Redazione\"},\"url\":\"https:\\\/\\\/www.rassegnastampa-totustuus.it\\\/cattolica\\\/author\\\/pietroelle\\\/\"}]}<\/script>\n<!-- \/ Yoast SEO plugin. -->","yoast_head_json":{"title":"Essere antirazzisti non basta pi\u00f9 - Rassegna Stampa Cattolica","description":"Essere antirazzisti non basta pi\u00f9. Tony Sewell, nero, \"cancellato\" perch\u00e9 non denuncia con suffiiente forza la la societ\u00e0 razzista","robots":{"index":"index","follow":"follow","max-snippet":"max-snippet:-1","max-image-preview":"max-image-preview:large","max-video-preview":"max-video-preview:-1"},"canonical":"https:\/\/www.rassegnastampa-totustuus.it\/cattolica\/essere-antirazzisti-non-basta-piu\/","og_locale":"it_IT","og_type":"article","og_title":"Essere antirazzisti non basta pi\u00f9 - Rassegna Stampa Cattolica","og_description":"Essere antirazzisti non basta pi\u00f9. Tony Sewell, nero, \"cancellato\" perch\u00e9 non denuncia con suffiiente forza la la societ\u00e0 razzista","og_url":"https:\/\/www.rassegnastampa-totustuus.it\/cattolica\/essere-antirazzisti-non-basta-piu\/","og_site_name":"Rassegna Stampa Cattolica","article_publisher":"https:\/\/www.facebook.com\/rassegnastampacattolica","article_published_time":"2022-04-20T22:00:54+00:00","article_modified_time":"2024-04-27T12:39:56+00:00","og_image":[{"width":1356,"height":668,"url":"https:\/\/www.rassegnastampa-totustuus.it\/cattolica\/wp-content\/uploads\/2021\/09\/woke_rivoluzione.jpg","type":"image\/jpeg"}],"author":"Redazione","twitter_card":"summary_large_image","twitter_creator":"@rassegnastampa9","twitter_site":"@rassegnastampa9","twitter_misc":{"Scritto da":"Redazione","Tempo di lettura stimato":"6 minuti"},"schema":{"@context":"https:\/\/schema.org","@graph":[{"@type":"Article","@id":"https:\/\/www.rassegnastampa-totustuus.it\/cattolica\/essere-antirazzisti-non-basta-piu\/#article","isPartOf":{"@id":"https:\/\/www.rassegnastampa-totustuus.it\/cattolica\/essere-antirazzisti-non-basta-piu\/"},"author":{"name":"Redazione","@id":"https:\/\/www.rassegnastampa-totustuus.it\/cattolica\/#\/schema\/person\/08f319d2bd1a0904ad9e2bfb7b15e5c3"},"headline":"Essere antirazzisti non basta pi\u00f9","datePublished":"2022-04-20T22:00:54+00:00","dateModified":"2024-04-27T12:39:56+00:00","mainEntityOfPage":{"@id":"https:\/\/www.rassegnastampa-totustuus.it\/cattolica\/essere-antirazzisti-non-basta-piu\/"},"wordCount":789,"publisher":{"@id":"https:\/\/www.rassegnastampa-totustuus.it\/cattolica\/#organization"},"image":{"@id":"https:\/\/www.rassegnastampa-totustuus.it\/cattolica\/essere-antirazzisti-non-basta-piu\/#primaryimage"},"thumbnailUrl":"https:\/\/www.rassegnastampa-totustuus.it\/cattolica\/wp-content\/uploads\/2021\/09\/woke_rivoluzione.jpg","keywords":["crisi dell&#039;Occidente","Gran Bretagna","paesi e continenti","sguardo sul nostro tempo","woke revolution"],"articleSection":["Paesi e continenti","Sguardo sul nostro tempo"],"inLanguage":"it-IT"},{"@type":"WebPage","@id":"https:\/\/www.rassegnastampa-totustuus.it\/cattolica\/essere-antirazzisti-non-basta-piu\/","url":"https:\/\/www.rassegnastampa-totustuus.it\/cattolica\/essere-antirazzisti-non-basta-piu\/","name":"Essere antirazzisti non basta pi\u00f9 - Rassegna Stampa Cattolica","isPartOf":{"@id":"https:\/\/www.rassegnastampa-totustuus.it\/cattolica\/#website"},"primaryImageOfPage":{"@id":"https:\/\/www.rassegnastampa-totustuus.it\/cattolica\/essere-antirazzisti-non-basta-piu\/#primaryimage"},"image":{"@id":"https:\/\/www.rassegnastampa-totustuus.it\/cattolica\/essere-antirazzisti-non-basta-piu\/#primaryimage"},"thumbnailUrl":"https:\/\/www.rassegnastampa-totustuus.it\/cattolica\/wp-content\/uploads\/2021\/09\/woke_rivoluzione.jpg","datePublished":"2022-04-20T22:00:54+00:00","dateModified":"2024-04-27T12:39:56+00:00","description":"Essere antirazzisti non basta pi\u00f9. Tony Sewell, nero, \"cancellato\" perch\u00e9 non denuncia con suffiiente forza la la societ\u00e0 razzista","breadcrumb":{"@id":"https:\/\/www.rassegnastampa-totustuus.it\/cattolica\/essere-antirazzisti-non-basta-piu\/#breadcrumb"},"inLanguage":"it-IT","potentialAction":[{"@type":"ReadAction","target":["https:\/\/www.rassegnastampa-totustuus.it\/cattolica\/essere-antirazzisti-non-basta-piu\/"]}]},{"@type":"ImageObject","inLanguage":"it-IT","@id":"https:\/\/www.rassegnastampa-totustuus.it\/cattolica\/essere-antirazzisti-non-basta-piu\/#primaryimage","url":"https:\/\/www.rassegnastampa-totustuus.it\/cattolica\/wp-content\/uploads\/2021\/09\/woke_rivoluzione.jpg","contentUrl":"https:\/\/www.rassegnastampa-totustuus.it\/cattolica\/wp-content\/uploads\/2021\/09\/woke_rivoluzione.jpg","width":1356,"height":668},{"@type":"BreadcrumbList","@id":"https:\/\/www.rassegnastampa-totustuus.it\/cattolica\/essere-antirazzisti-non-basta-piu\/#breadcrumb","itemListElement":[{"@type":"ListItem","position":1,"name":"Home","item":"https:\/\/www.rassegnastampa-totustuus.it\/cattolica\/"},{"@type":"ListItem","position":2,"name":"Essere antirazzisti non basta pi\u00f9"}]},{"@type":"WebSite","@id":"https:\/\/www.rassegnastampa-totustuus.it\/cattolica\/#website","url":"https:\/\/www.rassegnastampa-totustuus.it\/cattolica\/","name":"Rassegna Stampa Cattolica","description":"Per una cultura che nasce dalla Rivelazione cristiana in conformit\u00e0 alla tradizione e al Magistero della Chiesa in opposizione ad ogni relativismo e totalitarismo","publisher":{"@id":"https:\/\/www.rassegnastampa-totustuus.it\/cattolica\/#organization"},"alternateName":"Rass. Cattolica","potentialAction":[{"@type":"SearchAction","target":{"@type":"EntryPoint","urlTemplate":"https:\/\/www.rassegnastampa-totustuus.it\/cattolica\/?s={search_term_string}"},"query-input":{"@type":"PropertyValueSpecification","valueRequired":true,"valueName":"search_term_string"}}],"inLanguage":"it-IT"},{"@type":"Organization","@id":"https:\/\/www.rassegnastampa-totustuus.it\/cattolica\/#organization","name":"Rassegna Stampa Cattolica","url":"https:\/\/www.rassegnastampa-totustuus.it\/cattolica\/","logo":{"@type":"ImageObject","inLanguage":"it-IT","@id":"https:\/\/www.rassegnastampa-totustuus.it\/cattolica\/#\/schema\/logo\/image\/","url":"https:\/\/www.rassegnastampa-totustuus.it\/cattolica\/wp-content\/uploads\/2014\/04\/logo-rassegna1.gif","contentUrl":"https:\/\/www.rassegnastampa-totustuus.it\/cattolica\/wp-content\/uploads\/2014\/04\/logo-rassegna1.gif","width":600,"height":163,"caption":"Rassegna Stampa Cattolica"},"image":{"@id":"https:\/\/www.rassegnastampa-totustuus.it\/cattolica\/#\/schema\/logo\/image\/"},"sameAs":["https:\/\/www.facebook.com\/rassegnastampacattolica","https:\/\/x.com\/rassegnastampa9"]},{"@type":"Person","@id":"https:\/\/www.rassegnastampa-totustuus.it\/cattolica\/#\/schema\/person\/08f319d2bd1a0904ad9e2bfb7b15e5c3","name":"Redazione","image":{"@type":"ImageObject","inLanguage":"it-IT","@id":"https:\/\/secure.gravatar.com\/avatar\/2fcdf27c78ea025fbdb44e914cc63c72249ffec9dc8aafd5c82b26240ef3f346?s=96&d=mm&r=g","url":"https:\/\/secure.gravatar.com\/avatar\/2fcdf27c78ea025fbdb44e914cc63c72249ffec9dc8aafd5c82b26240ef3f346?s=96&d=mm&r=g","contentUrl":"https:\/\/secure.gravatar.com\/avatar\/2fcdf27c78ea025fbdb44e914cc63c72249ffec9dc8aafd5c82b26240ef3f346?s=96&d=mm&r=g","caption":"Redazione"},"url":"https:\/\/www.rassegnastampa-totustuus.it\/cattolica\/author\/pietroelle\/"}]}},"_links":{"self":[{"href":"https:\/\/www.rassegnastampa-totustuus.it\/cattolica\/wp-json\/wp\/v2\/posts\/53945","targetHints":{"allow":["GET"]}}],"collection":[{"href":"https:\/\/www.rassegnastampa-totustuus.it\/cattolica\/wp-json\/wp\/v2\/posts"}],"about":[{"href":"https:\/\/www.rassegnastampa-totustuus.it\/cattolica\/wp-json\/wp\/v2\/types\/post"}],"author":[{"embeddable":true,"href":"https:\/\/www.rassegnastampa-totustuus.it\/cattolica\/wp-json\/wp\/v2\/users\/6"}],"replies":[{"embeddable":true,"href":"https:\/\/www.rassegnastampa-totustuus.it\/cattolica\/wp-json\/wp\/v2\/comments?post=53945"}],"version-history":[{"count":2,"href":"https:\/\/www.rassegnastampa-totustuus.it\/cattolica\/wp-json\/wp\/v2\/posts\/53945\/revisions"}],"predecessor-version":[{"id":60244,"href":"https:\/\/www.rassegnastampa-totustuus.it\/cattolica\/wp-json\/wp\/v2\/posts\/53945\/revisions\/60244"}],"wp:featuredmedia":[{"embeddable":true,"href":"https:\/\/www.rassegnastampa-totustuus.it\/cattolica\/wp-json\/wp\/v2\/media\/52437"}],"wp:attachment":[{"href":"https:\/\/www.rassegnastampa-totustuus.it\/cattolica\/wp-json\/wp\/v2\/media?parent=53945"}],"wp:term":[{"taxonomy":"category","embeddable":true,"href":"https:\/\/www.rassegnastampa-totustuus.it\/cattolica\/wp-json\/wp\/v2\/categories?post=53945"},{"taxonomy":"post_tag","embeddable":true,"href":"https:\/\/www.rassegnastampa-totustuus.it\/cattolica\/wp-json\/wp\/v2\/tags?post=53945"}],"curies":[{"name":"wp","href":"https:\/\/api.w.org\/{rel}","templated":true}]}}