{"id":539,"date":"2005-05-21T00:00:00","date_gmt":"2005-05-20T22:00:00","guid":{"rendered":""},"modified":"2016-03-23T11:36:18","modified_gmt":"2016-03-23T10:36:18","slug":"la-carta-deuropa-testo-deludente-freddo-e-giacobino","status":"publish","type":"post","link":"https:\/\/www.rassegnastampa-totustuus.it\/cattolica\/la-carta-deuropa-testo-deludente-freddo-e-giacobino\/","title":{"rendered":"La carta d&#8217;Europa testo deludente: freddo e giacobino"},"content":{"rendered":"<div style=\"text-align: justify;\">\n<div id=\"attachment_32095\" style=\"width: 240px\" class=\"wp-caption alignleft\"><img loading=\"lazy\" decoding=\"async\" aria-describedby=\"caption-attachment-32095\" class=\"wp-image-32095\" src=\"https:\/\/www.rassegnastampa-totustuus.it\/cattolica\/wp-content\/uploads\/2005\/05\/firma_costituz_EU.jpg\" alt=\"firma_costituz_EU\" width=\"240\" height=\"189\" \/><p id=\"caption-attachment-32095\" class=\"wp-caption-text\">Firma del trattato e dell&#8217;atto finale che stabiliscono una Costituzione per l&#8217;Europa<\/p><\/div>\n<p><em>Ogni Costituzione nasce da un entusiasmo, da una passione e da una mobilitazione che questa Carta non ha certo alle spalle. Ma se la posta in gioco \u00e8 davvero l&#8217;identit\u00e0 dell&#8217;Europa, meraviglia soprattutto il disinteresse e la distrazione che le forze politiche pi\u00f9 rappresentative hanno dimostrato finora nel Parlamento europeo e nei Parlamenti nazionali<\/em><\/div>\n<p style=\"text-align: center;\">di <strong>Romanello Cantini<\/strong><\/p>\n<p><!--more--><\/p>\n<div style=\"text-align: justify;\">La Carta dei diritti fondamentali dell&#8217;Unione Europea che la Commissione di Bruxelles ha reso nota nelle ultime settimane e che il nostro Parlamento sta ora discutendo, \u00e8 insieme un documento importante ma anche in buona parte deludente. Da un lato la proclamazione a chiare lettere dei diritti essenziali che l&#8217;Unione intende far propri ha un effetto selettivo e trascinante. Si pensi, ad esempio, al monito che il rifiuto della pena di morte rappresenta per altri Paesi europei o per Paesi che bussano alla porta dell&#8217;Unione pur mantenendo nel loro ordinamento la pena capitale.<\/div>\n<p style=\"text-align: justify;\">E si immagini ancora quale effetto di spinta pu\u00f2 avere la parte che riguarda i diritti sociali per molti Paesi dell&#8217;Europa dell&#8217;Est ancora lontani dai livelli di protezione sociale che la Carta richiede. Ma un principio di Costituzione ha valore soprattutto per il grado di omogeneit\u00e0 interna che una Carta fondamentale pu\u00f2 suggerire, per una condivisione di valori facilmente riconoscibile e tale da far individuare l&#8217;aspirazione profonda che la anima. Ogni Costituzione \u00e8 per sua natura anche un compromesso, ma la mediazione raggiunge un risultato quando compie una sintesi e non un&#8217;emarginazione dei valori in discussione.<\/p>\n<p style=\"text-align: justify;\">Invece in molti punti della Carta Europea si ha l&#8217;impressione che gli estensori del documento abbiano voluto o dovuto girare al largo dalle radici. Per rincorrere l&#8217;unanimit\u00e0 si \u00e8 persa per strada la specificit\u00e0. Per essere onnicomprensivi si \u00e8 rinunciato a essere incisivi. Si \u00e8 voluto tenere conto dell&#8217;opposizione della Francia al richiamo all&#8217;eredit\u00e0 religiosa del continente, cancellando di fatto la stessa carta d&#8217;identit\u00e0 dell&#8217;idea d&#8217;Europa nata appunto mille anni or sono non da altro che da questa dimensione e fisionomia cristiana. Per soddisfare le obiezioni inglesi si \u00e8 dovuta annacquare la parte sociale della Carta, tanto che in essa non appare, a differenza della nostra stessa Costituzione, nessun riconoscimento esplicito del diritto al lavoro e del diritto all&#8217;abitazione.<\/p>\n<p style=\"text-align: justify;\">Il risultato \u00e8 che spesso la Carta risulta pi\u00f9 un elenco che un discorso. In molti punti si avverte una sorta di freddo tecnicismo giuridico, basato sulla ricezione automatica di una serie di diritti anche nuovi, ma ormai cos\u00ec consolidati nel sentire comune da risultare perfino innocui e talvolta banali. Dopo cinquant&#8217;anni dalla prima Dichiarazione dei diritti dell&#8217;Unione Europea, e con tutto quello che di nuovo e di inquietante \u00e8 apparso nel frattempo (si pensi solo ai problemi posti dalla bioetica, alla crisi di natalit\u00e0, ai rapporti irrisolti di sussidiariet\u00e0 che stanno scuotendo gli Stati nazionali), \u00e8 spesso proprio sul presente che attende una risposta che si tace o si evade.<\/p>\n<p style=\"text-align: justify;\">Al di l\u00e0 del censimento apparentemente neutro e freddo dei diritti rivendicati da chiunque e dovunque negli ultimi anni, si ha spesso l&#8217;impressione che se si ricerca una qualche ispirazione sotterranea di questo documento, essa appare pi\u00f9 giacobina che democratica, pi\u00f9 individualista che comunitaria. In un certo senso si potrebbe dire pi\u00f9 francese che europea. Non c&#8217;\u00e8 praticamente niente nella Carta che faccia richiamo al Pluralismo civile e istituzionale, al riconoscimento delle comunit\u00e0 intermedie e alla loro libert\u00e0, non tanto e non solo per quanto riguarda la famiglia, ma anche per gli enti locali, per la scuola, per la cultura, per le associazioni, per le Chiese, perfino per la realt\u00e0 sovracomunitaria e mondiale.<\/p>\n<p style=\"text-align: justify;\">In qualche caso si ha la sorpresa di un arretramento o di una timidezza rispetto addirittura a documenti di oltre mezzo secolo fa. Proviamo, ad esempio, a confrontare l&#8217;articolo della Carta dove la famiglia \u00e8 vista solo come oggetto di protezione sociale, con l&#8217;articolo molto pi\u00f9 pregnante sul piano dei valori della Dichiarazione universale dei diritti dell&#8217;uomo del 1948: \u00abLa famiglia \u00e8 il nucleo naturale della societ\u00e0 e ha diritto a essere protetta dalla societ\u00e0 e dallo Stato\u00bb.<\/p>\n<p style=\"text-align: justify;\">Oppure proviamo ad accostare l&#8217;articolo della Carta dove la libert\u00e0 di educazione viene di fatto affidata alla discrezione delle varie leggi nazionali con l&#8217;articolo molto pi\u00f9 prescrittivo ed eversivo dello statalismo della stessa Dichiarazione: &#8220;I genitori hanno diritto di priorit\u00e0 nella scelta del genere di istruzione da impartire ai loro figli&#8221;. Sempre nei riguardi della protezione della famiglia, la stessa Carta Sociale Europea del 1961 va molto pi\u00f9 in l\u00e0 quando obbliga gli Stati \u00aba promuovere la protezione economica e sociale della vita familiare, per mezzo di prestazioni sociali e familiari, di disposizioni fiscali, di incoraggiamento alla costruzione di alloggi adeguati ai bisogni delle famiglie, di aiuti ai nuovi focolari, e di ogni altra misura idonea\u00bb.<\/p>\n<p style=\"text-align: justify;\">In effetti \u00e8 inutile nascondersi che in Europa ormai non siamo pi\u00f9 nemmeno tutti d&#8217;accordo sul concetto di famiglia, come ha dimostrato per ultima l&#8217;Olanda equiparando le unioni di fatto anche fra omosessuali alla famiglia. E da questo punto di vista \u00e8 certo che non cancella le perplessit\u00e0 un articolo estremamente generico e relativistico della Carta, l\u00e0 dove si afferma che \u00abIl diritto di costituire una famiglia\u00bb \u00e8 garantito \u00absecondo le leggi nazionali che ne disciplinano l&#8217;esercizio\u00bb.<\/p>\n<p style=\"text-align: justify;\">Del resto la confusione che ormai regna negli Stati dell&#8217;Unione Europea sulla stessa visione della persona umana, non \u00e8 certo risolta da una Carta che, per non incontrare opposizioni, proibisce la clonazione, ma solo quella &#8220;riproduttiva&#8221;, protegge l&#8217;integrit\u00e0 fisica del corpo umano ma solo quando se ne fa &#8220;una fonte di lucro&#8221; e in pratica lascia libero spazio a gran parte delle sperimentazioni genetiche. In effetti fino a oggi non sono chiari nemmeno il valore giuridico e il destino di questa Carta.<\/p>\n<p style=\"text-align: justify;\">Non sappiamo se essa sar\u00e0 l&#8217;ennesimo documento prodotto dall&#8217;Unione Europea, o invece il nocciolo di una Costituzione comunitaria. In quest&#8217;ultimo caso, l'&#8221;Assemblea Costituente&#8221; non pu\u00f2 essere rappresentata certo da una Commissione come quella che ha redatto la Carta e in parte composta da rappresentanti anche senza investitura popolare.<\/p>\n<p style=\"text-align: justify;\">Ogni Costituzione nasce da un entusiasmo, da una passione e da una mobilitazione che questa Carta non ha certo alle spalle. Ma se la posta in gioco \u00e8 davvero l&#8217;identit\u00e0 dell&#8217;Europa, meraviglia soprattutto il disinteresse e la distrazione che le forze politiche pi\u00f9 rappresentative hanno dimostrato finora nel Parlamento europeo e nei Parlamenti nazionali. I movimenti che almeno a parole si richiamano all&#8217;ispirazione cristiana e che in teoria dovrebbero essere in maggioranza nel Parlamento europeo, dovrebbero finalmente accorgersi che non si discute ora delle solite sovvenzioni o rottamazioni, ma n\u00e9 pi\u00f9 n\u00e9 meno del sostegno o della demolizione della qualit\u00e0 della civilt\u00e0 dell&#8217;Europa.<\/p>\n","protected":false},"excerpt":{"rendered":"<p>Ogni Costituzione nasce da un entusiasmo, da una passione e da una mobilitazione che questa Carta non ha certo alle spalle. Ma se la posta in gioco \u00e8 davvero l&#8217;identit\u00e0 dell&#8217;Europa, meraviglia soprattutto il disinteresse e la distrazione che le forze politiche pi\u00f9 rappresentative hanno dimostrato finora nel Parlamento europeo e nei Parlamenti nazionali di &hellip; <\/p>\n<p><a class=\"more-link btn\" href=\"https:\/\/www.rassegnastampa-totustuus.it\/cattolica\/la-carta-deuropa-testo-deludente-freddo-e-giacobino\/\">Continua a leggere<\/a><\/p>\n","protected":false},"author":6,"featured_media":32095,"comment_status":"closed","ping_status":"open","sticky":false,"template":"","format":"standard","meta":{"footnotes":""},"categories":[14],"tags":[599,439],"class_list":["post-539","post","type-post","status-publish","format-standard","has-post-thumbnail","hentry","category-europa-e-ue","tag-costituzione-ue","tag-europa-ue","item-wrap"],"yoast_head":"<!-- This site is optimized with the Yoast SEO plugin v27.5 - https:\/\/yoast.com\/product\/yoast-seo-wordpress\/ -->\n<title>La carta d&#039;Europa testo deludente: freddo e giacobino - Rassegna Stampa Cattolica<\/title>\n<meta name=\"description\" content=\"Rassegna Stampa Cattolica - Per una cultura che nasce dalla Rivelazione cristiana in conformit\u00e0 alla tradizione e al Magistero della Chiesa in opposizione ad ogni relativismo e totalitarismo\" \/>\n<meta name=\"robots\" content=\"index, follow, max-snippet:-1, max-image-preview:large, max-video-preview:-1\" \/>\n<link rel=\"canonical\" href=\"https:\/\/www.rassegnastampa-totustuus.it\/cattolica\/la-carta-deuropa-testo-deludente-freddo-e-giacobino\/\" \/>\n<meta property=\"og:locale\" content=\"it_IT\" \/>\n<meta property=\"og:type\" content=\"article\" \/>\n<meta property=\"og:title\" content=\"La carta d&#039;Europa testo deludente: freddo e giacobino - Rassegna Stampa Cattolica\" \/>\n<meta property=\"og:description\" content=\"Rassegna Stampa Cattolica - Per una cultura che nasce dalla Rivelazione cristiana in conformit\u00e0 alla tradizione e al Magistero della Chiesa in opposizione ad ogni relativismo e totalitarismo\" \/>\n<meta property=\"og:url\" content=\"https:\/\/www.rassegnastampa-totustuus.it\/cattolica\/la-carta-deuropa-testo-deludente-freddo-e-giacobino\/\" \/>\n<meta property=\"og:site_name\" content=\"Rassegna Stampa Cattolica\" \/>\n<meta property=\"article:publisher\" content=\"https:\/\/www.facebook.com\/rassegnastampacattolica\" \/>\n<meta property=\"article:published_time\" content=\"2005-05-20T22:00:00+00:00\" \/>\n<meta property=\"article:modified_time\" content=\"2016-03-23T10:36:18+00:00\" \/>\n<meta property=\"og:image\" content=\"https:\/\/www.rassegnastampa-totustuus.it\/cattolica\/wp-content\/uploads\/2005\/05\/firma_costituz_EU.jpg\" \/>\n\t<meta property=\"og:image:width\" content=\"253\" \/>\n\t<meta property=\"og:image:height\" content=\"199\" \/>\n\t<meta property=\"og:image:type\" content=\"image\/jpeg\" \/>\n<meta name=\"author\" content=\"Redazione\" \/>\n<meta name=\"twitter:card\" content=\"summary_large_image\" \/>\n<meta name=\"twitter:creator\" content=\"@rassegnastampa9\" \/>\n<meta name=\"twitter:site\" content=\"@rassegnastampa9\" \/>\n<meta name=\"twitter:label1\" content=\"Scritto da\" \/>\n\t<meta name=\"twitter:data1\" content=\"Redazione\" \/>\n\t<meta name=\"twitter:label2\" content=\"Tempo di lettura stimato\" \/>\n\t<meta name=\"twitter:data2\" content=\"5 minuti\" \/>\n<script type=\"application\/ld+json\" class=\"yoast-schema-graph\">{\"@context\":\"https:\\\/\\\/schema.org\",\"@graph\":[{\"@type\":\"Article\",\"@id\":\"https:\\\/\\\/www.rassegnastampa-totustuus.it\\\/cattolica\\\/la-carta-deuropa-testo-deludente-freddo-e-giacobino\\\/#article\",\"isPartOf\":{\"@id\":\"https:\\\/\\\/www.rassegnastampa-totustuus.it\\\/cattolica\\\/la-carta-deuropa-testo-deludente-freddo-e-giacobino\\\/\"},\"author\":{\"name\":\"Redazione\",\"@id\":\"https:\\\/\\\/www.rassegnastampa-totustuus.it\\\/cattolica\\\/#\\\/schema\\\/person\\\/08f319d2bd1a0904ad9e2bfb7b15e5c3\"},\"headline\":\"La carta d&#8217;Europa testo deludente: freddo e giacobino\",\"datePublished\":\"2005-05-20T22:00:00+00:00\",\"dateModified\":\"2016-03-23T10:36:18+00:00\",\"mainEntityOfPage\":{\"@id\":\"https:\\\/\\\/www.rassegnastampa-totustuus.it\\\/cattolica\\\/la-carta-deuropa-testo-deludente-freddo-e-giacobino\\\/\"},\"wordCount\":1142,\"publisher\":{\"@id\":\"https:\\\/\\\/www.rassegnastampa-totustuus.it\\\/cattolica\\\/#organization\"},\"image\":{\"@id\":\"https:\\\/\\\/www.rassegnastampa-totustuus.it\\\/cattolica\\\/la-carta-deuropa-testo-deludente-freddo-e-giacobino\\\/#primaryimage\"},\"thumbnailUrl\":\"https:\\\/\\\/www.rassegnastampa-totustuus.it\\\/cattolica\\\/wp-content\\\/uploads\\\/2005\\\/05\\\/firma_costituz_EU.jpg\",\"keywords\":[\"costituzione UE\",\"Europa UE\"],\"articleSection\":[\"Europa e UE\"],\"inLanguage\":\"it-IT\"},{\"@type\":\"WebPage\",\"@id\":\"https:\\\/\\\/www.rassegnastampa-totustuus.it\\\/cattolica\\\/la-carta-deuropa-testo-deludente-freddo-e-giacobino\\\/\",\"url\":\"https:\\\/\\\/www.rassegnastampa-totustuus.it\\\/cattolica\\\/la-carta-deuropa-testo-deludente-freddo-e-giacobino\\\/\",\"name\":\"La carta d'Europa testo deludente: freddo e giacobino - Rassegna Stampa Cattolica\",\"isPartOf\":{\"@id\":\"https:\\\/\\\/www.rassegnastampa-totustuus.it\\\/cattolica\\\/#website\"},\"primaryImageOfPage\":{\"@id\":\"https:\\\/\\\/www.rassegnastampa-totustuus.it\\\/cattolica\\\/la-carta-deuropa-testo-deludente-freddo-e-giacobino\\\/#primaryimage\"},\"image\":{\"@id\":\"https:\\\/\\\/www.rassegnastampa-totustuus.it\\\/cattolica\\\/la-carta-deuropa-testo-deludente-freddo-e-giacobino\\\/#primaryimage\"},\"thumbnailUrl\":\"https:\\\/\\\/www.rassegnastampa-totustuus.it\\\/cattolica\\\/wp-content\\\/uploads\\\/2005\\\/05\\\/firma_costituz_EU.jpg\",\"datePublished\":\"2005-05-20T22:00:00+00:00\",\"dateModified\":\"2016-03-23T10:36:18+00:00\",\"description\":\"Rassegna Stampa Cattolica - Per una cultura che nasce dalla Rivelazione cristiana in conformit\u00e0 alla tradizione e al Magistero della Chiesa in opposizione ad ogni relativismo e totalitarismo\",\"breadcrumb\":{\"@id\":\"https:\\\/\\\/www.rassegnastampa-totustuus.it\\\/cattolica\\\/la-carta-deuropa-testo-deludente-freddo-e-giacobino\\\/#breadcrumb\"},\"inLanguage\":\"it-IT\",\"potentialAction\":[{\"@type\":\"ReadAction\",\"target\":[\"https:\\\/\\\/www.rassegnastampa-totustuus.it\\\/cattolica\\\/la-carta-deuropa-testo-deludente-freddo-e-giacobino\\\/\"]}]},{\"@type\":\"ImageObject\",\"inLanguage\":\"it-IT\",\"@id\":\"https:\\\/\\\/www.rassegnastampa-totustuus.it\\\/cattolica\\\/la-carta-deuropa-testo-deludente-freddo-e-giacobino\\\/#primaryimage\",\"url\":\"https:\\\/\\\/www.rassegnastampa-totustuus.it\\\/cattolica\\\/wp-content\\\/uploads\\\/2005\\\/05\\\/firma_costituz_EU.jpg\",\"contentUrl\":\"https:\\\/\\\/www.rassegnastampa-totustuus.it\\\/cattolica\\\/wp-content\\\/uploads\\\/2005\\\/05\\\/firma_costituz_EU.jpg\",\"width\":253,\"height\":199},{\"@type\":\"BreadcrumbList\",\"@id\":\"https:\\\/\\\/www.rassegnastampa-totustuus.it\\\/cattolica\\\/la-carta-deuropa-testo-deludente-freddo-e-giacobino\\\/#breadcrumb\",\"itemListElement\":[{\"@type\":\"ListItem\",\"position\":1,\"name\":\"Home\",\"item\":\"https:\\\/\\\/www.rassegnastampa-totustuus.it\\\/cattolica\\\/\"},{\"@type\":\"ListItem\",\"position\":2,\"name\":\"La carta d&#8217;Europa testo deludente: freddo e giacobino\"}]},{\"@type\":\"WebSite\",\"@id\":\"https:\\\/\\\/www.rassegnastampa-totustuus.it\\\/cattolica\\\/#website\",\"url\":\"https:\\\/\\\/www.rassegnastampa-totustuus.it\\\/cattolica\\\/\",\"name\":\"Rassegna Stampa Cattolica\",\"description\":\"Per una cultura che nasce dalla Rivelazione cristiana in conformit\u00e0 alla tradizione e al Magistero della Chiesa in opposizione ad ogni relativismo e totalitarismo\",\"publisher\":{\"@id\":\"https:\\\/\\\/www.rassegnastampa-totustuus.it\\\/cattolica\\\/#organization\"},\"alternateName\":\"Rass. Cattolica\",\"potentialAction\":[{\"@type\":\"SearchAction\",\"target\":{\"@type\":\"EntryPoint\",\"urlTemplate\":\"https:\\\/\\\/www.rassegnastampa-totustuus.it\\\/cattolica\\\/?s={search_term_string}\"},\"query-input\":{\"@type\":\"PropertyValueSpecification\",\"valueRequired\":true,\"valueName\":\"search_term_string\"}}],\"inLanguage\":\"it-IT\"},{\"@type\":\"Organization\",\"@id\":\"https:\\\/\\\/www.rassegnastampa-totustuus.it\\\/cattolica\\\/#organization\",\"name\":\"Rassegna Stampa Cattolica\",\"url\":\"https:\\\/\\\/www.rassegnastampa-totustuus.it\\\/cattolica\\\/\",\"logo\":{\"@type\":\"ImageObject\",\"inLanguage\":\"it-IT\",\"@id\":\"https:\\\/\\\/www.rassegnastampa-totustuus.it\\\/cattolica\\\/#\\\/schema\\\/logo\\\/image\\\/\",\"url\":\"https:\\\/\\\/www.rassegnastampa-totustuus.it\\\/cattolica\\\/wp-content\\\/uploads\\\/2014\\\/04\\\/logo-rassegna1.gif\",\"contentUrl\":\"https:\\\/\\\/www.rassegnastampa-totustuus.it\\\/cattolica\\\/wp-content\\\/uploads\\\/2014\\\/04\\\/logo-rassegna1.gif\",\"width\":600,\"height\":163,\"caption\":\"Rassegna Stampa Cattolica\"},\"image\":{\"@id\":\"https:\\\/\\\/www.rassegnastampa-totustuus.it\\\/cattolica\\\/#\\\/schema\\\/logo\\\/image\\\/\"},\"sameAs\":[\"https:\\\/\\\/www.facebook.com\\\/rassegnastampacattolica\",\"https:\\\/\\\/x.com\\\/rassegnastampa9\"]},{\"@type\":\"Person\",\"@id\":\"https:\\\/\\\/www.rassegnastampa-totustuus.it\\\/cattolica\\\/#\\\/schema\\\/person\\\/08f319d2bd1a0904ad9e2bfb7b15e5c3\",\"name\":\"Redazione\",\"image\":{\"@type\":\"ImageObject\",\"inLanguage\":\"it-IT\",\"@id\":\"https:\\\/\\\/secure.gravatar.com\\\/avatar\\\/2fcdf27c78ea025fbdb44e914cc63c72249ffec9dc8aafd5c82b26240ef3f346?s=96&d=mm&r=g\",\"url\":\"https:\\\/\\\/secure.gravatar.com\\\/avatar\\\/2fcdf27c78ea025fbdb44e914cc63c72249ffec9dc8aafd5c82b26240ef3f346?s=96&d=mm&r=g\",\"contentUrl\":\"https:\\\/\\\/secure.gravatar.com\\\/avatar\\\/2fcdf27c78ea025fbdb44e914cc63c72249ffec9dc8aafd5c82b26240ef3f346?s=96&d=mm&r=g\",\"caption\":\"Redazione\"},\"url\":\"https:\\\/\\\/www.rassegnastampa-totustuus.it\\\/cattolica\\\/author\\\/pietroelle\\\/\"}]}<\/script>\n<!-- \/ Yoast SEO plugin. -->","yoast_head_json":{"title":"La carta d'Europa testo deludente: freddo e giacobino - Rassegna Stampa Cattolica","description":"Rassegna Stampa Cattolica - Per una cultura che nasce dalla Rivelazione cristiana in conformit\u00e0 alla tradizione e al Magistero della Chiesa in opposizione ad ogni relativismo e totalitarismo","robots":{"index":"index","follow":"follow","max-snippet":"max-snippet:-1","max-image-preview":"max-image-preview:large","max-video-preview":"max-video-preview:-1"},"canonical":"https:\/\/www.rassegnastampa-totustuus.it\/cattolica\/la-carta-deuropa-testo-deludente-freddo-e-giacobino\/","og_locale":"it_IT","og_type":"article","og_title":"La carta d'Europa testo deludente: freddo e giacobino - Rassegna Stampa Cattolica","og_description":"Rassegna Stampa Cattolica - Per una cultura che nasce dalla Rivelazione cristiana in conformit\u00e0 alla tradizione e al Magistero della Chiesa in opposizione ad ogni relativismo e totalitarismo","og_url":"https:\/\/www.rassegnastampa-totustuus.it\/cattolica\/la-carta-deuropa-testo-deludente-freddo-e-giacobino\/","og_site_name":"Rassegna Stampa Cattolica","article_publisher":"https:\/\/www.facebook.com\/rassegnastampacattolica","article_published_time":"2005-05-20T22:00:00+00:00","article_modified_time":"2016-03-23T10:36:18+00:00","og_image":[{"width":253,"height":199,"url":"https:\/\/www.rassegnastampa-totustuus.it\/cattolica\/wp-content\/uploads\/2005\/05\/firma_costituz_EU.jpg","type":"image\/jpeg"}],"author":"Redazione","twitter_card":"summary_large_image","twitter_creator":"@rassegnastampa9","twitter_site":"@rassegnastampa9","twitter_misc":{"Scritto da":"Redazione","Tempo di lettura stimato":"5 minuti"},"schema":{"@context":"https:\/\/schema.org","@graph":[{"@type":"Article","@id":"https:\/\/www.rassegnastampa-totustuus.it\/cattolica\/la-carta-deuropa-testo-deludente-freddo-e-giacobino\/#article","isPartOf":{"@id":"https:\/\/www.rassegnastampa-totustuus.it\/cattolica\/la-carta-deuropa-testo-deludente-freddo-e-giacobino\/"},"author":{"name":"Redazione","@id":"https:\/\/www.rassegnastampa-totustuus.it\/cattolica\/#\/schema\/person\/08f319d2bd1a0904ad9e2bfb7b15e5c3"},"headline":"La carta d&#8217;Europa testo deludente: freddo e giacobino","datePublished":"2005-05-20T22:00:00+00:00","dateModified":"2016-03-23T10:36:18+00:00","mainEntityOfPage":{"@id":"https:\/\/www.rassegnastampa-totustuus.it\/cattolica\/la-carta-deuropa-testo-deludente-freddo-e-giacobino\/"},"wordCount":1142,"publisher":{"@id":"https:\/\/www.rassegnastampa-totustuus.it\/cattolica\/#organization"},"image":{"@id":"https:\/\/www.rassegnastampa-totustuus.it\/cattolica\/la-carta-deuropa-testo-deludente-freddo-e-giacobino\/#primaryimage"},"thumbnailUrl":"https:\/\/www.rassegnastampa-totustuus.it\/cattolica\/wp-content\/uploads\/2005\/05\/firma_costituz_EU.jpg","keywords":["costituzione UE","Europa UE"],"articleSection":["Europa e UE"],"inLanguage":"it-IT"},{"@type":"WebPage","@id":"https:\/\/www.rassegnastampa-totustuus.it\/cattolica\/la-carta-deuropa-testo-deludente-freddo-e-giacobino\/","url":"https:\/\/www.rassegnastampa-totustuus.it\/cattolica\/la-carta-deuropa-testo-deludente-freddo-e-giacobino\/","name":"La carta d'Europa testo deludente: freddo e giacobino - Rassegna Stampa Cattolica","isPartOf":{"@id":"https:\/\/www.rassegnastampa-totustuus.it\/cattolica\/#website"},"primaryImageOfPage":{"@id":"https:\/\/www.rassegnastampa-totustuus.it\/cattolica\/la-carta-deuropa-testo-deludente-freddo-e-giacobino\/#primaryimage"},"image":{"@id":"https:\/\/www.rassegnastampa-totustuus.it\/cattolica\/la-carta-deuropa-testo-deludente-freddo-e-giacobino\/#primaryimage"},"thumbnailUrl":"https:\/\/www.rassegnastampa-totustuus.it\/cattolica\/wp-content\/uploads\/2005\/05\/firma_costituz_EU.jpg","datePublished":"2005-05-20T22:00:00+00:00","dateModified":"2016-03-23T10:36:18+00:00","description":"Rassegna Stampa Cattolica - Per una cultura che nasce dalla Rivelazione cristiana in conformit\u00e0 alla tradizione e al Magistero della Chiesa in opposizione ad ogni relativismo e totalitarismo","breadcrumb":{"@id":"https:\/\/www.rassegnastampa-totustuus.it\/cattolica\/la-carta-deuropa-testo-deludente-freddo-e-giacobino\/#breadcrumb"},"inLanguage":"it-IT","potentialAction":[{"@type":"ReadAction","target":["https:\/\/www.rassegnastampa-totustuus.it\/cattolica\/la-carta-deuropa-testo-deludente-freddo-e-giacobino\/"]}]},{"@type":"ImageObject","inLanguage":"it-IT","@id":"https:\/\/www.rassegnastampa-totustuus.it\/cattolica\/la-carta-deuropa-testo-deludente-freddo-e-giacobino\/#primaryimage","url":"https:\/\/www.rassegnastampa-totustuus.it\/cattolica\/wp-content\/uploads\/2005\/05\/firma_costituz_EU.jpg","contentUrl":"https:\/\/www.rassegnastampa-totustuus.it\/cattolica\/wp-content\/uploads\/2005\/05\/firma_costituz_EU.jpg","width":253,"height":199},{"@type":"BreadcrumbList","@id":"https:\/\/www.rassegnastampa-totustuus.it\/cattolica\/la-carta-deuropa-testo-deludente-freddo-e-giacobino\/#breadcrumb","itemListElement":[{"@type":"ListItem","position":1,"name":"Home","item":"https:\/\/www.rassegnastampa-totustuus.it\/cattolica\/"},{"@type":"ListItem","position":2,"name":"La carta d&#8217;Europa testo deludente: freddo e giacobino"}]},{"@type":"WebSite","@id":"https:\/\/www.rassegnastampa-totustuus.it\/cattolica\/#website","url":"https:\/\/www.rassegnastampa-totustuus.it\/cattolica\/","name":"Rassegna Stampa Cattolica","description":"Per una cultura che nasce dalla Rivelazione cristiana in conformit\u00e0 alla tradizione e al Magistero della Chiesa in opposizione ad ogni relativismo e totalitarismo","publisher":{"@id":"https:\/\/www.rassegnastampa-totustuus.it\/cattolica\/#organization"},"alternateName":"Rass. Cattolica","potentialAction":[{"@type":"SearchAction","target":{"@type":"EntryPoint","urlTemplate":"https:\/\/www.rassegnastampa-totustuus.it\/cattolica\/?s={search_term_string}"},"query-input":{"@type":"PropertyValueSpecification","valueRequired":true,"valueName":"search_term_string"}}],"inLanguage":"it-IT"},{"@type":"Organization","@id":"https:\/\/www.rassegnastampa-totustuus.it\/cattolica\/#organization","name":"Rassegna Stampa Cattolica","url":"https:\/\/www.rassegnastampa-totustuus.it\/cattolica\/","logo":{"@type":"ImageObject","inLanguage":"it-IT","@id":"https:\/\/www.rassegnastampa-totustuus.it\/cattolica\/#\/schema\/logo\/image\/","url":"https:\/\/www.rassegnastampa-totustuus.it\/cattolica\/wp-content\/uploads\/2014\/04\/logo-rassegna1.gif","contentUrl":"https:\/\/www.rassegnastampa-totustuus.it\/cattolica\/wp-content\/uploads\/2014\/04\/logo-rassegna1.gif","width":600,"height":163,"caption":"Rassegna Stampa Cattolica"},"image":{"@id":"https:\/\/www.rassegnastampa-totustuus.it\/cattolica\/#\/schema\/logo\/image\/"},"sameAs":["https:\/\/www.facebook.com\/rassegnastampacattolica","https:\/\/x.com\/rassegnastampa9"]},{"@type":"Person","@id":"https:\/\/www.rassegnastampa-totustuus.it\/cattolica\/#\/schema\/person\/08f319d2bd1a0904ad9e2bfb7b15e5c3","name":"Redazione","image":{"@type":"ImageObject","inLanguage":"it-IT","@id":"https:\/\/secure.gravatar.com\/avatar\/2fcdf27c78ea025fbdb44e914cc63c72249ffec9dc8aafd5c82b26240ef3f346?s=96&d=mm&r=g","url":"https:\/\/secure.gravatar.com\/avatar\/2fcdf27c78ea025fbdb44e914cc63c72249ffec9dc8aafd5c82b26240ef3f346?s=96&d=mm&r=g","contentUrl":"https:\/\/secure.gravatar.com\/avatar\/2fcdf27c78ea025fbdb44e914cc63c72249ffec9dc8aafd5c82b26240ef3f346?s=96&d=mm&r=g","caption":"Redazione"},"url":"https:\/\/www.rassegnastampa-totustuus.it\/cattolica\/author\/pietroelle\/"}]}},"_links":{"self":[{"href":"https:\/\/www.rassegnastampa-totustuus.it\/cattolica\/wp-json\/wp\/v2\/posts\/539","targetHints":{"allow":["GET"]}}],"collection":[{"href":"https:\/\/www.rassegnastampa-totustuus.it\/cattolica\/wp-json\/wp\/v2\/posts"}],"about":[{"href":"https:\/\/www.rassegnastampa-totustuus.it\/cattolica\/wp-json\/wp\/v2\/types\/post"}],"author":[{"embeddable":true,"href":"https:\/\/www.rassegnastampa-totustuus.it\/cattolica\/wp-json\/wp\/v2\/users\/6"}],"replies":[{"embeddable":true,"href":"https:\/\/www.rassegnastampa-totustuus.it\/cattolica\/wp-json\/wp\/v2\/comments?post=539"}],"version-history":[{"count":4,"href":"https:\/\/www.rassegnastampa-totustuus.it\/cattolica\/wp-json\/wp\/v2\/posts\/539\/revisions"}],"predecessor-version":[{"id":32096,"href":"https:\/\/www.rassegnastampa-totustuus.it\/cattolica\/wp-json\/wp\/v2\/posts\/539\/revisions\/32096"}],"wp:featuredmedia":[{"embeddable":true,"href":"https:\/\/www.rassegnastampa-totustuus.it\/cattolica\/wp-json\/wp\/v2\/media\/32095"}],"wp:attachment":[{"href":"https:\/\/www.rassegnastampa-totustuus.it\/cattolica\/wp-json\/wp\/v2\/media?parent=539"}],"wp:term":[{"taxonomy":"category","embeddable":true,"href":"https:\/\/www.rassegnastampa-totustuus.it\/cattolica\/wp-json\/wp\/v2\/categories?post=539"},{"taxonomy":"post_tag","embeddable":true,"href":"https:\/\/www.rassegnastampa-totustuus.it\/cattolica\/wp-json\/wp\/v2\/tags?post=539"}],"curies":[{"name":"wp","href":"https:\/\/api.w.org\/{rel}","templated":true}]}}