{"id":53869,"date":"2022-04-07T00:00:39","date_gmt":"2022-04-06T22:00:39","guid":{"rendered":"http:\/\/www.rassegnastampa-totustuus.it\/cattolica\/?p=53869"},"modified":"2024-05-02T15:08:25","modified_gmt":"2024-05-02T13:08:25","slug":"guerra-giusta-limiti-e-condizioni","status":"publish","type":"post","link":"https:\/\/www.rassegnastampa-totustuus.it\/cattolica\/guerra-giusta-limiti-e-condizioni\/","title":{"rendered":"Guerra \u201cgiusta\u201d. Limiti e condizioni"},"content":{"rendered":"<p style=\"text-align: justify;\"><span style=\"color: #0000ff;\"><strong><a style=\"color: #0000ff;\" href=\"https:\/\/www.centrostudilivatino.it\/\" target=\"_blank\" rel=\"noopener noreferrer\"><img loading=\"lazy\" decoding=\"async\" class=\" wp-image-53870 alignleft\" src=\"https:\/\/www.rassegnastampa-totustuus.it\/cattolica\/wp-content\/uploads\/2022\/04\/Ucraina_guerra_soldati-300x168.jpg\" alt=\"\" width=\"334\" height=\"187\" srcset=\"https:\/\/www.rassegnastampa-totustuus.it\/cattolica\/wp-content\/uploads\/2022\/04\/Ucraina_guerra_soldati-300x168.jpg 300w, https:\/\/www.rassegnastampa-totustuus.it\/cattolica\/wp-content\/uploads\/2022\/04\/Ucraina_guerra_soldati.jpg 312w\" sizes=\"auto, (max-width: 334px) 100vw, 334px\" \/><\/a><span style=\"color: #000000;\">Abstract: <\/span><\/strong><em><span style=\"color: #000000;\">guerra \u201cgiusta\u201d. Limiti e condizioni secondo il diritto internazionale e secondo il Catechismo della Chiesa cattolica alla luce dei quali si esamina l&#8217;attuale conflitto russo-ucraino, con un interessante confronto storico: il Congresso di Vienna, un capolavoro diplomatico.<\/span><\/em><\/span><\/p>\n<p><!--more--><\/p>\n<p style=\"text-align: center;\"><span style=\"color: #0000ff;\"><strong><a style=\"color: #0000ff;\" href=\"https:\/\/www.centrostudilivatino.it\/\" target=\"_blank\" rel=\"noopener noreferrer\">Centro Studi Livartino <\/a><\/strong><\/span><span style=\"color: #000000;\">2 Aprile 2022\u00a0<\/span><\/p>\n<h3 style=\"text-align: center;\"><strong>Guerra \u201cgiusta\u201d quella dell\u2019aggredito contro l\u2019aggressore. <\/strong><\/h3>\n<h3 style=\"text-align: center;\"><strong>Ma non senza limiti e condizioni.<\/strong><\/h3>\n<p style=\"text-align: center;\"><span style=\"color: #000000;\"><strong> Pietro Dubolino<\/strong><\/span><\/p>\n<p style=\"text-align: justify;\"><span style=\"color: #000000;\"><strong>1.<\/strong> Pu\u00f2 mai una guerra considerarsi \u201cgiusta\u201d? L\u2019interrogativo \u00e8 purtroppo ritornato di attualit\u00e0 a seguito dell\u2019inopinato riemergere, con il conflitto armato tra Russia e Ucraina iniziatosi il 24 febbraio di quest\u2019anno, di un qualcosa che, almeno per l\u2019Europa, si pensava scomparso per sempre nelle nebbie del passato. <\/span><\/p>\n<p style=\"text-align: justify;\"><span style=\"color: #000000;\"><img loading=\"lazy\" decoding=\"async\" class=\"wp-image-48179 alignright\" src=\"https:\/\/www.rassegnastampa-totustuus.it\/cattolica\/wp-content\/uploads\/2005\/08\/crociate-8.jpg\" alt=\"\" width=\"330\" height=\"189\" \/>Varie sono state, nel corso dei secoli e dei millenni, le risposte che a tale interrogativo sono state fornite dal pensiero giuridico, filosofico e religioso, e non \u00e8 certo questa la sede per tentare una sia pur sintetica esposizione del panorama da esse fornito. <\/span><\/p>\n<p style=\"text-align: justify;\"><span style=\"color: #000000;\">Andando quindi all\u2019essenziale, pu\u00f2 dirsi che, in linea di prima approssimazione, vi \u00e8 e vi \u00e8 sempre stato un generale consenso circa la qualificabilit\u00e0 come \u201cgiusta\u201d della guerra che venga condotta da uno Stato per difendersi, non potendolo fare in altro modo, da un\u2019ingiusta aggressione a opera di un altro organismo statuale o a esso assimilabile.<\/span><\/p>\n<p style=\"text-align: justify;\"><span style=\"color: #000000;\"><img loading=\"lazy\" decoding=\"async\" class=\" wp-image-53563 alignleft\" src=\"https:\/\/www.rassegnastampa-totustuus.it\/cattolica\/wp-content\/uploads\/2022\/02\/Russia_Ucraina.jpg\" alt=\"\" width=\"234\" height=\"254\" \/>Ci\u00f2 in applicazione del principio della legittima difesa, vigente anche nei rapporti interpersonali, per cui, come gi\u00e0 affermato nel Diritto romano, \u201cvim vi repellere licet\u201d. <\/span><\/p>\n<p style=\"text-align: justify;\"><span style=\"color: #000000;\">\u00c8 questa appunto la condizione che, all\u2019evidenza, appare sussistente nel caso del presente conflitto Russia\u2013Ucraina, essendo stata quest\u2019ultima oggetto di un attacco armato posto in essere dalla prima, con la dichiarata finalit\u00e0 di acquisire il controllo di quella parte del suo territorio che \u00e8 abitata da popolazioni russofone e di dissuaderla, inoltre, dal proposito di aderire alla NATO, considerato pericoloso per la sicurezza della Russia. <\/span><\/p>\n<p style=\"text-align: justify;\"><span style=\"color: #000000;\"><strong>2.<\/strong> Ci\u00f2 detto, occorre per\u00f2 affrontare una serie di interrogativi subordinati che, a prescindere dalla specificit\u00e0 dell\u2019attuale contesto (ma non senza la possibilit\u00e0 che assumano, anche con riferimento a esso, un qualche rilievo), riguardano le condizioni e i limiti ai quali la guerra, pur quando sia puramente difensiva, deve ritenersi soggetta per non perdere il carattere della \u201cgiustizia\u201d.<\/span><\/p>\n<p style=\"text-align: justify;\"><span style=\"color: #000000;\"><img loading=\"lazy\" decoding=\"async\" class=\" wp-image-46174 alignright\" src=\"https:\/\/www.rassegnastampa-totustuus.it\/cattolica\/wp-content\/uploads\/2020\/01\/guerra_ebrei_ghetto_Varsavia.jpg\" alt=\"\" width=\"321\" height=\"221\" \/>Dato, ovviamente, per scontato che anche nella guerra difensiva vadano osservate le convenzioni internazionali in materia di armi vietate, tutela delle popolazioni civili, trattamento dei prigionieri, e cos\u00ec via, l\u2019interrogativo riguarda la necessit\u00e0 o meno che la guerra difensiva, per essere \u201cgiusta\u201d, debba avere una qualche ragionevole possibilit\u00e0 di successo. <\/span><\/p>\n<p style=\"text-align: justify;\"><span style=\"color: #000000;\">A tale interrogativo il Catechismo della Chiesa cattolica, al n. 2309, sulla scorta della Costituzione conciliare \u201cGaudium et spes\u201d, d\u00e0 risposta positiva. Il che appare, del resto, conforme anche ad un criterio di pura razionalit\u00e0, dal momento che, essendo la guerra, anche se difensiva, indubbiamente un male, la sua ragion d\u2019essere viene meno qualora il male maggiore al quale, con essa, ci si voglia contrapporre rimane comunque inevitabile.\u00a0<\/span><\/p>\n<p style=\"text-align: justify;\"><span style=\"color: #000000;\"> <img loading=\"lazy\" decoding=\"async\" class=\" wp-image-46094 alignleft\" src=\"https:\/\/www.rassegnastampa-totustuus.it\/cattolica\/wp-content\/uploads\/2020\/02\/grande_guerra-2.jpg\" alt=\"\" width=\"288\" height=\"205\" \/>\u00c8 tuttavia il caso di precisare che per potersi dire esclusa ogni \u201cpossibilit\u00e0 di successo\u201d non basta che l\u2019aggressore non possa essere immediatamente respinto o contenuto, ma occorre pure che non si possa ragionevolmente sperare nel sopravvenire di soccorsi o nell\u2019intervento di altri fattori di qualsivoglia natura comunque idonei a modificare sensibilmente, in favore dell\u2019aggredito, la situazione di fatto, e che, d\u2019altronde, la protrazione della lotta non possa neppure dar luogo al conseguimento di alcun altro risultato di apprezzabile utilit\u00e0 pratica quale per es. la possibilit\u00e0 per la popolazione civile di cercare rifugio in altri paesi o di mettere al sicuro i propri beni. <\/span><\/p>\n<p style=\"text-align: justify;\"><span style=\"color: #000000;\"><img loading=\"lazy\" decoding=\"async\" class=\"wp-image-53871 alignright\" src=\"https:\/\/www.rassegnastampa-totustuus.it\/cattolica\/wp-content\/uploads\/2022\/04\/malta_turchi.jpg\" alt=\"\" width=\"342\" height=\"213\" \/>Andando indietro nella storia, deve quindi ritenersi che fu pienamente giustificata l\u2019accanita resistenza che, contro le preponderanti forze turche, fu condotta nel 1565 dai difensori di Malta e nel 1571 dai difensori della piazzaforte veneziana di Famagosta, essendovi nell\u2019uno e nell\u2019altro caso la ragionevole aspettativa di un valido soccorso esterno che poi, in effetti, a Malta fin\u00ec per arrivare mentre invece a Famagosta, per una serie di sfortunate circostanze, non giunse mai. <\/span><\/p>\n<p style=\"text-align: justify;\"><span style=\"color: #000000;\"><img loading=\"lazy\" decoding=\"async\" class=\" wp-image-33289 alignleft\" src=\"https:\/\/www.rassegnastampa-totustuus.it\/cattolica\/wp-content\/uploads\/2010\/09\/Porta_Pia.jpg\" alt=\"\" width=\"290\" height=\"207\" \/>Per converso, del tutto ingiustificata (e, pertanto, ben a ragione fu vietata dal papa Pio IX), sarebbe stata una accanita difesa di Roma dall\u2019aggressione posta in essere nel 1870 dal Regno d\u2019Italia, avuto riguardo, oltre che all\u2019enorme sproporzione delle forze in favore dell\u2019aggressore, anche alla totale assenza di ogni e qualsiasi prospettiva di sostegno che a quel che rimaneva dello Stato pontificio potesse giungere da altri Stati.<\/span><\/p>\n<p style=\"text-align: justify;\"><span style=\"color: #000000;\"><strong> 3.<\/strong> Un secondo interrogativo riguarda poi l\u2019obiettivo al quale deve tendere la guerra difensiva: se cio\u00e8 esso debba essere limitato al respingimento dell\u2019aggressione o possa estendersi oltre, financo a giungere, in caso estremo, alla totale \u201cdebellatio\u201d dello Stato aggressore. In linea di massima dovrebbe propendersi per la prima delle alternative, sempre alla luce del gi\u00e0 accennato principio per cui anche la guerra difensiva \u00e8, di per s\u00e9, un male, per cui uno Stato non pu\u00f2 farvi ricorso se non nella misura strettamente necessaria a vincere il male maggiore costituito dall\u2019ingiusta aggressione di cui esso sia stato vittima.<\/span><\/p>\n<p style=\"text-align: justify;\"><span style=\"color: #000000;\"><img loading=\"lazy\" decoding=\"async\" class=\" wp-image-43756 alignright\" src=\"https:\/\/www.rassegnastampa-totustuus.it\/cattolica\/wp-content\/uploads\/2005\/12\/Guerra_mondiale-2.jpg\" alt=\"\" width=\"297\" height=\"213\" \/>Pu\u00f2 tuttavia ammettersi che le operazioni belliche contro lo Stato aggressore proseguano quando sia di assoluta evidenza l\u2019intenzione di quest\u2019ultimo di usare le sue residue forze per rinnovare, appena possibile, l\u2019aggressione, rimanendo invece escluso che la prosecuzione possa trovare giustificazione quando il suo scopo sia soltanto quello di dare, per cos\u00ec dire, una sorta di \u201clezione\u201d allo Stato aggressore perch\u00e9 si comporti meglio nell\u2019avvenire. <\/span><\/p>\n<p style=\"text-align: justify;\"><span style=\"color: #000000;\">Ci\u00f2 in analogia, del resto, a quanto avviene nei rapporti interpersonali, essendo consentito a ciascuno difendersi dalla violenza altrui, ma non anche di esercitare a sua volta violenza contro l\u2019aggressore, quando questi sia stato ridotto all\u2019impotenza, perch\u00e9 non cada nella tentazione di ripetere l\u2019aggressione.<\/span><\/p>\n<p style=\"text-align: justify;\"><span style=\"color: #000000;\"> <img loading=\"lazy\" decoding=\"async\" class=\" wp-image-53872 alignleft\" src=\"https:\/\/www.rassegnastampa-totustuus.it\/cattolica\/wp-content\/uploads\/2022\/04\/rissa_violenza.jpg\" alt=\"\" width=\"301\" height=\"202\" \/><strong>4.<\/strong> D\u2019altra parte (prendendo ancora a spunto quanto \u00e8 previsto dalla legge con riguardo ai rapporti interpersonali), cos\u00ec come non perde le proprie ragioni, quando esse abbiano obiettivo fondamento, chi, potendo ricorrere al giudice, pretenda di farsi giustizia da solo con violenza alle cose o alle persone, cos\u00ec commettendo il reato di c.d. \u201cragion fattasi\u201d, previsto dagli art. 392 e 393 del codice penale, esponendosi quindi alla legittima reazione difensiva ed alle pretese risarcitorie della persona offesa, allo stesso modo non perde le proprie eventuali ragioni lo Stato che, per farle valere, ricorra all\u2019illecito strumento costituito da un\u2019aggressione militare nei confronti di un altro Stato che non voglia riconoscerle. <\/span><\/p>\n<p style=\"text-align: justify;\"><span style=\"color: #000000;\">Ci\u00f2 comporta che quest\u2019ultimo \u00e8 s\u00ec pienamente legittimato a resistere con la forza a tale aggressione, ma non pu\u00f2 tuttavia pretendere che, per il solo fatto che essa abbia avuto luogo, quelle ragioni non possano pi\u00f9, in assoluto, essere riconosciute e apprezzate, fermo restando, naturalmente, il suo incontestabile diritto a ottenere, a sua volta, dall\u2019aggressore, le giuste riparazioni per i danni da lui prodotti.<\/span><\/p>\n<p style=\"text-align: justify;\"><span style=\"color: #000000;\"><img loading=\"lazy\" decoding=\"async\" class=\"wp-image-53726 alignright\" src=\"https:\/\/www.rassegnastampa-totustuus.it\/cattolica\/wp-content\/uploads\/2022\/03\/Brest_Litovsk_guerra_mondiale.jpg\" alt=\"\" width=\"300\" height=\"238\" \/> Non pu\u00f2, quindi, condividersi la tanto diffusa quanto superficiale opinione secondo cui un accordo con lo Stato aggressore che riconoscesse a quest\u2019ultimo, in tutto o in parte, i diritti o i legittimi interessi da esso originariamente vantati rappresenterebbe, per ci\u00f2 stesso, una sorta di indebito \u201cpremio\u201d all\u2019aggressione e dovrebbe, quindi, essere assolutamente evitato per ragioni tanto etiche quanto giuridiche.<\/span><\/p>\n<p style=\"text-align: justify;\"><span style=\"color: #000000;\"><strong>5.<\/strong> In realt\u00e0 anche le guerre nate da un\u2019aggressione dovrebbero cessare, come avveniva di regola nei secoli passati, fino al XIX, con un accordo pi\u00f9 o meno favorevole all\u2019aggredito o all\u2019aggressore a seconda dell\u2019esito del confronto bellico, che, peraltro, non veniva mai portato, di solito, fino alle estreme conseguenze; e ci\u00f2 senza che il vincitore pretendesse di assumere, agli occhi del mondo intero e per l\u2019eternit\u00e0, il ruolo di chi aveva affermato, nei confronti del vinto e per il bene di tutti, la ragione, la giustizia e il diritto.<\/span><\/p>\n<p style=\"text-align: justify;\"><span style=\"color: #000000;\"><img loading=\"lazy\" decoding=\"async\" class=\" wp-image-53873 alignleft\" src=\"https:\/\/www.rassegnastampa-totustuus.it\/cattolica\/wp-content\/uploads\/2022\/04\/Yalta_guerra.jpg\" alt=\"\" width=\"295\" height=\"214\" \/>Si trattava di una regola che poteva anche apparire improntata a un certo cinismo. <\/span><\/p>\n<p style=\"text-align: justify;\"><span style=\"color: #000000;\">Il suo abbandono, per\u00f2, registratosi nel corso del secolo XX, in favore di una visione astrattamente moralistica dei rapporti internazionali, alquanto ipocrita e di stampo prevalentemente anglosassone e protestantico, ha prodotto i peggiori disastri. <\/span><\/p>\n<p style=\"text-align: justify;\"><span style=\"color: #000000;\">Primo di essi (come ormai generalmente riconosciuto), fu quello nato dalla Conferenza di Versailles che, attribuendo alla Germania l\u2019unica responsabilit\u00e0 della terribile guerra appena conclusa, e imponendole uno \u201cstatus\u201d che avrebbe dovuto essere quello di perenne \u201csorvegliata speciale\u201d, cre\u00f2 le premesse perch\u00e9 un partito come quello nazionalsocialista acquisisse consensi, proponendosi come vindice della libert\u00e0, della dignit\u00e0 e del benessere del popolo tedesco.<\/span><\/p>\n<p style=\"text-align: justify;\"><span style=\"color: #000000;\"> Non meno gravida di negative conseguenze fu poi la decisione assunta dai c.d. \u201cTre grandi\u201d (Stalin, Roosevelt e Churchill) alla Conferenza di Teheran, nel 1943, secondo cui la guerra allora in corso non sarebbe potuta finire che con lo smembramento della Germania, e quindi con la sua resa incondizionata; il che rafforz\u00f2 enormemente la presa della propaganda nazista sul popolo tedesco, avendo essa buon gioco nel sostenere che non poteva esservi, per la Germania, altra alternativa se non quella della prosecuzione della guerra ad oltranza, nella sola speranza che, nel fronte opposto, si creasse una spaccatura tra gli Alleati; cosa, in effetti, pi\u00f9 che prevedibile ma realizzatasi solo dopo la sconfitta della Germania, con l\u2019insorgere della c.d. \u201cguerra fredda\u201d tra l\u2019Occidente e l\u2019Unione sovietica. <\/span><\/p>\n<p style=\"text-align: justify;\"><span style=\"color: #000000;\"><img loading=\"lazy\" decoding=\"async\" class=\" wp-image-50575 alignright\" src=\"https:\/\/www.rassegnastampa-totustuus.it\/cattolica\/wp-content\/uploads\/2021\/04\/Nato_Europa_Usa.jpg\" alt=\"\" width=\"306\" height=\"199\" \/>Cessata poi la \u201cguerra fredda\u201d con la scomparsa dell\u2019Unione sovietica, la cui politica a tratti aggressiva aveva dato luogo alla creazione, per contrastarla, dell\u2019alleanza militare costituita dalla NATO, quest\u2019ultima ha per\u00f2 continuato, salvo rari momenti, a vedere nella Russia, in quanto principale erede dell\u2019Unione sovietica, il suo potenziale avversario.<\/span><\/p>\n<p style=\"text-align: justify;\"><span style=\"color: #000000;\">Di qui la sua espansione verso est, realizzatasi con l\u2019adesione non solo di tutti i paesi dell\u2019Europa orientale gi\u00e0 legati all\u2019Unione sovietica nel c.d. \u201cPatto di Varsavia\u201d, ma anche delle Repubbliche baltiche che, prima di divenire indipendenti, costituivano parte integrante della stessa Unione sovietica. <\/span><\/p>\n<p style=\"text-align: justify;\"><span style=\"color: #000000;\">Era ben difficile che una tale politica non suscitasse a sua volta decisa avversione da parte della Russia e che quest\u2019ultima (quale che fosse il soggetto investito, al suo interno, del potere decisionale), non vedesse, da ultimo, in particolare, come il fumo negli occhi la prospettiva che ai paesi gi\u00e0 aderenti alla NATO si unisse anche l\u2019Ucraina. <\/span><\/p>\n<p style=\"text-align: justify;\"><span style=\"color: #000000;\"><img loading=\"lazy\" decoding=\"async\" class=\" wp-image-53611 alignleft\" src=\"https:\/\/www.rassegnastampa-totustuus.it\/cattolica\/wp-content\/uploads\/2022\/03\/Ucraina_1990-300x198.jpeg\" alt=\"\" width=\"323\" height=\"213\" srcset=\"https:\/\/www.rassegnastampa-totustuus.it\/cattolica\/wp-content\/uploads\/2022\/03\/Ucraina_1990-300x198.jpeg 300w, https:\/\/www.rassegnastampa-totustuus.it\/cattolica\/wp-content\/uploads\/2022\/03\/Ucraina_1990-768x507.jpeg 768w, https:\/\/www.rassegnastampa-totustuus.it\/cattolica\/wp-content\/uploads\/2022\/03\/Ucraina_1990.jpeg 1024w\" sizes=\"auto, (max-width: 323px) 100vw, 323px\" \/>E ci\u00f2 tanto pi\u00f9 in quanto tale prospettiva aveva cominciato ad assumere carattere di concretezza solo dopo che, nel 2014, il presidente democraticamente eletto dell\u2019Ucraina, il filorusso Yanukovic, era stato costretto alla fuga da una serie di violente manifestazioni di piazza che, come \u00e8 universalmente noto ed incontestato, erano state promosse e sostenute dall\u2019Occidente. <\/span><\/p>\n<p style=\"text-align: justify;\"><span style=\"color: #000000;\"><strong>6.<\/strong> Come non ricordare, a questo punto, per contrasto, quella che fu la politica delle grandi potenze europee dopo la definitiva sconfitta di Napoleone a Waterloo? La Francia (prima rivoluzionaria e poi napoleonica) aveva tenuto l\u2019intera Europa in un pressoch\u00e9 continuo stato di guerra per oltre vent\u2019anni, producendo lutti e rovine a non finire e calpestando diritti e libert\u00e0 di popoli e nazioni. <\/span><\/p>\n<p style=\"text-align: justify;\"><span style=\"color: #000000;\"><img loading=\"lazy\" decoding=\"async\" class=\"wp-image-28084 alignright\" src=\"https:\/\/www.rassegnastampa-totustuus.it\/cattolica\/wp-content\/uploads\/2005\/08\/congresso_Vienna.jpg\" alt=\"\" width=\"299\" height=\"199\" \/>Eppure, una volta messo fuori gioco Napoleone, l\u2019ultima coalizione costituitasi contro di lui si sciolse quasi immediatamente, e la Francia pot\u00e8 partecipare a pieno titolo a quel vero capolavoro di diplomazia che fu il Congresso di Vienna, grazie al quale furono assicurati all\u2019Europa oltre trent\u2019anni di una feconda pace, basata non sull\u2019equilibrio del terrore (come quella succeduta alla fine della seconda guerra mondiale), bens\u00ec sul reciproco e fiducioso sostegno tra le grandi potenze chiamate a costituire quello che veniva allora efficacemente definito come il \u201cconcerto europeo\u201d.<\/span><\/p>\n<p style=\"text-align: justify;\"><span style=\"color: #000000;\">Gli uomini che resero possibile questo risultato si chiamavano, per citare solo i principali, Metternich, Taillerand, Castleraigh. Ma della loro razza si \u00e8 ormai da gran tempo perduto, purtroppo, anche il seme.<\/span><\/p>\n<p>________________________________________________<\/p>\n<p><strong>Leggi anche:<\/strong><\/p>\n<p><span style=\"color: #0000ff;\"><a href=\"https:\/\/www.rassegnastampa-totustuus.it\/cattolica\/guerra-giusta-guerra-santa-di-roberto-de-mattei\/\" target=\"_blank\" rel=\"noopener\"><span style=\"color: #0000ff;\">Guerra giusta Guerra santa (di Roberto De Mattei)<\/span><\/a> <span style=\"color: #000000;\">&#8211; libro<\/span><\/span><\/p>\n<p><a href=\"https:\/\/www.rassegnastampa-totustuus.it\/cattolica\/guerra-giusta-e-pacifismo-la-dottrina-della-chiesa\/\" target=\"_blank\" rel=\"noopener\"><span style=\"color: #0000ff;\">\u201cGuerra giusta\u201d e \u201cpacifismo\u201d: la dottrina della Chiesa<\/span><\/a><\/p>\n","protected":false},"excerpt":{"rendered":"<p>Abstract: guerra \u201cgiusta\u201d. Limiti e condizioni secondo il diritto internazionale e secondo il Catechismo della Chiesa cattolica alla luce dei quali si esamina l&#8217;attuale conflitto russo-ucraino, con un interessante confronto storico: il Congresso di Vienna, un capolavoro diplomatico.<\/p><p><a class=\"more-link btn\" href=\"https:\/\/www.rassegnastampa-totustuus.it\/cattolica\/guerra-giusta-limiti-e-condizioni\/\">Continua a leggere<\/a><\/p>\n","protected":false},"author":6,"featured_media":48213,"comment_status":"closed","ping_status":"closed","sticky":false,"template":"","format":"standard","meta":{"footnotes":""},"categories":[10,49],"tags":[180,505,290],"class_list":["post-53869","post","type-post","status-publish","format-standard","has-post-thumbnail","hentry","category-diritto","category-pacifismo","tag-diritto-2","tag-guerra","tag-pace","item-wrap"],"yoast_head":"<!-- This site is optimized with the Yoast SEO plugin v27.5 - https:\/\/yoast.com\/product\/yoast-seo-wordpress\/ -->\n<title>Guerra \u201cgiusta\u201d. Limiti e condizioni - Rassegna Stampa Cattolica<\/title>\n<meta name=\"description\" content=\"Guerra \u201cgiusta\u201d. Limiti e condizioni secondo il diritto internazionale e secondo il Catechismo della Chiesa cattolica\" \/>\n<meta name=\"robots\" content=\"index, follow, max-snippet:-1, max-image-preview:large, max-video-preview:-1\" \/>\n<link rel=\"canonical\" href=\"https:\/\/www.rassegnastampa-totustuus.it\/cattolica\/guerra-giusta-limiti-e-condizioni\/\" \/>\n<meta property=\"og:locale\" content=\"it_IT\" \/>\n<meta property=\"og:type\" content=\"article\" \/>\n<meta property=\"og:title\" content=\"Guerra \u201cgiusta\u201d. Limiti e condizioni - Rassegna Stampa Cattolica\" \/>\n<meta property=\"og:description\" content=\"Guerra \u201cgiusta\u201d. Limiti e condizioni secondo il diritto internazionale e secondo il Catechismo della Chiesa cattolica\" \/>\n<meta property=\"og:url\" content=\"https:\/\/www.rassegnastampa-totustuus.it\/cattolica\/guerra-giusta-limiti-e-condizioni\/\" \/>\n<meta property=\"og:site_name\" content=\"Rassegna Stampa Cattolica\" \/>\n<meta property=\"article:publisher\" content=\"https:\/\/www.facebook.com\/rassegnastampacattolica\" \/>\n<meta property=\"article:published_time\" content=\"2022-04-06T22:00:39+00:00\" \/>\n<meta property=\"article:modified_time\" content=\"2024-05-02T13:08:25+00:00\" \/>\n<meta property=\"og:image\" content=\"https:\/\/www.rassegnastampa-totustuus.it\/cattolica\/wp-content\/uploads\/2020\/09\/guerra_mondiale.jpg\" \/>\n\t<meta property=\"og:image:width\" content=\"1277\" \/>\n\t<meta property=\"og:image:height\" content=\"877\" \/>\n\t<meta property=\"og:image:type\" content=\"image\/jpeg\" \/>\n<meta name=\"author\" content=\"Redazione\" \/>\n<meta name=\"twitter:card\" content=\"summary_large_image\" \/>\n<meta name=\"twitter:creator\" content=\"@rassegnastampa9\" \/>\n<meta name=\"twitter:site\" content=\"@rassegnastampa9\" \/>\n<meta name=\"twitter:label1\" content=\"Scritto da\" \/>\n\t<meta name=\"twitter:data1\" content=\"Redazione\" \/>\n\t<meta name=\"twitter:label2\" content=\"Tempo di lettura stimato\" \/>\n\t<meta name=\"twitter:data2\" content=\"13 minuti\" \/>\n<script type=\"application\/ld+json\" class=\"yoast-schema-graph\">{\"@context\":\"https:\\\/\\\/schema.org\",\"@graph\":[{\"@type\":\"Article\",\"@id\":\"https:\\\/\\\/www.rassegnastampa-totustuus.it\\\/cattolica\\\/guerra-giusta-limiti-e-condizioni\\\/#article\",\"isPartOf\":{\"@id\":\"https:\\\/\\\/www.rassegnastampa-totustuus.it\\\/cattolica\\\/guerra-giusta-limiti-e-condizioni\\\/\"},\"author\":{\"name\":\"Redazione\",\"@id\":\"https:\\\/\\\/www.rassegnastampa-totustuus.it\\\/cattolica\\\/#\\\/schema\\\/person\\\/08f319d2bd1a0904ad9e2bfb7b15e5c3\"},\"headline\":\"Guerra \u201cgiusta\u201d. Limiti e condizioni\",\"datePublished\":\"2022-04-06T22:00:39+00:00\",\"dateModified\":\"2024-05-02T13:08:25+00:00\",\"mainEntityOfPage\":{\"@id\":\"https:\\\/\\\/www.rassegnastampa-totustuus.it\\\/cattolica\\\/guerra-giusta-limiti-e-condizioni\\\/\"},\"wordCount\":1928,\"publisher\":{\"@id\":\"https:\\\/\\\/www.rassegnastampa-totustuus.it\\\/cattolica\\\/#organization\"},\"image\":{\"@id\":\"https:\\\/\\\/www.rassegnastampa-totustuus.it\\\/cattolica\\\/guerra-giusta-limiti-e-condizioni\\\/#primaryimage\"},\"thumbnailUrl\":\"https:\\\/\\\/www.rassegnastampa-totustuus.it\\\/cattolica\\\/wp-content\\\/uploads\\\/2020\\\/09\\\/guerra_mondiale.jpg\",\"keywords\":[\"diritto\",\"guerra\",\"pace\"],\"articleSection\":[\"Diritto\",\"Pacifismo\"],\"inLanguage\":\"it-IT\"},{\"@type\":\"WebPage\",\"@id\":\"https:\\\/\\\/www.rassegnastampa-totustuus.it\\\/cattolica\\\/guerra-giusta-limiti-e-condizioni\\\/\",\"url\":\"https:\\\/\\\/www.rassegnastampa-totustuus.it\\\/cattolica\\\/guerra-giusta-limiti-e-condizioni\\\/\",\"name\":\"Guerra \u201cgiusta\u201d. Limiti e condizioni - Rassegna Stampa Cattolica\",\"isPartOf\":{\"@id\":\"https:\\\/\\\/www.rassegnastampa-totustuus.it\\\/cattolica\\\/#website\"},\"primaryImageOfPage\":{\"@id\":\"https:\\\/\\\/www.rassegnastampa-totustuus.it\\\/cattolica\\\/guerra-giusta-limiti-e-condizioni\\\/#primaryimage\"},\"image\":{\"@id\":\"https:\\\/\\\/www.rassegnastampa-totustuus.it\\\/cattolica\\\/guerra-giusta-limiti-e-condizioni\\\/#primaryimage\"},\"thumbnailUrl\":\"https:\\\/\\\/www.rassegnastampa-totustuus.it\\\/cattolica\\\/wp-content\\\/uploads\\\/2020\\\/09\\\/guerra_mondiale.jpg\",\"datePublished\":\"2022-04-06T22:00:39+00:00\",\"dateModified\":\"2024-05-02T13:08:25+00:00\",\"description\":\"Guerra \u201cgiusta\u201d. Limiti e condizioni secondo il diritto internazionale e secondo il Catechismo della Chiesa cattolica\",\"breadcrumb\":{\"@id\":\"https:\\\/\\\/www.rassegnastampa-totustuus.it\\\/cattolica\\\/guerra-giusta-limiti-e-condizioni\\\/#breadcrumb\"},\"inLanguage\":\"it-IT\",\"potentialAction\":[{\"@type\":\"ReadAction\",\"target\":[\"https:\\\/\\\/www.rassegnastampa-totustuus.it\\\/cattolica\\\/guerra-giusta-limiti-e-condizioni\\\/\"]}]},{\"@type\":\"ImageObject\",\"inLanguage\":\"it-IT\",\"@id\":\"https:\\\/\\\/www.rassegnastampa-totustuus.it\\\/cattolica\\\/guerra-giusta-limiti-e-condizioni\\\/#primaryimage\",\"url\":\"https:\\\/\\\/www.rassegnastampa-totustuus.it\\\/cattolica\\\/wp-content\\\/uploads\\\/2020\\\/09\\\/guerra_mondiale.jpg\",\"contentUrl\":\"https:\\\/\\\/www.rassegnastampa-totustuus.it\\\/cattolica\\\/wp-content\\\/uploads\\\/2020\\\/09\\\/guerra_mondiale.jpg\",\"width\":1277,\"height\":877},{\"@type\":\"BreadcrumbList\",\"@id\":\"https:\\\/\\\/www.rassegnastampa-totustuus.it\\\/cattolica\\\/guerra-giusta-limiti-e-condizioni\\\/#breadcrumb\",\"itemListElement\":[{\"@type\":\"ListItem\",\"position\":1,\"name\":\"Home\",\"item\":\"https:\\\/\\\/www.rassegnastampa-totustuus.it\\\/cattolica\\\/\"},{\"@type\":\"ListItem\",\"position\":2,\"name\":\"Guerra \u201cgiusta\u201d. Limiti e condizioni\"}]},{\"@type\":\"WebSite\",\"@id\":\"https:\\\/\\\/www.rassegnastampa-totustuus.it\\\/cattolica\\\/#website\",\"url\":\"https:\\\/\\\/www.rassegnastampa-totustuus.it\\\/cattolica\\\/\",\"name\":\"Rassegna Stampa Cattolica\",\"description\":\"Per una cultura che nasce dalla Rivelazione cristiana in conformit\u00e0 alla tradizione e al Magistero della Chiesa in opposizione ad ogni relativismo e totalitarismo\",\"publisher\":{\"@id\":\"https:\\\/\\\/www.rassegnastampa-totustuus.it\\\/cattolica\\\/#organization\"},\"alternateName\":\"Rass. Cattolica\",\"potentialAction\":[{\"@type\":\"SearchAction\",\"target\":{\"@type\":\"EntryPoint\",\"urlTemplate\":\"https:\\\/\\\/www.rassegnastampa-totustuus.it\\\/cattolica\\\/?s={search_term_string}\"},\"query-input\":{\"@type\":\"PropertyValueSpecification\",\"valueRequired\":true,\"valueName\":\"search_term_string\"}}],\"inLanguage\":\"it-IT\"},{\"@type\":\"Organization\",\"@id\":\"https:\\\/\\\/www.rassegnastampa-totustuus.it\\\/cattolica\\\/#organization\",\"name\":\"Rassegna Stampa Cattolica\",\"url\":\"https:\\\/\\\/www.rassegnastampa-totustuus.it\\\/cattolica\\\/\",\"logo\":{\"@type\":\"ImageObject\",\"inLanguage\":\"it-IT\",\"@id\":\"https:\\\/\\\/www.rassegnastampa-totustuus.it\\\/cattolica\\\/#\\\/schema\\\/logo\\\/image\\\/\",\"url\":\"https:\\\/\\\/www.rassegnastampa-totustuus.it\\\/cattolica\\\/wp-content\\\/uploads\\\/2014\\\/04\\\/logo-rassegna1.gif\",\"contentUrl\":\"https:\\\/\\\/www.rassegnastampa-totustuus.it\\\/cattolica\\\/wp-content\\\/uploads\\\/2014\\\/04\\\/logo-rassegna1.gif\",\"width\":600,\"height\":163,\"caption\":\"Rassegna Stampa Cattolica\"},\"image\":{\"@id\":\"https:\\\/\\\/www.rassegnastampa-totustuus.it\\\/cattolica\\\/#\\\/schema\\\/logo\\\/image\\\/\"},\"sameAs\":[\"https:\\\/\\\/www.facebook.com\\\/rassegnastampacattolica\",\"https:\\\/\\\/x.com\\\/rassegnastampa9\"]},{\"@type\":\"Person\",\"@id\":\"https:\\\/\\\/www.rassegnastampa-totustuus.it\\\/cattolica\\\/#\\\/schema\\\/person\\\/08f319d2bd1a0904ad9e2bfb7b15e5c3\",\"name\":\"Redazione\",\"image\":{\"@type\":\"ImageObject\",\"inLanguage\":\"it-IT\",\"@id\":\"https:\\\/\\\/secure.gravatar.com\\\/avatar\\\/2fcdf27c78ea025fbdb44e914cc63c72249ffec9dc8aafd5c82b26240ef3f346?s=96&d=mm&r=g\",\"url\":\"https:\\\/\\\/secure.gravatar.com\\\/avatar\\\/2fcdf27c78ea025fbdb44e914cc63c72249ffec9dc8aafd5c82b26240ef3f346?s=96&d=mm&r=g\",\"contentUrl\":\"https:\\\/\\\/secure.gravatar.com\\\/avatar\\\/2fcdf27c78ea025fbdb44e914cc63c72249ffec9dc8aafd5c82b26240ef3f346?s=96&d=mm&r=g\",\"caption\":\"Redazione\"},\"url\":\"https:\\\/\\\/www.rassegnastampa-totustuus.it\\\/cattolica\\\/author\\\/pietroelle\\\/\"}]}<\/script>\n<!-- \/ Yoast SEO plugin. -->","yoast_head_json":{"title":"Guerra \u201cgiusta\u201d. Limiti e condizioni - Rassegna Stampa Cattolica","description":"Guerra \u201cgiusta\u201d. Limiti e condizioni secondo il diritto internazionale e secondo il Catechismo della Chiesa cattolica","robots":{"index":"index","follow":"follow","max-snippet":"max-snippet:-1","max-image-preview":"max-image-preview:large","max-video-preview":"max-video-preview:-1"},"canonical":"https:\/\/www.rassegnastampa-totustuus.it\/cattolica\/guerra-giusta-limiti-e-condizioni\/","og_locale":"it_IT","og_type":"article","og_title":"Guerra \u201cgiusta\u201d. Limiti e condizioni - Rassegna Stampa Cattolica","og_description":"Guerra \u201cgiusta\u201d. Limiti e condizioni secondo il diritto internazionale e secondo il Catechismo della Chiesa cattolica","og_url":"https:\/\/www.rassegnastampa-totustuus.it\/cattolica\/guerra-giusta-limiti-e-condizioni\/","og_site_name":"Rassegna Stampa Cattolica","article_publisher":"https:\/\/www.facebook.com\/rassegnastampacattolica","article_published_time":"2022-04-06T22:00:39+00:00","article_modified_time":"2024-05-02T13:08:25+00:00","og_image":[{"width":1277,"height":877,"url":"https:\/\/www.rassegnastampa-totustuus.it\/cattolica\/wp-content\/uploads\/2020\/09\/guerra_mondiale.jpg","type":"image\/jpeg"}],"author":"Redazione","twitter_card":"summary_large_image","twitter_creator":"@rassegnastampa9","twitter_site":"@rassegnastampa9","twitter_misc":{"Scritto da":"Redazione","Tempo di lettura stimato":"13 minuti"},"schema":{"@context":"https:\/\/schema.org","@graph":[{"@type":"Article","@id":"https:\/\/www.rassegnastampa-totustuus.it\/cattolica\/guerra-giusta-limiti-e-condizioni\/#article","isPartOf":{"@id":"https:\/\/www.rassegnastampa-totustuus.it\/cattolica\/guerra-giusta-limiti-e-condizioni\/"},"author":{"name":"Redazione","@id":"https:\/\/www.rassegnastampa-totustuus.it\/cattolica\/#\/schema\/person\/08f319d2bd1a0904ad9e2bfb7b15e5c3"},"headline":"Guerra \u201cgiusta\u201d. Limiti e condizioni","datePublished":"2022-04-06T22:00:39+00:00","dateModified":"2024-05-02T13:08:25+00:00","mainEntityOfPage":{"@id":"https:\/\/www.rassegnastampa-totustuus.it\/cattolica\/guerra-giusta-limiti-e-condizioni\/"},"wordCount":1928,"publisher":{"@id":"https:\/\/www.rassegnastampa-totustuus.it\/cattolica\/#organization"},"image":{"@id":"https:\/\/www.rassegnastampa-totustuus.it\/cattolica\/guerra-giusta-limiti-e-condizioni\/#primaryimage"},"thumbnailUrl":"https:\/\/www.rassegnastampa-totustuus.it\/cattolica\/wp-content\/uploads\/2020\/09\/guerra_mondiale.jpg","keywords":["diritto","guerra","pace"],"articleSection":["Diritto","Pacifismo"],"inLanguage":"it-IT"},{"@type":"WebPage","@id":"https:\/\/www.rassegnastampa-totustuus.it\/cattolica\/guerra-giusta-limiti-e-condizioni\/","url":"https:\/\/www.rassegnastampa-totustuus.it\/cattolica\/guerra-giusta-limiti-e-condizioni\/","name":"Guerra \u201cgiusta\u201d. Limiti e condizioni - Rassegna Stampa Cattolica","isPartOf":{"@id":"https:\/\/www.rassegnastampa-totustuus.it\/cattolica\/#website"},"primaryImageOfPage":{"@id":"https:\/\/www.rassegnastampa-totustuus.it\/cattolica\/guerra-giusta-limiti-e-condizioni\/#primaryimage"},"image":{"@id":"https:\/\/www.rassegnastampa-totustuus.it\/cattolica\/guerra-giusta-limiti-e-condizioni\/#primaryimage"},"thumbnailUrl":"https:\/\/www.rassegnastampa-totustuus.it\/cattolica\/wp-content\/uploads\/2020\/09\/guerra_mondiale.jpg","datePublished":"2022-04-06T22:00:39+00:00","dateModified":"2024-05-02T13:08:25+00:00","description":"Guerra \u201cgiusta\u201d. Limiti e condizioni secondo il diritto internazionale e secondo il Catechismo della Chiesa cattolica","breadcrumb":{"@id":"https:\/\/www.rassegnastampa-totustuus.it\/cattolica\/guerra-giusta-limiti-e-condizioni\/#breadcrumb"},"inLanguage":"it-IT","potentialAction":[{"@type":"ReadAction","target":["https:\/\/www.rassegnastampa-totustuus.it\/cattolica\/guerra-giusta-limiti-e-condizioni\/"]}]},{"@type":"ImageObject","inLanguage":"it-IT","@id":"https:\/\/www.rassegnastampa-totustuus.it\/cattolica\/guerra-giusta-limiti-e-condizioni\/#primaryimage","url":"https:\/\/www.rassegnastampa-totustuus.it\/cattolica\/wp-content\/uploads\/2020\/09\/guerra_mondiale.jpg","contentUrl":"https:\/\/www.rassegnastampa-totustuus.it\/cattolica\/wp-content\/uploads\/2020\/09\/guerra_mondiale.jpg","width":1277,"height":877},{"@type":"BreadcrumbList","@id":"https:\/\/www.rassegnastampa-totustuus.it\/cattolica\/guerra-giusta-limiti-e-condizioni\/#breadcrumb","itemListElement":[{"@type":"ListItem","position":1,"name":"Home","item":"https:\/\/www.rassegnastampa-totustuus.it\/cattolica\/"},{"@type":"ListItem","position":2,"name":"Guerra \u201cgiusta\u201d. Limiti e condizioni"}]},{"@type":"WebSite","@id":"https:\/\/www.rassegnastampa-totustuus.it\/cattolica\/#website","url":"https:\/\/www.rassegnastampa-totustuus.it\/cattolica\/","name":"Rassegna Stampa Cattolica","description":"Per una cultura che nasce dalla Rivelazione cristiana in conformit\u00e0 alla tradizione e al Magistero della Chiesa in opposizione ad ogni relativismo e totalitarismo","publisher":{"@id":"https:\/\/www.rassegnastampa-totustuus.it\/cattolica\/#organization"},"alternateName":"Rass. Cattolica","potentialAction":[{"@type":"SearchAction","target":{"@type":"EntryPoint","urlTemplate":"https:\/\/www.rassegnastampa-totustuus.it\/cattolica\/?s={search_term_string}"},"query-input":{"@type":"PropertyValueSpecification","valueRequired":true,"valueName":"search_term_string"}}],"inLanguage":"it-IT"},{"@type":"Organization","@id":"https:\/\/www.rassegnastampa-totustuus.it\/cattolica\/#organization","name":"Rassegna Stampa Cattolica","url":"https:\/\/www.rassegnastampa-totustuus.it\/cattolica\/","logo":{"@type":"ImageObject","inLanguage":"it-IT","@id":"https:\/\/www.rassegnastampa-totustuus.it\/cattolica\/#\/schema\/logo\/image\/","url":"https:\/\/www.rassegnastampa-totustuus.it\/cattolica\/wp-content\/uploads\/2014\/04\/logo-rassegna1.gif","contentUrl":"https:\/\/www.rassegnastampa-totustuus.it\/cattolica\/wp-content\/uploads\/2014\/04\/logo-rassegna1.gif","width":600,"height":163,"caption":"Rassegna Stampa Cattolica"},"image":{"@id":"https:\/\/www.rassegnastampa-totustuus.it\/cattolica\/#\/schema\/logo\/image\/"},"sameAs":["https:\/\/www.facebook.com\/rassegnastampacattolica","https:\/\/x.com\/rassegnastampa9"]},{"@type":"Person","@id":"https:\/\/www.rassegnastampa-totustuus.it\/cattolica\/#\/schema\/person\/08f319d2bd1a0904ad9e2bfb7b15e5c3","name":"Redazione","image":{"@type":"ImageObject","inLanguage":"it-IT","@id":"https:\/\/secure.gravatar.com\/avatar\/2fcdf27c78ea025fbdb44e914cc63c72249ffec9dc8aafd5c82b26240ef3f346?s=96&d=mm&r=g","url":"https:\/\/secure.gravatar.com\/avatar\/2fcdf27c78ea025fbdb44e914cc63c72249ffec9dc8aafd5c82b26240ef3f346?s=96&d=mm&r=g","contentUrl":"https:\/\/secure.gravatar.com\/avatar\/2fcdf27c78ea025fbdb44e914cc63c72249ffec9dc8aafd5c82b26240ef3f346?s=96&d=mm&r=g","caption":"Redazione"},"url":"https:\/\/www.rassegnastampa-totustuus.it\/cattolica\/author\/pietroelle\/"}]}},"_links":{"self":[{"href":"https:\/\/www.rassegnastampa-totustuus.it\/cattolica\/wp-json\/wp\/v2\/posts\/53869","targetHints":{"allow":["GET"]}}],"collection":[{"href":"https:\/\/www.rassegnastampa-totustuus.it\/cattolica\/wp-json\/wp\/v2\/posts"}],"about":[{"href":"https:\/\/www.rassegnastampa-totustuus.it\/cattolica\/wp-json\/wp\/v2\/types\/post"}],"author":[{"embeddable":true,"href":"https:\/\/www.rassegnastampa-totustuus.it\/cattolica\/wp-json\/wp\/v2\/users\/6"}],"replies":[{"embeddable":true,"href":"https:\/\/www.rassegnastampa-totustuus.it\/cattolica\/wp-json\/wp\/v2\/comments?post=53869"}],"version-history":[{"count":2,"href":"https:\/\/www.rassegnastampa-totustuus.it\/cattolica\/wp-json\/wp\/v2\/posts\/53869\/revisions"}],"predecessor-version":[{"id":60284,"href":"https:\/\/www.rassegnastampa-totustuus.it\/cattolica\/wp-json\/wp\/v2\/posts\/53869\/revisions\/60284"}],"wp:featuredmedia":[{"embeddable":true,"href":"https:\/\/www.rassegnastampa-totustuus.it\/cattolica\/wp-json\/wp\/v2\/media\/48213"}],"wp:attachment":[{"href":"https:\/\/www.rassegnastampa-totustuus.it\/cattolica\/wp-json\/wp\/v2\/media?parent=53869"}],"wp:term":[{"taxonomy":"category","embeddable":true,"href":"https:\/\/www.rassegnastampa-totustuus.it\/cattolica\/wp-json\/wp\/v2\/categories?post=53869"},{"taxonomy":"post_tag","embeddable":true,"href":"https:\/\/www.rassegnastampa-totustuus.it\/cattolica\/wp-json\/wp\/v2\/tags?post=53869"}],"curies":[{"name":"wp","href":"https:\/\/api.w.org\/{rel}","templated":true}]}}