{"id":53823,"date":"2022-03-31T00:00:52","date_gmt":"2022-03-30T22:00:52","guid":{"rendered":"http:\/\/www.rassegnastampa-totustuus.it\/cattolica\/?p=53823"},"modified":"2024-05-14T12:45:47","modified_gmt":"2024-05-14T10:45:47","slug":"fatima-e-rivolta-alloccidente-ed-e-un-messaggio-ancora-aperto","status":"publish","type":"post","link":"https:\/\/www.rassegnastampa-totustuus.it\/cattolica\/fatima-e-rivolta-alloccidente-ed-e-un-messaggio-ancora-aperto\/","title":{"rendered":"Fatima \u00e8 rivolta all\u2019Occidente ed \u00e8 un messaggio ancora \u201caperto&#8221;"},"content":{"rendered":"<p style=\"text-align: center;\"><strong><img loading=\"lazy\" decoding=\"async\" class=\" wp-image-36735 alignleft\" src=\"https:\/\/www.rassegnastampa-totustuus.it\/cattolica\/wp-content\/uploads\/2016\/11\/Fatima.jpg\" alt=\"\" width=\"295\" height=\"221\" \/><a href=\"https:\/\/www.iltimone.org\/\" target=\"_blank\" rel=\"noopener\">Il Timone <\/a><\/strong>25 maggio 2022<\/p>\n<p style=\"text-align: justify;\"><span style=\"color: #000000;\"><em>In attesa di partecipare all\u2019atto di Consacrazione al Cuore Immacolato di Maria del mondo e in modo particolare di Russia e Ucraina, che Papa Francesco far\u00e0 oggi pomeriggio a partire dalle ore 17 nella Basilica di San Pietro, pubblichiamo uno stralcio di un articolo <\/em><\/span><\/p>\n<p style=\"text-align: center;\"><span style=\"color: #000000;\">di <strong>Giovanni Cantoni <\/strong><\/span><\/p>\n<p style=\"text-align: center;\">(1938-2020, foto nell\u2019articolo).<\/p>\n<p><!--more--><\/p>\n<p style=\"text-align: justify;\"><em><img loading=\"lazy\" decoding=\"async\" class=\"wp-image-46050 alignright\" src=\"https:\/\/www.rassegnastampa-totustuus.it\/cattolica\/wp-content\/uploads\/2020\/01\/Giovanni_Cantoni-1.jpg\" alt=\"\" width=\"192\" height=\"224\" \/><span style=\"color: #000000;\">L\u2019articolo \u00e8 stato pubblicato sul Timone n. 17, gennaio 2002 e riguarda il senso del messaggio di Fatima.<\/span><\/em><span style=\"color: #000000;\"> di <strong>Giovanni Cantoni <\/strong>Nel 2000, nel messaggio di Papa Giovanni Paolo II al card. Antonio Maria Javierre Ortas in occasione di un convegno per il 1200\u00b0 anniversario dell\u2019incoronazione imperiale di Carlo Magno nella notte di Natale dell\u2019anno 800, si legge: \u201cLa grande figura storica dell\u2019imperatore Carlo Magno rievoca le radici cristiane dell\u2019Europa, riportando quanti la studiano ad un\u2019epoca che, nonostante i limiti umani sempre presenti, fu caratterizzata da un\u2019imponente fioritura culturale in quasi tutti i campi dell\u2019esperienza\u201d. Perci\u00f2 \u2013 continua il Pontefice \u2013 \u201cla commemorazione dello storico evento ci invita a volgere lo sguardo non soltanto al passato, [\u2026] invita a riflettere sul valore che anche oggi conserva la riforma culturale e religiosa promossa da Carlo Magno [\u2026].<\/span><\/p>\n<p style=\"text-align: justify;\"><img loading=\"lazy\" decoding=\"async\" class=\" wp-image-49201 alignleft\" src=\"https:\/\/www.rassegnastampa-totustuus.it\/cattolica\/wp-content\/uploads\/2020\/11\/Carlo_Magno.jpg\" alt=\"\" width=\"302\" height=\"228\" \/><span style=\"color: #000000;\">\u201c\u00c8 la grandiosa sintesi tra la cultura dell\u2019antichit\u00e0 classica, prevalentemente romana, e le culture dei popoli germanici e celtici, sintesi operata sulla base del Vangelo di Ges\u00f9 Cristo, ci\u00f2 che caratterizza il poderoso contributo offerto da Carlo Magno al formarsi del Continente. <\/span><\/p>\n<p style=\"text-align: justify;\"><span style=\"color: #000000;\">Infatti, l\u2019Europa, che non costituiva una unit\u00e0 definita dal punto di vista geografico, soltanto attraverso l\u2019accettazione della fede cristiana divenne un continente, che lungo i secoli riusc\u00ec a diffondere quei suoi valori in quasi tutte le altre parti Iella terra, per il bene dell\u2019umanit\u00e0. <\/span><\/p>\n<p style=\"text-align: justify;\"><span style=\"color: #000000;\">Al tempo stesso, non si pu\u00f2 non rilevare come le ideologie, che hanno causato fiumi di lacrime e di sangue nel corso del XX secolo, siano uscite da un\u2019Europa che aveva voluto dimenticare le sue fondamenta cristiane\u201d.<strong>\u00a0\u00a0 <\/strong><\/span><\/p>\n<p style=\"text-align: justify;\"><span style=\"color: #000000;\"><strong>Ebbene, l\u2019Europa \u2013 il mondo occidentale e cristiano <\/strong>\u2013 sul punto di portare tragicamente a termine l\u2019itinerario iniziato con l\u2019umanesimo, l\u2019Europa sul punto di <img loading=\"lazy\" decoding=\"async\" class=\"wp-image-49303 alignright\" src=\"https:\/\/www.rassegnastampa-totustuus.it\/cattolica\/wp-content\/uploads\/2020\/11\/Lenin_Urss.jpg\" alt=\"\" width=\"315\" height=\"230\" \/>dimenticare completamente le proprie fondamenta cristiane, l\u2019Europa alla vigilia della Rivoluzione socialcomunista del 1917 in Russia <strong>\u00e8 la destinataria del messaggio di Fatima<\/strong> che, all\u2019immancabile ed essenziale richiamo personale \u2013 la visione dell\u2019inferno come castigo per chi non rispetta la legge di Dio -, affianca una dimensione sociale: l\u2019inferno del totalitarismo socialcomunista attende le nazioni che non rispettano la legge di Dio.<\/span><\/p>\n<p style=\"text-align: justify;\"><span style=\"color: #000000;\">Cos\u00ec, il messaggio di Fatima \u00e8 non solo applicazione, ma certificazione della filosofia della storia del Magistero della Chiesa cattolica e del comportamento sociale che esso suggerisce attraverso la predicazione della morale sociale cattolica, la \u201cdottrina sociale della Chiesa\u201d: si tratta di un comportamento sociale a lode di Dio e orientato al rispetto della sua legge, il cui esito \u00e8 una \u201ccivilt\u00e0 cristiana\u201d, e non offensivo di Dio e della sua legge, quindi qualificabile come \u201cpeccato sociale\u201d.<\/span><\/p>\n<p style=\"text-align: justify;\"><span style=\"color: #000000;\"><strong>Per evitare l\u2019esito disastroso, a Fatima vengono poste condizioni<\/strong>, sono richiesti comportamenti sostanziali e formali, conversione individuale e sociale, <img loading=\"lazy\" decoding=\"async\" class=\" wp-image-53824 alignleft\" src=\"https:\/\/www.rassegnastampa-totustuus.it\/cattolica\/wp-content\/uploads\/2022\/03\/cuore_maria.jpg\" alt=\"\" width=\"292\" height=\"292\" srcset=\"https:\/\/www.rassegnastampa-totustuus.it\/cattolica\/wp-content\/uploads\/2022\/03\/cuore_maria.jpg 159w, https:\/\/www.rassegnastampa-totustuus.it\/cattolica\/wp-content\/uploads\/2022\/03\/cuore_maria-150x150.jpg 150w\" sizes=\"auto, (max-width: 292px) 100vw, 292px\" \/>pratiche di piet\u00e0 e affidamento: <strong>\u201cla consacrazione della Russia al Mio Cuore Immacolato e la Comunione riparatrice nei primi sabati\u201d<\/strong>. <\/span><\/p>\n<p style=\"text-align: justify;\"><span style=\"color: #000000;\">Quanto delle richieste sia stato soddisfatto si pu\u00f2 arguire da quanto a tutt\u2019oggi realizzato: il fallito \u2013 straordinariamente \u2013 attentato a Papa Giovanni Paolo II nel 1981 e il crollo del sistema imperiale socialcomunista, consumato nel 1991. <\/span><\/p>\n<p style=\"text-align: justify;\"><span style=\"color: #000000;\">Rimangono irrealizzate parti della promessa, ugualmente condizionate, quindi \u2013 dopo che \u00e8 stata resa pubblica la terza parte del \u201csegreto\u201d \u2013 le ancor pi\u00f9 esplicite condizioni della loro realizzazione.<\/span><\/p>\n<p style=\"text-align: justify;\"><span style=\"color: #000000;\">La prima parte della promessa condizionata \u00e8 indicata esplicitamente con la frase: <\/span><strong><span style=\"color: #000000;\">\u201c[\u2026] la Russia si convertir\u00e0\u201d, la cui condizione \u00e8 \u201cla consacrazione della Russia al Mio Cuore Immacolato e la Comunione riparatrice nei primi sabati<\/span>\u201d. <\/strong><\/p>\n<p style=\"text-align: justify;\"><span style=\"color: #000000;\">La seconda parte della promessa condizionata \u00e8 quella nota con la formula: <strong>\u201cFinalmente, il Mio Cuore Immacolato trionfer\u00e0\u201d; la condizione \u00e8 pure nota: \u201cPenitenza, Penitenza, Penitenza!\u201d. <\/strong><\/span><\/p>\n<p style=\"text-align: justify;\"><span style=\"color: #000000;\"><strong>L\u2019esistenza di queste due promesse non realizzate e delle rispettive condizioni rende il messaggio nel suo insieme \u201caperto\u201d e non esaurito<\/strong>. E, <img loading=\"lazy\" decoding=\"async\" class=\"wp-image-46746 alignright\" src=\"https:\/\/www.rassegnastampa-totustuus.it\/cattolica\/wp-content\/uploads\/2020\/03\/chiesa_digiuno_penitenza.jpg\" alt=\"\" width=\"344\" height=\"234\" \/>attraverso la Nuova Evangelizzazione, la Chiesa continua a innalzare \u201c[\u2026] la sua preghiera e presta il suo servizio, perch\u00e9 la storia delle coscienze e la storia delle societ\u00e0 nella grande famiglia umana non si abbassino verso il polo del peccato col rifiuto dei comandamenti divini \u201cfino al disprezzo di Dio\u201d, ma piuttosto si elevino verso l\u2019amore, in cui si rivela lo Spirito che da la vita\u201d; cio\u00e8 ripropone le condizioni per la costruzione di una nuova civilt\u00e0 cristiana nel terzo millennio, una societ\u00e0 a misura di uomo e secondo il piano di Dio, di cui il trionfo del Cuore Immacolato costituisce figura e promessa condizionata.<\/span><\/p>\n<p>_______________________________________________<\/p>\n<p><span style=\"color: #000000;\"><strong>Leggi anche:<\/strong><\/span><\/p>\n<p><a href=\"https:\/\/www.rassegnastampa-totustuus.it\/cattolica\/il-significato-straordinario-del-messaggio-profetico-di-fatima\/\" target=\"_blank\" rel=\"noopener\"><span style=\"color: #0000ff;\">Il significato straordinario del messaggio profetico di Fatima<\/span><\/a><\/p>\n<p><a href=\"https:\/\/www.rassegnastampa-totustuus.it\/cattolica\/le-apparizioni-e-il-messaggio-di-fatima-secondo-i-manoscritti-di-suor-lucia-di-augusto-borrelli-machado\/\" target=\"_blank\" rel=\"noopener\"><span style=\"color: #0000ff;\">\u00abLe apparizioni e il messaggio di Fatima\u00bb secondo i manoscritti di suor Lucia (di Augusto Borrelli Machado)<\/span><\/a> <span style=\"color: #000000;\">&#8211; libro<\/span><\/p>\n","protected":false},"excerpt":{"rendered":"<p>Il Timone 25 maggio 2022 In attesa di partecipare all\u2019atto di Consacrazione al Cuore Immacolato di Maria del mondo e in modo particolare di Russia e Ucraina, che Papa Francesco far\u00e0 oggi pomeriggio a partire dalle ore 17 nella Basilica di San Pietro, pubblichiamo uno stralcio di un articolo di Giovanni Cantoni (1938-2020, foto nell\u2019articolo).<\/p><p><a class=\"more-link btn\" href=\"https:\/\/www.rassegnastampa-totustuus.it\/cattolica\/fatima-e-rivolta-alloccidente-ed-e-un-messaggio-ancora-aperto\/\">Continua a leggere<\/a><\/p>\n","protected":false},"author":6,"featured_media":45899,"comment_status":"closed","ping_status":"closed","sticky":false,"template":"","format":"standard","meta":{"footnotes":""},"categories":[5,14],"tags":[157,962,878],"class_list":["post-53823","post","type-post","status-publish","format-standard","has-post-thumbnail","hentry","category-chiesa","category-europa-e-ue","tag-chiesa-2","tag-fatima","tag-radici-europa","item-wrap"],"yoast_head":"<!-- This site is optimized with the Yoast SEO plugin v27.5 - https:\/\/yoast.com\/product\/yoast-seo-wordpress\/ -->\n<title>Fatima \u00e8 rivolta all\u2019Occidente ed \u00e8 un messaggio ancora \u201caperto&quot; - Rassegna Stampa Cattolica<\/title>\n<meta name=\"description\" content=\"Fatima \u00e8 rivolta all\u2019Occidente ed \u00e8 un messaggio ancora \u201caperto&quot; che spinge alla costruzione di una nuova civilt\u00e0 cristiana\" \/>\n<meta name=\"robots\" content=\"index, follow, max-snippet:-1, max-image-preview:large, max-video-preview:-1\" \/>\n<link rel=\"canonical\" href=\"https:\/\/www.rassegnastampa-totustuus.it\/cattolica\/fatima-e-rivolta-alloccidente-ed-e-un-messaggio-ancora-aperto\/\" \/>\n<meta property=\"og:locale\" content=\"it_IT\" \/>\n<meta property=\"og:type\" content=\"article\" \/>\n<meta property=\"og:title\" content=\"Fatima \u00e8 rivolta all\u2019Occidente ed \u00e8 un messaggio ancora \u201caperto&quot; - Rassegna Stampa Cattolica\" \/>\n<meta property=\"og:description\" content=\"Fatima \u00e8 rivolta all\u2019Occidente ed \u00e8 un messaggio ancora \u201caperto&quot; che spinge alla costruzione di una nuova civilt\u00e0 cristiana\" \/>\n<meta property=\"og:url\" content=\"https:\/\/www.rassegnastampa-totustuus.it\/cattolica\/fatima-e-rivolta-alloccidente-ed-e-un-messaggio-ancora-aperto\/\" \/>\n<meta property=\"og:site_name\" content=\"Rassegna Stampa Cattolica\" \/>\n<meta property=\"article:publisher\" content=\"https:\/\/www.facebook.com\/rassegnastampacattolica\" \/>\n<meta property=\"article:published_time\" content=\"2022-03-30T22:00:52+00:00\" \/>\n<meta property=\"article:modified_time\" content=\"2024-05-14T10:45:47+00:00\" \/>\n<meta property=\"og:image\" content=\"https:\/\/www.rassegnastampa-totustuus.it\/cattolica\/wp-content\/uploads\/2020\/01\/sacerdoti_preti_chiesa.jpg\" \/>\n\t<meta property=\"og:image:width\" content=\"2000\" \/>\n\t<meta property=\"og:image:height\" content=\"1324\" \/>\n\t<meta property=\"og:image:type\" content=\"image\/jpeg\" \/>\n<meta name=\"author\" content=\"Redazione\" \/>\n<meta name=\"twitter:card\" content=\"summary_large_image\" \/>\n<meta name=\"twitter:creator\" content=\"@rassegnastampa9\" \/>\n<meta name=\"twitter:site\" content=\"@rassegnastampa9\" \/>\n<meta name=\"twitter:label1\" content=\"Scritto da\" \/>\n\t<meta name=\"twitter:data1\" content=\"Redazione\" \/>\n\t<meta name=\"twitter:label2\" content=\"Tempo di lettura stimato\" \/>\n\t<meta name=\"twitter:data2\" content=\"6 minuti\" \/>\n<script type=\"application\/ld+json\" class=\"yoast-schema-graph\">{\"@context\":\"https:\\\/\\\/schema.org\",\"@graph\":[{\"@type\":\"Article\",\"@id\":\"https:\\\/\\\/www.rassegnastampa-totustuus.it\\\/cattolica\\\/fatima-e-rivolta-alloccidente-ed-e-un-messaggio-ancora-aperto\\\/#article\",\"isPartOf\":{\"@id\":\"https:\\\/\\\/www.rassegnastampa-totustuus.it\\\/cattolica\\\/fatima-e-rivolta-alloccidente-ed-e-un-messaggio-ancora-aperto\\\/\"},\"author\":{\"name\":\"Redazione\",\"@id\":\"https:\\\/\\\/www.rassegnastampa-totustuus.it\\\/cattolica\\\/#\\\/schema\\\/person\\\/08f319d2bd1a0904ad9e2bfb7b15e5c3\"},\"headline\":\"Fatima \u00e8 rivolta all\u2019Occidente ed \u00e8 un messaggio ancora \u201caperto&#8221;\",\"datePublished\":\"2022-03-30T22:00:52+00:00\",\"dateModified\":\"2024-05-14T10:45:47+00:00\",\"mainEntityOfPage\":{\"@id\":\"https:\\\/\\\/www.rassegnastampa-totustuus.it\\\/cattolica\\\/fatima-e-rivolta-alloccidente-ed-e-un-messaggio-ancora-aperto\\\/\"},\"wordCount\":802,\"publisher\":{\"@id\":\"https:\\\/\\\/www.rassegnastampa-totustuus.it\\\/cattolica\\\/#organization\"},\"image\":{\"@id\":\"https:\\\/\\\/www.rassegnastampa-totustuus.it\\\/cattolica\\\/fatima-e-rivolta-alloccidente-ed-e-un-messaggio-ancora-aperto\\\/#primaryimage\"},\"thumbnailUrl\":\"https:\\\/\\\/www.rassegnastampa-totustuus.it\\\/cattolica\\\/wp-content\\\/uploads\\\/2020\\\/01\\\/sacerdoti_preti_chiesa.jpg\",\"keywords\":[\"chiesa\",\"Fatima\",\"radici Europa\"],\"articleSection\":[\"Chiesa\",\"Europa e UE\"],\"inLanguage\":\"it-IT\"},{\"@type\":\"WebPage\",\"@id\":\"https:\\\/\\\/www.rassegnastampa-totustuus.it\\\/cattolica\\\/fatima-e-rivolta-alloccidente-ed-e-un-messaggio-ancora-aperto\\\/\",\"url\":\"https:\\\/\\\/www.rassegnastampa-totustuus.it\\\/cattolica\\\/fatima-e-rivolta-alloccidente-ed-e-un-messaggio-ancora-aperto\\\/\",\"name\":\"Fatima \u00e8 rivolta all\u2019Occidente ed \u00e8 un messaggio ancora \u201caperto\\\" - Rassegna Stampa Cattolica\",\"isPartOf\":{\"@id\":\"https:\\\/\\\/www.rassegnastampa-totustuus.it\\\/cattolica\\\/#website\"},\"primaryImageOfPage\":{\"@id\":\"https:\\\/\\\/www.rassegnastampa-totustuus.it\\\/cattolica\\\/fatima-e-rivolta-alloccidente-ed-e-un-messaggio-ancora-aperto\\\/#primaryimage\"},\"image\":{\"@id\":\"https:\\\/\\\/www.rassegnastampa-totustuus.it\\\/cattolica\\\/fatima-e-rivolta-alloccidente-ed-e-un-messaggio-ancora-aperto\\\/#primaryimage\"},\"thumbnailUrl\":\"https:\\\/\\\/www.rassegnastampa-totustuus.it\\\/cattolica\\\/wp-content\\\/uploads\\\/2020\\\/01\\\/sacerdoti_preti_chiesa.jpg\",\"datePublished\":\"2022-03-30T22:00:52+00:00\",\"dateModified\":\"2024-05-14T10:45:47+00:00\",\"description\":\"Fatima \u00e8 rivolta all\u2019Occidente ed \u00e8 un messaggio ancora \u201caperto\\\" che spinge alla costruzione di una nuova civilt\u00e0 cristiana\",\"breadcrumb\":{\"@id\":\"https:\\\/\\\/www.rassegnastampa-totustuus.it\\\/cattolica\\\/fatima-e-rivolta-alloccidente-ed-e-un-messaggio-ancora-aperto\\\/#breadcrumb\"},\"inLanguage\":\"it-IT\",\"potentialAction\":[{\"@type\":\"ReadAction\",\"target\":[\"https:\\\/\\\/www.rassegnastampa-totustuus.it\\\/cattolica\\\/fatima-e-rivolta-alloccidente-ed-e-un-messaggio-ancora-aperto\\\/\"]}]},{\"@type\":\"ImageObject\",\"inLanguage\":\"it-IT\",\"@id\":\"https:\\\/\\\/www.rassegnastampa-totustuus.it\\\/cattolica\\\/fatima-e-rivolta-alloccidente-ed-e-un-messaggio-ancora-aperto\\\/#primaryimage\",\"url\":\"https:\\\/\\\/www.rassegnastampa-totustuus.it\\\/cattolica\\\/wp-content\\\/uploads\\\/2020\\\/01\\\/sacerdoti_preti_chiesa.jpg\",\"contentUrl\":\"https:\\\/\\\/www.rassegnastampa-totustuus.it\\\/cattolica\\\/wp-content\\\/uploads\\\/2020\\\/01\\\/sacerdoti_preti_chiesa.jpg\",\"width\":2000,\"height\":1324},{\"@type\":\"BreadcrumbList\",\"@id\":\"https:\\\/\\\/www.rassegnastampa-totustuus.it\\\/cattolica\\\/fatima-e-rivolta-alloccidente-ed-e-un-messaggio-ancora-aperto\\\/#breadcrumb\",\"itemListElement\":[{\"@type\":\"ListItem\",\"position\":1,\"name\":\"Home\",\"item\":\"https:\\\/\\\/www.rassegnastampa-totustuus.it\\\/cattolica\\\/\"},{\"@type\":\"ListItem\",\"position\":2,\"name\":\"Fatima \u00e8 rivolta all\u2019Occidente ed \u00e8 un messaggio ancora \u201caperto&#8221;\"}]},{\"@type\":\"WebSite\",\"@id\":\"https:\\\/\\\/www.rassegnastampa-totustuus.it\\\/cattolica\\\/#website\",\"url\":\"https:\\\/\\\/www.rassegnastampa-totustuus.it\\\/cattolica\\\/\",\"name\":\"Rassegna Stampa Cattolica\",\"description\":\"Per una cultura che nasce dalla Rivelazione cristiana in conformit\u00e0 alla tradizione e al Magistero della Chiesa in opposizione ad ogni relativismo e totalitarismo\",\"publisher\":{\"@id\":\"https:\\\/\\\/www.rassegnastampa-totustuus.it\\\/cattolica\\\/#organization\"},\"alternateName\":\"Rass. Cattolica\",\"potentialAction\":[{\"@type\":\"SearchAction\",\"target\":{\"@type\":\"EntryPoint\",\"urlTemplate\":\"https:\\\/\\\/www.rassegnastampa-totustuus.it\\\/cattolica\\\/?s={search_term_string}\"},\"query-input\":{\"@type\":\"PropertyValueSpecification\",\"valueRequired\":true,\"valueName\":\"search_term_string\"}}],\"inLanguage\":\"it-IT\"},{\"@type\":\"Organization\",\"@id\":\"https:\\\/\\\/www.rassegnastampa-totustuus.it\\\/cattolica\\\/#organization\",\"name\":\"Rassegna Stampa Cattolica\",\"url\":\"https:\\\/\\\/www.rassegnastampa-totustuus.it\\\/cattolica\\\/\",\"logo\":{\"@type\":\"ImageObject\",\"inLanguage\":\"it-IT\",\"@id\":\"https:\\\/\\\/www.rassegnastampa-totustuus.it\\\/cattolica\\\/#\\\/schema\\\/logo\\\/image\\\/\",\"url\":\"https:\\\/\\\/www.rassegnastampa-totustuus.it\\\/cattolica\\\/wp-content\\\/uploads\\\/2014\\\/04\\\/logo-rassegna1.gif\",\"contentUrl\":\"https:\\\/\\\/www.rassegnastampa-totustuus.it\\\/cattolica\\\/wp-content\\\/uploads\\\/2014\\\/04\\\/logo-rassegna1.gif\",\"width\":600,\"height\":163,\"caption\":\"Rassegna Stampa Cattolica\"},\"image\":{\"@id\":\"https:\\\/\\\/www.rassegnastampa-totustuus.it\\\/cattolica\\\/#\\\/schema\\\/logo\\\/image\\\/\"},\"sameAs\":[\"https:\\\/\\\/www.facebook.com\\\/rassegnastampacattolica\",\"https:\\\/\\\/x.com\\\/rassegnastampa9\"]},{\"@type\":\"Person\",\"@id\":\"https:\\\/\\\/www.rassegnastampa-totustuus.it\\\/cattolica\\\/#\\\/schema\\\/person\\\/08f319d2bd1a0904ad9e2bfb7b15e5c3\",\"name\":\"Redazione\",\"image\":{\"@type\":\"ImageObject\",\"inLanguage\":\"it-IT\",\"@id\":\"https:\\\/\\\/secure.gravatar.com\\\/avatar\\\/2fcdf27c78ea025fbdb44e914cc63c72249ffec9dc8aafd5c82b26240ef3f346?s=96&d=mm&r=g\",\"url\":\"https:\\\/\\\/secure.gravatar.com\\\/avatar\\\/2fcdf27c78ea025fbdb44e914cc63c72249ffec9dc8aafd5c82b26240ef3f346?s=96&d=mm&r=g\",\"contentUrl\":\"https:\\\/\\\/secure.gravatar.com\\\/avatar\\\/2fcdf27c78ea025fbdb44e914cc63c72249ffec9dc8aafd5c82b26240ef3f346?s=96&d=mm&r=g\",\"caption\":\"Redazione\"},\"url\":\"https:\\\/\\\/www.rassegnastampa-totustuus.it\\\/cattolica\\\/author\\\/pietroelle\\\/\"}]}<\/script>\n<!-- \/ Yoast SEO plugin. -->","yoast_head_json":{"title":"Fatima \u00e8 rivolta all\u2019Occidente ed \u00e8 un messaggio ancora \u201caperto\" - Rassegna Stampa Cattolica","description":"Fatima \u00e8 rivolta all\u2019Occidente ed \u00e8 un messaggio ancora \u201caperto\" che spinge alla costruzione di una nuova civilt\u00e0 cristiana","robots":{"index":"index","follow":"follow","max-snippet":"max-snippet:-1","max-image-preview":"max-image-preview:large","max-video-preview":"max-video-preview:-1"},"canonical":"https:\/\/www.rassegnastampa-totustuus.it\/cattolica\/fatima-e-rivolta-alloccidente-ed-e-un-messaggio-ancora-aperto\/","og_locale":"it_IT","og_type":"article","og_title":"Fatima \u00e8 rivolta all\u2019Occidente ed \u00e8 un messaggio ancora \u201caperto\" - Rassegna Stampa Cattolica","og_description":"Fatima \u00e8 rivolta all\u2019Occidente ed \u00e8 un messaggio ancora \u201caperto\" che spinge alla costruzione di una nuova civilt\u00e0 cristiana","og_url":"https:\/\/www.rassegnastampa-totustuus.it\/cattolica\/fatima-e-rivolta-alloccidente-ed-e-un-messaggio-ancora-aperto\/","og_site_name":"Rassegna Stampa Cattolica","article_publisher":"https:\/\/www.facebook.com\/rassegnastampacattolica","article_published_time":"2022-03-30T22:00:52+00:00","article_modified_time":"2024-05-14T10:45:47+00:00","og_image":[{"width":2000,"height":1324,"url":"https:\/\/www.rassegnastampa-totustuus.it\/cattolica\/wp-content\/uploads\/2020\/01\/sacerdoti_preti_chiesa.jpg","type":"image\/jpeg"}],"author":"Redazione","twitter_card":"summary_large_image","twitter_creator":"@rassegnastampa9","twitter_site":"@rassegnastampa9","twitter_misc":{"Scritto da":"Redazione","Tempo di lettura stimato":"6 minuti"},"schema":{"@context":"https:\/\/schema.org","@graph":[{"@type":"Article","@id":"https:\/\/www.rassegnastampa-totustuus.it\/cattolica\/fatima-e-rivolta-alloccidente-ed-e-un-messaggio-ancora-aperto\/#article","isPartOf":{"@id":"https:\/\/www.rassegnastampa-totustuus.it\/cattolica\/fatima-e-rivolta-alloccidente-ed-e-un-messaggio-ancora-aperto\/"},"author":{"name":"Redazione","@id":"https:\/\/www.rassegnastampa-totustuus.it\/cattolica\/#\/schema\/person\/08f319d2bd1a0904ad9e2bfb7b15e5c3"},"headline":"Fatima \u00e8 rivolta all\u2019Occidente ed \u00e8 un messaggio ancora \u201caperto&#8221;","datePublished":"2022-03-30T22:00:52+00:00","dateModified":"2024-05-14T10:45:47+00:00","mainEntityOfPage":{"@id":"https:\/\/www.rassegnastampa-totustuus.it\/cattolica\/fatima-e-rivolta-alloccidente-ed-e-un-messaggio-ancora-aperto\/"},"wordCount":802,"publisher":{"@id":"https:\/\/www.rassegnastampa-totustuus.it\/cattolica\/#organization"},"image":{"@id":"https:\/\/www.rassegnastampa-totustuus.it\/cattolica\/fatima-e-rivolta-alloccidente-ed-e-un-messaggio-ancora-aperto\/#primaryimage"},"thumbnailUrl":"https:\/\/www.rassegnastampa-totustuus.it\/cattolica\/wp-content\/uploads\/2020\/01\/sacerdoti_preti_chiesa.jpg","keywords":["chiesa","Fatima","radici Europa"],"articleSection":["Chiesa","Europa e UE"],"inLanguage":"it-IT"},{"@type":"WebPage","@id":"https:\/\/www.rassegnastampa-totustuus.it\/cattolica\/fatima-e-rivolta-alloccidente-ed-e-un-messaggio-ancora-aperto\/","url":"https:\/\/www.rassegnastampa-totustuus.it\/cattolica\/fatima-e-rivolta-alloccidente-ed-e-un-messaggio-ancora-aperto\/","name":"Fatima \u00e8 rivolta all\u2019Occidente ed \u00e8 un messaggio ancora \u201caperto\" - Rassegna Stampa Cattolica","isPartOf":{"@id":"https:\/\/www.rassegnastampa-totustuus.it\/cattolica\/#website"},"primaryImageOfPage":{"@id":"https:\/\/www.rassegnastampa-totustuus.it\/cattolica\/fatima-e-rivolta-alloccidente-ed-e-un-messaggio-ancora-aperto\/#primaryimage"},"image":{"@id":"https:\/\/www.rassegnastampa-totustuus.it\/cattolica\/fatima-e-rivolta-alloccidente-ed-e-un-messaggio-ancora-aperto\/#primaryimage"},"thumbnailUrl":"https:\/\/www.rassegnastampa-totustuus.it\/cattolica\/wp-content\/uploads\/2020\/01\/sacerdoti_preti_chiesa.jpg","datePublished":"2022-03-30T22:00:52+00:00","dateModified":"2024-05-14T10:45:47+00:00","description":"Fatima \u00e8 rivolta all\u2019Occidente ed \u00e8 un messaggio ancora \u201caperto\" che spinge alla costruzione di una nuova civilt\u00e0 cristiana","breadcrumb":{"@id":"https:\/\/www.rassegnastampa-totustuus.it\/cattolica\/fatima-e-rivolta-alloccidente-ed-e-un-messaggio-ancora-aperto\/#breadcrumb"},"inLanguage":"it-IT","potentialAction":[{"@type":"ReadAction","target":["https:\/\/www.rassegnastampa-totustuus.it\/cattolica\/fatima-e-rivolta-alloccidente-ed-e-un-messaggio-ancora-aperto\/"]}]},{"@type":"ImageObject","inLanguage":"it-IT","@id":"https:\/\/www.rassegnastampa-totustuus.it\/cattolica\/fatima-e-rivolta-alloccidente-ed-e-un-messaggio-ancora-aperto\/#primaryimage","url":"https:\/\/www.rassegnastampa-totustuus.it\/cattolica\/wp-content\/uploads\/2020\/01\/sacerdoti_preti_chiesa.jpg","contentUrl":"https:\/\/www.rassegnastampa-totustuus.it\/cattolica\/wp-content\/uploads\/2020\/01\/sacerdoti_preti_chiesa.jpg","width":2000,"height":1324},{"@type":"BreadcrumbList","@id":"https:\/\/www.rassegnastampa-totustuus.it\/cattolica\/fatima-e-rivolta-alloccidente-ed-e-un-messaggio-ancora-aperto\/#breadcrumb","itemListElement":[{"@type":"ListItem","position":1,"name":"Home","item":"https:\/\/www.rassegnastampa-totustuus.it\/cattolica\/"},{"@type":"ListItem","position":2,"name":"Fatima \u00e8 rivolta all\u2019Occidente ed \u00e8 un messaggio ancora \u201caperto&#8221;"}]},{"@type":"WebSite","@id":"https:\/\/www.rassegnastampa-totustuus.it\/cattolica\/#website","url":"https:\/\/www.rassegnastampa-totustuus.it\/cattolica\/","name":"Rassegna Stampa Cattolica","description":"Per una cultura che nasce dalla Rivelazione cristiana in conformit\u00e0 alla tradizione e al Magistero della Chiesa in opposizione ad ogni relativismo e totalitarismo","publisher":{"@id":"https:\/\/www.rassegnastampa-totustuus.it\/cattolica\/#organization"},"alternateName":"Rass. Cattolica","potentialAction":[{"@type":"SearchAction","target":{"@type":"EntryPoint","urlTemplate":"https:\/\/www.rassegnastampa-totustuus.it\/cattolica\/?s={search_term_string}"},"query-input":{"@type":"PropertyValueSpecification","valueRequired":true,"valueName":"search_term_string"}}],"inLanguage":"it-IT"},{"@type":"Organization","@id":"https:\/\/www.rassegnastampa-totustuus.it\/cattolica\/#organization","name":"Rassegna Stampa Cattolica","url":"https:\/\/www.rassegnastampa-totustuus.it\/cattolica\/","logo":{"@type":"ImageObject","inLanguage":"it-IT","@id":"https:\/\/www.rassegnastampa-totustuus.it\/cattolica\/#\/schema\/logo\/image\/","url":"https:\/\/www.rassegnastampa-totustuus.it\/cattolica\/wp-content\/uploads\/2014\/04\/logo-rassegna1.gif","contentUrl":"https:\/\/www.rassegnastampa-totustuus.it\/cattolica\/wp-content\/uploads\/2014\/04\/logo-rassegna1.gif","width":600,"height":163,"caption":"Rassegna Stampa Cattolica"},"image":{"@id":"https:\/\/www.rassegnastampa-totustuus.it\/cattolica\/#\/schema\/logo\/image\/"},"sameAs":["https:\/\/www.facebook.com\/rassegnastampacattolica","https:\/\/x.com\/rassegnastampa9"]},{"@type":"Person","@id":"https:\/\/www.rassegnastampa-totustuus.it\/cattolica\/#\/schema\/person\/08f319d2bd1a0904ad9e2bfb7b15e5c3","name":"Redazione","image":{"@type":"ImageObject","inLanguage":"it-IT","@id":"https:\/\/secure.gravatar.com\/avatar\/2fcdf27c78ea025fbdb44e914cc63c72249ffec9dc8aafd5c82b26240ef3f346?s=96&d=mm&r=g","url":"https:\/\/secure.gravatar.com\/avatar\/2fcdf27c78ea025fbdb44e914cc63c72249ffec9dc8aafd5c82b26240ef3f346?s=96&d=mm&r=g","contentUrl":"https:\/\/secure.gravatar.com\/avatar\/2fcdf27c78ea025fbdb44e914cc63c72249ffec9dc8aafd5c82b26240ef3f346?s=96&d=mm&r=g","caption":"Redazione"},"url":"https:\/\/www.rassegnastampa-totustuus.it\/cattolica\/author\/pietroelle\/"}]}},"_links":{"self":[{"href":"https:\/\/www.rassegnastampa-totustuus.it\/cattolica\/wp-json\/wp\/v2\/posts\/53823","targetHints":{"allow":["GET"]}}],"collection":[{"href":"https:\/\/www.rassegnastampa-totustuus.it\/cattolica\/wp-json\/wp\/v2\/posts"}],"about":[{"href":"https:\/\/www.rassegnastampa-totustuus.it\/cattolica\/wp-json\/wp\/v2\/types\/post"}],"author":[{"embeddable":true,"href":"https:\/\/www.rassegnastampa-totustuus.it\/cattolica\/wp-json\/wp\/v2\/users\/6"}],"replies":[{"embeddable":true,"href":"https:\/\/www.rassegnastampa-totustuus.it\/cattolica\/wp-json\/wp\/v2\/comments?post=53823"}],"version-history":[{"count":3,"href":"https:\/\/www.rassegnastampa-totustuus.it\/cattolica\/wp-json\/wp\/v2\/posts\/53823\/revisions"}],"predecessor-version":[{"id":60349,"href":"https:\/\/www.rassegnastampa-totustuus.it\/cattolica\/wp-json\/wp\/v2\/posts\/53823\/revisions\/60349"}],"wp:featuredmedia":[{"embeddable":true,"href":"https:\/\/www.rassegnastampa-totustuus.it\/cattolica\/wp-json\/wp\/v2\/media\/45899"}],"wp:attachment":[{"href":"https:\/\/www.rassegnastampa-totustuus.it\/cattolica\/wp-json\/wp\/v2\/media?parent=53823"}],"wp:term":[{"taxonomy":"category","embeddable":true,"href":"https:\/\/www.rassegnastampa-totustuus.it\/cattolica\/wp-json\/wp\/v2\/categories?post=53823"},{"taxonomy":"post_tag","embeddable":true,"href":"https:\/\/www.rassegnastampa-totustuus.it\/cattolica\/wp-json\/wp\/v2\/tags?post=53823"}],"curies":[{"name":"wp","href":"https:\/\/api.w.org\/{rel}","templated":true}]}}