{"id":53731,"date":"2022-03-17T00:00:21","date_gmt":"2022-03-16T23:00:21","guid":{"rendered":"http:\/\/www.rassegnastampa-totustuus.it\/cattolica\/?p=53731"},"modified":"2024-05-14T18:36:05","modified_gmt":"2024-05-14T16:36:05","slug":"lo-statalismo-climatico-entra-nella-costituzione","status":"publish","type":"post","link":"https:\/\/www.rassegnastampa-totustuus.it\/cattolica\/lo-statalismo-climatico-entra-nella-costituzione\/","title":{"rendered":"Lo statalismo climatico entra nella Costituzione"},"content":{"rendered":"<p style=\"text-align: center;\"><span style=\"color: #000000;\"><strong><img loading=\"lazy\" decoding=\"async\" class=\" wp-image-40571 alignleft\" src=\"https:\/\/www.rassegnastampa-totustuus.it\/cattolica\/wp-content\/uploads\/2018\/06\/costituzione-300x164.jpg\" alt=\"\" width=\"362\" height=\"198\" srcset=\"https:\/\/www.rassegnastampa-totustuus.it\/cattolica\/wp-content\/uploads\/2018\/06\/costituzione-300x164.jpg 300w, https:\/\/www.rassegnastampa-totustuus.it\/cattolica\/wp-content\/uploads\/2018\/06\/costituzione.jpg 303w\" sizes=\"auto, (max-width: 362px) 100vw, 362px\" \/><span style=\"color: #0000ff;\"><a style=\"color: #0000ff;\" href=\"https:\/\/lanuovabq.it\/\" target=\"_blank\" rel=\"noopener\">La Nuova Bussola quotidiana<\/a><\/span><\/strong> <\/span><\/p>\n<p style=\"text-align: center;\"><span style=\"color: #000000;\">16 Marzo 2022 <strong>\u00a0<\/strong><\/span><\/p>\n<p style=\"text-align: justify;\"><span style=\"color: #000000;\"><em>L\u20198 febbraio 2022, la Camera dei deputati ha approvato in via definitiva il disegno di legge di riforma costituzionale che introduce importanti modifiche agli articoli 9 e 41 della nostra Carta fondamentale. L\u2019ingresso dell\u2019ideologia verde al livello pi\u00f9 alto della legislazione italiana iscrive un\u2019ipoteca molto pericolosa per il nostro futuro. <\/em><\/span><\/p>\n<p style=\"text-align: center;\"><span style=\"color: #000000;\">di <strong>Maurizio Milano<\/strong><\/span><\/p>\n<p><span style=\"color: #000000;\"><!--more--><\/span><\/p>\n<p style=\"text-align: justify;\"><span style=\"color: #000000;\"> Le recenti modifiche introdotte agli artt. 9 e 41 della nostra Costituzione sono gi\u00e0 state trattate in questa sede da<span style=\"color: #0000ff;\">\u00a0<\/span><\/span><span style=\"color: #0000ff;\"><a style=\"color: #0000ff;\" href=\"https:\/\/lanuovabq.it\/it\/la-costituzione-green-e-unaltra-vittoria-dello-stato-etico\" target=\"_blank\" rel=\"noopener noreferrer\">Eugenio Capozz<\/a><a style=\"color: #0000ff;\" href=\"https:\/\/lanuovabq.it\/it\/la-costituzione-green-e-unaltra-vittoria-dello-stato-etico\">i<\/a>.<\/span> <span style=\"color: #000000;\">Non sono una bella notizia, e stupisce che siano passate praticamente all\u2019unanimit\u00e0 (1 solo voto contrario) e nel disinteresse generale. Vale la pena, quindi, rammentarle e aggiungere alcune considerazioni ulteriori.<\/span><\/p>\n<p style=\"text-align: justify;\"><span style=\"color: #000000;\"><strong><img loading=\"lazy\" decoding=\"async\" class=\"wp-image-34379 alignright\" src=\"https:\/\/www.rassegnastampa-totustuus.it\/cattolica\/wp-content\/uploads\/2005\/09\/Parlamento.jpg\" alt=\"\" width=\"331\" height=\"220\" \/>Nella versione originaria dell\u2019art. 9 della Costituzione\u00a0\u2013\u00a0che rientra nella sezione dei princ\u00ecpi fondamentali<\/strong>, e quindi particolarmente rilevanti \u2013, comparivano i seguenti due punti: \u00ab1. La Repubblica promuove lo sviluppo della cultura e la ricerca scientifica e tecnica. 2. Tutela il paesaggio e il patrimonio storico e artistico della Nazione\u00bb. Ora \u00e8 stato aggiunto un terzo comma, che recita cos\u00ec: \u00ab3. Tutela l\u2019ambiente, la biodiversit\u00e0 e gli ecosistemi, anche nell\u2019interesse delle future generazioni. La legge dello Stato disciplina i modi e le forme di tutela degli animali\u00bb.<\/span><\/p>\n<p style=\"text-align: justify;\"><span style=\"color: #000000;\">\u00a0<strong>Tali modifiche segnano un allontanamento dalla precedente visione \u201cculturale\u201d, centrata sull\u2019uomo e sulla famiglia\u00a0<\/strong>secondo la prospettiva antropocentrica giudaico-cristiana \u2013 nella quale il mondo \u00e8 stato donato all\u2019uomo, fatto \u00aba immagine e somiglianza\u00bb di Dio (<em>Gn\u00a0<\/em>1,26-27) \u00abperch\u00e9 lo lavorasse e lo custodisse\u00bb (<em>Gn\u00a0<\/em>2,15) \u2013, per andare verso una vaga prospettiva \u201c<em>biocentrica<\/em>\u201d. Sfuma cos\u00ec la visione gerarchica del \u201ccreato\u201d, ridotto a mero \u201cambiente\u201d, in una prospettiva<\/span>\u00a0<em><a href=\"https:\/\/www.treccani.it\/vocabolario\/antispecismo_%28Neologismi%29\/\" target=\"_blank\" rel=\"noopener noreferrer\"><span style=\"color: #0000ff;\">antispecista<\/span><\/a><\/em>: <span style=\"color: #000000;\">l\u2019uomo diviene una delle tante specie che abitano il pianeta, al massimo un\u00a0<em>primus inter pares<\/em>. <\/span><\/p>\n<p style=\"text-align: justify;\"><span style=\"color: #000000;\"><img loading=\"lazy\" decoding=\"async\" class=\" wp-image-43262 alignleft\" src=\"https:\/\/www.rassegnastampa-totustuus.it\/cattolica\/wp-content\/uploads\/2019\/06\/ambientalismo_socialismo.jpg\" alt=\"\" width=\"331\" height=\"249\" \/>Nel nuovo dettato costituzionale, infatti, il\u00a0<em>focus\u00a0<\/em>si sposta sulla \u00abtutela dell\u2019ambiente e degli animali\u00bb, implicitamente \u201cdall\u2019uomo\u201d, considerato come una potenziale minaccia per l\u2019equilibrio naturale, dando alla politica il compito di preservarlo immutato, quasi fosse un parco naturale o un museo. <\/span><\/p>\n<p style=\"text-align: justify;\"><span style=\"color: #000000;\">L\u2019uomo non \u00e8 pi\u00f9 il \u201csub Creatore\u201d di cui parlava il celebre scrittore inglese, John Ronald Ruel Tolkien (1892-1973), chiamato a contribuire con la sua intelligenza e la sua libert\u00e0 al piano divino della creazione, ma un possibile elemento di disturbo: non pago di consumare risorse, l\u2019uomo si\u00a0<em>permette<\/em>\u00a0anche di emettere anidride carbonica e di turbare un equilibrio che, in sua assenza, sarebbe invece perfetto. <\/span><\/p>\n<p style=\"text-align: justify;\"><span style=\"color: #000000;\">Il nuovo dettato costituzionale \u00e8 all\u2019insegna dell\u2019\u201c<\/span><span style=\"color: #0000ff;\"><a style=\"color: #0000ff;\" href=\"https:\/\/youtu.be\/GU3uRIR2-TQ\" target=\"_blank\" rel=\"noopener noreferrer\">ecologicamente corretto<\/a><\/span><span style=\"color: #000000;\">\u201d, diventato il pensiero unico dominante nel nostro mondo: nella sua vaghezza consentir\u00e0 al legislatore ordinario, alla giurisprudenza e all\u2019esecutivo di turno, in tesi, di imporre sacrifici assurdi sull\u2019altare di Gaia, sia sul piano del benessere materiale sia su quello della libert\u00e0, non solo economica.<\/span><\/p>\n<p style=\"text-align: justify;\"><span style=\"color: #000000;\"><strong><img loading=\"lazy\" decoding=\"async\" class=\" wp-image-26634 alignright\" src=\"https:\/\/www.rassegnastampa-totustuus.it\/cattolica\/wp-content\/uploads\/2004\/10\/ecologia.jpg\" alt=\"\" width=\"241\" height=\"241\" srcset=\"https:\/\/www.rassegnastampa-totustuus.it\/cattolica\/wp-content\/uploads\/2004\/10\/ecologia.jpg 225w, https:\/\/www.rassegnastampa-totustuus.it\/cattolica\/wp-content\/uploads\/2004\/10\/ecologia-150x150.jpg 150w\" sizes=\"auto, (max-width: 241px) 100vw, 241px\" \/>La nuova \u201creligione civile\u201d della \u201csostenibilit\u00e0\u201d ambientale in salsa Onu \u00e8 ben rappresentata\u00a0<\/strong>dalle posizioni deliranti del Ministro della transizione ecologica,<strong>\u00a0<\/strong><\/span><a href=\"https:\/\/youtu.be\/hLefDRYNiI8\" target=\"_blank\" rel=\"noopener noreferrer\"><span style=\"color: #0000ff;\">Roberto Cingolan<\/span>i<\/a>, <span style=\"color: #000000;\">che ha definito l\u2019essere umano \u00abbiologicamente\u00bb come \u00abun parassita perch\u00e9 consuma energia senza produrre nulla\u00bb, in un mondo \u00abprogettato per tre miliardi di persone\u00bb: non \u00e8 chiaro da dove il ministro della transizione\u00a0<em>ideologica<\/em>\u00a0\u2013 viste le sue dichiarazioni andrebbe chiamato cos\u00ec \u00a0\u2013 abbia tratto tale informazione, e soprattutto che cosa proponga di fare con i circa 5 miliardi di \u00abparassiti\u00bb\u00a0<em>in eccesso<\/em>. <\/span><\/p>\n<p style=\"text-align: justify;\"><span style=\"color: #000000;\">Il nuovo riferimento costituzionale a un supposto e non meglio precisato \u00abinteresse delle future generazioni\u00bb appare poi paradossale alla luce del suicidio demografico in atto nei Paesi sviluppati. Tale folle visione \u00e8 opposta\u00a0<em>per diametrum\u00a0<\/em>all\u2019autentica<\/span> \u00ab<a href=\"https:\/\/www.vatican.va\/content\/benedict-xvi\/it\/speeches\/2011\/september\/documents\/hf_ben-xvi_spe_20110922_reichstag-berlin.html\" target=\"_blank\" rel=\"noopener noreferrer\"><span style=\"color: #0000ff;\">ecologia umana<\/span><\/a><span style=\"color: #000000;\">\u00bb proposta da Papa Benedetto XVI nel discorso al Reichstag di Berlino del 22 settembre 2011: occorre rispettare\u00a0<em>innanzitutto<\/em>\u00a0la\u00a0<em>natura dell\u2019uomo<\/em>, e conseguentemente\u00a0<em>anche<\/em> il creato.\u00a0<\/span><\/p>\n<p style=\"text-align: justify;\"><span style=\"color: #000000;\"><strong>Per quanto riguarda poi l\u2019art. 41 della Carta fondamentale\u00a0<\/strong>\u2013 che rientra nella parte dedicata ai \u00abdiritti e doveri dei cittadini\u00bb, nel Titolo III dei \u00abrapporti <img loading=\"lazy\" decoding=\"async\" class=\" wp-image-46241 alignleft\" src=\"https:\/\/www.rassegnastampa-totustuus.it\/cattolica\/wp-content\/uploads\/2020\/02\/insetti_cibo_ambientalismo-2.jpg\" alt=\"\" width=\"324\" height=\"229\" \/>economici\u00bb \u2013, vengono inseriti alcuni incisi nei commi 2 e 3 (in grassetto nel testo): \u00ab1. L\u2019iniziativa economica privata \u00e8 libera. 2. Non pu\u00f2 svolgersi in contrasto con l\u2019utilit\u00e0 sociale o in modo da recare danno\u00a0<strong>alla salute, all\u2019ambiente<\/strong>,<strong>\u00a0<\/strong>alla sicurezza, alla libert\u00e0, alla dignit\u00e0 umana. 3. La legge determina i programmi e i controlli opportuni perch\u00e9 l\u2019attivit\u00e0 economica pubblica e privata possa essere indirizzata e coordinata a fini sociali\u00a0<strong>e ambientali<\/strong>\u00bb. <\/span><\/p>\n<p style=\"text-align: justify;\"><span style=\"color: #000000;\">Occorre evidenziare che il testo costituzionale \u2013 frutto di un compromesso in Assemblea costituente tra pi\u00f9 istanze: liberali, cattoliche, marxiste \u2013 gi\u00e0\u00a0<em>prima\u00a0<\/em>delle recenti modifiche conteneva degli elementi suscettibili di interpretazione in senso pi\u00f9 o meno \u201cdirigistico\u201d e\u00a0<em>lato sensu\u00a0<\/em>\u201csocialista\u201d, come la storia economica del secondo dopoguerra ha ampiamente dimostrato. <\/span><\/p>\n<p style=\"text-align: justify;\"><span style=\"color: #000000;\">A tali pesanti ipoteche \u201csociali\u201d originarie, si aggiungono ora nuove ipoteche \u201cambientali\u201d, con un\u2019ulteriore minaccia per la libert\u00e0 di iniziativa economica e la propriet\u00e0 privata. <\/span><\/p>\n<p style=\"text-align: justify;\"><span style=\"color: #000000;\"><img loading=\"lazy\" decoding=\"async\" class=\"wp-image-44386 alignright\" src=\"https:\/\/www.rassegnastampa-totustuus.it\/cattolica\/wp-content\/uploads\/2013\/05\/tasse_casa.jpg\" alt=\"\" width=\"338\" height=\"219\" \/>Il nuovo testo costituzionale, ad esempio, consentir\u00e0 di varare leggi che mettono fuori mercato abitazioni con classe energetica ritenuta \u201ctroppo\u201d bassa, come gi\u00e0 si fa con i veicoli ritenuti \u201ctroppo\u201d inquinanti, come anche l\u2019imposizione di tasse pesanti per frenare quei consumi giudicati poco \u201cverdi\u201d, per via di emissioni di CO2 ritenute eccessive; e chiss\u00e0 cos\u2019altro in futuro, magari la chiusura di interi comparti produttivi o anche l\u2019imposizione di nuovi\u00a0<em>lockdown<\/em>,<em>\u00a0<\/em>giustificandoli con nuove \u201cemergenze\u201d, climatiche o energetiche che siano. <\/span><\/p>\n<p style=\"text-align: justify;\"><span style=\"color: #000000;\"><strong>Le novit\u00e0 introdotte aumentano quindi i rischi pianificatori, di derive dirigistiche e di controllo<\/strong>, con gravi falsificazioni della concorrenza: c\u2019\u00e8 da scommettere che il capitalismo clientelare, sempre a caccia del denaro dei contribuenti grazie alle collusioni col potere politico e sindacale, ne approfitter\u00e0 per nuovi \u201cassalti alla diligenza\u201d della spesa pubblica, a partire dai piani di investimento pubblici previsti nel<\/span>\u00a0<span style=\"color: #0000ff;\"><a style=\"color: #0000ff;\" href=\"https:\/\/alleanzacattolica.org\/il-next-generation-ue-e-la-nuova-nep\/\" target=\"_blank\" rel=\"noopener noreferrer\">Piano Nazionale di Ripresa e Resilienza<\/a><\/span>\u00a0<span style=\"color: #000000;\">(a debito e spesati su tutti i cittadini); ma anche dei risparmi privati, convogliati dalla cosiddetta \u201cfinanza sostenibile\u201d ESG (acronimo di\u00a0<em>Envinronmental, Social, Governance<\/em>) a trazione Onu, secondo<\/span>\u00a0<span style=\"color: #0000ff;\"><a style=\"color: #0000ff;\" href=\"https:\/\/home.kpmg\/it\/it\/home\/insights\/2021\/02\/measuring-stakeholder-capitalism.html\" target=\"_blank\" rel=\"noopener noreferrer\">metriche<\/a>\u00a0del\u00a0<em><a style=\"color: #0000ff;\" href=\"https:\/\/www.weforum.org\/events\/the-davos-agenda-2022\/sessions\/esg-metrics-for-a-sustainable-future\">World Economic Forum<\/a><\/em>\u00a0<\/span><span style=\"color: #000000;\">di Davos. <\/span><\/p>\n<p style=\"text-align: justify;\"><span style=\"color: #000000;\">Nel mentre, altre industrie ritenute poco strategiche chiuderanno i battenti, in specie piccole e medie imprese che si \u00e8 deciso di \u201cliquidare\u201d progressivamente con un processo di \u201cdistruzione creatrice\u201d, non certo frutto di un leale confronto di mercato per selezionare i migliori ma con decisioni politiche prese dall\u2019alto. <\/span><\/p>\n<p style=\"text-align: justify;\"><span style=\"color: #000000;\"><strong><img loading=\"lazy\" decoding=\"async\" class=\"size-full wp-image-52458 alignleft\" src=\"https:\/\/www.rassegnastampa-totustuus.it\/cattolica\/wp-content\/uploads\/2021\/09\/great_reset_economic_forum.jpg\" alt=\"\" width=\"225\" height=\"225\" srcset=\"https:\/\/www.rassegnastampa-totustuus.it\/cattolica\/wp-content\/uploads\/2021\/09\/great_reset_economic_forum.jpg 225w, https:\/\/www.rassegnastampa-totustuus.it\/cattolica\/wp-content\/uploads\/2021\/09\/great_reset_economic_forum-150x150.jpg 150w\" sizes=\"auto, (max-width: 225px) 100vw, 225px\" \/>Tanti tasselli di un progetto di<span style=\"color: #0000ff;\">\u00a0<\/span><\/strong><\/span><span style=\"color: #0000ff;\"><em><strong><a style=\"color: #0000ff;\" href=\"https:\/\/lanuovabq.it\/it\/ritorno-alla-normalita-mai-ecco-come-nasce-il-mondo-nuovo\" target=\"_blank\" rel=\"noopener noreferrer\">reset<\/a>\u00a0<\/strong><\/em><\/span><span style=\"color: #000000;\"><strong>globale dei sistemi<\/strong>\u00a0sociali, economici e politici, in veloce fase di implementazione grazie all\u2019\u00abopportunit\u00e0\u00bb, come dice il\u00a0<em>leader\u00a0<\/em>del WEF, Klaus Schwab, fornita dalla confusione e debolezza del sistema sociale, economico e politico post-CoViD (e ora gravemente accentuata dal conflitto in corso in Ucraina). <\/span><\/p>\n<p style=\"text-align: justify;\"><span style=\"color: #000000;\">Gli utili saranno privati, o meglio di\u00a0<em>alcuni<\/em>\u00a0privati, mentre i costi saranno pubblici, sulle spalle di\u00a0<em>tutti<\/em>\u00a0i consumatori e contribuenti: le famiglie della classe media e medio-bassa, insomma, pagheranno \u2013 anzi, stanno gi\u00e0 pagando \u2013 il conto dell\u2019avventurismo ideologico ecologista che tanto male ha provocato e provocher\u00e0 al mondo, al nostro Paese cos\u00ec dipendente dall\u2019estero per gli approvvigionamenti energetici, alle industrie pi\u00f9 \u201cenergivore\u201d e alle famiglie italiane strangolate dai forti rincari dei prezzi.<\/span><\/p>\n<p style=\"text-align: justify;\"><span style=\"color: #000000;\"> <strong>Considerando l\u2019esplosione dei\u00a0prezzi delle materie prime con l\u2019inizio del conflitto in Ucraina\u00a0<\/strong>\u2013 gi\u00e0 in forte rialzo\u00a0<em>prima\u00a0<\/em>delle ostilit\u00e0 a causa, in particolare, <img loading=\"lazy\" decoding=\"async\" class=\" wp-image-53563 alignright\" src=\"https:\/\/www.rassegnastampa-totustuus.it\/cattolica\/wp-content\/uploads\/2022\/02\/Russia_Ucraina.jpg\" alt=\"\" width=\"255\" height=\"277\" \/>dei costi della transizione ecologica<strong>\u00a0<\/strong>(il cosiddetto\u00a0<\/span><em><span style=\"color: #0000ff;\"><a style=\"color: #0000ff;\" href=\"https:\/\/lanuovabq.it\/it\/il-premio-verde-di-gates-gia-lo-paghiamo-in-bolletta-e-il-prezzo-della-transizione\" target=\"_blank\" rel=\"noopener noreferrer\">green premium<\/a><\/span><span style=\"color: #000000;\">\u00a0<\/span><\/em><span style=\"color: #000000;\">di cui ha parlato Bill Gates) \u2013, si dovrebbe imporre con realismo un\u2019urgente revisione delle priorit\u00e0, nella prospettiva della \u201csicurezza energetica\u201d dell\u2019Italia e dell\u2019intero continente europeo. <\/span><\/p>\n<p style=\"text-align: justify;\"><span style=\"color: #000000;\">A tal proposito, l\u20198 marzo 2022 la Commissione europea ha varato il piano<\/span>\u00a0<em><a href=\"https:\/\/ec.europa.eu\/commission\/presscorner\/detail\/en\/ip_22_1511\" target=\"_blank\" rel=\"noopener noreferrer\"><span style=\"color: #0000ff;\">REPowerEU<\/span><\/a><\/em>, <span style=\"color: #000000;\">nella prospettiva \u00abdi rendere l\u2019Europa indipendente dai combustibili fossili russi ben prima del 2030, a cominciare da gas, a seguito dell\u2019invasione dell\u2019Ucraina da parte della Russia\u00bb. <\/span><\/p>\n<p style=\"text-align: justify;\"><span style=\"color: #000000;\">Il vicepresidente della Commissione, Franz Timmermans, ha dichiarato: \u00abbuttiamoci nelle energie rinnovabili alla velocit\u00e0 della luce [\u2026]. La guerra di Putin in Ucraina dimostra l\u2019urgenza di accelerare la nostra transizione energetica pulita\u00bb. <\/span><\/p>\n<p style=\"text-align: justify;\"><span style=\"color: #000000;\"><strong>Il tema della sicurezza, vista la forte dipendenza energetica dell\u2019Europa dalla Russia<\/strong>, \u00e8 giustamente centrale e strategico, e stupisce che non sia stato <img loading=\"lazy\" decoding=\"async\" class=\"size-medium wp-image-51533 alignleft\" src=\"https:\/\/www.rassegnastampa-totustuus.it\/cattolica\/wp-content\/uploads\/2021\/06\/Europa_verde_ambientalismo-300x169.jpg\" alt=\"\" width=\"300\" height=\"169\" srcset=\"https:\/\/www.rassegnastampa-totustuus.it\/cattolica\/wp-content\/uploads\/2021\/06\/Europa_verde_ambientalismo-300x169.jpg 300w, https:\/\/www.rassegnastampa-totustuus.it\/cattolica\/wp-content\/uploads\/2021\/06\/Europa_verde_ambientalismo-768x432.jpg 768w, https:\/\/www.rassegnastampa-totustuus.it\/cattolica\/wp-content\/uploads\/2021\/06\/Europa_verde_ambientalismo-1024x576.jpg 1024w, https:\/\/www.rassegnastampa-totustuus.it\/cattolica\/wp-content\/uploads\/2021\/06\/Europa_verde_ambientalismo.jpg 1920w\" sizes=\"auto, (max-width: 300px) 100vw, 300px\" \/>preso in considerazione negli anni passati, neppure dopo l\u2019occupazione\u00a0<em>manu militari\u00a0<\/em>e la conseguente annessione della Crimea da parte della Russia nel lontano 2014.<\/span><\/p>\n<p style=\"text-align: justify;\"><span style=\"color: #000000;\">Il rischio, tuttavia, \u00e8 che la Commissione e i governi europei, spinti dalle <em>lobby\u00a0<\/em>verdi, vogliano approfittare della nuova crisi per accelerare ulteriormente nella \u201ctransizione ideologica\u201d in atto. Che si accompagner\u00e0, inevitabilmente, a un\u2019ulteriore avanzata del perimetro di intervento statale (con un\u00a0<em>mix\u00a0<\/em>di bastone e carota) e quindi un rafforzamento anche del capitalismo clientelare, che beneficer\u00e0 di questo \u00abstato di eccezione permanente\u00bb.<\/span><\/p>\n<p style=\"text-align: justify;\"><span style=\"color: #000000;\"> <strong>La nostra Costituzione \u00e8 stata perfettamente allineata all\u2019<\/strong><em><strong>agenda\u00a0<\/strong><\/em><strong>dello\u00a0<\/strong><\/span><em><strong><a href=\"https:\/\/www.rivistailmulino.it\/a\/un-nuovo-statalismo-climatico\" target=\"_blank\" rel=\"noopener noreferrer\"><span style=\"color: #0000ff;\">statalismo climatico<\/span><\/a><\/strong><\/em>:<span style=\"color: #000000;\"> ora, la palla passer\u00e0 al legislatore ordinario, all\u2019interpretazione della giurisprudenza e all\u2019esecutivo. Il conto di tale ostinazione lo pagheremo tutti, col portafoglio e con restrizioni alla libert\u00e0: proseguendo di questo passo, gli anni Venti di questo secolo, tutt\u2019altro che ruggenti, potrebbero vedere l\u2019evaporazione della classe media, segno evidente dell\u2019avanzata del nuovo \u201csocialismo liberale\u201d, tinto di verde.\u00a0<em>Green is the new Red.<\/em><\/span><\/p>\n<p>__________________________________________________<\/p>\n<p><strong>Leggi anche:\u00a0<\/strong><\/p>\n<p><a href=\"https:\/\/www.rassegnastampa-totustuus.it\/cattolica\/il-nuovo-statalismo-climatico\/\" target=\"_blank\" rel=\"noopener\"><span style=\"color: #0000ff;\">Il nuovo statalismo climatico<\/span><\/a><\/p>\n<p><a href=\"https:\/\/www.rassegnastampa-totustuus.it\/cattolica\/la-religione-verde-sostituisce-il-cristianesimo\/\" target=\"_blank\" rel=\"noopener\"><span style=\"color: #0000ff;\">Vogliono sostituire il cristianesimo con una nuova religione: l\u2019ecologismo.<\/span><\/a><\/p>\n","protected":false},"excerpt":{"rendered":"<p>La Nuova Bussola quotidiana 16 Marzo 2022 \u00a0 L\u20198 febbraio 2022, la Camera dei deputati ha approvato in via definitiva il disegno di legge di riforma costituzionale che introduce importanti modifiche agli articoli 9 e 41 della nostra Carta fondamentale. L\u2019ingresso dell\u2019ideologia verde al livello pi\u00f9 alto della legislazione italiana iscrive un\u2019ipoteca molto pericolosa per &hellip; <\/p>\n<p><a class=\"more-link btn\" href=\"https:\/\/www.rassegnastampa-totustuus.it\/cattolica\/lo-statalismo-climatico-entra-nella-costituzione\/\">Continua a leggere<\/a><\/p>\n","protected":false},"author":6,"featured_media":43068,"comment_status":"closed","ping_status":"closed","sticky":false,"template":"","format":"standard","meta":{"footnotes":""},"categories":[3,20],"tags":[2387,2305,1525,297],"class_list":["post-53731","post","type-post","status-publish","format-standard","has-post-thumbnail","hentry","category-ambientalismo","category-politica-nazionale","tag-ambientalismo","tag-clima","tag-costituzione-italiana","tag-politica-nazionale-2","item-wrap"],"yoast_head":"<!-- This site is optimized with the Yoast SEO plugin v27.5 - https:\/\/yoast.com\/product\/yoast-seo-wordpress\/ -->\n<title>Lo statalismo climatico entra nella Costituzione - Rassegna Stampa Cattolica<\/title>\n<meta name=\"description\" content=\"Lo statalismo climatico entra nella Costituzione iscrivendo una ipoteca molto pericolosa per il nostro futuro\" \/>\n<meta name=\"robots\" content=\"index, follow, max-snippet:-1, max-image-preview:large, max-video-preview:-1\" \/>\n<link rel=\"canonical\" href=\"https:\/\/www.rassegnastampa-totustuus.it\/cattolica\/lo-statalismo-climatico-entra-nella-costituzione\/\" \/>\n<meta property=\"og:locale\" content=\"it_IT\" \/>\n<meta property=\"og:type\" content=\"article\" \/>\n<meta property=\"og:title\" content=\"Lo statalismo climatico entra nella Costituzione - Rassegna Stampa Cattolica\" \/>\n<meta property=\"og:description\" content=\"Lo statalismo climatico entra nella Costituzione iscrivendo una ipoteca molto pericolosa per il nostro futuro\" \/>\n<meta property=\"og:url\" content=\"https:\/\/www.rassegnastampa-totustuus.it\/cattolica\/lo-statalismo-climatico-entra-nella-costituzione\/\" \/>\n<meta property=\"og:site_name\" content=\"Rassegna Stampa Cattolica\" \/>\n<meta property=\"article:publisher\" content=\"https:\/\/www.facebook.com\/rassegnastampacattolica\" \/>\n<meta property=\"article:published_time\" content=\"2022-03-16T23:00:21+00:00\" \/>\n<meta property=\"article:modified_time\" content=\"2024-05-14T16:36:05+00:00\" \/>\n<meta property=\"og:image\" content=\"https:\/\/www.rassegnastampa-totustuus.it\/cattolica\/wp-content\/uploads\/2019\/05\/parlamento_politica.jpg\" \/>\n\t<meta property=\"og:image:width\" content=\"1400\" \/>\n\t<meta property=\"og:image:height\" content=\"933\" \/>\n\t<meta property=\"og:image:type\" content=\"image\/jpeg\" \/>\n<meta name=\"author\" content=\"Redazione\" \/>\n<meta name=\"twitter:card\" content=\"summary_large_image\" \/>\n<meta name=\"twitter:creator\" content=\"@rassegnastampa9\" \/>\n<meta name=\"twitter:site\" content=\"@rassegnastampa9\" \/>\n<meta name=\"twitter:label1\" content=\"Scritto da\" \/>\n\t<meta name=\"twitter:data1\" content=\"Redazione\" \/>\n\t<meta name=\"twitter:label2\" content=\"Tempo di lettura stimato\" \/>\n\t<meta name=\"twitter:data2\" content=\"10 minuti\" \/>\n<script type=\"application\/ld+json\" class=\"yoast-schema-graph\">{\"@context\":\"https:\\\/\\\/schema.org\",\"@graph\":[{\"@type\":\"Article\",\"@id\":\"https:\\\/\\\/www.rassegnastampa-totustuus.it\\\/cattolica\\\/lo-statalismo-climatico-entra-nella-costituzione\\\/#article\",\"isPartOf\":{\"@id\":\"https:\\\/\\\/www.rassegnastampa-totustuus.it\\\/cattolica\\\/lo-statalismo-climatico-entra-nella-costituzione\\\/\"},\"author\":{\"name\":\"Redazione\",\"@id\":\"https:\\\/\\\/www.rassegnastampa-totustuus.it\\\/cattolica\\\/#\\\/schema\\\/person\\\/08f319d2bd1a0904ad9e2bfb7b15e5c3\"},\"headline\":\"Lo statalismo climatico entra nella Costituzione\",\"datePublished\":\"2022-03-16T23:00:21+00:00\",\"dateModified\":\"2024-05-14T16:36:05+00:00\",\"mainEntityOfPage\":{\"@id\":\"https:\\\/\\\/www.rassegnastampa-totustuus.it\\\/cattolica\\\/lo-statalismo-climatico-entra-nella-costituzione\\\/\"},\"wordCount\":1461,\"publisher\":{\"@id\":\"https:\\\/\\\/www.rassegnastampa-totustuus.it\\\/cattolica\\\/#organization\"},\"image\":{\"@id\":\"https:\\\/\\\/www.rassegnastampa-totustuus.it\\\/cattolica\\\/lo-statalismo-climatico-entra-nella-costituzione\\\/#primaryimage\"},\"thumbnailUrl\":\"https:\\\/\\\/www.rassegnastampa-totustuus.it\\\/cattolica\\\/wp-content\\\/uploads\\\/2019\\\/05\\\/parlamento_politica.jpg\",\"keywords\":[\"Ambientalismo\",\"clima\",\"costituzione italiana\",\"politica nazionale\"],\"articleSection\":[\"Ambientalismo\",\"Politica nazionale\"],\"inLanguage\":\"it-IT\"},{\"@type\":\"WebPage\",\"@id\":\"https:\\\/\\\/www.rassegnastampa-totustuus.it\\\/cattolica\\\/lo-statalismo-climatico-entra-nella-costituzione\\\/\",\"url\":\"https:\\\/\\\/www.rassegnastampa-totustuus.it\\\/cattolica\\\/lo-statalismo-climatico-entra-nella-costituzione\\\/\",\"name\":\"Lo statalismo climatico entra nella Costituzione - Rassegna Stampa Cattolica\",\"isPartOf\":{\"@id\":\"https:\\\/\\\/www.rassegnastampa-totustuus.it\\\/cattolica\\\/#website\"},\"primaryImageOfPage\":{\"@id\":\"https:\\\/\\\/www.rassegnastampa-totustuus.it\\\/cattolica\\\/lo-statalismo-climatico-entra-nella-costituzione\\\/#primaryimage\"},\"image\":{\"@id\":\"https:\\\/\\\/www.rassegnastampa-totustuus.it\\\/cattolica\\\/lo-statalismo-climatico-entra-nella-costituzione\\\/#primaryimage\"},\"thumbnailUrl\":\"https:\\\/\\\/www.rassegnastampa-totustuus.it\\\/cattolica\\\/wp-content\\\/uploads\\\/2019\\\/05\\\/parlamento_politica.jpg\",\"datePublished\":\"2022-03-16T23:00:21+00:00\",\"dateModified\":\"2024-05-14T16:36:05+00:00\",\"description\":\"Lo statalismo climatico entra nella Costituzione iscrivendo una ipoteca molto pericolosa per il nostro futuro\",\"breadcrumb\":{\"@id\":\"https:\\\/\\\/www.rassegnastampa-totustuus.it\\\/cattolica\\\/lo-statalismo-climatico-entra-nella-costituzione\\\/#breadcrumb\"},\"inLanguage\":\"it-IT\",\"potentialAction\":[{\"@type\":\"ReadAction\",\"target\":[\"https:\\\/\\\/www.rassegnastampa-totustuus.it\\\/cattolica\\\/lo-statalismo-climatico-entra-nella-costituzione\\\/\"]}]},{\"@type\":\"ImageObject\",\"inLanguage\":\"it-IT\",\"@id\":\"https:\\\/\\\/www.rassegnastampa-totustuus.it\\\/cattolica\\\/lo-statalismo-climatico-entra-nella-costituzione\\\/#primaryimage\",\"url\":\"https:\\\/\\\/www.rassegnastampa-totustuus.it\\\/cattolica\\\/wp-content\\\/uploads\\\/2019\\\/05\\\/parlamento_politica.jpg\",\"contentUrl\":\"https:\\\/\\\/www.rassegnastampa-totustuus.it\\\/cattolica\\\/wp-content\\\/uploads\\\/2019\\\/05\\\/parlamento_politica.jpg\",\"width\":1400,\"height\":933},{\"@type\":\"BreadcrumbList\",\"@id\":\"https:\\\/\\\/www.rassegnastampa-totustuus.it\\\/cattolica\\\/lo-statalismo-climatico-entra-nella-costituzione\\\/#breadcrumb\",\"itemListElement\":[{\"@type\":\"ListItem\",\"position\":1,\"name\":\"Home\",\"item\":\"https:\\\/\\\/www.rassegnastampa-totustuus.it\\\/cattolica\\\/\"},{\"@type\":\"ListItem\",\"position\":2,\"name\":\"Lo statalismo climatico entra nella Costituzione\"}]},{\"@type\":\"WebSite\",\"@id\":\"https:\\\/\\\/www.rassegnastampa-totustuus.it\\\/cattolica\\\/#website\",\"url\":\"https:\\\/\\\/www.rassegnastampa-totustuus.it\\\/cattolica\\\/\",\"name\":\"Rassegna Stampa Cattolica\",\"description\":\"Per una cultura che nasce dalla Rivelazione cristiana in conformit\u00e0 alla tradizione e al Magistero della Chiesa in opposizione ad ogni relativismo e totalitarismo\",\"publisher\":{\"@id\":\"https:\\\/\\\/www.rassegnastampa-totustuus.it\\\/cattolica\\\/#organization\"},\"alternateName\":\"Rass. Cattolica\",\"potentialAction\":[{\"@type\":\"SearchAction\",\"target\":{\"@type\":\"EntryPoint\",\"urlTemplate\":\"https:\\\/\\\/www.rassegnastampa-totustuus.it\\\/cattolica\\\/?s={search_term_string}\"},\"query-input\":{\"@type\":\"PropertyValueSpecification\",\"valueRequired\":true,\"valueName\":\"search_term_string\"}}],\"inLanguage\":\"it-IT\"},{\"@type\":\"Organization\",\"@id\":\"https:\\\/\\\/www.rassegnastampa-totustuus.it\\\/cattolica\\\/#organization\",\"name\":\"Rassegna Stampa Cattolica\",\"url\":\"https:\\\/\\\/www.rassegnastampa-totustuus.it\\\/cattolica\\\/\",\"logo\":{\"@type\":\"ImageObject\",\"inLanguage\":\"it-IT\",\"@id\":\"https:\\\/\\\/www.rassegnastampa-totustuus.it\\\/cattolica\\\/#\\\/schema\\\/logo\\\/image\\\/\",\"url\":\"https:\\\/\\\/www.rassegnastampa-totustuus.it\\\/cattolica\\\/wp-content\\\/uploads\\\/2014\\\/04\\\/logo-rassegna1.gif\",\"contentUrl\":\"https:\\\/\\\/www.rassegnastampa-totustuus.it\\\/cattolica\\\/wp-content\\\/uploads\\\/2014\\\/04\\\/logo-rassegna1.gif\",\"width\":600,\"height\":163,\"caption\":\"Rassegna Stampa Cattolica\"},\"image\":{\"@id\":\"https:\\\/\\\/www.rassegnastampa-totustuus.it\\\/cattolica\\\/#\\\/schema\\\/logo\\\/image\\\/\"},\"sameAs\":[\"https:\\\/\\\/www.facebook.com\\\/rassegnastampacattolica\",\"https:\\\/\\\/x.com\\\/rassegnastampa9\"]},{\"@type\":\"Person\",\"@id\":\"https:\\\/\\\/www.rassegnastampa-totustuus.it\\\/cattolica\\\/#\\\/schema\\\/person\\\/08f319d2bd1a0904ad9e2bfb7b15e5c3\",\"name\":\"Redazione\",\"image\":{\"@type\":\"ImageObject\",\"inLanguage\":\"it-IT\",\"@id\":\"https:\\\/\\\/secure.gravatar.com\\\/avatar\\\/2fcdf27c78ea025fbdb44e914cc63c72249ffec9dc8aafd5c82b26240ef3f346?s=96&d=mm&r=g\",\"url\":\"https:\\\/\\\/secure.gravatar.com\\\/avatar\\\/2fcdf27c78ea025fbdb44e914cc63c72249ffec9dc8aafd5c82b26240ef3f346?s=96&d=mm&r=g\",\"contentUrl\":\"https:\\\/\\\/secure.gravatar.com\\\/avatar\\\/2fcdf27c78ea025fbdb44e914cc63c72249ffec9dc8aafd5c82b26240ef3f346?s=96&d=mm&r=g\",\"caption\":\"Redazione\"},\"url\":\"https:\\\/\\\/www.rassegnastampa-totustuus.it\\\/cattolica\\\/author\\\/pietroelle\\\/\"}]}<\/script>\n<!-- \/ Yoast SEO plugin. -->","yoast_head_json":{"title":"Lo statalismo climatico entra nella Costituzione - Rassegna Stampa Cattolica","description":"Lo statalismo climatico entra nella Costituzione iscrivendo una ipoteca molto pericolosa per il nostro futuro","robots":{"index":"index","follow":"follow","max-snippet":"max-snippet:-1","max-image-preview":"max-image-preview:large","max-video-preview":"max-video-preview:-1"},"canonical":"https:\/\/www.rassegnastampa-totustuus.it\/cattolica\/lo-statalismo-climatico-entra-nella-costituzione\/","og_locale":"it_IT","og_type":"article","og_title":"Lo statalismo climatico entra nella Costituzione - Rassegna Stampa Cattolica","og_description":"Lo statalismo climatico entra nella Costituzione iscrivendo una ipoteca molto pericolosa per il nostro futuro","og_url":"https:\/\/www.rassegnastampa-totustuus.it\/cattolica\/lo-statalismo-climatico-entra-nella-costituzione\/","og_site_name":"Rassegna Stampa Cattolica","article_publisher":"https:\/\/www.facebook.com\/rassegnastampacattolica","article_published_time":"2022-03-16T23:00:21+00:00","article_modified_time":"2024-05-14T16:36:05+00:00","og_image":[{"width":1400,"height":933,"url":"https:\/\/www.rassegnastampa-totustuus.it\/cattolica\/wp-content\/uploads\/2019\/05\/parlamento_politica.jpg","type":"image\/jpeg"}],"author":"Redazione","twitter_card":"summary_large_image","twitter_creator":"@rassegnastampa9","twitter_site":"@rassegnastampa9","twitter_misc":{"Scritto da":"Redazione","Tempo di lettura stimato":"10 minuti"},"schema":{"@context":"https:\/\/schema.org","@graph":[{"@type":"Article","@id":"https:\/\/www.rassegnastampa-totustuus.it\/cattolica\/lo-statalismo-climatico-entra-nella-costituzione\/#article","isPartOf":{"@id":"https:\/\/www.rassegnastampa-totustuus.it\/cattolica\/lo-statalismo-climatico-entra-nella-costituzione\/"},"author":{"name":"Redazione","@id":"https:\/\/www.rassegnastampa-totustuus.it\/cattolica\/#\/schema\/person\/08f319d2bd1a0904ad9e2bfb7b15e5c3"},"headline":"Lo statalismo climatico entra nella Costituzione","datePublished":"2022-03-16T23:00:21+00:00","dateModified":"2024-05-14T16:36:05+00:00","mainEntityOfPage":{"@id":"https:\/\/www.rassegnastampa-totustuus.it\/cattolica\/lo-statalismo-climatico-entra-nella-costituzione\/"},"wordCount":1461,"publisher":{"@id":"https:\/\/www.rassegnastampa-totustuus.it\/cattolica\/#organization"},"image":{"@id":"https:\/\/www.rassegnastampa-totustuus.it\/cattolica\/lo-statalismo-climatico-entra-nella-costituzione\/#primaryimage"},"thumbnailUrl":"https:\/\/www.rassegnastampa-totustuus.it\/cattolica\/wp-content\/uploads\/2019\/05\/parlamento_politica.jpg","keywords":["Ambientalismo","clima","costituzione italiana","politica nazionale"],"articleSection":["Ambientalismo","Politica nazionale"],"inLanguage":"it-IT"},{"@type":"WebPage","@id":"https:\/\/www.rassegnastampa-totustuus.it\/cattolica\/lo-statalismo-climatico-entra-nella-costituzione\/","url":"https:\/\/www.rassegnastampa-totustuus.it\/cattolica\/lo-statalismo-climatico-entra-nella-costituzione\/","name":"Lo statalismo climatico entra nella Costituzione - Rassegna Stampa Cattolica","isPartOf":{"@id":"https:\/\/www.rassegnastampa-totustuus.it\/cattolica\/#website"},"primaryImageOfPage":{"@id":"https:\/\/www.rassegnastampa-totustuus.it\/cattolica\/lo-statalismo-climatico-entra-nella-costituzione\/#primaryimage"},"image":{"@id":"https:\/\/www.rassegnastampa-totustuus.it\/cattolica\/lo-statalismo-climatico-entra-nella-costituzione\/#primaryimage"},"thumbnailUrl":"https:\/\/www.rassegnastampa-totustuus.it\/cattolica\/wp-content\/uploads\/2019\/05\/parlamento_politica.jpg","datePublished":"2022-03-16T23:00:21+00:00","dateModified":"2024-05-14T16:36:05+00:00","description":"Lo statalismo climatico entra nella Costituzione iscrivendo una ipoteca molto pericolosa per il nostro futuro","breadcrumb":{"@id":"https:\/\/www.rassegnastampa-totustuus.it\/cattolica\/lo-statalismo-climatico-entra-nella-costituzione\/#breadcrumb"},"inLanguage":"it-IT","potentialAction":[{"@type":"ReadAction","target":["https:\/\/www.rassegnastampa-totustuus.it\/cattolica\/lo-statalismo-climatico-entra-nella-costituzione\/"]}]},{"@type":"ImageObject","inLanguage":"it-IT","@id":"https:\/\/www.rassegnastampa-totustuus.it\/cattolica\/lo-statalismo-climatico-entra-nella-costituzione\/#primaryimage","url":"https:\/\/www.rassegnastampa-totustuus.it\/cattolica\/wp-content\/uploads\/2019\/05\/parlamento_politica.jpg","contentUrl":"https:\/\/www.rassegnastampa-totustuus.it\/cattolica\/wp-content\/uploads\/2019\/05\/parlamento_politica.jpg","width":1400,"height":933},{"@type":"BreadcrumbList","@id":"https:\/\/www.rassegnastampa-totustuus.it\/cattolica\/lo-statalismo-climatico-entra-nella-costituzione\/#breadcrumb","itemListElement":[{"@type":"ListItem","position":1,"name":"Home","item":"https:\/\/www.rassegnastampa-totustuus.it\/cattolica\/"},{"@type":"ListItem","position":2,"name":"Lo statalismo climatico entra nella Costituzione"}]},{"@type":"WebSite","@id":"https:\/\/www.rassegnastampa-totustuus.it\/cattolica\/#website","url":"https:\/\/www.rassegnastampa-totustuus.it\/cattolica\/","name":"Rassegna Stampa Cattolica","description":"Per una cultura che nasce dalla Rivelazione cristiana in conformit\u00e0 alla tradizione e al Magistero della Chiesa in opposizione ad ogni relativismo e totalitarismo","publisher":{"@id":"https:\/\/www.rassegnastampa-totustuus.it\/cattolica\/#organization"},"alternateName":"Rass. Cattolica","potentialAction":[{"@type":"SearchAction","target":{"@type":"EntryPoint","urlTemplate":"https:\/\/www.rassegnastampa-totustuus.it\/cattolica\/?s={search_term_string}"},"query-input":{"@type":"PropertyValueSpecification","valueRequired":true,"valueName":"search_term_string"}}],"inLanguage":"it-IT"},{"@type":"Organization","@id":"https:\/\/www.rassegnastampa-totustuus.it\/cattolica\/#organization","name":"Rassegna Stampa Cattolica","url":"https:\/\/www.rassegnastampa-totustuus.it\/cattolica\/","logo":{"@type":"ImageObject","inLanguage":"it-IT","@id":"https:\/\/www.rassegnastampa-totustuus.it\/cattolica\/#\/schema\/logo\/image\/","url":"https:\/\/www.rassegnastampa-totustuus.it\/cattolica\/wp-content\/uploads\/2014\/04\/logo-rassegna1.gif","contentUrl":"https:\/\/www.rassegnastampa-totustuus.it\/cattolica\/wp-content\/uploads\/2014\/04\/logo-rassegna1.gif","width":600,"height":163,"caption":"Rassegna Stampa Cattolica"},"image":{"@id":"https:\/\/www.rassegnastampa-totustuus.it\/cattolica\/#\/schema\/logo\/image\/"},"sameAs":["https:\/\/www.facebook.com\/rassegnastampacattolica","https:\/\/x.com\/rassegnastampa9"]},{"@type":"Person","@id":"https:\/\/www.rassegnastampa-totustuus.it\/cattolica\/#\/schema\/person\/08f319d2bd1a0904ad9e2bfb7b15e5c3","name":"Redazione","image":{"@type":"ImageObject","inLanguage":"it-IT","@id":"https:\/\/secure.gravatar.com\/avatar\/2fcdf27c78ea025fbdb44e914cc63c72249ffec9dc8aafd5c82b26240ef3f346?s=96&d=mm&r=g","url":"https:\/\/secure.gravatar.com\/avatar\/2fcdf27c78ea025fbdb44e914cc63c72249ffec9dc8aafd5c82b26240ef3f346?s=96&d=mm&r=g","contentUrl":"https:\/\/secure.gravatar.com\/avatar\/2fcdf27c78ea025fbdb44e914cc63c72249ffec9dc8aafd5c82b26240ef3f346?s=96&d=mm&r=g","caption":"Redazione"},"url":"https:\/\/www.rassegnastampa-totustuus.it\/cattolica\/author\/pietroelle\/"}]}},"_links":{"self":[{"href":"https:\/\/www.rassegnastampa-totustuus.it\/cattolica\/wp-json\/wp\/v2\/posts\/53731","targetHints":{"allow":["GET"]}}],"collection":[{"href":"https:\/\/www.rassegnastampa-totustuus.it\/cattolica\/wp-json\/wp\/v2\/posts"}],"about":[{"href":"https:\/\/www.rassegnastampa-totustuus.it\/cattolica\/wp-json\/wp\/v2\/types\/post"}],"author":[{"embeddable":true,"href":"https:\/\/www.rassegnastampa-totustuus.it\/cattolica\/wp-json\/wp\/v2\/users\/6"}],"replies":[{"embeddable":true,"href":"https:\/\/www.rassegnastampa-totustuus.it\/cattolica\/wp-json\/wp\/v2\/comments?post=53731"}],"version-history":[{"count":2,"href":"https:\/\/www.rassegnastampa-totustuus.it\/cattolica\/wp-json\/wp\/v2\/posts\/53731\/revisions"}],"predecessor-version":[{"id":60388,"href":"https:\/\/www.rassegnastampa-totustuus.it\/cattolica\/wp-json\/wp\/v2\/posts\/53731\/revisions\/60388"}],"wp:featuredmedia":[{"embeddable":true,"href":"https:\/\/www.rassegnastampa-totustuus.it\/cattolica\/wp-json\/wp\/v2\/media\/43068"}],"wp:attachment":[{"href":"https:\/\/www.rassegnastampa-totustuus.it\/cattolica\/wp-json\/wp\/v2\/media?parent=53731"}],"wp:term":[{"taxonomy":"category","embeddable":true,"href":"https:\/\/www.rassegnastampa-totustuus.it\/cattolica\/wp-json\/wp\/v2\/categories?post=53731"},{"taxonomy":"post_tag","embeddable":true,"href":"https:\/\/www.rassegnastampa-totustuus.it\/cattolica\/wp-json\/wp\/v2\/tags?post=53731"}],"curies":[{"name":"wp","href":"https:\/\/api.w.org\/{rel}","templated":true}]}}