{"id":53508,"date":"2022-02-17T00:00:57","date_gmt":"2022-02-16T23:00:57","guid":{"rendered":"http:\/\/www.rassegnastampa-totustuus.it\/cattolica\/?p=53508"},"modified":"2024-05-17T10:00:31","modified_gmt":"2024-05-17T08:00:31","slug":"referendum-droga-il-marxismo-e-loppio-dei-popoli","status":"publish","type":"post","link":"https:\/\/www.rassegnastampa-totustuus.it\/cattolica\/referendum-droga-il-marxismo-e-loppio-dei-popoli\/","title":{"rendered":"Referendum droga, il marxismo \u00e8 l\u2019oppio dei popoli"},"content":{"rendered":"<p style=\"text-align: center;\"><span style=\"color: #000000;\"><strong><img loading=\"lazy\" decoding=\"async\" class=\" wp-image-53509 alignleft\" src=\"https:\/\/www.rassegnastampa-totustuus.it\/cattolica\/wp-content\/uploads\/2022\/02\/Marx_droga-300x214.png\" alt=\"\" width=\"240\" height=\"171\" srcset=\"https:\/\/www.rassegnastampa-totustuus.it\/cattolica\/wp-content\/uploads\/2022\/02\/Marx_droga-300x214.png 300w, https:\/\/www.rassegnastampa-totustuus.it\/cattolica\/wp-content\/uploads\/2022\/02\/Marx_droga.png 750w\" sizes=\"auto, (max-width: 240px) 100vw, 240px\" \/><a href=\"https:\/\/ifamnews.com\/it\" target=\"_blank\" rel=\"noopener\">International Family News<\/a> <\/strong>9 Febbraio 2022 <\/span><\/p>\n<p style=\"text-align: justify;\"><span style=\"color: #000000;\"><em>Matita rossa per il quotidiano \u00abil Manifesto\u00bb, che per legalizzarla ripete una solita serie di non verit\u00e0 gi\u00e0 confutate<\/em><\/span><\/p>\n<p style=\"text-align: center;\"><span style=\"color: #000000;\">di <strong>Andrea Bartelloni <\/strong><\/span><\/p>\n<p><!--more--><\/p>\n<p style=\"text-align: justify;\"><span style=\"color: #000000;\">Si avvicina il momento in cui la Corte costituzionale si pronuncer\u00e0 sull\u2019ammissibilit\u00e0 del <em>referendum<\/em><\/span> <a href=\"https:\/\/ifamnews.com\/it\/tag\/droga\" target=\"_blank\" rel=\"noreferrer noopener\">i<span style=\"color: #0000ff;\">mpropriamente detto \u201csulla <em>cannabis<\/em>\u201d<\/span><\/a>. <span style=\"color: #000000;\">E parte il fuoco di fila che vede in prima linea<\/span> <span style=\"color: #0000ff;\"><em><a style=\"color: #0000ff;\" href=\"https:\/\/ilmanifesto.it\/referendum-cannabis-il-15-la-parola-alla-consulta\/\" target=\"_blank\" rel=\"noreferrer noopener\">il Manifesto<\/a><\/em><a style=\"color: #0000ff;\" href=\"https:\/\/ilmanifesto.it\/referendum-cannabis-il-15-la-parola-alla-consulta\/\" target=\"_blank\" rel=\"noreferrer noopener\">, quotidiano comunista<\/a>.<\/span><\/p>\n<p style=\"text-align: justify;\"><span style=\"color: #000000;\"><img loading=\"lazy\" decoding=\"async\" class=\"size-medium wp-image-25497 alignleft\" src=\"https:\/\/www.rassegnastampa-totustuus.it\/cattolica\/wp-content\/uploads\/2013\/05\/canna-300x150.jpg\" alt=\"\" width=\"300\" height=\"150\" srcset=\"https:\/\/www.rassegnastampa-totustuus.it\/cattolica\/wp-content\/uploads\/2013\/05\/canna-300x150.jpg 300w, https:\/\/www.rassegnastampa-totustuus.it\/cattolica\/wp-content\/uploads\/2013\/05\/canna.jpg 317w\" sizes=\"auto, (max-width: 300px) 100vw, 300px\" \/>Anzitutto si sa ben bene come<\/span> <span style=\"color: #0000ff;\"><a style=\"color: #0000ff;\" href=\"https:\/\/ifamnews.com\/it\/cosa-si-cela-sotto-l-erba-del-referendum-sulla-droga\" target=\"_blank\" rel=\"noreferrer noopener\">il <em>referendum<\/em> non riguardi la <em>cannabis<\/em> e basta<\/a>,<\/span> <span style=\"color: #000000;\">ma autorizzi piuttosto la<\/span> <a href=\"https:\/\/ifamnews.com\/it\/referendum-si-finir-con-l-assolvere-la-droga-fai-da-te\" target=\"_blank\" rel=\"noreferrer noopener\"><span style=\"color: #0000ff;\">coltivazione di qualsiasi droga coltivabile<\/span><\/a><span style=\"color: #0000ff;\">. <\/span><\/p>\n<p style=\"text-align: justify;\"><span style=\"color: #000000;\">Poi, come si legge a pagina 14 del quotidiano comunista di oggi, 9 febbraio, \u00abSi tratta di una enorme questione sociale che tocca la vita di milioni di consumatori\u00bb. Forse che i comunisti si siano confusi con gli aumenti stratosferici delle bollette? <\/span><\/p>\n<p style=\"text-align: justify;\"><span style=\"color: #000000;\"><img loading=\"lazy\" decoding=\"async\" class=\"size-medium wp-image-50900 alignright\" src=\"https:\/\/www.rassegnastampa-totustuus.it\/cattolica\/wp-content\/uploads\/2021\/05\/Manifesto_quotidiano_comunismo-1-300x169.jpg\" alt=\"\" width=\"300\" height=\"169\" srcset=\"https:\/\/www.rassegnastampa-totustuus.it\/cattolica\/wp-content\/uploads\/2021\/05\/Manifesto_quotidiano_comunismo-1-300x169.jpg 300w, https:\/\/www.rassegnastampa-totustuus.it\/cattolica\/wp-content\/uploads\/2021\/05\/Manifesto_quotidiano_comunismo-1-768x432.jpg 768w, https:\/\/www.rassegnastampa-totustuus.it\/cattolica\/wp-content\/uploads\/2021\/05\/Manifesto_quotidiano_comunismo-1-1024x576.jpg 1024w, https:\/\/www.rassegnastampa-totustuus.it\/cattolica\/wp-content\/uploads\/2021\/05\/Manifesto_quotidiano_comunismo-1.jpg 1920w\" sizes=\"auto, (max-width: 300px) 100vw, 300px\" \/>Ancora: \u00abil mercato illegale cresce senza essere scalfito da un\u2019azione repressiva che costa miliardi\u00bb. Ottimo,<\/span> il <span style=\"color: #0000ff;\"><a style=\"color: #0000ff;\" href=\"https:\/\/ifamnews.com\/it\/travolti-dal-crimine-che-la-droga-legale-doveva-sconfiggere\" target=\"_blank\" rel=\"noreferrer noopener\">mercato illegale \u00e8 pi\u00f9 che florido<\/a><\/span> <span style=\"color: #000000;\">dove la droga \u00e8 legale perch\u00e9<\/span> <span style=\"color: #0000ff;\"><a style=\"color: #0000ff;\" href=\"https:\/\/ifamnews.com\/it\/il-mito-sfatato-dell-uruguay-felix\" target=\"_blank\" rel=\"noreferrer noopener\">cresce la domanda<\/a><\/span> <span style=\"color: #000000;\">e l\u2019azione repressiva \u00e8 sempre in difficolt\u00e0.<\/span><\/p>\n<p style=\"text-align: justify;\"><span style=\"color: #000000;\">Si tratta, poi, dice il quotidiano comunista, \u00abdi una questione di tutela della salute dei cittadini e delle loro libert\u00e0\u00bb. Salute e libert\u00e0 che non hanno nulla a che fare con la libert\u00e0 di drogarsi: la droga fa sempre male e fa perdere la libert\u00e0. <\/span><\/p>\n<p style=\"text-align: justify;\"><span style=\"color: #000000;\"><img loading=\"lazy\" decoding=\"async\" class=\"size-full wp-image-22656 alignleft\" src=\"https:\/\/www.rassegnastampa-totustuus.it\/cattolica\/wp-content\/uploads\/2011\/07\/marijuana.jpg\" alt=\"\" width=\"287\" height=\"175\" \/>Si parla poi di \u00abcondotte non lesive nei confronti di alcuno\u00bb. A parte che i danni al sistema nervoso centrale, specialmente tra i giovani, sono una evidenza scientifica, ma quanta violenza nelle strade \u00e8 legata all\u2019uso di droga? L\u2019uso di droga \u00e8 in aumento, e aumentano le violenze e le condotte devianti. <\/span><\/p>\n<p style=\"text-align: justify;\"><span style=\"color: #000000;\"><img loading=\"lazy\" decoding=\"async\" class=\"wp-image-25132 alignright\" src=\"https:\/\/www.rassegnastampa-totustuus.it\/cattolica\/wp-content\/uploads\/2013\/04\/legalizza_droga.jpg\" alt=\"\" width=\"171\" height=\"239\" \/>Infine ci si fa grandi delle oltre 600mila firme a sostegno della legalizzazione raccolte \u00abin una sola settimana\u00bb, ma \u00e8 una grossa bugia. Le firme valide superano di poco le 500mila necessarie (507.104), e per questo gli \u201calternativi\u201d debbono ringraziare il governo del<\/span> <span style=\"color: #0000ff;\"><a style=\"color: #0000ff;\" href=\"https:\/\/ifamnews.com\/it\/draghi-neutrale-cio-di-parte\">regol<\/a><a style=\"color: #0000ff;\" href=\"https:\/\/ifamnews.com\/it\/draghi-neutrale-cio-di-parte\" target=\"_blank\" rel=\"noreferrer noopener\">arissimo Mario Draghi<\/a>,<\/span> <span style=\"color: #000000;\">che ha allungato i tempi della raccolta di un mese, altrimenti <em>nichts<\/em>. <\/span><\/p>\n<p style=\"text-align: justify;\"><span style=\"color: #000000;\">S\u00ec, il marxismo \u00e8 l\u2019oppio dei popoli.<\/span><\/p>\n<p>_______________________________________________<\/p>\n<p><span style=\"color: #000000;\"><strong>Leggi anche:\u00a0<\/strong><\/span><\/p>\n<p><a href=\"https:\/\/www.rassegnastampa-totustuus.it\/cattolica\/cannabis-e-legalizzazione-le-ragioni-del-no\/\" target=\"_blank\" rel=\"noopener\"><span style=\"color: #0000ff;\">\u201cCannabis e legalizzazione: le ragioni del no\u201d\u00a0\u00a0<\/span><\/a><\/p>\n<p><span style=\"color: #0000ff;\"><a style=\"color: #0000ff;\" href=\"https:\/\/www.rassegnastampa-totustuus.it\/cattolica\/perche-no-alla-legalizzazione-del-traffico-di-cannabis-a-rischio-adolescenti-e-bambini\/\" target=\"_blank\" rel=\"noopener\">Perch\u00e9 no alla legalizzazione del traffico di cannabis: a rischio adolescenti e bambini<\/a><\/span><\/p>\n<p><a href=\"https:\/\/www.rassegnastampa-totustuus.it\/cattolica\/legalizzazione-della-cannabis-fuori-da-ogni-logica\/\" target=\"_blank\" rel=\"noopener\"><span style=\"color: #0000ff;\">Legalizzazione della cannabis fuori da ogni logica<\/span><\/a><\/p>\n","protected":false},"excerpt":{"rendered":"<p>International Family News 9 Febbraio 2022 Matita rossa per il quotidiano \u00abil Manifesto\u00bb, che per legalizzarla ripete una solita serie di non verit\u00e0 gi\u00e0 confutate di Andrea Bartelloni<\/p><p><a class=\"more-link btn\" href=\"https:\/\/www.rassegnastampa-totustuus.it\/cattolica\/referendum-droga-il-marxismo-e-loppio-dei-popoli\/\">Continua a leggere<\/a><\/p>\n","protected":false},"author":6,"featured_media":45471,"comment_status":"closed","ping_status":"closed","sticky":false,"template":"","format":"standard","meta":{"footnotes":""},"categories":[12],"tags":[278],"class_list":["post-53508","post","type-post","status-publish","format-standard","has-post-thumbnail","hentry","category-droga","tag-droga-2","item-wrap"],"yoast_head":"<!-- This site is optimized with the Yoast SEO plugin v27.5 - https:\/\/yoast.com\/product\/yoast-seo-wordpress\/ -->\n<title>Referendum droga, il marxismo \u00e8 l\u2019oppio dei popoli - Rassegna Stampa Cattolica<\/title>\n<meta name=\"description\" content=\"Referendum droga, il marxismo \u00e8 l\u2019oppio dei popoli. \u00abil Manifesto\u00bb per legalizzarla ripete una solita serie di non verit\u00e0 gi\u00e0 confutate\" \/>\n<meta name=\"robots\" content=\"index, follow, max-snippet:-1, max-image-preview:large, max-video-preview:-1\" \/>\n<link rel=\"canonical\" href=\"https:\/\/www.rassegnastampa-totustuus.it\/cattolica\/referendum-droga-il-marxismo-e-loppio-dei-popoli\/\" \/>\n<meta property=\"og:locale\" content=\"it_IT\" \/>\n<meta property=\"og:type\" content=\"article\" \/>\n<meta property=\"og:title\" content=\"Referendum droga, il marxismo \u00e8 l\u2019oppio dei popoli - Rassegna Stampa Cattolica\" \/>\n<meta property=\"og:description\" content=\"Referendum droga, il marxismo \u00e8 l\u2019oppio dei popoli. \u00abil Manifesto\u00bb per legalizzarla ripete una solita serie di non verit\u00e0 gi\u00e0 confutate\" \/>\n<meta property=\"og:url\" content=\"https:\/\/www.rassegnastampa-totustuus.it\/cattolica\/referendum-droga-il-marxismo-e-loppio-dei-popoli\/\" \/>\n<meta property=\"og:site_name\" content=\"Rassegna Stampa Cattolica\" \/>\n<meta property=\"article:publisher\" content=\"https:\/\/www.facebook.com\/rassegnastampacattolica\" \/>\n<meta property=\"article:published_time\" content=\"2022-02-16T23:00:57+00:00\" \/>\n<meta property=\"article:modified_time\" content=\"2024-05-17T08:00:31+00:00\" \/>\n<meta property=\"og:image\" content=\"https:\/\/www.rassegnastampa-totustuus.it\/cattolica\/wp-content\/uploads\/2019\/12\/droga_marijuana.jpg\" \/>\n\t<meta property=\"og:image:width\" content=\"2000\" \/>\n\t<meta property=\"og:image:height\" content=\"1000\" \/>\n\t<meta property=\"og:image:type\" content=\"image\/jpeg\" \/>\n<meta name=\"author\" content=\"Redazione\" \/>\n<meta name=\"twitter:card\" content=\"summary_large_image\" \/>\n<meta name=\"twitter:creator\" content=\"@rassegnastampa9\" \/>\n<meta name=\"twitter:site\" content=\"@rassegnastampa9\" \/>\n<meta name=\"twitter:label1\" content=\"Scritto da\" \/>\n\t<meta name=\"twitter:data1\" content=\"Redazione\" \/>\n\t<meta name=\"twitter:label2\" content=\"Tempo di lettura stimato\" \/>\n\t<meta name=\"twitter:data2\" content=\"4 minuti\" \/>\n<script type=\"application\/ld+json\" class=\"yoast-schema-graph\">{\"@context\":\"https:\\\/\\\/schema.org\",\"@graph\":[{\"@type\":\"Article\",\"@id\":\"https:\\\/\\\/www.rassegnastampa-totustuus.it\\\/cattolica\\\/referendum-droga-il-marxismo-e-loppio-dei-popoli\\\/#article\",\"isPartOf\":{\"@id\":\"https:\\\/\\\/www.rassegnastampa-totustuus.it\\\/cattolica\\\/referendum-droga-il-marxismo-e-loppio-dei-popoli\\\/\"},\"author\":{\"name\":\"Redazione\",\"@id\":\"https:\\\/\\\/www.rassegnastampa-totustuus.it\\\/cattolica\\\/#\\\/schema\\\/person\\\/08f319d2bd1a0904ad9e2bfb7b15e5c3\"},\"headline\":\"Referendum droga, il marxismo \u00e8 l\u2019oppio dei popoli\",\"datePublished\":\"2022-02-16T23:00:57+00:00\",\"dateModified\":\"2024-05-17T08:00:31+00:00\",\"mainEntityOfPage\":{\"@id\":\"https:\\\/\\\/www.rassegnastampa-totustuus.it\\\/cattolica\\\/referendum-droga-il-marxismo-e-loppio-dei-popoli\\\/\"},\"wordCount\":358,\"publisher\":{\"@id\":\"https:\\\/\\\/www.rassegnastampa-totustuus.it\\\/cattolica\\\/#organization\"},\"image\":{\"@id\":\"https:\\\/\\\/www.rassegnastampa-totustuus.it\\\/cattolica\\\/referendum-droga-il-marxismo-e-loppio-dei-popoli\\\/#primaryimage\"},\"thumbnailUrl\":\"https:\\\/\\\/www.rassegnastampa-totustuus.it\\\/cattolica\\\/wp-content\\\/uploads\\\/2019\\\/12\\\/droga_marijuana.jpg\",\"keywords\":[\"droga\"],\"articleSection\":[\"Droga\"],\"inLanguage\":\"it-IT\"},{\"@type\":\"WebPage\",\"@id\":\"https:\\\/\\\/www.rassegnastampa-totustuus.it\\\/cattolica\\\/referendum-droga-il-marxismo-e-loppio-dei-popoli\\\/\",\"url\":\"https:\\\/\\\/www.rassegnastampa-totustuus.it\\\/cattolica\\\/referendum-droga-il-marxismo-e-loppio-dei-popoli\\\/\",\"name\":\"Referendum droga, il marxismo \u00e8 l\u2019oppio dei popoli - Rassegna Stampa Cattolica\",\"isPartOf\":{\"@id\":\"https:\\\/\\\/www.rassegnastampa-totustuus.it\\\/cattolica\\\/#website\"},\"primaryImageOfPage\":{\"@id\":\"https:\\\/\\\/www.rassegnastampa-totustuus.it\\\/cattolica\\\/referendum-droga-il-marxismo-e-loppio-dei-popoli\\\/#primaryimage\"},\"image\":{\"@id\":\"https:\\\/\\\/www.rassegnastampa-totustuus.it\\\/cattolica\\\/referendum-droga-il-marxismo-e-loppio-dei-popoli\\\/#primaryimage\"},\"thumbnailUrl\":\"https:\\\/\\\/www.rassegnastampa-totustuus.it\\\/cattolica\\\/wp-content\\\/uploads\\\/2019\\\/12\\\/droga_marijuana.jpg\",\"datePublished\":\"2022-02-16T23:00:57+00:00\",\"dateModified\":\"2024-05-17T08:00:31+00:00\",\"description\":\"Referendum droga, il marxismo \u00e8 l\u2019oppio dei popoli. \u00abil Manifesto\u00bb per legalizzarla ripete una solita serie di non verit\u00e0 gi\u00e0 confutate\",\"breadcrumb\":{\"@id\":\"https:\\\/\\\/www.rassegnastampa-totustuus.it\\\/cattolica\\\/referendum-droga-il-marxismo-e-loppio-dei-popoli\\\/#breadcrumb\"},\"inLanguage\":\"it-IT\",\"potentialAction\":[{\"@type\":\"ReadAction\",\"target\":[\"https:\\\/\\\/www.rassegnastampa-totustuus.it\\\/cattolica\\\/referendum-droga-il-marxismo-e-loppio-dei-popoli\\\/\"]}]},{\"@type\":\"ImageObject\",\"inLanguage\":\"it-IT\",\"@id\":\"https:\\\/\\\/www.rassegnastampa-totustuus.it\\\/cattolica\\\/referendum-droga-il-marxismo-e-loppio-dei-popoli\\\/#primaryimage\",\"url\":\"https:\\\/\\\/www.rassegnastampa-totustuus.it\\\/cattolica\\\/wp-content\\\/uploads\\\/2019\\\/12\\\/droga_marijuana.jpg\",\"contentUrl\":\"https:\\\/\\\/www.rassegnastampa-totustuus.it\\\/cattolica\\\/wp-content\\\/uploads\\\/2019\\\/12\\\/droga_marijuana.jpg\",\"width\":2000,\"height\":1000},{\"@type\":\"BreadcrumbList\",\"@id\":\"https:\\\/\\\/www.rassegnastampa-totustuus.it\\\/cattolica\\\/referendum-droga-il-marxismo-e-loppio-dei-popoli\\\/#breadcrumb\",\"itemListElement\":[{\"@type\":\"ListItem\",\"position\":1,\"name\":\"Home\",\"item\":\"https:\\\/\\\/www.rassegnastampa-totustuus.it\\\/cattolica\\\/\"},{\"@type\":\"ListItem\",\"position\":2,\"name\":\"Referendum droga, il marxismo \u00e8 l\u2019oppio dei popoli\"}]},{\"@type\":\"WebSite\",\"@id\":\"https:\\\/\\\/www.rassegnastampa-totustuus.it\\\/cattolica\\\/#website\",\"url\":\"https:\\\/\\\/www.rassegnastampa-totustuus.it\\\/cattolica\\\/\",\"name\":\"Rassegna Stampa Cattolica\",\"description\":\"Per una cultura che nasce dalla Rivelazione cristiana in conformit\u00e0 alla tradizione e al Magistero della Chiesa in opposizione ad ogni relativismo e totalitarismo\",\"publisher\":{\"@id\":\"https:\\\/\\\/www.rassegnastampa-totustuus.it\\\/cattolica\\\/#organization\"},\"alternateName\":\"Rass. Cattolica\",\"potentialAction\":[{\"@type\":\"SearchAction\",\"target\":{\"@type\":\"EntryPoint\",\"urlTemplate\":\"https:\\\/\\\/www.rassegnastampa-totustuus.it\\\/cattolica\\\/?s={search_term_string}\"},\"query-input\":{\"@type\":\"PropertyValueSpecification\",\"valueRequired\":true,\"valueName\":\"search_term_string\"}}],\"inLanguage\":\"it-IT\"},{\"@type\":\"Organization\",\"@id\":\"https:\\\/\\\/www.rassegnastampa-totustuus.it\\\/cattolica\\\/#organization\",\"name\":\"Rassegna Stampa Cattolica\",\"url\":\"https:\\\/\\\/www.rassegnastampa-totustuus.it\\\/cattolica\\\/\",\"logo\":{\"@type\":\"ImageObject\",\"inLanguage\":\"it-IT\",\"@id\":\"https:\\\/\\\/www.rassegnastampa-totustuus.it\\\/cattolica\\\/#\\\/schema\\\/logo\\\/image\\\/\",\"url\":\"https:\\\/\\\/www.rassegnastampa-totustuus.it\\\/cattolica\\\/wp-content\\\/uploads\\\/2014\\\/04\\\/logo-rassegna1.gif\",\"contentUrl\":\"https:\\\/\\\/www.rassegnastampa-totustuus.it\\\/cattolica\\\/wp-content\\\/uploads\\\/2014\\\/04\\\/logo-rassegna1.gif\",\"width\":600,\"height\":163,\"caption\":\"Rassegna Stampa Cattolica\"},\"image\":{\"@id\":\"https:\\\/\\\/www.rassegnastampa-totustuus.it\\\/cattolica\\\/#\\\/schema\\\/logo\\\/image\\\/\"},\"sameAs\":[\"https:\\\/\\\/www.facebook.com\\\/rassegnastampacattolica\",\"https:\\\/\\\/x.com\\\/rassegnastampa9\"]},{\"@type\":\"Person\",\"@id\":\"https:\\\/\\\/www.rassegnastampa-totustuus.it\\\/cattolica\\\/#\\\/schema\\\/person\\\/08f319d2bd1a0904ad9e2bfb7b15e5c3\",\"name\":\"Redazione\",\"image\":{\"@type\":\"ImageObject\",\"inLanguage\":\"it-IT\",\"@id\":\"https:\\\/\\\/secure.gravatar.com\\\/avatar\\\/2fcdf27c78ea025fbdb44e914cc63c72249ffec9dc8aafd5c82b26240ef3f346?s=96&d=mm&r=g\",\"url\":\"https:\\\/\\\/secure.gravatar.com\\\/avatar\\\/2fcdf27c78ea025fbdb44e914cc63c72249ffec9dc8aafd5c82b26240ef3f346?s=96&d=mm&r=g\",\"contentUrl\":\"https:\\\/\\\/secure.gravatar.com\\\/avatar\\\/2fcdf27c78ea025fbdb44e914cc63c72249ffec9dc8aafd5c82b26240ef3f346?s=96&d=mm&r=g\",\"caption\":\"Redazione\"},\"url\":\"https:\\\/\\\/www.rassegnastampa-totustuus.it\\\/cattolica\\\/author\\\/pietroelle\\\/\"}]}<\/script>\n<!-- \/ Yoast SEO plugin. -->","yoast_head_json":{"title":"Referendum droga, il marxismo \u00e8 l\u2019oppio dei popoli - Rassegna Stampa Cattolica","description":"Referendum droga, il marxismo \u00e8 l\u2019oppio dei popoli. \u00abil Manifesto\u00bb per legalizzarla ripete una solita serie di non verit\u00e0 gi\u00e0 confutate","robots":{"index":"index","follow":"follow","max-snippet":"max-snippet:-1","max-image-preview":"max-image-preview:large","max-video-preview":"max-video-preview:-1"},"canonical":"https:\/\/www.rassegnastampa-totustuus.it\/cattolica\/referendum-droga-il-marxismo-e-loppio-dei-popoli\/","og_locale":"it_IT","og_type":"article","og_title":"Referendum droga, il marxismo \u00e8 l\u2019oppio dei popoli - Rassegna Stampa Cattolica","og_description":"Referendum droga, il marxismo \u00e8 l\u2019oppio dei popoli. \u00abil Manifesto\u00bb per legalizzarla ripete una solita serie di non verit\u00e0 gi\u00e0 confutate","og_url":"https:\/\/www.rassegnastampa-totustuus.it\/cattolica\/referendum-droga-il-marxismo-e-loppio-dei-popoli\/","og_site_name":"Rassegna Stampa Cattolica","article_publisher":"https:\/\/www.facebook.com\/rassegnastampacattolica","article_published_time":"2022-02-16T23:00:57+00:00","article_modified_time":"2024-05-17T08:00:31+00:00","og_image":[{"width":2000,"height":1000,"url":"https:\/\/www.rassegnastampa-totustuus.it\/cattolica\/wp-content\/uploads\/2019\/12\/droga_marijuana.jpg","type":"image\/jpeg"}],"author":"Redazione","twitter_card":"summary_large_image","twitter_creator":"@rassegnastampa9","twitter_site":"@rassegnastampa9","twitter_misc":{"Scritto da":"Redazione","Tempo di lettura stimato":"4 minuti"},"schema":{"@context":"https:\/\/schema.org","@graph":[{"@type":"Article","@id":"https:\/\/www.rassegnastampa-totustuus.it\/cattolica\/referendum-droga-il-marxismo-e-loppio-dei-popoli\/#article","isPartOf":{"@id":"https:\/\/www.rassegnastampa-totustuus.it\/cattolica\/referendum-droga-il-marxismo-e-loppio-dei-popoli\/"},"author":{"name":"Redazione","@id":"https:\/\/www.rassegnastampa-totustuus.it\/cattolica\/#\/schema\/person\/08f319d2bd1a0904ad9e2bfb7b15e5c3"},"headline":"Referendum droga, il marxismo \u00e8 l\u2019oppio dei popoli","datePublished":"2022-02-16T23:00:57+00:00","dateModified":"2024-05-17T08:00:31+00:00","mainEntityOfPage":{"@id":"https:\/\/www.rassegnastampa-totustuus.it\/cattolica\/referendum-droga-il-marxismo-e-loppio-dei-popoli\/"},"wordCount":358,"publisher":{"@id":"https:\/\/www.rassegnastampa-totustuus.it\/cattolica\/#organization"},"image":{"@id":"https:\/\/www.rassegnastampa-totustuus.it\/cattolica\/referendum-droga-il-marxismo-e-loppio-dei-popoli\/#primaryimage"},"thumbnailUrl":"https:\/\/www.rassegnastampa-totustuus.it\/cattolica\/wp-content\/uploads\/2019\/12\/droga_marijuana.jpg","keywords":["droga"],"articleSection":["Droga"],"inLanguage":"it-IT"},{"@type":"WebPage","@id":"https:\/\/www.rassegnastampa-totustuus.it\/cattolica\/referendum-droga-il-marxismo-e-loppio-dei-popoli\/","url":"https:\/\/www.rassegnastampa-totustuus.it\/cattolica\/referendum-droga-il-marxismo-e-loppio-dei-popoli\/","name":"Referendum droga, il marxismo \u00e8 l\u2019oppio dei popoli - Rassegna Stampa Cattolica","isPartOf":{"@id":"https:\/\/www.rassegnastampa-totustuus.it\/cattolica\/#website"},"primaryImageOfPage":{"@id":"https:\/\/www.rassegnastampa-totustuus.it\/cattolica\/referendum-droga-il-marxismo-e-loppio-dei-popoli\/#primaryimage"},"image":{"@id":"https:\/\/www.rassegnastampa-totustuus.it\/cattolica\/referendum-droga-il-marxismo-e-loppio-dei-popoli\/#primaryimage"},"thumbnailUrl":"https:\/\/www.rassegnastampa-totustuus.it\/cattolica\/wp-content\/uploads\/2019\/12\/droga_marijuana.jpg","datePublished":"2022-02-16T23:00:57+00:00","dateModified":"2024-05-17T08:00:31+00:00","description":"Referendum droga, il marxismo \u00e8 l\u2019oppio dei popoli. \u00abil Manifesto\u00bb per legalizzarla ripete una solita serie di non verit\u00e0 gi\u00e0 confutate","breadcrumb":{"@id":"https:\/\/www.rassegnastampa-totustuus.it\/cattolica\/referendum-droga-il-marxismo-e-loppio-dei-popoli\/#breadcrumb"},"inLanguage":"it-IT","potentialAction":[{"@type":"ReadAction","target":["https:\/\/www.rassegnastampa-totustuus.it\/cattolica\/referendum-droga-il-marxismo-e-loppio-dei-popoli\/"]}]},{"@type":"ImageObject","inLanguage":"it-IT","@id":"https:\/\/www.rassegnastampa-totustuus.it\/cattolica\/referendum-droga-il-marxismo-e-loppio-dei-popoli\/#primaryimage","url":"https:\/\/www.rassegnastampa-totustuus.it\/cattolica\/wp-content\/uploads\/2019\/12\/droga_marijuana.jpg","contentUrl":"https:\/\/www.rassegnastampa-totustuus.it\/cattolica\/wp-content\/uploads\/2019\/12\/droga_marijuana.jpg","width":2000,"height":1000},{"@type":"BreadcrumbList","@id":"https:\/\/www.rassegnastampa-totustuus.it\/cattolica\/referendum-droga-il-marxismo-e-loppio-dei-popoli\/#breadcrumb","itemListElement":[{"@type":"ListItem","position":1,"name":"Home","item":"https:\/\/www.rassegnastampa-totustuus.it\/cattolica\/"},{"@type":"ListItem","position":2,"name":"Referendum droga, il marxismo \u00e8 l\u2019oppio dei popoli"}]},{"@type":"WebSite","@id":"https:\/\/www.rassegnastampa-totustuus.it\/cattolica\/#website","url":"https:\/\/www.rassegnastampa-totustuus.it\/cattolica\/","name":"Rassegna Stampa Cattolica","description":"Per una cultura che nasce dalla Rivelazione cristiana in conformit\u00e0 alla tradizione e al Magistero della Chiesa in opposizione ad ogni relativismo e totalitarismo","publisher":{"@id":"https:\/\/www.rassegnastampa-totustuus.it\/cattolica\/#organization"},"alternateName":"Rass. Cattolica","potentialAction":[{"@type":"SearchAction","target":{"@type":"EntryPoint","urlTemplate":"https:\/\/www.rassegnastampa-totustuus.it\/cattolica\/?s={search_term_string}"},"query-input":{"@type":"PropertyValueSpecification","valueRequired":true,"valueName":"search_term_string"}}],"inLanguage":"it-IT"},{"@type":"Organization","@id":"https:\/\/www.rassegnastampa-totustuus.it\/cattolica\/#organization","name":"Rassegna Stampa Cattolica","url":"https:\/\/www.rassegnastampa-totustuus.it\/cattolica\/","logo":{"@type":"ImageObject","inLanguage":"it-IT","@id":"https:\/\/www.rassegnastampa-totustuus.it\/cattolica\/#\/schema\/logo\/image\/","url":"https:\/\/www.rassegnastampa-totustuus.it\/cattolica\/wp-content\/uploads\/2014\/04\/logo-rassegna1.gif","contentUrl":"https:\/\/www.rassegnastampa-totustuus.it\/cattolica\/wp-content\/uploads\/2014\/04\/logo-rassegna1.gif","width":600,"height":163,"caption":"Rassegna Stampa Cattolica"},"image":{"@id":"https:\/\/www.rassegnastampa-totustuus.it\/cattolica\/#\/schema\/logo\/image\/"},"sameAs":["https:\/\/www.facebook.com\/rassegnastampacattolica","https:\/\/x.com\/rassegnastampa9"]},{"@type":"Person","@id":"https:\/\/www.rassegnastampa-totustuus.it\/cattolica\/#\/schema\/person\/08f319d2bd1a0904ad9e2bfb7b15e5c3","name":"Redazione","image":{"@type":"ImageObject","inLanguage":"it-IT","@id":"https:\/\/secure.gravatar.com\/avatar\/2fcdf27c78ea025fbdb44e914cc63c72249ffec9dc8aafd5c82b26240ef3f346?s=96&d=mm&r=g","url":"https:\/\/secure.gravatar.com\/avatar\/2fcdf27c78ea025fbdb44e914cc63c72249ffec9dc8aafd5c82b26240ef3f346?s=96&d=mm&r=g","contentUrl":"https:\/\/secure.gravatar.com\/avatar\/2fcdf27c78ea025fbdb44e914cc63c72249ffec9dc8aafd5c82b26240ef3f346?s=96&d=mm&r=g","caption":"Redazione"},"url":"https:\/\/www.rassegnastampa-totustuus.it\/cattolica\/author\/pietroelle\/"}]}},"_links":{"self":[{"href":"https:\/\/www.rassegnastampa-totustuus.it\/cattolica\/wp-json\/wp\/v2\/posts\/53508","targetHints":{"allow":["GET"]}}],"collection":[{"href":"https:\/\/www.rassegnastampa-totustuus.it\/cattolica\/wp-json\/wp\/v2\/posts"}],"about":[{"href":"https:\/\/www.rassegnastampa-totustuus.it\/cattolica\/wp-json\/wp\/v2\/types\/post"}],"author":[{"embeddable":true,"href":"https:\/\/www.rassegnastampa-totustuus.it\/cattolica\/wp-json\/wp\/v2\/users\/6"}],"replies":[{"embeddable":true,"href":"https:\/\/www.rassegnastampa-totustuus.it\/cattolica\/wp-json\/wp\/v2\/comments?post=53508"}],"version-history":[{"count":2,"href":"https:\/\/www.rassegnastampa-totustuus.it\/cattolica\/wp-json\/wp\/v2\/posts\/53508\/revisions"}],"predecessor-version":[{"id":60469,"href":"https:\/\/www.rassegnastampa-totustuus.it\/cattolica\/wp-json\/wp\/v2\/posts\/53508\/revisions\/60469"}],"wp:featuredmedia":[{"embeddable":true,"href":"https:\/\/www.rassegnastampa-totustuus.it\/cattolica\/wp-json\/wp\/v2\/media\/45471"}],"wp:attachment":[{"href":"https:\/\/www.rassegnastampa-totustuus.it\/cattolica\/wp-json\/wp\/v2\/media?parent=53508"}],"wp:term":[{"taxonomy":"category","embeddable":true,"href":"https:\/\/www.rassegnastampa-totustuus.it\/cattolica\/wp-json\/wp\/v2\/categories?post=53508"},{"taxonomy":"post_tag","embeddable":true,"href":"https:\/\/www.rassegnastampa-totustuus.it\/cattolica\/wp-json\/wp\/v2\/tags?post=53508"}],"curies":[{"name":"wp","href":"https:\/\/api.w.org\/{rel}","templated":true}]}}