{"id":53476,"date":"2022-02-10T00:00:47","date_gmt":"2022-02-09T23:00:47","guid":{"rendered":"http:\/\/www.rassegnastampa-totustuus.it\/cattolica\/?p=53476"},"modified":"2024-05-18T12:58:43","modified_gmt":"2024-05-18T10:58:43","slug":"leuropa-demonizza-vino-e-birra","status":"publish","type":"post","link":"https:\/\/www.rassegnastampa-totustuus.it\/cattolica\/leuropa-demonizza-vino-e-birra\/","title":{"rendered":"L\u2019Europa demonizza vino e birra"},"content":{"rendered":"<p style=\"text-align: center;\"><span style=\"color: #000000;\"><strong><img loading=\"lazy\" decoding=\"async\" class=\" wp-image-53478 alignright\" src=\"https:\/\/www.rassegnastampa-totustuus.it\/cattolica\/wp-content\/uploads\/2022\/02\/proibizionismo_alcool.jpg\" alt=\"\" width=\"231\" height=\"231\" srcset=\"https:\/\/www.rassegnastampa-totustuus.it\/cattolica\/wp-content\/uploads\/2022\/02\/proibizionismo_alcool.jpg 167w, https:\/\/www.rassegnastampa-totustuus.it\/cattolica\/wp-content\/uploads\/2022\/02\/proibizionismo_alcool-150x150.jpg 150w\" sizes=\"auto, (max-width: 231px) 100vw, 231px\" \/><span style=\"color: #0000ff;\"><a style=\"color: #0000ff;\" href=\"https:\/\/www.italiaoggi.it\/\" target=\"_blank\" rel=\"noopener\">Italia Oggi<\/a><\/span><\/strong> 8 Dicembre 2021<\/span><\/p>\n<p style=\"text-align: justify;\"><span style=\"color: #000000;\"><em>Gli alcolici, tutti gli alcolici, vino incluso, saranno bollati come pericolosi per la salute, a prescindere dal loro livello di consumo. Anche solo bere un bicchierino di rosso o una fl\u00fbte di bollicine sar\u00e0 presto correlato all\u2019insorgenza di tumori, ad eventi cardiovascolari, al rischio morte e, alla fine, minacceranno di negare le cure a chi ha bevuto un po\u2019 di vino \u2026 come ai no vax. \u00a0<\/em><\/span><\/p>\n<p style=\"text-align: center;\"><span style=\"color: #000000;\">di<strong> Luigi Chiarello<\/strong><\/span><\/p>\n<p><span style=\"color: #000000;\"><!--more--><\/span><\/p>\n<p style=\"text-align: justify;\"><span style=\"color: #000000;\"><img loading=\"lazy\" decoding=\"async\" class=\" wp-image-41658 alignleft\" src=\"https:\/\/www.rassegnastampa-totustuus.it\/cattolica\/wp-content\/uploads\/2018\/11\/vino.jpg\" alt=\"\" width=\"250\" height=\"234\" \/>Gli alcolici, tutti gli alcolici, vino incluso, saranno bollati come pericolosi per la salute, a prescindere dal loro livello di consumo. <\/span><\/p>\n<p style=\"text-align: justify;\"><span style=\"color: #000000;\">Sostanzialmente il vino e la birra saranno considerati come il tabacco: anche solo bere un bicchierino di rosso o una fl\u00fbte di bollicine sar\u00e0 presto correlato all&#8217;insorgenza di tumori, ad eventi cardiovascolari, al rischio morte. Nessuno \u00e8 davvero al sicuro.<\/span><\/p>\n<p style=\"text-align: justify;\"><span style=\"color: #000000;\">\u00a0 Esagerato? Beh, questa \u00e8 la posizione assunta dal cosiddetto Comitato speciale Beca (acronimo che sta per Beating Cancer, battere il cancro): una commissione istituita lo scorso anno dall&#8217;Europarlamento e composta da soli eurodeputati, che ha il compito di stilare un rapporto teso al varo di un piano d&#8217;azione europeo contro i tumori.<\/span><\/p>\n<p style=\"text-align: justify;\"><span style=\"color: #000000;\">Domani, dopo il varo della prima bozza a luglio e gli ultimi emendamenti apportati al testo il primo dicembre scorso, la commissione Beca voter\u00e0 lo schema definitivo del report. Poi, il dossier parlamentare andr\u00e0 al voto della assemblea plenaria del Parlamento europeo, tra gennaio e febbraio del 2022.I risultati del rapporto, sebbene siano votati dall&#8217;Europarlamento, non hanno valenza normativa.<\/span><\/p>\n<p style=\"text-align: justify;\"><span style=\"color: #000000;\"><img loading=\"lazy\" decoding=\"async\" class=\" wp-image-41659 alignleft\" src=\"https:\/\/www.rassegnastampa-totustuus.it\/cattolica\/wp-content\/uploads\/2018\/11\/vino-1.jpg\" alt=\"\" width=\"317\" height=\"225\" \/>Costituiscono per\u00f2 il mandato politico, l&#8217;impianto per cos\u00ec dire, in base al quale la commissione europea definir\u00e0 le sue proposte regolamentari a contrasto del cancro per il comparto alcolici, vino incluso. <\/span><\/p>\n<p style=\"text-align: justify;\"><span style=\"color: #000000;\">Morale: se l&#8217;impostazione del report Beca sar\u00e0 fatta propria dall&#8217;Europarlamento, potranno derivarne colpi di spugna sugli aiuti alla promozione del vino e sull&#8217;incremento delle accise, forti limitazioni alle vendite a distanza e persino imposizioni draconiane di health warning sulle bottiglie (etichettature d&#8217;allerta sanitarie, per intenderci, come quelle stampigliate sui pacchetti di sigarette). <\/span><\/p>\n<p style=\"text-align: justify;\"><span style=\"color: #000000;\">Ma andiamo con ordine.<\/span><\/p>\n<p style=\"text-align: justify;\"><span style=\"color: #000000;\">I punti critici per il settore vini e alcolici. In base all&#8217;ultima versione del rapporto, emendata il primo dicembre e domani al voto degli eurodeputati del comitato Beca, la regolamentazione europea dovr\u00e0 poggiare su alcuni postulati chiave. <\/span><\/p>\n<p style=\"text-align: justify;\"><span style=\"color: #000000;\">E cio\u00e8: Trover\u00e0 cittadinanza l&#8217;impostazione dell&#8217;Organizzazione mondiale della sanit\u00e0, secondo cui \u00abnon esiste un livello sicuro per il consumo di alcol quando si tratta di prevenzione del cancro\u00bb. <\/span><\/p>\n<p style=\"text-align: justify;\"><span style=\"color: #000000;\">Di pi\u00f9: il report denuncia chiaramente che: \u00abIl consumo di alcool \u00e8 un fattore di rischio per molti tipi di cancro\u00bb, come quelli \u00aballa cavit\u00e0 orale, alla faringe, alla laringe, all&#8217;esofago, al fegato, al colon e, nelle donne, al seno\u00bb.<\/span><\/p>\n<p style=\"text-align: justify;\"><span style=\"color: #000000;\"><img loading=\"lazy\" decoding=\"async\" class=\" wp-image-41660 alignright\" src=\"https:\/\/www.rassegnastampa-totustuus.it\/cattolica\/wp-content\/uploads\/2018\/11\/vigneti_vino.jpg\" alt=\"\" width=\"329\" height=\"187\" \/>Non verr\u00e0 pi\u00f9 fatta distinzione tra consumo \u00abresponsabile\u00bb e consumo \u00abdannoso\u00bb di bevande alcoliche (come avviene gi\u00e0 oggi col tabacco e i suoi derivati). <\/span><\/p>\n<p style=\"text-align: justify;\"><span style=\"color: #000000;\">L&#8217;assunto adottato sar\u00e0 che: \u00abPi\u00f9 bassa \u00e8 la quantit\u00e0 di alcool consumato, pi\u00f9 basso \u00e8 il rischio di sviluppare il cancro\u00bb. <\/span><\/p>\n<p style=\"text-align: justify;\"><span style=\"color: #000000;\">Il tutto con buona pace delle iniziative messe in campo negli anni (dal mondo vitivinicolo in particolare), tese a promuovere il consumo responsabile (e in modica quantit\u00e0 benefico) del vino.<\/span><\/p>\n<p style=\"text-align: justify;\"><span style=\"color: #000000;\">Si dovr\u00e0 fare ricorso a \u00abhealth warning label\u00bb, cio\u00e8 ad etichette di avvertenza sanitaria sui prodotti.<\/span><\/p>\n<p style=\"text-align: justify;\"><span style=\"color: #000000;\"><img loading=\"lazy\" decoding=\"async\" class=\"size-medium wp-image-53479 alignleft\" src=\"https:\/\/www.rassegnastampa-totustuus.it\/cattolica\/wp-content\/uploads\/2022\/02\/sport_F1_alcool-300x168.jpg\" alt=\"\" width=\"300\" height=\"168\" srcset=\"https:\/\/www.rassegnastampa-totustuus.it\/cattolica\/wp-content\/uploads\/2022\/02\/sport_F1_alcool-300x168.jpg 300w, https:\/\/www.rassegnastampa-totustuus.it\/cattolica\/wp-content\/uploads\/2022\/02\/sport_F1_alcool.jpg 343w\" sizes=\"auto, (max-width: 300px) 100vw, 300px\" \/>Le sponsorizzazioni di alcolici nello sport dovranno essere vietate e, in generale, la pubblicit\u00e0 non dovr\u00e0 incoraggiare il consumo di alcol. <\/span><\/p>\n<p style=\"text-align: justify;\"><span style=\"color: #000000;\">Il che significa pronunciare la parola fine per eventi come: la maratona tra le vigne del Chianti Classico, la maratona nelle terre del Prosecco, la GimondiBike sponsorizzata Franciacorta o il Valtellina Wine Trail. <\/span><\/p>\n<p style=\"text-align: justify;\"><span style=\"color: #000000;\">Ma a rischio potrebbero essere anche le bottiglie di bollicine stappate in diretta tv dai vincitori delle grandi competizioni (World Cup, Champions League, Giro d&#8217;Italia e Tour de France, F1).<\/span><\/p>\n<p style=\"text-align: justify;\"><span style=\"color: #000000;\">Le pubblicit\u00e0 di bevande alcoliche nel corso di eventi sportivi andranno vietate, qualora queste riguardino eventi frequentati principalmente da minori.<\/span><\/p>\n<p style=\"text-align: justify;\"><span style=\"color: #000000;\">Andr\u00e0 \u00abrevisionata\u00bb la politica di promozione degli alcolici, dunque anche gli aiuti alla promozione potrebbero essere cancellati o ridotti (il riferimento al vino non \u00e8 esplicito, ma non \u00e8 neppure escluso).<\/span><\/p>\n<p style=\"text-align: justify;\"><span style=\"color: #000000;\"><img loading=\"lazy\" decoding=\"async\" class=\"wp-image-6809 alignright\" src=\"https:\/\/www.rassegnastampa-totustuus.it\/cattolica\/wp-content\/uploads\/2014\/03\/fisco.jpg\" alt=\"\" width=\"233\" height=\"233\" srcset=\"https:\/\/www.rassegnastampa-totustuus.it\/cattolica\/wp-content\/uploads\/2014\/03\/fisco.jpg 159w, https:\/\/www.rassegnastampa-totustuus.it\/cattolica\/wp-content\/uploads\/2014\/03\/fisco-150x150.jpg 150w\" sizes=\"auto, (max-width: 233px) 100vw, 233px\" \/>Viene richiesto un esplicito aumento della tassazione sulle bevande alcoliche.Le altre novit\u00e0. Dalla lettura degli emendamenti al testo, emerge anche qualche miglioramento rispetto alle prime bozze di luglio. <\/span><\/p>\n<p style=\"text-align: justify;\"><span style=\"color: #000000;\">Viene infatti genericamente riconosciuto un \u00abruolo positivo della Dieta Mediterranea\u00bb.<\/span><\/p>\n<p style=\"text-align: justify;\"><span style=\"color: #000000;\">Il report introduce poi il concetto di \u00abetichettatura digitale\u00bb, quale strumento per migliorare l&#8217;etichettatura delle bevande alcoliche, attraverso l&#8217;indicazione obbligatoria della lista degli ingredienti contenuti nei prodotti e delle informazioni nutrizionali che li riguardano. <\/span><\/p>\n<p style=\"text-align: justify;\"><span style=\"color: #000000;\">E&#8217; stato, infine, stralciato dal report ogni riferimento all&#8217;utilizzo del Nutriscore, il sistema di etichettatura a semaforo brevettato dalla Francia, che boccia in modo \u00abimpressivo\u00bb gli alimenti pi\u00f9 calorici, perch\u00e9 considerati dannosi per la salute \u00aba prescindere\u00bb, senza tener conto del regime alimentare in cui sono calati.<\/span><\/p>\n<p style=\"text-align: justify;\"><span style=\"color: #000000;\">Raggiunto da <em>ItaliaOggi<\/em> per un commento, il segretario generale dell&#8217;Unione Italiana Vini, Paolo Castelletti, ha commentato: \u00abCol voto al cancer plan il futuro del vino \u00e8 a rischio. Stiamo parlando di un settore che solo in Italia chiuder\u00e0 il 2021 con un saldo attivo con l&#8217;estero per oltre 6,5 mld di euro e che d\u00e0 lavoro a 1,3 mln di persone\u00bb.<\/span><\/p>\n<p>________________________________________<\/p>\n<p><span style=\"color: #000000;\"><strong>Leggi anche:<\/strong><\/span><\/p>\n<p><a href=\"https:\/\/www.rassegnastampa-totustuus.it\/cattolica\/elogio-del-vino-segno-dellidentita-italiana-e-dellidentita-cristiana\/\" target=\"_blank\" rel=\"noopener\"><span style=\"color: #0000ff;\">Elogio del vino, segno dell\u2019identit\u00e0 italiana e dell\u2019identit\u00e0 cristiana<\/span><\/a><\/p>\n<p><span style=\"color: #0000ff;\"><a style=\"color: #0000ff;\" href=\"https:\/\/www.rassegnastampa-totustuus.it\/cattolica\/lassurda-fatwa-della-ue-contro-il-vino-e-una-guerra-allitalia-e-alla-nostra-civilta\/\" target=\"_blank\" rel=\"noopener\">L\u2019assurda fatwa della Ue contro il vino. E\u2019 una guerra all\u2019Italia e alla nostra civilt\u00e0<\/a><\/span><\/p>\n<p><a href=\"https:\/\/www.rassegnastampa-totustuus.it\/cattolica\/perche-leuropa-boicotta-il-vino\/\" target=\"_blank\" rel=\"noopener\"><span style=\"color: #0000ff;\">Perch\u00e8 l&#8217;Europa boicotta il vino?<\/span><\/a><\/p>\n<p><span style=\"color: #0000ff;\"><a style=\"color: #0000ff;\" href=\"https:\/\/www.rassegnastampa-totustuus.it\/cattolica\/perche-leuropa-boicotta-il-vino\/\" target=\"_blank\" rel=\"noopener\">Vino, cos\u00ec con un\u2019etichetta la Ue ripudia (di nuovo) le radici cristiane<\/a><\/span><\/p>\n","protected":false},"excerpt":{"rendered":"<p>Italia Oggi 8 Dicembre 2021 Gli alcolici, tutti gli alcolici, vino incluso, saranno bollati come pericolosi per la salute, a prescindere dal loro livello di consumo. Anche solo bere un bicchierino di rosso o una fl\u00fbte di bollicine sar\u00e0 presto correlato all\u2019insorgenza di tumori, ad eventi cardiovascolari, al rischio morte e, alla fine, minacceranno di &hellip; <\/p>\n<p><a class=\"more-link btn\" href=\"https:\/\/www.rassegnastampa-totustuus.it\/cattolica\/leuropa-demonizza-vino-e-birra\/\">Continua a leggere<\/a><\/p>\n","protected":false},"author":6,"featured_media":53477,"comment_status":"closed","ping_status":"closed","sticky":false,"template":"","format":"standard","meta":{"footnotes":""},"categories":[14],"tags":[439,1616],"class_list":["post-53476","post","type-post","status-publish","format-standard","has-post-thumbnail","hentry","category-europa-e-ue","tag-europa-ue","tag-stato-etico","item-wrap"],"yoast_head":"<!-- This site is optimized with the Yoast SEO plugin v27.5 - https:\/\/yoast.com\/product\/yoast-seo-wordpress\/ -->\n<title>L\u2019Europa demonizza vino e birra - Rassegna Stampa Cattolica<\/title>\n<meta name=\"description\" content=\"L\u2019Europa demonizza vino e birra che vorrebbe bollare come sostanze pericolose per la salute a prescindere dal livello di consumo\" \/>\n<meta name=\"robots\" content=\"index, follow, max-snippet:-1, max-image-preview:large, max-video-preview:-1\" \/>\n<link rel=\"canonical\" href=\"https:\/\/www.rassegnastampa-totustuus.it\/cattolica\/leuropa-demonizza-vino-e-birra\/\" \/>\n<meta property=\"og:locale\" content=\"it_IT\" \/>\n<meta property=\"og:type\" content=\"article\" \/>\n<meta property=\"og:title\" content=\"L\u2019Europa demonizza vino e birra - Rassegna Stampa Cattolica\" \/>\n<meta property=\"og:description\" content=\"L\u2019Europa demonizza vino e birra che vorrebbe bollare come sostanze pericolose per la salute a prescindere dal livello di consumo\" \/>\n<meta property=\"og:url\" content=\"https:\/\/www.rassegnastampa-totustuus.it\/cattolica\/leuropa-demonizza-vino-e-birra\/\" \/>\n<meta property=\"og:site_name\" content=\"Rassegna Stampa Cattolica\" \/>\n<meta property=\"article:publisher\" content=\"https:\/\/www.facebook.com\/rassegnastampacattolica\" \/>\n<meta property=\"article:published_time\" content=\"2022-02-09T23:00:47+00:00\" \/>\n<meta property=\"article:modified_time\" content=\"2024-05-18T10:58:43+00:00\" \/>\n<meta property=\"og:image\" content=\"https:\/\/www.rassegnastampa-totustuus.it\/cattolica\/wp-content\/uploads\/2022\/02\/proibizionismo_America.jpg\" \/>\n\t<meta property=\"og:image:width\" content=\"1848\" \/>\n\t<meta property=\"og:image:height\" content=\"672\" \/>\n\t<meta property=\"og:image:type\" content=\"image\/jpeg\" \/>\n<meta name=\"author\" content=\"Redazione\" \/>\n<meta name=\"twitter:card\" content=\"summary_large_image\" \/>\n<meta name=\"twitter:creator\" content=\"@rassegnastampa9\" \/>\n<meta name=\"twitter:site\" content=\"@rassegnastampa9\" \/>\n<meta name=\"twitter:label1\" content=\"Scritto da\" \/>\n\t<meta name=\"twitter:data1\" content=\"Redazione\" \/>\n\t<meta name=\"twitter:label2\" content=\"Tempo di lettura stimato\" \/>\n\t<meta name=\"twitter:data2\" content=\"7 minuti\" \/>\n<script type=\"application\/ld+json\" class=\"yoast-schema-graph\">{\"@context\":\"https:\\\/\\\/schema.org\",\"@graph\":[{\"@type\":\"Article\",\"@id\":\"https:\\\/\\\/www.rassegnastampa-totustuus.it\\\/cattolica\\\/leuropa-demonizza-vino-e-birra\\\/#article\",\"isPartOf\":{\"@id\":\"https:\\\/\\\/www.rassegnastampa-totustuus.it\\\/cattolica\\\/leuropa-demonizza-vino-e-birra\\\/\"},\"author\":{\"name\":\"Redazione\",\"@id\":\"https:\\\/\\\/www.rassegnastampa-totustuus.it\\\/cattolica\\\/#\\\/schema\\\/person\\\/08f319d2bd1a0904ad9e2bfb7b15e5c3\"},\"headline\":\"L\u2019Europa demonizza vino e birra\",\"datePublished\":\"2022-02-09T23:00:47+00:00\",\"dateModified\":\"2024-05-18T10:58:43+00:00\",\"mainEntityOfPage\":{\"@id\":\"https:\\\/\\\/www.rassegnastampa-totustuus.it\\\/cattolica\\\/leuropa-demonizza-vino-e-birra\\\/\"},\"wordCount\":909,\"publisher\":{\"@id\":\"https:\\\/\\\/www.rassegnastampa-totustuus.it\\\/cattolica\\\/#organization\"},\"image\":{\"@id\":\"https:\\\/\\\/www.rassegnastampa-totustuus.it\\\/cattolica\\\/leuropa-demonizza-vino-e-birra\\\/#primaryimage\"},\"thumbnailUrl\":\"https:\\\/\\\/www.rassegnastampa-totustuus.it\\\/cattolica\\\/wp-content\\\/uploads\\\/2022\\\/02\\\/proibizionismo_America.jpg\",\"keywords\":[\"Europa UE\",\"stato etico\"],\"articleSection\":[\"Europa e UE\"],\"inLanguage\":\"it-IT\"},{\"@type\":\"WebPage\",\"@id\":\"https:\\\/\\\/www.rassegnastampa-totustuus.it\\\/cattolica\\\/leuropa-demonizza-vino-e-birra\\\/\",\"url\":\"https:\\\/\\\/www.rassegnastampa-totustuus.it\\\/cattolica\\\/leuropa-demonizza-vino-e-birra\\\/\",\"name\":\"L\u2019Europa demonizza vino e birra - Rassegna Stampa Cattolica\",\"isPartOf\":{\"@id\":\"https:\\\/\\\/www.rassegnastampa-totustuus.it\\\/cattolica\\\/#website\"},\"primaryImageOfPage\":{\"@id\":\"https:\\\/\\\/www.rassegnastampa-totustuus.it\\\/cattolica\\\/leuropa-demonizza-vino-e-birra\\\/#primaryimage\"},\"image\":{\"@id\":\"https:\\\/\\\/www.rassegnastampa-totustuus.it\\\/cattolica\\\/leuropa-demonizza-vino-e-birra\\\/#primaryimage\"},\"thumbnailUrl\":\"https:\\\/\\\/www.rassegnastampa-totustuus.it\\\/cattolica\\\/wp-content\\\/uploads\\\/2022\\\/02\\\/proibizionismo_America.jpg\",\"datePublished\":\"2022-02-09T23:00:47+00:00\",\"dateModified\":\"2024-05-18T10:58:43+00:00\",\"description\":\"L\u2019Europa demonizza vino e birra che vorrebbe bollare come sostanze pericolose per la salute a prescindere dal livello di consumo\",\"breadcrumb\":{\"@id\":\"https:\\\/\\\/www.rassegnastampa-totustuus.it\\\/cattolica\\\/leuropa-demonizza-vino-e-birra\\\/#breadcrumb\"},\"inLanguage\":\"it-IT\",\"potentialAction\":[{\"@type\":\"ReadAction\",\"target\":[\"https:\\\/\\\/www.rassegnastampa-totustuus.it\\\/cattolica\\\/leuropa-demonizza-vino-e-birra\\\/\"]}]},{\"@type\":\"ImageObject\",\"inLanguage\":\"it-IT\",\"@id\":\"https:\\\/\\\/www.rassegnastampa-totustuus.it\\\/cattolica\\\/leuropa-demonizza-vino-e-birra\\\/#primaryimage\",\"url\":\"https:\\\/\\\/www.rassegnastampa-totustuus.it\\\/cattolica\\\/wp-content\\\/uploads\\\/2022\\\/02\\\/proibizionismo_America.jpg\",\"contentUrl\":\"https:\\\/\\\/www.rassegnastampa-totustuus.it\\\/cattolica\\\/wp-content\\\/uploads\\\/2022\\\/02\\\/proibizionismo_America.jpg\",\"width\":1848,\"height\":672},{\"@type\":\"BreadcrumbList\",\"@id\":\"https:\\\/\\\/www.rassegnastampa-totustuus.it\\\/cattolica\\\/leuropa-demonizza-vino-e-birra\\\/#breadcrumb\",\"itemListElement\":[{\"@type\":\"ListItem\",\"position\":1,\"name\":\"Home\",\"item\":\"https:\\\/\\\/www.rassegnastampa-totustuus.it\\\/cattolica\\\/\"},{\"@type\":\"ListItem\",\"position\":2,\"name\":\"L\u2019Europa demonizza vino e birra\"}]},{\"@type\":\"WebSite\",\"@id\":\"https:\\\/\\\/www.rassegnastampa-totustuus.it\\\/cattolica\\\/#website\",\"url\":\"https:\\\/\\\/www.rassegnastampa-totustuus.it\\\/cattolica\\\/\",\"name\":\"Rassegna Stampa Cattolica\",\"description\":\"Per una cultura che nasce dalla Rivelazione cristiana in conformit\u00e0 alla tradizione e al Magistero della Chiesa in opposizione ad ogni relativismo e totalitarismo\",\"publisher\":{\"@id\":\"https:\\\/\\\/www.rassegnastampa-totustuus.it\\\/cattolica\\\/#organization\"},\"alternateName\":\"Rass. Cattolica\",\"potentialAction\":[{\"@type\":\"SearchAction\",\"target\":{\"@type\":\"EntryPoint\",\"urlTemplate\":\"https:\\\/\\\/www.rassegnastampa-totustuus.it\\\/cattolica\\\/?s={search_term_string}\"},\"query-input\":{\"@type\":\"PropertyValueSpecification\",\"valueRequired\":true,\"valueName\":\"search_term_string\"}}],\"inLanguage\":\"it-IT\"},{\"@type\":\"Organization\",\"@id\":\"https:\\\/\\\/www.rassegnastampa-totustuus.it\\\/cattolica\\\/#organization\",\"name\":\"Rassegna Stampa Cattolica\",\"url\":\"https:\\\/\\\/www.rassegnastampa-totustuus.it\\\/cattolica\\\/\",\"logo\":{\"@type\":\"ImageObject\",\"inLanguage\":\"it-IT\",\"@id\":\"https:\\\/\\\/www.rassegnastampa-totustuus.it\\\/cattolica\\\/#\\\/schema\\\/logo\\\/image\\\/\",\"url\":\"https:\\\/\\\/www.rassegnastampa-totustuus.it\\\/cattolica\\\/wp-content\\\/uploads\\\/2014\\\/04\\\/logo-rassegna1.gif\",\"contentUrl\":\"https:\\\/\\\/www.rassegnastampa-totustuus.it\\\/cattolica\\\/wp-content\\\/uploads\\\/2014\\\/04\\\/logo-rassegna1.gif\",\"width\":600,\"height\":163,\"caption\":\"Rassegna Stampa Cattolica\"},\"image\":{\"@id\":\"https:\\\/\\\/www.rassegnastampa-totustuus.it\\\/cattolica\\\/#\\\/schema\\\/logo\\\/image\\\/\"},\"sameAs\":[\"https:\\\/\\\/www.facebook.com\\\/rassegnastampacattolica\",\"https:\\\/\\\/x.com\\\/rassegnastampa9\"]},{\"@type\":\"Person\",\"@id\":\"https:\\\/\\\/www.rassegnastampa-totustuus.it\\\/cattolica\\\/#\\\/schema\\\/person\\\/08f319d2bd1a0904ad9e2bfb7b15e5c3\",\"name\":\"Redazione\",\"image\":{\"@type\":\"ImageObject\",\"inLanguage\":\"it-IT\",\"@id\":\"https:\\\/\\\/secure.gravatar.com\\\/avatar\\\/2fcdf27c78ea025fbdb44e914cc63c72249ffec9dc8aafd5c82b26240ef3f346?s=96&d=mm&r=g\",\"url\":\"https:\\\/\\\/secure.gravatar.com\\\/avatar\\\/2fcdf27c78ea025fbdb44e914cc63c72249ffec9dc8aafd5c82b26240ef3f346?s=96&d=mm&r=g\",\"contentUrl\":\"https:\\\/\\\/secure.gravatar.com\\\/avatar\\\/2fcdf27c78ea025fbdb44e914cc63c72249ffec9dc8aafd5c82b26240ef3f346?s=96&d=mm&r=g\",\"caption\":\"Redazione\"},\"url\":\"https:\\\/\\\/www.rassegnastampa-totustuus.it\\\/cattolica\\\/author\\\/pietroelle\\\/\"}]}<\/script>\n<!-- \/ Yoast SEO plugin. -->","yoast_head_json":{"title":"L\u2019Europa demonizza vino e birra - Rassegna Stampa Cattolica","description":"L\u2019Europa demonizza vino e birra che vorrebbe bollare come sostanze pericolose per la salute a prescindere dal livello di consumo","robots":{"index":"index","follow":"follow","max-snippet":"max-snippet:-1","max-image-preview":"max-image-preview:large","max-video-preview":"max-video-preview:-1"},"canonical":"https:\/\/www.rassegnastampa-totustuus.it\/cattolica\/leuropa-demonizza-vino-e-birra\/","og_locale":"it_IT","og_type":"article","og_title":"L\u2019Europa demonizza vino e birra - Rassegna Stampa Cattolica","og_description":"L\u2019Europa demonizza vino e birra che vorrebbe bollare come sostanze pericolose per la salute a prescindere dal livello di consumo","og_url":"https:\/\/www.rassegnastampa-totustuus.it\/cattolica\/leuropa-demonizza-vino-e-birra\/","og_site_name":"Rassegna Stampa Cattolica","article_publisher":"https:\/\/www.facebook.com\/rassegnastampacattolica","article_published_time":"2022-02-09T23:00:47+00:00","article_modified_time":"2024-05-18T10:58:43+00:00","og_image":[{"width":1848,"height":672,"url":"https:\/\/www.rassegnastampa-totustuus.it\/cattolica\/wp-content\/uploads\/2022\/02\/proibizionismo_America.jpg","type":"image\/jpeg"}],"author":"Redazione","twitter_card":"summary_large_image","twitter_creator":"@rassegnastampa9","twitter_site":"@rassegnastampa9","twitter_misc":{"Scritto da":"Redazione","Tempo di lettura stimato":"7 minuti"},"schema":{"@context":"https:\/\/schema.org","@graph":[{"@type":"Article","@id":"https:\/\/www.rassegnastampa-totustuus.it\/cattolica\/leuropa-demonizza-vino-e-birra\/#article","isPartOf":{"@id":"https:\/\/www.rassegnastampa-totustuus.it\/cattolica\/leuropa-demonizza-vino-e-birra\/"},"author":{"name":"Redazione","@id":"https:\/\/www.rassegnastampa-totustuus.it\/cattolica\/#\/schema\/person\/08f319d2bd1a0904ad9e2bfb7b15e5c3"},"headline":"L\u2019Europa demonizza vino e birra","datePublished":"2022-02-09T23:00:47+00:00","dateModified":"2024-05-18T10:58:43+00:00","mainEntityOfPage":{"@id":"https:\/\/www.rassegnastampa-totustuus.it\/cattolica\/leuropa-demonizza-vino-e-birra\/"},"wordCount":909,"publisher":{"@id":"https:\/\/www.rassegnastampa-totustuus.it\/cattolica\/#organization"},"image":{"@id":"https:\/\/www.rassegnastampa-totustuus.it\/cattolica\/leuropa-demonizza-vino-e-birra\/#primaryimage"},"thumbnailUrl":"https:\/\/www.rassegnastampa-totustuus.it\/cattolica\/wp-content\/uploads\/2022\/02\/proibizionismo_America.jpg","keywords":["Europa UE","stato etico"],"articleSection":["Europa e UE"],"inLanguage":"it-IT"},{"@type":"WebPage","@id":"https:\/\/www.rassegnastampa-totustuus.it\/cattolica\/leuropa-demonizza-vino-e-birra\/","url":"https:\/\/www.rassegnastampa-totustuus.it\/cattolica\/leuropa-demonizza-vino-e-birra\/","name":"L\u2019Europa demonizza vino e birra - Rassegna Stampa Cattolica","isPartOf":{"@id":"https:\/\/www.rassegnastampa-totustuus.it\/cattolica\/#website"},"primaryImageOfPage":{"@id":"https:\/\/www.rassegnastampa-totustuus.it\/cattolica\/leuropa-demonizza-vino-e-birra\/#primaryimage"},"image":{"@id":"https:\/\/www.rassegnastampa-totustuus.it\/cattolica\/leuropa-demonizza-vino-e-birra\/#primaryimage"},"thumbnailUrl":"https:\/\/www.rassegnastampa-totustuus.it\/cattolica\/wp-content\/uploads\/2022\/02\/proibizionismo_America.jpg","datePublished":"2022-02-09T23:00:47+00:00","dateModified":"2024-05-18T10:58:43+00:00","description":"L\u2019Europa demonizza vino e birra che vorrebbe bollare come sostanze pericolose per la salute a prescindere dal livello di consumo","breadcrumb":{"@id":"https:\/\/www.rassegnastampa-totustuus.it\/cattolica\/leuropa-demonizza-vino-e-birra\/#breadcrumb"},"inLanguage":"it-IT","potentialAction":[{"@type":"ReadAction","target":["https:\/\/www.rassegnastampa-totustuus.it\/cattolica\/leuropa-demonizza-vino-e-birra\/"]}]},{"@type":"ImageObject","inLanguage":"it-IT","@id":"https:\/\/www.rassegnastampa-totustuus.it\/cattolica\/leuropa-demonizza-vino-e-birra\/#primaryimage","url":"https:\/\/www.rassegnastampa-totustuus.it\/cattolica\/wp-content\/uploads\/2022\/02\/proibizionismo_America.jpg","contentUrl":"https:\/\/www.rassegnastampa-totustuus.it\/cattolica\/wp-content\/uploads\/2022\/02\/proibizionismo_America.jpg","width":1848,"height":672},{"@type":"BreadcrumbList","@id":"https:\/\/www.rassegnastampa-totustuus.it\/cattolica\/leuropa-demonizza-vino-e-birra\/#breadcrumb","itemListElement":[{"@type":"ListItem","position":1,"name":"Home","item":"https:\/\/www.rassegnastampa-totustuus.it\/cattolica\/"},{"@type":"ListItem","position":2,"name":"L\u2019Europa demonizza vino e birra"}]},{"@type":"WebSite","@id":"https:\/\/www.rassegnastampa-totustuus.it\/cattolica\/#website","url":"https:\/\/www.rassegnastampa-totustuus.it\/cattolica\/","name":"Rassegna Stampa Cattolica","description":"Per una cultura che nasce dalla Rivelazione cristiana in conformit\u00e0 alla tradizione e al Magistero della Chiesa in opposizione ad ogni relativismo e totalitarismo","publisher":{"@id":"https:\/\/www.rassegnastampa-totustuus.it\/cattolica\/#organization"},"alternateName":"Rass. Cattolica","potentialAction":[{"@type":"SearchAction","target":{"@type":"EntryPoint","urlTemplate":"https:\/\/www.rassegnastampa-totustuus.it\/cattolica\/?s={search_term_string}"},"query-input":{"@type":"PropertyValueSpecification","valueRequired":true,"valueName":"search_term_string"}}],"inLanguage":"it-IT"},{"@type":"Organization","@id":"https:\/\/www.rassegnastampa-totustuus.it\/cattolica\/#organization","name":"Rassegna Stampa Cattolica","url":"https:\/\/www.rassegnastampa-totustuus.it\/cattolica\/","logo":{"@type":"ImageObject","inLanguage":"it-IT","@id":"https:\/\/www.rassegnastampa-totustuus.it\/cattolica\/#\/schema\/logo\/image\/","url":"https:\/\/www.rassegnastampa-totustuus.it\/cattolica\/wp-content\/uploads\/2014\/04\/logo-rassegna1.gif","contentUrl":"https:\/\/www.rassegnastampa-totustuus.it\/cattolica\/wp-content\/uploads\/2014\/04\/logo-rassegna1.gif","width":600,"height":163,"caption":"Rassegna Stampa Cattolica"},"image":{"@id":"https:\/\/www.rassegnastampa-totustuus.it\/cattolica\/#\/schema\/logo\/image\/"},"sameAs":["https:\/\/www.facebook.com\/rassegnastampacattolica","https:\/\/x.com\/rassegnastampa9"]},{"@type":"Person","@id":"https:\/\/www.rassegnastampa-totustuus.it\/cattolica\/#\/schema\/person\/08f319d2bd1a0904ad9e2bfb7b15e5c3","name":"Redazione","image":{"@type":"ImageObject","inLanguage":"it-IT","@id":"https:\/\/secure.gravatar.com\/avatar\/2fcdf27c78ea025fbdb44e914cc63c72249ffec9dc8aafd5c82b26240ef3f346?s=96&d=mm&r=g","url":"https:\/\/secure.gravatar.com\/avatar\/2fcdf27c78ea025fbdb44e914cc63c72249ffec9dc8aafd5c82b26240ef3f346?s=96&d=mm&r=g","contentUrl":"https:\/\/secure.gravatar.com\/avatar\/2fcdf27c78ea025fbdb44e914cc63c72249ffec9dc8aafd5c82b26240ef3f346?s=96&d=mm&r=g","caption":"Redazione"},"url":"https:\/\/www.rassegnastampa-totustuus.it\/cattolica\/author\/pietroelle\/"}]}},"_links":{"self":[{"href":"https:\/\/www.rassegnastampa-totustuus.it\/cattolica\/wp-json\/wp\/v2\/posts\/53476","targetHints":{"allow":["GET"]}}],"collection":[{"href":"https:\/\/www.rassegnastampa-totustuus.it\/cattolica\/wp-json\/wp\/v2\/posts"}],"about":[{"href":"https:\/\/www.rassegnastampa-totustuus.it\/cattolica\/wp-json\/wp\/v2\/types\/post"}],"author":[{"embeddable":true,"href":"https:\/\/www.rassegnastampa-totustuus.it\/cattolica\/wp-json\/wp\/v2\/users\/6"}],"replies":[{"embeddable":true,"href":"https:\/\/www.rassegnastampa-totustuus.it\/cattolica\/wp-json\/wp\/v2\/comments?post=53476"}],"version-history":[{"count":2,"href":"https:\/\/www.rassegnastampa-totustuus.it\/cattolica\/wp-json\/wp\/v2\/posts\/53476\/revisions"}],"predecessor-version":[{"id":60505,"href":"https:\/\/www.rassegnastampa-totustuus.it\/cattolica\/wp-json\/wp\/v2\/posts\/53476\/revisions\/60505"}],"wp:featuredmedia":[{"embeddable":true,"href":"https:\/\/www.rassegnastampa-totustuus.it\/cattolica\/wp-json\/wp\/v2\/media\/53477"}],"wp:attachment":[{"href":"https:\/\/www.rassegnastampa-totustuus.it\/cattolica\/wp-json\/wp\/v2\/media?parent=53476"}],"wp:term":[{"taxonomy":"category","embeddable":true,"href":"https:\/\/www.rassegnastampa-totustuus.it\/cattolica\/wp-json\/wp\/v2\/categories?post=53476"},{"taxonomy":"post_tag","embeddable":true,"href":"https:\/\/www.rassegnastampa-totustuus.it\/cattolica\/wp-json\/wp\/v2\/tags?post=53476"}],"curies":[{"name":"wp","href":"https:\/\/api.w.org\/{rel}","templated":true}]}}