{"id":5345,"date":"2012-12-27T00:00:00","date_gmt":"2012-12-26T23:00:00","guid":{"rendered":""},"modified":"2019-11-06T17:04:57","modified_gmt":"2019-11-06T16:04:57","slug":"il-grande-flop-del-fotovoltaico","status":"publish","type":"post","link":"https:\/\/www.rassegnastampa-totustuus.it\/cattolica\/il-grande-flop-del-fotovoltaico\/","title":{"rendered":"Il grande flop del fotovoltaico"},"content":{"rendered":"<div style=\"text-align: center;\"><strong><a href=\"https:\/\/www.rassegnastampa-totustuus.it\/cattolica\/wp-content\/uploads\/2012\/12\/fotovoltaico.jpg\"><img loading=\"lazy\" decoding=\"async\" class=\"alignleft wp-image-24716 size-full\" src=\"https:\/\/www.rassegnastampa-totustuus.it\/cattolica\/wp-content\/uploads\/2012\/12\/fotovoltaico.jpg\" alt=\"fotovoltaico\" width=\"246\" height=\"205\" \/><\/a>meteoclima <\/strong>portale di ricerca metereologica e climatica Luned\u00ec 22 Marzo 2010<\/div>\n<p style=\"text-align: center;\"><strong>Franco Battaglia<\/strong> (*)<\/p>\n<p style=\"text-align: justify;\">Tutte le classi del liceo che frequenta mia figlia \u2013 e che sarebbe quello meglio rinomato di Modena, quanto a seriet\u00e0 di studi e professionalit\u00e0 del corpo docente \u2013 al momento del corso di educazione fisica prendono un apposito autobus e vengono portati in adatta palestra: quella della scuola pare sia inagibile. Non ho idea di cosa succeda nelle scuole meno rinomate. A Modena hanno grane non solo le scuole, ma anche il Comune: \u00e8 di pochi giorni fa la lamentela pubblica del Sindaco, che piangeva miseria perch\u00e9, a suo dire, il governo centrale gli sarebbe debitore di euri 20 milioni<br \/>\n<!--more-->Se fosse vero, e se avessi voce in capitolo, inviterei il governo a non dargli un centesimo, visto come li sperpera: Comune (ma anche Provincia di Modena, nonch\u00e9 Regione Emilia-Romagna) stanno allegramente bruciando denaro dei contribuenti per decine di milioni di euri per installare impianti fotovoltaici sui tetti delle scuole.<\/p>\n<p style=\"text-align: justify;\"><a href=\"https:\/\/www.rassegnastampa-totustuus.it\/cattolica\/wp-content\/uploads\/2019\/02\/ambiente_fonti_rinnovab.jpg\"><img loading=\"lazy\" decoding=\"async\" class=\"size-full wp-image-42161 alignright\" src=\"https:\/\/www.rassegnastampa-totustuus.it\/cattolica\/wp-content\/uploads\/2019\/02\/ambiente_fonti_rinnovab.jpg\" alt=\"\" width=\"277\" height=\"182\" \/><\/a>Magari le stesse che hanno le palestre inagibili. \u00c8 proprio di questi giorni la notizia che la Provincia di Modena intende devolvere, per quegli impianti, proprio 20 milioni. Ho provato a far loro presente che anche un solo euro sarebbe denaro pubblico sperperato. Sono stati cortesi e mi hanno risposto: non glie ne importa nulla, dicono. E poi, incalzano, se lo fanno in Germania, perch\u00e9 non dobbiamo imitarli?<\/p>\n<p style=\"text-align: justify;\">Ora, a parte il fatto che la produzione elettrica tedesca \u00e8 per il 55% da carbone e per il 30% da nucleare, per cui ce ne sarebbe di strada da fare prima di pretendere di imitare la Germania, proprio il fotovoltaico tedesco \u00e8 la prova provata \u2013 se mai ci fosse stato bisogno di tale prova \u2013 del fallimento di questa tecnologia. Pensate, la met\u00e0 della potenza fotovoltaica mondiale \u00e8 installata in Germania, ma dal fotovoltaico quel Paese ci ricava meno dello 0.5% dell\u2019energia elettrica che consuma.<\/p>\n<p style=\"text-align: justify;\"><a href=\"https:\/\/www.rassegnastampa-totustuus.it\/cattolica\/wp-content\/uploads\/2019\/02\/ambientalismo_solare.jpg\"><img loading=\"lazy\" decoding=\"async\" class=\"size-full wp-image-42160 alignleft\" src=\"https:\/\/www.rassegnastampa-totustuus.it\/cattolica\/wp-content\/uploads\/2019\/02\/ambientalismo_solare.jpg\" alt=\"\" width=\"275\" height=\"183\" \/><\/a>\u00ab<em>Molti miliardi per nulla<\/em>\u00bb \u00e8 il titolo di un recente articolo ove il quotidiano <em>Die Zeit<\/em>, riportando la notizia di uno studio del <em>Rhineland-Westphalia Institute for Economic Research<\/em> di Essen, cos\u00ec scrive: \u00abLe installazioni di nuovi moduli fotovoltaici nel solo anno 2009 sono costati ai consumatori oltre 10 miliardi di euri. E questo per immettere sulla rete elettrica all\u2019incirca lo 0.3% della domanda nazionale, praticamente nulla\u00bb.<\/p>\n<p style=\"text-align: justify;\">Quello studio ha sottolineato come 1) l\u2019indotto industriale legato al fotovoltaico svanisce non appena si esaurisce il meccanismo degli incentivi; 2) la tecnologia non mitiga, ma aggrava, il problema della sicurezza degli approvvigionamenti, visto che il <em>back up<\/em> di questi impianti intermittenti viene assicurato da centrali a gas, cosa che ha comportato un aumento delle importazioni di gas dalla Russia; e, 3) coi 77 miliardi che si vorrebbero impegnare in questo settore, si potrebbero costruire impianti nucleare che assicurerebbero un output 35 volte maggiore.<\/p>\n<p style=\"text-align: justify;\"><a href=\"https:\/\/www.rassegnastampa-totustuus.it\/cattolica\/wp-content\/uploads\/2006\/03\/energia.jpg\"><img loading=\"lazy\" decoding=\"async\" class=\"size-full wp-image-30495 alignright\" src=\"https:\/\/www.rassegnastampa-totustuus.it\/cattolica\/wp-content\/uploads\/2006\/03\/energia.jpg\" alt=\"\" width=\"240\" height=\"180\" \/><\/a>cose che il prestigioso istituto di ricerca economica tedesca ha ora scoperto noi, in verit\u00e0, le ripetiamo da dieci anni. E siccome, a quanto pare, <em>repetita iuvant<\/em>\u2026, non possiamo che insistere.<\/p>\n<p style=\"text-align: justify;\">La specialissima modalit\u00e0 con cui l\u2019umanit\u00e0 si serve dell\u2019energia rende assolutamente inutile quella erogata dal vento e dal sole. Noi abbiamo bisogno di energia qui, ora, e con la potenza desiderata: per soddisfare questo nostro bisogno decidiamo noi dove, quando e quanto carbone o gas o uranio bruciare. Invece, il sole brilla a proprio piacimento.<\/p>\n<p style=\"text-align: justify;\">Tecnicamente, il concetto si esprime dicendo che l\u2019umanit\u00e0 ha bisogno di potenza, mentre invece si insiste, sbagliando, a voler dare importanza alla parola \u201cenergia\u201d. N\u00e9 bisogna confondere potenza con possanza, e sbagliare dicendo: il sole forse non andr\u00e0 bene per muovere un eurostar, ma magari va bene per i bisogni domestici.<\/p>\n<p style=\"text-align: justify;\"><a href=\"https:\/\/www.rassegnastampa-totustuus.it\/cattolica\/wp-content\/uploads\/2012\/12\/fotovoltaico_energia.jpg\"><img loading=\"lazy\" decoding=\"async\" class=\"size-full wp-image-45049 alignleft\" src=\"https:\/\/www.rassegnastampa-totustuus.it\/cattolica\/wp-content\/uploads\/2012\/12\/fotovoltaico_energia.jpg\" alt=\"\" width=\"275\" height=\"184\" \/><\/a>No: il sole non va \u2013 n\u00e9 mai andr\u00e0 \u2013 bene neanche per accendere una lampadina dell\u2019albero di Natale. Il fatto \u00e8 tecnico. Dovremmo smetterla di installare impianti fotovoltaici, anche se fossero gratis: sono inutili.<\/p>\n<p style=\"text-align: justify;\">Ma gratis non sono. Qualche buontempone ama ripetere che il nucleare \u00e8 economicamente non conveniente. Facciamo i conti della serva (assumendo, per comodit\u00e0 di calcolo, che il kWh sia quotato 10 centesimi alla Borsa elettrica): un reattore nucleare Epr (del tipo di quelli che stanno costruendo in Francia o Finlandia) richiede un impegno economico di euri 5 miliardi, ma alla fine della sua vita certificata avr\u00e0 prodotto 1000 miliardi di kWh elettrici, con un ricavo di euri 100 miliardi. Gli stessi 5 miliardi, impegnati in impianti fotovoltaici, produrranno, nell\u2019arco di vita di questi impianti, 30 miliardi di kWh elettrici, con un ricavo di euri 3 miliardi, cio\u00e8 con una perdita secca di euri 2 miliardi.<\/p>\n<p style=\"text-align: justify;\">Solo cos\u00ec si spiega come mai il kWh elettrico, che alla borsa elettrica \u00e8 quotato meno di 10 centesimi, \u00e8 remunerato 48 centesimi a chi lo produce da impianti fotovoltaici. A me sorge spontanea questa domanda: ma alla Corte dei Conti c\u2019\u00e8 qualcuno che li fa i conti?<\/p>\n<p style=\"text-align: justify;\">______________________<\/p>\n<p style=\"text-align: justify;\"><a href=\"https:\/\/www.rassegnastampa-totustuus.it\/cattolica\/wp-content\/uploads\/2012\/12\/Franco_Battaglia.jpg\"><img loading=\"lazy\" decoding=\"async\" class=\" wp-image-45050 alignleft\" src=\"https:\/\/www.rassegnastampa-totustuus.it\/cattolica\/wp-content\/uploads\/2012\/12\/Franco_Battaglia.jpg\" alt=\"\" width=\"144\" height=\"116\" \/><\/a>(*)\u00a0 <strong>Franco Battaglia<\/strong> ha conseguito in Italia la laurea in Chimica e negli Stati Uniti il Ph.D. in Chimica-Fisica. Ha svolto ricerca in questo campo all&#8217;estero per 7 anni: un anno in Germania, al Max Planck Institut (Gottingen), e 6 anni in USA, all&#8221;University of Rochester (Rochester, NY), alla State University of Nework at Buffalo (Buffalo, NY) e alla Columbia University (New York, NY).<\/p>\n<p style=\"text-align: justify;\">In Italia ha svolto ricerca nelle universit\u00e0 di Roma (Tor Vergata e Roma Tre), della Basilicata e di Modena, dove \u00e8 attualmente docente di Chimica Ambientale. Ha pubblicato numerosi lavori e alcuni libri, tra cui: Lecture Notes in Classical and Quantum Physics (Blackwell, Oxford, 1987) e Fundamentals in Chemical Physics (Kluwer, London, 1998). E stato coordinatore del comitato scientifico dell&#8217;Agenzia Nazionale Protezione Ambiente (2001-02), e life member de&#8217;American Physical Society, ed \u00e8 membro de&#8217;Editorial Board dell&#8217;International Journal of Theoretical Physics, Group Theory and Nonlinear Optics.<\/p>\n<p style=\"text-align: justify;\">E&#8217; anche membro del Nongovernative International Panel on Climate Change (NIPCC), un comitato internazionale che, valutando la stessa letteratura scientifica a disposizione dell&#8217;IPCC (Intergovernmental Panel on Climate Change) e pervenuto alla conclusione opposta, e cio\u00e8: La Natura, non l&#8217;attivit\u00e0 delI&#8217;uomo, governa il clima, che \u00e8 anche il titolo del rapporto-NIPCC di cui Battaglia \u00e8 coautore.<\/p>\n<p style=\"text-align: justify;\">Ha pubblicato, con presentazione di Umberto Veronesi, Elettrosmog: un&#8217;emergenza creata ad arte (Leonardo Facco e 21mo Secolo editori, 2002) e, con presentazione di Silvio Berlusconi. L&#8217;illusione dell&#8217;Energia dal Sole (21mo Secolo editore, 2007). E&#8217; stato l&#8217;ispiratore dell&#8217;Associazione Galileo 2001 per la liberta e dignit\u00e0 della scienza, di cui \u00e8 cofondatore, ed \u00e8 editorialista del Giornale<\/p>\n","protected":false},"excerpt":{"rendered":"<p>meteoclima portale di ricerca metereologica e climatica Luned\u00ec 22 Marzo 2010 Franco Battaglia (*) Tutte le classi del liceo che frequenta mia figlia \u2013 e che sarebbe quello meglio rinomato di Modena, quanto a seriet\u00e0 di studi e professionalit\u00e0 del corpo docente \u2013 al momento del corso di educazione fisica prendono un apposito autobus e &hellip; <\/p>\n<p><a class=\"more-link btn\" href=\"https:\/\/www.rassegnastampa-totustuus.it\/cattolica\/il-grande-flop-del-fotovoltaico\/\">Continua a leggere<\/a><\/p>\n","protected":false},"author":6,"featured_media":24716,"comment_status":"closed","ping_status":"open","sticky":false,"template":"","format":"standard","meta":{"footnotes":""},"categories":[3],"tags":[2132],"class_list":["post-5345","post","type-post","status-publish","format-standard","has-post-thumbnail","hentry","category-ambientalismo","tag-fotovoltaico","item-wrap"],"yoast_head":"<!-- This site is optimized with the Yoast SEO plugin v27.5 - https:\/\/yoast.com\/product\/yoast-seo-wordpress\/ -->\n<title>Il grande flop del fotovoltaico - Rassegna Stampa Cattolica<\/title>\n<meta name=\"description\" content=\"Rassegna Stampa Cattolica - Per una cultura che nasce dalla Rivelazione cristiana in conformit\u00e0 alla tradizione e al Magistero della Chiesa in opposizione ad ogni relativismo e totalitarismo\" \/>\n<meta name=\"robots\" content=\"index, follow, max-snippet:-1, max-image-preview:large, max-video-preview:-1\" \/>\n<link rel=\"canonical\" href=\"https:\/\/www.rassegnastampa-totustuus.it\/cattolica\/il-grande-flop-del-fotovoltaico\/\" \/>\n<meta property=\"og:locale\" content=\"it_IT\" \/>\n<meta property=\"og:type\" content=\"article\" \/>\n<meta property=\"og:title\" content=\"Il grande flop del fotovoltaico - Rassegna Stampa Cattolica\" \/>\n<meta property=\"og:description\" content=\"Rassegna Stampa Cattolica - Per una cultura che nasce dalla Rivelazione cristiana in conformit\u00e0 alla tradizione e al Magistero della Chiesa in opposizione ad ogni relativismo e totalitarismo\" \/>\n<meta property=\"og:url\" content=\"https:\/\/www.rassegnastampa-totustuus.it\/cattolica\/il-grande-flop-del-fotovoltaico\/\" \/>\n<meta property=\"og:site_name\" content=\"Rassegna Stampa Cattolica\" \/>\n<meta property=\"article:publisher\" content=\"https:\/\/www.facebook.com\/rassegnastampacattolica\" \/>\n<meta property=\"article:published_time\" content=\"2012-12-26T23:00:00+00:00\" \/>\n<meta property=\"article:modified_time\" content=\"2019-11-06T16:04:57+00:00\" \/>\n<meta property=\"og:image\" content=\"https:\/\/www.rassegnastampa-totustuus.it\/cattolica\/wp-content\/uploads\/2012\/12\/fotovoltaico.jpg\" \/>\n\t<meta property=\"og:image:width\" content=\"246\" \/>\n\t<meta property=\"og:image:height\" content=\"205\" \/>\n\t<meta property=\"og:image:type\" content=\"image\/jpeg\" \/>\n<meta name=\"author\" content=\"Redazione\" \/>\n<meta name=\"twitter:card\" content=\"summary_large_image\" \/>\n<meta name=\"twitter:creator\" content=\"@rassegnastampa9\" \/>\n<meta name=\"twitter:site\" content=\"@rassegnastampa9\" \/>\n<meta name=\"twitter:label1\" content=\"Scritto da\" \/>\n\t<meta name=\"twitter:data1\" content=\"Redazione\" \/>\n\t<meta name=\"twitter:label2\" content=\"Tempo di lettura stimato\" \/>\n\t<meta name=\"twitter:data2\" content=\"5 minuti\" \/>\n<script type=\"application\/ld+json\" class=\"yoast-schema-graph\">{\"@context\":\"https:\\\/\\\/schema.org\",\"@graph\":[{\"@type\":\"Article\",\"@id\":\"https:\\\/\\\/www.rassegnastampa-totustuus.it\\\/cattolica\\\/il-grande-flop-del-fotovoltaico\\\/#article\",\"isPartOf\":{\"@id\":\"https:\\\/\\\/www.rassegnastampa-totustuus.it\\\/cattolica\\\/il-grande-flop-del-fotovoltaico\\\/\"},\"author\":{\"name\":\"Redazione\",\"@id\":\"https:\\\/\\\/www.rassegnastampa-totustuus.it\\\/cattolica\\\/#\\\/schema\\\/person\\\/08f319d2bd1a0904ad9e2bfb7b15e5c3\"},\"headline\":\"Il grande flop del fotovoltaico\",\"datePublished\":\"2012-12-26T23:00:00+00:00\",\"dateModified\":\"2019-11-06T16:04:57+00:00\",\"mainEntityOfPage\":{\"@id\":\"https:\\\/\\\/www.rassegnastampa-totustuus.it\\\/cattolica\\\/il-grande-flop-del-fotovoltaico\\\/\"},\"wordCount\":1036,\"publisher\":{\"@id\":\"https:\\\/\\\/www.rassegnastampa-totustuus.it\\\/cattolica\\\/#organization\"},\"image\":{\"@id\":\"https:\\\/\\\/www.rassegnastampa-totustuus.it\\\/cattolica\\\/il-grande-flop-del-fotovoltaico\\\/#primaryimage\"},\"thumbnailUrl\":\"https:\\\/\\\/www.rassegnastampa-totustuus.it\\\/cattolica\\\/wp-content\\\/uploads\\\/2012\\\/12\\\/fotovoltaico.jpg\",\"keywords\":[\"fotovoltaico\"],\"articleSection\":[\"Ambientalismo\"],\"inLanguage\":\"it-IT\"},{\"@type\":\"WebPage\",\"@id\":\"https:\\\/\\\/www.rassegnastampa-totustuus.it\\\/cattolica\\\/il-grande-flop-del-fotovoltaico\\\/\",\"url\":\"https:\\\/\\\/www.rassegnastampa-totustuus.it\\\/cattolica\\\/il-grande-flop-del-fotovoltaico\\\/\",\"name\":\"Il grande flop del fotovoltaico - Rassegna Stampa Cattolica\",\"isPartOf\":{\"@id\":\"https:\\\/\\\/www.rassegnastampa-totustuus.it\\\/cattolica\\\/#website\"},\"primaryImageOfPage\":{\"@id\":\"https:\\\/\\\/www.rassegnastampa-totustuus.it\\\/cattolica\\\/il-grande-flop-del-fotovoltaico\\\/#primaryimage\"},\"image\":{\"@id\":\"https:\\\/\\\/www.rassegnastampa-totustuus.it\\\/cattolica\\\/il-grande-flop-del-fotovoltaico\\\/#primaryimage\"},\"thumbnailUrl\":\"https:\\\/\\\/www.rassegnastampa-totustuus.it\\\/cattolica\\\/wp-content\\\/uploads\\\/2012\\\/12\\\/fotovoltaico.jpg\",\"datePublished\":\"2012-12-26T23:00:00+00:00\",\"dateModified\":\"2019-11-06T16:04:57+00:00\",\"description\":\"Rassegna Stampa Cattolica - Per una cultura che nasce dalla Rivelazione cristiana in conformit\u00e0 alla tradizione e al Magistero della Chiesa in opposizione ad ogni relativismo e totalitarismo\",\"breadcrumb\":{\"@id\":\"https:\\\/\\\/www.rassegnastampa-totustuus.it\\\/cattolica\\\/il-grande-flop-del-fotovoltaico\\\/#breadcrumb\"},\"inLanguage\":\"it-IT\",\"potentialAction\":[{\"@type\":\"ReadAction\",\"target\":[\"https:\\\/\\\/www.rassegnastampa-totustuus.it\\\/cattolica\\\/il-grande-flop-del-fotovoltaico\\\/\"]}]},{\"@type\":\"ImageObject\",\"inLanguage\":\"it-IT\",\"@id\":\"https:\\\/\\\/www.rassegnastampa-totustuus.it\\\/cattolica\\\/il-grande-flop-del-fotovoltaico\\\/#primaryimage\",\"url\":\"https:\\\/\\\/www.rassegnastampa-totustuus.it\\\/cattolica\\\/wp-content\\\/uploads\\\/2012\\\/12\\\/fotovoltaico.jpg\",\"contentUrl\":\"https:\\\/\\\/www.rassegnastampa-totustuus.it\\\/cattolica\\\/wp-content\\\/uploads\\\/2012\\\/12\\\/fotovoltaico.jpg\",\"width\":246,\"height\":205,\"caption\":\"Per la Net zero dell'Unione Europea enorme incremento del fotovoltaico\"},{\"@type\":\"BreadcrumbList\",\"@id\":\"https:\\\/\\\/www.rassegnastampa-totustuus.it\\\/cattolica\\\/il-grande-flop-del-fotovoltaico\\\/#breadcrumb\",\"itemListElement\":[{\"@type\":\"ListItem\",\"position\":1,\"name\":\"Home\",\"item\":\"https:\\\/\\\/www.rassegnastampa-totustuus.it\\\/cattolica\\\/\"},{\"@type\":\"ListItem\",\"position\":2,\"name\":\"Il grande flop del fotovoltaico\"}]},{\"@type\":\"WebSite\",\"@id\":\"https:\\\/\\\/www.rassegnastampa-totustuus.it\\\/cattolica\\\/#website\",\"url\":\"https:\\\/\\\/www.rassegnastampa-totustuus.it\\\/cattolica\\\/\",\"name\":\"Rassegna Stampa Cattolica\",\"description\":\"Per una cultura che nasce dalla Rivelazione cristiana in conformit\u00e0 alla tradizione e al Magistero della Chiesa in opposizione ad ogni relativismo e totalitarismo\",\"publisher\":{\"@id\":\"https:\\\/\\\/www.rassegnastampa-totustuus.it\\\/cattolica\\\/#organization\"},\"alternateName\":\"Rass. Cattolica\",\"potentialAction\":[{\"@type\":\"SearchAction\",\"target\":{\"@type\":\"EntryPoint\",\"urlTemplate\":\"https:\\\/\\\/www.rassegnastampa-totustuus.it\\\/cattolica\\\/?s={search_term_string}\"},\"query-input\":{\"@type\":\"PropertyValueSpecification\",\"valueRequired\":true,\"valueName\":\"search_term_string\"}}],\"inLanguage\":\"it-IT\"},{\"@type\":\"Organization\",\"@id\":\"https:\\\/\\\/www.rassegnastampa-totustuus.it\\\/cattolica\\\/#organization\",\"name\":\"Rassegna Stampa Cattolica\",\"url\":\"https:\\\/\\\/www.rassegnastampa-totustuus.it\\\/cattolica\\\/\",\"logo\":{\"@type\":\"ImageObject\",\"inLanguage\":\"it-IT\",\"@id\":\"https:\\\/\\\/www.rassegnastampa-totustuus.it\\\/cattolica\\\/#\\\/schema\\\/logo\\\/image\\\/\",\"url\":\"https:\\\/\\\/www.rassegnastampa-totustuus.it\\\/cattolica\\\/wp-content\\\/uploads\\\/2014\\\/04\\\/logo-rassegna1.gif\",\"contentUrl\":\"https:\\\/\\\/www.rassegnastampa-totustuus.it\\\/cattolica\\\/wp-content\\\/uploads\\\/2014\\\/04\\\/logo-rassegna1.gif\",\"width\":600,\"height\":163,\"caption\":\"Rassegna Stampa Cattolica\"},\"image\":{\"@id\":\"https:\\\/\\\/www.rassegnastampa-totustuus.it\\\/cattolica\\\/#\\\/schema\\\/logo\\\/image\\\/\"},\"sameAs\":[\"https:\\\/\\\/www.facebook.com\\\/rassegnastampacattolica\",\"https:\\\/\\\/x.com\\\/rassegnastampa9\"]},{\"@type\":\"Person\",\"@id\":\"https:\\\/\\\/www.rassegnastampa-totustuus.it\\\/cattolica\\\/#\\\/schema\\\/person\\\/08f319d2bd1a0904ad9e2bfb7b15e5c3\",\"name\":\"Redazione\",\"image\":{\"@type\":\"ImageObject\",\"inLanguage\":\"it-IT\",\"@id\":\"https:\\\/\\\/secure.gravatar.com\\\/avatar\\\/2fcdf27c78ea025fbdb44e914cc63c72249ffec9dc8aafd5c82b26240ef3f346?s=96&d=mm&r=g\",\"url\":\"https:\\\/\\\/secure.gravatar.com\\\/avatar\\\/2fcdf27c78ea025fbdb44e914cc63c72249ffec9dc8aafd5c82b26240ef3f346?s=96&d=mm&r=g\",\"contentUrl\":\"https:\\\/\\\/secure.gravatar.com\\\/avatar\\\/2fcdf27c78ea025fbdb44e914cc63c72249ffec9dc8aafd5c82b26240ef3f346?s=96&d=mm&r=g\",\"caption\":\"Redazione\"},\"url\":\"https:\\\/\\\/www.rassegnastampa-totustuus.it\\\/cattolica\\\/author\\\/pietroelle\\\/\"}]}<\/script>\n<!-- \/ Yoast SEO plugin. -->","yoast_head_json":{"title":"Il grande flop del fotovoltaico - Rassegna Stampa Cattolica","description":"Rassegna Stampa Cattolica - Per una cultura che nasce dalla Rivelazione cristiana in conformit\u00e0 alla tradizione e al Magistero della Chiesa in opposizione ad ogni relativismo e totalitarismo","robots":{"index":"index","follow":"follow","max-snippet":"max-snippet:-1","max-image-preview":"max-image-preview:large","max-video-preview":"max-video-preview:-1"},"canonical":"https:\/\/www.rassegnastampa-totustuus.it\/cattolica\/il-grande-flop-del-fotovoltaico\/","og_locale":"it_IT","og_type":"article","og_title":"Il grande flop del fotovoltaico - Rassegna Stampa Cattolica","og_description":"Rassegna Stampa Cattolica - Per una cultura che nasce dalla Rivelazione cristiana in conformit\u00e0 alla tradizione e al Magistero della Chiesa in opposizione ad ogni relativismo e totalitarismo","og_url":"https:\/\/www.rassegnastampa-totustuus.it\/cattolica\/il-grande-flop-del-fotovoltaico\/","og_site_name":"Rassegna Stampa Cattolica","article_publisher":"https:\/\/www.facebook.com\/rassegnastampacattolica","article_published_time":"2012-12-26T23:00:00+00:00","article_modified_time":"2019-11-06T16:04:57+00:00","og_image":[{"width":246,"height":205,"url":"https:\/\/www.rassegnastampa-totustuus.it\/cattolica\/wp-content\/uploads\/2012\/12\/fotovoltaico.jpg","type":"image\/jpeg"}],"author":"Redazione","twitter_card":"summary_large_image","twitter_creator":"@rassegnastampa9","twitter_site":"@rassegnastampa9","twitter_misc":{"Scritto da":"Redazione","Tempo di lettura stimato":"5 minuti"},"schema":{"@context":"https:\/\/schema.org","@graph":[{"@type":"Article","@id":"https:\/\/www.rassegnastampa-totustuus.it\/cattolica\/il-grande-flop-del-fotovoltaico\/#article","isPartOf":{"@id":"https:\/\/www.rassegnastampa-totustuus.it\/cattolica\/il-grande-flop-del-fotovoltaico\/"},"author":{"name":"Redazione","@id":"https:\/\/www.rassegnastampa-totustuus.it\/cattolica\/#\/schema\/person\/08f319d2bd1a0904ad9e2bfb7b15e5c3"},"headline":"Il grande flop del fotovoltaico","datePublished":"2012-12-26T23:00:00+00:00","dateModified":"2019-11-06T16:04:57+00:00","mainEntityOfPage":{"@id":"https:\/\/www.rassegnastampa-totustuus.it\/cattolica\/il-grande-flop-del-fotovoltaico\/"},"wordCount":1036,"publisher":{"@id":"https:\/\/www.rassegnastampa-totustuus.it\/cattolica\/#organization"},"image":{"@id":"https:\/\/www.rassegnastampa-totustuus.it\/cattolica\/il-grande-flop-del-fotovoltaico\/#primaryimage"},"thumbnailUrl":"https:\/\/www.rassegnastampa-totustuus.it\/cattolica\/wp-content\/uploads\/2012\/12\/fotovoltaico.jpg","keywords":["fotovoltaico"],"articleSection":["Ambientalismo"],"inLanguage":"it-IT"},{"@type":"WebPage","@id":"https:\/\/www.rassegnastampa-totustuus.it\/cattolica\/il-grande-flop-del-fotovoltaico\/","url":"https:\/\/www.rassegnastampa-totustuus.it\/cattolica\/il-grande-flop-del-fotovoltaico\/","name":"Il grande flop del fotovoltaico - Rassegna Stampa Cattolica","isPartOf":{"@id":"https:\/\/www.rassegnastampa-totustuus.it\/cattolica\/#website"},"primaryImageOfPage":{"@id":"https:\/\/www.rassegnastampa-totustuus.it\/cattolica\/il-grande-flop-del-fotovoltaico\/#primaryimage"},"image":{"@id":"https:\/\/www.rassegnastampa-totustuus.it\/cattolica\/il-grande-flop-del-fotovoltaico\/#primaryimage"},"thumbnailUrl":"https:\/\/www.rassegnastampa-totustuus.it\/cattolica\/wp-content\/uploads\/2012\/12\/fotovoltaico.jpg","datePublished":"2012-12-26T23:00:00+00:00","dateModified":"2019-11-06T16:04:57+00:00","description":"Rassegna Stampa Cattolica - Per una cultura che nasce dalla Rivelazione cristiana in conformit\u00e0 alla tradizione e al Magistero della Chiesa in opposizione ad ogni relativismo e totalitarismo","breadcrumb":{"@id":"https:\/\/www.rassegnastampa-totustuus.it\/cattolica\/il-grande-flop-del-fotovoltaico\/#breadcrumb"},"inLanguage":"it-IT","potentialAction":[{"@type":"ReadAction","target":["https:\/\/www.rassegnastampa-totustuus.it\/cattolica\/il-grande-flop-del-fotovoltaico\/"]}]},{"@type":"ImageObject","inLanguage":"it-IT","@id":"https:\/\/www.rassegnastampa-totustuus.it\/cattolica\/il-grande-flop-del-fotovoltaico\/#primaryimage","url":"https:\/\/www.rassegnastampa-totustuus.it\/cattolica\/wp-content\/uploads\/2012\/12\/fotovoltaico.jpg","contentUrl":"https:\/\/www.rassegnastampa-totustuus.it\/cattolica\/wp-content\/uploads\/2012\/12\/fotovoltaico.jpg","width":246,"height":205,"caption":"Per la Net zero dell'Unione Europea enorme incremento del fotovoltaico"},{"@type":"BreadcrumbList","@id":"https:\/\/www.rassegnastampa-totustuus.it\/cattolica\/il-grande-flop-del-fotovoltaico\/#breadcrumb","itemListElement":[{"@type":"ListItem","position":1,"name":"Home","item":"https:\/\/www.rassegnastampa-totustuus.it\/cattolica\/"},{"@type":"ListItem","position":2,"name":"Il grande flop del fotovoltaico"}]},{"@type":"WebSite","@id":"https:\/\/www.rassegnastampa-totustuus.it\/cattolica\/#website","url":"https:\/\/www.rassegnastampa-totustuus.it\/cattolica\/","name":"Rassegna Stampa Cattolica","description":"Per una cultura che nasce dalla Rivelazione cristiana in conformit\u00e0 alla tradizione e al Magistero della Chiesa in opposizione ad ogni relativismo e totalitarismo","publisher":{"@id":"https:\/\/www.rassegnastampa-totustuus.it\/cattolica\/#organization"},"alternateName":"Rass. Cattolica","potentialAction":[{"@type":"SearchAction","target":{"@type":"EntryPoint","urlTemplate":"https:\/\/www.rassegnastampa-totustuus.it\/cattolica\/?s={search_term_string}"},"query-input":{"@type":"PropertyValueSpecification","valueRequired":true,"valueName":"search_term_string"}}],"inLanguage":"it-IT"},{"@type":"Organization","@id":"https:\/\/www.rassegnastampa-totustuus.it\/cattolica\/#organization","name":"Rassegna Stampa Cattolica","url":"https:\/\/www.rassegnastampa-totustuus.it\/cattolica\/","logo":{"@type":"ImageObject","inLanguage":"it-IT","@id":"https:\/\/www.rassegnastampa-totustuus.it\/cattolica\/#\/schema\/logo\/image\/","url":"https:\/\/www.rassegnastampa-totustuus.it\/cattolica\/wp-content\/uploads\/2014\/04\/logo-rassegna1.gif","contentUrl":"https:\/\/www.rassegnastampa-totustuus.it\/cattolica\/wp-content\/uploads\/2014\/04\/logo-rassegna1.gif","width":600,"height":163,"caption":"Rassegna Stampa Cattolica"},"image":{"@id":"https:\/\/www.rassegnastampa-totustuus.it\/cattolica\/#\/schema\/logo\/image\/"},"sameAs":["https:\/\/www.facebook.com\/rassegnastampacattolica","https:\/\/x.com\/rassegnastampa9"]},{"@type":"Person","@id":"https:\/\/www.rassegnastampa-totustuus.it\/cattolica\/#\/schema\/person\/08f319d2bd1a0904ad9e2bfb7b15e5c3","name":"Redazione","image":{"@type":"ImageObject","inLanguage":"it-IT","@id":"https:\/\/secure.gravatar.com\/avatar\/2fcdf27c78ea025fbdb44e914cc63c72249ffec9dc8aafd5c82b26240ef3f346?s=96&d=mm&r=g","url":"https:\/\/secure.gravatar.com\/avatar\/2fcdf27c78ea025fbdb44e914cc63c72249ffec9dc8aafd5c82b26240ef3f346?s=96&d=mm&r=g","contentUrl":"https:\/\/secure.gravatar.com\/avatar\/2fcdf27c78ea025fbdb44e914cc63c72249ffec9dc8aafd5c82b26240ef3f346?s=96&d=mm&r=g","caption":"Redazione"},"url":"https:\/\/www.rassegnastampa-totustuus.it\/cattolica\/author\/pietroelle\/"}]}},"_links":{"self":[{"href":"https:\/\/www.rassegnastampa-totustuus.it\/cattolica\/wp-json\/wp\/v2\/posts\/5345","targetHints":{"allow":["GET"]}}],"collection":[{"href":"https:\/\/www.rassegnastampa-totustuus.it\/cattolica\/wp-json\/wp\/v2\/posts"}],"about":[{"href":"https:\/\/www.rassegnastampa-totustuus.it\/cattolica\/wp-json\/wp\/v2\/types\/post"}],"author":[{"embeddable":true,"href":"https:\/\/www.rassegnastampa-totustuus.it\/cattolica\/wp-json\/wp\/v2\/users\/6"}],"replies":[{"embeddable":true,"href":"https:\/\/www.rassegnastampa-totustuus.it\/cattolica\/wp-json\/wp\/v2\/comments?post=5345"}],"version-history":[{"count":3,"href":"https:\/\/www.rassegnastampa-totustuus.it\/cattolica\/wp-json\/wp\/v2\/posts\/5345\/revisions"}],"predecessor-version":[{"id":45051,"href":"https:\/\/www.rassegnastampa-totustuus.it\/cattolica\/wp-json\/wp\/v2\/posts\/5345\/revisions\/45051"}],"wp:featuredmedia":[{"embeddable":true,"href":"https:\/\/www.rassegnastampa-totustuus.it\/cattolica\/wp-json\/wp\/v2\/media\/24716"}],"wp:attachment":[{"href":"https:\/\/www.rassegnastampa-totustuus.it\/cattolica\/wp-json\/wp\/v2\/media?parent=5345"}],"wp:term":[{"taxonomy":"category","embeddable":true,"href":"https:\/\/www.rassegnastampa-totustuus.it\/cattolica\/wp-json\/wp\/v2\/categories?post=5345"},{"taxonomy":"post_tag","embeddable":true,"href":"https:\/\/www.rassegnastampa-totustuus.it\/cattolica\/wp-json\/wp\/v2\/tags?post=5345"}],"curies":[{"name":"wp","href":"https:\/\/api.w.org\/{rel}","templated":true}]}}