{"id":53421,"date":"2022-01-27T00:00:59","date_gmt":"2022-01-26T23:00:59","guid":{"rendered":"http:\/\/www.rassegnastampa-totustuus.it\/cattolica\/?p=53421"},"modified":"2024-07-02T13:20:20","modified_gmt":"2024-07-02T11:20:20","slug":"intelligenza-artificiale-un-salto-nellignoto","status":"publish","type":"post","link":"https:\/\/www.rassegnastampa-totustuus.it\/cattolica\/intelligenza-artificiale-un-salto-nellignoto\/","title":{"rendered":"Intelligenza Artificiale: un salto nell&#8217;ignoto"},"content":{"rendered":"<p style=\"text-align: justify;\"><span style=\"color: #000000;\"><img loading=\"lazy\" decoding=\"async\" class=\"size-full wp-image-11970 alignright\" src=\"https:\/\/www.rassegnastampa-totustuus.it\/cattolica\/wp-content\/uploads\/2014\/10\/neuroscienza.jpg\" alt=\"\" width=\"201\" height=\"251\" \/><\/span><strong>Abstract: <\/strong><em>Intelligenza Artificiale: un salto nell&#8217;ignoto. <span style=\"color: #000000;\">L&#8217;era dell&#8217;intelligenza artificiale (IA) sta arrivando. Gli oracoli di questo futuro gi\u00e0 ci stanno avvertendo di un grande cambiamento di paradigma. Di solito, simili pronostici possono essere presi grano salis perch\u00e9 spesso sfiorano la fantascienza. Tuttavia, il recente libro, The Age of AI and Our Human Future (ndt, L\u2019Era della IA e il nostro futuro umano), \u00e8 diverso. Gli autori si preoccupano assai di non esagerare il potere della IA come qualcosa che va oltre una creazione umana, esponendo con calma i loro argomenti nel contesto degli sviluppi attuali. <\/span><\/em><\/p>\n<p><!--more--><\/p>\n<p style=\"text-align: center;\"><span style=\"color: #000000;\">Fonte:<\/span> <a href=\"https:\/\/www.tfp.org\/be-careful-the-coming-age-of-artificial-intelligence-is-a-leap-into-the-unknown\/\" target=\"_blank\" rel=\"noreferrer noopener\"><span style=\"color: #0000ff;\">Tradizione famiglia propriet\u00e0<\/span>, <\/a>\u00a0<span style=\"color: #000000;\">7 Gennaio 2022.<\/span><\/p>\n<h3 style=\"text-align: center;\">Fate attenzione! La prossima era<\/h3>\n<h3 style=\"text-align: center;\">dell&#8217;intelligenza artificiale (IA) \u00e8 un salto nell&#8217;ignoto<\/h3>\n<p style=\"text-align: center;\"><span style=\"color: #000000;\">di<strong> John Horvat<\/strong><\/span><\/p>\n<p style=\"text-align: justify;\"><span style=\"color: #000000;\">L&#8217;era dell&#8217;intelligenza artificiale (IA) sta arrivando. Gli oracoli di questo futuro gi\u00e0 ci stanno avvertendo di un grande cambiamento di paradigma. Di solito, simili pronostici possono essere presi grano salis perch\u00e9 spesso sfiorano la fantascienza. <\/span><\/p>\n<p style=\"text-align: justify;\"><span style=\"color: #000000;\">Tuttavia, il recente libro, <em>The Age of AI and Our Human Future<\/em> (ndt, L\u2019Era della IA e il nostro futuro umano), \u00e8 diverso. Deve essere preso sul serio.\u00a0 L&#8217;opera del 2021 \u00e8 scritta da due autori esperti di tecnologia, Eric Schmidt di Google e Daniel Huttenlocher del MIT. A loro si aggiunge l&#8217;inquietante figura dell&#8217;ex segretario di Stato Henry Kissinger, che mette a fuoco la tematica da un altro punto di vista.<\/span><\/p>\n<h4 style=\"text-align: center;\"><span style=\"color: #000000;\"> <strong>Un libro scritto con drammaticit\u00e0 storica<\/strong><\/span><\/h4>\n<p style=\"text-align: justify;\"><span style=\"color: #000000;\"><img loading=\"lazy\" decoding=\"async\" class=\" wp-image-53422 alignleft\" src=\"https:\/\/www.rassegnastampa-totustuus.it\/cattolica\/wp-content\/uploads\/2022\/01\/kissinger_cover_intelligenza_artificiale.jpg\" alt=\"\" width=\"146\" height=\"227\" \/>\u00c8 un libro scritto con cura. Gli autori si preoccupano assai di non esagerare il potere della IA come qualcosa che va oltre una creazione umana, esponendo con calma i loro argomenti nel contesto degli sviluppi attuali. E questa non \u00e8 fantascienza. <\/span><\/p>\n<p style=\"text-align: justify;\"><span style=\"color: #000000;\">Tuttavia, insinuano che tutti dovrebbero salire a bordo del processo dei prossimi cambiamenti per non rimanere emarginati. A questo fine, gli attuali crocevia in cui ci troviamo vengono dipinti con drammaticit\u00e0 storica e con mistero. L&#8217;IA non \u00e8 solo una nuova fase di una rivoluzione tecnica. L&#8217;umanit\u00e0 sta entrando in una nuova era paragonabile o persino superiore all&#8217;Illuminismo. L&#8217;IA cambier\u00e0 il modo in cui essa vede s\u00e9 stessa, in un quadro disordinato e rischioso.<\/span><\/p>\n<p style=\"text-align: justify;\"><span style=\"color: #000000;\">Da una prospettiva cattolica, spiccano tre punti rivelatori che indicano perch\u00e9 l&#8217;era dell&#8217;IA dovrebbe essere motivo di grave preoccupazione morale.<\/span><\/p>\n<h4 style=\"text-align: center;\"><span style=\"color: #000000;\"><strong>Una prospettiva post-razionale<\/strong><\/span><\/h4>\n<p style=\"text-align: justify;\"><span style=\"color: #000000;\"><img loading=\"lazy\" decoding=\"async\" class=\"size-full wp-image-51494 alignright\" src=\"https:\/\/www.rassegnastampa-totustuus.it\/cattolica\/wp-content\/uploads\/2021\/06\/fede_preghiera_chiesa.jpg\" alt=\"\" width=\"187\" height=\"269\" \/>Il primo punto \u00e8 quello che si potrebbe chiamare di prospettiva post-razionale. La maggior parte degli errori moderni rifiuta la nozione cattolica di supremazia della ragione (illuminata dalla Fede), poich\u00e9 essa mette limiti all&#8217;azione delle passioni libere. I filosofi moderni trovano diversi modi per sfuggire alla ragione e abbracciare le fantasie. David Hume arriv\u00f2 a dire: &#8220;La ragione \u00e8 e deve essere solo la schiava delle passioni&#8221;.<\/span><\/p>\n<p style=\"text-align: justify;\"><span style=\"color: #000000;\">I tre autori &#8211; tutti ammiratori dell&#8217;Illuminismo &#8211; non sono cos\u00ec avventati da negare la ragione, ma cercano piuttosto di trascenderla.<\/span><\/p>\n<p style=\"text-align: justify;\"><span style=\"color: #000000;\"> <img loading=\"lazy\" decoding=\"async\" class=\" wp-image-44893 alignleft\" src=\"https:\/\/www.rassegnastampa-totustuus.it\/cattolica\/wp-content\/uploads\/2019\/10\/tecnologia_informatica-300x164.jpg\" alt=\"\" width=\"247\" height=\"135\" srcset=\"https:\/\/www.rassegnastampa-totustuus.it\/cattolica\/wp-content\/uploads\/2019\/10\/tecnologia_informatica-300x164.jpg 300w, https:\/\/www.rassegnastampa-totustuus.it\/cattolica\/wp-content\/uploads\/2019\/10\/tecnologia_informatica-768x421.jpg 768w, https:\/\/www.rassegnastampa-totustuus.it\/cattolica\/wp-content\/uploads\/2019\/10\/tecnologia_informatica-1024x561.jpg 1024w, https:\/\/www.rassegnastampa-totustuus.it\/cattolica\/wp-content\/uploads\/2019\/10\/tecnologia_informatica.jpg 1651w\" sizes=\"auto, (max-width: 247px) 100vw, 247px\" \/>Il messaggio del libro \u00e8 chiaro: la modernit\u00e0 ha raggiunto &#8220;la fine parziale della superiorit\u00e0 presupposta della ragione umana&#8221;. L&#8217;IA introdurr\u00e0 &#8220;una forma di logica che gli umani non hanno raggiunto o non possono raggiungere, esplorando aspetti della realt\u00e0 che non abbiamo mai conosciuto e che non potremo mai conoscere direttamente&#8221;.<\/span><\/p>\n<p style=\"text-align: justify;\"><span style=\"color: #000000;\">Gli autori rassicurano i lettori che &#8220;la ragione e la fede tradizionali persisteranno nell&#8217;era dell&#8217;IA&#8221;. <\/span><span style=\"color: #000000;\">Tuttavia, l&#8217;IA trasformer\u00e0 tutti i regni dell&#8217;esperienza umana, anche alterando la societ\u00e0 libera e il libero arbitrio. Oltre i limiti della ragione, la vita si organizzer\u00e0 in modo aumentato dall&#8217;IA, spingendo &#8220;molti o anche la maggior parte degli umani a ritirarsi in mondi individuali, ritagliati su misura&#8221;.<\/span><\/p>\n<p style=\"text-align: justify;\"><span style=\"color: #000000;\"> <img loading=\"lazy\" decoding=\"async\" class=\" wp-image-53056 alignright\" src=\"https:\/\/www.rassegnastampa-totustuus.it\/cattolica\/wp-content\/uploads\/2021\/11\/tecnologia_internet_metaverso-1-300x168.jpg\" alt=\"\" width=\"259\" height=\"145\" \/>Anche se non ancora tanto diffuso al momento della stesura del libro, se ne pu\u00f2 intravedere l&#8217;arrivo nel &#8220;<a style=\"color: #000000;\" href=\"https:\/\/www.atfp.it\/notizie\/307-attualita\/2119-ripetete-dopo-di-me-gli-algoritmi-non-sono-umani\" target=\"_blank\" rel=\"noreferrer noopener\">metaverso<\/a>&#8220;, generato dall&#8217;IA; misto di libert\u00e0 assoluta e immaginazione. Il mondo vedr\u00e0 uno &#8220;spostamento dalla centralit\u00e0 della ragione umana alla centralit\u00e0 della dignit\u00e0 e dell&#8217;autonomia umana&#8221;. Domineranno le scelte, non le ragioni.<\/span><\/p>\n<h4 style=\"text-align: center;\"><span style=\"color: #000000;\"><strong>La storia attraverso i filtri<\/strong><\/span><\/h4>\n<p style=\"text-align: justify;\"><span style=\"color: #000000;\"><img loading=\"lazy\" decoding=\"async\" class=\" wp-image-31854 alignleft\" src=\"https:\/\/www.rassegnastampa-totustuus.it\/cattolica\/wp-content\/uploads\/2011\/11\/Grecia.jpg\" alt=\"\" width=\"237\" height=\"158\" \/>Il secondo punto rivelatore \u00e8 il modello evolutivo della storia assunto dal libro, con i correlativi attacchi alla Chiesa. Gli autori mostrano poca originalit\u00e0 quando adottano la narrazione moderna classica di una storia senza Dio. Descrivono la storia come periodi in cui le persone percepiscono la realt\u00e0 attraverso diversi filtri. Le societ\u00e0 politeiste del mondo antico, per esempio, spiegavano la realt\u00e0 attraverso il loro pantheon di dei mitologici.<\/span><\/p>\n<p style=\"text-align: justify;\"><span style=\"color: #000000;\"><img loading=\"lazy\" decoding=\"async\" class=\"wp-image-49948 alignright\" src=\"https:\/\/www.rassegnastampa-totustuus.it\/cattolica\/wp-content\/uploads\/2021\/01\/monachesimo_medioevo_conventi-1-300x169.jpg\" alt=\"\" width=\"240\" height=\"135\" srcset=\"https:\/\/www.rassegnastampa-totustuus.it\/cattolica\/wp-content\/uploads\/2021\/01\/monachesimo_medioevo_conventi-1-300x169.jpg 300w, https:\/\/www.rassegnastampa-totustuus.it\/cattolica\/wp-content\/uploads\/2021\/01\/monachesimo_medioevo_conventi-1-768x432.jpg 768w, https:\/\/www.rassegnastampa-totustuus.it\/cattolica\/wp-content\/uploads\/2021\/01\/monachesimo_medioevo_conventi-1-1024x576.jpg 1024w, https:\/\/www.rassegnastampa-totustuus.it\/cattolica\/wp-content\/uploads\/2021\/01\/monachesimo_medioevo_conventi-1.jpg 1280w\" sizes=\"auto, (max-width: 240px) 100vw, 240px\" \/>Il Medioevo viene ridotto a un mondo in cui tutto &#8220;doveva essere conosciuto solo attraverso Dio; la teologia filtrava e ordinava le esperienze degli individui e i fenomeni naturali che si ponevano davanti a loro&#8221;.<\/span><\/p>\n<p style=\"text-align: justify;\"><span style=\"color: #000000;\"><img loading=\"lazy\" decoding=\"async\" class=\" wp-image-33411 alignleft\" src=\"https:\/\/www.rassegnastampa-totustuus.it\/cattolica\/wp-content\/uploads\/2005\/09\/illuminismo.jpg\" alt=\"\" width=\"195\" height=\"114\" \/>I periodi successivi come il Rinascimento, la rivoluzione protestante e soprattutto l&#8217;Illuminismo hanno filtrato la realt\u00e0 attraverso l&#8217;individualismo e la ragione.<\/span><\/p>\n<p style=\"text-align: justify;\"><span style=\"color: #000000;\"> Questa volta, il nuovo filtro sar\u00e0 l&#8217;IA. L&#8217;Era dell&#8217;IA si inserisce perfettamente in questa visione evolutiva, laica e fatalista della storia senza Dio. Gli autori non &#8220;celebrano o lamentano&#8221; l&#8217;IA, ma solo annunciano la sua inesorabile marcia verso il cambiamento del &#8220;pensiero umano, la conoscenza, la percezione e la realt\u00e0&#8221;. <\/span><\/p>\n<p style=\"text-align: justify;\"><span style=\"color: #000000;\"><img loading=\"lazy\" decoding=\"async\" class=\"wp-image-53055 alignright\" src=\"https:\/\/www.rassegnastampa-totustuus.it\/cattolica\/wp-content\/uploads\/2021\/11\/tecnologia_internet_metaverso-300x200.jpg\" alt=\"\" width=\"247\" height=\"164\" srcset=\"https:\/\/www.rassegnastampa-totustuus.it\/cattolica\/wp-content\/uploads\/2021\/11\/tecnologia_internet_metaverso-300x200.jpg 300w, https:\/\/www.rassegnastampa-totustuus.it\/cattolica\/wp-content\/uploads\/2021\/11\/tecnologia_internet_metaverso.jpg 640w\" sizes=\"auto, (max-width: 247px) 100vw, 247px\" \/>Naturalmente, questa visione contrasta con la nozione non fatalistica della storia che la Chiesa ha, per la quale ognuno di noi opera per la propria salvezza. La Chiesa non \u00e8 solo un altro filtro tra i tanti. Del resto, i periodi storici sono influenzati dagli eventi, dalla virt\u00f9 delle persone e dalla grazia di Dio, non determinati da filtri evolutivi.<\/span><\/p>\n<h4 style=\"text-align: center;\"><span style=\"color: #000000;\"><strong>Fidarsi di un&#8217;intelligenza \u2018quasi divina\u2019?<\/strong> <\/span><\/h4>\n<p style=\"text-align: justify;\"><span style=\"color: #000000;\"><img loading=\"lazy\" decoding=\"async\" class=\" wp-image-53423 alignleft\" src=\"https:\/\/www.rassegnastampa-totustuus.it\/cattolica\/wp-content\/uploads\/2022\/01\/guerra_informatica_computer.jpg\" alt=\"\" width=\"280\" height=\"161\" \/>Il terzo punto \u00e8 un&#8217;inquietante dipendenza dall&#8217;IA con conseguenze sconosciute. In effetti, il libro parla di pi\u00f9 attraverso ci\u00f2 che omette. Il testo pone costantemente domande stimolanti sulle implicazioni dell&#8217;IA, delle quali il lettore sospetta che gli autori conoscano le risposte.<\/span><\/p>\n<p style=\"text-align: justify;\"><span style=\"color: #000000;\">Gli autori aggiungono l&#8217;urgenza di accettare l&#8217;era futura esplorando l&#8217;impatto dell&#8217;IA sulle relazioni internazionali e la sicurezza globale. Per loro, la minaccia molto reale della guerra cibernetica \u00e8 in qualche modo pi\u00f9 pericolosa delle armi nucleari. Perci\u00f2, essi invitano i leader mondiali a riunirsi urgentemente. La loro insistenza affinch\u00e9 il pubblico abbracci, senza resistenza, questo futuro informatico sconosciuto assume un tono di minaccia velata.<\/span><\/p>\n<p style=\"text-align: justify;\"><span style=\"color: #000000;\"><img loading=\"lazy\" decoding=\"async\" class=\" wp-image-45747 alignright\" src=\"https:\/\/www.rassegnastampa-totustuus.it\/cattolica\/wp-content\/uploads\/2020\/01\/atomica_bomba-300x168.jpg\" alt=\"\" width=\"261\" height=\"146\" \/>Questo salto nell&#8217;ignoto si rende peggiore perch\u00e9 viene chiesto al pubblico di abbracciare un futuro di IA che deve ancora &#8220;definire i suoi principi organizzativi, i suoi concetti morali, o il suo senso di aspirazioni e limiti&#8221;.\u00a0<\/span><\/p>\n<p style=\"text-align: justify;\"><span style=\"color: #000000;\"><img loading=\"lazy\" decoding=\"async\" class=\" wp-image-53057 alignleft\" src=\"https:\/\/www.rassegnastampa-totustuus.it\/cattolica\/wp-content\/uploads\/2021\/11\/tecnologia_internet_metaverso-2.jpg\" alt=\"\" width=\"215\" height=\"143\" \/>Senza che si comprenda ancora bene l&#8217;IA, ci si aspetta che gli esseri umani si rimettano ad essa in misura crescente in questioni di portata sempre maggiore. La maggioranza inesperta di tecnologia verr\u00e0 esposta a una potenza di elaborazione cos\u00ec stupefacente che &#8220;qualcuno potrebbe essere tentato di trattare i responsi\u00a0 \u00a0dell&#8217;IA come giudizi quasi divini&#8221;, emessi da &#8220;un&#8217;intelligenza simile a quella di Dio&#8221;, con &#8220;un modo sovrumano di conoscere il mondo e intuire le sue strutture e possibilit\u00e0&#8221;. <\/span><\/p>\n<p style=\"text-align: justify;\"><span style=\"color: #000000;\">Questa soluzione quasi magica dei problemi da parte dell&#8217;IA porta gli autori a speculare che il freddo mondo industrializzato sperimenter\u00e0 &#8220;un nuovo incantesimo&#8221; con l&#8217;IA, che emetter\u00e0 &#8220;pronunciamenti oracolari&#8221;.<\/span><\/p>\n<p style=\"text-align: justify;\"><span style=\"color: #000000;\">Questa caricatura della Divina Provvidenza pu\u00f2 rivelarsi uno strumento mostruoso nelle mani di malfattori e di stati canaglia.<\/span><\/p>\n<h4 style=\"text-align: center;\"><span style=\"color: #000000;\"><strong>&#8220;Persone con una profonda esperienza\u201d<\/strong><\/span><\/h4>\n<p style=\"text-align: justify;\"><span style=\"color: #000000;\"><img loading=\"lazy\" decoding=\"async\" class=\" wp-image-47598 alignleft\" src=\"https:\/\/www.rassegnastampa-totustuus.it\/cattolica\/wp-content\/uploads\/2020\/06\/Henry_Kissinger.jpg\" alt=\"\" width=\"142\" height=\"175\" \/>Il Dr. Kissinger e compagnia bella non si fidano che questo processo funzioni spontaneamente senza che &#8220;persone con profonda esperienza&#8221; guidino la strada. Anche se citano disperatamente la necessit\u00e0 di trovare presto una cornice etica, c&#8217;\u00e8 ovviamente qualcosa gi\u00e0 in atto in questa ora tardiva. Gli autori suggeriscono che sar\u00e0 necessario &#8220;un piccolo gruppo di figure rispettate a livello mondiale dai pi\u00f9 alti gradini di governo, degli affari e delle universit\u00e0&#8221; per coordinare la prossima era dell&#8217;IA. Questa rete globale si adatta bene ai modelli di &#8220;Great Reset&#8221; che ora circolano e che predicono cambiamenti monumentali nell&#8217;umanit\u00e0.<\/span><\/p>\n<p style=\"text-align: justify;\"><span style=\"color: #000000;\"><img loading=\"lazy\" decoding=\"async\" class=\" wp-image-35075 alignright\" src=\"https:\/\/www.rassegnastampa-totustuus.it\/cattolica\/wp-content\/uploads\/2012\/07\/ateismo.png\" alt=\"\" width=\"151\" height=\"189\" \/>Come tutti gli utopisti rivoluzionari, l&#8217;era dell&#8217;IA cerca di cambiare l&#8217;idea di umanit\u00e0 e di realt\u00e0 in un mondo senza Dio. Una tale visione riduce la storia al relato di come le persone perseguono, nella massima misura possibile, i loro interessi personali e le loro gratificazioni. L&#8217;IA, questo oracolo abilitante, va rimessa al suo posto come mero strumento attraverso il quale le persone possono praticare meglio la virt\u00f9 e favorire il bene comune.<\/span><\/p>\n<p style=\"text-align: justify;\"><span style=\"color: #000000;\"><img loading=\"lazy\" decoding=\"async\" class=\" wp-image-53258 alignleft\" src=\"https:\/\/www.rassegnastampa-totustuus.it\/cattolica\/wp-content\/uploads\/2021\/12\/morte_anima.jpg\" alt=\"\" width=\"240\" height=\"136\" \/>Il futuro dell&#8217;IA concepito da Kissinger e soci \u00e8 destinato a fallire perch\u00e9 non potr\u00e0 mai soddisfare i bisogni delle anime per il sublime, il vero e l&#8217;eterno. Tali schemi incentrati sull&#8217;uomo tolgono all&#8217;umanit\u00e0 il suo bene pi\u00f9 prezioso, il quadro spirituale che aiuta ogni persona a lottare per la santificazione e la felicit\u00e0 eterna. L&#8217;intelligenza artificiale non potr\u00e0 rispondere a questi bisogni profondi dell&#8217;anima umana. Per questi, \u201csolo Dio basta\u201d (Santa Teresa).<\/span><\/p>\n<p style=\"text-align: center;\"><span style=\"color: #000000;\"> <em>Traduzione a cura di Tradizione Famiglia Propriet\u00e0 \u2013 Italia<\/em><\/span><\/p>\n","protected":false},"excerpt":{"rendered":"<p>Abstract: Intelligenza Artificiale: un salto nell&#8217;ignoto. L&#8217;era dell&#8217;intelligenza artificiale (IA) sta arrivando. Gli oracoli di questo futuro gi\u00e0 ci stanno avvertendo di un grande cambiamento di paradigma. Di solito, simili pronostici possono essere presi grano salis perch\u00e9 spesso sfiorano la fantascienza. Tuttavia, il recente libro, The Age of AI and Our Human Future (ndt, L\u2019Era &hellip; <\/p>\n<p><a class=\"more-link btn\" href=\"https:\/\/www.rassegnastampa-totustuus.it\/cattolica\/intelligenza-artificiale-un-salto-nellignoto\/\">Continua a leggere<\/a><\/p>\n","protected":false},"author":6,"featured_media":53058,"comment_status":"closed","ping_status":"closed","sticky":false,"template":"","format":"standard","meta":{"footnotes":""},"categories":[25],"tags":[2898,2897,558,2816],"class_list":["post-53421","post","type-post","status-publish","format-standard","has-post-thumbnail","hentry","category-sguardo-sul-nostro-tempo","tag-intelligenza-artificiale","tag-metaverso","tag-sguardo-sul-nostro-tempo-2","tag-tecnologia-digitale","item-wrap"],"yoast_head":"<!-- This site is optimized with the Yoast SEO plugin v27.5 - https:\/\/yoast.com\/product\/yoast-seo-wordpress\/ -->\n<title>Intelligenza Artificiale: un salto nell&#039;ignoto - Rassegna Stampa Cattolica<\/title>\n<meta name=\"description\" content=\"Intelligenza Artificiale: un salto nell&#039;ignoto; gi\u00e0 gli oracoli di questo futuro ci stanno avvertendo di un grande cambiamento di paradigma\" \/>\n<meta name=\"robots\" content=\"index, follow, max-snippet:-1, max-image-preview:large, max-video-preview:-1\" \/>\n<link rel=\"canonical\" href=\"https:\/\/www.rassegnastampa-totustuus.it\/cattolica\/intelligenza-artificiale-un-salto-nellignoto\/\" \/>\n<meta property=\"og:locale\" content=\"it_IT\" \/>\n<meta property=\"og:type\" content=\"article\" \/>\n<meta property=\"og:title\" content=\"Intelligenza Artificiale: un salto nell&#039;ignoto - Rassegna Stampa Cattolica\" \/>\n<meta property=\"og:description\" content=\"Intelligenza Artificiale: un salto nell&#039;ignoto; gi\u00e0 gli oracoli di questo futuro ci stanno avvertendo di un grande cambiamento di paradigma\" \/>\n<meta property=\"og:url\" content=\"https:\/\/www.rassegnastampa-totustuus.it\/cattolica\/intelligenza-artificiale-un-salto-nellignoto\/\" \/>\n<meta property=\"og:site_name\" content=\"Rassegna Stampa Cattolica\" \/>\n<meta property=\"article:publisher\" content=\"https:\/\/www.facebook.com\/rassegnastampacattolica\" \/>\n<meta property=\"article:published_time\" content=\"2022-01-26T23:00:59+00:00\" \/>\n<meta property=\"article:modified_time\" content=\"2024-07-02T11:20:20+00:00\" \/>\n<meta property=\"og:image\" content=\"https:\/\/www.rassegnastampa-totustuus.it\/cattolica\/wp-content\/uploads\/2021\/11\/tecnologia_internet_metaverso-3.jpg\" \/>\n\t<meta property=\"og:image:width\" content=\"1247\" \/>\n\t<meta property=\"og:image:height\" content=\"702\" \/>\n\t<meta property=\"og:image:type\" content=\"image\/jpeg\" \/>\n<meta name=\"author\" content=\"Redazione\" \/>\n<meta name=\"twitter:card\" content=\"summary_large_image\" \/>\n<meta name=\"twitter:creator\" content=\"@rassegnastampa9\" \/>\n<meta name=\"twitter:site\" content=\"@rassegnastampa9\" \/>\n<meta name=\"twitter:label1\" content=\"Scritto da\" \/>\n\t<meta name=\"twitter:data1\" content=\"Redazione\" \/>\n\t<meta name=\"twitter:label2\" content=\"Tempo di lettura stimato\" \/>\n\t<meta name=\"twitter:data2\" content=\"11 minuti\" \/>\n<script type=\"application\/ld+json\" class=\"yoast-schema-graph\">{\"@context\":\"https:\\\/\\\/schema.org\",\"@graph\":[{\"@type\":\"Article\",\"@id\":\"https:\\\/\\\/www.rassegnastampa-totustuus.it\\\/cattolica\\\/intelligenza-artificiale-un-salto-nellignoto\\\/#article\",\"isPartOf\":{\"@id\":\"https:\\\/\\\/www.rassegnastampa-totustuus.it\\\/cattolica\\\/intelligenza-artificiale-un-salto-nellignoto\\\/\"},\"author\":{\"name\":\"Redazione\",\"@id\":\"https:\\\/\\\/www.rassegnastampa-totustuus.it\\\/cattolica\\\/#\\\/schema\\\/person\\\/08f319d2bd1a0904ad9e2bfb7b15e5c3\"},\"headline\":\"Intelligenza Artificiale: un salto nell&#8217;ignoto\",\"datePublished\":\"2022-01-26T23:00:59+00:00\",\"dateModified\":\"2024-07-02T11:20:20+00:00\",\"mainEntityOfPage\":{\"@id\":\"https:\\\/\\\/www.rassegnastampa-totustuus.it\\\/cattolica\\\/intelligenza-artificiale-un-salto-nellignoto\\\/\"},\"wordCount\":1436,\"publisher\":{\"@id\":\"https:\\\/\\\/www.rassegnastampa-totustuus.it\\\/cattolica\\\/#organization\"},\"image\":{\"@id\":\"https:\\\/\\\/www.rassegnastampa-totustuus.it\\\/cattolica\\\/intelligenza-artificiale-un-salto-nellignoto\\\/#primaryimage\"},\"thumbnailUrl\":\"https:\\\/\\\/www.rassegnastampa-totustuus.it\\\/cattolica\\\/wp-content\\\/uploads\\\/2021\\\/11\\\/tecnologia_internet_metaverso-3.jpg\",\"keywords\":[\"intelligenza artificiale\",\"metaverso\",\"sguardo sul nostro tempo\",\"tecnologia digitale\"],\"articleSection\":[\"Sguardo sul nostro tempo\"],\"inLanguage\":\"it-IT\"},{\"@type\":\"WebPage\",\"@id\":\"https:\\\/\\\/www.rassegnastampa-totustuus.it\\\/cattolica\\\/intelligenza-artificiale-un-salto-nellignoto\\\/\",\"url\":\"https:\\\/\\\/www.rassegnastampa-totustuus.it\\\/cattolica\\\/intelligenza-artificiale-un-salto-nellignoto\\\/\",\"name\":\"Intelligenza Artificiale: un salto nell'ignoto - Rassegna Stampa Cattolica\",\"isPartOf\":{\"@id\":\"https:\\\/\\\/www.rassegnastampa-totustuus.it\\\/cattolica\\\/#website\"},\"primaryImageOfPage\":{\"@id\":\"https:\\\/\\\/www.rassegnastampa-totustuus.it\\\/cattolica\\\/intelligenza-artificiale-un-salto-nellignoto\\\/#primaryimage\"},\"image\":{\"@id\":\"https:\\\/\\\/www.rassegnastampa-totustuus.it\\\/cattolica\\\/intelligenza-artificiale-un-salto-nellignoto\\\/#primaryimage\"},\"thumbnailUrl\":\"https:\\\/\\\/www.rassegnastampa-totustuus.it\\\/cattolica\\\/wp-content\\\/uploads\\\/2021\\\/11\\\/tecnologia_internet_metaverso-3.jpg\",\"datePublished\":\"2022-01-26T23:00:59+00:00\",\"dateModified\":\"2024-07-02T11:20:20+00:00\",\"description\":\"Intelligenza Artificiale: un salto nell'ignoto; gi\u00e0 gli oracoli di questo futuro ci stanno avvertendo di un grande cambiamento di paradigma\",\"breadcrumb\":{\"@id\":\"https:\\\/\\\/www.rassegnastampa-totustuus.it\\\/cattolica\\\/intelligenza-artificiale-un-salto-nellignoto\\\/#breadcrumb\"},\"inLanguage\":\"it-IT\",\"potentialAction\":[{\"@type\":\"ReadAction\",\"target\":[\"https:\\\/\\\/www.rassegnastampa-totustuus.it\\\/cattolica\\\/intelligenza-artificiale-un-salto-nellignoto\\\/\"]}]},{\"@type\":\"ImageObject\",\"inLanguage\":\"it-IT\",\"@id\":\"https:\\\/\\\/www.rassegnastampa-totustuus.it\\\/cattolica\\\/intelligenza-artificiale-un-salto-nellignoto\\\/#primaryimage\",\"url\":\"https:\\\/\\\/www.rassegnastampa-totustuus.it\\\/cattolica\\\/wp-content\\\/uploads\\\/2021\\\/11\\\/tecnologia_internet_metaverso-3.jpg\",\"contentUrl\":\"https:\\\/\\\/www.rassegnastampa-totustuus.it\\\/cattolica\\\/wp-content\\\/uploads\\\/2021\\\/11\\\/tecnologia_internet_metaverso-3.jpg\",\"width\":1247,\"height\":702},{\"@type\":\"BreadcrumbList\",\"@id\":\"https:\\\/\\\/www.rassegnastampa-totustuus.it\\\/cattolica\\\/intelligenza-artificiale-un-salto-nellignoto\\\/#breadcrumb\",\"itemListElement\":[{\"@type\":\"ListItem\",\"position\":1,\"name\":\"Home\",\"item\":\"https:\\\/\\\/www.rassegnastampa-totustuus.it\\\/cattolica\\\/\"},{\"@type\":\"ListItem\",\"position\":2,\"name\":\"Intelligenza Artificiale: un salto nell&#8217;ignoto\"}]},{\"@type\":\"WebSite\",\"@id\":\"https:\\\/\\\/www.rassegnastampa-totustuus.it\\\/cattolica\\\/#website\",\"url\":\"https:\\\/\\\/www.rassegnastampa-totustuus.it\\\/cattolica\\\/\",\"name\":\"Rassegna Stampa Cattolica\",\"description\":\"Per una cultura che nasce dalla Rivelazione cristiana in conformit\u00e0 alla tradizione e al Magistero della Chiesa in opposizione ad ogni relativismo e totalitarismo\",\"publisher\":{\"@id\":\"https:\\\/\\\/www.rassegnastampa-totustuus.it\\\/cattolica\\\/#organization\"},\"alternateName\":\"Rass. Cattolica\",\"potentialAction\":[{\"@type\":\"SearchAction\",\"target\":{\"@type\":\"EntryPoint\",\"urlTemplate\":\"https:\\\/\\\/www.rassegnastampa-totustuus.it\\\/cattolica\\\/?s={search_term_string}\"},\"query-input\":{\"@type\":\"PropertyValueSpecification\",\"valueRequired\":true,\"valueName\":\"search_term_string\"}}],\"inLanguage\":\"it-IT\"},{\"@type\":\"Organization\",\"@id\":\"https:\\\/\\\/www.rassegnastampa-totustuus.it\\\/cattolica\\\/#organization\",\"name\":\"Rassegna Stampa Cattolica\",\"url\":\"https:\\\/\\\/www.rassegnastampa-totustuus.it\\\/cattolica\\\/\",\"logo\":{\"@type\":\"ImageObject\",\"inLanguage\":\"it-IT\",\"@id\":\"https:\\\/\\\/www.rassegnastampa-totustuus.it\\\/cattolica\\\/#\\\/schema\\\/logo\\\/image\\\/\",\"url\":\"https:\\\/\\\/www.rassegnastampa-totustuus.it\\\/cattolica\\\/wp-content\\\/uploads\\\/2014\\\/04\\\/logo-rassegna1.gif\",\"contentUrl\":\"https:\\\/\\\/www.rassegnastampa-totustuus.it\\\/cattolica\\\/wp-content\\\/uploads\\\/2014\\\/04\\\/logo-rassegna1.gif\",\"width\":600,\"height\":163,\"caption\":\"Rassegna Stampa Cattolica\"},\"image\":{\"@id\":\"https:\\\/\\\/www.rassegnastampa-totustuus.it\\\/cattolica\\\/#\\\/schema\\\/logo\\\/image\\\/\"},\"sameAs\":[\"https:\\\/\\\/www.facebook.com\\\/rassegnastampacattolica\",\"https:\\\/\\\/x.com\\\/rassegnastampa9\"]},{\"@type\":\"Person\",\"@id\":\"https:\\\/\\\/www.rassegnastampa-totustuus.it\\\/cattolica\\\/#\\\/schema\\\/person\\\/08f319d2bd1a0904ad9e2bfb7b15e5c3\",\"name\":\"Redazione\",\"image\":{\"@type\":\"ImageObject\",\"inLanguage\":\"it-IT\",\"@id\":\"https:\\\/\\\/secure.gravatar.com\\\/avatar\\\/2fcdf27c78ea025fbdb44e914cc63c72249ffec9dc8aafd5c82b26240ef3f346?s=96&d=mm&r=g\",\"url\":\"https:\\\/\\\/secure.gravatar.com\\\/avatar\\\/2fcdf27c78ea025fbdb44e914cc63c72249ffec9dc8aafd5c82b26240ef3f346?s=96&d=mm&r=g\",\"contentUrl\":\"https:\\\/\\\/secure.gravatar.com\\\/avatar\\\/2fcdf27c78ea025fbdb44e914cc63c72249ffec9dc8aafd5c82b26240ef3f346?s=96&d=mm&r=g\",\"caption\":\"Redazione\"},\"url\":\"https:\\\/\\\/www.rassegnastampa-totustuus.it\\\/cattolica\\\/author\\\/pietroelle\\\/\"}]}<\/script>\n<!-- \/ Yoast SEO plugin. -->","yoast_head_json":{"title":"Intelligenza Artificiale: un salto nell'ignoto - Rassegna Stampa Cattolica","description":"Intelligenza Artificiale: un salto nell'ignoto; gi\u00e0 gli oracoli di questo futuro ci stanno avvertendo di un grande cambiamento di paradigma","robots":{"index":"index","follow":"follow","max-snippet":"max-snippet:-1","max-image-preview":"max-image-preview:large","max-video-preview":"max-video-preview:-1"},"canonical":"https:\/\/www.rassegnastampa-totustuus.it\/cattolica\/intelligenza-artificiale-un-salto-nellignoto\/","og_locale":"it_IT","og_type":"article","og_title":"Intelligenza Artificiale: un salto nell'ignoto - Rassegna Stampa Cattolica","og_description":"Intelligenza Artificiale: un salto nell'ignoto; gi\u00e0 gli oracoli di questo futuro ci stanno avvertendo di un grande cambiamento di paradigma","og_url":"https:\/\/www.rassegnastampa-totustuus.it\/cattolica\/intelligenza-artificiale-un-salto-nellignoto\/","og_site_name":"Rassegna Stampa Cattolica","article_publisher":"https:\/\/www.facebook.com\/rassegnastampacattolica","article_published_time":"2022-01-26T23:00:59+00:00","article_modified_time":"2024-07-02T11:20:20+00:00","og_image":[{"width":1247,"height":702,"url":"https:\/\/www.rassegnastampa-totustuus.it\/cattolica\/wp-content\/uploads\/2021\/11\/tecnologia_internet_metaverso-3.jpg","type":"image\/jpeg"}],"author":"Redazione","twitter_card":"summary_large_image","twitter_creator":"@rassegnastampa9","twitter_site":"@rassegnastampa9","twitter_misc":{"Scritto da":"Redazione","Tempo di lettura stimato":"11 minuti"},"schema":{"@context":"https:\/\/schema.org","@graph":[{"@type":"Article","@id":"https:\/\/www.rassegnastampa-totustuus.it\/cattolica\/intelligenza-artificiale-un-salto-nellignoto\/#article","isPartOf":{"@id":"https:\/\/www.rassegnastampa-totustuus.it\/cattolica\/intelligenza-artificiale-un-salto-nellignoto\/"},"author":{"name":"Redazione","@id":"https:\/\/www.rassegnastampa-totustuus.it\/cattolica\/#\/schema\/person\/08f319d2bd1a0904ad9e2bfb7b15e5c3"},"headline":"Intelligenza Artificiale: un salto nell&#8217;ignoto","datePublished":"2022-01-26T23:00:59+00:00","dateModified":"2024-07-02T11:20:20+00:00","mainEntityOfPage":{"@id":"https:\/\/www.rassegnastampa-totustuus.it\/cattolica\/intelligenza-artificiale-un-salto-nellignoto\/"},"wordCount":1436,"publisher":{"@id":"https:\/\/www.rassegnastampa-totustuus.it\/cattolica\/#organization"},"image":{"@id":"https:\/\/www.rassegnastampa-totustuus.it\/cattolica\/intelligenza-artificiale-un-salto-nellignoto\/#primaryimage"},"thumbnailUrl":"https:\/\/www.rassegnastampa-totustuus.it\/cattolica\/wp-content\/uploads\/2021\/11\/tecnologia_internet_metaverso-3.jpg","keywords":["intelligenza artificiale","metaverso","sguardo sul nostro tempo","tecnologia digitale"],"articleSection":["Sguardo sul nostro tempo"],"inLanguage":"it-IT"},{"@type":"WebPage","@id":"https:\/\/www.rassegnastampa-totustuus.it\/cattolica\/intelligenza-artificiale-un-salto-nellignoto\/","url":"https:\/\/www.rassegnastampa-totustuus.it\/cattolica\/intelligenza-artificiale-un-salto-nellignoto\/","name":"Intelligenza Artificiale: un salto nell'ignoto - Rassegna Stampa Cattolica","isPartOf":{"@id":"https:\/\/www.rassegnastampa-totustuus.it\/cattolica\/#website"},"primaryImageOfPage":{"@id":"https:\/\/www.rassegnastampa-totustuus.it\/cattolica\/intelligenza-artificiale-un-salto-nellignoto\/#primaryimage"},"image":{"@id":"https:\/\/www.rassegnastampa-totustuus.it\/cattolica\/intelligenza-artificiale-un-salto-nellignoto\/#primaryimage"},"thumbnailUrl":"https:\/\/www.rassegnastampa-totustuus.it\/cattolica\/wp-content\/uploads\/2021\/11\/tecnologia_internet_metaverso-3.jpg","datePublished":"2022-01-26T23:00:59+00:00","dateModified":"2024-07-02T11:20:20+00:00","description":"Intelligenza Artificiale: un salto nell'ignoto; gi\u00e0 gli oracoli di questo futuro ci stanno avvertendo di un grande cambiamento di paradigma","breadcrumb":{"@id":"https:\/\/www.rassegnastampa-totustuus.it\/cattolica\/intelligenza-artificiale-un-salto-nellignoto\/#breadcrumb"},"inLanguage":"it-IT","potentialAction":[{"@type":"ReadAction","target":["https:\/\/www.rassegnastampa-totustuus.it\/cattolica\/intelligenza-artificiale-un-salto-nellignoto\/"]}]},{"@type":"ImageObject","inLanguage":"it-IT","@id":"https:\/\/www.rassegnastampa-totustuus.it\/cattolica\/intelligenza-artificiale-un-salto-nellignoto\/#primaryimage","url":"https:\/\/www.rassegnastampa-totustuus.it\/cattolica\/wp-content\/uploads\/2021\/11\/tecnologia_internet_metaverso-3.jpg","contentUrl":"https:\/\/www.rassegnastampa-totustuus.it\/cattolica\/wp-content\/uploads\/2021\/11\/tecnologia_internet_metaverso-3.jpg","width":1247,"height":702},{"@type":"BreadcrumbList","@id":"https:\/\/www.rassegnastampa-totustuus.it\/cattolica\/intelligenza-artificiale-un-salto-nellignoto\/#breadcrumb","itemListElement":[{"@type":"ListItem","position":1,"name":"Home","item":"https:\/\/www.rassegnastampa-totustuus.it\/cattolica\/"},{"@type":"ListItem","position":2,"name":"Intelligenza Artificiale: un salto nell&#8217;ignoto"}]},{"@type":"WebSite","@id":"https:\/\/www.rassegnastampa-totustuus.it\/cattolica\/#website","url":"https:\/\/www.rassegnastampa-totustuus.it\/cattolica\/","name":"Rassegna Stampa Cattolica","description":"Per una cultura che nasce dalla Rivelazione cristiana in conformit\u00e0 alla tradizione e al Magistero della Chiesa in opposizione ad ogni relativismo e totalitarismo","publisher":{"@id":"https:\/\/www.rassegnastampa-totustuus.it\/cattolica\/#organization"},"alternateName":"Rass. Cattolica","potentialAction":[{"@type":"SearchAction","target":{"@type":"EntryPoint","urlTemplate":"https:\/\/www.rassegnastampa-totustuus.it\/cattolica\/?s={search_term_string}"},"query-input":{"@type":"PropertyValueSpecification","valueRequired":true,"valueName":"search_term_string"}}],"inLanguage":"it-IT"},{"@type":"Organization","@id":"https:\/\/www.rassegnastampa-totustuus.it\/cattolica\/#organization","name":"Rassegna Stampa Cattolica","url":"https:\/\/www.rassegnastampa-totustuus.it\/cattolica\/","logo":{"@type":"ImageObject","inLanguage":"it-IT","@id":"https:\/\/www.rassegnastampa-totustuus.it\/cattolica\/#\/schema\/logo\/image\/","url":"https:\/\/www.rassegnastampa-totustuus.it\/cattolica\/wp-content\/uploads\/2014\/04\/logo-rassegna1.gif","contentUrl":"https:\/\/www.rassegnastampa-totustuus.it\/cattolica\/wp-content\/uploads\/2014\/04\/logo-rassegna1.gif","width":600,"height":163,"caption":"Rassegna Stampa Cattolica"},"image":{"@id":"https:\/\/www.rassegnastampa-totustuus.it\/cattolica\/#\/schema\/logo\/image\/"},"sameAs":["https:\/\/www.facebook.com\/rassegnastampacattolica","https:\/\/x.com\/rassegnastampa9"]},{"@type":"Person","@id":"https:\/\/www.rassegnastampa-totustuus.it\/cattolica\/#\/schema\/person\/08f319d2bd1a0904ad9e2bfb7b15e5c3","name":"Redazione","image":{"@type":"ImageObject","inLanguage":"it-IT","@id":"https:\/\/secure.gravatar.com\/avatar\/2fcdf27c78ea025fbdb44e914cc63c72249ffec9dc8aafd5c82b26240ef3f346?s=96&d=mm&r=g","url":"https:\/\/secure.gravatar.com\/avatar\/2fcdf27c78ea025fbdb44e914cc63c72249ffec9dc8aafd5c82b26240ef3f346?s=96&d=mm&r=g","contentUrl":"https:\/\/secure.gravatar.com\/avatar\/2fcdf27c78ea025fbdb44e914cc63c72249ffec9dc8aafd5c82b26240ef3f346?s=96&d=mm&r=g","caption":"Redazione"},"url":"https:\/\/www.rassegnastampa-totustuus.it\/cattolica\/author\/pietroelle\/"}]}},"_links":{"self":[{"href":"https:\/\/www.rassegnastampa-totustuus.it\/cattolica\/wp-json\/wp\/v2\/posts\/53421","targetHints":{"allow":["GET"]}}],"collection":[{"href":"https:\/\/www.rassegnastampa-totustuus.it\/cattolica\/wp-json\/wp\/v2\/posts"}],"about":[{"href":"https:\/\/www.rassegnastampa-totustuus.it\/cattolica\/wp-json\/wp\/v2\/types\/post"}],"author":[{"embeddable":true,"href":"https:\/\/www.rassegnastampa-totustuus.it\/cattolica\/wp-json\/wp\/v2\/users\/6"}],"replies":[{"embeddable":true,"href":"https:\/\/www.rassegnastampa-totustuus.it\/cattolica\/wp-json\/wp\/v2\/comments?post=53421"}],"version-history":[{"count":3,"href":"https:\/\/www.rassegnastampa-totustuus.it\/cattolica\/wp-json\/wp\/v2\/posts\/53421\/revisions"}],"predecessor-version":[{"id":60758,"href":"https:\/\/www.rassegnastampa-totustuus.it\/cattolica\/wp-json\/wp\/v2\/posts\/53421\/revisions\/60758"}],"wp:featuredmedia":[{"embeddable":true,"href":"https:\/\/www.rassegnastampa-totustuus.it\/cattolica\/wp-json\/wp\/v2\/media\/53058"}],"wp:attachment":[{"href":"https:\/\/www.rassegnastampa-totustuus.it\/cattolica\/wp-json\/wp\/v2\/media?parent=53421"}],"wp:term":[{"taxonomy":"category","embeddable":true,"href":"https:\/\/www.rassegnastampa-totustuus.it\/cattolica\/wp-json\/wp\/v2\/categories?post=53421"},{"taxonomy":"post_tag","embeddable":true,"href":"https:\/\/www.rassegnastampa-totustuus.it\/cattolica\/wp-json\/wp\/v2\/tags?post=53421"}],"curies":[{"name":"wp","href":"https:\/\/api.w.org\/{rel}","templated":true}]}}