{"id":53354,"date":"2022-01-13T00:00:25","date_gmt":"2022-01-12T23:00:25","guid":{"rendered":"http:\/\/www.rassegnastampa-totustuus.it\/cattolica\/?p=53354"},"modified":"2024-07-03T11:24:07","modified_gmt":"2024-07-03T09:24:07","slug":"non-ce-piu-unalternativa-ai-governi-progressisti-e-filocinesi","status":"publish","type":"post","link":"https:\/\/www.rassegnastampa-totustuus.it\/cattolica\/non-ce-piu-unalternativa-ai-governi-progressisti-e-filocinesi\/","title":{"rendered":"Non c&#8217;\u00e8 pi\u00f9 un\u2019alternativa ai governi progressisti e filocinesi"},"content":{"rendered":"<p style=\"text-align: center;\"><strong><img loading=\"lazy\" decoding=\"async\" class=\" wp-image-53355 alignleft\" src=\"https:\/\/www.rassegnastampa-totustuus.it\/cattolica\/wp-content\/uploads\/2022\/01\/Renzi_Pd_cina.jpg\" alt=\"\" width=\"293\" height=\"231\" \/><span style=\"color: #0000ff;\"><a style=\"color: #0000ff;\" href=\"https:\/\/www.laverita.info\/\" target=\"_blank\" rel=\"noopener\">La Verit\u00e0<\/a><\/span><\/strong><span style=\"color: #000000;\"> del 7 gennaio 2021<\/span><\/p>\n<p style=\"text-align: justify;\"><span style=\"color: #000000;\"><em>\u00c8 scomparsa la possibilit\u00e0 di immaginare un mondo diverso da quello dominato dalle forze liberal. Lo si vede bene in Italia e in Europa, dove le opposizioni faticano ad opporsi all&#8217;establishment<\/em><\/span><\/p>\n<p style=\"text-align: center;\"><span style=\"color: #000000;\">di<strong> Marcello Veneziani<\/strong><\/span><\/p>\n<p><span style=\"color: #000000;\"><!--more--><\/span><\/p>\n<p style=\"text-align: justify;\"><span style=\"color: #000000;\">Sipu\u00f2 avere qualunque giudizio su Donald Trump, anche pessimo, o di antipatia a pelle per lo stile e l&#8217;uomo, ma si deve riconoscere una cosa; a Trump era affidata la speranza di rovesciare l&#8217;Assetto Globale, o quantomeno di dimostrare che era possibile un altro corso. Da quando, un anno fa, si \u00e8 persa quell&#8217;alternativa, quell&#8217;altra possibilit\u00e0, il mondo occidentale si \u00e8 incupito sotto un dominio sanitario, globalista e tendenzialmente filocinese che non concede scampo n\u00e9 variazioni di percorso.<\/span><\/p>\n<p style=\"text-align: justify;\"><span style=\"color: #000000;\"><img loading=\"lazy\" decoding=\"async\" class=\" wp-image-39536 alignright\" src=\"https:\/\/www.rassegnastampa-totustuus.it\/cattolica\/wp-content\/uploads\/2018\/01\/Donald_Trump.jpg\" alt=\"\" width=\"300\" height=\"225\" \/>Trump non fuoriusciva dai miti e dagli stereotipi americani e soprattutto non fuorusciva da certo capitalismo e dalla sua volont\u00e0 di potenza; ma rimetteva in discussione la religione planetaria del <em>politically correct<\/em>, rifiutava di appiattirsi sotto la globalizzazione, riprendeva temi come la protezione dell&#8217;economia e la preferenza nazionale, rimetteva in piedi temi che vagamente riflettevano i principi conservatori, a partire da quelli che vengono solitamente riassunti in Dio, patria e famiglia.<\/span><\/p>\n<p style=\"text-align: justify;\"><span style=\"color: #000000;\">L&#8217;assalto della Befana nello scorso anno fu il modo per liquidare Trump e la sua rivendicazione sui brogli, mostrando il lato eversivo e il rovescio carnevalesco <img loading=\"lazy\" decoding=\"async\" class=\" wp-image-53356 alignleft\" src=\"https:\/\/www.rassegnastampa-totustuus.it\/cattolica\/wp-content\/uploads\/2022\/01\/Trump_america_usa-300x155.jpg\" alt=\"\" width=\"335\" height=\"173\" srcset=\"https:\/\/www.rassegnastampa-totustuus.it\/cattolica\/wp-content\/uploads\/2022\/01\/Trump_america_usa-300x155.jpg 300w, https:\/\/www.rassegnastampa-totustuus.it\/cattolica\/wp-content\/uploads\/2022\/01\/Trump_america_usa.jpg 330w\" sizes=\"auto, (max-width: 335px) 100vw, 335px\" \/>della sua parte; e dunque va ricordato come la stupida caricatura del trumpismo che d\u00e0 manforte ai suoi nemici e detrattori, presentandosi al peggio. <\/span><\/p>\n<p style=\"text-align: justify;\"><span style=\"color: #000000;\">L&#8217;assalto al Congresso fu il canto del cigno del populismo antipolitico, uno spettacolo che se l&#8217;avesse organizzato Biden o il mondo a lui affine, non sarebbe riuscito meglio a loro vantaggio: perch\u00e9 serv\u00ec solo a fugare ombre e dubbi sull&#8217;avvicendamento alla Casa Bianca avvalorando la bont\u00e0 del cambio. II pi\u00f9 efficace sponsor del vacillante Biden appena insediato fu quel presunto, colorito Sciamano che, se non fosse esistito, avrebbero dovuto inventarlo per screditare ogni pretesa trump\u00ecana e il suo mondo di sostenitori.<\/span><\/p>\n<p style=\"text-align: justify;\"><span style=\"color: #000000;\"><img loading=\"lazy\" decoding=\"async\" class=\"wp-image-46569 alignright\" src=\"https:\/\/www.rassegnastampa-totustuus.it\/cattolica\/wp-content\/uploads\/2020\/03\/corova_virus.jpg\" alt=\"\" width=\"349\" height=\"196\" \/>Ma a noi quella vicenda preme soprattutto per il risvolto che ha avuto sulla scena globale: segn\u00f2 la perdita di un&#8217;alternativa al mondo in cui siamo. <\/span><\/p>\n<p style=\"text-align: justify;\"><span style=\"color: #000000;\">Il vero alleato di Biden e il vero generale che sconf\u00ecsse Trump, fu il Virus; anche se oggi rischia di ritorcersi contro l&#8217;inquilino presente alla Casa Bianca, che non \u00e8 riuscito a combatterlo efficacemente.<\/span><\/p>\n<p style=\"text-align: justify;\"><span style=\"color: #000000;\">Ma la sconf\u00ectta di Trump e l&#8217;avvento del Covid, che da un biennio comanda sui destini del pianeta, coi loro annessi sanitari, hanno fermato ogni speranza di svolta populista e sovranista, riducendo qualsiasi forma di opposizione all&#8217;establishment mondiale a una serie di focolai locali non in grado di espandersi oltre i propri confini.<\/span><\/p>\n<p style=\"text-align: justify;\"><span style=\"color: #000000;\"><img loading=\"lazy\" decoding=\"async\" class=\" wp-image-40396 alignleft\" src=\"https:\/\/www.rassegnastampa-totustuus.it\/cattolica\/wp-content\/uploads\/2018\/05\/Di-Maio_Salvini.jpg\" alt=\"\" width=\"303\" height=\"217\" \/>Di quel travaglio, la rappresentazione pi\u00f9 vistosa in Italia \u00e8 il tormentoso affanno della Lega che si \u00e8 pratica\u00admente dimezzata nei sondaggi nel giro di un biennio e non trova ancora una rotta sicura e vincente, risultando alla fine n\u00e9 di lotta n\u00e9 di governo. <\/span><\/p>\n<p style=\"text-align: justify;\"><span style=\"color: #000000;\">Oscilla tra integrazione nel sistema politico o meglio nel sistema solare draghiano, con gravi perdite di consensi con fronda interna e scarsa capacit\u00e0 di manovra, da una parte e dall\u2019altra, il rischio di eclissarsi all&#8217;ombra della Meloni apparendone la versione meno coerente, meno convincente.<\/span><\/p>\n<p style=\"text-align: justify;\"><span style=\"color: #000000;\">Dall&#8217;altra parte \u00e8 vero che nessuna forza politica in fondo se la passa bene, e tutti sono appesi a tenui fili che passano dall&#8217;elezione al Quirinale al rinnovo di Palazzo Chigi. Peggio di tutti, ma ormai \u00e8 un dato costante, stanno i grillini che sbandano paurosamente e assumono posizioni diversificate e sempre incoerenti rispetto al giorno prima, prive di una logica se non quella di salvare la pelle e durare il pi\u00f9 a lungo possibile senza andare al voto.<\/span><\/p>\n<p style=\"text-align: justify;\"><span style=\"color: #000000;\"><img loading=\"lazy\" decoding=\"async\" class=\" wp-image-46717 alignright\" src=\"https:\/\/www.rassegnastampa-totustuus.it\/cattolica\/wp-content\/uploads\/2020\/03\/europa_sinistra_Pd-300x169.jpg\" alt=\"\" width=\"327\" height=\"184\" srcset=\"https:\/\/www.rassegnastampa-totustuus.it\/cattolica\/wp-content\/uploads\/2020\/03\/europa_sinistra_Pd-300x169.jpg 300w, https:\/\/www.rassegnastampa-totustuus.it\/cattolica\/wp-content\/uploads\/2020\/03\/europa_sinistra_Pd-768x432.jpg 768w, https:\/\/www.rassegnastampa-totustuus.it\/cattolica\/wp-content\/uploads\/2020\/03\/europa_sinistra_Pd-1024x576.jpg 1024w, https:\/\/www.rassegnastampa-totustuus.it\/cattolica\/wp-content\/uploads\/2020\/03\/europa_sinistra_Pd.jpg 1920w\" sizes=\"auto, (max-width: 327px) 100vw, 327px\" \/>Ma bene non stanno neanche gli altri: i <em>dem<\/em> non trovano un decente equilibrio tra l&#8217;essere il partito dell&#8217;Europa e l&#8217;alleato strategico ora della Lega ora di Fratelli d&#8217;Italia o di Berlusconi. Si \u00e8 arrestata la crescita della Meloni, si \u00e8 appannato suo ruolo di antagonista, a bagnomaria da troppo tempo, e rischia molto nella partita del Quirinale \u2026 <\/span><\/p>\n<p style=\"text-align: justify;\"><span style=\"color: #000000;\">Ma non \u00e8 la geografia variabile della politica che ci interessa. Bens\u00ec quel tema di fondo, pi\u00f9 generale. \u00c8 possibile ancora pensare a qualcosa di diverso, di alternativo, a livello europeo e italiano, nonostante la rimozione forzata di Trump, pur vagheggiando un suo eventuale ritorno fra. tre anni?<\/span><\/p>\n<p style=\"text-align: justify;\"><span style=\"color: #000000;\"><img loading=\"lazy\" decoding=\"async\" class=\" wp-image-45382 alignleft\" src=\"https:\/\/www.rassegnastampa-totustuus.it\/cattolica\/wp-content\/uploads\/2019\/12\/Merkel_Macron.jpg\" alt=\"\" width=\"319\" height=\"214\" \/>Le elezioni in Francia non sembrano offrire spazi per una svolta, l&#8217;ammucchiata tedesca post-Merkel preclude questi spazi; il governo di centrosinistra \u00e8 la sola formula di governo autorizzata dalla Commissione europea e dal Sistema tecno-finanziario. E non consente variazioni, se non periferiche (Ungheria, Polonia, pur accerchiate e attaccate periodicamente). <\/span><\/p>\n<p style=\"text-align: justify;\"><span style=\"color: #000000;\">Da qui, si comprende la difficolt\u00e0 enorme di pensare un&#8217;altra politica, di figurare una svolta; e la necessit\u00e0 di ripiegare su un&#8217;opposizione sociale, civile, culturale, a mezzo stampa, social e iniziative di base.<\/span><\/p>\n<p style=\"text-align: justify;\"><span style=\"color: #000000;\">Non vi piace sentirvelo dire? Allora vedete i cartoni animati.<\/span><\/p>\n<p>________________________________________________<\/p>\n<p><span style=\"color: #000000;\"><strong>Leggi anche:<\/strong><\/span><\/p>\n<p><strong><img loading=\"lazy\" decoding=\"async\" class=\" wp-image-53355 alignleft\" src=\"https:\/\/www.rassegnastampa-totustuus.it\/cattolica\/wp-content\/uploads\/2022\/01\/Renzi_Pd_cina.jpg\" alt=\"\" width=\"293\" height=\"231\" \/><a href=\"https:\/\/www.laverita.info\/\" target=\"_blank\" rel=\"noopener\">La Verit\u00e0<\/a><\/strong> del 7 gennaio 2021<\/p>\n<p><em>\u00c8 scomparsa la possibilit\u00e0 di immaginare un mondo diverso da quello dominato dalle forze liberal. Lo si vede bene in Italia e in Europa, dove le opposizioni faticano ad opporsi all&#8217;establishment<\/em><\/p>\n<p>di<strong> Marcello Veneziani<\/strong><\/p>\n<p><!--more--><\/p>\n<p>Sipu\u00f2 avere qualunque giudizio su Donald Trump, anche pessimo, o di antipatia a pelle per lo stile e l&#8217;uomo, ma si deve riconoscere una cosa; a Trump era affidata la speranza di rovesciare l&#8217;Assetto Globale, o quantomeno di dimostrare che era possibile un altro corso. Da quando, un anno fa, si \u00e8 persa quell&#8217;alternativa, quell&#8217;altra possibilit\u00e0, il mondo occidentale si \u00e8 incupito sotto un dominio sanitario, globalista e tendenzialmente filocinese che non concede scampo n\u00e9 variazioni di percorso.<\/p>\n<p><img loading=\"lazy\" decoding=\"async\" class=\" wp-image-39536 alignright\" src=\"https:\/\/www.rassegnastampa-totustuus.it\/cattolica\/wp-content\/uploads\/2018\/01\/Donald_Trump.jpg\" alt=\"\" width=\"300\" height=\"225\" \/>Trump non fuoriusciva dai miti e dagli stereotipi americani e soprattutto non fuorusciva da certo capitalismo e dalla sua volont\u00e0 di potenza; ma rimetteva in discussione la religione planetaria del <em>politically correct<\/em>, rifiutava di appiattirsi sotto la globalizzazione, riprendeva temi come la protezione dell&#8217;economia e la preferenza nazionale, rimetteva in piedi temi che vagamente riflettevano i principi conservatori, a partire da quelli che vengono solitamente riassunti in Dio, patria e famiglia.<\/p>\n<p>L&#8217;assalto della Befana nello scorso anno fu il modo per liquidare Trump e la sua rivendicazione sui brogli, mostrando il lato eversivo e il rovescio carnevalesco <img loading=\"lazy\" decoding=\"async\" class=\" wp-image-53356 alignleft\" src=\"https:\/\/www.rassegnastampa-totustuus.it\/cattolica\/wp-content\/uploads\/2022\/01\/Trump_america_usa-300x155.jpg\" alt=\"\" width=\"335\" height=\"173\" srcset=\"https:\/\/www.rassegnastampa-totustuus.it\/cattolica\/wp-content\/uploads\/2022\/01\/Trump_america_usa-300x155.jpg 300w, https:\/\/www.rassegnastampa-totustuus.it\/cattolica\/wp-content\/uploads\/2022\/01\/Trump_america_usa.jpg 330w\" sizes=\"auto, (max-width: 335px) 100vw, 335px\" \/>della sua parte; e dunque va ricordato come la stupida caricatura del trumpismo che d\u00e0 manforte ai suoi nemici e detrattori, presentandosi al peggio.<\/p>\n<p>L&#8217;assalto al Congresso fu il canto del cigno del populismo antipolitico, uno spettacolo che se l&#8217;avesse organizzato Biden o il mondo a lui affine, non sarebbe riuscito meglio a loro vantaggio: perch\u00e9 serv\u00ec solo a fugare ombre e dubbi sull&#8217;avvicendamento alla Casa Bianca avvalorando la bont\u00e0 del cambio. II pi\u00f9 efficace sponsor del vacillante Biden appena insediato fu quel presunto, colorito Sciamano che, se non fosse esistito, avrebbero dovuto inventarlo per screditare ogni pretesa trump\u00ecana e il suo mondo di sostenitori.<\/p>\n<p><img loading=\"lazy\" decoding=\"async\" class=\"wp-image-46569 alignright\" src=\"https:\/\/www.rassegnastampa-totustuus.it\/cattolica\/wp-content\/uploads\/2020\/03\/corova_virus.jpg\" alt=\"\" width=\"349\" height=\"196\" \/>Ma a noi quella vicenda preme soprattutto per il risvolto che ha avuto sulla scena globale: segn\u00f2 la perdita di un&#8217;alternativa al mondo in cui siamo.<\/p>\n<p>Il vero alleato di Biden e il vero generale che sconf\u00ecsse Trump, fu il Virus; anche se oggi rischia di ritorcersi contro l&#8217;inquilino presente alla Casa Bianca, che non \u00e8 riuscito a combatterlo efficacemente.<\/p>\n<p>Ma la sconf\u00ectta di Trump e l&#8217;avvento del Covid, che da un biennio comanda sui destini del pianeta, coi loro annessi sanitari, hanno fermato ogni speranza di svolta populista e sovranista, riducendo qualsiasi forma di opposizione all&#8217;establishment mondiale a una serie di focolai locali non in grado di espandersi oltre i propri confini.<\/p>\n<p><img loading=\"lazy\" decoding=\"async\" class=\" wp-image-40396 alignleft\" src=\"https:\/\/www.rassegnastampa-totustuus.it\/cattolica\/wp-content\/uploads\/2018\/05\/Di-Maio_Salvini.jpg\" alt=\"\" width=\"303\" height=\"217\" \/>Di quel travaglio, la rappresentazione pi\u00f9 vistosa in Italia \u00e8 il tormentoso affanno della Lega che si \u00e8 pratica\u00admente dimezzata nei sondaggi nel giro di un biennio e non trova ancora una rotta sicura e vincente, risultando alla fine n\u00e9 di lotta n\u00e9 di governo.<\/p>\n<p>Oscilla tra integrazione nel sistema politico o meglio nel sistema solare draghiano, con gravi perdite di consensi con fronda interna e scarsa capacit\u00e0 di manovra, da una parte e dall\u2019altra, il rischio di eclissarsi all&#8217;ombra della Meloni apparendone la versione meno coerente, meno convincente.<\/p>\n<p>Dall&#8217;altra parte \u00e8 vero che nessuna forza politica in fondo se la passa bene, e tutti sono appesi a tenui fili che passano dall&#8217;elezione al Quirinale al rinnovo di Palazzo Chigi. Peggio di tutti, ma ormai \u00e8 un dato costante, stanno i grillini che sbandano paurosamente e assumono posizioni diversificate e sempre incoerenti rispetto al giorno prima, prive di una logica se non quella di salvare la pelle e durare il pi\u00f9 a lungo possibile senza andare al voto.<\/p>\n<p><img loading=\"lazy\" decoding=\"async\" class=\" wp-image-46717 alignright\" src=\"https:\/\/www.rassegnastampa-totustuus.it\/cattolica\/wp-content\/uploads\/2020\/03\/europa_sinistra_Pd-300x169.jpg\" alt=\"\" width=\"327\" height=\"184\" srcset=\"https:\/\/www.rassegnastampa-totustuus.it\/cattolica\/wp-content\/uploads\/2020\/03\/europa_sinistra_Pd-300x169.jpg 300w, https:\/\/www.rassegnastampa-totustuus.it\/cattolica\/wp-content\/uploads\/2020\/03\/europa_sinistra_Pd-768x432.jpg 768w, https:\/\/www.rassegnastampa-totustuus.it\/cattolica\/wp-content\/uploads\/2020\/03\/europa_sinistra_Pd-1024x576.jpg 1024w, https:\/\/www.rassegnastampa-totustuus.it\/cattolica\/wp-content\/uploads\/2020\/03\/europa_sinistra_Pd.jpg 1920w\" sizes=\"auto, (max-width: 327px) 100vw, 327px\" \/>Ma bene non stanno neanche gli altri: i <em>dem<\/em> non trovano un decente equilibrio tra l&#8217;essere il partito dell&#8217;Europa e l&#8217;alleato strategico ora della Lega ora di Fratelli d&#8217;Italia o di Berlusconi. Si \u00e8 arrestata la crescita della Meloni, si \u00e8 appannato suo ruolo di antagonista, a bagnomaria da troppo tempo, e rischia molto nella partita del Quirinale \u2026<\/p>\n<p>Ma non \u00e8 la geografia variabile della politica che ci interessa. Bens\u00ec quel tema di fondo, pi\u00f9 generale. \u00c8 possibile ancora pensare a qualcosa di diverso, di alternativo, a livello europeo e italiano, nonostante la rimozione forzata di Trump, pur vagheggiando un suo eventuale ritorno fra. tre anni?<\/p>\n<p><img loading=\"lazy\" decoding=\"async\" class=\" wp-image-45382 alignleft\" src=\"https:\/\/www.rassegnastampa-totustuus.it\/cattolica\/wp-content\/uploads\/2019\/12\/Merkel_Macron.jpg\" alt=\"\" width=\"319\" height=\"214\" \/>Le elezioni in Francia non sembrano offrire spazi per una svolta, l&#8217;ammucchiata tedesca post-Merkel preclude questi spazi; il governo di centrosinistra \u00e8 la sola formula di governo autorizzata dalla Commissione europea e dal Sistema tecno-finanziario. E non consente variazioni, se non periferiche (Ungheria, Polonia, pur accerchiate e attaccate periodicamente).<\/p>\n<p>Da qui, si comprende la difficolt\u00e0 enorme di pensare un&#8217;altra politica, di figurare una svolta; e la necessit\u00e0 di ripiegare su un&#8217;opposizione sociale, civile, culturale, a mezzo stampa, social e iniziative di base.<\/p>\n<p>Non vi piace sentirvelo dire? Allora vedete i cartoni animati.<\/p>\n<p>________________________________________________<\/p>\n<p><strong>Leggi anche:<\/strong><\/p>\n<p><strong><img loading=\"lazy\" decoding=\"async\" class=\" wp-image-53355 alignleft\" src=\"https:\/\/www.rassegnastampa-totustuus.it\/cattolica\/wp-content\/uploads\/2022\/01\/Renzi_Pd_cina.jpg\" alt=\"\" width=\"293\" height=\"231\" \/><a href=\"https:\/\/www.laverita.info\/\" target=\"_blank\" rel=\"noopener\">La Verit\u00e0<\/a><\/strong> del 7 gennaio 2021<\/p>\n<p><em>\u00c8 scomparsa la possibilit\u00e0 di immaginare un mondo diverso da quello dominato dalle forze liberal. Lo si vede bene in Italia e in Europa, dove le opposizioni faticano ad opporsi all&#8217;establishment<\/em><\/p>\n<p>di<strong> Marcello Veneziani<\/strong><\/p>\n<p><!--more--><\/p>\n<p>Sipu\u00f2 avere qualunque giudizio su Donald Trump, anche pessimo, o di antipatia a pelle per lo stile e l&#8217;uomo, ma si deve riconoscere una cosa; a Trump era affidata la speranza di rovesciare l&#8217;Assetto Globale, o quantomeno di dimostrare che era possibile un altro corso. Da quando, un anno fa, si \u00e8 persa quell&#8217;alternativa, quell&#8217;altra possibilit\u00e0, il mondo occidentale si \u00e8 incupito sotto un dominio sanitario, globalista e tendenzialmente filocinese che non concede scampo n\u00e9 variazioni di percorso.<\/p>\n<p><img loading=\"lazy\" decoding=\"async\" class=\" wp-image-39536 alignright\" src=\"https:\/\/www.rassegnastampa-totustuus.it\/cattolica\/wp-content\/uploads\/2018\/01\/Donald_Trump.jpg\" alt=\"\" width=\"300\" height=\"225\" \/>Trump non fuoriusciva dai miti e dagli stereotipi americani e soprattutto non fuorusciva da certo capitalismo e dalla sua volont\u00e0 di potenza; ma rimetteva in discussione la religione planetaria del <em>politically correct<\/em>, rifiutava di appiattirsi sotto la globalizzazione, riprendeva temi come la protezione dell&#8217;economia e la preferenza nazionale, rimetteva in piedi temi che vagamente riflettevano i principi conservatori, a partire da quelli che vengono solitamente riassunti in Dio, patria e famiglia.<\/p>\n<p>L&#8217;assalto della Befana nello scorso anno fu il modo per liquidare Trump e la sua rivendicazione sui brogli, mostrando il lato eversivo e il rovescio carnevalesco <img loading=\"lazy\" decoding=\"async\" class=\" wp-image-53356 alignleft\" src=\"https:\/\/www.rassegnastampa-totustuus.it\/cattolica\/wp-content\/uploads\/2022\/01\/Trump_america_usa-300x155.jpg\" alt=\"\" width=\"335\" height=\"173\" srcset=\"https:\/\/www.rassegnastampa-totustuus.it\/cattolica\/wp-content\/uploads\/2022\/01\/Trump_america_usa-300x155.jpg 300w, https:\/\/www.rassegnastampa-totustuus.it\/cattolica\/wp-content\/uploads\/2022\/01\/Trump_america_usa.jpg 330w\" sizes=\"auto, (max-width: 335px) 100vw, 335px\" \/>della sua parte; e dunque va ricordato come la stupida caricatura del trumpismo che d\u00e0 manforte ai suoi nemici e detrattori, presentandosi al peggio.<\/p>\n<p>L&#8217;assalto al Congresso fu il canto del cigno del populismo antipolitico, uno spettacolo che se l&#8217;avesse organizzato Biden o il mondo a lui affine, non sarebbe riuscito meglio a loro vantaggio: perch\u00e9 serv\u00ec solo a fugare ombre e dubbi sull&#8217;avvicendamento alla Casa Bianca avvalorando la bont\u00e0 del cambio. II pi\u00f9 efficace sponsor del vacillante Biden appena insediato fu quel presunto, colorito Sciamano che, se non fosse esistito, avrebbero dovuto inventarlo per screditare ogni pretesa trump\u00ecana e il suo mondo di sostenitori.<\/p>\n<p><img loading=\"lazy\" decoding=\"async\" class=\"wp-image-46569 alignright\" src=\"https:\/\/www.rassegnastampa-totustuus.it\/cattolica\/wp-content\/uploads\/2020\/03\/corova_virus.jpg\" alt=\"\" width=\"349\" height=\"196\" \/>Ma a noi quella vicenda preme soprattutto per il risvolto che ha avuto sulla scena globale: segn\u00f2 la perdita di un&#8217;alternativa al mondo in cui siamo.<\/p>\n<p>Il vero alleato di Biden e il vero generale che sconf\u00ecsse Trump, fu il Virus; anche se oggi rischia di ritorcersi contro l&#8217;inquilino presente alla Casa Bianca, che non \u00e8 riuscito a combatterlo efficacemente.<\/p>\n<p>Ma la sconf\u00ectta di Trump e l&#8217;avvento del Covid, che da un biennio comanda sui destini del pianeta, coi loro annessi sanitari, hanno fermato ogni speranza di svolta populista e sovranista, riducendo qualsiasi forma di opposizione all&#8217;establishment mondiale a una serie di focolai locali non in grado di espandersi oltre i propri confini.<\/p>\n<p><img loading=\"lazy\" decoding=\"async\" class=\" wp-image-40396 alignleft\" src=\"https:\/\/www.rassegnastampa-totustuus.it\/cattolica\/wp-content\/uploads\/2018\/05\/Di-Maio_Salvini.jpg\" alt=\"\" width=\"303\" height=\"217\" \/>Di quel travaglio, la rappresentazione pi\u00f9 vistosa in Italia \u00e8 il tormentoso affanno della Lega che si \u00e8 pratica\u00admente dimezzata nei sondaggi nel giro di un biennio e non trova ancora una rotta sicura e vincente, risultando alla fine n\u00e9 di lotta n\u00e9 di governo.<\/p>\n<p>Oscilla tra integrazione nel sistema politico o meglio nel sistema solare draghiano, con gravi perdite di consensi con fronda interna e scarsa capacit\u00e0 di manovra, da una parte e dall\u2019altra, il rischio di eclissarsi all&#8217;ombra della Meloni apparendone la versione meno coerente, meno convincente.<\/p>\n<p>Dall&#8217;altra parte \u00e8 vero che nessuna forza politica in fondo se la passa bene, e tutti sono appesi a tenui fili che passano dall&#8217;elezione al Quirinale al rinnovo di Palazzo Chigi. Peggio di tutti, ma ormai \u00e8 un dato costante, stanno i grillini che sbandano paurosamente e assumono posizioni diversificate e sempre incoerenti rispetto al giorno prima, prive di una logica se non quella di salvare la pelle e durare il pi\u00f9 a lungo possibile senza andare al voto.<\/p>\n<p><img loading=\"lazy\" decoding=\"async\" class=\" wp-image-46717 alignright\" src=\"https:\/\/www.rassegnastampa-totustuus.it\/cattolica\/wp-content\/uploads\/2020\/03\/europa_sinistra_Pd-300x169.jpg\" alt=\"\" width=\"327\" height=\"184\" srcset=\"https:\/\/www.rassegnastampa-totustuus.it\/cattolica\/wp-content\/uploads\/2020\/03\/europa_sinistra_Pd-300x169.jpg 300w, https:\/\/www.rassegnastampa-totustuus.it\/cattolica\/wp-content\/uploads\/2020\/03\/europa_sinistra_Pd-768x432.jpg 768w, https:\/\/www.rassegnastampa-totustuus.it\/cattolica\/wp-content\/uploads\/2020\/03\/europa_sinistra_Pd-1024x576.jpg 1024w, https:\/\/www.rassegnastampa-totustuus.it\/cattolica\/wp-content\/uploads\/2020\/03\/europa_sinistra_Pd.jpg 1920w\" sizes=\"auto, (max-width: 327px) 100vw, 327px\" \/>Ma bene non stanno neanche gli altri: i <em>dem<\/em> non trovano un decente equilibrio tra l&#8217;essere il partito dell&#8217;Europa e l&#8217;alleato strategico ora della Lega ora di Fratelli d&#8217;Italia o di Berlusconi. Si \u00e8 arrestata la crescita della Meloni, si \u00e8 appannato suo ruolo di antagonista, a bagnomaria da troppo tempo, e rischia molto nella partita del Quirinale \u2026<\/p>\n<p>Ma non \u00e8 la geografia variabile della politica che ci interessa. Bens\u00ec quel tema di fondo, pi\u00f9 generale. \u00c8 possibile ancora pensare a qualcosa di diverso, di alternativo, a livello europeo e italiano, nonostante la rimozione forzata di Trump, pur vagheggiando un suo eventuale ritorno fra. tre anni?<\/p>\n<p><img loading=\"lazy\" decoding=\"async\" class=\" wp-image-45382 alignleft\" src=\"https:\/\/www.rassegnastampa-totustuus.it\/cattolica\/wp-content\/uploads\/2019\/12\/Merkel_Macron.jpg\" alt=\"\" width=\"319\" height=\"214\" \/>Le elezioni in Francia non sembrano offrire spazi per una svolta, l&#8217;ammucchiata tedesca post-Merkel preclude questi spazi; il governo di centrosinistra \u00e8 la sola formula di governo autorizzata dalla Commissione europea e dal Sistema tecno-finanziario. E non consente variazioni, se non periferiche (Ungheria, Polonia, pur accerchiate e attaccate periodicamente).<\/p>\n<p>Da qui, si comprende la difficolt\u00e0 enorme di pensare un&#8217;altra politica, di figurare una svolta; e la necessit\u00e0 di ripiegare su un&#8217;opposizione sociale, civile, culturale, a mezzo stampa, social e iniziative di base.<\/p>\n<p>Non vi piace sentirvelo dire? Allora vedete i cartoni animati.<\/p>\n<p>________________________________________________<\/p>\n<p><strong>Leggi anche:<\/strong><\/p>\n<p><a href=\"https:\/\/www.rassegnastampa-totustuus.it\/cattolica\/cina-parlamentari-italiani-agli-ordini-del-dragone-il-dossier-esplosivo-con-tanto-di-nomi\/\" target=\"_blank\" rel=\"noopener\"><span style=\"color: #0000ff;\">Cina, \u201cparlamentari italiani agli ordini del Dragone\u201d: il dossier esplosivo con tanto di nomi<\/span><\/a><\/p>\n","protected":false},"excerpt":{"rendered":"<p>La Verit\u00e0 del 7 gennaio 2021 \u00c8 scomparsa la possibilit\u00e0 di immaginare un mondo diverso da quello dominato dalle forze liberal. Lo si vede bene in Italia e in Europa, dove le opposizioni faticano ad opporsi all&#8217;establishment di Marcello Veneziani<\/p><p><a class=\"more-link btn\" href=\"https:\/\/www.rassegnastampa-totustuus.it\/cattolica\/non-ce-piu-unalternativa-ai-governi-progressisti-e-filocinesi\/\">Continua a leggere<\/a><\/p>\n","protected":false},"author":6,"featured_media":48770,"comment_status":"closed","ping_status":"closed","sticky":false,"template":"","format":"standard","meta":{"footnotes":""},"categories":[19,20],"tags":[648,148,297,286,1223],"class_list":["post-53354","post","type-post","status-publish","format-standard","has-post-thumbnail","hentry","category-politica-internazionale","category-politica-nazionale","tag-globalizzazione","tag-politica-internazionale-2","tag-politica-nazionale-2","tag-progressismo","tag-sinistra","item-wrap"],"yoast_head":"<!-- This site is optimized with the Yoast SEO plugin v27.5 - https:\/\/yoast.com\/product\/yoast-seo-wordpress\/ -->\n<title>Non c&#039;\u00e8 pi\u00f9 un\u2019alternativa ai governi progressisti e filocinesi - Rassegna Stampa Cattolica<\/title>\n<meta name=\"description\" content=\"Non c&#039;\u00e8 pi\u00f9 un\u2019alternativa ai governi progressisti e filocinesi. Non c&#039;\u00e8 modo di immaginare un mondo diverso da quello dominato dai liberal.\" \/>\n<meta name=\"robots\" content=\"index, follow, max-snippet:-1, max-image-preview:large, max-video-preview:-1\" \/>\n<link rel=\"canonical\" href=\"https:\/\/www.rassegnastampa-totustuus.it\/cattolica\/non-ce-piu-unalternativa-ai-governi-progressisti-e-filocinesi\/\" \/>\n<meta property=\"og:locale\" content=\"it_IT\" \/>\n<meta property=\"og:type\" content=\"article\" \/>\n<meta property=\"og:title\" content=\"Non c&#039;\u00e8 pi\u00f9 un\u2019alternativa ai governi progressisti e filocinesi - Rassegna Stampa Cattolica\" \/>\n<meta property=\"og:description\" content=\"Non c&#039;\u00e8 pi\u00f9 un\u2019alternativa ai governi progressisti e filocinesi. Non c&#039;\u00e8 modo di immaginare un mondo diverso da quello dominato dai liberal.\" \/>\n<meta property=\"og:url\" content=\"https:\/\/www.rassegnastampa-totustuus.it\/cattolica\/non-ce-piu-unalternativa-ai-governi-progressisti-e-filocinesi\/\" \/>\n<meta property=\"og:site_name\" content=\"Rassegna Stampa Cattolica\" \/>\n<meta property=\"article:publisher\" content=\"https:\/\/www.facebook.com\/rassegnastampacattolica\" \/>\n<meta property=\"article:published_time\" content=\"2022-01-12T23:00:25+00:00\" \/>\n<meta property=\"article:modified_time\" content=\"2024-07-03T09:24:07+00:00\" \/>\n<meta property=\"og:image\" content=\"https:\/\/www.rassegnastampa-totustuus.it\/cattolica\/wp-content\/uploads\/2020\/10\/comunismo_sinistra.jpg\" \/>\n\t<meta property=\"og:image:width\" content=\"1280\" \/>\n\t<meta property=\"og:image:height\" content=\"856\" \/>\n\t<meta property=\"og:image:type\" content=\"image\/jpeg\" \/>\n<meta name=\"author\" content=\"Redazione\" \/>\n<meta name=\"twitter:card\" content=\"summary_large_image\" \/>\n<meta name=\"twitter:creator\" content=\"@rassegnastampa9\" \/>\n<meta name=\"twitter:site\" content=\"@rassegnastampa9\" \/>\n<meta name=\"twitter:label1\" content=\"Scritto da\" \/>\n\t<meta name=\"twitter:data1\" content=\"Redazione\" \/>\n\t<meta name=\"twitter:label2\" content=\"Tempo di lettura stimato\" \/>\n\t<meta name=\"twitter:data2\" content=\"18 minuti\" \/>\n<script type=\"application\/ld+json\" class=\"yoast-schema-graph\">{\"@context\":\"https:\\\/\\\/schema.org\",\"@graph\":[{\"@type\":\"Article\",\"@id\":\"https:\\\/\\\/www.rassegnastampa-totustuus.it\\\/cattolica\\\/non-ce-piu-unalternativa-ai-governi-progressisti-e-filocinesi\\\/#article\",\"isPartOf\":{\"@id\":\"https:\\\/\\\/www.rassegnastampa-totustuus.it\\\/cattolica\\\/non-ce-piu-unalternativa-ai-governi-progressisti-e-filocinesi\\\/\"},\"author\":{\"name\":\"Redazione\",\"@id\":\"https:\\\/\\\/www.rassegnastampa-totustuus.it\\\/cattolica\\\/#\\\/schema\\\/person\\\/08f319d2bd1a0904ad9e2bfb7b15e5c3\"},\"headline\":\"Non c&#8217;\u00e8 pi\u00f9 un\u2019alternativa ai governi progressisti e filocinesi\",\"datePublished\":\"2022-01-12T23:00:25+00:00\",\"dateModified\":\"2024-07-03T09:24:07+00:00\",\"mainEntityOfPage\":{\"@id\":\"https:\\\/\\\/www.rassegnastampa-totustuus.it\\\/cattolica\\\/non-ce-piu-unalternativa-ai-governi-progressisti-e-filocinesi\\\/\"},\"wordCount\":2469,\"publisher\":{\"@id\":\"https:\\\/\\\/www.rassegnastampa-totustuus.it\\\/cattolica\\\/#organization\"},\"image\":{\"@id\":\"https:\\\/\\\/www.rassegnastampa-totustuus.it\\\/cattolica\\\/non-ce-piu-unalternativa-ai-governi-progressisti-e-filocinesi\\\/#primaryimage\"},\"thumbnailUrl\":\"https:\\\/\\\/www.rassegnastampa-totustuus.it\\\/cattolica\\\/wp-content\\\/uploads\\\/2020\\\/10\\\/comunismo_sinistra.jpg\",\"keywords\":[\"globalizzazione\",\"politica internazionale\",\"politica nazionale\",\"progressismo\",\"sinistra\"],\"articleSection\":[\"Politica internazionale\",\"Politica nazionale\"],\"inLanguage\":\"it-IT\"},{\"@type\":\"WebPage\",\"@id\":\"https:\\\/\\\/www.rassegnastampa-totustuus.it\\\/cattolica\\\/non-ce-piu-unalternativa-ai-governi-progressisti-e-filocinesi\\\/\",\"url\":\"https:\\\/\\\/www.rassegnastampa-totustuus.it\\\/cattolica\\\/non-ce-piu-unalternativa-ai-governi-progressisti-e-filocinesi\\\/\",\"name\":\"Non c'\u00e8 pi\u00f9 un\u2019alternativa ai governi progressisti e filocinesi - Rassegna Stampa Cattolica\",\"isPartOf\":{\"@id\":\"https:\\\/\\\/www.rassegnastampa-totustuus.it\\\/cattolica\\\/#website\"},\"primaryImageOfPage\":{\"@id\":\"https:\\\/\\\/www.rassegnastampa-totustuus.it\\\/cattolica\\\/non-ce-piu-unalternativa-ai-governi-progressisti-e-filocinesi\\\/#primaryimage\"},\"image\":{\"@id\":\"https:\\\/\\\/www.rassegnastampa-totustuus.it\\\/cattolica\\\/non-ce-piu-unalternativa-ai-governi-progressisti-e-filocinesi\\\/#primaryimage\"},\"thumbnailUrl\":\"https:\\\/\\\/www.rassegnastampa-totustuus.it\\\/cattolica\\\/wp-content\\\/uploads\\\/2020\\\/10\\\/comunismo_sinistra.jpg\",\"datePublished\":\"2022-01-12T23:00:25+00:00\",\"dateModified\":\"2024-07-03T09:24:07+00:00\",\"description\":\"Non c'\u00e8 pi\u00f9 un\u2019alternativa ai governi progressisti e filocinesi. Non c'\u00e8 modo di immaginare un mondo diverso da quello dominato dai liberal.\",\"breadcrumb\":{\"@id\":\"https:\\\/\\\/www.rassegnastampa-totustuus.it\\\/cattolica\\\/non-ce-piu-unalternativa-ai-governi-progressisti-e-filocinesi\\\/#breadcrumb\"},\"inLanguage\":\"it-IT\",\"potentialAction\":[{\"@type\":\"ReadAction\",\"target\":[\"https:\\\/\\\/www.rassegnastampa-totustuus.it\\\/cattolica\\\/non-ce-piu-unalternativa-ai-governi-progressisti-e-filocinesi\\\/\"]}]},{\"@type\":\"ImageObject\",\"inLanguage\":\"it-IT\",\"@id\":\"https:\\\/\\\/www.rassegnastampa-totustuus.it\\\/cattolica\\\/non-ce-piu-unalternativa-ai-governi-progressisti-e-filocinesi\\\/#primaryimage\",\"url\":\"https:\\\/\\\/www.rassegnastampa-totustuus.it\\\/cattolica\\\/wp-content\\\/uploads\\\/2020\\\/10\\\/comunismo_sinistra.jpg\",\"contentUrl\":\"https:\\\/\\\/www.rassegnastampa-totustuus.it\\\/cattolica\\\/wp-content\\\/uploads\\\/2020\\\/10\\\/comunismo_sinistra.jpg\",\"width\":1280,\"height\":856},{\"@type\":\"BreadcrumbList\",\"@id\":\"https:\\\/\\\/www.rassegnastampa-totustuus.it\\\/cattolica\\\/non-ce-piu-unalternativa-ai-governi-progressisti-e-filocinesi\\\/#breadcrumb\",\"itemListElement\":[{\"@type\":\"ListItem\",\"position\":1,\"name\":\"Home\",\"item\":\"https:\\\/\\\/www.rassegnastampa-totustuus.it\\\/cattolica\\\/\"},{\"@type\":\"ListItem\",\"position\":2,\"name\":\"Non c&#8217;\u00e8 pi\u00f9 un\u2019alternativa ai governi progressisti e filocinesi\"}]},{\"@type\":\"WebSite\",\"@id\":\"https:\\\/\\\/www.rassegnastampa-totustuus.it\\\/cattolica\\\/#website\",\"url\":\"https:\\\/\\\/www.rassegnastampa-totustuus.it\\\/cattolica\\\/\",\"name\":\"Rassegna Stampa Cattolica\",\"description\":\"Per una cultura che nasce dalla Rivelazione cristiana in conformit\u00e0 alla tradizione e al Magistero della Chiesa in opposizione ad ogni relativismo e totalitarismo\",\"publisher\":{\"@id\":\"https:\\\/\\\/www.rassegnastampa-totustuus.it\\\/cattolica\\\/#organization\"},\"alternateName\":\"Rass. Cattolica\",\"potentialAction\":[{\"@type\":\"SearchAction\",\"target\":{\"@type\":\"EntryPoint\",\"urlTemplate\":\"https:\\\/\\\/www.rassegnastampa-totustuus.it\\\/cattolica\\\/?s={search_term_string}\"},\"query-input\":{\"@type\":\"PropertyValueSpecification\",\"valueRequired\":true,\"valueName\":\"search_term_string\"}}],\"inLanguage\":\"it-IT\"},{\"@type\":\"Organization\",\"@id\":\"https:\\\/\\\/www.rassegnastampa-totustuus.it\\\/cattolica\\\/#organization\",\"name\":\"Rassegna Stampa Cattolica\",\"url\":\"https:\\\/\\\/www.rassegnastampa-totustuus.it\\\/cattolica\\\/\",\"logo\":{\"@type\":\"ImageObject\",\"inLanguage\":\"it-IT\",\"@id\":\"https:\\\/\\\/www.rassegnastampa-totustuus.it\\\/cattolica\\\/#\\\/schema\\\/logo\\\/image\\\/\",\"url\":\"https:\\\/\\\/www.rassegnastampa-totustuus.it\\\/cattolica\\\/wp-content\\\/uploads\\\/2014\\\/04\\\/logo-rassegna1.gif\",\"contentUrl\":\"https:\\\/\\\/www.rassegnastampa-totustuus.it\\\/cattolica\\\/wp-content\\\/uploads\\\/2014\\\/04\\\/logo-rassegna1.gif\",\"width\":600,\"height\":163,\"caption\":\"Rassegna Stampa Cattolica\"},\"image\":{\"@id\":\"https:\\\/\\\/www.rassegnastampa-totustuus.it\\\/cattolica\\\/#\\\/schema\\\/logo\\\/image\\\/\"},\"sameAs\":[\"https:\\\/\\\/www.facebook.com\\\/rassegnastampacattolica\",\"https:\\\/\\\/x.com\\\/rassegnastampa9\"]},{\"@type\":\"Person\",\"@id\":\"https:\\\/\\\/www.rassegnastampa-totustuus.it\\\/cattolica\\\/#\\\/schema\\\/person\\\/08f319d2bd1a0904ad9e2bfb7b15e5c3\",\"name\":\"Redazione\",\"image\":{\"@type\":\"ImageObject\",\"inLanguage\":\"it-IT\",\"@id\":\"https:\\\/\\\/secure.gravatar.com\\\/avatar\\\/2fcdf27c78ea025fbdb44e914cc63c72249ffec9dc8aafd5c82b26240ef3f346?s=96&d=mm&r=g\",\"url\":\"https:\\\/\\\/secure.gravatar.com\\\/avatar\\\/2fcdf27c78ea025fbdb44e914cc63c72249ffec9dc8aafd5c82b26240ef3f346?s=96&d=mm&r=g\",\"contentUrl\":\"https:\\\/\\\/secure.gravatar.com\\\/avatar\\\/2fcdf27c78ea025fbdb44e914cc63c72249ffec9dc8aafd5c82b26240ef3f346?s=96&d=mm&r=g\",\"caption\":\"Redazione\"},\"url\":\"https:\\\/\\\/www.rassegnastampa-totustuus.it\\\/cattolica\\\/author\\\/pietroelle\\\/\"}]}<\/script>\n<!-- \/ Yoast SEO plugin. -->","yoast_head_json":{"title":"Non c'\u00e8 pi\u00f9 un\u2019alternativa ai governi progressisti e filocinesi - Rassegna Stampa Cattolica","description":"Non c'\u00e8 pi\u00f9 un\u2019alternativa ai governi progressisti e filocinesi. Non c'\u00e8 modo di immaginare un mondo diverso da quello dominato dai liberal.","robots":{"index":"index","follow":"follow","max-snippet":"max-snippet:-1","max-image-preview":"max-image-preview:large","max-video-preview":"max-video-preview:-1"},"canonical":"https:\/\/www.rassegnastampa-totustuus.it\/cattolica\/non-ce-piu-unalternativa-ai-governi-progressisti-e-filocinesi\/","og_locale":"it_IT","og_type":"article","og_title":"Non c'\u00e8 pi\u00f9 un\u2019alternativa ai governi progressisti e filocinesi - Rassegna Stampa Cattolica","og_description":"Non c'\u00e8 pi\u00f9 un\u2019alternativa ai governi progressisti e filocinesi. Non c'\u00e8 modo di immaginare un mondo diverso da quello dominato dai liberal.","og_url":"https:\/\/www.rassegnastampa-totustuus.it\/cattolica\/non-ce-piu-unalternativa-ai-governi-progressisti-e-filocinesi\/","og_site_name":"Rassegna Stampa Cattolica","article_publisher":"https:\/\/www.facebook.com\/rassegnastampacattolica","article_published_time":"2022-01-12T23:00:25+00:00","article_modified_time":"2024-07-03T09:24:07+00:00","og_image":[{"width":1280,"height":856,"url":"https:\/\/www.rassegnastampa-totustuus.it\/cattolica\/wp-content\/uploads\/2020\/10\/comunismo_sinistra.jpg","type":"image\/jpeg"}],"author":"Redazione","twitter_card":"summary_large_image","twitter_creator":"@rassegnastampa9","twitter_site":"@rassegnastampa9","twitter_misc":{"Scritto da":"Redazione","Tempo di lettura stimato":"18 minuti"},"schema":{"@context":"https:\/\/schema.org","@graph":[{"@type":"Article","@id":"https:\/\/www.rassegnastampa-totustuus.it\/cattolica\/non-ce-piu-unalternativa-ai-governi-progressisti-e-filocinesi\/#article","isPartOf":{"@id":"https:\/\/www.rassegnastampa-totustuus.it\/cattolica\/non-ce-piu-unalternativa-ai-governi-progressisti-e-filocinesi\/"},"author":{"name":"Redazione","@id":"https:\/\/www.rassegnastampa-totustuus.it\/cattolica\/#\/schema\/person\/08f319d2bd1a0904ad9e2bfb7b15e5c3"},"headline":"Non c&#8217;\u00e8 pi\u00f9 un\u2019alternativa ai governi progressisti e filocinesi","datePublished":"2022-01-12T23:00:25+00:00","dateModified":"2024-07-03T09:24:07+00:00","mainEntityOfPage":{"@id":"https:\/\/www.rassegnastampa-totustuus.it\/cattolica\/non-ce-piu-unalternativa-ai-governi-progressisti-e-filocinesi\/"},"wordCount":2469,"publisher":{"@id":"https:\/\/www.rassegnastampa-totustuus.it\/cattolica\/#organization"},"image":{"@id":"https:\/\/www.rassegnastampa-totustuus.it\/cattolica\/non-ce-piu-unalternativa-ai-governi-progressisti-e-filocinesi\/#primaryimage"},"thumbnailUrl":"https:\/\/www.rassegnastampa-totustuus.it\/cattolica\/wp-content\/uploads\/2020\/10\/comunismo_sinistra.jpg","keywords":["globalizzazione","politica internazionale","politica nazionale","progressismo","sinistra"],"articleSection":["Politica internazionale","Politica nazionale"],"inLanguage":"it-IT"},{"@type":"WebPage","@id":"https:\/\/www.rassegnastampa-totustuus.it\/cattolica\/non-ce-piu-unalternativa-ai-governi-progressisti-e-filocinesi\/","url":"https:\/\/www.rassegnastampa-totustuus.it\/cattolica\/non-ce-piu-unalternativa-ai-governi-progressisti-e-filocinesi\/","name":"Non c'\u00e8 pi\u00f9 un\u2019alternativa ai governi progressisti e filocinesi - Rassegna Stampa Cattolica","isPartOf":{"@id":"https:\/\/www.rassegnastampa-totustuus.it\/cattolica\/#website"},"primaryImageOfPage":{"@id":"https:\/\/www.rassegnastampa-totustuus.it\/cattolica\/non-ce-piu-unalternativa-ai-governi-progressisti-e-filocinesi\/#primaryimage"},"image":{"@id":"https:\/\/www.rassegnastampa-totustuus.it\/cattolica\/non-ce-piu-unalternativa-ai-governi-progressisti-e-filocinesi\/#primaryimage"},"thumbnailUrl":"https:\/\/www.rassegnastampa-totustuus.it\/cattolica\/wp-content\/uploads\/2020\/10\/comunismo_sinistra.jpg","datePublished":"2022-01-12T23:00:25+00:00","dateModified":"2024-07-03T09:24:07+00:00","description":"Non c'\u00e8 pi\u00f9 un\u2019alternativa ai governi progressisti e filocinesi. Non c'\u00e8 modo di immaginare un mondo diverso da quello dominato dai liberal.","breadcrumb":{"@id":"https:\/\/www.rassegnastampa-totustuus.it\/cattolica\/non-ce-piu-unalternativa-ai-governi-progressisti-e-filocinesi\/#breadcrumb"},"inLanguage":"it-IT","potentialAction":[{"@type":"ReadAction","target":["https:\/\/www.rassegnastampa-totustuus.it\/cattolica\/non-ce-piu-unalternativa-ai-governi-progressisti-e-filocinesi\/"]}]},{"@type":"ImageObject","inLanguage":"it-IT","@id":"https:\/\/www.rassegnastampa-totustuus.it\/cattolica\/non-ce-piu-unalternativa-ai-governi-progressisti-e-filocinesi\/#primaryimage","url":"https:\/\/www.rassegnastampa-totustuus.it\/cattolica\/wp-content\/uploads\/2020\/10\/comunismo_sinistra.jpg","contentUrl":"https:\/\/www.rassegnastampa-totustuus.it\/cattolica\/wp-content\/uploads\/2020\/10\/comunismo_sinistra.jpg","width":1280,"height":856},{"@type":"BreadcrumbList","@id":"https:\/\/www.rassegnastampa-totustuus.it\/cattolica\/non-ce-piu-unalternativa-ai-governi-progressisti-e-filocinesi\/#breadcrumb","itemListElement":[{"@type":"ListItem","position":1,"name":"Home","item":"https:\/\/www.rassegnastampa-totustuus.it\/cattolica\/"},{"@type":"ListItem","position":2,"name":"Non c&#8217;\u00e8 pi\u00f9 un\u2019alternativa ai governi progressisti e filocinesi"}]},{"@type":"WebSite","@id":"https:\/\/www.rassegnastampa-totustuus.it\/cattolica\/#website","url":"https:\/\/www.rassegnastampa-totustuus.it\/cattolica\/","name":"Rassegna Stampa Cattolica","description":"Per una cultura che nasce dalla Rivelazione cristiana in conformit\u00e0 alla tradizione e al Magistero della Chiesa in opposizione ad ogni relativismo e totalitarismo","publisher":{"@id":"https:\/\/www.rassegnastampa-totustuus.it\/cattolica\/#organization"},"alternateName":"Rass. Cattolica","potentialAction":[{"@type":"SearchAction","target":{"@type":"EntryPoint","urlTemplate":"https:\/\/www.rassegnastampa-totustuus.it\/cattolica\/?s={search_term_string}"},"query-input":{"@type":"PropertyValueSpecification","valueRequired":true,"valueName":"search_term_string"}}],"inLanguage":"it-IT"},{"@type":"Organization","@id":"https:\/\/www.rassegnastampa-totustuus.it\/cattolica\/#organization","name":"Rassegna Stampa Cattolica","url":"https:\/\/www.rassegnastampa-totustuus.it\/cattolica\/","logo":{"@type":"ImageObject","inLanguage":"it-IT","@id":"https:\/\/www.rassegnastampa-totustuus.it\/cattolica\/#\/schema\/logo\/image\/","url":"https:\/\/www.rassegnastampa-totustuus.it\/cattolica\/wp-content\/uploads\/2014\/04\/logo-rassegna1.gif","contentUrl":"https:\/\/www.rassegnastampa-totustuus.it\/cattolica\/wp-content\/uploads\/2014\/04\/logo-rassegna1.gif","width":600,"height":163,"caption":"Rassegna Stampa Cattolica"},"image":{"@id":"https:\/\/www.rassegnastampa-totustuus.it\/cattolica\/#\/schema\/logo\/image\/"},"sameAs":["https:\/\/www.facebook.com\/rassegnastampacattolica","https:\/\/x.com\/rassegnastampa9"]},{"@type":"Person","@id":"https:\/\/www.rassegnastampa-totustuus.it\/cattolica\/#\/schema\/person\/08f319d2bd1a0904ad9e2bfb7b15e5c3","name":"Redazione","image":{"@type":"ImageObject","inLanguage":"it-IT","@id":"https:\/\/secure.gravatar.com\/avatar\/2fcdf27c78ea025fbdb44e914cc63c72249ffec9dc8aafd5c82b26240ef3f346?s=96&d=mm&r=g","url":"https:\/\/secure.gravatar.com\/avatar\/2fcdf27c78ea025fbdb44e914cc63c72249ffec9dc8aafd5c82b26240ef3f346?s=96&d=mm&r=g","contentUrl":"https:\/\/secure.gravatar.com\/avatar\/2fcdf27c78ea025fbdb44e914cc63c72249ffec9dc8aafd5c82b26240ef3f346?s=96&d=mm&r=g","caption":"Redazione"},"url":"https:\/\/www.rassegnastampa-totustuus.it\/cattolica\/author\/pietroelle\/"}]}},"_links":{"self":[{"href":"https:\/\/www.rassegnastampa-totustuus.it\/cattolica\/wp-json\/wp\/v2\/posts\/53354","targetHints":{"allow":["GET"]}}],"collection":[{"href":"https:\/\/www.rassegnastampa-totustuus.it\/cattolica\/wp-json\/wp\/v2\/posts"}],"about":[{"href":"https:\/\/www.rassegnastampa-totustuus.it\/cattolica\/wp-json\/wp\/v2\/types\/post"}],"author":[{"embeddable":true,"href":"https:\/\/www.rassegnastampa-totustuus.it\/cattolica\/wp-json\/wp\/v2\/users\/6"}],"replies":[{"embeddable":true,"href":"https:\/\/www.rassegnastampa-totustuus.it\/cattolica\/wp-json\/wp\/v2\/comments?post=53354"}],"version-history":[{"count":2,"href":"https:\/\/www.rassegnastampa-totustuus.it\/cattolica\/wp-json\/wp\/v2\/posts\/53354\/revisions"}],"predecessor-version":[{"id":60796,"href":"https:\/\/www.rassegnastampa-totustuus.it\/cattolica\/wp-json\/wp\/v2\/posts\/53354\/revisions\/60796"}],"wp:featuredmedia":[{"embeddable":true,"href":"https:\/\/www.rassegnastampa-totustuus.it\/cattolica\/wp-json\/wp\/v2\/media\/48770"}],"wp:attachment":[{"href":"https:\/\/www.rassegnastampa-totustuus.it\/cattolica\/wp-json\/wp\/v2\/media?parent=53354"}],"wp:term":[{"taxonomy":"category","embeddable":true,"href":"https:\/\/www.rassegnastampa-totustuus.it\/cattolica\/wp-json\/wp\/v2\/categories?post=53354"},{"taxonomy":"post_tag","embeddable":true,"href":"https:\/\/www.rassegnastampa-totustuus.it\/cattolica\/wp-json\/wp\/v2\/tags?post=53354"}],"curies":[{"name":"wp","href":"https:\/\/api.w.org\/{rel}","templated":true}]}}