{"id":5335,"date":"2012-12-20T00:00:00","date_gmt":"2012-12-19T23:00:00","guid":{"rendered":""},"modified":"2015-05-15T17:41:54","modified_gmt":"2015-05-15T15:41:54","slug":"armi-negli-usa-una-questione-di-libert","status":"publish","type":"post","link":"https:\/\/www.rassegnastampa-totustuus.it\/cattolica\/armi-negli-usa-una-questione-di-libert\/","title":{"rendered":"Armi negli Usa, una questione di libert&agrave;"},"content":{"rendered":"<div style=\"text-align: center;\"><strong><a href=\"https:\/\/www.rassegnastampa-totustuus.it\/cattolica\/wp-content\/uploads\/2012\/12\/armi.jpg\"><img loading=\"lazy\" decoding=\"async\" class=\"alignright wp-image-24663 size-full\" src=\"https:\/\/www.rassegnastampa-totustuus.it\/cattolica\/wp-content\/uploads\/2012\/12\/armi.jpg\" alt=\"armi\" width=\"240\" height=\"148\" \/><\/a>La nuova Bussola quotidiana<\/strong> i18 dicembre 2012<\/div>\n<p style=\"text-align: justify;\"><em>La tragedia avvenuta sabato a Newtown, nello stato americano del Connecticut, dove un folle ha sparato in una scuola elementare provocando 27 vittime, tra cui 20 bambini, ha riaperto negli Stati Uniti il dibattito sulle armi che, come noto, godono di libera circolazione. Non \u00e8 la prima volta che il dibattito su questo argomento si accende all&#8217;indomani di tragedie simili a quella di Newtown, ma finora nessuno \u00e8 mai riuscito a introdurre nuovi regolamenti. Cerchiamo per\u00f2 in questo articolo\u00a0di capire perch\u00e9 negli Stati Uniti la libert\u00e0 di possedere un&#8217;arma abbia radici cos\u00ec profonde.<\/em><\/p>\n<p style=\"text-align: center;\">di <strong>Marco Respinti<\/strong><\/p>\n<p><!--more--><\/p>\n<div style=\"text-align: justify;\">A noi sembra che il possesso personale di armi sia incompatibile con una democrazia moderna, ma per gli americani \u00e8 invece proprio questo il sigillo di una democrazia compiuta, la loro.<\/div>\n<p style=\"text-align: justify;\">Quello dei cittadini statunitensi di possedere armi \u00e8 infatti un diritto costituzionale, sancito a chiare lettere nel Secondo Emendamento alla Costituzione federale, laddove nel primo si stabilisce la libert\u00e0 basilare di ogni americano, la libert\u00e0 religiosa. Del resto, dire in questo caso \u201cemendamento\u201d \u00e8 filologicamente corretto, ma pu\u00f2 risultare culturalmente fuorviante.<\/p>\n<p style=\"text-align: justify;\">I primi dieci emendamenti alla Costituzione federale, varati in blocco nel 1791, vale a dire due anni dopo l\u2019entrata in vigore della Costituzione stessa, furono infatti varati come<em> Bill of Rights<\/em>: ovvero un documento unitario nello scopo e nello spirito che porta il medesimo, antico nome dell\u2019enumerazione delle libert\u00e0 personali di cui godono i cittadini inglesi (e poi britannici) e le cui radici affondano nella resistenza antitirannica contro il potere statale di cui \u00e8 intrisa la Magna Charta Libertatum del 1215.<\/p>\n<p style=\"text-align: justify;\">Nel decalogo del <em>Bill of Rights<\/em> statunitense, il diritto al possesso di armi \u00e8 preceduto gerarchicamente solo dal tributo che spetta a Dio e contro di essi lo Stato non pu\u00f2 nulla. Se lo facesse, si trasformerebbe in usurpazione tirannica.<\/p>\n<p style=\"text-align: justify;\"><strong>Il <\/strong><em><strong>Bill of Rights<\/strong><\/em><strong> \u00e8 cos\u00ec molto pi\u00f9 che un insieme di emendamenti costituzionali:<\/strong> \u00e8 una dichiarazione di sovranit\u00e0 della persona rispetto allo Stato e fu varato dopo che il lungo dibattito attorno all\u2019opportunit\u00e0 di ratificare o meno il testo costituzionale federale proposto alle ex colonie britanniche dell\u2019America Settentrionale non aveva per nulla fugato tutti i dubbi sui rischi del centralismo e dello statalismo.<\/p>\n<p style=\"text-align: justify;\">Il concetto di governo limitato, caro alla scienza politica e ai cittadini americani, \u00e8 insomma gi\u00e0 tutto contenuto in questo dialogo virtuoso fra i poteri che i cittadini concedono allo Stato centrale mediante la Costituzione federale e le prerogative riservate per natura ai cittadini dei singoli Stati dell\u2019Unione elencate dal <em>Bill of Rights<\/em>, con questo secondo che sin dal momento della sua approvazione \u00e8 dunque concepito come parte integrante e inalienabile della prima.<\/p>\n<p style=\"text-align: justify;\">Per molti aspetti,<em> il Bill of Rights\u00a0<\/em> \u00e8 quindi il luogo giuridico dove la Dichiarazione d\u2019indipendenza del 1776 si fa Costituzione. Gli Stati Uniti non sarebbero del resto mai nati se i suoi abitanti non avessero sentito la necessit\u00e0 di affermare il primato della persona e la sua libert\u00e0 inviolabile di fronte al dispotismo statalistico.<\/p>\n<p style=\"text-align: justify;\"><strong>Quanto alle origini storiche del Secondo Emendamento<\/strong>, esse risalgono al tempo in cui il territorio statunitense era colonia dell\u2019impero britannico e il possesso di armi l\u2019unico modo che i coloni avevano per garantire la difesa di s\u00e9, delle proprie famiglie e dei propri territori. Le particolari condizioni dell\u2019America Settentrionale rendevano del resto necessario il possesso personale di armi fin dai tempi remoti dei primi insediamenti europei, allorch\u00e9, oltre ai sudditi della Corona inglese, a quelle latitudini circolavano pure spagnoli, francesi e olandesi.<\/p>\n<p style=\"text-align: justify;\">Le lotte per il predominio commerciale tra le varie compagnie di origine europea (e i prolungamenti nordamericani delle guerre fra gli Stati europei) rendevano spesso insicuri gli scambi e le propriet\u00e0, ma era soprattutto la vastit\u00e0 dei nuovi territori ancora in gran parte inesplorati, abitati da faune sconosciute e spesso feroci nonch\u00e9 da popolazioni solo in alcuni casi pacifiche a giustificare il possesso privato di armi.<\/p>\n<p style=\"text-align: justify;\"><strong>La lunga storia della colonizzazione europea dell\u2019America Settentrionale<\/strong> resterebbe per\u00f2 ancora incomprensibile se si prescindesse dal considerare che in molti casi fu un\u2019impresa del tutto privata (ancorch\u00e9 incoraggiata dagli Stati europei), in specie quella proveniente dalle isole britanniche, e che lentamente essa assunse la forma di un autogoverno di fatto ma non per questo meno reale. Fu quando poi l\u2019autogoverno a lungo positivamente permesso dalla madrepatria britannica, e non solo da essa semplicemente tollerato, venne messo prima in dubbio e successivamente paralizzato dalla svolta statalistica di Londra che le colonie decisero di reagire (alla bisogna anche militarmente) e in <em>extrema ratio<\/em> di separarsi istituzionalmente dalla corona allo scopo di potere liberamente proseguire il cammino giuridico-istituzionale di sempre.<\/p>\n<p style=\"text-align: justify;\"><strong>I nordamericani, cio\u00e8, sono figli di una tradizione di libert\u00e0 politiche<\/strong> a lungo garantite dalla struttura imperiale britannica di cui non hanno fatto a meno nemmeno quando \u00e8 stata la stessa Gran Bretagna a minacciarla, giacch\u00e9 il farlo avrebbe significato rinunciare a quel diritto naturale che \u00e8 la fonte dei diritti umani inalienabili: libert\u00e0 religiosa, propriet\u00e0 nonch\u00e9 della difesa di s\u00e9, della propria famiglia e dei propri beni dal dispotismo. Quegli stessi che per proprio per questa ragione gli americani hanno voluto sancire a chiare lettere nella legge fondamentale del loro Paese onde tutelarli da tutti i nemici, esterni e interni, privati e pubblici.<\/p>\n<p style=\"text-align: justify;\"><strong>Ribellandosi al nuovo corso britannico<\/strong> onde poter continuare il vecchio, gli americani hanno insomma ritenuto di obbedire a Dio e non a Cesare. Ma Cesare, pensano gli americani ancora oggi, non \u00e8 mai sconfitto una volta per tutte e cos\u00ec i liberi cittadini-soldato, che come Cincinnato prestano il braccio alla patria ma poi tornano ad attendere i campi, sono sempre di guardia: \u00abil prezzo della libert\u00e0 \u00e8 la continua vigilanza\u00bb, recita un detto, attributo a molti padri, che gli americani conoscono e ripetono come una preghiera quotidiana. L\u2019idea, dunque, che solo a Cesare sia concesso l\u2019uso delle armi \u00e8 per i Cincinnati americani talmente inconcepibile da essere esplicitamente esclusa dalla legge fondamentale del Paese.<\/p>\n<p style=\"text-align: justify;\"><strong>Gli americani pensano che l\u2019unica ragione<\/strong> per cui abbia senso cedere una piccola parte della propria sovranit\u00e0 di uomini liberi allo Stato sia per garantire meglio alle persone l\u2019esercizio della propria libert\u00e0. Lo Stato, cio\u00e8, serve la persona, non il contrario. Ma siccome pensano che ogni creazione umana sia passibile di deragliamento, che il potere intossichi e che pi\u00f9 il potere \u00e8 assoluto pi\u00f9 esso intossica, gli americani cercano di dotarsi degli strumenti che ritengono pi\u00f9 adatti per non finire schiavi.<\/p>\n<p style=\"text-align: justify;\"><strong>Il fatto che i governi totalitari inizino tutti vietando<\/strong> il possesso personale di armi, imponendo ai cittadini la leva militare obbligatoria, occupando l\u2019educazione e statalizzando l\u2019economia li convince ogni giorno di pi\u00f9 della bont\u00e0 del Secondo Emendamento alla loro Costituzione. Perch\u00e9 mai, dicono infatti gli americani, solo allo Stato che si pone al di sopra della legge e ai criminali che si pongono fuori dalla legge deve essere concesso l\u2019uso delle armi?<\/p>\n","protected":false},"excerpt":{"rendered":"<p>La nuova Bussola quotidiana i18 dicembre 2012 La tragedia avvenuta sabato a Newtown, nello stato americano del Connecticut, dove un folle ha sparato in una scuola elementare provocando 27 vittime, tra cui 20 bambini, ha riaperto negli Stati Uniti il dibattito sulle armi che, come noto, godono di libera circolazione. Non \u00e8 la prima volta &hellip; <\/p>\n<p><a class=\"more-link btn\" href=\"https:\/\/www.rassegnastampa-totustuus.it\/cattolica\/armi-negli-usa-una-questione-di-libert\/\">Continua a leggere<\/a><\/p>\n","protected":false},"author":6,"featured_media":24663,"comment_status":"closed","ping_status":"open","sticky":false,"template":"","format":"standard","meta":{"footnotes":""},"categories":[108,76],"tags":[2128],"class_list":["post-5335","post","type-post","status-publish","format-standard","has-post-thumbnail","hentry","category-paesi-e-continenti","category-stati-uniti","tag-armi","item-wrap"],"yoast_head":"<!-- This site is optimized with the Yoast SEO plugin v27.5 - https:\/\/yoast.com\/product\/yoast-seo-wordpress\/ -->\n<title>Armi negli Usa, una questione di libert&agrave; - Rassegna Stampa Cattolica<\/title>\n<meta name=\"description\" content=\"Rassegna Stampa Cattolica - Per una cultura che nasce dalla Rivelazione cristiana in conformit\u00e0 alla tradizione e al Magistero della Chiesa in opposizione ad ogni relativismo e totalitarismo\" \/>\n<meta name=\"robots\" content=\"index, follow, max-snippet:-1, max-image-preview:large, max-video-preview:-1\" \/>\n<link rel=\"canonical\" href=\"https:\/\/www.rassegnastampa-totustuus.it\/cattolica\/armi-negli-usa-una-questione-di-libert\/\" \/>\n<meta property=\"og:locale\" content=\"it_IT\" \/>\n<meta property=\"og:type\" content=\"article\" \/>\n<meta property=\"og:title\" content=\"Armi negli Usa, una questione di libert&agrave; - Rassegna Stampa Cattolica\" \/>\n<meta property=\"og:description\" content=\"Rassegna Stampa Cattolica - Per una cultura che nasce dalla Rivelazione cristiana in conformit\u00e0 alla tradizione e al Magistero della Chiesa in opposizione ad ogni relativismo e totalitarismo\" \/>\n<meta property=\"og:url\" content=\"https:\/\/www.rassegnastampa-totustuus.it\/cattolica\/armi-negli-usa-una-questione-di-libert\/\" \/>\n<meta property=\"og:site_name\" content=\"Rassegna Stampa Cattolica\" \/>\n<meta property=\"article:publisher\" content=\"https:\/\/www.facebook.com\/rassegnastampacattolica\" \/>\n<meta property=\"article:published_time\" content=\"2012-12-19T23:00:00+00:00\" \/>\n<meta property=\"article:modified_time\" content=\"2015-05-15T15:41:54+00:00\" \/>\n<meta property=\"og:image\" content=\"https:\/\/www.rassegnastampa-totustuus.it\/cattolica\/wp-content\/uploads\/2012\/12\/armi.jpg\" \/>\n\t<meta property=\"og:image:width\" content=\"240\" \/>\n\t<meta property=\"og:image:height\" content=\"148\" \/>\n\t<meta property=\"og:image:type\" content=\"image\/jpeg\" \/>\n<meta name=\"author\" content=\"Redazione\" \/>\n<meta name=\"twitter:card\" content=\"summary_large_image\" \/>\n<meta name=\"twitter:creator\" content=\"@rassegnastampa9\" \/>\n<meta name=\"twitter:site\" content=\"@rassegnastampa9\" \/>\n<meta name=\"twitter:label1\" content=\"Scritto da\" \/>\n\t<meta name=\"twitter:data1\" content=\"Redazione\" \/>\n\t<meta name=\"twitter:label2\" content=\"Tempo di lettura stimato\" \/>\n\t<meta name=\"twitter:data2\" content=\"6 minuti\" \/>\n<script type=\"application\/ld+json\" class=\"yoast-schema-graph\">{\"@context\":\"https:\\\/\\\/schema.org\",\"@graph\":[{\"@type\":\"Article\",\"@id\":\"https:\\\/\\\/www.rassegnastampa-totustuus.it\\\/cattolica\\\/armi-negli-usa-una-questione-di-libert\\\/#article\",\"isPartOf\":{\"@id\":\"https:\\\/\\\/www.rassegnastampa-totustuus.it\\\/cattolica\\\/armi-negli-usa-una-questione-di-libert\\\/\"},\"author\":{\"name\":\"Redazione\",\"@id\":\"https:\\\/\\\/www.rassegnastampa-totustuus.it\\\/cattolica\\\/#\\\/schema\\\/person\\\/08f319d2bd1a0904ad9e2bfb7b15e5c3\"},\"headline\":\"Armi negli Usa, una questione di libert&agrave;\",\"datePublished\":\"2012-12-19T23:00:00+00:00\",\"dateModified\":\"2015-05-15T15:41:54+00:00\",\"mainEntityOfPage\":{\"@id\":\"https:\\\/\\\/www.rassegnastampa-totustuus.it\\\/cattolica\\\/armi-negli-usa-una-questione-di-libert\\\/\"},\"wordCount\":1140,\"publisher\":{\"@id\":\"https:\\\/\\\/www.rassegnastampa-totustuus.it\\\/cattolica\\\/#organization\"},\"image\":{\"@id\":\"https:\\\/\\\/www.rassegnastampa-totustuus.it\\\/cattolica\\\/armi-negli-usa-una-questione-di-libert\\\/#primaryimage\"},\"thumbnailUrl\":\"https:\\\/\\\/www.rassegnastampa-totustuus.it\\\/cattolica\\\/wp-content\\\/uploads\\\/2012\\\/12\\\/armi.jpg\",\"keywords\":[\"armi\"],\"articleSection\":[\"Paesi e continenti\",\"Stati Uniti\"],\"inLanguage\":\"it-IT\"},{\"@type\":\"WebPage\",\"@id\":\"https:\\\/\\\/www.rassegnastampa-totustuus.it\\\/cattolica\\\/armi-negli-usa-una-questione-di-libert\\\/\",\"url\":\"https:\\\/\\\/www.rassegnastampa-totustuus.it\\\/cattolica\\\/armi-negli-usa-una-questione-di-libert\\\/\",\"name\":\"Armi negli Usa, una questione di libert&agrave; - Rassegna Stampa Cattolica\",\"isPartOf\":{\"@id\":\"https:\\\/\\\/www.rassegnastampa-totustuus.it\\\/cattolica\\\/#website\"},\"primaryImageOfPage\":{\"@id\":\"https:\\\/\\\/www.rassegnastampa-totustuus.it\\\/cattolica\\\/armi-negli-usa-una-questione-di-libert\\\/#primaryimage\"},\"image\":{\"@id\":\"https:\\\/\\\/www.rassegnastampa-totustuus.it\\\/cattolica\\\/armi-negli-usa-una-questione-di-libert\\\/#primaryimage\"},\"thumbnailUrl\":\"https:\\\/\\\/www.rassegnastampa-totustuus.it\\\/cattolica\\\/wp-content\\\/uploads\\\/2012\\\/12\\\/armi.jpg\",\"datePublished\":\"2012-12-19T23:00:00+00:00\",\"dateModified\":\"2015-05-15T15:41:54+00:00\",\"description\":\"Rassegna Stampa Cattolica - Per una cultura che nasce dalla Rivelazione cristiana in conformit\u00e0 alla tradizione e al Magistero della Chiesa in opposizione ad ogni relativismo e totalitarismo\",\"breadcrumb\":{\"@id\":\"https:\\\/\\\/www.rassegnastampa-totustuus.it\\\/cattolica\\\/armi-negli-usa-una-questione-di-libert\\\/#breadcrumb\"},\"inLanguage\":\"it-IT\",\"potentialAction\":[{\"@type\":\"ReadAction\",\"target\":[\"https:\\\/\\\/www.rassegnastampa-totustuus.it\\\/cattolica\\\/armi-negli-usa-una-questione-di-libert\\\/\"]}]},{\"@type\":\"ImageObject\",\"inLanguage\":\"it-IT\",\"@id\":\"https:\\\/\\\/www.rassegnastampa-totustuus.it\\\/cattolica\\\/armi-negli-usa-una-questione-di-libert\\\/#primaryimage\",\"url\":\"https:\\\/\\\/www.rassegnastampa-totustuus.it\\\/cattolica\\\/wp-content\\\/uploads\\\/2012\\\/12\\\/armi.jpg\",\"contentUrl\":\"https:\\\/\\\/www.rassegnastampa-totustuus.it\\\/cattolica\\\/wp-content\\\/uploads\\\/2012\\\/12\\\/armi.jpg\",\"width\":240,\"height\":148},{\"@type\":\"BreadcrumbList\",\"@id\":\"https:\\\/\\\/www.rassegnastampa-totustuus.it\\\/cattolica\\\/armi-negli-usa-una-questione-di-libert\\\/#breadcrumb\",\"itemListElement\":[{\"@type\":\"ListItem\",\"position\":1,\"name\":\"Home\",\"item\":\"https:\\\/\\\/www.rassegnastampa-totustuus.it\\\/cattolica\\\/\"},{\"@type\":\"ListItem\",\"position\":2,\"name\":\"Armi negli Usa, una questione di libert&agrave;\"}]},{\"@type\":\"WebSite\",\"@id\":\"https:\\\/\\\/www.rassegnastampa-totustuus.it\\\/cattolica\\\/#website\",\"url\":\"https:\\\/\\\/www.rassegnastampa-totustuus.it\\\/cattolica\\\/\",\"name\":\"Rassegna Stampa Cattolica\",\"description\":\"Per una cultura che nasce dalla Rivelazione cristiana in conformit\u00e0 alla tradizione e al Magistero della Chiesa in opposizione ad ogni relativismo e totalitarismo\",\"publisher\":{\"@id\":\"https:\\\/\\\/www.rassegnastampa-totustuus.it\\\/cattolica\\\/#organization\"},\"alternateName\":\"Rass. Cattolica\",\"potentialAction\":[{\"@type\":\"SearchAction\",\"target\":{\"@type\":\"EntryPoint\",\"urlTemplate\":\"https:\\\/\\\/www.rassegnastampa-totustuus.it\\\/cattolica\\\/?s={search_term_string}\"},\"query-input\":{\"@type\":\"PropertyValueSpecification\",\"valueRequired\":true,\"valueName\":\"search_term_string\"}}],\"inLanguage\":\"it-IT\"},{\"@type\":\"Organization\",\"@id\":\"https:\\\/\\\/www.rassegnastampa-totustuus.it\\\/cattolica\\\/#organization\",\"name\":\"Rassegna Stampa Cattolica\",\"url\":\"https:\\\/\\\/www.rassegnastampa-totustuus.it\\\/cattolica\\\/\",\"logo\":{\"@type\":\"ImageObject\",\"inLanguage\":\"it-IT\",\"@id\":\"https:\\\/\\\/www.rassegnastampa-totustuus.it\\\/cattolica\\\/#\\\/schema\\\/logo\\\/image\\\/\",\"url\":\"https:\\\/\\\/www.rassegnastampa-totustuus.it\\\/cattolica\\\/wp-content\\\/uploads\\\/2014\\\/04\\\/logo-rassegna1.gif\",\"contentUrl\":\"https:\\\/\\\/www.rassegnastampa-totustuus.it\\\/cattolica\\\/wp-content\\\/uploads\\\/2014\\\/04\\\/logo-rassegna1.gif\",\"width\":600,\"height\":163,\"caption\":\"Rassegna Stampa Cattolica\"},\"image\":{\"@id\":\"https:\\\/\\\/www.rassegnastampa-totustuus.it\\\/cattolica\\\/#\\\/schema\\\/logo\\\/image\\\/\"},\"sameAs\":[\"https:\\\/\\\/www.facebook.com\\\/rassegnastampacattolica\",\"https:\\\/\\\/x.com\\\/rassegnastampa9\"]},{\"@type\":\"Person\",\"@id\":\"https:\\\/\\\/www.rassegnastampa-totustuus.it\\\/cattolica\\\/#\\\/schema\\\/person\\\/08f319d2bd1a0904ad9e2bfb7b15e5c3\",\"name\":\"Redazione\",\"image\":{\"@type\":\"ImageObject\",\"inLanguage\":\"it-IT\",\"@id\":\"https:\\\/\\\/secure.gravatar.com\\\/avatar\\\/2fcdf27c78ea025fbdb44e914cc63c72249ffec9dc8aafd5c82b26240ef3f346?s=96&d=mm&r=g\",\"url\":\"https:\\\/\\\/secure.gravatar.com\\\/avatar\\\/2fcdf27c78ea025fbdb44e914cc63c72249ffec9dc8aafd5c82b26240ef3f346?s=96&d=mm&r=g\",\"contentUrl\":\"https:\\\/\\\/secure.gravatar.com\\\/avatar\\\/2fcdf27c78ea025fbdb44e914cc63c72249ffec9dc8aafd5c82b26240ef3f346?s=96&d=mm&r=g\",\"caption\":\"Redazione\"},\"url\":\"https:\\\/\\\/www.rassegnastampa-totustuus.it\\\/cattolica\\\/author\\\/pietroelle\\\/\"}]}<\/script>\n<!-- \/ Yoast SEO plugin. -->","yoast_head_json":{"title":"Armi negli Usa, una questione di libert&agrave; - Rassegna Stampa Cattolica","description":"Rassegna Stampa Cattolica - Per una cultura che nasce dalla Rivelazione cristiana in conformit\u00e0 alla tradizione e al Magistero della Chiesa in opposizione ad ogni relativismo e totalitarismo","robots":{"index":"index","follow":"follow","max-snippet":"max-snippet:-1","max-image-preview":"max-image-preview:large","max-video-preview":"max-video-preview:-1"},"canonical":"https:\/\/www.rassegnastampa-totustuus.it\/cattolica\/armi-negli-usa-una-questione-di-libert\/","og_locale":"it_IT","og_type":"article","og_title":"Armi negli Usa, una questione di libert&agrave; - Rassegna Stampa Cattolica","og_description":"Rassegna Stampa Cattolica - Per una cultura che nasce dalla Rivelazione cristiana in conformit\u00e0 alla tradizione e al Magistero della Chiesa in opposizione ad ogni relativismo e totalitarismo","og_url":"https:\/\/www.rassegnastampa-totustuus.it\/cattolica\/armi-negli-usa-una-questione-di-libert\/","og_site_name":"Rassegna Stampa Cattolica","article_publisher":"https:\/\/www.facebook.com\/rassegnastampacattolica","article_published_time":"2012-12-19T23:00:00+00:00","article_modified_time":"2015-05-15T15:41:54+00:00","og_image":[{"width":240,"height":148,"url":"https:\/\/www.rassegnastampa-totustuus.it\/cattolica\/wp-content\/uploads\/2012\/12\/armi.jpg","type":"image\/jpeg"}],"author":"Redazione","twitter_card":"summary_large_image","twitter_creator":"@rassegnastampa9","twitter_site":"@rassegnastampa9","twitter_misc":{"Scritto da":"Redazione","Tempo di lettura stimato":"6 minuti"},"schema":{"@context":"https:\/\/schema.org","@graph":[{"@type":"Article","@id":"https:\/\/www.rassegnastampa-totustuus.it\/cattolica\/armi-negli-usa-una-questione-di-libert\/#article","isPartOf":{"@id":"https:\/\/www.rassegnastampa-totustuus.it\/cattolica\/armi-negli-usa-una-questione-di-libert\/"},"author":{"name":"Redazione","@id":"https:\/\/www.rassegnastampa-totustuus.it\/cattolica\/#\/schema\/person\/08f319d2bd1a0904ad9e2bfb7b15e5c3"},"headline":"Armi negli Usa, una questione di libert&agrave;","datePublished":"2012-12-19T23:00:00+00:00","dateModified":"2015-05-15T15:41:54+00:00","mainEntityOfPage":{"@id":"https:\/\/www.rassegnastampa-totustuus.it\/cattolica\/armi-negli-usa-una-questione-di-libert\/"},"wordCount":1140,"publisher":{"@id":"https:\/\/www.rassegnastampa-totustuus.it\/cattolica\/#organization"},"image":{"@id":"https:\/\/www.rassegnastampa-totustuus.it\/cattolica\/armi-negli-usa-una-questione-di-libert\/#primaryimage"},"thumbnailUrl":"https:\/\/www.rassegnastampa-totustuus.it\/cattolica\/wp-content\/uploads\/2012\/12\/armi.jpg","keywords":["armi"],"articleSection":["Paesi e continenti","Stati Uniti"],"inLanguage":"it-IT"},{"@type":"WebPage","@id":"https:\/\/www.rassegnastampa-totustuus.it\/cattolica\/armi-negli-usa-una-questione-di-libert\/","url":"https:\/\/www.rassegnastampa-totustuus.it\/cattolica\/armi-negli-usa-una-questione-di-libert\/","name":"Armi negli Usa, una questione di libert&agrave; - Rassegna Stampa Cattolica","isPartOf":{"@id":"https:\/\/www.rassegnastampa-totustuus.it\/cattolica\/#website"},"primaryImageOfPage":{"@id":"https:\/\/www.rassegnastampa-totustuus.it\/cattolica\/armi-negli-usa-una-questione-di-libert\/#primaryimage"},"image":{"@id":"https:\/\/www.rassegnastampa-totustuus.it\/cattolica\/armi-negli-usa-una-questione-di-libert\/#primaryimage"},"thumbnailUrl":"https:\/\/www.rassegnastampa-totustuus.it\/cattolica\/wp-content\/uploads\/2012\/12\/armi.jpg","datePublished":"2012-12-19T23:00:00+00:00","dateModified":"2015-05-15T15:41:54+00:00","description":"Rassegna Stampa Cattolica - Per una cultura che nasce dalla Rivelazione cristiana in conformit\u00e0 alla tradizione e al Magistero della Chiesa in opposizione ad ogni relativismo e totalitarismo","breadcrumb":{"@id":"https:\/\/www.rassegnastampa-totustuus.it\/cattolica\/armi-negli-usa-una-questione-di-libert\/#breadcrumb"},"inLanguage":"it-IT","potentialAction":[{"@type":"ReadAction","target":["https:\/\/www.rassegnastampa-totustuus.it\/cattolica\/armi-negli-usa-una-questione-di-libert\/"]}]},{"@type":"ImageObject","inLanguage":"it-IT","@id":"https:\/\/www.rassegnastampa-totustuus.it\/cattolica\/armi-negli-usa-una-questione-di-libert\/#primaryimage","url":"https:\/\/www.rassegnastampa-totustuus.it\/cattolica\/wp-content\/uploads\/2012\/12\/armi.jpg","contentUrl":"https:\/\/www.rassegnastampa-totustuus.it\/cattolica\/wp-content\/uploads\/2012\/12\/armi.jpg","width":240,"height":148},{"@type":"BreadcrumbList","@id":"https:\/\/www.rassegnastampa-totustuus.it\/cattolica\/armi-negli-usa-una-questione-di-libert\/#breadcrumb","itemListElement":[{"@type":"ListItem","position":1,"name":"Home","item":"https:\/\/www.rassegnastampa-totustuus.it\/cattolica\/"},{"@type":"ListItem","position":2,"name":"Armi negli Usa, una questione di libert&agrave;"}]},{"@type":"WebSite","@id":"https:\/\/www.rassegnastampa-totustuus.it\/cattolica\/#website","url":"https:\/\/www.rassegnastampa-totustuus.it\/cattolica\/","name":"Rassegna Stampa Cattolica","description":"Per una cultura che nasce dalla Rivelazione cristiana in conformit\u00e0 alla tradizione e al Magistero della Chiesa in opposizione ad ogni relativismo e totalitarismo","publisher":{"@id":"https:\/\/www.rassegnastampa-totustuus.it\/cattolica\/#organization"},"alternateName":"Rass. Cattolica","potentialAction":[{"@type":"SearchAction","target":{"@type":"EntryPoint","urlTemplate":"https:\/\/www.rassegnastampa-totustuus.it\/cattolica\/?s={search_term_string}"},"query-input":{"@type":"PropertyValueSpecification","valueRequired":true,"valueName":"search_term_string"}}],"inLanguage":"it-IT"},{"@type":"Organization","@id":"https:\/\/www.rassegnastampa-totustuus.it\/cattolica\/#organization","name":"Rassegna Stampa Cattolica","url":"https:\/\/www.rassegnastampa-totustuus.it\/cattolica\/","logo":{"@type":"ImageObject","inLanguage":"it-IT","@id":"https:\/\/www.rassegnastampa-totustuus.it\/cattolica\/#\/schema\/logo\/image\/","url":"https:\/\/www.rassegnastampa-totustuus.it\/cattolica\/wp-content\/uploads\/2014\/04\/logo-rassegna1.gif","contentUrl":"https:\/\/www.rassegnastampa-totustuus.it\/cattolica\/wp-content\/uploads\/2014\/04\/logo-rassegna1.gif","width":600,"height":163,"caption":"Rassegna Stampa Cattolica"},"image":{"@id":"https:\/\/www.rassegnastampa-totustuus.it\/cattolica\/#\/schema\/logo\/image\/"},"sameAs":["https:\/\/www.facebook.com\/rassegnastampacattolica","https:\/\/x.com\/rassegnastampa9"]},{"@type":"Person","@id":"https:\/\/www.rassegnastampa-totustuus.it\/cattolica\/#\/schema\/person\/08f319d2bd1a0904ad9e2bfb7b15e5c3","name":"Redazione","image":{"@type":"ImageObject","inLanguage":"it-IT","@id":"https:\/\/secure.gravatar.com\/avatar\/2fcdf27c78ea025fbdb44e914cc63c72249ffec9dc8aafd5c82b26240ef3f346?s=96&d=mm&r=g","url":"https:\/\/secure.gravatar.com\/avatar\/2fcdf27c78ea025fbdb44e914cc63c72249ffec9dc8aafd5c82b26240ef3f346?s=96&d=mm&r=g","contentUrl":"https:\/\/secure.gravatar.com\/avatar\/2fcdf27c78ea025fbdb44e914cc63c72249ffec9dc8aafd5c82b26240ef3f346?s=96&d=mm&r=g","caption":"Redazione"},"url":"https:\/\/www.rassegnastampa-totustuus.it\/cattolica\/author\/pietroelle\/"}]}},"_links":{"self":[{"href":"https:\/\/www.rassegnastampa-totustuus.it\/cattolica\/wp-json\/wp\/v2\/posts\/5335","targetHints":{"allow":["GET"]}}],"collection":[{"href":"https:\/\/www.rassegnastampa-totustuus.it\/cattolica\/wp-json\/wp\/v2\/posts"}],"about":[{"href":"https:\/\/www.rassegnastampa-totustuus.it\/cattolica\/wp-json\/wp\/v2\/types\/post"}],"author":[{"embeddable":true,"href":"https:\/\/www.rassegnastampa-totustuus.it\/cattolica\/wp-json\/wp\/v2\/users\/6"}],"replies":[{"embeddable":true,"href":"https:\/\/www.rassegnastampa-totustuus.it\/cattolica\/wp-json\/wp\/v2\/comments?post=5335"}],"version-history":[{"count":3,"href":"https:\/\/www.rassegnastampa-totustuus.it\/cattolica\/wp-json\/wp\/v2\/posts\/5335\/revisions"}],"predecessor-version":[{"id":24664,"href":"https:\/\/www.rassegnastampa-totustuus.it\/cattolica\/wp-json\/wp\/v2\/posts\/5335\/revisions\/24664"}],"wp:featuredmedia":[{"embeddable":true,"href":"https:\/\/www.rassegnastampa-totustuus.it\/cattolica\/wp-json\/wp\/v2\/media\/24663"}],"wp:attachment":[{"href":"https:\/\/www.rassegnastampa-totustuus.it\/cattolica\/wp-json\/wp\/v2\/media?parent=5335"}],"wp:term":[{"taxonomy":"category","embeddable":true,"href":"https:\/\/www.rassegnastampa-totustuus.it\/cattolica\/wp-json\/wp\/v2\/categories?post=5335"},{"taxonomy":"post_tag","embeddable":true,"href":"https:\/\/www.rassegnastampa-totustuus.it\/cattolica\/wp-json\/wp\/v2\/tags?post=5335"}],"curies":[{"name":"wp","href":"https:\/\/api.w.org\/{rel}","templated":true}]}}