{"id":5330,"date":"2012-12-13T00:00:00","date_gmt":"2012-12-12T23:00:00","guid":{"rendered":""},"modified":"2016-02-29T12:29:58","modified_gmt":"2016-02-29T11:29:58","slug":"impiccano-una-madre-di-cinque-figli-perche-cristiana","status":"publish","type":"post","link":"https:\/\/www.rassegnastampa-totustuus.it\/cattolica\/impiccano-una-madre-di-cinque-figli-perche-cristiana\/","title":{"rendered":"Impiccano una madre di cinque figli perche\u2019 cristiana"},"content":{"rendered":"<div style=\"text-align: center;\"><strong><a href=\"https:\/\/www.rassegnastampa-totustuus.it\/cattolica\/wp-content\/uploads\/2012\/12\/Asia-Bibi.jpg\"><img loading=\"lazy\" decoding=\"async\" class=\"alignleft wp-image-31143 size-full\" src=\"https:\/\/www.rassegnastampa-totustuus.it\/cattolica\/wp-content\/uploads\/2012\/12\/Asia-Bibi.jpg\" alt=\"Asia Bibi\" width=\"249\" height=\"203\" \/><\/a>Libero,<\/strong> 9 dicembre 2012<\/div>\n<p style=\"text-align: center;\"><strong>Antonio Socci<\/strong><\/p>\n<p style=\"text-align: justify;\">Asia Bibi, una madre di cinque figli, \u00e8 in carcere da tre anni ed \u00e8 stata condannata a morte per impiccagione perch\u00e9 cristiana a 1700 anni esatti dall\u2019Editto di Costantino<strong>. <\/strong>La libert\u00e0 di coscienza, cio\u00e8 il riconoscimento pubblico della dignit\u00e0 umana, cominci\u00f2 proprio quel giorno di febbraio del 313. Il primo seme (ancora tanta strada c\u2019era da fare) fu proprio quell\u2019Editto di Milano, firmato da Costantino, a cui \u00e8 dedicata la grande mostra che si \u00e8 appena aperta a Palazzo Reale del capoluogo lombardo.<\/p>\n<p><!--more--><\/p>\n<div style=\"text-align: justify;\">L\u2019editto concedeva \u201canche ai cristiani, come a tutti, la libert\u00e0 di seguire la religione preferita\u201d e decret\u00f2 quindi \u201cche non si debba vietare a nessuno la libera facolt\u00e0 di aderire, vuoi alla fede dei cristiani, vuoi a quella religione che ciascuno reputi pi\u00f9 adatta a se stesso\u201d. Da l\u00ec, pian piano, sarebbero nate tutte le libert\u00e0 (infatti con quella dichiarazione di fatto iniziava a nascere anche la laicit\u00e0 dello Stato, perch\u00e9 il potere non poteva pi\u00f9 essere divinizzato).<\/div>\n<p style=\"text-align: justify;\">Eppure oggi, a 1700 anni da quella storica svolta, i cristiani nel mondo continuano ad essere perseguitati e massacrati per la loro fede in Ges\u00f9 Cristo. Anzi, lo sono oggi pi\u00f9 ancora che nell\u2019antica Roma. Il caso simbolo \u00e8 appunto quello di Asia Bibi, una madre di cinque figli. Dal giugno 2009 \u00e8 rinchiusa in una cella senza finestre nel carcere di Sheikhupura in Pakistan. Ha subito atrocit\u00e0 e umiliazioni ed \u00e8 stata condannata a morte per la sola \u201ccolpa\u201d di essere cristiana.<\/p>\n<p style=\"text-align: justify;\">In questo paese a stragrande maggioranza musulmana infatti il regime fondamentalista da anni ha varato la terrificante \u201clegge sulla blasfemia\u201d che \u00e8 come un spada di Damocle sui cristiani, la cui vita, i cui figli, i cui beni sono cos\u00ec alla merc\u00e9 di chiunque li denunci di aver offeso Maometto. Ieri \u201cAvvenire\u201d ha pubblicato una lettera di Asia Bibi dove fra l\u2019altro si legge: \u201cUn giudice, l\u2019onorevole Naveed Iqbal, un giorno \u00e8 entrato nella mia cella e, dopo avermi condannata a un morte orribile, mi ha offerto la revoca della sentenza se mi fossi convertita all\u2019islam\u201d.<\/p>\n<p style=\"text-align: justify;\">Questa mamma coraggio gli ha risposto: \u201cpreferisco morire da cristiana, che uscire dal carcere da musulmana. \u2018Sono stata condannata perch\u00e9 cristiana \u2013 gli ho detto -. Credo in Dio e nel suo grande amore. Se lei mi ha condannata a morte perch\u00e9 amo Dio, sar\u00f2 orgogliosa di sacrificare la mia vita per Lui\u2019 \u201d. Sono parole impressionanti, pronunciate da una povera donna inerme, alla merc\u00e9 dei suoi aguzzini, con cinque figli piccoli che l\u2019aspettano in una povera casa. Parole che sembrano davvero tratte dagli \u201cAtti dei martiri\u201d dei primi secoli cristiani.<\/p>\n<p style=\"text-align: justify;\">L\u00e0 in Pakistan del resto perfino uno dei pochi cristiani importanti come Shahbaz Bhatti e un saggio governatore musulmano (di idee liberali) come Salman Taseer sono stati ferocemente assassinati per aver chiesto pubblicamente l\u2019abolizione dell\u2019assurda \u201clegge sulla blasfemia\u201d e la liberazione di Asia Bibi.<\/p>\n<p style=\"text-align: justify;\">C\u2019\u00e8 qualcuno in Occidente, dove tutti strologhiamo, stando comodi al caldo (e ci piace pure fare i \u201cmartiri\u201d per la minima controversia), che sa commuoversi per questo vero e drammatico atto di eroismo? C\u2019\u00e8 un municipio che esporr\u00e0 l\u2019immagine di Asia Bibi o \u2013 trattandosi di una cristiana \u2013 non interessa a nessuno? Noi cristiani, semplici fedeli, sacerdoti, religiosi, vescovi e alti prelati ci sentiamo davvero toccati da una testimonianza cos\u00ec?<\/p>\n<p style=\"text-align: justify;\">E se fosse chiesto a noi di rischiare \u2013 non dico la vita, ma \u2013 qualcosa per la nostra fede, saremmo pronti a dire di s\u00ec o rinnegheremmo Ges\u00f9 Cristo? E i nostri giornali e i nostri intellettuali, sempre pronti a firmare appelli per tutte le cause \u201cpolitically correct\u201d, anche meritevoli come quelle di Salman Rushdie o di Sakineh, emetteranno almeno un vagito per Asia Bibi?<\/p>\n<p style=\"text-align: justify;\">Dove sono tutti quei seguaci di Voltaire i quali amano ripetere quella frase (che Voltaire non ha mai pronunciato) secondo cui \u2013 pur non condividendo le idee dell\u2019avversario \u2013 bisogna essere disposti a dare la vita per permettergli di professarle? Non ne ho mai visti di eroi simili dalle nostre parti. Dove, del resto, non \u00e8 chiesto cos\u00ec tanto, ma basterebbe una innocua presa di posizione.<\/p>\n<p style=\"text-align: justify;\">Perch\u00e9 il Pakistan non \u00e8 proprio un paesello sperduto, ma una potenza nucleare di 180 milioni di abitanti \u2013 il sesto pi\u00f9 popoloso del mondo \u2013 con un peso geopolitico molto forte. Per inciso, la potenza ad esso avversa \u00e8 l\u2019India e anche l\u00ec i cristiani non se la passano per niente bene: basti ricordare le atrocit\u00e0 commesse contro di loro da fondamentalisti ind\u00f9 in Orissa.<\/p>\n<p style=\"text-align: justify;\">D\u2019altra parte quello di Asia Bibi \u00e8 solo uno dei tantissimi casi di cristiani perseguitati. La voce di Benedetto XVI \u00e8 l\u2019unica ad alzarsi in loro difesa (e in difesa di tutti i perseguitati). Ma sembra del tutto inascoltata. I cristiani sono tornati ad essere \u201cla spazzatura del mondo\u201d. Il 5 novembre scorso Angela Merkel ha sottolineato che \u201cil cristianesimo \u00e8 la religione pi\u00f9 perseguitata del mondo\u201d.<\/p>\n<p style=\"text-align: justify;\">Ebbene, \u00e8 stata subissata da critiche, anche da associazioni che si occupano di diritti umani. Perch\u00e9 non \u00e8 \u201cpolitically correct\u201d affermare una cosa simile. Eppure la benemerita associazione \u201cAiuto alla Chiesa che soffre\u201d, nel suo \u201cRapporto sulla libert\u00e0 religiosa nel mondo\u201d, ha rilevato che tre casi di discriminazione su quattro (cio\u00e8 il 75 per cento) riguardano i cristiani.<\/p>\n<p style=\"text-align: justify;\">D\u2019altra parte il Novecento \u00e8 stato per i cristiani un\u2019immane macelleria. Certo, \u00e8 stato un secolo di genocidi per tanti altri gruppi umani \u2013 a cominciare dal caso pi\u00f9 satanico, la Shoah \u2013 ma fortunatamente si tratta di orrori universalmente riconosciuti, denunciati e aborriti come tali da tutti noi. Solo i cristiani pare non abbiano diritto a essere annoverati fra le vittime e i perseguitati. Loro e la Chiesa devono stare sempre e solo sul banco degli accusati o degli irrisi. E senza lamentarsi.<\/p>\n<p style=\"text-align: justify;\">Eppure i cristiani nel Novecento sono stati massacrati a tutte le latitudini e sotto tutti i regimi. E i dati sono impressionanti e sconosciuti. Quando, dieci anni fa, scrissi un libro su queste persecuzioni (\u201cI nuovi perseguitati\u201d, Piemme), cercai dei dati statistici ufficiali, di fonte neutra.<\/p>\n<p style=\"text-align: justify;\">Dunque consultai la ricerca sociologica pi\u00f9 autorevole, appena uscita presso Oxford University Press, ovvero la \u201cWorld Christian Encyclopedia\u201d di David B. Barrett, George T. Kurian e Todd M. Johnson. Da cui appresi che, nei duemila anni di storia cristiana, si potevano quantificare in circa 70 milioni coloro che erano stati ammazzati, per via diretta o indiretta, a causa della loro fede in Ges\u00f9. Ma 45 milioni e mezzo erano martiri del XX secolo. E tuttora ogni anno le vittime si contano in migliaia. Erano (e sono) dati sconvolgenti, per\u00f2 ignorati dai media.<\/p>\n<p style=\"text-align: justify;\">A 1700 anni dall\u2019Editto di Costantino che introdusse nel mondo la libert\u00e0 di coscienza, una donna cristiana, condannata a morte solo per la sua fede, dal buio del suo carcere, scrive adesso parole che dovrebbero emozionare tutti. Parole che sembrano arrivare dai primi secoli cristiani e che mostrano ancora oggi che il cristianesimo entr\u00f2 nel mondo con un annuncio rivoluzionario: mentre le religioni pagane sacralizzavano il Potere, Ges\u00f9 Cristo sacralizzava la dignit\u00e0 e la libert\u00e0 di ogni singolo, piccolo essere umano.<\/p>\n<p style=\"text-align: justify;\">\u201cGes\u00f9, nostro Signore e Salvatore\u201d scrive Asia Bibi \u201cci ama come esseri liberi e credo che la libert\u00e0 di coscienza sia uno dei tesori pi\u00f9 preziosi che il nostro Creatore ci ha dato, un tesoro che dobbiamo proteggere\u201d.<\/p>\n<p style=\"text-align: justify;\">Ecco perch\u00e9 il caso di Asia Bibi riguarda chiunque abbia a cuore la propria libert\u00e0.<\/p>\n","protected":false},"excerpt":{"rendered":"<p>Libero, 9 dicembre 2012 Antonio Socci Asia Bibi, una madre di cinque figli, \u00e8 in carcere da tre anni ed \u00e8 stata condannata a morte per impiccagione perch\u00e9 cristiana a 1700 anni esatti dall\u2019Editto di Costantino. La libert\u00e0 di coscienza, cio\u00e8 il riconoscimento pubblico della dignit\u00e0 umana, cominci\u00f2 proprio quel giorno di febbraio del 313. &hellip; <\/p>\n<p><a class=\"more-link btn\" href=\"https:\/\/www.rassegnastampa-totustuus.it\/cattolica\/impiccano-una-madre-di-cinque-figli-perche-cristiana\/\">Continua a leggere<\/a><\/p>\n","protected":false},"author":6,"featured_media":31143,"comment_status":"closed","ping_status":"open","sticky":false,"template":"","format":"standard","meta":{"footnotes":""},"categories":[33],"tags":[470,1123],"class_list":["post-5330","post","type-post","status-publish","format-standard","has-post-thumbnail","hentry","category-cristiani-nell-islam","tag-cristiani-perseguitati-2","tag-pakistan","item-wrap"],"yoast_head":"<!-- This site is optimized with the Yoast SEO plugin v27.5 - https:\/\/yoast.com\/product\/yoast-seo-wordpress\/ -->\n<title>Impiccano una madre di cinque figli perche\u2019 cristiana - Rassegna Stampa Cattolica<\/title>\n<meta name=\"description\" content=\"Rassegna Stampa Cattolica - Per una cultura che nasce dalla Rivelazione cristiana in conformit\u00e0 alla tradizione e al Magistero della Chiesa in opposizione ad ogni relativismo e totalitarismo\" \/>\n<meta name=\"robots\" content=\"index, follow, max-snippet:-1, max-image-preview:large, max-video-preview:-1\" \/>\n<link rel=\"canonical\" href=\"https:\/\/www.rassegnastampa-totustuus.it\/cattolica\/impiccano-una-madre-di-cinque-figli-perche-cristiana\/\" \/>\n<meta property=\"og:locale\" content=\"it_IT\" \/>\n<meta property=\"og:type\" content=\"article\" \/>\n<meta property=\"og:title\" content=\"Impiccano una madre di cinque figli perche\u2019 cristiana - Rassegna Stampa Cattolica\" \/>\n<meta property=\"og:description\" content=\"Rassegna Stampa Cattolica - Per una cultura che nasce dalla Rivelazione cristiana in conformit\u00e0 alla tradizione e al Magistero della Chiesa in opposizione ad ogni relativismo e totalitarismo\" \/>\n<meta property=\"og:url\" content=\"https:\/\/www.rassegnastampa-totustuus.it\/cattolica\/impiccano-una-madre-di-cinque-figli-perche-cristiana\/\" \/>\n<meta property=\"og:site_name\" content=\"Rassegna Stampa Cattolica\" \/>\n<meta property=\"article:publisher\" content=\"https:\/\/www.facebook.com\/rassegnastampacattolica\" \/>\n<meta property=\"article:published_time\" content=\"2012-12-12T23:00:00+00:00\" \/>\n<meta property=\"article:modified_time\" content=\"2016-02-29T11:29:58+00:00\" \/>\n<meta property=\"og:image\" content=\"https:\/\/www.rassegnastampa-totustuus.it\/cattolica\/wp-content\/uploads\/2012\/12\/Asia-Bibi.jpg\" \/>\n\t<meta property=\"og:image:width\" content=\"249\" \/>\n\t<meta property=\"og:image:height\" content=\"203\" \/>\n\t<meta property=\"og:image:type\" content=\"image\/jpeg\" \/>\n<meta name=\"author\" content=\"Redazione\" \/>\n<meta name=\"twitter:card\" content=\"summary_large_image\" \/>\n<meta name=\"twitter:creator\" content=\"@rassegnastampa9\" \/>\n<meta name=\"twitter:site\" content=\"@rassegnastampa9\" \/>\n<meta name=\"twitter:label1\" content=\"Scritto da\" \/>\n\t<meta name=\"twitter:data1\" content=\"Redazione\" \/>\n\t<meta name=\"twitter:label2\" content=\"Tempo di lettura stimato\" \/>\n\t<meta name=\"twitter:data2\" content=\"6 minuti\" \/>\n<script type=\"application\/ld+json\" class=\"yoast-schema-graph\">{\"@context\":\"https:\\\/\\\/schema.org\",\"@graph\":[{\"@type\":\"Article\",\"@id\":\"https:\\\/\\\/www.rassegnastampa-totustuus.it\\\/cattolica\\\/impiccano-una-madre-di-cinque-figli-perche-cristiana\\\/#article\",\"isPartOf\":{\"@id\":\"https:\\\/\\\/www.rassegnastampa-totustuus.it\\\/cattolica\\\/impiccano-una-madre-di-cinque-figli-perche-cristiana\\\/\"},\"author\":{\"name\":\"Redazione\",\"@id\":\"https:\\\/\\\/www.rassegnastampa-totustuus.it\\\/cattolica\\\/#\\\/schema\\\/person\\\/08f319d2bd1a0904ad9e2bfb7b15e5c3\"},\"headline\":\"Impiccano una madre di cinque figli perche\u2019 cristiana\",\"datePublished\":\"2012-12-12T23:00:00+00:00\",\"dateModified\":\"2016-02-29T11:29:58+00:00\",\"mainEntityOfPage\":{\"@id\":\"https:\\\/\\\/www.rassegnastampa-totustuus.it\\\/cattolica\\\/impiccano-una-madre-di-cinque-figli-perche-cristiana\\\/\"},\"wordCount\":1216,\"publisher\":{\"@id\":\"https:\\\/\\\/www.rassegnastampa-totustuus.it\\\/cattolica\\\/#organization\"},\"image\":{\"@id\":\"https:\\\/\\\/www.rassegnastampa-totustuus.it\\\/cattolica\\\/impiccano-una-madre-di-cinque-figli-perche-cristiana\\\/#primaryimage\"},\"thumbnailUrl\":\"https:\\\/\\\/www.rassegnastampa-totustuus.it\\\/cattolica\\\/wp-content\\\/uploads\\\/2012\\\/12\\\/Asia-Bibi.jpg\",\"keywords\":[\"cristiani perseguitati\",\"Pakistan\"],\"articleSection\":[\"Cristiani nell'islam\"],\"inLanguage\":\"it-IT\"},{\"@type\":\"WebPage\",\"@id\":\"https:\\\/\\\/www.rassegnastampa-totustuus.it\\\/cattolica\\\/impiccano-una-madre-di-cinque-figli-perche-cristiana\\\/\",\"url\":\"https:\\\/\\\/www.rassegnastampa-totustuus.it\\\/cattolica\\\/impiccano-una-madre-di-cinque-figli-perche-cristiana\\\/\",\"name\":\"Impiccano una madre di cinque figli perche\u2019 cristiana - Rassegna Stampa Cattolica\",\"isPartOf\":{\"@id\":\"https:\\\/\\\/www.rassegnastampa-totustuus.it\\\/cattolica\\\/#website\"},\"primaryImageOfPage\":{\"@id\":\"https:\\\/\\\/www.rassegnastampa-totustuus.it\\\/cattolica\\\/impiccano-una-madre-di-cinque-figli-perche-cristiana\\\/#primaryimage\"},\"image\":{\"@id\":\"https:\\\/\\\/www.rassegnastampa-totustuus.it\\\/cattolica\\\/impiccano-una-madre-di-cinque-figli-perche-cristiana\\\/#primaryimage\"},\"thumbnailUrl\":\"https:\\\/\\\/www.rassegnastampa-totustuus.it\\\/cattolica\\\/wp-content\\\/uploads\\\/2012\\\/12\\\/Asia-Bibi.jpg\",\"datePublished\":\"2012-12-12T23:00:00+00:00\",\"dateModified\":\"2016-02-29T11:29:58+00:00\",\"description\":\"Rassegna Stampa Cattolica - Per una cultura che nasce dalla Rivelazione cristiana in conformit\u00e0 alla tradizione e al Magistero della Chiesa in opposizione ad ogni relativismo e totalitarismo\",\"breadcrumb\":{\"@id\":\"https:\\\/\\\/www.rassegnastampa-totustuus.it\\\/cattolica\\\/impiccano-una-madre-di-cinque-figli-perche-cristiana\\\/#breadcrumb\"},\"inLanguage\":\"it-IT\",\"potentialAction\":[{\"@type\":\"ReadAction\",\"target\":[\"https:\\\/\\\/www.rassegnastampa-totustuus.it\\\/cattolica\\\/impiccano-una-madre-di-cinque-figli-perche-cristiana\\\/\"]}]},{\"@type\":\"ImageObject\",\"inLanguage\":\"it-IT\",\"@id\":\"https:\\\/\\\/www.rassegnastampa-totustuus.it\\\/cattolica\\\/impiccano-una-madre-di-cinque-figli-perche-cristiana\\\/#primaryimage\",\"url\":\"https:\\\/\\\/www.rassegnastampa-totustuus.it\\\/cattolica\\\/wp-content\\\/uploads\\\/2012\\\/12\\\/Asia-Bibi.jpg\",\"contentUrl\":\"https:\\\/\\\/www.rassegnastampa-totustuus.it\\\/cattolica\\\/wp-content\\\/uploads\\\/2012\\\/12\\\/Asia-Bibi.jpg\",\"width\":249,\"height\":203},{\"@type\":\"BreadcrumbList\",\"@id\":\"https:\\\/\\\/www.rassegnastampa-totustuus.it\\\/cattolica\\\/impiccano-una-madre-di-cinque-figli-perche-cristiana\\\/#breadcrumb\",\"itemListElement\":[{\"@type\":\"ListItem\",\"position\":1,\"name\":\"Home\",\"item\":\"https:\\\/\\\/www.rassegnastampa-totustuus.it\\\/cattolica\\\/\"},{\"@type\":\"ListItem\",\"position\":2,\"name\":\"Impiccano una madre di cinque figli perche\u2019 cristiana\"}]},{\"@type\":\"WebSite\",\"@id\":\"https:\\\/\\\/www.rassegnastampa-totustuus.it\\\/cattolica\\\/#website\",\"url\":\"https:\\\/\\\/www.rassegnastampa-totustuus.it\\\/cattolica\\\/\",\"name\":\"Rassegna Stampa Cattolica\",\"description\":\"Per una cultura che nasce dalla Rivelazione cristiana in conformit\u00e0 alla tradizione e al Magistero della Chiesa in opposizione ad ogni relativismo e totalitarismo\",\"publisher\":{\"@id\":\"https:\\\/\\\/www.rassegnastampa-totustuus.it\\\/cattolica\\\/#organization\"},\"alternateName\":\"Rass. Cattolica\",\"potentialAction\":[{\"@type\":\"SearchAction\",\"target\":{\"@type\":\"EntryPoint\",\"urlTemplate\":\"https:\\\/\\\/www.rassegnastampa-totustuus.it\\\/cattolica\\\/?s={search_term_string}\"},\"query-input\":{\"@type\":\"PropertyValueSpecification\",\"valueRequired\":true,\"valueName\":\"search_term_string\"}}],\"inLanguage\":\"it-IT\"},{\"@type\":\"Organization\",\"@id\":\"https:\\\/\\\/www.rassegnastampa-totustuus.it\\\/cattolica\\\/#organization\",\"name\":\"Rassegna Stampa Cattolica\",\"url\":\"https:\\\/\\\/www.rassegnastampa-totustuus.it\\\/cattolica\\\/\",\"logo\":{\"@type\":\"ImageObject\",\"inLanguage\":\"it-IT\",\"@id\":\"https:\\\/\\\/www.rassegnastampa-totustuus.it\\\/cattolica\\\/#\\\/schema\\\/logo\\\/image\\\/\",\"url\":\"https:\\\/\\\/www.rassegnastampa-totustuus.it\\\/cattolica\\\/wp-content\\\/uploads\\\/2014\\\/04\\\/logo-rassegna1.gif\",\"contentUrl\":\"https:\\\/\\\/www.rassegnastampa-totustuus.it\\\/cattolica\\\/wp-content\\\/uploads\\\/2014\\\/04\\\/logo-rassegna1.gif\",\"width\":600,\"height\":163,\"caption\":\"Rassegna Stampa Cattolica\"},\"image\":{\"@id\":\"https:\\\/\\\/www.rassegnastampa-totustuus.it\\\/cattolica\\\/#\\\/schema\\\/logo\\\/image\\\/\"},\"sameAs\":[\"https:\\\/\\\/www.facebook.com\\\/rassegnastampacattolica\",\"https:\\\/\\\/x.com\\\/rassegnastampa9\"]},{\"@type\":\"Person\",\"@id\":\"https:\\\/\\\/www.rassegnastampa-totustuus.it\\\/cattolica\\\/#\\\/schema\\\/person\\\/08f319d2bd1a0904ad9e2bfb7b15e5c3\",\"name\":\"Redazione\",\"image\":{\"@type\":\"ImageObject\",\"inLanguage\":\"it-IT\",\"@id\":\"https:\\\/\\\/secure.gravatar.com\\\/avatar\\\/2fcdf27c78ea025fbdb44e914cc63c72249ffec9dc8aafd5c82b26240ef3f346?s=96&d=mm&r=g\",\"url\":\"https:\\\/\\\/secure.gravatar.com\\\/avatar\\\/2fcdf27c78ea025fbdb44e914cc63c72249ffec9dc8aafd5c82b26240ef3f346?s=96&d=mm&r=g\",\"contentUrl\":\"https:\\\/\\\/secure.gravatar.com\\\/avatar\\\/2fcdf27c78ea025fbdb44e914cc63c72249ffec9dc8aafd5c82b26240ef3f346?s=96&d=mm&r=g\",\"caption\":\"Redazione\"},\"url\":\"https:\\\/\\\/www.rassegnastampa-totustuus.it\\\/cattolica\\\/author\\\/pietroelle\\\/\"}]}<\/script>\n<!-- \/ Yoast SEO plugin. -->","yoast_head_json":{"title":"Impiccano una madre di cinque figli perche\u2019 cristiana - Rassegna Stampa Cattolica","description":"Rassegna Stampa Cattolica - Per una cultura che nasce dalla Rivelazione cristiana in conformit\u00e0 alla tradizione e al Magistero della Chiesa in opposizione ad ogni relativismo e totalitarismo","robots":{"index":"index","follow":"follow","max-snippet":"max-snippet:-1","max-image-preview":"max-image-preview:large","max-video-preview":"max-video-preview:-1"},"canonical":"https:\/\/www.rassegnastampa-totustuus.it\/cattolica\/impiccano-una-madre-di-cinque-figli-perche-cristiana\/","og_locale":"it_IT","og_type":"article","og_title":"Impiccano una madre di cinque figli perche\u2019 cristiana - Rassegna Stampa Cattolica","og_description":"Rassegna Stampa Cattolica - Per una cultura che nasce dalla Rivelazione cristiana in conformit\u00e0 alla tradizione e al Magistero della Chiesa in opposizione ad ogni relativismo e totalitarismo","og_url":"https:\/\/www.rassegnastampa-totustuus.it\/cattolica\/impiccano-una-madre-di-cinque-figli-perche-cristiana\/","og_site_name":"Rassegna Stampa Cattolica","article_publisher":"https:\/\/www.facebook.com\/rassegnastampacattolica","article_published_time":"2012-12-12T23:00:00+00:00","article_modified_time":"2016-02-29T11:29:58+00:00","og_image":[{"width":249,"height":203,"url":"https:\/\/www.rassegnastampa-totustuus.it\/cattolica\/wp-content\/uploads\/2012\/12\/Asia-Bibi.jpg","type":"image\/jpeg"}],"author":"Redazione","twitter_card":"summary_large_image","twitter_creator":"@rassegnastampa9","twitter_site":"@rassegnastampa9","twitter_misc":{"Scritto da":"Redazione","Tempo di lettura stimato":"6 minuti"},"schema":{"@context":"https:\/\/schema.org","@graph":[{"@type":"Article","@id":"https:\/\/www.rassegnastampa-totustuus.it\/cattolica\/impiccano-una-madre-di-cinque-figli-perche-cristiana\/#article","isPartOf":{"@id":"https:\/\/www.rassegnastampa-totustuus.it\/cattolica\/impiccano-una-madre-di-cinque-figli-perche-cristiana\/"},"author":{"name":"Redazione","@id":"https:\/\/www.rassegnastampa-totustuus.it\/cattolica\/#\/schema\/person\/08f319d2bd1a0904ad9e2bfb7b15e5c3"},"headline":"Impiccano una madre di cinque figli perche\u2019 cristiana","datePublished":"2012-12-12T23:00:00+00:00","dateModified":"2016-02-29T11:29:58+00:00","mainEntityOfPage":{"@id":"https:\/\/www.rassegnastampa-totustuus.it\/cattolica\/impiccano-una-madre-di-cinque-figli-perche-cristiana\/"},"wordCount":1216,"publisher":{"@id":"https:\/\/www.rassegnastampa-totustuus.it\/cattolica\/#organization"},"image":{"@id":"https:\/\/www.rassegnastampa-totustuus.it\/cattolica\/impiccano-una-madre-di-cinque-figli-perche-cristiana\/#primaryimage"},"thumbnailUrl":"https:\/\/www.rassegnastampa-totustuus.it\/cattolica\/wp-content\/uploads\/2012\/12\/Asia-Bibi.jpg","keywords":["cristiani perseguitati","Pakistan"],"articleSection":["Cristiani nell'islam"],"inLanguage":"it-IT"},{"@type":"WebPage","@id":"https:\/\/www.rassegnastampa-totustuus.it\/cattolica\/impiccano-una-madre-di-cinque-figli-perche-cristiana\/","url":"https:\/\/www.rassegnastampa-totustuus.it\/cattolica\/impiccano-una-madre-di-cinque-figli-perche-cristiana\/","name":"Impiccano una madre di cinque figli perche\u2019 cristiana - Rassegna Stampa Cattolica","isPartOf":{"@id":"https:\/\/www.rassegnastampa-totustuus.it\/cattolica\/#website"},"primaryImageOfPage":{"@id":"https:\/\/www.rassegnastampa-totustuus.it\/cattolica\/impiccano-una-madre-di-cinque-figli-perche-cristiana\/#primaryimage"},"image":{"@id":"https:\/\/www.rassegnastampa-totustuus.it\/cattolica\/impiccano-una-madre-di-cinque-figli-perche-cristiana\/#primaryimage"},"thumbnailUrl":"https:\/\/www.rassegnastampa-totustuus.it\/cattolica\/wp-content\/uploads\/2012\/12\/Asia-Bibi.jpg","datePublished":"2012-12-12T23:00:00+00:00","dateModified":"2016-02-29T11:29:58+00:00","description":"Rassegna Stampa Cattolica - Per una cultura che nasce dalla Rivelazione cristiana in conformit\u00e0 alla tradizione e al Magistero della Chiesa in opposizione ad ogni relativismo e totalitarismo","breadcrumb":{"@id":"https:\/\/www.rassegnastampa-totustuus.it\/cattolica\/impiccano-una-madre-di-cinque-figli-perche-cristiana\/#breadcrumb"},"inLanguage":"it-IT","potentialAction":[{"@type":"ReadAction","target":["https:\/\/www.rassegnastampa-totustuus.it\/cattolica\/impiccano-una-madre-di-cinque-figli-perche-cristiana\/"]}]},{"@type":"ImageObject","inLanguage":"it-IT","@id":"https:\/\/www.rassegnastampa-totustuus.it\/cattolica\/impiccano-una-madre-di-cinque-figli-perche-cristiana\/#primaryimage","url":"https:\/\/www.rassegnastampa-totustuus.it\/cattolica\/wp-content\/uploads\/2012\/12\/Asia-Bibi.jpg","contentUrl":"https:\/\/www.rassegnastampa-totustuus.it\/cattolica\/wp-content\/uploads\/2012\/12\/Asia-Bibi.jpg","width":249,"height":203},{"@type":"BreadcrumbList","@id":"https:\/\/www.rassegnastampa-totustuus.it\/cattolica\/impiccano-una-madre-di-cinque-figli-perche-cristiana\/#breadcrumb","itemListElement":[{"@type":"ListItem","position":1,"name":"Home","item":"https:\/\/www.rassegnastampa-totustuus.it\/cattolica\/"},{"@type":"ListItem","position":2,"name":"Impiccano una madre di cinque figli perche\u2019 cristiana"}]},{"@type":"WebSite","@id":"https:\/\/www.rassegnastampa-totustuus.it\/cattolica\/#website","url":"https:\/\/www.rassegnastampa-totustuus.it\/cattolica\/","name":"Rassegna Stampa Cattolica","description":"Per una cultura che nasce dalla Rivelazione cristiana in conformit\u00e0 alla tradizione e al Magistero della Chiesa in opposizione ad ogni relativismo e totalitarismo","publisher":{"@id":"https:\/\/www.rassegnastampa-totustuus.it\/cattolica\/#organization"},"alternateName":"Rass. Cattolica","potentialAction":[{"@type":"SearchAction","target":{"@type":"EntryPoint","urlTemplate":"https:\/\/www.rassegnastampa-totustuus.it\/cattolica\/?s={search_term_string}"},"query-input":{"@type":"PropertyValueSpecification","valueRequired":true,"valueName":"search_term_string"}}],"inLanguage":"it-IT"},{"@type":"Organization","@id":"https:\/\/www.rassegnastampa-totustuus.it\/cattolica\/#organization","name":"Rassegna Stampa Cattolica","url":"https:\/\/www.rassegnastampa-totustuus.it\/cattolica\/","logo":{"@type":"ImageObject","inLanguage":"it-IT","@id":"https:\/\/www.rassegnastampa-totustuus.it\/cattolica\/#\/schema\/logo\/image\/","url":"https:\/\/www.rassegnastampa-totustuus.it\/cattolica\/wp-content\/uploads\/2014\/04\/logo-rassegna1.gif","contentUrl":"https:\/\/www.rassegnastampa-totustuus.it\/cattolica\/wp-content\/uploads\/2014\/04\/logo-rassegna1.gif","width":600,"height":163,"caption":"Rassegna Stampa Cattolica"},"image":{"@id":"https:\/\/www.rassegnastampa-totustuus.it\/cattolica\/#\/schema\/logo\/image\/"},"sameAs":["https:\/\/www.facebook.com\/rassegnastampacattolica","https:\/\/x.com\/rassegnastampa9"]},{"@type":"Person","@id":"https:\/\/www.rassegnastampa-totustuus.it\/cattolica\/#\/schema\/person\/08f319d2bd1a0904ad9e2bfb7b15e5c3","name":"Redazione","image":{"@type":"ImageObject","inLanguage":"it-IT","@id":"https:\/\/secure.gravatar.com\/avatar\/2fcdf27c78ea025fbdb44e914cc63c72249ffec9dc8aafd5c82b26240ef3f346?s=96&d=mm&r=g","url":"https:\/\/secure.gravatar.com\/avatar\/2fcdf27c78ea025fbdb44e914cc63c72249ffec9dc8aafd5c82b26240ef3f346?s=96&d=mm&r=g","contentUrl":"https:\/\/secure.gravatar.com\/avatar\/2fcdf27c78ea025fbdb44e914cc63c72249ffec9dc8aafd5c82b26240ef3f346?s=96&d=mm&r=g","caption":"Redazione"},"url":"https:\/\/www.rassegnastampa-totustuus.it\/cattolica\/author\/pietroelle\/"}]}},"_links":{"self":[{"href":"https:\/\/www.rassegnastampa-totustuus.it\/cattolica\/wp-json\/wp\/v2\/posts\/5330","targetHints":{"allow":["GET"]}}],"collection":[{"href":"https:\/\/www.rassegnastampa-totustuus.it\/cattolica\/wp-json\/wp\/v2\/posts"}],"about":[{"href":"https:\/\/www.rassegnastampa-totustuus.it\/cattolica\/wp-json\/wp\/v2\/types\/post"}],"author":[{"embeddable":true,"href":"https:\/\/www.rassegnastampa-totustuus.it\/cattolica\/wp-json\/wp\/v2\/users\/6"}],"replies":[{"embeddable":true,"href":"https:\/\/www.rassegnastampa-totustuus.it\/cattolica\/wp-json\/wp\/v2\/comments?post=5330"}],"version-history":[{"count":4,"href":"https:\/\/www.rassegnastampa-totustuus.it\/cattolica\/wp-json\/wp\/v2\/posts\/5330\/revisions"}],"predecessor-version":[{"id":31144,"href":"https:\/\/www.rassegnastampa-totustuus.it\/cattolica\/wp-json\/wp\/v2\/posts\/5330\/revisions\/31144"}],"wp:featuredmedia":[{"embeddable":true,"href":"https:\/\/www.rassegnastampa-totustuus.it\/cattolica\/wp-json\/wp\/v2\/media\/31143"}],"wp:attachment":[{"href":"https:\/\/www.rassegnastampa-totustuus.it\/cattolica\/wp-json\/wp\/v2\/media?parent=5330"}],"wp:term":[{"taxonomy":"category","embeddable":true,"href":"https:\/\/www.rassegnastampa-totustuus.it\/cattolica\/wp-json\/wp\/v2\/categories?post=5330"},{"taxonomy":"post_tag","embeddable":true,"href":"https:\/\/www.rassegnastampa-totustuus.it\/cattolica\/wp-json\/wp\/v2\/tags?post=5330"}],"curies":[{"name":"wp","href":"https:\/\/api.w.org\/{rel}","templated":true}]}}