{"id":5329,"date":"2012-12-12T10:59:52","date_gmt":"2012-12-12T09:59:52","guid":{"rendered":""},"modified":"2016-06-24T10:01:09","modified_gmt":"2016-06-24T08:01:09","slug":"in-ricordo-di-don-mario-agosta-storico-parroco-di-marina","status":"publish","type":"post","link":"https:\/\/www.rassegnastampa-totustuus.it\/cattolica\/in-ricordo-di-don-mario-agosta-storico-parroco-di-marina\/","title":{"rendered":"In ricordo di don Mario Agosta storico parroco di Marina"},"content":{"rendered":"<div style=\"text-align: center;\">\n<div id=\"attachment_35341\" style=\"width: 250px\" class=\"wp-caption alignright\"><img loading=\"lazy\" decoding=\"async\" aria-describedby=\"caption-attachment-35341\" class=\"wp-image-35341\" src=\"https:\/\/www.rassegnastampa-totustuus.it\/cattolica\/wp-content\/uploads\/2012\/12\/S.-Maria-Ausiliatrice-in-Marina-d\u00ec-Pisa.jpg\" alt=\"S. Maria Ausiliatrice in Marina d\u00ec Pisa\" width=\"250\" height=\"166\" \/><p id=\"caption-attachment-35341\" class=\"wp-caption-text\">S. Maria Ausiliatrice in Marina d\u00ec Pisa<\/p><\/div>\n<p><strong>Toscana Oggi<\/strong> 9 dicembre 2012<\/div>\n<p style=\"text-align: justify;\">Una grande fede, una solida preparazione filosofica e teologica, amore per la Chiesa e fedelt\u00e0 alla sua dottrina, un ministero svolto con dolcezza ed umilt\u00e0: \u00e8 il ritratto di don Mario Agosta (1917-1992), salesiano, parroco nella chiesa di Maria Ausiliatrice a Marina d\u00ec Pisa dal 1965 a! 1979.<\/p>\n<p><!--more--><\/p>\n<div style=\"text-align: justify;\">Cos\u00ec lo ricorda il Centro cattolico di documentazione di Marina di Pisa: \u00abSperimentata la sterilit\u00e0 di un certo adattamento atto &#8220;spirito del tempo&#8221;, riprese con entusiasmo a organizzare ritiri spirituali e catechesi tese a formare cattolici convinti e coerenti testimoni. &#8220;In questi tempi &#8211; diceva don Mario &#8211; &#8221; I preti vogliono fare i laici e i laici vogliono fare i preti&#8221;.<\/div>\n<p style=\"text-align: justify;\">Ma in Maria Ausiliatrice il sacerdote era sacerdote e i laici erano laici\u00bb.\u00abDon Mario avvi\u00f2 cos\u00ec una &#8220;nuova evangelizzazione&#8221; che, all&#8217;epoca, appariva ad alcuni scandalosa o &#8220;integralista&#8221;: infatti, don Agosta era troppo innovativo per poter essere compreso da coloro che preferivano conformarsi al mondo e alle sue mode.<\/p>\n<p style=\"text-align: justify;\">La mostra sulla persecuzione dei credenti in Unione Sovietica fu contestata non solo dall&#8217;esterno, ma anche dall&#8217;interno della parrocchia, da chi giudicava tale iniziativa non rispondente allo spirito dei tempi che richiedeva apertura e dialogo con forze ormai ritenute accreditabili anche, perch\u00e9 vincenti\u00bb.<\/p>\n<p style=\"text-align: justify;\">\u00abAltre posizioni in favore della famiglia e della vita furono oggetto di critiche che, a distanza di anni, sembrano lontane anni luce dalla realt\u00e0 e dai documenti del Magistero, Lo &#8220;tsunami della secolarizzazione&#8221;, secondo la definizione dell&#8217;arcivescovo di Washington, Donala William Wuerl, stava travolgendo &#8220;il paesaggio culturale, portando via con s\u00e9 indicatori sociali come il matrimonio, la famiglia, il concetto di bene comune e la distinzione fra bene e male&#8221;\u00bb.<\/p>\n<p style=\"text-align: justify;\">\u00abDon Agosto, intu\u00ec fin da subito questi problemi e appoggiandosi alla preghiera e al magistero, in particolar modo atta dottrina sociale della Chiesa, cerc\u00f2 di affrontarli. Si crearono difficolt\u00e0 e divisioni che portarono a enormi sofferenze e, da ultimo, al trasferimento del parroco in due piccole parrocchie al confine con la Francia. Ma don Agosto, continu\u00f2 a seminare la stessa feconda semente\u00bb.<\/p>\n<p style=\"text-align: justify;\">\u00abSemente che continu\u00f2 a dare i suoi frutti anche a Marina di Pisa: lo testimonia l&#8217;attivit\u00e0 di quei gruppi che portano avanti un apostolato. Per tutto questo ricordiamo don Mario con affetto e con animo grata ci affidiamo alla sua intercessione nella speranza d\u00ec poterlo incontrare in Paradiso\u00bb.<\/p>\n<p style=\"text-align: justify;\">Con questo spirito il Centro cattolico di documentazione e Alleanza cattolica ricorderanno don Mario Agosta in due iniziative: un incontro a Pisa, fissato per venerd\u00ec 14 dicembre alle ore 21,30 nella saia delle conferenze della chiesa di S.Maria del Carmine in Corso Italia su un tema a lui molto caro, \u00abI cristiani: la minoranza pi\u00f9 perseguitata del mondo\u00bb.<\/p>\n<p style=\"text-align: justify;\">Interverr\u00e0 il professar Massimo Introvigne direttore del Cesnur, La domenica successiva, 16 dicembre, don Mario Agosta verr\u00e0 ricordato dalla sua comunit\u00e0 marinese nella S. Messa delle ore 11.<\/p>\n","protected":false},"excerpt":{"rendered":"<p>Toscana Oggi 9 dicembre 2012 Una grande fede, una solida preparazione filosofica e teologica, amore per la Chiesa e fedelt\u00e0 alla sua dottrina, un ministero svolto con dolcezza ed umilt\u00e0: \u00e8 il ritratto di don Mario Agosta (1917-1992), salesiano, parroco nella chiesa di Maria Ausiliatrice a Marina d\u00ec Pisa dal 1965 a! 1979.<\/p><p><a class=\"more-link btn\" href=\"https:\/\/www.rassegnastampa-totustuus.it\/cattolica\/in-ricordo-di-don-mario-agosta-storico-parroco-di-marina\/\">Continua a leggere<\/a><\/p>\n","protected":false},"author":6,"featured_media":35341,"comment_status":"closed","ping_status":"open","sticky":false,"template":"","format":"standard","meta":{"footnotes":""},"categories":[5,18],"tags":[2120],"class_list":["post-5329","post","type-post","status-publish","format-standard","has-post-thumbnail","hentry","category-chiesa","category-personaggi","tag-mario-agosta","item-wrap"],"yoast_head":"<!-- This site is optimized with the Yoast SEO plugin v27.5 - https:\/\/yoast.com\/product\/yoast-seo-wordpress\/ -->\n<title>In ricordo di don Mario Agosta storico parroco di Marina - Rassegna Stampa Cattolica<\/title>\n<meta name=\"description\" content=\"Rassegna Stampa Cattolica - Per una cultura che nasce dalla Rivelazione cristiana in conformit\u00e0 alla tradizione e al Magistero della Chiesa in opposizione ad ogni relativismo e totalitarismo\" \/>\n<meta name=\"robots\" content=\"index, follow, max-snippet:-1, max-image-preview:large, max-video-preview:-1\" \/>\n<link rel=\"canonical\" href=\"https:\/\/www.rassegnastampa-totustuus.it\/cattolica\/in-ricordo-di-don-mario-agosta-storico-parroco-di-marina\/\" \/>\n<meta property=\"og:locale\" content=\"it_IT\" \/>\n<meta property=\"og:type\" content=\"article\" \/>\n<meta property=\"og:title\" content=\"In ricordo di don Mario Agosta storico parroco di Marina - Rassegna Stampa Cattolica\" \/>\n<meta property=\"og:description\" content=\"Rassegna Stampa Cattolica - Per una cultura che nasce dalla Rivelazione cristiana in conformit\u00e0 alla tradizione e al Magistero della Chiesa in opposizione ad ogni relativismo e totalitarismo\" \/>\n<meta property=\"og:url\" content=\"https:\/\/www.rassegnastampa-totustuus.it\/cattolica\/in-ricordo-di-don-mario-agosta-storico-parroco-di-marina\/\" \/>\n<meta property=\"og:site_name\" content=\"Rassegna Stampa Cattolica\" \/>\n<meta property=\"article:publisher\" content=\"https:\/\/www.facebook.com\/rassegnastampacattolica\" \/>\n<meta property=\"article:published_time\" content=\"2012-12-12T09:59:52+00:00\" \/>\n<meta property=\"article:modified_time\" content=\"2016-06-24T08:01:09+00:00\" \/>\n<meta property=\"og:image\" content=\"https:\/\/www.rassegnastampa-totustuus.it\/cattolica\/wp-content\/uploads\/2012\/12\/S.-Maria-Ausiliatrice-in-Marina-d\u00ec-Pisa.jpg\" \/>\n\t<meta property=\"og:image:width\" content=\"275\" \/>\n\t<meta property=\"og:image:height\" content=\"183\" \/>\n\t<meta property=\"og:image:type\" content=\"image\/jpeg\" \/>\n<meta name=\"author\" content=\"Redazione\" \/>\n<meta name=\"twitter:card\" content=\"summary_large_image\" \/>\n<meta name=\"twitter:creator\" content=\"@rassegnastampa9\" \/>\n<meta name=\"twitter:site\" content=\"@rassegnastampa9\" \/>\n<meta name=\"twitter:label1\" content=\"Scritto da\" \/>\n\t<meta name=\"twitter:data1\" content=\"Redazione\" \/>\n\t<meta name=\"twitter:label2\" content=\"Tempo di lettura stimato\" \/>\n\t<meta name=\"twitter:data2\" content=\"2 minuti\" \/>\n<script type=\"application\/ld+json\" class=\"yoast-schema-graph\">{\"@context\":\"https:\\\/\\\/schema.org\",\"@graph\":[{\"@type\":\"Article\",\"@id\":\"https:\\\/\\\/www.rassegnastampa-totustuus.it\\\/cattolica\\\/in-ricordo-di-don-mario-agosta-storico-parroco-di-marina\\\/#article\",\"isPartOf\":{\"@id\":\"https:\\\/\\\/www.rassegnastampa-totustuus.it\\\/cattolica\\\/in-ricordo-di-don-mario-agosta-storico-parroco-di-marina\\\/\"},\"author\":{\"name\":\"Redazione\",\"@id\":\"https:\\\/\\\/www.rassegnastampa-totustuus.it\\\/cattolica\\\/#\\\/schema\\\/person\\\/08f319d2bd1a0904ad9e2bfb7b15e5c3\"},\"headline\":\"In ricordo di don Mario Agosta storico parroco di Marina\",\"datePublished\":\"2012-12-12T09:59:52+00:00\",\"dateModified\":\"2016-06-24T08:01:09+00:00\",\"mainEntityOfPage\":{\"@id\":\"https:\\\/\\\/www.rassegnastampa-totustuus.it\\\/cattolica\\\/in-ricordo-di-don-mario-agosta-storico-parroco-di-marina\\\/\"},\"wordCount\":493,\"publisher\":{\"@id\":\"https:\\\/\\\/www.rassegnastampa-totustuus.it\\\/cattolica\\\/#organization\"},\"image\":{\"@id\":\"https:\\\/\\\/www.rassegnastampa-totustuus.it\\\/cattolica\\\/in-ricordo-di-don-mario-agosta-storico-parroco-di-marina\\\/#primaryimage\"},\"thumbnailUrl\":\"https:\\\/\\\/www.rassegnastampa-totustuus.it\\\/cattolica\\\/wp-content\\\/uploads\\\/2012\\\/12\\\/S.-Maria-Ausiliatrice-in-Marina-d\u00ec-Pisa.jpg\",\"keywords\":[\"Mario Agosta\"],\"articleSection\":[\"Chiesa\",\"Personaggi\"],\"inLanguage\":\"it-IT\"},{\"@type\":\"WebPage\",\"@id\":\"https:\\\/\\\/www.rassegnastampa-totustuus.it\\\/cattolica\\\/in-ricordo-di-don-mario-agosta-storico-parroco-di-marina\\\/\",\"url\":\"https:\\\/\\\/www.rassegnastampa-totustuus.it\\\/cattolica\\\/in-ricordo-di-don-mario-agosta-storico-parroco-di-marina\\\/\",\"name\":\"In ricordo di don Mario Agosta storico parroco di Marina - Rassegna Stampa Cattolica\",\"isPartOf\":{\"@id\":\"https:\\\/\\\/www.rassegnastampa-totustuus.it\\\/cattolica\\\/#website\"},\"primaryImageOfPage\":{\"@id\":\"https:\\\/\\\/www.rassegnastampa-totustuus.it\\\/cattolica\\\/in-ricordo-di-don-mario-agosta-storico-parroco-di-marina\\\/#primaryimage\"},\"image\":{\"@id\":\"https:\\\/\\\/www.rassegnastampa-totustuus.it\\\/cattolica\\\/in-ricordo-di-don-mario-agosta-storico-parroco-di-marina\\\/#primaryimage\"},\"thumbnailUrl\":\"https:\\\/\\\/www.rassegnastampa-totustuus.it\\\/cattolica\\\/wp-content\\\/uploads\\\/2012\\\/12\\\/S.-Maria-Ausiliatrice-in-Marina-d\u00ec-Pisa.jpg\",\"datePublished\":\"2012-12-12T09:59:52+00:00\",\"dateModified\":\"2016-06-24T08:01:09+00:00\",\"description\":\"Rassegna Stampa Cattolica - Per una cultura che nasce dalla Rivelazione cristiana in conformit\u00e0 alla tradizione e al Magistero della Chiesa in opposizione ad ogni relativismo e totalitarismo\",\"breadcrumb\":{\"@id\":\"https:\\\/\\\/www.rassegnastampa-totustuus.it\\\/cattolica\\\/in-ricordo-di-don-mario-agosta-storico-parroco-di-marina\\\/#breadcrumb\"},\"inLanguage\":\"it-IT\",\"potentialAction\":[{\"@type\":\"ReadAction\",\"target\":[\"https:\\\/\\\/www.rassegnastampa-totustuus.it\\\/cattolica\\\/in-ricordo-di-don-mario-agosta-storico-parroco-di-marina\\\/\"]}]},{\"@type\":\"ImageObject\",\"inLanguage\":\"it-IT\",\"@id\":\"https:\\\/\\\/www.rassegnastampa-totustuus.it\\\/cattolica\\\/in-ricordo-di-don-mario-agosta-storico-parroco-di-marina\\\/#primaryimage\",\"url\":\"https:\\\/\\\/www.rassegnastampa-totustuus.it\\\/cattolica\\\/wp-content\\\/uploads\\\/2012\\\/12\\\/S.-Maria-Ausiliatrice-in-Marina-d\u00ec-Pisa.jpg\",\"contentUrl\":\"https:\\\/\\\/www.rassegnastampa-totustuus.it\\\/cattolica\\\/wp-content\\\/uploads\\\/2012\\\/12\\\/S.-Maria-Ausiliatrice-in-Marina-d\u00ec-Pisa.jpg\",\"width\":275,\"height\":183},{\"@type\":\"BreadcrumbList\",\"@id\":\"https:\\\/\\\/www.rassegnastampa-totustuus.it\\\/cattolica\\\/in-ricordo-di-don-mario-agosta-storico-parroco-di-marina\\\/#breadcrumb\",\"itemListElement\":[{\"@type\":\"ListItem\",\"position\":1,\"name\":\"Home\",\"item\":\"https:\\\/\\\/www.rassegnastampa-totustuus.it\\\/cattolica\\\/\"},{\"@type\":\"ListItem\",\"position\":2,\"name\":\"In ricordo di don Mario Agosta storico parroco di Marina\"}]},{\"@type\":\"WebSite\",\"@id\":\"https:\\\/\\\/www.rassegnastampa-totustuus.it\\\/cattolica\\\/#website\",\"url\":\"https:\\\/\\\/www.rassegnastampa-totustuus.it\\\/cattolica\\\/\",\"name\":\"Rassegna Stampa Cattolica\",\"description\":\"Per una cultura che nasce dalla Rivelazione cristiana in conformit\u00e0 alla tradizione e al Magistero della Chiesa in opposizione ad ogni relativismo e totalitarismo\",\"publisher\":{\"@id\":\"https:\\\/\\\/www.rassegnastampa-totustuus.it\\\/cattolica\\\/#organization\"},\"alternateName\":\"Rass. Cattolica\",\"potentialAction\":[{\"@type\":\"SearchAction\",\"target\":{\"@type\":\"EntryPoint\",\"urlTemplate\":\"https:\\\/\\\/www.rassegnastampa-totustuus.it\\\/cattolica\\\/?s={search_term_string}\"},\"query-input\":{\"@type\":\"PropertyValueSpecification\",\"valueRequired\":true,\"valueName\":\"search_term_string\"}}],\"inLanguage\":\"it-IT\"},{\"@type\":\"Organization\",\"@id\":\"https:\\\/\\\/www.rassegnastampa-totustuus.it\\\/cattolica\\\/#organization\",\"name\":\"Rassegna Stampa Cattolica\",\"url\":\"https:\\\/\\\/www.rassegnastampa-totustuus.it\\\/cattolica\\\/\",\"logo\":{\"@type\":\"ImageObject\",\"inLanguage\":\"it-IT\",\"@id\":\"https:\\\/\\\/www.rassegnastampa-totustuus.it\\\/cattolica\\\/#\\\/schema\\\/logo\\\/image\\\/\",\"url\":\"https:\\\/\\\/www.rassegnastampa-totustuus.it\\\/cattolica\\\/wp-content\\\/uploads\\\/2014\\\/04\\\/logo-rassegna1.gif\",\"contentUrl\":\"https:\\\/\\\/www.rassegnastampa-totustuus.it\\\/cattolica\\\/wp-content\\\/uploads\\\/2014\\\/04\\\/logo-rassegna1.gif\",\"width\":600,\"height\":163,\"caption\":\"Rassegna Stampa Cattolica\"},\"image\":{\"@id\":\"https:\\\/\\\/www.rassegnastampa-totustuus.it\\\/cattolica\\\/#\\\/schema\\\/logo\\\/image\\\/\"},\"sameAs\":[\"https:\\\/\\\/www.facebook.com\\\/rassegnastampacattolica\",\"https:\\\/\\\/x.com\\\/rassegnastampa9\"]},{\"@type\":\"Person\",\"@id\":\"https:\\\/\\\/www.rassegnastampa-totustuus.it\\\/cattolica\\\/#\\\/schema\\\/person\\\/08f319d2bd1a0904ad9e2bfb7b15e5c3\",\"name\":\"Redazione\",\"image\":{\"@type\":\"ImageObject\",\"inLanguage\":\"it-IT\",\"@id\":\"https:\\\/\\\/secure.gravatar.com\\\/avatar\\\/2fcdf27c78ea025fbdb44e914cc63c72249ffec9dc8aafd5c82b26240ef3f346?s=96&d=mm&r=g\",\"url\":\"https:\\\/\\\/secure.gravatar.com\\\/avatar\\\/2fcdf27c78ea025fbdb44e914cc63c72249ffec9dc8aafd5c82b26240ef3f346?s=96&d=mm&r=g\",\"contentUrl\":\"https:\\\/\\\/secure.gravatar.com\\\/avatar\\\/2fcdf27c78ea025fbdb44e914cc63c72249ffec9dc8aafd5c82b26240ef3f346?s=96&d=mm&r=g\",\"caption\":\"Redazione\"},\"url\":\"https:\\\/\\\/www.rassegnastampa-totustuus.it\\\/cattolica\\\/author\\\/pietroelle\\\/\"}]}<\/script>\n<!-- \/ Yoast SEO plugin. -->","yoast_head_json":{"title":"In ricordo di don Mario Agosta storico parroco di Marina - Rassegna Stampa Cattolica","description":"Rassegna Stampa Cattolica - Per una cultura che nasce dalla Rivelazione cristiana in conformit\u00e0 alla tradizione e al Magistero della Chiesa in opposizione ad ogni relativismo e totalitarismo","robots":{"index":"index","follow":"follow","max-snippet":"max-snippet:-1","max-image-preview":"max-image-preview:large","max-video-preview":"max-video-preview:-1"},"canonical":"https:\/\/www.rassegnastampa-totustuus.it\/cattolica\/in-ricordo-di-don-mario-agosta-storico-parroco-di-marina\/","og_locale":"it_IT","og_type":"article","og_title":"In ricordo di don Mario Agosta storico parroco di Marina - Rassegna Stampa Cattolica","og_description":"Rassegna Stampa Cattolica - Per una cultura che nasce dalla Rivelazione cristiana in conformit\u00e0 alla tradizione e al Magistero della Chiesa in opposizione ad ogni relativismo e totalitarismo","og_url":"https:\/\/www.rassegnastampa-totustuus.it\/cattolica\/in-ricordo-di-don-mario-agosta-storico-parroco-di-marina\/","og_site_name":"Rassegna Stampa Cattolica","article_publisher":"https:\/\/www.facebook.com\/rassegnastampacattolica","article_published_time":"2012-12-12T09:59:52+00:00","article_modified_time":"2016-06-24T08:01:09+00:00","og_image":[{"width":275,"height":183,"url":"https:\/\/www.rassegnastampa-totustuus.it\/cattolica\/wp-content\/uploads\/2012\/12\/S.-Maria-Ausiliatrice-in-Marina-d\u00ec-Pisa.jpg","type":"image\/jpeg"}],"author":"Redazione","twitter_card":"summary_large_image","twitter_creator":"@rassegnastampa9","twitter_site":"@rassegnastampa9","twitter_misc":{"Scritto da":"Redazione","Tempo di lettura stimato":"2 minuti"},"schema":{"@context":"https:\/\/schema.org","@graph":[{"@type":"Article","@id":"https:\/\/www.rassegnastampa-totustuus.it\/cattolica\/in-ricordo-di-don-mario-agosta-storico-parroco-di-marina\/#article","isPartOf":{"@id":"https:\/\/www.rassegnastampa-totustuus.it\/cattolica\/in-ricordo-di-don-mario-agosta-storico-parroco-di-marina\/"},"author":{"name":"Redazione","@id":"https:\/\/www.rassegnastampa-totustuus.it\/cattolica\/#\/schema\/person\/08f319d2bd1a0904ad9e2bfb7b15e5c3"},"headline":"In ricordo di don Mario Agosta storico parroco di Marina","datePublished":"2012-12-12T09:59:52+00:00","dateModified":"2016-06-24T08:01:09+00:00","mainEntityOfPage":{"@id":"https:\/\/www.rassegnastampa-totustuus.it\/cattolica\/in-ricordo-di-don-mario-agosta-storico-parroco-di-marina\/"},"wordCount":493,"publisher":{"@id":"https:\/\/www.rassegnastampa-totustuus.it\/cattolica\/#organization"},"image":{"@id":"https:\/\/www.rassegnastampa-totustuus.it\/cattolica\/in-ricordo-di-don-mario-agosta-storico-parroco-di-marina\/#primaryimage"},"thumbnailUrl":"https:\/\/www.rassegnastampa-totustuus.it\/cattolica\/wp-content\/uploads\/2012\/12\/S.-Maria-Ausiliatrice-in-Marina-d\u00ec-Pisa.jpg","keywords":["Mario Agosta"],"articleSection":["Chiesa","Personaggi"],"inLanguage":"it-IT"},{"@type":"WebPage","@id":"https:\/\/www.rassegnastampa-totustuus.it\/cattolica\/in-ricordo-di-don-mario-agosta-storico-parroco-di-marina\/","url":"https:\/\/www.rassegnastampa-totustuus.it\/cattolica\/in-ricordo-di-don-mario-agosta-storico-parroco-di-marina\/","name":"In ricordo di don Mario Agosta storico parroco di Marina - Rassegna Stampa Cattolica","isPartOf":{"@id":"https:\/\/www.rassegnastampa-totustuus.it\/cattolica\/#website"},"primaryImageOfPage":{"@id":"https:\/\/www.rassegnastampa-totustuus.it\/cattolica\/in-ricordo-di-don-mario-agosta-storico-parroco-di-marina\/#primaryimage"},"image":{"@id":"https:\/\/www.rassegnastampa-totustuus.it\/cattolica\/in-ricordo-di-don-mario-agosta-storico-parroco-di-marina\/#primaryimage"},"thumbnailUrl":"https:\/\/www.rassegnastampa-totustuus.it\/cattolica\/wp-content\/uploads\/2012\/12\/S.-Maria-Ausiliatrice-in-Marina-d\u00ec-Pisa.jpg","datePublished":"2012-12-12T09:59:52+00:00","dateModified":"2016-06-24T08:01:09+00:00","description":"Rassegna Stampa Cattolica - Per una cultura che nasce dalla Rivelazione cristiana in conformit\u00e0 alla tradizione e al Magistero della Chiesa in opposizione ad ogni relativismo e totalitarismo","breadcrumb":{"@id":"https:\/\/www.rassegnastampa-totustuus.it\/cattolica\/in-ricordo-di-don-mario-agosta-storico-parroco-di-marina\/#breadcrumb"},"inLanguage":"it-IT","potentialAction":[{"@type":"ReadAction","target":["https:\/\/www.rassegnastampa-totustuus.it\/cattolica\/in-ricordo-di-don-mario-agosta-storico-parroco-di-marina\/"]}]},{"@type":"ImageObject","inLanguage":"it-IT","@id":"https:\/\/www.rassegnastampa-totustuus.it\/cattolica\/in-ricordo-di-don-mario-agosta-storico-parroco-di-marina\/#primaryimage","url":"https:\/\/www.rassegnastampa-totustuus.it\/cattolica\/wp-content\/uploads\/2012\/12\/S.-Maria-Ausiliatrice-in-Marina-d\u00ec-Pisa.jpg","contentUrl":"https:\/\/www.rassegnastampa-totustuus.it\/cattolica\/wp-content\/uploads\/2012\/12\/S.-Maria-Ausiliatrice-in-Marina-d\u00ec-Pisa.jpg","width":275,"height":183},{"@type":"BreadcrumbList","@id":"https:\/\/www.rassegnastampa-totustuus.it\/cattolica\/in-ricordo-di-don-mario-agosta-storico-parroco-di-marina\/#breadcrumb","itemListElement":[{"@type":"ListItem","position":1,"name":"Home","item":"https:\/\/www.rassegnastampa-totustuus.it\/cattolica\/"},{"@type":"ListItem","position":2,"name":"In ricordo di don Mario Agosta storico parroco di Marina"}]},{"@type":"WebSite","@id":"https:\/\/www.rassegnastampa-totustuus.it\/cattolica\/#website","url":"https:\/\/www.rassegnastampa-totustuus.it\/cattolica\/","name":"Rassegna Stampa Cattolica","description":"Per una cultura che nasce dalla Rivelazione cristiana in conformit\u00e0 alla tradizione e al Magistero della Chiesa in opposizione ad ogni relativismo e totalitarismo","publisher":{"@id":"https:\/\/www.rassegnastampa-totustuus.it\/cattolica\/#organization"},"alternateName":"Rass. Cattolica","potentialAction":[{"@type":"SearchAction","target":{"@type":"EntryPoint","urlTemplate":"https:\/\/www.rassegnastampa-totustuus.it\/cattolica\/?s={search_term_string}"},"query-input":{"@type":"PropertyValueSpecification","valueRequired":true,"valueName":"search_term_string"}}],"inLanguage":"it-IT"},{"@type":"Organization","@id":"https:\/\/www.rassegnastampa-totustuus.it\/cattolica\/#organization","name":"Rassegna Stampa Cattolica","url":"https:\/\/www.rassegnastampa-totustuus.it\/cattolica\/","logo":{"@type":"ImageObject","inLanguage":"it-IT","@id":"https:\/\/www.rassegnastampa-totustuus.it\/cattolica\/#\/schema\/logo\/image\/","url":"https:\/\/www.rassegnastampa-totustuus.it\/cattolica\/wp-content\/uploads\/2014\/04\/logo-rassegna1.gif","contentUrl":"https:\/\/www.rassegnastampa-totustuus.it\/cattolica\/wp-content\/uploads\/2014\/04\/logo-rassegna1.gif","width":600,"height":163,"caption":"Rassegna Stampa Cattolica"},"image":{"@id":"https:\/\/www.rassegnastampa-totustuus.it\/cattolica\/#\/schema\/logo\/image\/"},"sameAs":["https:\/\/www.facebook.com\/rassegnastampacattolica","https:\/\/x.com\/rassegnastampa9"]},{"@type":"Person","@id":"https:\/\/www.rassegnastampa-totustuus.it\/cattolica\/#\/schema\/person\/08f319d2bd1a0904ad9e2bfb7b15e5c3","name":"Redazione","image":{"@type":"ImageObject","inLanguage":"it-IT","@id":"https:\/\/secure.gravatar.com\/avatar\/2fcdf27c78ea025fbdb44e914cc63c72249ffec9dc8aafd5c82b26240ef3f346?s=96&d=mm&r=g","url":"https:\/\/secure.gravatar.com\/avatar\/2fcdf27c78ea025fbdb44e914cc63c72249ffec9dc8aafd5c82b26240ef3f346?s=96&d=mm&r=g","contentUrl":"https:\/\/secure.gravatar.com\/avatar\/2fcdf27c78ea025fbdb44e914cc63c72249ffec9dc8aafd5c82b26240ef3f346?s=96&d=mm&r=g","caption":"Redazione"},"url":"https:\/\/www.rassegnastampa-totustuus.it\/cattolica\/author\/pietroelle\/"}]}},"_links":{"self":[{"href":"https:\/\/www.rassegnastampa-totustuus.it\/cattolica\/wp-json\/wp\/v2\/posts\/5329","targetHints":{"allow":["GET"]}}],"collection":[{"href":"https:\/\/www.rassegnastampa-totustuus.it\/cattolica\/wp-json\/wp\/v2\/posts"}],"about":[{"href":"https:\/\/www.rassegnastampa-totustuus.it\/cattolica\/wp-json\/wp\/v2\/types\/post"}],"author":[{"embeddable":true,"href":"https:\/\/www.rassegnastampa-totustuus.it\/cattolica\/wp-json\/wp\/v2\/users\/6"}],"replies":[{"embeddable":true,"href":"https:\/\/www.rassegnastampa-totustuus.it\/cattolica\/wp-json\/wp\/v2\/comments?post=5329"}],"version-history":[{"count":4,"href":"https:\/\/www.rassegnastampa-totustuus.it\/cattolica\/wp-json\/wp\/v2\/posts\/5329\/revisions"}],"predecessor-version":[{"id":35342,"href":"https:\/\/www.rassegnastampa-totustuus.it\/cattolica\/wp-json\/wp\/v2\/posts\/5329\/revisions\/35342"}],"wp:featuredmedia":[{"embeddable":true,"href":"https:\/\/www.rassegnastampa-totustuus.it\/cattolica\/wp-json\/wp\/v2\/media\/35341"}],"wp:attachment":[{"href":"https:\/\/www.rassegnastampa-totustuus.it\/cattolica\/wp-json\/wp\/v2\/media?parent=5329"}],"wp:term":[{"taxonomy":"category","embeddable":true,"href":"https:\/\/www.rassegnastampa-totustuus.it\/cattolica\/wp-json\/wp\/v2\/categories?post=5329"},{"taxonomy":"post_tag","embeddable":true,"href":"https:\/\/www.rassegnastampa-totustuus.it\/cattolica\/wp-json\/wp\/v2\/tags?post=5329"}],"curies":[{"name":"wp","href":"https:\/\/api.w.org\/{rel}","templated":true}]}}