{"id":5322,"date":"2012-12-06T00:00:00","date_gmt":"2012-12-05T23:00:00","guid":{"rendered":""},"modified":"2016-06-14T15:10:30","modified_gmt":"2016-06-14T13:10:30","slug":"germania-lintegrazione-fallita","status":"publish","type":"post","link":"https:\/\/www.rassegnastampa-totustuus.it\/cattolica\/germania-lintegrazione-fallita\/","title":{"rendered":"Germania: l&#8217;integrazione &egrave; fallita?"},"content":{"rendered":"<div style=\"text-align: center;\">\n<div id=\"attachment_34728\" style=\"width: 250px\" class=\"wp-caption alignleft\"><img loading=\"lazy\" decoding=\"async\" aria-describedby=\"caption-attachment-34728\" class=\"wp-image-34728\" src=\"https:\/\/www.rassegnastampa-totustuus.it\/cattolica\/wp-content\/uploads\/2012\/12\/Neuk\u00f6lln.jpg\" alt=\"Neuk\u00f6lln\" width=\"250\" height=\"166\" \/><p id=\"caption-attachment-34728\" class=\"wp-caption-text\">Neuk\u00f6lln, Berlino<\/p><\/div>\n<p><strong>Avvenire<\/strong> mercoled\u00ec 5 dicembre 2012<\/div>\n<p><em>Le periferie europee stanno diventando ghetti etnici. E l\u2019antirazzismo \u00e8 un alibi \u00abpolitico\u00bb per non far nulla: il \u00abj&#8217;accuse\u00bb di Heinz Buschkowsky, sindaco del quartiere berlinese di Neuk\u00f6lln<\/em><\/p>\n<p style=\"text-align: center;\">di <strong>Vito Punzi<\/strong><\/p>\n<p><!--more--><\/p>\n<div style=\"text-align: justify;\">Esattamente due anni fa la \u00abprovocazione\u00bb venne lanciata dal socialdemocratico Thilo Sarrazin (del suo libro <em>La <\/em><em>Germania distrugge se stessa <\/em>sono state vendute oltre 1.500.000 copie) per far emergere definitivamente un tema, quello delle \u00absociet\u00e0 parallele\u00bb sul territorio tedesco, che in troppi avrebbero preferito rimanesse sottotraccia.<\/div>\n<p style=\"text-align: justify;\">La stessa cancelliere Merkel, dopo aver azzardato critiche a Sarrazin senza aver letto il suo libro, si \u00e8 sentita in dovere di sancirei! fallimento del multiculturalismo come modello d&#8217;integrazione. Non \u00e8 mancato neppure l&#8217;intervento del filosofo Jurgen Habermas, che per criticare Sarrazin ha denunciato le \u00abaggressioni etniche contro i gruppi sociali pi\u00f9 deboli\u00bb, senza tener conto per\u00f2 che in molte citt\u00e0 le parti siano ormai rovesciate, cos\u00ec che spesso sono proprio i tedeschi (e gli \u00aboccidentali\u00bb in genere) a risultare tra i \u00abgruppi sociali pi\u00f9 deboli\u00bb.<\/p>\n<p style=\"text-align: justify;\">Ne sapeva qualcosa il giudice minorile Kirsten Heisig, ritrovata morta il 4 luglio scorso nei dintorni di Berlino: ufficialmente si parla di suicidio, ma non pochi sospettano possa essere stata uccisa, visto che la donna era da anni in prima linea sul fronte della lotta alla criminalit\u00e0 giovanile berlinese, in particolare nel quartiere di Neuk\u00f6lln, quello con la pi\u00f9 alta densit\u00e0 d&#8217;immigrati.<\/p>\n<p style=\"text-align: justify;\">La Heisig conosceva bene coloro con cui aveva a che fare: il suo ultimo libro, <em>La fine della pazien<\/em><em>za, <\/em>lo ha consegnato all&#8217;editore Herder poco prima di morire. Non \u00e8 un caso dunque che l&#8217;ultima coraggiosa denuncia di fallimento del multiculturalismo tedesco provenga da Berlino e in particolare da Neuk\u00f6lln.<\/p>\n<p style=\"text-align: justify;\">\u00c8 il sindaco (socialdemocratico come Sarrazin) del quartiere tedesco pi\u00f9 famoso, Heinz Buschkowsky, a lanciarla, aprendo un&#8217;altra breccia in quel vuoto di contenuti \u00absempre legato a un deliberato non far nulla, con il politicamente corretto a rappresentare nella maggior parte dei casi un alibi peri inerzia\u00bb (cos\u00ec si esprime Buschkowsky nel suo <em>Neuk<\/em><em>\u00f6<\/em><em>lln<\/em><em> \u00e8 o-<\/em><em>vunque, <\/em>col quale traccia un riassunto della sua pluriennale attivit\u00e0 amministrativa).<\/p>\n<p style=\"text-align: justify;\">Un libro che attrae soprattutto per il senso della realt\u00e0. Le stesse idee che vi trovano espressione hanno preso forma direttamente dalla vita e non da un orientamento politico, da pregiudizi ideologici, religiosi o razziali.<\/p>\n<p style=\"text-align: justify;\">Chi conosce la situazione a Neuk\u00f6lln, chi non chiude gli occhi di fronte ai segni che indicano il prossimo futuro, si rende conto che nel libro non vengono raccontate storie arbitrarie registrate in un quartiere marginale con un&#8217;elevata percentuale di popolazione di fede islamica. Il volto rilassato di chi rappresenta al massimo grado Berlino non deve far dimenticare che dietro tanti episodi ci sono storie terribilmente serie.<\/p>\n<p style=\"text-align: justify;\">Il termine multiculturalismo \u00e8 solo un modo di dire altisonante per descrivere una trasformazione della societ\u00e0 nella quale, secondo la lettura che ne fa Buschkowsky, la presenza musulmana crescer\u00e0 sempre di pi\u00f9 e finir\u00e0 per prendere il sopravvento.<\/p>\n<p style=\"text-align: justify;\">Un processo che Costringe i tedeschi a migrare in altri tenitori e ambienti tra quelli ancora disponibili, oppure li lascia come individui insicuri ed atomizzati, offrendo loro un assaggio del futuro senza di loro: \u00abGli specialisti riferiscono che si presenter\u00e0 a breve una penuria di vittime &#8211; ricorda Buschkowsky &#8211; nei punti focali e ai loro margini non ci sono pi\u00f9 abbastanza giovani tedeschi. Gi\u00e0 ora si registra un incremento dei reati compiuti tra le etnie degli immigrati. Dunque arabi contro turchi, arabi e turchi contro russi o bulgari e rumeni\u00bb.<\/p>\n<p style=\"text-align: justify;\">\u00c8 partendo da questo punto che Buschkowsky cerca una soluzione. Un&#8217;integrazione malamente riuscita \u00e8 per lui soprattutto un deficit di formazione, di educazione. Ed \u00e8 qui che bisogna puntare per affrontare seriamente la questione.<\/p>\n","protected":false},"excerpt":{"rendered":"<p>Avvenire mercoled\u00ec 5 dicembre 2012 Le periferie europee stanno diventando ghetti etnici. E l\u2019antirazzismo \u00e8 un alibi \u00abpolitico\u00bb per non far nulla: il \u00abj&#8217;accuse\u00bb di Heinz Buschkowsky, sindaco del quartiere berlinese di Neuk\u00f6lln di Vito Punzi<\/p><p><a class=\"more-link btn\" href=\"https:\/\/www.rassegnastampa-totustuus.it\/cattolica\/germania-lintegrazione-fallita\/\">Continua a leggere<\/a><\/p>\n","protected":false},"author":6,"featured_media":34728,"comment_status":"closed","ping_status":"open","sticky":false,"template":"","format":"standard","meta":{"footnotes":""},"categories":[38],"tags":[1065],"class_list":["post-5322","post","type-post","status-publish","format-standard","has-post-thumbnail","hentry","category-immigrazione","tag-germania","item-wrap"],"yoast_head":"<!-- This site is optimized with the Yoast SEO plugin v27.5 - https:\/\/yoast.com\/product\/yoast-seo-wordpress\/ -->\n<title>Germania: l&#039;integrazione &egrave; fallita? - Rassegna Stampa Cattolica<\/title>\n<meta name=\"description\" content=\"Rassegna Stampa Cattolica - Per una cultura che nasce dalla Rivelazione cristiana in conformit\u00e0 alla tradizione e al Magistero della Chiesa in opposizione ad ogni relativismo e totalitarismo\" \/>\n<meta name=\"robots\" content=\"index, follow, max-snippet:-1, max-image-preview:large, max-video-preview:-1\" \/>\n<link rel=\"canonical\" href=\"https:\/\/www.rassegnastampa-totustuus.it\/cattolica\/germania-lintegrazione-fallita\/\" \/>\n<meta property=\"og:locale\" content=\"it_IT\" \/>\n<meta property=\"og:type\" content=\"article\" \/>\n<meta property=\"og:title\" content=\"Germania: l&#039;integrazione &egrave; fallita? - Rassegna Stampa Cattolica\" \/>\n<meta property=\"og:description\" content=\"Rassegna Stampa Cattolica - Per una cultura che nasce dalla Rivelazione cristiana in conformit\u00e0 alla tradizione e al Magistero della Chiesa in opposizione ad ogni relativismo e totalitarismo\" \/>\n<meta property=\"og:url\" content=\"https:\/\/www.rassegnastampa-totustuus.it\/cattolica\/germania-lintegrazione-fallita\/\" \/>\n<meta property=\"og:site_name\" content=\"Rassegna Stampa Cattolica\" \/>\n<meta property=\"article:publisher\" content=\"https:\/\/www.facebook.com\/rassegnastampacattolica\" \/>\n<meta property=\"article:published_time\" content=\"2012-12-05T23:00:00+00:00\" \/>\n<meta property=\"article:modified_time\" content=\"2016-06-14T13:10:30+00:00\" \/>\n<meta property=\"og:image\" content=\"https:\/\/www.rassegnastampa-totustuus.it\/cattolica\/wp-content\/uploads\/2012\/12\/Neuk\u00f6lln.jpg\" \/>\n\t<meta property=\"og:image:width\" content=\"275\" \/>\n\t<meta property=\"og:image:height\" content=\"183\" \/>\n\t<meta property=\"og:image:type\" content=\"image\/jpeg\" \/>\n<meta name=\"author\" content=\"Redazione\" \/>\n<meta name=\"twitter:card\" content=\"summary_large_image\" \/>\n<meta name=\"twitter:creator\" content=\"@rassegnastampa9\" \/>\n<meta name=\"twitter:site\" content=\"@rassegnastampa9\" \/>\n<meta name=\"twitter:label1\" content=\"Scritto da\" \/>\n\t<meta name=\"twitter:data1\" content=\"Redazione\" \/>\n\t<meta name=\"twitter:label2\" content=\"Tempo di lettura stimato\" \/>\n\t<meta name=\"twitter:data2\" content=\"3 minuti\" \/>\n<script type=\"application\/ld+json\" class=\"yoast-schema-graph\">{\"@context\":\"https:\\\/\\\/schema.org\",\"@graph\":[{\"@type\":\"Article\",\"@id\":\"https:\\\/\\\/www.rassegnastampa-totustuus.it\\\/cattolica\\\/germania-lintegrazione-fallita\\\/#article\",\"isPartOf\":{\"@id\":\"https:\\\/\\\/www.rassegnastampa-totustuus.it\\\/cattolica\\\/germania-lintegrazione-fallita\\\/\"},\"author\":{\"name\":\"Redazione\",\"@id\":\"https:\\\/\\\/www.rassegnastampa-totustuus.it\\\/cattolica\\\/#\\\/schema\\\/person\\\/08f319d2bd1a0904ad9e2bfb7b15e5c3\"},\"headline\":\"Germania: l&#8217;integrazione &egrave; fallita?\",\"datePublished\":\"2012-12-05T23:00:00+00:00\",\"dateModified\":\"2016-06-14T13:10:30+00:00\",\"mainEntityOfPage\":{\"@id\":\"https:\\\/\\\/www.rassegnastampa-totustuus.it\\\/cattolica\\\/germania-lintegrazione-fallita\\\/\"},\"wordCount\":628,\"publisher\":{\"@id\":\"https:\\\/\\\/www.rassegnastampa-totustuus.it\\\/cattolica\\\/#organization\"},\"image\":{\"@id\":\"https:\\\/\\\/www.rassegnastampa-totustuus.it\\\/cattolica\\\/germania-lintegrazione-fallita\\\/#primaryimage\"},\"thumbnailUrl\":\"https:\\\/\\\/www.rassegnastampa-totustuus.it\\\/cattolica\\\/wp-content\\\/uploads\\\/2012\\\/12\\\/Neuk\u00f6lln.jpg\",\"keywords\":[\"germania\"],\"articleSection\":[\"Immigrazione\"],\"inLanguage\":\"it-IT\"},{\"@type\":\"WebPage\",\"@id\":\"https:\\\/\\\/www.rassegnastampa-totustuus.it\\\/cattolica\\\/germania-lintegrazione-fallita\\\/\",\"url\":\"https:\\\/\\\/www.rassegnastampa-totustuus.it\\\/cattolica\\\/germania-lintegrazione-fallita\\\/\",\"name\":\"Germania: l'integrazione &egrave; fallita? - Rassegna Stampa Cattolica\",\"isPartOf\":{\"@id\":\"https:\\\/\\\/www.rassegnastampa-totustuus.it\\\/cattolica\\\/#website\"},\"primaryImageOfPage\":{\"@id\":\"https:\\\/\\\/www.rassegnastampa-totustuus.it\\\/cattolica\\\/germania-lintegrazione-fallita\\\/#primaryimage\"},\"image\":{\"@id\":\"https:\\\/\\\/www.rassegnastampa-totustuus.it\\\/cattolica\\\/germania-lintegrazione-fallita\\\/#primaryimage\"},\"thumbnailUrl\":\"https:\\\/\\\/www.rassegnastampa-totustuus.it\\\/cattolica\\\/wp-content\\\/uploads\\\/2012\\\/12\\\/Neuk\u00f6lln.jpg\",\"datePublished\":\"2012-12-05T23:00:00+00:00\",\"dateModified\":\"2016-06-14T13:10:30+00:00\",\"description\":\"Rassegna Stampa Cattolica - Per una cultura che nasce dalla Rivelazione cristiana in conformit\u00e0 alla tradizione e al Magistero della Chiesa in opposizione ad ogni relativismo e totalitarismo\",\"breadcrumb\":{\"@id\":\"https:\\\/\\\/www.rassegnastampa-totustuus.it\\\/cattolica\\\/germania-lintegrazione-fallita\\\/#breadcrumb\"},\"inLanguage\":\"it-IT\",\"potentialAction\":[{\"@type\":\"ReadAction\",\"target\":[\"https:\\\/\\\/www.rassegnastampa-totustuus.it\\\/cattolica\\\/germania-lintegrazione-fallita\\\/\"]}]},{\"@type\":\"ImageObject\",\"inLanguage\":\"it-IT\",\"@id\":\"https:\\\/\\\/www.rassegnastampa-totustuus.it\\\/cattolica\\\/germania-lintegrazione-fallita\\\/#primaryimage\",\"url\":\"https:\\\/\\\/www.rassegnastampa-totustuus.it\\\/cattolica\\\/wp-content\\\/uploads\\\/2012\\\/12\\\/Neuk\u00f6lln.jpg\",\"contentUrl\":\"https:\\\/\\\/www.rassegnastampa-totustuus.it\\\/cattolica\\\/wp-content\\\/uploads\\\/2012\\\/12\\\/Neuk\u00f6lln.jpg\",\"width\":275,\"height\":183},{\"@type\":\"BreadcrumbList\",\"@id\":\"https:\\\/\\\/www.rassegnastampa-totustuus.it\\\/cattolica\\\/germania-lintegrazione-fallita\\\/#breadcrumb\",\"itemListElement\":[{\"@type\":\"ListItem\",\"position\":1,\"name\":\"Home\",\"item\":\"https:\\\/\\\/www.rassegnastampa-totustuus.it\\\/cattolica\\\/\"},{\"@type\":\"ListItem\",\"position\":2,\"name\":\"Germania: l&#8217;integrazione &egrave; fallita?\"}]},{\"@type\":\"WebSite\",\"@id\":\"https:\\\/\\\/www.rassegnastampa-totustuus.it\\\/cattolica\\\/#website\",\"url\":\"https:\\\/\\\/www.rassegnastampa-totustuus.it\\\/cattolica\\\/\",\"name\":\"Rassegna Stampa Cattolica\",\"description\":\"Per una cultura che nasce dalla Rivelazione cristiana in conformit\u00e0 alla tradizione e al Magistero della Chiesa in opposizione ad ogni relativismo e totalitarismo\",\"publisher\":{\"@id\":\"https:\\\/\\\/www.rassegnastampa-totustuus.it\\\/cattolica\\\/#organization\"},\"alternateName\":\"Rass. Cattolica\",\"potentialAction\":[{\"@type\":\"SearchAction\",\"target\":{\"@type\":\"EntryPoint\",\"urlTemplate\":\"https:\\\/\\\/www.rassegnastampa-totustuus.it\\\/cattolica\\\/?s={search_term_string}\"},\"query-input\":{\"@type\":\"PropertyValueSpecification\",\"valueRequired\":true,\"valueName\":\"search_term_string\"}}],\"inLanguage\":\"it-IT\"},{\"@type\":\"Organization\",\"@id\":\"https:\\\/\\\/www.rassegnastampa-totustuus.it\\\/cattolica\\\/#organization\",\"name\":\"Rassegna Stampa Cattolica\",\"url\":\"https:\\\/\\\/www.rassegnastampa-totustuus.it\\\/cattolica\\\/\",\"logo\":{\"@type\":\"ImageObject\",\"inLanguage\":\"it-IT\",\"@id\":\"https:\\\/\\\/www.rassegnastampa-totustuus.it\\\/cattolica\\\/#\\\/schema\\\/logo\\\/image\\\/\",\"url\":\"https:\\\/\\\/www.rassegnastampa-totustuus.it\\\/cattolica\\\/wp-content\\\/uploads\\\/2014\\\/04\\\/logo-rassegna1.gif\",\"contentUrl\":\"https:\\\/\\\/www.rassegnastampa-totustuus.it\\\/cattolica\\\/wp-content\\\/uploads\\\/2014\\\/04\\\/logo-rassegna1.gif\",\"width\":600,\"height\":163,\"caption\":\"Rassegna Stampa Cattolica\"},\"image\":{\"@id\":\"https:\\\/\\\/www.rassegnastampa-totustuus.it\\\/cattolica\\\/#\\\/schema\\\/logo\\\/image\\\/\"},\"sameAs\":[\"https:\\\/\\\/www.facebook.com\\\/rassegnastampacattolica\",\"https:\\\/\\\/x.com\\\/rassegnastampa9\"]},{\"@type\":\"Person\",\"@id\":\"https:\\\/\\\/www.rassegnastampa-totustuus.it\\\/cattolica\\\/#\\\/schema\\\/person\\\/08f319d2bd1a0904ad9e2bfb7b15e5c3\",\"name\":\"Redazione\",\"image\":{\"@type\":\"ImageObject\",\"inLanguage\":\"it-IT\",\"@id\":\"https:\\\/\\\/secure.gravatar.com\\\/avatar\\\/2fcdf27c78ea025fbdb44e914cc63c72249ffec9dc8aafd5c82b26240ef3f346?s=96&d=mm&r=g\",\"url\":\"https:\\\/\\\/secure.gravatar.com\\\/avatar\\\/2fcdf27c78ea025fbdb44e914cc63c72249ffec9dc8aafd5c82b26240ef3f346?s=96&d=mm&r=g\",\"contentUrl\":\"https:\\\/\\\/secure.gravatar.com\\\/avatar\\\/2fcdf27c78ea025fbdb44e914cc63c72249ffec9dc8aafd5c82b26240ef3f346?s=96&d=mm&r=g\",\"caption\":\"Redazione\"},\"url\":\"https:\\\/\\\/www.rassegnastampa-totustuus.it\\\/cattolica\\\/author\\\/pietroelle\\\/\"}]}<\/script>\n<!-- \/ Yoast SEO plugin. -->","yoast_head_json":{"title":"Germania: l'integrazione &egrave; fallita? - Rassegna Stampa Cattolica","description":"Rassegna Stampa Cattolica - Per una cultura che nasce dalla Rivelazione cristiana in conformit\u00e0 alla tradizione e al Magistero della Chiesa in opposizione ad ogni relativismo e totalitarismo","robots":{"index":"index","follow":"follow","max-snippet":"max-snippet:-1","max-image-preview":"max-image-preview:large","max-video-preview":"max-video-preview:-1"},"canonical":"https:\/\/www.rassegnastampa-totustuus.it\/cattolica\/germania-lintegrazione-fallita\/","og_locale":"it_IT","og_type":"article","og_title":"Germania: l'integrazione &egrave; fallita? - Rassegna Stampa Cattolica","og_description":"Rassegna Stampa Cattolica - Per una cultura che nasce dalla Rivelazione cristiana in conformit\u00e0 alla tradizione e al Magistero della Chiesa in opposizione ad ogni relativismo e totalitarismo","og_url":"https:\/\/www.rassegnastampa-totustuus.it\/cattolica\/germania-lintegrazione-fallita\/","og_site_name":"Rassegna Stampa Cattolica","article_publisher":"https:\/\/www.facebook.com\/rassegnastampacattolica","article_published_time":"2012-12-05T23:00:00+00:00","article_modified_time":"2016-06-14T13:10:30+00:00","og_image":[{"width":275,"height":183,"url":"https:\/\/www.rassegnastampa-totustuus.it\/cattolica\/wp-content\/uploads\/2012\/12\/Neuk\u00f6lln.jpg","type":"image\/jpeg"}],"author":"Redazione","twitter_card":"summary_large_image","twitter_creator":"@rassegnastampa9","twitter_site":"@rassegnastampa9","twitter_misc":{"Scritto da":"Redazione","Tempo di lettura stimato":"3 minuti"},"schema":{"@context":"https:\/\/schema.org","@graph":[{"@type":"Article","@id":"https:\/\/www.rassegnastampa-totustuus.it\/cattolica\/germania-lintegrazione-fallita\/#article","isPartOf":{"@id":"https:\/\/www.rassegnastampa-totustuus.it\/cattolica\/germania-lintegrazione-fallita\/"},"author":{"name":"Redazione","@id":"https:\/\/www.rassegnastampa-totustuus.it\/cattolica\/#\/schema\/person\/08f319d2bd1a0904ad9e2bfb7b15e5c3"},"headline":"Germania: l&#8217;integrazione &egrave; fallita?","datePublished":"2012-12-05T23:00:00+00:00","dateModified":"2016-06-14T13:10:30+00:00","mainEntityOfPage":{"@id":"https:\/\/www.rassegnastampa-totustuus.it\/cattolica\/germania-lintegrazione-fallita\/"},"wordCount":628,"publisher":{"@id":"https:\/\/www.rassegnastampa-totustuus.it\/cattolica\/#organization"},"image":{"@id":"https:\/\/www.rassegnastampa-totustuus.it\/cattolica\/germania-lintegrazione-fallita\/#primaryimage"},"thumbnailUrl":"https:\/\/www.rassegnastampa-totustuus.it\/cattolica\/wp-content\/uploads\/2012\/12\/Neuk\u00f6lln.jpg","keywords":["germania"],"articleSection":["Immigrazione"],"inLanguage":"it-IT"},{"@type":"WebPage","@id":"https:\/\/www.rassegnastampa-totustuus.it\/cattolica\/germania-lintegrazione-fallita\/","url":"https:\/\/www.rassegnastampa-totustuus.it\/cattolica\/germania-lintegrazione-fallita\/","name":"Germania: l'integrazione &egrave; fallita? - Rassegna Stampa Cattolica","isPartOf":{"@id":"https:\/\/www.rassegnastampa-totustuus.it\/cattolica\/#website"},"primaryImageOfPage":{"@id":"https:\/\/www.rassegnastampa-totustuus.it\/cattolica\/germania-lintegrazione-fallita\/#primaryimage"},"image":{"@id":"https:\/\/www.rassegnastampa-totustuus.it\/cattolica\/germania-lintegrazione-fallita\/#primaryimage"},"thumbnailUrl":"https:\/\/www.rassegnastampa-totustuus.it\/cattolica\/wp-content\/uploads\/2012\/12\/Neuk\u00f6lln.jpg","datePublished":"2012-12-05T23:00:00+00:00","dateModified":"2016-06-14T13:10:30+00:00","description":"Rassegna Stampa Cattolica - Per una cultura che nasce dalla Rivelazione cristiana in conformit\u00e0 alla tradizione e al Magistero della Chiesa in opposizione ad ogni relativismo e totalitarismo","breadcrumb":{"@id":"https:\/\/www.rassegnastampa-totustuus.it\/cattolica\/germania-lintegrazione-fallita\/#breadcrumb"},"inLanguage":"it-IT","potentialAction":[{"@type":"ReadAction","target":["https:\/\/www.rassegnastampa-totustuus.it\/cattolica\/germania-lintegrazione-fallita\/"]}]},{"@type":"ImageObject","inLanguage":"it-IT","@id":"https:\/\/www.rassegnastampa-totustuus.it\/cattolica\/germania-lintegrazione-fallita\/#primaryimage","url":"https:\/\/www.rassegnastampa-totustuus.it\/cattolica\/wp-content\/uploads\/2012\/12\/Neuk\u00f6lln.jpg","contentUrl":"https:\/\/www.rassegnastampa-totustuus.it\/cattolica\/wp-content\/uploads\/2012\/12\/Neuk\u00f6lln.jpg","width":275,"height":183},{"@type":"BreadcrumbList","@id":"https:\/\/www.rassegnastampa-totustuus.it\/cattolica\/germania-lintegrazione-fallita\/#breadcrumb","itemListElement":[{"@type":"ListItem","position":1,"name":"Home","item":"https:\/\/www.rassegnastampa-totustuus.it\/cattolica\/"},{"@type":"ListItem","position":2,"name":"Germania: l&#8217;integrazione &egrave; fallita?"}]},{"@type":"WebSite","@id":"https:\/\/www.rassegnastampa-totustuus.it\/cattolica\/#website","url":"https:\/\/www.rassegnastampa-totustuus.it\/cattolica\/","name":"Rassegna Stampa Cattolica","description":"Per una cultura che nasce dalla Rivelazione cristiana in conformit\u00e0 alla tradizione e al Magistero della Chiesa in opposizione ad ogni relativismo e totalitarismo","publisher":{"@id":"https:\/\/www.rassegnastampa-totustuus.it\/cattolica\/#organization"},"alternateName":"Rass. Cattolica","potentialAction":[{"@type":"SearchAction","target":{"@type":"EntryPoint","urlTemplate":"https:\/\/www.rassegnastampa-totustuus.it\/cattolica\/?s={search_term_string}"},"query-input":{"@type":"PropertyValueSpecification","valueRequired":true,"valueName":"search_term_string"}}],"inLanguage":"it-IT"},{"@type":"Organization","@id":"https:\/\/www.rassegnastampa-totustuus.it\/cattolica\/#organization","name":"Rassegna Stampa Cattolica","url":"https:\/\/www.rassegnastampa-totustuus.it\/cattolica\/","logo":{"@type":"ImageObject","inLanguage":"it-IT","@id":"https:\/\/www.rassegnastampa-totustuus.it\/cattolica\/#\/schema\/logo\/image\/","url":"https:\/\/www.rassegnastampa-totustuus.it\/cattolica\/wp-content\/uploads\/2014\/04\/logo-rassegna1.gif","contentUrl":"https:\/\/www.rassegnastampa-totustuus.it\/cattolica\/wp-content\/uploads\/2014\/04\/logo-rassegna1.gif","width":600,"height":163,"caption":"Rassegna Stampa Cattolica"},"image":{"@id":"https:\/\/www.rassegnastampa-totustuus.it\/cattolica\/#\/schema\/logo\/image\/"},"sameAs":["https:\/\/www.facebook.com\/rassegnastampacattolica","https:\/\/x.com\/rassegnastampa9"]},{"@type":"Person","@id":"https:\/\/www.rassegnastampa-totustuus.it\/cattolica\/#\/schema\/person\/08f319d2bd1a0904ad9e2bfb7b15e5c3","name":"Redazione","image":{"@type":"ImageObject","inLanguage":"it-IT","@id":"https:\/\/secure.gravatar.com\/avatar\/2fcdf27c78ea025fbdb44e914cc63c72249ffec9dc8aafd5c82b26240ef3f346?s=96&d=mm&r=g","url":"https:\/\/secure.gravatar.com\/avatar\/2fcdf27c78ea025fbdb44e914cc63c72249ffec9dc8aafd5c82b26240ef3f346?s=96&d=mm&r=g","contentUrl":"https:\/\/secure.gravatar.com\/avatar\/2fcdf27c78ea025fbdb44e914cc63c72249ffec9dc8aafd5c82b26240ef3f346?s=96&d=mm&r=g","caption":"Redazione"},"url":"https:\/\/www.rassegnastampa-totustuus.it\/cattolica\/author\/pietroelle\/"}]}},"_links":{"self":[{"href":"https:\/\/www.rassegnastampa-totustuus.it\/cattolica\/wp-json\/wp\/v2\/posts\/5322","targetHints":{"allow":["GET"]}}],"collection":[{"href":"https:\/\/www.rassegnastampa-totustuus.it\/cattolica\/wp-json\/wp\/v2\/posts"}],"about":[{"href":"https:\/\/www.rassegnastampa-totustuus.it\/cattolica\/wp-json\/wp\/v2\/types\/post"}],"author":[{"embeddable":true,"href":"https:\/\/www.rassegnastampa-totustuus.it\/cattolica\/wp-json\/wp\/v2\/users\/6"}],"replies":[{"embeddable":true,"href":"https:\/\/www.rassegnastampa-totustuus.it\/cattolica\/wp-json\/wp\/v2\/comments?post=5322"}],"version-history":[{"count":4,"href":"https:\/\/www.rassegnastampa-totustuus.it\/cattolica\/wp-json\/wp\/v2\/posts\/5322\/revisions"}],"predecessor-version":[{"id":34729,"href":"https:\/\/www.rassegnastampa-totustuus.it\/cattolica\/wp-json\/wp\/v2\/posts\/5322\/revisions\/34729"}],"wp:featuredmedia":[{"embeddable":true,"href":"https:\/\/www.rassegnastampa-totustuus.it\/cattolica\/wp-json\/wp\/v2\/media\/34728"}],"wp:attachment":[{"href":"https:\/\/www.rassegnastampa-totustuus.it\/cattolica\/wp-json\/wp\/v2\/media?parent=5322"}],"wp:term":[{"taxonomy":"category","embeddable":true,"href":"https:\/\/www.rassegnastampa-totustuus.it\/cattolica\/wp-json\/wp\/v2\/categories?post=5322"},{"taxonomy":"post_tag","embeddable":true,"href":"https:\/\/www.rassegnastampa-totustuus.it\/cattolica\/wp-json\/wp\/v2\/tags?post=5322"}],"curies":[{"name":"wp","href":"https:\/\/api.w.org\/{rel}","templated":true}]}}