{"id":53180,"date":"2021-12-15T21:32:41","date_gmt":"2021-12-15T20:32:41","guid":{"rendered":"http:\/\/www.rassegnastampa-totustuus.it\/cattolica\/?p=53180"},"modified":"2024-09-28T15:49:20","modified_gmt":"2024-09-28T13:49:20","slug":"litalia-senza-figli-finira-come-limpero-romano","status":"publish","type":"post","link":"https:\/\/www.rassegnastampa-totustuus.it\/cattolica\/litalia-senza-figli-finira-come-limpero-romano\/","title":{"rendered":"&#8220;L&#8217;Italia senza figli finir\u00e0 come l&#8217;Impero Romano&#8221;"},"content":{"rendered":"<p style=\"text-align: center;\"><span style=\"color: #000000;\"><strong><img loading=\"lazy\" decoding=\"async\" class=\" wp-image-18062 alignright\" src=\"https:\/\/www.rassegnastampa-totustuus.it\/cattolica\/wp-content\/uploads\/2009\/03\/culle-vuote-300x200.jpg\" alt=\"\" width=\"317\" height=\"211\" srcset=\"https:\/\/www.rassegnastampa-totustuus.it\/cattolica\/wp-content\/uploads\/2009\/03\/culle-vuote-300x200.jpg 300w, https:\/\/www.rassegnastampa-totustuus.it\/cattolica\/wp-content\/uploads\/2009\/03\/culle-vuote.jpg 350w\" sizes=\"auto, (max-width: 317px) 100vw, 317px\" \/>Newsletter<\/strong> di Giulio Meotti <\/span><\/p>\n<p style=\"text-align: center;\"><span style=\"color: #000000;\">15 Dicembre 2021 \u00a0<\/span><\/p>\n<p style=\"text-align: justify;\"><span style=\"color: #000000;\"><em>Intervista-podcast con Antonio Golini, pioniere della demografia. Dopo Elsa Fornero, Giuliano Amato, Draghi e Letta perorano l&#8217;arrivo di migranti. &#8220;Per anni parlare di nascite era da fascisti&#8221;<\/em><\/span><\/p>\n<p style=\"text-align: center;\"><span style=\"color: #000000;\">di <strong>Giulio Meotti\u00a0<\/strong><\/span><\/p>\n<p><!--more--><\/p>\n<p style=\"text-align: justify;\">\u201c<span style=\"color: #000000;\">Dobbiamo abbandonare l\u2019assurdo principio che ha preso strada per il quale se tu sei un rifugiato politico puoi entrare, se sei uno che sta scappando dalla miseria te ne torni alla tua miseria perch\u00e9 sei comunque un irregolare\u201d. Dopo<\/span> <span style=\"color: #0000ff;\"><a style=\"color: #0000ff;\" href=\"https:\/\/meotti.substack.com\/p\/grazie-elsa-fornero-per-lagghiacciante\" target=\"_blank\" rel=\"noopener noreferrer\">Elsa Fornero<\/a><\/span> <span style=\"color: #000000;\">che ha persino evocato una \u201cterra che non \u00e8 pi\u00f9 nostra\u201d, \u00e8 il turno dell\u2019ex primo ministro Giuliano Amato a spiegarci su<\/span> <em><a href=\"https:\/\/www.lastampa.it\/editoriali\/lettere-e-idee\/2021\/12\/14\/news\/ci_servono_anche_migranti_economici-1506772\/\" target=\"_blank\" rel=\"noopener noreferrer\">L<span style=\"color: #0000ff;\">a Stampa<\/span><\/a><\/em> <span style=\"color: #000000;\">che l\u2019Italia deve spalancare le porte ai migranti economici. <\/span><\/p>\n<p style=\"text-align: justify;\"><span style=\"color: #000000;\"><img loading=\"lazy\" decoding=\"async\" class=\" wp-image-41822 alignleft\" src=\"https:\/\/www.rassegnastampa-totustuus.it\/cattolica\/wp-content\/uploads\/2018\/12\/manifestaz_comunismo_immigraz-300x156.jpg\" alt=\"\" width=\"342\" height=\"178\" srcset=\"https:\/\/www.rassegnastampa-totustuus.it\/cattolica\/wp-content\/uploads\/2018\/12\/manifestaz_comunismo_immigraz-300x156.jpg 300w, https:\/\/www.rassegnastampa-totustuus.it\/cattolica\/wp-content\/uploads\/2018\/12\/manifestaz_comunismo_immigraz.jpg 540w\" sizes=\"auto, (max-width: 342px) 100vw, 342px\" \/>\u201cL\u2019Europa sta invecchiando e si sta restringendo, abbiamo bisogno dei migranti economici\u201d, scriveva sempre ieri il <\/span><span style=\"color: #0000ff;\"><em><a style=\"color: #0000ff;\" href=\"https:\/\/www.ft.com\/content\/4761a61c-400f-4323-afb0-ab1952dfcee1\" target=\"_blank\" rel=\"noopener noreferrer\">Financial Times.<\/a><\/em><\/span><span style=\"color: #000000;\"> \u201cIl raddoppio delle popolazioni arabe e africane entro la met\u00e0 del secolo intensificher\u00e0 notevolmente le pressioni\u201d. Anche in Italia la posizione estremistica espressa dal giornale della City sta trovando molti adepti. Come<\/span> <a href=\"https:\/\/gazzettadelsud.it\/articoli\/politica\/2021\/06\/05\/letta-dobbiamo-accogliere-migranti-serve-manodopera-occhiuto-messaggio-sbagliato-19629a63-195a-44fe-9400-a4277ded3160\/\" target=\"_blank\" rel=\"noopener noreferrer\"><span style=\"color: #0000ff;\">Enrico Letta<\/span><\/a>, <span style=\"color: #000000;\">segretario del PD, che dichiara: &#8220;C&#8217;\u00e8 bisogno di\u00a0manodopera\u00a0che viene dall&#8217;immigrazione. <\/span><span style=\"color: #000000;\">Dobbiamo renderci conto che i giovani italiani sono pochissimi, troppo pochi rispetto a quello di cui abbiamo bisogno. Dobbiamo concepire il nostro futuro in modo diverso, con maggiore capacit\u00e0 di accoglienza\u201d. <\/span><\/p>\n<p style=\"text-align: justify;\"><span style=\"color: #000000;\">Strani questi politici, si sono disinteressati per anni al suicidio demografico dell\u2019Italia e ora ne parlano a tamburo battente, ma solo per sostenere l\u2019immigrazione di massa. \u201cSiamo in un disastro demografico, giusto lo <em>ius soli<\/em>\u201d, ha detto ancora<\/span> <span style=\"color: #0000ff;\"><a style=\"color: #0000ff;\" href=\"https:\/\/www.ilfattoquotidiano.it\/2021\/03\/16\/ius-soli-letta-perche-ne-ho-parlato-siamo-in-un-disastro-demografico-giusto-dare-cittadinanza-dalla-destra-solo-propaganda\/6135491\/\" target=\"_blank\" rel=\"noopener noreferrer\">Letta<\/a>.<\/span> <span style=\"color: #000000;\">Ieri, anche il premier<\/span> <span style=\"color: #0000ff;\"><a style=\"color: #0000ff;\" href=\"https:\/\/video.corriere.it\/politica\/migranti-draghi-con-giusta-accoglienza-diventano-risorse\/7c0136f0-5d92-11ec-ada0-862fc65d803f\" target=\"_blank\" rel=\"noopener noreferrer\">Mario Draghi<\/a><\/span> <span style=\"color: #000000;\">ha descritto i migranti come \u201crisorse\u201d.<\/span><\/p>\n<p style=\"text-align: justify;\"><span style=\"color: #000000;\"><img loading=\"lazy\" decoding=\"async\" class=\" wp-image-33869 alignright\" src=\"https:\/\/www.rassegnastampa-totustuus.it\/cattolica\/wp-content\/uploads\/2016\/05\/Viktor-Orb\u00e1n-300x166.jpg\" alt=\"\" width=\"313\" height=\"173\" srcset=\"https:\/\/www.rassegnastampa-totustuus.it\/cattolica\/wp-content\/uploads\/2016\/05\/Viktor-Orb\u00e1n-300x166.jpg 300w, https:\/\/www.rassegnastampa-totustuus.it\/cattolica\/wp-content\/uploads\/2016\/05\/Viktor-Orb\u00e1n.jpg 301w\" sizes=\"auto, (max-width: 313px) 100vw, 313px\" \/>Io continuo a pensare che la soluzione approntata dal premier ungherese<\/span> <span style=\"color: #0000ff;\"><a style=\"color: #0000ff;\" href=\"https:\/\/catholicherald.co.uk\/ch\/europes-frightening-birth-rate\/\" target=\"_blank\" rel=\"noopener noreferrer\">Viktor Orban<\/a><\/span> <span style=\"color: #000000;\">sia pi\u00f9 lungimirante. Tentare di risollevare la natalit\u00e0 con misure autentiche, non con il piagnisteo. Cos\u00ec, a chi ha tre figli un<\/span> <span style=\"color: #0000ff;\">\u00a0<a style=\"color: #0000ff;\" href=\"https:\/\/www.bbc.com\/news\/world-europe-47192612\" target=\"_blank\" rel=\"noopener noreferrer\">prestito<\/a> <\/span><span style=\"color: #000000;\">di 25.500 euro che non devono rimborsare, la riduzione del mutuo di tremila euro per un secondo figlio, un programma di prestiti per sostenere gli acquisti di casa, sussidi per le auto per famiglie numerose e un&#8217;esenzione a vita dall&#8217;imposta sul reddito delle persone fisiche per chi ha almeno quattro figli<\/span>.<\/p>\n<p><img loading=\"lazy\" decoding=\"async\" class=\"alignleft wp-image-44775 \" src=\"https:\/\/www.rassegnastampa-totustuus.it\/cattolica\/wp-content\/uploads\/2019\/10\/culle_demografia-bambini-300x200.jpg\" alt=\"\" width=\"323\" height=\"215\" srcset=\"https:\/\/www.rassegnastampa-totustuus.it\/cattolica\/wp-content\/uploads\/2019\/10\/culle_demografia-bambini-300x200.jpg 300w, https:\/\/www.rassegnastampa-totustuus.it\/cattolica\/wp-content\/uploads\/2019\/10\/culle_demografia-bambini-768x513.jpg 768w, https:\/\/www.rassegnastampa-totustuus.it\/cattolica\/wp-content\/uploads\/2019\/10\/culle_demografia-bambini-1024x684.jpg 1024w\" sizes=\"auto, (max-width: 323px) 100vw, 323px\" \/><\/p>\n<p style=\"text-align: justify;\"><span style=\"color: #000000;\">Leggendo l\u2019ultimo rapporto dell\u2019Istat sul crollo demografico italiano, ad Antonio Golini \u00e8 tornato in mente un aneddoto. All\u2019inizio degli anni Ottanta, Golini fu contattato dai responsabili della Plasmon. L\u2019azienda si disse interessata alle sue analisi sulla popolazione. I manager della Plasmon si dissero preoccupati su una tendenza che stavano osservando in Italia, principale mercato di sbocco per i loro prodotti alimentari per l\u2019infanzia: \u201cProfessore, i bambini italiani stanno diminuendo e, se l\u2019attuale trend dovesse continuare, diminuiranno sempre pi\u00f9 rapidamente. Capir\u00e0 bene che per noi, che finora tanto abbiamo investito sulla prima et\u00e0, si tratterebbe di una catastrofe. Lei crede sia possibile a breve una qualche inversione di rotta nell\u2019andamento delle nascite?\u201d. <\/span><\/p>\n<p style=\"text-align: justify;\"><span style=\"color: #000000;\"><img loading=\"lazy\" decoding=\"async\" class=\" wp-image-39678 alignright\" src=\"https:\/\/www.rassegnastampa-totustuus.it\/cattolica\/wp-content\/uploads\/2018\/02\/denatalit\u00e0.jpg\" alt=\"\" width=\"322\" height=\"228\" \/>La risposta di Golini fu un deciso \u201cno\u201d, articolato con statistiche e ragionamenti \u201cche \u2013 <em>vox clamantis in deserto<\/em> \u2013 andavo elaborando da qualche tempo riguardo ai pericoli dell\u2019eccesso di denatalit\u00e0 in Italia\u201d. I dirigenti della Plasmon allora controbatterono con un\u2019altra domanda: \u201cSarebbe corretto riposizionare il focus della produzione aziendale, diversificando rispetto al mercato dell\u2019infanzia e dedicandosi per esempio a una linea di prodotti \u2018Misura\u2019 per adulti?\u201d. Questa volta Golini rispose di \u201cs\u00ec\u201d.<\/span><\/p>\n<p style=\"text-align: justify;\"><span style=\"color: #000000;\"> In<\/span> <em><a href=\"https:\/\/www.bbc.com\/news\/world-europe-47192612\" target=\"_blank\" rel=\"noopener noreferrer\"><span style=\"color: #0000ff;\">Italiani poca gente<\/span><\/a><\/em><span style=\"color: #000000;\"> (edizioni Luiss, scritto con Marco Valerio Lo Prete), Golini, docente di Demografia alla Luiss Guido Carli di Roma, professore emerito all\u2019Universit\u00e0 Sapienza di Roma e membro dell\u2019Accademia dei Lincei, gi\u00e0 presidente dell\u2019Istat, con all\u2019attivo trent\u2019anni di studi demografici, torna al clima quando era di moda col \u201cclub di Roma\u201d discettare della \u201cbomba demografica\u201d, mentre lui affermava che l\u2019Italia correva il rischio opposto, morire dentro la palude della bassa natalit\u00e0. <\/span><\/p>\n<p><img loading=\"lazy\" decoding=\"async\" class=\"alignleft wp-image-47357 \" src=\"https:\/\/www.rassegnastampa-totustuus.it\/cattolica\/wp-content\/uploads\/2020\/05\/immigrazione-300x170.jpg\" alt=\"\" width=\"353\" height=\"200\" srcset=\"https:\/\/www.rassegnastampa-totustuus.it\/cattolica\/wp-content\/uploads\/2020\/05\/immigrazione-300x170.jpg 300w, https:\/\/www.rassegnastampa-totustuus.it\/cattolica\/wp-content\/uploads\/2020\/05\/immigrazione-768x435.jpg 768w, https:\/\/www.rassegnastampa-totustuus.it\/cattolica\/wp-content\/uploads\/2020\/05\/immigrazione-1024x580.jpg 1024w\" sizes=\"auto, (max-width: 353px) 100vw, 353px\" \/><\/p>\n<p style=\"text-align: justify;\"><span style=\"color: #000000;\">I numeri dell\u2019Istat usciti ieri gli danno ancora una volta ragione. Ancora un record negativo per la natalit\u00e0. Il numero medio di figli delle donne di cittadinanza italiana nel 2020 \u00e8 stato pari a 1,17. Il numero pi\u00f9 basso di sempre. Crollo di un terzo delle nascite dal 2008, dove ci eravamo gi\u00e0 arrivati con alle spalle trent\u2019anni di massiccio e incessante declino.<\/span><\/p>\n<p style=\"text-align: justify;\"><span style=\"color: #000000;\"> \u201cL\u2019Italia si avvia a morire, perch\u00e9 evidentemente il numero ridottissimi di figli non sostituisce i genitori e ci sono sempre meno donne in et\u00e0 fertile\u201d mi spiega Golini. \u201cMa ci sono moltissimi africani. E ci saranno sempre di pi\u00f9 africani, perch\u00e9 il Mediterraneo \u00e8 un mare piccolo e si attraversa facilmente e abbiamo necessit\u00e0 di manodopera\u201d. In Italia il tema denatalit\u00e0 non si \u00e8 mai imposto, \u00e8 quasi tab\u00f9. <\/span><\/p>\n<p style=\"text-align: justify;\"><span style=\"color: #000000;\"><img loading=\"lazy\" decoding=\"async\" class=\" wp-image-27290 alignright\" src=\"https:\/\/www.rassegnastampa-totustuus.it\/cattolica\/wp-content\/uploads\/2013\/09\/crisi_Occidente.jpg\" alt=\"\" width=\"335\" height=\"226\" \/>\u201cLa verit\u00e0 \u00e8 che l\u2019unico posto dove il problema demografico \u00e8 sentito in maniera totale \u00e8 la Francia, perch\u00e9 i tedeschi sono arrivati tre volte a Parigi e questo ha scosso le coscienze e dato pieno significato e portata alla crisi demografica\u201d continua Golini. \u201cMentre in Italia c\u2019\u00e8 stata una cultura in cui si diceva che volevamo conquistare tutto il mondo e questo ha nuociuto alla natalit\u00e0 e al concetto di crescita demografica. Insomma, abbiamo devitalizzato il concetto di persone e quindi di nascita. Come se il vitalismo fosse ancora visto come sinonimo di fascismo\u201d.<\/span><\/p>\n<p style=\"text-align: justify;\"><span style=\"color: #000000;\">Nella storia non si ricorda una societ\u00e0 che esce da una simile trappola demografica. \u201cDifficilissimo uscire da 1.2 di natalit\u00e0, perch\u00e9 occorrerebbe che un grande numero di coppie avessero 4-5 figli, il che nelle condizioni attuali mi pare impossibile\u201d conclude Golini\u201d. \u201cNell\u2019antica Italia \u00e8 gi\u00e0 successo quando croll\u00f2 l\u2019Impero Romano\u201d.<\/span><\/p>\n<p style=\"text-align: center;\"><span style=\"color: #0000ff;\"><a style=\"color: #0000ff;\" href=\"https:\/\/meotti.substack.com\/\" target=\"_blank\" rel=\"noopener noreferrer\">I<strong>scriviti alla newsletter di Giulio Meotti<\/strong><\/a><\/span><\/p>\n<p>_____________________________________<\/p>\n<p><strong>Leggi anche:<\/strong><\/p>\n<p><span style=\"color: #0000ff;\"><a style=\"color: #0000ff;\" href=\"https:\/\/www.rassegnastampa-totustuus.it\/cattolica\/demografia-litalia-non-ha-futuro\/\" target=\"_blank\" rel=\"noopener\">Demografia: l&#8217;Italia non ha futuro<\/a><\/span><\/p>\n\n\n<p><\/p>\n","protected":false},"excerpt":{"rendered":"<p>Newsletter di Giulio Meotti 15 Dicembre 2021 \u00a0 Intervista-podcast con Antonio Golini, pioniere della demografia. Dopo Elsa Fornero, Giuliano Amato, Draghi e Letta perorano l&#8217;arrivo di migranti. &#8220;Per anni parlare di nascite era da fascisti&#8221; di Giulio Meotti\u00a0<\/p><p><a class=\"more-link btn\" href=\"https:\/\/www.rassegnastampa-totustuus.it\/cattolica\/litalia-senza-figli-finira-come-limpero-romano\/\">Continua a leggere<\/a><\/p>\n","protected":false},"author":6,"featured_media":48567,"comment_status":"closed","ping_status":"closed","sticky":false,"template":"","format":"standard","meta":{"footnotes":""},"categories":[9,108,20],"tags":[217,1251,545,297],"class_list":["post-53180","post","type-post","status-publish","format-standard","has-post-thumbnail","hentry","category-demografia","category-paesi-e-continenti","category-politica-nazionale","tag-demografia-2","tag-italia","tag-paesi-e-continenti-2","tag-politica-nazionale-2","item-wrap"],"yoast_head":"<!-- This site is optimized with the Yoast SEO plugin v27.4 - https:\/\/yoast.com\/product\/yoast-seo-wordpress\/ -->\n<title>&quot;L&#039;Italia senza figli finir\u00e0 come l&#039;Impero Romano&quot; - Rassegna Stampa Cattolica<\/title>\n<meta name=\"description\" content=\"&quot;L&#039;Italia senza figli finir\u00e0 come l&#039;Impero Romano&quot;. Intervista al pioniere della demografia , Difficilissimo uscire dalla attuale trappola\" \/>\n<meta name=\"robots\" content=\"index, follow, max-snippet:-1, max-image-preview:large, max-video-preview:-1\" \/>\n<link rel=\"canonical\" href=\"https:\/\/www.rassegnastampa-totustuus.it\/cattolica\/litalia-senza-figli-finira-come-limpero-romano\/\" \/>\n<meta property=\"og:locale\" content=\"it_IT\" \/>\n<meta property=\"og:type\" content=\"article\" \/>\n<meta property=\"og:title\" content=\"&quot;L&#039;Italia senza figli finir\u00e0 come l&#039;Impero Romano&quot; - Rassegna Stampa Cattolica\" \/>\n<meta property=\"og:description\" content=\"&quot;L&#039;Italia senza figli finir\u00e0 come l&#039;Impero Romano&quot;. Intervista al pioniere della demografia , Difficilissimo uscire dalla attuale trappola\" \/>\n<meta property=\"og:url\" content=\"https:\/\/www.rassegnastampa-totustuus.it\/cattolica\/litalia-senza-figli-finira-come-limpero-romano\/\" \/>\n<meta property=\"og:site_name\" content=\"Rassegna Stampa Cattolica\" \/>\n<meta property=\"article:publisher\" content=\"https:\/\/www.facebook.com\/rassegnastampacattolica\" \/>\n<meta property=\"article:published_time\" content=\"2021-12-15T20:32:41+00:00\" \/>\n<meta property=\"article:modified_time\" content=\"2024-09-28T13:49:20+00:00\" \/>\n<meta property=\"og:image\" content=\"https:\/\/www.rassegnastampa-totustuus.it\/cattolica\/wp-content\/uploads\/2020\/09\/immigrazione_clandestina.jpg\" \/>\n\t<meta property=\"og:image:width\" content=\"1280\" \/>\n\t<meta property=\"og:image:height\" content=\"720\" \/>\n\t<meta property=\"og:image:type\" content=\"image\/jpeg\" \/>\n<meta name=\"author\" content=\"Redazione\" \/>\n<meta name=\"twitter:card\" content=\"summary_large_image\" \/>\n<meta name=\"twitter:creator\" content=\"@rassegnastampa9\" \/>\n<meta name=\"twitter:site\" content=\"@rassegnastampa9\" \/>\n<meta name=\"twitter:label1\" content=\"Scritto da\" \/>\n\t<meta name=\"twitter:data1\" content=\"Redazione\" \/>\n\t<meta name=\"twitter:label2\" content=\"Tempo di lettura stimato\" \/>\n\t<meta name=\"twitter:data2\" content=\"7 minuti\" \/>\n<script type=\"application\/ld+json\" class=\"yoast-schema-graph\">{\"@context\":\"https:\\\/\\\/schema.org\",\"@graph\":[{\"@type\":\"Article\",\"@id\":\"https:\\\/\\\/www.rassegnastampa-totustuus.it\\\/cattolica\\\/litalia-senza-figli-finira-come-limpero-romano\\\/#article\",\"isPartOf\":{\"@id\":\"https:\\\/\\\/www.rassegnastampa-totustuus.it\\\/cattolica\\\/litalia-senza-figli-finira-come-limpero-romano\\\/\"},\"author\":{\"name\":\"Redazione\",\"@id\":\"https:\\\/\\\/www.rassegnastampa-totustuus.it\\\/cattolica\\\/#\\\/schema\\\/person\\\/08f319d2bd1a0904ad9e2bfb7b15e5c3\"},\"headline\":\"&#8220;L&#8217;Italia senza figli finir\u00e0 come l&#8217;Impero Romano&#8221;\",\"datePublished\":\"2021-12-15T20:32:41+00:00\",\"dateModified\":\"2024-09-28T13:49:20+00:00\",\"mainEntityOfPage\":{\"@id\":\"https:\\\/\\\/www.rassegnastampa-totustuus.it\\\/cattolica\\\/litalia-senza-figli-finira-come-limpero-romano\\\/\"},\"wordCount\":913,\"publisher\":{\"@id\":\"https:\\\/\\\/www.rassegnastampa-totustuus.it\\\/cattolica\\\/#organization\"},\"image\":{\"@id\":\"https:\\\/\\\/www.rassegnastampa-totustuus.it\\\/cattolica\\\/litalia-senza-figli-finira-come-limpero-romano\\\/#primaryimage\"},\"thumbnailUrl\":\"https:\\\/\\\/www.rassegnastampa-totustuus.it\\\/cattolica\\\/wp-content\\\/uploads\\\/2020\\\/09\\\/immigrazione_clandestina.jpg\",\"keywords\":[\"demografia\",\"Italia\",\"paesi e continenti\",\"politica nazionale\"],\"articleSection\":[\"Demografia\",\"Paesi e continenti\",\"Politica nazionale\"],\"inLanguage\":\"it-IT\"},{\"@type\":\"WebPage\",\"@id\":\"https:\\\/\\\/www.rassegnastampa-totustuus.it\\\/cattolica\\\/litalia-senza-figli-finira-come-limpero-romano\\\/\",\"url\":\"https:\\\/\\\/www.rassegnastampa-totustuus.it\\\/cattolica\\\/litalia-senza-figli-finira-come-limpero-romano\\\/\",\"name\":\"\\\"L'Italia senza figli finir\u00e0 come l'Impero Romano\\\" - Rassegna Stampa Cattolica\",\"isPartOf\":{\"@id\":\"https:\\\/\\\/www.rassegnastampa-totustuus.it\\\/cattolica\\\/#website\"},\"primaryImageOfPage\":{\"@id\":\"https:\\\/\\\/www.rassegnastampa-totustuus.it\\\/cattolica\\\/litalia-senza-figli-finira-come-limpero-romano\\\/#primaryimage\"},\"image\":{\"@id\":\"https:\\\/\\\/www.rassegnastampa-totustuus.it\\\/cattolica\\\/litalia-senza-figli-finira-come-limpero-romano\\\/#primaryimage\"},\"thumbnailUrl\":\"https:\\\/\\\/www.rassegnastampa-totustuus.it\\\/cattolica\\\/wp-content\\\/uploads\\\/2020\\\/09\\\/immigrazione_clandestina.jpg\",\"datePublished\":\"2021-12-15T20:32:41+00:00\",\"dateModified\":\"2024-09-28T13:49:20+00:00\",\"description\":\"\\\"L'Italia senza figli finir\u00e0 come l'Impero Romano\\\". Intervista al pioniere della demografia , Difficilissimo uscire dalla attuale trappola\",\"breadcrumb\":{\"@id\":\"https:\\\/\\\/www.rassegnastampa-totustuus.it\\\/cattolica\\\/litalia-senza-figli-finira-come-limpero-romano\\\/#breadcrumb\"},\"inLanguage\":\"it-IT\",\"potentialAction\":[{\"@type\":\"ReadAction\",\"target\":[\"https:\\\/\\\/www.rassegnastampa-totustuus.it\\\/cattolica\\\/litalia-senza-figli-finira-come-limpero-romano\\\/\"]}]},{\"@type\":\"ImageObject\",\"inLanguage\":\"it-IT\",\"@id\":\"https:\\\/\\\/www.rassegnastampa-totustuus.it\\\/cattolica\\\/litalia-senza-figli-finira-come-limpero-romano\\\/#primaryimage\",\"url\":\"https:\\\/\\\/www.rassegnastampa-totustuus.it\\\/cattolica\\\/wp-content\\\/uploads\\\/2020\\\/09\\\/immigrazione_clandestina.jpg\",\"contentUrl\":\"https:\\\/\\\/www.rassegnastampa-totustuus.it\\\/cattolica\\\/wp-content\\\/uploads\\\/2020\\\/09\\\/immigrazione_clandestina.jpg\",\"width\":1280,\"height\":720},{\"@type\":\"BreadcrumbList\",\"@id\":\"https:\\\/\\\/www.rassegnastampa-totustuus.it\\\/cattolica\\\/litalia-senza-figli-finira-come-limpero-romano\\\/#breadcrumb\",\"itemListElement\":[{\"@type\":\"ListItem\",\"position\":1,\"name\":\"Home\",\"item\":\"https:\\\/\\\/www.rassegnastampa-totustuus.it\\\/cattolica\\\/\"},{\"@type\":\"ListItem\",\"position\":2,\"name\":\"&#8220;L&#8217;Italia senza figli finir\u00e0 come l&#8217;Impero Romano&#8221;\"}]},{\"@type\":\"WebSite\",\"@id\":\"https:\\\/\\\/www.rassegnastampa-totustuus.it\\\/cattolica\\\/#website\",\"url\":\"https:\\\/\\\/www.rassegnastampa-totustuus.it\\\/cattolica\\\/\",\"name\":\"Rassegna Stampa Cattolica\",\"description\":\"Per una cultura che nasce dalla Rivelazione cristiana in conformit\u00e0 alla tradizione e al Magistero della Chiesa in opposizione ad ogni relativismo e totalitarismo\",\"publisher\":{\"@id\":\"https:\\\/\\\/www.rassegnastampa-totustuus.it\\\/cattolica\\\/#organization\"},\"alternateName\":\"Rass. Cattolica\",\"potentialAction\":[{\"@type\":\"SearchAction\",\"target\":{\"@type\":\"EntryPoint\",\"urlTemplate\":\"https:\\\/\\\/www.rassegnastampa-totustuus.it\\\/cattolica\\\/?s={search_term_string}\"},\"query-input\":{\"@type\":\"PropertyValueSpecification\",\"valueRequired\":true,\"valueName\":\"search_term_string\"}}],\"inLanguage\":\"it-IT\"},{\"@type\":\"Organization\",\"@id\":\"https:\\\/\\\/www.rassegnastampa-totustuus.it\\\/cattolica\\\/#organization\",\"name\":\"Rassegna Stampa Cattolica\",\"url\":\"https:\\\/\\\/www.rassegnastampa-totustuus.it\\\/cattolica\\\/\",\"logo\":{\"@type\":\"ImageObject\",\"inLanguage\":\"it-IT\",\"@id\":\"https:\\\/\\\/www.rassegnastampa-totustuus.it\\\/cattolica\\\/#\\\/schema\\\/logo\\\/image\\\/\",\"url\":\"https:\\\/\\\/www.rassegnastampa-totustuus.it\\\/cattolica\\\/wp-content\\\/uploads\\\/2014\\\/04\\\/logo-rassegna1.gif\",\"contentUrl\":\"https:\\\/\\\/www.rassegnastampa-totustuus.it\\\/cattolica\\\/wp-content\\\/uploads\\\/2014\\\/04\\\/logo-rassegna1.gif\",\"width\":600,\"height\":163,\"caption\":\"Rassegna Stampa Cattolica\"},\"image\":{\"@id\":\"https:\\\/\\\/www.rassegnastampa-totustuus.it\\\/cattolica\\\/#\\\/schema\\\/logo\\\/image\\\/\"},\"sameAs\":[\"https:\\\/\\\/www.facebook.com\\\/rassegnastampacattolica\",\"https:\\\/\\\/x.com\\\/rassegnastampa9\"]},{\"@type\":\"Person\",\"@id\":\"https:\\\/\\\/www.rassegnastampa-totustuus.it\\\/cattolica\\\/#\\\/schema\\\/person\\\/08f319d2bd1a0904ad9e2bfb7b15e5c3\",\"name\":\"Redazione\",\"image\":{\"@type\":\"ImageObject\",\"inLanguage\":\"it-IT\",\"@id\":\"https:\\\/\\\/secure.gravatar.com\\\/avatar\\\/2fcdf27c78ea025fbdb44e914cc63c72249ffec9dc8aafd5c82b26240ef3f346?s=96&d=mm&r=g\",\"url\":\"https:\\\/\\\/secure.gravatar.com\\\/avatar\\\/2fcdf27c78ea025fbdb44e914cc63c72249ffec9dc8aafd5c82b26240ef3f346?s=96&d=mm&r=g\",\"contentUrl\":\"https:\\\/\\\/secure.gravatar.com\\\/avatar\\\/2fcdf27c78ea025fbdb44e914cc63c72249ffec9dc8aafd5c82b26240ef3f346?s=96&d=mm&r=g\",\"caption\":\"Redazione\"},\"url\":\"https:\\\/\\\/www.rassegnastampa-totustuus.it\\\/cattolica\\\/author\\\/pietroelle\\\/\"}]}<\/script>\n<!-- \/ Yoast SEO plugin. -->","yoast_head_json":{"title":"\"L'Italia senza figli finir\u00e0 come l'Impero Romano\" - Rassegna Stampa Cattolica","description":"\"L'Italia senza figli finir\u00e0 come l'Impero Romano\". Intervista al pioniere della demografia , Difficilissimo uscire dalla attuale trappola","robots":{"index":"index","follow":"follow","max-snippet":"max-snippet:-1","max-image-preview":"max-image-preview:large","max-video-preview":"max-video-preview:-1"},"canonical":"https:\/\/www.rassegnastampa-totustuus.it\/cattolica\/litalia-senza-figli-finira-come-limpero-romano\/","og_locale":"it_IT","og_type":"article","og_title":"\"L'Italia senza figli finir\u00e0 come l'Impero Romano\" - Rassegna Stampa Cattolica","og_description":"\"L'Italia senza figli finir\u00e0 come l'Impero Romano\". Intervista al pioniere della demografia , Difficilissimo uscire dalla attuale trappola","og_url":"https:\/\/www.rassegnastampa-totustuus.it\/cattolica\/litalia-senza-figli-finira-come-limpero-romano\/","og_site_name":"Rassegna Stampa Cattolica","article_publisher":"https:\/\/www.facebook.com\/rassegnastampacattolica","article_published_time":"2021-12-15T20:32:41+00:00","article_modified_time":"2024-09-28T13:49:20+00:00","og_image":[{"width":1280,"height":720,"url":"https:\/\/www.rassegnastampa-totustuus.it\/cattolica\/wp-content\/uploads\/2020\/09\/immigrazione_clandestina.jpg","type":"image\/jpeg"}],"author":"Redazione","twitter_card":"summary_large_image","twitter_creator":"@rassegnastampa9","twitter_site":"@rassegnastampa9","twitter_misc":{"Scritto da":"Redazione","Tempo di lettura stimato":"7 minuti"},"schema":{"@context":"https:\/\/schema.org","@graph":[{"@type":"Article","@id":"https:\/\/www.rassegnastampa-totustuus.it\/cattolica\/litalia-senza-figli-finira-come-limpero-romano\/#article","isPartOf":{"@id":"https:\/\/www.rassegnastampa-totustuus.it\/cattolica\/litalia-senza-figli-finira-come-limpero-romano\/"},"author":{"name":"Redazione","@id":"https:\/\/www.rassegnastampa-totustuus.it\/cattolica\/#\/schema\/person\/08f319d2bd1a0904ad9e2bfb7b15e5c3"},"headline":"&#8220;L&#8217;Italia senza figli finir\u00e0 come l&#8217;Impero Romano&#8221;","datePublished":"2021-12-15T20:32:41+00:00","dateModified":"2024-09-28T13:49:20+00:00","mainEntityOfPage":{"@id":"https:\/\/www.rassegnastampa-totustuus.it\/cattolica\/litalia-senza-figli-finira-come-limpero-romano\/"},"wordCount":913,"publisher":{"@id":"https:\/\/www.rassegnastampa-totustuus.it\/cattolica\/#organization"},"image":{"@id":"https:\/\/www.rassegnastampa-totustuus.it\/cattolica\/litalia-senza-figli-finira-come-limpero-romano\/#primaryimage"},"thumbnailUrl":"https:\/\/www.rassegnastampa-totustuus.it\/cattolica\/wp-content\/uploads\/2020\/09\/immigrazione_clandestina.jpg","keywords":["demografia","Italia","paesi e continenti","politica nazionale"],"articleSection":["Demografia","Paesi e continenti","Politica nazionale"],"inLanguage":"it-IT"},{"@type":"WebPage","@id":"https:\/\/www.rassegnastampa-totustuus.it\/cattolica\/litalia-senza-figli-finira-come-limpero-romano\/","url":"https:\/\/www.rassegnastampa-totustuus.it\/cattolica\/litalia-senza-figli-finira-come-limpero-romano\/","name":"\"L'Italia senza figli finir\u00e0 come l'Impero Romano\" - Rassegna Stampa Cattolica","isPartOf":{"@id":"https:\/\/www.rassegnastampa-totustuus.it\/cattolica\/#website"},"primaryImageOfPage":{"@id":"https:\/\/www.rassegnastampa-totustuus.it\/cattolica\/litalia-senza-figli-finira-come-limpero-romano\/#primaryimage"},"image":{"@id":"https:\/\/www.rassegnastampa-totustuus.it\/cattolica\/litalia-senza-figli-finira-come-limpero-romano\/#primaryimage"},"thumbnailUrl":"https:\/\/www.rassegnastampa-totustuus.it\/cattolica\/wp-content\/uploads\/2020\/09\/immigrazione_clandestina.jpg","datePublished":"2021-12-15T20:32:41+00:00","dateModified":"2024-09-28T13:49:20+00:00","description":"\"L'Italia senza figli finir\u00e0 come l'Impero Romano\". Intervista al pioniere della demografia , Difficilissimo uscire dalla attuale trappola","breadcrumb":{"@id":"https:\/\/www.rassegnastampa-totustuus.it\/cattolica\/litalia-senza-figli-finira-come-limpero-romano\/#breadcrumb"},"inLanguage":"it-IT","potentialAction":[{"@type":"ReadAction","target":["https:\/\/www.rassegnastampa-totustuus.it\/cattolica\/litalia-senza-figli-finira-come-limpero-romano\/"]}]},{"@type":"ImageObject","inLanguage":"it-IT","@id":"https:\/\/www.rassegnastampa-totustuus.it\/cattolica\/litalia-senza-figli-finira-come-limpero-romano\/#primaryimage","url":"https:\/\/www.rassegnastampa-totustuus.it\/cattolica\/wp-content\/uploads\/2020\/09\/immigrazione_clandestina.jpg","contentUrl":"https:\/\/www.rassegnastampa-totustuus.it\/cattolica\/wp-content\/uploads\/2020\/09\/immigrazione_clandestina.jpg","width":1280,"height":720},{"@type":"BreadcrumbList","@id":"https:\/\/www.rassegnastampa-totustuus.it\/cattolica\/litalia-senza-figli-finira-come-limpero-romano\/#breadcrumb","itemListElement":[{"@type":"ListItem","position":1,"name":"Home","item":"https:\/\/www.rassegnastampa-totustuus.it\/cattolica\/"},{"@type":"ListItem","position":2,"name":"&#8220;L&#8217;Italia senza figli finir\u00e0 come l&#8217;Impero Romano&#8221;"}]},{"@type":"WebSite","@id":"https:\/\/www.rassegnastampa-totustuus.it\/cattolica\/#website","url":"https:\/\/www.rassegnastampa-totustuus.it\/cattolica\/","name":"Rassegna Stampa Cattolica","description":"Per una cultura che nasce dalla Rivelazione cristiana in conformit\u00e0 alla tradizione e al Magistero della Chiesa in opposizione ad ogni relativismo e totalitarismo","publisher":{"@id":"https:\/\/www.rassegnastampa-totustuus.it\/cattolica\/#organization"},"alternateName":"Rass. Cattolica","potentialAction":[{"@type":"SearchAction","target":{"@type":"EntryPoint","urlTemplate":"https:\/\/www.rassegnastampa-totustuus.it\/cattolica\/?s={search_term_string}"},"query-input":{"@type":"PropertyValueSpecification","valueRequired":true,"valueName":"search_term_string"}}],"inLanguage":"it-IT"},{"@type":"Organization","@id":"https:\/\/www.rassegnastampa-totustuus.it\/cattolica\/#organization","name":"Rassegna Stampa Cattolica","url":"https:\/\/www.rassegnastampa-totustuus.it\/cattolica\/","logo":{"@type":"ImageObject","inLanguage":"it-IT","@id":"https:\/\/www.rassegnastampa-totustuus.it\/cattolica\/#\/schema\/logo\/image\/","url":"https:\/\/www.rassegnastampa-totustuus.it\/cattolica\/wp-content\/uploads\/2014\/04\/logo-rassegna1.gif","contentUrl":"https:\/\/www.rassegnastampa-totustuus.it\/cattolica\/wp-content\/uploads\/2014\/04\/logo-rassegna1.gif","width":600,"height":163,"caption":"Rassegna Stampa Cattolica"},"image":{"@id":"https:\/\/www.rassegnastampa-totustuus.it\/cattolica\/#\/schema\/logo\/image\/"},"sameAs":["https:\/\/www.facebook.com\/rassegnastampacattolica","https:\/\/x.com\/rassegnastampa9"]},{"@type":"Person","@id":"https:\/\/www.rassegnastampa-totustuus.it\/cattolica\/#\/schema\/person\/08f319d2bd1a0904ad9e2bfb7b15e5c3","name":"Redazione","image":{"@type":"ImageObject","inLanguage":"it-IT","@id":"https:\/\/secure.gravatar.com\/avatar\/2fcdf27c78ea025fbdb44e914cc63c72249ffec9dc8aafd5c82b26240ef3f346?s=96&d=mm&r=g","url":"https:\/\/secure.gravatar.com\/avatar\/2fcdf27c78ea025fbdb44e914cc63c72249ffec9dc8aafd5c82b26240ef3f346?s=96&d=mm&r=g","contentUrl":"https:\/\/secure.gravatar.com\/avatar\/2fcdf27c78ea025fbdb44e914cc63c72249ffec9dc8aafd5c82b26240ef3f346?s=96&d=mm&r=g","caption":"Redazione"},"url":"https:\/\/www.rassegnastampa-totustuus.it\/cattolica\/author\/pietroelle\/"}]}},"_links":{"self":[{"href":"https:\/\/www.rassegnastampa-totustuus.it\/cattolica\/wp-json\/wp\/v2\/posts\/53180","targetHints":{"allow":["GET"]}}],"collection":[{"href":"https:\/\/www.rassegnastampa-totustuus.it\/cattolica\/wp-json\/wp\/v2\/posts"}],"about":[{"href":"https:\/\/www.rassegnastampa-totustuus.it\/cattolica\/wp-json\/wp\/v2\/types\/post"}],"author":[{"embeddable":true,"href":"https:\/\/www.rassegnastampa-totustuus.it\/cattolica\/wp-json\/wp\/v2\/users\/6"}],"replies":[{"embeddable":true,"href":"https:\/\/www.rassegnastampa-totustuus.it\/cattolica\/wp-json\/wp\/v2\/comments?post=53180"}],"version-history":[{"count":2,"href":"https:\/\/www.rassegnastampa-totustuus.it\/cattolica\/wp-json\/wp\/v2\/posts\/53180\/revisions"}],"predecessor-version":[{"id":61296,"href":"https:\/\/www.rassegnastampa-totustuus.it\/cattolica\/wp-json\/wp\/v2\/posts\/53180\/revisions\/61296"}],"wp:featuredmedia":[{"embeddable":true,"href":"https:\/\/www.rassegnastampa-totustuus.it\/cattolica\/wp-json\/wp\/v2\/media\/48567"}],"wp:attachment":[{"href":"https:\/\/www.rassegnastampa-totustuus.it\/cattolica\/wp-json\/wp\/v2\/media?parent=53180"}],"wp:term":[{"taxonomy":"category","embeddable":true,"href":"https:\/\/www.rassegnastampa-totustuus.it\/cattolica\/wp-json\/wp\/v2\/categories?post=53180"},{"taxonomy":"post_tag","embeddable":true,"href":"https:\/\/www.rassegnastampa-totustuus.it\/cattolica\/wp-json\/wp\/v2\/tags?post=53180"}],"curies":[{"name":"wp","href":"https:\/\/api.w.org\/{rel}","templated":true}]}}