{"id":5317,"date":"2012-12-04T09:27:55","date_gmt":"2012-12-04T08:27:55","guid":{"rendered":""},"modified":"2016-06-20T11:29:20","modified_gmt":"2016-06-20T09:29:20","slug":"vedremo-se-chi-ha-votato-la-legge-sullincesto","status":"publish","type":"post","link":"https:\/\/www.rassegnastampa-totustuus.it\/cattolica\/vedremo-se-chi-ha-votato-la-legge-sullincesto\/","title":{"rendered":"&laquo;Vedremo se chi ha votato la legge sull\u2019incesto poi si riempir\u00e0 ancora la bocca con gli slogan sulla difesa della famiglia\u00bb"},"content":{"rendered":"<div style=\"text-align: center;\"><strong><img loading=\"lazy\" decoding=\"async\" class=\"alignleft wp-image-35135\" src=\"https:\/\/www.rassegnastampa-totustuus.it\/cattolica\/wp-content\/uploads\/2012\/12\/voto_Montecitorio.jpg\" alt=\"voto_Montecitorio\" width=\"250\" height=\"143\" \/>Tempi, <\/strong>28 novembre 2012<\/div>\n<p style=\"text-align: justify;\"><em>\u00abIn aula c\u2019era chi citava santi e sacre scritture; vedere i politici esultare in aula per l\u2019approvazione della legge sull\u2019incesto \u00e8 stato uno spettacolo grottesco\u00bb Intervista <\/em><em>ad Alfredo Mantovano (Pdl)<\/em><\/p>\n<p style=\"text-align: center;\">di <strong>Benedetta Frigerio<\/strong><\/p>\n<p><!--more--><\/p>\n<div style=\"text-align: justify;\">\u00abSignor Presidente, onorevoli colleghi, un vecchio adagio popolare dice che la via dell\u2019inferno \u00e8 lastricata di buone intenzioni e io non nego la buona intenzione. Anzi la lodevole intenzione di eliminare una serie di presunte &#8211; spiegher\u00f2 perch\u00e9 presunte &#8211; discriminazioni a carico dei figli di una unione incestuosa\u00bb. Sono le parole di Alfredo Mantovano, deputato pidiellino, ex sottosegretario all\u2019Interno, firmatario degli emendamenti bocciati e contrari al riconoscimento dei figli dell\u2019incesto previsto dalla norma varata ieri dal Parlamento con 366 favorevoli, 31 contrari e 58 astenuti.<\/div>\n<p style=\"text-align: justify;\">Lo scopo della legge era quello di riconoscere i diritti di tutti i figli naturali, nati anche al di fuori del matrimonio, ma il sapore della norma \u00e8 pi\u00f9 di una legittimazione dei diritti degli adulti, al di l\u00e0 di ogni responsabilit\u00e0 civile contratta attraverso il matrimonio.<\/p>\n<p style=\"text-align: justify;\">\u00abSe davvero si volevano tutelare i figli, perch\u00e9 si \u00e8 votato per dare ai responsabili di un incesto il diritto di riconoscere quel figlio, contro il suo vero interesse e contrastando con l\u2019articolo 564 del Codice penale che prevede il carcere per chi pratica l\u2019incesto? Il contrasto tra la nuova legislazione civile e il Codice penale porter\u00e0 a una sua depenalizzazione. Vedere la gente esultare in aula per l\u2019approvazione di questa legge \u00e8 stato uno spettacolo grottesco\u00bb.<\/p>\n<p style=\"text-align: justify;\">Chi ha voluto questa norma ha parlato, come Rosy Bindi, di una civilt\u00e0 liberata dal fardello del bigottismo che non tutela i figli nati fuori dal matrimonio, anche quelli dell\u2019incesto che si dice non avessero diritti. \u00c8 cos\u00ec?<\/p>\n<p style=\"text-align: justify;\">In aula c\u2019era chi citava santi e sacre scritture a favore di questa norma; io mi sono limitato laicamente a citare il diritto positivo e a svolgere considerazioni esclusivamente laiche. In primo luogo, oggi il divieto di riconoscimento &#8211; come tutti sanno, ma \u00e8 il caso di ricordarlo &#8211; non \u00e8 assoluto. Il riconoscimento \u00e8 possibile in una serie di ipotesi: quando si ignorava al momento del concepimento l\u2019esistenza di un vincolo parentale; quando, in epoca successiva al concepimento, \u00e8 venuto meno per l\u2019annullamento di un matrimonio il vincolo di affinit\u00e0.<\/p>\n<p style=\"text-align: justify;\">Non solo, la giurisprudenza ha applicato la categoria della buona fede anche alla vittima di violenza, quindi la donna che subiva la violenza dell\u2019incesto poteva gi\u00e0 operare il riconoscimento. Il figlio, poi, come recita l\u2019articolo 580 del Codice civile, non otteneva l\u2019eredit\u00e0 ma solo da un punto di vista formale, perch\u00e9 &#8211; di fatto &#8211; aveva diritto ad un assegno vitalizio che corrispondeva all\u2019eredit\u00e0 che gli sarebbe spettata.<\/p>\n<p style=\"text-align: justify;\">Il figlio naturale, senza essere costretto ad apparire figlio di un rapporto incestuoso, poteva quindi ottenere il mantenimento, l\u2019istruzione e l\u2019educazione e, se maggiorenne ed in stato di bisogno, ottenere anche gli alimenti, come prevede l\u2019articolo 279 del Codice civile. \u00c8 nell\u2019interesse di un figlio, che si trovi in tale drammatica situazione, avere questo marchio, che non dipende dalla sua volont\u00e0, ma pu\u00f2 dipendere anche dalla volont\u00e0 di chi \u00e8 stato autore di una violenza?<\/p>\n<p style=\"text-align: justify;\">Perch\u00e9 qui non \u00e8 pi\u00f9 il figlio che, maggiorenne &#8211; come dice l\u2019attuale normativa -, decide sul riconoscimento o meno, ma \u00e8 l\u2019esatto contrario, \u00e8 il padre o la madre, comunque chi ha commesso una violenza, che d\u2019ora in poi potr\u00e0 decidere autonomamente se riconoscerlo o meno. Si pu\u00f2 arrivare a delle vere e propria assurdit\u00e0: L\u2019articolo 564 del Codice penale, che nessuno ancora ha abolito, punisce come un delitto con pena severa l\u2019atto di incesto, che accadr\u00e0 ora?<\/p>\n<p style=\"text-align: justify;\"><strong>Perch\u00e9 sono stati respinti gli emendamenti alla legge, anche se contrari solo a questo passaggio?<br \/>\n<\/strong><\/p>\n<p style=\"text-align: justify;\">Per un insieme di ragioni gravi. Da una parte la sinistra ormai non si presenta pi\u00f9 come un alternativa sul piano economico e politico, ma ha spostato la sua attenzione, come tutti i partiti europei, verso temi antropologici di matrice libertaria e radicale. Questo purtroppo accade perch\u00e9 ormai le politiche economiche, strutturali e di sviluppo sono stabilite dall\u2019Europa. C\u2019\u00e8 poi una ragione politica: si sta rinforzando il patto con Sel a cui si d\u00e0 carta bianca su tutte le proposte pi\u00f9 ideologiche. Non meno grave il fatto che, dall\u2019altra parte, il Pdl sia assente.<\/p>\n<p style=\"text-align: justify;\">Siamo pochi ad avere le idee chiare sull\u2019importanza di queste tematiche per la societ\u00e0 futura. Perci\u00f2 \u00e8 mancata, anche in questo caso, la volont\u00e0 di agire con decisione. Peggio: il partito non \u00e8 stato capace di fare una battaglia e un terzo di noi ha votato a favore della norma. e cos\u00ec hanno agito anche ad alcuni parlamentari della Lega, ma anche dell\u2019Udc.<\/p>\n<p style=\"text-align: justify;\">Vedremo se questi stessi saranno quelli che sentiremo riempirsi la bocca di slogan sulla famiglia durante la prossima campagna elettorale. Perci\u00f2 dico che bisogna leggere bene le analisi del sangue di chi parler\u00e0: si pu\u00f2 gi\u00e0 fare guardando chi ha votato la norma sull\u2019incesto. Perch\u00e9, come diceva Jean-Paul Sartre, \u00abquanto alla famiglia, scomparir\u00e0 soltanto quando avremo cominciato a sbarazzarci del tab\u00f9 dell\u2019incesto; la libert\u00e0 deve essere pagata a questo prezzo\u00bb.<\/p>\n<p style=\"text-align: justify;\"><strong>Hanno votato la legge sull<\/strong><strong>\u2019<\/strong><strong>incesto. Qualcuno si \u00e8 spinto fino a teorizzare che sia lecito?<br \/>\n<\/strong><\/p>\n<p style=\"text-align: justify;\">Chi teorizza che i figli si possono fare in qualsiasi caso e che i genitori non devono essere discriminati rispetto a quelli sposati sono molti, con Paola Concia in testa. Solo che la cosa \u00e8 subdola perch\u00e9 la lesione dei diritti dei bambini non \u00e8 esplicita, ma passa con il vessillo della difesa dei diritti degli adulti: bisogna avere diritti senza responsabilit\u00e0 delle proprie azioni. Questa \u00e8 l\u2019idea di libert\u00e0 teorizzata dai pi\u00f9 radicali. Poi, di fatto, pagano i bambini, ma intanto le norme passano anche con lo sponsor di certi cattolici che sempre pi\u00f9 ingrossano le cifre dei voti radicali.<\/p>\n<p style=\"text-align: justify;\"><strong>Sui temi antropologici le differenze fra i partiti vanno sempre pi\u00f9 assottigliandosi. Cosa accadr\u00e0 alle prossime elezioni?<\/strong><\/p>\n<p style=\"text-align: justify;\">Nella prossima legislazione la maggioranza sar\u00e0 ancora pi\u00f9 libertaria. Date le forze in campo, mi pare evidente che stiamo andando verso un\u2019estremizzazione dei temi etici. Si proporr\u00e0 il riconoscimento della famiglia omosessuale, la legalizzazione dell\u2019eutanasia, la legge sull\u2019omofobia. E tutto avverr\u00e0 anche grazie al silenzio imbarazzato di molti, come ormai accade da tempo. Forse ci si accorger\u00e0 di quello che sta accadendo quando dovranno chiudere i seminari o le scuole paritarie, come sta succedendo Oltreoceano, ma sar\u00e0 tardi.<\/p>\n<p style=\"text-align: justify;\"><strong>Le spinte libertarie e l\u2019assenza di un\u2019alternativa e un\u2019azione forte ci stanno portando a quello che Pier Paolo Pasolini dichiar\u00f2 negli anni Settanta, quando profetizzo la svolta del Pci, favorevole ad aborto e divorzio, verso un grande partito radicale di massa?<\/strong><\/p>\n<p style=\"text-align: justify;\">Ci stiamo tutti omologando. Ma a quanti hanno citato il Vangelo e i santi a sproposito per giustificare la norma a favore dell\u2019incesto vorrei ricordare le cronache di Sodoma e Gomorra e la fine dell\u2019impero romano imploso nella sua immoralit\u00e0. Mentre a chi tace dico che, come Sodoma e Gomorra, forse meritiamo la distruzione dei partiti e della politica gi\u00e0 in atto.<\/p>\n","protected":false},"excerpt":{"rendered":"<p>Tempi, 28 novembre 2012 \u00abIn aula c\u2019era chi citava santi e sacre scritture; vedere i politici esultare in aula per l\u2019approvazione della legge sull\u2019incesto \u00e8 stato uno spettacolo grottesco\u00bb Intervista ad Alfredo Mantovano (Pdl) di Benedetta Frigerio<\/p><p><a class=\"more-link btn\" href=\"https:\/\/www.rassegnastampa-totustuus.it\/cattolica\/vedremo-se-chi-ha-votato-la-legge-sullincesto\/\">Continua a leggere<\/a><\/p>\n","protected":false},"author":6,"featured_media":35135,"comment_status":"closed","ping_status":"open","sticky":false,"template":"","format":"standard","meta":{"footnotes":""},"categories":[15,20],"tags":[1898],"class_list":["post-5317","post","type-post","status-publish","format-standard","has-post-thumbnail","hentry","category-famiglia","category-politica-nazionale","tag-incesto","item-wrap"],"yoast_head":"<!-- This site is optimized with the Yoast SEO plugin v27.5 - https:\/\/yoast.com\/product\/yoast-seo-wordpress\/ -->\n<title>&laquo;Vedremo se chi ha votato la legge sull\u2019incesto poi si riempir\u00e0 ancora la bocca con gli slogan sulla difesa della famiglia\u00bb - Rassegna Stampa Cattolica<\/title>\n<meta name=\"description\" content=\"Rassegna Stampa Cattolica - Per una cultura che nasce dalla Rivelazione cristiana in conformit\u00e0 alla tradizione e al Magistero della Chiesa in opposizione ad ogni relativismo e totalitarismo\" \/>\n<meta name=\"robots\" content=\"index, follow, max-snippet:-1, max-image-preview:large, max-video-preview:-1\" \/>\n<link rel=\"canonical\" href=\"https:\/\/www.rassegnastampa-totustuus.it\/cattolica\/vedremo-se-chi-ha-votato-la-legge-sullincesto\/\" \/>\n<meta property=\"og:locale\" content=\"it_IT\" \/>\n<meta property=\"og:type\" content=\"article\" \/>\n<meta property=\"og:title\" content=\"&laquo;Vedremo se chi ha votato la legge sull\u2019incesto poi si riempir\u00e0 ancora la bocca con gli slogan sulla difesa della famiglia\u00bb - Rassegna Stampa Cattolica\" \/>\n<meta property=\"og:description\" content=\"Rassegna Stampa Cattolica - Per una cultura che nasce dalla Rivelazione cristiana in conformit\u00e0 alla tradizione e al Magistero della Chiesa in opposizione ad ogni relativismo e totalitarismo\" \/>\n<meta property=\"og:url\" content=\"https:\/\/www.rassegnastampa-totustuus.it\/cattolica\/vedremo-se-chi-ha-votato-la-legge-sullincesto\/\" \/>\n<meta property=\"og:site_name\" content=\"Rassegna Stampa Cattolica\" \/>\n<meta property=\"article:publisher\" content=\"https:\/\/www.facebook.com\/rassegnastampacattolica\" \/>\n<meta property=\"article:published_time\" content=\"2012-12-04T08:27:55+00:00\" \/>\n<meta property=\"article:modified_time\" content=\"2016-06-20T09:29:20+00:00\" \/>\n<meta property=\"og:image\" content=\"https:\/\/www.rassegnastampa-totustuus.it\/cattolica\/wp-content\/uploads\/2012\/12\/voto_Montecitorio.jpg\" \/>\n\t<meta property=\"og:image:width\" content=\"280\" \/>\n\t<meta property=\"og:image:height\" content=\"160\" \/>\n\t<meta property=\"og:image:type\" content=\"image\/jpeg\" \/>\n<meta name=\"author\" content=\"Redazione\" \/>\n<meta name=\"twitter:card\" content=\"summary_large_image\" \/>\n<meta name=\"twitter:creator\" content=\"@rassegnastampa9\" \/>\n<meta name=\"twitter:site\" content=\"@rassegnastampa9\" \/>\n<meta name=\"twitter:label1\" content=\"Scritto da\" \/>\n\t<meta name=\"twitter:data1\" content=\"Redazione\" \/>\n\t<meta name=\"twitter:label2\" content=\"Tempo di lettura stimato\" \/>\n\t<meta name=\"twitter:data2\" content=\"6 minuti\" \/>\n<script type=\"application\/ld+json\" class=\"yoast-schema-graph\">{\"@context\":\"https:\\\/\\\/schema.org\",\"@graph\":[{\"@type\":\"Article\",\"@id\":\"https:\\\/\\\/www.rassegnastampa-totustuus.it\\\/cattolica\\\/vedremo-se-chi-ha-votato-la-legge-sullincesto\\\/#article\",\"isPartOf\":{\"@id\":\"https:\\\/\\\/www.rassegnastampa-totustuus.it\\\/cattolica\\\/vedremo-se-chi-ha-votato-la-legge-sullincesto\\\/\"},\"author\":{\"name\":\"Redazione\",\"@id\":\"https:\\\/\\\/www.rassegnastampa-totustuus.it\\\/cattolica\\\/#\\\/schema\\\/person\\\/08f319d2bd1a0904ad9e2bfb7b15e5c3\"},\"headline\":\"&laquo;Vedremo se chi ha votato la legge sull\u2019incesto poi si riempir\u00e0 ancora la bocca con gli slogan sulla difesa della famiglia\u00bb\",\"datePublished\":\"2012-12-04T08:27:55+00:00\",\"dateModified\":\"2016-06-20T09:29:20+00:00\",\"mainEntityOfPage\":{\"@id\":\"https:\\\/\\\/www.rassegnastampa-totustuus.it\\\/cattolica\\\/vedremo-se-chi-ha-votato-la-legge-sullincesto\\\/\"},\"wordCount\":1189,\"publisher\":{\"@id\":\"https:\\\/\\\/www.rassegnastampa-totustuus.it\\\/cattolica\\\/#organization\"},\"image\":{\"@id\":\"https:\\\/\\\/www.rassegnastampa-totustuus.it\\\/cattolica\\\/vedremo-se-chi-ha-votato-la-legge-sullincesto\\\/#primaryimage\"},\"thumbnailUrl\":\"https:\\\/\\\/www.rassegnastampa-totustuus.it\\\/cattolica\\\/wp-content\\\/uploads\\\/2012\\\/12\\\/voto_Montecitorio.jpg\",\"keywords\":[\"incesto\"],\"articleSection\":[\"Famiglia\",\"Politica nazionale\"],\"inLanguage\":\"it-IT\"},{\"@type\":\"WebPage\",\"@id\":\"https:\\\/\\\/www.rassegnastampa-totustuus.it\\\/cattolica\\\/vedremo-se-chi-ha-votato-la-legge-sullincesto\\\/\",\"url\":\"https:\\\/\\\/www.rassegnastampa-totustuus.it\\\/cattolica\\\/vedremo-se-chi-ha-votato-la-legge-sullincesto\\\/\",\"name\":\"&laquo;Vedremo se chi ha votato la legge sull\u2019incesto poi si riempir\u00e0 ancora la bocca con gli slogan sulla difesa della famiglia\u00bb - Rassegna Stampa Cattolica\",\"isPartOf\":{\"@id\":\"https:\\\/\\\/www.rassegnastampa-totustuus.it\\\/cattolica\\\/#website\"},\"primaryImageOfPage\":{\"@id\":\"https:\\\/\\\/www.rassegnastampa-totustuus.it\\\/cattolica\\\/vedremo-se-chi-ha-votato-la-legge-sullincesto\\\/#primaryimage\"},\"image\":{\"@id\":\"https:\\\/\\\/www.rassegnastampa-totustuus.it\\\/cattolica\\\/vedremo-se-chi-ha-votato-la-legge-sullincesto\\\/#primaryimage\"},\"thumbnailUrl\":\"https:\\\/\\\/www.rassegnastampa-totustuus.it\\\/cattolica\\\/wp-content\\\/uploads\\\/2012\\\/12\\\/voto_Montecitorio.jpg\",\"datePublished\":\"2012-12-04T08:27:55+00:00\",\"dateModified\":\"2016-06-20T09:29:20+00:00\",\"description\":\"Rassegna Stampa Cattolica - Per una cultura che nasce dalla Rivelazione cristiana in conformit\u00e0 alla tradizione e al Magistero della Chiesa in opposizione ad ogni relativismo e totalitarismo\",\"breadcrumb\":{\"@id\":\"https:\\\/\\\/www.rassegnastampa-totustuus.it\\\/cattolica\\\/vedremo-se-chi-ha-votato-la-legge-sullincesto\\\/#breadcrumb\"},\"inLanguage\":\"it-IT\",\"potentialAction\":[{\"@type\":\"ReadAction\",\"target\":[\"https:\\\/\\\/www.rassegnastampa-totustuus.it\\\/cattolica\\\/vedremo-se-chi-ha-votato-la-legge-sullincesto\\\/\"]}]},{\"@type\":\"ImageObject\",\"inLanguage\":\"it-IT\",\"@id\":\"https:\\\/\\\/www.rassegnastampa-totustuus.it\\\/cattolica\\\/vedremo-se-chi-ha-votato-la-legge-sullincesto\\\/#primaryimage\",\"url\":\"https:\\\/\\\/www.rassegnastampa-totustuus.it\\\/cattolica\\\/wp-content\\\/uploads\\\/2012\\\/12\\\/voto_Montecitorio.jpg\",\"contentUrl\":\"https:\\\/\\\/www.rassegnastampa-totustuus.it\\\/cattolica\\\/wp-content\\\/uploads\\\/2012\\\/12\\\/voto_Montecitorio.jpg\",\"width\":280,\"height\":160},{\"@type\":\"BreadcrumbList\",\"@id\":\"https:\\\/\\\/www.rassegnastampa-totustuus.it\\\/cattolica\\\/vedremo-se-chi-ha-votato-la-legge-sullincesto\\\/#breadcrumb\",\"itemListElement\":[{\"@type\":\"ListItem\",\"position\":1,\"name\":\"Home\",\"item\":\"https:\\\/\\\/www.rassegnastampa-totustuus.it\\\/cattolica\\\/\"},{\"@type\":\"ListItem\",\"position\":2,\"name\":\"&laquo;Vedremo se chi ha votato la legge sull\u2019incesto poi si riempir\u00e0 ancora la bocca con gli slogan sulla difesa della famiglia\u00bb\"}]},{\"@type\":\"WebSite\",\"@id\":\"https:\\\/\\\/www.rassegnastampa-totustuus.it\\\/cattolica\\\/#website\",\"url\":\"https:\\\/\\\/www.rassegnastampa-totustuus.it\\\/cattolica\\\/\",\"name\":\"Rassegna Stampa Cattolica\",\"description\":\"Per una cultura che nasce dalla Rivelazione cristiana in conformit\u00e0 alla tradizione e al Magistero della Chiesa in opposizione ad ogni relativismo e totalitarismo\",\"publisher\":{\"@id\":\"https:\\\/\\\/www.rassegnastampa-totustuus.it\\\/cattolica\\\/#organization\"},\"alternateName\":\"Rass. Cattolica\",\"potentialAction\":[{\"@type\":\"SearchAction\",\"target\":{\"@type\":\"EntryPoint\",\"urlTemplate\":\"https:\\\/\\\/www.rassegnastampa-totustuus.it\\\/cattolica\\\/?s={search_term_string}\"},\"query-input\":{\"@type\":\"PropertyValueSpecification\",\"valueRequired\":true,\"valueName\":\"search_term_string\"}}],\"inLanguage\":\"it-IT\"},{\"@type\":\"Organization\",\"@id\":\"https:\\\/\\\/www.rassegnastampa-totustuus.it\\\/cattolica\\\/#organization\",\"name\":\"Rassegna Stampa Cattolica\",\"url\":\"https:\\\/\\\/www.rassegnastampa-totustuus.it\\\/cattolica\\\/\",\"logo\":{\"@type\":\"ImageObject\",\"inLanguage\":\"it-IT\",\"@id\":\"https:\\\/\\\/www.rassegnastampa-totustuus.it\\\/cattolica\\\/#\\\/schema\\\/logo\\\/image\\\/\",\"url\":\"https:\\\/\\\/www.rassegnastampa-totustuus.it\\\/cattolica\\\/wp-content\\\/uploads\\\/2014\\\/04\\\/logo-rassegna1.gif\",\"contentUrl\":\"https:\\\/\\\/www.rassegnastampa-totustuus.it\\\/cattolica\\\/wp-content\\\/uploads\\\/2014\\\/04\\\/logo-rassegna1.gif\",\"width\":600,\"height\":163,\"caption\":\"Rassegna Stampa Cattolica\"},\"image\":{\"@id\":\"https:\\\/\\\/www.rassegnastampa-totustuus.it\\\/cattolica\\\/#\\\/schema\\\/logo\\\/image\\\/\"},\"sameAs\":[\"https:\\\/\\\/www.facebook.com\\\/rassegnastampacattolica\",\"https:\\\/\\\/x.com\\\/rassegnastampa9\"]},{\"@type\":\"Person\",\"@id\":\"https:\\\/\\\/www.rassegnastampa-totustuus.it\\\/cattolica\\\/#\\\/schema\\\/person\\\/08f319d2bd1a0904ad9e2bfb7b15e5c3\",\"name\":\"Redazione\",\"image\":{\"@type\":\"ImageObject\",\"inLanguage\":\"it-IT\",\"@id\":\"https:\\\/\\\/secure.gravatar.com\\\/avatar\\\/2fcdf27c78ea025fbdb44e914cc63c72249ffec9dc8aafd5c82b26240ef3f346?s=96&d=mm&r=g\",\"url\":\"https:\\\/\\\/secure.gravatar.com\\\/avatar\\\/2fcdf27c78ea025fbdb44e914cc63c72249ffec9dc8aafd5c82b26240ef3f346?s=96&d=mm&r=g\",\"contentUrl\":\"https:\\\/\\\/secure.gravatar.com\\\/avatar\\\/2fcdf27c78ea025fbdb44e914cc63c72249ffec9dc8aafd5c82b26240ef3f346?s=96&d=mm&r=g\",\"caption\":\"Redazione\"},\"url\":\"https:\\\/\\\/www.rassegnastampa-totustuus.it\\\/cattolica\\\/author\\\/pietroelle\\\/\"}]}<\/script>\n<!-- \/ Yoast SEO plugin. -->","yoast_head_json":{"title":"&laquo;Vedremo se chi ha votato la legge sull\u2019incesto poi si riempir\u00e0 ancora la bocca con gli slogan sulla difesa della famiglia\u00bb - Rassegna Stampa Cattolica","description":"Rassegna Stampa Cattolica - Per una cultura che nasce dalla Rivelazione cristiana in conformit\u00e0 alla tradizione e al Magistero della Chiesa in opposizione ad ogni relativismo e totalitarismo","robots":{"index":"index","follow":"follow","max-snippet":"max-snippet:-1","max-image-preview":"max-image-preview:large","max-video-preview":"max-video-preview:-1"},"canonical":"https:\/\/www.rassegnastampa-totustuus.it\/cattolica\/vedremo-se-chi-ha-votato-la-legge-sullincesto\/","og_locale":"it_IT","og_type":"article","og_title":"&laquo;Vedremo se chi ha votato la legge sull\u2019incesto poi si riempir\u00e0 ancora la bocca con gli slogan sulla difesa della famiglia\u00bb - Rassegna Stampa Cattolica","og_description":"Rassegna Stampa Cattolica - Per una cultura che nasce dalla Rivelazione cristiana in conformit\u00e0 alla tradizione e al Magistero della Chiesa in opposizione ad ogni relativismo e totalitarismo","og_url":"https:\/\/www.rassegnastampa-totustuus.it\/cattolica\/vedremo-se-chi-ha-votato-la-legge-sullincesto\/","og_site_name":"Rassegna Stampa Cattolica","article_publisher":"https:\/\/www.facebook.com\/rassegnastampacattolica","article_published_time":"2012-12-04T08:27:55+00:00","article_modified_time":"2016-06-20T09:29:20+00:00","og_image":[{"width":280,"height":160,"url":"https:\/\/www.rassegnastampa-totustuus.it\/cattolica\/wp-content\/uploads\/2012\/12\/voto_Montecitorio.jpg","type":"image\/jpeg"}],"author":"Redazione","twitter_card":"summary_large_image","twitter_creator":"@rassegnastampa9","twitter_site":"@rassegnastampa9","twitter_misc":{"Scritto da":"Redazione","Tempo di lettura stimato":"6 minuti"},"schema":{"@context":"https:\/\/schema.org","@graph":[{"@type":"Article","@id":"https:\/\/www.rassegnastampa-totustuus.it\/cattolica\/vedremo-se-chi-ha-votato-la-legge-sullincesto\/#article","isPartOf":{"@id":"https:\/\/www.rassegnastampa-totustuus.it\/cattolica\/vedremo-se-chi-ha-votato-la-legge-sullincesto\/"},"author":{"name":"Redazione","@id":"https:\/\/www.rassegnastampa-totustuus.it\/cattolica\/#\/schema\/person\/08f319d2bd1a0904ad9e2bfb7b15e5c3"},"headline":"&laquo;Vedremo se chi ha votato la legge sull\u2019incesto poi si riempir\u00e0 ancora la bocca con gli slogan sulla difesa della famiglia\u00bb","datePublished":"2012-12-04T08:27:55+00:00","dateModified":"2016-06-20T09:29:20+00:00","mainEntityOfPage":{"@id":"https:\/\/www.rassegnastampa-totustuus.it\/cattolica\/vedremo-se-chi-ha-votato-la-legge-sullincesto\/"},"wordCount":1189,"publisher":{"@id":"https:\/\/www.rassegnastampa-totustuus.it\/cattolica\/#organization"},"image":{"@id":"https:\/\/www.rassegnastampa-totustuus.it\/cattolica\/vedremo-se-chi-ha-votato-la-legge-sullincesto\/#primaryimage"},"thumbnailUrl":"https:\/\/www.rassegnastampa-totustuus.it\/cattolica\/wp-content\/uploads\/2012\/12\/voto_Montecitorio.jpg","keywords":["incesto"],"articleSection":["Famiglia","Politica nazionale"],"inLanguage":"it-IT"},{"@type":"WebPage","@id":"https:\/\/www.rassegnastampa-totustuus.it\/cattolica\/vedremo-se-chi-ha-votato-la-legge-sullincesto\/","url":"https:\/\/www.rassegnastampa-totustuus.it\/cattolica\/vedremo-se-chi-ha-votato-la-legge-sullincesto\/","name":"&laquo;Vedremo se chi ha votato la legge sull\u2019incesto poi si riempir\u00e0 ancora la bocca con gli slogan sulla difesa della famiglia\u00bb - Rassegna Stampa Cattolica","isPartOf":{"@id":"https:\/\/www.rassegnastampa-totustuus.it\/cattolica\/#website"},"primaryImageOfPage":{"@id":"https:\/\/www.rassegnastampa-totustuus.it\/cattolica\/vedremo-se-chi-ha-votato-la-legge-sullincesto\/#primaryimage"},"image":{"@id":"https:\/\/www.rassegnastampa-totustuus.it\/cattolica\/vedremo-se-chi-ha-votato-la-legge-sullincesto\/#primaryimage"},"thumbnailUrl":"https:\/\/www.rassegnastampa-totustuus.it\/cattolica\/wp-content\/uploads\/2012\/12\/voto_Montecitorio.jpg","datePublished":"2012-12-04T08:27:55+00:00","dateModified":"2016-06-20T09:29:20+00:00","description":"Rassegna Stampa Cattolica - Per una cultura che nasce dalla Rivelazione cristiana in conformit\u00e0 alla tradizione e al Magistero della Chiesa in opposizione ad ogni relativismo e totalitarismo","breadcrumb":{"@id":"https:\/\/www.rassegnastampa-totustuus.it\/cattolica\/vedremo-se-chi-ha-votato-la-legge-sullincesto\/#breadcrumb"},"inLanguage":"it-IT","potentialAction":[{"@type":"ReadAction","target":["https:\/\/www.rassegnastampa-totustuus.it\/cattolica\/vedremo-se-chi-ha-votato-la-legge-sullincesto\/"]}]},{"@type":"ImageObject","inLanguage":"it-IT","@id":"https:\/\/www.rassegnastampa-totustuus.it\/cattolica\/vedremo-se-chi-ha-votato-la-legge-sullincesto\/#primaryimage","url":"https:\/\/www.rassegnastampa-totustuus.it\/cattolica\/wp-content\/uploads\/2012\/12\/voto_Montecitorio.jpg","contentUrl":"https:\/\/www.rassegnastampa-totustuus.it\/cattolica\/wp-content\/uploads\/2012\/12\/voto_Montecitorio.jpg","width":280,"height":160},{"@type":"BreadcrumbList","@id":"https:\/\/www.rassegnastampa-totustuus.it\/cattolica\/vedremo-se-chi-ha-votato-la-legge-sullincesto\/#breadcrumb","itemListElement":[{"@type":"ListItem","position":1,"name":"Home","item":"https:\/\/www.rassegnastampa-totustuus.it\/cattolica\/"},{"@type":"ListItem","position":2,"name":"&laquo;Vedremo se chi ha votato la legge sull\u2019incesto poi si riempir\u00e0 ancora la bocca con gli slogan sulla difesa della famiglia\u00bb"}]},{"@type":"WebSite","@id":"https:\/\/www.rassegnastampa-totustuus.it\/cattolica\/#website","url":"https:\/\/www.rassegnastampa-totustuus.it\/cattolica\/","name":"Rassegna Stampa Cattolica","description":"Per una cultura che nasce dalla Rivelazione cristiana in conformit\u00e0 alla tradizione e al Magistero della Chiesa in opposizione ad ogni relativismo e totalitarismo","publisher":{"@id":"https:\/\/www.rassegnastampa-totustuus.it\/cattolica\/#organization"},"alternateName":"Rass. Cattolica","potentialAction":[{"@type":"SearchAction","target":{"@type":"EntryPoint","urlTemplate":"https:\/\/www.rassegnastampa-totustuus.it\/cattolica\/?s={search_term_string}"},"query-input":{"@type":"PropertyValueSpecification","valueRequired":true,"valueName":"search_term_string"}}],"inLanguage":"it-IT"},{"@type":"Organization","@id":"https:\/\/www.rassegnastampa-totustuus.it\/cattolica\/#organization","name":"Rassegna Stampa Cattolica","url":"https:\/\/www.rassegnastampa-totustuus.it\/cattolica\/","logo":{"@type":"ImageObject","inLanguage":"it-IT","@id":"https:\/\/www.rassegnastampa-totustuus.it\/cattolica\/#\/schema\/logo\/image\/","url":"https:\/\/www.rassegnastampa-totustuus.it\/cattolica\/wp-content\/uploads\/2014\/04\/logo-rassegna1.gif","contentUrl":"https:\/\/www.rassegnastampa-totustuus.it\/cattolica\/wp-content\/uploads\/2014\/04\/logo-rassegna1.gif","width":600,"height":163,"caption":"Rassegna Stampa Cattolica"},"image":{"@id":"https:\/\/www.rassegnastampa-totustuus.it\/cattolica\/#\/schema\/logo\/image\/"},"sameAs":["https:\/\/www.facebook.com\/rassegnastampacattolica","https:\/\/x.com\/rassegnastampa9"]},{"@type":"Person","@id":"https:\/\/www.rassegnastampa-totustuus.it\/cattolica\/#\/schema\/person\/08f319d2bd1a0904ad9e2bfb7b15e5c3","name":"Redazione","image":{"@type":"ImageObject","inLanguage":"it-IT","@id":"https:\/\/secure.gravatar.com\/avatar\/2fcdf27c78ea025fbdb44e914cc63c72249ffec9dc8aafd5c82b26240ef3f346?s=96&d=mm&r=g","url":"https:\/\/secure.gravatar.com\/avatar\/2fcdf27c78ea025fbdb44e914cc63c72249ffec9dc8aafd5c82b26240ef3f346?s=96&d=mm&r=g","contentUrl":"https:\/\/secure.gravatar.com\/avatar\/2fcdf27c78ea025fbdb44e914cc63c72249ffec9dc8aafd5c82b26240ef3f346?s=96&d=mm&r=g","caption":"Redazione"},"url":"https:\/\/www.rassegnastampa-totustuus.it\/cattolica\/author\/pietroelle\/"}]}},"_links":{"self":[{"href":"https:\/\/www.rassegnastampa-totustuus.it\/cattolica\/wp-json\/wp\/v2\/posts\/5317","targetHints":{"allow":["GET"]}}],"collection":[{"href":"https:\/\/www.rassegnastampa-totustuus.it\/cattolica\/wp-json\/wp\/v2\/posts"}],"about":[{"href":"https:\/\/www.rassegnastampa-totustuus.it\/cattolica\/wp-json\/wp\/v2\/types\/post"}],"author":[{"embeddable":true,"href":"https:\/\/www.rassegnastampa-totustuus.it\/cattolica\/wp-json\/wp\/v2\/users\/6"}],"replies":[{"embeddable":true,"href":"https:\/\/www.rassegnastampa-totustuus.it\/cattolica\/wp-json\/wp\/v2\/comments?post=5317"}],"version-history":[{"count":4,"href":"https:\/\/www.rassegnastampa-totustuus.it\/cattolica\/wp-json\/wp\/v2\/posts\/5317\/revisions"}],"predecessor-version":[{"id":35136,"href":"https:\/\/www.rassegnastampa-totustuus.it\/cattolica\/wp-json\/wp\/v2\/posts\/5317\/revisions\/35136"}],"wp:featuredmedia":[{"embeddable":true,"href":"https:\/\/www.rassegnastampa-totustuus.it\/cattolica\/wp-json\/wp\/v2\/media\/35135"}],"wp:attachment":[{"href":"https:\/\/www.rassegnastampa-totustuus.it\/cattolica\/wp-json\/wp\/v2\/media?parent=5317"}],"wp:term":[{"taxonomy":"category","embeddable":true,"href":"https:\/\/www.rassegnastampa-totustuus.it\/cattolica\/wp-json\/wp\/v2\/categories?post=5317"},{"taxonomy":"post_tag","embeddable":true,"href":"https:\/\/www.rassegnastampa-totustuus.it\/cattolica\/wp-json\/wp\/v2\/tags?post=5317"}],"curies":[{"name":"wp","href":"https:\/\/api.w.org\/{rel}","templated":true}]}}