{"id":5315,"date":"2012-12-01T13:57:07","date_gmt":"2012-12-01T12:57:07","guid":{"rendered":""},"modified":"2015-12-03T16:45:14","modified_gmt":"2015-12-03T15:45:14","slug":"la-camera-ha-fatto-cadere-il-tab-dellincesto","status":"publish","type":"post","link":"https:\/\/www.rassegnastampa-totustuus.it\/cattolica\/la-camera-ha-fatto-cadere-il-tab-dellincesto\/","title":{"rendered":"La Camera ha fatto cadere il tab&ugrave; dell\u2019incesto"},"content":{"rendered":"<div style=\"text-align: center;\"><strong><a href=\"https:\/\/www.rassegnastampa-totustuus.it\/cattolica\/wp-content\/uploads\/2012\/12\/camera.jpg\"><img loading=\"lazy\" decoding=\"async\" class=\"alignleft wp-image-28611\" src=\"https:\/\/www.rassegnastampa-totustuus.it\/cattolica\/wp-content\/uploads\/2012\/12\/camera.jpg\" alt=\"camera\" width=\"250\" height=\"166\" \/><\/a>A.C. Comunit\u00e0 Ambrosiana<\/strong>,<\/div>\n<div style=\"text-align: center;\">Newsletter n. 75 \u2013 novembre 2012<\/div>\n<p style=\"text-align: center;\"><strong>Marco Invernizzi<\/strong><\/p>\n<p style=\"text-align: justify;\">Care amiche, cari amici,annunciando nell&#8217;aula della Camera il voto contrario al disegno di legge sui figli naturali, Alfredo Mantovano ha ricordato quanto scriveva nel 1969 Jean-Paul Sartre (rivista Tout, n. 12): &#8220;Quanto alla famiglia, scomparir\u00e0 (&#8230;) soltanto quando avremo cominciato a sbarazzarci del tab\u00f9 dell&#8217;incesto (&#8230;); la libert\u00e0 deve essere pagata a questo prezzo&#8221;.<\/p>\n<p><!--more--><\/p>\n<div style=\"text-align: justify;\">&#8220;Oggi &#8211; ha detto Mantovano &#8211; la Camera dei Deputati paga questo prezzo, dando ragione a uno dei cattivi maestri del Novecento, e calpestando argomentazioni non confessionali o moralistiche, ma di diritto positivo e di coerenza di ordinamento. Una Legislatura che, per mille ragioni, ha fatto pochissimo per la famiglia, si conclude nel peggiore dei modi con la sacralizzazione dell&#8217;incesto: in ossequio a quell&#8217;ideologia post-sessantottina che continua a fare danni&#8221;.<\/div>\n<p style=\"text-align: justify;\">Dobbiamo riflettere su quanto accaduto alla Camera dei Deputati marted\u00ec 27 novembre. Non soltanto nel merito, di fatto lo sdoganamento dell&#8217;incesto, ma per le conseguenze e per lo scenario che si apre per i cosiddetti principi non negoziabili.<\/p>\n<p style=\"text-align: justify;\">Sul primo punto rimando a esperti, che non mancano, che certamente commenteranno la legge e che gi\u00e0 in Parlamento hanno quanto meno lanciato un allarme, e votato contro. Oltre a Mantovano, ricordo gli interventi di Alessandro Pagano, di Massimo Polledri, di Maria Luisa Santolini e Paola Binetti, di Rocco Buttiglione, di Barbara Saltamartini, Mario Landolfi, Francesco Biava e Gabriele Toccafondi, Andrea Orsini, oltre a Renato Farina e a non molti altri, purtroppo. Rimando in particolare, per capire l&#8217;accaduto, <a href=\"https:\/\/www.rassegnastampa-totustuus.it\/cattolica\/?p=5317\" target=\"_blank\">all&#8217;i<strong>ntervista a Mantovano su Tempi del 28 novembre<\/strong>.<\/a><\/p>\n<p style=\"text-align: justify;\">Ma quello che deve farci riflettere \u00e8 l\u2019assenza di uno schieramento parlamentare, e anche politico, a favore \u201csenza se e senza ma\u201d dei principi non negoziabili.<\/p>\n<p style=\"text-align: justify;\">Proprio in questi giorni \u00e8 trascorso in un generale silenzio il decimo anniversario della Nota sull\u2019impegno politico dei cattolici della Congregazione per la dottrina della fede (24 novembre 2002). Quella Nota sostiene un passaggio importante per l\u2019impegno politico dei cattolici, sia eletti o candidati sia elettori.<\/p>\n<p style=\"text-align: justify;\">Essa infatti ricorda che, finita l\u2019epoca delle ideologie quando si votava per appartenenza culturale o ideologica, dopo la caduta del Muro di Berlino e la scomparsa dei partiti ideologici, oggi, nell&#8217;epoca post-ideologica, si deve orientare il proprio voto in base al rispetto e alla promozione, affermato o pubblicamente manifestato in caso di una nuova candidatura, dei principi non negoziabili.<\/p>\n<p style=\"text-align: justify;\">E questi ultimi non sono tutti i principi della dottrina sociale della Chiesa, ma hanno una gerarchia in ordine di importanza, come dir\u00e0 espressamente papa Benedetto XVI il 30 marzo 2006 a un convegno promosso dal Partito Popolare Europeo: diritto alla vita, centralit\u00e0 della famiglia fondata sul matrimonio, libert\u00e0 di educazione e libert\u00e0 religiosa.<\/p>\n<p style=\"text-align: justify;\">Non che gli altri diritti non siano importanti, ma non rappresentano il fondamento della vita pubblica di una nazione.<\/p>\n<p style=\"text-align: justify;\">I principi non negoziabili sono stati subito osteggiati da una parte del mondo cattolico, che invece di cercare le ragioni del proprio impegno politico nel Magistero della Chiesa preferisce ritenersi \u201cadulta\u201d e fare di testa propria. Si tratta di quegli uomini e donne impegnati in politica che, per esempio, scelsero di andare a votare in occasione del referendum sulla legge 40 invece di non votare affinch\u00e9 non si raggiungesse il quorum e la legge che i radicali osteggiavano non venisse confermata, come poi \u00e8 realmente avvenuto.<\/p>\n<p style=\"text-align: justify;\">La ragione del loro dissenso \u00e8 culturale prima che politica: nasce dal rifiuto dell\u2019esistenza di una legge naturale che permane nel tempo, i cui valori magari non possono sempre essere realizzati come si vorrebbe, ma costituiscono comunque il punto di riferimento dell&#8217;azione politica. Ma, a parte i &#8220;cattolici adulti&#8221;, rimane il fatto che i principi non negoziabili non entrano nel dibattito politico.<\/p>\n<p style=\"text-align: justify;\">Si parla di economia, finanza, spread, tasse, ambiente ecc., ma del diritto alla vita e della centralit\u00e0 della famiglia si tace, anche da parte di quei parlamentari che pure avrebbero un interesse elettorale a farlo. E questo avviene anche per responsabilit\u00e0 di chi non fa quanto in suo potere per rendere visibili questi valori: vescovi, parroci, intellettuali e giornalisti, che tacciono o ne parlano poco.<\/p>\n<p style=\"text-align: justify;\">Eppure non c&#8217;\u00e8 nessuna realt\u00e0 che ogni domenica ha la possibilit\u00e0 di rivolgersi al 20 per cento della nazione, pi\u00f9 o meno il numero dei fedeli che partecipano alle Messe in Italia. Basterebbe ricordare a questi non pochi fedeli la centralit\u00e0 dei principi non negoziabili per portarli al centro della vita pubblica e cos\u00ec costringere i media a tenerne conto. Ma questo non avviene.<\/p>\n<p style=\"text-align: justify;\">Allora prepariamoci a quanto avverr\u00e0 nella prossima legislatura, quando le sinistre faranno approvare senza incontrare ostacoli la legge sulle coppie omosessuali, l&#8217;eutanasia e la legge sull&#8217;omofobia, che porter\u00e0 in carcere chi oser\u00e0 citare il Magistero della Chiesa sul disordine rappresentato dall&#8217;omosessualit\u00e0.<\/p>\n<p style=\"text-align: justify;\">Sono pessimista? Non credo. Intanto perch\u00e9 \u00e8 verosimile che ci sar\u00e0 una maggioranza\u00a0 parlamentare favorevole alla legalizzazione di questi punti. Poi perch\u00e9 la sinistra, che non si occuper\u00e0 pi\u00f9 di questioni economiche perch\u00e9 queste ultime saranno indicate dall&#8217;Unione Europea, concentrer\u00e0 i suoi sforzi nell&#8217;approvazione di queste leggi libertarie che in Italia non sono ancora state approvate.<\/p>\n<p style=\"text-align: justify;\">Ma, soprattutto, sono semplicemente realista perch\u00e9 non esiste una vera opposizione su questi temi etici. Quanto avvenuto ieri \u00e8 significativo.<\/p>\n<p style=\"text-align: justify;\">Tutti i gruppi parlamentari hanno votato a favore della legge senza preoccuparsi della norma sull&#8217;incesto. I 31 deputati che hanno votato contro lo hanno fatto in dissenso con il loro partito. Gli appelli del \u201cForum delle associazioni familiari\u201d e delle associazioni di categoria interessate sono caduti nel vuoto, ma ripeto che non sono stati sufficienti e rimane troppo debole la protesta, in particolare di chi rappresenta il mondo cattolico.<\/p>\n<p style=\"text-align: justify;\">Credo che ogni fedele abbia il diritto di sapere come la Chiesa italiana intende promuovere la nuova evangelizzazione. Oggi, i cattolici italiani sono una minoranza, seppure significativa. Possono operare come una &#8220;minoranza creativa&#8221; (uso il termine di Papa Benedetto XVI) che si concentra su evangelizzazione e formazione scommettendo sul lungo periodo, oppure possono, senza peraltro trascurare questo aspetto, cercare di influire anche sulla vita politica e parlamentare, come durante la presidenza del card. Ruini, quando organizzarono il Family day per fermare i \u201cDico\u201d e l&#8217;astensione per battere il referendum promosso dai radicali contro la legge 40.<\/p>\n<p style=\"text-align: justify;\">L&#8217;importante \u00e8 saperlo!<\/p>\n","protected":false},"excerpt":{"rendered":"<p>A.C. Comunit\u00e0 Ambrosiana, Newsletter n. 75 \u2013 novembre 2012 Marco Invernizzi Care amiche, cari amici,annunciando nell&#8217;aula della Camera il voto contrario al disegno di legge sui figli naturali, Alfredo Mantovano ha ricordato quanto scriveva nel 1969 Jean-Paul Sartre (rivista Tout, n. 12): &#8220;Quanto alla famiglia, scomparir\u00e0 (&#8230;) soltanto quando avremo cominciato a sbarazzarci del tab\u00f9 &hellip; <\/p>\n<p><a class=\"more-link btn\" href=\"https:\/\/www.rassegnastampa-totustuus.it\/cattolica\/la-camera-ha-fatto-cadere-il-tab-dellincesto\/\">Continua a leggere<\/a><\/p>\n","protected":false},"author":6,"featured_media":28611,"comment_status":"closed","ping_status":"open","sticky":false,"template":"","format":"standard","meta":{"footnotes":""},"categories":[20],"tags":[288,1898],"class_list":["post-5315","post","type-post","status-publish","format-standard","has-post-thumbnail","hentry","category-politica-nazionale","tag-adozioni","tag-incesto","item-wrap"],"yoast_head":"<!-- This site is optimized with the Yoast SEO plugin v27.5 - https:\/\/yoast.com\/product\/yoast-seo-wordpress\/ -->\n<title>La Camera ha fatto cadere il tab&ugrave; dell\u2019incesto - Rassegna Stampa Cattolica<\/title>\n<meta name=\"description\" content=\"Rassegna Stampa Cattolica - Per una cultura che nasce dalla Rivelazione cristiana in conformit\u00e0 alla tradizione e al Magistero della Chiesa in opposizione ad ogni relativismo e totalitarismo\" \/>\n<meta name=\"robots\" content=\"index, follow, max-snippet:-1, max-image-preview:large, max-video-preview:-1\" \/>\n<link rel=\"canonical\" href=\"https:\/\/www.rassegnastampa-totustuus.it\/cattolica\/la-camera-ha-fatto-cadere-il-tab-dellincesto\/\" \/>\n<meta property=\"og:locale\" content=\"it_IT\" \/>\n<meta property=\"og:type\" content=\"article\" \/>\n<meta property=\"og:title\" content=\"La Camera ha fatto cadere il tab&ugrave; dell\u2019incesto - Rassegna Stampa Cattolica\" \/>\n<meta property=\"og:description\" content=\"Rassegna Stampa Cattolica - Per una cultura che nasce dalla Rivelazione cristiana in conformit\u00e0 alla tradizione e al Magistero della Chiesa in opposizione ad ogni relativismo e totalitarismo\" \/>\n<meta property=\"og:url\" content=\"https:\/\/www.rassegnastampa-totustuus.it\/cattolica\/la-camera-ha-fatto-cadere-il-tab-dellincesto\/\" \/>\n<meta property=\"og:site_name\" content=\"Rassegna Stampa Cattolica\" \/>\n<meta property=\"article:publisher\" content=\"https:\/\/www.facebook.com\/rassegnastampacattolica\" \/>\n<meta property=\"article:published_time\" content=\"2012-12-01T12:57:07+00:00\" \/>\n<meta property=\"article:modified_time\" content=\"2015-12-03T15:45:14+00:00\" \/>\n<meta property=\"og:image\" content=\"https:\/\/www.rassegnastampa-totustuus.it\/cattolica\/wp-content\/uploads\/2012\/12\/camera.jpg\" \/>\n\t<meta property=\"og:image:width\" content=\"275\" \/>\n\t<meta property=\"og:image:height\" content=\"183\" \/>\n\t<meta property=\"og:image:type\" content=\"image\/jpeg\" \/>\n<meta name=\"author\" content=\"Redazione\" \/>\n<meta name=\"twitter:card\" content=\"summary_large_image\" \/>\n<meta name=\"twitter:creator\" content=\"@rassegnastampa9\" \/>\n<meta name=\"twitter:site\" content=\"@rassegnastampa9\" \/>\n<meta name=\"twitter:label1\" content=\"Scritto da\" \/>\n\t<meta name=\"twitter:data1\" content=\"Redazione\" \/>\n\t<meta name=\"twitter:label2\" content=\"Tempo di lettura stimato\" \/>\n\t<meta name=\"twitter:data2\" content=\"5 minuti\" \/>\n<script type=\"application\/ld+json\" class=\"yoast-schema-graph\">{\"@context\":\"https:\\\/\\\/schema.org\",\"@graph\":[{\"@type\":\"Article\",\"@id\":\"https:\\\/\\\/www.rassegnastampa-totustuus.it\\\/cattolica\\\/la-camera-ha-fatto-cadere-il-tab-dellincesto\\\/#article\",\"isPartOf\":{\"@id\":\"https:\\\/\\\/www.rassegnastampa-totustuus.it\\\/cattolica\\\/la-camera-ha-fatto-cadere-il-tab-dellincesto\\\/\"},\"author\":{\"name\":\"Redazione\",\"@id\":\"https:\\\/\\\/www.rassegnastampa-totustuus.it\\\/cattolica\\\/#\\\/schema\\\/person\\\/08f319d2bd1a0904ad9e2bfb7b15e5c3\"},\"headline\":\"La Camera ha fatto cadere il tab&ugrave; dell\u2019incesto\",\"datePublished\":\"2012-12-01T12:57:07+00:00\",\"dateModified\":\"2015-12-03T15:45:14+00:00\",\"mainEntityOfPage\":{\"@id\":\"https:\\\/\\\/www.rassegnastampa-totustuus.it\\\/cattolica\\\/la-camera-ha-fatto-cadere-il-tab-dellincesto\\\/\"},\"wordCount\":1035,\"publisher\":{\"@id\":\"https:\\\/\\\/www.rassegnastampa-totustuus.it\\\/cattolica\\\/#organization\"},\"image\":{\"@id\":\"https:\\\/\\\/www.rassegnastampa-totustuus.it\\\/cattolica\\\/la-camera-ha-fatto-cadere-il-tab-dellincesto\\\/#primaryimage\"},\"thumbnailUrl\":\"https:\\\/\\\/www.rassegnastampa-totustuus.it\\\/cattolica\\\/wp-content\\\/uploads\\\/2012\\\/12\\\/camera.jpg\",\"keywords\":[\"adozioni\",\"incesto\"],\"articleSection\":[\"Politica nazionale\"],\"inLanguage\":\"it-IT\"},{\"@type\":\"WebPage\",\"@id\":\"https:\\\/\\\/www.rassegnastampa-totustuus.it\\\/cattolica\\\/la-camera-ha-fatto-cadere-il-tab-dellincesto\\\/\",\"url\":\"https:\\\/\\\/www.rassegnastampa-totustuus.it\\\/cattolica\\\/la-camera-ha-fatto-cadere-il-tab-dellincesto\\\/\",\"name\":\"La Camera ha fatto cadere il tab&ugrave; dell\u2019incesto - Rassegna Stampa Cattolica\",\"isPartOf\":{\"@id\":\"https:\\\/\\\/www.rassegnastampa-totustuus.it\\\/cattolica\\\/#website\"},\"primaryImageOfPage\":{\"@id\":\"https:\\\/\\\/www.rassegnastampa-totustuus.it\\\/cattolica\\\/la-camera-ha-fatto-cadere-il-tab-dellincesto\\\/#primaryimage\"},\"image\":{\"@id\":\"https:\\\/\\\/www.rassegnastampa-totustuus.it\\\/cattolica\\\/la-camera-ha-fatto-cadere-il-tab-dellincesto\\\/#primaryimage\"},\"thumbnailUrl\":\"https:\\\/\\\/www.rassegnastampa-totustuus.it\\\/cattolica\\\/wp-content\\\/uploads\\\/2012\\\/12\\\/camera.jpg\",\"datePublished\":\"2012-12-01T12:57:07+00:00\",\"dateModified\":\"2015-12-03T15:45:14+00:00\",\"description\":\"Rassegna Stampa Cattolica - Per una cultura che nasce dalla Rivelazione cristiana in conformit\u00e0 alla tradizione e al Magistero della Chiesa in opposizione ad ogni relativismo e totalitarismo\",\"breadcrumb\":{\"@id\":\"https:\\\/\\\/www.rassegnastampa-totustuus.it\\\/cattolica\\\/la-camera-ha-fatto-cadere-il-tab-dellincesto\\\/#breadcrumb\"},\"inLanguage\":\"it-IT\",\"potentialAction\":[{\"@type\":\"ReadAction\",\"target\":[\"https:\\\/\\\/www.rassegnastampa-totustuus.it\\\/cattolica\\\/la-camera-ha-fatto-cadere-il-tab-dellincesto\\\/\"]}]},{\"@type\":\"ImageObject\",\"inLanguage\":\"it-IT\",\"@id\":\"https:\\\/\\\/www.rassegnastampa-totustuus.it\\\/cattolica\\\/la-camera-ha-fatto-cadere-il-tab-dellincesto\\\/#primaryimage\",\"url\":\"https:\\\/\\\/www.rassegnastampa-totustuus.it\\\/cattolica\\\/wp-content\\\/uploads\\\/2012\\\/12\\\/camera.jpg\",\"contentUrl\":\"https:\\\/\\\/www.rassegnastampa-totustuus.it\\\/cattolica\\\/wp-content\\\/uploads\\\/2012\\\/12\\\/camera.jpg\",\"width\":275,\"height\":183},{\"@type\":\"BreadcrumbList\",\"@id\":\"https:\\\/\\\/www.rassegnastampa-totustuus.it\\\/cattolica\\\/la-camera-ha-fatto-cadere-il-tab-dellincesto\\\/#breadcrumb\",\"itemListElement\":[{\"@type\":\"ListItem\",\"position\":1,\"name\":\"Home\",\"item\":\"https:\\\/\\\/www.rassegnastampa-totustuus.it\\\/cattolica\\\/\"},{\"@type\":\"ListItem\",\"position\":2,\"name\":\"La Camera ha fatto cadere il tab&ugrave; dell\u2019incesto\"}]},{\"@type\":\"WebSite\",\"@id\":\"https:\\\/\\\/www.rassegnastampa-totustuus.it\\\/cattolica\\\/#website\",\"url\":\"https:\\\/\\\/www.rassegnastampa-totustuus.it\\\/cattolica\\\/\",\"name\":\"Rassegna Stampa Cattolica\",\"description\":\"Per una cultura che nasce dalla Rivelazione cristiana in conformit\u00e0 alla tradizione e al Magistero della Chiesa in opposizione ad ogni relativismo e totalitarismo\",\"publisher\":{\"@id\":\"https:\\\/\\\/www.rassegnastampa-totustuus.it\\\/cattolica\\\/#organization\"},\"alternateName\":\"Rass. Cattolica\",\"potentialAction\":[{\"@type\":\"SearchAction\",\"target\":{\"@type\":\"EntryPoint\",\"urlTemplate\":\"https:\\\/\\\/www.rassegnastampa-totustuus.it\\\/cattolica\\\/?s={search_term_string}\"},\"query-input\":{\"@type\":\"PropertyValueSpecification\",\"valueRequired\":true,\"valueName\":\"search_term_string\"}}],\"inLanguage\":\"it-IT\"},{\"@type\":\"Organization\",\"@id\":\"https:\\\/\\\/www.rassegnastampa-totustuus.it\\\/cattolica\\\/#organization\",\"name\":\"Rassegna Stampa Cattolica\",\"url\":\"https:\\\/\\\/www.rassegnastampa-totustuus.it\\\/cattolica\\\/\",\"logo\":{\"@type\":\"ImageObject\",\"inLanguage\":\"it-IT\",\"@id\":\"https:\\\/\\\/www.rassegnastampa-totustuus.it\\\/cattolica\\\/#\\\/schema\\\/logo\\\/image\\\/\",\"url\":\"https:\\\/\\\/www.rassegnastampa-totustuus.it\\\/cattolica\\\/wp-content\\\/uploads\\\/2014\\\/04\\\/logo-rassegna1.gif\",\"contentUrl\":\"https:\\\/\\\/www.rassegnastampa-totustuus.it\\\/cattolica\\\/wp-content\\\/uploads\\\/2014\\\/04\\\/logo-rassegna1.gif\",\"width\":600,\"height\":163,\"caption\":\"Rassegna Stampa Cattolica\"},\"image\":{\"@id\":\"https:\\\/\\\/www.rassegnastampa-totustuus.it\\\/cattolica\\\/#\\\/schema\\\/logo\\\/image\\\/\"},\"sameAs\":[\"https:\\\/\\\/www.facebook.com\\\/rassegnastampacattolica\",\"https:\\\/\\\/x.com\\\/rassegnastampa9\"]},{\"@type\":\"Person\",\"@id\":\"https:\\\/\\\/www.rassegnastampa-totustuus.it\\\/cattolica\\\/#\\\/schema\\\/person\\\/08f319d2bd1a0904ad9e2bfb7b15e5c3\",\"name\":\"Redazione\",\"image\":{\"@type\":\"ImageObject\",\"inLanguage\":\"it-IT\",\"@id\":\"https:\\\/\\\/secure.gravatar.com\\\/avatar\\\/2fcdf27c78ea025fbdb44e914cc63c72249ffec9dc8aafd5c82b26240ef3f346?s=96&d=mm&r=g\",\"url\":\"https:\\\/\\\/secure.gravatar.com\\\/avatar\\\/2fcdf27c78ea025fbdb44e914cc63c72249ffec9dc8aafd5c82b26240ef3f346?s=96&d=mm&r=g\",\"contentUrl\":\"https:\\\/\\\/secure.gravatar.com\\\/avatar\\\/2fcdf27c78ea025fbdb44e914cc63c72249ffec9dc8aafd5c82b26240ef3f346?s=96&d=mm&r=g\",\"caption\":\"Redazione\"},\"url\":\"https:\\\/\\\/www.rassegnastampa-totustuus.it\\\/cattolica\\\/author\\\/pietroelle\\\/\"}]}<\/script>\n<!-- \/ Yoast SEO plugin. -->","yoast_head_json":{"title":"La Camera ha fatto cadere il tab&ugrave; dell\u2019incesto - Rassegna Stampa Cattolica","description":"Rassegna Stampa Cattolica - Per una cultura che nasce dalla Rivelazione cristiana in conformit\u00e0 alla tradizione e al Magistero della Chiesa in opposizione ad ogni relativismo e totalitarismo","robots":{"index":"index","follow":"follow","max-snippet":"max-snippet:-1","max-image-preview":"max-image-preview:large","max-video-preview":"max-video-preview:-1"},"canonical":"https:\/\/www.rassegnastampa-totustuus.it\/cattolica\/la-camera-ha-fatto-cadere-il-tab-dellincesto\/","og_locale":"it_IT","og_type":"article","og_title":"La Camera ha fatto cadere il tab&ugrave; dell\u2019incesto - Rassegna Stampa Cattolica","og_description":"Rassegna Stampa Cattolica - Per una cultura che nasce dalla Rivelazione cristiana in conformit\u00e0 alla tradizione e al Magistero della Chiesa in opposizione ad ogni relativismo e totalitarismo","og_url":"https:\/\/www.rassegnastampa-totustuus.it\/cattolica\/la-camera-ha-fatto-cadere-il-tab-dellincesto\/","og_site_name":"Rassegna Stampa Cattolica","article_publisher":"https:\/\/www.facebook.com\/rassegnastampacattolica","article_published_time":"2012-12-01T12:57:07+00:00","article_modified_time":"2015-12-03T15:45:14+00:00","og_image":[{"width":275,"height":183,"url":"https:\/\/www.rassegnastampa-totustuus.it\/cattolica\/wp-content\/uploads\/2012\/12\/camera.jpg","type":"image\/jpeg"}],"author":"Redazione","twitter_card":"summary_large_image","twitter_creator":"@rassegnastampa9","twitter_site":"@rassegnastampa9","twitter_misc":{"Scritto da":"Redazione","Tempo di lettura stimato":"5 minuti"},"schema":{"@context":"https:\/\/schema.org","@graph":[{"@type":"Article","@id":"https:\/\/www.rassegnastampa-totustuus.it\/cattolica\/la-camera-ha-fatto-cadere-il-tab-dellincesto\/#article","isPartOf":{"@id":"https:\/\/www.rassegnastampa-totustuus.it\/cattolica\/la-camera-ha-fatto-cadere-il-tab-dellincesto\/"},"author":{"name":"Redazione","@id":"https:\/\/www.rassegnastampa-totustuus.it\/cattolica\/#\/schema\/person\/08f319d2bd1a0904ad9e2bfb7b15e5c3"},"headline":"La Camera ha fatto cadere il tab&ugrave; dell\u2019incesto","datePublished":"2012-12-01T12:57:07+00:00","dateModified":"2015-12-03T15:45:14+00:00","mainEntityOfPage":{"@id":"https:\/\/www.rassegnastampa-totustuus.it\/cattolica\/la-camera-ha-fatto-cadere-il-tab-dellincesto\/"},"wordCount":1035,"publisher":{"@id":"https:\/\/www.rassegnastampa-totustuus.it\/cattolica\/#organization"},"image":{"@id":"https:\/\/www.rassegnastampa-totustuus.it\/cattolica\/la-camera-ha-fatto-cadere-il-tab-dellincesto\/#primaryimage"},"thumbnailUrl":"https:\/\/www.rassegnastampa-totustuus.it\/cattolica\/wp-content\/uploads\/2012\/12\/camera.jpg","keywords":["adozioni","incesto"],"articleSection":["Politica nazionale"],"inLanguage":"it-IT"},{"@type":"WebPage","@id":"https:\/\/www.rassegnastampa-totustuus.it\/cattolica\/la-camera-ha-fatto-cadere-il-tab-dellincesto\/","url":"https:\/\/www.rassegnastampa-totustuus.it\/cattolica\/la-camera-ha-fatto-cadere-il-tab-dellincesto\/","name":"La Camera ha fatto cadere il tab&ugrave; dell\u2019incesto - Rassegna Stampa Cattolica","isPartOf":{"@id":"https:\/\/www.rassegnastampa-totustuus.it\/cattolica\/#website"},"primaryImageOfPage":{"@id":"https:\/\/www.rassegnastampa-totustuus.it\/cattolica\/la-camera-ha-fatto-cadere-il-tab-dellincesto\/#primaryimage"},"image":{"@id":"https:\/\/www.rassegnastampa-totustuus.it\/cattolica\/la-camera-ha-fatto-cadere-il-tab-dellincesto\/#primaryimage"},"thumbnailUrl":"https:\/\/www.rassegnastampa-totustuus.it\/cattolica\/wp-content\/uploads\/2012\/12\/camera.jpg","datePublished":"2012-12-01T12:57:07+00:00","dateModified":"2015-12-03T15:45:14+00:00","description":"Rassegna Stampa Cattolica - Per una cultura che nasce dalla Rivelazione cristiana in conformit\u00e0 alla tradizione e al Magistero della Chiesa in opposizione ad ogni relativismo e totalitarismo","breadcrumb":{"@id":"https:\/\/www.rassegnastampa-totustuus.it\/cattolica\/la-camera-ha-fatto-cadere-il-tab-dellincesto\/#breadcrumb"},"inLanguage":"it-IT","potentialAction":[{"@type":"ReadAction","target":["https:\/\/www.rassegnastampa-totustuus.it\/cattolica\/la-camera-ha-fatto-cadere-il-tab-dellincesto\/"]}]},{"@type":"ImageObject","inLanguage":"it-IT","@id":"https:\/\/www.rassegnastampa-totustuus.it\/cattolica\/la-camera-ha-fatto-cadere-il-tab-dellincesto\/#primaryimage","url":"https:\/\/www.rassegnastampa-totustuus.it\/cattolica\/wp-content\/uploads\/2012\/12\/camera.jpg","contentUrl":"https:\/\/www.rassegnastampa-totustuus.it\/cattolica\/wp-content\/uploads\/2012\/12\/camera.jpg","width":275,"height":183},{"@type":"BreadcrumbList","@id":"https:\/\/www.rassegnastampa-totustuus.it\/cattolica\/la-camera-ha-fatto-cadere-il-tab-dellincesto\/#breadcrumb","itemListElement":[{"@type":"ListItem","position":1,"name":"Home","item":"https:\/\/www.rassegnastampa-totustuus.it\/cattolica\/"},{"@type":"ListItem","position":2,"name":"La Camera ha fatto cadere il tab&ugrave; dell\u2019incesto"}]},{"@type":"WebSite","@id":"https:\/\/www.rassegnastampa-totustuus.it\/cattolica\/#website","url":"https:\/\/www.rassegnastampa-totustuus.it\/cattolica\/","name":"Rassegna Stampa Cattolica","description":"Per una cultura che nasce dalla Rivelazione cristiana in conformit\u00e0 alla tradizione e al Magistero della Chiesa in opposizione ad ogni relativismo e totalitarismo","publisher":{"@id":"https:\/\/www.rassegnastampa-totustuus.it\/cattolica\/#organization"},"alternateName":"Rass. Cattolica","potentialAction":[{"@type":"SearchAction","target":{"@type":"EntryPoint","urlTemplate":"https:\/\/www.rassegnastampa-totustuus.it\/cattolica\/?s={search_term_string}"},"query-input":{"@type":"PropertyValueSpecification","valueRequired":true,"valueName":"search_term_string"}}],"inLanguage":"it-IT"},{"@type":"Organization","@id":"https:\/\/www.rassegnastampa-totustuus.it\/cattolica\/#organization","name":"Rassegna Stampa Cattolica","url":"https:\/\/www.rassegnastampa-totustuus.it\/cattolica\/","logo":{"@type":"ImageObject","inLanguage":"it-IT","@id":"https:\/\/www.rassegnastampa-totustuus.it\/cattolica\/#\/schema\/logo\/image\/","url":"https:\/\/www.rassegnastampa-totustuus.it\/cattolica\/wp-content\/uploads\/2014\/04\/logo-rassegna1.gif","contentUrl":"https:\/\/www.rassegnastampa-totustuus.it\/cattolica\/wp-content\/uploads\/2014\/04\/logo-rassegna1.gif","width":600,"height":163,"caption":"Rassegna Stampa Cattolica"},"image":{"@id":"https:\/\/www.rassegnastampa-totustuus.it\/cattolica\/#\/schema\/logo\/image\/"},"sameAs":["https:\/\/www.facebook.com\/rassegnastampacattolica","https:\/\/x.com\/rassegnastampa9"]},{"@type":"Person","@id":"https:\/\/www.rassegnastampa-totustuus.it\/cattolica\/#\/schema\/person\/08f319d2bd1a0904ad9e2bfb7b15e5c3","name":"Redazione","image":{"@type":"ImageObject","inLanguage":"it-IT","@id":"https:\/\/secure.gravatar.com\/avatar\/2fcdf27c78ea025fbdb44e914cc63c72249ffec9dc8aafd5c82b26240ef3f346?s=96&d=mm&r=g","url":"https:\/\/secure.gravatar.com\/avatar\/2fcdf27c78ea025fbdb44e914cc63c72249ffec9dc8aafd5c82b26240ef3f346?s=96&d=mm&r=g","contentUrl":"https:\/\/secure.gravatar.com\/avatar\/2fcdf27c78ea025fbdb44e914cc63c72249ffec9dc8aafd5c82b26240ef3f346?s=96&d=mm&r=g","caption":"Redazione"},"url":"https:\/\/www.rassegnastampa-totustuus.it\/cattolica\/author\/pietroelle\/"}]}},"_links":{"self":[{"href":"https:\/\/www.rassegnastampa-totustuus.it\/cattolica\/wp-json\/wp\/v2\/posts\/5315","targetHints":{"allow":["GET"]}}],"collection":[{"href":"https:\/\/www.rassegnastampa-totustuus.it\/cattolica\/wp-json\/wp\/v2\/posts"}],"about":[{"href":"https:\/\/www.rassegnastampa-totustuus.it\/cattolica\/wp-json\/wp\/v2\/types\/post"}],"author":[{"embeddable":true,"href":"https:\/\/www.rassegnastampa-totustuus.it\/cattolica\/wp-json\/wp\/v2\/users\/6"}],"replies":[{"embeddable":true,"href":"https:\/\/www.rassegnastampa-totustuus.it\/cattolica\/wp-json\/wp\/v2\/comments?post=5315"}],"version-history":[{"count":4,"href":"https:\/\/www.rassegnastampa-totustuus.it\/cattolica\/wp-json\/wp\/v2\/posts\/5315\/revisions"}],"predecessor-version":[{"id":28612,"href":"https:\/\/www.rassegnastampa-totustuus.it\/cattolica\/wp-json\/wp\/v2\/posts\/5315\/revisions\/28612"}],"wp:featuredmedia":[{"embeddable":true,"href":"https:\/\/www.rassegnastampa-totustuus.it\/cattolica\/wp-json\/wp\/v2\/media\/28611"}],"wp:attachment":[{"href":"https:\/\/www.rassegnastampa-totustuus.it\/cattolica\/wp-json\/wp\/v2\/media?parent=5315"}],"wp:term":[{"taxonomy":"category","embeddable":true,"href":"https:\/\/www.rassegnastampa-totustuus.it\/cattolica\/wp-json\/wp\/v2\/categories?post=5315"},{"taxonomy":"post_tag","embeddable":true,"href":"https:\/\/www.rassegnastampa-totustuus.it\/cattolica\/wp-json\/wp\/v2\/tags?post=5315"}],"curies":[{"name":"wp","href":"https:\/\/api.w.org\/{rel}","templated":true}]}}