{"id":53047,"date":"2021-12-02T00:00:18","date_gmt":"2021-12-01T23:00:18","guid":{"rendered":"http:\/\/www.rassegnastampa-totustuus.it\/cattolica\/?p=53047"},"modified":"2024-09-29T14:56:22","modified_gmt":"2024-09-29T12:56:22","slug":"tra-scienza-e-fede-non-puo-esserci-antitesi-ecco-perche","status":"publish","type":"post","link":"https:\/\/www.rassegnastampa-totustuus.it\/cattolica\/tra-scienza-e-fede-non-puo-esserci-antitesi-ecco-perche\/","title":{"rendered":"Tra scienza e fede non pu\u00f2 esserci antitesi. Ecco perch\u00e9\u2026"},"content":{"rendered":"<p style=\"text-align: center;\"><span style=\"color: #0000ff;\"><a style=\"color: #0000ff;\" href=\"https:\/\/www.informazionecattolica.it\/\" target=\"_blank\" rel=\"noopener noreferrer\"><strong><img loading=\"lazy\" decoding=\"async\" class=\" wp-image-53048 alignleft\" src=\"https:\/\/www.rassegnastampa-totustuus.it\/cattolica\/wp-content\/uploads\/2021\/11\/bartelloni_cover-225x300.jpg\" alt=\"\" width=\"175\" height=\"233\" \/>InFormazione cattolica<\/strong><\/a><\/span> <span style=\"color: #000000;\">25 Novembre 2021<strong>\u00a0<\/strong> <\/span><\/p>\n<p style=\"text-align: justify;\"><span style=\"color: #000000;\"><em>Secondo lo stupidario laicista la scienza non ha niente a che fare con la fede. E\u2019 proprio cos\u00ec? Lo abbiamo chiesto al dottor Andrea Bartelloni, co-autore del volume \u201cScienziati in tonaca\u201d<\/em> intervista <\/span><\/p>\n<p style=\"text-align: center;\"><span style=\"color: #000000;\">di <strong>Pietro Licciardi <\/strong><\/span><\/p>\n<p><!--more--><\/p>\n<p style=\"text-align: justify;\"><span style=\"color: #000000;\">Di stupidaggini sulla Chiesa i laicisti di tutti i tempi ne hanno partorite parecchie, spesso diventate vere e proprie \u201cleggende nere\u201d che ancora oggi sopravvivono grazie anche all\u2019ignoranza di troppi cattolici i quali, se pure come tutti hanno avuto la sfortuna di frequentare la scuola unica e ideologica di Stato, hanno tuttavia il dovere di informarsi meglio su ci\u00f2 che riguarda la loro fede. <\/span><\/p>\n<p style=\"text-align: justify;\"><span style=\"color: #000000;\">Ad esempio potrebbero cominciare leggendo \u201c<\/span> <a href=\"https:\/\/www.fontanadisiloe.it\/Libri\/Scienziati-in-tonaca\" target=\"_blank\" rel=\"noopener noreferrer\"><span style=\"color: #0000ff;\">Scienziati in tonaca<\/span><\/a>\u201d <span style=\"color: #000000;\">di Francesco Agnoli e Andrea Bartelloni (edizioni La Fontana di Siloe pag.180), libro che illustra con dovizia di particolari quale determinante apporto abbiano apportato alla scienza i cattolici, specialmente chierici, smentendo perentoriamente, se mai ce de dovesse ancora essere bisogno, la supposta antitesi tra la scienza e la fede.<\/span><\/p>\n<p style=\"text-align: justify;\"><span style=\"color: #000000;\"><img loading=\"lazy\" decoding=\"async\" class=\" wp-image-53050 alignright\" src=\"https:\/\/www.rassegnastampa-totustuus.it\/cattolica\/wp-content\/uploads\/2021\/11\/scienziati_cover-200x300.jpg\" alt=\"\" width=\"160\" height=\"240\" \/>E proprio di questo parliamo con uno degli autori, Andrea Bartelloni, laureato in medicina che oltre ad esercitare a Pisa, citt\u00e0 dove vive, collabora con diversi periodici, raccogliendo in un suo<\/span> <span style=\"color: #0000ff;\"><a style=\"color: #0000ff;\" href=\"https:\/\/abart56blog.wordpress.com\/author\/abart56\/\" target=\"_blank\" rel=\"noopener noreferrer\">blog<\/a><\/span> <span style=\"color: #000000;\">gli articoli che ha scritto. <\/span><\/p>\n<h4 style=\"text-align: justify;\"><span style=\"color: #000000;\"><strong>Dottor Bartelloni, entriamo subito nel vivo: uno dei pregiudizi pi\u00f9 diffusi \u00e8 la presunta opposizione tra scienza e fede. Lei che ne pensa? <\/strong><\/span><\/h4>\n<p style=\"text-align: justify;\"><span style=\"color: #000000;\">\u00abQuesto \u00e8 stato proprio lo stimolo che ci ha spinto, me e Francesco Agnoli, anzi, l\u2019idea \u00e8 stata sua e mi ha coinvolto in questa bella avventura, a studiare la vita di uomini di scienza che erano anche sacerdoti o religiosi. <\/span><\/p>\n<p style=\"text-align: justify;\"><span style=\"color: #000000;\">Ne sono nate delle brevi biografie che parlano da sole: uomini normali, grandi studiosi, con la vocazione religiosa e che per tutta la vita hanno messo insieme le due cose senza porsi assolutamente il problema. Anzi. <\/span><\/p>\n<p style=\"text-align: justify;\"><span style=\"color: #000000;\">Solamente da qualche secolo grazie all\u2019imperversare del positivismo, il fatto che uno scienziato possa essere un uomo di fede, non viene preso in considerazione. Ma diverse indagini hanno riportato che la maggior parte degli scienziati contemporanei ha una qualche fede in una realt\u00e0 trascendente\u00bb. <\/span><\/p>\n<h4 style=\"text-align: justify;\"><span style=\"color: #000000;\"><strong>Altro pregiudizio \u00e8 l\u2019oscurantismo della Chiesa nelle questioni scientifiche. Un esempio per tutti: il caso Galileo\u2026<\/strong><\/span><\/h4>\n<p style=\"text-align: justify;\"><span style=\"color: #000000;\"><img loading=\"lazy\" decoding=\"async\" class=\" wp-image-27219 alignleft\" src=\"https:\/\/www.rassegnastampa-totustuus.it\/cattolica\/wp-content\/uploads\/2005\/08\/Galileo1.jpg\" alt=\"\" width=\"177\" height=\"290\" \/>Proprio il<\/span><span style=\"color: #0000ff;\"> <a style=\"color: #0000ff;\" href=\"https:\/\/www.informazionecattolica.it\/2021\/08\/26\/caso-galilei-quando-e-la-chiesa-ad-adottare-il-metodo-scientifico\/\" target=\"_blank\" rel=\"noopener noreferrer\">caso Galileo<\/a><\/span> <span style=\"color: #000000;\">\u00e8 stato strumentalizzato per dimostrare l\u2019opposizione tra Chiesa e mondo scientifico, ma senza nessun riscontro reale. Basta pensare che nel 1801 \u00e8 papa Pio VII a riaprire l<\/span>\u2019<span style=\"color: #0000ff;\"><a style=\"color: #0000ff;\" href=\"https:\/\/www.lincei.it\/it\/storia\" target=\"_blank\" rel=\"noopener noreferrer\">Accademia dei Lincei<\/a> <\/span><span style=\"color: #000000;\">e il<\/span> <a href=\"https:\/\/www.unigre.it\/sito\/PUG_HG_03O820150936\/web\/LaGregoriana\/42_40_collegio_romano.pdf\" target=\"_blank\" rel=\"noopener noreferrer\"><span style=\"color: #0000ff;\">Collegio Romano<\/span><\/a><span style=\"color: #0000ff;\">,<\/span> <span style=\"color: #000000;\">tornato ai Gesuiti nel 1824, diventa un centro di studi scientifici che unisce la ricerca col magistero, la dottrina della Chiesa e la cultura cattolica\u00bb.<\/span><\/p>\n<h4 style=\"text-align: justify;\"><span style=\"color: #000000;\"><strong>Quando e dove comincia a svilupparsi un pensiero scientifico \u201cmoderno\u201d?<\/strong><\/span><\/h4>\n<p style=\"text-align: justify;\"><span style=\"color: #000000;\">\u00abPrima d<\/span>i <span style=\"color: #0000ff;\"><a style=\"color: #0000ff;\" href=\"https:\/\/disf.org\/pierre-duhem\" target=\"_blank\" rel=\"noopener noreferrer\">Pierre Duhem<\/a><\/span> <span style=\"color: #000000;\">(1861-1916)parlare di scienza nel Medioevo sembrava un controsenso anche perch\u00e9 la \u201cleggenda nera\u201d su quei secoli la faceva da padrona.Nel 1904 Duhem, fisico, filosofo, storico della scienza, scopre alcuni scritti di un autore del XIII secolo, Giordano Nemorario (1225-1260) e poi quelli di Giovanni Buridano (1290-1358 ca.), Nicola di Oresme (1323-1382) e altri protagonisti della scienza del medioevo, queste scoperte gli consentiranno di scardinare un&#8217;immagine del medioevo che vedeva in esso un&#8217;epoca essenzialmente ostile alla scienza. <\/span><\/p>\n<p style=\"text-align: justify;\"><span style=\"color: #000000;\">Personaggi, che, con Guglielmo di Ockham (1288-1347) e Alberto di Sassonia (1320-1390) saranno artefici di un movimento di ricerca scientifica che aprir\u00e0 la strada a Niccol\u00f2 Copernico (1473-1543), a Galileo Galilei (1564-1642), alla scienza del Rinascimento.Saranno i padri della scienza moderna. La biografia del vescovo Nicola di Oresme apriva la prima edizione del nostro libro\u00bb.<\/span><\/p>\n<h4 style=\"text-align: justify;\"><span style=\"color: #000000;\"><strong>Qualche volta si ricorda l\u2019apporto che avrebbero dato alla scienza gli arabi, mussulmani, ma altri fanno notare che in realt\u00e0 nell\u2019Islam il progresso in questo campo si \u00e8 fermato molto presto e non esiste una \u201cscienza\u201d islamica. E\u2019 corretto? E a cosa si deve questa battuta d\u2019arresto?<\/strong><\/span><\/h4>\n<p style=\"text-align: justify;\"><span style=\"color: #000000;\"><img loading=\"lazy\" decoding=\"async\" class=\" wp-image-37183 alignright\" src=\"https:\/\/www.rassegnastampa-totustuus.it\/cattolica\/wp-content\/uploads\/2017\/02\/cristiani_islam.jpg\" alt=\"\" width=\"285\" height=\"246\" \/>\u00abNella terza edizione del nostro libro, uscito nell\u2019aprile di quest\u2019anno, abbiamo aggiunto una biografia che risponde in parte a questa domanda. <\/span><\/p>\n<p style=\"text-align: justify;\"><span style=\"color: #000000;\">Si tratta di Costantino l\u2019Africano (1020-1087) definito un \u201cmaestro d\u2019Oriente e di Occidente e un novello Ippocrate\u201d illuminato da mille anni di cristianesimo e che avrebbe portato e tradotto molte opere mediche provenienti dal mondo arabo. <\/span><\/p>\n<p style=\"text-align: justify;\"><span style=\"color: #000000;\">Mondo arabo che, a sua volta, aveva assorbito molto dal vicino oriente, dalla cristianit\u00e0 orientale e dal mondo ebraico. Damasco e Baghdad vedono la nascita delle prime scuole mediche con una corte che attirava sapienti da molti paesi, molti uomini di scienza cristiani. Durante il califfato di<\/span> <span style=\"color: #0000ff;\"><a style=\"color: #0000ff;\" href=\"https:\/\/it.wikipedia.org\/wiki\/H\u0101r\u016bn_al-Rash\u012bd\" target=\"_blank\" rel=\"noopener noreferrer\">Haroun-al-Rachid<\/a><\/span> <span style=\"color: #000000;\">(766-809), arrivano alla sua corte molti cristiani nestoriani cacciati dall\u2019Impero di Oriente che portano con loro e traducono in arabo Ippocrate, Galeno, Platone e Aristotele. <\/span><\/p>\n<p style=\"text-align: justify;\"><span style=\"color: #000000;\"><img loading=\"lazy\" decoding=\"async\" class=\"size-full wp-image-40211 alignleft\" src=\"https:\/\/www.rassegnastampa-totustuus.it\/cattolica\/wp-content\/uploads\/2018\/04\/Mecca.jpg\" alt=\"\" width=\"275\" height=\"183\" \/>Fa riflettere che questo mondo aperto alla scienza \u00e8 quello lontano dalla Mecca, non in Arabia, poi lo stesso accadr\u00e0 anche in Europa, in Spagna, infatti, avremo lo stesso sviluppo e poi tutto improvvisamente <\/span><\/p>\n<p style=\"text-align: justify;\"><span style=\"color: #000000;\">svanisce. Perch\u00e9? Un grande storico britannico, <a style=\"color: #000000;\" href=\"https:\/\/it.wikipedia.org\/wiki\/Christopher_Dawson\">Christopher Dawson<\/a> (1889-1970) fa un\u2019analisi molto lucida di questo perch\u00e9 in una delle sue famose conferenze, riunite nel volume <em>La formazione della Cristianit\u00e0 Occidentale<\/em> (D\u2019Ettoris Editori, 2009, pag. 89). <\/span><span style=\"color: #000000;\">Spiega questo fenomeno sottolineando l\u2019elemento \u201cparassitario\u201d dell\u2019Islam nei paesi che conquistava: \u201cQuando il processo di assorbimento fu completato e l\u2019intera societ\u00e0 divenne musulmana, la cultura islamica divenne stazionaria e perfino in qualche misura retrograda e decadente (\u2026)\u201d\u00bb,<\/span><\/p>\n<h4 style=\"text-align: justify;\"><span style=\"color: #000000;\"><strong>La scienza e la tecnica contemporanea ci hanno fatto entrare da parecchi decenni in una era da fantascienza. Ma \u00e8 tutto oro questo fantasmagorico luccicare di nuove \u201cconquiste\u201d? Pensiamo alle scienze biogenetiche o alle mete che si prefigge il transumanesimo.<\/strong><\/span><\/h4>\n<p style=\"text-align: justify;\"><span style=\"color: #000000;\"><img loading=\"lazy\" decoding=\"async\" class=\"wp-image-23264 alignright\" src=\"https:\/\/www.rassegnastampa-totustuus.it\/cattolica\/wp-content\/uploads\/2011\/12\/ecografia.jpg\" alt=\"\" width=\"310\" height=\"229\" \/>\u00abSecondo il credo \u201cscientista\u201d tutto ci\u00f2 che \u00e8 tecnicamente possibile sarebbe moralmente lecito. <\/span><\/p>\n<p style=\"text-align: justify;\"><span style=\"color: #000000;\">Molti si chiedono se sia veramente cos\u00ec, la nascita di Comitati etici che cercano di mettere dei freni all\u2019\u201donnipotenza\u201d della scienza mostra che qualche perplessit\u00e0 esiste, ma le possibilit\u00e0 che si aprono sono meravigliose\/spaventose. <\/span><\/p>\n<p style=\"text-align: justify;\"><span style=\"color: #000000;\">Come ogni cosa dipende dall\u2019uso che se ne fa: un\u2019arma in mano alla polizia o in mano ad un malvivente cambia molto! <\/span><\/p>\n<p style=\"text-align: justify;\"><span style=\"color: #000000;\">La diagnosi prenatale pu\u00f2 essere molto utile per curare precocemente o eliminare precocemente il bambino e cos\u00ec certi interventi che ci aiutano a migliorare le nostre prestazioni non devono trasformarci in robot tendenzialmente eterni. Quindi? <\/span><\/p>\n<p style=\"text-align: justify;\"><span style=\"color: #000000;\">Mi piace a questo proposito ricordare le parole del prof. Massimo Ermini (1932-2009), medico e docente all\u2019Universit\u00e0 di Pisa: \u201cla scienza biomedica (\u2026) deve operare sempre a favore dell\u2019uomo, rispettando la dignit\u00e0 e i diritti fondamentali, e non pu\u00f2 mai ritorcersi, direttamente o indirettamente, a suo danno, degradandolo da soggetto a oggetto\u201d\u00bb.<\/span><\/p>\n<h4 style=\"text-align: justify;\"><span style=\"color: #000000;\"><strong>Qual \u00e8 l\u2019apporto che i cattolici possono ancora dare alla ricerca scientifica? E cosa potrebbe diventare la scienza se si continuer\u00e0 a tenerla separata dalla fede, come tanti laicisti auspicano?<\/strong><\/span><\/h4>\n<p style=\"text-align: justify;\"><span style=\"color: #000000;\"><img loading=\"lazy\" decoding=\"async\" class=\" wp-image-42678 alignleft\" src=\"https:\/\/www.rassegnastampa-totustuus.it\/cattolica\/wp-content\/uploads\/2019\/04\/transumanesimo-300x200.jpg\" alt=\"\" width=\"347\" height=\"231\" srcset=\"https:\/\/www.rassegnastampa-totustuus.it\/cattolica\/wp-content\/uploads\/2019\/04\/transumanesimo-300x200.jpg 300w, https:\/\/www.rassegnastampa-totustuus.it\/cattolica\/wp-content\/uploads\/2019\/04\/transumanesimo.jpg 600w\" sizes=\"auto, (max-width: 347px) 100vw, 347px\" \/>\u00abScienza e fede non sono separate, ma distinte, la scienza \u00e8 ricerca, sperimentazione continua, la fede \u00e8 un dono di Dio. <\/span><\/p>\n<p style=\"text-align: justify;\"><span style=\"color: #000000;\">Chi ha fede vede il mondo in maniera diversa \u201cha il vantaggio di sapere che l\u2019enigma ha una soluzione, che la scrittura soggiacente \u00e8, tutto considerato, l\u2019opera di un essere intelligente, che il problema della natura pu\u00f2 essere risolto e che la sua difficolt\u00e0 \u00e8 senza dubbio proporzionata alla capacit\u00e0 presente e futura dell\u2019umanit\u00e0. <\/span><\/p>\n<p style=\"text-align: justify;\"><span style=\"color: #000000;\">Tutto ci\u00f2 non gli dar\u00e0 forse delle nuove risorse nella sua ricerca, ma contribuir\u00e0 a mantenerlo in un sano ottimismo, senza il quale non si pu\u00f2 conservare a lungo un forte impegno\u201d. Queste sono le riflessioni di George Edouard Lemaitre (1894-1966), grande scienziato, che per primo ha ipotizzato il cosiddetto \u201cBig Bang\u201d e che ha visto recentemente riconosciuta l\u2019importanza dei suoi studi tanto da vedere\u00a0 affiancato il suo nome a Hubble, scopritore della legge omonima, che dal 2018 \u00e8 diventat<\/span>a <span style=\"color: #0000ff;\"><a style=\"color: #0000ff;\" href=\"https:\/\/www.media.inaf.it\/2018\/10\/29\/hubble-lemaitre-voto-finale\/\" target=\"_blank\" rel=\"noopener noreferrer\">Legge di Hubble-Lemaitre<\/a>. <\/span><span style=\"color: #000000;\">La biografia di Lemaitre \u00e8 l\u2019ultima e chiude il volume <em>Scienziati in tonaca<\/em>. <\/span><\/p>\n<p style=\"text-align: justify;\"><span style=\"color: #000000;\"><img loading=\"lazy\" decoding=\"async\" class=\"wp-image-53051 alignright\" src=\"https:\/\/www.rassegnastampa-totustuus.it\/cattolica\/wp-content\/uploads\/2021\/11\/scienza_stefano_visintin.jpg\" alt=\"\" width=\"263\" height=\"210\" \/>La terza edizione \u00e8 arricchita anche dall\u2019intervista che abbiamo fatto a padre Stefano Visintin, abate del<\/span> <a href=\"https:\/\/praglia.it\/\" target=\"_blank\" rel=\"noopener noreferrer\"><span style=\"color: #0000ff;\">monastero di Praglia<\/span><\/a> <span style=\"color: #000000;\">fisico specializzato in nucleare. Poi la vocazione religiosa ma sempre con una attenzione ai rapporti tra scienza e fede specialmente per quanto riguarda le molte novit\u00e0 in atto \u201cin questo nostro momento storico segnato dal predominio del sapere scientifico (term<\/span><\/p>\n<p style=\"text-align: justify;\"><span style=\"color: #000000;\">ine spesso genericamente usato come sinonimo di \u201cvero\u201d, di \u201ccerto\u201d) coltivando il dialogo tra scienza, filosofia e religione, (\u2026) nella consapevolezza della sua necessit\u00e0 in quanto unico modo per giungere a una conoscenza della realt\u00e0 che sia utile al singolo, al gruppo e al mondo stesso\u201d\u00bb.<\/span><\/p>\n<p>__________________________________________<\/p>\n<p><span style=\"color: #000000;\"><strong>Leggi anche:\u00a0<\/strong><\/span><\/p>\n<p><a href=\"https:\/\/www.rassegnastampa-totustuus.it\/cattolica\/quando-la-scienza-e-diventata-una-fede\/\" target=\"_blank\" rel=\"noopener\"><span style=\"color: #0000ff;\">Quando la scienza \u00e8 diventata una fede<\/span><\/a><\/p>\n\n\n<p><\/p>\n","protected":false},"excerpt":{"rendered":"<p>InFormazione cattolica 25 Novembre 2021\u00a0 Secondo lo stupidario laicista la scienza non ha niente a che fare con la fede. E\u2019 proprio cos\u00ec? Lo abbiamo chiesto al dottor Andrea Bartelloni, co-autore del volume \u201cScienziati in tonaca\u201d intervista di Pietro Licciardi<\/p><p><a class=\"more-link btn\" href=\"https:\/\/www.rassegnastampa-totustuus.it\/cattolica\/tra-scienza-e-fede-non-puo-esserci-antitesi-ecco-perche\/\">Continua a leggere<\/a><\/p>\n","protected":false},"author":6,"featured_media":47056,"comment_status":"closed","ping_status":"closed","sticky":false,"template":"","format":"standard","meta":{"footnotes":""},"categories":[17,22],"tags":[756,265,261],"class_list":["post-53047","post","type-post","status-publish","format-standard","has-post-thumbnail","hentry","category-libri","category-scienza","tag-fede-e-scienza","tag-libri-2","tag-scienza-2","item-wrap"],"yoast_head":"<!-- This site is optimized with the Yoast SEO plugin v27.5 - https:\/\/yoast.com\/product\/yoast-seo-wordpress\/ -->\n<title>Tra scienza e fede non pu\u00f2 esserci antitesi. Ecco perch\u00e9\u2026 - Rassegna Stampa Cattolica<\/title>\n<meta name=\"description\" content=\"RTra scienza e fede non pu\u00f2 esserci antitesi. Ecco perch\u00e9\u2026 Secondo lo stupidario laicista la scienza non ha niente a che fare con la fede.\" \/>\n<meta name=\"robots\" content=\"index, follow, max-snippet:-1, max-image-preview:large, max-video-preview:-1\" \/>\n<link rel=\"canonical\" href=\"https:\/\/www.rassegnastampa-totustuus.it\/cattolica\/tra-scienza-e-fede-non-puo-esserci-antitesi-ecco-perche\/\" \/>\n<meta property=\"og:locale\" content=\"it_IT\" \/>\n<meta property=\"og:type\" content=\"article\" \/>\n<meta property=\"og:title\" content=\"Tra scienza e fede non pu\u00f2 esserci antitesi. Ecco perch\u00e9\u2026 - Rassegna Stampa Cattolica\" \/>\n<meta property=\"og:description\" content=\"RTra scienza e fede non pu\u00f2 esserci antitesi. Ecco perch\u00e9\u2026 Secondo lo stupidario laicista la scienza non ha niente a che fare con la fede.\" \/>\n<meta property=\"og:url\" content=\"https:\/\/www.rassegnastampa-totustuus.it\/cattolica\/tra-scienza-e-fede-non-puo-esserci-antitesi-ecco-perche\/\" \/>\n<meta property=\"og:site_name\" content=\"Rassegna Stampa Cattolica\" \/>\n<meta property=\"article:publisher\" content=\"https:\/\/www.facebook.com\/rassegnastampacattolica\" \/>\n<meta property=\"article:published_time\" content=\"2021-12-01T23:00:18+00:00\" \/>\n<meta property=\"article:modified_time\" content=\"2024-09-29T12:56:22+00:00\" \/>\n<meta property=\"og:image\" content=\"https:\/\/www.rassegnastampa-totustuus.it\/cattolica\/wp-content\/uploads\/2020\/04\/scienza_religione.jpg\" \/>\n\t<meta property=\"og:image:width\" content=\"1280\" \/>\n\t<meta property=\"og:image:height\" content=\"960\" \/>\n\t<meta property=\"og:image:type\" content=\"image\/jpeg\" \/>\n<meta name=\"author\" content=\"Redazione\" \/>\n<meta name=\"twitter:card\" content=\"summary_large_image\" \/>\n<meta name=\"twitter:creator\" content=\"@rassegnastampa9\" \/>\n<meta name=\"twitter:site\" content=\"@rassegnastampa9\" \/>\n<meta name=\"twitter:label1\" content=\"Scritto da\" \/>\n\t<meta name=\"twitter:data1\" content=\"Redazione\" \/>\n\t<meta name=\"twitter:label2\" content=\"Tempo di lettura stimato\" \/>\n\t<meta name=\"twitter:data2\" content=\"10 minuti\" \/>\n<script type=\"application\/ld+json\" class=\"yoast-schema-graph\">{\"@context\":\"https:\\\/\\\/schema.org\",\"@graph\":[{\"@type\":\"Article\",\"@id\":\"https:\\\/\\\/www.rassegnastampa-totustuus.it\\\/cattolica\\\/tra-scienza-e-fede-non-puo-esserci-antitesi-ecco-perche\\\/#article\",\"isPartOf\":{\"@id\":\"https:\\\/\\\/www.rassegnastampa-totustuus.it\\\/cattolica\\\/tra-scienza-e-fede-non-puo-esserci-antitesi-ecco-perche\\\/\"},\"author\":{\"name\":\"Redazione\",\"@id\":\"https:\\\/\\\/www.rassegnastampa-totustuus.it\\\/cattolica\\\/#\\\/schema\\\/person\\\/08f319d2bd1a0904ad9e2bfb7b15e5c3\"},\"headline\":\"Tra scienza e fede non pu\u00f2 esserci antitesi. Ecco perch\u00e9\u2026\",\"datePublished\":\"2021-12-01T23:00:18+00:00\",\"dateModified\":\"2024-09-29T12:56:22+00:00\",\"mainEntityOfPage\":{\"@id\":\"https:\\\/\\\/www.rassegnastampa-totustuus.it\\\/cattolica\\\/tra-scienza-e-fede-non-puo-esserci-antitesi-ecco-perche\\\/\"},\"wordCount\":1377,\"publisher\":{\"@id\":\"https:\\\/\\\/www.rassegnastampa-totustuus.it\\\/cattolica\\\/#organization\"},\"image\":{\"@id\":\"https:\\\/\\\/www.rassegnastampa-totustuus.it\\\/cattolica\\\/tra-scienza-e-fede-non-puo-esserci-antitesi-ecco-perche\\\/#primaryimage\"},\"thumbnailUrl\":\"https:\\\/\\\/www.rassegnastampa-totustuus.it\\\/cattolica\\\/wp-content\\\/uploads\\\/2020\\\/04\\\/scienza_religione.jpg\",\"keywords\":[\"fede e scienza\",\"libri\",\"scienza\"],\"articleSection\":[\"Libri\",\"Scienza\"],\"inLanguage\":\"it-IT\"},{\"@type\":\"WebPage\",\"@id\":\"https:\\\/\\\/www.rassegnastampa-totustuus.it\\\/cattolica\\\/tra-scienza-e-fede-non-puo-esserci-antitesi-ecco-perche\\\/\",\"url\":\"https:\\\/\\\/www.rassegnastampa-totustuus.it\\\/cattolica\\\/tra-scienza-e-fede-non-puo-esserci-antitesi-ecco-perche\\\/\",\"name\":\"Tra scienza e fede non pu\u00f2 esserci antitesi. Ecco perch\u00e9\u2026 - Rassegna Stampa Cattolica\",\"isPartOf\":{\"@id\":\"https:\\\/\\\/www.rassegnastampa-totustuus.it\\\/cattolica\\\/#website\"},\"primaryImageOfPage\":{\"@id\":\"https:\\\/\\\/www.rassegnastampa-totustuus.it\\\/cattolica\\\/tra-scienza-e-fede-non-puo-esserci-antitesi-ecco-perche\\\/#primaryimage\"},\"image\":{\"@id\":\"https:\\\/\\\/www.rassegnastampa-totustuus.it\\\/cattolica\\\/tra-scienza-e-fede-non-puo-esserci-antitesi-ecco-perche\\\/#primaryimage\"},\"thumbnailUrl\":\"https:\\\/\\\/www.rassegnastampa-totustuus.it\\\/cattolica\\\/wp-content\\\/uploads\\\/2020\\\/04\\\/scienza_religione.jpg\",\"datePublished\":\"2021-12-01T23:00:18+00:00\",\"dateModified\":\"2024-09-29T12:56:22+00:00\",\"description\":\"RTra scienza e fede non pu\u00f2 esserci antitesi. Ecco perch\u00e9\u2026 Secondo lo stupidario laicista la scienza non ha niente a che fare con la fede.\",\"breadcrumb\":{\"@id\":\"https:\\\/\\\/www.rassegnastampa-totustuus.it\\\/cattolica\\\/tra-scienza-e-fede-non-puo-esserci-antitesi-ecco-perche\\\/#breadcrumb\"},\"inLanguage\":\"it-IT\",\"potentialAction\":[{\"@type\":\"ReadAction\",\"target\":[\"https:\\\/\\\/www.rassegnastampa-totustuus.it\\\/cattolica\\\/tra-scienza-e-fede-non-puo-esserci-antitesi-ecco-perche\\\/\"]}]},{\"@type\":\"ImageObject\",\"inLanguage\":\"it-IT\",\"@id\":\"https:\\\/\\\/www.rassegnastampa-totustuus.it\\\/cattolica\\\/tra-scienza-e-fede-non-puo-esserci-antitesi-ecco-perche\\\/#primaryimage\",\"url\":\"https:\\\/\\\/www.rassegnastampa-totustuus.it\\\/cattolica\\\/wp-content\\\/uploads\\\/2020\\\/04\\\/scienza_religione.jpg\",\"contentUrl\":\"https:\\\/\\\/www.rassegnastampa-totustuus.it\\\/cattolica\\\/wp-content\\\/uploads\\\/2020\\\/04\\\/scienza_religione.jpg\",\"width\":1280,\"height\":960},{\"@type\":\"BreadcrumbList\",\"@id\":\"https:\\\/\\\/www.rassegnastampa-totustuus.it\\\/cattolica\\\/tra-scienza-e-fede-non-puo-esserci-antitesi-ecco-perche\\\/#breadcrumb\",\"itemListElement\":[{\"@type\":\"ListItem\",\"position\":1,\"name\":\"Home\",\"item\":\"https:\\\/\\\/www.rassegnastampa-totustuus.it\\\/cattolica\\\/\"},{\"@type\":\"ListItem\",\"position\":2,\"name\":\"Tra scienza e fede non pu\u00f2 esserci antitesi. Ecco perch\u00e9\u2026\"}]},{\"@type\":\"WebSite\",\"@id\":\"https:\\\/\\\/www.rassegnastampa-totustuus.it\\\/cattolica\\\/#website\",\"url\":\"https:\\\/\\\/www.rassegnastampa-totustuus.it\\\/cattolica\\\/\",\"name\":\"Rassegna Stampa Cattolica\",\"description\":\"Per una cultura che nasce dalla Rivelazione cristiana in conformit\u00e0 alla tradizione e al Magistero della Chiesa in opposizione ad ogni relativismo e totalitarismo\",\"publisher\":{\"@id\":\"https:\\\/\\\/www.rassegnastampa-totustuus.it\\\/cattolica\\\/#organization\"},\"alternateName\":\"Rass. Cattolica\",\"potentialAction\":[{\"@type\":\"SearchAction\",\"target\":{\"@type\":\"EntryPoint\",\"urlTemplate\":\"https:\\\/\\\/www.rassegnastampa-totustuus.it\\\/cattolica\\\/?s={search_term_string}\"},\"query-input\":{\"@type\":\"PropertyValueSpecification\",\"valueRequired\":true,\"valueName\":\"search_term_string\"}}],\"inLanguage\":\"it-IT\"},{\"@type\":\"Organization\",\"@id\":\"https:\\\/\\\/www.rassegnastampa-totustuus.it\\\/cattolica\\\/#organization\",\"name\":\"Rassegna Stampa Cattolica\",\"url\":\"https:\\\/\\\/www.rassegnastampa-totustuus.it\\\/cattolica\\\/\",\"logo\":{\"@type\":\"ImageObject\",\"inLanguage\":\"it-IT\",\"@id\":\"https:\\\/\\\/www.rassegnastampa-totustuus.it\\\/cattolica\\\/#\\\/schema\\\/logo\\\/image\\\/\",\"url\":\"https:\\\/\\\/www.rassegnastampa-totustuus.it\\\/cattolica\\\/wp-content\\\/uploads\\\/2014\\\/04\\\/logo-rassegna1.gif\",\"contentUrl\":\"https:\\\/\\\/www.rassegnastampa-totustuus.it\\\/cattolica\\\/wp-content\\\/uploads\\\/2014\\\/04\\\/logo-rassegna1.gif\",\"width\":600,\"height\":163,\"caption\":\"Rassegna Stampa Cattolica\"},\"image\":{\"@id\":\"https:\\\/\\\/www.rassegnastampa-totustuus.it\\\/cattolica\\\/#\\\/schema\\\/logo\\\/image\\\/\"},\"sameAs\":[\"https:\\\/\\\/www.facebook.com\\\/rassegnastampacattolica\",\"https:\\\/\\\/x.com\\\/rassegnastampa9\"]},{\"@type\":\"Person\",\"@id\":\"https:\\\/\\\/www.rassegnastampa-totustuus.it\\\/cattolica\\\/#\\\/schema\\\/person\\\/08f319d2bd1a0904ad9e2bfb7b15e5c3\",\"name\":\"Redazione\",\"image\":{\"@type\":\"ImageObject\",\"inLanguage\":\"it-IT\",\"@id\":\"https:\\\/\\\/secure.gravatar.com\\\/avatar\\\/2fcdf27c78ea025fbdb44e914cc63c72249ffec9dc8aafd5c82b26240ef3f346?s=96&d=mm&r=g\",\"url\":\"https:\\\/\\\/secure.gravatar.com\\\/avatar\\\/2fcdf27c78ea025fbdb44e914cc63c72249ffec9dc8aafd5c82b26240ef3f346?s=96&d=mm&r=g\",\"contentUrl\":\"https:\\\/\\\/secure.gravatar.com\\\/avatar\\\/2fcdf27c78ea025fbdb44e914cc63c72249ffec9dc8aafd5c82b26240ef3f346?s=96&d=mm&r=g\",\"caption\":\"Redazione\"},\"url\":\"https:\\\/\\\/www.rassegnastampa-totustuus.it\\\/cattolica\\\/author\\\/pietroelle\\\/\"}]}<\/script>\n<!-- \/ Yoast SEO plugin. -->","yoast_head_json":{"title":"Tra scienza e fede non pu\u00f2 esserci antitesi. Ecco perch\u00e9\u2026 - Rassegna Stampa Cattolica","description":"RTra scienza e fede non pu\u00f2 esserci antitesi. Ecco perch\u00e9\u2026 Secondo lo stupidario laicista la scienza non ha niente a che fare con la fede.","robots":{"index":"index","follow":"follow","max-snippet":"max-snippet:-1","max-image-preview":"max-image-preview:large","max-video-preview":"max-video-preview:-1"},"canonical":"https:\/\/www.rassegnastampa-totustuus.it\/cattolica\/tra-scienza-e-fede-non-puo-esserci-antitesi-ecco-perche\/","og_locale":"it_IT","og_type":"article","og_title":"Tra scienza e fede non pu\u00f2 esserci antitesi. Ecco perch\u00e9\u2026 - Rassegna Stampa Cattolica","og_description":"RTra scienza e fede non pu\u00f2 esserci antitesi. Ecco perch\u00e9\u2026 Secondo lo stupidario laicista la scienza non ha niente a che fare con la fede.","og_url":"https:\/\/www.rassegnastampa-totustuus.it\/cattolica\/tra-scienza-e-fede-non-puo-esserci-antitesi-ecco-perche\/","og_site_name":"Rassegna Stampa Cattolica","article_publisher":"https:\/\/www.facebook.com\/rassegnastampacattolica","article_published_time":"2021-12-01T23:00:18+00:00","article_modified_time":"2024-09-29T12:56:22+00:00","og_image":[{"width":1280,"height":960,"url":"https:\/\/www.rassegnastampa-totustuus.it\/cattolica\/wp-content\/uploads\/2020\/04\/scienza_religione.jpg","type":"image\/jpeg"}],"author":"Redazione","twitter_card":"summary_large_image","twitter_creator":"@rassegnastampa9","twitter_site":"@rassegnastampa9","twitter_misc":{"Scritto da":"Redazione","Tempo di lettura stimato":"10 minuti"},"schema":{"@context":"https:\/\/schema.org","@graph":[{"@type":"Article","@id":"https:\/\/www.rassegnastampa-totustuus.it\/cattolica\/tra-scienza-e-fede-non-puo-esserci-antitesi-ecco-perche\/#article","isPartOf":{"@id":"https:\/\/www.rassegnastampa-totustuus.it\/cattolica\/tra-scienza-e-fede-non-puo-esserci-antitesi-ecco-perche\/"},"author":{"name":"Redazione","@id":"https:\/\/www.rassegnastampa-totustuus.it\/cattolica\/#\/schema\/person\/08f319d2bd1a0904ad9e2bfb7b15e5c3"},"headline":"Tra scienza e fede non pu\u00f2 esserci antitesi. Ecco perch\u00e9\u2026","datePublished":"2021-12-01T23:00:18+00:00","dateModified":"2024-09-29T12:56:22+00:00","mainEntityOfPage":{"@id":"https:\/\/www.rassegnastampa-totustuus.it\/cattolica\/tra-scienza-e-fede-non-puo-esserci-antitesi-ecco-perche\/"},"wordCount":1377,"publisher":{"@id":"https:\/\/www.rassegnastampa-totustuus.it\/cattolica\/#organization"},"image":{"@id":"https:\/\/www.rassegnastampa-totustuus.it\/cattolica\/tra-scienza-e-fede-non-puo-esserci-antitesi-ecco-perche\/#primaryimage"},"thumbnailUrl":"https:\/\/www.rassegnastampa-totustuus.it\/cattolica\/wp-content\/uploads\/2020\/04\/scienza_religione.jpg","keywords":["fede e scienza","libri","scienza"],"articleSection":["Libri","Scienza"],"inLanguage":"it-IT"},{"@type":"WebPage","@id":"https:\/\/www.rassegnastampa-totustuus.it\/cattolica\/tra-scienza-e-fede-non-puo-esserci-antitesi-ecco-perche\/","url":"https:\/\/www.rassegnastampa-totustuus.it\/cattolica\/tra-scienza-e-fede-non-puo-esserci-antitesi-ecco-perche\/","name":"Tra scienza e fede non pu\u00f2 esserci antitesi. Ecco perch\u00e9\u2026 - Rassegna Stampa Cattolica","isPartOf":{"@id":"https:\/\/www.rassegnastampa-totustuus.it\/cattolica\/#website"},"primaryImageOfPage":{"@id":"https:\/\/www.rassegnastampa-totustuus.it\/cattolica\/tra-scienza-e-fede-non-puo-esserci-antitesi-ecco-perche\/#primaryimage"},"image":{"@id":"https:\/\/www.rassegnastampa-totustuus.it\/cattolica\/tra-scienza-e-fede-non-puo-esserci-antitesi-ecco-perche\/#primaryimage"},"thumbnailUrl":"https:\/\/www.rassegnastampa-totustuus.it\/cattolica\/wp-content\/uploads\/2020\/04\/scienza_religione.jpg","datePublished":"2021-12-01T23:00:18+00:00","dateModified":"2024-09-29T12:56:22+00:00","description":"RTra scienza e fede non pu\u00f2 esserci antitesi. Ecco perch\u00e9\u2026 Secondo lo stupidario laicista la scienza non ha niente a che fare con la fede.","breadcrumb":{"@id":"https:\/\/www.rassegnastampa-totustuus.it\/cattolica\/tra-scienza-e-fede-non-puo-esserci-antitesi-ecco-perche\/#breadcrumb"},"inLanguage":"it-IT","potentialAction":[{"@type":"ReadAction","target":["https:\/\/www.rassegnastampa-totustuus.it\/cattolica\/tra-scienza-e-fede-non-puo-esserci-antitesi-ecco-perche\/"]}]},{"@type":"ImageObject","inLanguage":"it-IT","@id":"https:\/\/www.rassegnastampa-totustuus.it\/cattolica\/tra-scienza-e-fede-non-puo-esserci-antitesi-ecco-perche\/#primaryimage","url":"https:\/\/www.rassegnastampa-totustuus.it\/cattolica\/wp-content\/uploads\/2020\/04\/scienza_religione.jpg","contentUrl":"https:\/\/www.rassegnastampa-totustuus.it\/cattolica\/wp-content\/uploads\/2020\/04\/scienza_religione.jpg","width":1280,"height":960},{"@type":"BreadcrumbList","@id":"https:\/\/www.rassegnastampa-totustuus.it\/cattolica\/tra-scienza-e-fede-non-puo-esserci-antitesi-ecco-perche\/#breadcrumb","itemListElement":[{"@type":"ListItem","position":1,"name":"Home","item":"https:\/\/www.rassegnastampa-totustuus.it\/cattolica\/"},{"@type":"ListItem","position":2,"name":"Tra scienza e fede non pu\u00f2 esserci antitesi. Ecco perch\u00e9\u2026"}]},{"@type":"WebSite","@id":"https:\/\/www.rassegnastampa-totustuus.it\/cattolica\/#website","url":"https:\/\/www.rassegnastampa-totustuus.it\/cattolica\/","name":"Rassegna Stampa Cattolica","description":"Per una cultura che nasce dalla Rivelazione cristiana in conformit\u00e0 alla tradizione e al Magistero della Chiesa in opposizione ad ogni relativismo e totalitarismo","publisher":{"@id":"https:\/\/www.rassegnastampa-totustuus.it\/cattolica\/#organization"},"alternateName":"Rass. Cattolica","potentialAction":[{"@type":"SearchAction","target":{"@type":"EntryPoint","urlTemplate":"https:\/\/www.rassegnastampa-totustuus.it\/cattolica\/?s={search_term_string}"},"query-input":{"@type":"PropertyValueSpecification","valueRequired":true,"valueName":"search_term_string"}}],"inLanguage":"it-IT"},{"@type":"Organization","@id":"https:\/\/www.rassegnastampa-totustuus.it\/cattolica\/#organization","name":"Rassegna Stampa Cattolica","url":"https:\/\/www.rassegnastampa-totustuus.it\/cattolica\/","logo":{"@type":"ImageObject","inLanguage":"it-IT","@id":"https:\/\/www.rassegnastampa-totustuus.it\/cattolica\/#\/schema\/logo\/image\/","url":"https:\/\/www.rassegnastampa-totustuus.it\/cattolica\/wp-content\/uploads\/2014\/04\/logo-rassegna1.gif","contentUrl":"https:\/\/www.rassegnastampa-totustuus.it\/cattolica\/wp-content\/uploads\/2014\/04\/logo-rassegna1.gif","width":600,"height":163,"caption":"Rassegna Stampa Cattolica"},"image":{"@id":"https:\/\/www.rassegnastampa-totustuus.it\/cattolica\/#\/schema\/logo\/image\/"},"sameAs":["https:\/\/www.facebook.com\/rassegnastampacattolica","https:\/\/x.com\/rassegnastampa9"]},{"@type":"Person","@id":"https:\/\/www.rassegnastampa-totustuus.it\/cattolica\/#\/schema\/person\/08f319d2bd1a0904ad9e2bfb7b15e5c3","name":"Redazione","image":{"@type":"ImageObject","inLanguage":"it-IT","@id":"https:\/\/secure.gravatar.com\/avatar\/2fcdf27c78ea025fbdb44e914cc63c72249ffec9dc8aafd5c82b26240ef3f346?s=96&d=mm&r=g","url":"https:\/\/secure.gravatar.com\/avatar\/2fcdf27c78ea025fbdb44e914cc63c72249ffec9dc8aafd5c82b26240ef3f346?s=96&d=mm&r=g","contentUrl":"https:\/\/secure.gravatar.com\/avatar\/2fcdf27c78ea025fbdb44e914cc63c72249ffec9dc8aafd5c82b26240ef3f346?s=96&d=mm&r=g","caption":"Redazione"},"url":"https:\/\/www.rassegnastampa-totustuus.it\/cattolica\/author\/pietroelle\/"}]}},"_links":{"self":[{"href":"https:\/\/www.rassegnastampa-totustuus.it\/cattolica\/wp-json\/wp\/v2\/posts\/53047","targetHints":{"allow":["GET"]}}],"collection":[{"href":"https:\/\/www.rassegnastampa-totustuus.it\/cattolica\/wp-json\/wp\/v2\/posts"}],"about":[{"href":"https:\/\/www.rassegnastampa-totustuus.it\/cattolica\/wp-json\/wp\/v2\/types\/post"}],"author":[{"embeddable":true,"href":"https:\/\/www.rassegnastampa-totustuus.it\/cattolica\/wp-json\/wp\/v2\/users\/6"}],"replies":[{"embeddable":true,"href":"https:\/\/www.rassegnastampa-totustuus.it\/cattolica\/wp-json\/wp\/v2\/comments?post=53047"}],"version-history":[{"count":3,"href":"https:\/\/www.rassegnastampa-totustuus.it\/cattolica\/wp-json\/wp\/v2\/posts\/53047\/revisions"}],"predecessor-version":[{"id":61319,"href":"https:\/\/www.rassegnastampa-totustuus.it\/cattolica\/wp-json\/wp\/v2\/posts\/53047\/revisions\/61319"}],"wp:featuredmedia":[{"embeddable":true,"href":"https:\/\/www.rassegnastampa-totustuus.it\/cattolica\/wp-json\/wp\/v2\/media\/47056"}],"wp:attachment":[{"href":"https:\/\/www.rassegnastampa-totustuus.it\/cattolica\/wp-json\/wp\/v2\/media?parent=53047"}],"wp:term":[{"taxonomy":"category","embeddable":true,"href":"https:\/\/www.rassegnastampa-totustuus.it\/cattolica\/wp-json\/wp\/v2\/categories?post=53047"},{"taxonomy":"post_tag","embeddable":true,"href":"https:\/\/www.rassegnastampa-totustuus.it\/cattolica\/wp-json\/wp\/v2\/tags?post=53047"}],"curies":[{"name":"wp","href":"https:\/\/api.w.org\/{rel}","templated":true}]}}