{"id":53008,"date":"2021-11-25T00:00:10","date_gmt":"2021-11-24T23:00:10","guid":{"rendered":"http:\/\/www.rassegnastampa-totustuus.it\/cattolica\/?p=53008"},"modified":"2024-10-15T08:53:57","modified_gmt":"2024-10-15T06:53:57","slug":"il-paese-di-greta-e-uno-stato-fallito","status":"publish","type":"post","link":"https:\/\/www.rassegnastampa-totustuus.it\/cattolica\/il-paese-di-greta-e-uno-stato-fallito\/","title":{"rendered":"Il paese di Greta \u00e8 uno stato fallito?"},"content":{"rendered":"<p style=\"text-align: center;\"><span style=\"color: #000000;\"><img loading=\"lazy\" decoding=\"async\" class=\" wp-image-53009 alignleft\" src=\"https:\/\/www.rassegnastampa-totustuus.it\/cattolica\/wp-content\/uploads\/2021\/11\/Svezia-300x203.png\" alt=\"\" width=\"346\" height=\"234\" srcset=\"https:\/\/www.rassegnastampa-totustuus.it\/cattolica\/wp-content\/uploads\/2021\/11\/Svezia-300x203.png 300w, https:\/\/www.rassegnastampa-totustuus.it\/cattolica\/wp-content\/uploads\/2021\/11\/Svezia-768x519.png 768w, https:\/\/www.rassegnastampa-totustuus.it\/cattolica\/wp-content\/uploads\/2021\/11\/Svezia-595x400.png 595w, https:\/\/www.rassegnastampa-totustuus.it\/cattolica\/wp-content\/uploads\/2021\/11\/Svezia.png 998w\" sizes=\"auto, (max-width: 346px) 100vw, 346px\" \/>Dalla <strong>Newsletter <\/strong><\/span><\/p>\n<p style=\"text-align: center;\"><span style=\"color: #000000;\">di Giulio Meotti <\/span><\/p>\n<p style=\"text-align: center;\"><span style=\"color: #000000;\">20 Novembre 2021\u00a0\u00a0\u00a0\u00a0<\/span><\/p>\n<p style=\"text-align: justify;\"><span style=\"color: #000000;\"><strong>\u00a0 <\/strong><em>Dove il 20 per cento sono stranieri e fra 40 anni saranno maggioranza, le gang dettano legge. 110 esplosioni in un anno e 60 aree &#8220;no go&#8221; (in alcune solo 1 su 10 \u00e8 svedese). Multiculti e anarchia <\/em><\/span><\/p>\n<p style=\"text-align: center;\"><span style=\"color: #000000;\">di <strong>Giulio Meotti\u00a0\u00a0\u00a0\u00a0\u00a0 <\/strong><\/span><\/p>\n<p><span style=\"color: #000000;\"><!--more--><\/span><\/p>\n<p style=\"text-align: justify;\"><span style=\"color: #000000;\">The Economist, Bild, The Spectator e Foreign Policy, solo alcune delle testate internazionali che stanno raccontando la Svezia stato fallito. I media italiani non sono pervenuti\u00a0<\/span>\u00a0\u00a0 <span style=\"color: #0000ff;\"><em><a style=\"color: #0000ff;\" href=\"https:\/\/www.thelocal.se\/20180928\/pippi-longstocking-to-be-reimagined-as-romanian-girl-in-rinkeby\/\" target=\"_blank\" rel=\"noreferrer noopener\">Pippi Calzelunghe<\/a><\/em> <\/span><span style=\"color: #000000;\">\u00e8 tornata a rivivere in &#8220;Pippi a Rinkeby&#8221;, opera televisiva di Gunilla Lundgr\u00e9n. Ma la ragazzina svedese famosa in tutto il mondo non ha pi\u00f9 capelli rossi e occhi verdi, ma neri e bruni. Adesso \u00e8 una migrante che vive a Rinkeby, il quartiere col pi\u00f9 alto tasso di immigrazione di Stoccolma. <\/span><\/p>\n<p style=\"text-align: justify;\"><span style=\"color: #000000;\"><img loading=\"lazy\" decoding=\"async\" class=\" wp-image-53010 alignright\" src=\"https:\/\/www.rassegnastampa-totustuus.it\/cattolica\/wp-content\/uploads\/2021\/11\/Svezia-_gang_violenza.jpg\" alt=\"\" width=\"356\" height=\"227\" \/>La realt\u00e0 nel paese degli Abba, dell\u2019Ikea e del welfare pi\u00f9 generoso al mondo non \u00e8 proprio un idillio. Rinkeby \u00e8 oggi nota come \u201c<\/span><span style=\"color: #0000ff;\"><a style=\"color: #0000ff;\" href=\"https:\/\/www.aljazeera.com\/features\/2018\/9\/9\/a-somali-super-mum-in-sweden\" target=\"_blank\" rel=\"noopener noreferrer\">piccola Mogadiscio<\/a><\/span>\u201d.\u00a0\u00a0 <span style=\"color: #000000;\">La Svezia \u00e8 il Paradiso dei rifugiati e la \u201c<\/span><span style=\"color: #0000ff;\"><a style=\"color: #0000ff;\" href=\"https:\/\/foreignpolicy.com\/2016\/02\/10\/the-death-of-the-most-generous-nation-on-earth-sweden-syria-refugee-europe\/\" target=\"_blank\" rel=\"noopener noreferrer\">nazione pi\u00f9 generosa della terra<\/a>\u201d<\/span>,<span style=\"color: #000000;\"> ma sta cambiando volto. Il quotidiano tedesco <em>Bild<\/em> la definisce &#8220;<\/span><span style=\"color: #0000ff;\"><a style=\"color: #0000ff;\" href=\"https:\/\/www.bild.de\/news\/ausland\/news-ausland\/schweden-ist-gefaehrlichstes-land-europas-78054592.bild.html\" target=\"_blank\" rel=\"noopener noreferrer\">il paese pi\u00f9 pericoloso d&#8217;Europa<\/a><\/span>&#8220;. <span style=\"color: #000000;\">Per questo ora \u201cneanche la Svezia vuole pi\u00f9 i migranti\u201d, racconta<\/span> <span style=\"color: #0000ff;\"><em><a style=\"color: #0000ff;\" href=\"https:\/\/foreignpolicy.com\/2021\/11\/17\/even-sweden-doesnt-want-migrants-anymore-syria-iraq-belarus\/\" target=\"_blank\" rel=\"noopener noreferrer\">Foreign Policy<\/a><\/em>.<\/span> <span style=\"color: #000000;\">Il paese che ne aveva accettati di pi\u00f9 pro capite in Europa, la generosissima socialdemocrazia svedese, \u00e8 diventata fredda sull\u2019accoglienza.<\/span><\/p>\n<p style=\"text-align: justify;\"><span style=\"color: #000000;\">Il motivo lo troviamo in un lungo saggio di Paulina Neuding, giornalista ebrea svedese, sullo<\/span> <span style=\"color: #0000ff;\"><em><a style=\"color: #0000ff;\" href=\"https:\/\/www.spectator.co.uk\/article\/how-sweden-became-the-most-dangerous-country-in-europe\" target=\"_blank\" rel=\"noopener noreferrer\">Spectator<\/a><\/em> <\/span><span style=\"color: #000000;\">di questa settimana. \u201cLa guerra delle gang ha preso possesso delle strade svedesi\u201d, il titolo. O per dirla con un\u2019altra giornalista svedese, Judith Bergman, sul <a style=\"color: #000000;\" href=\"https:\/\/it.gatestoneinstitute.org\/10807\/svezia-stato-fallito\" target=\"_blank\" rel=\"noopener noreferrer\">Gatestone Institute<\/a>,<\/span> <span style=\"color: #000080;\">\u201c<span style=\"color: #000000;\"><a style=\"color: #000000;\" href=\"_wp_link_placeholder\" data-wplink-edit=\"true\">la Svezia, uno stato fallito?<\/a><\/span>\u201d. <span style=\"color: #000000;\">La strada per l\u2019inferno \u00e8 davvero lastricata di buone intenzioni multiculturali\u2026<\/span><\/span><\/p>\n<p style=\"text-align: justify;\"><span style=\"color: #000080;\"><span style=\"color: #000000;\"><img loading=\"lazy\" decoding=\"async\" class=\" wp-image-39095 alignleft\" src=\"https:\/\/www.rassegnastampa-totustuus.it\/cattolica\/wp-content\/uploads\/2017\/12\/immigrati_sinistre.jpg\" alt=\"\" width=\"358\" height=\"201\" \/>Perch\u00e9 la Svezia dovrebbe interessarci? Perch\u00e9 \u00e8 il paese che si \u00e8 spinto pi\u00f9 avanti nelle politiche multiculturali, ha costruito un sistema progettato per fornire ai rifugiati gli stessi benefici sociali che gli svedesi si sono dati per s\u00e8 e ha il rapporto pi\u00f9 alto tra residenti e persone che hanno ottenuto il diritto d\u2019asilo. Siamo nella \u201c<\/span><\/span><span style=\"color: #000000;\">t<a style=\"color: #000000;\" href=\"https:\/\/www.infomigrants.net\/en\/post\/11949\/swedens-revered-status-as-the-land-of-asylum-under-threat-from-empowered-farright\" target=\"_blank\" rel=\"noopener noreferrer\">erra del diritto di asilo<\/a>\u201d.<\/span><\/p>\n<p style=\"text-align: justify;\"><span style=\"color: #000000;\">Solo nel 2016, la Svezia ha accolto <a style=\"color: #000000;\" href=\"https:\/\/www.economist.com\/europe\/2017\/05\/18\/sweden-is-trying-to-turn-people-swedish\" target=\"_blank\" rel=\"noreferrer noopener\">163.000 persone<\/a>. L\u2019equivalente del 1.6 per cento della sua popolazione totale. Come se l\u2019Italia nel lasciasse entrare 600.000 in un anno, anzich\u00e9 i 60.000 del 2021, che hanno gi\u00e0 messo sotto stress il nostro sistema di accoglienza. Quello che per\u00f2 \u00e8 successo in seguito sta dando un nuovo significato all\u2019espressione \u201csindrome di Stoccolma\u201d.<\/span><\/p>\n<p style=\"text-align: justify;\"><a href=\"https:\/\/www.bloomberg.com\/news\/articles\/2021-10-22\/swedish-teenage-rapper-killed-in-latest-stockholm-shooting\" target=\"_blank\" rel=\"noreferrer noopener\"><span style=\"color: #0000ff;\"><img loading=\"lazy\" decoding=\"async\" class=\"wp-image-53011 alignright\" src=\"https:\/\/www.rassegnastampa-totustuus.it\/cattolica\/wp-content\/uploads\/2021\/11\/Nils_Gr\u00f6nberg_rap_musica.jpg\" alt=\"\" width=\"321\" height=\"229\" \/>Nils Gr\u00f6nberg<\/span><\/a> <span style=\"color: #000000;\">aveva 19 anni quando gli hanno sparato e ucciso: un proiettile al petto e uno al viso. Le immagini del suo corpo steso a terra in uno dei quartieri pi\u00f9 ricchi di Stoccolma, l&#8217;ipermoderna Hammarby Waterfront Residential Area, hanno scioccato il paese. Il &#8220;gangster rapper svedese&#8221; pu\u00f2 sembrare un personaggio di Sacha Baron Cohen, \u201cBorat\u201d. Ma il gangster rap \u00e8 intimamente legato alle guerre tra bande in Svezia. \u201cCon testi cos\u00ec sanguinari che sarebbe difficile distinguerli dagli annunci di reclutamento per lo Stato Islamico, il rap viene utilizzato per costruire i marchi delle bande e mostrare la loro capacit\u00e0 di violenza\u201d, scrive lo <em>Spectator<\/em>.<\/span><\/p>\n<p style=\"text-align: justify;\"><span style=\"color: #000000;\"> Ein\u00e1r, che aveva gi\u00e0 una lunga fedina penale nonostante la giovane et\u00e0, rappava sulla sua pistola, sull&#8217;uccisione dei &#8220;topi&#8221; e sulle bombe a mano. Ma Ein\u00e1r si era distinto anche tra i gangster rapper come il figlio privilegiato parte dell&#8217;\u00e9lite culturale del paese. Sua madre \u00e8 una nota attrice e lo stesso Ein\u00e1r ha partecipato da bambino al Royal Dramatic Theatre di Stoccolma. Uno dei sospettati del complotto di rapimento ed estorsione contro Ein\u00e1r, un anno fa, \u00e8 stato nominato \u201cartista dell&#8217;anno\u201d dalla Radio Svedese.\u00a0\u00a0\u00a0 <\/span><\/p>\n<p style=\"text-align: justify;\"><span style=\"color: #000000;\"><img loading=\"lazy\" decoding=\"async\" class=\" wp-image-50554 alignleft\" src=\"https:\/\/www.rassegnastampa-totustuus.it\/cattolica\/wp-content\/uploads\/2021\/04\/donne_Svezia_Polizia-300x169.jpg\" alt=\"\" width=\"366\" height=\"206\" srcset=\"https:\/\/www.rassegnastampa-totustuus.it\/cattolica\/wp-content\/uploads\/2021\/04\/donne_Svezia_Polizia-300x169.jpg 300w, https:\/\/www.rassegnastampa-totustuus.it\/cattolica\/wp-content\/uploads\/2021\/04\/donne_Svezia_Polizia-768x432.jpg 768w, https:\/\/www.rassegnastampa-totustuus.it\/cattolica\/wp-content\/uploads\/2021\/04\/donne_Svezia_Polizia.jpg 976w\" sizes=\"auto, (max-width: 366px) 100vw, 366px\" \/>Le gang dominano le aree &#8220;vulnerabili&#8221; della Svezia. Jordbro, fuori, Stoccolma \u00e8 uno di questi quartieri. \u201cSi scopre che le gang sono pi\u00f9 forti dello stato svedese\u201d scrive Neuding. \u201cLa polizia pubblica un elenco annuale di aree come Jordbro, suddividendole in \u2018zone vulnerabili\u2019, \u2018particolarmente vulnerabili\u2019 e \u2018aree a rischio\u2019: 60 distretti in tutto\u201d. <\/span><\/p>\n<p style=\"text-align: justify;\"><span style=\"color: #000000;\">Posti come<\/span> <span style=\"color: #0000ff;\"><a style=\"color: #0000ff;\" href=\"https:\/\/www.rt.com\/news\/337334-stockholm-migrant-suburb-riots-fire\/\" target=\"_blank\" rel=\"noopener noreferrer\">Alby,<\/a><\/span> <span style=\"color: #000000;\">un sobborgo di Stoccolma noto come la \u201cpiccola Baghdad\u201c. Qui soltanto<\/span> <a href=\"https:\/\/www.dn.se\/nyheter\/politik\/da-tappade-manga-har-tilltron-till-politiken-totalt\/\" target=\"_blank\" rel=\"noopener noreferrer\"><span style=\"color: #0000ff;\">un abitante su dieci \u00e8 svedese<\/span><\/a>.<span style=\"color: #000000;\"> Il<\/span> <span style=\"color: #0000ff;\"><a style=\"color: #0000ff;\" href=\"https:\/\/tryggaresverige.org\/brott-och-otrygghet-i-kollektivtrafiken-gor-kollektivtrafiken-till-navet-i-det-lokala-brottsforebyggande-arbetet-2\" target=\"_blank\" rel=\"noopener noreferrer\">30 per cento<\/a><\/span> <span style=\"color: #000000;\">della popolazione svedese evita la metropolitana per timore di aggressioni. <\/span><\/p>\n<p style=\"text-align: justify;\"><span style=\"color: #000000;\"><img loading=\"lazy\" decoding=\"async\" class=\" wp-image-53012 alignright\" src=\"https:\/\/www.rassegnastampa-totustuus.it\/cattolica\/wp-content\/uploads\/2021\/11\/Svezia_aree_residenziali_protette-300x170.jpg\" alt=\"\" width=\"369\" height=\"209\" srcset=\"https:\/\/www.rassegnastampa-totustuus.it\/cattolica\/wp-content\/uploads\/2021\/11\/Svezia_aree_residenziali_protette-300x170.jpg 300w, https:\/\/www.rassegnastampa-totustuus.it\/cattolica\/wp-content\/uploads\/2021\/11\/Svezia_aree_residenziali_protette.jpg 332w\" sizes=\"auto, (max-width: 369px) 100vw, 369px\" \/>\u201cVuoi vivere in sicurezza tra altri dieci vicini in un&#8217;area recintata con piscina, campo da bocce, parco e cancello telecomandato dove possono entrare solo i residenti? Nel centro di Onsala, \u00e8 ora prevista la prima comunit\u00e0 recintata della Svezia occidentale\u201d.<\/span> L<span style=\"color: #0000ff;\"><a style=\"color: #0000ff;\" href=\"https:\/\/www.expressen.se\/gt\/har-planeras-for-ett-gated-community\/\" target=\"_blank\" rel=\"noopener noreferrer\">\u2019<em>Expressen<\/em><\/a><\/span> <span style=\"color: #000000;\">racconta come la classe benestante si sta ghettizzando per motivi di sicurezza.\u00a0 Se un ex islamista ha <a style=\"color: #000000;\" href=\"https:\/\/sputniknews.com\/20210923\/former-islamist-preacher-there-is-a-salafist-in-every-swedish-mosque-1089322794.html\" target=\"_blank\" rel=\"noopener noreferrer\">rivelato<\/a> che \u201cc\u2019\u00e8 un salafita in ogni moschea svedese\u201d, va da s\u00e8 che gli<\/span> <span style=\"color: #0000ff;\"><a style=\"color: #0000ff;\" href=\"https:\/\/meotti.substack.com\/p\/gli-ebrei-scappano-dal-multiculturalismo\" target=\"_blank\" rel=\"noopener noreferrer\">ebrei stanno fuggendo dalla Svezia<\/a><\/span>.<\/p>\n<p style=\"text-align: justify;\"><span style=\"color: #000000;\">E c\u2019\u00e8 il<\/span><span style=\"color: #0000ff;\"><a style=\"color: #0000ff;\" href=\"https:\/\/www.lastampa.it\/topnews\/primo-piano\/2021\/02\/14\/news\/molotov-contro-le-chiese-in-svezia-il-premier-attacco-alla-liberta-1.39898172\/\" target=\"_blank\" rel=\"noopener noreferrer\"> record<\/a><\/span> <span style=\"color: #000000;\">di attacchi alle chiese nel paese. In soli sei anni 829 assalti contro i siti cristiani.<\/span> <a href=\"https:\/\/sputniknews.com\/20210125\/one-of-stockholms-oldest-churches-suffers-second-attack-in-less-than-a-week-1081870330.html\" target=\"_blank\" rel=\"noopener noreferrer\"><span style=\"color: #0000ff;\">Due volte in quattro giorn<\/span>i,<\/a> <span style=\"color: #000000;\">la chiesa di 800 anni di Sp\u00e5nga a Stoccolma \u00e8 stata bombardata con le molotov. \u201cIl 20 per cento della popolazione svedese \u00e8 nata all&#8217;estero e questa quota \u00e8 aumentata rapidamente. Nel 2000 era dell&#8217;11 per cento\u201d, scrive lo <em>Spectator<\/em>. E in futuro? <\/span><\/p>\n<p style=\"text-align: justify;\"><span style=\"color: #000000;\"><img loading=\"lazy\" decoding=\"async\" class=\" wp-image-45111 alignleft\" src=\"https:\/\/www.rassegnastampa-totustuus.it\/cattolica\/wp-content\/uploads\/2019\/11\/chiesa_brucia_persecuzioni.jpg\" alt=\"\" width=\"399\" height=\"224\" \/>Sul giornale socialdemocratico svedese<\/span><span style=\"color: #0000ff;\"> <em><a style=\"color: #0000ff;\" href=\"https:\/\/folkbladet.se\/artikel\/rgqw68xl\" target=\"_blank\" rel=\"noopener noreferrer\">Folkbladet<\/a><\/em> <\/span><span style=\"color: #000000;\">Ky\u00f6sti Tarvainen, professore all\u2019Universit\u00e0 Aalto di Helsinki e che<\/span> <a href=\"https:\/\/sciendo.com\/article\/10.2478\/bog-2018-0010\" target=\"_blank\" rel=\"noopener noreferrer\">s<span style=\"color: #0000ff;\">tudia i cambiamenti demografici<\/span><\/a>, <span style=\"color: #000000;\">ha spiegato che \u201cgli svedesi etnici saranno una minoranza nel 2065 con immigrazione invariata. L&#8217;etnia svedese diventer\u00e0 una minoranza in 45 anni. Ci saranno tanti musulmani quanti sono gli svedesi etnici nel 2100\u201d. <\/span><\/p>\n<p style=\"text-align: justify;\"><span style=\"color: #000000;\">Nel 2019, si legge ancora nella disamina di Tarvainen, l\u201988 per cento degli immigrati residenti in Svezia era di origine non-europea e uno su due era di fede musulmana.<\/span><\/p>\n<p style=\"text-align: justify;\"><span style=\"color: #0000ff;\"><a style=\"color: #0000ff;\" href=\"https:\/\/www.nytimes.com\/2018\/03\/03\/world\/europe\/sweden-crime-immigration-hand-grenades.html\">Peter Springare<\/a><\/span>, <span style=\"color: #000000;\">61 anni, un agente di polizia a Orebro, ha pubblicato un post furioso su Facebook dicendo che i crimini violenti su cui stava indagando sono stati commessi da immigrati provenienti da &#8220;Iraq, Iraq, Turchia, Siria, Afghanistan, Somalia, Somalia, di nuovo Siria, Somalia, paese sconosciuto, paese sconosciuto, Svezia\u201d. <\/span><span style=\"color: #000000;\">\u00c8 stato condiviso pi\u00f9 di 20.000 volte e Springare \u00e8 stato indagato dai pubblici ministeri per \u201cincitamento all&#8217;odio razziale\u201d. <\/span><\/p>\n<p style=\"text-align: justify;\"><span style=\"color: #000000;\">Si disintegrano senza nemmeno il diritto di lamentarsi. <\/span><\/p>\n<p style=\"text-align: justify;\"><span style=\"color: #000000;\"><img loading=\"lazy\" decoding=\"async\" class=\" wp-image-39616 alignleft\" src=\"https:\/\/www.rassegnastampa-totustuus.it\/cattolica\/wp-content\/uploads\/2018\/01\/violenza_Svezia-300x168.jpg\" alt=\"\" width=\"357\" height=\"200\" \/>Secondo il criminologo svedese Amir Rostami, 15.000 persone sono coinvolte nelle gang criminali, \u201cun numero impressionante per un paese di 10 milioni di abitanti\u201d scrive Neuding. Ci sono stati oltre 110 incidenti con esplosivi in Svezia solo quest&#8217;anno.<\/span> <span style=\"color: #0000ff;\"><a style=\"color: #0000ff;\" href=\"https:\/\/twitter.com\/JJohanJJansson\/status\/1029091095823745025?ref_src=twsrc%5Etfw%7Ctwcamp%5Etweetembed%7Ctwterm%5E1029091095823745025%7Ctwgr%5E%7Ctwcon%5Es1_&amp;ref_url=https%3A%2F%2Fscenarieconomici.it%2Fwelcome-to-sweden-il-paradiso-deuropa-attacchi-incendiari-contemporanei-in-piu-citta%2F\" target=\"_blank\" rel=\"noopener noreferrer\">Qui un video<\/a><\/span> <span style=\"color: #000000;\">mostra cosa \u00e8 diventato quel paese. Intanto, il rapper Ein\u00e1r metteva in musica \u201ccon le pistole andiamo in giro e ti mandiamo sottoterra\u201d. Il brano si chiamava &#8220;Welcome to Sweden&#8221;.<\/span><\/p>\n<p style=\"text-align: center;\"><span style=\"color: #0000ff;\">I<a style=\"color: #0000ff;\" href=\"https:\/\/meotti.substack.com\/\" target=\"_blank\" rel=\"noopener noreferrer\"><strong>scriviti alla newsletter di Giulio Meotti<\/strong><\/a><\/span><\/p>\n","protected":false},"excerpt":{"rendered":"<p>Dalla Newsletter di Giulio Meotti 20 Novembre 2021\u00a0\u00a0\u00a0\u00a0 \u00a0 Dove il 20 per cento sono stranieri e fra 40 anni saranno maggioranza, le gang dettano legge. 110 esplosioni in un anno e 60 aree &#8220;no go&#8221; (in alcune solo 1 su 10 \u00e8 svedese). Multiculti e anarchia di Giulio Meotti\u00a0\u00a0\u00a0\u00a0\u00a0<\/p><p><a class=\"more-link btn\" href=\"https:\/\/www.rassegnastampa-totustuus.it\/cattolica\/il-paese-di-greta-e-uno-stato-fallito\/\">Continua a leggere<\/a><\/p>\n","protected":false},"author":6,"featured_media":53014,"comment_status":"closed","ping_status":"closed","sticky":false,"template":"","format":"standard","meta":{"footnotes":""},"categories":[14,38,108],"tags":[166,2392,545,2493],"class_list":["post-53008","post","type-post","status-publish","format-standard","has-post-thumbnail","hentry","category-europa-e-ue","category-immigrazione","category-paesi-e-continenti","tag-europa","tag-immigrazione","tag-paesi-e-continenti-2","tag-svezia","item-wrap"],"yoast_head":"<!-- This site is optimized with the Yoast SEO plugin v27.5 - https:\/\/yoast.com\/product\/yoast-seo-wordpress\/ -->\n<title>Il paese di Greta \u00e8 uno stato fallito? - Rassegna Stampa Cattolica<\/title>\n<meta name=\"description\" content=\"Il paese di Greta \u00e8 uno stato fallito? Dove il 20 per cento sono stranieri e fra 40 anni saranno maggioranza, le gang dettano legge.\" \/>\n<meta name=\"robots\" content=\"index, follow, max-snippet:-1, max-image-preview:large, max-video-preview:-1\" \/>\n<link rel=\"canonical\" href=\"https:\/\/www.rassegnastampa-totustuus.it\/cattolica\/il-paese-di-greta-e-uno-stato-fallito\/\" \/>\n<meta property=\"og:locale\" content=\"it_IT\" \/>\n<meta property=\"og:type\" content=\"article\" \/>\n<meta property=\"og:title\" content=\"Il paese di Greta \u00e8 uno stato fallito? - Rassegna Stampa Cattolica\" \/>\n<meta property=\"og:description\" content=\"Il paese di Greta \u00e8 uno stato fallito? Dove il 20 per cento sono stranieri e fra 40 anni saranno maggioranza, le gang dettano legge.\" \/>\n<meta property=\"og:url\" content=\"https:\/\/www.rassegnastampa-totustuus.it\/cattolica\/il-paese-di-greta-e-uno-stato-fallito\/\" \/>\n<meta property=\"og:site_name\" content=\"Rassegna Stampa Cattolica\" \/>\n<meta property=\"article:publisher\" content=\"https:\/\/www.facebook.com\/rassegnastampacattolica\" \/>\n<meta property=\"article:published_time\" content=\"2021-11-24T23:00:10+00:00\" \/>\n<meta property=\"article:modified_time\" content=\"2024-10-15T06:53:57+00:00\" \/>\n<meta property=\"og:image\" content=\"https:\/\/www.rassegnastampa-totustuus.it\/cattolica\/wp-content\/uploads\/2021\/11\/Svezia_crimini_immigrazione.jpg\" \/>\n\t<meta property=\"og:image:width\" content=\"1440\" \/>\n\t<meta property=\"og:image:height\" content=\"810\" \/>\n\t<meta property=\"og:image:type\" content=\"image\/jpeg\" \/>\n<meta name=\"author\" content=\"Redazione\" \/>\n<meta name=\"twitter:card\" content=\"summary_large_image\" \/>\n<meta name=\"twitter:creator\" content=\"@rassegnastampa9\" \/>\n<meta name=\"twitter:site\" content=\"@rassegnastampa9\" \/>\n<meta name=\"twitter:label1\" content=\"Scritto da\" \/>\n\t<meta name=\"twitter:data1\" content=\"Redazione\" \/>\n\t<meta name=\"twitter:label2\" content=\"Tempo di lettura stimato\" \/>\n\t<meta name=\"twitter:data2\" content=\"8 minuti\" \/>\n<script type=\"application\/ld+json\" class=\"yoast-schema-graph\">{\"@context\":\"https:\\\/\\\/schema.org\",\"@graph\":[{\"@type\":\"Article\",\"@id\":\"https:\\\/\\\/www.rassegnastampa-totustuus.it\\\/cattolica\\\/il-paese-di-greta-e-uno-stato-fallito\\\/#article\",\"isPartOf\":{\"@id\":\"https:\\\/\\\/www.rassegnastampa-totustuus.it\\\/cattolica\\\/il-paese-di-greta-e-uno-stato-fallito\\\/\"},\"author\":{\"name\":\"Redazione\",\"@id\":\"https:\\\/\\\/www.rassegnastampa-totustuus.it\\\/cattolica\\\/#\\\/schema\\\/person\\\/08f319d2bd1a0904ad9e2bfb7b15e5c3\"},\"headline\":\"Il paese di Greta \u00e8 uno stato fallito?\",\"datePublished\":\"2021-11-24T23:00:10+00:00\",\"dateModified\":\"2024-10-15T06:53:57+00:00\",\"mainEntityOfPage\":{\"@id\":\"https:\\\/\\\/www.rassegnastampa-totustuus.it\\\/cattolica\\\/il-paese-di-greta-e-uno-stato-fallito\\\/\"},\"wordCount\":1038,\"publisher\":{\"@id\":\"https:\\\/\\\/www.rassegnastampa-totustuus.it\\\/cattolica\\\/#organization\"},\"image\":{\"@id\":\"https:\\\/\\\/www.rassegnastampa-totustuus.it\\\/cattolica\\\/il-paese-di-greta-e-uno-stato-fallito\\\/#primaryimage\"},\"thumbnailUrl\":\"https:\\\/\\\/www.rassegnastampa-totustuus.it\\\/cattolica\\\/wp-content\\\/uploads\\\/2021\\\/11\\\/Svezia_crimini_immigrazione.jpg\",\"keywords\":[\"Europa\",\"immigrazione\",\"paesi e continenti\",\"Svezia\"],\"articleSection\":[\"Europa e UE\",\"Immigrazione\",\"Paesi e continenti\"],\"inLanguage\":\"it-IT\"},{\"@type\":\"WebPage\",\"@id\":\"https:\\\/\\\/www.rassegnastampa-totustuus.it\\\/cattolica\\\/il-paese-di-greta-e-uno-stato-fallito\\\/\",\"url\":\"https:\\\/\\\/www.rassegnastampa-totustuus.it\\\/cattolica\\\/il-paese-di-greta-e-uno-stato-fallito\\\/\",\"name\":\"Il paese di Greta \u00e8 uno stato fallito? - Rassegna Stampa Cattolica\",\"isPartOf\":{\"@id\":\"https:\\\/\\\/www.rassegnastampa-totustuus.it\\\/cattolica\\\/#website\"},\"primaryImageOfPage\":{\"@id\":\"https:\\\/\\\/www.rassegnastampa-totustuus.it\\\/cattolica\\\/il-paese-di-greta-e-uno-stato-fallito\\\/#primaryimage\"},\"image\":{\"@id\":\"https:\\\/\\\/www.rassegnastampa-totustuus.it\\\/cattolica\\\/il-paese-di-greta-e-uno-stato-fallito\\\/#primaryimage\"},\"thumbnailUrl\":\"https:\\\/\\\/www.rassegnastampa-totustuus.it\\\/cattolica\\\/wp-content\\\/uploads\\\/2021\\\/11\\\/Svezia_crimini_immigrazione.jpg\",\"datePublished\":\"2021-11-24T23:00:10+00:00\",\"dateModified\":\"2024-10-15T06:53:57+00:00\",\"description\":\"Il paese di Greta \u00e8 uno stato fallito? Dove il 20 per cento sono stranieri e fra 40 anni saranno maggioranza, le gang dettano legge.\",\"breadcrumb\":{\"@id\":\"https:\\\/\\\/www.rassegnastampa-totustuus.it\\\/cattolica\\\/il-paese-di-greta-e-uno-stato-fallito\\\/#breadcrumb\"},\"inLanguage\":\"it-IT\",\"potentialAction\":[{\"@type\":\"ReadAction\",\"target\":[\"https:\\\/\\\/www.rassegnastampa-totustuus.it\\\/cattolica\\\/il-paese-di-greta-e-uno-stato-fallito\\\/\"]}]},{\"@type\":\"ImageObject\",\"inLanguage\":\"it-IT\",\"@id\":\"https:\\\/\\\/www.rassegnastampa-totustuus.it\\\/cattolica\\\/il-paese-di-greta-e-uno-stato-fallito\\\/#primaryimage\",\"url\":\"https:\\\/\\\/www.rassegnastampa-totustuus.it\\\/cattolica\\\/wp-content\\\/uploads\\\/2021\\\/11\\\/Svezia_crimini_immigrazione.jpg\",\"contentUrl\":\"https:\\\/\\\/www.rassegnastampa-totustuus.it\\\/cattolica\\\/wp-content\\\/uploads\\\/2021\\\/11\\\/Svezia_crimini_immigrazione.jpg\",\"width\":1440,\"height\":810},{\"@type\":\"BreadcrumbList\",\"@id\":\"https:\\\/\\\/www.rassegnastampa-totustuus.it\\\/cattolica\\\/il-paese-di-greta-e-uno-stato-fallito\\\/#breadcrumb\",\"itemListElement\":[{\"@type\":\"ListItem\",\"position\":1,\"name\":\"Home\",\"item\":\"https:\\\/\\\/www.rassegnastampa-totustuus.it\\\/cattolica\\\/\"},{\"@type\":\"ListItem\",\"position\":2,\"name\":\"Il paese di Greta \u00e8 uno stato fallito?\"}]},{\"@type\":\"WebSite\",\"@id\":\"https:\\\/\\\/www.rassegnastampa-totustuus.it\\\/cattolica\\\/#website\",\"url\":\"https:\\\/\\\/www.rassegnastampa-totustuus.it\\\/cattolica\\\/\",\"name\":\"Rassegna Stampa Cattolica\",\"description\":\"Per una cultura che nasce dalla Rivelazione cristiana in conformit\u00e0 alla tradizione e al Magistero della Chiesa in opposizione ad ogni relativismo e totalitarismo\",\"publisher\":{\"@id\":\"https:\\\/\\\/www.rassegnastampa-totustuus.it\\\/cattolica\\\/#organization\"},\"alternateName\":\"Rass. Cattolica\",\"potentialAction\":[{\"@type\":\"SearchAction\",\"target\":{\"@type\":\"EntryPoint\",\"urlTemplate\":\"https:\\\/\\\/www.rassegnastampa-totustuus.it\\\/cattolica\\\/?s={search_term_string}\"},\"query-input\":{\"@type\":\"PropertyValueSpecification\",\"valueRequired\":true,\"valueName\":\"search_term_string\"}}],\"inLanguage\":\"it-IT\"},{\"@type\":\"Organization\",\"@id\":\"https:\\\/\\\/www.rassegnastampa-totustuus.it\\\/cattolica\\\/#organization\",\"name\":\"Rassegna Stampa Cattolica\",\"url\":\"https:\\\/\\\/www.rassegnastampa-totustuus.it\\\/cattolica\\\/\",\"logo\":{\"@type\":\"ImageObject\",\"inLanguage\":\"it-IT\",\"@id\":\"https:\\\/\\\/www.rassegnastampa-totustuus.it\\\/cattolica\\\/#\\\/schema\\\/logo\\\/image\\\/\",\"url\":\"https:\\\/\\\/www.rassegnastampa-totustuus.it\\\/cattolica\\\/wp-content\\\/uploads\\\/2014\\\/04\\\/logo-rassegna1.gif\",\"contentUrl\":\"https:\\\/\\\/www.rassegnastampa-totustuus.it\\\/cattolica\\\/wp-content\\\/uploads\\\/2014\\\/04\\\/logo-rassegna1.gif\",\"width\":600,\"height\":163,\"caption\":\"Rassegna Stampa Cattolica\"},\"image\":{\"@id\":\"https:\\\/\\\/www.rassegnastampa-totustuus.it\\\/cattolica\\\/#\\\/schema\\\/logo\\\/image\\\/\"},\"sameAs\":[\"https:\\\/\\\/www.facebook.com\\\/rassegnastampacattolica\",\"https:\\\/\\\/x.com\\\/rassegnastampa9\"]},{\"@type\":\"Person\",\"@id\":\"https:\\\/\\\/www.rassegnastampa-totustuus.it\\\/cattolica\\\/#\\\/schema\\\/person\\\/08f319d2bd1a0904ad9e2bfb7b15e5c3\",\"name\":\"Redazione\",\"image\":{\"@type\":\"ImageObject\",\"inLanguage\":\"it-IT\",\"@id\":\"https:\\\/\\\/secure.gravatar.com\\\/avatar\\\/2fcdf27c78ea025fbdb44e914cc63c72249ffec9dc8aafd5c82b26240ef3f346?s=96&d=mm&r=g\",\"url\":\"https:\\\/\\\/secure.gravatar.com\\\/avatar\\\/2fcdf27c78ea025fbdb44e914cc63c72249ffec9dc8aafd5c82b26240ef3f346?s=96&d=mm&r=g\",\"contentUrl\":\"https:\\\/\\\/secure.gravatar.com\\\/avatar\\\/2fcdf27c78ea025fbdb44e914cc63c72249ffec9dc8aafd5c82b26240ef3f346?s=96&d=mm&r=g\",\"caption\":\"Redazione\"},\"url\":\"https:\\\/\\\/www.rassegnastampa-totustuus.it\\\/cattolica\\\/author\\\/pietroelle\\\/\"}]}<\/script>\n<!-- \/ Yoast SEO plugin. -->","yoast_head_json":{"title":"Il paese di Greta \u00e8 uno stato fallito? - Rassegna Stampa Cattolica","description":"Il paese di Greta \u00e8 uno stato fallito? Dove il 20 per cento sono stranieri e fra 40 anni saranno maggioranza, le gang dettano legge.","robots":{"index":"index","follow":"follow","max-snippet":"max-snippet:-1","max-image-preview":"max-image-preview:large","max-video-preview":"max-video-preview:-1"},"canonical":"https:\/\/www.rassegnastampa-totustuus.it\/cattolica\/il-paese-di-greta-e-uno-stato-fallito\/","og_locale":"it_IT","og_type":"article","og_title":"Il paese di Greta \u00e8 uno stato fallito? - Rassegna Stampa Cattolica","og_description":"Il paese di Greta \u00e8 uno stato fallito? Dove il 20 per cento sono stranieri e fra 40 anni saranno maggioranza, le gang dettano legge.","og_url":"https:\/\/www.rassegnastampa-totustuus.it\/cattolica\/il-paese-di-greta-e-uno-stato-fallito\/","og_site_name":"Rassegna Stampa Cattolica","article_publisher":"https:\/\/www.facebook.com\/rassegnastampacattolica","article_published_time":"2021-11-24T23:00:10+00:00","article_modified_time":"2024-10-15T06:53:57+00:00","og_image":[{"width":1440,"height":810,"url":"https:\/\/www.rassegnastampa-totustuus.it\/cattolica\/wp-content\/uploads\/2021\/11\/Svezia_crimini_immigrazione.jpg","type":"image\/jpeg"}],"author":"Redazione","twitter_card":"summary_large_image","twitter_creator":"@rassegnastampa9","twitter_site":"@rassegnastampa9","twitter_misc":{"Scritto da":"Redazione","Tempo di lettura stimato":"8 minuti"},"schema":{"@context":"https:\/\/schema.org","@graph":[{"@type":"Article","@id":"https:\/\/www.rassegnastampa-totustuus.it\/cattolica\/il-paese-di-greta-e-uno-stato-fallito\/#article","isPartOf":{"@id":"https:\/\/www.rassegnastampa-totustuus.it\/cattolica\/il-paese-di-greta-e-uno-stato-fallito\/"},"author":{"name":"Redazione","@id":"https:\/\/www.rassegnastampa-totustuus.it\/cattolica\/#\/schema\/person\/08f319d2bd1a0904ad9e2bfb7b15e5c3"},"headline":"Il paese di Greta \u00e8 uno stato fallito?","datePublished":"2021-11-24T23:00:10+00:00","dateModified":"2024-10-15T06:53:57+00:00","mainEntityOfPage":{"@id":"https:\/\/www.rassegnastampa-totustuus.it\/cattolica\/il-paese-di-greta-e-uno-stato-fallito\/"},"wordCount":1038,"publisher":{"@id":"https:\/\/www.rassegnastampa-totustuus.it\/cattolica\/#organization"},"image":{"@id":"https:\/\/www.rassegnastampa-totustuus.it\/cattolica\/il-paese-di-greta-e-uno-stato-fallito\/#primaryimage"},"thumbnailUrl":"https:\/\/www.rassegnastampa-totustuus.it\/cattolica\/wp-content\/uploads\/2021\/11\/Svezia_crimini_immigrazione.jpg","keywords":["Europa","immigrazione","paesi e continenti","Svezia"],"articleSection":["Europa e UE","Immigrazione","Paesi e continenti"],"inLanguage":"it-IT"},{"@type":"WebPage","@id":"https:\/\/www.rassegnastampa-totustuus.it\/cattolica\/il-paese-di-greta-e-uno-stato-fallito\/","url":"https:\/\/www.rassegnastampa-totustuus.it\/cattolica\/il-paese-di-greta-e-uno-stato-fallito\/","name":"Il paese di Greta \u00e8 uno stato fallito? - Rassegna Stampa Cattolica","isPartOf":{"@id":"https:\/\/www.rassegnastampa-totustuus.it\/cattolica\/#website"},"primaryImageOfPage":{"@id":"https:\/\/www.rassegnastampa-totustuus.it\/cattolica\/il-paese-di-greta-e-uno-stato-fallito\/#primaryimage"},"image":{"@id":"https:\/\/www.rassegnastampa-totustuus.it\/cattolica\/il-paese-di-greta-e-uno-stato-fallito\/#primaryimage"},"thumbnailUrl":"https:\/\/www.rassegnastampa-totustuus.it\/cattolica\/wp-content\/uploads\/2021\/11\/Svezia_crimini_immigrazione.jpg","datePublished":"2021-11-24T23:00:10+00:00","dateModified":"2024-10-15T06:53:57+00:00","description":"Il paese di Greta \u00e8 uno stato fallito? Dove il 20 per cento sono stranieri e fra 40 anni saranno maggioranza, le gang dettano legge.","breadcrumb":{"@id":"https:\/\/www.rassegnastampa-totustuus.it\/cattolica\/il-paese-di-greta-e-uno-stato-fallito\/#breadcrumb"},"inLanguage":"it-IT","potentialAction":[{"@type":"ReadAction","target":["https:\/\/www.rassegnastampa-totustuus.it\/cattolica\/il-paese-di-greta-e-uno-stato-fallito\/"]}]},{"@type":"ImageObject","inLanguage":"it-IT","@id":"https:\/\/www.rassegnastampa-totustuus.it\/cattolica\/il-paese-di-greta-e-uno-stato-fallito\/#primaryimage","url":"https:\/\/www.rassegnastampa-totustuus.it\/cattolica\/wp-content\/uploads\/2021\/11\/Svezia_crimini_immigrazione.jpg","contentUrl":"https:\/\/www.rassegnastampa-totustuus.it\/cattolica\/wp-content\/uploads\/2021\/11\/Svezia_crimini_immigrazione.jpg","width":1440,"height":810},{"@type":"BreadcrumbList","@id":"https:\/\/www.rassegnastampa-totustuus.it\/cattolica\/il-paese-di-greta-e-uno-stato-fallito\/#breadcrumb","itemListElement":[{"@type":"ListItem","position":1,"name":"Home","item":"https:\/\/www.rassegnastampa-totustuus.it\/cattolica\/"},{"@type":"ListItem","position":2,"name":"Il paese di Greta \u00e8 uno stato fallito?"}]},{"@type":"WebSite","@id":"https:\/\/www.rassegnastampa-totustuus.it\/cattolica\/#website","url":"https:\/\/www.rassegnastampa-totustuus.it\/cattolica\/","name":"Rassegna Stampa Cattolica","description":"Per una cultura che nasce dalla Rivelazione cristiana in conformit\u00e0 alla tradizione e al Magistero della Chiesa in opposizione ad ogni relativismo e totalitarismo","publisher":{"@id":"https:\/\/www.rassegnastampa-totustuus.it\/cattolica\/#organization"},"alternateName":"Rass. Cattolica","potentialAction":[{"@type":"SearchAction","target":{"@type":"EntryPoint","urlTemplate":"https:\/\/www.rassegnastampa-totustuus.it\/cattolica\/?s={search_term_string}"},"query-input":{"@type":"PropertyValueSpecification","valueRequired":true,"valueName":"search_term_string"}}],"inLanguage":"it-IT"},{"@type":"Organization","@id":"https:\/\/www.rassegnastampa-totustuus.it\/cattolica\/#organization","name":"Rassegna Stampa Cattolica","url":"https:\/\/www.rassegnastampa-totustuus.it\/cattolica\/","logo":{"@type":"ImageObject","inLanguage":"it-IT","@id":"https:\/\/www.rassegnastampa-totustuus.it\/cattolica\/#\/schema\/logo\/image\/","url":"https:\/\/www.rassegnastampa-totustuus.it\/cattolica\/wp-content\/uploads\/2014\/04\/logo-rassegna1.gif","contentUrl":"https:\/\/www.rassegnastampa-totustuus.it\/cattolica\/wp-content\/uploads\/2014\/04\/logo-rassegna1.gif","width":600,"height":163,"caption":"Rassegna Stampa Cattolica"},"image":{"@id":"https:\/\/www.rassegnastampa-totustuus.it\/cattolica\/#\/schema\/logo\/image\/"},"sameAs":["https:\/\/www.facebook.com\/rassegnastampacattolica","https:\/\/x.com\/rassegnastampa9"]},{"@type":"Person","@id":"https:\/\/www.rassegnastampa-totustuus.it\/cattolica\/#\/schema\/person\/08f319d2bd1a0904ad9e2bfb7b15e5c3","name":"Redazione","image":{"@type":"ImageObject","inLanguage":"it-IT","@id":"https:\/\/secure.gravatar.com\/avatar\/2fcdf27c78ea025fbdb44e914cc63c72249ffec9dc8aafd5c82b26240ef3f346?s=96&d=mm&r=g","url":"https:\/\/secure.gravatar.com\/avatar\/2fcdf27c78ea025fbdb44e914cc63c72249ffec9dc8aafd5c82b26240ef3f346?s=96&d=mm&r=g","contentUrl":"https:\/\/secure.gravatar.com\/avatar\/2fcdf27c78ea025fbdb44e914cc63c72249ffec9dc8aafd5c82b26240ef3f346?s=96&d=mm&r=g","caption":"Redazione"},"url":"https:\/\/www.rassegnastampa-totustuus.it\/cattolica\/author\/pietroelle\/"}]}},"_links":{"self":[{"href":"https:\/\/www.rassegnastampa-totustuus.it\/cattolica\/wp-json\/wp\/v2\/posts\/53008","targetHints":{"allow":["GET"]}}],"collection":[{"href":"https:\/\/www.rassegnastampa-totustuus.it\/cattolica\/wp-json\/wp\/v2\/posts"}],"about":[{"href":"https:\/\/www.rassegnastampa-totustuus.it\/cattolica\/wp-json\/wp\/v2\/types\/post"}],"author":[{"embeddable":true,"href":"https:\/\/www.rassegnastampa-totustuus.it\/cattolica\/wp-json\/wp\/v2\/users\/6"}],"replies":[{"embeddable":true,"href":"https:\/\/www.rassegnastampa-totustuus.it\/cattolica\/wp-json\/wp\/v2\/comments?post=53008"}],"version-history":[{"count":1,"href":"https:\/\/www.rassegnastampa-totustuus.it\/cattolica\/wp-json\/wp\/v2\/posts\/53008\/revisions"}],"predecessor-version":[{"id":53015,"href":"https:\/\/www.rassegnastampa-totustuus.it\/cattolica\/wp-json\/wp\/v2\/posts\/53008\/revisions\/53015"}],"wp:featuredmedia":[{"embeddable":true,"href":"https:\/\/www.rassegnastampa-totustuus.it\/cattolica\/wp-json\/wp\/v2\/media\/53014"}],"wp:attachment":[{"href":"https:\/\/www.rassegnastampa-totustuus.it\/cattolica\/wp-json\/wp\/v2\/media?parent=53008"}],"wp:term":[{"taxonomy":"category","embeddable":true,"href":"https:\/\/www.rassegnastampa-totustuus.it\/cattolica\/wp-json\/wp\/v2\/categories?post=53008"},{"taxonomy":"post_tag","embeddable":true,"href":"https:\/\/www.rassegnastampa-totustuus.it\/cattolica\/wp-json\/wp\/v2\/tags?post=53008"}],"curies":[{"name":"wp","href":"https:\/\/api.w.org\/{rel}","templated":true}]}}