{"id":5299,"date":"2012-11-16T00:00:00","date_gmt":"2012-11-15T23:00:00","guid":{"rendered":""},"modified":"2016-04-30T12:57:21","modified_gmt":"2016-04-30T10:57:21","slug":"unadeguata-ermeneutica-conciliare-note","status":"publish","type":"post","link":"https:\/\/www.rassegnastampa-totustuus.it\/cattolica\/unadeguata-ermeneutica-conciliare-note\/","title":{"rendered":"Un&#8217;adeguata ermeneutica conciliare (note)"},"content":{"rendered":"<div style=\"text-align: center;\"><strong>il Regno<\/strong> n.17 1 ottobre 2012<\/div>\n<p style=\"text-align: center;\"><em>Citt\u00e0 del Vaticano, Salone San Pio X, 3 ottobre 2012.<\/em><\/p>\n<p style=\"text-align: center;\">Card. <strong>Angelo Scola<\/strong>Arcivescovo di Milano<\/p>\n<p style=\"text-align: center;\">_______________________<\/p>\n<p><!--more--><\/p>\n<div style=\"text-align: justify;\"><strong>1)<\/strong> Cf. CONCILIO ECUMENICO VATICANO II, cost. <em>Lumen gentium<\/em> (LG) sulla Chiesa, n. 22s; EV1\/336-341; <em>Codice di diritto canonico<\/em> cann. 336-341. Rimane, inoltre, di importante lettura la relazione dottrinale <em>Elapso oecumenico concilio<\/em>, sulla collegialit\u00e0 dei vescovi nella Chiesa, dell&#8217;Assemblea straordinaria del Sinodo dei vescovi del 1969, cf. <em>EV<\/em> 3\/1653-1682.<\/div>\n<div style=\"text-align: justify;\"><strong>2)<\/strong> In proposito cf ES. VENUTO, <em>La recezione del concilio Vaticano II nel dibattito storiografico dal 1965 al 1985<\/em>, \u00abStudia Taurinensia\u00bb 34, Effat\u00e0, Cantalupa 2011; M. TAGLIAFERRI, \u00abLa recezione del concilio Vaticano II: il recente dibattito tra teologia e storia\u00bb, in <em>Rivista di teologia dell&#8217;evangelizzazione<\/em> 10(2006) 20, 401-427.<br \/>\n<strong>3)<\/strong> I documenti conciliari sono citati sempre seguendo l&#8217;edizione seguente: CONCILIO VATICANO II, <em>Costituzioni, decreti, dichiarazioni<\/em>. <em>Testo ufficiale e traduzione italiana<\/em>, LEV; Citt\u00e0 del Vaticano 1998.<br \/>\n<strong>4)<\/strong> Infatti com&#8217;\u00e8 noto \u00abl&#8217;origine sacramentale della dimensione personale del ministero episcopale conferisce al vescovo una capacit\u00e0 di rappresentazione radicalmente diversa rispetto all&#8217;istituto della rappresentazione, tipico delle esperienze giuridiche laiche. (&#8230;) La capacit\u00e0 rappresentativa del ministero ordinato, da cui deriva la sinodalit\u00e0, non \u00e8 perci\u00f2 di natura sociologica, bens\u00ec sacramentale ed ecclesiologica, poich\u00e9 presuppone il possesso individuale del sacramento dell&#8217;ordine da parte di ogni vescovo. E in forza del sacramento dell&#8217;ordine che il vescovo rappresenta la propria Chiesa particolare in seno a quella universale e quest&#8217;ultima in seno a quella particolare\u00bb (E. CORECCO, \u00abSinodalit\u00e0 e partecipazione nell&#8217;esercizio della &#8220;potestas sacra&#8221;\u00bb, in id., <em>Ius et communio<\/em>, t. II, Piemme, Casale Monferrato 1997, 109-129, qui 113). Non \u00e8, quindi, teologicamente pertinente affermare che il Vaticano II fu \u00abun&#8217;assemblea, tuttavia, la cui rappresentativit\u00e0 era mortificata dal fatto di essere quasi esclusivamente composta da chierici e con l&#8217;assenza dell&#8217;universo femminile\u00bb (G. ALBERIGO, <em>Transizione epocale. Studi sul concilio Vaticano II, <\/em>Il Mulino, Bologna 2009, 800).<br \/>\n<strong>5)<\/strong> Cf. <em>Primus oecumenici concilii nuntius, in Acta et Documenta concilio oecumenico Vaticano II<\/em> apparando. Series I (<em>antepraeparatoria<\/em>) (AD Series I), I, 3-6.<br \/>\n<strong>6)<\/strong> II testo approvato in <em>Acta Synodalia Sacrosancti Concilii Oecumenici Vaticani Secundi<\/em>, Typis Pol. Vaticanis 1970-1980, in AS11, 254-256.<br \/>\n<strong>7)<\/strong> Cf. BENEDETTO XVI, <em>Discorso<\/em> alla curia romana per la presentazione degli auguri natalizi, 22.12.2005, in AAS 98 (2006), 40-53, in particolare 45-52; Regno-doc. l,2006,5ss. Su questo discorso si veda G. ROUTHIER, \u00abSull&#8217;interpretazione del Vaticano IL L&#8217;ermeneutica della riforma, compito per la teologia\u00bb I e II, in <em>Rivista del clero italiano<\/em> 92 (2011), 744-759 e 827-841. Inoltre cf A. SCOLA, \u00abCredo Ecclesiam\u00bb, in <em>Communio<\/em>. <em>Rivista internazionale di teologia e cultura<\/em> (2010) 226, 10-13. Un commento generale ai testi del Vaticano II nella prospettiva indicata dal papa in M.L. LAME, M. LEVERING, <em>Vatican IL Renewal within Tradition,<\/em> Uni-versity Press, Oxford 2008. Questo volume \u00e8 particolarmente valorizzato da A. MARCHETTO, <em>II concilio ecumenico Vaticano II. Per la sua corretta ermeneutica,<\/em> LEV, Citt\u00e0 del Vaticano 2012, 269-288.<br \/>\n<strong>8)<\/strong> A questo scopo resta prezioso il contributo di Giovanni Caprile: G. CAPRILE, <em>Il concilio Vaticano II. Annunzio e preparazione<\/em> I. Parte 1:1959-1960 e Parte 2: 1961-1962, <em>La Civilt\u00e0 cattolica<\/em>, Roma 1966. Inoltre R. AUBERT, \u00abLa preparazione\u00bb, in M. GUASCO, E. GUERRIERO, E TRANIELLO (a cura di), <em>Storia della Chiesa<\/em>, vol. 25\/1, <em>La Chiesa del Vaticano II (1958-1978),<\/em> San Paolo, Cinisello Balsamo 1994, 129-157; R. AUBERT, C. SOETENS, \u00abLa preparazione e l&#8217;apertura del Concilio\u00bb, in J.-M. MAYEUR (a cura di), <em>Storia del cristianesimo,<\/em> vol. 13, <em>Crisi e rinnovamento dal 1958 ai giorni nostri<\/em>, Boria &#8211; Citt\u00e0 nuova, Roma 2002, 29-37; G. ALBERIGO (dir.), <em>Storia del concilio Vaticano II<\/em>, vol. 1, <em>Il cattolicesimo verso una nuova stagione. L&#8217;annuncio e la preparazione,<\/em> Peeters &#8211; II Mulino, Leuven &#8211; Bologna 1995, con contributi di G. Alberigo, E. Fouilloux, J. Komonchak, J. Oscar Beozzo e K. Witstadt. Inoltre si veda la recensione critica a questo primo volume della <em>Storia del Concilio<\/em> in A. MARCHETTO, <em>II concilio ecumenico Vaticano II. Contrappunto per la sua storia<\/em>, LEV Citt\u00e0 del Vaticano 2005, 93-102. Infine cf R CHENAUX, <em>Il concilio Vaticano II<\/em>, Carocci, Roma 2012, 43-50; G. SALE, \u00abL&#8217;annuncio e la preparazione del concilio Vaticano II\u00bb, in <em>La Civilt\u00e0 cattolica<\/em> 163(2012) II, 531-544.<br \/>\n<strong>9)<\/strong> Cf. AD Series 7,1,22-23.<br \/>\n<strong>10)<\/strong> Cf. C.F CASULA, \u00abTardini e la preparazione del Concilio\u00bb, in G. GALEAZZI (a cura di), <em>Come si \u00e8 giunti al concilio Vaticano II.<\/em> Massimo, Milano 1988, 172-195.<br \/>\n<strong>11)<\/strong> Cf. AD Series I, II, 1,X-XI.<br \/>\n<strong>12)<\/strong> Cf. CAPRILE, <em>II concilio Vaticano II<\/em>, Parte 1, 169. Altri autori parlano del 14 luglio, cf. G. ALBERIGO, \u00abL&#8217;annuncio del Concilio\u00bb, in id. (dir), <em>Storia del Concilio Vaticano II <\/em>I, 66-70. Pubblicamente il papa comunic\u00f2 la denominazione del Concilio nell&#8217;allocuzione del 7 dicembre 1959, cf AD Series I, I, 60-61.<br \/>\n<strong>13)<\/strong> Tali risposte possono essere consultate: le risposte dei vescovi e prelati in AD Series I, II\/1 -8; quelle delle Congregazioni romane in AD Series I, III, e quelle delle Universit\u00e0 ecclesiastiche e cattoliche in AD Series I. IV\/1,1 -2 e 2. Frutto del lavoro di schedatura e sintesi \u00e8 <em>l\u2019Analyticus conspectus consiliorum et votorum quae ab episcopis etpraelatis data sunt<\/em>, in AD Series I, Appendix voluminis II, pars 1 et 2. Sulle risposte pervenute e il lavoro per la realizzazione dell&#8217;Analyticus e il suo risultato cf. A. MELLONI, \u00abPer un approccio storico-critico ai &#8220;consilia et vota&#8221; della fase antepreparatoria del Vaticano II\u00bb, in <em>Rivista di storia e letteratura religiosa<\/em> 26(1990), 556-576; E. FOUILLOUX, \u00abLa fase antepreparatoria (1959-1960)\u00bb, in ALBERIGO (dir.), <em>Storia del concilio Vaticano II.<\/em> 1, 105-124.<br \/>\n<strong>14<\/strong>) Cf. CAPRILE, <em>Il concilio Vaticano II<\/em>, Parte 1, 339-358; M. MANZO, <em>Papa Giovanni vescovo a Roma: sinodo e pastorale diocesana nell&#8217;episcopato romano<\/em> <em>di<\/em> <em>Roncalli<\/em>, San Paolo, Cinisello Balsamo 1991.<br \/>\n<strong>15)<\/strong> Cf. <em>AD<\/em> Series I, I, 93-99.<br \/>\n<strong>16)<\/strong> Cf <em>AAS<\/em>53 (1961), 401-464; <em>EE <\/em>7\/222-481.<br \/>\n<strong>17)<\/strong> Cf <em>AAS<\/em>53 (1961), 507.<br \/>\n<strong>18)<\/strong> Cf. <em>AAS<\/em>54 (1962), 129-135.<br \/>\n<strong>19)<\/strong> Ecco le date delle sette sessioni: 12-20 giugno e 7-17 novembre 1961; 15-23 gennaio, 19-27 febbraio, 26 marzo &#8211; 3 aprile, 3-12 maggio e 12-19 giugno 1962. Gli atti di tale sedute in <em>AD<\/em> Series II, II\/1-4.<br \/>\n<strong>20)<\/strong> Cf. <em>AD<\/em> Series II, I, 132-143; <em>EV<\/em> 1 \/1*-23*.<br \/>\n<strong>21)<\/strong> Cf. motu proprio <em>Consiliumin AD<\/em> Series II, I, 160-161; \u00a3Fl\/24*.<br \/>\n<strong>22)<\/strong> Cf. motu proprio <em>Appropinquante Concilio<\/em>, in <em>AD<\/em> Series II, I, 306-325.<br \/>\n<strong>23)<\/strong> Cf. <em>AD<\/em> Series II, I, 348-355; EV 1 \/25*.<br \/>\n<strong>24)<\/strong> Cf <em>AS<\/em>I\/1, 166-175; <em>EV<\/em> 1\/26*-69*.<br \/>\n<strong>25) <\/strong>Cf. R. AUBERT, \u00abLeone XIII: tradizione e progresso\u00bb, in E. GUERRIERO, A. ZAMBAKBIERI (a cura di), <em>Storia della Chiesa<\/em>, vol. 22\/1, <em>La Chiesa e la societ\u00e0 industriale (1878-1922),<\/em> San Paolo, Cinisello Balsamo 1990, 61-106.<br \/>\n<strong>26)<\/strong> Cf. R. AUBERT, \u00abPio X tra restaurazione e riforma\u00bb, ivi, 107-154.<\/div>\n<div><strong>27)<\/strong> Cf. A. MONTICONE, \u00abII pontificato di Benedetto XV\u00bb, ivi, 155-200.<\/div>\n<div style=\"text-align: justify;\"><strong>28)<\/strong> Cf. D. VENERUSO, \u00abII pontificato di Pio XI\u00bb, in GUASCO, GUERRIERO, E TRANELLO (a cura di), <em>Storia detta Chiesa<\/em>, vol. 23,1 <em>cattolici nel mondo contemporaneo (1922-1958),<\/em> San Paolo, Cinisello Balsamo 1991, 29-63.<br \/>\n<strong>29)<\/strong> La bibliografia sul pontificato di Pio XII \u00e8 sterminata. Una presentazione sintetica del periodo pacelliano in E CHENAUX (a cura di), <em>L&#8217;eredit\u00e0 del magistero di Pio XII<\/em>, Lateran University Press &#8211; Gregorian &amp; Biblical Press, Roma 2010, con contributi di T. Bertone, G. Ravasi, A. Riccardi, U. Vanni, L. Zak,J. Joblin, D.E. Vigan\u00f2, W. Henn, B. Gherardini, G. Ferrara, C. Militello, M.P. Gallagher, E Chenaux, R. Gerardi e E Coccopalmerio. Inoltre cf. E TRANIELLO, \u00abPio XII, la seconda guerra mondiale e l&#8217;ordine postbellico\u00bb, in GUASCO, GUERRIERO, TRANIELLO (a cura di), Storia della Chiesa, vol. 23, 65-103; A. RICCARDI, \u00abPio XII. Un decennio difficile (1948-1958)\u00bb, ivi, 104-127; E SCOPPOLA, \u00abGli orientamento di Pio XI e Pio XII sui problemi della societ\u00e0 contemporanea\u00bb, ivi, 129-159.<br \/>\n<strong>30)<\/strong> G. MARTINA, \u00abII contesto storico in cui \u00e8 nata l&#8217;idea di un nuovo concilio ecumenico\u00bb, in R. LATOURELLE (a cura di), <em>Vaticano II Bilancio e prospettive venticinque anni dopo 1962-1987, <\/em>Cittadella, Assisi 1987, t.1, 27-82, qui 28. Martina cita tre elementi che hanno favorito decisamente il rapidissimo cambiamento sociale in questo periodo: l&#8217;ascesa del Terzo mondo con la fine del colonialismo, una fortissima industrializzazione in Occidente, e l&#8217;incidenza sul costume e gli stili di vita proposti dalla televisione (cf. ivi, 29-37). Inoltre cf. G. CAMPANINI, \u00abII contesto storico-culturale del concilio Vaticano II\u00bb, in GALEAZZI (a cura di), <em>Come si \u00e8 giunti al concilio Vaticano II<\/em>, 84-110.<br \/>\n<strong>31)<\/strong> E stato, infatti, messo in rilievo come Pio XII abbia avuto il senso della crisi che attraversava la Chiesa e la necessit\u00e0 di un appello pi\u00f9 deciso alla missione. Cf A. Riccardi, \u00abNel cuore dei grandi cambiamenti del Novecento. Il pontificato di Pio XII e la sua eredit\u00e0\u00bb, in CHENAUX (a cura di), <em>L&#8217;eredit\u00e0 del magistero di Pio XII,<\/em> 53- 69, in particolare 68.<br \/>\n<strong>32)<\/strong> Cf. J. METZLER, \u00abLa Santa Sede e le missioni\u00bb, in id. (a cura di), <em>Storia della Chiesa,<\/em> vol. 24, <em>Dalle missioni alle Chiese locali,<\/em> San Paolo, Cinisello Balsamo 1990, 21-119; J. gadille, J.-F. ZORX, \u00abII progetto missionario\u00bb, in J. GADILLE, J.-M. MAYEUR, <em>Storia del cristianesimo<\/em>, vol. 11, <em>Liberalismo, industrializzazione, espansione europea (1830-1914),<\/em> Boria Citt\u00e0 Nuova, Roma 2003, 133-161; J. GADILLE, J.-E ZORN, \u00abLe missioni cristiane in Africa, Asia, Australasia e Oceania\u00bb, ivi, 877-971.<br \/>\n<strong>33)<\/strong> Sulla teologia del laicato mi permetto rinviare a A. SCOLA, \u00abLa teologia del laicato alla luce dell&#8217;ecclesiologia di comunione: l&#8217;identit\u00e0 del fedele laico\u00bb, in <em>Marcianum<\/em> 5(2009) 1, 11-30. Resta di grande utilit\u00e0 A. SCOLA, C. GIULIODORI, G. MARENGO, EA. DE PROOST, G. WAGNER (a cura di), <em>Il laicato. Rassegna bibliografica in lingua italiana, tedesca e francese. In appendice complementi di bibliografia in lingua spagnola e inglese<\/em>, LEV Citt\u00e0 del Vaticano 1987.<br \/>\n<strong>34)<\/strong> Non possiamo ora soffermarci a offrire una riflessione sulla pertinenza del termine \u00abmovimento\u00bb. Per un primo tentativo \u2014 non privo di certe generalizzazioni &#8211; di definizione di questi movimenti e una descrizione sintetica della loro cronologia, geografia e sociologia cf. E. FOUILLOUX, \u00abI movimenti di riforma nel pensiero cattolico dal XIX al XX secolo\u00bb, in <em>Cristianesimo nella storia<\/em> 24(2003), 659-676. Inoltre cf. CHENAUX, <em>Il concilio VaticanoII<\/em>, 21-32. Sul movimento liturgico cf. O. Rousseau, <em>Storia del movimento liturgico<\/em>, Paoline, Roma 1961; B. BOTTE, <em>Lemouvement liturgique. <\/em><em>T\u00e9moignage et souvenirs, Dcscl\u00e9c de Brouwer<\/em>, Paris 1973 (trad. it. E\u00ccTat\u00e0, Cantalupa 2009).<br \/>\n<strong>35)<\/strong> L&#8217;esempio classico di questo ressourcement dello studio dei padri \u00e8 la collana <em>Sources chr\u00e9tiennes<\/em>. In proposito cf. E. FOUILLOUX, <em>La cottection \u00abSources chr\u00e9tiennes<\/em>\u00bb. Ediler les P\u00e8res de l&#8217;Eglise au XX&#8221; siede, Cerf, Paris 1995.<br \/>\n<strong>36)<\/strong> Protagonista indiscusso del rinnovamento degli studi biblici in ambito cattolico fu il p. Lagrange, cf B. MONTAGNES, <em>Marie-Joseph Lagrange, un biblista al servizio della Chiesa<\/em>, Edizioni studio domenicano, Bologna 2007. Inoltre cf. E GRELOT, <em>Il rinnovamento biblico nel ventesimo secolo. Memorie di un protagonista,<\/em> San Paolo, Cinisello Balsamo 1996.<br \/>\n<strong>37)<\/strong> Sulle origini e lo sviluppo del movimento ecumenico rimane un punto di riferimento M.-J. le GUILLOU, <em>Mission et unite: les exigences de la communion,<\/em> \u00abUnam sanctam\u00bb 33-34, Cerf, Paris 1960. Inoltre cf. G. CERETI, A. FILIPPI, L. SARTORI (a cura di), <em>Dizionario del movimento ecumenico, <\/em>EDB, Bologna 1994. Sul periodo immediatamente precedente al Concilio cf. M. VELATI, <em>Una difficile transizione: il cattolicesimo tra unionismo ed ecumenismo<\/em> (1952-1964), II Mulino, Bologna 1996.<br \/>\n<strong>38)<\/strong> Cf. M. COKE, <em>Le mouvement cat\u00e9ch\u00e9tique deJulesFerry a Vatican II,<\/em> Centurion, Paris 1988.<br \/>\n<strong>39)<\/strong> Ci riferiamo, ovviamente, alla galassia di autori e opere che normalmente vengono considerati sotto la denominazione, invero troppo vaga, di <em>nouvelle th\u00e9ologie<\/em>. Tale nome proviene proprio da coloro che a questo rinnovamento si opposero. Possiamo citare come emblematici di questo rinnovamento teologico due luoghi: Le Saulchoir per i domenicani e Fourvi\u00e8re per i gesuiti. I nomi sono noti: M.-D. Chenu, Y Congar, H. de Lubac,J. Dani\u00e9lou, H. Bouillard,J. Mouroux, H.U. von Balthasar, K. Rahner&#8230; Tra i loro oppositori occorre citare R. Garrigou-Lagrangc e M. Labourdette. In proposito cf G. COFFELE, \u00abStoria della teologia\u00bb, in G. CANOBBIO, E CODA (a cura di), <em>La teologia del XX secolo. Un bilancio,<\/em> vol. 1, <em>Prospettive storiche,<\/em> Citt\u00e0 nuova, Roma 2003, 291-299; A. DONI, \u00abLa riscoperta delle fonti\u00bb, in R. FISICHELLA (a cura di), <em>Storia della teologia<\/em>, vol. 3, <em>Da Vitus Pichler a Henr\u00ec de Lubac,<\/em> EDB, Bologna 1996, 443-474.<br \/>\n<strong>40)<\/strong> In questo senso \u00e8 di grande interesse la recente pubblicazione G. ROUTHIFR, PJ. ROY, K. SCHELKENS (dir.), <em>La th\u00e9ologie catholique entre in transigeance et renouveau. La reception des mouvements pr\u00e9conciliares a Vatican II,<\/em> \u00abBiblioth\u00e8que de la Revue d&#8217;histoire eccl\u00e9siastique\u00bb 95, Brepols, Turnhout2011.<br \/>\n<strong>41)<\/strong> Cf. G. ROUTHIER, \u00abLa recezione nell&#8217;attuale dibattito teologico\u00bb, in H. LEGRAND, J. MANZANARES, A. GARC\u00ccA Y GARC\u00ccA, <em>Recezione e comunione tra le Chiese. Atti del Colloquio internazionale di Salamanca<\/em> <em>8-14 aprile 1996<\/em>, EDB, Bologna 1998, 29-55, in particolare 53,<br \/>\n<strong>42)<\/strong> \u00abL&#8217;idea del concilio resta latente nel Novecento. \u00c8 talvolta associata all&#8217;unionismo o a sogni ecumenici\u00bb (A. RlCCARDI, \u00abII papa all&#8217;origine del Concilio\u00bb, in Concilio Vaticano II. Ricerche e documenti 4(2004), 25-40, qui 26).<br \/>\n<strong>43)<\/strong> Ivi, 30. Inoltre cf. A. VON TEUFFFNBACH, \u00abL&#8217;annuncio del Concilio cinquant&#8217;anni fa\u00bb, in Alpha Omega 12(2009) 3, 399-446, in particolare 412-419.<br \/>\n<strong>44)<\/strong> Cf. AAS14 (1922), 675-700, qui 692.<br \/>\n<strong>45)<\/strong> CF CAPRILE, \u00abPio XI e la ripresa del concilio Vaticano\u00bb, in id., <em>Il concilio Vaticano II. Annunzio e preparazione.<\/em> Parte 1, 3-14.<br \/>\n<strong>46)<\/strong> Cf. riccardi, \u00abII papa all&#8217;origine del Concilio\u00bb, 31.<br \/>\n<strong>47)<\/strong> Cf. CAPRILE, \u00abUn nuovo progetto di concilio al tempo di Pio XII\u00bb, in id., <em>Il concilio Vaticano II. Annunzio e preparazione.<\/em> Parte 1, 15-35.<br \/>\n<strong>48)<\/strong> Cf. A. RlCCARDI, \u00abPreparare il Concilio: papa e curia alla vigilia del Vaticano II\u00bb, in <em>Le Deuxi\u00e8me Concile du Vatican (1959-1965),<\/em> Collection de l&#8217;Ecole francaise de Rome 113, Ecole Francaise de Rome, Rome 1989, 181-205, qui 181-184.<br \/>\n<strong>49)<\/strong> CAPRILE, <em>Il concilio Vaticano II Annunzio e preparazione<\/em>. Parte 1, 3.<br \/>\n<strong>50)<\/strong> In questo senso non sbagliano quanti si rifiutano di ridurre il Vaticano II a puro concilio ecclesiologico, tendenza che non tiene sufficientemente in conto che l&#8217;ultimo concilio non volle semplicemente completare i lavori sul De Ecclesia non adempiuti nel Vaticano I.<br \/>\n<strong>51)<\/strong> Cf. RlCCARDl, \u00abII papa all&#8217;origine del Concilio\u00bb, 23-36; TEUFFENBACH, \u00abL&#8217;annuncio del Concilio cinquantanni fa\u00bb, 420-425. Inoltre cf. L.F. CAPOVILLA \u00abII concilio ecumenico Vaticano II: la decisione di Giovanni XXIII. Precedenti storici e motivazioni personali\u00bb, in GALEAZZI (a cura di), <em>Come si \u00e8 giunti al Concilio Valicano II, <\/em>15-60; G. ALBERIGO \u00abL&#8217;ispirazione di un Concilio ecumenico: le esperienze del cardinale Roncalli\u00bb, in ID., <em>Transizione epocale, <\/em>73-94.<br \/>\n<strong>52)<\/strong> Cf. AS 1\/1, 166-175, qui 160. Testo italiano in CONCILIO VATICANO II <em>Costituzioni, <\/em>1088-1111, qui 1093;EF l\/34*.<br \/>\n<strong>53)<\/strong> Cf. TEUFFENBACH, \u00abL&#8217;annuncio del Concilio cinquantanni fa\u00bb, 399-446; CAPRILE, \u00abL&#8217;annunzio del Concilio\u00bb, in ID., <em>Il concilio Vaticano <\/em><em>II Annunzio e preparazione. Parte 1, <\/em>46-54; A.MELLONI \u00ab&#8221;Questa festiva ricorrenza&#8221;. Prodromi e preparazione del discorso di annuncio del Vaticano II (25 gennaio 1959)\u00bb, in <em>Rivista di storia e letteratura religiosa <\/em>3(1992), 609-643.<br \/>\n<strong>54)<\/strong> Cf. E. ROUQUETTE, \u00abLe myst\u00e8re Roncalli\u00bb, in <em>\u00c8tudes <\/em>108(1963) 318,4-18.<br \/>\n<strong>55)<\/strong> Cf. G. ALBERIGO, <em>Papa Giovanni 1881-1963, <\/em>EDB, Bologna 2000; A MELLONI, <em>Papa Giovanni. Un cristiano e il suo concilio, <\/em>Einaudi, Torino 2009. A questo proposito vale la pena ricordare che nel 1967 Franz Michel Willam pubblic\u00f2 un volume su Roncalli &#8211; F.M. WILLAM <em>Vomjun<\/em><em>gen Roncalli (1903-1907) zum Papts Johannes XXIII (1958-1963): Eine Darlegung vom Werden des Aggiomamento-Begriffes 1903-1907 als der Leitidee fur das IL Vatikanische Ronzii una die Durchfuhrung seiner Beschl\u00f9sse; ein aktuelles Buch, <\/em>E Rauch, Innsbruck 1967 &#8211; molto apprezzato da Joseph Ratzinger, che in una recensione pubblicata su <em>Theologische <\/em><em>Quartalschrift <\/em>afferm\u00f2: \u00abSenza dubbio questo libro pu\u00f2 essere definito sin qui come la pubblicazione di gran lunga pi\u00f9 importante per illuminare la figura di Giovanni XXIII: allo stesso tempo \u00e8 di fondamentale importanza per la comprensione del concilio Vaticano II\u00bb (P. REISINGER, \u00abRatzinger e il cappellano teologo. Un carteggio medito\u00bb, in <em>Vita e pensiero <\/em>90(2007) 3, 81-85, qui 82).<br \/>\n<strong>56)<\/strong> TEUFFENBACH, \u00abL&#8217;annuncio del Concilio cinquant&#8217;anni fa\u00bb, 421.<br \/>\n<strong>57)<\/strong> \u00abE nella sua spiritualit\u00e0 e nel suo senso concreto della storia che dobbiamo cercare le radici di quell&#8217;origine; \u00e8 nel suo senso di responsabilit\u00e0 di padre e nella sua umilt\u00e0 di fratello che va cercata quell&#8217;origine\u00bb (RlCCARDI, \u00abII papa all&#8217;origine del Concilio\u00bb, 40).<br \/>\n<strong>58)<\/strong> Cf. BENEDETTO XVI, es. ap. postsinodale <em>Verbum Domini <\/em>sulla parola di Dio nella vita e nella missione della Chiesa, 30.9.2012, nn. 29-49, in particolare n. 35; <em>Regno-doc. <\/em>21,2010,660-669.<br \/>\n<strong>59) <\/strong>BENEDETTO XVI, <em>Verbum Domini<\/em>, n. 29; Regno-doc. 21,2010,660.<br \/>\n<strong>60)<\/strong> BENEDETTO XVI, <em>Discorso <\/em>alla curia romana per la presentazione degli auguri natalizi, in AAS98 (2006), 46; Regno-doc. 1,2006,7. A questo proposito cf. G. RIGHI ALBERTI, \u00abRecibir el Concilio\u00bb, in <em>Teologia y catequesis<\/em>{20l2) 121, 13-33, in particolare 21-25.<br \/>\n<strong>61)<\/strong> ASSEMBLEA GENERALE STRAORDINARIA DEL SINODO DEI VESCOVI, RELAZIONE FINALE <em>Ecclesia sub verbo Dei mysteria Christi celebrans pr\u00f2 salute mundi,<\/em> 7.12.1985, in <em>EV<\/em>9\/1779-1818, qui 1801. Non \u00e8 questa la sede per soffermarsi sulla cosiddetta ecclesiologia di comunione. Basti ricordare le indicazioni offerte in proposito nella stessa relazione finale dell&#8217;Assemblea straordinaria del Sinodo dei vescovi del 1985: cf. EV 9\/1800-1809.<br \/>\n<strong>62)<\/strong> Roncalli interpreta e vive il suo ministero episcopale richiamandosi all&#8217;immagine evangelica del buon pastore (cf. Gv 10), come mette in evidenza scrivendo il 17 maggio 1953, poco dopo l&#8217;ingresso solenne in diocesi, durante gli esercizi spirituali: \u00abCi\u00f2 che mi prende \u00e8 la gravita delle mie responsabilit\u00e0 di pastore: non sono pi\u00f9 di me, ma delle anime dei miei fedeli\u00bb. In una comunicazione in occasione del secondo anno del suo episcopato veneziano, il 23 febbraio 1954, pensando alla diocesi e parlando del suo compito, scrive: \u00abQui si vive come in famiglia, con rispetto, con sincerit\u00e0, con evangelica carit\u00e0. Riprender\u00f2 dunque il mio passo. &#8220;Bonus pastor animam suam datpro ovibus suis: il buon pastore da l&#8217;anima sua per le sue pecorelle&#8221;. Questo \u00e8 tutto per me: il mio proposito, la mia vita\u00bb (A.G. RONCALLI, <em>Scritti e discorsi<\/em>, voi. 1, a cura di L.F. CAPOVILLA, Paoline, Roma 1959, 175). D&#8217;altra parte, proprio questo chiede a Ges\u00f9, buon pastore, nel corso degli esercizi spirituali con l&#8217;episcopato triveneto nel maggio 1955: \u00abPer altro il <em>pastor<\/em> deve essere soprattutto <em>bonus, bonus<\/em>. Diversamente senza essere <em>lupus<\/em> come il <em>mercenarius,<\/em> rischia, se <em>dormitat, <\/em>di divenire inutile e inefficace. O Ges\u00f9, <em>bone pastor<\/em>, che il tuo spirito mi investa tutto: cosicch\u00e9 la mia vita sia, in questi anni ultimi, sacrificio e olocausto per le anime dei miei diletti veneziani\u00bb (ID., <em>Il giornale dell&#8217;anima: soliloqui, note e diari spirituali<\/em>, a cura di A. Melloni, Istituto per le scienze religiose, Bologna 2003, 292). Queste ultime parole aiutano a comprendere come il suo ripetuto meditare il capitolo decimo di Giovanni corrisponda alla riscoperta continua delle sorgenti pi\u00f9 autentiche della sua vita di vescovo, che proprio nella dimensione pastorale trova il suo autentico modo d&#8217;essere. E questo, dunque, lo stile ispirato dalla figura di Ges\u00f9, da cui \u00e8 consapevolmente caratterizzato il servizio veneziano. In seguito, nella prima e terza allocuzione al clero durante il Sinodo del 1957, Roncalli svilupper\u00e0 ulteriormente la riflessione sul pastore, interpretando il <em>pastor <\/em>come <em>pater<\/em>. la \u00abpastoralit\u00e0\u00bb diventa paternit\u00e0 e questa dice il farsi tutto a tutti per salvare a ogni costo qualcuno (cf. id., Scritti e discorsi, voi. 3, 318- 320 e 349).<br \/>\n<strong>63)<\/strong> Cf. G. ALBERIGO, \u00abGiovanni XXIII e il Vaticano II\u00bb, in G. Alberigo (a cura di), <em>Papa Giovanni,<\/em> Laterza, Bari 1987, 211-243, in particolare 215-216; J. RATZINGER, <em>Problemi e risultati del concilio Valicano II,<\/em> Queriniana, Brescia 1967, 109-113;G. COLOMBO, \u00abLa teologia della <em>Gaudium etspes<\/em> e l&#8217;esercizio del magistero ecclesiastico\u00bb, in id., <em>La ragione teologica,<\/em> Glossa, Milano 1995, 265-303, qui 281-284; G. RUGGlERl, \u00abLa lotta per la pastoralit\u00e0 della dottrina: la recezione della <em>Gaudet mater Ecclesia<\/em> nel primo periodo del concilio Vaticano II\u00bb, in W. WEISS (a cura di), <em>Zeugnis und Dialog<\/em>, Echter, Wiirzburg 1996, 118-137, in particolare 119-123.<br \/>\n<strong>64)<\/strong> Cf. AD Series II, I, 132-143, qui 132-133. Testo italiano in CONCILIO VATICANO II, <em>Costituzioni<\/em>, 1056-1075, qui 1057-1059; EV l\/3*.<br \/>\n<strong>65)<\/strong> CONCILIO VATICANO II, <em>Costituzioni<\/em>, 1080-1087, qui 1083; EV 1\/25*.<br \/>\n<strong>66)<\/strong> Cf. G. ALBERIGO, A. MELLONI, \u00abL&#8217;allocuzione <em>Gaudet mater<\/em> <em>Ecclesia<\/em> di Giovanni XXII (11 ottobre 1962)\u00bb, in G. ALBERIGO, A. MELLONI, G. BATTELLI, S. TRINCHESE, <em>Fede tradizione profezia. Studi su Giovanni XXIII e sul Vaticano II, <\/em>Paideia, Brescia 1984, 185-283. Osservazioni ridimensionanti in G. MARTINA, \u00abA proposito di studi recenti su Giovanni XXII\u00bb, in <em>Rivista di storia della Chiesa in Italia<\/em> 39(1985)2, 530-532. Inoltre cf G. SALE, \u00ab<em>Gaudet mater Ecclesia<\/em>. L&#8217;allocuzione di apertura del concilio Vaticano II\u00bb, in <em>La Civit\u00e0 cattolica<\/em> 163(2012) III, 351-362.<br \/>\n<strong>67)<\/strong> Cf. L.-J. SUENENS, \u00abAux origines du concile Vatican II\u00bb, in <em>Nouvelle revue th\u00e9ologique<\/em> 107(1985) 1, 3-21; \u00abLettera del cardinale Giovanni Battista Montini al cardinale Amleto Cicognani, segretario di stato (18 ottobre 1962), in Istituto Paolo VI &#8211; Notiziario ( 1983) 8, 11 -14.<br \/>\n<strong>68)<\/strong> G. ALBERIGO, \u00abFormazione, contenuto e fortuna dell&#8217;allocuzione\u00bb, in ALBERIGO, MELLONI, BATTELLI, TRINCHESE, <em>Fede tradizione profezia<\/em>, 187-222, qui 205.<br \/>\n<strong>69)<\/strong> Cf. ASI\/1, 166-175, qui 171-172. Testo italiano in CONCILIO VATICANO II, <em>Costituzioni<\/em>, 1088-1111, qui 1101-1103; EVl\/53*-55*.<br \/>\n<strong>70)<\/strong> Ruggieri, per esempio, identifica come momenti salienti di un tentativo di recezione della pastoralit\u00e0 le iniziative del card. Bea e il dibattito sullo schema <em>de fontibus<\/em>, cf. RUGGIERI, \u00abLa lotta per la pastoralit\u00e0 della dottrina\u00bb, 122-134. Inoltre cf. ALBERIGO, \u00abFormazione, contenuto e fortuna dell&#8217;allocuzione\u00bb, 217-222.<br \/>\n<strong>71)<\/strong> \u00abVi era la questione del titolo dello schema: nessuno aveva messo in dubbio l&#8217;opportunit\u00e0 che il documento si rivolgesse ai cristiani e anche a tutto il genere umano, ma parecchi ritenevano che il titolo di &#8220;costituzione pastorale&#8221; non fosse adatto; rincrescerebbe, tuttavia, se si dovesse scegliere un appellativo tale da sminuire il valore del testo, il quale intende proporre la dottrina che illustra i rapporti tra la Chiesa e il mondo, in quanto precisamente viene presentata al mondo contemporaneo per illuminare i suoi problemi, ci\u00f2 che si voleva dire con il termine &#8220;pastorale&#8221;; a ogni modo, tali obiezioni sarebbero state attentamente vagliate, e i padri avrebbero deciso la questione con il voto\u00bb (R. Tucci, \u00abIntroduzione storico-dottrinale alla costituzione pastorale <em>Gaudium etspes<\/em>\u00bb, in AA. VV., <em>La costituzione pastorale sulla Chiesa nel mondo contemporaneo<\/em>, LDC, Torino H968, 15-134, qui 107-108).<br \/>\n<strong>72)<\/strong> Cf. A. SCOLA, \u00abGaudium et spes: dialogo e discernimento nella testimonianza della verit\u00e0\u00bb, in R. FISICHELLA (a cura di), <em>II concilio Vaticano II. Recezione e attualit\u00e0 alla luce del giubileo,<\/em> San Paolo, Cinisello Balsamo 2000, 82-114. Ora ripreso in A. SCOLA, <em>Chi \u00e8 la Chiesa? Una chiave antropologica e sacramentale per l&#8217;ecclesiologia<\/em>, \u00abBiblioteca di teologia contemporanea\u00bb 130, Queriniana, Brescia 2005, 17-51. Inoltre cf. G. MARENGO, \u00ab<em>Gaudium et spes<\/em>: la pastoralit\u00e0 alla prova\u00bb, in P. CHENAUX, N. BAUQUET (a cura di), <em>Rileggere il Concilio<\/em>, Lateran University Press, Roma 2012, 249-293.<br \/>\n<strong>73)<\/strong> SCOLA, <em>Chi \u00e8 la Chiesa?,<\/em> 40-41.<br \/>\n<strong>74)<\/strong> Ivi, 134<br \/>\n<strong>75)<\/strong> C. THEOBALD, \u00abNodi ermeneutici del dibattito sulla storia del Vaticano II\u00bb, in A. MELLONI, G. RUGGIERI, Chi ha paura del Vaticano II?, Carocci, Roma 2009, 45-68, qui 56.<br \/>\n<strong>76)<\/strong> Cf. P. SKQUERI, <em>II Dio affidabile. Saggio di teologia fondamentale<\/em>, \u00abBiblioteca di teologia contemporanea\u00bb 85, Queriniana, Brescia 1996, 87-118.<br \/>\n<strong>77)<\/strong> J. RATZINGER, \u00abUn tentativo circa il concetto di tradizione\u00bb, in K. RAHNER, J. RATZINGER, <em>Rivelazione e Tradizione<\/em>, Morcelliana, Brescia 1970, 37. Inoltre cf. id., <em>San Bonaventura. La teologia della storia,<\/em> Nardini. Firenze 1991, 141-142; A. BERTULETTI, \u00abGiovanni XXIII e il Concilio\u00bb in G. CARZANIGA, <em>Giovanni XIII e il concilio Vaticano II<\/em>, San Paolo, Cinisello Balsamo 2003, 72-83.<br \/>\n<strong>78)<\/strong> SCOLA, <em>Chi \u00e8 la Chiesa?,<\/em> 49.<br \/>\n<strong>79)<\/strong> Cf. ivi, 51<br \/>\n<strong>80)<\/strong> La centralit\u00e0 della costituzione dogmatica sulla rivelazione e il suo essere \u00abporta d&#8217;accesso\u00bb a tutto l&#8217;insegnamento conciliare fu gi\u00e0 individuata da Marie-Joseph Le Guillou negli schemi proposti per evidenziare il legarne organico di tutto il corpus dottrinale del Vaticano; cf. M.-J. LE GUILLOU, <em>Il Volto del Risorto<\/em>, Cantagalli, Siena 2012, 135-136. Sullo stesso argomento e d&#8217;uopo citare la proposta ermeneutica di Christoph Theobald. Oltre all&#8217;articolo gi\u00e0 citato cf C. THEOBALD, <em>La recezione del Vaticano II<\/em>, vol. 1, Tornare alla sorgente, EDB, Bologna 2011, in particolare 16, 315-316, 509-510, 549-599; id., \u00ab&#8221;La Transmission de la R\u00e9v\u00e9lation divine&#8221;. A propos de la reception du chapitre II de <em>Dei verbum<\/em>\u00bb, in P BORDEYNE, L. VILLEMIX (a cura di), <em>Vatican II et la th\u00e9ologie. Perspectives pour le XXI si\u00e8cle<\/em>, Ceri&#8221;, Paris 2006, 107-126.<br \/>\n<strong>81)<\/strong> Le diversit\u00e0 evidenti che esistono tra Giovanni XXIII e Paolo VI e i modi della loro presidenza e guida del Concilio, nonch\u00e9 l&#8217;accento ecclesiologico impresso da papa Montini ai lavori conciliari &#8211; cf THEOBALD, \u00abNodi ermeneutici del dibattito sulla storia del Vaticano II\u00bb, 59; J.W. O&#8217;MALLEY, <em>Che cosa \u00e8 successo nel Vaticano II.<\/em> Vita e pensiero, Milano 2010, 174-175; ALBERIGO, <em>Transizione epocale<\/em>, 783-788 &#8211; non sono in grado di compromettere la continuit\u00e0 di cui parliamo.<br \/>\n<strong>82)<\/strong> GB. MONTINI, <em>Abbiamo visto la Chiesa! Prima lettera dalla Citt\u00e0 del Vaticano all&#8217;arcidiocesi dopo la solenne apertura del concilio ecumenico Vaticano<\/em> <em>II,<\/em> in ID., <em>Discorsi e scritti milanesi,<\/em> vol. 3 (1961-1963), Istituto Paolo VI, Brescia 1997, 5361-5365, qui 5364-5365.<br \/>\n<strong>83)<\/strong> Cf. AS II\/1, 183-200. Testo italiano in: CONCILIO VATICANO II, Costituzioni, 1142-1185; EV 1\/133*-201*. Su quest&#8217;allocuzione cf. G. COLOMBO, \u00abI discorsi di Paolo VI in apertura e chiusura dei periodi conciliari\u00bb, in <em>Paolo VI e il rapporto Chiesa-mondo al Concilio<\/em>, Colloquio internazionale di studio, Roma 22-23-24 settembre 1989, \u00abPubblicazioni dell&#8217;Istituto Paolo VI\u00bb 12, Istituto Paolo VI \u2013 Edizioni Studium, Brescia &#8211; Roma 1991, 246-293; A. MELLONI, \u00abL&#8217;inizio del secondo periodo e il grande dibattito ecclesiologico\u00bb, in G. ALBERIGO (dir.), <em>Storia del concilio Vaticano II,<\/em> vol. 3, <em>Il concilio adulto. Settembre 1963 \u2014 settembre 1964,<\/em> Peeters &#8211; II Mulino, Leuven &#8211; Bologna 1998, 19-131, qui 52-56.<br \/>\n<strong>84)<\/strong> K. WOJTYLA, <em>Alle fonti del rinnovamento. Studio sull&#8217;attuazione del concilio Vaticano II<\/em>, Rubbettino, Soveria Mannelli 2007, 11-12. Inoltre cf. <em>Il sinodo pastorale dell\u2019arcidiocesi di Cracovia (1972-1979),<\/em> LEV, Citt\u00e0 del Vaticano 1985. Sugli interventi di Wojtyla nel Concilio, cf. G. RIGHI ALBERTI, <em>Karoli Wojtyta: uno stile conciliare,<\/em> Marcianum Press, Venezia 2012.<br \/>\n<strong>85)<\/strong> Cf. WOJTYLA, <em>Alle fonti del rinnovamento<\/em>, 9-39.<br \/>\n<strong>86)<\/strong> Un esempio di opposizione tra \u00abdottrinale\u00bb e \u00abpastorale\u00bb nei documenti conciliari in B. GHERARDINI, <em>Concilio ecumenico Vaticano II. Un discorso da fare,<\/em> Casa Mariana Editrice, Frigento 2009. In merito cf. G.RIGHI ALBERTI, \u00abA proposito de &#8220;la hermen\u00e9utica de la continuidad&#8221;. Nota sobre la propuesta de B. Gherardini\u00bb, in Scripta theobgica 42(2010),<br \/>\n59-77.<br \/>\n<strong>87)<\/strong> Cf. W. KASPER, \u00abLa provocazione permanente del Vaticano II: Per un&#8217;ermeneutica degli enunciati conciliari\u00bb, in id., <em>Teologia e Chiesa<\/em>, \u00abBiblioteca di teologia contemporanea\u00bb 60, Queriniana, Brescia 1989, 302-312, qui 304.<br \/>\n<strong>88)<\/strong> E nota l&#8217;ipotesi su \u00abl&#8217;esistenza di due itinerari di preparazione, che erano ispirati da due visioni della stona molto diverse e miravano a immagini di Chiesa alternative o, almeno, divergenti. E vero che questi itinerari hanno avuto un andamento sincrono e spesso \u00e8 sembrato che si intersecassero o si unificassero, ma proprio all&#8217;apertura del Concilio essi apparvero in tutta la loro differenza. L&#8217;assemblea infatti si trov\u00f2 davanti un imponente materiale preparatorio prodotto sotto la direzione della curia romana, caratterizzato da un&#8217;elevata compattezza, che chiedeva piuttosto adesione e assenso che dibattito e ricerca. L&#8217;altro itinerario era quello costituito progressivamente da Giovanni XXIII attraverso uno stillicidio di interventi pubblici e di riflessioni personali, culminato nel discorso rivolto ai padri conciliari 1&#8242; 11 ottobre 1962\u00bb (ALBERIGO, \u00abFormazione, contenuto e fortuna dell&#8217;allocuzione\u00bb. 188-189). E l&#8217;ipotesi sostanzialmente adoperata come guida nel primo volume \u2014 II cattolicesimo verso una nuova stagione. L&#8217;annuncio e la preparazione \u2014 della Storia del concilio Vaticano II diretta da Alberigo, tesa a mettere in evidenza la contrapposizione tra la curia romana e l&#8217;intenzione di Giovanni XXIII. Occorre, tuttavia, rilevare che una tale ipotesi non rende ragione n\u00e9 di quelle che gli stessi fautori ritengono \u00able ambiguit\u00e0 di papa Giovanni\u00bb (cf. J. KOMONCHAK, \u00abLa lotta per la preparazione\u00bb, in A\u00ccBERIGO (dir), <em>Storia del concilio Vaticano II, <\/em>vol. 1, II cattolicesimo verso una nuova stagione, 177-379, qui 373-379), n\u00e9 di tutta la preparazione conciliare che fu svolta nelle Chiese locali. A questo ultimo proposito \u00e8 ricchissima l&#8217;informazione che ci offre Caprile nell&#8217;opera pi\u00f9 volte citata.<br \/>\n<strong>89)<\/strong> Cf. ASI\/1, 207-208; M. LAMBERIGTS, A. GREILER, \u00abConcilium episcoporum est. The interventions of Li\u00e9nart and Frings revisited, October 13 1962\u00bb, in <em>Ephemerides theologicae lovanienses<\/em> 73(1997), 54-71; A. RICCARDl, \u00abLa tumultuosa apertura dei lavori\u00bb, in ALBERIGO (dir), <em>Storia del concilio Vaticano II, <\/em>21 -86, in particolare 45-51.<br \/>\n<strong>90)<\/strong> Cf. R. DE MATTEI, <em>II Concilio Vaticano II. Una storia mai scritta,<\/em> Lindau 2010, 203-206; B. GHERARDINI, <em>Il Vaticano II Alle radici d&#8217;un equivoco<\/em>, Lindau, Torino 2012, 123-152. Il volume di De Matici \u00e8 stato oggetto di una rigorosa critica in M. de SALIS, \u00abChiesa e teologia nel concilio Vaticano II. Nota su un libro recente\u00bb, in Lateranum 78(2012), 139-151.<br \/>\n<strong>91)<\/strong> Cf. J. RATZINGER, <em>Mon concile Vatican II,<\/em> Art\u00e8ge, Perpignan 2011,59.<br \/>\n<strong>92)<\/strong> Cf. CAPRILE, <em>II concilio Vaticano II. Annunzio e preparazione<\/em>, Parte I, 195-196; II, 17-19.<br \/>\n<strong>93)<\/strong> \u00abCon il tempo, si vanno chiarendo le differenti mentalit\u00e0 e le diverse posizioni, come si nota pi\u00f9 chiaramente alla fine dei lavori della commissione centrale. Anche il confronto ha un suo ruolo in questo. Tuttavia non sono sempre possibili letture schematiche della formazione di gruppi contrapposti, per l&#8217;esistenza d&#8217;una certa fluttuazione e di vicendevoli e intersecantisi richiami. Si pu\u00f2 individuare la linea di tendenza d&#8217;una ricerca di mediazione, che caratterizza una parte della curia e dei vescovi residenziali. La certezza che la preparazione del Concilio si sarebbe potuta fare a Roma, interpellando i vescovi e approntando sintesi, viene progressivamente a incrinarsi (&#8230;). Tutto non \u00e8 cos\u00ec meccanicamente pronto, come si prevedeva\u00bb (RlCCARDl, \u00abPreparare il Concilio\u00bb, 204).<br \/>\n<strong>94)<\/strong> ALBERIGO, \u00abFormazione, contenuto e fortuna dell&#8217;allocuzione\u00bb, 219.<br \/>\n<strong>95)<\/strong> V CARBONE, \u00abGli schemi preparatori del concilio ecumenico Vaticano II\u00bb, in <em>Monitor ecclesiasticus <\/em>96(1971) 1, 51-86, qui 72. La precisazione \u00e8 ripresa da Komonchak che, tuttavia, sfuma la conclusione affermando: \u00abComunque questo risultato delle deliberazioni della commissione centrale fu noto solo molto pi\u00f9 tardi, cos\u00ec che la costante impressione fu di una grande massa di materiale organizzato in modo modesto, di qualit\u00e0 molto diseguale\u00bb (KOMONCHAK, \u00abLa lotta per la preparazione\u00bb, 322). Il numero di 22 non \u00e8, tuttavia, accolto da Wittstad nello stesso volume, cf. K. WITTSTADT, \u00abAlla vigilia del concilio\u00bb, in ALBERIGO (dir), <em>Storia del concilio Vaticano II<\/em>, vol. 1, II cattolicesimo verso una nuova statone, 429-517, qui 434).<br \/>\n<strong>96)<\/strong> Cf. E. FOUILLOUX, \u00abTh\u00e9ologiens romains et Vatican II (1959-1962)\u00bb, in <em>Cristianesimo nella storia <\/em>16(1994), 373-394.<br \/>\n<strong>97)<\/strong> \u00abDalle prime nomine la commissione risultava composta prevalentemente da elementi dell&#8217;ambiente romano legati in particolare al S. Uffizio e agli orientamenti del pontificato di Pio XII, anche se era significativa la presenza di alcuni teologi d&#8217;oltralpe, come Cerfaux, Journet, Philips, Congar e De Lubac, una presenza che per\u00f2 non stemperava l&#8217;immagine di un commissione piuttosto conservatrice ed eurocentrica\u00bb (R. BURIGANA, \u00abProgetto dogmatico del Vaticano II: la commissione teologica preparatoria (1960-1962)\u00bb, in G. ALBERIGO, A. MELLONI (a cura di), <em>Verso il concilio Vaticano II<\/em> <em>(1960-1962). Passaggi e problemi della preparazione conciliare,<\/em> Marietti, Genova 1993, 141-206, qui 151-152.<br \/>\n<strong>98)<\/strong> A. VON TEUFFENBACH, \u00abLa commissione teologica preparatoria del concilio Vaticano II\u00bb, en <em>Anuar\u00eco de historia de la Iglesia<\/em> 21(2012), 219-243, qui 219. L&#8217;articolo \u00e8 di grande interesse per uscire da una considerazione troppo semplificatrice del lavoro della commissione teologica. Tuttavia, un&#8217;affermazione come quella citata rischia di favorire un&#8217;interpretazione fuorviante del lavoro conciliare. Di grande utilit\u00e0 \u00e8 la pubblicazione da parte di questa autrice dei diari conciliari del p. Tromp, cf ID..<em>Konzilstagebuch. Sebastian Tromp SJ mit Erlauterungen undAkten aus der Arbeit der Theologischen Kommission;<\/em> II Vatikanisches Konzil, vol. 1\/1-2 (1960-1962), PUG, Roma 2006; id., <em>Sebastian Tromp SJ Konzilstagebuch mit Erlauterungen und Akten aus der Arbeit der Kommission fur Glauben una Sitlen; II. <\/em><em>Vatikanisches Konzil<\/em>, vol Il\/1 -2 ( 1962-1963), Bautz, Nordhausen2011.<br \/>\n<strong>99)<\/strong> Su questo dato anche se lo valutano diversamente, infatti, concordano studiosi come Alberigo (\u00abMi sembra emblematico a questo proposito il metodo seguito per il rifacimento dello schema De Ecclesia dal teologo lovaniense G. Philips, il quale realizz\u00f2 con grande souplesse un&#8217;abile contaminazione tra la redazione preparatoria e le istanze rinnovatrici\u00bb; ALBERIGO, \u00abFormazione, contenuto e fortuna dell&#8217;allocuzione, 221) e VON TEUFFENBACH (\u00abSebbene gli schemi che erano stati preparati furono poi in gran parte eliminati o ridotti dalla commissione coordinatrice &#8211; composta da sette cardinali nel gennaio 1963 \u2014, non lo pot\u00e8 essere invece la feconda discussione che era avvenuta. I documenti dottrinali del concilio Vaticano II non sarebbero stati possibili senza il lavoro della commissione teologica preparatoria, allo stesso modo come &#8211; senza di essi &#8211; non possono essere compresi correttamente\u00bb; VON TELTFENBACH, \u00abLa commissione teologica preparatoria\u00bb, 220; e poi \u00abSolo quando le opposte fazioni si trovarono costrette a collaborare tra loro anche quanto era stato preparato nella commissione teologica inizi\u00f2 a dare il suo frutto. La <em>Lumen gentium<\/em>, la <em>Dei verbum<\/em> e la <em>Gaudium et spes<\/em> non sono sorte dal nulla\u00bb, ivi, 242).<br \/>\n<strong>100)<\/strong> J. RATZINGER, <em>La mia vita<\/em>, San Paolo, Cinisello Balsamo 1997, 85-86.<br \/>\n<strong>101)<\/strong> Cf. AS 1\/4, 121. Ruggieri commenta l&#8217;episodio come segue: \u00abE Ottaviani, con amara ironia, nella sua introduzione alla discussione dice di aspettarsi la solita litania: lo schema non \u00e8 ecumenico, \u00e8 scolastico, non \u00e8 pastorale, \u00e8 negativo ecc. Anzi pu\u00f2 gi\u00e0 fare una &#8220;confidenza&#8221;: i relatori parleranno inutilmente &#8220;perch\u00e9 la questione \u00e8 stata gi\u00e0 giudicata in anticipo&#8221;. Gi\u00e0 prima che lo schema fosse distribuito, si preparava infatti lo schema sostitutivo. &#8220;Non mi resta quindi che tacere, perch\u00e9 la Scrittura insegna: dove non c&#8217;\u00e8 ascolto, non sprecare parole\u00bb (G. RUGGIERI, \u00abL&#8217;abbandono dell&#8217;ecclesiologia controversista\u00bb, in G. ALBERIGO (dir.), <em>Storia del concilio Vaticano II,<\/em> vol. 2, <em>La formazione della coscienza conciliare. <\/em><em>Ottobre 1962 &#8211; settembre 1963,<\/em> Peeters &#8211; II Mulino, Leuven &#8211; Bologna 1996, 309-383, qui 356).<br \/>\n<strong>102)<\/strong> Lo mostra accuratamente G. ROUTHIER, \u00abLa reception dans le premier <em>De Ecclesia<\/em> des mouvements de renouveau pr\u00e9conciliaire\u00bb, in ROUTHIER, ROY, SCHELKENS (dir.), <em>La theologie catholique entre infransigeance et renouveau,<\/em> 199-211<br \/>\n<strong>103)<\/strong> G. PHILIPS, <em>La Chiesa e il suo mistero nel concilio Vaticano II<\/em>, Jaca Book, Milano 1969, voi. 1, 19-20.<br \/>\n<strong>104)<\/strong> ROUTHIER, \u00abLa reception clans le premier De Ecclesia des mouvements de renouveau pr\u00e9conciliaire\u00bb, 211.<br \/>\n<strong>105)<\/strong> A questo proposito \u00e8 significativo notare che Giovanni Paolo II non ha dubitato nel qualificare il Vaticano II di \u00abevento\u00bb. Ad esempio: \u00abII Concilio fu un grande evento e, per me, un&#8217;indimenticabile esperienza. Ne tornai molto arricchito\u00bb (GIOVANNI PAOLO II, <em>Alzatevi, andiamo!.<\/em> Mondadori, Milano 2004, 133).<br \/>\n<strong>106)<\/strong> Alberigo ha sfumato il suo pensiero in merito: \u00abLa frequente sottolineatura dell&#8217;importanza del Vaticano II come evento complessivo e non solo delle sue decisioni finali pu\u00f2 avere suscitato il sospetto di un&#8217;intenzione riduttiva dei documenti che il Concilio ha approvato. Sembra quasi superfluo dissipare tale sospetto. \u00c8 infatti ovvio che il Vaticano II ha consegnato alla Chiesa i testi che ha approvato, con le differenti qualificazioni che la stessa assemblea ha loro dato. Tuttavia, proprio la ricostruzione dell&#8217;iter conciliare ha messo in evidenza l&#8217;importanza dell&#8217;esperienza conciliare per la corretta e piena valorizzazione delle stesse decisioni. L&#8217;ermeneutica del Vaticano II non sarebbe soddisfacente se si limitasse all&#8217;analisi del testo delle decisioni, con l&#8217;eventuale aggiunta di qualche excursus sul lavoro redazionale. Infatti \u00e8 la conoscenza dell&#8217;evento nella sua probabilit\u00e0 che offre criteri ermeneutici soddisfacenti per cogliere pienamente il significato del Vaticano II e delle sue decisioni. Immaginare o temere che riconoscere l&#8217;importanza del Vaticano II come evento globale possa ridurre o mortificare la portata delle decisioni conciliari \u00e8 paradossale\u00bb (ALBERIGO, Transizione epocale, 848).<br \/>\n<strong>107)<\/strong> Cf. COMMISSIONE TEOLOGICA INTERNAZIONALE, <em>Temi scelti di ecclesiologia<\/em>, in EV9\/1668-1725, in particolare 1688-1698; G. COLOMBO, \u00abII &#8220;popolo di Dio&#8221; e il &#8220;mistero della Chiesa&#8221; nell&#8217;ecclesiologia post conciliare\u00bb, in Teologia 10(1985), 97-169.<br \/>\n<strong>108)<\/strong> <em>LG<\/em> 8; EV 17307. Philips considera la frase finale \u00abforse la pi\u00f9 importante di tutto il capitolo: in questo modo la Chiesa rivela veramente il mistero di Cristo, senza dissipare tutte le ombre, sino a che brilli finalmente la luce piena\u00bb (PHILIPS, La Chiesa e il suo mistero, vol. 1, 117).<br \/>\n<strong>109)<\/strong> Cf. E HONERMANN, \u00abDer Text: Werden &#8211; Gestalt &#8211; Bedeutung. Eine hermeneutische Reflexion\u00bb, in P. HUNERMANN, B.-J. HILBERATH, <em>Herders Theologischer Rammentar zum Zweiten Vatikan\u00ecschen Konzil<\/em>, vol. 5, Herder, Freiburg-Basel-Wien 2006, 5-101; In., \u00abDer Text. Eine Erganzung zur Hermeneutik des II. Vatikanischen Konzils\u00bb, in <em>Cristianesimo nella storia<\/em> 28(2007), 339-358 (trad. it.: \u00abIl &#8220;testo&#8221;. Un complemento all&#8217;ermeneutica del Vaticano II\u00bb, in melloni, RUGGlERI, <em>Chi ha paura del Vaticano II?,<\/em> 85-105).<br \/>\n<strong>110)<\/strong> \u00abSono convinto che la causa della debolezza dell&#8217;impatto del Vaticano II risieda, anzitutto e essenzialmente, nella mancanza di una coniugazione delle indicazioni dottrinali e spirituali espresse dal Concilio con un parallelo e coerente rinnovamento istituzionale. Al post-Vaticano II \u00e8 mancato sinora l&#8217;asse costituito dalla reciproca fecondazione tra le prospettive e le indicazioni dottrinali e ecclesiologiche e l&#8217;aggiornamento della struttura istituzionale\u00bb (ALBERIGO, Transizione epocale, 66). Nello stesso senso cf. ivi, 547-552; 597; 751.<br \/>\n<strong>111)<\/strong> Ci\u00f2 mette in campo la questione, pure permanente nella vita della Chiesa, del circolo che sempre s&#8217;instaura tra fede e cultura. La fede, per il fatto stesso che dice all&#8217;uomo chi \u00e8, diventa cultura, ma a sua volta la cultura, nel suo determinarsi storico, interpreta la fede. \u00c8 questo lo spazio dell&#8217;inevitabile rischio della libert\u00e0 a cui lo Spirito in ogni tempo chiama la Chiesa. Cf. J. RATZINGER, \u00abCristo, la fede e la sfida delle culture\u00bb, in Nuova umanit\u00e0 16(1994) 6, 95-118.<br \/>\n<strong>112)<\/strong> Sulle diverse categorie in uso per riferirsi a questa \u00abchiamata di Cristo\u00bb (aggiornamento, ressourcement, rinnovamento, sviluppo, riforma. ..), cf. J. O&#8217;MALLEY, \u00abRessourcement e riforma al Vaticano II\u00bb, in <em>Concilium <\/em>48(2012), 429-439.<br \/>\n<strong>113)<\/strong> Sul termine \u00abaggiornamento\u00bb come parola tipica del vocabolario di Roncalli cf. ALBERIGO, Transizione epocale, 530-533.<br \/>\n<strong>114)<\/strong> II riferimento classico \u00e8 all&#8217;allocuzione nella sessione d&#8217;inaugurazione del secondo periodo conciliare, cf. ASII\/1, 191-193. Testo italiano in: CONCILIO VATICANO II, <em>Costituzioni,<\/em> 1163-1167; EV 1 \/133*ss.<br \/>\n<strong>115)<\/strong> J. RATZINGER, <em>La Chiesa. Una compagnia sempre in cammino<\/em>, Paoline, Cinisello Balsamo 1991, 104.<\/div>\n<div><strong>116)<\/strong> II fatto che non si possa parlare di recezione se non all&#8217;interno dell&#8217;orizzonte missionario della Chiesa, non significa ignorare la natura comunque storicamente delimitata del Concilio e della sua recezione, per quanto questa possa estendersi per un lungo periodo.<\/div>\n<div><\/div>\n<div style=\"text-align: center;\"><a href=\"https:\/\/www.rassegnastampa-totustuus.it\/cattolica\/?p=5300\">torna all&#8217;articolo<br \/>\n<\/a><\/div>\n","protected":false},"excerpt":{"rendered":"<p>il Regno n.17 1 ottobre 2012 Citt\u00e0 del Vaticano, Salone San Pio X, 3 ottobre 2012. Card. Angelo ScolaArcivescovo di Milano _______________________<\/p><p><a class=\"more-link btn\" href=\"https:\/\/www.rassegnastampa-totustuus.it\/cattolica\/unadeguata-ermeneutica-conciliare-note\/\">Continua a leggere<\/a><\/p>\n","protected":false},"author":6,"featured_media":29597,"comment_status":"closed","ping_status":"open","sticky":false,"template":"","format":"standard","meta":{"footnotes":""},"categories":[5],"tags":[344,1152],"class_list":["post-5299","post","type-post","status-publish","format-standard","has-post-thumbnail","hentry","category-chiesa","tag-concilio-vaticano-ii","tag-ermeneutica-del-concilio","item-wrap"],"yoast_head":"<!-- This site is optimized with the Yoast SEO plugin v27.5 - https:\/\/yoast.com\/product\/yoast-seo-wordpress\/ -->\n<title>Un&#039;adeguata ermeneutica conciliare (note) - Rassegna Stampa Cattolica<\/title>\n<meta name=\"description\" content=\"Rassegna Stampa Cattolica - Per una cultura che nasce dalla Rivelazione cristiana in conformit\u00e0 alla tradizione e al Magistero della Chiesa in opposizione ad ogni relativismo e totalitarismo\" \/>\n<meta name=\"robots\" content=\"index, follow, max-snippet:-1, max-image-preview:large, max-video-preview:-1\" \/>\n<link rel=\"canonical\" href=\"https:\/\/www.rassegnastampa-totustuus.it\/cattolica\/unadeguata-ermeneutica-conciliare-note\/\" \/>\n<meta property=\"og:locale\" content=\"it_IT\" \/>\n<meta property=\"og:type\" content=\"article\" \/>\n<meta property=\"og:title\" content=\"Un&#039;adeguata ermeneutica conciliare (note) - Rassegna Stampa Cattolica\" \/>\n<meta property=\"og:description\" content=\"Rassegna Stampa Cattolica - Per una cultura che nasce dalla Rivelazione cristiana in conformit\u00e0 alla tradizione e al Magistero della Chiesa in opposizione ad ogni relativismo e totalitarismo\" \/>\n<meta property=\"og:url\" content=\"https:\/\/www.rassegnastampa-totustuus.it\/cattolica\/unadeguata-ermeneutica-conciliare-note\/\" \/>\n<meta property=\"og:site_name\" content=\"Rassegna Stampa Cattolica\" \/>\n<meta property=\"article:publisher\" content=\"https:\/\/www.facebook.com\/rassegnastampacattolica\" \/>\n<meta property=\"article:published_time\" content=\"2012-11-15T23:00:00+00:00\" \/>\n<meta property=\"article:modified_time\" content=\"2016-04-30T10:57:21+00:00\" \/>\n<meta property=\"og:image\" content=\"https:\/\/www.rassegnastampa-totustuus.it\/cattolica\/wp-content\/uploads\/2012\/11\/Concilio-Vaticano.jpg\" \/>\n\t<meta property=\"og:image:width\" content=\"282\" \/>\n\t<meta property=\"og:image:height\" content=\"179\" \/>\n\t<meta property=\"og:image:type\" content=\"image\/jpeg\" \/>\n<meta name=\"author\" content=\"Redazione\" \/>\n<meta name=\"twitter:card\" content=\"summary_large_image\" \/>\n<meta name=\"twitter:creator\" content=\"@rassegnastampa9\" \/>\n<meta name=\"twitter:site\" content=\"@rassegnastampa9\" \/>\n<meta name=\"twitter:label1\" content=\"Scritto da\" \/>\n\t<meta name=\"twitter:data1\" content=\"Redazione\" \/>\n\t<meta name=\"twitter:label2\" content=\"Tempo di lettura stimato\" \/>\n\t<meta name=\"twitter:data2\" content=\"29 minuti\" \/>\n<script type=\"application\/ld+json\" class=\"yoast-schema-graph\">{\"@context\":\"https:\\\/\\\/schema.org\",\"@graph\":[{\"@type\":\"Article\",\"@id\":\"https:\\\/\\\/www.rassegnastampa-totustuus.it\\\/cattolica\\\/unadeguata-ermeneutica-conciliare-note\\\/#article\",\"isPartOf\":{\"@id\":\"https:\\\/\\\/www.rassegnastampa-totustuus.it\\\/cattolica\\\/unadeguata-ermeneutica-conciliare-note\\\/\"},\"author\":{\"name\":\"Redazione\",\"@id\":\"https:\\\/\\\/www.rassegnastampa-totustuus.it\\\/cattolica\\\/#\\\/schema\\\/person\\\/08f319d2bd1a0904ad9e2bfb7b15e5c3\"},\"headline\":\"Un&#8217;adeguata ermeneutica conciliare (note)\",\"datePublished\":\"2012-11-15T23:00:00+00:00\",\"dateModified\":\"2016-04-30T10:57:21+00:00\",\"mainEntityOfPage\":{\"@id\":\"https:\\\/\\\/www.rassegnastampa-totustuus.it\\\/cattolica\\\/unadeguata-ermeneutica-conciliare-note\\\/\"},\"wordCount\":5978,\"publisher\":{\"@id\":\"https:\\\/\\\/www.rassegnastampa-totustuus.it\\\/cattolica\\\/#organization\"},\"image\":{\"@id\":\"https:\\\/\\\/www.rassegnastampa-totustuus.it\\\/cattolica\\\/unadeguata-ermeneutica-conciliare-note\\\/#primaryimage\"},\"thumbnailUrl\":\"https:\\\/\\\/www.rassegnastampa-totustuus.it\\\/cattolica\\\/wp-content\\\/uploads\\\/2012\\\/11\\\/Concilio-Vaticano.jpg\",\"keywords\":[\"Concilio Vaticano II\",\"ermeneutica del Concilio\"],\"articleSection\":[\"Chiesa\"],\"inLanguage\":\"it-IT\"},{\"@type\":\"WebPage\",\"@id\":\"https:\\\/\\\/www.rassegnastampa-totustuus.it\\\/cattolica\\\/unadeguata-ermeneutica-conciliare-note\\\/\",\"url\":\"https:\\\/\\\/www.rassegnastampa-totustuus.it\\\/cattolica\\\/unadeguata-ermeneutica-conciliare-note\\\/\",\"name\":\"Un'adeguata ermeneutica conciliare (note) - Rassegna Stampa Cattolica\",\"isPartOf\":{\"@id\":\"https:\\\/\\\/www.rassegnastampa-totustuus.it\\\/cattolica\\\/#website\"},\"primaryImageOfPage\":{\"@id\":\"https:\\\/\\\/www.rassegnastampa-totustuus.it\\\/cattolica\\\/unadeguata-ermeneutica-conciliare-note\\\/#primaryimage\"},\"image\":{\"@id\":\"https:\\\/\\\/www.rassegnastampa-totustuus.it\\\/cattolica\\\/unadeguata-ermeneutica-conciliare-note\\\/#primaryimage\"},\"thumbnailUrl\":\"https:\\\/\\\/www.rassegnastampa-totustuus.it\\\/cattolica\\\/wp-content\\\/uploads\\\/2012\\\/11\\\/Concilio-Vaticano.jpg\",\"datePublished\":\"2012-11-15T23:00:00+00:00\",\"dateModified\":\"2016-04-30T10:57:21+00:00\",\"description\":\"Rassegna Stampa Cattolica - Per una cultura che nasce dalla Rivelazione cristiana in conformit\u00e0 alla tradizione e al Magistero della Chiesa in opposizione ad ogni relativismo e totalitarismo\",\"breadcrumb\":{\"@id\":\"https:\\\/\\\/www.rassegnastampa-totustuus.it\\\/cattolica\\\/unadeguata-ermeneutica-conciliare-note\\\/#breadcrumb\"},\"inLanguage\":\"it-IT\",\"potentialAction\":[{\"@type\":\"ReadAction\",\"target\":[\"https:\\\/\\\/www.rassegnastampa-totustuus.it\\\/cattolica\\\/unadeguata-ermeneutica-conciliare-note\\\/\"]}]},{\"@type\":\"ImageObject\",\"inLanguage\":\"it-IT\",\"@id\":\"https:\\\/\\\/www.rassegnastampa-totustuus.it\\\/cattolica\\\/unadeguata-ermeneutica-conciliare-note\\\/#primaryimage\",\"url\":\"https:\\\/\\\/www.rassegnastampa-totustuus.it\\\/cattolica\\\/wp-content\\\/uploads\\\/2012\\\/11\\\/Concilio-Vaticano.jpg\",\"contentUrl\":\"https:\\\/\\\/www.rassegnastampa-totustuus.it\\\/cattolica\\\/wp-content\\\/uploads\\\/2012\\\/11\\\/Concilio-Vaticano.jpg\",\"width\":282,\"height\":179},{\"@type\":\"BreadcrumbList\",\"@id\":\"https:\\\/\\\/www.rassegnastampa-totustuus.it\\\/cattolica\\\/unadeguata-ermeneutica-conciliare-note\\\/#breadcrumb\",\"itemListElement\":[{\"@type\":\"ListItem\",\"position\":1,\"name\":\"Home\",\"item\":\"https:\\\/\\\/www.rassegnastampa-totustuus.it\\\/cattolica\\\/\"},{\"@type\":\"ListItem\",\"position\":2,\"name\":\"Un&#8217;adeguata ermeneutica conciliare (note)\"}]},{\"@type\":\"WebSite\",\"@id\":\"https:\\\/\\\/www.rassegnastampa-totustuus.it\\\/cattolica\\\/#website\",\"url\":\"https:\\\/\\\/www.rassegnastampa-totustuus.it\\\/cattolica\\\/\",\"name\":\"Rassegna Stampa Cattolica\",\"description\":\"Per una cultura che nasce dalla Rivelazione cristiana in conformit\u00e0 alla tradizione e al Magistero della Chiesa in opposizione ad ogni relativismo e totalitarismo\",\"publisher\":{\"@id\":\"https:\\\/\\\/www.rassegnastampa-totustuus.it\\\/cattolica\\\/#organization\"},\"alternateName\":\"Rass. Cattolica\",\"potentialAction\":[{\"@type\":\"SearchAction\",\"target\":{\"@type\":\"EntryPoint\",\"urlTemplate\":\"https:\\\/\\\/www.rassegnastampa-totustuus.it\\\/cattolica\\\/?s={search_term_string}\"},\"query-input\":{\"@type\":\"PropertyValueSpecification\",\"valueRequired\":true,\"valueName\":\"search_term_string\"}}],\"inLanguage\":\"it-IT\"},{\"@type\":\"Organization\",\"@id\":\"https:\\\/\\\/www.rassegnastampa-totustuus.it\\\/cattolica\\\/#organization\",\"name\":\"Rassegna Stampa Cattolica\",\"url\":\"https:\\\/\\\/www.rassegnastampa-totustuus.it\\\/cattolica\\\/\",\"logo\":{\"@type\":\"ImageObject\",\"inLanguage\":\"it-IT\",\"@id\":\"https:\\\/\\\/www.rassegnastampa-totustuus.it\\\/cattolica\\\/#\\\/schema\\\/logo\\\/image\\\/\",\"url\":\"https:\\\/\\\/www.rassegnastampa-totustuus.it\\\/cattolica\\\/wp-content\\\/uploads\\\/2014\\\/04\\\/logo-rassegna1.gif\",\"contentUrl\":\"https:\\\/\\\/www.rassegnastampa-totustuus.it\\\/cattolica\\\/wp-content\\\/uploads\\\/2014\\\/04\\\/logo-rassegna1.gif\",\"width\":600,\"height\":163,\"caption\":\"Rassegna Stampa Cattolica\"},\"image\":{\"@id\":\"https:\\\/\\\/www.rassegnastampa-totustuus.it\\\/cattolica\\\/#\\\/schema\\\/logo\\\/image\\\/\"},\"sameAs\":[\"https:\\\/\\\/www.facebook.com\\\/rassegnastampacattolica\",\"https:\\\/\\\/x.com\\\/rassegnastampa9\"]},{\"@type\":\"Person\",\"@id\":\"https:\\\/\\\/www.rassegnastampa-totustuus.it\\\/cattolica\\\/#\\\/schema\\\/person\\\/08f319d2bd1a0904ad9e2bfb7b15e5c3\",\"name\":\"Redazione\",\"image\":{\"@type\":\"ImageObject\",\"inLanguage\":\"it-IT\",\"@id\":\"https:\\\/\\\/secure.gravatar.com\\\/avatar\\\/2fcdf27c78ea025fbdb44e914cc63c72249ffec9dc8aafd5c82b26240ef3f346?s=96&d=mm&r=g\",\"url\":\"https:\\\/\\\/secure.gravatar.com\\\/avatar\\\/2fcdf27c78ea025fbdb44e914cc63c72249ffec9dc8aafd5c82b26240ef3f346?s=96&d=mm&r=g\",\"contentUrl\":\"https:\\\/\\\/secure.gravatar.com\\\/avatar\\\/2fcdf27c78ea025fbdb44e914cc63c72249ffec9dc8aafd5c82b26240ef3f346?s=96&d=mm&r=g\",\"caption\":\"Redazione\"},\"url\":\"https:\\\/\\\/www.rassegnastampa-totustuus.it\\\/cattolica\\\/author\\\/pietroelle\\\/\"}]}<\/script>\n<!-- \/ Yoast SEO plugin. -->","yoast_head_json":{"title":"Un'adeguata ermeneutica conciliare (note) - Rassegna Stampa Cattolica","description":"Rassegna Stampa Cattolica - Per una cultura che nasce dalla Rivelazione cristiana in conformit\u00e0 alla tradizione e al Magistero della Chiesa in opposizione ad ogni relativismo e totalitarismo","robots":{"index":"index","follow":"follow","max-snippet":"max-snippet:-1","max-image-preview":"max-image-preview:large","max-video-preview":"max-video-preview:-1"},"canonical":"https:\/\/www.rassegnastampa-totustuus.it\/cattolica\/unadeguata-ermeneutica-conciliare-note\/","og_locale":"it_IT","og_type":"article","og_title":"Un'adeguata ermeneutica conciliare (note) - Rassegna Stampa Cattolica","og_description":"Rassegna Stampa Cattolica - Per una cultura che nasce dalla Rivelazione cristiana in conformit\u00e0 alla tradizione e al Magistero della Chiesa in opposizione ad ogni relativismo e totalitarismo","og_url":"https:\/\/www.rassegnastampa-totustuus.it\/cattolica\/unadeguata-ermeneutica-conciliare-note\/","og_site_name":"Rassegna Stampa Cattolica","article_publisher":"https:\/\/www.facebook.com\/rassegnastampacattolica","article_published_time":"2012-11-15T23:00:00+00:00","article_modified_time":"2016-04-30T10:57:21+00:00","og_image":[{"width":282,"height":179,"url":"https:\/\/www.rassegnastampa-totustuus.it\/cattolica\/wp-content\/uploads\/2012\/11\/Concilio-Vaticano.jpg","type":"image\/jpeg"}],"author":"Redazione","twitter_card":"summary_large_image","twitter_creator":"@rassegnastampa9","twitter_site":"@rassegnastampa9","twitter_misc":{"Scritto da":"Redazione","Tempo di lettura stimato":"29 minuti"},"schema":{"@context":"https:\/\/schema.org","@graph":[{"@type":"Article","@id":"https:\/\/www.rassegnastampa-totustuus.it\/cattolica\/unadeguata-ermeneutica-conciliare-note\/#article","isPartOf":{"@id":"https:\/\/www.rassegnastampa-totustuus.it\/cattolica\/unadeguata-ermeneutica-conciliare-note\/"},"author":{"name":"Redazione","@id":"https:\/\/www.rassegnastampa-totustuus.it\/cattolica\/#\/schema\/person\/08f319d2bd1a0904ad9e2bfb7b15e5c3"},"headline":"Un&#8217;adeguata ermeneutica conciliare (note)","datePublished":"2012-11-15T23:00:00+00:00","dateModified":"2016-04-30T10:57:21+00:00","mainEntityOfPage":{"@id":"https:\/\/www.rassegnastampa-totustuus.it\/cattolica\/unadeguata-ermeneutica-conciliare-note\/"},"wordCount":5978,"publisher":{"@id":"https:\/\/www.rassegnastampa-totustuus.it\/cattolica\/#organization"},"image":{"@id":"https:\/\/www.rassegnastampa-totustuus.it\/cattolica\/unadeguata-ermeneutica-conciliare-note\/#primaryimage"},"thumbnailUrl":"https:\/\/www.rassegnastampa-totustuus.it\/cattolica\/wp-content\/uploads\/2012\/11\/Concilio-Vaticano.jpg","keywords":["Concilio Vaticano II","ermeneutica del Concilio"],"articleSection":["Chiesa"],"inLanguage":"it-IT"},{"@type":"WebPage","@id":"https:\/\/www.rassegnastampa-totustuus.it\/cattolica\/unadeguata-ermeneutica-conciliare-note\/","url":"https:\/\/www.rassegnastampa-totustuus.it\/cattolica\/unadeguata-ermeneutica-conciliare-note\/","name":"Un'adeguata ermeneutica conciliare (note) - Rassegna Stampa Cattolica","isPartOf":{"@id":"https:\/\/www.rassegnastampa-totustuus.it\/cattolica\/#website"},"primaryImageOfPage":{"@id":"https:\/\/www.rassegnastampa-totustuus.it\/cattolica\/unadeguata-ermeneutica-conciliare-note\/#primaryimage"},"image":{"@id":"https:\/\/www.rassegnastampa-totustuus.it\/cattolica\/unadeguata-ermeneutica-conciliare-note\/#primaryimage"},"thumbnailUrl":"https:\/\/www.rassegnastampa-totustuus.it\/cattolica\/wp-content\/uploads\/2012\/11\/Concilio-Vaticano.jpg","datePublished":"2012-11-15T23:00:00+00:00","dateModified":"2016-04-30T10:57:21+00:00","description":"Rassegna Stampa Cattolica - Per una cultura che nasce dalla Rivelazione cristiana in conformit\u00e0 alla tradizione e al Magistero della Chiesa in opposizione ad ogni relativismo e totalitarismo","breadcrumb":{"@id":"https:\/\/www.rassegnastampa-totustuus.it\/cattolica\/unadeguata-ermeneutica-conciliare-note\/#breadcrumb"},"inLanguage":"it-IT","potentialAction":[{"@type":"ReadAction","target":["https:\/\/www.rassegnastampa-totustuus.it\/cattolica\/unadeguata-ermeneutica-conciliare-note\/"]}]},{"@type":"ImageObject","inLanguage":"it-IT","@id":"https:\/\/www.rassegnastampa-totustuus.it\/cattolica\/unadeguata-ermeneutica-conciliare-note\/#primaryimage","url":"https:\/\/www.rassegnastampa-totustuus.it\/cattolica\/wp-content\/uploads\/2012\/11\/Concilio-Vaticano.jpg","contentUrl":"https:\/\/www.rassegnastampa-totustuus.it\/cattolica\/wp-content\/uploads\/2012\/11\/Concilio-Vaticano.jpg","width":282,"height":179},{"@type":"BreadcrumbList","@id":"https:\/\/www.rassegnastampa-totustuus.it\/cattolica\/unadeguata-ermeneutica-conciliare-note\/#breadcrumb","itemListElement":[{"@type":"ListItem","position":1,"name":"Home","item":"https:\/\/www.rassegnastampa-totustuus.it\/cattolica\/"},{"@type":"ListItem","position":2,"name":"Un&#8217;adeguata ermeneutica conciliare (note)"}]},{"@type":"WebSite","@id":"https:\/\/www.rassegnastampa-totustuus.it\/cattolica\/#website","url":"https:\/\/www.rassegnastampa-totustuus.it\/cattolica\/","name":"Rassegna Stampa Cattolica","description":"Per una cultura che nasce dalla Rivelazione cristiana in conformit\u00e0 alla tradizione e al Magistero della Chiesa in opposizione ad ogni relativismo e totalitarismo","publisher":{"@id":"https:\/\/www.rassegnastampa-totustuus.it\/cattolica\/#organization"},"alternateName":"Rass. Cattolica","potentialAction":[{"@type":"SearchAction","target":{"@type":"EntryPoint","urlTemplate":"https:\/\/www.rassegnastampa-totustuus.it\/cattolica\/?s={search_term_string}"},"query-input":{"@type":"PropertyValueSpecification","valueRequired":true,"valueName":"search_term_string"}}],"inLanguage":"it-IT"},{"@type":"Organization","@id":"https:\/\/www.rassegnastampa-totustuus.it\/cattolica\/#organization","name":"Rassegna Stampa Cattolica","url":"https:\/\/www.rassegnastampa-totustuus.it\/cattolica\/","logo":{"@type":"ImageObject","inLanguage":"it-IT","@id":"https:\/\/www.rassegnastampa-totustuus.it\/cattolica\/#\/schema\/logo\/image\/","url":"https:\/\/www.rassegnastampa-totustuus.it\/cattolica\/wp-content\/uploads\/2014\/04\/logo-rassegna1.gif","contentUrl":"https:\/\/www.rassegnastampa-totustuus.it\/cattolica\/wp-content\/uploads\/2014\/04\/logo-rassegna1.gif","width":600,"height":163,"caption":"Rassegna Stampa Cattolica"},"image":{"@id":"https:\/\/www.rassegnastampa-totustuus.it\/cattolica\/#\/schema\/logo\/image\/"},"sameAs":["https:\/\/www.facebook.com\/rassegnastampacattolica","https:\/\/x.com\/rassegnastampa9"]},{"@type":"Person","@id":"https:\/\/www.rassegnastampa-totustuus.it\/cattolica\/#\/schema\/person\/08f319d2bd1a0904ad9e2bfb7b15e5c3","name":"Redazione","image":{"@type":"ImageObject","inLanguage":"it-IT","@id":"https:\/\/secure.gravatar.com\/avatar\/2fcdf27c78ea025fbdb44e914cc63c72249ffec9dc8aafd5c82b26240ef3f346?s=96&d=mm&r=g","url":"https:\/\/secure.gravatar.com\/avatar\/2fcdf27c78ea025fbdb44e914cc63c72249ffec9dc8aafd5c82b26240ef3f346?s=96&d=mm&r=g","contentUrl":"https:\/\/secure.gravatar.com\/avatar\/2fcdf27c78ea025fbdb44e914cc63c72249ffec9dc8aafd5c82b26240ef3f346?s=96&d=mm&r=g","caption":"Redazione"},"url":"https:\/\/www.rassegnastampa-totustuus.it\/cattolica\/author\/pietroelle\/"}]}},"_links":{"self":[{"href":"https:\/\/www.rassegnastampa-totustuus.it\/cattolica\/wp-json\/wp\/v2\/posts\/5299","targetHints":{"allow":["GET"]}}],"collection":[{"href":"https:\/\/www.rassegnastampa-totustuus.it\/cattolica\/wp-json\/wp\/v2\/posts"}],"about":[{"href":"https:\/\/www.rassegnastampa-totustuus.it\/cattolica\/wp-json\/wp\/v2\/types\/post"}],"author":[{"embeddable":true,"href":"https:\/\/www.rassegnastampa-totustuus.it\/cattolica\/wp-json\/wp\/v2\/users\/6"}],"replies":[{"embeddable":true,"href":"https:\/\/www.rassegnastampa-totustuus.it\/cattolica\/wp-json\/wp\/v2\/comments?post=5299"}],"version-history":[{"count":3,"href":"https:\/\/www.rassegnastampa-totustuus.it\/cattolica\/wp-json\/wp\/v2\/posts\/5299\/revisions"}],"predecessor-version":[{"id":24550,"href":"https:\/\/www.rassegnastampa-totustuus.it\/cattolica\/wp-json\/wp\/v2\/posts\/5299\/revisions\/24550"}],"wp:featuredmedia":[{"embeddable":true,"href":"https:\/\/www.rassegnastampa-totustuus.it\/cattolica\/wp-json\/wp\/v2\/media\/29597"}],"wp:attachment":[{"href":"https:\/\/www.rassegnastampa-totustuus.it\/cattolica\/wp-json\/wp\/v2\/media?parent=5299"}],"wp:term":[{"taxonomy":"category","embeddable":true,"href":"https:\/\/www.rassegnastampa-totustuus.it\/cattolica\/wp-json\/wp\/v2\/categories?post=5299"},{"taxonomy":"post_tag","embeddable":true,"href":"https:\/\/www.rassegnastampa-totustuus.it\/cattolica\/wp-json\/wp\/v2\/tags?post=5299"}],"curies":[{"name":"wp","href":"https:\/\/api.w.org\/{rel}","templated":true}]}}