{"id":52929,"date":"2021-11-11T00:00:29","date_gmt":"2021-11-10T23:00:29","guid":{"rendered":"http:\/\/www.rassegnastampa-totustuus.it\/cattolica\/?p=52929"},"modified":"2024-10-15T09:18:07","modified_gmt":"2024-10-15T07:18:07","slug":"la-tragica-ironia-di-una-civilta-masochista","status":"publish","type":"post","link":"https:\/\/www.rassegnastampa-totustuus.it\/cattolica\/la-tragica-ironia-di-una-civilta-masochista\/","title":{"rendered":"La tragica ironia di una civilt\u00e0 masochista"},"content":{"rendered":"<p style=\"text-align: center;\"><span style=\"color: #000000;\"><strong><img loading=\"lazy\" decoding=\"async\" class=\" wp-image-52930 alignleft\" src=\"https:\/\/www.rassegnastampa-totustuus.it\/cattolica\/wp-content\/uploads\/2021\/11\/persecuzione_Germania_islam-300x142.png\" alt=\"\" width=\"363\" height=\"172\" srcset=\"https:\/\/www.rassegnastampa-totustuus.it\/cattolica\/wp-content\/uploads\/2021\/11\/persecuzione_Germania_islam-300x142.png 300w, https:\/\/www.rassegnastampa-totustuus.it\/cattolica\/wp-content\/uploads\/2021\/11\/persecuzione_Germania_islam-768x364.png 768w, https:\/\/www.rassegnastampa-totustuus.it\/cattolica\/wp-content\/uploads\/2021\/11\/persecuzione_Germania_islam-1024x486.png 1024w, https:\/\/www.rassegnastampa-totustuus.it\/cattolica\/wp-content\/uploads\/2021\/11\/persecuzione_Germania_islam.png 2048w\" sizes=\"auto, (max-width: 363px) 100vw, 363px\" \/>Newsletter<\/strong> di Giulio Meotti 7 Novembra 2021 <\/span><\/p>\n<p style=\"text-align: justify;\"><span style=\"color: #000000;\"><em>In Germania afghano fa a pezzi una chiesa che finanzia gli sbarchi in Italia e un vescovo finanzia la moschea di Erdogan mentre chiude 450 su 500 chiese. Ci battiamo per tutti, non pi\u00f9 per noi stessi<\/em>\u00a0 <\/span><\/p>\n<p style=\"text-align: center;\"><span style=\"color: #000000;\">di <\/span><strong><span style=\"color: #000000;\">Giulio Meotti<\/span> <\/strong><\/p>\n<p><!--more--><\/p>\n<p style=\"text-align: justify;\"><span style=\"color: #000000;\">Quando la scorsa settimana il pastore Klemens M\u00fcller ha guardato fuori dalla finestra, non poteva credere ai suoi occhi. Un giovane afgano stava letteralmente svuotando la sua chiesa di Frauenberg a Nordhausen. L\u2019afghano, che vive in Germania da cinque anni, ha trascinato fuori sedie, svuotato l&#8217;altare, strappato libri religiosi e per organo e non si \u00e8 fermato alla croce, che ha mutilato. <\/span><\/p>\n<p style=\"text-align: justify;\"><span style=\"color: #000000;\"><img loading=\"lazy\" decoding=\"async\" class=\"wp-image-52931 alignright\" src=\"https:\/\/www.rassegnastampa-totustuus.it\/cattolica\/wp-content\/uploads\/2021\/11\/luterani_Germania.jpg\" alt=\"\" width=\"346\" height=\"230\" \/>Alla <em><a style=\"color: #000000;\" href=\"https:\/\/www.bild.de\/regional\/thueringen\/thueringen-aktuell\/afghane-raeumt-kirche-aus-pfarrer-das-war-erschreckend-78116344.bild.html\">Bild,<\/a><\/em> il pastore racconta che l&#8217;afghano gli ha risposto che considerava \u201csbagliata\u201d la fede cristiana. Il crocifisso fatto a pezzi, racconta la<\/span> <span style=\"color: #0000ff;\"><em><a style=\"color: #0000ff;\" href=\"https:\/\/www.welt.de\/vermischtes\/article234767770\/Thueringen-Muslim-raeumt-Kirche-aus-und-zerstoert-religioese-Symbole.html\" target=\"_blank\" rel=\"noreferrer noopener\">Welt<\/a><\/em><\/span>, <span style=\"color: #000000;\">era stato salvato dalle macerie dopo il bombardamento di Nordhausen nella Seconda guerra mondiale. Ha resistito alle bombe, non al nostro masochismo. \u00c8 ironico che la chiesa vandalizzata appartenga alla Chiesa luterana tedesca (EKD), che \u00e8 uno dei maggiori donatori delle barche delle ong nel Mediterraneo, come la Sea Watch. Il capo della Chiesa luterana tedesca ha<\/span> <span style=\"color: #0000ff;\"><a style=\"color: #0000ff;\" href=\"https:\/\/www.welt.de\/vermischtes\/article234767770\/Thueringen-Muslim-raeumt-Kirche-aus-und-zerstoert-religioese-Symbole.html\" target=\"_blank\" rel=\"noreferrer noopener\">appena chiesto<\/a><\/span> <span style=\"color: #000000;\">all\u2019Italia di smettere di frapporsi alle ong che portano migranti in Italia.<\/span><\/p>\n<p style=\"text-align: justify;\"><span style=\"color: #000000;\">E\u2019 tutto ironico\u2026 <\/span><\/p>\n<p style=\"text-align: justify;\"><span style=\"color: #000000;\"><img loading=\"lazy\" decoding=\"async\" class=\" wp-image-40505 alignleft\" src=\"https:\/\/www.rassegnastampa-totustuus.it\/cattolica\/wp-content\/uploads\/2018\/06\/immigrazione.jpg\" alt=\"\" width=\"328\" height=\"245\" \/>Marc Felix Serrao, caporedattore della<\/span> <span style=\"color: #0000ff;\"><em><a style=\"color: #0000ff;\" href=\"https:\/\/www.nzz.ch\/meinung\/thueringen-die-unterwerfung-der-evangelischen-kirche-ld.1653190?mktcval=Twitter&amp;mktcid=smsh&amp;reduced=true\" target=\"_blank\" rel=\"noreferrer noopener\">Neue Z\u00fcrcher Zeitung<\/a><\/em>,<\/span> <span style=\"color: #000000;\">scrive che l\u2019ironia \u00e8 tale che la Chiesa evangelica in Germania sul suo sito web parla di migrazioni, cambiamenti climatici, salvataggio in mare e l&#8217;alluvione a luglio. Sotto il titolo \u201cmigrazione\u201d, ad esempio, si trova un testo del presidente uscente della Chiesa, Heinrich Bedford-Strohm, in cui spiega cosa deve fare una \u201csociet\u00e0 aperta e diversificata\u201d per \u201cconsentire la partecipazione dei migranti\u201d. <\/span><\/p>\n<p style=\"text-align: justify;\"><span style=\"color: #000000;\">\u00c8 importante, scrive il capo della chiesa, che si lasci \u201cscomparire la propria croce\u201d per \u201cil rispetto e l&#8217;apprezzamento reciproci per chi arriva e per la societ\u00e0 ospitante\u201d. Il migrante afghano sembra averlo preso alla lettera. \u201cLa reazione sarebbe comica se non confermasse tragicamente il clich\u00e9 di una chiesa che si batte per tutto e per tutti, ma non pi\u00f9 per se stessa\u201d, scrive Serrao. \u201cLa loro reazione, vagamente basata su Michel Houellebecq, pu\u00f2 in realt\u00e0 essere descritta solo come \u2018sottomissione in Turingia\u2019. Bedford-Strohm ha appena<\/span> <span style=\"color: #000000;\">annunciato di non avere problemi con le chiamate musulmane alla preghiera a Colonia\u201d. <\/span><\/p>\n<p style=\"text-align: justify;\"><span style=\"color: #000000;\"><img loading=\"lazy\" decoding=\"async\" class=\"wp-image-52932 alignright\" src=\"https:\/\/www.rassegnastampa-totustuus.it\/cattolica\/wp-content\/uploads\/2021\/11\/Colonia_moschea_germania_islam.jpg\" alt=\"\" width=\"363\" height=\"243\" \/>Gi\u00e0, Colonia\u2026La grande preghiera islamica pu\u00f2 risuonare ormai ogni venerd\u00ec nel cielo della quarta citt\u00e0 tedesca. E\u2019 lo stesso grido di conquista che i cristiani d&#8217;Oriente e d\u2019Africa giorno e notte sentono alle porte delle loro chiese e case. La storia accelera sulle rive del Reno, il fiume che irriga il cuore dell&#8217;Europa. <\/span><\/p>\n<p style=\"text-align: justify;\"><span style=\"color: #000000;\">Sedici anni fa, Benedetto XVI fece il suo primo viaggio pontificio proprio a Colonia. Invit\u00f2 i giovani d&#8217;Europa a tornare alle proprie radici in pellegrinaggio alla tomba dei Re Magi. A Ratisbona, un anno dopo, Ratzinger mise in guardia contro la violenza intrinseca dell&#8217;Islam. \u00a0<\/span><\/p>\n<p style=\"text-align: justify;\"><span style=\"color: #000000;\"> <img loading=\"lazy\" decoding=\"async\" class=\" wp-image-52933 alignleft\" src=\"https:\/\/www.rassegnastampa-totustuus.it\/cattolica\/wp-content\/uploads\/2021\/11\/Erdogan_Merkel_Germania_Europa_turcha.jpg\" alt=\"\" width=\"392\" height=\"220\" \/>A Colonia<\/span> <span style=\"color: #0000ff;\"><a style=\"color: #0000ff;\" href=\"https:\/\/www.dw.com\/en\/angela-merkel-and-recep-tayyip-erdogan-hold-final-talks-ahead-of-turkish-leaders-cologne-visit\/a-45686356\" target=\"_blank\" rel=\"noreferrer noopener\">Recep Tayyip Erdogan<\/a><\/span> <span style=\"color: #000000;\">\u00e8 venuto ad inaugurare la grande moschea alla presenza di Angela Merkel, la cancelliera democristiana figlia di un pastore prussiano. Questo gesto di buona volont\u00e0 non ha impedito al presidente turco di trasformare Santa Sofia in una moschea nel 2020. Anche la<\/span> <a href=\"https:\/\/www.moroccoworldnews.com\/2021\/10\/344907\/germanys-biggest-mosque-to-broadcast-adhan-for-friday-prayer\" target=\"_blank\" rel=\"noreferrer noopener\"><span style=\"color: #0000ff;\">chiesa cattolica di San Teodoro<\/span><\/a> <span style=\"color: #000000;\">a Colonia ha contribuito all&#8217;islamizzazione della citt\u00e0 finanziando la moschea, in nome di un dialogo interreligioso immaginario.<\/span><\/p>\n<p style=\"text-align: justify;\"><span style=\"color: #000000;\"><img loading=\"lazy\" decoding=\"async\" class=\"wp-image-52934 alignright\" src=\"https:\/\/www.rassegnastampa-totustuus.it\/cattolica\/wp-content\/uploads\/2021\/11\/chiesa_Francia.jpg\" alt=\"\" width=\"357\" height=\"229\" \/>Esattamente come a Saint-\u00c9tienne du Rouvray, in Francia, dove il vescovo Duval regal\u00f2 caritatevolmente un pezzo di terra confinante con una delle chiese della citt\u00e0 per costruirvi la moschea. Adel Kermiche era solito pregare l\u00ec prima di andare a tagliare la gola a padre Jacques Hamel sul suo altare il 25 luglio 2016. \u201cVattene Satana!\u201d, furono le ultime parole del prete.<\/span><\/p>\n<p style=\"text-align: justify;\"><span style=\"color: #000000;\"> Il 24 aprile scorso, anche l&#8217;arcivescovo di Colonia, cardinale Rainer Woelki, ha protestato solennemente contro le parole della deputata (AfD) Beatrix von Storch, principessa di Oldenburg, per la quale l&#8217;Islam \u00e8 &#8220;un&#8217;ideologia politica che non rispetta i nostri fondamentali legge\u201d. Oggi il porporato \u00e8 in congedo per la gestione dei casi di pedofilia nella sua diocesi e l<\/span>&#8216;<span style=\"color: #0000ff;\"><a style=\"color: #0000ff;\" href=\"https:\/\/www.dw.com\/en\/german-catholic-church-is-losing-priests-and-parishes\/a-55016966\" target=\"_blank\" rel=\"noreferrer noopener\">arcidiocesi di Colonia<\/a><\/span> <span style=\"color: #000000;\">prevede di ridurre le sue parrocchie da 500 a 50 entro il 2030.<\/span><\/p>\n<p style=\"text-align: justify;\"><span style=\"color: #000000;\">Nel grande e ironico vuoto postmoderno dell\u2019Europa, l&#8217;Islam va al galoppo.<\/span><\/p>\n<p>_________________________________<\/p>\n<p><strong>Leggi anche:<\/strong><\/p>\n<p><a href=\"https:\/\/www.rassegnastampa-totustuus.it\/cattolica\/abbiamo-fatto-un-vero-affare-via-gli-ebrei-dentro-gli-islamisti\/\" target=\"_blank\" rel=\"noopener\"><span style=\"color: #0000ff;\">Abbiamo fatto un vero affare: via gli ebrei, dentro gli islamisti<\/span><\/a><\/p>\n","protected":false},"excerpt":{"rendered":"<p>Newsletter di Giulio Meotti 7 Novembra 2021 In Germania afghano fa a pezzi una chiesa che finanzia gli sbarchi in Italia e un vescovo finanzia la moschea di Erdogan mentre chiude 450 su 500 chiese. Ci battiamo per tutti, non pi\u00f9 per noi stessi\u00a0 di Giulio Meotti<\/p><p><a class=\"more-link btn\" href=\"https:\/\/www.rassegnastampa-totustuus.it\/cattolica\/la-tragica-ironia-di-una-civilta-masochista\/\">Continua a leggere<\/a><\/p>\n","protected":false},"author":6,"featured_media":51649,"comment_status":"closed","ping_status":"closed","sticky":false,"template":"","format":"standard","meta":{"footnotes":""},"categories":[14],"tags":[2837,1347,439],"class_list":["post-52929","post","type-post","status-publish","format-standard","has-post-thumbnail","hentry","category-europa-e-ue","tag-crisi-delloccidente","tag-crisi-morale","tag-europa-ue","item-wrap"],"yoast_head":"<!-- This site is optimized with the Yoast SEO plugin v27.4 - https:\/\/yoast.com\/product\/yoast-seo-wordpress\/ -->\n<title>La tragica ironia di una civilt\u00e0 masochista - Rassegna Stampa Cattolica<\/title>\n<meta name=\"description\" content=\"La tragica ironia di una civilt\u00e0 masochista con vescovi che che finanziano moschee mentre le chiese chiudono\" \/>\n<meta name=\"robots\" content=\"index, follow, max-snippet:-1, max-image-preview:large, max-video-preview:-1\" \/>\n<link rel=\"canonical\" href=\"https:\/\/www.rassegnastampa-totustuus.it\/cattolica\/la-tragica-ironia-di-una-civilta-masochista\/\" \/>\n<meta property=\"og:locale\" content=\"it_IT\" \/>\n<meta property=\"og:type\" content=\"article\" \/>\n<meta property=\"og:title\" content=\"La tragica ironia di una civilt\u00e0 masochista - Rassegna Stampa Cattolica\" \/>\n<meta property=\"og:description\" content=\"La tragica ironia di una civilt\u00e0 masochista con vescovi che che finanziano moschee mentre le chiese chiudono\" \/>\n<meta property=\"og:url\" content=\"https:\/\/www.rassegnastampa-totustuus.it\/cattolica\/la-tragica-ironia-di-una-civilta-masochista\/\" \/>\n<meta property=\"og:site_name\" content=\"Rassegna Stampa Cattolica\" \/>\n<meta property=\"article:publisher\" content=\"https:\/\/www.facebook.com\/rassegnastampacattolica\" \/>\n<meta property=\"article:published_time\" content=\"2021-11-10T23:00:29+00:00\" \/>\n<meta property=\"article:modified_time\" content=\"2024-10-15T07:18:07+00:00\" \/>\n<meta property=\"og:image\" content=\"https:\/\/www.rassegnastampa-totustuus.it\/cattolica\/wp-content\/uploads\/2021\/06\/Francia_Islam_europa.jpg\" \/>\n\t<meta property=\"og:image:width\" content=\"1280\" \/>\n\t<meta property=\"og:image:height\" content=\"853\" \/>\n\t<meta property=\"og:image:type\" content=\"image\/jpeg\" \/>\n<meta name=\"author\" content=\"Redazione\" \/>\n<meta name=\"twitter:card\" content=\"summary_large_image\" \/>\n<meta name=\"twitter:creator\" content=\"@rassegnastampa9\" \/>\n<meta name=\"twitter:site\" content=\"@rassegnastampa9\" \/>\n<meta name=\"twitter:label1\" content=\"Scritto da\" \/>\n\t<meta name=\"twitter:data1\" content=\"Redazione\" \/>\n\t<meta name=\"twitter:label2\" content=\"Tempo di lettura stimato\" \/>\n\t<meta name=\"twitter:data2\" content=\"6 minuti\" \/>\n<script type=\"application\/ld+json\" class=\"yoast-schema-graph\">{\"@context\":\"https:\\\/\\\/schema.org\",\"@graph\":[{\"@type\":\"Article\",\"@id\":\"https:\\\/\\\/www.rassegnastampa-totustuus.it\\\/cattolica\\\/la-tragica-ironia-di-una-civilta-masochista\\\/#article\",\"isPartOf\":{\"@id\":\"https:\\\/\\\/www.rassegnastampa-totustuus.it\\\/cattolica\\\/la-tragica-ironia-di-una-civilta-masochista\\\/\"},\"author\":{\"name\":\"Redazione\",\"@id\":\"https:\\\/\\\/www.rassegnastampa-totustuus.it\\\/cattolica\\\/#\\\/schema\\\/person\\\/08f319d2bd1a0904ad9e2bfb7b15e5c3\"},\"headline\":\"La tragica ironia di una civilt\u00e0 masochista\",\"datePublished\":\"2021-11-10T23:00:29+00:00\",\"dateModified\":\"2024-10-15T07:18:07+00:00\",\"mainEntityOfPage\":{\"@id\":\"https:\\\/\\\/www.rassegnastampa-totustuus.it\\\/cattolica\\\/la-tragica-ironia-di-una-civilta-masochista\\\/\"},\"wordCount\":710,\"publisher\":{\"@id\":\"https:\\\/\\\/www.rassegnastampa-totustuus.it\\\/cattolica\\\/#organization\"},\"image\":{\"@id\":\"https:\\\/\\\/www.rassegnastampa-totustuus.it\\\/cattolica\\\/la-tragica-ironia-di-una-civilta-masochista\\\/#primaryimage\"},\"thumbnailUrl\":\"https:\\\/\\\/www.rassegnastampa-totustuus.it\\\/cattolica\\\/wp-content\\\/uploads\\\/2021\\\/06\\\/Francia_Islam_europa.jpg\",\"keywords\":[\"crisi dell&#039;Occidente\",\"crisi morale\",\"Europa UE\"],\"articleSection\":[\"Europa e UE\"],\"inLanguage\":\"it-IT\"},{\"@type\":\"WebPage\",\"@id\":\"https:\\\/\\\/www.rassegnastampa-totustuus.it\\\/cattolica\\\/la-tragica-ironia-di-una-civilta-masochista\\\/\",\"url\":\"https:\\\/\\\/www.rassegnastampa-totustuus.it\\\/cattolica\\\/la-tragica-ironia-di-una-civilta-masochista\\\/\",\"name\":\"La tragica ironia di una civilt\u00e0 masochista - Rassegna Stampa Cattolica\",\"isPartOf\":{\"@id\":\"https:\\\/\\\/www.rassegnastampa-totustuus.it\\\/cattolica\\\/#website\"},\"primaryImageOfPage\":{\"@id\":\"https:\\\/\\\/www.rassegnastampa-totustuus.it\\\/cattolica\\\/la-tragica-ironia-di-una-civilta-masochista\\\/#primaryimage\"},\"image\":{\"@id\":\"https:\\\/\\\/www.rassegnastampa-totustuus.it\\\/cattolica\\\/la-tragica-ironia-di-una-civilta-masochista\\\/#primaryimage\"},\"thumbnailUrl\":\"https:\\\/\\\/www.rassegnastampa-totustuus.it\\\/cattolica\\\/wp-content\\\/uploads\\\/2021\\\/06\\\/Francia_Islam_europa.jpg\",\"datePublished\":\"2021-11-10T23:00:29+00:00\",\"dateModified\":\"2024-10-15T07:18:07+00:00\",\"description\":\"La tragica ironia di una civilt\u00e0 masochista con vescovi che che finanziano moschee mentre le chiese chiudono\",\"breadcrumb\":{\"@id\":\"https:\\\/\\\/www.rassegnastampa-totustuus.it\\\/cattolica\\\/la-tragica-ironia-di-una-civilta-masochista\\\/#breadcrumb\"},\"inLanguage\":\"it-IT\",\"potentialAction\":[{\"@type\":\"ReadAction\",\"target\":[\"https:\\\/\\\/www.rassegnastampa-totustuus.it\\\/cattolica\\\/la-tragica-ironia-di-una-civilta-masochista\\\/\"]}]},{\"@type\":\"ImageObject\",\"inLanguage\":\"it-IT\",\"@id\":\"https:\\\/\\\/www.rassegnastampa-totustuus.it\\\/cattolica\\\/la-tragica-ironia-di-una-civilta-masochista\\\/#primaryimage\",\"url\":\"https:\\\/\\\/www.rassegnastampa-totustuus.it\\\/cattolica\\\/wp-content\\\/uploads\\\/2021\\\/06\\\/Francia_Islam_europa.jpg\",\"contentUrl\":\"https:\\\/\\\/www.rassegnastampa-totustuus.it\\\/cattolica\\\/wp-content\\\/uploads\\\/2021\\\/06\\\/Francia_Islam_europa.jpg\",\"width\":1280,\"height\":853},{\"@type\":\"BreadcrumbList\",\"@id\":\"https:\\\/\\\/www.rassegnastampa-totustuus.it\\\/cattolica\\\/la-tragica-ironia-di-una-civilta-masochista\\\/#breadcrumb\",\"itemListElement\":[{\"@type\":\"ListItem\",\"position\":1,\"name\":\"Home\",\"item\":\"https:\\\/\\\/www.rassegnastampa-totustuus.it\\\/cattolica\\\/\"},{\"@type\":\"ListItem\",\"position\":2,\"name\":\"La tragica ironia di una civilt\u00e0 masochista\"}]},{\"@type\":\"WebSite\",\"@id\":\"https:\\\/\\\/www.rassegnastampa-totustuus.it\\\/cattolica\\\/#website\",\"url\":\"https:\\\/\\\/www.rassegnastampa-totustuus.it\\\/cattolica\\\/\",\"name\":\"Rassegna Stampa Cattolica\",\"description\":\"Per una cultura che nasce dalla Rivelazione cristiana in conformit\u00e0 alla tradizione e al Magistero della Chiesa in opposizione ad ogni relativismo e totalitarismo\",\"publisher\":{\"@id\":\"https:\\\/\\\/www.rassegnastampa-totustuus.it\\\/cattolica\\\/#organization\"},\"alternateName\":\"Rass. Cattolica\",\"potentialAction\":[{\"@type\":\"SearchAction\",\"target\":{\"@type\":\"EntryPoint\",\"urlTemplate\":\"https:\\\/\\\/www.rassegnastampa-totustuus.it\\\/cattolica\\\/?s={search_term_string}\"},\"query-input\":{\"@type\":\"PropertyValueSpecification\",\"valueRequired\":true,\"valueName\":\"search_term_string\"}}],\"inLanguage\":\"it-IT\"},{\"@type\":\"Organization\",\"@id\":\"https:\\\/\\\/www.rassegnastampa-totustuus.it\\\/cattolica\\\/#organization\",\"name\":\"Rassegna Stampa Cattolica\",\"url\":\"https:\\\/\\\/www.rassegnastampa-totustuus.it\\\/cattolica\\\/\",\"logo\":{\"@type\":\"ImageObject\",\"inLanguage\":\"it-IT\",\"@id\":\"https:\\\/\\\/www.rassegnastampa-totustuus.it\\\/cattolica\\\/#\\\/schema\\\/logo\\\/image\\\/\",\"url\":\"https:\\\/\\\/www.rassegnastampa-totustuus.it\\\/cattolica\\\/wp-content\\\/uploads\\\/2014\\\/04\\\/logo-rassegna1.gif\",\"contentUrl\":\"https:\\\/\\\/www.rassegnastampa-totustuus.it\\\/cattolica\\\/wp-content\\\/uploads\\\/2014\\\/04\\\/logo-rassegna1.gif\",\"width\":600,\"height\":163,\"caption\":\"Rassegna Stampa Cattolica\"},\"image\":{\"@id\":\"https:\\\/\\\/www.rassegnastampa-totustuus.it\\\/cattolica\\\/#\\\/schema\\\/logo\\\/image\\\/\"},\"sameAs\":[\"https:\\\/\\\/www.facebook.com\\\/rassegnastampacattolica\",\"https:\\\/\\\/x.com\\\/rassegnastampa9\"]},{\"@type\":\"Person\",\"@id\":\"https:\\\/\\\/www.rassegnastampa-totustuus.it\\\/cattolica\\\/#\\\/schema\\\/person\\\/08f319d2bd1a0904ad9e2bfb7b15e5c3\",\"name\":\"Redazione\",\"image\":{\"@type\":\"ImageObject\",\"inLanguage\":\"it-IT\",\"@id\":\"https:\\\/\\\/secure.gravatar.com\\\/avatar\\\/2fcdf27c78ea025fbdb44e914cc63c72249ffec9dc8aafd5c82b26240ef3f346?s=96&d=mm&r=g\",\"url\":\"https:\\\/\\\/secure.gravatar.com\\\/avatar\\\/2fcdf27c78ea025fbdb44e914cc63c72249ffec9dc8aafd5c82b26240ef3f346?s=96&d=mm&r=g\",\"contentUrl\":\"https:\\\/\\\/secure.gravatar.com\\\/avatar\\\/2fcdf27c78ea025fbdb44e914cc63c72249ffec9dc8aafd5c82b26240ef3f346?s=96&d=mm&r=g\",\"caption\":\"Redazione\"},\"url\":\"https:\\\/\\\/www.rassegnastampa-totustuus.it\\\/cattolica\\\/author\\\/pietroelle\\\/\"}]}<\/script>\n<!-- \/ Yoast SEO plugin. -->","yoast_head_json":{"title":"La tragica ironia di una civilt\u00e0 masochista - Rassegna Stampa Cattolica","description":"La tragica ironia di una civilt\u00e0 masochista con vescovi che che finanziano moschee mentre le chiese chiudono","robots":{"index":"index","follow":"follow","max-snippet":"max-snippet:-1","max-image-preview":"max-image-preview:large","max-video-preview":"max-video-preview:-1"},"canonical":"https:\/\/www.rassegnastampa-totustuus.it\/cattolica\/la-tragica-ironia-di-una-civilta-masochista\/","og_locale":"it_IT","og_type":"article","og_title":"La tragica ironia di una civilt\u00e0 masochista - Rassegna Stampa Cattolica","og_description":"La tragica ironia di una civilt\u00e0 masochista con vescovi che che finanziano moschee mentre le chiese chiudono","og_url":"https:\/\/www.rassegnastampa-totustuus.it\/cattolica\/la-tragica-ironia-di-una-civilta-masochista\/","og_site_name":"Rassegna Stampa Cattolica","article_publisher":"https:\/\/www.facebook.com\/rassegnastampacattolica","article_published_time":"2021-11-10T23:00:29+00:00","article_modified_time":"2024-10-15T07:18:07+00:00","og_image":[{"width":1280,"height":853,"url":"https:\/\/www.rassegnastampa-totustuus.it\/cattolica\/wp-content\/uploads\/2021\/06\/Francia_Islam_europa.jpg","type":"image\/jpeg"}],"author":"Redazione","twitter_card":"summary_large_image","twitter_creator":"@rassegnastampa9","twitter_site":"@rassegnastampa9","twitter_misc":{"Scritto da":"Redazione","Tempo di lettura stimato":"6 minuti"},"schema":{"@context":"https:\/\/schema.org","@graph":[{"@type":"Article","@id":"https:\/\/www.rassegnastampa-totustuus.it\/cattolica\/la-tragica-ironia-di-una-civilta-masochista\/#article","isPartOf":{"@id":"https:\/\/www.rassegnastampa-totustuus.it\/cattolica\/la-tragica-ironia-di-una-civilta-masochista\/"},"author":{"name":"Redazione","@id":"https:\/\/www.rassegnastampa-totustuus.it\/cattolica\/#\/schema\/person\/08f319d2bd1a0904ad9e2bfb7b15e5c3"},"headline":"La tragica ironia di una civilt\u00e0 masochista","datePublished":"2021-11-10T23:00:29+00:00","dateModified":"2024-10-15T07:18:07+00:00","mainEntityOfPage":{"@id":"https:\/\/www.rassegnastampa-totustuus.it\/cattolica\/la-tragica-ironia-di-una-civilta-masochista\/"},"wordCount":710,"publisher":{"@id":"https:\/\/www.rassegnastampa-totustuus.it\/cattolica\/#organization"},"image":{"@id":"https:\/\/www.rassegnastampa-totustuus.it\/cattolica\/la-tragica-ironia-di-una-civilta-masochista\/#primaryimage"},"thumbnailUrl":"https:\/\/www.rassegnastampa-totustuus.it\/cattolica\/wp-content\/uploads\/2021\/06\/Francia_Islam_europa.jpg","keywords":["crisi dell&#039;Occidente","crisi morale","Europa UE"],"articleSection":["Europa e UE"],"inLanguage":"it-IT"},{"@type":"WebPage","@id":"https:\/\/www.rassegnastampa-totustuus.it\/cattolica\/la-tragica-ironia-di-una-civilta-masochista\/","url":"https:\/\/www.rassegnastampa-totustuus.it\/cattolica\/la-tragica-ironia-di-una-civilta-masochista\/","name":"La tragica ironia di una civilt\u00e0 masochista - Rassegna Stampa Cattolica","isPartOf":{"@id":"https:\/\/www.rassegnastampa-totustuus.it\/cattolica\/#website"},"primaryImageOfPage":{"@id":"https:\/\/www.rassegnastampa-totustuus.it\/cattolica\/la-tragica-ironia-di-una-civilta-masochista\/#primaryimage"},"image":{"@id":"https:\/\/www.rassegnastampa-totustuus.it\/cattolica\/la-tragica-ironia-di-una-civilta-masochista\/#primaryimage"},"thumbnailUrl":"https:\/\/www.rassegnastampa-totustuus.it\/cattolica\/wp-content\/uploads\/2021\/06\/Francia_Islam_europa.jpg","datePublished":"2021-11-10T23:00:29+00:00","dateModified":"2024-10-15T07:18:07+00:00","description":"La tragica ironia di una civilt\u00e0 masochista con vescovi che che finanziano moschee mentre le chiese chiudono","breadcrumb":{"@id":"https:\/\/www.rassegnastampa-totustuus.it\/cattolica\/la-tragica-ironia-di-una-civilta-masochista\/#breadcrumb"},"inLanguage":"it-IT","potentialAction":[{"@type":"ReadAction","target":["https:\/\/www.rassegnastampa-totustuus.it\/cattolica\/la-tragica-ironia-di-una-civilta-masochista\/"]}]},{"@type":"ImageObject","inLanguage":"it-IT","@id":"https:\/\/www.rassegnastampa-totustuus.it\/cattolica\/la-tragica-ironia-di-una-civilta-masochista\/#primaryimage","url":"https:\/\/www.rassegnastampa-totustuus.it\/cattolica\/wp-content\/uploads\/2021\/06\/Francia_Islam_europa.jpg","contentUrl":"https:\/\/www.rassegnastampa-totustuus.it\/cattolica\/wp-content\/uploads\/2021\/06\/Francia_Islam_europa.jpg","width":1280,"height":853},{"@type":"BreadcrumbList","@id":"https:\/\/www.rassegnastampa-totustuus.it\/cattolica\/la-tragica-ironia-di-una-civilta-masochista\/#breadcrumb","itemListElement":[{"@type":"ListItem","position":1,"name":"Home","item":"https:\/\/www.rassegnastampa-totustuus.it\/cattolica\/"},{"@type":"ListItem","position":2,"name":"La tragica ironia di una civilt\u00e0 masochista"}]},{"@type":"WebSite","@id":"https:\/\/www.rassegnastampa-totustuus.it\/cattolica\/#website","url":"https:\/\/www.rassegnastampa-totustuus.it\/cattolica\/","name":"Rassegna Stampa Cattolica","description":"Per una cultura che nasce dalla Rivelazione cristiana in conformit\u00e0 alla tradizione e al Magistero della Chiesa in opposizione ad ogni relativismo e totalitarismo","publisher":{"@id":"https:\/\/www.rassegnastampa-totustuus.it\/cattolica\/#organization"},"alternateName":"Rass. Cattolica","potentialAction":[{"@type":"SearchAction","target":{"@type":"EntryPoint","urlTemplate":"https:\/\/www.rassegnastampa-totustuus.it\/cattolica\/?s={search_term_string}"},"query-input":{"@type":"PropertyValueSpecification","valueRequired":true,"valueName":"search_term_string"}}],"inLanguage":"it-IT"},{"@type":"Organization","@id":"https:\/\/www.rassegnastampa-totustuus.it\/cattolica\/#organization","name":"Rassegna Stampa Cattolica","url":"https:\/\/www.rassegnastampa-totustuus.it\/cattolica\/","logo":{"@type":"ImageObject","inLanguage":"it-IT","@id":"https:\/\/www.rassegnastampa-totustuus.it\/cattolica\/#\/schema\/logo\/image\/","url":"https:\/\/www.rassegnastampa-totustuus.it\/cattolica\/wp-content\/uploads\/2014\/04\/logo-rassegna1.gif","contentUrl":"https:\/\/www.rassegnastampa-totustuus.it\/cattolica\/wp-content\/uploads\/2014\/04\/logo-rassegna1.gif","width":600,"height":163,"caption":"Rassegna Stampa Cattolica"},"image":{"@id":"https:\/\/www.rassegnastampa-totustuus.it\/cattolica\/#\/schema\/logo\/image\/"},"sameAs":["https:\/\/www.facebook.com\/rassegnastampacattolica","https:\/\/x.com\/rassegnastampa9"]},{"@type":"Person","@id":"https:\/\/www.rassegnastampa-totustuus.it\/cattolica\/#\/schema\/person\/08f319d2bd1a0904ad9e2bfb7b15e5c3","name":"Redazione","image":{"@type":"ImageObject","inLanguage":"it-IT","@id":"https:\/\/secure.gravatar.com\/avatar\/2fcdf27c78ea025fbdb44e914cc63c72249ffec9dc8aafd5c82b26240ef3f346?s=96&d=mm&r=g","url":"https:\/\/secure.gravatar.com\/avatar\/2fcdf27c78ea025fbdb44e914cc63c72249ffec9dc8aafd5c82b26240ef3f346?s=96&d=mm&r=g","contentUrl":"https:\/\/secure.gravatar.com\/avatar\/2fcdf27c78ea025fbdb44e914cc63c72249ffec9dc8aafd5c82b26240ef3f346?s=96&d=mm&r=g","caption":"Redazione"},"url":"https:\/\/www.rassegnastampa-totustuus.it\/cattolica\/author\/pietroelle\/"}]}},"_links":{"self":[{"href":"https:\/\/www.rassegnastampa-totustuus.it\/cattolica\/wp-json\/wp\/v2\/posts\/52929","targetHints":{"allow":["GET"]}}],"collection":[{"href":"https:\/\/www.rassegnastampa-totustuus.it\/cattolica\/wp-json\/wp\/v2\/posts"}],"about":[{"href":"https:\/\/www.rassegnastampa-totustuus.it\/cattolica\/wp-json\/wp\/v2\/types\/post"}],"author":[{"embeddable":true,"href":"https:\/\/www.rassegnastampa-totustuus.it\/cattolica\/wp-json\/wp\/v2\/users\/6"}],"replies":[{"embeddable":true,"href":"https:\/\/www.rassegnastampa-totustuus.it\/cattolica\/wp-json\/wp\/v2\/comments?post=52929"}],"version-history":[{"count":2,"href":"https:\/\/www.rassegnastampa-totustuus.it\/cattolica\/wp-json\/wp\/v2\/posts\/52929\/revisions"}],"predecessor-version":[{"id":61459,"href":"https:\/\/www.rassegnastampa-totustuus.it\/cattolica\/wp-json\/wp\/v2\/posts\/52929\/revisions\/61459"}],"wp:featuredmedia":[{"embeddable":true,"href":"https:\/\/www.rassegnastampa-totustuus.it\/cattolica\/wp-json\/wp\/v2\/media\/51649"}],"wp:attachment":[{"href":"https:\/\/www.rassegnastampa-totustuus.it\/cattolica\/wp-json\/wp\/v2\/media?parent=52929"}],"wp:term":[{"taxonomy":"category","embeddable":true,"href":"https:\/\/www.rassegnastampa-totustuus.it\/cattolica\/wp-json\/wp\/v2\/categories?post=52929"},{"taxonomy":"post_tag","embeddable":true,"href":"https:\/\/www.rassegnastampa-totustuus.it\/cattolica\/wp-json\/wp\/v2\/tags?post=52929"}],"curies":[{"name":"wp","href":"https:\/\/api.w.org\/{rel}","templated":true}]}}