{"id":52926,"date":"2021-11-11T00:00:21","date_gmt":"2021-11-10T23:00:21","guid":{"rendered":"http:\/\/www.rassegnastampa-totustuus.it\/cattolica\/?p=52926"},"modified":"2024-10-15T09:24:52","modified_gmt":"2024-10-15T07:24:52","slug":"quello-che-i-martiri-spagnoli-insegnano-ai-preti-di-oggi","status":"publish","type":"post","link":"https:\/\/www.rassegnastampa-totustuus.it\/cattolica\/quello-che-i-martiri-spagnoli-insegnano-ai-preti-di-oggi\/","title":{"rendered":"Quello che i martiri spagnoli insegnano ai preti di oggi"},"content":{"rendered":"<p style=\"text-align: center;\"><span style=\"color: #000000;\"><strong><img loading=\"lazy\" decoding=\"async\" class=\"size-full wp-image-32499 alignleft\" src=\"https:\/\/www.rassegnastampa-totustuus.it\/cattolica\/wp-content\/uploads\/2005\/08\/martiri_spagnoli.jpg\" alt=\"\" width=\"229\" height=\"220\" \/>La Nuova Bussola quotidiana<\/strong> <\/span><\/p>\n<p style=\"text-align: center;\"><span style=\"color: #000000;\">6 Novembre 2021<\/span><\/p>\n<p style=\"text-align: justify;\"><span style=\"color: #000000;\"><em>Oggi la Spagna ricorda i martiri della sua guerra civile (1936-39), che in spregio alla loro fede cristiana furono martirizzati. Fra questi moltissimi erano sacerdoti. Il loro sacrificio ci fa riflettere sull\u2019importanza del sacerdozio e come esso vada difeso nella sua dignit\u00e0 anche a costo della propria vita. Eppure oggi i paesi di antica tradizione cristiana vedono un calo costante di sacerdoti: perch\u00e9 oggi nell\u2019Occidente il sacerdozio non \u00e8 pi\u00f9 considerato come una via da percorrere. <\/em><\/span><\/p>\n<p style=\"text-align: center;\"><span style=\"color: #000000;\"><em>\u00a0<\/em>di <strong>Aurelio Porfiri<\/strong><\/span><\/p>\n<p><!--more--><\/p>\n<p style=\"text-align: justify;\"><span style=\"color: #000000;\"><img loading=\"lazy\" decoding=\"async\" class=\"size-medium wp-image-52927 alignright\" src=\"https:\/\/www.rassegnastampa-totustuus.it\/cattolica\/wp-content\/uploads\/2021\/11\/martiri_spagna-300x219.jpg\" alt=\"\" width=\"300\" height=\"219\" srcset=\"https:\/\/www.rassegnastampa-totustuus.it\/cattolica\/wp-content\/uploads\/2021\/11\/martiri_spagna-300x219.jpg 300w, https:\/\/www.rassegnastampa-totustuus.it\/cattolica\/wp-content\/uploads\/2021\/11\/martiri_spagna.jpg 690w\" sizes=\"auto, (max-width: 300px) 100vw, 300px\" \/>Oggi la Spagna ricorda i martiri della<\/span> <span style=\"color: #0000ff;\"><a style=\"color: #0000ff;\" href=\"https:\/\/www.cope.es\/religion\/vivir-la-fe\/santoral\/noticias\/santoral-hoy-viernes-noviembre-santos-martires-espanoles-siglo-20201106_983330\" target=\"_blank\" rel=\"noreferrer noopener\">persecuzione tra il 1931 e il 1939<\/a><\/span>, <span style=\"color: #000000;\">e in particolare durante la guerra civile (1936-39), coloro che in spregio alla loro fede cristiana furono martirizzati. Al 2019 avevamo 11 santi, 1889 beati e numerosissimi servi di Dio. <\/span><\/p>\n<p style=\"text-align: justify;\"><span style=\"color: #000000;\">Un tributo di sangue eroico, tante storie che ci raccontano dell\u2019immane tragedia che fu quell\u2019evento storico anche per la Chiesa cattolica, in cui per\u00f2 esiste il paradosso che ci insegna Tertulliano, cio\u00e8 che il sangue dei martiri \u00e8 seme di nuovi cristiani. Questo perch\u00e9 questi fratelli e sorelle ci mostrano un esempio eroico di come la fede sia esigente e ci chieda un\u2019adesione totale, fino all\u2019effusione del sangue, se necessario. <\/span><\/p>\n<p style=\"text-align: justify;\"><span style=\"color: #000000;\"><strong>Fra questi martiri molti erano sacerdoti<\/strong>, seminaristi, religiosi, suore. Secondo <img loading=\"lazy\" decoding=\"async\" class=\" wp-image-45899 alignleft\" src=\"https:\/\/www.rassegnastampa-totustuus.it\/cattolica\/wp-content\/uploads\/2020\/01\/sacerdoti_preti_chiesa-300x199.jpg\" alt=\"\" width=\"344\" height=\"228\" srcset=\"https:\/\/www.rassegnastampa-totustuus.it\/cattolica\/wp-content\/uploads\/2020\/01\/sacerdoti_preti_chiesa-300x199.jpg 300w, https:\/\/www.rassegnastampa-totustuus.it\/cattolica\/wp-content\/uploads\/2020\/01\/sacerdoti_preti_chiesa-768x508.jpg 768w, https:\/\/www.rassegnastampa-totustuus.it\/cattolica\/wp-content\/uploads\/2020\/01\/sacerdoti_preti_chiesa-1024x678.jpg 1024w, https:\/\/www.rassegnastampa-totustuus.it\/cattolica\/wp-content\/uploads\/2020\/01\/sacerdoti_preti_chiesa.jpg 2000w\" sizes=\"auto, (max-width: 344px) 100vw, 344px\" \/>un calcolo fatto sono pi\u00f9 di 6800 i martirizzati tra i consacrati (includendo qui coloro che non sono stati ancora elevati all\u2019onore degli altari), un numero enorme che corrispondeva ad una porzione significativa delle forze religiose spagnole del tempo. <\/span><\/p>\n<p style=\"text-align: justify;\"><span style=\"color: #000000;\">Ovviamente ci furono anche tantissimi laici in questo novero, ma concentrandosi sui consacrati si riflette sul valore e l\u2019importanza del sacerdozio e come esso vada difeso nella sua dignit\u00e0 anche a costo della propria vita. Questo ci insegnano i martiri spagnoli, lo insegnano ai sacerdoti di tutto il mondo. <\/span><\/p>\n<p style=\"text-align: justify;\"><span style=\"color: #000000;\"><strong>Eppure, se guardiamo alle statistiche<\/strong>, dovrebbe far preoccupare che paesi di antica tradizione cristiana vedono un calo costante di sacerdoti: \u201cPer quanto <img loading=\"lazy\" decoding=\"async\" class=\"wp-image-26026 alignright\" src=\"https:\/\/www.rassegnastampa-totustuus.it\/cattolica\/wp-content\/uploads\/2013\/10\/abusi-liturgici.jpg\" alt=\"\" width=\"290\" height=\"216\" \/>riguarda il numero dei sacerdoti, a segnare una diminuzione consistente ancora una volta \u00e8 l&#8217;Europa (-2.608) cui si aggiungono l&#8217;America (-690) e l&#8217;Oceania (-69). Gli aumenti si registrano in Africa (+1.649) e in Asia (+1.989)\u201d (Eliana Ruggiero, AGI, sui dati statistici forniti dall\u2019agenzia Fides). <\/span><\/p>\n<p style=\"text-align: justify;\"><span style=\"color: #000000;\">Ci si consola dicendo che globalmente si assiste ad una crescita percentuale dei Cattolici, ma in realt\u00e0 questa va interpretata in quanto \u00e8 probabilmente trainata dalla crescita della popolazione mondiale. E questa crescita rende ancora pi\u00f9 preoccupante il calo statistico che continua da anni. Si potrebbero fare considerazioni sulla crescita in Africa e Asia, ma probabilmente non \u00e8 questo il luogo. <\/span><\/p>\n<p style=\"text-align: justify;\"><span style=\"color: #000000;\"><strong>Interroghiamoci sul perch\u00e9 oggi nell\u2019Occidente il sacerdozio<\/strong> non \u00e8 pi\u00f9 <img loading=\"lazy\" decoding=\"async\" class=\"wp-image-29973 alignleft\" src=\"https:\/\/www.rassegnastampa-totustuus.it\/cattolica\/wp-content\/uploads\/2009\/03\/liturgia_abusi.jpg\" alt=\"\" width=\"353\" height=\"235\" \/>considerato come una via da percorrere. Non sar\u00e0 che hanno contribuito la laicizzazione del clero e la clericalizzazione dei laici? <\/span><\/p>\n<p style=\"text-align: justify;\"><span style=\"color: #000000;\">Anni fa un arcivescovo disse che il Concilio Vaticano II aveva contribuito nel mostrare il sacerdote non soltanto come funzionario del sacro. <\/span><span style=\"color: #000000;\">Ma non \u00e8 proprio questo il suo compito principale? <\/span><\/p>\n<p style=\"text-align: justify;\"><span style=\"color: #000000;\">Perdendo questo non darebbero via la loro identit\u00e0 pi\u00f9 profonda, che si manifesta con l\u2019uso dell\u2019abito ecclesiastico, con una vita di preghiera e soprattutto con la salvaguardia della dignit\u00e0 della liturgia? Si \u00e8 sacerdoti per sempre proprio perch\u00e9 il carattere fondamentale del sacerdozio ordina le persone a Cristo e deve\u00a0sempre essere un richiamo a Lui. <\/span><\/p>\n<p style=\"text-align: justify;\"><span style=\"color: #000000;\"><strong>I martiri spagnoli ci insegnano che c\u2019\u00e8 qualcosa pi\u00f9 grande della nostra vita<\/strong>, c\u2019\u00e8 il riconoscere la nostra dignit\u00e0 di cristiani come ci insegnava anche san Leone Magno e il saperla difendere, nell\u2019ambito della propria vocazione, fino alla fine.<\/span><\/p>\n<p>_______________________________________<\/p>\n<p><strong>Leggi anche:<\/strong><\/p>\n<p><a href=\"https:\/\/www.rassegnastampa-totustuus.it\/cattolica\/due-anni-fa-diventava-beata-emilia-la-canestraia-martire-nella-guerra-civile-spagnola\/\" target=\"_blank\" rel=\"noopener\"><span style=\"color: #0000ff;\">Due anni fa diventava beata Emilia la canestraia, martire nella guerra civile spagnola<\/span><\/a><\/p>\n","protected":false},"excerpt":{"rendered":"<p>La Nuova Bussola quotidiana 6 Novembre 2021 Oggi la Spagna ricorda i martiri della sua guerra civile (1936-39), che in spregio alla loro fede cristiana furono martirizzati. Fra questi moltissimi erano sacerdoti. Il loro sacrificio ci fa riflettere sull\u2019importanza del sacerdozio e come esso vada difeso nella sua dignit\u00e0 anche a costo della propria vita. &hellip; <\/p>\n<p><a class=\"more-link btn\" href=\"https:\/\/www.rassegnastampa-totustuus.it\/cattolica\/quello-che-i-martiri-spagnoli-insegnano-ai-preti-di-oggi\/\">Continua a leggere<\/a><\/p>\n","protected":false},"author":6,"featured_media":43832,"comment_status":"closed","ping_status":"closed","sticky":false,"template":"","format":"standard","meta":{"footnotes":""},"categories":[5,89,24],"tags":[157,2404,2090,1392,162],"class_list":["post-52926","post","type-post","status-publish","format-standard","has-post-thumbnail","hentry","category-chiesa","category-guerra-di-spagna","category-storia","tag-chiesa-2","tag-guerra-di-spagna","tag-martiri","tag-sacerdoti","tag-storia-2","item-wrap"],"yoast_head":"<!-- This site is optimized with the Yoast SEO plugin v27.4 - https:\/\/yoast.com\/product\/yoast-seo-wordpress\/ -->\n<title>Quello che i martiri spagnoli insegnano ai preti di oggi - Rassegna Stampa Cattolica<\/title>\n<meta name=\"description\" content=\"Quello che i martiri spagnoli insegnano ai preti di oggi. Il ricordo dei martiri della guerra civile spagnola (1936-39)\" \/>\n<meta name=\"robots\" content=\"index, follow, max-snippet:-1, max-image-preview:large, max-video-preview:-1\" \/>\n<link rel=\"canonical\" href=\"https:\/\/www.rassegnastampa-totustuus.it\/cattolica\/quello-che-i-martiri-spagnoli-insegnano-ai-preti-di-oggi\/\" \/>\n<meta property=\"og:locale\" content=\"it_IT\" \/>\n<meta property=\"og:type\" content=\"article\" \/>\n<meta property=\"og:title\" content=\"Quello che i martiri spagnoli insegnano ai preti di oggi - Rassegna Stampa Cattolica\" \/>\n<meta property=\"og:description\" content=\"Quello che i martiri spagnoli insegnano ai preti di oggi. Il ricordo dei martiri della guerra civile spagnola (1936-39)\" \/>\n<meta property=\"og:url\" content=\"https:\/\/www.rassegnastampa-totustuus.it\/cattolica\/quello-che-i-martiri-spagnoli-insegnano-ai-preti-di-oggi\/\" \/>\n<meta property=\"og:site_name\" content=\"Rassegna Stampa Cattolica\" \/>\n<meta property=\"article:publisher\" content=\"https:\/\/www.facebook.com\/rassegnastampacattolica\" \/>\n<meta property=\"article:published_time\" content=\"2021-11-10T23:00:21+00:00\" \/>\n<meta property=\"article:modified_time\" content=\"2024-10-15T07:24:52+00:00\" \/>\n<meta property=\"og:image\" content=\"https:\/\/www.rassegnastampa-totustuus.it\/cattolica\/wp-content\/uploads\/2019\/07\/sacerdoti_preti.jpg\" \/>\n\t<meta property=\"og:image:width\" content=\"2000\" \/>\n\t<meta property=\"og:image:height\" content=\"1324\" \/>\n\t<meta property=\"og:image:type\" content=\"image\/jpeg\" \/>\n<meta name=\"author\" content=\"Redazione\" \/>\n<meta name=\"twitter:card\" content=\"summary_large_image\" \/>\n<meta name=\"twitter:creator\" content=\"@rassegnastampa9\" \/>\n<meta name=\"twitter:site\" content=\"@rassegnastampa9\" \/>\n<meta name=\"twitter:label1\" content=\"Scritto da\" \/>\n\t<meta name=\"twitter:data1\" content=\"Redazione\" \/>\n\t<meta name=\"twitter:label2\" content=\"Tempo di lettura stimato\" \/>\n\t<meta name=\"twitter:data2\" content=\"5 minuti\" \/>\n<script type=\"application\/ld+json\" class=\"yoast-schema-graph\">{\"@context\":\"https:\\\/\\\/schema.org\",\"@graph\":[{\"@type\":\"Article\",\"@id\":\"https:\\\/\\\/www.rassegnastampa-totustuus.it\\\/cattolica\\\/quello-che-i-martiri-spagnoli-insegnano-ai-preti-di-oggi\\\/#article\",\"isPartOf\":{\"@id\":\"https:\\\/\\\/www.rassegnastampa-totustuus.it\\\/cattolica\\\/quello-che-i-martiri-spagnoli-insegnano-ai-preti-di-oggi\\\/\"},\"author\":{\"name\":\"Redazione\",\"@id\":\"https:\\\/\\\/www.rassegnastampa-totustuus.it\\\/cattolica\\\/#\\\/schema\\\/person\\\/08f319d2bd1a0904ad9e2bfb7b15e5c3\"},\"headline\":\"Quello che i martiri spagnoli insegnano ai preti di oggi\",\"datePublished\":\"2021-11-10T23:00:21+00:00\",\"dateModified\":\"2024-10-15T07:24:52+00:00\",\"mainEntityOfPage\":{\"@id\":\"https:\\\/\\\/www.rassegnastampa-totustuus.it\\\/cattolica\\\/quello-che-i-martiri-spagnoli-insegnano-ai-preti-di-oggi\\\/\"},\"wordCount\":604,\"publisher\":{\"@id\":\"https:\\\/\\\/www.rassegnastampa-totustuus.it\\\/cattolica\\\/#organization\"},\"image\":{\"@id\":\"https:\\\/\\\/www.rassegnastampa-totustuus.it\\\/cattolica\\\/quello-che-i-martiri-spagnoli-insegnano-ai-preti-di-oggi\\\/#primaryimage\"},\"thumbnailUrl\":\"https:\\\/\\\/www.rassegnastampa-totustuus.it\\\/cattolica\\\/wp-content\\\/uploads\\\/2019\\\/07\\\/sacerdoti_preti.jpg\",\"keywords\":[\"chiesa\",\"Guerra di Spagna\",\"martiri\",\"sacerdoti\",\"storia\"],\"articleSection\":[\"Chiesa\",\"Guerra di Spagna\",\"Storia\"],\"inLanguage\":\"it-IT\"},{\"@type\":\"WebPage\",\"@id\":\"https:\\\/\\\/www.rassegnastampa-totustuus.it\\\/cattolica\\\/quello-che-i-martiri-spagnoli-insegnano-ai-preti-di-oggi\\\/\",\"url\":\"https:\\\/\\\/www.rassegnastampa-totustuus.it\\\/cattolica\\\/quello-che-i-martiri-spagnoli-insegnano-ai-preti-di-oggi\\\/\",\"name\":\"Quello che i martiri spagnoli insegnano ai preti di oggi - Rassegna Stampa Cattolica\",\"isPartOf\":{\"@id\":\"https:\\\/\\\/www.rassegnastampa-totustuus.it\\\/cattolica\\\/#website\"},\"primaryImageOfPage\":{\"@id\":\"https:\\\/\\\/www.rassegnastampa-totustuus.it\\\/cattolica\\\/quello-che-i-martiri-spagnoli-insegnano-ai-preti-di-oggi\\\/#primaryimage\"},\"image\":{\"@id\":\"https:\\\/\\\/www.rassegnastampa-totustuus.it\\\/cattolica\\\/quello-che-i-martiri-spagnoli-insegnano-ai-preti-di-oggi\\\/#primaryimage\"},\"thumbnailUrl\":\"https:\\\/\\\/www.rassegnastampa-totustuus.it\\\/cattolica\\\/wp-content\\\/uploads\\\/2019\\\/07\\\/sacerdoti_preti.jpg\",\"datePublished\":\"2021-11-10T23:00:21+00:00\",\"dateModified\":\"2024-10-15T07:24:52+00:00\",\"description\":\"Quello che i martiri spagnoli insegnano ai preti di oggi. Il ricordo dei martiri della guerra civile spagnola (1936-39)\",\"breadcrumb\":{\"@id\":\"https:\\\/\\\/www.rassegnastampa-totustuus.it\\\/cattolica\\\/quello-che-i-martiri-spagnoli-insegnano-ai-preti-di-oggi\\\/#breadcrumb\"},\"inLanguage\":\"it-IT\",\"potentialAction\":[{\"@type\":\"ReadAction\",\"target\":[\"https:\\\/\\\/www.rassegnastampa-totustuus.it\\\/cattolica\\\/quello-che-i-martiri-spagnoli-insegnano-ai-preti-di-oggi\\\/\"]}]},{\"@type\":\"ImageObject\",\"inLanguage\":\"it-IT\",\"@id\":\"https:\\\/\\\/www.rassegnastampa-totustuus.it\\\/cattolica\\\/quello-che-i-martiri-spagnoli-insegnano-ai-preti-di-oggi\\\/#primaryimage\",\"url\":\"https:\\\/\\\/www.rassegnastampa-totustuus.it\\\/cattolica\\\/wp-content\\\/uploads\\\/2019\\\/07\\\/sacerdoti_preti.jpg\",\"contentUrl\":\"https:\\\/\\\/www.rassegnastampa-totustuus.it\\\/cattolica\\\/wp-content\\\/uploads\\\/2019\\\/07\\\/sacerdoti_preti.jpg\",\"width\":2000,\"height\":1324},{\"@type\":\"BreadcrumbList\",\"@id\":\"https:\\\/\\\/www.rassegnastampa-totustuus.it\\\/cattolica\\\/quello-che-i-martiri-spagnoli-insegnano-ai-preti-di-oggi\\\/#breadcrumb\",\"itemListElement\":[{\"@type\":\"ListItem\",\"position\":1,\"name\":\"Home\",\"item\":\"https:\\\/\\\/www.rassegnastampa-totustuus.it\\\/cattolica\\\/\"},{\"@type\":\"ListItem\",\"position\":2,\"name\":\"Quello che i martiri spagnoli insegnano ai preti di oggi\"}]},{\"@type\":\"WebSite\",\"@id\":\"https:\\\/\\\/www.rassegnastampa-totustuus.it\\\/cattolica\\\/#website\",\"url\":\"https:\\\/\\\/www.rassegnastampa-totustuus.it\\\/cattolica\\\/\",\"name\":\"Rassegna Stampa Cattolica\",\"description\":\"Per una cultura che nasce dalla Rivelazione cristiana in conformit\u00e0 alla tradizione e al Magistero della Chiesa in opposizione ad ogni relativismo e totalitarismo\",\"publisher\":{\"@id\":\"https:\\\/\\\/www.rassegnastampa-totustuus.it\\\/cattolica\\\/#organization\"},\"alternateName\":\"Rass. Cattolica\",\"potentialAction\":[{\"@type\":\"SearchAction\",\"target\":{\"@type\":\"EntryPoint\",\"urlTemplate\":\"https:\\\/\\\/www.rassegnastampa-totustuus.it\\\/cattolica\\\/?s={search_term_string}\"},\"query-input\":{\"@type\":\"PropertyValueSpecification\",\"valueRequired\":true,\"valueName\":\"search_term_string\"}}],\"inLanguage\":\"it-IT\"},{\"@type\":\"Organization\",\"@id\":\"https:\\\/\\\/www.rassegnastampa-totustuus.it\\\/cattolica\\\/#organization\",\"name\":\"Rassegna Stampa Cattolica\",\"url\":\"https:\\\/\\\/www.rassegnastampa-totustuus.it\\\/cattolica\\\/\",\"logo\":{\"@type\":\"ImageObject\",\"inLanguage\":\"it-IT\",\"@id\":\"https:\\\/\\\/www.rassegnastampa-totustuus.it\\\/cattolica\\\/#\\\/schema\\\/logo\\\/image\\\/\",\"url\":\"https:\\\/\\\/www.rassegnastampa-totustuus.it\\\/cattolica\\\/wp-content\\\/uploads\\\/2014\\\/04\\\/logo-rassegna1.gif\",\"contentUrl\":\"https:\\\/\\\/www.rassegnastampa-totustuus.it\\\/cattolica\\\/wp-content\\\/uploads\\\/2014\\\/04\\\/logo-rassegna1.gif\",\"width\":600,\"height\":163,\"caption\":\"Rassegna Stampa Cattolica\"},\"image\":{\"@id\":\"https:\\\/\\\/www.rassegnastampa-totustuus.it\\\/cattolica\\\/#\\\/schema\\\/logo\\\/image\\\/\"},\"sameAs\":[\"https:\\\/\\\/www.facebook.com\\\/rassegnastampacattolica\",\"https:\\\/\\\/x.com\\\/rassegnastampa9\"]},{\"@type\":\"Person\",\"@id\":\"https:\\\/\\\/www.rassegnastampa-totustuus.it\\\/cattolica\\\/#\\\/schema\\\/person\\\/08f319d2bd1a0904ad9e2bfb7b15e5c3\",\"name\":\"Redazione\",\"image\":{\"@type\":\"ImageObject\",\"inLanguage\":\"it-IT\",\"@id\":\"https:\\\/\\\/secure.gravatar.com\\\/avatar\\\/2fcdf27c78ea025fbdb44e914cc63c72249ffec9dc8aafd5c82b26240ef3f346?s=96&d=mm&r=g\",\"url\":\"https:\\\/\\\/secure.gravatar.com\\\/avatar\\\/2fcdf27c78ea025fbdb44e914cc63c72249ffec9dc8aafd5c82b26240ef3f346?s=96&d=mm&r=g\",\"contentUrl\":\"https:\\\/\\\/secure.gravatar.com\\\/avatar\\\/2fcdf27c78ea025fbdb44e914cc63c72249ffec9dc8aafd5c82b26240ef3f346?s=96&d=mm&r=g\",\"caption\":\"Redazione\"},\"url\":\"https:\\\/\\\/www.rassegnastampa-totustuus.it\\\/cattolica\\\/author\\\/pietroelle\\\/\"}]}<\/script>\n<!-- \/ Yoast SEO plugin. -->","yoast_head_json":{"title":"Quello che i martiri spagnoli insegnano ai preti di oggi - Rassegna Stampa Cattolica","description":"Quello che i martiri spagnoli insegnano ai preti di oggi. Il ricordo dei martiri della guerra civile spagnola (1936-39)","robots":{"index":"index","follow":"follow","max-snippet":"max-snippet:-1","max-image-preview":"max-image-preview:large","max-video-preview":"max-video-preview:-1"},"canonical":"https:\/\/www.rassegnastampa-totustuus.it\/cattolica\/quello-che-i-martiri-spagnoli-insegnano-ai-preti-di-oggi\/","og_locale":"it_IT","og_type":"article","og_title":"Quello che i martiri spagnoli insegnano ai preti di oggi - Rassegna Stampa Cattolica","og_description":"Quello che i martiri spagnoli insegnano ai preti di oggi. Il ricordo dei martiri della guerra civile spagnola (1936-39)","og_url":"https:\/\/www.rassegnastampa-totustuus.it\/cattolica\/quello-che-i-martiri-spagnoli-insegnano-ai-preti-di-oggi\/","og_site_name":"Rassegna Stampa Cattolica","article_publisher":"https:\/\/www.facebook.com\/rassegnastampacattolica","article_published_time":"2021-11-10T23:00:21+00:00","article_modified_time":"2024-10-15T07:24:52+00:00","og_image":[{"width":2000,"height":1324,"url":"https:\/\/www.rassegnastampa-totustuus.it\/cattolica\/wp-content\/uploads\/2019\/07\/sacerdoti_preti.jpg","type":"image\/jpeg"}],"author":"Redazione","twitter_card":"summary_large_image","twitter_creator":"@rassegnastampa9","twitter_site":"@rassegnastampa9","twitter_misc":{"Scritto da":"Redazione","Tempo di lettura stimato":"5 minuti"},"schema":{"@context":"https:\/\/schema.org","@graph":[{"@type":"Article","@id":"https:\/\/www.rassegnastampa-totustuus.it\/cattolica\/quello-che-i-martiri-spagnoli-insegnano-ai-preti-di-oggi\/#article","isPartOf":{"@id":"https:\/\/www.rassegnastampa-totustuus.it\/cattolica\/quello-che-i-martiri-spagnoli-insegnano-ai-preti-di-oggi\/"},"author":{"name":"Redazione","@id":"https:\/\/www.rassegnastampa-totustuus.it\/cattolica\/#\/schema\/person\/08f319d2bd1a0904ad9e2bfb7b15e5c3"},"headline":"Quello che i martiri spagnoli insegnano ai preti di oggi","datePublished":"2021-11-10T23:00:21+00:00","dateModified":"2024-10-15T07:24:52+00:00","mainEntityOfPage":{"@id":"https:\/\/www.rassegnastampa-totustuus.it\/cattolica\/quello-che-i-martiri-spagnoli-insegnano-ai-preti-di-oggi\/"},"wordCount":604,"publisher":{"@id":"https:\/\/www.rassegnastampa-totustuus.it\/cattolica\/#organization"},"image":{"@id":"https:\/\/www.rassegnastampa-totustuus.it\/cattolica\/quello-che-i-martiri-spagnoli-insegnano-ai-preti-di-oggi\/#primaryimage"},"thumbnailUrl":"https:\/\/www.rassegnastampa-totustuus.it\/cattolica\/wp-content\/uploads\/2019\/07\/sacerdoti_preti.jpg","keywords":["chiesa","Guerra di Spagna","martiri","sacerdoti","storia"],"articleSection":["Chiesa","Guerra di Spagna","Storia"],"inLanguage":"it-IT"},{"@type":"WebPage","@id":"https:\/\/www.rassegnastampa-totustuus.it\/cattolica\/quello-che-i-martiri-spagnoli-insegnano-ai-preti-di-oggi\/","url":"https:\/\/www.rassegnastampa-totustuus.it\/cattolica\/quello-che-i-martiri-spagnoli-insegnano-ai-preti-di-oggi\/","name":"Quello che i martiri spagnoli insegnano ai preti di oggi - Rassegna Stampa Cattolica","isPartOf":{"@id":"https:\/\/www.rassegnastampa-totustuus.it\/cattolica\/#website"},"primaryImageOfPage":{"@id":"https:\/\/www.rassegnastampa-totustuus.it\/cattolica\/quello-che-i-martiri-spagnoli-insegnano-ai-preti-di-oggi\/#primaryimage"},"image":{"@id":"https:\/\/www.rassegnastampa-totustuus.it\/cattolica\/quello-che-i-martiri-spagnoli-insegnano-ai-preti-di-oggi\/#primaryimage"},"thumbnailUrl":"https:\/\/www.rassegnastampa-totustuus.it\/cattolica\/wp-content\/uploads\/2019\/07\/sacerdoti_preti.jpg","datePublished":"2021-11-10T23:00:21+00:00","dateModified":"2024-10-15T07:24:52+00:00","description":"Quello che i martiri spagnoli insegnano ai preti di oggi. Il ricordo dei martiri della guerra civile spagnola (1936-39)","breadcrumb":{"@id":"https:\/\/www.rassegnastampa-totustuus.it\/cattolica\/quello-che-i-martiri-spagnoli-insegnano-ai-preti-di-oggi\/#breadcrumb"},"inLanguage":"it-IT","potentialAction":[{"@type":"ReadAction","target":["https:\/\/www.rassegnastampa-totustuus.it\/cattolica\/quello-che-i-martiri-spagnoli-insegnano-ai-preti-di-oggi\/"]}]},{"@type":"ImageObject","inLanguage":"it-IT","@id":"https:\/\/www.rassegnastampa-totustuus.it\/cattolica\/quello-che-i-martiri-spagnoli-insegnano-ai-preti-di-oggi\/#primaryimage","url":"https:\/\/www.rassegnastampa-totustuus.it\/cattolica\/wp-content\/uploads\/2019\/07\/sacerdoti_preti.jpg","contentUrl":"https:\/\/www.rassegnastampa-totustuus.it\/cattolica\/wp-content\/uploads\/2019\/07\/sacerdoti_preti.jpg","width":2000,"height":1324},{"@type":"BreadcrumbList","@id":"https:\/\/www.rassegnastampa-totustuus.it\/cattolica\/quello-che-i-martiri-spagnoli-insegnano-ai-preti-di-oggi\/#breadcrumb","itemListElement":[{"@type":"ListItem","position":1,"name":"Home","item":"https:\/\/www.rassegnastampa-totustuus.it\/cattolica\/"},{"@type":"ListItem","position":2,"name":"Quello che i martiri spagnoli insegnano ai preti di oggi"}]},{"@type":"WebSite","@id":"https:\/\/www.rassegnastampa-totustuus.it\/cattolica\/#website","url":"https:\/\/www.rassegnastampa-totustuus.it\/cattolica\/","name":"Rassegna Stampa Cattolica","description":"Per una cultura che nasce dalla Rivelazione cristiana in conformit\u00e0 alla tradizione e al Magistero della Chiesa in opposizione ad ogni relativismo e totalitarismo","publisher":{"@id":"https:\/\/www.rassegnastampa-totustuus.it\/cattolica\/#organization"},"alternateName":"Rass. Cattolica","potentialAction":[{"@type":"SearchAction","target":{"@type":"EntryPoint","urlTemplate":"https:\/\/www.rassegnastampa-totustuus.it\/cattolica\/?s={search_term_string}"},"query-input":{"@type":"PropertyValueSpecification","valueRequired":true,"valueName":"search_term_string"}}],"inLanguage":"it-IT"},{"@type":"Organization","@id":"https:\/\/www.rassegnastampa-totustuus.it\/cattolica\/#organization","name":"Rassegna Stampa Cattolica","url":"https:\/\/www.rassegnastampa-totustuus.it\/cattolica\/","logo":{"@type":"ImageObject","inLanguage":"it-IT","@id":"https:\/\/www.rassegnastampa-totustuus.it\/cattolica\/#\/schema\/logo\/image\/","url":"https:\/\/www.rassegnastampa-totustuus.it\/cattolica\/wp-content\/uploads\/2014\/04\/logo-rassegna1.gif","contentUrl":"https:\/\/www.rassegnastampa-totustuus.it\/cattolica\/wp-content\/uploads\/2014\/04\/logo-rassegna1.gif","width":600,"height":163,"caption":"Rassegna Stampa Cattolica"},"image":{"@id":"https:\/\/www.rassegnastampa-totustuus.it\/cattolica\/#\/schema\/logo\/image\/"},"sameAs":["https:\/\/www.facebook.com\/rassegnastampacattolica","https:\/\/x.com\/rassegnastampa9"]},{"@type":"Person","@id":"https:\/\/www.rassegnastampa-totustuus.it\/cattolica\/#\/schema\/person\/08f319d2bd1a0904ad9e2bfb7b15e5c3","name":"Redazione","image":{"@type":"ImageObject","inLanguage":"it-IT","@id":"https:\/\/secure.gravatar.com\/avatar\/2fcdf27c78ea025fbdb44e914cc63c72249ffec9dc8aafd5c82b26240ef3f346?s=96&d=mm&r=g","url":"https:\/\/secure.gravatar.com\/avatar\/2fcdf27c78ea025fbdb44e914cc63c72249ffec9dc8aafd5c82b26240ef3f346?s=96&d=mm&r=g","contentUrl":"https:\/\/secure.gravatar.com\/avatar\/2fcdf27c78ea025fbdb44e914cc63c72249ffec9dc8aafd5c82b26240ef3f346?s=96&d=mm&r=g","caption":"Redazione"},"url":"https:\/\/www.rassegnastampa-totustuus.it\/cattolica\/author\/pietroelle\/"}]}},"_links":{"self":[{"href":"https:\/\/www.rassegnastampa-totustuus.it\/cattolica\/wp-json\/wp\/v2\/posts\/52926","targetHints":{"allow":["GET"]}}],"collection":[{"href":"https:\/\/www.rassegnastampa-totustuus.it\/cattolica\/wp-json\/wp\/v2\/posts"}],"about":[{"href":"https:\/\/www.rassegnastampa-totustuus.it\/cattolica\/wp-json\/wp\/v2\/types\/post"}],"author":[{"embeddable":true,"href":"https:\/\/www.rassegnastampa-totustuus.it\/cattolica\/wp-json\/wp\/v2\/users\/6"}],"replies":[{"embeddable":true,"href":"https:\/\/www.rassegnastampa-totustuus.it\/cattolica\/wp-json\/wp\/v2\/comments?post=52926"}],"version-history":[{"count":3,"href":"https:\/\/www.rassegnastampa-totustuus.it\/cattolica\/wp-json\/wp\/v2\/posts\/52926\/revisions"}],"predecessor-version":[{"id":61461,"href":"https:\/\/www.rassegnastampa-totustuus.it\/cattolica\/wp-json\/wp\/v2\/posts\/52926\/revisions\/61461"}],"wp:featuredmedia":[{"embeddable":true,"href":"https:\/\/www.rassegnastampa-totustuus.it\/cattolica\/wp-json\/wp\/v2\/media\/43832"}],"wp:attachment":[{"href":"https:\/\/www.rassegnastampa-totustuus.it\/cattolica\/wp-json\/wp\/v2\/media?parent=52926"}],"wp:term":[{"taxonomy":"category","embeddable":true,"href":"https:\/\/www.rassegnastampa-totustuus.it\/cattolica\/wp-json\/wp\/v2\/categories?post=52926"},{"taxonomy":"post_tag","embeddable":true,"href":"https:\/\/www.rassegnastampa-totustuus.it\/cattolica\/wp-json\/wp\/v2\/tags?post=52926"}],"curies":[{"name":"wp","href":"https:\/\/api.w.org\/{rel}","templated":true}]}}