{"id":5290,"date":"2012-11-15T00:00:00","date_gmt":"2012-11-14T23:00:00","guid":{"rendered":""},"modified":"2015-12-22T09:42:31","modified_gmt":"2015-12-22T08:42:31","slug":"i-nuovi-martiri","status":"publish","type":"post","link":"https:\/\/www.rassegnastampa-totustuus.it\/cattolica\/i-nuovi-martiri\/","title":{"rendered":"I nuovi martiri"},"content":{"rendered":"<div style=\"text-align: center;\"><strong><a href=\"https:\/\/www.rassegnastampa-totustuus.it\/cattolica\/wp-content\/uploads\/2012\/11\/cristiasni_islam.jpg\"><img loading=\"lazy\" decoding=\"async\" class=\"alignleft wp-image-29060\" src=\"https:\/\/www.rassegnastampa-totustuus.it\/cattolica\/wp-content\/uploads\/2012\/11\/cristiasni_islam.jpg\" alt=\"cristiasni_islam\" width=\"240\" height=\"190\" \/><\/a>il Foglio quotidiano<\/strong> sabato 10 novembre 2012<\/div>\n<p style=\"text-align: justify;\"><em>Chiese distrutte e scuole chiuse, esodi forzati, condanne a morte: il viaggio globale di un giornalista inglese nella \u201ccristianofobia\u201d<\/em><\/p>\n<p style=\"text-align: center;\">di <strong>Giulio Meotti<\/strong><\/p>\n<p><!--more--><\/p>\n<div style=\"text-align: justify;\">Immaginate la furia indescrivibile che scoppierebbe nel mondo islamico se un governo cristiano a Khartoum fosse responsabile della morte di centinaia di migliaia di musulmani negli ultimi trent\u2019anni. O se terroristi cristiani lanciassero delle bombe sulle moschee in Iraq. O se ragazze musulmane in Indonesia venissero rapite e decapitate sulla strada per andare a scuola, a causa della loro fede. Questi orrori sono impensabili, ovviamente. Ma sono capitati al contrario, con i cristiani vittime dell\u2019aggressione islamista\u201d.<\/div>\n<p style=\"text-align: justify;\">Una denuncia che non ti aspetteresti da chi ha ricevuto \u201cil massimo onore al quale si possa aspirare nel campo della critica letteraria\u201d, come Thomas Stearns Eliot aveva definito il fatto di figurare fra i collaboratori del Times Literary Supplement, la rivista inglese in cui sono apparsi via via autori del calibro di Henry James, Edmund White, Aldous Huxley e George Orwell. Eppure Rupert Shortt fa parte di questa piccola cupola di eccelsi, in quanto figura fra i managing editor della celebre rivista.<\/p>\n<p style=\"text-align: justify;\">Della \u201cChristianophobia\u201d parla il nuovo libro di Shortt uscito per Random House. Si tratta di un viaggio globale dentro alla persecuzione dei cristiani, \u201cuna fede sotto attacco\u201d. Un saggio in dieci capitoli che ci porta fra i cristiani\u00a0 del Maghreb, dell\u2019Africa sub sahariana e del medio oriente, dove sono perseguitati, muoiono o scompaiono in una lenta emorragia. Vittime appunto della \u201ccristianofobia\u201d.<\/p>\n<p style=\"text-align: justify;\">Shortt \u00e8 andato a Jos, in Nigeria, gigantesco patchwork di religioni che ha preso fuoco da un anno; a Karachi, nel profondo Pakistan; fra le chiese protestanti della \u201cmoderata\u201d Indonesia, ma anche nell\u2019Orissa indiano e in Cina, dove la repressione contro il cristianesimo, da feroce che era, negli anni si \u00e8 fatta pi\u00f9 dissimulata (ogni tanto il regime decide che la legge ateistica \u00e8 ancora in vigore e qualcuno ci rimette la vita, a cominciare dagli anziani sacerdoti, che a decine periscono e languono nelle prigioni di stato).<\/p>\n<p style=\"text-align: justify;\">E poi ancora in Egitto, dove i copti subiscono discriminazioni, minacce e aggressioni collettive e da quando \u00e8 scoppiata la \u201cprimavera araba\u201d sono scesi in trincea; in Siria, dove nella citt\u00e0 di Rable, culla del cristianesimo paolino, terroristi hanno appena distrutto il santuario del profeta Elia; in Algeria, dove i cristiani sono costretti a subire discriminazioni continue.<\/p>\n<p style=\"text-align: justify;\">La situazione pi\u00f9 drammatica \u00e8 quella dell\u2019Iraq, dove i cristiani sono vittime di estorsioni, rapimenti, torture e omicidi. Le chiese sono incendiate; molti sacerdoti, persino il vescovo caldeo di Mossul, monsignor Paulos Faraj Rahho, sono stati assassinati.<\/p>\n<p style=\"text-align: justify;\">Il medio oriente convive con la distruzione di popoli a partire dall\u2019VIII secolo, ha spiegato l\u2019armeno Herman Vahramian, scomparso nel 2009. La rassegnazione allo sterminio di massa \u00e8 palpabile nella regione con un immaginario collettivo segnato dalle fila di crani umani innalzate dal feroce Tamerlano sul suo impero: \u201cCol soccorso della memoria storica il modus vivendi dei variegati popoli mediorientali di oggi \u00e8 diventato l\u2019attesa di essere in qualche modo vittima di genocidio\u201d.<\/p>\n<p style=\"text-align: justify;\">Eppure il libro di Shortt, che non grida allo \u201cscontro di civilt\u00e0\u201d ma spezza la sindrome del silenzio su queste masse di assassinati ed esiliati, si apre su uno scenario ancora tutto da decifrare: un medio oriente senza cristiani. \u201cC\u2019\u00e8 il rischio altissimo che le chiese scompaiano dalle terre bibliche\u201d, scrive Shortt.<\/p>\n<p style=\"text-align: justify;\">I numeri sono impressionanti, un verdetto. I cristiani erano il 95 per cento della popolazione mediorientale nel Settimo secolo, il venti per cento nel 1945, il sei per cento oggi e si prevede che nel 2020 si dimezzeranno ancora. \u201cCi saranno ancora dei cristiani in medio oriente nel Terzo millennio?\u201d, si chiedeva il diplomatico francese Jean-Pierre Valognes nel libro \u201cVie et mort des chr\u00e9tiens d\u2019Orient\u201d, pubblicato nel 1994. No, secondo Shortt.<\/p>\n<p style=\"text-align: justify;\">Dalla Seconda guerra mondiale a oggi, dieci milioni di cristiani hanno preso la via dell\u2019esilio dal mondo arabo-islamico. \u201cLa cristianit\u00e0 in Iraq pu\u00f2 essere sradicata durante questa generazione\u201d, ha detto di recente Leonard Leo, a capo della commissione statunitense sulla libert\u00e0 religiosa. Novecentomila cristiani hanno gi\u00e0 lasciato l\u2019Iraq dal 2003, stando a uno studio del Minority Rights Group International. Benjamin Sleiman, arcivescovo di Baghdad, ha predetto \u201cl\u2019estinzione della cristianit\u00e0 dal medio oriente\u201d.<\/p>\n<p style=\"text-align: justify;\">E pensare che la tradizione vuole che sia stato l\u2019apostolo Tommaso a portare il cristianesimo in Iraq durante uno dei suoi viaggi verso la Persia nel I secolo.<\/p>\n<p style=\"text-align: justify;\">La tanto decantata eterogeneit\u00e0 mediorientale si sta riducendo alla monotonia di una sola religione, l\u2019islam, e a una manciata di idiomi e sparute comunit\u00e0 cristiane. Un rapporto del dipartimento di stato americano conferma l\u2019analisi di Shortt. In Turchia da due milioni di cristiani si \u00e8 passati agli attuali 85 mila, lo 0,2 per cento della popolazione.<\/p>\n<p style=\"text-align: justify;\">In Libano, il paese arabo dove i cristiani maroniti per decenni hanno avuto il comando della nazione, si \u00e8 passati dal 55 per cento della popolazione al trenta. In Egitto la popolazione cristiana si \u00e8 sempre attestata sul venti per cento del totale: oggi \u00e8 scesa sotto il dieci. Erano il diciotto per cento in Giordania, ma oggi sono il due per cento.<\/p>\n<p style=\"text-align: justify;\">In Siria le comunit\u00e0 cristiane rappresentavano un quarto della popolazione ma oggi sono scese al cinque per cento, cifre che si stanno sempre pi\u00f9 dimezzando a causa della guerra civile in corso (il patriarca russo Kirill I ha appena evocato niente meno che la Rivoluzione bolscevica del 1917, con le sue sterminate \u201ccarcasse di chiese\u201d, per spiegare il futuro del patriarcato di Antiochia).<\/p>\n<p style=\"text-align: justify;\">In Iran \u00e8 in corso \u201cla fase pi\u00f9 oscurantista dei rapporti fra cristianesimo e Rivoluzione islamica\u201d, da quando nel 1979 l\u2019ayatollah Khomeini chiese la chiusura delle scuole cattoliche e concesse a tutti i sacerdoti un mese di tempo per lasciare il paese. Considerati \u201camici dello sci\u00e0\u201d e \u201cclasse sociale d\u2019\u00e9lite\u201d, i cristiani sono stati arrestati a centinaia e gettati in carcere.<\/p>\n<p style=\"text-align: justify;\">Cristiani, cio\u00e8 \u201cimpuri\u201d perch\u00e9 non musulmani, a proposito dei quali Khomeini (il cui volto campeggia sul frontespizio del Ketob-e Ta\u2019limate Dini, il manuale di religione usato dalle minoranze), metteva in guardia gli iraniani con suggerimenti del tipo \u201cnon toccate i loro oggetti\u201d e \u201cnon mangiate con loro\u201d.<\/p>\n<p style=\"text-align: justify;\">Secondo l\u2019organizzazione non profit americana Open Doors, che ogni anno stila una preziosa World Watch List, il secondo paese classificato come pi\u00f9 pericoloso per i cristiani dopo la Corea del nord \u00e8 proprio l\u2019Iran. Tanti i pastori assassinati, di cui Shortt rende conto. Il primo fu nel 1979 Arastoo Sayyah, un anglicano a cui fu tagliata la gola.<\/p>\n<p style=\"text-align: justify;\">Nel 1980 fu la volta di Bahram Deghani-Tafti, a cui spararono. Hossein Soodman venne ucciso nel 1990, Mehdi Dibaj nel 1994, il pastore Haik Hovsepian venne ucciso e sepolto in una fossa comune con un musulmano convertito al cristianesimo e Mohammad Bagheri Yousefi fu trovato impiccato a un albero nel 1996.<\/p>\n<p style=\"text-align: justify;\">Da allora numerosi cristiani sono stati arrestati e condannati a morte per attivit\u00e0 legate al proselitismo, ma mai giustiziati. Molte chiese oggi sono state chiuse, decine di giovani iraniani, gran parte convertiti dall\u2019islam, sono stati imprigionati e torturati, cos\u00ec come molti pastori sono finiti sotto stretta sorveglianza.<\/p>\n<p style=\"text-align: justify;\">Corea del nord e Laos sono tirannie comuniste e ateistiche in cui l\u2019anticristianesimo \u00e8 dogma di stato. A Pyongyang, da quando si \u00e8 instaurato il regime nel 1953, sono scomparsi 300 mila cristiani e adesso si stima che vi siano 70 mila cristiani che soffrono nei terribili campi-prigione a causa della loro fede.<\/p>\n<p style=\"text-align: justify;\">L\u2019Afghanistan \u00e8 al secondo posto essendo un paese dove non esistono ufficialmente chiese (soltanto cappelle private dentro alle ambasciate). Segue l\u2019Arabia Saudita, custode della Mecca e di Medina, che vieta ufficialmente ogni culto non islamico e di cristiani si parla ufficialmente soltanto nelle ambasciate.<\/p>\n<p style=\"text-align: justify;\">\u201cSi tratta di un genocidio in corso che meriterebbe un allarme globale\u201d, aveva scritto di recente sulla copertina di Newsweek Ayaan Hirsi Ali. Negli ultimi dieci anni la guerra di religione ha fatto duemila morti soltanto nello stato nigeriano del Plateau, tredicimila in tutta la Nigeria. \u201cCifre ottimistiche\u201d, dicono le organizzazioni umanitarie che parlano di eccidi ben peggiori.<\/p>\n<p style=\"text-align: justify;\">L\u2019obiettivo delle stragi \u00e8 cambiare la geografia religiosa del continente africano. Dal 2001 nello stato di Kano sono morte pi\u00f9 di 10 mila persone, quasi tutte cristiane. Trecento chiese e propriet\u00e0 sono andate distrutte. Gli sfollati non si contano. Dal 2009 a ora almeno cinquanta chiese sono state distrutte e dieci pastori sono stati uccisi dalla Boko Haram.<\/p>\n<p style=\"text-align: justify;\">In Pakistan Asia Bibi, in carcere da due anni con una condanna a morte, \u00e8 il simbolo pi\u00f9 noto della guerra ai cristiani, strangolati nel grande paese asiatico di retaggio britannico sotto il tallone della legge sulla blasfemia.<\/p>\n<p style=\"text-align: justify;\">Molti cadono crivellati dai proiettili dei terroristi, come l\u2019unico ministro cristiano, Shahbaz Bhatti (\u201cquesta \u00e8 la fine del bestemmiatore\u201d, recita il volantino rinvenuto sul suo corpo). Un assassinio, racconta Shortt, preceduto da quello del governatore del Punjab, il musulmano liberale Salmaan Taseer, ucciso da una delle sue guardie del corpo per essersi espresso anche lui contro la legge sulla blasfemia.<\/p>\n<p style=\"text-align: justify;\">La cronaca nera di questa strage \u00e8 lunghissima. Il 18 novembre 1998 nove cattolici vengono sgozzati a Noushera. Nel novembre 2001 quindici fedeli uccisi nella chiesa di San Domenico a Bahawalpur. L\u2019immagine di quei corpi avvolti in sudari bianchi fece il giro del mondo. Il 9 agosto 2002, tre infermiere sono massacrate nella chiesa dell\u2019ospedale cristiano di Islamabad.<\/p>\n<p style=\"text-align: justify;\">Il 25 settembre 2002, sette dipendenti di una organizzazione di carit\u00e0 di Karachi sono rapiti, legati, imbavagliati e uccisi con un colpo di pistola alla nuca. Nella notte di Natale del 2002, tre ragazze sono maciullate all\u2019interno della chiesa protestante di Chuyyanwali e il 5 luglio 2003 un sacerdote cattolico viene assassinato nella parrocchia di Okara.<\/p>\n<p style=\"text-align: justify;\">Fra le molte persone uccise a causa di questa legge c\u2019\u00e8 un altro Bhatti, il giudice islamico Arif Iqbal Bhatti, che avendo prosciolto due cristiani falsamente accusati di blasfemia venne assassinato da fanatici islamici nel 1996. I due cristiani vennero bruciati vivi davanti all\u2019Alta corte di Lahore dove affrontavano il processo per blasfemia. Naimat Ahmer, insegnante, poeta e scrittore, \u00e8 stato ucciso sempre con l\u2019accusa di blasfemia.<\/p>\n<p style=\"text-align: justify;\">Nel Sudan la cristianofobia assume forme molto diverse. Da decenni il governo autoritario dei musulmani sunniti nel nord tormenta le minoranze cristiane e animiste che vivono nel sud. Quella che \u00e8 spesso stata definita una \u201cguerra civile\u201d altro non era in realt\u00e0 che il tentativo del governo sudanese di annientare le minoranze religiose. La persecuzione \u00e8 culminata nel genocidio del Darfur, che ha avuto inizio nel 2003. Nel Kordofan meridionale, i cristiani subiscono tuttora bombardamenti aerei, omicidi mirati, il rapimento dei loro bambini e altre atrocit\u00e0.<\/p>\n<p style=\"text-align: justify;\">Da essere il venti per cento nei Territori palestinesi, con epicentri Betlemme e Qalkilya, oggi i cristiani sono appena lo 0,8 per cento del totale. Con l\u2019avvento dell\u2019Autorit\u00e0 nazionale palestinese nel 1994 si \u00e8 registrata la fuga di tre quarti dei cristiani. \u201cLe sempre pi\u00f9 piccole comunit\u00e0 cristiane che vivono nei territori di Cisgiordania e Gaza sono probabilmente destinate a dileguarsi del tutto nei prossimi quindici anni a causa di crescenti angherie e sopraffazioni da parte musulmana\u201d, ha scritto Justus Reid Weiner, avvocato specializzato in diritti umani al Jerusalem Center for Public Affairs.<\/p>\n<p style=\"text-align: justify;\">I cristiani stanno scomparendo vittime di matrimoni forzati, conversioni, percosse, furti di terreni, bombe incendiarie, boicottaggio commerciale, torture, rapimenti, molestie ed estorsioni. L\u2019ultima vittima \u00e8 stata la chiesa Battista di Betlemme, che l\u2019Autorit\u00e0 palestinese ha appena dichiarato \u201cillegittima\u201d, dal momento che il suo messaggio di riconciliazione che viene dagli Stati Uniti sfida la propaganda d\u2019odio.<\/p>\n<p style=\"text-align: justify;\">In Turchia la persecuzione anticristiana, che c\u2019\u00e8 sempre stata, ha assunto oggi il volto di una sistematica intolleranza, con la mancanza di seminari, il divieto per gli stranieri di diventare sacerdoti e la discriminazione spicciola che rende difficile trovare un lavoro, una casa, ottenere un documento.<\/p>\n<p style=\"text-align: justify;\">Come ha spiegato Joseph Alichoran, uno dei maggiori specialisti di storia dei cristiani d\u2019oriente, \u201cla maggior parte dei cristiani di Turchia ha subito un genocidio tra il 1896 e il 1923, e tra quelli che non sono morti la maggioranza ha scelto l\u2019esilio piuttosto che restare in un paese negazionista\u201d. I cristiani turchi sono dei \u201csopravvissuti\u201d. Ne \u00e8 un simbolo la borgata di Idil, un tempo completamente cristiana, oggi ridotta a una citt\u00e0 fantasma.<\/p>\n<p style=\"text-align: justify;\">L\u2019esilio, l\u2019alienazione e l\u2019estraneit\u00e0 di questi cristiani d\u2019oriente, pegno della pi\u00f9 antica memoria cristiana del mondo, \u00e8 rappresentato dal funerale dei tre cristiani assassinati a Malatya, in Turchia, un tedesco e due turchi, legati, incaprettati e sgozzati dagli islamisti nel 2007 soltanto perch\u00e9 stampavano delle Bibbie.<\/p>\n<p style=\"text-align: justify;\">Il funerale si \u00e8 svolto nella chiesa Battista di Buca, nell\u2019indifferenza totale della popolazione. I musulmani presenti erano solo i giornalisti e i delegati del sindaco. Dopo due ore di rito, i feretri sono stati trasportati al cimitero di Karalabas, inumati fra canti e sermoni all\u2019ombra di due cipressi.<\/p>\n<p style=\"text-align: justify;\">Al posto della lapide un grande cuore rosso di metallo con sopra dipinte le parole \u201cYamasak Mesihtir \u00d6lmekse Kazan\u00e7\u201d, tratte da san Paolo: \u201cPer me vivere \u00e8 Cristo, e morire un guadagno\u201d. Triste epitaffio alle ultime comunit\u00e0 che parlano la lingua di Ges\u00f9.<\/p>\n","protected":false},"excerpt":{"rendered":"<p>il Foglio quotidiano sabato 10 novembre 2012 Chiese distrutte e scuole chiuse, esodi forzati, condanne a morte: il viaggio globale di un giornalista inglese nella \u201ccristianofobia\u201d di Giulio Meotti<\/p><p><a class=\"more-link btn\" href=\"https:\/\/www.rassegnastampa-totustuus.it\/cattolica\/i-nuovi-martiri\/\">Continua a leggere<\/a><\/p>\n","protected":false},"author":6,"featured_media":29060,"comment_status":"closed","ping_status":"open","sticky":false,"template":"","format":"standard","meta":{"footnotes":""},"categories":[33,44],"tags":[470],"class_list":["post-5290","post","type-post","status-publish","format-standard","has-post-thumbnail","hentry","category-cristiani-nell-islam","category-cristiani-perseguitati","tag-cristiani-perseguitati-2","item-wrap"],"yoast_head":"<!-- This site is optimized with the Yoast SEO plugin v27.5 - https:\/\/yoast.com\/product\/yoast-seo-wordpress\/ -->\n<title>I nuovi martiri - Rassegna Stampa Cattolica<\/title>\n<meta name=\"description\" content=\"Rassegna Stampa Cattolica - Per una cultura che nasce dalla Rivelazione cristiana in conformit\u00e0 alla tradizione e al Magistero della Chiesa in opposizione ad ogni relativismo e totalitarismo\" \/>\n<meta name=\"robots\" content=\"index, follow, max-snippet:-1, max-image-preview:large, max-video-preview:-1\" \/>\n<link rel=\"canonical\" href=\"https:\/\/www.rassegnastampa-totustuus.it\/cattolica\/i-nuovi-martiri\/\" \/>\n<meta property=\"og:locale\" content=\"it_IT\" \/>\n<meta property=\"og:type\" content=\"article\" \/>\n<meta property=\"og:title\" content=\"I nuovi martiri - Rassegna Stampa Cattolica\" \/>\n<meta property=\"og:description\" content=\"Rassegna Stampa Cattolica - Per una cultura che nasce dalla Rivelazione cristiana in conformit\u00e0 alla tradizione e al Magistero della Chiesa in opposizione ad ogni relativismo e totalitarismo\" \/>\n<meta property=\"og:url\" content=\"https:\/\/www.rassegnastampa-totustuus.it\/cattolica\/i-nuovi-martiri\/\" \/>\n<meta property=\"og:site_name\" content=\"Rassegna Stampa Cattolica\" \/>\n<meta property=\"article:publisher\" content=\"https:\/\/www.facebook.com\/rassegnastampacattolica\" \/>\n<meta property=\"article:published_time\" content=\"2012-11-14T23:00:00+00:00\" \/>\n<meta property=\"article:modified_time\" content=\"2015-12-22T08:42:31+00:00\" \/>\n<meta property=\"og:image\" content=\"https:\/\/www.rassegnastampa-totustuus.it\/cattolica\/wp-content\/uploads\/2012\/11\/cristiasni_islam.jpg\" \/>\n\t<meta property=\"og:image:width\" content=\"252\" \/>\n\t<meta property=\"og:image:height\" content=\"200\" \/>\n\t<meta property=\"og:image:type\" content=\"image\/jpeg\" \/>\n<meta name=\"author\" content=\"Redazione\" \/>\n<meta name=\"twitter:card\" content=\"summary_large_image\" \/>\n<meta name=\"twitter:creator\" content=\"@rassegnastampa9\" \/>\n<meta name=\"twitter:site\" content=\"@rassegnastampa9\" \/>\n<meta name=\"twitter:label1\" content=\"Scritto da\" \/>\n\t<meta name=\"twitter:data1\" content=\"Redazione\" \/>\n\t<meta name=\"twitter:label2\" content=\"Tempo di lettura stimato\" \/>\n\t<meta name=\"twitter:data2\" content=\"11 minuti\" \/>\n<script type=\"application\/ld+json\" class=\"yoast-schema-graph\">{\"@context\":\"https:\\\/\\\/schema.org\",\"@graph\":[{\"@type\":\"Article\",\"@id\":\"https:\\\/\\\/www.rassegnastampa-totustuus.it\\\/cattolica\\\/i-nuovi-martiri\\\/#article\",\"isPartOf\":{\"@id\":\"https:\\\/\\\/www.rassegnastampa-totustuus.it\\\/cattolica\\\/i-nuovi-martiri\\\/\"},\"author\":{\"name\":\"Redazione\",\"@id\":\"https:\\\/\\\/www.rassegnastampa-totustuus.it\\\/cattolica\\\/#\\\/schema\\\/person\\\/08f319d2bd1a0904ad9e2bfb7b15e5c3\"},\"headline\":\"I nuovi martiri\",\"datePublished\":\"2012-11-14T23:00:00+00:00\",\"dateModified\":\"2015-12-22T08:42:31+00:00\",\"mainEntityOfPage\":{\"@id\":\"https:\\\/\\\/www.rassegnastampa-totustuus.it\\\/cattolica\\\/i-nuovi-martiri\\\/\"},\"wordCount\":2135,\"publisher\":{\"@id\":\"https:\\\/\\\/www.rassegnastampa-totustuus.it\\\/cattolica\\\/#organization\"},\"image\":{\"@id\":\"https:\\\/\\\/www.rassegnastampa-totustuus.it\\\/cattolica\\\/i-nuovi-martiri\\\/#primaryimage\"},\"thumbnailUrl\":\"https:\\\/\\\/www.rassegnastampa-totustuus.it\\\/cattolica\\\/wp-content\\\/uploads\\\/2012\\\/11\\\/cristiasni_islam.jpg\",\"keywords\":[\"cristiani perseguitati\"],\"articleSection\":[\"Cristiani nell'islam\",\"Cristiani perseguitati\"],\"inLanguage\":\"it-IT\"},{\"@type\":\"WebPage\",\"@id\":\"https:\\\/\\\/www.rassegnastampa-totustuus.it\\\/cattolica\\\/i-nuovi-martiri\\\/\",\"url\":\"https:\\\/\\\/www.rassegnastampa-totustuus.it\\\/cattolica\\\/i-nuovi-martiri\\\/\",\"name\":\"I nuovi martiri - Rassegna Stampa Cattolica\",\"isPartOf\":{\"@id\":\"https:\\\/\\\/www.rassegnastampa-totustuus.it\\\/cattolica\\\/#website\"},\"primaryImageOfPage\":{\"@id\":\"https:\\\/\\\/www.rassegnastampa-totustuus.it\\\/cattolica\\\/i-nuovi-martiri\\\/#primaryimage\"},\"image\":{\"@id\":\"https:\\\/\\\/www.rassegnastampa-totustuus.it\\\/cattolica\\\/i-nuovi-martiri\\\/#primaryimage\"},\"thumbnailUrl\":\"https:\\\/\\\/www.rassegnastampa-totustuus.it\\\/cattolica\\\/wp-content\\\/uploads\\\/2012\\\/11\\\/cristiasni_islam.jpg\",\"datePublished\":\"2012-11-14T23:00:00+00:00\",\"dateModified\":\"2015-12-22T08:42:31+00:00\",\"description\":\"Rassegna Stampa Cattolica - Per una cultura che nasce dalla Rivelazione cristiana in conformit\u00e0 alla tradizione e al Magistero della Chiesa in opposizione ad ogni relativismo e totalitarismo\",\"breadcrumb\":{\"@id\":\"https:\\\/\\\/www.rassegnastampa-totustuus.it\\\/cattolica\\\/i-nuovi-martiri\\\/#breadcrumb\"},\"inLanguage\":\"it-IT\",\"potentialAction\":[{\"@type\":\"ReadAction\",\"target\":[\"https:\\\/\\\/www.rassegnastampa-totustuus.it\\\/cattolica\\\/i-nuovi-martiri\\\/\"]}]},{\"@type\":\"ImageObject\",\"inLanguage\":\"it-IT\",\"@id\":\"https:\\\/\\\/www.rassegnastampa-totustuus.it\\\/cattolica\\\/i-nuovi-martiri\\\/#primaryimage\",\"url\":\"https:\\\/\\\/www.rassegnastampa-totustuus.it\\\/cattolica\\\/wp-content\\\/uploads\\\/2012\\\/11\\\/cristiasni_islam.jpg\",\"contentUrl\":\"https:\\\/\\\/www.rassegnastampa-totustuus.it\\\/cattolica\\\/wp-content\\\/uploads\\\/2012\\\/11\\\/cristiasni_islam.jpg\",\"width\":252,\"height\":200},{\"@type\":\"BreadcrumbList\",\"@id\":\"https:\\\/\\\/www.rassegnastampa-totustuus.it\\\/cattolica\\\/i-nuovi-martiri\\\/#breadcrumb\",\"itemListElement\":[{\"@type\":\"ListItem\",\"position\":1,\"name\":\"Home\",\"item\":\"https:\\\/\\\/www.rassegnastampa-totustuus.it\\\/cattolica\\\/\"},{\"@type\":\"ListItem\",\"position\":2,\"name\":\"I nuovi martiri\"}]},{\"@type\":\"WebSite\",\"@id\":\"https:\\\/\\\/www.rassegnastampa-totustuus.it\\\/cattolica\\\/#website\",\"url\":\"https:\\\/\\\/www.rassegnastampa-totustuus.it\\\/cattolica\\\/\",\"name\":\"Rassegna Stampa Cattolica\",\"description\":\"Per una cultura che nasce dalla Rivelazione cristiana in conformit\u00e0 alla tradizione e al Magistero della Chiesa in opposizione ad ogni relativismo e totalitarismo\",\"publisher\":{\"@id\":\"https:\\\/\\\/www.rassegnastampa-totustuus.it\\\/cattolica\\\/#organization\"},\"alternateName\":\"Rass. Cattolica\",\"potentialAction\":[{\"@type\":\"SearchAction\",\"target\":{\"@type\":\"EntryPoint\",\"urlTemplate\":\"https:\\\/\\\/www.rassegnastampa-totustuus.it\\\/cattolica\\\/?s={search_term_string}\"},\"query-input\":{\"@type\":\"PropertyValueSpecification\",\"valueRequired\":true,\"valueName\":\"search_term_string\"}}],\"inLanguage\":\"it-IT\"},{\"@type\":\"Organization\",\"@id\":\"https:\\\/\\\/www.rassegnastampa-totustuus.it\\\/cattolica\\\/#organization\",\"name\":\"Rassegna Stampa Cattolica\",\"url\":\"https:\\\/\\\/www.rassegnastampa-totustuus.it\\\/cattolica\\\/\",\"logo\":{\"@type\":\"ImageObject\",\"inLanguage\":\"it-IT\",\"@id\":\"https:\\\/\\\/www.rassegnastampa-totustuus.it\\\/cattolica\\\/#\\\/schema\\\/logo\\\/image\\\/\",\"url\":\"https:\\\/\\\/www.rassegnastampa-totustuus.it\\\/cattolica\\\/wp-content\\\/uploads\\\/2014\\\/04\\\/logo-rassegna1.gif\",\"contentUrl\":\"https:\\\/\\\/www.rassegnastampa-totustuus.it\\\/cattolica\\\/wp-content\\\/uploads\\\/2014\\\/04\\\/logo-rassegna1.gif\",\"width\":600,\"height\":163,\"caption\":\"Rassegna Stampa Cattolica\"},\"image\":{\"@id\":\"https:\\\/\\\/www.rassegnastampa-totustuus.it\\\/cattolica\\\/#\\\/schema\\\/logo\\\/image\\\/\"},\"sameAs\":[\"https:\\\/\\\/www.facebook.com\\\/rassegnastampacattolica\",\"https:\\\/\\\/x.com\\\/rassegnastampa9\"]},{\"@type\":\"Person\",\"@id\":\"https:\\\/\\\/www.rassegnastampa-totustuus.it\\\/cattolica\\\/#\\\/schema\\\/person\\\/08f319d2bd1a0904ad9e2bfb7b15e5c3\",\"name\":\"Redazione\",\"image\":{\"@type\":\"ImageObject\",\"inLanguage\":\"it-IT\",\"@id\":\"https:\\\/\\\/secure.gravatar.com\\\/avatar\\\/2fcdf27c78ea025fbdb44e914cc63c72249ffec9dc8aafd5c82b26240ef3f346?s=96&d=mm&r=g\",\"url\":\"https:\\\/\\\/secure.gravatar.com\\\/avatar\\\/2fcdf27c78ea025fbdb44e914cc63c72249ffec9dc8aafd5c82b26240ef3f346?s=96&d=mm&r=g\",\"contentUrl\":\"https:\\\/\\\/secure.gravatar.com\\\/avatar\\\/2fcdf27c78ea025fbdb44e914cc63c72249ffec9dc8aafd5c82b26240ef3f346?s=96&d=mm&r=g\",\"caption\":\"Redazione\"},\"url\":\"https:\\\/\\\/www.rassegnastampa-totustuus.it\\\/cattolica\\\/author\\\/pietroelle\\\/\"}]}<\/script>\n<!-- \/ Yoast SEO plugin. -->","yoast_head_json":{"title":"I nuovi martiri - Rassegna Stampa Cattolica","description":"Rassegna Stampa Cattolica - Per una cultura che nasce dalla Rivelazione cristiana in conformit\u00e0 alla tradizione e al Magistero della Chiesa in opposizione ad ogni relativismo e totalitarismo","robots":{"index":"index","follow":"follow","max-snippet":"max-snippet:-1","max-image-preview":"max-image-preview:large","max-video-preview":"max-video-preview:-1"},"canonical":"https:\/\/www.rassegnastampa-totustuus.it\/cattolica\/i-nuovi-martiri\/","og_locale":"it_IT","og_type":"article","og_title":"I nuovi martiri - Rassegna Stampa Cattolica","og_description":"Rassegna Stampa Cattolica - Per una cultura che nasce dalla Rivelazione cristiana in conformit\u00e0 alla tradizione e al Magistero della Chiesa in opposizione ad ogni relativismo e totalitarismo","og_url":"https:\/\/www.rassegnastampa-totustuus.it\/cattolica\/i-nuovi-martiri\/","og_site_name":"Rassegna Stampa Cattolica","article_publisher":"https:\/\/www.facebook.com\/rassegnastampacattolica","article_published_time":"2012-11-14T23:00:00+00:00","article_modified_time":"2015-12-22T08:42:31+00:00","og_image":[{"width":252,"height":200,"url":"https:\/\/www.rassegnastampa-totustuus.it\/cattolica\/wp-content\/uploads\/2012\/11\/cristiasni_islam.jpg","type":"image\/jpeg"}],"author":"Redazione","twitter_card":"summary_large_image","twitter_creator":"@rassegnastampa9","twitter_site":"@rassegnastampa9","twitter_misc":{"Scritto da":"Redazione","Tempo di lettura stimato":"11 minuti"},"schema":{"@context":"https:\/\/schema.org","@graph":[{"@type":"Article","@id":"https:\/\/www.rassegnastampa-totustuus.it\/cattolica\/i-nuovi-martiri\/#article","isPartOf":{"@id":"https:\/\/www.rassegnastampa-totustuus.it\/cattolica\/i-nuovi-martiri\/"},"author":{"name":"Redazione","@id":"https:\/\/www.rassegnastampa-totustuus.it\/cattolica\/#\/schema\/person\/08f319d2bd1a0904ad9e2bfb7b15e5c3"},"headline":"I nuovi martiri","datePublished":"2012-11-14T23:00:00+00:00","dateModified":"2015-12-22T08:42:31+00:00","mainEntityOfPage":{"@id":"https:\/\/www.rassegnastampa-totustuus.it\/cattolica\/i-nuovi-martiri\/"},"wordCount":2135,"publisher":{"@id":"https:\/\/www.rassegnastampa-totustuus.it\/cattolica\/#organization"},"image":{"@id":"https:\/\/www.rassegnastampa-totustuus.it\/cattolica\/i-nuovi-martiri\/#primaryimage"},"thumbnailUrl":"https:\/\/www.rassegnastampa-totustuus.it\/cattolica\/wp-content\/uploads\/2012\/11\/cristiasni_islam.jpg","keywords":["cristiani perseguitati"],"articleSection":["Cristiani nell'islam","Cristiani perseguitati"],"inLanguage":"it-IT"},{"@type":"WebPage","@id":"https:\/\/www.rassegnastampa-totustuus.it\/cattolica\/i-nuovi-martiri\/","url":"https:\/\/www.rassegnastampa-totustuus.it\/cattolica\/i-nuovi-martiri\/","name":"I nuovi martiri - Rassegna Stampa Cattolica","isPartOf":{"@id":"https:\/\/www.rassegnastampa-totustuus.it\/cattolica\/#website"},"primaryImageOfPage":{"@id":"https:\/\/www.rassegnastampa-totustuus.it\/cattolica\/i-nuovi-martiri\/#primaryimage"},"image":{"@id":"https:\/\/www.rassegnastampa-totustuus.it\/cattolica\/i-nuovi-martiri\/#primaryimage"},"thumbnailUrl":"https:\/\/www.rassegnastampa-totustuus.it\/cattolica\/wp-content\/uploads\/2012\/11\/cristiasni_islam.jpg","datePublished":"2012-11-14T23:00:00+00:00","dateModified":"2015-12-22T08:42:31+00:00","description":"Rassegna Stampa Cattolica - Per una cultura che nasce dalla Rivelazione cristiana in conformit\u00e0 alla tradizione e al Magistero della Chiesa in opposizione ad ogni relativismo e totalitarismo","breadcrumb":{"@id":"https:\/\/www.rassegnastampa-totustuus.it\/cattolica\/i-nuovi-martiri\/#breadcrumb"},"inLanguage":"it-IT","potentialAction":[{"@type":"ReadAction","target":["https:\/\/www.rassegnastampa-totustuus.it\/cattolica\/i-nuovi-martiri\/"]}]},{"@type":"ImageObject","inLanguage":"it-IT","@id":"https:\/\/www.rassegnastampa-totustuus.it\/cattolica\/i-nuovi-martiri\/#primaryimage","url":"https:\/\/www.rassegnastampa-totustuus.it\/cattolica\/wp-content\/uploads\/2012\/11\/cristiasni_islam.jpg","contentUrl":"https:\/\/www.rassegnastampa-totustuus.it\/cattolica\/wp-content\/uploads\/2012\/11\/cristiasni_islam.jpg","width":252,"height":200},{"@type":"BreadcrumbList","@id":"https:\/\/www.rassegnastampa-totustuus.it\/cattolica\/i-nuovi-martiri\/#breadcrumb","itemListElement":[{"@type":"ListItem","position":1,"name":"Home","item":"https:\/\/www.rassegnastampa-totustuus.it\/cattolica\/"},{"@type":"ListItem","position":2,"name":"I nuovi martiri"}]},{"@type":"WebSite","@id":"https:\/\/www.rassegnastampa-totustuus.it\/cattolica\/#website","url":"https:\/\/www.rassegnastampa-totustuus.it\/cattolica\/","name":"Rassegna Stampa Cattolica","description":"Per una cultura che nasce dalla Rivelazione cristiana in conformit\u00e0 alla tradizione e al Magistero della Chiesa in opposizione ad ogni relativismo e totalitarismo","publisher":{"@id":"https:\/\/www.rassegnastampa-totustuus.it\/cattolica\/#organization"},"alternateName":"Rass. Cattolica","potentialAction":[{"@type":"SearchAction","target":{"@type":"EntryPoint","urlTemplate":"https:\/\/www.rassegnastampa-totustuus.it\/cattolica\/?s={search_term_string}"},"query-input":{"@type":"PropertyValueSpecification","valueRequired":true,"valueName":"search_term_string"}}],"inLanguage":"it-IT"},{"@type":"Organization","@id":"https:\/\/www.rassegnastampa-totustuus.it\/cattolica\/#organization","name":"Rassegna Stampa Cattolica","url":"https:\/\/www.rassegnastampa-totustuus.it\/cattolica\/","logo":{"@type":"ImageObject","inLanguage":"it-IT","@id":"https:\/\/www.rassegnastampa-totustuus.it\/cattolica\/#\/schema\/logo\/image\/","url":"https:\/\/www.rassegnastampa-totustuus.it\/cattolica\/wp-content\/uploads\/2014\/04\/logo-rassegna1.gif","contentUrl":"https:\/\/www.rassegnastampa-totustuus.it\/cattolica\/wp-content\/uploads\/2014\/04\/logo-rassegna1.gif","width":600,"height":163,"caption":"Rassegna Stampa Cattolica"},"image":{"@id":"https:\/\/www.rassegnastampa-totustuus.it\/cattolica\/#\/schema\/logo\/image\/"},"sameAs":["https:\/\/www.facebook.com\/rassegnastampacattolica","https:\/\/x.com\/rassegnastampa9"]},{"@type":"Person","@id":"https:\/\/www.rassegnastampa-totustuus.it\/cattolica\/#\/schema\/person\/08f319d2bd1a0904ad9e2bfb7b15e5c3","name":"Redazione","image":{"@type":"ImageObject","inLanguage":"it-IT","@id":"https:\/\/secure.gravatar.com\/avatar\/2fcdf27c78ea025fbdb44e914cc63c72249ffec9dc8aafd5c82b26240ef3f346?s=96&d=mm&r=g","url":"https:\/\/secure.gravatar.com\/avatar\/2fcdf27c78ea025fbdb44e914cc63c72249ffec9dc8aafd5c82b26240ef3f346?s=96&d=mm&r=g","contentUrl":"https:\/\/secure.gravatar.com\/avatar\/2fcdf27c78ea025fbdb44e914cc63c72249ffec9dc8aafd5c82b26240ef3f346?s=96&d=mm&r=g","caption":"Redazione"},"url":"https:\/\/www.rassegnastampa-totustuus.it\/cattolica\/author\/pietroelle\/"}]}},"_links":{"self":[{"href":"https:\/\/www.rassegnastampa-totustuus.it\/cattolica\/wp-json\/wp\/v2\/posts\/5290","targetHints":{"allow":["GET"]}}],"collection":[{"href":"https:\/\/www.rassegnastampa-totustuus.it\/cattolica\/wp-json\/wp\/v2\/posts"}],"about":[{"href":"https:\/\/www.rassegnastampa-totustuus.it\/cattolica\/wp-json\/wp\/v2\/types\/post"}],"author":[{"embeddable":true,"href":"https:\/\/www.rassegnastampa-totustuus.it\/cattolica\/wp-json\/wp\/v2\/users\/6"}],"replies":[{"embeddable":true,"href":"https:\/\/www.rassegnastampa-totustuus.it\/cattolica\/wp-json\/wp\/v2\/comments?post=5290"}],"version-history":[{"count":5,"href":"https:\/\/www.rassegnastampa-totustuus.it\/cattolica\/wp-json\/wp\/v2\/posts\/5290\/revisions"}],"predecessor-version":[{"id":29061,"href":"https:\/\/www.rassegnastampa-totustuus.it\/cattolica\/wp-json\/wp\/v2\/posts\/5290\/revisions\/29061"}],"wp:featuredmedia":[{"embeddable":true,"href":"https:\/\/www.rassegnastampa-totustuus.it\/cattolica\/wp-json\/wp\/v2\/media\/29060"}],"wp:attachment":[{"href":"https:\/\/www.rassegnastampa-totustuus.it\/cattolica\/wp-json\/wp\/v2\/media?parent=5290"}],"wp:term":[{"taxonomy":"category","embeddable":true,"href":"https:\/\/www.rassegnastampa-totustuus.it\/cattolica\/wp-json\/wp\/v2\/categories?post=5290"},{"taxonomy":"post_tag","embeddable":true,"href":"https:\/\/www.rassegnastampa-totustuus.it\/cattolica\/wp-json\/wp\/v2\/tags?post=5290"}],"curies":[{"name":"wp","href":"https:\/\/api.w.org\/{rel}","templated":true}]}}