{"id":5284,"date":"2012-11-08T00:00:00","date_gmt":"2012-11-07T23:00:00","guid":{"rendered":""},"modified":"2016-03-16T12:49:28","modified_gmt":"2016-03-16T11:49:28","slug":"la-culla-delleuropa-sotto-le-mura-di-troia","status":"publish","type":"post","link":"https:\/\/www.rassegnastampa-totustuus.it\/cattolica\/la-culla-delleuropa-sotto-le-mura-di-troia\/","title":{"rendered":"La culla dell&#8217;Europa sotto le mura di Troia"},"content":{"rendered":"<div style=\"text-align: center;\"><strong><img loading=\"lazy\" decoding=\"async\" class=\"alignleft wp-image-31852\" src=\"https:\/\/www.rassegnastampa-totustuus.it\/cattolica\/wp-content\/uploads\/2012\/11\/Omero.jpg\" alt=\"Omero\" width=\"159\" height=\"200\" \/>Corriere della sera<\/strong> 30 ottobre 2012<\/div>\n<p style=\"text-align: center;\"><em>Un&#8217;identit\u00e0 che nasce con i poemi di Omero<\/em><\/p>\n<p style=\"text-align: center;\">di<strong> Paolo Mieli<\/strong><\/p>\n<p><!--more--><\/p>\n<div style=\"text-align: justify;\">Nel 417 Claudio Ruttilo Namaziano, prefetto di Roma, si imbarca al porto di Ostia per tornare in Provenza, sua terra natale. Sette anni prima (nel 410), Roma \u00e8 stata presa e saccheggiata dai Goti di Alarico, che da quel momento spadroneggeranno sulle strade consolari. Rut\u00eclio Namaziano ha scelto cos\u00ec la via del mare per raggiungere la Gallia, dove va a sincerarsi se i Vandali, che sono transitati di l\u00ec per andare a conquistare l&#8217;Africa del Nord, hanno devastato e depredato anche le sue propriet\u00e0. Case e terreni nei quali Rutilio Namaziano ha in progetto di trasferirsi definitivamente.<\/div>\n<p style=\"text-align: justify;\">A quel viaggio, contrassegnato da numerose e lunghe soste, l&#8217;ex prefetto dedica un magnifico poema, <em>De Redito Suo<\/em> (<em>II ritorno<\/em>, pubblicato da Einaudi a cura di Alessandro Fo), in cui rimpiange la Roma che fu, elogia con punte di commozione i riti pagani a dispetto di quelli cristiani, esprime ammirazione nei confronti del generale Costanzo, che ha da poco sconfitto i Goti in Iber\u00eca.<\/p>\n<p style=\"text-align: justify;\">Dalla malinconia dei versi si intuisce che Rutilio Namaziano si fa poche illusioni circa la portata della vittoria di Costanzo, \u00e8 consapevole che un mondo va scomparendo, e avverte la sensazione di essere alla fine della storia sua e forse anche della civilt\u00e0. Ma qui il poeta sbaglia.<\/p>\n<p style=\"text-align: justify;\">Scrivono Simon Price e Peter Thonemann in un libro, assai originale, che sta per essere pubblicato da Laterza, <em>In principio fu Troia. L&#8217;Europa nel mondo antico<\/em>: \u00abRutilio pensa che sta lasciando il centro (Roma) per tornare a casa nella periferia (la Gallia), ovvero crede ancora di vivere nel mondo antico&#8230;<\/p>\n<p style=\"text-align: justify;\">In realt\u00e0 egli si trova sulla soglia di un mondo nuovo, dove le periferie sarebbero diventate centri a pieno diritto e in cui la Gallia, alla fine del V secolo d.C., sarebbe stata molto pi\u00f9 florida di Roma\u00bb. \u00c8 partito dalla Roma del passato ed \u00e8 giunto nell&#8217;Europa del futuro. Gi\u00e0, ma quando \u00e8 nata quell&#8217;Europa? Qual \u00e8 la sua storia antica?<\/p>\n<p style=\"text-align: justify;\">7L&#8217;Europa in qualche modo aveva cominciato a profilarsi come tale nel I secolo d.C., quando, in tutte le province occidentali dalla Spagna alla Britannia, si not\u00f2 una grande diffusione delle ceramiche aretine, recipienti d\u00ec terracotta usati per cuocere, conservare e consumare cibi e bevande.<\/p>\n<p style=\"text-align: justify;\">Ceramiche che in forma ben pi\u00f9 rudimentale e in misura infinitamente minore avevano cominciato a circolare gi\u00e0 cinque o sei secoli prima. Nell&#8217;Europa nordoccidentale preromana la fonte principale di carboidrati, scrivono Price e Thonemann, era stata fino a quel momento una pappa di cereali inzuppata in una scodella di birra: la comparsa delle ceramiche aretine di cui si \u00e8 detto segn\u00f2 il passaggio, almeno per le \u00e9lite, alla cottura del pane.<\/p>\n<p style=\"text-align: justify;\">Quelle stesse \u00e9lite celtiche iniziarono poi ad assaporare vino importato \u2014 anche qui si era iniziato centinaia di anni prima \u2014 da Massalia (Marsiglia); mentre le classi pi\u00f9 povere ancora bevevano birra di frumento mescolata con il miele o birra d&#8217;orzo senza aggiunte. Nel corso di quel primo secolo dell&#8217;era cristiana il consumo della birra and\u00f2 declinando a vantaggio di quello del vino, prodotto per oltre la met\u00e0 nella regione di Besancon in vigneti gallici.<\/p>\n<p style=\"text-align: justify;\">Il mercato delle ceramiche di tipo romano raggiunse proporzioni tali che nella Gallia meridionale cominciarono a fiorire officine che ne producevano ottime imitazioni a beneficio del mercato locale. La pi\u00f9 nota si trovava a La Graufesenque, nei pressi di Millau, regione francese Midi Pirenei: i piatti di La Graufesenque si diffusero non solo nelle province galliche, ma anche in Britannia e persine nell&#8217;Africa del Nord.<\/p>\n<p style=\"text-align: justify;\">Particolare molto importante \u00e8 che su ogni singolo prodotto di quel vasellame era apposto un sigillo con il nome del produttore o del destinatario, tradotto dal celtico in latino. I vasai di La Graufesenque volevano apparire romani in tutto e per tutto e a tal fine quegli stessi vasai adottarono, per la loro pregiata opera, la lingua di Roma. A poco a poco gli idiomi locali cedevano il posto al latino (a Occidente) e al greco (a Oriente).<\/p>\n<p style=\"text-align: justify;\">\u00c8 in questo momento che molte delle varie lingue dell&#8217;Asia minore (il licio, il lidio, il galatico, il cario) spariscono dalle iscrizioni su pietra, dai papiri, dalle tavolette scrittorie e dagli stampi di ceramica. Solo nella campagna pi\u00f9 sperduta pu\u00f2 accadere che, nel III secolo d.C., il frigio resista su qualche pietra tombale, peraltro bilingue; stesso discorso vale per il pisidio. Per il resto niente o quasi niente.<\/p>\n<p style=\"text-align: justify;\">Cos\u00ec fa una certa impressione leggere all&#8217;interno del Nuovo Testamento, negli Atti degli Apostoli, che a met\u00e0 del I secolo, quando Paolo e Barnaba arrivarono nella piccola colonia romana di Listra, la popolazione locale li salut\u00f2 \u00abin licaonico\u00bb. \u00abNon ci resta neanche una parola della lingua licaonica\u00bb, osservano Price e Thonemann, \u00abevidentemente sia a La Graufesenque sia a Listra c&#8217;era una netta divisione tra le lingue dell&#8217;amministrazione e degli affari pubblici (rispettivamente latino e greco) e le lingue che la gente parlava effettivamente nella vita quotidiana (celtico e licaonico)\u00bb.<\/p>\n<p style=\"text-align: justify;\">Ma torniamo alla storia e alla storia antica (che si confonde con quella mitica). Colpisce il fatto che nella mitologia greca il nostro continente abbia le sue origini fuori dall&#8217;attuale Europa, sull&#8217;altra sponda del Mediterraneo. Nelle Metamorfosi di Ovidio, Europa \u00e8 la figlia di Agenore, re di Tiro (Sidone) in Fenicia, una ragazza che, mentre gioca con le sue amiche sulla riva del mare, viene conquistata da Zeus con le sembianze d\u00ec un toro alato, ne \u00e8 rapita e lo segue sulla sua groppa a Creta.<\/p>\n<p style=\"text-align: justify;\">Qui Zeus riprende il suo aspetto e si congiunge a lei generando Minosse, fondatore della civilt\u00e0 che da lui prende il nome. Ma a ribadire la circostanza delle origini africane c&#8217;\u00e8 che Agenore di Tiro mand\u00f2 un altro suo figlio, Cadmo, a cercare la sorella Europa: fu nel corso di questo viaggio alla ricerca della sorella che il fenicio Cadmo si ferm\u00f2 in Beozia e fond\u00f2 Tebe, dando origine a una dinastia che avrebbe regnato fin dopo la guerra di Troia.<\/p>\n<p style=\"text-align: justify;\">Va notato che \u00abEuropa, Cadmo e Agenore furono figure puramente greche, senza alcun ruolo nella mitologia fenicia indigena\u00bb. Solo in un secondo tempo, nel II secolo a.C., quei personaggi entrarono a far parte della mitologia nordafricana.<\/p>\n<p style=\"text-align: justify;\">In ogni caso Martin Bernal gi\u00e0 qualche anno fa, nel libro <em>Atena nera. Le radici afroasiatiche della civilt\u00e0 classica<\/em> (il Saggiatore), approfond\u00ec la questione e giunse a due conclusioni: che, incontestabilmente, le origini della civilt\u00e0 greca andassero cercate in Africa, a suo avviso specificamente in Egitto; e che questa realt\u00e0 era stata \u00aboccultata in maniera sistematica e deliberata\u00bb dagli studiosi occidentali sin dal XVIII secolo, \u00abper eurocentrismo o per aperto razzismo\u00bb.<\/p>\n<p style=\"text-align: justify;\">Mary Lefkowitz, studiosa del Massachusetts, in un altro libro, <em>Black Athena Revisited<\/em>, ha confutato punto per punto le tesi di Bernal. Ma Simon Price e Peter Thonemann, dopo averle riesaminate, sostengono che esse reggono alla missione di \u00abcontrastare lo sminuimento culturale di popolazioni di origine africana, operato da teorie implicite o affermazioni esplicite secondo le quali non sarebbe mai esistita una grande cultura africana che ha contribuito complessivamente alla civilt\u00e0 mondiale e secondo le quali i neri siano sempre stati schiavi\u00bb.<\/p>\n<p style=\"text-align: justify;\">Ci\u00f2 che, proseguono \u00abci sembra ragionevole, equilibrato e ben argomentato\u00bb. Anche se si sentono in dovere di aggiungere: \u00abSe sia il modo corretto di fare storia oppure no, lo lasciamo decidere al lettore\u00bb.<\/p>\n<p style=\"text-align: justify;\">In ogni caso i primi contatti dei Fenici con il Mediterraneo occidentale sembrano risalire al X e IX secolo a.C.; ma solo a partire dall&#8217;inizio dell\u2019VIII i mercanti nordafricani diedero vita a\u00a0 insediamenti stabili. La diaspora fenicia \u00abfu sbalorditiva per la sua rapidit\u00e0\u00bb. A cavallo di due secoli, i Fenici avevano fondato insediamenti in Tunisia e in Sicilia occidentale, tra cui Palermo, a Malta, in Sardegna, a Ibiza, sulla costa andalusa della Spagna. Un secolo dopo, attorno al 600 a.C., i Greci fondarono Massalia, l&#8217;odierna Marsiglia.<\/p>\n<p style=\"text-align: justify;\">Comunque all&#8217;inizio fu definito Europa tutto ci\u00f2 che si trovava a ovest dell&#8217;Asia,\u00a0 dell\u2019Ellesponto, delle terre dominate dai Persiani. E all&#8217;origine fu la guerra di Troia. Per i Greci e per i Romani Troia \u00e8 la citt\u00e0 a cui risale la memoria, in cui il mito ha iniziato a farsi storia: essa \u00e8 s\u00ec alle frontiere dell&#8217;Asia, ma \u00abstoricamente\u00bb \u00e8 in Europa (vale ricordare che la Daimler Benz per aver sponsorizzato i nuovi scavi nel sito di Troia iniziati nel 1988, \u00e8 stata premiata dall\u2019Unesco per l&#8217;opera a favore del \u00abpatrimonio culturale europeo\u00bb).<\/p>\n<p style=\"text-align: justify;\">Per i Greci, i Romani e anche altri popoli \u00abla guerra di Troia e gli eventi immediatamente successivi costituirono il limite pi\u00f9 antico della loro consapevolezza del passato e divennero le fondamenta dell&#8217;identit\u00e0 europea\u00bb.<\/p>\n<p style=\"text-align: justify;\">All&#8217;inizio del primo millennio a.C. la distinzione pi\u00f9 chiara non \u00e8 quella tra Est e Ovest, ma fra paesi a nord e a sud delle Alpi. E a nord cosa c&#8217;era? Sono state trovate le tracce di qualcosa di importante anche a nord, come l&#8217;insediamento, piccolo ma fortificato, di Sobiejuchy, nella Polonia centrosettentrionale, probabilmente abitato tra l&#8217;Et\u00e0 del Bronzo a quella del Ferro, un sito che pu\u00f2 servire da modello per altri insediamenti centroeuropei di quello stesso periodo.<\/p>\n<p style=\"text-align: justify;\">Sobiejuchy, grande circa sei ettari (la coeva Micene occupava quattro ettari), sorgeva su un&#8217;isola in un lago ed era difesa da una palizzata di legno. Era fondata su un&#8217;economia rurale di sussistenza, con una coltivazione intensiva di una gran variet\u00e0 di raccolti: miglio, grano, spelta, farro, fagioli, lenticchie e piselli; si allevavano maiali, pecore, cavalli, si pescava e si catturavano animali selvaggi.<\/p>\n<p style=\"text-align: justify;\">Nell&#8217;Et\u00e0 del Ferro la regione a nord delle Alpi, a est della Borgogna e a ovest della Repubblica Ceca, vide nascere un gruppo culturale stabile e relativamente omogeneo chiamato \u00abcultura di Hallstatt\u00bb, dal nome di un paese dell&#8217;Austria famoso per le miniere di salgemma.<\/p>\n<p style=\"text-align: justify;\">Questa cultura nel VI secolo a.C. man mano che, come si \u00e8 detto, i beni di lusso di manifattura mediterranea cominciarono a viaggiare verso nord lungo il corridoio del Reno, sub\u00ec una grande trasformazione: \u00abEmerse una nuova classe dirigente che risiedeva in citt\u00e0 collinari fortificate in stile greco e che si distinguevano da quelle contemporanee per l&#8217;utilizzo di beni di lusso greci\u00bb. I nobili di Hallstatt furono \u00abconsumatori di vino massaliota\u00bb e compratori di grandi quantit\u00e0 di vasellame greco da degustazione.<\/p>\n<p style=\"text-align: justify;\">Ma se questo \u00e8 il poco che si era sviluppato in quello che \u00e8 oggi il centro del nostro continente, l&#8217;Europa di quei tempi giocava la sua partita sull\u2019Ellesponto. Nel V secolo gli asiatici furono all&#8217;attacco e gli Ateniesi li respinsero a Maratona (490 a.C.), a Salamina (480 a.C.) e a Platea (479 a.C). Nell&#8217;anno di Platea ci fu la crocefissione di Artaitte, l&#8217;episodio dal grande valore simbolico che ci collega all&#8217;antica storia europea.<\/p>\n<p style=\"text-align: justify;\">Due anni prima, il re persiano Serse aveva condotto il suo immenso esercito al di l\u00e0 dello stretto, con lo scopo di annettere l&#8217;intera penisola greca all&#8217;impero persiano. Per trasportare l&#8217;armata al di l\u00e0 dell\u2019Ellesponto, il gran re aveva unito le due coste con un ponte di barche e si addentrava nell&#8217;Europa.<\/p>\n<p style=\"text-align: justify;\">In quei giorni Artaitte, governatore per conto di Serse della citt\u00e0 di Sesto, aveva \u00abdato ai Greci del luogo una lezione memorabile sul potere persiano\u00bb saccheggiando la tomba di Protesilao, sepolcro sacro della guerra di Troia. Protesilao era stato, secondo Omero, il primo greco a essere ucciso appena balzato a terra sulla costa della Troade; la crocefissione di Artaitte fu dunque, ai tempi della sconfitta definitiva di Serse, la vendetta simbolica nei confronti di chi aveva osato violare la memoria della vittoria dell&#8217;Occidente sull&#8217;Oriente, dell&#8217;Europa sull&#8217;Asia.<\/p>\n<p style=\"text-align: justify;\">Di chi, in altre parole, aveva avuto l&#8217;ardimento di mettere in dubbio la supremazia europea destinata da quel momento ad essere definitiva.<\/p>\n<p style=\"text-align: justify;\">All&#8217;inizio del V secolo, <em>Il Giro della terra <\/em>di Ecateo di Mileto, il primo tentativo di descrivere una geografia universale, fu diviso in due libri, il primo si chiamava \u00abEuropa\u00bb, il secondo \u00abAsia\u00bb. Ecateo descrisse il mondo abitato un \u00abdisco circolare abbracciato dall&#8217;Oceano\u00bb. Tale disco era diviso in due met\u00e0 uguali, l&#8217;Europa e l&#8217;Asia appunto, separate da una sola striscia d&#8217;acqua, il Mediterraneo e a Mar Nero legati tra loro dall\u2019Ellesponto.<\/p>\n<p style=\"text-align: justify;\">Nel 449 a.C., quando gli Ateniesi inflissero un&#8217;altra sconfitta alla flotta e al&#8217;esercito dei Persiani, il monumento celebrativo ateniese affermava che non c&#8217;era stata una vittoria pi\u00f9 grande \u00abda quando l&#8217;Oceano divise l&#8217;Europa dall&#8217;Asia\u00bb. Ma non c&#8217;era nessun disprezzo per gli asiatici. Erodoto di Alicarnasso, greco nato sulla costa dell&#8217;Asia Minore, nelle <em>Storie<\/em> seppe descrivere anche i popoli \u00abnon europei\u00bb, le \u00abrazze barbare\u00bb con \u00abacutezza e simpatia\u00bb. Tebe ai tempi di Platea si era schierata dalla parte dei Persiani, ma non fu mai considerata una citt\u00e0 non greca.<\/p>\n<p style=\"text-align: justify;\">Questo dimostra che, anche se era molto importante sapere chi, in battaglie cruciali, era stato dalla parte dei vincitori e chi da quella dei perdenti, l&#8217;Europa non confuse mai il proprio diritto ad esistere con un senso di alterit\u00e0 e superiorit\u00e0 nei confronti degli \u00abaltri\u00bb.<\/p>\n<p style=\"text-align: justify;\">Del resto, all&#8217;inizio della <em>Guerra del Peloponneso<\/em>, Tucidide osserva che il termine \u00abbarbaro\u00bb non \u00e8 mai usato in Omero, \u00abper il fatto che gli Elleni, a mio parere, non erano ancora riuniti sotto un nome distinto che si opponesse a quello dei barbari\u00bb. Si tratta, scrivono Price e Thonemann, di \u00abun&#8217;osservazione molto acuta\u00bb.<\/p>\n<p style=\"text-align: justify;\">l&#8217;<em>Iliade<\/em> mostra \u00abscarso interesse per le differenze etniche o culturali tra gli Achei e i Troiani\u00bb; Tucidide \u00abha colto il punto cruciale per cui il concetto di barbaro \u00e8 inestricabilmente legato all&#8217;idea di grecita: solo quando i Greci cominciarono a considerarsi un unico popolo con caratteristiche comuni (templi, lingua, antenati), impararono a guardare ai non greci come ad un unico gruppo\u00bb.<\/p>\n<p style=\"text-align: justify;\">Omero non ha alcuna idea di divisione del mondo in due continenti separati. Almeno fino all&#8217;<em>Inno omerico ad Apollo, <\/em>che \u00e8 del VI secolo a.C., Europa \u00e8 solo \u00abun termine comodo per la Grecia continentale a nord dell&#8217;Istmo, senza alcuna delle connotazioni geografiche e politiche pi\u00f9 ampie che avrebbe sviluppato due secoli dopo\u00bb.<\/p>\n<p style=\"text-align: justify;\">Si calcola che nel 400 a.C. il mondo greco ospitasse almeno 862 citt\u00e0-Stato Indipendenti, la stragrande maggioranza delle quali erano situate nel bacino egeo. La loro fu la prima cultura veramente urbana a emergere in Europa: la popolazione totale della Beozia classica pu\u00f2 essere stimata tra i 165 e i 200 mila abitanti, di cui circa 100 mila (il 50 per cento o pi\u00f9) vivevano in centri urbani.<\/p>\n<p style=\"text-align: justify;\">Si tratta di una percentuale \u00abeccezionalmente alta\u00bb, fanno notare i due storici; 2.400 anni dopo, nel Settecento, la popolazione urbana dell&#8217;Europa nel suo complesso sarebbe stata all&#8217;inarca solo il 12 per cento di quella totale: \u00abNei Paesi Bassi, una delle regioni pi\u00f9 urbanizzate dell&#8217;Europa continentale, la popolazione arrivava forse al 40 per cento\u00bb. Va anche detto che quella ateniese era una singolare eccezione.<\/p>\n<p style=\"text-align: justify;\">La poco lontana Tracia, equivalente all&#8217;odierna Bulgaria, per come ce l&#8217;ha raccontata Senofonte, aveva villaggi che consistevano in \u00abuna manciata di capanne di legno, ognuna circondata da un&#8217;area recintata per il bestiame\u00bb. Niente di pi\u00f9.<\/p>\n<p style=\"text-align: justify;\">L\u2019impero ateniese del V secolo era diverso da qualsiasi altro Stato mai esistito e da quelli ancora esistenti in Europa fino ad allora. C&#8217;erano 700 funzionari ateniesi in servizio permanente all&#8217;estero, pi\u00f9 del quadruplo di quanti Roma ne avrebbe mandati secoli dopo ad amministrare le province di tutto il proprio impero.<\/p>\n<p style=\"text-align: justify;\">Atene imponeva ad ogni citt\u00e0 sottomessa l&#8217;adozione di pesi, misure e monete uniformi. E in quel periodo gli Ateniesi cominciarono a registrare su pietra inventari dei templi, contabilit\u00e0 edilizia, vendite di propriet\u00e0 ed elenchi di vittime. Un&#8217;\u00ababitudine documentaria\u00bb che fa di quest&#8217;esperienza un unicum nella storia d&#8217;Europa nel mondo antico.<\/p>\n<p style=\"text-align: justify;\">Fu quella ateniese una civilt\u00e0 superiore? Non in tutto. Price e Thonemann sono colpiti per il fatto che in questa storia antica d&#8217;Europa le donne ateniesi avessero una condizione peggiore che nel resto del mondo greco. Per esempio, un codice giuridico del V secolo di Gortina, a Creta, &#8211; mostra che \u00able donne del luogo potevano possedere ed ereditare beni, sposarsi e divorziare con relativa libert\u00e0 e persino generare figli liberi da uno schiavo maschio\u00bb.<\/p>\n<p style=\"text-align: justify;\">Allo stesso modo le donne spartane godevano di diritti legali e di un grado di libert\u00e0 sociale che inorridiva gli osservatori ateniesi e si diceva che \u00aballa fine del IV secolo due quinti della terra spartana fossero posseduti da donne\u00bb. Resta dunque \u00abil paradosso che lo Stato pi\u00f9 egualitario del mondo greco fosse anche uno dei pi\u00f9 repressivi nel trattamento delle donne\u00bb.<\/p>\n<p style=\"text-align: justify;\">L&#8217;Europa fece un importante passo avanti nell&#8217;affermazione della propria identit\u00e0 con la comparsa sulla scena di Filippo il macedone e poi di suo figlio Alessandro. Gi\u00e0 l&#8217;oratore ateniese Isocrate defin\u00ec Filippo \u00abil pi\u00f9 grande dei re dell&#8217;Europa\u00bb, un modo per \u00abidentificare gli interessi di quel re con quelli dei Greci\u00bb, senza dover sostenere che era greco lui stesso.<\/p>\n<p style=\"text-align: justify;\">E non \u00e8 certo un caso che a sua figlia, nata poco dopo la vittoria di Cheronea, Filippo diede il nome Europa. Con l&#8217;ascesa della Macedonia come potenza dominante nel mondo greco, \u00abessere europeo fin\u00ec necessariamente per significare qualcosa di pi\u00f9 che essere greco\u00bb. Filippo e Alessandro \u00abnel loro tentativo di unire la sfera culturale greca e quella macedone, potrebbero essere indicati plausibilmente come i primi europei consapevoli\u00bb.<\/p>\n<p style=\"text-align: justify;\">E quando nel 334 a.C. Alessandro si apprest\u00f2 a varcare l\u2019Ellesponto, volle prima rendere omaggio alla tomba del Protesilao di cui si \u00e8 detto e, appena la sua nave approd\u00f2 sulla costa della Troade, imit\u00f2 quello stesso Protesilao e volle essere il primo a metter piede sul suolo asiatico. Dopodich\u00e9, se cos\u00ec si pu\u00f2 dire, l&#8217;Europa travolse l&#8217;Asia.<\/p>\n<p style=\"text-align: justify;\">Tra il 334 e il 330 a.C. Alessandro conquist\u00f2 la penisola dell&#8217;Asia Minore, la Siria, l&#8217;Egitto, il cuore dell&#8217;impero persiano cio\u00e8 la Mesopotamia e l&#8217;Iran occidentale fino a spingersi, all&#8217;inseguimento di Dario III, in Afghanistan, Uzbekistan e Tagikistan (in quella zona del mondo \u00e8 stata ritrovata la colonia greca di Ai-Khanoum), in India.<\/p>\n<p style=\"text-align: justify;\">Ed \u00e8 curioso notare che un anno prima di questa colossale impresa, che avrebbe spostato sia pure provvisoriamente in Asia il baricentro dell&#8217;impero, nel 335, Alessandro incontr\u00f2 una delegazione dei Celti. I Celti all&#8217;epoca erano scesi dalle foreste del Nord per spadroneggiare nell&#8217;odierna Europa, si erano spinti fino a Roma (386) e il grande re macedone fu \u2014 forse \u2014 sul punto di stringere con loro un&#8217;alleanza che ad ogni evidenza, se si fosse realizzata, avrebbe cambiato il corso della storia.<\/p>\n<p style=\"text-align: justify;\">Ma quell&#8217;incontro non si concretizz\u00f2, cos\u00ec come non ebbe un seguito concreto e duraturo la magnifica avventura di Alessandro in Asia. Tocc\u00f2 a Roma respingere le bande razziataci venute dal Nord e qualche tempo dopo domare sia i Greci (in soli 53 anni a partire dalla fine della dinastia macedone nel 220 a.C.) che i Fenici.<\/p>\n<p style=\"text-align: justify;\">La distruzione di Cartagine e quella di Corinto (entrambe nel 146 a.C.) \u00absegnano un punto di svolta nella storia del Mediterraneo\u00bb. Da quel momento \u00abanche la conoscenza dell&#8217;Europa sub\u00ec un cambiamento\u00bb (i Greci avevano avuto scarso interesse per le aree interne del continente).<\/p>\n<p style=\"text-align: justify;\">Le aree dell&#8217;Europa centrale si mostrano permeabili alla penetrazione romana. La storia delle societ\u00e0 indigene prima della conquista \u2014diversamente da quel che accadeva in Asia \u2014 \u00abfu ampiamente dimenticata e rimpiazzata da un passato nuovo e pi\u00f9 accettabilmente romano&#8230; Le lingue locali entrarono in un rapidissimo declino; persino le pratiche relative al mangiare e al bere furono cancellate dalla diffusione della ceramica e delle colture romane, prima fra tutte la vite\u00bb.<\/p>\n<p style=\"text-align: justify;\">Fu cos\u00ec che vennero in primo piano popoli un tempo periferici rispetto al mondo greco e che adesso cercavano di assicurarsi un posto in quel mondo, riconnettendo il proprio passato a quello greco pi\u00f9 remoto, \u00abIl viaggio di Enea da Troia in fiamme attraverso Cartagine verso l&#8217;Italia divenne un punto di riferimento ricorrente per i popoli del mondo romano&#8230; La storia che parte da Enea e Romolo, quella dell&#8217;ascesa d\u00ec Roma, che per Agostino d\u2019Ippona (tra il IV e il V secolo d.C.) era la principale citt\u00e0 terrena, entr\u00f2 a far parte del nuovo bagaglio ideologico trasmesso all&#8217;Europa cristiana\u00bb.<\/p>\n<p style=\"text-align: justify;\">Il greco divenne l&#8217;idioma dominante nel Mediterraneo (\u00abil che spiega perch\u00e9 i primi testi cristiani, incluso il Nuovo Testamento, furono scritti in greco e non in aramaico, che pure era la lingua di Ges\u00f9\u00bb), ma fu il latino che \u2014 dopo una lunga stagione in cui l&#8217;aristocrazia aveva l&#8217;obbligo di essere bilingue \u2014 divenne la lingua dominante dell&#8217;Occidente.<\/p>\n<p style=\"text-align: justify;\">La storia stava procedendo lungo l&#8217;itinerario di Rutilio Namaziano, che aveva creduto di andare da un centro ancora vitale (Roma) in una regione priva di prospettiva (l&#8217;Europa) e non si era accorto (probabilmente non poteva accorgersi) che stava facendo il percorso inverso.<\/p>\n","protected":false},"excerpt":{"rendered":"<p>Corriere della sera 30 ottobre 2012 Un&#8217;identit\u00e0 che nasce con i poemi di Omero di Paolo Mieli<\/p><p><a class=\"more-link btn\" href=\"https:\/\/www.rassegnastampa-totustuus.it\/cattolica\/la-culla-delleuropa-sotto-le-mura-di-troia\/\">Continua a leggere<\/a><\/p>\n","protected":false},"author":6,"featured_media":31852,"comment_status":"closed","ping_status":"open","sticky":false,"template":"","format":"standard","meta":{"footnotes":""},"categories":[14],"tags":[2107,878],"class_list":["post-5284","post","type-post","status-publish","format-standard","has-post-thumbnail","hentry","category-europa-e-ue","tag-antica-grecia","tag-radici-europa","item-wrap"],"yoast_head":"<!-- This site is optimized with the Yoast SEO plugin v27.5 - https:\/\/yoast.com\/product\/yoast-seo-wordpress\/ -->\n<title>La culla dell&#039;Europa sotto le mura di Troia - Rassegna Stampa Cattolica<\/title>\n<meta name=\"description\" content=\"Rassegna Stampa Cattolica - Per una cultura che nasce dalla Rivelazione cristiana in conformit\u00e0 alla tradizione e al Magistero della Chiesa in opposizione ad ogni relativismo e totalitarismo\" \/>\n<meta name=\"robots\" content=\"index, follow, max-snippet:-1, max-image-preview:large, max-video-preview:-1\" \/>\n<link rel=\"canonical\" href=\"https:\/\/www.rassegnastampa-totustuus.it\/cattolica\/la-culla-delleuropa-sotto-le-mura-di-troia\/\" \/>\n<meta property=\"og:locale\" content=\"it_IT\" \/>\n<meta property=\"og:type\" content=\"article\" \/>\n<meta property=\"og:title\" content=\"La culla dell&#039;Europa sotto le mura di Troia - Rassegna Stampa Cattolica\" \/>\n<meta property=\"og:description\" content=\"Rassegna Stampa Cattolica - Per una cultura che nasce dalla Rivelazione cristiana in conformit\u00e0 alla tradizione e al Magistero della Chiesa in opposizione ad ogni relativismo e totalitarismo\" \/>\n<meta property=\"og:url\" content=\"https:\/\/www.rassegnastampa-totustuus.it\/cattolica\/la-culla-delleuropa-sotto-le-mura-di-troia\/\" \/>\n<meta property=\"og:site_name\" content=\"Rassegna Stampa Cattolica\" \/>\n<meta property=\"article:publisher\" content=\"https:\/\/www.facebook.com\/rassegnastampacattolica\" \/>\n<meta property=\"article:published_time\" content=\"2012-11-07T23:00:00+00:00\" \/>\n<meta property=\"article:modified_time\" content=\"2016-03-16T11:49:28+00:00\" \/>\n<meta property=\"og:image\" content=\"https:\/\/www.rassegnastampa-totustuus.it\/cattolica\/wp-content\/uploads\/2012\/11\/Omero.jpg\" \/>\n\t<meta property=\"og:image:width\" content=\"200\" \/>\n\t<meta property=\"og:image:height\" content=\"252\" \/>\n\t<meta property=\"og:image:type\" content=\"image\/jpeg\" \/>\n<meta name=\"author\" content=\"Redazione\" \/>\n<meta name=\"twitter:card\" content=\"summary_large_image\" \/>\n<meta name=\"twitter:creator\" content=\"@rassegnastampa9\" \/>\n<meta name=\"twitter:site\" content=\"@rassegnastampa9\" \/>\n<meta name=\"twitter:label1\" content=\"Scritto da\" \/>\n\t<meta name=\"twitter:data1\" content=\"Redazione\" \/>\n\t<meta name=\"twitter:label2\" content=\"Tempo di lettura stimato\" \/>\n\t<meta name=\"twitter:data2\" content=\"17 minuti\" \/>\n<script type=\"application\/ld+json\" class=\"yoast-schema-graph\">{\"@context\":\"https:\\\/\\\/schema.org\",\"@graph\":[{\"@type\":\"Article\",\"@id\":\"https:\\\/\\\/www.rassegnastampa-totustuus.it\\\/cattolica\\\/la-culla-delleuropa-sotto-le-mura-di-troia\\\/#article\",\"isPartOf\":{\"@id\":\"https:\\\/\\\/www.rassegnastampa-totustuus.it\\\/cattolica\\\/la-culla-delleuropa-sotto-le-mura-di-troia\\\/\"},\"author\":{\"name\":\"Redazione\",\"@id\":\"https:\\\/\\\/www.rassegnastampa-totustuus.it\\\/cattolica\\\/#\\\/schema\\\/person\\\/08f319d2bd1a0904ad9e2bfb7b15e5c3\"},\"headline\":\"La culla dell&#8217;Europa sotto le mura di Troia\",\"datePublished\":\"2012-11-07T23:00:00+00:00\",\"dateModified\":\"2016-03-16T11:49:28+00:00\",\"mainEntityOfPage\":{\"@id\":\"https:\\\/\\\/www.rassegnastampa-totustuus.it\\\/cattolica\\\/la-culla-delleuropa-sotto-le-mura-di-troia\\\/\"},\"wordCount\":3477,\"publisher\":{\"@id\":\"https:\\\/\\\/www.rassegnastampa-totustuus.it\\\/cattolica\\\/#organization\"},\"image\":{\"@id\":\"https:\\\/\\\/www.rassegnastampa-totustuus.it\\\/cattolica\\\/la-culla-delleuropa-sotto-le-mura-di-troia\\\/#primaryimage\"},\"thumbnailUrl\":\"https:\\\/\\\/www.rassegnastampa-totustuus.it\\\/cattolica\\\/wp-content\\\/uploads\\\/2012\\\/11\\\/Omero.jpg\",\"keywords\":[\"antica Grecia\",\"radici Europa\"],\"articleSection\":[\"Europa e UE\"],\"inLanguage\":\"it-IT\"},{\"@type\":\"WebPage\",\"@id\":\"https:\\\/\\\/www.rassegnastampa-totustuus.it\\\/cattolica\\\/la-culla-delleuropa-sotto-le-mura-di-troia\\\/\",\"url\":\"https:\\\/\\\/www.rassegnastampa-totustuus.it\\\/cattolica\\\/la-culla-delleuropa-sotto-le-mura-di-troia\\\/\",\"name\":\"La culla dell'Europa sotto le mura di Troia - Rassegna Stampa Cattolica\",\"isPartOf\":{\"@id\":\"https:\\\/\\\/www.rassegnastampa-totustuus.it\\\/cattolica\\\/#website\"},\"primaryImageOfPage\":{\"@id\":\"https:\\\/\\\/www.rassegnastampa-totustuus.it\\\/cattolica\\\/la-culla-delleuropa-sotto-le-mura-di-troia\\\/#primaryimage\"},\"image\":{\"@id\":\"https:\\\/\\\/www.rassegnastampa-totustuus.it\\\/cattolica\\\/la-culla-delleuropa-sotto-le-mura-di-troia\\\/#primaryimage\"},\"thumbnailUrl\":\"https:\\\/\\\/www.rassegnastampa-totustuus.it\\\/cattolica\\\/wp-content\\\/uploads\\\/2012\\\/11\\\/Omero.jpg\",\"datePublished\":\"2012-11-07T23:00:00+00:00\",\"dateModified\":\"2016-03-16T11:49:28+00:00\",\"description\":\"Rassegna Stampa Cattolica - Per una cultura che nasce dalla Rivelazione cristiana in conformit\u00e0 alla tradizione e al Magistero della Chiesa in opposizione ad ogni relativismo e totalitarismo\",\"breadcrumb\":{\"@id\":\"https:\\\/\\\/www.rassegnastampa-totustuus.it\\\/cattolica\\\/la-culla-delleuropa-sotto-le-mura-di-troia\\\/#breadcrumb\"},\"inLanguage\":\"it-IT\",\"potentialAction\":[{\"@type\":\"ReadAction\",\"target\":[\"https:\\\/\\\/www.rassegnastampa-totustuus.it\\\/cattolica\\\/la-culla-delleuropa-sotto-le-mura-di-troia\\\/\"]}]},{\"@type\":\"ImageObject\",\"inLanguage\":\"it-IT\",\"@id\":\"https:\\\/\\\/www.rassegnastampa-totustuus.it\\\/cattolica\\\/la-culla-delleuropa-sotto-le-mura-di-troia\\\/#primaryimage\",\"url\":\"https:\\\/\\\/www.rassegnastampa-totustuus.it\\\/cattolica\\\/wp-content\\\/uploads\\\/2012\\\/11\\\/Omero.jpg\",\"contentUrl\":\"https:\\\/\\\/www.rassegnastampa-totustuus.it\\\/cattolica\\\/wp-content\\\/uploads\\\/2012\\\/11\\\/Omero.jpg\",\"width\":200,\"height\":252},{\"@type\":\"BreadcrumbList\",\"@id\":\"https:\\\/\\\/www.rassegnastampa-totustuus.it\\\/cattolica\\\/la-culla-delleuropa-sotto-le-mura-di-troia\\\/#breadcrumb\",\"itemListElement\":[{\"@type\":\"ListItem\",\"position\":1,\"name\":\"Home\",\"item\":\"https:\\\/\\\/www.rassegnastampa-totustuus.it\\\/cattolica\\\/\"},{\"@type\":\"ListItem\",\"position\":2,\"name\":\"La culla dell&#8217;Europa sotto le mura di Troia\"}]},{\"@type\":\"WebSite\",\"@id\":\"https:\\\/\\\/www.rassegnastampa-totustuus.it\\\/cattolica\\\/#website\",\"url\":\"https:\\\/\\\/www.rassegnastampa-totustuus.it\\\/cattolica\\\/\",\"name\":\"Rassegna Stampa Cattolica\",\"description\":\"Per una cultura che nasce dalla Rivelazione cristiana in conformit\u00e0 alla tradizione e al Magistero della Chiesa in opposizione ad ogni relativismo e totalitarismo\",\"publisher\":{\"@id\":\"https:\\\/\\\/www.rassegnastampa-totustuus.it\\\/cattolica\\\/#organization\"},\"alternateName\":\"Rass. Cattolica\",\"potentialAction\":[{\"@type\":\"SearchAction\",\"target\":{\"@type\":\"EntryPoint\",\"urlTemplate\":\"https:\\\/\\\/www.rassegnastampa-totustuus.it\\\/cattolica\\\/?s={search_term_string}\"},\"query-input\":{\"@type\":\"PropertyValueSpecification\",\"valueRequired\":true,\"valueName\":\"search_term_string\"}}],\"inLanguage\":\"it-IT\"},{\"@type\":\"Organization\",\"@id\":\"https:\\\/\\\/www.rassegnastampa-totustuus.it\\\/cattolica\\\/#organization\",\"name\":\"Rassegna Stampa Cattolica\",\"url\":\"https:\\\/\\\/www.rassegnastampa-totustuus.it\\\/cattolica\\\/\",\"logo\":{\"@type\":\"ImageObject\",\"inLanguage\":\"it-IT\",\"@id\":\"https:\\\/\\\/www.rassegnastampa-totustuus.it\\\/cattolica\\\/#\\\/schema\\\/logo\\\/image\\\/\",\"url\":\"https:\\\/\\\/www.rassegnastampa-totustuus.it\\\/cattolica\\\/wp-content\\\/uploads\\\/2014\\\/04\\\/logo-rassegna1.gif\",\"contentUrl\":\"https:\\\/\\\/www.rassegnastampa-totustuus.it\\\/cattolica\\\/wp-content\\\/uploads\\\/2014\\\/04\\\/logo-rassegna1.gif\",\"width\":600,\"height\":163,\"caption\":\"Rassegna Stampa Cattolica\"},\"image\":{\"@id\":\"https:\\\/\\\/www.rassegnastampa-totustuus.it\\\/cattolica\\\/#\\\/schema\\\/logo\\\/image\\\/\"},\"sameAs\":[\"https:\\\/\\\/www.facebook.com\\\/rassegnastampacattolica\",\"https:\\\/\\\/x.com\\\/rassegnastampa9\"]},{\"@type\":\"Person\",\"@id\":\"https:\\\/\\\/www.rassegnastampa-totustuus.it\\\/cattolica\\\/#\\\/schema\\\/person\\\/08f319d2bd1a0904ad9e2bfb7b15e5c3\",\"name\":\"Redazione\",\"image\":{\"@type\":\"ImageObject\",\"inLanguage\":\"it-IT\",\"@id\":\"https:\\\/\\\/secure.gravatar.com\\\/avatar\\\/2fcdf27c78ea025fbdb44e914cc63c72249ffec9dc8aafd5c82b26240ef3f346?s=96&d=mm&r=g\",\"url\":\"https:\\\/\\\/secure.gravatar.com\\\/avatar\\\/2fcdf27c78ea025fbdb44e914cc63c72249ffec9dc8aafd5c82b26240ef3f346?s=96&d=mm&r=g\",\"contentUrl\":\"https:\\\/\\\/secure.gravatar.com\\\/avatar\\\/2fcdf27c78ea025fbdb44e914cc63c72249ffec9dc8aafd5c82b26240ef3f346?s=96&d=mm&r=g\",\"caption\":\"Redazione\"},\"url\":\"https:\\\/\\\/www.rassegnastampa-totustuus.it\\\/cattolica\\\/author\\\/pietroelle\\\/\"}]}<\/script>\n<!-- \/ Yoast SEO plugin. -->","yoast_head_json":{"title":"La culla dell'Europa sotto le mura di Troia - Rassegna Stampa Cattolica","description":"Rassegna Stampa Cattolica - Per una cultura che nasce dalla Rivelazione cristiana in conformit\u00e0 alla tradizione e al Magistero della Chiesa in opposizione ad ogni relativismo e totalitarismo","robots":{"index":"index","follow":"follow","max-snippet":"max-snippet:-1","max-image-preview":"max-image-preview:large","max-video-preview":"max-video-preview:-1"},"canonical":"https:\/\/www.rassegnastampa-totustuus.it\/cattolica\/la-culla-delleuropa-sotto-le-mura-di-troia\/","og_locale":"it_IT","og_type":"article","og_title":"La culla dell'Europa sotto le mura di Troia - Rassegna Stampa Cattolica","og_description":"Rassegna Stampa Cattolica - Per una cultura che nasce dalla Rivelazione cristiana in conformit\u00e0 alla tradizione e al Magistero della Chiesa in opposizione ad ogni relativismo e totalitarismo","og_url":"https:\/\/www.rassegnastampa-totustuus.it\/cattolica\/la-culla-delleuropa-sotto-le-mura-di-troia\/","og_site_name":"Rassegna Stampa Cattolica","article_publisher":"https:\/\/www.facebook.com\/rassegnastampacattolica","article_published_time":"2012-11-07T23:00:00+00:00","article_modified_time":"2016-03-16T11:49:28+00:00","og_image":[{"width":200,"height":252,"url":"https:\/\/www.rassegnastampa-totustuus.it\/cattolica\/wp-content\/uploads\/2012\/11\/Omero.jpg","type":"image\/jpeg"}],"author":"Redazione","twitter_card":"summary_large_image","twitter_creator":"@rassegnastampa9","twitter_site":"@rassegnastampa9","twitter_misc":{"Scritto da":"Redazione","Tempo di lettura stimato":"17 minuti"},"schema":{"@context":"https:\/\/schema.org","@graph":[{"@type":"Article","@id":"https:\/\/www.rassegnastampa-totustuus.it\/cattolica\/la-culla-delleuropa-sotto-le-mura-di-troia\/#article","isPartOf":{"@id":"https:\/\/www.rassegnastampa-totustuus.it\/cattolica\/la-culla-delleuropa-sotto-le-mura-di-troia\/"},"author":{"name":"Redazione","@id":"https:\/\/www.rassegnastampa-totustuus.it\/cattolica\/#\/schema\/person\/08f319d2bd1a0904ad9e2bfb7b15e5c3"},"headline":"La culla dell&#8217;Europa sotto le mura di Troia","datePublished":"2012-11-07T23:00:00+00:00","dateModified":"2016-03-16T11:49:28+00:00","mainEntityOfPage":{"@id":"https:\/\/www.rassegnastampa-totustuus.it\/cattolica\/la-culla-delleuropa-sotto-le-mura-di-troia\/"},"wordCount":3477,"publisher":{"@id":"https:\/\/www.rassegnastampa-totustuus.it\/cattolica\/#organization"},"image":{"@id":"https:\/\/www.rassegnastampa-totustuus.it\/cattolica\/la-culla-delleuropa-sotto-le-mura-di-troia\/#primaryimage"},"thumbnailUrl":"https:\/\/www.rassegnastampa-totustuus.it\/cattolica\/wp-content\/uploads\/2012\/11\/Omero.jpg","keywords":["antica Grecia","radici Europa"],"articleSection":["Europa e UE"],"inLanguage":"it-IT"},{"@type":"WebPage","@id":"https:\/\/www.rassegnastampa-totustuus.it\/cattolica\/la-culla-delleuropa-sotto-le-mura-di-troia\/","url":"https:\/\/www.rassegnastampa-totustuus.it\/cattolica\/la-culla-delleuropa-sotto-le-mura-di-troia\/","name":"La culla dell'Europa sotto le mura di Troia - Rassegna Stampa Cattolica","isPartOf":{"@id":"https:\/\/www.rassegnastampa-totustuus.it\/cattolica\/#website"},"primaryImageOfPage":{"@id":"https:\/\/www.rassegnastampa-totustuus.it\/cattolica\/la-culla-delleuropa-sotto-le-mura-di-troia\/#primaryimage"},"image":{"@id":"https:\/\/www.rassegnastampa-totustuus.it\/cattolica\/la-culla-delleuropa-sotto-le-mura-di-troia\/#primaryimage"},"thumbnailUrl":"https:\/\/www.rassegnastampa-totustuus.it\/cattolica\/wp-content\/uploads\/2012\/11\/Omero.jpg","datePublished":"2012-11-07T23:00:00+00:00","dateModified":"2016-03-16T11:49:28+00:00","description":"Rassegna Stampa Cattolica - Per una cultura che nasce dalla Rivelazione cristiana in conformit\u00e0 alla tradizione e al Magistero della Chiesa in opposizione ad ogni relativismo e totalitarismo","breadcrumb":{"@id":"https:\/\/www.rassegnastampa-totustuus.it\/cattolica\/la-culla-delleuropa-sotto-le-mura-di-troia\/#breadcrumb"},"inLanguage":"it-IT","potentialAction":[{"@type":"ReadAction","target":["https:\/\/www.rassegnastampa-totustuus.it\/cattolica\/la-culla-delleuropa-sotto-le-mura-di-troia\/"]}]},{"@type":"ImageObject","inLanguage":"it-IT","@id":"https:\/\/www.rassegnastampa-totustuus.it\/cattolica\/la-culla-delleuropa-sotto-le-mura-di-troia\/#primaryimage","url":"https:\/\/www.rassegnastampa-totustuus.it\/cattolica\/wp-content\/uploads\/2012\/11\/Omero.jpg","contentUrl":"https:\/\/www.rassegnastampa-totustuus.it\/cattolica\/wp-content\/uploads\/2012\/11\/Omero.jpg","width":200,"height":252},{"@type":"BreadcrumbList","@id":"https:\/\/www.rassegnastampa-totustuus.it\/cattolica\/la-culla-delleuropa-sotto-le-mura-di-troia\/#breadcrumb","itemListElement":[{"@type":"ListItem","position":1,"name":"Home","item":"https:\/\/www.rassegnastampa-totustuus.it\/cattolica\/"},{"@type":"ListItem","position":2,"name":"La culla dell&#8217;Europa sotto le mura di Troia"}]},{"@type":"WebSite","@id":"https:\/\/www.rassegnastampa-totustuus.it\/cattolica\/#website","url":"https:\/\/www.rassegnastampa-totustuus.it\/cattolica\/","name":"Rassegna Stampa Cattolica","description":"Per una cultura che nasce dalla Rivelazione cristiana in conformit\u00e0 alla tradizione e al Magistero della Chiesa in opposizione ad ogni relativismo e totalitarismo","publisher":{"@id":"https:\/\/www.rassegnastampa-totustuus.it\/cattolica\/#organization"},"alternateName":"Rass. Cattolica","potentialAction":[{"@type":"SearchAction","target":{"@type":"EntryPoint","urlTemplate":"https:\/\/www.rassegnastampa-totustuus.it\/cattolica\/?s={search_term_string}"},"query-input":{"@type":"PropertyValueSpecification","valueRequired":true,"valueName":"search_term_string"}}],"inLanguage":"it-IT"},{"@type":"Organization","@id":"https:\/\/www.rassegnastampa-totustuus.it\/cattolica\/#organization","name":"Rassegna Stampa Cattolica","url":"https:\/\/www.rassegnastampa-totustuus.it\/cattolica\/","logo":{"@type":"ImageObject","inLanguage":"it-IT","@id":"https:\/\/www.rassegnastampa-totustuus.it\/cattolica\/#\/schema\/logo\/image\/","url":"https:\/\/www.rassegnastampa-totustuus.it\/cattolica\/wp-content\/uploads\/2014\/04\/logo-rassegna1.gif","contentUrl":"https:\/\/www.rassegnastampa-totustuus.it\/cattolica\/wp-content\/uploads\/2014\/04\/logo-rassegna1.gif","width":600,"height":163,"caption":"Rassegna Stampa Cattolica"},"image":{"@id":"https:\/\/www.rassegnastampa-totustuus.it\/cattolica\/#\/schema\/logo\/image\/"},"sameAs":["https:\/\/www.facebook.com\/rassegnastampacattolica","https:\/\/x.com\/rassegnastampa9"]},{"@type":"Person","@id":"https:\/\/www.rassegnastampa-totustuus.it\/cattolica\/#\/schema\/person\/08f319d2bd1a0904ad9e2bfb7b15e5c3","name":"Redazione","image":{"@type":"ImageObject","inLanguage":"it-IT","@id":"https:\/\/secure.gravatar.com\/avatar\/2fcdf27c78ea025fbdb44e914cc63c72249ffec9dc8aafd5c82b26240ef3f346?s=96&d=mm&r=g","url":"https:\/\/secure.gravatar.com\/avatar\/2fcdf27c78ea025fbdb44e914cc63c72249ffec9dc8aafd5c82b26240ef3f346?s=96&d=mm&r=g","contentUrl":"https:\/\/secure.gravatar.com\/avatar\/2fcdf27c78ea025fbdb44e914cc63c72249ffec9dc8aafd5c82b26240ef3f346?s=96&d=mm&r=g","caption":"Redazione"},"url":"https:\/\/www.rassegnastampa-totustuus.it\/cattolica\/author\/pietroelle\/"}]}},"_links":{"self":[{"href":"https:\/\/www.rassegnastampa-totustuus.it\/cattolica\/wp-json\/wp\/v2\/posts\/5284","targetHints":{"allow":["GET"]}}],"collection":[{"href":"https:\/\/www.rassegnastampa-totustuus.it\/cattolica\/wp-json\/wp\/v2\/posts"}],"about":[{"href":"https:\/\/www.rassegnastampa-totustuus.it\/cattolica\/wp-json\/wp\/v2\/types\/post"}],"author":[{"embeddable":true,"href":"https:\/\/www.rassegnastampa-totustuus.it\/cattolica\/wp-json\/wp\/v2\/users\/6"}],"replies":[{"embeddable":true,"href":"https:\/\/www.rassegnastampa-totustuus.it\/cattolica\/wp-json\/wp\/v2\/comments?post=5284"}],"version-history":[{"count":4,"href":"https:\/\/www.rassegnastampa-totustuus.it\/cattolica\/wp-json\/wp\/v2\/posts\/5284\/revisions"}],"predecessor-version":[{"id":31853,"href":"https:\/\/www.rassegnastampa-totustuus.it\/cattolica\/wp-json\/wp\/v2\/posts\/5284\/revisions\/31853"}],"wp:featuredmedia":[{"embeddable":true,"href":"https:\/\/www.rassegnastampa-totustuus.it\/cattolica\/wp-json\/wp\/v2\/media\/31852"}],"wp:attachment":[{"href":"https:\/\/www.rassegnastampa-totustuus.it\/cattolica\/wp-json\/wp\/v2\/media?parent=5284"}],"wp:term":[{"taxonomy":"category","embeddable":true,"href":"https:\/\/www.rassegnastampa-totustuus.it\/cattolica\/wp-json\/wp\/v2\/categories?post=5284"},{"taxonomy":"post_tag","embeddable":true,"href":"https:\/\/www.rassegnastampa-totustuus.it\/cattolica\/wp-json\/wp\/v2\/tags?post=5284"}],"curies":[{"name":"wp","href":"https:\/\/api.w.org\/{rel}","templated":true}]}}