{"id":52817,"date":"2021-10-28T10:13:33","date_gmt":"2021-10-28T08:13:33","guid":{"rendered":"http:\/\/www.rassegnastampa-totustuus.it\/cattolica\/?p=52817"},"modified":"2025-07-14T11:18:21","modified_gmt":"2025-07-14T09:18:21","slug":"il-terrorista-e-il-professore-lettere-dagli-anni-di-piombo-e-oltre","status":"publish","type":"post","link":"https:\/\/www.rassegnastampa-totustuus.it\/cattolica\/il-terrorista-e-il-professore-lettere-dagli-anni-di-piombo-e-oltre\/","title":{"rendered":"Il terrorista e il professore. Lettere dagli anni di piombo e oltre"},"content":{"rendered":"\n<p class=\"has-text-align-center\"><span style=\"color: #000000;\">Dal <a href=\"https:\/\/www.aldomariavalli.it\/\" target=\"_blank\" rel=\"noopener\"><strong>Blog di Aldo Maria Valli<\/strong> <\/a>30 Settembre 2021 <strong>&nbsp;<\/strong><\/span><\/p>\n\n\n\n<p><em><span style=\"color: #000000;\">Si intitola<\/span> <span style=\"color: #0000ff;\"><a style=\"color: #0000ff;\" href=\"https:\/\/www.edizioniares.it\/it\/prodotti\/attualitaestoria\/il-terrorista-il-professore\" target=\"_blank\" rel=\"noopener noreferrer\">Il terrorista e il professore<\/a> <\/span><span style=\"color: #000000;\">ed \u00e8 un libro, a mio giudizio, da non perdere. Propone il carteggio tra Cesare Cavalleri, direttore della casa editrice Ares e della rivista Studi cattolici, e Arrigo Cavallina, ex terrorista, tra i fondatori del gruppo eversivo Proletari armati per il comunismo. Cavalleri nel titolo \u00e8 definito \u201cil professore\u201d perch\u00e9 fu l\u2019insegnante di ragioneria del giovane Cavallina, e proprio da questa circostanza prende spunto lo scambio epistolare, che copre un lungo periodo, dal 1984 al 2019. Un libro commovente, come scrive Michele Brambilla nella prefazione che, per gentile concessione dell\u2019editore, qui vi propongo.<\/span><\/em><\/p>\n\n\n\n<p class=\"has-text-align-center\"><span style=\"color: #000000;\">di <strong>Michele Brambilla<\/strong><\/span><\/p>\n\n\n<div class=\"wp-block-image\">\n<figure class=\"aligncenter size-full is-resized\"><a href=\"https:\/\/www.rassegnastampa-totustuus.it\/cattolica\/wp-content\/uploads\/2021\/10\/Cavalieri_cover.jpg\"><img loading=\"lazy\" decoding=\"async\" width=\"185\" height=\"272\" src=\"https:\/\/www.rassegnastampa-totustuus.it\/cattolica\/wp-content\/uploads\/2021\/10\/Cavalieri_cover.jpg\" alt=\"\" class=\"wp-image-52818\" style=\"width:269px;height:auto\"\/><\/a><\/figure><\/div>\n\n\n<!--more-->\n\n\n\n<p><span style=\"color: #000000;\">Questo libro \u00e8 il carteggio fra Cesare Cavalleri e Arrigo Cavallina. Il primo \u00e8 un giornalista e scrittore cattolico, direttore delle Edizioni Ares. Il secondo \u00e8 un ex terrorista (egli stesso non ha remore nel definirsi cos\u00ec) di sinistra: un uomo che come tanti suoi coetanei, negli anni Settanta, ha pensato di costruire il paradiso in terra per mezzo della lotta armata, e ha pagato i suoi errori con una quindicina di anni di carcere.<\/span><\/p>\n\n\n<div class=\"wp-block-image\">\n<figure class=\"aligncenter is-resized\"><img loading=\"lazy\" decoding=\"async\" width=\"282\" height=\"179\" src=\"https:\/\/www.rassegnastampa-totustuus.it\/cattolica\/wp-content\/uploads\/2020\/06\/terrorismo_68.jpg\" alt=\"\" class=\"wp-image-47582\" style=\"width:398px;height:auto\"\/><\/figure><\/div>\n\n\n<p><span style=\"color: #000000;\">Ci\u00f2 premesso, si potrebbe pensare che questo \u00e8 un libro sugli anni di piombo, sugli inganni delle ideologie, sui frutti marci del Sessantotto, insomma sulla tragica stagione del terrorismo, durata in Italia molto pi\u00f9 che altrove. Ma non \u00e8 cos\u00ec. Gli anni di piombo, nelle pagine che seguiranno, stanno in realt\u00e0 sullo sfondo di qualcosa di molto pi\u00f9 grande e attuale. Sono solo una cornice. Questa \u00e8, piuttosto, la storia di un\u2019amicizia.<\/span><\/p>\n\n\n\n<p><span style=\"color: #000000;\"> Le lettere qui raccolte sono quelle che Cesare Cavalleri e Arrigo Cavallina si sono scritti nel corso, quasi, di una vita: dal 1984 al 2017. Tutto comincia cos\u00ec. Comincia che Cavalleri legge sui giornali che un tal giovane, di nome appunto Arrigo Cavallina, \u00e8 in carcere per reati connessi alla lotta armata comunista. Quel nome \u00e8 a lui noto e caro: era stato un suo alunno, giusto vent\u2019anni prima, nel 1964, in quinta ragioneria. E che cosa significa fare l\u2019insegnante? Che cosa, se non prendersi cura di chi gli viene affidato? E questo povero sciagurato ragazzo, come e perch\u00e9 \u00e8 finito dove \u00e8 finito? Com\u2019\u00e8 possibile? Perch\u00e9 si \u00e8 perduto?<\/span><\/p>\n\n\n\n<p><span style=\"color: #000000;\">Il 16 aprile del 1984 Cesare Cavalleri scrive una prima lettera all\u2019ex alunno. Non gli chiede conto delle scelte sbagliate, non gli fa la predica. Gli comunica anzi un qualcosa che si dimostrer\u00e0, nello scorrere degli anni, molto vero: \u201cSappi che non sei solo\u201d.<\/span><\/p>\n\n\n<div class=\"wp-block-image\">\n<figure class=\"aligncenter is-resized\"><img loading=\"lazy\" decoding=\"async\" width=\"300\" height=\"168\" src=\"https:\/\/www.rassegnastampa-totustuus.it\/cattolica\/wp-content\/uploads\/2021\/10\/lettera-300x168.jpg\" alt=\"\" class=\"wp-image-52820\" style=\"width:404px;height:auto\"\/><\/figure><\/div>\n\n\n<p><span style=\"color: #000000;\"> Il 7 maggio Cavallina risponde. La sua \u00e8 una lunga lettera. Il lettore se ne accorger\u00e0 presto: in tutto questo carteggio, le lettere dal carcere sono pi\u00f9 lunghe, molto pi\u00f9 lunghe di quelle scritte da chi \u00e8 libero. E non certo perch\u00e9, in cella, di tempo se ne ha in sovrabbondanza. \u00c8 che chi \u00e8 dentro \u2013 o almeno, uno come Arrigo, soprattutto \u2013 ha tanta voglia di fare i conti con quel che \u00e8 accaduto, e con se stesso, e quindi di scrivere, di sfogarsi, di raccontare. \u201cHo addosso la convinzione di aver sbagliato tutto\u201d, scrive Arrigo nella prima risposta a Cesare. Qualcosa di molto grande, e di veramente rivoluzionario, sta per cominciare.<\/span><\/p>\n\n\n\n<p><span style=\"color: #000000;\">\u201cLa tua lettera \u00e8 intrisa di dolore\u201d, risponde l\u2019ex insegnante, \u201ce il dolore non \u00e8 mai vano\u201d. Comincia a parlargli di Dio e gli manda un\u2019omelia di Josemaria Escriv\u00e0, l\u2019uomo che cos\u00ec tanto ha segnato la sua vita (sua di Cesare, s\u2019intende). Ma Cavallina, che nella promessa del comunismo aveva trovato o creduto di trovare il senso della vita, \u00e8 ancora sulla difensiva: \u201cLeggo\u201d, gli risponde, \u201ccon una insanabile riserva mentale\u201d.<\/span><\/p>\n\n\n<div class=\"wp-block-image\">\n<figure class=\"aligncenter is-resized\"><img loading=\"lazy\" decoding=\"async\" width=\"300\" height=\"221\" src=\"https:\/\/www.rassegnastampa-totustuus.it\/cattolica\/wp-content\/uploads\/2020\/06\/terrorismo_prima_linea-1-300x221.jpg\" alt=\"\" class=\"wp-image-47587\" style=\"width:422px;height:auto\" srcset=\"https:\/\/www.rassegnastampa-totustuus.it\/cattolica\/wp-content\/uploads\/2020\/06\/terrorismo_prima_linea-1-300x221.jpg 300w, https:\/\/www.rassegnastampa-totustuus.it\/cattolica\/wp-content\/uploads\/2020\/06\/terrorismo_prima_linea-1-768x566.jpg 768w, https:\/\/www.rassegnastampa-totustuus.it\/cattolica\/wp-content\/uploads\/2020\/06\/terrorismo_prima_linea-1-1024x755.jpg 1024w, https:\/\/www.rassegnastampa-totustuus.it\/cattolica\/wp-content\/uploads\/2020\/06\/terrorismo_prima_linea-1.jpg 1500w\" sizes=\"auto, (max-width: 300px) 100vw, 300px\" \/><\/figure><\/div>\n\n\n<p><span style=\"color: #000000;\">Ma qualcosa si muove anche nelle granitiche certezze. In una successiva lettera Cavallina annota: \u201cTi sono grato del ricordo nella tua preghiera. \u00c8 strano, come non credente dovrei essere indifferente, e invece ne ricevo conforto\u201d. Intanto la giustizia degli uomini gli sta presentando il conto: arriva una condanna a 14 anni nel processo contro l\u2019Autonomia, quello cosiddetto \u201c7 aprile\u201d.<\/span><\/p>\n\n\n\n<p><span style=\"color: #000000;\">Ma Cesare Cavalleri ricorda all\u2019ex alunno che c\u2019\u00e8 anche un altro Giudice. Ed \u00e8 un Giudice strano: la sua legge contempla la misericordia. Essendo uomo che non conosce rispetto umano (e sono certo che non si offender\u00e0 nel definirlo cos\u00ec, anzi) Cavalleri invita Cavallina al sacramento della riconciliazione. \u201cConfessati\u201d, insomma confessa i tuoi peccati, dice a un uomo abituato, semmai, ad ammettere reati.<\/span><\/p>\n\n\n\n<p><span style=\"color: #000000;\"> La storia della conversione di Arrigo Cavallina comincia cos\u00ec. Ma non sarebbe potuta continuare con le sole esortazioni a confessarsi, n\u00e9 tantomeno con astratti, teorici discorsi su Dio. \u00c8 l\u2019amicizia che fa il miracolo. Cavalleri va nelle aule di giustizia a seguire le udienze nei vari processi, e ci va solo per potere vedere il suo ex alunno: per poter, magari, scambiare con lui qualche battuta, e guardarlo negli occhi. E poi va a parlare con i giudici, va a cercare di spiegare che non sono i reati a definire un uomo \u2013 mai! \u2013 anche con quell\u2019Arrigo che sta dentro una gabbia e che i pm definiscono una sorta di mostro. L\u2019uomo \u00e8 pi\u00f9 grande dei suoi peccati. Lo \u00e8 perfino delle sue opere buone.<\/span><\/p>\n\n\n\n<p><span style=\"color: #000000;\">Cavalleri e Cavallina si scriveranno per anni, e si scriveranno di tutto: della vita in carcere e di quella fuori, degli amori e delle passioni, dei piccoli e grandi guai di salute, delle piccole e grandi preoccupazioni, delle cose che si leggono e delle cose che si sognano. Questo libro non \u00e8, dicevo, un libro sugli anni di piombo, \u00e8 un libro sull\u2019amicizia, sulla sua forza invincibile.<\/span><\/p>\n\n\n<div class=\"wp-block-image\">\n<figure class=\"aligncenter is-resized\"><img loading=\"lazy\" decoding=\"async\" width=\"245\" height=\"206\" src=\"https:\/\/www.rassegnastampa-totustuus.it\/cattolica\/wp-content\/uploads\/2019\/02\/conversione.jpg\" alt=\"\" class=\"wp-image-42076\" style=\"width:391px;height:auto\"\/><\/figure><\/div>\n\n\n<p><span style=\"color: #000000;\">Ed \u00e8 un libro commovente. Uso questo aggettivo con pudore: non&nbsp; avrei mai voluto scrivere una cosa cos\u00ec banale, \u201ccommovente\u201d. Ma spesso le cose banali sono anche le pi\u00f9 vere. Mi commuove un ex professore che conserva per un suo ex alunno invecchiato lo stesso sguardo che aveva, verso i banchi, da una cattedra. Nella sua prima lettera Cavalleri, di Cavallina, ricorda perfino la sua grafia minuta; e lo rivede giovane e fragile come quando era un ragazzo che appena si affacciava alla vita. Ora, vedendolo perduto nei suoi errori, non lo giudica, lo abbraccia.<\/span><\/p>\n\n\n\n<p><span style=\"color: #000000;\">Un\u2019ultima cosa mi commuove, e voglio dirla a costo di far la figura di chi ormai appartiene a un mondo scomparso. Mi commuove infatti, oltre al contenuto di questo libro, il mezzo. E cio\u00e8 le lettere. Lettere, fogli bianchi scritti a macchina o a mano, imbustati e affrancati e poi spediti, e chiss\u00e0 quante volte riaperti con le dita, e letti e riletti, e infine conservati. Sar\u00e0 possibile fra vent\u2019anni, un altro libro su un carteggio? Temo di no, e allora capiremo quanto abbiamo perduto, nell\u2019aver abbandonato la materialit\u00e0 della scrittura. Le lettere di questo libro \u00e8 come se fossero un corpo. E solo dentro i corpi ci sono le anime.<\/span><\/p>\n\n\n\n<p><span style=\"color: #000000;\"> ________________ <\/span><\/p>\n\n\n\n<p><strong><span style=\"color: #000000;\">Arrigo Cavallina \u2013 Cesare Cavalleri,<\/span> <span style=\"color: #0000ff;\"><a style=\"color: #0000ff;\" href=\"https:\/\/www.edizioniares.it\/it\/prodotti\/attualitaestoria\/il-terrorista-il-professore\" target=\"_blank\" rel=\"noopener noreferrer\"><em>Il terrorista &amp; il professore. Lettera dagli Anni di piombo &amp; oltre<\/em><\/a>, <\/span><\/strong><span style=\"color: #000000;\">Ares, Milano 2021, 344 pagine, 16 euro<\/span><\/p>\n\n\n\n<p>_______________________________________________<\/p>\n\n\n\n<p><strong>Leggi anche:<\/strong><\/p>\n\n\n\n<p><a href=\"https:\/\/www.rassegnastampa-totustuus.it\/cattolica\/dieci-anni-di-illusioni-storia-del-sessantotto-di-michele-brambilla\/\" target=\"_blank\" rel=\"noopener\"><span style=\"color: #0000ff;\">Dieci anni di illusioni. Storia del Sessantotto (di Michele Brambilla)<\/span> <\/a>&#8211; Libro<\/p>\n\n\n\n<p><\/p>\n","protected":false},"excerpt":{"rendered":"<p>Dal Blog di Aldo Maria Valli 30 Settembre 2021 &nbsp; Si intitola Il terrorista e il professore ed \u00e8 un libro, a mio giudizio, da non perdere. Propone il carteggio tra Cesare Cavalleri, direttore della casa editrice Ares e della rivista Studi cattolici, e Arrigo Cavallina, ex terrorista, tra i fondatori del gruppo eversivo Proletari &hellip; <\/p>\n<p><a class=\"more-link btn\" href=\"https:\/\/www.rassegnastampa-totustuus.it\/cattolica\/il-terrorista-e-il-professore-lettere-dagli-anni-di-piombo-e-oltre\/\">Continua a leggere<\/a><\/p>\n","protected":false},"author":6,"featured_media":47587,"comment_status":"closed","ping_status":"closed","sticky":false,"template":"","format":"standard","meta":{"footnotes":""},"categories":[17,96],"tags":[1141,259,265,656],"class_list":["post-52817","post","type-post","status-publish","format-standard","has-post-thumbnail","hentry","category-libri","category-storia-italiana","tag-anni-di-piombo","tag-conversioni","tag-libri-2","tag-terrorismo","item-wrap"],"yoast_head":"<!-- This site is optimized with the Yoast SEO plugin v27.4 - https:\/\/yoast.com\/product\/yoast-seo-wordpress\/ -->\n<title>Il terrorista e il professore. Lettere dagli anni di piombo e oltre - Rassegna Stampa Cattolica<\/title>\n<meta name=\"description\" content=\"Il terrorista e il professore. Lettere dagli anni di piombo e oltre. Il carteggio tra Cesare Cavalleri e Arrigo Cavallina\" \/>\n<meta name=\"robots\" content=\"index, follow, max-snippet:-1, max-image-preview:large, max-video-preview:-1\" \/>\n<link rel=\"canonical\" href=\"https:\/\/www.rassegnastampa-totustuus.it\/cattolica\/il-terrorista-e-il-professore-lettere-dagli-anni-di-piombo-e-oltre\/\" \/>\n<meta property=\"og:locale\" content=\"it_IT\" \/>\n<meta property=\"og:type\" content=\"article\" \/>\n<meta property=\"og:title\" content=\"Il terrorista e il professore. Lettere dagli anni di piombo e oltre - Rassegna Stampa Cattolica\" \/>\n<meta property=\"og:description\" content=\"Il terrorista e il professore. Lettere dagli anni di piombo e oltre. Il carteggio tra Cesare Cavalleri e Arrigo Cavallina\" \/>\n<meta property=\"og:url\" content=\"https:\/\/www.rassegnastampa-totustuus.it\/cattolica\/il-terrorista-e-il-professore-lettere-dagli-anni-di-piombo-e-oltre\/\" \/>\n<meta property=\"og:site_name\" content=\"Rassegna Stampa Cattolica\" \/>\n<meta property=\"article:publisher\" content=\"https:\/\/www.facebook.com\/rassegnastampacattolica\" \/>\n<meta property=\"article:published_time\" content=\"2021-10-28T08:13:33+00:00\" \/>\n<meta property=\"article:modified_time\" content=\"2025-07-14T09:18:21+00:00\" \/>\n<meta property=\"og:image\" content=\"https:\/\/www.rassegnastampa-totustuus.it\/cattolica\/wp-content\/uploads\/2020\/06\/terrorismo_prima_linea-1.jpg\" \/>\n\t<meta property=\"og:image:width\" content=\"1500\" \/>\n\t<meta property=\"og:image:height\" content=\"1106\" \/>\n\t<meta property=\"og:image:type\" content=\"image\/jpeg\" \/>\n<meta name=\"author\" content=\"Redazione\" \/>\n<meta name=\"twitter:card\" content=\"summary_large_image\" \/>\n<meta name=\"twitter:creator\" content=\"@rassegnastampa9\" \/>\n<meta name=\"twitter:site\" content=\"@rassegnastampa9\" \/>\n<meta name=\"twitter:label1\" content=\"Scritto da\" \/>\n\t<meta name=\"twitter:data1\" content=\"Redazione\" \/>\n\t<meta name=\"twitter:label2\" content=\"Tempo di lettura stimato\" \/>\n\t<meta name=\"twitter:data2\" content=\"8 minuti\" \/>\n<script type=\"application\/ld+json\" class=\"yoast-schema-graph\">{\"@context\":\"https:\\\/\\\/schema.org\",\"@graph\":[{\"@type\":\"Article\",\"@id\":\"https:\\\/\\\/www.rassegnastampa-totustuus.it\\\/cattolica\\\/il-terrorista-e-il-professore-lettere-dagli-anni-di-piombo-e-oltre\\\/#article\",\"isPartOf\":{\"@id\":\"https:\\\/\\\/www.rassegnastampa-totustuus.it\\\/cattolica\\\/il-terrorista-e-il-professore-lettere-dagli-anni-di-piombo-e-oltre\\\/\"},\"author\":{\"name\":\"Redazione\",\"@id\":\"https:\\\/\\\/www.rassegnastampa-totustuus.it\\\/cattolica\\\/#\\\/schema\\\/person\\\/08f319d2bd1a0904ad9e2bfb7b15e5c3\"},\"headline\":\"Il terrorista e il professore. Lettere dagli anni di piombo e oltre\",\"datePublished\":\"2021-10-28T08:13:33+00:00\",\"dateModified\":\"2025-07-14T09:18:21+00:00\",\"mainEntityOfPage\":{\"@id\":\"https:\\\/\\\/www.rassegnastampa-totustuus.it\\\/cattolica\\\/il-terrorista-e-il-professore-lettere-dagli-anni-di-piombo-e-oltre\\\/\"},\"wordCount\":1140,\"publisher\":{\"@id\":\"https:\\\/\\\/www.rassegnastampa-totustuus.it\\\/cattolica\\\/#organization\"},\"image\":{\"@id\":\"https:\\\/\\\/www.rassegnastampa-totustuus.it\\\/cattolica\\\/il-terrorista-e-il-professore-lettere-dagli-anni-di-piombo-e-oltre\\\/#primaryimage\"},\"thumbnailUrl\":\"https:\\\/\\\/www.rassegnastampa-totustuus.it\\\/cattolica\\\/wp-content\\\/uploads\\\/2020\\\/06\\\/terrorismo_prima_linea-1.jpg\",\"keywords\":[\"anni di piombo\",\"conversioni\",\"libri\",\"terrorismo\"],\"articleSection\":[\"Libri\",\"Storia italiana\"],\"inLanguage\":\"it-IT\"},{\"@type\":\"WebPage\",\"@id\":\"https:\\\/\\\/www.rassegnastampa-totustuus.it\\\/cattolica\\\/il-terrorista-e-il-professore-lettere-dagli-anni-di-piombo-e-oltre\\\/\",\"url\":\"https:\\\/\\\/www.rassegnastampa-totustuus.it\\\/cattolica\\\/il-terrorista-e-il-professore-lettere-dagli-anni-di-piombo-e-oltre\\\/\",\"name\":\"Il terrorista e il professore. Lettere dagli anni di piombo e oltre - Rassegna Stampa Cattolica\",\"isPartOf\":{\"@id\":\"https:\\\/\\\/www.rassegnastampa-totustuus.it\\\/cattolica\\\/#website\"},\"primaryImageOfPage\":{\"@id\":\"https:\\\/\\\/www.rassegnastampa-totustuus.it\\\/cattolica\\\/il-terrorista-e-il-professore-lettere-dagli-anni-di-piombo-e-oltre\\\/#primaryimage\"},\"image\":{\"@id\":\"https:\\\/\\\/www.rassegnastampa-totustuus.it\\\/cattolica\\\/il-terrorista-e-il-professore-lettere-dagli-anni-di-piombo-e-oltre\\\/#primaryimage\"},\"thumbnailUrl\":\"https:\\\/\\\/www.rassegnastampa-totustuus.it\\\/cattolica\\\/wp-content\\\/uploads\\\/2020\\\/06\\\/terrorismo_prima_linea-1.jpg\",\"datePublished\":\"2021-10-28T08:13:33+00:00\",\"dateModified\":\"2025-07-14T09:18:21+00:00\",\"description\":\"Il terrorista e il professore. Lettere dagli anni di piombo e oltre. Il carteggio tra Cesare Cavalleri e Arrigo Cavallina\",\"breadcrumb\":{\"@id\":\"https:\\\/\\\/www.rassegnastampa-totustuus.it\\\/cattolica\\\/il-terrorista-e-il-professore-lettere-dagli-anni-di-piombo-e-oltre\\\/#breadcrumb\"},\"inLanguage\":\"it-IT\",\"potentialAction\":[{\"@type\":\"ReadAction\",\"target\":[\"https:\\\/\\\/www.rassegnastampa-totustuus.it\\\/cattolica\\\/il-terrorista-e-il-professore-lettere-dagli-anni-di-piombo-e-oltre\\\/\"]}]},{\"@type\":\"ImageObject\",\"inLanguage\":\"it-IT\",\"@id\":\"https:\\\/\\\/www.rassegnastampa-totustuus.it\\\/cattolica\\\/il-terrorista-e-il-professore-lettere-dagli-anni-di-piombo-e-oltre\\\/#primaryimage\",\"url\":\"https:\\\/\\\/www.rassegnastampa-totustuus.it\\\/cattolica\\\/wp-content\\\/uploads\\\/2020\\\/06\\\/terrorismo_prima_linea-1.jpg\",\"contentUrl\":\"https:\\\/\\\/www.rassegnastampa-totustuus.it\\\/cattolica\\\/wp-content\\\/uploads\\\/2020\\\/06\\\/terrorismo_prima_linea-1.jpg\",\"width\":1500,\"height\":1106},{\"@type\":\"BreadcrumbList\",\"@id\":\"https:\\\/\\\/www.rassegnastampa-totustuus.it\\\/cattolica\\\/il-terrorista-e-il-professore-lettere-dagli-anni-di-piombo-e-oltre\\\/#breadcrumb\",\"itemListElement\":[{\"@type\":\"ListItem\",\"position\":1,\"name\":\"Home\",\"item\":\"https:\\\/\\\/www.rassegnastampa-totustuus.it\\\/cattolica\\\/\"},{\"@type\":\"ListItem\",\"position\":2,\"name\":\"Il terrorista e il professore. Lettere dagli anni di piombo e oltre\"}]},{\"@type\":\"WebSite\",\"@id\":\"https:\\\/\\\/www.rassegnastampa-totustuus.it\\\/cattolica\\\/#website\",\"url\":\"https:\\\/\\\/www.rassegnastampa-totustuus.it\\\/cattolica\\\/\",\"name\":\"Rassegna Stampa Cattolica\",\"description\":\"Per una cultura che nasce dalla Rivelazione cristiana in conformit\u00e0 alla tradizione e al Magistero della Chiesa in opposizione ad ogni relativismo e totalitarismo\",\"publisher\":{\"@id\":\"https:\\\/\\\/www.rassegnastampa-totustuus.it\\\/cattolica\\\/#organization\"},\"alternateName\":\"Rass. Cattolica\",\"potentialAction\":[{\"@type\":\"SearchAction\",\"target\":{\"@type\":\"EntryPoint\",\"urlTemplate\":\"https:\\\/\\\/www.rassegnastampa-totustuus.it\\\/cattolica\\\/?s={search_term_string}\"},\"query-input\":{\"@type\":\"PropertyValueSpecification\",\"valueRequired\":true,\"valueName\":\"search_term_string\"}}],\"inLanguage\":\"it-IT\"},{\"@type\":\"Organization\",\"@id\":\"https:\\\/\\\/www.rassegnastampa-totustuus.it\\\/cattolica\\\/#organization\",\"name\":\"Rassegna Stampa Cattolica\",\"url\":\"https:\\\/\\\/www.rassegnastampa-totustuus.it\\\/cattolica\\\/\",\"logo\":{\"@type\":\"ImageObject\",\"inLanguage\":\"it-IT\",\"@id\":\"https:\\\/\\\/www.rassegnastampa-totustuus.it\\\/cattolica\\\/#\\\/schema\\\/logo\\\/image\\\/\",\"url\":\"https:\\\/\\\/www.rassegnastampa-totustuus.it\\\/cattolica\\\/wp-content\\\/uploads\\\/2014\\\/04\\\/logo-rassegna1.gif\",\"contentUrl\":\"https:\\\/\\\/www.rassegnastampa-totustuus.it\\\/cattolica\\\/wp-content\\\/uploads\\\/2014\\\/04\\\/logo-rassegna1.gif\",\"width\":600,\"height\":163,\"caption\":\"Rassegna Stampa Cattolica\"},\"image\":{\"@id\":\"https:\\\/\\\/www.rassegnastampa-totustuus.it\\\/cattolica\\\/#\\\/schema\\\/logo\\\/image\\\/\"},\"sameAs\":[\"https:\\\/\\\/www.facebook.com\\\/rassegnastampacattolica\",\"https:\\\/\\\/x.com\\\/rassegnastampa9\"]},{\"@type\":\"Person\",\"@id\":\"https:\\\/\\\/www.rassegnastampa-totustuus.it\\\/cattolica\\\/#\\\/schema\\\/person\\\/08f319d2bd1a0904ad9e2bfb7b15e5c3\",\"name\":\"Redazione\",\"image\":{\"@type\":\"ImageObject\",\"inLanguage\":\"it-IT\",\"@id\":\"https:\\\/\\\/secure.gravatar.com\\\/avatar\\\/2fcdf27c78ea025fbdb44e914cc63c72249ffec9dc8aafd5c82b26240ef3f346?s=96&d=mm&r=g\",\"url\":\"https:\\\/\\\/secure.gravatar.com\\\/avatar\\\/2fcdf27c78ea025fbdb44e914cc63c72249ffec9dc8aafd5c82b26240ef3f346?s=96&d=mm&r=g\",\"contentUrl\":\"https:\\\/\\\/secure.gravatar.com\\\/avatar\\\/2fcdf27c78ea025fbdb44e914cc63c72249ffec9dc8aafd5c82b26240ef3f346?s=96&d=mm&r=g\",\"caption\":\"Redazione\"},\"url\":\"https:\\\/\\\/www.rassegnastampa-totustuus.it\\\/cattolica\\\/author\\\/pietroelle\\\/\"}]}<\/script>\n<!-- \/ Yoast SEO plugin. -->","yoast_head_json":{"title":"Il terrorista e il professore. Lettere dagli anni di piombo e oltre - Rassegna Stampa Cattolica","description":"Il terrorista e il professore. Lettere dagli anni di piombo e oltre. Il carteggio tra Cesare Cavalleri e Arrigo Cavallina","robots":{"index":"index","follow":"follow","max-snippet":"max-snippet:-1","max-image-preview":"max-image-preview:large","max-video-preview":"max-video-preview:-1"},"canonical":"https:\/\/www.rassegnastampa-totustuus.it\/cattolica\/il-terrorista-e-il-professore-lettere-dagli-anni-di-piombo-e-oltre\/","og_locale":"it_IT","og_type":"article","og_title":"Il terrorista e il professore. Lettere dagli anni di piombo e oltre - Rassegna Stampa Cattolica","og_description":"Il terrorista e il professore. Lettere dagli anni di piombo e oltre. Il carteggio tra Cesare Cavalleri e Arrigo Cavallina","og_url":"https:\/\/www.rassegnastampa-totustuus.it\/cattolica\/il-terrorista-e-il-professore-lettere-dagli-anni-di-piombo-e-oltre\/","og_site_name":"Rassegna Stampa Cattolica","article_publisher":"https:\/\/www.facebook.com\/rassegnastampacattolica","article_published_time":"2021-10-28T08:13:33+00:00","article_modified_time":"2025-07-14T09:18:21+00:00","og_image":[{"width":1500,"height":1106,"url":"https:\/\/www.rassegnastampa-totustuus.it\/cattolica\/wp-content\/uploads\/2020\/06\/terrorismo_prima_linea-1.jpg","type":"image\/jpeg"}],"author":"Redazione","twitter_card":"summary_large_image","twitter_creator":"@rassegnastampa9","twitter_site":"@rassegnastampa9","twitter_misc":{"Scritto da":"Redazione","Tempo di lettura stimato":"8 minuti"},"schema":{"@context":"https:\/\/schema.org","@graph":[{"@type":"Article","@id":"https:\/\/www.rassegnastampa-totustuus.it\/cattolica\/il-terrorista-e-il-professore-lettere-dagli-anni-di-piombo-e-oltre\/#article","isPartOf":{"@id":"https:\/\/www.rassegnastampa-totustuus.it\/cattolica\/il-terrorista-e-il-professore-lettere-dagli-anni-di-piombo-e-oltre\/"},"author":{"name":"Redazione","@id":"https:\/\/www.rassegnastampa-totustuus.it\/cattolica\/#\/schema\/person\/08f319d2bd1a0904ad9e2bfb7b15e5c3"},"headline":"Il terrorista e il professore. Lettere dagli anni di piombo e oltre","datePublished":"2021-10-28T08:13:33+00:00","dateModified":"2025-07-14T09:18:21+00:00","mainEntityOfPage":{"@id":"https:\/\/www.rassegnastampa-totustuus.it\/cattolica\/il-terrorista-e-il-professore-lettere-dagli-anni-di-piombo-e-oltre\/"},"wordCount":1140,"publisher":{"@id":"https:\/\/www.rassegnastampa-totustuus.it\/cattolica\/#organization"},"image":{"@id":"https:\/\/www.rassegnastampa-totustuus.it\/cattolica\/il-terrorista-e-il-professore-lettere-dagli-anni-di-piombo-e-oltre\/#primaryimage"},"thumbnailUrl":"https:\/\/www.rassegnastampa-totustuus.it\/cattolica\/wp-content\/uploads\/2020\/06\/terrorismo_prima_linea-1.jpg","keywords":["anni di piombo","conversioni","libri","terrorismo"],"articleSection":["Libri","Storia italiana"],"inLanguage":"it-IT"},{"@type":"WebPage","@id":"https:\/\/www.rassegnastampa-totustuus.it\/cattolica\/il-terrorista-e-il-professore-lettere-dagli-anni-di-piombo-e-oltre\/","url":"https:\/\/www.rassegnastampa-totustuus.it\/cattolica\/il-terrorista-e-il-professore-lettere-dagli-anni-di-piombo-e-oltre\/","name":"Il terrorista e il professore. Lettere dagli anni di piombo e oltre - Rassegna Stampa Cattolica","isPartOf":{"@id":"https:\/\/www.rassegnastampa-totustuus.it\/cattolica\/#website"},"primaryImageOfPage":{"@id":"https:\/\/www.rassegnastampa-totustuus.it\/cattolica\/il-terrorista-e-il-professore-lettere-dagli-anni-di-piombo-e-oltre\/#primaryimage"},"image":{"@id":"https:\/\/www.rassegnastampa-totustuus.it\/cattolica\/il-terrorista-e-il-professore-lettere-dagli-anni-di-piombo-e-oltre\/#primaryimage"},"thumbnailUrl":"https:\/\/www.rassegnastampa-totustuus.it\/cattolica\/wp-content\/uploads\/2020\/06\/terrorismo_prima_linea-1.jpg","datePublished":"2021-10-28T08:13:33+00:00","dateModified":"2025-07-14T09:18:21+00:00","description":"Il terrorista e il professore. Lettere dagli anni di piombo e oltre. Il carteggio tra Cesare Cavalleri e Arrigo Cavallina","breadcrumb":{"@id":"https:\/\/www.rassegnastampa-totustuus.it\/cattolica\/il-terrorista-e-il-professore-lettere-dagli-anni-di-piombo-e-oltre\/#breadcrumb"},"inLanguage":"it-IT","potentialAction":[{"@type":"ReadAction","target":["https:\/\/www.rassegnastampa-totustuus.it\/cattolica\/il-terrorista-e-il-professore-lettere-dagli-anni-di-piombo-e-oltre\/"]}]},{"@type":"ImageObject","inLanguage":"it-IT","@id":"https:\/\/www.rassegnastampa-totustuus.it\/cattolica\/il-terrorista-e-il-professore-lettere-dagli-anni-di-piombo-e-oltre\/#primaryimage","url":"https:\/\/www.rassegnastampa-totustuus.it\/cattolica\/wp-content\/uploads\/2020\/06\/terrorismo_prima_linea-1.jpg","contentUrl":"https:\/\/www.rassegnastampa-totustuus.it\/cattolica\/wp-content\/uploads\/2020\/06\/terrorismo_prima_linea-1.jpg","width":1500,"height":1106},{"@type":"BreadcrumbList","@id":"https:\/\/www.rassegnastampa-totustuus.it\/cattolica\/il-terrorista-e-il-professore-lettere-dagli-anni-di-piombo-e-oltre\/#breadcrumb","itemListElement":[{"@type":"ListItem","position":1,"name":"Home","item":"https:\/\/www.rassegnastampa-totustuus.it\/cattolica\/"},{"@type":"ListItem","position":2,"name":"Il terrorista e il professore. Lettere dagli anni di piombo e oltre"}]},{"@type":"WebSite","@id":"https:\/\/www.rassegnastampa-totustuus.it\/cattolica\/#website","url":"https:\/\/www.rassegnastampa-totustuus.it\/cattolica\/","name":"Rassegna Stampa Cattolica","description":"Per una cultura che nasce dalla Rivelazione cristiana in conformit\u00e0 alla tradizione e al Magistero della Chiesa in opposizione ad ogni relativismo e totalitarismo","publisher":{"@id":"https:\/\/www.rassegnastampa-totustuus.it\/cattolica\/#organization"},"alternateName":"Rass. Cattolica","potentialAction":[{"@type":"SearchAction","target":{"@type":"EntryPoint","urlTemplate":"https:\/\/www.rassegnastampa-totustuus.it\/cattolica\/?s={search_term_string}"},"query-input":{"@type":"PropertyValueSpecification","valueRequired":true,"valueName":"search_term_string"}}],"inLanguage":"it-IT"},{"@type":"Organization","@id":"https:\/\/www.rassegnastampa-totustuus.it\/cattolica\/#organization","name":"Rassegna Stampa Cattolica","url":"https:\/\/www.rassegnastampa-totustuus.it\/cattolica\/","logo":{"@type":"ImageObject","inLanguage":"it-IT","@id":"https:\/\/www.rassegnastampa-totustuus.it\/cattolica\/#\/schema\/logo\/image\/","url":"https:\/\/www.rassegnastampa-totustuus.it\/cattolica\/wp-content\/uploads\/2014\/04\/logo-rassegna1.gif","contentUrl":"https:\/\/www.rassegnastampa-totustuus.it\/cattolica\/wp-content\/uploads\/2014\/04\/logo-rassegna1.gif","width":600,"height":163,"caption":"Rassegna Stampa Cattolica"},"image":{"@id":"https:\/\/www.rassegnastampa-totustuus.it\/cattolica\/#\/schema\/logo\/image\/"},"sameAs":["https:\/\/www.facebook.com\/rassegnastampacattolica","https:\/\/x.com\/rassegnastampa9"]},{"@type":"Person","@id":"https:\/\/www.rassegnastampa-totustuus.it\/cattolica\/#\/schema\/person\/08f319d2bd1a0904ad9e2bfb7b15e5c3","name":"Redazione","image":{"@type":"ImageObject","inLanguage":"it-IT","@id":"https:\/\/secure.gravatar.com\/avatar\/2fcdf27c78ea025fbdb44e914cc63c72249ffec9dc8aafd5c82b26240ef3f346?s=96&d=mm&r=g","url":"https:\/\/secure.gravatar.com\/avatar\/2fcdf27c78ea025fbdb44e914cc63c72249ffec9dc8aafd5c82b26240ef3f346?s=96&d=mm&r=g","contentUrl":"https:\/\/secure.gravatar.com\/avatar\/2fcdf27c78ea025fbdb44e914cc63c72249ffec9dc8aafd5c82b26240ef3f346?s=96&d=mm&r=g","caption":"Redazione"},"url":"https:\/\/www.rassegnastampa-totustuus.it\/cattolica\/author\/pietroelle\/"}]}},"_links":{"self":[{"href":"https:\/\/www.rassegnastampa-totustuus.it\/cattolica\/wp-json\/wp\/v2\/posts\/52817","targetHints":{"allow":["GET"]}}],"collection":[{"href":"https:\/\/www.rassegnastampa-totustuus.it\/cattolica\/wp-json\/wp\/v2\/posts"}],"about":[{"href":"https:\/\/www.rassegnastampa-totustuus.it\/cattolica\/wp-json\/wp\/v2\/types\/post"}],"author":[{"embeddable":true,"href":"https:\/\/www.rassegnastampa-totustuus.it\/cattolica\/wp-json\/wp\/v2\/users\/6"}],"replies":[{"embeddable":true,"href":"https:\/\/www.rassegnastampa-totustuus.it\/cattolica\/wp-json\/wp\/v2\/comments?post=52817"}],"version-history":[{"count":4,"href":"https:\/\/www.rassegnastampa-totustuus.it\/cattolica\/wp-json\/wp\/v2\/posts\/52817\/revisions"}],"predecessor-version":[{"id":63247,"href":"https:\/\/www.rassegnastampa-totustuus.it\/cattolica\/wp-json\/wp\/v2\/posts\/52817\/revisions\/63247"}],"wp:featuredmedia":[{"embeddable":true,"href":"https:\/\/www.rassegnastampa-totustuus.it\/cattolica\/wp-json\/wp\/v2\/media\/47587"}],"wp:attachment":[{"href":"https:\/\/www.rassegnastampa-totustuus.it\/cattolica\/wp-json\/wp\/v2\/media?parent=52817"}],"wp:term":[{"taxonomy":"category","embeddable":true,"href":"https:\/\/www.rassegnastampa-totustuus.it\/cattolica\/wp-json\/wp\/v2\/categories?post=52817"},{"taxonomy":"post_tag","embeddable":true,"href":"https:\/\/www.rassegnastampa-totustuus.it\/cattolica\/wp-json\/wp\/v2\/tags?post=52817"}],"curies":[{"name":"wp","href":"https:\/\/api.w.org\/{rel}","templated":true}]}}