{"id":5275,"date":"2012-11-01T00:00:00","date_gmt":"2012-10-31T23:00:00","guid":{"rendered":""},"modified":"2015-11-27T09:36:19","modified_gmt":"2015-11-27T08:36:19","slug":"lavvenimento-di-unumanit-diversa","status":"publish","type":"post","link":"https:\/\/www.rassegnastampa-totustuus.it\/cattolica\/lavvenimento-di-unumanit-diversa\/","title":{"rendered":"L&#8217;avvenimento di un&#8217;umanit&agrave; diversa in grado di ridestare l&#8217;interesse per la fede"},"content":{"rendered":"<div style=\"text-align: center;\">\n<div id=\"attachment_28176\" style=\"width: 170px\" class=\"wp-caption alignright\"><a href=\"https:\/\/www.rassegnastampa-totustuus.it\/cattolica\/wp-content\/uploads\/2012\/11\/J-Carron.jpg\"><img loading=\"lazy\" decoding=\"async\" aria-describedby=\"caption-attachment-28176\" class=\"wp-image-28176 \" src=\"https:\/\/www.rassegnastampa-totustuus.it\/cattolica\/wp-content\/uploads\/2012\/11\/J-Carron.jpg\" alt=\"J Carron\" width=\"170\" height=\"170\" srcset=\"https:\/\/www.rassegnastampa-totustuus.it\/cattolica\/wp-content\/uploads\/2012\/11\/J-Carron.jpg 200w, https:\/\/www.rassegnastampa-totustuus.it\/cattolica\/wp-content\/uploads\/2012\/11\/J-Carron-150x150.jpg 150w\" sizes=\"auto, (max-width: 170px) 100vw, 170px\" \/><\/a><p id=\"caption-attachment-28176\" class=\"wp-caption-text\">don Juli\u00e0n Carron<\/p><\/div>\n<p><strong>Tracce.it<\/strong> 15 ottobre 2012<\/div>\n<p style=\"text-align: justify;\"><em>\u00a0Il testo dell&#8217;intervento che don Juli\u00e1n Carr\u00f3n, presidente della Fraternit\u00e0 di Cl, ha fatto sabato scorso, 13 ottobre, nell&#8217;aula del Sinodo.<\/em><\/p>\n<p><!--more--><\/p>\n<div style=\"text-align: justify;\">Beatissimo Padre,<br \/>\nVenerabili Padri,<br \/>\nFratelli e sorelle:<\/div>\n<p style=\"text-align: justify;\">Il Sinodo sulla Nuova Evangelizzazione e l\u2019Anno della fede traggono origine dalla stessa costatazione: non possiamo continuare a \u00abpensare alla fede come un presupposto ovvio del vivere comune\u00bb. In effetti, \u00abquesto presupposto non solo non \u00e8 pi\u00f9 tale, ma spesso viene perfino negato\u00bb (<em>Porta fidei<\/em>, 2). Se la fede non si pu\u00f2 continuare a dare per scontata, la prima urgenza \u00e8 come ridestare negli uomini del nostro tempo l\u2019interesse per essa e per il cristianesimo. E il luogo privilegiato dove questo pu\u00f2 accadere \u00e8 la vita quotidiana, dove come cristiani entriamo in rapporto con i nostri fratelli uomini.<\/p>\n<p style=\"text-align: justify;\">Leggendo l\u2019<em>Instrumentum Laboris<\/em>, che contiene tanti spunti preziosi per il nostro lavoro, sono rimasto colpito da questa osservazione: \u00abDesta preoccupazione in molte risposte [ai <em>Lineamenta<\/em>] la scarsezza di primo annuncio nella vita quotidiana, che si svolge nel quartiere, dentro il mondo del lavoro\u00bb. Questa valutazione, che emerge in tante risposte, mi sembra metta il dito nella piaga, indicando quale sia la sfida che ci troviamo ad affrontare.<\/p>\n<p style=\"text-align: justify;\">Malgrado tutti i tentativi fatti negli ultimi decenni per migliorare gli strumenti della trasmissione della fede, la costatazione \u00e8 semplice: tutto lo sforzo fatto fino adesso fatica a generare una novit\u00e0 di vita tale da destare nei vicini e nei colleghi la curiosit\u00e0 per quello che i battezzati vivono nella vita quotidiana (quartiere, luogo di lavoro).<\/p>\n<p style=\"text-align: justify;\">Questo dice molto della difficolt\u00e0 che oggi ci troviamo ad affrontare come Chiesa: come superare quella frattura tra la fede e la vita che rende pi\u00f9 difficile alla fede di essere incontrabile in modo ragionevole, e dunque attraente nella vita quotidiana. Se non riusciamo ad affrontare con chiarezza la questione, continueremo a fare ingenti sforzi senza riuscire a dare una risposta adeguata alla radice del problema.<\/p>\n<p style=\"text-align: justify;\">Qui risiede, a mio avviso, il nesso profondo tra l\u2019Anno della fede e la Nuova Evangelizzazione. Infatti, senza \u201criscoprire e riaccogliere il dono prezioso che \u00e8 la fede\u201d, che renda ogni battezzato una \u201cnuova creatura\u201d capace di mostrare la bellezza di una esistenza vissuta nella fede, la nuova evangelizzazione rischia di essere ridotta a una questione di esperti e una discussione sugli strumenti, e di non avvenire come esperienza personale e ecclesiale in grado di ridestare negli uomini l\u2019interesse per la fede.<\/p>\n<p style=\"text-align: justify;\">Per suscitare questo interesse abbiamo un alleato dentro l\u2019uomo di qualsiasi cultura e condizione. Noi sappiamo che il cuore dell\u2019uomo \u00e8 fatto per l\u2019infinito. E questo desiderio, anche se sepolto sotto mille distrazioni ed errori, \u00e8 incancellabile. Rimane in lui l\u2019attesa di un compimento. Perch\u00e9 nessun \u00abfalso infinito\u00bb &#8211; per usare un\u2019espressione di Benedetto XVI -, con cui tante volte identifica il suo compimento, riesce a soddisfarlo. \u00abChe giova all\u2019uomo guadagnare il mondo intero se poi perde se stesso? Cosa potr\u00e0 dare l\u2019uomo in cambio di s\u00e9?\u00bb (<em>Mt <\/em>16,26).<\/p>\n<p style=\"text-align: justify;\">A questa attesa, per\u00f2, non pu\u00f2 semplicemente rispondere una dottrina, un insieme di regole, una organizzazione, ma piuttosto l\u2019avvenimento di una umanit\u00e0 diversa. Come disse don Giussani durante il Sinodo sui laici del 1987, \u00abci\u00f2 che manca non \u00e8 tanto la ripetizione verbale o culturale dell\u2019annuncio.<\/p>\n<p style=\"text-align: justify;\">L\u2019uomo di oggi attende forse inconsapevolmente l\u2019esperienza dell\u2019incontro con persone per le quali il fatto di Cristo \u00e8 realt\u00e0 cos\u00ec presente che la vita loro \u00e8 cambiata. \u00c8 un impatto umano che pu\u00f2 scuotere l\u2019uomo di oggi: un avvenimento che sia eco dell\u2019avvenimento iniziale, quando Ges\u00f9 alz\u00f2 gli occhi e disse: \u201cZaccheo, scendi subito, vengo a casa tua\u201d\u00bb.<\/p>\n<p style=\"text-align: justify;\">Allora come oggi, solo una creatura nuova, un testimone di una vita cambiata pu\u00f2 suscitare di nuovo la curiosit\u00e0 per il cristianesimo: vedere realizzata quella pienezza che uno desidera raggiungere, ma non sa come.<\/p>\n<p style=\"text-align: justify;\">Uomini nuovi che creano luoghi dove ciascuno possa essere invitato a fare la verifica che fecero i primi due sulla riva del Giordano: \u00abVieni e vedi\u00bb, perch\u00e9 \u00abuna fede che non possa essere reperta e trovata nell\u2019esperienza presente, confermata da essa, utile a rispondere alle sue esigenze, non sar\u00e0 una fede in grado di resistere in un mondo dove tutto, tutto, dice l\u2019opposto\u00bb (L. Giussani, <em>Il rischio educativo<\/em>).<\/p>\n","protected":false},"excerpt":{"rendered":"<p>Tracce.it 15 ottobre 2012 \u00a0Il testo dell&#8217;intervento che don Juli\u00e1n Carr\u00f3n, presidente della Fraternit\u00e0 di Cl, ha fatto sabato scorso, 13 ottobre, nell&#8217;aula del Sinodo.<\/p><p><a class=\"more-link btn\" href=\"https:\/\/www.rassegnastampa-totustuus.it\/cattolica\/lavvenimento-di-unumanit-diversa\/\">Continua a leggere<\/a><\/p>\n","protected":false},"author":6,"featured_media":28176,"comment_status":"closed","ping_status":"open","sticky":false,"template":"","format":"standard","meta":{"footnotes":""},"categories":[5],"tags":[1813],"class_list":["post-5275","post","type-post","status-publish","format-standard","has-post-thumbnail","hentry","category-chiesa","tag-cl","item-wrap"],"yoast_head":"<!-- This site is optimized with the Yoast SEO plugin v27.5 - https:\/\/yoast.com\/product\/yoast-seo-wordpress\/ -->\n<title>L&#039;avvenimento di un&#039;umanit&agrave; diversa in grado di ridestare l&#039;interesse per la fede - Rassegna Stampa Cattolica<\/title>\n<meta name=\"description\" content=\"Rassegna Stampa Cattolica - Per una cultura che nasce dalla Rivelazione cristiana in conformit\u00e0 alla tradizione e al Magistero della Chiesa in opposizione ad ogni relativismo e totalitarismo\" \/>\n<meta name=\"robots\" content=\"index, follow, max-snippet:-1, max-image-preview:large, max-video-preview:-1\" \/>\n<link rel=\"canonical\" href=\"https:\/\/www.rassegnastampa-totustuus.it\/cattolica\/lavvenimento-di-unumanit-diversa\/\" \/>\n<meta property=\"og:locale\" content=\"it_IT\" \/>\n<meta property=\"og:type\" content=\"article\" \/>\n<meta property=\"og:title\" content=\"L&#039;avvenimento di un&#039;umanit&agrave; diversa in grado di ridestare l&#039;interesse per la fede - Rassegna Stampa Cattolica\" \/>\n<meta property=\"og:description\" content=\"Rassegna Stampa Cattolica - Per una cultura che nasce dalla Rivelazione cristiana in conformit\u00e0 alla tradizione e al Magistero della Chiesa in opposizione ad ogni relativismo e totalitarismo\" \/>\n<meta property=\"og:url\" content=\"https:\/\/www.rassegnastampa-totustuus.it\/cattolica\/lavvenimento-di-unumanit-diversa\/\" \/>\n<meta property=\"og:site_name\" content=\"Rassegna Stampa Cattolica\" \/>\n<meta property=\"article:publisher\" content=\"https:\/\/www.facebook.com\/rassegnastampacattolica\" \/>\n<meta property=\"article:published_time\" content=\"2012-10-31T23:00:00+00:00\" \/>\n<meta property=\"article:modified_time\" content=\"2015-11-27T08:36:19+00:00\" \/>\n<meta property=\"og:image\" content=\"https:\/\/www.rassegnastampa-totustuus.it\/cattolica\/wp-content\/uploads\/2012\/11\/J-Carron.jpg\" \/>\n\t<meta property=\"og:image:width\" content=\"200\" \/>\n\t<meta property=\"og:image:height\" content=\"200\" \/>\n\t<meta property=\"og:image:type\" content=\"image\/jpeg\" \/>\n<meta name=\"author\" content=\"Redazione\" \/>\n<meta name=\"twitter:card\" content=\"summary_large_image\" \/>\n<meta name=\"twitter:creator\" content=\"@rassegnastampa9\" \/>\n<meta name=\"twitter:site\" content=\"@rassegnastampa9\" \/>\n<meta name=\"twitter:label1\" content=\"Scritto da\" \/>\n\t<meta name=\"twitter:data1\" content=\"Redazione\" \/>\n\t<meta name=\"twitter:label2\" content=\"Tempo di lettura stimato\" \/>\n\t<meta name=\"twitter:data2\" content=\"4 minuti\" \/>\n<script type=\"application\/ld+json\" class=\"yoast-schema-graph\">{\"@context\":\"https:\\\/\\\/schema.org\",\"@graph\":[{\"@type\":\"Article\",\"@id\":\"https:\\\/\\\/www.rassegnastampa-totustuus.it\\\/cattolica\\\/lavvenimento-di-unumanit-diversa\\\/#article\",\"isPartOf\":{\"@id\":\"https:\\\/\\\/www.rassegnastampa-totustuus.it\\\/cattolica\\\/lavvenimento-di-unumanit-diversa\\\/\"},\"author\":{\"name\":\"Redazione\",\"@id\":\"https:\\\/\\\/www.rassegnastampa-totustuus.it\\\/cattolica\\\/#\\\/schema\\\/person\\\/08f319d2bd1a0904ad9e2bfb7b15e5c3\"},\"headline\":\"L&#8217;avvenimento di un&#8217;umanit&agrave; diversa in grado di ridestare l&#8217;interesse per la fede\",\"datePublished\":\"2012-10-31T23:00:00+00:00\",\"dateModified\":\"2015-11-27T08:36:19+00:00\",\"mainEntityOfPage\":{\"@id\":\"https:\\\/\\\/www.rassegnastampa-totustuus.it\\\/cattolica\\\/lavvenimento-di-unumanit-diversa\\\/\"},\"wordCount\":732,\"publisher\":{\"@id\":\"https:\\\/\\\/www.rassegnastampa-totustuus.it\\\/cattolica\\\/#organization\"},\"image\":{\"@id\":\"https:\\\/\\\/www.rassegnastampa-totustuus.it\\\/cattolica\\\/lavvenimento-di-unumanit-diversa\\\/#primaryimage\"},\"thumbnailUrl\":\"https:\\\/\\\/www.rassegnastampa-totustuus.it\\\/cattolica\\\/wp-content\\\/uploads\\\/2012\\\/11\\\/J-Carron.jpg\",\"keywords\":[\"Cl\"],\"articleSection\":[\"Chiesa\"],\"inLanguage\":\"it-IT\"},{\"@type\":\"WebPage\",\"@id\":\"https:\\\/\\\/www.rassegnastampa-totustuus.it\\\/cattolica\\\/lavvenimento-di-unumanit-diversa\\\/\",\"url\":\"https:\\\/\\\/www.rassegnastampa-totustuus.it\\\/cattolica\\\/lavvenimento-di-unumanit-diversa\\\/\",\"name\":\"L'avvenimento di un'umanit&agrave; diversa in grado di ridestare l'interesse per la fede - Rassegna Stampa Cattolica\",\"isPartOf\":{\"@id\":\"https:\\\/\\\/www.rassegnastampa-totustuus.it\\\/cattolica\\\/#website\"},\"primaryImageOfPage\":{\"@id\":\"https:\\\/\\\/www.rassegnastampa-totustuus.it\\\/cattolica\\\/lavvenimento-di-unumanit-diversa\\\/#primaryimage\"},\"image\":{\"@id\":\"https:\\\/\\\/www.rassegnastampa-totustuus.it\\\/cattolica\\\/lavvenimento-di-unumanit-diversa\\\/#primaryimage\"},\"thumbnailUrl\":\"https:\\\/\\\/www.rassegnastampa-totustuus.it\\\/cattolica\\\/wp-content\\\/uploads\\\/2012\\\/11\\\/J-Carron.jpg\",\"datePublished\":\"2012-10-31T23:00:00+00:00\",\"dateModified\":\"2015-11-27T08:36:19+00:00\",\"description\":\"Rassegna Stampa Cattolica - Per una cultura che nasce dalla Rivelazione cristiana in conformit\u00e0 alla tradizione e al Magistero della Chiesa in opposizione ad ogni relativismo e totalitarismo\",\"breadcrumb\":{\"@id\":\"https:\\\/\\\/www.rassegnastampa-totustuus.it\\\/cattolica\\\/lavvenimento-di-unumanit-diversa\\\/#breadcrumb\"},\"inLanguage\":\"it-IT\",\"potentialAction\":[{\"@type\":\"ReadAction\",\"target\":[\"https:\\\/\\\/www.rassegnastampa-totustuus.it\\\/cattolica\\\/lavvenimento-di-unumanit-diversa\\\/\"]}]},{\"@type\":\"ImageObject\",\"inLanguage\":\"it-IT\",\"@id\":\"https:\\\/\\\/www.rassegnastampa-totustuus.it\\\/cattolica\\\/lavvenimento-di-unumanit-diversa\\\/#primaryimage\",\"url\":\"https:\\\/\\\/www.rassegnastampa-totustuus.it\\\/cattolica\\\/wp-content\\\/uploads\\\/2012\\\/11\\\/J-Carron.jpg\",\"contentUrl\":\"https:\\\/\\\/www.rassegnastampa-totustuus.it\\\/cattolica\\\/wp-content\\\/uploads\\\/2012\\\/11\\\/J-Carron.jpg\",\"width\":200,\"height\":200},{\"@type\":\"BreadcrumbList\",\"@id\":\"https:\\\/\\\/www.rassegnastampa-totustuus.it\\\/cattolica\\\/lavvenimento-di-unumanit-diversa\\\/#breadcrumb\",\"itemListElement\":[{\"@type\":\"ListItem\",\"position\":1,\"name\":\"Home\",\"item\":\"https:\\\/\\\/www.rassegnastampa-totustuus.it\\\/cattolica\\\/\"},{\"@type\":\"ListItem\",\"position\":2,\"name\":\"L&#8217;avvenimento di un&#8217;umanit&agrave; diversa in grado di ridestare l&#8217;interesse per la fede\"}]},{\"@type\":\"WebSite\",\"@id\":\"https:\\\/\\\/www.rassegnastampa-totustuus.it\\\/cattolica\\\/#website\",\"url\":\"https:\\\/\\\/www.rassegnastampa-totustuus.it\\\/cattolica\\\/\",\"name\":\"Rassegna Stampa Cattolica\",\"description\":\"Per una cultura che nasce dalla Rivelazione cristiana in conformit\u00e0 alla tradizione e al Magistero della Chiesa in opposizione ad ogni relativismo e totalitarismo\",\"publisher\":{\"@id\":\"https:\\\/\\\/www.rassegnastampa-totustuus.it\\\/cattolica\\\/#organization\"},\"alternateName\":\"Rass. Cattolica\",\"potentialAction\":[{\"@type\":\"SearchAction\",\"target\":{\"@type\":\"EntryPoint\",\"urlTemplate\":\"https:\\\/\\\/www.rassegnastampa-totustuus.it\\\/cattolica\\\/?s={search_term_string}\"},\"query-input\":{\"@type\":\"PropertyValueSpecification\",\"valueRequired\":true,\"valueName\":\"search_term_string\"}}],\"inLanguage\":\"it-IT\"},{\"@type\":\"Organization\",\"@id\":\"https:\\\/\\\/www.rassegnastampa-totustuus.it\\\/cattolica\\\/#organization\",\"name\":\"Rassegna Stampa Cattolica\",\"url\":\"https:\\\/\\\/www.rassegnastampa-totustuus.it\\\/cattolica\\\/\",\"logo\":{\"@type\":\"ImageObject\",\"inLanguage\":\"it-IT\",\"@id\":\"https:\\\/\\\/www.rassegnastampa-totustuus.it\\\/cattolica\\\/#\\\/schema\\\/logo\\\/image\\\/\",\"url\":\"https:\\\/\\\/www.rassegnastampa-totustuus.it\\\/cattolica\\\/wp-content\\\/uploads\\\/2014\\\/04\\\/logo-rassegna1.gif\",\"contentUrl\":\"https:\\\/\\\/www.rassegnastampa-totustuus.it\\\/cattolica\\\/wp-content\\\/uploads\\\/2014\\\/04\\\/logo-rassegna1.gif\",\"width\":600,\"height\":163,\"caption\":\"Rassegna Stampa Cattolica\"},\"image\":{\"@id\":\"https:\\\/\\\/www.rassegnastampa-totustuus.it\\\/cattolica\\\/#\\\/schema\\\/logo\\\/image\\\/\"},\"sameAs\":[\"https:\\\/\\\/www.facebook.com\\\/rassegnastampacattolica\",\"https:\\\/\\\/x.com\\\/rassegnastampa9\"]},{\"@type\":\"Person\",\"@id\":\"https:\\\/\\\/www.rassegnastampa-totustuus.it\\\/cattolica\\\/#\\\/schema\\\/person\\\/08f319d2bd1a0904ad9e2bfb7b15e5c3\",\"name\":\"Redazione\",\"image\":{\"@type\":\"ImageObject\",\"inLanguage\":\"it-IT\",\"@id\":\"https:\\\/\\\/secure.gravatar.com\\\/avatar\\\/2fcdf27c78ea025fbdb44e914cc63c72249ffec9dc8aafd5c82b26240ef3f346?s=96&d=mm&r=g\",\"url\":\"https:\\\/\\\/secure.gravatar.com\\\/avatar\\\/2fcdf27c78ea025fbdb44e914cc63c72249ffec9dc8aafd5c82b26240ef3f346?s=96&d=mm&r=g\",\"contentUrl\":\"https:\\\/\\\/secure.gravatar.com\\\/avatar\\\/2fcdf27c78ea025fbdb44e914cc63c72249ffec9dc8aafd5c82b26240ef3f346?s=96&d=mm&r=g\",\"caption\":\"Redazione\"},\"url\":\"https:\\\/\\\/www.rassegnastampa-totustuus.it\\\/cattolica\\\/author\\\/pietroelle\\\/\"}]}<\/script>\n<!-- \/ Yoast SEO plugin. -->","yoast_head_json":{"title":"L'avvenimento di un'umanit&agrave; diversa in grado di ridestare l'interesse per la fede - Rassegna Stampa Cattolica","description":"Rassegna Stampa Cattolica - Per una cultura che nasce dalla Rivelazione cristiana in conformit\u00e0 alla tradizione e al Magistero della Chiesa in opposizione ad ogni relativismo e totalitarismo","robots":{"index":"index","follow":"follow","max-snippet":"max-snippet:-1","max-image-preview":"max-image-preview:large","max-video-preview":"max-video-preview:-1"},"canonical":"https:\/\/www.rassegnastampa-totustuus.it\/cattolica\/lavvenimento-di-unumanit-diversa\/","og_locale":"it_IT","og_type":"article","og_title":"L'avvenimento di un'umanit&agrave; diversa in grado di ridestare l'interesse per la fede - Rassegna Stampa Cattolica","og_description":"Rassegna Stampa Cattolica - Per una cultura che nasce dalla Rivelazione cristiana in conformit\u00e0 alla tradizione e al Magistero della Chiesa in opposizione ad ogni relativismo e totalitarismo","og_url":"https:\/\/www.rassegnastampa-totustuus.it\/cattolica\/lavvenimento-di-unumanit-diversa\/","og_site_name":"Rassegna Stampa Cattolica","article_publisher":"https:\/\/www.facebook.com\/rassegnastampacattolica","article_published_time":"2012-10-31T23:00:00+00:00","article_modified_time":"2015-11-27T08:36:19+00:00","og_image":[{"width":200,"height":200,"url":"https:\/\/www.rassegnastampa-totustuus.it\/cattolica\/wp-content\/uploads\/2012\/11\/J-Carron.jpg","type":"image\/jpeg"}],"author":"Redazione","twitter_card":"summary_large_image","twitter_creator":"@rassegnastampa9","twitter_site":"@rassegnastampa9","twitter_misc":{"Scritto da":"Redazione","Tempo di lettura stimato":"4 minuti"},"schema":{"@context":"https:\/\/schema.org","@graph":[{"@type":"Article","@id":"https:\/\/www.rassegnastampa-totustuus.it\/cattolica\/lavvenimento-di-unumanit-diversa\/#article","isPartOf":{"@id":"https:\/\/www.rassegnastampa-totustuus.it\/cattolica\/lavvenimento-di-unumanit-diversa\/"},"author":{"name":"Redazione","@id":"https:\/\/www.rassegnastampa-totustuus.it\/cattolica\/#\/schema\/person\/08f319d2bd1a0904ad9e2bfb7b15e5c3"},"headline":"L&#8217;avvenimento di un&#8217;umanit&agrave; diversa in grado di ridestare l&#8217;interesse per la fede","datePublished":"2012-10-31T23:00:00+00:00","dateModified":"2015-11-27T08:36:19+00:00","mainEntityOfPage":{"@id":"https:\/\/www.rassegnastampa-totustuus.it\/cattolica\/lavvenimento-di-unumanit-diversa\/"},"wordCount":732,"publisher":{"@id":"https:\/\/www.rassegnastampa-totustuus.it\/cattolica\/#organization"},"image":{"@id":"https:\/\/www.rassegnastampa-totustuus.it\/cattolica\/lavvenimento-di-unumanit-diversa\/#primaryimage"},"thumbnailUrl":"https:\/\/www.rassegnastampa-totustuus.it\/cattolica\/wp-content\/uploads\/2012\/11\/J-Carron.jpg","keywords":["Cl"],"articleSection":["Chiesa"],"inLanguage":"it-IT"},{"@type":"WebPage","@id":"https:\/\/www.rassegnastampa-totustuus.it\/cattolica\/lavvenimento-di-unumanit-diversa\/","url":"https:\/\/www.rassegnastampa-totustuus.it\/cattolica\/lavvenimento-di-unumanit-diversa\/","name":"L'avvenimento di un'umanit&agrave; diversa in grado di ridestare l'interesse per la fede - Rassegna Stampa Cattolica","isPartOf":{"@id":"https:\/\/www.rassegnastampa-totustuus.it\/cattolica\/#website"},"primaryImageOfPage":{"@id":"https:\/\/www.rassegnastampa-totustuus.it\/cattolica\/lavvenimento-di-unumanit-diversa\/#primaryimage"},"image":{"@id":"https:\/\/www.rassegnastampa-totustuus.it\/cattolica\/lavvenimento-di-unumanit-diversa\/#primaryimage"},"thumbnailUrl":"https:\/\/www.rassegnastampa-totustuus.it\/cattolica\/wp-content\/uploads\/2012\/11\/J-Carron.jpg","datePublished":"2012-10-31T23:00:00+00:00","dateModified":"2015-11-27T08:36:19+00:00","description":"Rassegna Stampa Cattolica - Per una cultura che nasce dalla Rivelazione cristiana in conformit\u00e0 alla tradizione e al Magistero della Chiesa in opposizione ad ogni relativismo e totalitarismo","breadcrumb":{"@id":"https:\/\/www.rassegnastampa-totustuus.it\/cattolica\/lavvenimento-di-unumanit-diversa\/#breadcrumb"},"inLanguage":"it-IT","potentialAction":[{"@type":"ReadAction","target":["https:\/\/www.rassegnastampa-totustuus.it\/cattolica\/lavvenimento-di-unumanit-diversa\/"]}]},{"@type":"ImageObject","inLanguage":"it-IT","@id":"https:\/\/www.rassegnastampa-totustuus.it\/cattolica\/lavvenimento-di-unumanit-diversa\/#primaryimage","url":"https:\/\/www.rassegnastampa-totustuus.it\/cattolica\/wp-content\/uploads\/2012\/11\/J-Carron.jpg","contentUrl":"https:\/\/www.rassegnastampa-totustuus.it\/cattolica\/wp-content\/uploads\/2012\/11\/J-Carron.jpg","width":200,"height":200},{"@type":"BreadcrumbList","@id":"https:\/\/www.rassegnastampa-totustuus.it\/cattolica\/lavvenimento-di-unumanit-diversa\/#breadcrumb","itemListElement":[{"@type":"ListItem","position":1,"name":"Home","item":"https:\/\/www.rassegnastampa-totustuus.it\/cattolica\/"},{"@type":"ListItem","position":2,"name":"L&#8217;avvenimento di un&#8217;umanit&agrave; diversa in grado di ridestare l&#8217;interesse per la fede"}]},{"@type":"WebSite","@id":"https:\/\/www.rassegnastampa-totustuus.it\/cattolica\/#website","url":"https:\/\/www.rassegnastampa-totustuus.it\/cattolica\/","name":"Rassegna Stampa Cattolica","description":"Per una cultura che nasce dalla Rivelazione cristiana in conformit\u00e0 alla tradizione e al Magistero della Chiesa in opposizione ad ogni relativismo e totalitarismo","publisher":{"@id":"https:\/\/www.rassegnastampa-totustuus.it\/cattolica\/#organization"},"alternateName":"Rass. Cattolica","potentialAction":[{"@type":"SearchAction","target":{"@type":"EntryPoint","urlTemplate":"https:\/\/www.rassegnastampa-totustuus.it\/cattolica\/?s={search_term_string}"},"query-input":{"@type":"PropertyValueSpecification","valueRequired":true,"valueName":"search_term_string"}}],"inLanguage":"it-IT"},{"@type":"Organization","@id":"https:\/\/www.rassegnastampa-totustuus.it\/cattolica\/#organization","name":"Rassegna Stampa Cattolica","url":"https:\/\/www.rassegnastampa-totustuus.it\/cattolica\/","logo":{"@type":"ImageObject","inLanguage":"it-IT","@id":"https:\/\/www.rassegnastampa-totustuus.it\/cattolica\/#\/schema\/logo\/image\/","url":"https:\/\/www.rassegnastampa-totustuus.it\/cattolica\/wp-content\/uploads\/2014\/04\/logo-rassegna1.gif","contentUrl":"https:\/\/www.rassegnastampa-totustuus.it\/cattolica\/wp-content\/uploads\/2014\/04\/logo-rassegna1.gif","width":600,"height":163,"caption":"Rassegna Stampa Cattolica"},"image":{"@id":"https:\/\/www.rassegnastampa-totustuus.it\/cattolica\/#\/schema\/logo\/image\/"},"sameAs":["https:\/\/www.facebook.com\/rassegnastampacattolica","https:\/\/x.com\/rassegnastampa9"]},{"@type":"Person","@id":"https:\/\/www.rassegnastampa-totustuus.it\/cattolica\/#\/schema\/person\/08f319d2bd1a0904ad9e2bfb7b15e5c3","name":"Redazione","image":{"@type":"ImageObject","inLanguage":"it-IT","@id":"https:\/\/secure.gravatar.com\/avatar\/2fcdf27c78ea025fbdb44e914cc63c72249ffec9dc8aafd5c82b26240ef3f346?s=96&d=mm&r=g","url":"https:\/\/secure.gravatar.com\/avatar\/2fcdf27c78ea025fbdb44e914cc63c72249ffec9dc8aafd5c82b26240ef3f346?s=96&d=mm&r=g","contentUrl":"https:\/\/secure.gravatar.com\/avatar\/2fcdf27c78ea025fbdb44e914cc63c72249ffec9dc8aafd5c82b26240ef3f346?s=96&d=mm&r=g","caption":"Redazione"},"url":"https:\/\/www.rassegnastampa-totustuus.it\/cattolica\/author\/pietroelle\/"}]}},"_links":{"self":[{"href":"https:\/\/www.rassegnastampa-totustuus.it\/cattolica\/wp-json\/wp\/v2\/posts\/5275","targetHints":{"allow":["GET"]}}],"collection":[{"href":"https:\/\/www.rassegnastampa-totustuus.it\/cattolica\/wp-json\/wp\/v2\/posts"}],"about":[{"href":"https:\/\/www.rassegnastampa-totustuus.it\/cattolica\/wp-json\/wp\/v2\/types\/post"}],"author":[{"embeddable":true,"href":"https:\/\/www.rassegnastampa-totustuus.it\/cattolica\/wp-json\/wp\/v2\/users\/6"}],"replies":[{"embeddable":true,"href":"https:\/\/www.rassegnastampa-totustuus.it\/cattolica\/wp-json\/wp\/v2\/comments?post=5275"}],"version-history":[{"count":4,"href":"https:\/\/www.rassegnastampa-totustuus.it\/cattolica\/wp-json\/wp\/v2\/posts\/5275\/revisions"}],"predecessor-version":[{"id":28177,"href":"https:\/\/www.rassegnastampa-totustuus.it\/cattolica\/wp-json\/wp\/v2\/posts\/5275\/revisions\/28177"}],"wp:featuredmedia":[{"embeddable":true,"href":"https:\/\/www.rassegnastampa-totustuus.it\/cattolica\/wp-json\/wp\/v2\/media\/28176"}],"wp:attachment":[{"href":"https:\/\/www.rassegnastampa-totustuus.it\/cattolica\/wp-json\/wp\/v2\/media?parent=5275"}],"wp:term":[{"taxonomy":"category","embeddable":true,"href":"https:\/\/www.rassegnastampa-totustuus.it\/cattolica\/wp-json\/wp\/v2\/categories?post=5275"},{"taxonomy":"post_tag","embeddable":true,"href":"https:\/\/www.rassegnastampa-totustuus.it\/cattolica\/wp-json\/wp\/v2\/tags?post=5275"}],"curies":[{"name":"wp","href":"https:\/\/api.w.org\/{rel}","templated":true}]}}