{"id":52670,"date":"2021-10-14T00:00:05","date_gmt":"2021-10-13T22:00:05","guid":{"rendered":"http:\/\/www.rassegnastampa-totustuus.it\/cattolica\/?p=52670"},"modified":"2025-07-16T16:08:44","modified_gmt":"2025-07-16T14:08:44","slug":"perche-la-sinistra-americana-liberal-teme-le-avvisaglie-di-un-dio-geloso","status":"publish","type":"post","link":"https:\/\/www.rassegnastampa-totustuus.it\/cattolica\/perche-la-sinistra-americana-liberal-teme-le-avvisaglie-di-un-dio-geloso\/","title":{"rendered":"Perch\u00e9 la sinistra americana liberal teme le avvisaglie di un Dio geloso"},"content":{"rendered":"\n<p class=\"has-text-align-center\"><span style=\"color: #000000;\"><strong><a href=\"https:\/\/atfp.it\/\" target=\"_blank\" rel=\"noreferrer noopener\">Tradizione Famiglia Propriet\u00e0 <\/a><\/strong><\/span> <span style=\"color: #000000;\">23 Settembre 2021 <\/span><\/p>\n\n\n\n<p class=\"has-text-align-center\"><span style=\"color: #000000;\"><em>d<\/em>i <strong>John Horvat <\/strong><\/span><\/p>\n\n\n\n<p><span style=\"color: #000000;\">Il crollo del nostro ordine <em>liberal<\/em> \u00e8 alle porte. Come si poteva prevedere, molti nella sinistra attribuiscono la colpa ai conservatori cristiani. Siamo noi a condurre \u201csempiterne\u201d guerre culturali che impediscono alla societ\u00e0 di progredire, diversificarsi e diventare pi\u00f9 inclusiva. Siamo noi quelli che usano la cultura come segno di identit\u00e0 per imporre la nostra agenda &#8220;illiberale&#8221; all&#8217;America. <\/span><\/p>\n\n\n<div class=\"wp-block-image\">\n<figure class=\"aligncenter size-full is-resized\"><a href=\"https:\/\/www.rassegnastampa-totustuus.it\/cattolica\/wp-content\/uploads\/2020\/01\/Cristo_re-1.jpg\"><img loading=\"lazy\" decoding=\"async\" width=\"258\" height=\"196\" src=\"https:\/\/www.rassegnastampa-totustuus.it\/cattolica\/wp-content\/uploads\/2020\/01\/Cristo_re-1.jpg\" alt=\"\" class=\"wp-image-45891\" style=\"width:316px;height:auto\"\/><\/a><\/figure><\/div>\n\n\n<!--more-->\n\n\n\n<p><span style=\"color: #000000;\">Queste accuse assurde dimostrano che c&#8217;\u00e8 una reazione alla decadenza morale della nazione. C&#8217;\u00e8 un&#8217;opposizione di principio all&#8217;aborto procurato, al male intrinseco degli stili di vita LGBTQ e alla \u201cteoria critica della razza\u201d di impronta marxista. I sinistrorsi (in America chiamati <em>liberal, ndt<\/em>) etichettano ingiustamente questa opposizione di principio come rigida. <\/span><\/p>\n\n\n\n<p><span style=\"color: #000000;\">Poi, per quanto legittima sia questa fedele resistenza, cercano di associarla a folli ideologie legate al razzismo, al nazionalismo e all&#8217;identitarismo. Il loro prossimo passo sar\u00e0 tessere fantastiche teorie cospirative per alimentare la propria rabbia contro coloro che osano opporsi alla decadenza morale. <\/span><\/p>\n\n\n\n<h4 class=\"wp-block-heading has-text-align-center\"><span style=\"color: #000000;\"><strong>La religione tradizionale come strumento di tirannia<\/strong><\/span><\/h4>\n\n\n<div class=\"wp-block-image\">\n<figure class=\"aligncenter is-resized\"><img loading=\"lazy\" decoding=\"async\" width=\"259\" height=\"194\" src=\"https:\/\/www.rassegnastampa-totustuus.it\/cattolica\/wp-content\/uploads\/2009\/03\/pro_choice.jpg\" alt=\"\" class=\"wp-image-18057\" style=\"width:377px;height:auto\"\/><\/figure><\/div>\n\n\n<p><span style=\"color: #000000;\"> Ci\u00f2 che fa infuriare di pi\u00f9 la sinistra \u00e8 l&#8217;ingresso nel dibattito pubblico della religione tradizionale, in particolare del cristianesimo. Questo costituisce una forza potente, perch\u00e9 implica un ordine morale che si oppone al disordine immorale dei <em>liberal <\/em>e presuppone un Dio amorevole che ha creato questo ordine per garantire la nostra felicit\u00e0. <\/span><\/p>\n\n\n\n<p><span style=\"color: #000000;\">L'&#8221;arretratezza&#8221; della religione si oppone alla sbagliata idea <em>liberal <\/em>dell&#8217;evoluzione della storia verso un progresso sempre maggiore. Cos\u00ec, la sinistra <em>liberal<\/em> fa tutto il possibile per evitare il dibattito morale, dipingendo la religione come uno strumento autoritario per dittatori, per il terrorismo islamico e per i regimi totalitari. <\/span><\/p>\n\n\n<div class=\"wp-block-image\">\n<figure class=\"aligncenter is-resized\"><img loading=\"lazy\" decoding=\"async\" width=\"300\" height=\"180\" src=\"https:\/\/www.rassegnastampa-totustuus.it\/cattolica\/wp-content\/uploads\/2021\/08\/Woke_revolution-3-300x180.jpg\" alt=\"\" class=\"wp-image-52291\" style=\"width:406px;height:auto\" srcset=\"https:\/\/www.rassegnastampa-totustuus.it\/cattolica\/wp-content\/uploads\/2021\/08\/Woke_revolution-3-300x180.jpg 300w, https:\/\/www.rassegnastampa-totustuus.it\/cattolica\/wp-content\/uploads\/2021\/08\/Woke_revolution-3-768x461.jpg 768w, https:\/\/www.rassegnastampa-totustuus.it\/cattolica\/wp-content\/uploads\/2021\/08\/Woke_revolution-3-1024x614.jpg 1024w, https:\/\/www.rassegnastampa-totustuus.it\/cattolica\/wp-content\/uploads\/2021\/08\/Woke_revolution-3.jpg 1400w\" sizes=\"auto, (max-width: 300px) 100vw, 300px\" \/><\/figure><\/div>\n\n\n<p><span style=\"color: #000000;\">Lo scrittore &#8220;moderato&#8221; del <em>New York Times<\/em>, David Brooks, arriva al punto di classificare la Cina comunista come un regime &#8220;religioso&#8221; perch\u00e9 adatta alcune idee confuciane per attaccare la decadenza occidentale e i suoi manierismi da &#8220;femminuccie&#8221;. Cos\u00ec, il dibattito torna alla politica delle minoranze discriminate, alla metafisica hegeliana e al ritornello che la sinistra <em>liberal <\/em>ama usare per inquadrare il dibattito. Loro non discuteranno mai della necessit\u00e0 del cristianesimo o di un ordine morale oggettivo. <\/span><\/p>\n\n\n\n<h4 class=\"wp-block-heading has-text-align-center\"><span style=\"color: #000000;\"><strong>Il luogo che i <\/strong><em>liberal <\/em><strong>di sinistra danno alla religione<\/strong> <\/span><\/h4>\n\n\n\n<p><span style=\"color: #000000;\">La sinistra <em>liberal<\/em> tollera solo quella religione che segue le regole del gioco da lei stabilite. L&#8217;ascesa di un cristianesimo tradizionale la fa infuriare perch\u00e9 infrange quelle regole. In un ordine <em>liberal<\/em>, la religione dovrebbe essere limitata alla sola esperienza personale, rimanendo fuori dalla politica e dalla cultura. In effetti, la modernit\u00e0 ha trattato le religioni non meglio degli antichi romani. <\/span><\/p>\n\n\n<div class=\"wp-block-image\">\n<figure class=\"aligncenter is-resized\"><img loading=\"lazy\" decoding=\"async\" width=\"273\" height=\"185\" src=\"https:\/\/www.rassegnastampa-totustuus.it\/cattolica\/wp-content\/uploads\/2004\/11\/cristiani_perseguitati.jpg\" alt=\"\" class=\"wp-image-31250\" style=\"width:409px;height:auto\"\/><\/figure><\/div>\n\n\n<p><span style=\"color: #000000;\">Questi gestivano le diversit\u00e0 dei popoli conquistati ammettendo i loro d\u00e8i nel Pantheon, dove gli si poteva rendere culto. Allo stesso tempo, la sua societ\u00e0 si dissolveva definitivamente nel marciume morale dei baccanali. Nella nostra attuale societ\u00e0 liberale, anche la religione \u00e8 messa da parte. Ogni religione \u00e8 come un idolo nascosto in un Pantheon costituzionale dove non pu\u00f2 fare &#8220;danno&#8221; al pubblico in generale. <\/span><\/p>\n\n\n\n<p><span style=\"color: #000000;\">Finch\u00e9 la religione segue queste regole <em>liberal<\/em>, la festa pu\u00f2 andare avanti. Ci\u00f2 non significa che il cristianesimo, anche nella sua forma \u201cpantheonizzata\u201d, non abbia influito positivamente sulla societ\u00e0. L&#8217;ordinamento liberal ha a lungo approfittato del vasto capitale sociale accumulato da un codice morale vagamente cristiano. <\/span><\/p>\n\n\n<div class=\"wp-block-image\">\n<figure class=\"aligncenter is-resized\"><img loading=\"lazy\" decoding=\"async\" width=\"225\" height=\"225\" src=\"https:\/\/www.rassegnastampa-totustuus.it\/cattolica\/wp-content\/uploads\/2014\/05\/Usa.jpg\" alt=\"\" class=\"wp-image-7414\" style=\"width:339px;height:auto\" srcset=\"https:\/\/www.rassegnastampa-totustuus.it\/cattolica\/wp-content\/uploads\/2014\/05\/Usa.jpg 225w, https:\/\/www.rassegnastampa-totustuus.it\/cattolica\/wp-content\/uploads\/2014\/05\/Usa-150x150.jpg 150w\" sizes=\"auto, (max-width: 225px) 100vw, 225px\" \/><\/figure><\/div>\n\n\n<p><span style=\"color: #000000;\">Questa influenza cristiana ha assicurato le condizioni per l&#8217;ordine e il progresso materiale durante tutta la nostra modernit\u00e0. Tuttavia, quel capitale sociale \u00e8 ormai esaurito e non c&#8217;\u00e8 nessuna forza rigeneratrice che il liberalismo possa invocare per riportare l&#8217;ordine. I <em>liberal <\/em>risolvono il problema chiedendo pi\u00f9 liberalismo. Incolpano i conservatori cristiani di infrangere le regole e rovinare la festa. Esigono forme di depravazione sempre maggiori e ignorano il caos di una societ\u00e0 che sta cadendo a pezzi. <\/span><\/p>\n\n\n\n<h4 class=\"wp-block-heading has-text-align-center\"><span style=\"color: #000000;\"><strong>Il problema dei Pantheon<\/strong> <\/span><\/h4>\n\n\n<div class=\"wp-block-image\">\n<figure class=\"aligncenter is-resized\"><img loading=\"lazy\" decoding=\"async\" width=\"259\" height=\"195\" src=\"https:\/\/www.rassegnastampa-totustuus.it\/cattolica\/wp-content\/uploads\/2021\/10\/Roma_Pantheon_paganesimo.jpg\" alt=\"\" class=\"wp-image-52671\" style=\"width:405px;height:auto\"\/><\/figure><\/div>\n\n\n<p><span style=\"color: #000000;\">C&#8217;\u00e8 un problema con i pantheon. L&#8217;unico Dio, Creatore del Cielo e della Terra, si rifiuta di abitare l\u00ec. Quindi c&#8217;\u00e8 sempre la possibilit\u00e0 che una voce paolina emerga per gridare nel nostro deserto postmoderno che \u00e8 tempo di rovesciare gli idoli moderni e proclamare l&#8217;unico vero Dio. Potremmo benissimo trovarci di fronte al \u201cDio Ignoto\u201d di cui parla San Paolo: \u201cPassando infatti e osservando i monumenti del vostro culto, ho trovato anche un&#8217;ara con l&#8217;iscrizione: Al Dio ignoto. <\/span><\/p>\n\n\n\n<p><span style=\"color: #000000;\">Quello che voi adorate senza conoscere, io ve lo annunzio.&nbsp;Il Dio che ha fatto il mondo e tutto ci\u00f2 che contiene, che \u00e8 signore del cielo e della terra, non dimora in templi costruiti dalle mani dell&#8217;uomo\u201d (Atti 17, 23-24). Dal vero Dio che non dimorava n\u00e9 nel Pantheon n\u00e9 nel Areopago venne la Chiesa Cattolica. Dalla Chiesa \u00e8 scaturita una meravigliosa civilt\u00e0 cristiana che ha trasformato il mondo. Da questo stesso Dio possiamo aspettarci un futuro splendido. <\/span><\/p>\n\n\n\n<h4 class=\"wp-block-heading has-text-align-center\"><span style=\"color: #000000;\"><strong>Paura del Dio ignoto<\/strong> <\/span><\/h4>\n\n\n<div class=\"wp-block-image\">\n<figure class=\"aligncenter is-resized\"><img loading=\"lazy\" decoding=\"async\" width=\"234\" height=\"216\" src=\"https:\/\/www.rassegnastampa-totustuus.it\/cattolica\/wp-content\/uploads\/2019\/01\/Cristo.jpg\" alt=\"\" class=\"wp-image-41903\" style=\"width:338px;height:auto\"\/><\/figure><\/div>\n\n\n<p><span style=\"color: #000000;\">Tuttavia, questo Dio non si comporta come gli idoli del Pantheon. Non segue le regole <em>liberal<\/em>. \u00c8 un Dio geloso che non avr\u00e0 falsi d\u00e8i davanti a Lui. In effetti, ecco perch\u00e9 i <em>liberal<\/em> temono questo Dio sconosciuto che non si adatta al loro pantheon. Sentono che il crollo dell&#8217;ordine <em>liberal<\/em> e rivoluzionario implica molto di pi\u00f9 della frantumazione di un sistema politico o economico. <\/span><\/p>\n\n\n\n<p><span style=\"color: #000000;\">Percepiscono l&#8217;esaurimento del nostro materialismo ateo e la sua incapacit\u00e0 di soddisfare l&#8217;anelito esistenziale di innumerevoli anime che cercano qualcosa di pi\u00f9 ma, soprattutto, qualcosa di pi\u00f9 alto. Allo stesso modo, i conservatori percepiscono la loro reazione come molto pi\u00f9 di una semplice opposizione alla nostra decadenza. Sono sensibili alla voce della Grazia che li invita ad amare e adorare il Dio ignoto. <\/span><\/p>\n\n\n<div class=\"wp-block-image\">\n<figure class=\"aligncenter is-resized\"><img loading=\"lazy\" decoding=\"async\" width=\"300\" height=\"185\" src=\"https:\/\/www.rassegnastampa-totustuus.it\/cattolica\/wp-content\/uploads\/2021\/09\/Messa_Tridentina_Chiesa-300x185.jpg\" alt=\"\" class=\"wp-image-52409\" style=\"width:442px;height:auto\" srcset=\"https:\/\/www.rassegnastampa-totustuus.it\/cattolica\/wp-content\/uploads\/2021\/09\/Messa_Tridentina_Chiesa-300x185.jpg 300w, https:\/\/www.rassegnastampa-totustuus.it\/cattolica\/wp-content\/uploads\/2021\/09\/Messa_Tridentina_Chiesa-768x472.jpg 768w, https:\/\/www.rassegnastampa-totustuus.it\/cattolica\/wp-content\/uploads\/2021\/09\/Messa_Tridentina_Chiesa-1024x630.jpg 1024w, https:\/\/www.rassegnastampa-totustuus.it\/cattolica\/wp-content\/uploads\/2021\/09\/Messa_Tridentina_Chiesa.jpg 1234w\" sizes=\"auto, (max-width: 300px) 100vw, 300px\" \/><\/figure><\/div>\n\n\n<p><span style=\"color: #000000;\">Il movimento che oggi sfida la cultura dominante riflette una crescente sete di sublimit\u00e0 e di ritorno all&#8217;unico vero Dio da parte di una considerevole minoranza che lo cerca come il figliol prodigo pentito. Cos\u00ec, il crollo polarizzante dell&#8217;ordine rivoluzionario rappresenta dei movimenti all&#8217;interno della societ\u00e0 che vanno oltre la cultura o la politica. Si tratta di qualcosa di cos\u00ec estraneo al nostro modo di pensare moderno che non osiamo parlarne apertamente. Entrambe le parti avvertono le avvisaglie di un geloso Dio ignoto che desidera farsi conoscere.<\/span><\/p>\n","protected":false},"excerpt":{"rendered":"<p>Tradizione Famiglia Propriet\u00e0 23 Settembre 2021 di John Horvat Il crollo del nostro ordine liberal \u00e8 alle porte. Come si poteva prevedere, molti nella sinistra attribuiscono la colpa ai conservatori cristiani. Siamo noi a condurre \u201csempiterne\u201d guerre culturali che impediscono alla societ\u00e0 di progredire, diversificarsi e diventare pi\u00f9 inclusiva. Siamo noi quelli che usano la &hellip; <\/p>\n<p><a class=\"more-link btn\" href=\"https:\/\/www.rassegnastampa-totustuus.it\/cattolica\/perche-la-sinistra-americana-liberal-teme-le-avvisaglie-di-un-dio-geloso\/\">Continua a leggere<\/a><\/p>\n","protected":false},"author":6,"featured_media":47606,"comment_status":"closed","ping_status":"closed","sticky":false,"template":"","format":"standard","meta":{"footnotes":""},"categories":[76],"tags":[2885,1223],"class_list":["post-52670","post","type-post","status-publish","format-standard","has-post-thumbnail","hentry","category-stati-uniti","tag-liberal","tag-sinistra","item-wrap"],"yoast_head":"<!-- This site is optimized with the Yoast SEO plugin v27.5 - https:\/\/yoast.com\/product\/yoast-seo-wordpress\/ -->\n<title>Perch\u00e9 la sinistra americana liberal teme le avvisaglie di un Dio geloso - Rassegna Stampa Cattolica<\/title>\n<meta name=\"description\" content=\"Perch\u00e9 la sinistra americana liberal teme le avvisaglie di un Dio geloso. Il crollo del nostro ordine liberal \u00e8 alle porte.\" \/>\n<meta name=\"robots\" content=\"index, follow, max-snippet:-1, max-image-preview:large, max-video-preview:-1\" \/>\n<link rel=\"canonical\" href=\"https:\/\/www.rassegnastampa-totustuus.it\/cattolica\/perche-la-sinistra-americana-liberal-teme-le-avvisaglie-di-un-dio-geloso\/\" \/>\n<meta property=\"og:locale\" content=\"it_IT\" \/>\n<meta property=\"og:type\" content=\"article\" \/>\n<meta property=\"og:title\" content=\"Perch\u00e9 la sinistra americana liberal teme le avvisaglie di un Dio geloso - Rassegna Stampa Cattolica\" \/>\n<meta property=\"og:description\" content=\"Perch\u00e9 la sinistra americana liberal teme le avvisaglie di un Dio geloso. Il crollo del nostro ordine liberal \u00e8 alle porte.\" \/>\n<meta property=\"og:url\" content=\"https:\/\/www.rassegnastampa-totustuus.it\/cattolica\/perche-la-sinistra-americana-liberal-teme-le-avvisaglie-di-un-dio-geloso\/\" \/>\n<meta property=\"og:site_name\" content=\"Rassegna Stampa Cattolica\" \/>\n<meta property=\"article:publisher\" content=\"https:\/\/www.facebook.com\/rassegnastampacattolica\" \/>\n<meta property=\"article:published_time\" content=\"2021-10-13T22:00:05+00:00\" \/>\n<meta property=\"article:modified_time\" content=\"2025-07-16T14:08:44+00:00\" \/>\n<meta property=\"og:image\" content=\"https:\/\/www.rassegnastampa-totustuus.it\/cattolica\/wp-content\/uploads\/2020\/06\/Cristo.jpg\" \/>\n\t<meta property=\"og:image:width\" content=\"1280\" \/>\n\t<meta property=\"og:image:height\" content=\"720\" \/>\n\t<meta property=\"og:image:type\" content=\"image\/jpeg\" \/>\n<meta name=\"author\" content=\"Redazione\" \/>\n<meta name=\"twitter:card\" content=\"summary_large_image\" \/>\n<meta name=\"twitter:creator\" content=\"@rassegnastampa9\" \/>\n<meta name=\"twitter:site\" content=\"@rassegnastampa9\" \/>\n<meta name=\"twitter:label1\" content=\"Scritto da\" \/>\n\t<meta name=\"twitter:data1\" content=\"Redazione\" \/>\n\t<meta name=\"twitter:label2\" content=\"Tempo di lettura stimato\" \/>\n\t<meta name=\"twitter:data2\" content=\"8 minuti\" \/>\n<script type=\"application\/ld+json\" class=\"yoast-schema-graph\">{\"@context\":\"https:\\\/\\\/schema.org\",\"@graph\":[{\"@type\":\"Article\",\"@id\":\"https:\\\/\\\/www.rassegnastampa-totustuus.it\\\/cattolica\\\/perche-la-sinistra-americana-liberal-teme-le-avvisaglie-di-un-dio-geloso\\\/#article\",\"isPartOf\":{\"@id\":\"https:\\\/\\\/www.rassegnastampa-totustuus.it\\\/cattolica\\\/perche-la-sinistra-americana-liberal-teme-le-avvisaglie-di-un-dio-geloso\\\/\"},\"author\":{\"name\":\"Redazione\",\"@id\":\"https:\\\/\\\/www.rassegnastampa-totustuus.it\\\/cattolica\\\/#\\\/schema\\\/person\\\/08f319d2bd1a0904ad9e2bfb7b15e5c3\"},\"headline\":\"Perch\u00e9 la sinistra americana liberal teme le avvisaglie di un Dio geloso\",\"datePublished\":\"2021-10-13T22:00:05+00:00\",\"dateModified\":\"2025-07-16T14:08:44+00:00\",\"mainEntityOfPage\":{\"@id\":\"https:\\\/\\\/www.rassegnastampa-totustuus.it\\\/cattolica\\\/perche-la-sinistra-americana-liberal-teme-le-avvisaglie-di-un-dio-geloso\\\/\"},\"wordCount\":1010,\"publisher\":{\"@id\":\"https:\\\/\\\/www.rassegnastampa-totustuus.it\\\/cattolica\\\/#organization\"},\"image\":{\"@id\":\"https:\\\/\\\/www.rassegnastampa-totustuus.it\\\/cattolica\\\/perche-la-sinistra-americana-liberal-teme-le-avvisaglie-di-un-dio-geloso\\\/#primaryimage\"},\"thumbnailUrl\":\"https:\\\/\\\/www.rassegnastampa-totustuus.it\\\/cattolica\\\/wp-content\\\/uploads\\\/2020\\\/06\\\/Cristo.jpg\",\"keywords\":[\"liberal\",\"sinistra\"],\"articleSection\":[\"Stati Uniti\"],\"inLanguage\":\"it-IT\"},{\"@type\":\"WebPage\",\"@id\":\"https:\\\/\\\/www.rassegnastampa-totustuus.it\\\/cattolica\\\/perche-la-sinistra-americana-liberal-teme-le-avvisaglie-di-un-dio-geloso\\\/\",\"url\":\"https:\\\/\\\/www.rassegnastampa-totustuus.it\\\/cattolica\\\/perche-la-sinistra-americana-liberal-teme-le-avvisaglie-di-un-dio-geloso\\\/\",\"name\":\"Perch\u00e9 la sinistra americana liberal teme le avvisaglie di un Dio geloso - Rassegna Stampa Cattolica\",\"isPartOf\":{\"@id\":\"https:\\\/\\\/www.rassegnastampa-totustuus.it\\\/cattolica\\\/#website\"},\"primaryImageOfPage\":{\"@id\":\"https:\\\/\\\/www.rassegnastampa-totustuus.it\\\/cattolica\\\/perche-la-sinistra-americana-liberal-teme-le-avvisaglie-di-un-dio-geloso\\\/#primaryimage\"},\"image\":{\"@id\":\"https:\\\/\\\/www.rassegnastampa-totustuus.it\\\/cattolica\\\/perche-la-sinistra-americana-liberal-teme-le-avvisaglie-di-un-dio-geloso\\\/#primaryimage\"},\"thumbnailUrl\":\"https:\\\/\\\/www.rassegnastampa-totustuus.it\\\/cattolica\\\/wp-content\\\/uploads\\\/2020\\\/06\\\/Cristo.jpg\",\"datePublished\":\"2021-10-13T22:00:05+00:00\",\"dateModified\":\"2025-07-16T14:08:44+00:00\",\"description\":\"Perch\u00e9 la sinistra americana liberal teme le avvisaglie di un Dio geloso. Il crollo del nostro ordine liberal \u00e8 alle porte.\",\"breadcrumb\":{\"@id\":\"https:\\\/\\\/www.rassegnastampa-totustuus.it\\\/cattolica\\\/perche-la-sinistra-americana-liberal-teme-le-avvisaglie-di-un-dio-geloso\\\/#breadcrumb\"},\"inLanguage\":\"it-IT\",\"potentialAction\":[{\"@type\":\"ReadAction\",\"target\":[\"https:\\\/\\\/www.rassegnastampa-totustuus.it\\\/cattolica\\\/perche-la-sinistra-americana-liberal-teme-le-avvisaglie-di-un-dio-geloso\\\/\"]}]},{\"@type\":\"ImageObject\",\"inLanguage\":\"it-IT\",\"@id\":\"https:\\\/\\\/www.rassegnastampa-totustuus.it\\\/cattolica\\\/perche-la-sinistra-americana-liberal-teme-le-avvisaglie-di-un-dio-geloso\\\/#primaryimage\",\"url\":\"https:\\\/\\\/www.rassegnastampa-totustuus.it\\\/cattolica\\\/wp-content\\\/uploads\\\/2020\\\/06\\\/Cristo.jpg\",\"contentUrl\":\"https:\\\/\\\/www.rassegnastampa-totustuus.it\\\/cattolica\\\/wp-content\\\/uploads\\\/2020\\\/06\\\/Cristo.jpg\",\"width\":1280,\"height\":720},{\"@type\":\"BreadcrumbList\",\"@id\":\"https:\\\/\\\/www.rassegnastampa-totustuus.it\\\/cattolica\\\/perche-la-sinistra-americana-liberal-teme-le-avvisaglie-di-un-dio-geloso\\\/#breadcrumb\",\"itemListElement\":[{\"@type\":\"ListItem\",\"position\":1,\"name\":\"Home\",\"item\":\"https:\\\/\\\/www.rassegnastampa-totustuus.it\\\/cattolica\\\/\"},{\"@type\":\"ListItem\",\"position\":2,\"name\":\"Perch\u00e9 la sinistra americana liberal teme le avvisaglie di un Dio geloso\"}]},{\"@type\":\"WebSite\",\"@id\":\"https:\\\/\\\/www.rassegnastampa-totustuus.it\\\/cattolica\\\/#website\",\"url\":\"https:\\\/\\\/www.rassegnastampa-totustuus.it\\\/cattolica\\\/\",\"name\":\"Rassegna Stampa Cattolica\",\"description\":\"Per una cultura che nasce dalla Rivelazione cristiana in conformit\u00e0 alla tradizione e al Magistero della Chiesa in opposizione ad ogni relativismo e totalitarismo\",\"publisher\":{\"@id\":\"https:\\\/\\\/www.rassegnastampa-totustuus.it\\\/cattolica\\\/#organization\"},\"alternateName\":\"Rass. Cattolica\",\"potentialAction\":[{\"@type\":\"SearchAction\",\"target\":{\"@type\":\"EntryPoint\",\"urlTemplate\":\"https:\\\/\\\/www.rassegnastampa-totustuus.it\\\/cattolica\\\/?s={search_term_string}\"},\"query-input\":{\"@type\":\"PropertyValueSpecification\",\"valueRequired\":true,\"valueName\":\"search_term_string\"}}],\"inLanguage\":\"it-IT\"},{\"@type\":\"Organization\",\"@id\":\"https:\\\/\\\/www.rassegnastampa-totustuus.it\\\/cattolica\\\/#organization\",\"name\":\"Rassegna Stampa Cattolica\",\"url\":\"https:\\\/\\\/www.rassegnastampa-totustuus.it\\\/cattolica\\\/\",\"logo\":{\"@type\":\"ImageObject\",\"inLanguage\":\"it-IT\",\"@id\":\"https:\\\/\\\/www.rassegnastampa-totustuus.it\\\/cattolica\\\/#\\\/schema\\\/logo\\\/image\\\/\",\"url\":\"https:\\\/\\\/www.rassegnastampa-totustuus.it\\\/cattolica\\\/wp-content\\\/uploads\\\/2014\\\/04\\\/logo-rassegna1.gif\",\"contentUrl\":\"https:\\\/\\\/www.rassegnastampa-totustuus.it\\\/cattolica\\\/wp-content\\\/uploads\\\/2014\\\/04\\\/logo-rassegna1.gif\",\"width\":600,\"height\":163,\"caption\":\"Rassegna Stampa Cattolica\"},\"image\":{\"@id\":\"https:\\\/\\\/www.rassegnastampa-totustuus.it\\\/cattolica\\\/#\\\/schema\\\/logo\\\/image\\\/\"},\"sameAs\":[\"https:\\\/\\\/www.facebook.com\\\/rassegnastampacattolica\",\"https:\\\/\\\/x.com\\\/rassegnastampa9\"]},{\"@type\":\"Person\",\"@id\":\"https:\\\/\\\/www.rassegnastampa-totustuus.it\\\/cattolica\\\/#\\\/schema\\\/person\\\/08f319d2bd1a0904ad9e2bfb7b15e5c3\",\"name\":\"Redazione\",\"image\":{\"@type\":\"ImageObject\",\"inLanguage\":\"it-IT\",\"@id\":\"https:\\\/\\\/secure.gravatar.com\\\/avatar\\\/2fcdf27c78ea025fbdb44e914cc63c72249ffec9dc8aafd5c82b26240ef3f346?s=96&d=mm&r=g\",\"url\":\"https:\\\/\\\/secure.gravatar.com\\\/avatar\\\/2fcdf27c78ea025fbdb44e914cc63c72249ffec9dc8aafd5c82b26240ef3f346?s=96&d=mm&r=g\",\"contentUrl\":\"https:\\\/\\\/secure.gravatar.com\\\/avatar\\\/2fcdf27c78ea025fbdb44e914cc63c72249ffec9dc8aafd5c82b26240ef3f346?s=96&d=mm&r=g\",\"caption\":\"Redazione\"},\"url\":\"https:\\\/\\\/www.rassegnastampa-totustuus.it\\\/cattolica\\\/author\\\/pietroelle\\\/\"}]}<\/script>\n<!-- \/ Yoast SEO plugin. -->","yoast_head_json":{"title":"Perch\u00e9 la sinistra americana liberal teme le avvisaglie di un Dio geloso - Rassegna Stampa Cattolica","description":"Perch\u00e9 la sinistra americana liberal teme le avvisaglie di un Dio geloso. Il crollo del nostro ordine liberal \u00e8 alle porte.","robots":{"index":"index","follow":"follow","max-snippet":"max-snippet:-1","max-image-preview":"max-image-preview:large","max-video-preview":"max-video-preview:-1"},"canonical":"https:\/\/www.rassegnastampa-totustuus.it\/cattolica\/perche-la-sinistra-americana-liberal-teme-le-avvisaglie-di-un-dio-geloso\/","og_locale":"it_IT","og_type":"article","og_title":"Perch\u00e9 la sinistra americana liberal teme le avvisaglie di un Dio geloso - Rassegna Stampa Cattolica","og_description":"Perch\u00e9 la sinistra americana liberal teme le avvisaglie di un Dio geloso. Il crollo del nostro ordine liberal \u00e8 alle porte.","og_url":"https:\/\/www.rassegnastampa-totustuus.it\/cattolica\/perche-la-sinistra-americana-liberal-teme-le-avvisaglie-di-un-dio-geloso\/","og_site_name":"Rassegna Stampa Cattolica","article_publisher":"https:\/\/www.facebook.com\/rassegnastampacattolica","article_published_time":"2021-10-13T22:00:05+00:00","article_modified_time":"2025-07-16T14:08:44+00:00","og_image":[{"width":1280,"height":720,"url":"https:\/\/www.rassegnastampa-totustuus.it\/cattolica\/wp-content\/uploads\/2020\/06\/Cristo.jpg","type":"image\/jpeg"}],"author":"Redazione","twitter_card":"summary_large_image","twitter_creator":"@rassegnastampa9","twitter_site":"@rassegnastampa9","twitter_misc":{"Scritto da":"Redazione","Tempo di lettura stimato":"8 minuti"},"schema":{"@context":"https:\/\/schema.org","@graph":[{"@type":"Article","@id":"https:\/\/www.rassegnastampa-totustuus.it\/cattolica\/perche-la-sinistra-americana-liberal-teme-le-avvisaglie-di-un-dio-geloso\/#article","isPartOf":{"@id":"https:\/\/www.rassegnastampa-totustuus.it\/cattolica\/perche-la-sinistra-americana-liberal-teme-le-avvisaglie-di-un-dio-geloso\/"},"author":{"name":"Redazione","@id":"https:\/\/www.rassegnastampa-totustuus.it\/cattolica\/#\/schema\/person\/08f319d2bd1a0904ad9e2bfb7b15e5c3"},"headline":"Perch\u00e9 la sinistra americana liberal teme le avvisaglie di un Dio geloso","datePublished":"2021-10-13T22:00:05+00:00","dateModified":"2025-07-16T14:08:44+00:00","mainEntityOfPage":{"@id":"https:\/\/www.rassegnastampa-totustuus.it\/cattolica\/perche-la-sinistra-americana-liberal-teme-le-avvisaglie-di-un-dio-geloso\/"},"wordCount":1010,"publisher":{"@id":"https:\/\/www.rassegnastampa-totustuus.it\/cattolica\/#organization"},"image":{"@id":"https:\/\/www.rassegnastampa-totustuus.it\/cattolica\/perche-la-sinistra-americana-liberal-teme-le-avvisaglie-di-un-dio-geloso\/#primaryimage"},"thumbnailUrl":"https:\/\/www.rassegnastampa-totustuus.it\/cattolica\/wp-content\/uploads\/2020\/06\/Cristo.jpg","keywords":["liberal","sinistra"],"articleSection":["Stati Uniti"],"inLanguage":"it-IT"},{"@type":"WebPage","@id":"https:\/\/www.rassegnastampa-totustuus.it\/cattolica\/perche-la-sinistra-americana-liberal-teme-le-avvisaglie-di-un-dio-geloso\/","url":"https:\/\/www.rassegnastampa-totustuus.it\/cattolica\/perche-la-sinistra-americana-liberal-teme-le-avvisaglie-di-un-dio-geloso\/","name":"Perch\u00e9 la sinistra americana liberal teme le avvisaglie di un Dio geloso - Rassegna Stampa Cattolica","isPartOf":{"@id":"https:\/\/www.rassegnastampa-totustuus.it\/cattolica\/#website"},"primaryImageOfPage":{"@id":"https:\/\/www.rassegnastampa-totustuus.it\/cattolica\/perche-la-sinistra-americana-liberal-teme-le-avvisaglie-di-un-dio-geloso\/#primaryimage"},"image":{"@id":"https:\/\/www.rassegnastampa-totustuus.it\/cattolica\/perche-la-sinistra-americana-liberal-teme-le-avvisaglie-di-un-dio-geloso\/#primaryimage"},"thumbnailUrl":"https:\/\/www.rassegnastampa-totustuus.it\/cattolica\/wp-content\/uploads\/2020\/06\/Cristo.jpg","datePublished":"2021-10-13T22:00:05+00:00","dateModified":"2025-07-16T14:08:44+00:00","description":"Perch\u00e9 la sinistra americana liberal teme le avvisaglie di un Dio geloso. Il crollo del nostro ordine liberal \u00e8 alle porte.","breadcrumb":{"@id":"https:\/\/www.rassegnastampa-totustuus.it\/cattolica\/perche-la-sinistra-americana-liberal-teme-le-avvisaglie-di-un-dio-geloso\/#breadcrumb"},"inLanguage":"it-IT","potentialAction":[{"@type":"ReadAction","target":["https:\/\/www.rassegnastampa-totustuus.it\/cattolica\/perche-la-sinistra-americana-liberal-teme-le-avvisaglie-di-un-dio-geloso\/"]}]},{"@type":"ImageObject","inLanguage":"it-IT","@id":"https:\/\/www.rassegnastampa-totustuus.it\/cattolica\/perche-la-sinistra-americana-liberal-teme-le-avvisaglie-di-un-dio-geloso\/#primaryimage","url":"https:\/\/www.rassegnastampa-totustuus.it\/cattolica\/wp-content\/uploads\/2020\/06\/Cristo.jpg","contentUrl":"https:\/\/www.rassegnastampa-totustuus.it\/cattolica\/wp-content\/uploads\/2020\/06\/Cristo.jpg","width":1280,"height":720},{"@type":"BreadcrumbList","@id":"https:\/\/www.rassegnastampa-totustuus.it\/cattolica\/perche-la-sinistra-americana-liberal-teme-le-avvisaglie-di-un-dio-geloso\/#breadcrumb","itemListElement":[{"@type":"ListItem","position":1,"name":"Home","item":"https:\/\/www.rassegnastampa-totustuus.it\/cattolica\/"},{"@type":"ListItem","position":2,"name":"Perch\u00e9 la sinistra americana liberal teme le avvisaglie di un Dio geloso"}]},{"@type":"WebSite","@id":"https:\/\/www.rassegnastampa-totustuus.it\/cattolica\/#website","url":"https:\/\/www.rassegnastampa-totustuus.it\/cattolica\/","name":"Rassegna Stampa Cattolica","description":"Per una cultura che nasce dalla Rivelazione cristiana in conformit\u00e0 alla tradizione e al Magistero della Chiesa in opposizione ad ogni relativismo e totalitarismo","publisher":{"@id":"https:\/\/www.rassegnastampa-totustuus.it\/cattolica\/#organization"},"alternateName":"Rass. Cattolica","potentialAction":[{"@type":"SearchAction","target":{"@type":"EntryPoint","urlTemplate":"https:\/\/www.rassegnastampa-totustuus.it\/cattolica\/?s={search_term_string}"},"query-input":{"@type":"PropertyValueSpecification","valueRequired":true,"valueName":"search_term_string"}}],"inLanguage":"it-IT"},{"@type":"Organization","@id":"https:\/\/www.rassegnastampa-totustuus.it\/cattolica\/#organization","name":"Rassegna Stampa Cattolica","url":"https:\/\/www.rassegnastampa-totustuus.it\/cattolica\/","logo":{"@type":"ImageObject","inLanguage":"it-IT","@id":"https:\/\/www.rassegnastampa-totustuus.it\/cattolica\/#\/schema\/logo\/image\/","url":"https:\/\/www.rassegnastampa-totustuus.it\/cattolica\/wp-content\/uploads\/2014\/04\/logo-rassegna1.gif","contentUrl":"https:\/\/www.rassegnastampa-totustuus.it\/cattolica\/wp-content\/uploads\/2014\/04\/logo-rassegna1.gif","width":600,"height":163,"caption":"Rassegna Stampa Cattolica"},"image":{"@id":"https:\/\/www.rassegnastampa-totustuus.it\/cattolica\/#\/schema\/logo\/image\/"},"sameAs":["https:\/\/www.facebook.com\/rassegnastampacattolica","https:\/\/x.com\/rassegnastampa9"]},{"@type":"Person","@id":"https:\/\/www.rassegnastampa-totustuus.it\/cattolica\/#\/schema\/person\/08f319d2bd1a0904ad9e2bfb7b15e5c3","name":"Redazione","image":{"@type":"ImageObject","inLanguage":"it-IT","@id":"https:\/\/secure.gravatar.com\/avatar\/2fcdf27c78ea025fbdb44e914cc63c72249ffec9dc8aafd5c82b26240ef3f346?s=96&d=mm&r=g","url":"https:\/\/secure.gravatar.com\/avatar\/2fcdf27c78ea025fbdb44e914cc63c72249ffec9dc8aafd5c82b26240ef3f346?s=96&d=mm&r=g","contentUrl":"https:\/\/secure.gravatar.com\/avatar\/2fcdf27c78ea025fbdb44e914cc63c72249ffec9dc8aafd5c82b26240ef3f346?s=96&d=mm&r=g","caption":"Redazione"},"url":"https:\/\/www.rassegnastampa-totustuus.it\/cattolica\/author\/pietroelle\/"}]}},"_links":{"self":[{"href":"https:\/\/www.rassegnastampa-totustuus.it\/cattolica\/wp-json\/wp\/v2\/posts\/52670","targetHints":{"allow":["GET"]}}],"collection":[{"href":"https:\/\/www.rassegnastampa-totustuus.it\/cattolica\/wp-json\/wp\/v2\/posts"}],"about":[{"href":"https:\/\/www.rassegnastampa-totustuus.it\/cattolica\/wp-json\/wp\/v2\/types\/post"}],"author":[{"embeddable":true,"href":"https:\/\/www.rassegnastampa-totustuus.it\/cattolica\/wp-json\/wp\/v2\/users\/6"}],"replies":[{"embeddable":true,"href":"https:\/\/www.rassegnastampa-totustuus.it\/cattolica\/wp-json\/wp\/v2\/comments?post=52670"}],"version-history":[{"count":2,"href":"https:\/\/www.rassegnastampa-totustuus.it\/cattolica\/wp-json\/wp\/v2\/posts\/52670\/revisions"}],"predecessor-version":[{"id":63332,"href":"https:\/\/www.rassegnastampa-totustuus.it\/cattolica\/wp-json\/wp\/v2\/posts\/52670\/revisions\/63332"}],"wp:featuredmedia":[{"embeddable":true,"href":"https:\/\/www.rassegnastampa-totustuus.it\/cattolica\/wp-json\/wp\/v2\/media\/47606"}],"wp:attachment":[{"href":"https:\/\/www.rassegnastampa-totustuus.it\/cattolica\/wp-json\/wp\/v2\/media?parent=52670"}],"wp:term":[{"taxonomy":"category","embeddable":true,"href":"https:\/\/www.rassegnastampa-totustuus.it\/cattolica\/wp-json\/wp\/v2\/categories?post=52670"},{"taxonomy":"post_tag","embeddable":true,"href":"https:\/\/www.rassegnastampa-totustuus.it\/cattolica\/wp-json\/wp\/v2\/tags?post=52670"}],"curies":[{"name":"wp","href":"https:\/\/api.w.org\/{rel}","templated":true}]}}