{"id":52665,"date":"2021-10-14T00:00:20","date_gmt":"2021-10-13T22:00:20","guid":{"rendered":"http:\/\/www.rassegnastampa-totustuus.it\/cattolica\/?p=52665"},"modified":"2025-07-16T15:47:52","modified_gmt":"2025-07-16T13:47:52","slug":"assemblea-generale-il-cammino-sinodale-e-determinato-a-rivoluzionare-la-chiesa","status":"publish","type":"post","link":"https:\/\/www.rassegnastampa-totustuus.it\/cattolica\/assemblea-generale-il-cammino-sinodale-e-determinato-a-rivoluzionare-la-chiesa\/","title":{"rendered":"Assemblea Generale: il Cammino sinodale \u00e8 determinato a rivoluzionare la Chiesa"},"content":{"rendered":"\n<p class=\"has-text-align-center\"><span style=\"color: #000000;\"><a href=\"https:\/\/atfp.it\/\" target=\"_blank\" rel=\"noreferrer noopener\"><strong>Tradizione Famiglia Propriet\u00e0<\/strong> <\/a>Newsletter 6 Ottobre 2021<\/span><\/p>\n\n\n\n<p><span style=\"color: #000000;\">In occasione delle pseudo benedizioni delle coppie omosessuali all&#8217;inizio di maggio, c\u2019erano stati diversi appelli alla moderazione rivolti ai progressisti radicali tedeschi. Avvertimenti molto chiari erano arrivati anche da Roma. Con il loro comportamento fragoroso, i tedeschi hanno rischiato di minare il processo sinodale in tutto il mondo. <\/span><\/p>\n\n\n<div class=\"wp-block-image\">\n<figure class=\"aligncenter size-large is-resized\"><a href=\"https:\/\/www.rassegnastampa-totustuus.it\/cattolica\/wp-content\/uploads\/2019\/10\/chiesa_scisma.jpg\"><img loading=\"lazy\" decoding=\"async\" width=\"1024\" height=\"768\" src=\"https:\/\/www.rassegnastampa-totustuus.it\/cattolica\/wp-content\/uploads\/2019\/10\/chiesa_scisma-1024x768.jpg\" alt=\"\" class=\"wp-image-44661\" style=\"width:388px;height:auto\" srcset=\"https:\/\/www.rassegnastampa-totustuus.it\/cattolica\/wp-content\/uploads\/2019\/10\/chiesa_scisma-1024x768.jpg 1024w, https:\/\/www.rassegnastampa-totustuus.it\/cattolica\/wp-content\/uploads\/2019\/10\/chiesa_scisma-300x225.jpg 300w, https:\/\/www.rassegnastampa-totustuus.it\/cattolica\/wp-content\/uploads\/2019\/10\/chiesa_scisma-768x576.jpg 768w, https:\/\/www.rassegnastampa-totustuus.it\/cattolica\/wp-content\/uploads\/2019\/10\/chiesa_scisma.jpg 1200w\" sizes=\"auto, (max-width: 1024px) 100vw, 1024px\" \/><\/a><\/figure><\/div>\n\n\n<!--more-->\n\n\n\n<p><span style=\"color: #000000;\">Di conseguenza, la maggior parte dei teologi e dei gruppi di base si sono contenuti di fatto nelle loro posizioni estreme. Sembrava che una certa disciplina fosse stata raggiunta all\u2019interno del progressismo radicale tedesco. Tuttavia, di questa disciplina non ne \u00e8 rimasto nulla nella seconda Assemblea Generale del Cammino Sinodale. Ancora una volta, sono formulate richieste estreme, che vanno contro il Magistero e la Chiesa universale:<\/span><\/p>\n\n\n\n<ul class=\"wp-block-list\">\n<li><span style=\"color: #000000;\">La Comunit\u00e0 delle Donne Cattoliche della Germania (KFD), l&#8217;Unione Tedesca delle Donne Cattoliche (KDFB) e l&#8217;Associazione Maria 2.0 esigono tutte l&#8217;introduzione del sacerdozio femminile. Tali associazioni sono supportate soprattutto dai Vescovi Overbeck, di Essen, e Bode, di Osnabr\u00fcck. <\/span><\/li>\n\n\n\n<li><span style=\"color: #000000;\">Esse pretendono ancora una volta l&#8217;abolizione della morale sessuale cattolica. In particolare, le coppie omosessuali e extraconiugali dovrebbero essere accettate e possibilmente persino benedette.<\/span><\/li>\n\n\n\n<li><span style=\"color: #000000;\">La Chiesa deve essere democratizzata; nella migliore delle ipotesi i vescovi dovrebbe fungere da moderatori tra le diverse correnti ecclesiali. La natura sacramentale dell&#8217;ordinazione non \u00e8 stata ancora rigettata, ma le sue conseguenze s\u00ec. In particolare, la costituzione gerarchica della Chiesa. <\/span><\/li>\n<\/ul>\n\n\n<div class=\"wp-block-image\">\n<figure class=\"aligncenter is-resized\"><img loading=\"lazy\" decoding=\"async\" width=\"300\" height=\"201\" src=\"https:\/\/www.rassegnastampa-totustuus.it\/cattolica\/wp-content\/uploads\/2019\/09\/San_Pietro_Chiesa_Roma-300x201.jpg\" alt=\"\" class=\"wp-image-44375\" style=\"width:432px;height:auto\" srcset=\"https:\/\/www.rassegnastampa-totustuus.it\/cattolica\/wp-content\/uploads\/2019\/09\/San_Pietro_Chiesa_Roma-300x201.jpg 300w, https:\/\/www.rassegnastampa-totustuus.it\/cattolica\/wp-content\/uploads\/2019\/09\/San_Pietro_Chiesa_Roma-768x514.jpg 768w, https:\/\/www.rassegnastampa-totustuus.it\/cattolica\/wp-content\/uploads\/2019\/09\/San_Pietro_Chiesa_Roma-1024x685.jpg 1024w, https:\/\/www.rassegnastampa-totustuus.it\/cattolica\/wp-content\/uploads\/2019\/09\/San_Pietro_Chiesa_Roma-595x400.jpg 595w\" sizes=\"auto, (max-width: 300px) 100vw, 300px\" \/><\/figure><\/div>\n\n\n<p><span style=\"color: #000000;\">In breve: si cerca di erigere una Chiesa completamente nuova, con una propria Morale e una nuova struttura direttiva. Cos\u00ec, il Cammino Sinodale vuole di fatto costruire una chiesa nazionale tedesca. C&#8217;\u00e8 resistenza contro questa direzione, in particolare da parte di mons. Voderholzer, vescovo di Regensburg e mons. Oster, vescovo di Passau.<\/span><\/p>\n\n\n\n<p><span style=\"color: #000000;\">Tuttavia, mons. Rudolf Voderholzer \u00e8 stato immediatamente criticato duramente da mons. Georg B\u00e4tzing, vescovo di Limburg e presidente della Conferenza episcopale: &#8220;Le sue dichiarazioni non erano autorizzate, oltre a essere presuntuose&#8221;. Non ci possono essere dubbi sul fatto che il Cammino Sinodale non sia altro che una rivoluzione ecclesiastica per creare una nuova religione. La strategia futura da applicare in vista del Sinodo Mondiale \u00e8 aperta.<\/span><\/p>\n\n\n\n<p><span style=\"color: #000000;\">Ci sono tre opzioni: <\/span><\/p>\n\n\n\n<p><span style=\"color: #000000;\"><strong>Primo<\/strong>: i progressisti cercheranno possibilmente di creare fatti consumati, erigendo una chiesa nazionale, indipendentemente dalle reazioni di Roma e della Chiesa universale. Ignoreranno semplicemente le molte grida di allerta e correranno il rischio di separarsi da Roma. <\/span><\/p>\n\n\n\n<p><span style=\"color: #000000;\"><strong>Secondo<\/strong>: forse non vogliono andare cos\u00ec lontano, prendendo innanzitutto la posizione pi\u00f9 rivoluzionaria possibile dinanzi al Sinodo Mondiale, ma senza adottare misure concrete, in attesa di vedere come le cose si svilupperanno in tutto il mondo. <\/span><\/p>\n\n\n\n<p><span style=\"color: #000000;\"><strong>Terzo<\/strong>: \u00e8 possibile che essi ritengano che una rivoluzione su scala mondiale nella Chiesa possa essere innescata a partire dalla Germania, come gi\u00e0 accaduto nel XVI secolo. Le risoluzioni del Cammino Sinodale sarebbero qualcosa come un manifesto della rivoluzione della Chiesa a tutto il mondo. <\/span><\/p>\n\n\n<div class=\"wp-block-image wp-image-52668\">\n<figure class=\"aligncenter is-resized\"><img loading=\"lazy\" decoding=\"async\" width=\"252\" height=\"151\" src=\"https:\/\/www.rassegnastampa-totustuus.it\/cattolica\/wp-content\/uploads\/2021\/10\/mons._Georg_B\u00e4tzing_chiesa.jpg\" alt=\"\" class=\"wp-image-52668\" style=\"width:406px;height:auto\"\/><figcaption class=\"wp-element-caption\">mons. Georg B\u00e4tzing<\/figcaption><\/figure><\/div>\n\n\n<p><span style=\"color: #000000;\">Una cosa, tuttavia, \u00e8 certa: i Vescovi, soprattutto mons. Georg B\u00e4tzing, gi\u00e0 non pilotano pi\u00f9 gli eventi, ma vengono trascinati dalle correnti radicali dentro l\u2019assemblea del Cammino Sinodale. Essi dovrebbero chiudere il gi\u00e0 avviato processo di distruzione con una parola di forza, ma apparentemente temono che i gruppi radicali di base possano andare nei fatti sulle barricate. <\/span><\/p>\n\n\n\n<p><span style=\"color: #000000;\">La possibilit\u00e0 di appoggiarsi a cattolici fedeli al Magistero in Germania \u00e8 evidentemente fuori questione per la maggior parte dei prelati, in tal modo sono prigionieri di associazioni finanziariamente forti. <\/span><\/p>\n\n\n\n<p><span style=\"color: #000000;\"><strong>Fonte<\/strong><\/span>: <span style=\"color: #0000ff;\"><a style=\"color: #0000ff;\" href=\"https:\/\/mathias-von-gersdorff.blogspot.com\/2021\/10\/vollversammlung-synodaler-weg-ist-zur.html\" target=\"_blank\" rel=\"noopener noreferrer\">Il blog di Mathias von Gersdorff<\/a><\/span>, <span style=\"color: #000000;\">1 ottobre 2021. <em>Traduzione a cura di Tradizione Famiglia Propriet\u00e0<\/em><\/span><\/p>\n\n\n\n<p><\/p>\n","protected":false},"excerpt":{"rendered":"<p>Tradizione Famiglia Propriet\u00e0 Newsletter 6 Ottobre 2021 In occasione delle pseudo benedizioni delle coppie omosessuali all&#8217;inizio di maggio, c\u2019erano stati diversi appelli alla moderazione rivolti ai progressisti radicali tedeschi. Avvertimenti molto chiari erano arrivati anche da Roma. Con il loro comportamento fragoroso, i tedeschi hanno rischiato di minare il processo sinodale in tutto il mondo.<\/p><p><a class=\"more-link btn\" href=\"https:\/\/www.rassegnastampa-totustuus.it\/cattolica\/assemblea-generale-il-cammino-sinodale-e-determinato-a-rivoluzionare-la-chiesa\/\">Continua a leggere<\/a><\/p>\n","protected":false},"author":6,"featured_media":44661,"comment_status":"closed","ping_status":"closed","sticky":false,"template":"","format":"standard","meta":{"footnotes":""},"categories":[5,45],"tags":[1065,789,450],"class_list":["post-52665","post","type-post","status-publish","format-standard","has-post-thumbnail","hentry","category-chiesa","category-progressismo-cattolico","tag-germania","tag-progressismo-cattolico-2","tag-sinodo","item-wrap"],"yoast_head":"<!-- This site is optimized with the Yoast SEO plugin v27.5 - https:\/\/yoast.com\/product\/yoast-seo-wordpress\/ -->\n<title>Assemblea Generale: il Cammino sinodale \u00e8 determinato a rivoluzionare la Chiesa - Rassegna Stampa Cattolica<\/title>\n<meta name=\"description\" content=\"Assemblea Generale: il Cammino sinodale \u00e8 determinato a rivoluzionare la Chiesa grazie all&#039;intransigenza dei tedeschi\" \/>\n<meta name=\"robots\" content=\"index, follow, max-snippet:-1, max-image-preview:large, max-video-preview:-1\" \/>\n<link rel=\"canonical\" href=\"https:\/\/www.rassegnastampa-totustuus.it\/cattolica\/assemblea-generale-il-cammino-sinodale-e-determinato-a-rivoluzionare-la-chiesa\/\" \/>\n<meta property=\"og:locale\" content=\"it_IT\" \/>\n<meta property=\"og:type\" content=\"article\" \/>\n<meta property=\"og:title\" content=\"Assemblea Generale: il Cammino sinodale \u00e8 determinato a rivoluzionare la Chiesa - Rassegna Stampa Cattolica\" \/>\n<meta property=\"og:description\" content=\"Assemblea Generale: il Cammino sinodale \u00e8 determinato a rivoluzionare la Chiesa grazie all&#039;intransigenza dei tedeschi\" \/>\n<meta property=\"og:url\" content=\"https:\/\/www.rassegnastampa-totustuus.it\/cattolica\/assemblea-generale-il-cammino-sinodale-e-determinato-a-rivoluzionare-la-chiesa\/\" \/>\n<meta property=\"og:site_name\" content=\"Rassegna Stampa Cattolica\" \/>\n<meta property=\"article:publisher\" content=\"https:\/\/www.facebook.com\/rassegnastampacattolica\" \/>\n<meta property=\"article:published_time\" content=\"2021-10-13T22:00:20+00:00\" \/>\n<meta property=\"article:modified_time\" content=\"2025-07-16T13:47:52+00:00\" \/>\n<meta property=\"og:image\" content=\"https:\/\/www.rassegnastampa-totustuus.it\/cattolica\/wp-content\/uploads\/2019\/10\/chiesa_scisma.jpg\" \/>\n\t<meta property=\"og:image:width\" content=\"1200\" \/>\n\t<meta property=\"og:image:height\" content=\"900\" \/>\n\t<meta property=\"og:image:type\" content=\"image\/jpeg\" \/>\n<meta name=\"author\" content=\"Redazione\" \/>\n<meta name=\"twitter:card\" content=\"summary_large_image\" \/>\n<meta name=\"twitter:creator\" content=\"@rassegnastampa9\" \/>\n<meta name=\"twitter:site\" content=\"@rassegnastampa9\" \/>\n<meta name=\"twitter:label1\" content=\"Scritto da\" \/>\n\t<meta name=\"twitter:data1\" content=\"Redazione\" \/>\n\t<meta name=\"twitter:label2\" content=\"Tempo di lettura stimato\" \/>\n\t<meta name=\"twitter:data2\" content=\"4 minuti\" \/>\n<script type=\"application\/ld+json\" class=\"yoast-schema-graph\">{\"@context\":\"https:\\\/\\\/schema.org\",\"@graph\":[{\"@type\":\"Article\",\"@id\":\"https:\\\/\\\/www.rassegnastampa-totustuus.it\\\/cattolica\\\/assemblea-generale-il-cammino-sinodale-e-determinato-a-rivoluzionare-la-chiesa\\\/#article\",\"isPartOf\":{\"@id\":\"https:\\\/\\\/www.rassegnastampa-totustuus.it\\\/cattolica\\\/assemblea-generale-il-cammino-sinodale-e-determinato-a-rivoluzionare-la-chiesa\\\/\"},\"author\":{\"name\":\"Redazione\",\"@id\":\"https:\\\/\\\/www.rassegnastampa-totustuus.it\\\/cattolica\\\/#\\\/schema\\\/person\\\/08f319d2bd1a0904ad9e2bfb7b15e5c3\"},\"headline\":\"Assemblea Generale: il Cammino sinodale \u00e8 determinato a rivoluzionare la Chiesa\",\"datePublished\":\"2021-10-13T22:00:20+00:00\",\"dateModified\":\"2025-07-16T13:47:52+00:00\",\"mainEntityOfPage\":{\"@id\":\"https:\\\/\\\/www.rassegnastampa-totustuus.it\\\/cattolica\\\/assemblea-generale-il-cammino-sinodale-e-determinato-a-rivoluzionare-la-chiesa\\\/\"},\"wordCount\":582,\"publisher\":{\"@id\":\"https:\\\/\\\/www.rassegnastampa-totustuus.it\\\/cattolica\\\/#organization\"},\"image\":{\"@id\":\"https:\\\/\\\/www.rassegnastampa-totustuus.it\\\/cattolica\\\/assemblea-generale-il-cammino-sinodale-e-determinato-a-rivoluzionare-la-chiesa\\\/#primaryimage\"},\"thumbnailUrl\":\"https:\\\/\\\/www.rassegnastampa-totustuus.it\\\/cattolica\\\/wp-content\\\/uploads\\\/2019\\\/10\\\/chiesa_scisma.jpg\",\"keywords\":[\"germania\",\"progressismo cattolico\",\"sinodo\"],\"articleSection\":[\"Chiesa\",\"Progressismo\"],\"inLanguage\":\"it-IT\"},{\"@type\":\"WebPage\",\"@id\":\"https:\\\/\\\/www.rassegnastampa-totustuus.it\\\/cattolica\\\/assemblea-generale-il-cammino-sinodale-e-determinato-a-rivoluzionare-la-chiesa\\\/\",\"url\":\"https:\\\/\\\/www.rassegnastampa-totustuus.it\\\/cattolica\\\/assemblea-generale-il-cammino-sinodale-e-determinato-a-rivoluzionare-la-chiesa\\\/\",\"name\":\"Assemblea Generale: il Cammino sinodale \u00e8 determinato a rivoluzionare la Chiesa - Rassegna Stampa Cattolica\",\"isPartOf\":{\"@id\":\"https:\\\/\\\/www.rassegnastampa-totustuus.it\\\/cattolica\\\/#website\"},\"primaryImageOfPage\":{\"@id\":\"https:\\\/\\\/www.rassegnastampa-totustuus.it\\\/cattolica\\\/assemblea-generale-il-cammino-sinodale-e-determinato-a-rivoluzionare-la-chiesa\\\/#primaryimage\"},\"image\":{\"@id\":\"https:\\\/\\\/www.rassegnastampa-totustuus.it\\\/cattolica\\\/assemblea-generale-il-cammino-sinodale-e-determinato-a-rivoluzionare-la-chiesa\\\/#primaryimage\"},\"thumbnailUrl\":\"https:\\\/\\\/www.rassegnastampa-totustuus.it\\\/cattolica\\\/wp-content\\\/uploads\\\/2019\\\/10\\\/chiesa_scisma.jpg\",\"datePublished\":\"2021-10-13T22:00:20+00:00\",\"dateModified\":\"2025-07-16T13:47:52+00:00\",\"description\":\"Assemblea Generale: il Cammino sinodale \u00e8 determinato a rivoluzionare la Chiesa grazie all'intransigenza dei tedeschi\",\"breadcrumb\":{\"@id\":\"https:\\\/\\\/www.rassegnastampa-totustuus.it\\\/cattolica\\\/assemblea-generale-il-cammino-sinodale-e-determinato-a-rivoluzionare-la-chiesa\\\/#breadcrumb\"},\"inLanguage\":\"it-IT\",\"potentialAction\":[{\"@type\":\"ReadAction\",\"target\":[\"https:\\\/\\\/www.rassegnastampa-totustuus.it\\\/cattolica\\\/assemblea-generale-il-cammino-sinodale-e-determinato-a-rivoluzionare-la-chiesa\\\/\"]}]},{\"@type\":\"ImageObject\",\"inLanguage\":\"it-IT\",\"@id\":\"https:\\\/\\\/www.rassegnastampa-totustuus.it\\\/cattolica\\\/assemblea-generale-il-cammino-sinodale-e-determinato-a-rivoluzionare-la-chiesa\\\/#primaryimage\",\"url\":\"https:\\\/\\\/www.rassegnastampa-totustuus.it\\\/cattolica\\\/wp-content\\\/uploads\\\/2019\\\/10\\\/chiesa_scisma.jpg\",\"contentUrl\":\"https:\\\/\\\/www.rassegnastampa-totustuus.it\\\/cattolica\\\/wp-content\\\/uploads\\\/2019\\\/10\\\/chiesa_scisma.jpg\",\"width\":1200,\"height\":900},{\"@type\":\"BreadcrumbList\",\"@id\":\"https:\\\/\\\/www.rassegnastampa-totustuus.it\\\/cattolica\\\/assemblea-generale-il-cammino-sinodale-e-determinato-a-rivoluzionare-la-chiesa\\\/#breadcrumb\",\"itemListElement\":[{\"@type\":\"ListItem\",\"position\":1,\"name\":\"Home\",\"item\":\"https:\\\/\\\/www.rassegnastampa-totustuus.it\\\/cattolica\\\/\"},{\"@type\":\"ListItem\",\"position\":2,\"name\":\"Assemblea Generale: il Cammino sinodale \u00e8 determinato a rivoluzionare la Chiesa\"}]},{\"@type\":\"WebSite\",\"@id\":\"https:\\\/\\\/www.rassegnastampa-totustuus.it\\\/cattolica\\\/#website\",\"url\":\"https:\\\/\\\/www.rassegnastampa-totustuus.it\\\/cattolica\\\/\",\"name\":\"Rassegna Stampa Cattolica\",\"description\":\"Per una cultura che nasce dalla Rivelazione cristiana in conformit\u00e0 alla tradizione e al Magistero della Chiesa in opposizione ad ogni relativismo e totalitarismo\",\"publisher\":{\"@id\":\"https:\\\/\\\/www.rassegnastampa-totustuus.it\\\/cattolica\\\/#organization\"},\"alternateName\":\"Rass. Cattolica\",\"potentialAction\":[{\"@type\":\"SearchAction\",\"target\":{\"@type\":\"EntryPoint\",\"urlTemplate\":\"https:\\\/\\\/www.rassegnastampa-totustuus.it\\\/cattolica\\\/?s={search_term_string}\"},\"query-input\":{\"@type\":\"PropertyValueSpecification\",\"valueRequired\":true,\"valueName\":\"search_term_string\"}}],\"inLanguage\":\"it-IT\"},{\"@type\":\"Organization\",\"@id\":\"https:\\\/\\\/www.rassegnastampa-totustuus.it\\\/cattolica\\\/#organization\",\"name\":\"Rassegna Stampa Cattolica\",\"url\":\"https:\\\/\\\/www.rassegnastampa-totustuus.it\\\/cattolica\\\/\",\"logo\":{\"@type\":\"ImageObject\",\"inLanguage\":\"it-IT\",\"@id\":\"https:\\\/\\\/www.rassegnastampa-totustuus.it\\\/cattolica\\\/#\\\/schema\\\/logo\\\/image\\\/\",\"url\":\"https:\\\/\\\/www.rassegnastampa-totustuus.it\\\/cattolica\\\/wp-content\\\/uploads\\\/2014\\\/04\\\/logo-rassegna1.gif\",\"contentUrl\":\"https:\\\/\\\/www.rassegnastampa-totustuus.it\\\/cattolica\\\/wp-content\\\/uploads\\\/2014\\\/04\\\/logo-rassegna1.gif\",\"width\":600,\"height\":163,\"caption\":\"Rassegna Stampa Cattolica\"},\"image\":{\"@id\":\"https:\\\/\\\/www.rassegnastampa-totustuus.it\\\/cattolica\\\/#\\\/schema\\\/logo\\\/image\\\/\"},\"sameAs\":[\"https:\\\/\\\/www.facebook.com\\\/rassegnastampacattolica\",\"https:\\\/\\\/x.com\\\/rassegnastampa9\"]},{\"@type\":\"Person\",\"@id\":\"https:\\\/\\\/www.rassegnastampa-totustuus.it\\\/cattolica\\\/#\\\/schema\\\/person\\\/08f319d2bd1a0904ad9e2bfb7b15e5c3\",\"name\":\"Redazione\",\"image\":{\"@type\":\"ImageObject\",\"inLanguage\":\"it-IT\",\"@id\":\"https:\\\/\\\/secure.gravatar.com\\\/avatar\\\/2fcdf27c78ea025fbdb44e914cc63c72249ffec9dc8aafd5c82b26240ef3f346?s=96&d=mm&r=g\",\"url\":\"https:\\\/\\\/secure.gravatar.com\\\/avatar\\\/2fcdf27c78ea025fbdb44e914cc63c72249ffec9dc8aafd5c82b26240ef3f346?s=96&d=mm&r=g\",\"contentUrl\":\"https:\\\/\\\/secure.gravatar.com\\\/avatar\\\/2fcdf27c78ea025fbdb44e914cc63c72249ffec9dc8aafd5c82b26240ef3f346?s=96&d=mm&r=g\",\"caption\":\"Redazione\"},\"url\":\"https:\\\/\\\/www.rassegnastampa-totustuus.it\\\/cattolica\\\/author\\\/pietroelle\\\/\"}]}<\/script>\n<!-- \/ Yoast SEO plugin. -->","yoast_head_json":{"title":"Assemblea Generale: il Cammino sinodale \u00e8 determinato a rivoluzionare la Chiesa - Rassegna Stampa Cattolica","description":"Assemblea Generale: il Cammino sinodale \u00e8 determinato a rivoluzionare la Chiesa grazie all'intransigenza dei tedeschi","robots":{"index":"index","follow":"follow","max-snippet":"max-snippet:-1","max-image-preview":"max-image-preview:large","max-video-preview":"max-video-preview:-1"},"canonical":"https:\/\/www.rassegnastampa-totustuus.it\/cattolica\/assemblea-generale-il-cammino-sinodale-e-determinato-a-rivoluzionare-la-chiesa\/","og_locale":"it_IT","og_type":"article","og_title":"Assemblea Generale: il Cammino sinodale \u00e8 determinato a rivoluzionare la Chiesa - Rassegna Stampa Cattolica","og_description":"Assemblea Generale: il Cammino sinodale \u00e8 determinato a rivoluzionare la Chiesa grazie all'intransigenza dei tedeschi","og_url":"https:\/\/www.rassegnastampa-totustuus.it\/cattolica\/assemblea-generale-il-cammino-sinodale-e-determinato-a-rivoluzionare-la-chiesa\/","og_site_name":"Rassegna Stampa Cattolica","article_publisher":"https:\/\/www.facebook.com\/rassegnastampacattolica","article_published_time":"2021-10-13T22:00:20+00:00","article_modified_time":"2025-07-16T13:47:52+00:00","og_image":[{"width":1200,"height":900,"url":"https:\/\/www.rassegnastampa-totustuus.it\/cattolica\/wp-content\/uploads\/2019\/10\/chiesa_scisma.jpg","type":"image\/jpeg"}],"author":"Redazione","twitter_card":"summary_large_image","twitter_creator":"@rassegnastampa9","twitter_site":"@rassegnastampa9","twitter_misc":{"Scritto da":"Redazione","Tempo di lettura stimato":"4 minuti"},"schema":{"@context":"https:\/\/schema.org","@graph":[{"@type":"Article","@id":"https:\/\/www.rassegnastampa-totustuus.it\/cattolica\/assemblea-generale-il-cammino-sinodale-e-determinato-a-rivoluzionare-la-chiesa\/#article","isPartOf":{"@id":"https:\/\/www.rassegnastampa-totustuus.it\/cattolica\/assemblea-generale-il-cammino-sinodale-e-determinato-a-rivoluzionare-la-chiesa\/"},"author":{"name":"Redazione","@id":"https:\/\/www.rassegnastampa-totustuus.it\/cattolica\/#\/schema\/person\/08f319d2bd1a0904ad9e2bfb7b15e5c3"},"headline":"Assemblea Generale: il Cammino sinodale \u00e8 determinato a rivoluzionare la Chiesa","datePublished":"2021-10-13T22:00:20+00:00","dateModified":"2025-07-16T13:47:52+00:00","mainEntityOfPage":{"@id":"https:\/\/www.rassegnastampa-totustuus.it\/cattolica\/assemblea-generale-il-cammino-sinodale-e-determinato-a-rivoluzionare-la-chiesa\/"},"wordCount":582,"publisher":{"@id":"https:\/\/www.rassegnastampa-totustuus.it\/cattolica\/#organization"},"image":{"@id":"https:\/\/www.rassegnastampa-totustuus.it\/cattolica\/assemblea-generale-il-cammino-sinodale-e-determinato-a-rivoluzionare-la-chiesa\/#primaryimage"},"thumbnailUrl":"https:\/\/www.rassegnastampa-totustuus.it\/cattolica\/wp-content\/uploads\/2019\/10\/chiesa_scisma.jpg","keywords":["germania","progressismo cattolico","sinodo"],"articleSection":["Chiesa","Progressismo"],"inLanguage":"it-IT"},{"@type":"WebPage","@id":"https:\/\/www.rassegnastampa-totustuus.it\/cattolica\/assemblea-generale-il-cammino-sinodale-e-determinato-a-rivoluzionare-la-chiesa\/","url":"https:\/\/www.rassegnastampa-totustuus.it\/cattolica\/assemblea-generale-il-cammino-sinodale-e-determinato-a-rivoluzionare-la-chiesa\/","name":"Assemblea Generale: il Cammino sinodale \u00e8 determinato a rivoluzionare la Chiesa - Rassegna Stampa Cattolica","isPartOf":{"@id":"https:\/\/www.rassegnastampa-totustuus.it\/cattolica\/#website"},"primaryImageOfPage":{"@id":"https:\/\/www.rassegnastampa-totustuus.it\/cattolica\/assemblea-generale-il-cammino-sinodale-e-determinato-a-rivoluzionare-la-chiesa\/#primaryimage"},"image":{"@id":"https:\/\/www.rassegnastampa-totustuus.it\/cattolica\/assemblea-generale-il-cammino-sinodale-e-determinato-a-rivoluzionare-la-chiesa\/#primaryimage"},"thumbnailUrl":"https:\/\/www.rassegnastampa-totustuus.it\/cattolica\/wp-content\/uploads\/2019\/10\/chiesa_scisma.jpg","datePublished":"2021-10-13T22:00:20+00:00","dateModified":"2025-07-16T13:47:52+00:00","description":"Assemblea Generale: il Cammino sinodale \u00e8 determinato a rivoluzionare la Chiesa grazie all'intransigenza dei tedeschi","breadcrumb":{"@id":"https:\/\/www.rassegnastampa-totustuus.it\/cattolica\/assemblea-generale-il-cammino-sinodale-e-determinato-a-rivoluzionare-la-chiesa\/#breadcrumb"},"inLanguage":"it-IT","potentialAction":[{"@type":"ReadAction","target":["https:\/\/www.rassegnastampa-totustuus.it\/cattolica\/assemblea-generale-il-cammino-sinodale-e-determinato-a-rivoluzionare-la-chiesa\/"]}]},{"@type":"ImageObject","inLanguage":"it-IT","@id":"https:\/\/www.rassegnastampa-totustuus.it\/cattolica\/assemblea-generale-il-cammino-sinodale-e-determinato-a-rivoluzionare-la-chiesa\/#primaryimage","url":"https:\/\/www.rassegnastampa-totustuus.it\/cattolica\/wp-content\/uploads\/2019\/10\/chiesa_scisma.jpg","contentUrl":"https:\/\/www.rassegnastampa-totustuus.it\/cattolica\/wp-content\/uploads\/2019\/10\/chiesa_scisma.jpg","width":1200,"height":900},{"@type":"BreadcrumbList","@id":"https:\/\/www.rassegnastampa-totustuus.it\/cattolica\/assemblea-generale-il-cammino-sinodale-e-determinato-a-rivoluzionare-la-chiesa\/#breadcrumb","itemListElement":[{"@type":"ListItem","position":1,"name":"Home","item":"https:\/\/www.rassegnastampa-totustuus.it\/cattolica\/"},{"@type":"ListItem","position":2,"name":"Assemblea Generale: il Cammino sinodale \u00e8 determinato a rivoluzionare la Chiesa"}]},{"@type":"WebSite","@id":"https:\/\/www.rassegnastampa-totustuus.it\/cattolica\/#website","url":"https:\/\/www.rassegnastampa-totustuus.it\/cattolica\/","name":"Rassegna Stampa Cattolica","description":"Per una cultura che nasce dalla Rivelazione cristiana in conformit\u00e0 alla tradizione e al Magistero della Chiesa in opposizione ad ogni relativismo e totalitarismo","publisher":{"@id":"https:\/\/www.rassegnastampa-totustuus.it\/cattolica\/#organization"},"alternateName":"Rass. Cattolica","potentialAction":[{"@type":"SearchAction","target":{"@type":"EntryPoint","urlTemplate":"https:\/\/www.rassegnastampa-totustuus.it\/cattolica\/?s={search_term_string}"},"query-input":{"@type":"PropertyValueSpecification","valueRequired":true,"valueName":"search_term_string"}}],"inLanguage":"it-IT"},{"@type":"Organization","@id":"https:\/\/www.rassegnastampa-totustuus.it\/cattolica\/#organization","name":"Rassegna Stampa Cattolica","url":"https:\/\/www.rassegnastampa-totustuus.it\/cattolica\/","logo":{"@type":"ImageObject","inLanguage":"it-IT","@id":"https:\/\/www.rassegnastampa-totustuus.it\/cattolica\/#\/schema\/logo\/image\/","url":"https:\/\/www.rassegnastampa-totustuus.it\/cattolica\/wp-content\/uploads\/2014\/04\/logo-rassegna1.gif","contentUrl":"https:\/\/www.rassegnastampa-totustuus.it\/cattolica\/wp-content\/uploads\/2014\/04\/logo-rassegna1.gif","width":600,"height":163,"caption":"Rassegna Stampa Cattolica"},"image":{"@id":"https:\/\/www.rassegnastampa-totustuus.it\/cattolica\/#\/schema\/logo\/image\/"},"sameAs":["https:\/\/www.facebook.com\/rassegnastampacattolica","https:\/\/x.com\/rassegnastampa9"]},{"@type":"Person","@id":"https:\/\/www.rassegnastampa-totustuus.it\/cattolica\/#\/schema\/person\/08f319d2bd1a0904ad9e2bfb7b15e5c3","name":"Redazione","image":{"@type":"ImageObject","inLanguage":"it-IT","@id":"https:\/\/secure.gravatar.com\/avatar\/2fcdf27c78ea025fbdb44e914cc63c72249ffec9dc8aafd5c82b26240ef3f346?s=96&d=mm&r=g","url":"https:\/\/secure.gravatar.com\/avatar\/2fcdf27c78ea025fbdb44e914cc63c72249ffec9dc8aafd5c82b26240ef3f346?s=96&d=mm&r=g","contentUrl":"https:\/\/secure.gravatar.com\/avatar\/2fcdf27c78ea025fbdb44e914cc63c72249ffec9dc8aafd5c82b26240ef3f346?s=96&d=mm&r=g","caption":"Redazione"},"url":"https:\/\/www.rassegnastampa-totustuus.it\/cattolica\/author\/pietroelle\/"}]}},"_links":{"self":[{"href":"https:\/\/www.rassegnastampa-totustuus.it\/cattolica\/wp-json\/wp\/v2\/posts\/52665","targetHints":{"allow":["GET"]}}],"collection":[{"href":"https:\/\/www.rassegnastampa-totustuus.it\/cattolica\/wp-json\/wp\/v2\/posts"}],"about":[{"href":"https:\/\/www.rassegnastampa-totustuus.it\/cattolica\/wp-json\/wp\/v2\/types\/post"}],"author":[{"embeddable":true,"href":"https:\/\/www.rassegnastampa-totustuus.it\/cattolica\/wp-json\/wp\/v2\/users\/6"}],"replies":[{"embeddable":true,"href":"https:\/\/www.rassegnastampa-totustuus.it\/cattolica\/wp-json\/wp\/v2\/comments?post=52665"}],"version-history":[{"count":3,"href":"https:\/\/www.rassegnastampa-totustuus.it\/cattolica\/wp-json\/wp\/v2\/posts\/52665\/revisions"}],"predecessor-version":[{"id":63326,"href":"https:\/\/www.rassegnastampa-totustuus.it\/cattolica\/wp-json\/wp\/v2\/posts\/52665\/revisions\/63326"}],"wp:featuredmedia":[{"embeddable":true,"href":"https:\/\/www.rassegnastampa-totustuus.it\/cattolica\/wp-json\/wp\/v2\/media\/44661"}],"wp:attachment":[{"href":"https:\/\/www.rassegnastampa-totustuus.it\/cattolica\/wp-json\/wp\/v2\/media?parent=52665"}],"wp:term":[{"taxonomy":"category","embeddable":true,"href":"https:\/\/www.rassegnastampa-totustuus.it\/cattolica\/wp-json\/wp\/v2\/categories?post=52665"},{"taxonomy":"post_tag","embeddable":true,"href":"https:\/\/www.rassegnastampa-totustuus.it\/cattolica\/wp-json\/wp\/v2\/tags?post=52665"}],"curies":[{"name":"wp","href":"https:\/\/api.w.org\/{rel}","templated":true}]}}