{"id":52650,"date":"2021-10-07T00:00:19","date_gmt":"2021-10-06T22:00:19","guid":{"rendered":"http:\/\/www.rassegnastampa-totustuus.it\/cattolica\/?p=52650"},"modified":"2025-07-16T16:55:33","modified_gmt":"2025-07-16T14:55:33","slug":"i-vessilli-della-battaglia-di-lepanto","status":"publish","type":"post","link":"https:\/\/www.rassegnastampa-totustuus.it\/cattolica\/i-vessilli-della-battaglia-di-lepanto\/","title":{"rendered":"I vessilli della battaglia di Lepanto"},"content":{"rendered":"\n<p class=\"has-text-align-center\"><span style=\"color: #000000;\"><strong><a href=\"https:\/\/alleanzacattolica.org\/\" target=\"_blank\" rel=\"noreferrer noopener\">Alleanza Cattolica<\/a><\/strong> 6 Ottobre 2021<\/span><\/p>\n\n\n\n<p><span style=\"color: #000000;\"><em>450 anni fa la storica vittoria della flotta cristiana sull\u2019Impero ottomano, che riun\u00ec l\u2019Europa a difesa della Cristianit\u00e0, come ci ricordano gli stendardi conservati a Toledo, a Gaeta e a Pisa <\/em><\/span><\/p>\n\n\n\n<p class=\"has-text-align-center\"><span style=\"color: #000000;\">di <strong>W\u0142odzimierz R\u0119dzioch<\/strong><\/span><\/p>\n\n\n<div class=\"wp-block-image\">\n<figure class=\"aligncenter size-full is-resized\"><a href=\"https:\/\/www.rassegnastampa-totustuus.it\/cattolica\/wp-content\/uploads\/2005\/09\/LEPANTO.jpg\"><img loading=\"lazy\" decoding=\"async\" width=\"310\" height=\"162\" src=\"https:\/\/www.rassegnastampa-totustuus.it\/cattolica\/wp-content\/uploads\/2005\/09\/LEPANTO.jpg\" alt=\"\" class=\"wp-image-44606\" style=\"width:454px;height:auto\" srcset=\"https:\/\/www.rassegnastampa-totustuus.it\/cattolica\/wp-content\/uploads\/2005\/09\/LEPANTO.jpg 310w, https:\/\/www.rassegnastampa-totustuus.it\/cattolica\/wp-content\/uploads\/2005\/09\/LEPANTO-300x157.jpg 300w\" sizes=\"auto, (max-width: 310px) 100vw, 310px\" \/><\/a><\/figure><\/div>\n\n\n<!--more-->\n\n\n\n<p><span style=\"color: #000000;\"><\/span><wp-block data-block=\"core\/more\"><\/wp-block><span style=\"color: #000000;\">Ci sono delle battaglie che decidono delle sorti delle nazioni, dei continenti, del mondo. Le sorti dell\u2019Europa, che rimase cristiana, furono decise in tre storici scontri: a Poitiers, dove nel 732 i Franchi guidati da Carlo Martello (690-741) sconfissero l\u2019esercito musulmano; nel 1571 nel Golfo di Lepanto, dove nella battaglia navale la Lega Santa vinse contro gli Ottomani; nel 1683 a Vienna, dove il re polacco Giovanni Sobieski (1629-96) riport\u00f2 una grande vittoria sui Turchi che assediavano la citt\u00e0. Quest\u2019anno si celebra il 450\u00b0 anniversario della battaglia di Lepanto, quindi \u00e8 il momento opportuno per ricordare sia la battaglia, sia i suoi simboli: gli storici vessilli delle navi.<\/span><\/p>\n\n\n<div class=\"wp-block-image\">\n<figure class=\"aligncenter is-resized\"><img loading=\"lazy\" decoding=\"async\" width=\"274\" height=\"184\" src=\"https:\/\/www.rassegnastampa-totustuus.it\/cattolica\/wp-content\/uploads\/2005\/09\/Turchi_pirati_islam.jpg\" alt=\"\" class=\"wp-image-44604\" style=\"width:392px;height:auto\"\/><\/figure><\/div>\n\n\n<p><span style=\"color: #000000;\">Per molti secoli l\u2019Europa venne minacciata dall\u2019Impero ottomano, che riusc\u00ec a conquistare una parte consistente del nostro continente. L\u2019Europa non \u00e8 diventata musulmana grazie, tra l\u2019altro, a quell\u2019epica vittoria sulla flotta del sultano che \u00e8 passata alla storia come la battaglia di Lepanto, cio\u00e8 la battaglia navale combattuta dalla Lega Santa nel golfo di Corinto (7 ottobre 1571). <\/span><\/p>\n\n\n<div class=\"wp-block-image wp-image-52653\">\n<figure class=\"aligncenter is-resized\"><img loading=\"lazy\" decoding=\"async\" width=\"225\" height=\"225\" src=\"https:\/\/www.rassegnastampa-totustuus.it\/cattolica\/wp-content\/uploads\/2021\/10\/don_Giovanni_Austria.jpg\" alt=\"\" class=\"wp-image-52653\" style=\"width:369px;height:auto\" srcset=\"https:\/\/www.rassegnastampa-totustuus.it\/cattolica\/wp-content\/uploads\/2021\/10\/don_Giovanni_Austria.jpg 225w, https:\/\/www.rassegnastampa-totustuus.it\/cattolica\/wp-content\/uploads\/2021\/10\/don_Giovanni_Austria-150x150.jpg 150w\" sizes=\"auto, (max-width: 225px) 100vw, 225px\" \/><figcaption class=\"wp-element-caption\">don Giovanni d&#8217;Austria<\/figcaption><\/figure><\/div>\n\n\n<p><span style=\"color: #000000;\">Due vessilli sono i simboli di questa storica battaglia: il vessillo della nave dell\u2019ammiraglio pontificio Marcantonio Colonna (1535-84) e il vessillo della nave di Don Giovanni d\u2019Austria (1547-78), comandante della flotta della Lega Santa. Il vessillo di Colonna si trova attualmente nel Museo dell\u2019Arcidiocesi di Gaeta (venne conservato per tanto tempo nella cattedrale di quella citt\u00e0 marinara), invece il secondo \u00e8 conservato nel Museo di Santa Cruz a Toledo. Ma non tutti sanno che in Italia, a Pisa, si trova anche un altro simbolo della battaglia: lo stendardo della nave del comandante in capo ottomano, Al\u00ec Pasci\u00e0 (?-1571). <\/span><\/p>\n\n\n\n<h4 class=\"wp-block-heading has-text-align-center\"><span style=\"color: #000000;\"><strong>Gli Ottomani alla conquista di Cipro<\/strong> <\/span><\/h4>\n\n\n\n<p><span style=\"color: #000000;\">Lo scontro navale con gli Ottomani fu la conseguenza dei tentativi del sultano di impossessarsi dell\u2019isola di Cipro, che dal 1480 apparteneva a Venezia. La conquista dell\u2019isola di&nbsp;Cipro cominci\u00f2 nel luglio del 1570 con lo sbarco delle forze d\u2019invasione di circa 100 mila uomini. La capitale Nicosia cadde il 9 settembre: i Turchi massacrarono l\u2019intera popolazione della citt\u00e0, risparmiando 2000 giovani fatti schiavi. <\/span><\/p>\n\n\n<div class=\"wp-block-image\">\n<figure class=\"aligncenter is-resized\"><img loading=\"lazy\" decoding=\"async\" width=\"300\" height=\"168\" src=\"https:\/\/www.rassegnastampa-totustuus.it\/cattolica\/wp-content\/uploads\/2021\/10\/turchi_giannizzeri_islam-300x168.jpg\" alt=\"\" class=\"wp-image-52654\" style=\"width:466px;height:auto\"\/><\/figure><\/div>\n\n\n<p><span style=\"color: #000000;\">Dopo la conquista di Nicosia i Turchi presero d\u2019assedio la citt\u00e0 portuale di Famagosta, con l\u2019efficace e innovativo sistema difensivo fatto rinforzare dal Capitano Generale della citt\u00e0, il senatore Marcantonio Bragadin (1523-71), di antico e nobile casato veneziano. L\u2019assedio dur\u00f2 quasi un anno: Bragadin, nel mese di luglio 1571, quando stavano per finire tutte le scorte, alla fine si arrese, concludendo un patto onorevole con il comandante ottomano Lala Mustaf\u00e0 (tale patto garantiva la vita e la libert\u00e0 a tutti coloro che si trovavano dentro le mura). <\/span><\/p>\n\n\n\n<p><span style=\"color: #000000;\">Il 1 agosto i Veneziani consegnarono la citt\u00e0 ai Turchi, che non rispettarono i patti: durante l\u2019incontro di Bragadin con Lala Mustaf\u00e0 (1500-80) i comandanti cristiani furono uccisi e allo stesso senatore furono mozzate le orecchie ed il naso. Ma questo fu soltanto l\u2019inizio del suo supplizio. Come fu raccontato dai testimoni, il senatore fu costretto a trasportare sulla schiena enormi sacchi di terra, fu avvolto in catene sulla cima dell\u2019albero di una galea perch\u00e9 tutti potessero vederlo; quindi, trascinato sulla piazza cittadina al suono di tamburo e trombe, il senatore veneziano fu scorticato vivo; la sua pelle riempita di paglia fu esposta come trofeo sull\u2019antenna pi\u00f9 alta della nave di Mustaf\u00e0. Invece tutti i soldati cristiani furono, a tradimento, disarmati e incatenati ai remi delle galee turche. <\/span><\/p>\n\n\n\n<h4 class=\"wp-block-heading has-text-align-center\"><span style=\"color: #000000;\"><strong>La Lega Santa contro gli ottomani<\/strong> <\/span><\/h4>\n\n\n<div class=\"wp-block-image\">\n<figure class=\"aligncenter is-resized\"><img loading=\"lazy\" decoding=\"async\" width=\"297\" height=\"170\" src=\"https:\/\/www.rassegnastampa-totustuus.it\/cattolica\/wp-content\/uploads\/2005\/09\/Lega_Santa_Lepanto.jpg\" alt=\"\" class=\"wp-image-44603\" style=\"width:453px;height:auto\"\/><\/figure><\/div>\n\n\n<p><span style=\"color: #000000;\">L\u2019eroica e lunga difesa di Famagosta diede tempo per organizzare una Lega Santa, la coalizione cristiana voluta da Pio V (1566-72) per combattere l\u2019espansionismo dell\u2019Impero ottomano. I turchi minacciavano non soltanto Cipro, ma anche le coste spagnole e della penisola italiana, attaccate dai pirati musulmani, che divennero padroni del Mediterraneo occidentale. In questo momento drammatico il Papa si spese per coalizzare in una Lega Santa le forze cristiane, spesso divise, in uno spirito di Crociata e per creare coesione intorno all\u2019iniziativa.<\/span><\/p>\n\n\n<div class=\"wp-block-image\">\n<figure class=\"aligncenter is-resized\"><img loading=\"lazy\" decoding=\"async\" width=\"202\" height=\"250\" src=\"https:\/\/www.rassegnastampa-totustuus.it\/cattolica\/wp-content\/uploads\/2015\/07\/Pio-V.jpg\" alt=\"\" class=\"wp-image-26486\" style=\"width:284px;height:auto\"\/><\/figure><\/div>\n\n\n<p><span style=\"color: #000000;\">Il simbolo di questa benedizione papale all\u2019iniziativa fu lo stendardo di damasco rosso con le figure di Cristo crocifisso tra gli apostoli Pietro e Paolo, consegnato all\u2019ammiraglio pontificio&nbsp; &nbsp;Marcantonio Colonna, che doveva comandare la flotta cristiana, nella basilica di san Pietro l\u201911 giugno 1570. Purtroppo i dissidi legati all\u2019assegnazione del comando fecero s\u00ec che il comando fu affidato a Giovanni d\u2019Austria, rimanendo il Colonna suo Luogotenente Generale. In questa situazione un altro stendardo, di seta cremisina con l\u2019immagine del Crocifisso, fu consegnato solennemente dal Vicer\u00e9 di Napoli e delegato apostolico, il cardinale Antoine Perrenot de Granvelle (1517-86), a Don Giovanni d\u2019Austria, nella basilica di Santa Chiara a Napoli il 14 agosto 1571.<\/span><\/p>\n\n\n\n<p><span style=\"color: #000000;\"> Le navi della flotta cristiana confluirono a Messina, il porto di raduno, a partire dal luglio 1571 e ai primi di settembre erano pronte per partire verso la Grecia al comando di Don Giovanni d\u2019Austria. Il 6 ottobre le navi si trovarono gi\u00e0 nel golfo di Corinto. Il giorno successivo, la domenica del 7 ottobre 1571 Don Giovanni fece schierare le navi cristiane davanti a quelle ottomane, pronto per la battaglia. Le forze schierate sul mare furono imponenti: la flotta della Lega era composta da 204 galee e 6 galeazze, con a bordo circa 36mila combattenti pi\u00f9 circa 30 mila rematori non schiavi, che potevano prendere parte negli scontri sui ponti delle galee.<\/span><\/p>\n\n\n<div class=\"wp-block-image\">\n<figure class=\"aligncenter is-resized\"><img loading=\"lazy\" decoding=\"async\" width=\"244\" height=\"206\" src=\"https:\/\/www.rassegnastampa-totustuus.it\/cattolica\/wp-content\/uploads\/2021\/10\/Lepanto_islam-1.jpg\" alt=\"\" class=\"wp-image-52655\" style=\"width:390px;height:auto\"\/><\/figure><\/div>\n\n\n<p><span style=\"color: #000000;\"> Invece la flotta turca era composta verosimilmente da pi\u00f9 di 170 galee e pi\u00f9 di 20 galeotte, cui si aggiungeva un imprecisato numero di fuste e brigantini corsari. Sulle navi turche si trovavano circa 25mila combattenti, tra cui i temibili giannizzeri. La flotta turca era comandata dall\u2019ammiraglio Mehmet Shoraq (1525-71), chiamato \u201cScirocco\u201d, dal comandante supremo Al\u00ec Pasci\u00e0, detto \u201cil Sultano\u201d (si trovava sulla nave ammiraglia \u201c<em>Sultana\u201d<\/em>, su cui sventolava il vessillo della flotta), e dall\u2019ammiraglio Uluc Al\u00ec (1519-87), un apostata di origini calabresi convertito all\u2019Islam. Invece le navi delle retrovie erano comandate da Murad Dragut, figlio di uno dei pi\u00f9 pericolosi pirati barbareschi. <\/span><\/p>\n\n\n\n<h4 class=\"wp-block-heading has-text-align-center\"><span style=\"color: #000000;\"><strong>L\u2019epica battaglia navale nel Golfo di Corinto<\/strong><\/span><\/h4>\n\n\n\n<p><span style=\"color: #000000;\">Don Giovanni decise di cominciare lo scontro con l\u2019intervento di sei imponenti galeazze veneziane, che avevano una grande forza di fuoco: il cannoneggiamento veneziano caus\u00f2 gravi danni alla flotta ottomana. In quella situazione Al\u00ec Pasci\u00e0 decise di non abbordare le navi veneziane, ma, superandole, cerc\u00f2 uno scontro frontale, mirando all\u2019abbordaggio della nave di Don Giovanni per ucciderlo. <\/span><\/p>\n\n\n\n<p><span style=\"color: #000000;\">All\u2019inizio i Turchi avevano il vento a favore e potevano eseguire un assalto alle navi cristiane, ma verso mezzogiorno il vento cambi\u00f2 direzione e le vele turche si afflosciarono. Quando le navi si trovarono a tiro di cannone, i cristiani ammainarono tutte le loro bandiere e Giovanni d\u2019Austria innalz\u00f2 sulla sua nave lo stendardo con l\u2019immagine del Redentore crocifisso, che pass\u00f2 alla storia come \u201cstendardo di Lepanto\u201d. <\/span><\/p>\n\n\n<div class=\"wp-block-image\">\n<figure class=\"aligncenter is-resized\"><img loading=\"lazy\" decoding=\"async\" width=\"260\" height=\"194\" src=\"https:\/\/www.rassegnastampa-totustuus.it\/cattolica\/wp-content\/uploads\/2021\/10\/Lepanto_islam-2.jpg\" alt=\"\" class=\"wp-image-52657\" style=\"width:446px;height:auto\"\/><\/figure><\/div>\n\n\n<p><span style=\"color: #000000;\">Su ogni galea venne levata una croce e i combattenti ricevettero l\u2019assoluzione secondo l\u2019indulgenza concessa da Pio V. Le sorti della battaglia furono incerte fino a quando il comandante ottomano, Al\u00ec Pasci\u00e0, cadde combattendo. La sua nave ammiraglia fu abbordata dalle galee toscane <em>Capitana<\/em> e <em>Grifona<\/em>, il suo cadavere fu decapitato e la sua testa esposta sull\u2019albero maestro dell\u2019ammiraglia spagnola. <\/span><\/p>\n\n\n\n<p><span style=\"color: #000000;\">La morte dell\u2019ammiraglio ottomano min\u00f2 il morale dei Turchi: verso le quattro del pomeriggio le navi ottomane abbandonavano il campo e il loro ritiro segnava la vittoria della Lega cristiana. I Turchi persero 80 galee affondate e 117 catturate; inoltre le perdite umane furono imponenti: 30mila uomini tra morti e feriti, pi\u00f9 8000 catturati. La Lega cristiana, invece, perse 17 navi e 7656 uomini morti (7784 furono feriti). Inoltre,furono liberati 15 mila cristiani, schiavi-rematori. I cristiani liberati dalle navi ottomane si recarono a Porto Recanati e andarono in processione alla Santa Casa di Loreto, dove offrirono le loro catene alla Madonna (da quelle catene furono fatte le cancellate delle cappelle del santuario). <\/span><\/p>\n\n\n\n<h4 class=\"wp-block-heading has-text-align-center\"><span style=\"color: #000000;\"><strong>Pio V attribuisce la vittoria alla Madonna<\/strong> <\/span><\/h4>\n\n\n<div class=\"wp-block-image\">\n<figure class=\"aligncenter is-resized\"><img loading=\"lazy\" decoding=\"async\" width=\"194\" height=\"259\" src=\"https:\/\/www.rassegnastampa-totustuus.it\/cattolica\/wp-content\/uploads\/2005\/09\/Regina_Rosario_Lepanto.jpg\" alt=\"\" class=\"wp-image-44610\" style=\"width:248px;height:auto\"\/><\/figure><\/div>\n\n\n<p><span style=\"color: #000000;\">La battaglia di Lepanto ebbe un profondo significato religioso. Lo stesso Pontefice, Pio V, fu artefice della creazione dell\u2019alleanza cattolica, la Lega Santa, e benedisse gli stendardi delle navi dell\u2019ammiraglio Marcantonio Colonna e del principe Don Giovanni d\u2019Austria. Prima della battaglia i combattenti cristiani si unirono in una preghiera di intercessione a Ges\u00f9 e alla Vergine Maria. L\u2019annuncio ufficiale della vittoria, portato da messaggeri del principe Colonna, giunse a Roma 23 giorni dopo, ma il Papa, lo stesso giorno della battaglia, a mezzogiorno&nbsp;ebbe in visione l\u2019annuncio della vittoria ed esclam\u00f2: \u00abSono le 12.00, suonate le campane, abbiamo vinto a Lepanto per intercessione della Vergine Santissima\u00bb. <\/span><\/p>\n\n\n\n<p><span style=\"color: #000000;\">Cos\u00ec \u00e8 nata la tradizione cattolica di far suonare le campane delle chiese alle 12.00. Siccome la vittoria fu attribuita all\u2019intercessione della Vergine Maria, san Pio V decise di dedicare il giorno 7 ottobre a Nostra Signora della Vittoria e aggiunse il titolo <em>Auxilium Christianorum<\/em> (Aiuto dei cristiani) alle Litanie Lauretane. Successivamente Gregorio XIII (1572-85) trasform\u00f2 tale festa nella memoria liturgica della Madonna del Rosario: i cristiani attribuivano la vittoria alla protezione di Maria, che avevano invocato recitando il Rosario prima della battaglia. <\/span><\/p>\n\n\n\n<h4 class=\"wp-block-heading has-text-align-center\"><span style=\"color: #000000;\"><strong>Gli stendardi della flotta cristiana di Lepanto<\/strong><\/span><\/h4>\n\n\n<div class=\"wp-block-image wp-image-52658\">\n<figure class=\"aligncenter is-resized\"><img loading=\"lazy\" decoding=\"async\" width=\"259\" height=\"194\" src=\"https:\/\/www.rassegnastampa-totustuus.it\/cattolica\/wp-content\/uploads\/2021\/10\/pisa_chiesa_Cavalieri_Lepanto.jpg\" alt=\"\" class=\"wp-image-52658\" style=\"width:435px;height:auto\"\/><figcaption class=\"wp-element-caption\">Pisa, chiesa dei Cavalieri<\/figcaption><\/figure><\/div>\n\n\n<p><span style=\"color: #000000;\">Pio V fece consegnare degli stendardi al generalissimo della Lega Santa, don Giovanni d\u2019Austria, e all\u2019ammiraglio della flotta pontificia, Marcantonio Colonna. Il primo, di damasco turchese, con gli stemmi dei partecipanti alla Lega Santa (Spagna, Chiesa, Venezia) e l\u2019immagine del Crocifisso. Questo vessillo della Lega Santa si trova a Toledo in Spagna, invece il vessillo che sventolava sulla nave dell\u2019ammiraglio Colonna, un altro simbolo della epica vittoria dell\u2019Europa cattolica, aveva al centro la figura del Crocifisso, ai lati le immagini di san Pietro e san Paolo e, sotto, una scritta: \u00abIN HOC SIGNO VINCES\u00bb. <\/span><\/p>\n\n\n<div class=\"wp-block-image wp-image-52659\">\n<figure class=\"aligncenter is-resized\"><img loading=\"lazy\" decoding=\"async\" width=\"262\" height=\"192\" src=\"https:\/\/www.rassegnastampa-totustuus.it\/cattolica\/wp-content\/uploads\/2021\/10\/Marcantonio_Colonna.jpg\" alt=\"\" class=\"wp-image-52659\" style=\"width:456px;height:auto\"\/><figcaption class=\"wp-element-caption\">Marcantonio Colonna<\/figcaption><\/figure><\/div>\n\n\n<p><span style=\"color: #000000;\">La pittura fu eseguita su seta, probabilmente da Girolamo Siciolante da Sermoneta, pittore che fu al servizio dei Colonna. Il vessillo fu donato alla cattedrale di Gaeta probabilmente dai reduci della battaglia, su richiesta o con il consenso di Marcantonio Colonna. Come attestano gli storici, l\u2019ammiraglio pontificio visit\u00f2 Gaeta prima e dopo la battaglia: il 23 giugno 1571, quando la flotta pontificia venne passata in rassegna prima della partenza per Napoli, e il 23 maggio 1572, circa sette mesi dopo Lepanto.<\/span><\/p>\n\n\n\n<p><span style=\"color: #000000;\">All\u2019inizio lo stendardo veniva trattato come una vera reliquia: le vecchie testimonianze parlano del vessillo, ripiegato e protetto da un vetro, conservato nel coro della cattedrale di Gaeta. Successivamente avvenne una trasformazione radicale del vessillo in una pala d\u2019altare del presbiterio della cattedrale, incollata su un supporto di lino grezzo. Il vessillo, trasformato in una tela d\u2019altare, rimase integro fino al bombardamento alleato di questa importante citt\u00e0 portuale, che ebbe luogo nella notte tra l\u20198 e il 9 settembre 1943 e lo danneggi\u00f2 gravemente. Dopo un accurato restauro venne trasferito ed esposto nel Museo Arcidiocesano di Gaeta. <\/span><\/p>\n\n\n\n<h4 class=\"wp-block-heading has-text-align-center\"><span style=\"color: #000000;\"><strong>I vessilli della galera dell\u2019ammiraglio Al\u00ec Pasci\u00e0, simbolo della disfatta ottomana<\/strong><\/span><\/h4>\n\n\n<div class=\"wp-block-image wp-image-52660\">\n<figure class=\"aligncenter is-resized\"><img loading=\"lazy\" decoding=\"async\" width=\"200\" height=\"252\" src=\"https:\/\/www.rassegnastampa-totustuus.it\/cattolica\/wp-content\/uploads\/2021\/10\/islam_turchia_Ali_Pasha_lepanto.jpg\" alt=\"\" class=\"wp-image-52660\" style=\"width:326px;height:auto\"\/><figcaption class=\"wp-element-caption\">Ali Pasha<\/figcaption><\/figure><\/div>\n\n\n<p><span style=\"color: #000000;\"> Cos\u00ec come il vessillo della nave ammiraglia di Marcantonio Colonna \u00e8 il simbolo della vittoria della flotta cristiana, lo stendardo della nave del comandante in capo ottomano Al\u00ec Pasci\u00e0 \u00e8 diventato simbolo della disfatta dei Turchi. Non tutti sanno che tale stendardo si trova a Pisa, nella chiesa di Santo Stefano dei Cavalieri. La sua storia \u00e8 legata all\u2019Ordine di Santo Stefano. Tale ordine fu creato da Cosimo I de\u2019 Medici (1519-74). Il 1 febbraio 1562 Pio IV (1559-66), con la bolla <em>His quae pro Religionis propagatione<\/em>,approv\u00f2 gli statuti e il 15 marzo consacr\u00f2 l\u2019Ordine con la regola benedettina e sotto la protezione di santo Stefano Papa e martire, conferendo a Cosimo I e ai suoi discendenti il titolo e l\u2019abito di Gran Maestro. <\/span><\/p>\n\n\n\n<p><span style=\"color: #000000;\">A Firenze furono redatti degli statuti simili a quelli dell\u2019Ordine di Malta, adottandone la croce ottagonale, ma invertendone i colori, cio\u00e8 la croce rossa sullo sfondo bianco. In questo modo Cosimo realizz\u00f2 il suo ambizioso progetto di creare un Ordine equestre, sacro, militare e marittimo fedelissimo alla dinastia dei Medici. I suoi cavalieri erano \u00abnobili, militari, cavalieri di giustizia, serventi e fratelli d\u2019armi\u00bb e per essere ammessi dovevano dimostrare quattro gradi di nobilt\u00e0 paterna e materna.<\/span><\/p>\n\n\n<div class=\"wp-block-image\">\n<figure class=\"aligncenter is-resized\"><img loading=\"lazy\" decoding=\"async\" width=\"265\" height=\"190\" src=\"https:\/\/www.rassegnastampa-totustuus.it\/cattolica\/wp-content\/uploads\/2021\/10\/cavalieri_santo_stefano.jpg\" alt=\"\" class=\"wp-image-52662\" style=\"width:489px;height:auto\"\/><\/figure><\/div>\n\n\n<p><span style=\"color: #000000;\"> In quei tempi il Mediterraneo non era sicuro a causa delle scorrerie ottomane: l\u2019ordine fu chiamato a combattere la pirateria islamica e a liberare i cristiani dalla schiavit\u00f9 ottomana. Fu creato un avamposto insulare fortificato all\u2019Isola d\u2019Elba per impedire assalti ottomani alle coste italiane. E proprio Portoferraio, sull\u2019Elba, fu la prima sede dell\u2019Ordine, che successivamente fu trasferita, in modo definitivo, a Pisa. La famosa piazza dei Cavalieri prende il proprio nome da quest\u2019ordine. <\/span><\/p>\n\n\n<div class=\"wp-block-image\">\n<figure class=\"aligncenter is-resized\"><img loading=\"lazy\" decoding=\"async\" width=\"274\" height=\"184\" src=\"https:\/\/www.rassegnastampa-totustuus.it\/cattolica\/wp-content\/uploads\/2021\/10\/Lepanto_vessillo_Ali_Pasha.jpg\" alt=\"\" class=\"wp-image-52663\" style=\"width:498px;height:auto\"\/><\/figure><\/div>\n\n\n<p><span style=\"color: #000000;\">I Cavalieri di Santo Stefano gi\u00e0 nel 1565 parteciparono a fianco della Spagna in difesa di Malta, ma sei anni pi\u00f9 tardi presero parte con dodici galee ad una battaglia ancora pi\u00f9 importante, la battaglia di Lepanto. Durante questo epico scontro la galera \u201csultana\u201d fu abbordata dalle galee toscane <em>Capitana<\/em> e <em>Grifona<\/em> e in quell\u2019ccasione i cavalieri si impossessarono dello stendardo generale della nave e delle altre bandiere. Oggi il vessillo e le bandiere ottomane che sono il simbolo di questa storica battaglia, che salv\u00f2 l\u2019Europa dall\u2019invasione dei Turchi: si possono vedere a Pisa, nella chiesa di Santo Stefano dei Cavalieri, come ho gi\u00e0 ricordato.<\/span><\/p>\n\n\n\n<p><span style=\"color: #000000;\">Gli stendardi della battaglia di Lepanto ci ricordano il prezzo pagato dai nostri antenati per difendere l\u2019identit\u00e0 cristiana del nostro continente, difesa che spesso ha richiesto l\u2019azione militare di un\u2019Europa unita.<\/span><\/p>\n\n\n\n<p><\/p>\n","protected":false},"excerpt":{"rendered":"<p>Alleanza Cattolica 6 Ottobre 2021 450 anni fa la storica vittoria della flotta cristiana sull\u2019Impero ottomano, che riun\u00ec l\u2019Europa a difesa della Cristianit\u00e0, come ci ricordano gli stendardi conservati a Toledo, a Gaeta e a Pisa di W\u0142odzimierz R\u0119dzioch<\/p><p><a class=\"more-link btn\" href=\"https:\/\/www.rassegnastampa-totustuus.it\/cattolica\/i-vessilli-della-battaglia-di-lepanto\/\">Continua a leggere<\/a><\/p>\n","protected":false},"author":6,"featured_media":52652,"comment_status":"closed","ping_status":"closed","sticky":false,"template":"","format":"standard","meta":{"footnotes":""},"categories":[5,14,24],"tags":[528,974],"class_list":["post-52650","post","type-post","status-publish","format-standard","has-post-thumbnail","hentry","category-chiesa","category-europa-e-ue","category-storia","tag-islam-storia","tag-lepanto","item-wrap"],"yoast_head":"<!-- This site is optimized with the Yoast SEO plugin v27.5 - https:\/\/yoast.com\/product\/yoast-seo-wordpress\/ -->\n<title>I vessilli della battaglia di Lepanto - Rassegna Stampa Cattolica<\/title>\n<meta name=\"description\" content=\"I vessilli della battaglia di Lepanto. 450 anni fa la storica vittoria della flotta cristiana sull\u2019Impero ottomano\" \/>\n<meta name=\"robots\" content=\"index, follow, max-snippet:-1, max-image-preview:large, max-video-preview:-1\" \/>\n<link rel=\"canonical\" href=\"https:\/\/www.rassegnastampa-totustuus.it\/cattolica\/i-vessilli-della-battaglia-di-lepanto\/\" \/>\n<meta property=\"og:locale\" content=\"it_IT\" \/>\n<meta property=\"og:type\" content=\"article\" \/>\n<meta property=\"og:title\" content=\"I vessilli della battaglia di Lepanto - Rassegna Stampa Cattolica\" \/>\n<meta property=\"og:description\" content=\"I vessilli della battaglia di Lepanto. 450 anni fa la storica vittoria della flotta cristiana sull\u2019Impero ottomano\" \/>\n<meta property=\"og:url\" content=\"https:\/\/www.rassegnastampa-totustuus.it\/cattolica\/i-vessilli-della-battaglia-di-lepanto\/\" \/>\n<meta property=\"og:site_name\" content=\"Rassegna Stampa Cattolica\" \/>\n<meta property=\"article:publisher\" content=\"https:\/\/www.facebook.com\/rassegnastampacattolica\" \/>\n<meta property=\"article:published_time\" content=\"2021-10-06T22:00:19+00:00\" \/>\n<meta property=\"article:modified_time\" content=\"2025-07-16T14:55:33+00:00\" \/>\n<meta property=\"og:image\" content=\"https:\/\/www.rassegnastampa-totustuus.it\/cattolica\/wp-content\/uploads\/2021\/10\/Lepanto_islam.jpg\" \/>\n\t<meta property=\"og:image:width\" content=\"2560\" \/>\n\t<meta property=\"og:image:height\" content=\"1357\" \/>\n\t<meta property=\"og:image:type\" content=\"image\/jpeg\" \/>\n<meta name=\"author\" content=\"Redazione\" \/>\n<meta name=\"twitter:card\" content=\"summary_large_image\" \/>\n<meta name=\"twitter:creator\" content=\"@rassegnastampa9\" \/>\n<meta name=\"twitter:site\" content=\"@rassegnastampa9\" \/>\n<meta name=\"twitter:label1\" content=\"Scritto da\" \/>\n\t<meta name=\"twitter:data1\" content=\"Redazione\" \/>\n\t<meta name=\"twitter:label2\" content=\"Tempo di lettura stimato\" \/>\n\t<meta name=\"twitter:data2\" content=\"15 minuti\" \/>\n<script type=\"application\/ld+json\" class=\"yoast-schema-graph\">{\"@context\":\"https:\\\/\\\/schema.org\",\"@graph\":[{\"@type\":\"Article\",\"@id\":\"https:\\\/\\\/www.rassegnastampa-totustuus.it\\\/cattolica\\\/i-vessilli-della-battaglia-di-lepanto\\\/#article\",\"isPartOf\":{\"@id\":\"https:\\\/\\\/www.rassegnastampa-totustuus.it\\\/cattolica\\\/i-vessilli-della-battaglia-di-lepanto\\\/\"},\"author\":{\"name\":\"Redazione\",\"@id\":\"https:\\\/\\\/www.rassegnastampa-totustuus.it\\\/cattolica\\\/#\\\/schema\\\/person\\\/08f319d2bd1a0904ad9e2bfb7b15e5c3\"},\"headline\":\"I vessilli della battaglia di Lepanto\",\"datePublished\":\"2021-10-06T22:00:19+00:00\",\"dateModified\":\"2025-07-16T14:55:33+00:00\",\"mainEntityOfPage\":{\"@id\":\"https:\\\/\\\/www.rassegnastampa-totustuus.it\\\/cattolica\\\/i-vessilli-della-battaglia-di-lepanto\\\/\"},\"wordCount\":2252,\"publisher\":{\"@id\":\"https:\\\/\\\/www.rassegnastampa-totustuus.it\\\/cattolica\\\/#organization\"},\"image\":{\"@id\":\"https:\\\/\\\/www.rassegnastampa-totustuus.it\\\/cattolica\\\/i-vessilli-della-battaglia-di-lepanto\\\/#primaryimage\"},\"thumbnailUrl\":\"https:\\\/\\\/www.rassegnastampa-totustuus.it\\\/cattolica\\\/wp-content\\\/uploads\\\/2021\\\/10\\\/Lepanto_islam.jpg\",\"keywords\":[\"Islam storia\",\"Lepanto\"],\"articleSection\":[\"Chiesa\",\"Europa e UE\",\"Storia\"],\"inLanguage\":\"it-IT\"},{\"@type\":\"WebPage\",\"@id\":\"https:\\\/\\\/www.rassegnastampa-totustuus.it\\\/cattolica\\\/i-vessilli-della-battaglia-di-lepanto\\\/\",\"url\":\"https:\\\/\\\/www.rassegnastampa-totustuus.it\\\/cattolica\\\/i-vessilli-della-battaglia-di-lepanto\\\/\",\"name\":\"I vessilli della battaglia di Lepanto - Rassegna Stampa Cattolica\",\"isPartOf\":{\"@id\":\"https:\\\/\\\/www.rassegnastampa-totustuus.it\\\/cattolica\\\/#website\"},\"primaryImageOfPage\":{\"@id\":\"https:\\\/\\\/www.rassegnastampa-totustuus.it\\\/cattolica\\\/i-vessilli-della-battaglia-di-lepanto\\\/#primaryimage\"},\"image\":{\"@id\":\"https:\\\/\\\/www.rassegnastampa-totustuus.it\\\/cattolica\\\/i-vessilli-della-battaglia-di-lepanto\\\/#primaryimage\"},\"thumbnailUrl\":\"https:\\\/\\\/www.rassegnastampa-totustuus.it\\\/cattolica\\\/wp-content\\\/uploads\\\/2021\\\/10\\\/Lepanto_islam.jpg\",\"datePublished\":\"2021-10-06T22:00:19+00:00\",\"dateModified\":\"2025-07-16T14:55:33+00:00\",\"description\":\"I vessilli della battaglia di Lepanto. 450 anni fa la storica vittoria della flotta cristiana sull\u2019Impero ottomano\",\"breadcrumb\":{\"@id\":\"https:\\\/\\\/www.rassegnastampa-totustuus.it\\\/cattolica\\\/i-vessilli-della-battaglia-di-lepanto\\\/#breadcrumb\"},\"inLanguage\":\"it-IT\",\"potentialAction\":[{\"@type\":\"ReadAction\",\"target\":[\"https:\\\/\\\/www.rassegnastampa-totustuus.it\\\/cattolica\\\/i-vessilli-della-battaglia-di-lepanto\\\/\"]}]},{\"@type\":\"ImageObject\",\"inLanguage\":\"it-IT\",\"@id\":\"https:\\\/\\\/www.rassegnastampa-totustuus.it\\\/cattolica\\\/i-vessilli-della-battaglia-di-lepanto\\\/#primaryimage\",\"url\":\"https:\\\/\\\/www.rassegnastampa-totustuus.it\\\/cattolica\\\/wp-content\\\/uploads\\\/2021\\\/10\\\/Lepanto_islam.jpg\",\"contentUrl\":\"https:\\\/\\\/www.rassegnastampa-totustuus.it\\\/cattolica\\\/wp-content\\\/uploads\\\/2021\\\/10\\\/Lepanto_islam.jpg\",\"width\":2560,\"height\":1357},{\"@type\":\"BreadcrumbList\",\"@id\":\"https:\\\/\\\/www.rassegnastampa-totustuus.it\\\/cattolica\\\/i-vessilli-della-battaglia-di-lepanto\\\/#breadcrumb\",\"itemListElement\":[{\"@type\":\"ListItem\",\"position\":1,\"name\":\"Home\",\"item\":\"https:\\\/\\\/www.rassegnastampa-totustuus.it\\\/cattolica\\\/\"},{\"@type\":\"ListItem\",\"position\":2,\"name\":\"I vessilli della battaglia di Lepanto\"}]},{\"@type\":\"WebSite\",\"@id\":\"https:\\\/\\\/www.rassegnastampa-totustuus.it\\\/cattolica\\\/#website\",\"url\":\"https:\\\/\\\/www.rassegnastampa-totustuus.it\\\/cattolica\\\/\",\"name\":\"Rassegna Stampa Cattolica\",\"description\":\"Per una cultura che nasce dalla Rivelazione cristiana in conformit\u00e0 alla tradizione e al Magistero della Chiesa in opposizione ad ogni relativismo e totalitarismo\",\"publisher\":{\"@id\":\"https:\\\/\\\/www.rassegnastampa-totustuus.it\\\/cattolica\\\/#organization\"},\"alternateName\":\"Rass. Cattolica\",\"potentialAction\":[{\"@type\":\"SearchAction\",\"target\":{\"@type\":\"EntryPoint\",\"urlTemplate\":\"https:\\\/\\\/www.rassegnastampa-totustuus.it\\\/cattolica\\\/?s={search_term_string}\"},\"query-input\":{\"@type\":\"PropertyValueSpecification\",\"valueRequired\":true,\"valueName\":\"search_term_string\"}}],\"inLanguage\":\"it-IT\"},{\"@type\":\"Organization\",\"@id\":\"https:\\\/\\\/www.rassegnastampa-totustuus.it\\\/cattolica\\\/#organization\",\"name\":\"Rassegna Stampa Cattolica\",\"url\":\"https:\\\/\\\/www.rassegnastampa-totustuus.it\\\/cattolica\\\/\",\"logo\":{\"@type\":\"ImageObject\",\"inLanguage\":\"it-IT\",\"@id\":\"https:\\\/\\\/www.rassegnastampa-totustuus.it\\\/cattolica\\\/#\\\/schema\\\/logo\\\/image\\\/\",\"url\":\"https:\\\/\\\/www.rassegnastampa-totustuus.it\\\/cattolica\\\/wp-content\\\/uploads\\\/2014\\\/04\\\/logo-rassegna1.gif\",\"contentUrl\":\"https:\\\/\\\/www.rassegnastampa-totustuus.it\\\/cattolica\\\/wp-content\\\/uploads\\\/2014\\\/04\\\/logo-rassegna1.gif\",\"width\":600,\"height\":163,\"caption\":\"Rassegna Stampa Cattolica\"},\"image\":{\"@id\":\"https:\\\/\\\/www.rassegnastampa-totustuus.it\\\/cattolica\\\/#\\\/schema\\\/logo\\\/image\\\/\"},\"sameAs\":[\"https:\\\/\\\/www.facebook.com\\\/rassegnastampacattolica\",\"https:\\\/\\\/x.com\\\/rassegnastampa9\"]},{\"@type\":\"Person\",\"@id\":\"https:\\\/\\\/www.rassegnastampa-totustuus.it\\\/cattolica\\\/#\\\/schema\\\/person\\\/08f319d2bd1a0904ad9e2bfb7b15e5c3\",\"name\":\"Redazione\",\"image\":{\"@type\":\"ImageObject\",\"inLanguage\":\"it-IT\",\"@id\":\"https:\\\/\\\/secure.gravatar.com\\\/avatar\\\/2fcdf27c78ea025fbdb44e914cc63c72249ffec9dc8aafd5c82b26240ef3f346?s=96&d=mm&r=g\",\"url\":\"https:\\\/\\\/secure.gravatar.com\\\/avatar\\\/2fcdf27c78ea025fbdb44e914cc63c72249ffec9dc8aafd5c82b26240ef3f346?s=96&d=mm&r=g\",\"contentUrl\":\"https:\\\/\\\/secure.gravatar.com\\\/avatar\\\/2fcdf27c78ea025fbdb44e914cc63c72249ffec9dc8aafd5c82b26240ef3f346?s=96&d=mm&r=g\",\"caption\":\"Redazione\"},\"url\":\"https:\\\/\\\/www.rassegnastampa-totustuus.it\\\/cattolica\\\/author\\\/pietroelle\\\/\"}]}<\/script>\n<!-- \/ Yoast SEO plugin. -->","yoast_head_json":{"title":"I vessilli della battaglia di Lepanto - Rassegna Stampa Cattolica","description":"I vessilli della battaglia di Lepanto. 450 anni fa la storica vittoria della flotta cristiana sull\u2019Impero ottomano","robots":{"index":"index","follow":"follow","max-snippet":"max-snippet:-1","max-image-preview":"max-image-preview:large","max-video-preview":"max-video-preview:-1"},"canonical":"https:\/\/www.rassegnastampa-totustuus.it\/cattolica\/i-vessilli-della-battaglia-di-lepanto\/","og_locale":"it_IT","og_type":"article","og_title":"I vessilli della battaglia di Lepanto - Rassegna Stampa Cattolica","og_description":"I vessilli della battaglia di Lepanto. 450 anni fa la storica vittoria della flotta cristiana sull\u2019Impero ottomano","og_url":"https:\/\/www.rassegnastampa-totustuus.it\/cattolica\/i-vessilli-della-battaglia-di-lepanto\/","og_site_name":"Rassegna Stampa Cattolica","article_publisher":"https:\/\/www.facebook.com\/rassegnastampacattolica","article_published_time":"2021-10-06T22:00:19+00:00","article_modified_time":"2025-07-16T14:55:33+00:00","og_image":[{"width":2560,"height":1357,"url":"https:\/\/www.rassegnastampa-totustuus.it\/cattolica\/wp-content\/uploads\/2021\/10\/Lepanto_islam.jpg","type":"image\/jpeg"}],"author":"Redazione","twitter_card":"summary_large_image","twitter_creator":"@rassegnastampa9","twitter_site":"@rassegnastampa9","twitter_misc":{"Scritto da":"Redazione","Tempo di lettura stimato":"15 minuti"},"schema":{"@context":"https:\/\/schema.org","@graph":[{"@type":"Article","@id":"https:\/\/www.rassegnastampa-totustuus.it\/cattolica\/i-vessilli-della-battaglia-di-lepanto\/#article","isPartOf":{"@id":"https:\/\/www.rassegnastampa-totustuus.it\/cattolica\/i-vessilli-della-battaglia-di-lepanto\/"},"author":{"name":"Redazione","@id":"https:\/\/www.rassegnastampa-totustuus.it\/cattolica\/#\/schema\/person\/08f319d2bd1a0904ad9e2bfb7b15e5c3"},"headline":"I vessilli della battaglia di Lepanto","datePublished":"2021-10-06T22:00:19+00:00","dateModified":"2025-07-16T14:55:33+00:00","mainEntityOfPage":{"@id":"https:\/\/www.rassegnastampa-totustuus.it\/cattolica\/i-vessilli-della-battaglia-di-lepanto\/"},"wordCount":2252,"publisher":{"@id":"https:\/\/www.rassegnastampa-totustuus.it\/cattolica\/#organization"},"image":{"@id":"https:\/\/www.rassegnastampa-totustuus.it\/cattolica\/i-vessilli-della-battaglia-di-lepanto\/#primaryimage"},"thumbnailUrl":"https:\/\/www.rassegnastampa-totustuus.it\/cattolica\/wp-content\/uploads\/2021\/10\/Lepanto_islam.jpg","keywords":["Islam storia","Lepanto"],"articleSection":["Chiesa","Europa e UE","Storia"],"inLanguage":"it-IT"},{"@type":"WebPage","@id":"https:\/\/www.rassegnastampa-totustuus.it\/cattolica\/i-vessilli-della-battaglia-di-lepanto\/","url":"https:\/\/www.rassegnastampa-totustuus.it\/cattolica\/i-vessilli-della-battaglia-di-lepanto\/","name":"I vessilli della battaglia di Lepanto - Rassegna Stampa Cattolica","isPartOf":{"@id":"https:\/\/www.rassegnastampa-totustuus.it\/cattolica\/#website"},"primaryImageOfPage":{"@id":"https:\/\/www.rassegnastampa-totustuus.it\/cattolica\/i-vessilli-della-battaglia-di-lepanto\/#primaryimage"},"image":{"@id":"https:\/\/www.rassegnastampa-totustuus.it\/cattolica\/i-vessilli-della-battaglia-di-lepanto\/#primaryimage"},"thumbnailUrl":"https:\/\/www.rassegnastampa-totustuus.it\/cattolica\/wp-content\/uploads\/2021\/10\/Lepanto_islam.jpg","datePublished":"2021-10-06T22:00:19+00:00","dateModified":"2025-07-16T14:55:33+00:00","description":"I vessilli della battaglia di Lepanto. 450 anni fa la storica vittoria della flotta cristiana sull\u2019Impero ottomano","breadcrumb":{"@id":"https:\/\/www.rassegnastampa-totustuus.it\/cattolica\/i-vessilli-della-battaglia-di-lepanto\/#breadcrumb"},"inLanguage":"it-IT","potentialAction":[{"@type":"ReadAction","target":["https:\/\/www.rassegnastampa-totustuus.it\/cattolica\/i-vessilli-della-battaglia-di-lepanto\/"]}]},{"@type":"ImageObject","inLanguage":"it-IT","@id":"https:\/\/www.rassegnastampa-totustuus.it\/cattolica\/i-vessilli-della-battaglia-di-lepanto\/#primaryimage","url":"https:\/\/www.rassegnastampa-totustuus.it\/cattolica\/wp-content\/uploads\/2021\/10\/Lepanto_islam.jpg","contentUrl":"https:\/\/www.rassegnastampa-totustuus.it\/cattolica\/wp-content\/uploads\/2021\/10\/Lepanto_islam.jpg","width":2560,"height":1357},{"@type":"BreadcrumbList","@id":"https:\/\/www.rassegnastampa-totustuus.it\/cattolica\/i-vessilli-della-battaglia-di-lepanto\/#breadcrumb","itemListElement":[{"@type":"ListItem","position":1,"name":"Home","item":"https:\/\/www.rassegnastampa-totustuus.it\/cattolica\/"},{"@type":"ListItem","position":2,"name":"I vessilli della battaglia di Lepanto"}]},{"@type":"WebSite","@id":"https:\/\/www.rassegnastampa-totustuus.it\/cattolica\/#website","url":"https:\/\/www.rassegnastampa-totustuus.it\/cattolica\/","name":"Rassegna Stampa Cattolica","description":"Per una cultura che nasce dalla Rivelazione cristiana in conformit\u00e0 alla tradizione e al Magistero della Chiesa in opposizione ad ogni relativismo e totalitarismo","publisher":{"@id":"https:\/\/www.rassegnastampa-totustuus.it\/cattolica\/#organization"},"alternateName":"Rass. Cattolica","potentialAction":[{"@type":"SearchAction","target":{"@type":"EntryPoint","urlTemplate":"https:\/\/www.rassegnastampa-totustuus.it\/cattolica\/?s={search_term_string}"},"query-input":{"@type":"PropertyValueSpecification","valueRequired":true,"valueName":"search_term_string"}}],"inLanguage":"it-IT"},{"@type":"Organization","@id":"https:\/\/www.rassegnastampa-totustuus.it\/cattolica\/#organization","name":"Rassegna Stampa Cattolica","url":"https:\/\/www.rassegnastampa-totustuus.it\/cattolica\/","logo":{"@type":"ImageObject","inLanguage":"it-IT","@id":"https:\/\/www.rassegnastampa-totustuus.it\/cattolica\/#\/schema\/logo\/image\/","url":"https:\/\/www.rassegnastampa-totustuus.it\/cattolica\/wp-content\/uploads\/2014\/04\/logo-rassegna1.gif","contentUrl":"https:\/\/www.rassegnastampa-totustuus.it\/cattolica\/wp-content\/uploads\/2014\/04\/logo-rassegna1.gif","width":600,"height":163,"caption":"Rassegna Stampa Cattolica"},"image":{"@id":"https:\/\/www.rassegnastampa-totustuus.it\/cattolica\/#\/schema\/logo\/image\/"},"sameAs":["https:\/\/www.facebook.com\/rassegnastampacattolica","https:\/\/x.com\/rassegnastampa9"]},{"@type":"Person","@id":"https:\/\/www.rassegnastampa-totustuus.it\/cattolica\/#\/schema\/person\/08f319d2bd1a0904ad9e2bfb7b15e5c3","name":"Redazione","image":{"@type":"ImageObject","inLanguage":"it-IT","@id":"https:\/\/secure.gravatar.com\/avatar\/2fcdf27c78ea025fbdb44e914cc63c72249ffec9dc8aafd5c82b26240ef3f346?s=96&d=mm&r=g","url":"https:\/\/secure.gravatar.com\/avatar\/2fcdf27c78ea025fbdb44e914cc63c72249ffec9dc8aafd5c82b26240ef3f346?s=96&d=mm&r=g","contentUrl":"https:\/\/secure.gravatar.com\/avatar\/2fcdf27c78ea025fbdb44e914cc63c72249ffec9dc8aafd5c82b26240ef3f346?s=96&d=mm&r=g","caption":"Redazione"},"url":"https:\/\/www.rassegnastampa-totustuus.it\/cattolica\/author\/pietroelle\/"}]}},"_links":{"self":[{"href":"https:\/\/www.rassegnastampa-totustuus.it\/cattolica\/wp-json\/wp\/v2\/posts\/52650","targetHints":{"allow":["GET"]}}],"collection":[{"href":"https:\/\/www.rassegnastampa-totustuus.it\/cattolica\/wp-json\/wp\/v2\/posts"}],"about":[{"href":"https:\/\/www.rassegnastampa-totustuus.it\/cattolica\/wp-json\/wp\/v2\/types\/post"}],"author":[{"embeddable":true,"href":"https:\/\/www.rassegnastampa-totustuus.it\/cattolica\/wp-json\/wp\/v2\/users\/6"}],"replies":[{"embeddable":true,"href":"https:\/\/www.rassegnastampa-totustuus.it\/cattolica\/wp-json\/wp\/v2\/comments?post=52650"}],"version-history":[{"count":3,"href":"https:\/\/www.rassegnastampa-totustuus.it\/cattolica\/wp-json\/wp\/v2\/posts\/52650\/revisions"}],"predecessor-version":[{"id":63340,"href":"https:\/\/www.rassegnastampa-totustuus.it\/cattolica\/wp-json\/wp\/v2\/posts\/52650\/revisions\/63340"}],"wp:featuredmedia":[{"embeddable":true,"href":"https:\/\/www.rassegnastampa-totustuus.it\/cattolica\/wp-json\/wp\/v2\/media\/52652"}],"wp:attachment":[{"href":"https:\/\/www.rassegnastampa-totustuus.it\/cattolica\/wp-json\/wp\/v2\/media?parent=52650"}],"wp:term":[{"taxonomy":"category","embeddable":true,"href":"https:\/\/www.rassegnastampa-totustuus.it\/cattolica\/wp-json\/wp\/v2\/categories?post=52650"},{"taxonomy":"post_tag","embeddable":true,"href":"https:\/\/www.rassegnastampa-totustuus.it\/cattolica\/wp-json\/wp\/v2\/tags?post=52650"}],"curies":[{"name":"wp","href":"https:\/\/api.w.org\/{rel}","templated":true}]}}