{"id":52565,"date":"2021-09-30T00:00:11","date_gmt":"2021-09-29T22:00:11","guid":{"rendered":"http:\/\/www.rassegnastampa-totustuus.it\/cattolica\/?p=52565"},"modified":"2025-07-17T12:11:00","modified_gmt":"2025-07-17T10:11:00","slug":"lemigrante-padano-che-sconfisse-lurss","status":"publish","type":"post","link":"https:\/\/www.rassegnastampa-totustuus.it\/cattolica\/lemigrante-padano-che-sconfisse-lurss\/","title":{"rendered":"L\u2019emigrante padano che sconfisse l\u2019Urss"},"content":{"rendered":"\n<p class=\"has-text-align-center\"><span style=\"color: #000000;\"><strong><a href=\"https:\/\/www.liberoquotidiano.it\/\" target=\"_blank\" rel=\"noreferrer noopener\">Libero<\/a><\/strong> 23 Settembre 2021 <\/span><\/p>\n\n\n\n<p class=\"has-text-align-center\"><span style=\"color: #000000;\">di <strong>Marco Respinti<\/strong> <\/span><\/p>\n\n\n\n<p><span style=\"color: #000000;\">\u00c8 stato il piccolo uomo delle grandi pianure, anche se era tutt\u2019 altro che bassetto e le distese sterminate erano quelle nordamericane, non quelle sarmatiche. Angelo Codevilla ha sconfitto l\u2019Unione Sovietica sussurrando all\u2019orecchio di Ronald Reagan uno dei bluff pi\u00f9 clamorosi della storia, il famoso \u201cscudo spaziale\u201d, che per\u00f2 ha funzionato a pennello, portando Golia alla disfatta. <\/span><\/p>\n\n\n<div class=\"wp-block-image\">\n<figure class=\"aligncenter size-full is-resized\"><a href=\"https:\/\/www.rassegnastampa-totustuus.it\/cattolica\/wp-content\/uploads\/2021\/09\/Angelo_Codevilla.jpg\"><img loading=\"lazy\" decoding=\"async\" width=\"330\" height=\"420\" src=\"https:\/\/www.rassegnastampa-totustuus.it\/cattolica\/wp-content\/uploads\/2021\/09\/Angelo_Codevilla.jpg\" alt=\"\" class=\"wp-image-52566\" style=\"width:246px;height:auto\" srcset=\"https:\/\/www.rassegnastampa-totustuus.it\/cattolica\/wp-content\/uploads\/2021\/09\/Angelo_Codevilla.jpg 330w, https:\/\/www.rassegnastampa-totustuus.it\/cattolica\/wp-content\/uploads\/2021\/09\/Angelo_Codevilla-236x300.jpg 236w\" sizes=\"auto, (max-width: 330px) 100vw, 330px\" \/><\/a><\/figure><\/div>\n\n\n<!--more-->\n\n\n\n<p><span style=\"color: #000000;\">Il 21 settembre questo Davide se n\u2019\u00e8 andato, ma 78 anni fa era nato a Voghera. Emigr\u00f2 negli Stati Uniti nel 1955, ne divenne cittadino nel 1966, quattro anni dopo si \u00e8 sposato, \u00e8 diventato padre di cinque figli, nel profondo \u00e8 rimasto italianissimo ed \u00e8 stato uno dei filosofi della politica pi\u00f9 acuti che il mondo conservatore abbia avuto negli ultimi decenni, anche se alle nostre latitudini lo ricorda solo una manciata di persone. <\/span><\/p>\n\n\n<div class=\"wp-block-image\">\n<figure class=\"aligncenter is-resized\"><img loading=\"lazy\" decoding=\"async\" width=\"281\" height=\"179\" src=\"https:\/\/www.rassegnastampa-totustuus.it\/cattolica\/wp-content\/uploads\/2021\/09\/Urss_armi_missili.jpg\" alt=\"\" class=\"wp-image-52567\" style=\"width:363px;height:auto\"\/><\/figure><\/div>\n\n\n<p><span style=\"color: #000000;\">Fu davanti allo strapotere dei missili intercontinentali sovietici che Washington decise di impiegare cervelli fini come il suo per rimontare lo scarto. Codevilla era frai migliori, ma, bench\u00e9 lavorasse fra tecnici e barbe finte, restava pur sempre un uomo di libri e convegni. Sfrutt\u00f2 allora il proprio talento e, mescolando logica e immaginazione, il piccolo intellettuale venuto dalla pianura padana, a volte guardato storto dai praticoni, vinse la Guerra fredda. <\/span><\/p>\n\n\n\n<h4 class=\"wp-block-heading has-text-align-center\"><span style=\"color: #000000;\"><strong>LA SVOLTA<\/strong><\/span><\/h4>\n\n\n<div class=\"wp-block-image\">\n<figure class=\"aligncenter\"><img loading=\"lazy\" decoding=\"async\" width=\"203\" height=\"249\" src=\"https:\/\/www.rassegnastampa-totustuus.it\/cattolica\/wp-content\/uploads\/2021\/09\/Usa_Jimmy_Carter_america.jpg\" alt=\"\" class=\"wp-image-52568\"\/><\/figure><\/div>\n\n\n<p><span style=\"color: #000000;\">Attorno al 1978 riusc\u00ec a far dialogare Pentagono, servizi segreti e Congresso, mondi contigui s\u00ec, ma sin troppo capaci di ritirarsi disastrosamente a riccio, e collegare i programmi di ricerca alla costruzione dei prototipi bellici ai finanziamenti necessari a entrambi all\u2019indispensabile volont\u00e0 politica. Al momento buono fece trapelare qualcosa alla stampa: e la scintilla della curiosit\u00e0 accese l\u2019incendio dell\u2019interesse a Washington, la vampa della paura a Mosca. <\/span><\/p>\n\n\n<div class=\"wp-block-image\">\n<figure class=\"aligncenter\"><img loading=\"lazy\" decoding=\"async\" width=\"201\" height=\"251\" src=\"https:\/\/www.rassegnastampa-totustuus.it\/cattolica\/wp-content\/uploads\/2011\/02\/Ronald_Reagan.jpg\" alt=\"\" class=\"wp-image-22011\"\/><\/figure><\/div>\n\n\n<p><span style=\"color: #000000;\">Fino a quando alla Casa Bianca sedette Jimmy Carter gli Stati Uniti restarono ripiegati su se stessi, al limite della depressione. Nel 1980 arriv\u00f2 per\u00f2 Reagan, e il Paese svolt\u00f2. Da un lato Reagan fu portato ai vertici da quella cultura conservatrice di cui anche Codevilla era esponente, dall\u2019altro fu lo stesso Reagan ad associare quel mondo al governo. <\/span><\/p>\n\n\n\n<p><span style=\"color: #000000;\">Quanto alla politica estera, Reagan trasform\u00f2 in concretezza lo spirito del libro pubblicato nel 1962 del suo mentore Barry Goldwater: Why Not Victory?, perch\u00e9 non pensare a vincerlo il confronto con l\u2019URSS? Codevilla, uomo giusto nel momento e al posto giusti, trov\u00f2 finalmente chi lo avrebbe ascoltato sino in fondo. Per i media furono le \u00abGuerre stellari\u00bb, ma il programma di difesa missilistica ideato dallo studioso padano si chiamava Strategic Defense Initiative (SDI) e non era affatto un\u2019arma. Mosca per\u00f2 non lo sapeva. <\/span><span style=\"color: #000000;\">Fu sufficiente farglielo credere. <\/span><\/p>\n\n\n<div class=\"wp-block-image\">\n<figure class=\"aligncenter\"><img loading=\"lazy\" decoding=\"async\" width=\"220\" height=\"219\" src=\"https:\/\/www.rassegnastampa-totustuus.it\/cattolica\/wp-content\/uploads\/2021\/09\/Usa_scudo_spaziale.jpg\" alt=\"\" class=\"wp-image-52569\" srcset=\"https:\/\/www.rassegnastampa-totustuus.it\/cattolica\/wp-content\/uploads\/2021\/09\/Usa_scudo_spaziale.jpg 220w, https:\/\/www.rassegnastampa-totustuus.it\/cattolica\/wp-content\/uploads\/2021\/09\/Usa_scudo_spaziale-150x150.jpg 150w\" sizes=\"auto, (max-width: 220px) 100vw, 220px\" \/><\/figure><\/div>\n\n\n<p><span style=\"color: #000000;\">Nel 1983 Reagan annunci\u00f2 una rete radar futuribile in grado di intercettare e annullare le minacce sovietiche. Trapelarono pezze di appoggio credibili, si mostrarono \u201cprogetti\u201d, si soffi\u00f2 sul fuoco e il Cremlino ci casc\u00f2. Volle competere, acceler\u00f2 la rincorsa, svuot\u00f2 tasche e cervelli, ma croll\u00f2 sotto il peso dell\u2019utopia, perch\u00e9 lo SDI era solo uno spaventapasseri. <\/span><\/p>\n\n\n\n<p><span style=\"color: #000000;\">Come Codevilla mi disse quando lo intervistai per Libero nel dicembre 2009, \u00aballa fine gli USA hanno avuto lo stesso equipaggiamento di difesa missilistica che avevano prima del varo dell\u2019SDI: zero\u00bb. <\/span><\/p>\n\n\n\n<p><span style=\"color: #000000;\">Uscito da atenei prestigiosi come la Rutgers University di New Brunswick, la Notre Dame University di South Bend e il Claremont Graduate School, dove studi\u00f2 con Leo Strauss, per Codevilla, sorretto da una incrollabile fede cattolica, lo scontro fra Occidente e comunismo era essenzialmente di natura morale. Lo aveva imparato dai maestri conservatori come Russell Kirk, dalle ex spie rosse Whittaker Chambers e Frank Meyer, e a scuola con il voegeliniano Gerhart Niemeyer. <\/span><\/p>\n\n\n<div class=\"wp-block-image\">\n<figure class=\"aligncenter is-resized\"><img loading=\"lazy\" decoding=\"async\" width=\"298\" height=\"169\" src=\"https:\/\/www.rassegnastampa-totustuus.it\/cattolica\/wp-content\/uploads\/2021\/09\/Angelo_Codevilla-1.jpg\" alt=\"\" class=\"wp-image-52570\" style=\"width:360px;height:auto\"\/><\/figure><\/div>\n\n\n<p><span style=\"color: #000000;\">Autore di decine fra libri e saggi, nel 2009 predisse la leadership di un conservatore populista in grado di unire le riottose Destre americane e il Paese. Parlava inglese e dialetto \u00abl\u00f9mb\u00e0ard\u00bb (come calcava), visto che il suo italiano era ormai gravato da forte accento. Marted\u00ec se l\u2019\u00e8 portato via un incidente automobilistico. Tornava nella sua Plymouth, dove il bel Sole della California gli ha permesso per decenni di produrre turriga, sauvignon blanc, moscato fior d\u2019arancio e zinfandel, i vini \u00abCodevilla\u00bb marchiati con lo scudo della cittadina pavese. <\/span><\/p>\n\n\n\n<p><span style=\"color: #000000;\">Non ci saranno vie a suo nome, nessuno far\u00e0 film sulla sua avventura, ma la cosa che pi\u00f9 gli dava piacere, quando lo incontravo, era tornare con la memoria per un attimo nella sua Italia.<\/span><\/p>\n\n\n\n<p><\/p>\n","protected":false},"excerpt":{"rendered":"<p>Libero 23 Settembre 2021 di Marco Respinti \u00c8 stato il piccolo uomo delle grandi pianure, anche se era tutt\u2019 altro che bassetto e le distese sterminate erano quelle nordamericane, non quelle sarmatiche. Angelo Codevilla ha sconfitto l\u2019Unione Sovietica sussurrando all\u2019orecchio di Ronald Reagan uno dei bluff pi\u00f9 clamorosi della storia, il famoso \u201cscudo spaziale\u201d, che &hellip; <\/p>\n<p><a class=\"more-link btn\" href=\"https:\/\/www.rassegnastampa-totustuus.it\/cattolica\/lemigrante-padano-che-sconfisse-lurss\/\">Continua a leggere<\/a><\/p>\n","protected":false},"author":6,"featured_media":52571,"comment_status":"closed","ping_status":"closed","sticky":false,"template":"","format":"standard","meta":{"footnotes":""},"categories":[18,76,84],"tags":[2882,2884,2883,175,150],"class_list":["post-52565","post","type-post","status-publish","format-standard","has-post-thumbnail","hentry","category-personaggi","category-stati-uniti","category-urss","tag-angelo-codevilla","tag-guerra-fredda","tag-scudo-spaziale","tag-urss-2","tag-usa","item-wrap"],"yoast_head":"<!-- This site is optimized with the Yoast SEO plugin v27.5 - https:\/\/yoast.com\/product\/yoast-seo-wordpress\/ -->\n<title>L\u2019emigrante padano che sconfisse l\u2019Urss - Rassegna Stampa Cattolica<\/title>\n<meta name=\"description\" content=\"L\u2019emigrante padano che sconfisse l\u2019Urss. Angelo Codevilla ha sussurrando all\u2019orecchio di Ronald Reagan ili bluff pi\u00f9 clamoroso della storia\" \/>\n<meta name=\"robots\" content=\"index, follow, max-snippet:-1, max-image-preview:large, max-video-preview:-1\" \/>\n<link rel=\"canonical\" href=\"https:\/\/www.rassegnastampa-totustuus.it\/cattolica\/lemigrante-padano-che-sconfisse-lurss\/\" \/>\n<meta property=\"og:locale\" content=\"it_IT\" \/>\n<meta property=\"og:type\" content=\"article\" \/>\n<meta property=\"og:title\" content=\"L\u2019emigrante padano che sconfisse l\u2019Urss - Rassegna Stampa Cattolica\" \/>\n<meta property=\"og:description\" content=\"L\u2019emigrante padano che sconfisse l\u2019Urss. Angelo Codevilla ha sussurrando all\u2019orecchio di Ronald Reagan ili bluff pi\u00f9 clamoroso della storia\" \/>\n<meta property=\"og:url\" content=\"https:\/\/www.rassegnastampa-totustuus.it\/cattolica\/lemigrante-padano-che-sconfisse-lurss\/\" \/>\n<meta property=\"og:site_name\" content=\"Rassegna Stampa Cattolica\" \/>\n<meta property=\"article:publisher\" content=\"https:\/\/www.facebook.com\/rassegnastampacattolica\" \/>\n<meta property=\"article:published_time\" content=\"2021-09-29T22:00:11+00:00\" \/>\n<meta property=\"article:modified_time\" content=\"2025-07-17T10:11:00+00:00\" \/>\n<meta property=\"og:image\" content=\"https:\/\/www.rassegnastampa-totustuus.it\/cattolica\/wp-content\/uploads\/2021\/09\/Urss_armi_missili-1.jpg\" \/>\n\t<meta property=\"og:image:width\" content=\"1280\" \/>\n\t<meta property=\"og:image:height\" content=\"720\" \/>\n\t<meta property=\"og:image:type\" content=\"image\/jpeg\" \/>\n<meta name=\"author\" content=\"Redazione\" \/>\n<meta name=\"twitter:card\" content=\"summary_large_image\" \/>\n<meta name=\"twitter:creator\" content=\"@rassegnastampa9\" \/>\n<meta name=\"twitter:site\" content=\"@rassegnastampa9\" \/>\n<meta name=\"twitter:label1\" content=\"Scritto da\" \/>\n\t<meta name=\"twitter:data1\" content=\"Redazione\" \/>\n\t<meta name=\"twitter:label2\" content=\"Tempo di lettura stimato\" \/>\n\t<meta name=\"twitter:data2\" content=\"6 minuti\" \/>\n<script type=\"application\/ld+json\" class=\"yoast-schema-graph\">{\"@context\":\"https:\\\/\\\/schema.org\",\"@graph\":[{\"@type\":\"Article\",\"@id\":\"https:\\\/\\\/www.rassegnastampa-totustuus.it\\\/cattolica\\\/lemigrante-padano-che-sconfisse-lurss\\\/#article\",\"isPartOf\":{\"@id\":\"https:\\\/\\\/www.rassegnastampa-totustuus.it\\\/cattolica\\\/lemigrante-padano-che-sconfisse-lurss\\\/\"},\"author\":{\"name\":\"Redazione\",\"@id\":\"https:\\\/\\\/www.rassegnastampa-totustuus.it\\\/cattolica\\\/#\\\/schema\\\/person\\\/08f319d2bd1a0904ad9e2bfb7b15e5c3\"},\"headline\":\"L\u2019emigrante padano che sconfisse l\u2019Urss\",\"datePublished\":\"2021-09-29T22:00:11+00:00\",\"dateModified\":\"2025-07-17T10:11:00+00:00\",\"mainEntityOfPage\":{\"@id\":\"https:\\\/\\\/www.rassegnastampa-totustuus.it\\\/cattolica\\\/lemigrante-padano-che-sconfisse-lurss\\\/\"},\"wordCount\":710,\"publisher\":{\"@id\":\"https:\\\/\\\/www.rassegnastampa-totustuus.it\\\/cattolica\\\/#organization\"},\"image\":{\"@id\":\"https:\\\/\\\/www.rassegnastampa-totustuus.it\\\/cattolica\\\/lemigrante-padano-che-sconfisse-lurss\\\/#primaryimage\"},\"thumbnailUrl\":\"https:\\\/\\\/www.rassegnastampa-totustuus.it\\\/cattolica\\\/wp-content\\\/uploads\\\/2021\\\/09\\\/Urss_armi_missili-1.jpg\",\"keywords\":[\"Angelo Codevilla\",\"guerra fredda\",\"scudo spaziale\",\"Urss\",\"Usa\"],\"articleSection\":[\"Personaggi\",\"Stati Uniti\",\"URSS\"],\"inLanguage\":\"it-IT\"},{\"@type\":\"WebPage\",\"@id\":\"https:\\\/\\\/www.rassegnastampa-totustuus.it\\\/cattolica\\\/lemigrante-padano-che-sconfisse-lurss\\\/\",\"url\":\"https:\\\/\\\/www.rassegnastampa-totustuus.it\\\/cattolica\\\/lemigrante-padano-che-sconfisse-lurss\\\/\",\"name\":\"L\u2019emigrante padano che sconfisse l\u2019Urss - Rassegna Stampa Cattolica\",\"isPartOf\":{\"@id\":\"https:\\\/\\\/www.rassegnastampa-totustuus.it\\\/cattolica\\\/#website\"},\"primaryImageOfPage\":{\"@id\":\"https:\\\/\\\/www.rassegnastampa-totustuus.it\\\/cattolica\\\/lemigrante-padano-che-sconfisse-lurss\\\/#primaryimage\"},\"image\":{\"@id\":\"https:\\\/\\\/www.rassegnastampa-totustuus.it\\\/cattolica\\\/lemigrante-padano-che-sconfisse-lurss\\\/#primaryimage\"},\"thumbnailUrl\":\"https:\\\/\\\/www.rassegnastampa-totustuus.it\\\/cattolica\\\/wp-content\\\/uploads\\\/2021\\\/09\\\/Urss_armi_missili-1.jpg\",\"datePublished\":\"2021-09-29T22:00:11+00:00\",\"dateModified\":\"2025-07-17T10:11:00+00:00\",\"description\":\"L\u2019emigrante padano che sconfisse l\u2019Urss. Angelo Codevilla ha sussurrando all\u2019orecchio di Ronald Reagan ili bluff pi\u00f9 clamoroso della storia\",\"breadcrumb\":{\"@id\":\"https:\\\/\\\/www.rassegnastampa-totustuus.it\\\/cattolica\\\/lemigrante-padano-che-sconfisse-lurss\\\/#breadcrumb\"},\"inLanguage\":\"it-IT\",\"potentialAction\":[{\"@type\":\"ReadAction\",\"target\":[\"https:\\\/\\\/www.rassegnastampa-totustuus.it\\\/cattolica\\\/lemigrante-padano-che-sconfisse-lurss\\\/\"]}]},{\"@type\":\"ImageObject\",\"inLanguage\":\"it-IT\",\"@id\":\"https:\\\/\\\/www.rassegnastampa-totustuus.it\\\/cattolica\\\/lemigrante-padano-che-sconfisse-lurss\\\/#primaryimage\",\"url\":\"https:\\\/\\\/www.rassegnastampa-totustuus.it\\\/cattolica\\\/wp-content\\\/uploads\\\/2021\\\/09\\\/Urss_armi_missili-1.jpg\",\"contentUrl\":\"https:\\\/\\\/www.rassegnastampa-totustuus.it\\\/cattolica\\\/wp-content\\\/uploads\\\/2021\\\/09\\\/Urss_armi_missili-1.jpg\",\"width\":1280,\"height\":720},{\"@type\":\"BreadcrumbList\",\"@id\":\"https:\\\/\\\/www.rassegnastampa-totustuus.it\\\/cattolica\\\/lemigrante-padano-che-sconfisse-lurss\\\/#breadcrumb\",\"itemListElement\":[{\"@type\":\"ListItem\",\"position\":1,\"name\":\"Home\",\"item\":\"https:\\\/\\\/www.rassegnastampa-totustuus.it\\\/cattolica\\\/\"},{\"@type\":\"ListItem\",\"position\":2,\"name\":\"L\u2019emigrante padano che sconfisse l\u2019Urss\"}]},{\"@type\":\"WebSite\",\"@id\":\"https:\\\/\\\/www.rassegnastampa-totustuus.it\\\/cattolica\\\/#website\",\"url\":\"https:\\\/\\\/www.rassegnastampa-totustuus.it\\\/cattolica\\\/\",\"name\":\"Rassegna Stampa Cattolica\",\"description\":\"Per una cultura che nasce dalla Rivelazione cristiana in conformit\u00e0 alla tradizione e al Magistero della Chiesa in opposizione ad ogni relativismo e totalitarismo\",\"publisher\":{\"@id\":\"https:\\\/\\\/www.rassegnastampa-totustuus.it\\\/cattolica\\\/#organization\"},\"alternateName\":\"Rass. Cattolica\",\"potentialAction\":[{\"@type\":\"SearchAction\",\"target\":{\"@type\":\"EntryPoint\",\"urlTemplate\":\"https:\\\/\\\/www.rassegnastampa-totustuus.it\\\/cattolica\\\/?s={search_term_string}\"},\"query-input\":{\"@type\":\"PropertyValueSpecification\",\"valueRequired\":true,\"valueName\":\"search_term_string\"}}],\"inLanguage\":\"it-IT\"},{\"@type\":\"Organization\",\"@id\":\"https:\\\/\\\/www.rassegnastampa-totustuus.it\\\/cattolica\\\/#organization\",\"name\":\"Rassegna Stampa Cattolica\",\"url\":\"https:\\\/\\\/www.rassegnastampa-totustuus.it\\\/cattolica\\\/\",\"logo\":{\"@type\":\"ImageObject\",\"inLanguage\":\"it-IT\",\"@id\":\"https:\\\/\\\/www.rassegnastampa-totustuus.it\\\/cattolica\\\/#\\\/schema\\\/logo\\\/image\\\/\",\"url\":\"https:\\\/\\\/www.rassegnastampa-totustuus.it\\\/cattolica\\\/wp-content\\\/uploads\\\/2014\\\/04\\\/logo-rassegna1.gif\",\"contentUrl\":\"https:\\\/\\\/www.rassegnastampa-totustuus.it\\\/cattolica\\\/wp-content\\\/uploads\\\/2014\\\/04\\\/logo-rassegna1.gif\",\"width\":600,\"height\":163,\"caption\":\"Rassegna Stampa Cattolica\"},\"image\":{\"@id\":\"https:\\\/\\\/www.rassegnastampa-totustuus.it\\\/cattolica\\\/#\\\/schema\\\/logo\\\/image\\\/\"},\"sameAs\":[\"https:\\\/\\\/www.facebook.com\\\/rassegnastampacattolica\",\"https:\\\/\\\/x.com\\\/rassegnastampa9\"]},{\"@type\":\"Person\",\"@id\":\"https:\\\/\\\/www.rassegnastampa-totustuus.it\\\/cattolica\\\/#\\\/schema\\\/person\\\/08f319d2bd1a0904ad9e2bfb7b15e5c3\",\"name\":\"Redazione\",\"image\":{\"@type\":\"ImageObject\",\"inLanguage\":\"it-IT\",\"@id\":\"https:\\\/\\\/secure.gravatar.com\\\/avatar\\\/2fcdf27c78ea025fbdb44e914cc63c72249ffec9dc8aafd5c82b26240ef3f346?s=96&d=mm&r=g\",\"url\":\"https:\\\/\\\/secure.gravatar.com\\\/avatar\\\/2fcdf27c78ea025fbdb44e914cc63c72249ffec9dc8aafd5c82b26240ef3f346?s=96&d=mm&r=g\",\"contentUrl\":\"https:\\\/\\\/secure.gravatar.com\\\/avatar\\\/2fcdf27c78ea025fbdb44e914cc63c72249ffec9dc8aafd5c82b26240ef3f346?s=96&d=mm&r=g\",\"caption\":\"Redazione\"},\"url\":\"https:\\\/\\\/www.rassegnastampa-totustuus.it\\\/cattolica\\\/author\\\/pietroelle\\\/\"}]}<\/script>\n<!-- \/ Yoast SEO plugin. -->","yoast_head_json":{"title":"L\u2019emigrante padano che sconfisse l\u2019Urss - Rassegna Stampa Cattolica","description":"L\u2019emigrante padano che sconfisse l\u2019Urss. Angelo Codevilla ha sussurrando all\u2019orecchio di Ronald Reagan ili bluff pi\u00f9 clamoroso della storia","robots":{"index":"index","follow":"follow","max-snippet":"max-snippet:-1","max-image-preview":"max-image-preview:large","max-video-preview":"max-video-preview:-1"},"canonical":"https:\/\/www.rassegnastampa-totustuus.it\/cattolica\/lemigrante-padano-che-sconfisse-lurss\/","og_locale":"it_IT","og_type":"article","og_title":"L\u2019emigrante padano che sconfisse l\u2019Urss - Rassegna Stampa Cattolica","og_description":"L\u2019emigrante padano che sconfisse l\u2019Urss. Angelo Codevilla ha sussurrando all\u2019orecchio di Ronald Reagan ili bluff pi\u00f9 clamoroso della storia","og_url":"https:\/\/www.rassegnastampa-totustuus.it\/cattolica\/lemigrante-padano-che-sconfisse-lurss\/","og_site_name":"Rassegna Stampa Cattolica","article_publisher":"https:\/\/www.facebook.com\/rassegnastampacattolica","article_published_time":"2021-09-29T22:00:11+00:00","article_modified_time":"2025-07-17T10:11:00+00:00","og_image":[{"width":1280,"height":720,"url":"https:\/\/www.rassegnastampa-totustuus.it\/cattolica\/wp-content\/uploads\/2021\/09\/Urss_armi_missili-1.jpg","type":"image\/jpeg"}],"author":"Redazione","twitter_card":"summary_large_image","twitter_creator":"@rassegnastampa9","twitter_site":"@rassegnastampa9","twitter_misc":{"Scritto da":"Redazione","Tempo di lettura stimato":"6 minuti"},"schema":{"@context":"https:\/\/schema.org","@graph":[{"@type":"Article","@id":"https:\/\/www.rassegnastampa-totustuus.it\/cattolica\/lemigrante-padano-che-sconfisse-lurss\/#article","isPartOf":{"@id":"https:\/\/www.rassegnastampa-totustuus.it\/cattolica\/lemigrante-padano-che-sconfisse-lurss\/"},"author":{"name":"Redazione","@id":"https:\/\/www.rassegnastampa-totustuus.it\/cattolica\/#\/schema\/person\/08f319d2bd1a0904ad9e2bfb7b15e5c3"},"headline":"L\u2019emigrante padano che sconfisse l\u2019Urss","datePublished":"2021-09-29T22:00:11+00:00","dateModified":"2025-07-17T10:11:00+00:00","mainEntityOfPage":{"@id":"https:\/\/www.rassegnastampa-totustuus.it\/cattolica\/lemigrante-padano-che-sconfisse-lurss\/"},"wordCount":710,"publisher":{"@id":"https:\/\/www.rassegnastampa-totustuus.it\/cattolica\/#organization"},"image":{"@id":"https:\/\/www.rassegnastampa-totustuus.it\/cattolica\/lemigrante-padano-che-sconfisse-lurss\/#primaryimage"},"thumbnailUrl":"https:\/\/www.rassegnastampa-totustuus.it\/cattolica\/wp-content\/uploads\/2021\/09\/Urss_armi_missili-1.jpg","keywords":["Angelo Codevilla","guerra fredda","scudo spaziale","Urss","Usa"],"articleSection":["Personaggi","Stati Uniti","URSS"],"inLanguage":"it-IT"},{"@type":"WebPage","@id":"https:\/\/www.rassegnastampa-totustuus.it\/cattolica\/lemigrante-padano-che-sconfisse-lurss\/","url":"https:\/\/www.rassegnastampa-totustuus.it\/cattolica\/lemigrante-padano-che-sconfisse-lurss\/","name":"L\u2019emigrante padano che sconfisse l\u2019Urss - Rassegna Stampa Cattolica","isPartOf":{"@id":"https:\/\/www.rassegnastampa-totustuus.it\/cattolica\/#website"},"primaryImageOfPage":{"@id":"https:\/\/www.rassegnastampa-totustuus.it\/cattolica\/lemigrante-padano-che-sconfisse-lurss\/#primaryimage"},"image":{"@id":"https:\/\/www.rassegnastampa-totustuus.it\/cattolica\/lemigrante-padano-che-sconfisse-lurss\/#primaryimage"},"thumbnailUrl":"https:\/\/www.rassegnastampa-totustuus.it\/cattolica\/wp-content\/uploads\/2021\/09\/Urss_armi_missili-1.jpg","datePublished":"2021-09-29T22:00:11+00:00","dateModified":"2025-07-17T10:11:00+00:00","description":"L\u2019emigrante padano che sconfisse l\u2019Urss. Angelo Codevilla ha sussurrando all\u2019orecchio di Ronald Reagan ili bluff pi\u00f9 clamoroso della storia","breadcrumb":{"@id":"https:\/\/www.rassegnastampa-totustuus.it\/cattolica\/lemigrante-padano-che-sconfisse-lurss\/#breadcrumb"},"inLanguage":"it-IT","potentialAction":[{"@type":"ReadAction","target":["https:\/\/www.rassegnastampa-totustuus.it\/cattolica\/lemigrante-padano-che-sconfisse-lurss\/"]}]},{"@type":"ImageObject","inLanguage":"it-IT","@id":"https:\/\/www.rassegnastampa-totustuus.it\/cattolica\/lemigrante-padano-che-sconfisse-lurss\/#primaryimage","url":"https:\/\/www.rassegnastampa-totustuus.it\/cattolica\/wp-content\/uploads\/2021\/09\/Urss_armi_missili-1.jpg","contentUrl":"https:\/\/www.rassegnastampa-totustuus.it\/cattolica\/wp-content\/uploads\/2021\/09\/Urss_armi_missili-1.jpg","width":1280,"height":720},{"@type":"BreadcrumbList","@id":"https:\/\/www.rassegnastampa-totustuus.it\/cattolica\/lemigrante-padano-che-sconfisse-lurss\/#breadcrumb","itemListElement":[{"@type":"ListItem","position":1,"name":"Home","item":"https:\/\/www.rassegnastampa-totustuus.it\/cattolica\/"},{"@type":"ListItem","position":2,"name":"L\u2019emigrante padano che sconfisse l\u2019Urss"}]},{"@type":"WebSite","@id":"https:\/\/www.rassegnastampa-totustuus.it\/cattolica\/#website","url":"https:\/\/www.rassegnastampa-totustuus.it\/cattolica\/","name":"Rassegna Stampa Cattolica","description":"Per una cultura che nasce dalla Rivelazione cristiana in conformit\u00e0 alla tradizione e al Magistero della Chiesa in opposizione ad ogni relativismo e totalitarismo","publisher":{"@id":"https:\/\/www.rassegnastampa-totustuus.it\/cattolica\/#organization"},"alternateName":"Rass. Cattolica","potentialAction":[{"@type":"SearchAction","target":{"@type":"EntryPoint","urlTemplate":"https:\/\/www.rassegnastampa-totustuus.it\/cattolica\/?s={search_term_string}"},"query-input":{"@type":"PropertyValueSpecification","valueRequired":true,"valueName":"search_term_string"}}],"inLanguage":"it-IT"},{"@type":"Organization","@id":"https:\/\/www.rassegnastampa-totustuus.it\/cattolica\/#organization","name":"Rassegna Stampa Cattolica","url":"https:\/\/www.rassegnastampa-totustuus.it\/cattolica\/","logo":{"@type":"ImageObject","inLanguage":"it-IT","@id":"https:\/\/www.rassegnastampa-totustuus.it\/cattolica\/#\/schema\/logo\/image\/","url":"https:\/\/www.rassegnastampa-totustuus.it\/cattolica\/wp-content\/uploads\/2014\/04\/logo-rassegna1.gif","contentUrl":"https:\/\/www.rassegnastampa-totustuus.it\/cattolica\/wp-content\/uploads\/2014\/04\/logo-rassegna1.gif","width":600,"height":163,"caption":"Rassegna Stampa Cattolica"},"image":{"@id":"https:\/\/www.rassegnastampa-totustuus.it\/cattolica\/#\/schema\/logo\/image\/"},"sameAs":["https:\/\/www.facebook.com\/rassegnastampacattolica","https:\/\/x.com\/rassegnastampa9"]},{"@type":"Person","@id":"https:\/\/www.rassegnastampa-totustuus.it\/cattolica\/#\/schema\/person\/08f319d2bd1a0904ad9e2bfb7b15e5c3","name":"Redazione","image":{"@type":"ImageObject","inLanguage":"it-IT","@id":"https:\/\/secure.gravatar.com\/avatar\/2fcdf27c78ea025fbdb44e914cc63c72249ffec9dc8aafd5c82b26240ef3f346?s=96&d=mm&r=g","url":"https:\/\/secure.gravatar.com\/avatar\/2fcdf27c78ea025fbdb44e914cc63c72249ffec9dc8aafd5c82b26240ef3f346?s=96&d=mm&r=g","contentUrl":"https:\/\/secure.gravatar.com\/avatar\/2fcdf27c78ea025fbdb44e914cc63c72249ffec9dc8aafd5c82b26240ef3f346?s=96&d=mm&r=g","caption":"Redazione"},"url":"https:\/\/www.rassegnastampa-totustuus.it\/cattolica\/author\/pietroelle\/"}]}},"_links":{"self":[{"href":"https:\/\/www.rassegnastampa-totustuus.it\/cattolica\/wp-json\/wp\/v2\/posts\/52565","targetHints":{"allow":["GET"]}}],"collection":[{"href":"https:\/\/www.rassegnastampa-totustuus.it\/cattolica\/wp-json\/wp\/v2\/posts"}],"about":[{"href":"https:\/\/www.rassegnastampa-totustuus.it\/cattolica\/wp-json\/wp\/v2\/types\/post"}],"author":[{"embeddable":true,"href":"https:\/\/www.rassegnastampa-totustuus.it\/cattolica\/wp-json\/wp\/v2\/users\/6"}],"replies":[{"embeddable":true,"href":"https:\/\/www.rassegnastampa-totustuus.it\/cattolica\/wp-json\/wp\/v2\/comments?post=52565"}],"version-history":[{"count":3,"href":"https:\/\/www.rassegnastampa-totustuus.it\/cattolica\/wp-json\/wp\/v2\/posts\/52565\/revisions"}],"predecessor-version":[{"id":63359,"href":"https:\/\/www.rassegnastampa-totustuus.it\/cattolica\/wp-json\/wp\/v2\/posts\/52565\/revisions\/63359"}],"wp:featuredmedia":[{"embeddable":true,"href":"https:\/\/www.rassegnastampa-totustuus.it\/cattolica\/wp-json\/wp\/v2\/media\/52571"}],"wp:attachment":[{"href":"https:\/\/www.rassegnastampa-totustuus.it\/cattolica\/wp-json\/wp\/v2\/media?parent=52565"}],"wp:term":[{"taxonomy":"category","embeddable":true,"href":"https:\/\/www.rassegnastampa-totustuus.it\/cattolica\/wp-json\/wp\/v2\/categories?post=52565"},{"taxonomy":"post_tag","embeddable":true,"href":"https:\/\/www.rassegnastampa-totustuus.it\/cattolica\/wp-json\/wp\/v2\/tags?post=52565"}],"curies":[{"name":"wp","href":"https:\/\/api.w.org\/{rel}","templated":true}]}}