{"id":52533,"date":"2021-09-23T00:00:43","date_gmt":"2021-09-22T22:00:43","guid":{"rendered":"http:\/\/www.rassegnastampa-totustuus.it\/cattolica\/?p=52533"},"modified":"2025-07-17T14:06:27","modified_gmt":"2025-07-17T12:06:27","slug":"maniaci-e-pervertiti-dittatori-anche-sotto-le-lenzuola","status":"publish","type":"post","link":"https:\/\/www.rassegnastampa-totustuus.it\/cattolica\/maniaci-e-pervertiti-dittatori-anche-sotto-le-lenzuola\/","title":{"rendered":"Maniaci e pervertiti: dittatori anche sotto le lenzuola"},"content":{"rendered":"\n<p class=\"has-text-align-center\"><a href=\"https:\/\/lanuovabq.it\/it\" target=\"_blank\" rel=\"noreferrer noopener\"><strong>La Nuova bussola quotidiana<\/strong> <\/a>\u00a022 Giugno 2021<\/p>\n\n\n\n<p><em>Mussolini donnaiolo maniacale; Togliatti doppio anche nei tradimenti e negli aborti; Hitler bisessuale, pervertito e sadomasochista; Berija pornografo e Stalin pedofilo per &#8220;carnose minorenni&#8221;. La vita affettiva dei dittatori del &#8216;900 non brilla certo per limpidezza. Uno studio dettagliato. <\/em><\/p>\n\n\n\n<p class=\"has-text-align-center\">di <strong>Francesco Agnoli<\/strong><\/p>\n\n\n<div class=\"wp-block-image\">\n<figure class=\"aligncenter size-full is-resized\"><a href=\"https:\/\/www.rassegnastampa-totustuus.it\/cattolica\/wp-content\/uploads\/2021\/09\/mussolini_Stalin_Hitler_dittatori.jpg\"><img loading=\"lazy\" decoding=\"async\" width=\"296\" height=\"170\" src=\"https:\/\/www.rassegnastampa-totustuus.it\/cattolica\/wp-content\/uploads\/2021\/09\/mussolini_Stalin_Hitler_dittatori.jpg\" alt=\"\" class=\"wp-image-52544\" style=\"width:378px;height:auto\"\/><\/a><\/figure><\/div>\n\n\n<!--more-->\n\n\n\n<p>Riscuote sempre pi\u00f9 interesse la vita privata dei grandi personaggi storici, in particolare dei dittatori del XX secolo. Le loro vite sono state indagate in lungo e in largo, quanto al pensiero, le scelte politiche ecc. Da tempo godono di notevole successo anche le indagini sulla vita privata ed affettiva, in particolare di Mussolini ed Hitler (meno \u201cfortunato\u201d, invece, Stalin).<\/p>\n\n\n\n<h4 class=\"wp-block-heading has-text-align-center\"><strong>Mussolini donnaiolo <\/strong><\/h4>\n\n\n<div class=\"wp-block-image\">\n<figure class=\"aligncenter is-resized\"><img loading=\"lazy\" decoding=\"async\" width=\"193\" height=\"261\" src=\"https:\/\/www.rassegnastampa-totustuus.it\/cattolica\/wp-content\/uploads\/2019\/08\/mussolini.jpg\" alt=\"\" class=\"wp-image-43920\" style=\"width:233px;height:auto\"\/><\/figure><\/div>\n\n\n<p>La nostra Italia \u00e8 stata segnata per molti anni dall\u2019attivit\u00e0 politica di <strong>Benito Mussolini<\/strong>, prima leader socialista, acclamato a sinistra per il suo anticlericalismo e zelo rivoluzionario, e poi fascista.<\/p>\n\n\n\n<p><strong>La vita sentimentale di Mussolini \u00e8 abbastanza nota<\/strong>: da giovane \u00e8 un teorico del \u201clibero amore\u201d, contrario al matrimonio ed ai figli (traduce un opuscolo neomalthusiano dal titolo <em>Meno figli, meno schiavi<\/em>), vicino al femminismo di sinistra. Prima di essere il duce, frequenta bordelli, gestisce anche 3 o 4 relazioni contemporaneamente, disinteressandosi dei figli che ne nascono: per loro c\u2019\u00e8 il manicomio, come per il figlio avuto da <strong>Ida Dalser<\/strong>, l\u2019abbandono, oppure ancora il ricorso all\u2019aborto, come nel caso di uno dei due figli avuti dalla giovanissima <strong>Bianca Ceccato<\/strong>, sua giovanissima segretaria personale al <em>Popolo <\/em><em>d\u2019Italia<\/em>.<\/p>\n\n\n\n<p><strong>Storici come Mimmo Franzinelli<\/strong><strong>,<\/strong> autore de <em>Il duce e le donne. Avventure e passioni extraconiugali<\/em> <em>di Mussolini<\/em> (Mondadori, Milano, 2013), ed Antonio Spinosa, che ha scritto <em>I figli del duce<\/em> (Rizzoli, Milano, 1983), hanno indagato la storia di alcune delle amanti del duce, dalle ebree socialiste Angelica Balabanoff e Margherita Sarfatti a Ida Dalser, Leda Rafanelli (esperta di cartomanzia e Corano), Giulia Mattavelli\u2026 sino, per brevit\u00e0, a Claretta Petacci.<\/p>\n\n\n<div class=\"wp-block-image\">\n<figure class=\"aligncenter is-resized\"><img loading=\"lazy\" decoding=\"async\" width=\"278\" height=\"181\" src=\"https:\/\/www.rassegnastampa-totustuus.it\/cattolica\/wp-content\/uploads\/2021\/09\/mussolini.jpg\" alt=\"\" class=\"wp-image-52546\" style=\"width:372px;height:auto\"\/><\/figure><\/div>\n\n\n<p><strong>Roberto Festorazzi riassume cos\u00ec il tutto<\/strong><strong>:<\/strong> \u201c<em>la consumazione vorace di carne femminile fu una costante della sua vita<\/em>\u201d, insieme all\u2019uso di droghe, \u201c<em>in funzione di stimolante sessuale<\/em>\u201d (Roberto Festorazzi, <em>Margherita Sarfatti. La donna che invent\u00f2 Mussolini,<\/em> Colla editore, Vicenza, 2010). La frequentazione giovanile dei bordelli porta Mussolini a considerare il sesso la sua \u201c<em>ossessione<\/em>\u201d (teme anche, a lungo, di aver contratto la sifilide), tanto che il medico Pierluigi Baima Bollone non esita a descrivere il duce come un \u201c<em>maniaco sessuale<\/em>\u201d (Pierluigi Baima Bollone, <em>La psicologia di Mussolini<\/em>).<\/p>\n\n\n\n<p><strong>Sappiamo che il duce del fascismo<\/strong> &#8211; che si inseriva in un filone libertario che andava dal \u201c<em>libero amore<\/em>\u201d della sinistra all\u2019esaltazione, a destra, dei rapporti \u201c<em>rapidi e disinvolti<\/em>\u201d dei futuristi, della \u201c<em>coppia aperta<\/em>\u201d e dell\u2019omosessualit\u00e0 dei fiumani e di Gabriele D\u2019Annunzio- avrebbe anche voluto introdurre il divorzio, ma si ferm\u00f2 per evitare un\u2019ulteriore occasione di scontro con la Chiesa cattolica [1].<\/p>\n\n\n\n<h4 class=\"wp-block-heading has-text-align-center\"><strong>Gli aborti di Togliatti e Spallone <\/strong><\/h4>\n\n\n<div class=\"wp-block-image\">\n<figure class=\"aligncenter is-resized\"><img loading=\"lazy\" decoding=\"async\" width=\"275\" height=\"183\" src=\"https:\/\/www.rassegnastampa-totustuus.it\/cattolica\/wp-content\/uploads\/2019\/04\/Togliatti.jpg\" alt=\"\" class=\"wp-image-42828\" style=\"width:349px;height:auto\"\/><\/figure><\/div>\n\n\n<p><strong>Da questo punto di vista la storia di Mussolini<\/strong> ricorda&nbsp; da vicino quella di un altro campione di doppiezza, <strong>Palmiro Togliatti<\/strong>, leader del PCI: anche il Migliore non lesinava elogi pubblici della famiglia, esaltazioni retoriche della prole, mentre cornificava la moglie Rita Montagnana, trascurava il figlio malato e corteggiava donne molto pi\u00f9 giovani della moglie, spingendole, quando \u201cnecessario\u201d, all\u2019 aborto clandestino (il fatto diverr\u00e0 noto nel 2000, quando si scoprir\u00e0 che nella clinica privata, Villa Gina, del suo medico di fiducia, Ilio Spallone, \u201c<em>si abortiva anche in casi in cui la gravidanza era molto avanzata anche con pazienti al sesto mese, anche con pazienti che non volevano farlo<\/em>\u201d, (<a href=\"https:\/\/www.repubblica.it\/online\/cronaca\/abor\/inchiesta\/inchiesta.html\" target=\"_blank\" rel=\"noopener noreferrer\">vedi <em>Repubblica<\/em>, 9\/6\/2000<\/a> ).<\/p>\n\n\n\n<h4 class=\"wp-block-heading has-text-align-center\"><strong>L\u2019omosessualit\u00e0 di Hitler e dei capi delle SA<\/strong><\/h4>\n\n\n<div class=\"wp-block-image\">\n<figure class=\"aligncenter is-resized\"><img loading=\"lazy\" decoding=\"async\" width=\"183\" height=\"275\" src=\"https:\/\/www.rassegnastampa-totustuus.it\/cattolica\/wp-content\/uploads\/2005\/11\/hitler.jpg\" alt=\"\" class=\"wp-image-14449\" style=\"width:207px;height:auto\"\/><\/figure><\/div>\n\n\n<p>Il \u201cmaniaco\u201d Mussolini, dopo i primi incontri con <strong>Adolf Hitler<\/strong>, verso cui, come noto, nutriva un misto di attrazione e repulsione, defin\u00ec il tedesco\u2026 \u201c<em>un pazzo maniaco sessuale<\/em>\u201d. Al di l\u00e0 di questa definizione, la sessualit\u00e0 di Hitler e di svariati gerarchi nazisti fu per anni, sino al 1934, al centro di molto dibattiti in Germania: in un\u2019epoca in cui esisteva ancora il reato di sodomia (art.175), giornali cattolici, comunisti e socialdemocratici accusavano il leader del NASDAP di essere il capo di una \u201c<em>cricca di omosessuali<\/em>\u201d<\/p>\n\n\n\n<p><strong>Il 5 luglio 1934, cio\u00e8 dopo la notte dei lunghi coltelli<\/strong><strong>,<\/strong> per esempio, la comunista <em>Deutsche Volks Zeitung<\/em> sostenne che Hitler aveva assassinato \u201c<em>complici divenuti pericolosi<\/em>\u201d soprattutto perch\u00e9 conoscevano \u201c<em>la vita privata del F\u00fchrer omosessuale<\/em><strong><em>\u201d. <\/em><\/strong><em>Da dove nasceva l\u2019accusa, rilanciata da giornalisti che stigmatizzavano anche il razzismo nazista, e che avrebbero pagato con la vita come Fritz Gerlich?&nbsp;<\/em><\/p>\n\n\n<div class=\"wp-block-image\">\n<figure class=\"aligncenter is-resized\"><img loading=\"lazy\" decoding=\"async\" width=\"280\" height=\"180\" src=\"https:\/\/www.rassegnastampa-totustuus.it\/cattolica\/wp-content\/uploads\/2016\/06\/nazisti.jpg\" alt=\"\" class=\"wp-image-35200\" style=\"width:356px;height:auto\"\/><\/figure><\/div>\n\n\n<p><em> Lo storico ebreo ed omosessuale <\/em><strong>George Mosse<\/strong>, nel pi\u00f9 celebre studio sul tema, <em>Sessualit\u00e0 e nazionalismo<\/em> (Laterza, Roma-Bari, 1996), ricorda che l\u2019omosessualit\u00e0 era di gran moda tra gli ex combattenti della destra nazionalista e razzista tedesca, molto propensi al disprezzo delle donne ed al culto, che il nazismo coltiver\u00e0 con insistenza, della bellezza del corpo maschile. Per questi sostenitori dell&#8217; \u201corgoglio\u201d omosessuale, che spesso avevano condiviso, come Hitler, gli anni di servizio militare e di guerra tra soli uomini, gli omosessuali costituivano &#8220;<em>il fiore della virilit\u00e0<\/em>\u201d, e i loro corpi nudi erano simbolo di forza, coraggio, sprezzo degli pseudo-valori borghesi e cristiani (pudore, riservatezza&#8230;).<\/p>\n\n\n<div class=\"wp-block-image\">\n<figure class=\"aligncenter\"><img loading=\"lazy\" decoding=\"async\" width=\"189\" height=\"267\" src=\"https:\/\/www.rassegnastampa-totustuus.it\/cattolica\/wp-content\/uploads\/2021\/09\/Ernst_R\u00f6hm_SA_nazismo.jpg\" alt=\"\" class=\"wp-image-52547\"\/><\/figure><\/div>\n\n\n<p><strong>In particolare era nota<\/strong>, perch\u00e9 pubblicamente rivendicata, l\u2019omosessualit\u00e0 di Ernst R\u00f6hm, leader delle SA, e cio\u00e8 l\u2019uomo pi\u00f9 potente del partito dopo Hitler (che nel 1933 lo nomin\u00f2 Reichsleiter e ministro nel suo primo governo). Ricorda Mosse: &#8220;<em>Nel 1932 Hitler aveva difeso con vigore R\u00f6hm quando costui era stato pubblicamente accusato di corrompere la giovent\u00f9 abusando del grado di comandante per sedurre alcuni dei suoi uomini<\/em>&#8220;<\/p>\n\n\n\n<p><strong>Anche lo storico Joachim Fest<\/strong> nel suo <em>Il volto del Terzo Reich<\/em> (Mursia, Milano, 2011) segnala l'&#8221;<em>impronta tipicamente omosessuale delle SA<\/em>&#8220;, e descrive i primi nazisti come apolidi e sradicati che disprezzavano &#8220;<em>i legami solidi e quindi anche quelli con la donna e con la famiglia<\/em>&#8220;, vedendo nella donna il mezzo per procreare, ma nell&#8217;amore omoerotico, gi\u00e0 praticato dai pagani greci, una dignit\u00e0 superiore.<\/p>\n\n\n<div class=\"wp-block-image\">\n<figure class=\"aligncenter is-resized\"><img loading=\"lazy\" decoding=\"async\" width=\"282\" height=\"179\" src=\"https:\/\/www.rassegnastampa-totustuus.it\/cattolica\/wp-content\/uploads\/2020\/02\/gaystapo.jpg\" alt=\"\" class=\"wp-image-46442\" style=\"width:350px;height:auto\"\/><\/figure><\/div>\n\n\n<p><strong>Lo storico Francesco Maria Feltri<\/strong> riassume cos\u00ec l\u2019omosessualismo di stampo nazista: \u201c<em>Il nazismo si oppose fin dall\u2019inizio al femminismo, che Hitler boll\u00f2 come un\u2019assurda e pericolosa innovazione marxista. In un primo tempo, invece, il movimento ebbe un atteggiamento molto pi\u00f9 fluido e ambiguo nei confronti dell\u2019omosessualit\u00e0. Il nazismo era figlio della guerra e celebrava la comunit\u00e0 eletta di coloro che avevano vissuto insieme l\u2019eccezionale esperienza della trincea; le donne erano a priori escluse da quel mondo maschile, che si considerava superiore, perch\u00e9 formato da uomini che avevano attraversato le tempeste d\u2019acciaio del conflitto mondiale. Inoltre, col passar del tempo, la propaganda nazista fece ricorso ad un uso sempre pi\u00f9 frequente del nudo maschile, considerato come il veicolo privilegiato per trasmettere l\u2019idea della superiorit\u00e0 della razza ariana su tutte le altre. In questo contesto, non meraviglia che potesse diffondersi tra le file naziste, soprattutto tra le SA di R\u00f6hm, un tipo particolare di omosessualit\u00e0, che disprezzava la donna<\/em>&#8230;\u201d (Francesco Maria Feltri,&nbsp;<em>Nazismo e identit\u00e0 di genere<\/em>, in <em>Chiaroscuro. Corso di storia<\/em>, vol. III, Sei, Torino, 2010).<\/p>\n\n\n\n<p><strong>Dal canto suo lo storico francese Max Gallo<\/strong>, ne <em>La notte dei lunghi coltelli<\/em>, (Mondadori, Milano, 1999), ci d\u00e0 conto delle orge tra uomini che contraddistinguevano la vita di molti alti gradi della SA.<\/p>\n\n\n<div class=\"wp-block-image\">\n<figure class=\"alignright\"><img loading=\"lazy\" decoding=\"async\" width=\"246\" height=\"205\" src=\"https:\/\/www.rassegnastampa-totustuus.it\/cattolica\/wp-content\/uploads\/2021\/09\/Hitler_nazismo_animalismo.jpg\" alt=\"\" class=\"wp-image-52548\"\/><\/figure><\/div>\n\n\n<p><strong>Quanto ad Hitler, l\u2019\u201caccusa\u201d<\/strong> ricadeva anche su di lui, non solo per le tante amicizie maschili e l\u2019evidente disinteresse per le donne, coperto, come sostengono molti, dalla finta relazione con Eva Braun, ma anche per la sua ossessiva volont\u00e0 di far sparire tutto ci\u00f2 che riguardava la sua giovinezza, quasi a voler nascondere qualcosa che lo avrebbe svilito agli occhi del paese.<\/p>\n\n\n\n<p>Cos\u00ec un testimone come l\u2019ex nazista <strong>Hermann<\/strong> <strong>Rauschning, <\/strong>autore di <em>Hitler mi ha detto<\/em> (1939): <em>\u201cPi\u00f9 disgustoso di qualunque altra cosa \u00e8 il miasma puzzolente di sessualit\u00e0 furtiva, pervertita, che emana e ammorba l\u2019atmosfera intorno a Hitler, come un effluvio diabolico. Nulla in questo ambiente \u00e8 schietto. Relazioni clandestine, sentimenti falsi, segrete brame, cos\u00ec come le mistificazioni e i simboli: niente di ci\u00f2 che circonda quest\u2019uomo \u00e8 naturale e genuino, niente ha la freschezza di un istinto naturale\u201d.&nbsp;<\/em><\/p>\n\n\n<div class=\"wp-block-image wp-image-52549\">\n<figure class=\"alignleft\"><img loading=\"lazy\" decoding=\"async\" width=\"276\" height=\"182\" src=\"https:\/\/www.rassegnastampa-totustuus.it\/cattolica\/wp-content\/uploads\/2021\/09\/Hitler_Geli_Raubal.jpg\" alt=\"\" class=\"wp-image-52549\"\/><figcaption class=\"wp-element-caption\">Hitler e la nipote Geli Raubal, morta suicida dopo la relazione con lo zio<\/figcaption><\/figure><\/div>\n\n\n<p><strong>Alcuni anni orsono, il 15\/5\/2001<\/strong><strong>,<\/strong> il quotidiano <a href=\"https:\/\/www.repubblica.it\/online\/mondo\/rivelazioni\/rivelazioni\/rivelazioni.html\" target=\"_blank\" rel=\"noopener noreferrer\"><em>Repubblica<\/em><\/a> recensiva le rivelazioni della Cia &#8211; basate anche sui racconti di Ernst Franz Sedgwick Hanfstaengl, gi\u00e0 addetto stampa di Hitler &#8211; sulle perversioni del <em>F\u00fchrer<\/em>, definito \u201c<em>omosessuale ed eterosessuale, un pervertito, un sadomasochista con una vita sessuale disastrosa<\/em>\u201d, proprio come il suo delfino Rudolf Hess, noto anche come \u201cFrau Anna\u201d ed il gi\u00e0 citato Ernst R\u00f6hm.<\/p>\n\n\n\n<p><strong>Nulla di nuovo, in verit\u00e0, bens\u00ec solamente un ulteriore tassello<\/strong> aggiunto alle rivelazioni sull\u2019omosessualit\u00e0 del <em>F\u00fchrer presenti in Roma nazista<\/em> (1949) di Eugen Dollmann (interprete personale di Hitler e delegato di Himmler), in <em>Der nie Verlor<\/em> (1947) di Fritz von Unruh, nella lunga ed approfondita inchiesta, <em>Il segreto di Hitler<\/em> (Rizzoli, Milano, 2001) dello storico Lothar Machtan, o, per arrivare all\u2019oggi, nel saggio di Mirella Serri, docente a La Sapienza di Roma, intitolato <em>Gli invisibili. La storia segreta dei prigionieri illustri di Hitler in Italia <\/em>(Longanesi, Milano, 2015).<\/p>\n\n\n\n<p><strong>In quest\u2019ultima opera l\u2019autrice<\/strong>, oltre a svelare gli amori clandestini con uomini del principe Filippo d\u2019Assia (marito di Mafalda di Savoia e importante tramite tra Hitler ed il duce), ricorda che anche il giovane Hitler, come il rampante Mussolini, era attenzionato dalla polizia, e che nel dossier a lui dedicato erano contenuti nomi, cognomi e testimonianze di vari giovani uomini di 18-20 anni, con cui il futuro <em>F\u00fchrer<\/em> era solito passare le notti, a pagamento.<strong>&nbsp;<\/strong><\/p>\n\n\n\n<p class=\"has-text-align-center\"><strong> La pedofilia di Stalin <\/strong><\/p>\n\n\n<div class=\"wp-block-image\">\n<figure class=\"alignright\"><img loading=\"lazy\" decoding=\"async\" width=\"190\" height=\"300\" src=\"https:\/\/www.rassegnastampa-totustuus.it\/cattolica\/wp-content\/uploads\/2019\/06\/Stalin_Urss-190x300.png\" alt=\"\" class=\"wp-image-43277\" srcset=\"https:\/\/www.rassegnastampa-totustuus.it\/cattolica\/wp-content\/uploads\/2019\/06\/Stalin_Urss-190x300.png 190w, https:\/\/www.rassegnastampa-totustuus.it\/cattolica\/wp-content\/uploads\/2019\/06\/Stalin_Urss.png 200w\" sizes=\"auto, (max-width: 190px) 100vw, 190px\" \/><\/figure><\/div>\n\n\n<p>Quanto alla Russia comunista, \u00e8 soprattutto lo storico S.S. Montefiore a descrivere nei suoi saggi la caccia di <strong>Josif Stalin<\/strong> a \u201c<em>carnose minorenni<\/em>\u201d ed il suo gelido disinteresse per i numerosi figli legittimi ed illegittimi, Montefiore racconta inoltre la ferocia del terribile <strong>Nikolaj Ivanovi\u010d Ezov<\/strong>, bisessuale, che passava il suo tempo libero in \u201c<em>orge con le prostitute<\/em>\u201d, con soldati ed altri capi bolscevichi, e quella di <strong>Lavrentij Berija<\/strong>, capo della polizia segreta, che \u201c<em>teneva nel suo ufficio alcuni manganelli che usava per le torture, ma anche tutta una serie di biancheria intima femminile, articoli erotici e materiale pornografico che sembravano essere obbligatori per i capi della polizia segreta<\/em>\u201d.<\/p>\n\n\n\n<p><strong>&nbsp;<\/strong>La vita di Berija fu un turbine di violenze sessuali e di stupri consumati ai danni di attrici e sportive convocate nella sua dacia, e minacciate di finire in un campo di concentramento se si rifiutavano di sottostargli. \u201c<em>Alcune amanti\u2026 malauguratamente rimangono incinte<\/em>\u201d, ma gli uomini della polizia organizzavano immediatamente \u201c<em>aborti riparatori<\/em>\u201d nel dipartimento medico dell\u2019MVD. Quando poi qualche bambino concepito dagli stupri e nei festini dei gerarchi comunisti sfuggiva all\u2019aborto, finiva immediatamente in un orfanatrofio (S.S. Montefiore, <em>Il giovane Stalin<\/em> e <em>Gli uomini di Stalin<\/em>).<\/p>\n\n\n\n<p>________________<\/p>\n\n\n\n<p><strong>[1]&nbsp;<\/strong> All\u2019indomani della consultazione referendaria sul divorzio del 1974, l\u2019ex ministro degli Esteri e Guardasigilli fascista <strong>Dino Grandi<\/strong> esprimer\u00e0 al giornalista Benny Lai la sua soddisfazione per l\u2019esito, spiegandogli che si era giunti finalmente a quello che anche lui e Mussolini avrebbero voluto, tanti anni prima: \u201c<em>Mussolini pretendeva che la Santa Sede, la quale aveva rafforzato la sua stretta neutralit\u00e0 dopo l\u2019intervento dell\u2019Italia in guerra, si schierasse a favore delle potenze dell\u2019Asse. A sua volta Hitler insisteva, con la sua nota stupidit\u00e0, che l\u2019Italia rompesse con la Santa Sede. A quel tempo\u2026 toccava a me<\/em> <em>provvedere alla redazione del nuovo codice civile. Ebbene, ricevetti ordini perentori da Mussolini di stendere gli articoli relativi al matrimonio in modo che fossero in contrasto all\u2019articolo 34 del concordato\u2026 Allora mi ribellai, mi ribellai per ragioni tattiche<\/em>\u201d, cos\u00ec che alla fine Mussolini disse: \u201c<em>Questi preti mi hanno fregato. Forse tu hai ragione (a dire che non \u00e8 questo il momento opportuno, ndr)\u2026<\/em>\u201d (Benny Lai, <em>Il mio Vaticano<\/em>).<\/p>\n","protected":false},"excerpt":{"rendered":"<p>La Nuova bussola quotidiana \u00a022 Giugno 2021 Mussolini donnaiolo maniacale; Togliatti doppio anche nei tradimenti e negli aborti; Hitler bisessuale, pervertito e sadomasochista; Berija pornografo e Stalin pedofilo per &#8220;carnose minorenni&#8221;. La vita affettiva dei dittatori del &#8216;900 non brilla certo per limpidezza. Uno studio dettagliato. di Francesco Agnoli<\/p><p><a class=\"more-link btn\" href=\"https:\/\/www.rassegnastampa-totustuus.it\/cattolica\/maniaci-e-pervertiti-dittatori-anche-sotto-le-lenzuola\/\">Continua a leggere<\/a><\/p>\n","protected":false},"author":6,"featured_media":52542,"comment_status":"closed","ping_status":"closed","sticky":false,"template":"","format":"standard","meta":{"footnotes":""},"categories":[18,24],"tags":[507,183,855,925],"class_list":["post-52533","post","type-post","status-publish","format-standard","has-post-thumbnail","hentry","category-personaggi","category-storia","tag-hitler","tag-mussolini","tag-palmiro-togliatti","tag-stalin","item-wrap"],"yoast_head":"<!-- This site is optimized with the Yoast SEO plugin v27.5 - https:\/\/yoast.com\/product\/yoast-seo-wordpress\/ -->\n<title>Maniaci e pervertiti: dittatori anche sotto le lenzuola - Rassegna Stampa Cattolica<\/title>\n<meta name=\"description\" content=\"Maniaci e pervertiti: dittatori anche sotto le lenzuola. La vita affettiva dei dittatori del &#039;900 non brilla per limpidezza.\" \/>\n<meta name=\"robots\" content=\"index, follow, max-snippet:-1, max-image-preview:large, max-video-preview:-1\" \/>\n<link rel=\"canonical\" href=\"https:\/\/www.rassegnastampa-totustuus.it\/cattolica\/maniaci-e-pervertiti-dittatori-anche-sotto-le-lenzuola\/\" \/>\n<meta property=\"og:locale\" content=\"it_IT\" \/>\n<meta property=\"og:type\" content=\"article\" \/>\n<meta property=\"og:title\" content=\"Maniaci e pervertiti: dittatori anche sotto le lenzuola - Rassegna Stampa Cattolica\" \/>\n<meta property=\"og:description\" content=\"Maniaci e pervertiti: dittatori anche sotto le lenzuola. La vita affettiva dei dittatori del &#039;900 non brilla per limpidezza.\" \/>\n<meta property=\"og:url\" content=\"https:\/\/www.rassegnastampa-totustuus.it\/cattolica\/maniaci-e-pervertiti-dittatori-anche-sotto-le-lenzuola\/\" \/>\n<meta property=\"og:site_name\" content=\"Rassegna Stampa Cattolica\" \/>\n<meta property=\"article:publisher\" content=\"https:\/\/www.facebook.com\/rassegnastampacattolica\" \/>\n<meta property=\"article:published_time\" content=\"2021-09-22T22:00:43+00:00\" \/>\n<meta property=\"article:modified_time\" content=\"2025-07-17T12:06:27+00:00\" \/>\n<meta property=\"og:image\" content=\"https:\/\/www.rassegnastampa-totustuus.it\/cattolica\/wp-content\/uploads\/2021\/09\/dittatori_totalitarismo.jpg\" \/>\n\t<meta property=\"og:image:width\" content=\"1920\" \/>\n\t<meta property=\"og:image:height\" content=\"1080\" \/>\n\t<meta property=\"og:image:type\" content=\"image\/jpeg\" \/>\n<meta name=\"author\" content=\"Redazione\" \/>\n<meta name=\"twitter:card\" content=\"summary_large_image\" \/>\n<meta name=\"twitter:creator\" content=\"@rassegnastampa9\" \/>\n<meta name=\"twitter:site\" content=\"@rassegnastampa9\" \/>\n<meta name=\"twitter:label1\" content=\"Scritto da\" \/>\n\t<meta name=\"twitter:data1\" content=\"Redazione\" \/>\n\t<meta name=\"twitter:label2\" content=\"Tempo di lettura stimato\" \/>\n\t<meta name=\"twitter:data2\" content=\"13 minuti\" \/>\n<script type=\"application\/ld+json\" class=\"yoast-schema-graph\">{\"@context\":\"https:\\\/\\\/schema.org\",\"@graph\":[{\"@type\":\"Article\",\"@id\":\"https:\\\/\\\/www.rassegnastampa-totustuus.it\\\/cattolica\\\/maniaci-e-pervertiti-dittatori-anche-sotto-le-lenzuola\\\/#article\",\"isPartOf\":{\"@id\":\"https:\\\/\\\/www.rassegnastampa-totustuus.it\\\/cattolica\\\/maniaci-e-pervertiti-dittatori-anche-sotto-le-lenzuola\\\/\"},\"author\":{\"name\":\"Redazione\",\"@id\":\"https:\\\/\\\/www.rassegnastampa-totustuus.it\\\/cattolica\\\/#\\\/schema\\\/person\\\/08f319d2bd1a0904ad9e2bfb7b15e5c3\"},\"headline\":\"Maniaci e pervertiti: dittatori anche sotto le lenzuola\",\"datePublished\":\"2021-09-22T22:00:43+00:00\",\"dateModified\":\"2025-07-17T12:06:27+00:00\",\"mainEntityOfPage\":{\"@id\":\"https:\\\/\\\/www.rassegnastampa-totustuus.it\\\/cattolica\\\/maniaci-e-pervertiti-dittatori-anche-sotto-le-lenzuola\\\/\"},\"wordCount\":1941,\"publisher\":{\"@id\":\"https:\\\/\\\/www.rassegnastampa-totustuus.it\\\/cattolica\\\/#organization\"},\"image\":{\"@id\":\"https:\\\/\\\/www.rassegnastampa-totustuus.it\\\/cattolica\\\/maniaci-e-pervertiti-dittatori-anche-sotto-le-lenzuola\\\/#primaryimage\"},\"thumbnailUrl\":\"https:\\\/\\\/www.rassegnastampa-totustuus.it\\\/cattolica\\\/wp-content\\\/uploads\\\/2021\\\/09\\\/dittatori_totalitarismo.jpg\",\"keywords\":[\"Hitler\",\"Mussolini\",\"Palmiro Togliatti\",\"Stalin\"],\"articleSection\":[\"Personaggi\",\"Storia\"],\"inLanguage\":\"it-IT\"},{\"@type\":\"WebPage\",\"@id\":\"https:\\\/\\\/www.rassegnastampa-totustuus.it\\\/cattolica\\\/maniaci-e-pervertiti-dittatori-anche-sotto-le-lenzuola\\\/\",\"url\":\"https:\\\/\\\/www.rassegnastampa-totustuus.it\\\/cattolica\\\/maniaci-e-pervertiti-dittatori-anche-sotto-le-lenzuola\\\/\",\"name\":\"Maniaci e pervertiti: dittatori anche sotto le lenzuola - Rassegna Stampa Cattolica\",\"isPartOf\":{\"@id\":\"https:\\\/\\\/www.rassegnastampa-totustuus.it\\\/cattolica\\\/#website\"},\"primaryImageOfPage\":{\"@id\":\"https:\\\/\\\/www.rassegnastampa-totustuus.it\\\/cattolica\\\/maniaci-e-pervertiti-dittatori-anche-sotto-le-lenzuola\\\/#primaryimage\"},\"image\":{\"@id\":\"https:\\\/\\\/www.rassegnastampa-totustuus.it\\\/cattolica\\\/maniaci-e-pervertiti-dittatori-anche-sotto-le-lenzuola\\\/#primaryimage\"},\"thumbnailUrl\":\"https:\\\/\\\/www.rassegnastampa-totustuus.it\\\/cattolica\\\/wp-content\\\/uploads\\\/2021\\\/09\\\/dittatori_totalitarismo.jpg\",\"datePublished\":\"2021-09-22T22:00:43+00:00\",\"dateModified\":\"2025-07-17T12:06:27+00:00\",\"description\":\"Maniaci e pervertiti: dittatori anche sotto le lenzuola. La vita affettiva dei dittatori del '900 non brilla per limpidezza.\",\"breadcrumb\":{\"@id\":\"https:\\\/\\\/www.rassegnastampa-totustuus.it\\\/cattolica\\\/maniaci-e-pervertiti-dittatori-anche-sotto-le-lenzuola\\\/#breadcrumb\"},\"inLanguage\":\"it-IT\",\"potentialAction\":[{\"@type\":\"ReadAction\",\"target\":[\"https:\\\/\\\/www.rassegnastampa-totustuus.it\\\/cattolica\\\/maniaci-e-pervertiti-dittatori-anche-sotto-le-lenzuola\\\/\"]}]},{\"@type\":\"ImageObject\",\"inLanguage\":\"it-IT\",\"@id\":\"https:\\\/\\\/www.rassegnastampa-totustuus.it\\\/cattolica\\\/maniaci-e-pervertiti-dittatori-anche-sotto-le-lenzuola\\\/#primaryimage\",\"url\":\"https:\\\/\\\/www.rassegnastampa-totustuus.it\\\/cattolica\\\/wp-content\\\/uploads\\\/2021\\\/09\\\/dittatori_totalitarismo.jpg\",\"contentUrl\":\"https:\\\/\\\/www.rassegnastampa-totustuus.it\\\/cattolica\\\/wp-content\\\/uploads\\\/2021\\\/09\\\/dittatori_totalitarismo.jpg\",\"width\":1920,\"height\":1080},{\"@type\":\"BreadcrumbList\",\"@id\":\"https:\\\/\\\/www.rassegnastampa-totustuus.it\\\/cattolica\\\/maniaci-e-pervertiti-dittatori-anche-sotto-le-lenzuola\\\/#breadcrumb\",\"itemListElement\":[{\"@type\":\"ListItem\",\"position\":1,\"name\":\"Home\",\"item\":\"https:\\\/\\\/www.rassegnastampa-totustuus.it\\\/cattolica\\\/\"},{\"@type\":\"ListItem\",\"position\":2,\"name\":\"Maniaci e pervertiti: dittatori anche sotto le lenzuola\"}]},{\"@type\":\"WebSite\",\"@id\":\"https:\\\/\\\/www.rassegnastampa-totustuus.it\\\/cattolica\\\/#website\",\"url\":\"https:\\\/\\\/www.rassegnastampa-totustuus.it\\\/cattolica\\\/\",\"name\":\"Rassegna Stampa Cattolica\",\"description\":\"Per una cultura che nasce dalla Rivelazione cristiana in conformit\u00e0 alla tradizione e al Magistero della Chiesa in opposizione ad ogni relativismo e totalitarismo\",\"publisher\":{\"@id\":\"https:\\\/\\\/www.rassegnastampa-totustuus.it\\\/cattolica\\\/#organization\"},\"alternateName\":\"Rass. Cattolica\",\"potentialAction\":[{\"@type\":\"SearchAction\",\"target\":{\"@type\":\"EntryPoint\",\"urlTemplate\":\"https:\\\/\\\/www.rassegnastampa-totustuus.it\\\/cattolica\\\/?s={search_term_string}\"},\"query-input\":{\"@type\":\"PropertyValueSpecification\",\"valueRequired\":true,\"valueName\":\"search_term_string\"}}],\"inLanguage\":\"it-IT\"},{\"@type\":\"Organization\",\"@id\":\"https:\\\/\\\/www.rassegnastampa-totustuus.it\\\/cattolica\\\/#organization\",\"name\":\"Rassegna Stampa Cattolica\",\"url\":\"https:\\\/\\\/www.rassegnastampa-totustuus.it\\\/cattolica\\\/\",\"logo\":{\"@type\":\"ImageObject\",\"inLanguage\":\"it-IT\",\"@id\":\"https:\\\/\\\/www.rassegnastampa-totustuus.it\\\/cattolica\\\/#\\\/schema\\\/logo\\\/image\\\/\",\"url\":\"https:\\\/\\\/www.rassegnastampa-totustuus.it\\\/cattolica\\\/wp-content\\\/uploads\\\/2014\\\/04\\\/logo-rassegna1.gif\",\"contentUrl\":\"https:\\\/\\\/www.rassegnastampa-totustuus.it\\\/cattolica\\\/wp-content\\\/uploads\\\/2014\\\/04\\\/logo-rassegna1.gif\",\"width\":600,\"height\":163,\"caption\":\"Rassegna Stampa Cattolica\"},\"image\":{\"@id\":\"https:\\\/\\\/www.rassegnastampa-totustuus.it\\\/cattolica\\\/#\\\/schema\\\/logo\\\/image\\\/\"},\"sameAs\":[\"https:\\\/\\\/www.facebook.com\\\/rassegnastampacattolica\",\"https:\\\/\\\/x.com\\\/rassegnastampa9\"]},{\"@type\":\"Person\",\"@id\":\"https:\\\/\\\/www.rassegnastampa-totustuus.it\\\/cattolica\\\/#\\\/schema\\\/person\\\/08f319d2bd1a0904ad9e2bfb7b15e5c3\",\"name\":\"Redazione\",\"image\":{\"@type\":\"ImageObject\",\"inLanguage\":\"it-IT\",\"@id\":\"https:\\\/\\\/secure.gravatar.com\\\/avatar\\\/2fcdf27c78ea025fbdb44e914cc63c72249ffec9dc8aafd5c82b26240ef3f346?s=96&d=mm&r=g\",\"url\":\"https:\\\/\\\/secure.gravatar.com\\\/avatar\\\/2fcdf27c78ea025fbdb44e914cc63c72249ffec9dc8aafd5c82b26240ef3f346?s=96&d=mm&r=g\",\"contentUrl\":\"https:\\\/\\\/secure.gravatar.com\\\/avatar\\\/2fcdf27c78ea025fbdb44e914cc63c72249ffec9dc8aafd5c82b26240ef3f346?s=96&d=mm&r=g\",\"caption\":\"Redazione\"},\"url\":\"https:\\\/\\\/www.rassegnastampa-totustuus.it\\\/cattolica\\\/author\\\/pietroelle\\\/\"}]}<\/script>\n<!-- \/ Yoast SEO plugin. -->","yoast_head_json":{"title":"Maniaci e pervertiti: dittatori anche sotto le lenzuola - Rassegna Stampa Cattolica","description":"Maniaci e pervertiti: dittatori anche sotto le lenzuola. La vita affettiva dei dittatori del '900 non brilla per limpidezza.","robots":{"index":"index","follow":"follow","max-snippet":"max-snippet:-1","max-image-preview":"max-image-preview:large","max-video-preview":"max-video-preview:-1"},"canonical":"https:\/\/www.rassegnastampa-totustuus.it\/cattolica\/maniaci-e-pervertiti-dittatori-anche-sotto-le-lenzuola\/","og_locale":"it_IT","og_type":"article","og_title":"Maniaci e pervertiti: dittatori anche sotto le lenzuola - Rassegna Stampa Cattolica","og_description":"Maniaci e pervertiti: dittatori anche sotto le lenzuola. La vita affettiva dei dittatori del '900 non brilla per limpidezza.","og_url":"https:\/\/www.rassegnastampa-totustuus.it\/cattolica\/maniaci-e-pervertiti-dittatori-anche-sotto-le-lenzuola\/","og_site_name":"Rassegna Stampa Cattolica","article_publisher":"https:\/\/www.facebook.com\/rassegnastampacattolica","article_published_time":"2021-09-22T22:00:43+00:00","article_modified_time":"2025-07-17T12:06:27+00:00","og_image":[{"width":1920,"height":1080,"url":"https:\/\/www.rassegnastampa-totustuus.it\/cattolica\/wp-content\/uploads\/2021\/09\/dittatori_totalitarismo.jpg","type":"image\/jpeg"}],"author":"Redazione","twitter_card":"summary_large_image","twitter_creator":"@rassegnastampa9","twitter_site":"@rassegnastampa9","twitter_misc":{"Scritto da":"Redazione","Tempo di lettura stimato":"13 minuti"},"schema":{"@context":"https:\/\/schema.org","@graph":[{"@type":"Article","@id":"https:\/\/www.rassegnastampa-totustuus.it\/cattolica\/maniaci-e-pervertiti-dittatori-anche-sotto-le-lenzuola\/#article","isPartOf":{"@id":"https:\/\/www.rassegnastampa-totustuus.it\/cattolica\/maniaci-e-pervertiti-dittatori-anche-sotto-le-lenzuola\/"},"author":{"name":"Redazione","@id":"https:\/\/www.rassegnastampa-totustuus.it\/cattolica\/#\/schema\/person\/08f319d2bd1a0904ad9e2bfb7b15e5c3"},"headline":"Maniaci e pervertiti: dittatori anche sotto le lenzuola","datePublished":"2021-09-22T22:00:43+00:00","dateModified":"2025-07-17T12:06:27+00:00","mainEntityOfPage":{"@id":"https:\/\/www.rassegnastampa-totustuus.it\/cattolica\/maniaci-e-pervertiti-dittatori-anche-sotto-le-lenzuola\/"},"wordCount":1941,"publisher":{"@id":"https:\/\/www.rassegnastampa-totustuus.it\/cattolica\/#organization"},"image":{"@id":"https:\/\/www.rassegnastampa-totustuus.it\/cattolica\/maniaci-e-pervertiti-dittatori-anche-sotto-le-lenzuola\/#primaryimage"},"thumbnailUrl":"https:\/\/www.rassegnastampa-totustuus.it\/cattolica\/wp-content\/uploads\/2021\/09\/dittatori_totalitarismo.jpg","keywords":["Hitler","Mussolini","Palmiro Togliatti","Stalin"],"articleSection":["Personaggi","Storia"],"inLanguage":"it-IT"},{"@type":"WebPage","@id":"https:\/\/www.rassegnastampa-totustuus.it\/cattolica\/maniaci-e-pervertiti-dittatori-anche-sotto-le-lenzuola\/","url":"https:\/\/www.rassegnastampa-totustuus.it\/cattolica\/maniaci-e-pervertiti-dittatori-anche-sotto-le-lenzuola\/","name":"Maniaci e pervertiti: dittatori anche sotto le lenzuola - Rassegna Stampa Cattolica","isPartOf":{"@id":"https:\/\/www.rassegnastampa-totustuus.it\/cattolica\/#website"},"primaryImageOfPage":{"@id":"https:\/\/www.rassegnastampa-totustuus.it\/cattolica\/maniaci-e-pervertiti-dittatori-anche-sotto-le-lenzuola\/#primaryimage"},"image":{"@id":"https:\/\/www.rassegnastampa-totustuus.it\/cattolica\/maniaci-e-pervertiti-dittatori-anche-sotto-le-lenzuola\/#primaryimage"},"thumbnailUrl":"https:\/\/www.rassegnastampa-totustuus.it\/cattolica\/wp-content\/uploads\/2021\/09\/dittatori_totalitarismo.jpg","datePublished":"2021-09-22T22:00:43+00:00","dateModified":"2025-07-17T12:06:27+00:00","description":"Maniaci e pervertiti: dittatori anche sotto le lenzuola. La vita affettiva dei dittatori del '900 non brilla per limpidezza.","breadcrumb":{"@id":"https:\/\/www.rassegnastampa-totustuus.it\/cattolica\/maniaci-e-pervertiti-dittatori-anche-sotto-le-lenzuola\/#breadcrumb"},"inLanguage":"it-IT","potentialAction":[{"@type":"ReadAction","target":["https:\/\/www.rassegnastampa-totustuus.it\/cattolica\/maniaci-e-pervertiti-dittatori-anche-sotto-le-lenzuola\/"]}]},{"@type":"ImageObject","inLanguage":"it-IT","@id":"https:\/\/www.rassegnastampa-totustuus.it\/cattolica\/maniaci-e-pervertiti-dittatori-anche-sotto-le-lenzuola\/#primaryimage","url":"https:\/\/www.rassegnastampa-totustuus.it\/cattolica\/wp-content\/uploads\/2021\/09\/dittatori_totalitarismo.jpg","contentUrl":"https:\/\/www.rassegnastampa-totustuus.it\/cattolica\/wp-content\/uploads\/2021\/09\/dittatori_totalitarismo.jpg","width":1920,"height":1080},{"@type":"BreadcrumbList","@id":"https:\/\/www.rassegnastampa-totustuus.it\/cattolica\/maniaci-e-pervertiti-dittatori-anche-sotto-le-lenzuola\/#breadcrumb","itemListElement":[{"@type":"ListItem","position":1,"name":"Home","item":"https:\/\/www.rassegnastampa-totustuus.it\/cattolica\/"},{"@type":"ListItem","position":2,"name":"Maniaci e pervertiti: dittatori anche sotto le lenzuola"}]},{"@type":"WebSite","@id":"https:\/\/www.rassegnastampa-totustuus.it\/cattolica\/#website","url":"https:\/\/www.rassegnastampa-totustuus.it\/cattolica\/","name":"Rassegna Stampa Cattolica","description":"Per una cultura che nasce dalla Rivelazione cristiana in conformit\u00e0 alla tradizione e al Magistero della Chiesa in opposizione ad ogni relativismo e totalitarismo","publisher":{"@id":"https:\/\/www.rassegnastampa-totustuus.it\/cattolica\/#organization"},"alternateName":"Rass. Cattolica","potentialAction":[{"@type":"SearchAction","target":{"@type":"EntryPoint","urlTemplate":"https:\/\/www.rassegnastampa-totustuus.it\/cattolica\/?s={search_term_string}"},"query-input":{"@type":"PropertyValueSpecification","valueRequired":true,"valueName":"search_term_string"}}],"inLanguage":"it-IT"},{"@type":"Organization","@id":"https:\/\/www.rassegnastampa-totustuus.it\/cattolica\/#organization","name":"Rassegna Stampa Cattolica","url":"https:\/\/www.rassegnastampa-totustuus.it\/cattolica\/","logo":{"@type":"ImageObject","inLanguage":"it-IT","@id":"https:\/\/www.rassegnastampa-totustuus.it\/cattolica\/#\/schema\/logo\/image\/","url":"https:\/\/www.rassegnastampa-totustuus.it\/cattolica\/wp-content\/uploads\/2014\/04\/logo-rassegna1.gif","contentUrl":"https:\/\/www.rassegnastampa-totustuus.it\/cattolica\/wp-content\/uploads\/2014\/04\/logo-rassegna1.gif","width":600,"height":163,"caption":"Rassegna Stampa Cattolica"},"image":{"@id":"https:\/\/www.rassegnastampa-totustuus.it\/cattolica\/#\/schema\/logo\/image\/"},"sameAs":["https:\/\/www.facebook.com\/rassegnastampacattolica","https:\/\/x.com\/rassegnastampa9"]},{"@type":"Person","@id":"https:\/\/www.rassegnastampa-totustuus.it\/cattolica\/#\/schema\/person\/08f319d2bd1a0904ad9e2bfb7b15e5c3","name":"Redazione","image":{"@type":"ImageObject","inLanguage":"it-IT","@id":"https:\/\/secure.gravatar.com\/avatar\/2fcdf27c78ea025fbdb44e914cc63c72249ffec9dc8aafd5c82b26240ef3f346?s=96&d=mm&r=g","url":"https:\/\/secure.gravatar.com\/avatar\/2fcdf27c78ea025fbdb44e914cc63c72249ffec9dc8aafd5c82b26240ef3f346?s=96&d=mm&r=g","contentUrl":"https:\/\/secure.gravatar.com\/avatar\/2fcdf27c78ea025fbdb44e914cc63c72249ffec9dc8aafd5c82b26240ef3f346?s=96&d=mm&r=g","caption":"Redazione"},"url":"https:\/\/www.rassegnastampa-totustuus.it\/cattolica\/author\/pietroelle\/"}]}},"_links":{"self":[{"href":"https:\/\/www.rassegnastampa-totustuus.it\/cattolica\/wp-json\/wp\/v2\/posts\/52533","targetHints":{"allow":["GET"]}}],"collection":[{"href":"https:\/\/www.rassegnastampa-totustuus.it\/cattolica\/wp-json\/wp\/v2\/posts"}],"about":[{"href":"https:\/\/www.rassegnastampa-totustuus.it\/cattolica\/wp-json\/wp\/v2\/types\/post"}],"author":[{"embeddable":true,"href":"https:\/\/www.rassegnastampa-totustuus.it\/cattolica\/wp-json\/wp\/v2\/users\/6"}],"replies":[{"embeddable":true,"href":"https:\/\/www.rassegnastampa-totustuus.it\/cattolica\/wp-json\/wp\/v2\/comments?post=52533"}],"version-history":[{"count":8,"href":"https:\/\/www.rassegnastampa-totustuus.it\/cattolica\/wp-json\/wp\/v2\/posts\/52533\/revisions"}],"predecessor-version":[{"id":63365,"href":"https:\/\/www.rassegnastampa-totustuus.it\/cattolica\/wp-json\/wp\/v2\/posts\/52533\/revisions\/63365"}],"wp:featuredmedia":[{"embeddable":true,"href":"https:\/\/www.rassegnastampa-totustuus.it\/cattolica\/wp-json\/wp\/v2\/media\/52542"}],"wp:attachment":[{"href":"https:\/\/www.rassegnastampa-totustuus.it\/cattolica\/wp-json\/wp\/v2\/media?parent=52533"}],"wp:term":[{"taxonomy":"category","embeddable":true,"href":"https:\/\/www.rassegnastampa-totustuus.it\/cattolica\/wp-json\/wp\/v2\/categories?post=52533"},{"taxonomy":"post_tag","embeddable":true,"href":"https:\/\/www.rassegnastampa-totustuus.it\/cattolica\/wp-json\/wp\/v2\/tags?post=52533"}],"curies":[{"name":"wp","href":"https:\/\/api.w.org\/{rel}","templated":true}]}}