{"id":5252,"date":"2012-10-25T00:00:00","date_gmt":"2012-10-24T22:00:00","guid":{"rendered":""},"modified":"2015-05-10T11:26:25","modified_gmt":"2015-05-10T09:26:25","slug":"maria-valtorta-e-il-vangelo-rivelato","status":"publish","type":"post","link":"https:\/\/www.rassegnastampa-totustuus.it\/cattolica\/maria-valtorta-e-il-vangelo-rivelato\/","title":{"rendered":"Maria Valtorta e il Vangelo rivelato"},"content":{"rendered":"<div style=\"text-align: center;\"><a href=\"https:\/\/www.rassegnastampa-totustuus.it\/cattolica\/wp-content\/uploads\/2010\/11\/Maria_Valtorta.jpg\"><img loading=\"lazy\" decoding=\"async\" class=\"alignleft wp-image-21607\" src=\"https:\/\/www.rassegnastampa-totustuus.it\/cattolica\/wp-content\/uploads\/2010\/11\/Maria_Valtorta.jpg\" alt=\"Maria_Valtorta\" width=\"187\" height=\"250\" \/><\/a>Dal sito della <strong><a href=\"http:\/\/www.fondazionemariavaltortacev.org\/Default.aspx\" target=\"_blank\">Fondazione Maria Valtorta<\/a><\/strong><\/div>\n<p style=\"text-align: justify;\"><em>Vita e opere della mistica che ha consacrato la sua vita a Cristo ricevendo il dono di una ispirazione soprannaturale grazie alla quale ha potuto scrivere migliaia di pagine, in gran parte dedicate ai tre anni della vita pubblica di Ges\u00f9.<\/em><\/p>\n<p style=\"text-align: justify;\">Maria Valtorta nacque il 14 marzo 1897 a Caserta, dove i genitori, che erano lombardi, si trovavano temporaneamente. Era figlia unica di un maresciallo di Cavalleria, uomo buono e remissivo, e di una insegnante di francese, donna bisbetica e severa. Dopo aver rischiato di morire nel nascere, la piccina venne affidata ad una balia di cattivi costumi, che arrivava al punto di lasciarla per ore tra i solchi di grano nella campagna assolata.<\/p>\n<p><!--more--><\/p>\n<div align=\"justify\">\n<p style=\"text-align: justify;\">\n<p style=\"text-align: justify;\">I frequenti trasferimenti della famiglia, causati dagli spostamenti del Reggimento nel quale il padre prestava servizio, la portarono a trascorrere i primi anni di vita a Faenza, in Romagna, e successivamente a Milano, dove Maria andava all&#8217;asilo dalle suore Orsoline. Fu qui che, in et\u00e0 precoce, ebbe l&#8217;intuizione mistica che l&#8217;avrebbe segnata per sempre: quella di vedere il dolore associato in modo indissolubile con l&#8217;amore, tanto da desiderare di &#8220;consolare Ges\u00f9 facendosi simile a Lui nel dolore volontariamente patito per amore&#8221;.<\/p>\n<p style=\"text-align: justify;\">Pure a Milano inizi\u00f2 le scuole elementari dalle suore Marcelline, divenendo la prima della classe. Nello stesso Istituto ricevette, nel 1905, il sacramento della Cresima dalle mani del cardinale Andrea Ferrari (oggi Beato), che la chiamava &#8220;Valtortino&#8221; per aver notato un&#8217;impronta di forza virile nella formazione del suo carattere.<\/p>\n<p style=\"text-align: justify;\">Continu\u00f2 le elementari a Voghera, nelle scuole comunali, e sempre a Voghera prendeva lezioni di lingua francese da alcune Suore espulse dalla Francia per una legge anticlericale. Le stesse Suore la prepararono alla prima Comunione, che pot\u00e9 fare a Casteggio nell&#8217;ottobre 1908, ma senza la presenza del padre, ritenuta inutile dalla madre.<\/p>\n<p style=\"text-align: justify;\">Legata a suo padre da grande affetto, soffr\u00ec molto quando, all&#8217;et\u00e0 di 12 anni, dovette sottostare all&#8217;arbitraria decisione materna di staccarla da casa per mandarla in collegio. In compenso si trattava del prestigioso Collegio Bianconi di Monza, tenuto dalle Suore di Maria Ss. Bambina. Lo consider\u00f2 il suo &#8220;nido di pace&#8221;, che per quattro anni appag\u00f2 il suo amore allo studio e alla disciplina. Al momento di uscirne, sedicenne, la predica di un Vescovo le fece capire che il Signore le chiedeva una vita di amorosa penitenza ma rimanendo nel mondo.<\/p>\n<p>A casa trov\u00f2 il padre menomato nel fisico e nella mente, tanto che egli and\u00f2 in pensione anzitempo e la famiglia si trasfer\u00ec a Firenze. Maria si trovava bene nella citt\u00e0 della cultura e dell&#8217;arte. Spesso usciva a visitarla in compagnia del padre.<\/p>\n<p>Ma vi sub\u00ec il dolore di vedere troncato sul nascere, dalla durezza della mamma, il promettente fidanzamento con un distinto giovane, appena conosciuto. Sempre a Firenze, nel 1917, in piena guerra mondiale, entr\u00f2 nel corpo delle infermiere volontarie (le cosiddette Samaritane) che negli ospedali militari curavano i soldati feriti; e quell&#8217;esperienza la edific\u00f2. Ma nel 1920 fu colpita per strada da un sovversivo comunista, che le sferr\u00f2 una mazzata alle reni predisponendola all&#8217;infermit\u00e0.<\/p>\n<p>Ebbe allora la fortunata opportunit\u00e0 di trascorrere due anni a Reggio Calabria, ospite di cugini della mamma, che erano facoltosi proprietari di due alberghi. Il loro sincero affetto e la bellezza naturale del luogo la ritemprarono. Durante quella vacanza avvert\u00ec nuove spinte verso una vita radicata in Cristo. Ma la mamma, pur da lontano, la fer\u00ec ancora nei suoi sentimenti di donna, e il ritorno a Firenze, nel 1922, la risommerse nei &#8220;ricordi amari&#8221;.<\/p>\n<p>Nel 1924 i genitori acquistarono una casa a Viareggio, dove la famiglia and\u00f2 a stabilirsi e dove ebbe inizio per Maria un&#8217;inarrestabile ascesi, che si esprimeva con propositi fermi e culminava in eroiche offerte di s\u00e9 per amore a Dio e all&#8217;umanit\u00e0. Nello stesso tempo ella si impegnava in parrocchia come delegata di cultura per le giovani di Azione Cattolica e teneva conferenze che erano seguite anche da non praticanti.<\/p>\n<p>Ma le era sempre pi\u00f9 difficile muoversi. Il 4 gennaio 1933 usc\u00ec di casa per l&#8217;ultima volta, con estrema fatica, e dal 1\u00b0 aprile 1934, giorno di Pasqua, non si lev\u00f2 pi\u00f9 dal letto.<\/p>\n<p>Il 24 maggio 1935 fu presa in casa una giovane rimasta orfana e sola, Marta Diciotti, che diventer\u00e0 la sua assistente e confidente per tutto il resto della vita. Dopo un mese, il 30 giugno, moriva il padre amatissimo, e Maria fu sul punto di morirne per il dolore. La madre, che lei am\u00f2 sempre per dovere naturale e con sentimento soprannaturale, come pi\u00f9 volte attesta nei suoi scritti, morir\u00e0 il 4 ottobre 1943 senza avere mai smesso di vessare la figlia.<\/p>\n<p>Agli inizi del 1943, su richiesta del Servita Padre Migliorini, suo direttore spirituale, Maria inizi\u00f2 a scrivere le sue memorie. Il 23 aprile, venerd\u00ec santo, una voce, gi\u00e0 nota al suo spirito, le dett\u00f2 una pagina che Padre Migliorini defin\u00ec di origine so\u00adprannaturale, invitando Maria a scrivere quanto altro avrebbe \u201cricevuto\u201d.<\/p>\n<p>Ella scrisse quasi ogni giorno fino al 1947, e ad intermittenza negli anni successivi fino al 1951. Le pagine manoscritte diventarono circa quindicimila, che redigeva \u201cda dentro il racconto\u201d, senza correzioni e senza mai perdere il filo, percependo i profumi, sentendo i rumori, seguendo Ges\u00f9 nei suoi spostamenti.<\/p>\n<p>Non si interruppe nemmeno nel &#8217;44, quando, imperversando la seconda guerra mondiale, dovette, suo malgrado, sfollare a Sant\u2019Andrea di C\u00f2mpito (in provincia di Lucca). Mantenendosi sempre nel nascondimento, ebbe la grazia di non avere sul corpo i segni manifesti della sua partecipazione fisica alla Passione del Cristo. Arriv\u00f2 ad offrire a Dio perfino l\u2019intelletto; cos\u00ec, a partire dal 1956, Maria inizi\u00f2 a dare segni di un distacco psichico, incomunicabilit\u00e0, apatia.<\/p>\n<p>Si spense il 12 ottobre 1961, a 64 anni, di cui 27 passati a letto. Dodici anni dopo, il 2 luglio 1973, i suoi resti mortali, furono traslati dal Camposanto della Misericordia di Viareggio nella cappella del Capitolo al Chiostro grande della Basilica della Ss. Annunziata a Firenze.<\/p>\n<p>La sua opera maggiore \u00e8 l&#8217;Evangelo come mi \u00e8 stato rivelato, pubblicata in dieci volumi tradotti in circa 30 lingue.<\/p>\n<p><strong>Mistica e scrittrice<\/strong><\/p>\n<p>Proprio agli inizi del 1943, quando Maria, inferma da nove anni, pensava di aver consumato ogni sacrificio e di essere prossima alla fine, Padre Migliorini, un religioso Servita che da alcuni mesi la dirigeva spiritualmente, le chiese di scrivere le sue memorie. Dopo un&#8217;esitazione ella acconsent\u00ec, e con disinvoltura, seduta nel letto, riemp\u00ec di suo pugno sette quaderni in meno di due mesi, non solo dando prova di grande talento come scrittrice, ma anche aprendo la sua anima in una confidenza senza veli.<\/p>\n<p>Si era come liberata del passato, affidato a quelle 760 pagine manoscritte consegnate al confessore, e si predisponeva con maggiore fiducia alla morte, quando una voce, gi\u00e0 nota al suo spirito, le dett\u00f2 una pagina di sapienza divina, che fu il segno di una svolta impensata. Era il 23 aprile 1943, venerd\u00ec santo.<\/p>\n<p>Dalla sua stanza Maria chiam\u00f2 la fedele Marta, le fece capire che era avvenuto qualcosa di straordinario e la mand\u00f2 a chiamare il Padre Migliorini, che non si fece attendere. Il religioso rassicur\u00f2 la sua assistita sull&#8217;origine soprannaturale del &#8220;dettato&#8221; e la invit\u00f2 a scrivere quanto altro avrebbe &#8220;ricevuto&#8221;. E continu\u00f2 a rifornirla di quaderni.<\/p>\n<p>Ella scrisse quasi ogni giorno fino al 1947, ad intermittenze negli anni successivi fino al 1951. I quaderni diventarono 122 (oltre ai 7 dell&#8217;Autobiografia) e le pagine manoscritte oltre tredicimila.<\/p>\n<p>Sempre seduta nel letto, scriveva con penna stilografica sul quaderno poggiato alle ginocchia e messo su un cartolare fatto con le sue mani. Non preparava schemi, non sapeva neppure cosa avrebbe scritto giorno per giorno, non rileggeva per correggere. Non aveva bisogno di concentrarsi n\u00e9 di consultare libri, tranne la Bibbia e il Catechismo di Pio X.<\/p>\n<p>Poteva essere interrotta per qualsiasi motivo, anche banale, e riprendeva senza perdere il filo. Non la fermavano le fasi acute del suo soffrire o il bisogno impellente di riposare, giacch\u00e9 le capitava di dover scrivere anche di notte.<\/p>\n<p>Partecipava con tutta se stessa al racconto che fluiva dalla sua penna di scrittrice dotata, ma se si trattava di temi teo\u00adlogici poteva anche non comprenderne il senso profondo. Spesso chiamava Marta, sottraendola alle faccende di casa, e le leggeva quello che aveva scritto.<\/p>\n<p>Non sospese neppure quando, nell&#8217;imperversare della seconda guerra mondiale, fu obbligata a sfollare a Sant&#8217;Andrea di C\u00f2mpito (frazione del comune di Cap\u00e0nnori in provincia di Lucca), dove si vide trapiantata con il mobilio della sua camera d&#8217;inferma, e con il carico di nuove sofferenze, dall&#8217;aprile al dicembre del 1944.<\/p>\n<p>Soprattutto a Viareggio, la sua occupazione di scrittrice a tempo pieno non la estrani\u00f2 dal mondo, di cui seguiva gli eventi attraverso il giornale e la radio. Neppure si sottraeva ai suoi doveri di cittadina, tanto che nelle elezioni politiche del 1948 si fece portare in ambulanza al seggio elettorale.<\/p>\n<p>Riceveva solo persone amiche e in seguito ebbe qualche visita di riguardo. Non trascurava la corrispondenza epistolare, che fu particolarmente fitta con una monaca di clausura, carmelitana, considerata come mamma spirituale.<\/p>\n<p>Pregava e soffriva, ma procurava di non mostrarlo. Le sue orazioni erano di preferenza segrete e i suoi rapimenti estatici, rilevabili dagli scritti personali, non ebbero testimoni. Protetta da un aspetto sano, non lasciava trapelare i duri e continui patimenti, abbracciati con gioia spirituale per ansia di redimere. Gelosa del proprio nascondimento, ottenne la grazia di non avere sul corpo i segni manifesti della sua partecipazione fisica alla Passione del Cristo.<\/p>\n<p>Appariva come una persona normale, quantunque inferma. Si prestava a quei lavori femminili o domestici che si possono eseguire stando a letto, come ricamare, preparare una verdura, pulire la gabbietta degli uccellini. Qualche volta ha perfino cantato: aveva una bella voce.<\/p>\n<p><strong>Le sue opere<\/strong><\/p>\n<p>L&#8217;opera principale, tra gli scritti di Maria Valtorta, \u00e8 pubblicata in dieci volumi sotto il titolo: <em>L&#8217;Evangelo come mi \u00e8 stato rivelato<\/em>.<\/p>\n<p>Narra la nascita e l&#8217;infanzia della Vergine Maria e del figlio suo Ges\u00f9 (scritte, in gran parte, durante lo sfollamento da Viareggio), i tre anni della vita pubblica di Ges\u00f9 (che costituiscono il grosso dell&#8217;opera), la sua passione, morte, resurrezione e ascensione, i primordi della Chiesa e l&#8217;assunzione di Maria.<\/p>\n<p>Letterariamente elevata, l&#8217;opera descrive paesaggi, ambienti, persone, eventi, con la vivezza di una rappresentazione; delinea caratteri e situazioni con abilit\u00e0 introspettiva; espone gioie e drammi con il sentimento di chi vi partecipa realmente; informa su caratteristiche ambientali, usanze, riti, culture, con particolari ineccepibili. Attraverso l&#8217;avvincente racconto della vita terrena del Redentore, ricca di discorsi e di dialoghi, illustra tutta la dottrina del cristianesimo conforme all&#8217;ortodossia cattolica.<\/p>\n<p>Maria Valtorta stese quest&#8217;opera dal 1944 al 1947. Alcuni degli ultimi episodi sono del 1951. Non sempre procedeva secondo l&#8217;ordine narrativo. A volte, per contingenti esigenze spirituali, doveva scrivere uno o pi\u00f9 episodi fuori dalla trama, e in seguito Ges\u00f9 stesso le indicava dove andavano inseriti. Nonostante la sporadica discontinuit\u00e0 nella stesura e nonostante l&#8217;assoluta mancanza di schemi preparatori, sia scritti che mentali, l&#8217;opera ha una struttura perfettamente organica dall&#8217;inizio alla fine.<\/p>\n<p>Per giunta, Maria Valtorta la intercalava con pagine di vari argomenti, cominciate a scrivere nel 1943 (appena ultimata <em>l&#8217;Autobiografia<\/em>) e proseguite negli anni successivi fino al 1950. Esse hanno dato corpo alle opere minori, che sono pubblicate in cinque volumi, oltre a quello dell&#8217;Autobiografia.<\/p>\n<p>Tre volumi \u2013 intitolati rispettivamente <em>I quaderni del 1943<\/em>, <em>I quaderni del 1944<\/em> e <em>I quaderni del 1945-1950<\/em> \u2013 raccolgono una miscellanea di scritti su temi ascetici, biblici, dottrinali, di cronaca autobiografica, nonch\u00e9 descrizioni di scene evangeliche e di martirio dei primi cristiani. Un volume, intitolato <em>Libro di Azaria<\/em>, offre commenti ai testi (esclusi quelli del Vangelo) del messale festivo. L&#8217;ultimo volume \u00e8 quello delle <em>Lezioni sull&#8217;Epistola di Paolo ai Romani.<\/em><\/p>\n<p>Altri scritti sparsi, rimasti inediti per lunghi anni, sono stati raccolti e pubblicati sotto il titolo <em>Quadernetti<\/em>. \u00c8 stata anche iniziata la pubblicazione dell&#8217;epistolario con le <em>Lettere a Mons. Carinci<\/em> e <em>le Lettere a padre Migliorini<\/em>.<\/p>\n<p>________________<\/p>\n<p><strong>Leggi anche:<\/strong><\/p>\n<p><a href=\"https:\/\/www.rassegnastampa-totustuus.it\/cattolica\/?p=4995\">&#8220;L&#8217;Evangelo come mi \u00e8 stato rivelato&#8221;<\/a><\/p>\n<p><a href=\"https:\/\/www.rassegnastampa-totustuus.it\/cattolica\/?p=4199\" target=\"_blank\">Maria Valtorta profetessa della &#8220;estrema evangelizzazione&#8221;<\/a><\/p>\n<p>&nbsp;<\/p>\n<\/div>\n","protected":false},"excerpt":{"rendered":"<p>Dal sito della Fondazione Maria Valtorta Vita e opere della mistica che ha consacrato la sua vita a Cristo ricevendo il dono di una ispirazione soprannaturale grazie alla quale ha potuto scrivere migliaia di pagine, in gran parte dedicate ai tre anni della vita pubblica di Ges\u00f9. Maria Valtorta nacque il 14 marzo 1897 a &hellip; <\/p>\n<p><a class=\"more-link btn\" href=\"https:\/\/www.rassegnastampa-totustuus.it\/cattolica\/maria-valtorta-e-il-vangelo-rivelato\/\">Continua a leggere<\/a><\/p>\n","protected":false},"author":6,"featured_media":21607,"comment_status":"closed","ping_status":"open","sticky":false,"template":"","format":"standard","meta":{"footnotes":""},"categories":[5,18],"tags":[1862],"class_list":["post-5252","post","type-post","status-publish","format-standard","has-post-thumbnail","hentry","category-chiesa","category-personaggi","tag-maria-valtorta","item-wrap"],"yoast_head":"<!-- This site is optimized with the Yoast SEO plugin v27.4 - https:\/\/yoast.com\/product\/yoast-seo-wordpress\/ -->\n<title>Maria Valtorta e il Vangelo rivelato - Rassegna Stampa Cattolica<\/title>\n<meta name=\"description\" content=\"Rassegna Stampa Cattolica - Per una cultura che nasce dalla Rivelazione cristiana in conformit\u00e0 alla tradizione e al Magistero della Chiesa in opposizione ad ogni relativismo e totalitarismo\" \/>\n<meta name=\"robots\" content=\"index, follow, max-snippet:-1, max-image-preview:large, max-video-preview:-1\" \/>\n<link rel=\"canonical\" href=\"https:\/\/www.rassegnastampa-totustuus.it\/cattolica\/maria-valtorta-e-il-vangelo-rivelato\/\" \/>\n<meta property=\"og:locale\" content=\"it_IT\" \/>\n<meta property=\"og:type\" content=\"article\" \/>\n<meta property=\"og:title\" content=\"Maria Valtorta e il Vangelo rivelato - Rassegna Stampa Cattolica\" \/>\n<meta property=\"og:description\" content=\"Rassegna Stampa Cattolica - Per una cultura che nasce dalla Rivelazione cristiana in conformit\u00e0 alla tradizione e al Magistero della Chiesa in opposizione ad ogni relativismo e totalitarismo\" \/>\n<meta property=\"og:url\" content=\"https:\/\/www.rassegnastampa-totustuus.it\/cattolica\/maria-valtorta-e-il-vangelo-rivelato\/\" \/>\n<meta property=\"og:site_name\" content=\"Rassegna Stampa Cattolica\" \/>\n<meta property=\"article:publisher\" content=\"https:\/\/www.facebook.com\/rassegnastampacattolica\" \/>\n<meta property=\"article:published_time\" content=\"2012-10-24T22:00:00+00:00\" \/>\n<meta property=\"article:modified_time\" content=\"2015-05-10T09:26:25+00:00\" \/>\n<meta property=\"og:image\" content=\"https:\/\/www.rassegnastampa-totustuus.it\/cattolica\/wp-content\/uploads\/2010\/11\/Maria_Valtorta.jpg\" \/>\n\t<meta property=\"og:image:width\" content=\"194\" \/>\n\t<meta property=\"og:image:height\" content=\"259\" \/>\n\t<meta property=\"og:image:type\" content=\"image\/jpeg\" \/>\n<meta name=\"author\" content=\"Redazione\" \/>\n<meta name=\"twitter:card\" content=\"summary_large_image\" \/>\n<meta name=\"twitter:creator\" content=\"@rassegnastampa9\" \/>\n<meta name=\"twitter:site\" content=\"@rassegnastampa9\" \/>\n<meta name=\"twitter:label1\" content=\"Scritto da\" \/>\n\t<meta name=\"twitter:data1\" content=\"Redazione\" \/>\n\t<meta name=\"twitter:label2\" content=\"Tempo di lettura stimato\" \/>\n\t<meta name=\"twitter:data2\" content=\"10 minuti\" \/>\n<script type=\"application\/ld+json\" class=\"yoast-schema-graph\">{\"@context\":\"https:\\\/\\\/schema.org\",\"@graph\":[{\"@type\":\"Article\",\"@id\":\"https:\\\/\\\/www.rassegnastampa-totustuus.it\\\/cattolica\\\/maria-valtorta-e-il-vangelo-rivelato\\\/#article\",\"isPartOf\":{\"@id\":\"https:\\\/\\\/www.rassegnastampa-totustuus.it\\\/cattolica\\\/maria-valtorta-e-il-vangelo-rivelato\\\/\"},\"author\":{\"name\":\"Redazione\",\"@id\":\"https:\\\/\\\/www.rassegnastampa-totustuus.it\\\/cattolica\\\/#\\\/schema\\\/person\\\/08f319d2bd1a0904ad9e2bfb7b15e5c3\"},\"headline\":\"Maria Valtorta e il Vangelo rivelato\",\"datePublished\":\"2012-10-24T22:00:00+00:00\",\"dateModified\":\"2015-05-10T09:26:25+00:00\",\"mainEntityOfPage\":{\"@id\":\"https:\\\/\\\/www.rassegnastampa-totustuus.it\\\/cattolica\\\/maria-valtorta-e-il-vangelo-rivelato\\\/\"},\"wordCount\":1987,\"publisher\":{\"@id\":\"https:\\\/\\\/www.rassegnastampa-totustuus.it\\\/cattolica\\\/#organization\"},\"image\":{\"@id\":\"https:\\\/\\\/www.rassegnastampa-totustuus.it\\\/cattolica\\\/maria-valtorta-e-il-vangelo-rivelato\\\/#primaryimage\"},\"thumbnailUrl\":\"https:\\\/\\\/www.rassegnastampa-totustuus.it\\\/cattolica\\\/wp-content\\\/uploads\\\/2010\\\/11\\\/Maria_Valtorta.jpg\",\"keywords\":[\"Maria Valtorta\"],\"articleSection\":[\"Chiesa\",\"Personaggi\"],\"inLanguage\":\"it-IT\"},{\"@type\":\"WebPage\",\"@id\":\"https:\\\/\\\/www.rassegnastampa-totustuus.it\\\/cattolica\\\/maria-valtorta-e-il-vangelo-rivelato\\\/\",\"url\":\"https:\\\/\\\/www.rassegnastampa-totustuus.it\\\/cattolica\\\/maria-valtorta-e-il-vangelo-rivelato\\\/\",\"name\":\"Maria Valtorta e il Vangelo rivelato - Rassegna Stampa Cattolica\",\"isPartOf\":{\"@id\":\"https:\\\/\\\/www.rassegnastampa-totustuus.it\\\/cattolica\\\/#website\"},\"primaryImageOfPage\":{\"@id\":\"https:\\\/\\\/www.rassegnastampa-totustuus.it\\\/cattolica\\\/maria-valtorta-e-il-vangelo-rivelato\\\/#primaryimage\"},\"image\":{\"@id\":\"https:\\\/\\\/www.rassegnastampa-totustuus.it\\\/cattolica\\\/maria-valtorta-e-il-vangelo-rivelato\\\/#primaryimage\"},\"thumbnailUrl\":\"https:\\\/\\\/www.rassegnastampa-totustuus.it\\\/cattolica\\\/wp-content\\\/uploads\\\/2010\\\/11\\\/Maria_Valtorta.jpg\",\"datePublished\":\"2012-10-24T22:00:00+00:00\",\"dateModified\":\"2015-05-10T09:26:25+00:00\",\"description\":\"Rassegna Stampa Cattolica - Per una cultura che nasce dalla Rivelazione cristiana in conformit\u00e0 alla tradizione e al Magistero della Chiesa in opposizione ad ogni relativismo e totalitarismo\",\"breadcrumb\":{\"@id\":\"https:\\\/\\\/www.rassegnastampa-totustuus.it\\\/cattolica\\\/maria-valtorta-e-il-vangelo-rivelato\\\/#breadcrumb\"},\"inLanguage\":\"it-IT\",\"potentialAction\":[{\"@type\":\"ReadAction\",\"target\":[\"https:\\\/\\\/www.rassegnastampa-totustuus.it\\\/cattolica\\\/maria-valtorta-e-il-vangelo-rivelato\\\/\"]}]},{\"@type\":\"ImageObject\",\"inLanguage\":\"it-IT\",\"@id\":\"https:\\\/\\\/www.rassegnastampa-totustuus.it\\\/cattolica\\\/maria-valtorta-e-il-vangelo-rivelato\\\/#primaryimage\",\"url\":\"https:\\\/\\\/www.rassegnastampa-totustuus.it\\\/cattolica\\\/wp-content\\\/uploads\\\/2010\\\/11\\\/Maria_Valtorta.jpg\",\"contentUrl\":\"https:\\\/\\\/www.rassegnastampa-totustuus.it\\\/cattolica\\\/wp-content\\\/uploads\\\/2010\\\/11\\\/Maria_Valtorta.jpg\",\"width\":194,\"height\":259},{\"@type\":\"BreadcrumbList\",\"@id\":\"https:\\\/\\\/www.rassegnastampa-totustuus.it\\\/cattolica\\\/maria-valtorta-e-il-vangelo-rivelato\\\/#breadcrumb\",\"itemListElement\":[{\"@type\":\"ListItem\",\"position\":1,\"name\":\"Home\",\"item\":\"https:\\\/\\\/www.rassegnastampa-totustuus.it\\\/cattolica\\\/\"},{\"@type\":\"ListItem\",\"position\":2,\"name\":\"Maria Valtorta e il Vangelo rivelato\"}]},{\"@type\":\"WebSite\",\"@id\":\"https:\\\/\\\/www.rassegnastampa-totustuus.it\\\/cattolica\\\/#website\",\"url\":\"https:\\\/\\\/www.rassegnastampa-totustuus.it\\\/cattolica\\\/\",\"name\":\"Rassegna Stampa Cattolica\",\"description\":\"Per una cultura che nasce dalla Rivelazione cristiana in conformit\u00e0 alla tradizione e al Magistero della Chiesa in opposizione ad ogni relativismo e totalitarismo\",\"publisher\":{\"@id\":\"https:\\\/\\\/www.rassegnastampa-totustuus.it\\\/cattolica\\\/#organization\"},\"alternateName\":\"Rass. Cattolica\",\"potentialAction\":[{\"@type\":\"SearchAction\",\"target\":{\"@type\":\"EntryPoint\",\"urlTemplate\":\"https:\\\/\\\/www.rassegnastampa-totustuus.it\\\/cattolica\\\/?s={search_term_string}\"},\"query-input\":{\"@type\":\"PropertyValueSpecification\",\"valueRequired\":true,\"valueName\":\"search_term_string\"}}],\"inLanguage\":\"it-IT\"},{\"@type\":\"Organization\",\"@id\":\"https:\\\/\\\/www.rassegnastampa-totustuus.it\\\/cattolica\\\/#organization\",\"name\":\"Rassegna Stampa Cattolica\",\"url\":\"https:\\\/\\\/www.rassegnastampa-totustuus.it\\\/cattolica\\\/\",\"logo\":{\"@type\":\"ImageObject\",\"inLanguage\":\"it-IT\",\"@id\":\"https:\\\/\\\/www.rassegnastampa-totustuus.it\\\/cattolica\\\/#\\\/schema\\\/logo\\\/image\\\/\",\"url\":\"https:\\\/\\\/www.rassegnastampa-totustuus.it\\\/cattolica\\\/wp-content\\\/uploads\\\/2014\\\/04\\\/logo-rassegna1.gif\",\"contentUrl\":\"https:\\\/\\\/www.rassegnastampa-totustuus.it\\\/cattolica\\\/wp-content\\\/uploads\\\/2014\\\/04\\\/logo-rassegna1.gif\",\"width\":600,\"height\":163,\"caption\":\"Rassegna Stampa Cattolica\"},\"image\":{\"@id\":\"https:\\\/\\\/www.rassegnastampa-totustuus.it\\\/cattolica\\\/#\\\/schema\\\/logo\\\/image\\\/\"},\"sameAs\":[\"https:\\\/\\\/www.facebook.com\\\/rassegnastampacattolica\",\"https:\\\/\\\/x.com\\\/rassegnastampa9\"]},{\"@type\":\"Person\",\"@id\":\"https:\\\/\\\/www.rassegnastampa-totustuus.it\\\/cattolica\\\/#\\\/schema\\\/person\\\/08f319d2bd1a0904ad9e2bfb7b15e5c3\",\"name\":\"Redazione\",\"image\":{\"@type\":\"ImageObject\",\"inLanguage\":\"it-IT\",\"@id\":\"https:\\\/\\\/secure.gravatar.com\\\/avatar\\\/2fcdf27c78ea025fbdb44e914cc63c72249ffec9dc8aafd5c82b26240ef3f346?s=96&d=mm&r=g\",\"url\":\"https:\\\/\\\/secure.gravatar.com\\\/avatar\\\/2fcdf27c78ea025fbdb44e914cc63c72249ffec9dc8aafd5c82b26240ef3f346?s=96&d=mm&r=g\",\"contentUrl\":\"https:\\\/\\\/secure.gravatar.com\\\/avatar\\\/2fcdf27c78ea025fbdb44e914cc63c72249ffec9dc8aafd5c82b26240ef3f346?s=96&d=mm&r=g\",\"caption\":\"Redazione\"},\"url\":\"https:\\\/\\\/www.rassegnastampa-totustuus.it\\\/cattolica\\\/author\\\/pietroelle\\\/\"}]}<\/script>\n<!-- \/ Yoast SEO plugin. -->","yoast_head_json":{"title":"Maria Valtorta e il Vangelo rivelato - Rassegna Stampa Cattolica","description":"Rassegna Stampa Cattolica - Per una cultura che nasce dalla Rivelazione cristiana in conformit\u00e0 alla tradizione e al Magistero della Chiesa in opposizione ad ogni relativismo e totalitarismo","robots":{"index":"index","follow":"follow","max-snippet":"max-snippet:-1","max-image-preview":"max-image-preview:large","max-video-preview":"max-video-preview:-1"},"canonical":"https:\/\/www.rassegnastampa-totustuus.it\/cattolica\/maria-valtorta-e-il-vangelo-rivelato\/","og_locale":"it_IT","og_type":"article","og_title":"Maria Valtorta e il Vangelo rivelato - Rassegna Stampa Cattolica","og_description":"Rassegna Stampa Cattolica - Per una cultura che nasce dalla Rivelazione cristiana in conformit\u00e0 alla tradizione e al Magistero della Chiesa in opposizione ad ogni relativismo e totalitarismo","og_url":"https:\/\/www.rassegnastampa-totustuus.it\/cattolica\/maria-valtorta-e-il-vangelo-rivelato\/","og_site_name":"Rassegna Stampa Cattolica","article_publisher":"https:\/\/www.facebook.com\/rassegnastampacattolica","article_published_time":"2012-10-24T22:00:00+00:00","article_modified_time":"2015-05-10T09:26:25+00:00","og_image":[{"width":194,"height":259,"url":"https:\/\/www.rassegnastampa-totustuus.it\/cattolica\/wp-content\/uploads\/2010\/11\/Maria_Valtorta.jpg","type":"image\/jpeg"}],"author":"Redazione","twitter_card":"summary_large_image","twitter_creator":"@rassegnastampa9","twitter_site":"@rassegnastampa9","twitter_misc":{"Scritto da":"Redazione","Tempo di lettura stimato":"10 minuti"},"schema":{"@context":"https:\/\/schema.org","@graph":[{"@type":"Article","@id":"https:\/\/www.rassegnastampa-totustuus.it\/cattolica\/maria-valtorta-e-il-vangelo-rivelato\/#article","isPartOf":{"@id":"https:\/\/www.rassegnastampa-totustuus.it\/cattolica\/maria-valtorta-e-il-vangelo-rivelato\/"},"author":{"name":"Redazione","@id":"https:\/\/www.rassegnastampa-totustuus.it\/cattolica\/#\/schema\/person\/08f319d2bd1a0904ad9e2bfb7b15e5c3"},"headline":"Maria Valtorta e il Vangelo rivelato","datePublished":"2012-10-24T22:00:00+00:00","dateModified":"2015-05-10T09:26:25+00:00","mainEntityOfPage":{"@id":"https:\/\/www.rassegnastampa-totustuus.it\/cattolica\/maria-valtorta-e-il-vangelo-rivelato\/"},"wordCount":1987,"publisher":{"@id":"https:\/\/www.rassegnastampa-totustuus.it\/cattolica\/#organization"},"image":{"@id":"https:\/\/www.rassegnastampa-totustuus.it\/cattolica\/maria-valtorta-e-il-vangelo-rivelato\/#primaryimage"},"thumbnailUrl":"https:\/\/www.rassegnastampa-totustuus.it\/cattolica\/wp-content\/uploads\/2010\/11\/Maria_Valtorta.jpg","keywords":["Maria Valtorta"],"articleSection":["Chiesa","Personaggi"],"inLanguage":"it-IT"},{"@type":"WebPage","@id":"https:\/\/www.rassegnastampa-totustuus.it\/cattolica\/maria-valtorta-e-il-vangelo-rivelato\/","url":"https:\/\/www.rassegnastampa-totustuus.it\/cattolica\/maria-valtorta-e-il-vangelo-rivelato\/","name":"Maria Valtorta e il Vangelo rivelato - Rassegna Stampa Cattolica","isPartOf":{"@id":"https:\/\/www.rassegnastampa-totustuus.it\/cattolica\/#website"},"primaryImageOfPage":{"@id":"https:\/\/www.rassegnastampa-totustuus.it\/cattolica\/maria-valtorta-e-il-vangelo-rivelato\/#primaryimage"},"image":{"@id":"https:\/\/www.rassegnastampa-totustuus.it\/cattolica\/maria-valtorta-e-il-vangelo-rivelato\/#primaryimage"},"thumbnailUrl":"https:\/\/www.rassegnastampa-totustuus.it\/cattolica\/wp-content\/uploads\/2010\/11\/Maria_Valtorta.jpg","datePublished":"2012-10-24T22:00:00+00:00","dateModified":"2015-05-10T09:26:25+00:00","description":"Rassegna Stampa Cattolica - Per una cultura che nasce dalla Rivelazione cristiana in conformit\u00e0 alla tradizione e al Magistero della Chiesa in opposizione ad ogni relativismo e totalitarismo","breadcrumb":{"@id":"https:\/\/www.rassegnastampa-totustuus.it\/cattolica\/maria-valtorta-e-il-vangelo-rivelato\/#breadcrumb"},"inLanguage":"it-IT","potentialAction":[{"@type":"ReadAction","target":["https:\/\/www.rassegnastampa-totustuus.it\/cattolica\/maria-valtorta-e-il-vangelo-rivelato\/"]}]},{"@type":"ImageObject","inLanguage":"it-IT","@id":"https:\/\/www.rassegnastampa-totustuus.it\/cattolica\/maria-valtorta-e-il-vangelo-rivelato\/#primaryimage","url":"https:\/\/www.rassegnastampa-totustuus.it\/cattolica\/wp-content\/uploads\/2010\/11\/Maria_Valtorta.jpg","contentUrl":"https:\/\/www.rassegnastampa-totustuus.it\/cattolica\/wp-content\/uploads\/2010\/11\/Maria_Valtorta.jpg","width":194,"height":259},{"@type":"BreadcrumbList","@id":"https:\/\/www.rassegnastampa-totustuus.it\/cattolica\/maria-valtorta-e-il-vangelo-rivelato\/#breadcrumb","itemListElement":[{"@type":"ListItem","position":1,"name":"Home","item":"https:\/\/www.rassegnastampa-totustuus.it\/cattolica\/"},{"@type":"ListItem","position":2,"name":"Maria Valtorta e il Vangelo rivelato"}]},{"@type":"WebSite","@id":"https:\/\/www.rassegnastampa-totustuus.it\/cattolica\/#website","url":"https:\/\/www.rassegnastampa-totustuus.it\/cattolica\/","name":"Rassegna Stampa Cattolica","description":"Per una cultura che nasce dalla Rivelazione cristiana in conformit\u00e0 alla tradizione e al Magistero della Chiesa in opposizione ad ogni relativismo e totalitarismo","publisher":{"@id":"https:\/\/www.rassegnastampa-totustuus.it\/cattolica\/#organization"},"alternateName":"Rass. Cattolica","potentialAction":[{"@type":"SearchAction","target":{"@type":"EntryPoint","urlTemplate":"https:\/\/www.rassegnastampa-totustuus.it\/cattolica\/?s={search_term_string}"},"query-input":{"@type":"PropertyValueSpecification","valueRequired":true,"valueName":"search_term_string"}}],"inLanguage":"it-IT"},{"@type":"Organization","@id":"https:\/\/www.rassegnastampa-totustuus.it\/cattolica\/#organization","name":"Rassegna Stampa Cattolica","url":"https:\/\/www.rassegnastampa-totustuus.it\/cattolica\/","logo":{"@type":"ImageObject","inLanguage":"it-IT","@id":"https:\/\/www.rassegnastampa-totustuus.it\/cattolica\/#\/schema\/logo\/image\/","url":"https:\/\/www.rassegnastampa-totustuus.it\/cattolica\/wp-content\/uploads\/2014\/04\/logo-rassegna1.gif","contentUrl":"https:\/\/www.rassegnastampa-totustuus.it\/cattolica\/wp-content\/uploads\/2014\/04\/logo-rassegna1.gif","width":600,"height":163,"caption":"Rassegna Stampa Cattolica"},"image":{"@id":"https:\/\/www.rassegnastampa-totustuus.it\/cattolica\/#\/schema\/logo\/image\/"},"sameAs":["https:\/\/www.facebook.com\/rassegnastampacattolica","https:\/\/x.com\/rassegnastampa9"]},{"@type":"Person","@id":"https:\/\/www.rassegnastampa-totustuus.it\/cattolica\/#\/schema\/person\/08f319d2bd1a0904ad9e2bfb7b15e5c3","name":"Redazione","image":{"@type":"ImageObject","inLanguage":"it-IT","@id":"https:\/\/secure.gravatar.com\/avatar\/2fcdf27c78ea025fbdb44e914cc63c72249ffec9dc8aafd5c82b26240ef3f346?s=96&d=mm&r=g","url":"https:\/\/secure.gravatar.com\/avatar\/2fcdf27c78ea025fbdb44e914cc63c72249ffec9dc8aafd5c82b26240ef3f346?s=96&d=mm&r=g","contentUrl":"https:\/\/secure.gravatar.com\/avatar\/2fcdf27c78ea025fbdb44e914cc63c72249ffec9dc8aafd5c82b26240ef3f346?s=96&d=mm&r=g","caption":"Redazione"},"url":"https:\/\/www.rassegnastampa-totustuus.it\/cattolica\/author\/pietroelle\/"}]}},"_links":{"self":[{"href":"https:\/\/www.rassegnastampa-totustuus.it\/cattolica\/wp-json\/wp\/v2\/posts\/5252","targetHints":{"allow":["GET"]}}],"collection":[{"href":"https:\/\/www.rassegnastampa-totustuus.it\/cattolica\/wp-json\/wp\/v2\/posts"}],"about":[{"href":"https:\/\/www.rassegnastampa-totustuus.it\/cattolica\/wp-json\/wp\/v2\/types\/post"}],"author":[{"embeddable":true,"href":"https:\/\/www.rassegnastampa-totustuus.it\/cattolica\/wp-json\/wp\/v2\/users\/6"}],"replies":[{"embeddable":true,"href":"https:\/\/www.rassegnastampa-totustuus.it\/cattolica\/wp-json\/wp\/v2\/comments?post=5252"}],"version-history":[{"count":3,"href":"https:\/\/www.rassegnastampa-totustuus.it\/cattolica\/wp-json\/wp\/v2\/posts\/5252\/revisions"}],"predecessor-version":[{"id":24371,"href":"https:\/\/www.rassegnastampa-totustuus.it\/cattolica\/wp-json\/wp\/v2\/posts\/5252\/revisions\/24371"}],"wp:featuredmedia":[{"embeddable":true,"href":"https:\/\/www.rassegnastampa-totustuus.it\/cattolica\/wp-json\/wp\/v2\/media\/21607"}],"wp:attachment":[{"href":"https:\/\/www.rassegnastampa-totustuus.it\/cattolica\/wp-json\/wp\/v2\/media?parent=5252"}],"wp:term":[{"taxonomy":"category","embeddable":true,"href":"https:\/\/www.rassegnastampa-totustuus.it\/cattolica\/wp-json\/wp\/v2\/categories?post=5252"},{"taxonomy":"post_tag","embeddable":true,"href":"https:\/\/www.rassegnastampa-totustuus.it\/cattolica\/wp-json\/wp\/v2\/tags?post=5252"}],"curies":[{"name":"wp","href":"https:\/\/api.w.org\/{rel}","templated":true}]}}