{"id":52490,"date":"2021-09-23T00:00:34","date_gmt":"2021-09-22T22:00:34","guid":{"rendered":"http:\/\/www.rassegnastampa-totustuus.it\/cattolica\/?p=52490"},"modified":"2025-07-17T14:12:05","modified_gmt":"2025-07-17T12:12:05","slug":"lillusione-dellautodeterminazione","status":"publish","type":"post","link":"https:\/\/www.rassegnastampa-totustuus.it\/cattolica\/lillusione-dellautodeterminazione\/","title":{"rendered":"L\u2019illusione dell\u2019autodeterminazione"},"content":{"rendered":"\n<p class=\"has-text-align-center\"><span style=\"color: #000000;\"><strong><a href=\"https:\/\/www.panorama.it\/\" target=\"_blank\" rel=\"noreferrer noopener\">Panorama<\/a><\/strong> Settembre 2021<\/span><\/p>\n\n\n\n<p class=\"has-text-align-center\"><span style=\"color: #000000;\"><strong>Francesca Romana Poleggi<\/strong><\/span><\/p>\n\n\n\n<p><span style=\"color: #000000;\">Ole Hartling, medico, gi\u00e0 membro e direttore del Consiglio danese per l\u2019etica (l\u2019omologo del nostro Comitato Nazionale di Bioetica) ha pubblicato un interessante articolo sul British Medical Journal, sull&#8217;illusione dell&#8217;autodeterminazione<\/span> (<a href=\"https:\/\/www.bmj.com\/content\/374\/bmj.n2135\" target=\"_blank\" rel=\"noopener noreferrer\"><span style=\"color: #0000ff;\">Euthanasia and assisted dying: the illusion of autonom<\/span>y<\/a>)<\/p>\n\n\n<div class=\"wp-block-image\">\n<figure class=\"aligncenter size-full is-resized\"><a href=\"https:\/\/www.rassegnastampa-totustuus.it\/cattolica\/wp-content\/uploads\/2021\/09\/Ole_Hartling_eutanasia.jpg\"><img loading=\"lazy\" decoding=\"async\" width=\"279\" height=\"181\" src=\"https:\/\/www.rassegnastampa-totustuus.it\/cattolica\/wp-content\/uploads\/2021\/09\/Ole_Hartling_eutanasia.jpg\" alt=\"\" class=\"wp-image-52491\" style=\"width:347px;height:auto\"\/><\/a><\/figure><\/div>\n\n\n<!--more-->\n\n\n\n<p><span style=\"color: #000000;\">La legalizzazione dell&#8217;eutanasia o suicidio assistito, o testamento biologico (alla fine, in sostanza, non ci sono differenze reali: si tratta sempre di morte procurata di un soggetto pi\u00f9 o meno consenziente) \u00e8 considerata dalla propaganda radicale come la massima espressione della libert\u00e0, o meglio dell\u2019autodeterminazione.<\/span><\/p>\n\n\n<div class=\"wp-block-image\">\n<figure class=\"aligncenter is-resized\"><img loading=\"lazy\" decoding=\"async\" width=\"263\" height=\"192\" src=\"https:\/\/www.rassegnastampa-totustuus.it\/cattolica\/wp-content\/uploads\/2018\/01\/eutanasia-1.jpg\" alt=\"\" class=\"wp-image-39544\" style=\"width:313px;height:auto\"\/><\/figure><\/div>\n\n\n<p><span style=\"color: #000000;\">Hartling \u00e8 profondamente scettico. Di recente ha pubblicato un libro,&nbsp; Euthanasia and the Ethics of a Doctor&#8217;s Decisions: An Argument Against Assisted Dying , edito da Bloomsbury, in cui tprecisa che non tiene conto di questioni metafisiche come la sacralit\u00e0 della vita, ma che usa argomentazioni del tutto laiche che mirano a dimostrare che la legalizzazione delle pratiche eutanasiche non garantisce affatto il diritto all\u2019autodeterminazione degli individui.E cos\u00ec, nell\u2019articolo sul BMJ Hartling espone alcune delle criticit\u00e0 che sorgono quando la \u201cmorte assistita\u201d viene legalizzata.<\/span><\/p>\n\n\n\n<p><span style=\"color: #000000;\">Primo punto<\/span><\/p>\n\n\n<div class=\"wp-block-image\">\n<figure class=\"aligncenter is-resized\"><img loading=\"lazy\" decoding=\"async\" width=\"239\" height=\"211\" src=\"https:\/\/www.rassegnastampa-totustuus.it\/cattolica\/wp-content\/uploads\/2017\/04\/eutanasia.jpg\" alt=\"\" class=\"wp-image-37487\" style=\"width:315px;height:auto\"\/><\/figure><\/div>\n\n\n<p><span style=\"color: #000000;\">Tutte le nostre decisioni essenziali vengono prese in relazione ad altre persone, sono influenzate da altre persone e influenzano altre persone: siamo tutti vulnerabili e dipendenti dagli altri (quindi non \u00e8 vero che la legalizzazione della morte assistita non deve interessare chi della stessa non vuole fruire). Comunque, dice Hartling, riteniamo che se siamo in grado di controllare le nostre vite, allora sicuramente possiamo anche controllare la nostra morte.&nbsp; <\/span><\/p>\n\n\n\n<p><span style=\"color: #000000;\">La libert\u00e0 di morire, per\u00f2, nasce comunque dimezzata: si pu\u00f2 scegliere di morire se non si vuole vivere, ma non si pu\u00f2 scegliere di vivere se si sta per morire. Inoltre, chi decide di morire non lo fa nei normali contesti quotidiani. Il desiderio di morire nasce sempre in un contesto di disperazione, data dalla convinzione di essere inutili. In queste circostanze la famosa autodeterminazione ha una base molto fragile e una base ancora pi\u00f9 fragile ha qualsiasi processo decisionale. Insomma, la \u201cvolont\u00e0 di morire\u201d si forma in un contesto molto diverso &#8211; e molto pi\u00f9 fragile &#8211; della volont\u00e0 di sposarsi o di cambiare lavoro <\/span><\/p>\n\n\n\n<p><span style=\"color: #000000;\">Secondo punto&nbsp;&nbsp; <\/span><\/p>\n\n\n<div class=\"wp-block-image\">\n<figure class=\"aligncenter is-resized\"><img loading=\"lazy\" decoding=\"async\" width=\"300\" height=\"168\" src=\"https:\/\/www.rassegnastampa-totustuus.it\/cattolica\/wp-content\/uploads\/2021\/09\/eutanasia-300x168.jpg\" alt=\"\" class=\"wp-image-52400\" style=\"width:348px;height:auto\"\/><\/figure><\/div>\n\n\n<p><span style=\"color: #000000;\">Il \u201cdiritto di morire\u201d si trasforma facilmente nel \u201cdovere di morire\u201d. Quanta autonomia, quanta libert\u00e0 \u00e8 in grado di esercitare una persona in situazione di fragilit\u00e0 (per et\u00e0, malattia ecc.) quando il mondo che la circonda ritiene che la sua vita non sia degna di essere vissuta? Il paziente di fatto non \u00e8 \u201clibero\u201d di scegliere la morte: non pu\u00f2 sottrarsi al dover scegliere la morte che appare l\u2018unica via d\u2019uscita alla sua condizione di sofferenza. <\/span><\/p>\n\n\n\n<p><span style=\"color: #000000;\">Hartling la chiama la &#8220;prigione della libert\u00e0&#8221;. Cita in proposito il professore statunitense di etica biomedica, Daniel Sulmasy, che parla di &#8220;pressione esterna interiorizzata&#8221;; il bioeticista francese Emmanuel Hirsch che afferma che l&#8217;autonomia individuale pu\u00f2 essere un&#8217;illusione; il teologo Nigel Biggar che dice che se un paziente vuole veramente morire, <\/span><\/p>\n\n\n<div class=\"wp-block-image\">\n<figure class=\"aligncenter is-resized\"><img loading=\"lazy\" decoding=\"async\" width=\"275\" height=\"183\" src=\"https:\/\/www.rassegnastampa-totustuus.it\/cattolica\/wp-content\/uploads\/2018\/05\/eutanasia.jpg\" alt=\"\" class=\"wp-image-40273\" style=\"width:345px;height:auto\"\/><\/figure><\/div>\n\n\n<p><span style=\"color: #000000;\">il pi\u00f9 delle volte si tratta della interiorizzazione dell&#8217;atteggiamento di coloro che lo circondano, o della societ\u00e0 nel suo insieme, che non credono pi\u00f9 nel valore della sua vita e glielo segnalano in tutti i modi (anzitutto con la legge: non dimentichiamo l&#8217;insegnamento socratico del valore pedagogico della norma statuale). Biggar espone un paradosso supremo: \u00abqualcuno viene scacciato dalla terra dei vivi e crede che sia lui, in prima persona, a voler morire\u00bb&nbsp; &nbsp;<\/span><\/p>\n\n\n\n<p><span style=\"color: #000000;\">Terzo punto<\/span><\/p>\n\n\n\n<p><span style=\"color: #000000;\">Chi usa il suo presunto diritto all&#8217;autodeterminazione per scegliere la morte preclude a se stesso qualsiasi altra scelta o decisione: la morte \u00e8 la fine di ogni libert\u00e0. Chi mi circonda deve rispettare il mio diritto all&#8217;autodeterminazione? Il rispetto si deve a una persona (che viene rispettata), ma in questo caso la persona scompare, non c&#8217;\u00e8 nessuno da rispettare. Il filosofo danese Johannes Sl\u00f8k, sostenitore della legalizzazione della morte assistita, ha affermato &#8211; onestamente &#8211; che la morte \u00e8 uguale al nulla e non si pu\u00f2 scegliere tra la vita e il niente. Quindi ammette che se si rinuncia alla vita non si sceglie altro. Non c\u2019\u00e8 scelta. Ergo, non c\u2019\u00e8 libert\u00e0 (di scelta)<\/span><\/p>\n\n\n\n<p><span style=\"color: #000000;\">Quarto punto <\/span><\/p>\n\n\n<div class=\"wp-block-image\">\n<figure class=\"aligncenter is-resized\"><img loading=\"lazy\" decoding=\"async\" width=\"300\" height=\"174\" src=\"https:\/\/www.rassegnastampa-totustuus.it\/cattolica\/wp-content\/uploads\/2019\/07\/eutanasia-300x174.jpg\" alt=\"\" class=\"wp-image-43648\" style=\"width:382px;height:auto\" srcset=\"https:\/\/www.rassegnastampa-totustuus.it\/cattolica\/wp-content\/uploads\/2019\/07\/eutanasia-300x174.jpg 300w, https:\/\/www.rassegnastampa-totustuus.it\/cattolica\/wp-content\/uploads\/2019\/07\/eutanasia-768x445.jpg 768w, https:\/\/www.rassegnastampa-totustuus.it\/cattolica\/wp-content\/uploads\/2019\/07\/eutanasia-1024x594.jpg 1024w, https:\/\/www.rassegnastampa-totustuus.it\/cattolica\/wp-content\/uploads\/2019\/07\/eutanasia.jpg 1200w\" sizes=\"auto, (max-width: 300px) 100vw, 300px\" \/><\/figure><\/div>\n\n\n<p><span style=\"color: #000000;\">Gli ordinamenti moderni che sanciscono l\u2019autonomia dei pazienti riconoscono il diritto di rifiutare qualsiasi trattamento, ma non il diritto a ricevere qualsiasi prestazione che il&nbsp; paziente possa desiderare. I medici non sono mai obbligati a fornire le cure richieste dall&#8217;assistito. Anch\u2019essi godono di una loro autonomia professionale e quindi del diritto di dire di no&nbsp;&nbsp;&nbsp; In caso di morte assistita, invece, in capo al medico sorgerebbe il dovere di uccidere (direttamente o indirettamente non cambia la sostanza) il che \u00e8 oltretutto contrario al principio fondante la professione medica \u201cprimum: non nocere\u201d.<\/span><\/p>\n\n\n\n<p><span style=\"color: #000000;\">Quinto punto.<\/span><\/p>\n\n\n\n<p><span style=\"color: #000000;\">A un medico viene dato il potere di valutare se la vita di quel paziente vale la pena di essere vissuta. Quindi, alla fine, decider\u00e0 il medico (o l\u2019equipe medica) della sua vita o della sua morte e l\u2019autodeterminazione del paziente risulter\u00e0 affievolita. Vale a dire: la giustificazione della morte assistita nasce dal presupposto che certe vite non sono degne di essere vissute, piuttosto che dalla presenza di una richiesta del malato. Il rispetto del diritto all&#8217;autodeterminazione diventa relativo<\/span><\/p>\n\n\n\n<p><span style=\"color: #000000;\">Sesto punto <\/span><\/p>\n\n\n<div class=\"wp-block-image\">\n<figure class=\"aligncenter is-resized\"><img loading=\"lazy\" decoding=\"async\" width=\"276\" height=\"183\" src=\"https:\/\/www.rassegnastampa-totustuus.it\/cattolica\/wp-content\/uploads\/2018\/03\/eutanasia-1.jpg\" alt=\"\" class=\"wp-image-39879\" style=\"width:372px;height:auto\"\/><\/figure><\/div>\n\n\n<p><span style=\"color: #000000;\">Un paziente sopraffatto dalla sofferenza pu\u00f2 avere pi\u00f9 bisogno di compassione, cure e amore che di un&#8217;offerta gentile di porre fine alla sua vita. E a questa ultima considerazione di Hartling fa da corollario l&#8217;esperienza dei Paesi dove la \u201cmorte assistita\u201d \u00e8 stata legalizzata: in Canada le persone uccise perch\u00e9 sofferenti sono state 1.018 nel 2016 e&nbsp; 21.589 nel 2020 (dati ufficiali del Governo) <\/span><\/p>\n\n\n\n<p><span style=\"color: #000000;\">Se si elimina il sofferente, anzich\u00e9 adoperarsi a lenire la sofferenza, che interesse avranno i medici e gli operatori sanitari a specializzarsi nella palliazione e nella riabilitazione? E perch\u00e9 adoperarsi nella ricerca e nella cura di malattie invalidanti, dalla Sla, alla demenza, al cancro\u2026?&nbsp;&nbsp;&nbsp; In Italia, oggi, solo il 30% dei malati oncologici ha accesso alle cure palliative. E nel settore pediatrico \u00e8 anche peggio. <\/span><\/p>\n\n\n\n<p><span style=\"color: #000000;\">Potr\u00e0 migliorare la situazione dopo l&#8217;introduzione dell&#8217;eutanasia (o suicidio assistito, che dir si voglia)? Ovvio che no.&nbsp;&nbsp; Si abbia il coraggio di dire, senza ipocrisia, che gli anziani, i disabili, i malati e &#8211; in genere &#8211; gli \u201cinfelici\u201d danno fastidio: eliminarli serve a potersene andare in vacanza spensieratamente, a risanare i conti pubblici e a risolvere il problema dell&#8217;invecchiamento della popolazione. Si illudano pure che stanno compiendo un gesto di autodeterminazione.<\/span><\/p>\n\n\n\n<p><\/p>\n","protected":false},"excerpt":{"rendered":"<p>Panorama Settembre 2021 Francesca Romana Poleggi Ole Hartling, medico, gi\u00e0 membro e direttore del Consiglio danese per l\u2019etica (l\u2019omologo del nostro Comitato Nazionale di Bioetica) ha pubblicato un interessante articolo sul British Medical Journal, sull&#8217;illusione dell&#8217;autodeterminazione (Euthanasia and assisted dying: the illusion of autonomy)<\/p><p><a class=\"more-link btn\" href=\"https:\/\/www.rassegnastampa-totustuus.it\/cattolica\/lillusione-dellautodeterminazione\/\">Continua a leggere<\/a><\/p>\n","protected":false},"author":6,"featured_media":46495,"comment_status":"closed","ping_status":"closed","sticky":false,"template":"","format":"standard","meta":{"footnotes":""},"categories":[4,55],"tags":[2650],"class_list":["post-52490","post","type-post","status-publish","format-standard","has-post-thumbnail","hentry","category-bioetica","category-eutanasia","tag-autodeterminazione","item-wrap"],"yoast_head":"<!-- This site is optimized with the Yoast SEO plugin v27.5 - https:\/\/yoast.com\/product\/yoast-seo-wordpress\/ -->\n<title>L\u2019illusione dell\u2019autodeterminazione - Rassegna Stampa Cattolica<\/title>\n<meta name=\"description\" content=\"L\u2019illusione dell\u2019autodeterminazione. Ole Hartling, medico, ha pubblicato un interessante articolo sul British Medical Journal,\" \/>\n<meta name=\"robots\" content=\"index, follow, max-snippet:-1, max-image-preview:large, max-video-preview:-1\" \/>\n<link rel=\"canonical\" href=\"https:\/\/www.rassegnastampa-totustuus.it\/cattolica\/lillusione-dellautodeterminazione\/\" \/>\n<meta property=\"og:locale\" content=\"it_IT\" \/>\n<meta property=\"og:type\" content=\"article\" \/>\n<meta property=\"og:title\" content=\"L\u2019illusione dell\u2019autodeterminazione - Rassegna Stampa Cattolica\" \/>\n<meta property=\"og:description\" content=\"L\u2019illusione dell\u2019autodeterminazione. Ole Hartling, medico, ha pubblicato un interessante articolo sul British Medical Journal,\" \/>\n<meta property=\"og:url\" content=\"https:\/\/www.rassegnastampa-totustuus.it\/cattolica\/lillusione-dellautodeterminazione\/\" \/>\n<meta property=\"og:site_name\" content=\"Rassegna Stampa Cattolica\" \/>\n<meta property=\"article:publisher\" content=\"https:\/\/www.facebook.com\/rassegnastampacattolica\" \/>\n<meta property=\"article:published_time\" content=\"2021-09-22T22:00:34+00:00\" \/>\n<meta property=\"article:modified_time\" content=\"2025-07-17T12:12:05+00:00\" \/>\n<meta property=\"og:image\" content=\"https:\/\/www.rassegnastampa-totustuus.it\/cattolica\/wp-content\/uploads\/2020\/02\/malato_anziani_eutanasia.jpg\" \/>\n\t<meta property=\"og:image:width\" content=\"1920\" \/>\n\t<meta property=\"og:image:height\" content=\"1080\" \/>\n\t<meta property=\"og:image:type\" content=\"image\/jpeg\" \/>\n<meta name=\"author\" content=\"Redazione\" \/>\n<meta name=\"twitter:card\" content=\"summary_large_image\" \/>\n<meta name=\"twitter:creator\" content=\"@rassegnastampa9\" \/>\n<meta name=\"twitter:site\" content=\"@rassegnastampa9\" \/>\n<meta name=\"twitter:label1\" content=\"Scritto da\" \/>\n\t<meta name=\"twitter:data1\" content=\"Redazione\" \/>\n\t<meta name=\"twitter:label2\" content=\"Tempo di lettura stimato\" \/>\n\t<meta name=\"twitter:data2\" content=\"8 minuti\" \/>\n<script type=\"application\/ld+json\" class=\"yoast-schema-graph\">{\"@context\":\"https:\\\/\\\/schema.org\",\"@graph\":[{\"@type\":\"Article\",\"@id\":\"https:\\\/\\\/www.rassegnastampa-totustuus.it\\\/cattolica\\\/lillusione-dellautodeterminazione\\\/#article\",\"isPartOf\":{\"@id\":\"https:\\\/\\\/www.rassegnastampa-totustuus.it\\\/cattolica\\\/lillusione-dellautodeterminazione\\\/\"},\"author\":{\"name\":\"Redazione\",\"@id\":\"https:\\\/\\\/www.rassegnastampa-totustuus.it\\\/cattolica\\\/#\\\/schema\\\/person\\\/08f319d2bd1a0904ad9e2bfb7b15e5c3\"},\"headline\":\"L\u2019illusione dell\u2019autodeterminazione\",\"datePublished\":\"2021-09-22T22:00:34+00:00\",\"dateModified\":\"2025-07-17T12:12:05+00:00\",\"mainEntityOfPage\":{\"@id\":\"https:\\\/\\\/www.rassegnastampa-totustuus.it\\\/cattolica\\\/lillusione-dellautodeterminazione\\\/\"},\"wordCount\":1077,\"publisher\":{\"@id\":\"https:\\\/\\\/www.rassegnastampa-totustuus.it\\\/cattolica\\\/#organization\"},\"image\":{\"@id\":\"https:\\\/\\\/www.rassegnastampa-totustuus.it\\\/cattolica\\\/lillusione-dellautodeterminazione\\\/#primaryimage\"},\"thumbnailUrl\":\"https:\\\/\\\/www.rassegnastampa-totustuus.it\\\/cattolica\\\/wp-content\\\/uploads\\\/2020\\\/02\\\/malato_anziani_eutanasia.jpg\",\"keywords\":[\"autodeterminazione\"],\"articleSection\":[\"Bioetica\",\"Eutanasia\"],\"inLanguage\":\"it-IT\"},{\"@type\":\"WebPage\",\"@id\":\"https:\\\/\\\/www.rassegnastampa-totustuus.it\\\/cattolica\\\/lillusione-dellautodeterminazione\\\/\",\"url\":\"https:\\\/\\\/www.rassegnastampa-totustuus.it\\\/cattolica\\\/lillusione-dellautodeterminazione\\\/\",\"name\":\"L\u2019illusione dell\u2019autodeterminazione - Rassegna Stampa Cattolica\",\"isPartOf\":{\"@id\":\"https:\\\/\\\/www.rassegnastampa-totustuus.it\\\/cattolica\\\/#website\"},\"primaryImageOfPage\":{\"@id\":\"https:\\\/\\\/www.rassegnastampa-totustuus.it\\\/cattolica\\\/lillusione-dellautodeterminazione\\\/#primaryimage\"},\"image\":{\"@id\":\"https:\\\/\\\/www.rassegnastampa-totustuus.it\\\/cattolica\\\/lillusione-dellautodeterminazione\\\/#primaryimage\"},\"thumbnailUrl\":\"https:\\\/\\\/www.rassegnastampa-totustuus.it\\\/cattolica\\\/wp-content\\\/uploads\\\/2020\\\/02\\\/malato_anziani_eutanasia.jpg\",\"datePublished\":\"2021-09-22T22:00:34+00:00\",\"dateModified\":\"2025-07-17T12:12:05+00:00\",\"description\":\"L\u2019illusione dell\u2019autodeterminazione. Ole Hartling, medico, ha pubblicato un interessante articolo sul British Medical Journal,\",\"breadcrumb\":{\"@id\":\"https:\\\/\\\/www.rassegnastampa-totustuus.it\\\/cattolica\\\/lillusione-dellautodeterminazione\\\/#breadcrumb\"},\"inLanguage\":\"it-IT\",\"potentialAction\":[{\"@type\":\"ReadAction\",\"target\":[\"https:\\\/\\\/www.rassegnastampa-totustuus.it\\\/cattolica\\\/lillusione-dellautodeterminazione\\\/\"]}]},{\"@type\":\"ImageObject\",\"inLanguage\":\"it-IT\",\"@id\":\"https:\\\/\\\/www.rassegnastampa-totustuus.it\\\/cattolica\\\/lillusione-dellautodeterminazione\\\/#primaryimage\",\"url\":\"https:\\\/\\\/www.rassegnastampa-totustuus.it\\\/cattolica\\\/wp-content\\\/uploads\\\/2020\\\/02\\\/malato_anziani_eutanasia.jpg\",\"contentUrl\":\"https:\\\/\\\/www.rassegnastampa-totustuus.it\\\/cattolica\\\/wp-content\\\/uploads\\\/2020\\\/02\\\/malato_anziani_eutanasia.jpg\",\"width\":1920,\"height\":1080},{\"@type\":\"BreadcrumbList\",\"@id\":\"https:\\\/\\\/www.rassegnastampa-totustuus.it\\\/cattolica\\\/lillusione-dellautodeterminazione\\\/#breadcrumb\",\"itemListElement\":[{\"@type\":\"ListItem\",\"position\":1,\"name\":\"Home\",\"item\":\"https:\\\/\\\/www.rassegnastampa-totustuus.it\\\/cattolica\\\/\"},{\"@type\":\"ListItem\",\"position\":2,\"name\":\"L\u2019illusione dell\u2019autodeterminazione\"}]},{\"@type\":\"WebSite\",\"@id\":\"https:\\\/\\\/www.rassegnastampa-totustuus.it\\\/cattolica\\\/#website\",\"url\":\"https:\\\/\\\/www.rassegnastampa-totustuus.it\\\/cattolica\\\/\",\"name\":\"Rassegna Stampa Cattolica\",\"description\":\"Per una cultura che nasce dalla Rivelazione cristiana in conformit\u00e0 alla tradizione e al Magistero della Chiesa in opposizione ad ogni relativismo e totalitarismo\",\"publisher\":{\"@id\":\"https:\\\/\\\/www.rassegnastampa-totustuus.it\\\/cattolica\\\/#organization\"},\"alternateName\":\"Rass. Cattolica\",\"potentialAction\":[{\"@type\":\"SearchAction\",\"target\":{\"@type\":\"EntryPoint\",\"urlTemplate\":\"https:\\\/\\\/www.rassegnastampa-totustuus.it\\\/cattolica\\\/?s={search_term_string}\"},\"query-input\":{\"@type\":\"PropertyValueSpecification\",\"valueRequired\":true,\"valueName\":\"search_term_string\"}}],\"inLanguage\":\"it-IT\"},{\"@type\":\"Organization\",\"@id\":\"https:\\\/\\\/www.rassegnastampa-totustuus.it\\\/cattolica\\\/#organization\",\"name\":\"Rassegna Stampa Cattolica\",\"url\":\"https:\\\/\\\/www.rassegnastampa-totustuus.it\\\/cattolica\\\/\",\"logo\":{\"@type\":\"ImageObject\",\"inLanguage\":\"it-IT\",\"@id\":\"https:\\\/\\\/www.rassegnastampa-totustuus.it\\\/cattolica\\\/#\\\/schema\\\/logo\\\/image\\\/\",\"url\":\"https:\\\/\\\/www.rassegnastampa-totustuus.it\\\/cattolica\\\/wp-content\\\/uploads\\\/2014\\\/04\\\/logo-rassegna1.gif\",\"contentUrl\":\"https:\\\/\\\/www.rassegnastampa-totustuus.it\\\/cattolica\\\/wp-content\\\/uploads\\\/2014\\\/04\\\/logo-rassegna1.gif\",\"width\":600,\"height\":163,\"caption\":\"Rassegna Stampa Cattolica\"},\"image\":{\"@id\":\"https:\\\/\\\/www.rassegnastampa-totustuus.it\\\/cattolica\\\/#\\\/schema\\\/logo\\\/image\\\/\"},\"sameAs\":[\"https:\\\/\\\/www.facebook.com\\\/rassegnastampacattolica\",\"https:\\\/\\\/x.com\\\/rassegnastampa9\"]},{\"@type\":\"Person\",\"@id\":\"https:\\\/\\\/www.rassegnastampa-totustuus.it\\\/cattolica\\\/#\\\/schema\\\/person\\\/08f319d2bd1a0904ad9e2bfb7b15e5c3\",\"name\":\"Redazione\",\"image\":{\"@type\":\"ImageObject\",\"inLanguage\":\"it-IT\",\"@id\":\"https:\\\/\\\/secure.gravatar.com\\\/avatar\\\/2fcdf27c78ea025fbdb44e914cc63c72249ffec9dc8aafd5c82b26240ef3f346?s=96&d=mm&r=g\",\"url\":\"https:\\\/\\\/secure.gravatar.com\\\/avatar\\\/2fcdf27c78ea025fbdb44e914cc63c72249ffec9dc8aafd5c82b26240ef3f346?s=96&d=mm&r=g\",\"contentUrl\":\"https:\\\/\\\/secure.gravatar.com\\\/avatar\\\/2fcdf27c78ea025fbdb44e914cc63c72249ffec9dc8aafd5c82b26240ef3f346?s=96&d=mm&r=g\",\"caption\":\"Redazione\"},\"url\":\"https:\\\/\\\/www.rassegnastampa-totustuus.it\\\/cattolica\\\/author\\\/pietroelle\\\/\"}]}<\/script>\n<!-- \/ Yoast SEO plugin. -->","yoast_head_json":{"title":"L\u2019illusione dell\u2019autodeterminazione - Rassegna Stampa Cattolica","description":"L\u2019illusione dell\u2019autodeterminazione. Ole Hartling, medico, ha pubblicato un interessante articolo sul British Medical Journal,","robots":{"index":"index","follow":"follow","max-snippet":"max-snippet:-1","max-image-preview":"max-image-preview:large","max-video-preview":"max-video-preview:-1"},"canonical":"https:\/\/www.rassegnastampa-totustuus.it\/cattolica\/lillusione-dellautodeterminazione\/","og_locale":"it_IT","og_type":"article","og_title":"L\u2019illusione dell\u2019autodeterminazione - Rassegna Stampa Cattolica","og_description":"L\u2019illusione dell\u2019autodeterminazione. Ole Hartling, medico, ha pubblicato un interessante articolo sul British Medical Journal,","og_url":"https:\/\/www.rassegnastampa-totustuus.it\/cattolica\/lillusione-dellautodeterminazione\/","og_site_name":"Rassegna Stampa Cattolica","article_publisher":"https:\/\/www.facebook.com\/rassegnastampacattolica","article_published_time":"2021-09-22T22:00:34+00:00","article_modified_time":"2025-07-17T12:12:05+00:00","og_image":[{"width":1920,"height":1080,"url":"https:\/\/www.rassegnastampa-totustuus.it\/cattolica\/wp-content\/uploads\/2020\/02\/malato_anziani_eutanasia.jpg","type":"image\/jpeg"}],"author":"Redazione","twitter_card":"summary_large_image","twitter_creator":"@rassegnastampa9","twitter_site":"@rassegnastampa9","twitter_misc":{"Scritto da":"Redazione","Tempo di lettura stimato":"8 minuti"},"schema":{"@context":"https:\/\/schema.org","@graph":[{"@type":"Article","@id":"https:\/\/www.rassegnastampa-totustuus.it\/cattolica\/lillusione-dellautodeterminazione\/#article","isPartOf":{"@id":"https:\/\/www.rassegnastampa-totustuus.it\/cattolica\/lillusione-dellautodeterminazione\/"},"author":{"name":"Redazione","@id":"https:\/\/www.rassegnastampa-totustuus.it\/cattolica\/#\/schema\/person\/08f319d2bd1a0904ad9e2bfb7b15e5c3"},"headline":"L\u2019illusione dell\u2019autodeterminazione","datePublished":"2021-09-22T22:00:34+00:00","dateModified":"2025-07-17T12:12:05+00:00","mainEntityOfPage":{"@id":"https:\/\/www.rassegnastampa-totustuus.it\/cattolica\/lillusione-dellautodeterminazione\/"},"wordCount":1077,"publisher":{"@id":"https:\/\/www.rassegnastampa-totustuus.it\/cattolica\/#organization"},"image":{"@id":"https:\/\/www.rassegnastampa-totustuus.it\/cattolica\/lillusione-dellautodeterminazione\/#primaryimage"},"thumbnailUrl":"https:\/\/www.rassegnastampa-totustuus.it\/cattolica\/wp-content\/uploads\/2020\/02\/malato_anziani_eutanasia.jpg","keywords":["autodeterminazione"],"articleSection":["Bioetica","Eutanasia"],"inLanguage":"it-IT"},{"@type":"WebPage","@id":"https:\/\/www.rassegnastampa-totustuus.it\/cattolica\/lillusione-dellautodeterminazione\/","url":"https:\/\/www.rassegnastampa-totustuus.it\/cattolica\/lillusione-dellautodeterminazione\/","name":"L\u2019illusione dell\u2019autodeterminazione - Rassegna Stampa Cattolica","isPartOf":{"@id":"https:\/\/www.rassegnastampa-totustuus.it\/cattolica\/#website"},"primaryImageOfPage":{"@id":"https:\/\/www.rassegnastampa-totustuus.it\/cattolica\/lillusione-dellautodeterminazione\/#primaryimage"},"image":{"@id":"https:\/\/www.rassegnastampa-totustuus.it\/cattolica\/lillusione-dellautodeterminazione\/#primaryimage"},"thumbnailUrl":"https:\/\/www.rassegnastampa-totustuus.it\/cattolica\/wp-content\/uploads\/2020\/02\/malato_anziani_eutanasia.jpg","datePublished":"2021-09-22T22:00:34+00:00","dateModified":"2025-07-17T12:12:05+00:00","description":"L\u2019illusione dell\u2019autodeterminazione. Ole Hartling, medico, ha pubblicato un interessante articolo sul British Medical Journal,","breadcrumb":{"@id":"https:\/\/www.rassegnastampa-totustuus.it\/cattolica\/lillusione-dellautodeterminazione\/#breadcrumb"},"inLanguage":"it-IT","potentialAction":[{"@type":"ReadAction","target":["https:\/\/www.rassegnastampa-totustuus.it\/cattolica\/lillusione-dellautodeterminazione\/"]}]},{"@type":"ImageObject","inLanguage":"it-IT","@id":"https:\/\/www.rassegnastampa-totustuus.it\/cattolica\/lillusione-dellautodeterminazione\/#primaryimage","url":"https:\/\/www.rassegnastampa-totustuus.it\/cattolica\/wp-content\/uploads\/2020\/02\/malato_anziani_eutanasia.jpg","contentUrl":"https:\/\/www.rassegnastampa-totustuus.it\/cattolica\/wp-content\/uploads\/2020\/02\/malato_anziani_eutanasia.jpg","width":1920,"height":1080},{"@type":"BreadcrumbList","@id":"https:\/\/www.rassegnastampa-totustuus.it\/cattolica\/lillusione-dellautodeterminazione\/#breadcrumb","itemListElement":[{"@type":"ListItem","position":1,"name":"Home","item":"https:\/\/www.rassegnastampa-totustuus.it\/cattolica\/"},{"@type":"ListItem","position":2,"name":"L\u2019illusione dell\u2019autodeterminazione"}]},{"@type":"WebSite","@id":"https:\/\/www.rassegnastampa-totustuus.it\/cattolica\/#website","url":"https:\/\/www.rassegnastampa-totustuus.it\/cattolica\/","name":"Rassegna Stampa Cattolica","description":"Per una cultura che nasce dalla Rivelazione cristiana in conformit\u00e0 alla tradizione e al Magistero della Chiesa in opposizione ad ogni relativismo e totalitarismo","publisher":{"@id":"https:\/\/www.rassegnastampa-totustuus.it\/cattolica\/#organization"},"alternateName":"Rass. Cattolica","potentialAction":[{"@type":"SearchAction","target":{"@type":"EntryPoint","urlTemplate":"https:\/\/www.rassegnastampa-totustuus.it\/cattolica\/?s={search_term_string}"},"query-input":{"@type":"PropertyValueSpecification","valueRequired":true,"valueName":"search_term_string"}}],"inLanguage":"it-IT"},{"@type":"Organization","@id":"https:\/\/www.rassegnastampa-totustuus.it\/cattolica\/#organization","name":"Rassegna Stampa Cattolica","url":"https:\/\/www.rassegnastampa-totustuus.it\/cattolica\/","logo":{"@type":"ImageObject","inLanguage":"it-IT","@id":"https:\/\/www.rassegnastampa-totustuus.it\/cattolica\/#\/schema\/logo\/image\/","url":"https:\/\/www.rassegnastampa-totustuus.it\/cattolica\/wp-content\/uploads\/2014\/04\/logo-rassegna1.gif","contentUrl":"https:\/\/www.rassegnastampa-totustuus.it\/cattolica\/wp-content\/uploads\/2014\/04\/logo-rassegna1.gif","width":600,"height":163,"caption":"Rassegna Stampa Cattolica"},"image":{"@id":"https:\/\/www.rassegnastampa-totustuus.it\/cattolica\/#\/schema\/logo\/image\/"},"sameAs":["https:\/\/www.facebook.com\/rassegnastampacattolica","https:\/\/x.com\/rassegnastampa9"]},{"@type":"Person","@id":"https:\/\/www.rassegnastampa-totustuus.it\/cattolica\/#\/schema\/person\/08f319d2bd1a0904ad9e2bfb7b15e5c3","name":"Redazione","image":{"@type":"ImageObject","inLanguage":"it-IT","@id":"https:\/\/secure.gravatar.com\/avatar\/2fcdf27c78ea025fbdb44e914cc63c72249ffec9dc8aafd5c82b26240ef3f346?s=96&d=mm&r=g","url":"https:\/\/secure.gravatar.com\/avatar\/2fcdf27c78ea025fbdb44e914cc63c72249ffec9dc8aafd5c82b26240ef3f346?s=96&d=mm&r=g","contentUrl":"https:\/\/secure.gravatar.com\/avatar\/2fcdf27c78ea025fbdb44e914cc63c72249ffec9dc8aafd5c82b26240ef3f346?s=96&d=mm&r=g","caption":"Redazione"},"url":"https:\/\/www.rassegnastampa-totustuus.it\/cattolica\/author\/pietroelle\/"}]}},"_links":{"self":[{"href":"https:\/\/www.rassegnastampa-totustuus.it\/cattolica\/wp-json\/wp\/v2\/posts\/52490","targetHints":{"allow":["GET"]}}],"collection":[{"href":"https:\/\/www.rassegnastampa-totustuus.it\/cattolica\/wp-json\/wp\/v2\/posts"}],"about":[{"href":"https:\/\/www.rassegnastampa-totustuus.it\/cattolica\/wp-json\/wp\/v2\/types\/post"}],"author":[{"embeddable":true,"href":"https:\/\/www.rassegnastampa-totustuus.it\/cattolica\/wp-json\/wp\/v2\/users\/6"}],"replies":[{"embeddable":true,"href":"https:\/\/www.rassegnastampa-totustuus.it\/cattolica\/wp-json\/wp\/v2\/comments?post=52490"}],"version-history":[{"count":2,"href":"https:\/\/www.rassegnastampa-totustuus.it\/cattolica\/wp-json\/wp\/v2\/posts\/52490\/revisions"}],"predecessor-version":[{"id":63367,"href":"https:\/\/www.rassegnastampa-totustuus.it\/cattolica\/wp-json\/wp\/v2\/posts\/52490\/revisions\/63367"}],"wp:featuredmedia":[{"embeddable":true,"href":"https:\/\/www.rassegnastampa-totustuus.it\/cattolica\/wp-json\/wp\/v2\/media\/46495"}],"wp:attachment":[{"href":"https:\/\/www.rassegnastampa-totustuus.it\/cattolica\/wp-json\/wp\/v2\/media?parent=52490"}],"wp:term":[{"taxonomy":"category","embeddable":true,"href":"https:\/\/www.rassegnastampa-totustuus.it\/cattolica\/wp-json\/wp\/v2\/categories?post=52490"},{"taxonomy":"post_tag","embeddable":true,"href":"https:\/\/www.rassegnastampa-totustuus.it\/cattolica\/wp-json\/wp\/v2\/tags?post=52490"}],"curies":[{"name":"wp","href":"https:\/\/api.w.org\/{rel}","templated":true}]}}