{"id":52393,"date":"2021-09-09T00:00:23","date_gmt":"2021-09-08T22:00:23","guid":{"rendered":"http:\/\/www.rassegnastampa-totustuus.it\/cattolica\/?p=52393"},"modified":"2025-07-21T08:26:59","modified_gmt":"2025-07-21T06:26:59","slug":"referendum-sullomicidio-del-consenziente-perche-e-contro-la-costituzione","status":"publish","type":"post","link":"https:\/\/www.rassegnastampa-totustuus.it\/cattolica\/referendum-sullomicidio-del-consenziente-perche-e-contro-la-costituzione\/","title":{"rendered":"Referendum sull\u2019omicidio del consenziente: perch\u00e9 \u00e8 contro la Costituzione"},"content":{"rendered":"\n<p class=\"has-text-align-center\"><span style=\"color: #000000;\"><strong><a href=\"https:\/\/www.centrostudilivatino.it\/\" target=\"_blank\" rel=\"noreferrer noopener\">Centro Studi Rosario Livatino<\/a><\/strong> 3 settembre 2021 \u00a0<\/span><\/p>\n\n\n\n<p><em><span style=\"color: #000000;\">Il 30 settembre si concluder\u00e0 la raccolta delle firme per il referendum c.d. sull\u2019eutanasia promosso dall\u2019Associazione Luca Coscioni che, sulla base di quanto riferito dai promotori, avrebbe gi\u00e0 raccolto ben<\/span>&nbsp;<\/em><span style=\"color: #0000ff;\"><a style=\"color: #0000ff;\" href=\"https:\/\/www.rainews.it\/dl\/rainews\/articoli\/Eutanasia-firme-per-il-referendum-acf5fdaf-1453-4f3a-85f3-87de2b7a0d4a.html\" target=\"_blank\" rel=\"noreferrer noopener\">750.000 adesioni<\/a><\/span><em>. <span style=\"color: #000000;\">In realt\u00e0 il quesito referendario punta a legalizzare l\u2019omicidio del consenziente e rappresenta un punto di arrivo allarmante di un percorso iniziato con la legge sulle n. 219\/2017 c.d. sulle dat, e proseguito con la sentenza n. 242\/19 della Corte costituzionale, rendendo la vita un bene del tutto disponibile. <\/span><\/em><\/p>\n\n\n\n<p class=\"has-text-align-center\"><span style=\"color: #000000;\">di <strong>Aldo Rocco Vitale<\/strong><\/span><\/p>\n\n\n<div class=\"wp-block-image\">\n<figure class=\"aligncenter size-large is-resized\"><a href=\"https:\/\/www.rassegnastampa-totustuus.it\/cattolica\/wp-content\/uploads\/2019\/10\/Eutanasia.jpg\"><img loading=\"lazy\" decoding=\"async\" width=\"1024\" height=\"577\" src=\"https:\/\/www.rassegnastampa-totustuus.it\/cattolica\/wp-content\/uploads\/2019\/10\/Eutanasia-1024x577.jpg\" alt=\"\" class=\"wp-image-44636\" style=\"width:518px;height:auto\" srcset=\"https:\/\/www.rassegnastampa-totustuus.it\/cattolica\/wp-content\/uploads\/2019\/10\/Eutanasia-1024x577.jpg 1024w, https:\/\/www.rassegnastampa-totustuus.it\/cattolica\/wp-content\/uploads\/2019\/10\/Eutanasia-300x169.jpg 300w, https:\/\/www.rassegnastampa-totustuus.it\/cattolica\/wp-content\/uploads\/2019\/10\/Eutanasia-768x433.jpg 768w, https:\/\/www.rassegnastampa-totustuus.it\/cattolica\/wp-content\/uploads\/2019\/10\/Eutanasia.jpg 1800w\" sizes=\"auto, (max-width: 1024px) 100vw, 1024px\" \/><\/a><\/figure><\/div>\n\n\n<!--more-->\n\n\n\n<p><span style=\"color: #000000;\"><\/span><wp-block data-block=\"core\/more\"><\/wp-block><span style=\"color: #000000;\">Il quesito referendario, che a ultimazione delle sottoscrizioni, conoscer\u00e0 il primo vaglio della Corte di Cassazione e la verifica di ammissibilit\u00e0 da parte della Corte Costituzionale, si propone di abrogare parzialmente l\u2019articolo 579 del codice penale. <\/span><\/p>\n\n\n\n<p><span style=\"color: #000000;\">Secondo il<\/span> <span style=\"color: #0000ff;\"><a style=\"color: #0000ff;\" href=\"https:\/\/referendum.eutanasialegale.it\/il-quesito-referendario\/\" target=\"_blank\" rel=\"noreferrer noopener\">comitato promotore<\/a><\/span> <span style=\"color: #000000;\">tale parziale abrogazione consentir\u00e0 l\u2019eutanasia attiva secondo i criteri dettati dalla Corte Costituzionale con la sentenza<\/span> <span style=\"color: #0000ff;\"><a style=\"color: #0000ff;\" href=\"https:\/\/www.giurcost.org\/decisioni\/2019\/0242s-19.html\" target=\"_blank\" rel=\"noreferrer noopener\">242\/2019<\/a>,<\/span><span style=\"color: #000000;\"> riguardante il c.d. caso Cappato\/Dj Fabo, consentendo la morte assistita per chiunque ne faccia richiesta, e comunque presti il proprio consenso, in combinazione con le discipline di recente introduzione sul consenso informato e il testamento biologico. <\/span><\/p>\n\n\n\n<p><span style=\"color: #000000;\">Fermi restando gli ulteriori approfondimenti che il contenuto della proposta referendaria conoscer\u00e0 su queso sito, le prime considerazioni attengono a tre profili: a) logico-fattuale; b) sistematico-normativo; c) onto-assiologico [1]. <\/span><\/p>\n\n\n<div class=\"wp-block-image\">\n<figure class=\"aligncenter size-full is-resized\"><a href=\"https:\/\/www.rassegnastampa-totustuus.it\/cattolica\/wp-content\/uploads\/2021\/09\/Cappato_eutanasia.jpg\"><img loading=\"lazy\" decoding=\"async\" width=\"300\" height=\"168\" src=\"https:\/\/www.rassegnastampa-totustuus.it\/cattolica\/wp-content\/uploads\/2021\/09\/Cappato_eutanasia.jpg\" alt=\"\" class=\"wp-image-52399\" style=\"width:472px;height:auto\"\/><\/a><\/figure><\/div>\n\n\n<p><span style=\"color: #000000;\"><strong>a)<\/strong> Sul piano logico-fattuale \u00e8 prevedibile che, come gi\u00e0 avvenuto finora, a mano a mano che si entrer\u00e0 nella campagna referendaria, si proporr\u00e0 il tema delle \u201ceutanasie clandestine\u201d, ripercorrendo il medesimo sentiero logico-argomentativo adoperato pi\u00f9 di un quarantennio fa per giustificare la legalizzazione dell\u2019aborto, ed evocato da decenni per sollecitare la non punibilit\u00e0 della cessione di droga. <\/span>\u00ec<\/p>\n\n\n\n<p><span style=\"color: #000000;\"> qui, delle due l\u2019una: o si conoscono, per lo meno con accettabile approssimazione, i numeri delle c.d. \u201ceutanasie clandestine\u201d, che in quanto fattispecie criminose, dovrebbero essere penalmente perseguite e non coperte o incoraggiate, oppure tali cifre sono oscure, proprio perch\u00e9 clandestine e allora l\u2019argomento dedotto per giustificare il referendum si sgonfia, divenendo del tutto inconsistente. <\/span><\/p>\n\n\n\n<p><span style=\"color: #000000;\"><strong>b)<\/strong> Sul piano sistematico-normativo non \u00e8 corretto occorre ricondurre la legittimit\u00e0 del quesito referendario alla sentenza 242\/2019 della Corte Costituzionale, intanto perch\u00e9 l\u2019oggetto di essa \u00e8 stato l\u2019art. 580 cod. pen., cio\u00e8 l\u2019aiuto al suicidio, mentre l\u2019abrogazione colpisce l\u2019art. 579 cod. pen., cio\u00e8 l\u2019omicidio del consenziente. Questo vuol dire che per quest\u2019ultima norma non valgono le condizioni di non punibilit\u00e0 poste dalla Corte per le condotte di aiuto al suicidio, e cio\u00e8 che il paziente \u201csia affetto da una patologia irreversibile, fonte di sofferenze fisiche o psicologiche che reputa intollerabili\u201d, che esprima un valido consenso alla propria uccisione, e che vi sia stato il previo ricorso alle cure palliative, senza che abbia sortito effetto. <\/span><\/p>\n\n\n<div class=\"wp-block-image\">\n<figure class=\"aligncenter is-resized\"><img loading=\"lazy\" decoding=\"async\" width=\"300\" height=\"168\" src=\"https:\/\/www.rassegnastampa-totustuus.it\/cattolica\/wp-content\/uploads\/2021\/09\/eutanasia-300x168.jpg\" alt=\"\" class=\"wp-image-52400\" style=\"width:496px;height:auto\"\/><\/figure><\/div>\n\n\n<p><span style=\"color: #000000;\">L\u2019art. 579 cod. pen., non oggetto di intervento da parte della Consulta, prescinde dalle condizioni di salute della vittima e valorizza esclusivamente il suo consenso. Deve aggiungersi che la stessa Consulta con quella decisione ha ribadito due principi: per un verso, ha specificato che il diritto alla vita \u00e8 il pi\u00f9 basilare di tutti i diritti tanto che \u201cl\u2019incriminazione dell\u2019istigazione e dell\u2019aiuto al suicidio \u2013 rinvenibile anche in numerosi altri ordinamenti contemporanei \u2013 \u00e8, in effetti, funzionale alla tutela del diritto alla vita, soprattutto delle persone pi\u00f9 deboli e vulnerabili, che l\u2019ordinamento penale intende proteggere da una scelta estrema e irreparabile, come quella del suicidio\u201d, specificando peraltro che \u201cl\u2019incriminazione dell\u2019aiuto al suicidio non pu\u00f2 essere ritenuta incompatibile con la Costituzione\u201d. <\/span><span style=\"color: #000000;\">E questo vale a maggior ragione per l\u2019omicidio del consenziente.<\/span><\/p>\n\n\n<div class=\"wp-block-image\">\n<figure class=\"aligncenter is-resized\"><img loading=\"lazy\" decoding=\"async\" width=\"277\" height=\"182\" src=\"https:\/\/www.rassegnastampa-totustuus.it\/cattolica\/wp-content\/uploads\/2006\/06\/eutanasia.jpg\" alt=\"\" class=\"wp-image-27554\" style=\"width:429px;height:auto\"\/><\/figure><\/div>\n\n\n<p><span style=\"color: #000000;\">Per altro verso, nella medesima sentenza, il Giudice Costituzionale ha precisato che non esiste un \u201cdiritto di morire\u201d in quanto tale, dato che \u201cdall\u2019art. 2 Cost. \u2013 non diversamente che dall\u2019art. 2 CEDU \u2013 discende il dovere dello Stato di tutelare la vita di ogni individuo: non quello \u2013 diametralmente opposto \u2013 di riconoscere all\u2019individuo la possibilit\u00e0 di ottenere dallo Stato o da terzi un aiuto a morire. Che dal diritto alla vita, garantito dall\u2019art. 2 CEDU, non possa derivare il diritto di rinunciare a vivere, e dunque un vero e proprio diritto a morire\u201d. Non si pu\u00f2 quindi invocare un \u2018diritto\u2019 all\u2019eutanasia \u2018attiva\u2019, appellandosi alla sentenza sul caso Cappato, senza travisare i limiti e i principi che quella stessa pronuncia ha fissato.<\/span><\/p>\n\n\n\n<p><span style=\"color: #000000;\"><strong>c)<\/strong> Sul piano onto-assiologico, va detto che una disciplina che legalizzi \u2013 seppur in modo indiretto tramite referendum abrogativo \u2013 l\u2019omicidio del consenziente comporterebbe un significativo sovvertimento dei valori giuridici che fin qui hanno caratterizzato la civilt\u00e0 giuridica occidentale in genere, e italiana in particolare [2].<\/span><\/p>\n\n\n<div class=\"wp-block-image\">\n<figure class=\"aligncenter is-resized\"><img loading=\"lazy\" decoding=\"async\" width=\"300\" height=\"164\" src=\"https:\/\/www.rassegnastampa-totustuus.it\/cattolica\/wp-content\/uploads\/2018\/06\/costituzione-300x164.jpg\" alt=\"\" class=\"wp-image-40571\" style=\"width:454px;height:auto\" srcset=\"https:\/\/www.rassegnastampa-totustuus.it\/cattolica\/wp-content\/uploads\/2018\/06\/costituzione-300x164.jpg 300w, https:\/\/www.rassegnastampa-totustuus.it\/cattolica\/wp-content\/uploads\/2018\/06\/costituzione.jpg 303w\" sizes=\"auto, (max-width: 300px) 100vw, 300px\" \/><\/figure><\/div>\n\n\n<p><span style=\"color: #000000;\">Si pu\u00f2 ritenere, con una accorta dottrina, che \u201cil richiamo ai diritti inviolabili dell\u2019uomo e al rispetto della persona non possono far ritenere legittima alcuna forma di eutanasia attiva che, alla luce del dettato costituzionale, risulta antigiuridica e, quindi, illegittima. Sotto il profilo strettamente costituzionalistico, quindi, il cosiddetto diritto di morire trova il suo ostacolo pi\u00f9 forte proprio nel principio personalistico. Diverse, invece, sono le indicazioni che si possono trarre dalla Carta fondamentale circa la configurabilit\u00e0 di un diritto di rifiutare le cure e\/o il cosiddetto divieto di accanimento terapeutico [3].<\/span><\/p>\n\n\n\n<p><span style=\"color: #000000;\">La legalizzazione dell\u2019omicidio del consenziente segnerebbe il passaggio definitivo \u2013 sulla scia della legge sulle disposizioni anticipate di trattamento e della sentenza n. 242\/2019 \u2013 dal diritto alla vita come diritto indisponibile al diritto alla vita come diritto disponibile, aprendo scenari imponderabili e preoccupanti per la loro profonda tentazione antigiuridica. <\/span><\/p>\n\n\n<div class=\"wp-block-image\">\n<figure class=\"aligncenter is-resized\"><img loading=\"lazy\" decoding=\"async\" width=\"275\" height=\"183\" src=\"https:\/\/www.rassegnastampa-totustuus.it\/cattolica\/wp-content\/uploads\/2005\/11\/corte_costituzionale.jpg\" alt=\"\" class=\"wp-image-44494\" style=\"width:479px;height:auto\"\/><\/figure><\/div>\n\n\n<p><span style=\"color: #000000;\">Rendere l\u2019essere umano e la sua vita beni disponibili significa negare in modo radicale non soltanto la persona, ma anche la sua costitutiva libert\u00e0, dando vita al ribaltamento onto-assiologico di cui s\u2019\u00e8 detto. Uno dei maestri della scienza giuridica italiana, Francesco Santoro-Passarelli ha insegnato che \u201cnon esiste e non \u00e8 neppure concepibile, malgrado ogni sforzo dialettico, un diritto sulla propria persona o anche su se medesimo, o sul proprio corpo, stante l\u2019unit\u00e0 della persona, per la quale pu\u00f2 parlarsi soltanto di libert\u00e0, non di potere rispetto a se medesima\u201d [4] <\/span><\/p>\n\n\n\n<p><span style=\"color: #000000;\">_________________ <\/span><\/p>\n\n\n\n<p><span style=\"color: #000000;\"><strong>[1]<\/strong> Per approfondimenti cfr. AA.VV.,&nbsp;<em>Il diritto di essere uccisi: verso la morte del diritto?<\/em>, a cura di Mauro Ronco, Giappichelli, Torino, 2019; Vitale Aldo Rocco,&nbsp;<em>L\u2019eutanasia come problema biogiuridico<\/em>, FrancoAngeli, Milano, 2017.<\/span><\/p>\n\n\n\n<p><span style=\"color: #000000;\"><strong>[2]<\/strong> \u00abLe ragioni della scelta positiva di incriminare l\u2019omicidio di colui che richiede la morte sono da ricercare nel fatto che tale particolare suicidio per mano altrui non si consuma nella sfera personale e privata del suicida, ma si spinge troppo in avanti, fino a coinvolgere pi\u00f9 direttamente la sfera di terzi, oltrepassando la soglia che demarca le condotte punibili e quelle non punibili\u00bb: Maria Beatrice Magro,&nbsp;<em>Eutanasia e diritto penale<\/em>, Giappichelli, Torino, 2001, pag. 220.<\/span><\/p>\n\n\n\n<p><span style=\"color: #000000;\"><strong>[3]<\/strong> Ignazio Lagrotta, <em>L\u2019eutanasia nei profili costituzionali<\/em>, Cacucci Editore, Bari, 2005, pag. 53.<\/span><\/p>\n\n\n\n<p><span style=\"color: #000000;\"><strong>[4]<\/strong> Francesco Santoro-Passarelli, <em>Dottrine generali del diritto civile<\/em>, Jovene Editrice, Napoli, 2002, pag. 51.<\/span><\/p>\n","protected":false},"excerpt":{"rendered":"<p>Centro Studi Rosario Livatino 3 settembre 2021 \u00a0 Il 30 settembre si concluder\u00e0 la raccolta delle firme per il referendum c.d. sull\u2019eutanasia promosso dall\u2019Associazione Luca Coscioni che, sulla base di quanto riferito dai promotori, avrebbe gi\u00e0 raccolto ben&nbsp;750.000 adesioni. In realt\u00e0 il quesito referendario punta a legalizzare l\u2019omicidio del consenziente e rappresenta un punto di &hellip; <\/p>\n<p><a class=\"more-link btn\" href=\"https:\/\/www.rassegnastampa-totustuus.it\/cattolica\/referendum-sullomicidio-del-consenziente-perche-e-contro-la-costituzione\/\">Continua a leggere<\/a><\/p>\n","protected":false},"author":6,"featured_media":52396,"comment_status":"closed","ping_status":"closed","sticky":false,"template":"","format":"standard","meta":{"footnotes":""},"categories":[10,55],"tags":[2119,1581],"class_list":["post-52393","post","type-post","status-publish","format-standard","has-post-thumbnail","hentry","category-diritto","category-eutanasia","tag-costituzione","tag-fine-vita","item-wrap"],"yoast_head":"<!-- This site is optimized with the Yoast SEO plugin v27.5 - https:\/\/yoast.com\/product\/yoast-seo-wordpress\/ -->\n<title>Referendum sull\u2019omicidio del consenziente: perch\u00e9 \u00e8 contro la Costituzione - Rassegna Stampa Cattolica<\/title>\n<meta name=\"description\" content=\"RReferendum sull\u2019omicidio del consenziente: perch\u00e9 \u00e8 contro la Costituzione secondo la quale la vita \u00e8 indisponibile\" \/>\n<meta name=\"robots\" content=\"index, follow, max-snippet:-1, max-image-preview:large, max-video-preview:-1\" \/>\n<link rel=\"canonical\" href=\"https:\/\/www.rassegnastampa-totustuus.it\/cattolica\/referendum-sullomicidio-del-consenziente-perche-e-contro-la-costituzione\/\" \/>\n<meta property=\"og:locale\" content=\"it_IT\" \/>\n<meta property=\"og:type\" content=\"article\" \/>\n<meta property=\"og:title\" content=\"Referendum sull\u2019omicidio del consenziente: perch\u00e9 \u00e8 contro la Costituzione - Rassegna Stampa Cattolica\" \/>\n<meta property=\"og:description\" content=\"RReferendum sull\u2019omicidio del consenziente: perch\u00e9 \u00e8 contro la Costituzione secondo la quale la vita \u00e8 indisponibile\" \/>\n<meta property=\"og:url\" content=\"https:\/\/www.rassegnastampa-totustuus.it\/cattolica\/referendum-sullomicidio-del-consenziente-perche-e-contro-la-costituzione\/\" \/>\n<meta property=\"og:site_name\" content=\"Rassegna Stampa Cattolica\" \/>\n<meta property=\"article:publisher\" content=\"https:\/\/www.facebook.com\/rassegnastampacattolica\" \/>\n<meta property=\"article:published_time\" content=\"2021-09-08T22:00:23+00:00\" \/>\n<meta property=\"article:modified_time\" content=\"2025-07-21T06:26:59+00:00\" \/>\n<meta property=\"og:image\" content=\"https:\/\/www.rassegnastampa-totustuus.it\/cattolica\/wp-content\/uploads\/2021\/09\/eutanasia_nazismo.jpeg\" \/>\n\t<meta property=\"og:image:width\" content=\"1920\" \/>\n\t<meta property=\"og:image:height\" content=\"650\" \/>\n\t<meta property=\"og:image:type\" content=\"image\/jpeg\" \/>\n<meta name=\"author\" content=\"Redazione\" \/>\n<meta name=\"twitter:card\" content=\"summary_large_image\" \/>\n<meta name=\"twitter:creator\" content=\"@rassegnastampa9\" \/>\n<meta name=\"twitter:site\" content=\"@rassegnastampa9\" \/>\n<meta name=\"twitter:label1\" content=\"Scritto da\" \/>\n\t<meta name=\"twitter:data1\" content=\"Redazione\" \/>\n\t<meta name=\"twitter:label2\" content=\"Tempo di lettura stimato\" \/>\n\t<meta name=\"twitter:data2\" content=\"8 minuti\" \/>\n<script type=\"application\/ld+json\" class=\"yoast-schema-graph\">{\"@context\":\"https:\\\/\\\/schema.org\",\"@graph\":[{\"@type\":\"Article\",\"@id\":\"https:\\\/\\\/www.rassegnastampa-totustuus.it\\\/cattolica\\\/referendum-sullomicidio-del-consenziente-perche-e-contro-la-costituzione\\\/#article\",\"isPartOf\":{\"@id\":\"https:\\\/\\\/www.rassegnastampa-totustuus.it\\\/cattolica\\\/referendum-sullomicidio-del-consenziente-perche-e-contro-la-costituzione\\\/\"},\"author\":{\"name\":\"Redazione\",\"@id\":\"https:\\\/\\\/www.rassegnastampa-totustuus.it\\\/cattolica\\\/#\\\/schema\\\/person\\\/08f319d2bd1a0904ad9e2bfb7b15e5c3\"},\"headline\":\"Referendum sull\u2019omicidio del consenziente: perch\u00e9 \u00e8 contro la Costituzione\",\"datePublished\":\"2021-09-08T22:00:23+00:00\",\"dateModified\":\"2025-07-21T06:26:59+00:00\",\"mainEntityOfPage\":{\"@id\":\"https:\\\/\\\/www.rassegnastampa-totustuus.it\\\/cattolica\\\/referendum-sullomicidio-del-consenziente-perche-e-contro-la-costituzione\\\/\"},\"wordCount\":1114,\"publisher\":{\"@id\":\"https:\\\/\\\/www.rassegnastampa-totustuus.it\\\/cattolica\\\/#organization\"},\"image\":{\"@id\":\"https:\\\/\\\/www.rassegnastampa-totustuus.it\\\/cattolica\\\/referendum-sullomicidio-del-consenziente-perche-e-contro-la-costituzione\\\/#primaryimage\"},\"thumbnailUrl\":\"https:\\\/\\\/www.rassegnastampa-totustuus.it\\\/cattolica\\\/wp-content\\\/uploads\\\/2021\\\/09\\\/eutanasia_nazismo.jpeg\",\"keywords\":[\"costituzione\",\"fine vita\"],\"articleSection\":[\"Diritto\",\"Eutanasia\"],\"inLanguage\":\"it-IT\"},{\"@type\":\"WebPage\",\"@id\":\"https:\\\/\\\/www.rassegnastampa-totustuus.it\\\/cattolica\\\/referendum-sullomicidio-del-consenziente-perche-e-contro-la-costituzione\\\/\",\"url\":\"https:\\\/\\\/www.rassegnastampa-totustuus.it\\\/cattolica\\\/referendum-sullomicidio-del-consenziente-perche-e-contro-la-costituzione\\\/\",\"name\":\"Referendum sull\u2019omicidio del consenziente: perch\u00e9 \u00e8 contro la Costituzione - Rassegna Stampa Cattolica\",\"isPartOf\":{\"@id\":\"https:\\\/\\\/www.rassegnastampa-totustuus.it\\\/cattolica\\\/#website\"},\"primaryImageOfPage\":{\"@id\":\"https:\\\/\\\/www.rassegnastampa-totustuus.it\\\/cattolica\\\/referendum-sullomicidio-del-consenziente-perche-e-contro-la-costituzione\\\/#primaryimage\"},\"image\":{\"@id\":\"https:\\\/\\\/www.rassegnastampa-totustuus.it\\\/cattolica\\\/referendum-sullomicidio-del-consenziente-perche-e-contro-la-costituzione\\\/#primaryimage\"},\"thumbnailUrl\":\"https:\\\/\\\/www.rassegnastampa-totustuus.it\\\/cattolica\\\/wp-content\\\/uploads\\\/2021\\\/09\\\/eutanasia_nazismo.jpeg\",\"datePublished\":\"2021-09-08T22:00:23+00:00\",\"dateModified\":\"2025-07-21T06:26:59+00:00\",\"description\":\"RReferendum sull\u2019omicidio del consenziente: perch\u00e9 \u00e8 contro la Costituzione secondo la quale la vita \u00e8 indisponibile\",\"breadcrumb\":{\"@id\":\"https:\\\/\\\/www.rassegnastampa-totustuus.it\\\/cattolica\\\/referendum-sullomicidio-del-consenziente-perche-e-contro-la-costituzione\\\/#breadcrumb\"},\"inLanguage\":\"it-IT\",\"potentialAction\":[{\"@type\":\"ReadAction\",\"target\":[\"https:\\\/\\\/www.rassegnastampa-totustuus.it\\\/cattolica\\\/referendum-sullomicidio-del-consenziente-perche-e-contro-la-costituzione\\\/\"]}]},{\"@type\":\"ImageObject\",\"inLanguage\":\"it-IT\",\"@id\":\"https:\\\/\\\/www.rassegnastampa-totustuus.it\\\/cattolica\\\/referendum-sullomicidio-del-consenziente-perche-e-contro-la-costituzione\\\/#primaryimage\",\"url\":\"https:\\\/\\\/www.rassegnastampa-totustuus.it\\\/cattolica\\\/wp-content\\\/uploads\\\/2021\\\/09\\\/eutanasia_nazismo.jpeg\",\"contentUrl\":\"https:\\\/\\\/www.rassegnastampa-totustuus.it\\\/cattolica\\\/wp-content\\\/uploads\\\/2021\\\/09\\\/eutanasia_nazismo.jpeg\",\"width\":1920,\"height\":650},{\"@type\":\"BreadcrumbList\",\"@id\":\"https:\\\/\\\/www.rassegnastampa-totustuus.it\\\/cattolica\\\/referendum-sullomicidio-del-consenziente-perche-e-contro-la-costituzione\\\/#breadcrumb\",\"itemListElement\":[{\"@type\":\"ListItem\",\"position\":1,\"name\":\"Home\",\"item\":\"https:\\\/\\\/www.rassegnastampa-totustuus.it\\\/cattolica\\\/\"},{\"@type\":\"ListItem\",\"position\":2,\"name\":\"Referendum sull\u2019omicidio del consenziente: perch\u00e9 \u00e8 contro la Costituzione\"}]},{\"@type\":\"WebSite\",\"@id\":\"https:\\\/\\\/www.rassegnastampa-totustuus.it\\\/cattolica\\\/#website\",\"url\":\"https:\\\/\\\/www.rassegnastampa-totustuus.it\\\/cattolica\\\/\",\"name\":\"Rassegna Stampa Cattolica\",\"description\":\"Per una cultura che nasce dalla Rivelazione cristiana in conformit\u00e0 alla tradizione e al Magistero della Chiesa in opposizione ad ogni relativismo e totalitarismo\",\"publisher\":{\"@id\":\"https:\\\/\\\/www.rassegnastampa-totustuus.it\\\/cattolica\\\/#organization\"},\"alternateName\":\"Rass. Cattolica\",\"potentialAction\":[{\"@type\":\"SearchAction\",\"target\":{\"@type\":\"EntryPoint\",\"urlTemplate\":\"https:\\\/\\\/www.rassegnastampa-totustuus.it\\\/cattolica\\\/?s={search_term_string}\"},\"query-input\":{\"@type\":\"PropertyValueSpecification\",\"valueRequired\":true,\"valueName\":\"search_term_string\"}}],\"inLanguage\":\"it-IT\"},{\"@type\":\"Organization\",\"@id\":\"https:\\\/\\\/www.rassegnastampa-totustuus.it\\\/cattolica\\\/#organization\",\"name\":\"Rassegna Stampa Cattolica\",\"url\":\"https:\\\/\\\/www.rassegnastampa-totustuus.it\\\/cattolica\\\/\",\"logo\":{\"@type\":\"ImageObject\",\"inLanguage\":\"it-IT\",\"@id\":\"https:\\\/\\\/www.rassegnastampa-totustuus.it\\\/cattolica\\\/#\\\/schema\\\/logo\\\/image\\\/\",\"url\":\"https:\\\/\\\/www.rassegnastampa-totustuus.it\\\/cattolica\\\/wp-content\\\/uploads\\\/2014\\\/04\\\/logo-rassegna1.gif\",\"contentUrl\":\"https:\\\/\\\/www.rassegnastampa-totustuus.it\\\/cattolica\\\/wp-content\\\/uploads\\\/2014\\\/04\\\/logo-rassegna1.gif\",\"width\":600,\"height\":163,\"caption\":\"Rassegna Stampa Cattolica\"},\"image\":{\"@id\":\"https:\\\/\\\/www.rassegnastampa-totustuus.it\\\/cattolica\\\/#\\\/schema\\\/logo\\\/image\\\/\"},\"sameAs\":[\"https:\\\/\\\/www.facebook.com\\\/rassegnastampacattolica\",\"https:\\\/\\\/x.com\\\/rassegnastampa9\"]},{\"@type\":\"Person\",\"@id\":\"https:\\\/\\\/www.rassegnastampa-totustuus.it\\\/cattolica\\\/#\\\/schema\\\/person\\\/08f319d2bd1a0904ad9e2bfb7b15e5c3\",\"name\":\"Redazione\",\"image\":{\"@type\":\"ImageObject\",\"inLanguage\":\"it-IT\",\"@id\":\"https:\\\/\\\/secure.gravatar.com\\\/avatar\\\/2fcdf27c78ea025fbdb44e914cc63c72249ffec9dc8aafd5c82b26240ef3f346?s=96&d=mm&r=g\",\"url\":\"https:\\\/\\\/secure.gravatar.com\\\/avatar\\\/2fcdf27c78ea025fbdb44e914cc63c72249ffec9dc8aafd5c82b26240ef3f346?s=96&d=mm&r=g\",\"contentUrl\":\"https:\\\/\\\/secure.gravatar.com\\\/avatar\\\/2fcdf27c78ea025fbdb44e914cc63c72249ffec9dc8aafd5c82b26240ef3f346?s=96&d=mm&r=g\",\"caption\":\"Redazione\"},\"url\":\"https:\\\/\\\/www.rassegnastampa-totustuus.it\\\/cattolica\\\/author\\\/pietroelle\\\/\"}]}<\/script>\n<!-- \/ Yoast SEO plugin. -->","yoast_head_json":{"title":"Referendum sull\u2019omicidio del consenziente: perch\u00e9 \u00e8 contro la Costituzione - Rassegna Stampa Cattolica","description":"RReferendum sull\u2019omicidio del consenziente: perch\u00e9 \u00e8 contro la Costituzione secondo la quale la vita \u00e8 indisponibile","robots":{"index":"index","follow":"follow","max-snippet":"max-snippet:-1","max-image-preview":"max-image-preview:large","max-video-preview":"max-video-preview:-1"},"canonical":"https:\/\/www.rassegnastampa-totustuus.it\/cattolica\/referendum-sullomicidio-del-consenziente-perche-e-contro-la-costituzione\/","og_locale":"it_IT","og_type":"article","og_title":"Referendum sull\u2019omicidio del consenziente: perch\u00e9 \u00e8 contro la Costituzione - Rassegna Stampa Cattolica","og_description":"RReferendum sull\u2019omicidio del consenziente: perch\u00e9 \u00e8 contro la Costituzione secondo la quale la vita \u00e8 indisponibile","og_url":"https:\/\/www.rassegnastampa-totustuus.it\/cattolica\/referendum-sullomicidio-del-consenziente-perche-e-contro-la-costituzione\/","og_site_name":"Rassegna Stampa Cattolica","article_publisher":"https:\/\/www.facebook.com\/rassegnastampacattolica","article_published_time":"2021-09-08T22:00:23+00:00","article_modified_time":"2025-07-21T06:26:59+00:00","og_image":[{"width":1920,"height":650,"url":"https:\/\/www.rassegnastampa-totustuus.it\/cattolica\/wp-content\/uploads\/2021\/09\/eutanasia_nazismo.jpeg","type":"image\/jpeg"}],"author":"Redazione","twitter_card":"summary_large_image","twitter_creator":"@rassegnastampa9","twitter_site":"@rassegnastampa9","twitter_misc":{"Scritto da":"Redazione","Tempo di lettura stimato":"8 minuti"},"schema":{"@context":"https:\/\/schema.org","@graph":[{"@type":"Article","@id":"https:\/\/www.rassegnastampa-totustuus.it\/cattolica\/referendum-sullomicidio-del-consenziente-perche-e-contro-la-costituzione\/#article","isPartOf":{"@id":"https:\/\/www.rassegnastampa-totustuus.it\/cattolica\/referendum-sullomicidio-del-consenziente-perche-e-contro-la-costituzione\/"},"author":{"name":"Redazione","@id":"https:\/\/www.rassegnastampa-totustuus.it\/cattolica\/#\/schema\/person\/08f319d2bd1a0904ad9e2bfb7b15e5c3"},"headline":"Referendum sull\u2019omicidio del consenziente: perch\u00e9 \u00e8 contro la Costituzione","datePublished":"2021-09-08T22:00:23+00:00","dateModified":"2025-07-21T06:26:59+00:00","mainEntityOfPage":{"@id":"https:\/\/www.rassegnastampa-totustuus.it\/cattolica\/referendum-sullomicidio-del-consenziente-perche-e-contro-la-costituzione\/"},"wordCount":1114,"publisher":{"@id":"https:\/\/www.rassegnastampa-totustuus.it\/cattolica\/#organization"},"image":{"@id":"https:\/\/www.rassegnastampa-totustuus.it\/cattolica\/referendum-sullomicidio-del-consenziente-perche-e-contro-la-costituzione\/#primaryimage"},"thumbnailUrl":"https:\/\/www.rassegnastampa-totustuus.it\/cattolica\/wp-content\/uploads\/2021\/09\/eutanasia_nazismo.jpeg","keywords":["costituzione","fine vita"],"articleSection":["Diritto","Eutanasia"],"inLanguage":"it-IT"},{"@type":"WebPage","@id":"https:\/\/www.rassegnastampa-totustuus.it\/cattolica\/referendum-sullomicidio-del-consenziente-perche-e-contro-la-costituzione\/","url":"https:\/\/www.rassegnastampa-totustuus.it\/cattolica\/referendum-sullomicidio-del-consenziente-perche-e-contro-la-costituzione\/","name":"Referendum sull\u2019omicidio del consenziente: perch\u00e9 \u00e8 contro la Costituzione - Rassegna Stampa Cattolica","isPartOf":{"@id":"https:\/\/www.rassegnastampa-totustuus.it\/cattolica\/#website"},"primaryImageOfPage":{"@id":"https:\/\/www.rassegnastampa-totustuus.it\/cattolica\/referendum-sullomicidio-del-consenziente-perche-e-contro-la-costituzione\/#primaryimage"},"image":{"@id":"https:\/\/www.rassegnastampa-totustuus.it\/cattolica\/referendum-sullomicidio-del-consenziente-perche-e-contro-la-costituzione\/#primaryimage"},"thumbnailUrl":"https:\/\/www.rassegnastampa-totustuus.it\/cattolica\/wp-content\/uploads\/2021\/09\/eutanasia_nazismo.jpeg","datePublished":"2021-09-08T22:00:23+00:00","dateModified":"2025-07-21T06:26:59+00:00","description":"RReferendum sull\u2019omicidio del consenziente: perch\u00e9 \u00e8 contro la Costituzione secondo la quale la vita \u00e8 indisponibile","breadcrumb":{"@id":"https:\/\/www.rassegnastampa-totustuus.it\/cattolica\/referendum-sullomicidio-del-consenziente-perche-e-contro-la-costituzione\/#breadcrumb"},"inLanguage":"it-IT","potentialAction":[{"@type":"ReadAction","target":["https:\/\/www.rassegnastampa-totustuus.it\/cattolica\/referendum-sullomicidio-del-consenziente-perche-e-contro-la-costituzione\/"]}]},{"@type":"ImageObject","inLanguage":"it-IT","@id":"https:\/\/www.rassegnastampa-totustuus.it\/cattolica\/referendum-sullomicidio-del-consenziente-perche-e-contro-la-costituzione\/#primaryimage","url":"https:\/\/www.rassegnastampa-totustuus.it\/cattolica\/wp-content\/uploads\/2021\/09\/eutanasia_nazismo.jpeg","contentUrl":"https:\/\/www.rassegnastampa-totustuus.it\/cattolica\/wp-content\/uploads\/2021\/09\/eutanasia_nazismo.jpeg","width":1920,"height":650},{"@type":"BreadcrumbList","@id":"https:\/\/www.rassegnastampa-totustuus.it\/cattolica\/referendum-sullomicidio-del-consenziente-perche-e-contro-la-costituzione\/#breadcrumb","itemListElement":[{"@type":"ListItem","position":1,"name":"Home","item":"https:\/\/www.rassegnastampa-totustuus.it\/cattolica\/"},{"@type":"ListItem","position":2,"name":"Referendum sull\u2019omicidio del consenziente: perch\u00e9 \u00e8 contro la Costituzione"}]},{"@type":"WebSite","@id":"https:\/\/www.rassegnastampa-totustuus.it\/cattolica\/#website","url":"https:\/\/www.rassegnastampa-totustuus.it\/cattolica\/","name":"Rassegna Stampa Cattolica","description":"Per una cultura che nasce dalla Rivelazione cristiana in conformit\u00e0 alla tradizione e al Magistero della Chiesa in opposizione ad ogni relativismo e totalitarismo","publisher":{"@id":"https:\/\/www.rassegnastampa-totustuus.it\/cattolica\/#organization"},"alternateName":"Rass. Cattolica","potentialAction":[{"@type":"SearchAction","target":{"@type":"EntryPoint","urlTemplate":"https:\/\/www.rassegnastampa-totustuus.it\/cattolica\/?s={search_term_string}"},"query-input":{"@type":"PropertyValueSpecification","valueRequired":true,"valueName":"search_term_string"}}],"inLanguage":"it-IT"},{"@type":"Organization","@id":"https:\/\/www.rassegnastampa-totustuus.it\/cattolica\/#organization","name":"Rassegna Stampa Cattolica","url":"https:\/\/www.rassegnastampa-totustuus.it\/cattolica\/","logo":{"@type":"ImageObject","inLanguage":"it-IT","@id":"https:\/\/www.rassegnastampa-totustuus.it\/cattolica\/#\/schema\/logo\/image\/","url":"https:\/\/www.rassegnastampa-totustuus.it\/cattolica\/wp-content\/uploads\/2014\/04\/logo-rassegna1.gif","contentUrl":"https:\/\/www.rassegnastampa-totustuus.it\/cattolica\/wp-content\/uploads\/2014\/04\/logo-rassegna1.gif","width":600,"height":163,"caption":"Rassegna Stampa Cattolica"},"image":{"@id":"https:\/\/www.rassegnastampa-totustuus.it\/cattolica\/#\/schema\/logo\/image\/"},"sameAs":["https:\/\/www.facebook.com\/rassegnastampacattolica","https:\/\/x.com\/rassegnastampa9"]},{"@type":"Person","@id":"https:\/\/www.rassegnastampa-totustuus.it\/cattolica\/#\/schema\/person\/08f319d2bd1a0904ad9e2bfb7b15e5c3","name":"Redazione","image":{"@type":"ImageObject","inLanguage":"it-IT","@id":"https:\/\/secure.gravatar.com\/avatar\/2fcdf27c78ea025fbdb44e914cc63c72249ffec9dc8aafd5c82b26240ef3f346?s=96&d=mm&r=g","url":"https:\/\/secure.gravatar.com\/avatar\/2fcdf27c78ea025fbdb44e914cc63c72249ffec9dc8aafd5c82b26240ef3f346?s=96&d=mm&r=g","contentUrl":"https:\/\/secure.gravatar.com\/avatar\/2fcdf27c78ea025fbdb44e914cc63c72249ffec9dc8aafd5c82b26240ef3f346?s=96&d=mm&r=g","caption":"Redazione"},"url":"https:\/\/www.rassegnastampa-totustuus.it\/cattolica\/author\/pietroelle\/"}]}},"_links":{"self":[{"href":"https:\/\/www.rassegnastampa-totustuus.it\/cattolica\/wp-json\/wp\/v2\/posts\/52393","targetHints":{"allow":["GET"]}}],"collection":[{"href":"https:\/\/www.rassegnastampa-totustuus.it\/cattolica\/wp-json\/wp\/v2\/posts"}],"about":[{"href":"https:\/\/www.rassegnastampa-totustuus.it\/cattolica\/wp-json\/wp\/v2\/types\/post"}],"author":[{"embeddable":true,"href":"https:\/\/www.rassegnastampa-totustuus.it\/cattolica\/wp-json\/wp\/v2\/users\/6"}],"replies":[{"embeddable":true,"href":"https:\/\/www.rassegnastampa-totustuus.it\/cattolica\/wp-json\/wp\/v2\/comments?post=52393"}],"version-history":[{"count":4,"href":"https:\/\/www.rassegnastampa-totustuus.it\/cattolica\/wp-json\/wp\/v2\/posts\/52393\/revisions"}],"predecessor-version":[{"id":63395,"href":"https:\/\/www.rassegnastampa-totustuus.it\/cattolica\/wp-json\/wp\/v2\/posts\/52393\/revisions\/63395"}],"wp:featuredmedia":[{"embeddable":true,"href":"https:\/\/www.rassegnastampa-totustuus.it\/cattolica\/wp-json\/wp\/v2\/media\/52396"}],"wp:attachment":[{"href":"https:\/\/www.rassegnastampa-totustuus.it\/cattolica\/wp-json\/wp\/v2\/media?parent=52393"}],"wp:term":[{"taxonomy":"category","embeddable":true,"href":"https:\/\/www.rassegnastampa-totustuus.it\/cattolica\/wp-json\/wp\/v2\/categories?post=52393"},{"taxonomy":"post_tag","embeddable":true,"href":"https:\/\/www.rassegnastampa-totustuus.it\/cattolica\/wp-json\/wp\/v2\/tags?post=52393"}],"curies":[{"name":"wp","href":"https:\/\/api.w.org\/{rel}","templated":true}]}}