{"id":52330,"date":"2021-09-02T00:00:01","date_gmt":"2021-09-01T22:00:01","guid":{"rendered":"http:\/\/www.rassegnastampa-totustuus.it\/cattolica\/?p=52330"},"modified":"2025-07-21T09:20:55","modified_gmt":"2025-07-21T07:20:55","slug":"spunti-sullinformazione-cattolica-in-italia","status":"publish","type":"post","link":"https:\/\/www.rassegnastampa-totustuus.it\/cattolica\/spunti-sullinformazione-cattolica-in-italia\/","title":{"rendered":"Spunti sull\u2019informazione cattolica in Italia"},"content":{"rendered":"\n<p class=\"has-text-align-center\"><span style=\"color: #000000;\">per<strong><em> Rassegna Stampa <\/em><\/strong>30 Agosto 2021<\/span><\/p>\n\n\n\n<p class=\"has-text-align-center\"><span style=\"color: #000000;\"><em>Cercare di ri-fare cultura riproponendo i \u201cdiritti di Dio\u201d nella societ\u00e0<\/em><\/span><\/p>\n\n\n<div class=\"wp-block-image\">\n<figure class=\"aligncenter is-resized\"><img loading=\"lazy\" decoding=\"async\" width=\"270\" height=\"186\" src=\"https:\/\/www.rassegnastampa-totustuus.it\/cattolica\/wp-content\/uploads\/2006\/03\/stampa_cattolica.jpg\" alt=\"\" class=\"wp-image-35825\" style=\"width:398px;height:auto\"\/><\/figure><\/div>\n\n\n<p class=\"has-text-align-center\"><span style=\"color: #000000;\">di <strong>Giuseppe Brienza<\/strong><\/span><\/p>\n\n\n\n<!--more-->\n\n\n\n<p><span style=\"color: #000000;\"><span style=\"font-size: inherit;\">\u00ab<\/span><em style=\"font-size: inherit;\">Apri con stupore gli occhi a ci\u00f2 che vedrai,<\/em><\/span><\/p>\n\n\n\n<p class=\"has-text-align-right\"><span style=\"color: #000000;\"><em style=\"font-size: inherit;\">e lascia le tue mani riempirsi della freschezza della linfa, <\/em><\/span><\/p>\n\n\n\n<p class=\"has-text-align-right\"><span style=\"color: #000000;\"><em style=\"font-size: inherit;\">in modo che gli altri, quando ti leggeranno, <\/em><em style=\"font-size: inherit;\">toccheranno con mano il miracolo palpitante della vita<\/em><span style=\"font-size: inherit;\">\u00bb <\/span><strong style=\"font-size: inherit;\">&nbsp;<\/strong><\/span><\/p>\n\n\n\n<p class=\"has-text-align-right\"><span style=\"font-size: inherit; color: #000000;\">[beato Manuel Lozano Garrido(1920-1971), giornalista]<\/span><\/p>\n\n\n<div class=\"wp-block-image\">\n<figure class=\"aligncenter is-resized\"><img loading=\"lazy\" decoding=\"async\" width=\"300\" height=\"169\" src=\"https:\/\/www.rassegnastampa-totustuus.it\/cattolica\/wp-content\/uploads\/2020\/05\/quitidiani_testate_stampa-300x169.jpg\" alt=\"\" class=\"wp-image-47289\" style=\"width:434px;height:auto\" srcset=\"https:\/\/www.rassegnastampa-totustuus.it\/cattolica\/wp-content\/uploads\/2020\/05\/quitidiani_testate_stampa-300x169.jpg 300w, https:\/\/www.rassegnastampa-totustuus.it\/cattolica\/wp-content\/uploads\/2020\/05\/quitidiani_testate_stampa-768x432.jpg 768w, https:\/\/www.rassegnastampa-totustuus.it\/cattolica\/wp-content\/uploads\/2020\/05\/quitidiani_testate_stampa-1024x576.jpg 1024w, https:\/\/www.rassegnastampa-totustuus.it\/cattolica\/wp-content\/uploads\/2020\/05\/quitidiani_testate_stampa.jpg 1280w\" sizes=\"auto, (max-width: 300px) 100vw, 300px\" \/><\/figure><\/div>\n\n\n<p><span style=\"color: #000000;\">Qual \u00e8 lo stato di salute dell\u2019informazione cattolica oggi in Italia?<\/span><\/p>\n\n\n\n<p><span style=\"color: #000000;\"><strong>&nbsp;<\/strong>Fino a diversi anni fa l\u2019editoria cattolica era molto dinamica e poteva contare su numerose testate grandi e piccole diffuse su tutto il territorio nazionale con un numero di lettori probabilmente pari se non superiore a quello delle \u201cgrandi\u201d testate giornalistiche \u201claiche\u201d. Poi purtroppo i crescenti costi di gestione e le crisi economiche hanno ridotto le risorse e i lettori decretando la fine o il drastico ridimensionamento di molte testate. Ormai resistono solo <em>media<\/em> \u201cstorici\u201d con alle spalle grandi ordini religiosi, come ad esempio i Paolini, che continuano a stampare <em>Famiglia Cristiana<\/em> nonostante sia passata in poco pi\u00f9 di dieci anni da una media di 3 milioni di copie vendute a poco pi\u00f9 di 214mila; oppure riviste \u201cdi nicchia\u201d che hanno saputo negli anni costruirsi una solida reputazione e conquistarsi un affezionato pubblico, come <em>Studi Cattolici<\/em>.<\/span><\/p>\n\n\n<div class=\"wp-block-image\">\n<figure class=\"aligncenter is-resized\"><img loading=\"lazy\" decoding=\"async\" width=\"199\" height=\"253\" src=\"https:\/\/www.rassegnastampa-totustuus.it\/cattolica\/wp-content\/uploads\/2018\/03\/Radio_Maria.jpg\" alt=\"\" class=\"wp-image-39962\" style=\"width:273px;height:auto\"\/><\/figure><\/div>\n\n\n<p><span style=\"color: #000000;\">Vi sono poi le eccezioni, come Radio Maria, che dopo aver iniziato a trasmettere nel 1982 come radio parrocchiale \u00e8 arrivata ad avere dopo poco pi\u00f9 di trent\u2019anni pi\u00f9 di 800 ripetitori in tutta Italia e ascolti giornalieri che superano abbondantemente il milione, o Radio Mater, che dopo vent\u2019anni \u00e8 la seconda radio cattolica pi\u00f9 ascoltata<\/span><\/p>\n\n\n\n<p><span style=\"color: #000000;\">Per quanto riguarda la carta stampata \u00e8 da segnalare <em>il Timone, <\/em>nato come bimestrale nel 1999, con 20 pagine e una tiratura di 3.000 copie nel 2011 era gi\u00e0 arrivato a 68 pagine e una tiratura mensile di 15.000 copie, di cui 10.000 in abbonamento<\/span><\/p>\n\n\n\n<p><span style=\"color: #000000;\">A fornire una panoramica dell\u2019editoria e della comunicazione cattolica \u00e8 <a style=\"color: #000000;\" href=\"http:\/\/www.siticattolici.it\/\">siticattolici <\/a>che ha censito 103 settimanali diocesani e 174 giornali e riviste<\/span><\/p>\n\n\n\n<p><span style=\"color: #000000;\">Ma se l\u2019informazione cattolica non se la passa troppo bene tra i <em>media<\/em> tradizionali al contrario \u00e8 particolarmente prolifica sul web, dove i costi si riducono e anche con poco \u00e8 possibile realizzare \u201cprodotti\u201d di buona qualit\u00e0.<\/span><\/p>\n\n\n<div class=\"wp-block-image\">\n<figure class=\"aligncenter is-resized\"><img loading=\"lazy\" decoding=\"async\" width=\"184\" height=\"273\" src=\"https:\/\/www.rassegnastampa-totustuus.it\/cattolica\/wp-content\/uploads\/2005\/07\/PioXII_radiomess.jpg\" alt=\"\" class=\"wp-image-28401\" style=\"width:244px;height:auto\"\/><\/figure><\/div>\n\n\n<p><span style=\"color: #000000;\">In rete semmai il problema \u00e8 rappresentato proprio dall\u2019elevatissimo numero di blog, siti e testate ed \u00e8 veramente difficile orientarsi in questo <em>mare magnum<\/em> in cui non tutte le voci sono autorevoli e non tutta la \u201cdottrina\u201d \u00e8 sana, certa e affidabile. Purtroppo l\u2019autocertificazione di \u201ccattolicit\u00e0\u201d che siti, blog e portali telematici si attribuiscono non assicura sempre una informazione professionale e in linea con il magistero dei papi, i quali peraltro in epoca moderna hanno sempre mostrato di tenere in gran conto la comunicazione, ben consci del bene, e del male, che si pu\u00f2 fare alla societ\u00e0 e alla Chiesa se non si \u201cusa\u201d correttamente &nbsp;<\/span><\/p>\n\n\n\n<h4 class=\"wp-block-heading has-text-align-center\"><span style=\"color: #000000;\"><strong><em>1. tradizionalisti o progressisti<\/em><\/strong><strong><em>?<\/em><\/strong><\/span><\/h4>\n\n\n\n<p><span style=\"color: #000000;\">Come purtroppo ci \u00e8 dato di costatare nella Chiesa vi sono diversi \u201corientamenti\u201d, talvolta dialetticamente contrapposti, che oltre a creare confusione sul piano dottrinale creano anche divisione e confusione tra i fedeli i quali magari sul medesimo argomento ricevono indicazioni e \u201cletture\u201d anche molto diverse tra loro. La stessa cosa la costatiamo nei <em>media <\/em>tradizionali e telematici. Questo non \u00e8 certamente un bene e sono di gran lunga preferibili quei media che dichiarano di rifiutare l\u2019etichetta di testata <em>tradizionalista<\/em> o <em>progressita<\/em> per non correre il rischio che tale attribuzione contribuisca a dare luogo ad una divisione errata nella Chiesa e nella societ\u00e0.<\/span><\/p>\n\n\n<div class=\"wp-block-image\">\n<figure class=\"aligncenter is-resized\"><img loading=\"lazy\" decoding=\"async\" width=\"300\" height=\"200\" src=\"https:\/\/www.rassegnastampa-totustuus.it\/cattolica\/wp-content\/uploads\/2019\/09\/chiesa_messa-300x200.jpg\" alt=\"\" class=\"wp-image-44242\" style=\"width:436px;height:auto\" srcset=\"https:\/\/www.rassegnastampa-totustuus.it\/cattolica\/wp-content\/uploads\/2019\/09\/chiesa_messa-300x200.jpg 300w, https:\/\/www.rassegnastampa-totustuus.it\/cattolica\/wp-content\/uploads\/2019\/09\/chiesa_messa-768x512.jpg 768w, https:\/\/www.rassegnastampa-totustuus.it\/cattolica\/wp-content\/uploads\/2019\/09\/chiesa_messa-1024x683.jpg 1024w, https:\/\/www.rassegnastampa-totustuus.it\/cattolica\/wp-content\/uploads\/2019\/09\/chiesa_messa.jpg 1600w\" sizes=\"auto, (max-width: 300px) 100vw, 300px\" \/><\/figure><\/div>\n\n\n<p><span style=\"color: #000000;\">Dividersi fra cristiani <em>tradizionalisti <\/em>e<em> progressisti<\/em>, oltretutto, non fa che indebolire le gi\u00e0 scarse forze disponibili alla <em>Buona Battaglia<\/em> delle idee. Una divisione che intacca anche la capacit\u00e0 di confronto sui problemi e sulle varie questioni d\u2019interesse ecclesiale, sociale e politico.<\/span><\/p>\n\n\n\n<p><span style=\"color: #000000;\">Eppure la domanda <em>siete &#8220;tradizionalisti&#8221; o &#8220;progressisti&#8221;?<\/em> \u00e8 quella che pi\u00f9 di frequente giunge da amici, lettori o semplici curiosi delle testate e dei siti <em>online<\/em>. La risposta dovrebbe essere sempre la stessa: sono due categorie errate per definire sia l&#8217;informazione legata al mondo ecclesiale sia i fedeli o i gruppi all&#8217;interno della stessa Chiesa Cattolica.<\/span><\/p>\n\n\n<div class=\"wp-block-image\">\n<figure class=\"aligncenter is-resized\"><img loading=\"lazy\" decoding=\"async\" width=\"179\" height=\"281\" src=\"https:\/\/www.rassegnastampa-totustuus.it\/cattolica\/wp-content\/uploads\/2021\/09\/informazione-cover.jpg\" alt=\"\" class=\"wp-image-52334\" style=\"width:265px;height:auto\"\/><\/figure><\/div>\n\n\n<p><span style=\"color: #000000;\">\u00ab<em>Essere fedeli al suo magistero bimillenario <\/em>\u2013 ha precisato in un recente intervento il direttore di <em>Informazione Cattolica, <\/em>e collaboratore de<em> Il Giornale <\/em>Matteo Orlando, il quale ha anche partecipato alla stesura del volume a cura di Matteo Cantori <em>Evoluzione dell\u2019informazione cattolica &#8211; non significa essere tradizionalisti ma semplicemente cattolici. Essere fedeli a Papa Francesco (e riconoscere solo lui come Pontefice regnante) non significa essere progressisti ma cattolici. Scrivere di bellezza della Liturgia su un sito, in linea con gli insegnamenti della Chiesa, senza cedere alle lusinghe delle mode attuali, non significa essere tradizionalisti, ma cattolici<\/em>\u00bb (1).<\/span><\/p>\n\n\n\n<h4 class=\"wp-block-heading has-text-align-center\"><span style=\"color: #000000;\"><strong><em>2. Fedelt\u00e0 al Magistero e buone capacit\u00e0 professionali<\/em><\/strong><\/span><\/h4>\n\n\n\n<p><span style=\"color: #000000;\">Quali dovrebbero essere dunque le caratteristiche di una buona e \u201cutile\u201d informazione cattolica in questo tempo di crisi morale e materiale?<\/span><\/p>\n\n\n\n<p><span style=\"color: #000000;\">Una sicuramente \u00e8 la fedelt\u00e0 al magistero. L\u2019altra \u00e8 una certa competenza nel maneggiare i delicati strumenti dell\u2019informazione.<\/span><\/p>\n\n\n<div class=\"wp-block-image\">\n<figure class=\"aligncenter is-resized\"><img loading=\"lazy\" decoding=\"async\" width=\"275\" height=\"183\" src=\"https:\/\/www.rassegnastampa-totustuus.it\/cattolica\/wp-content\/uploads\/2021\/09\/radio_chiesa_media.jpg\" alt=\"\" class=\"wp-image-52335\" style=\"width:413px;height:auto\"\/><\/figure><\/div>\n\n\n<p><span style=\"color: #000000;\">Sono quindi sempre da salutare con piacere le nuove iniziative editoriali che avvalendosi di persone esperte e competenti sono in grado di offrire al popolo cattolico e laico punti di vista originali, non allineati ai luoghi comuni e alle ideologie correnti che inquinano gran parte del mondo ormai laicista della comunicazione e dello spettacolo.<\/span><\/p>\n\n\n\n<p><span style=\"color: #000000;\">Soprattutto che sanno guardare al mondo e alla realt\u00e0 con gli occhiali della fede e \u2013 tornando ai concetti precedenti &#8211; in sintonia col magistero della Chiesa, la quale, \u00e8 bene ricordare, \u00e8 stata fondata da Cristo duemila anni fa e non da questo o quel Concilio; e con il compito di custodire e trasmettere tutto ci\u00f2 che la sapienza di teologi e santi, suggellata dai papi, ha trasmesso da allora e non solo ci\u00f2 che si ritiene essere pi\u00f9 o meno adeguato ai tempi.<\/span><\/p>\n\n\n<div class=\"wp-block-image\">\n<figure class=\"aligncenter size-full is-resized\"><a href=\"https:\/\/www.rassegnastampa-totustuus.it\/cattolica\/wp-content\/uploads\/2021\/09\/informazione_cattolica_media.jpg\"><img loading=\"lazy\" decoding=\"async\" width=\"350\" height=\"144\" src=\"https:\/\/www.rassegnastampa-totustuus.it\/cattolica\/wp-content\/uploads\/2021\/09\/informazione_cattolica_media.jpg\" alt=\"\" class=\"wp-image-52336\" style=\"width:400px;height:auto\" srcset=\"https:\/\/www.rassegnastampa-totustuus.it\/cattolica\/wp-content\/uploads\/2021\/09\/informazione_cattolica_media.jpg 350w, https:\/\/www.rassegnastampa-totustuus.it\/cattolica\/wp-content\/uploads\/2021\/09\/informazione_cattolica_media-300x123.jpg 300w\" sizes=\"auto, (max-width: 350px) 100vw, 350px\" \/><\/a><\/figure><\/div>\n\n\n<p><span style=\"color: #000000;\">Una delle iniziative pi\u00f9 recenti coronate da un lusinghiero successo \u00e8 <em>Informazione Cattolica<\/em>, nato come blog nel marzo 2020 \u00e8 diventato sito giornalistico e oggi strumento di formazione e informazione piuttosto diffuso sul web e sui <em>social <\/em>(2). Diretta dal prof. Matteo Orlando (3), riunisce oggi una ventina di redattori (senza contare i collaboratori esterni) accomunati dal comune intento di attendere ad una missione giornalistica e civica vera e propria. Uomini e donne reali, decisi a &#8220;metterci la faccia&#8221; per la <em>Buona Battaglia<\/em> delle idee e convinti che la \u201cschermatura\u201d virtuale costituisce condizione necessaria ma non sufficiente per una testata che voglia davvero <em>lasciare traccia <\/em>nella societ\u00e0 e nella cultura del nostro tempo (4).<\/span><\/p>\n\n\n<div class=\"wp-block-image wp-image-52337 size-full\">\n<figure class=\"aligncenter is-resized\"><img loading=\"lazy\" decoding=\"async\" width=\"194\" height=\"260\" src=\"https:\/\/www.rassegnastampa-totustuus.it\/cattolica\/wp-content\/uploads\/2021\/09\/Matteo_orlando.jpg\" alt=\"\" class=\"wp-image-52337\" style=\"width:252px;height:auto\"\/><figcaption class=\"wp-element-caption\">Matteo Orlando<\/figcaption><\/figure><\/div>\n\n\n<p><span style=\"color: #000000;\">Come molti altri siti <em>Informazione Cattolica<\/em> si basata esclusivamente sul volontariato, ma questo non significa che sia gestito in maniera superficiale e dilettantesca. Al contrario chi vi scrive \u00e8 consapevole che il dovere di coscienza di contribuire a <em>contro-informare<\/em> rispetto ai grandi <em>media<\/em>, mettendo soprattutto in grado i lettori appartenenti al mondo cristiano (non esclusivamente cattolico) di approfondire questioni spesso unilateralmente presentate dai ristretti circoli che controllano il <em>mainstream<\/em> comporta non solo il rispetto delle regole basilari del giornalismo \u2013 che tra l\u2019altro non sono sempre rispettate dalla stampa laica \u2013 ma anche essere aperti al nuovo, quando esso pu\u00f2 contribuire a ri-mobilitare i cittadini italiani cristiani disorientati e delusi da una crisi politica, religiosa e morale senza precedenti.<\/span><\/p>\n\n\n\n<h4 class=\"wp-block-heading has-text-align-center\"><span style=\"color: #000000;\"><strong><em>1. La critica, la denuncia ma anche l\u2019offerta di notizie e verit\u00e0 incoraggianti&#8230;<\/em><\/strong><\/span><\/h4>\n\n\n\n<p><span style=\"color: #000000;\"><em>Informazione cattolica<\/em>, come del resto altre meritorie testate del mondo ecclesiale,non si sottrae dunque alla informazione e alla disapprovazione delle notizie e delle questioni pubbliche visibilmente e dolorosamente sbagliate. Tenta per\u00f2, al tempo stesso, di edificare con \u201cil bello che c\u2019\u00e8\u201d.<\/span><\/p>\n\n\n<div class=\"wp-block-image\">\n<figure class=\"aligncenter is-resized\"><img loading=\"lazy\" decoding=\"async\" width=\"259\" height=\"194\" src=\"https:\/\/www.rassegnastampa-totustuus.it\/cattolica\/wp-content\/uploads\/2017\/05\/papa_Francesco.jpg\" alt=\"\" class=\"wp-image-37649\" style=\"width:371px;height:auto\"\/><\/figure><\/div>\n\n\n<p><span style=\"color: #000000;\">Come ribadito da Papa Francesco nell\u2019ultimo<\/span> <span style=\"color: #0000ff;\"><a style=\"color: #0000ff;\" href=\"https:\/\/www.vatican.va\/content\/francesco\/it\/messages\/communications\/documents\/papa-francesco_20210123_messaggio-comunicazioni-sociali.html\" target=\"_blank\" rel=\"noopener noreferrer\">Messaggio per la Giornata Mondiale delle Comunicazioni sociali dal titolo <em>\u00abVieni e vedi\u00bb (Gv 1,46). Comunicare incontrando le persone dove e come sono<\/em><\/a>,<\/span> <span style=\"color: #000000;\">per poter raccontare la <em>verit\u00e0 della vita<\/em> che si fa storia \u00e8 necessario evitare l\u2019appiattimento dei \u201cgiornali fotocopia\u201d o dei \u00ab<em>notiziari tv e radio e siti web sostanzialmente uguali, dove il genere dell\u2019inchiesta e del reportage perdono spazio e qualit\u00e0 a vantaggio di una informazione preconfezionata, \u201cdi palazzo\u201d, autoreferenziale, che sempre meno riesce a intercettare la verit\u00e0 delle cose e la vita concreta delle persone, e non sa pi\u00f9 cogliere n\u00e9 i fenomeni sociali pi\u00f9 gravi n\u00e9 le energie positive che si sprigionano dalla base della societ\u00e0<\/em>\u00bb (5). Raccogliendo l\u2019invito del Santo Padre, quindi, redattori e collaboratori di <em>Informazione Cattolica <\/em>si sforzano di proporre o raccontare eventi \u00ab<em>che altrimenti sarebbero trascurati dai media tradizionali<\/em>\u00bb<em>, <\/em>facendo \u00ab<em>emergere pi\u00f9 storie, anche positive<\/em>\u00bb (6).<\/span><\/p>\n\n\n\n<h4 class=\"wp-block-heading has-text-align-center\"><span style=\"color: #000000;\"><strong><em>2. Il \u201cgiornalismo costruttivo\u201d, sfida per l\u2019informazione cattolica<\/em>&nbsp;&nbsp;&nbsp;&nbsp;&nbsp;&nbsp;&nbsp;&nbsp;&nbsp;&nbsp;&nbsp;&nbsp; <\/strong><\/span><\/h4>\n\n\n<div class=\"wp-block-image\">\n<figure class=\"aligncenter is-resized\"><img loading=\"lazy\" decoding=\"async\" width=\"275\" height=\"183\" src=\"https:\/\/www.rassegnastampa-totustuus.it\/cattolica\/wp-content\/uploads\/2021\/09\/giornalismo_media_informazione.jpg\" alt=\"\" class=\"wp-image-52338\" style=\"width:443px;height:auto\"\/><\/figure><\/div>\n\n\n<p><span style=\"color: #000000;\">L\u2019informazione cattolica oltre ad avere un compito sicuramente originale nel panorama informativo odierno, che predilige rappresentare al pubblico la tragedia, il dolore, la sofferenza, in quanto sceglie di rappresentare anche il buono che avviene ogni giorno nel mondo pu\u00f2 anche diventare nel nostro paese un apripista per un diverso modo di informare, aperta com\u2019\u00e8 alle novit\u00e0 che stanno emergendo nel\u2019ambito dei <em>media<\/em>. Ad esempio il <em>giornalismo delle soluzioni<\/em>, che <em>Informazione cattolica,<\/em> tra le prime in Italia, si sta impegnando ad adottare.<\/span><\/p>\n\n\n\n<p><span style=\"color: #000000;\">Detto anche <em>giornalismo costruttivo<\/em>, questo \u201cmetodo\u201d \u00e8 nato negli Stati Uniti nel 2012 grazie a David Bornstein e Tina Rosenberg del <em>New York Times<\/em>, entrambi fondatori del <em>Solutions Journalism Network<\/em>. La \u201c<em>narrazione costruttiva<\/em>\u201d non \u00e8. giornalismo positivo fine a s\u00e9 stesso, cio\u00e8 dare solo buone notizie; non \u00e8 informazione ingenua, perch\u00e9 non c\u2019\u00e8 solo il bene (ma nemmeno solo il male!); non si riduce alle Breaking News, cio\u00e8 non sensazionalismo che va sempre di fretta; non \u00e8 giornalismo distruttivo, cio\u00e8 non parla solo di polemiche o problemi, soprattutto se insolubili. Anzi, proprio a questo proposito il giornalismo costruttivo ambisce a portare le soluzioni, cio\u00e8 non crea le risposte, le racconta\u00bb.<\/span><\/p>\n\n\n<div class=\"wp-block-image wp-image-52339\">\n<figure class=\"aligncenter is-resized\"><img loading=\"lazy\" decoding=\"async\" width=\"275\" height=\"183\" src=\"https:\/\/www.rassegnastampa-totustuus.it\/cattolica\/wp-content\/uploads\/2021\/09\/Bornstein_Rosenberg_giornalismo.jpg\" alt=\"\" class=\"wp-image-52339\" style=\"width:413px;height:auto\"\/><figcaption class=\"wp-element-caption\">Bornstein e Rosenberg<\/figcaption><\/figure><\/div>\n\n\n<p><span style=\"color: #000000;\">I cinque criteri elaborati da Bornstein e Rosenberg per una narrazione <em>costruttiva<\/em>. Si articolano in<em> cinque impatti-chiave <\/em>per cercare di presentare un \u201cgiornalismo delle soluzioni\u201d: 1) dirigendo l\u2019attenzione delle comunit\u00e0 locali su storie vere, orientate alla soluzione di problemi, che descrivono come, quando e perch\u00e9 uomini e donne di altre parti della nazione hanno affrontato sfide e difficolt\u00e0 superandole. 2) evitando il disfattismo grazie all\u2019effetto \u201cniente scuse\u201d (se altri impegnandosi ce l\u2019hanno fatta, perch\u00e9 non noi?); 3) rendendo il pi\u00f9 efficace possibile l\u2019effetto-emulazione di progetti o strategie gi\u00e0 realizzate per invogliare la comunit\u00e0 a mobilitarsi,organizzarsi e raggiungere obiettivi audaci; 4) cercando di non dare per scontate le informazioni fornite dall\u2019establishment perch\u00e9 spesso finiscono per descrivere parzialmente o a senso unico le varie situazioni critiche (con le inchieste giornalistiche, infatti, escono non di rado fuori i metodi per riformare le organizzazioni); 5) cercando di non accontentarsi dello Status quo o indulgere nella descrizione negativa e pessimistica dell\u2019esistenza (chi sui giornali ha provato a farlo con un approccio costruttivo, spesso \u00e8 stato anche parte della soluzione dei problemi)\u00bb (7).<\/span><\/p>\n\n\n\n<h4 class=\"wp-block-heading has-text-align-center\"><span style=\"color: #000000;\"><strong><em>3. Non solo informazione ma anche formazione<\/em><\/strong><\/span><\/h4>\n\n\n\n<p><span style=\"color: #000000;\">Non c\u2019\u00e8 dubbio che per un cattolico, ma anche per un laico che voglia essere per quanto possibile protagonista nella societ\u00e0 in cui vive mediante scelte in ambito sociale e politico consapevoli, oltre all\u2019 <em>informazione <\/em>\u00e8 necessario curare anche la <em>formazione, <\/em>ovvero l\u2019acquisizione di nozioni, di carattere storico, filosofico, dottrinale, scientifico che debitamente orientate diventano cultura, pensiero e quindi giudizio.<\/span><\/p>\n\n\n\n<p><span style=\"color: #000000;\">Anche da questo punto di vista il web \u00e8 particolarmente ricco di \u201cperle\u201d, che offrono non solo sana apologetica \u2013 disciplina che \u00e8 rimasta alquanto negletta in ambito cattolico da quando in certi ambienti si \u00e8 cominciato a pensare che la \u201cmagnificazione acritica\u201d, del cristianesimo male si conciliava con i dubbi e soprattutto il relativismo della modernit\u00e0, salvo poi rendersi conto che soprattutto in questi tempi impregnati di ideologie atee e anticristiane la confutazione delle menzogne e delle calunnie che riguardano la Chiesa \u00e8 diventata una urgente necessit\u00e0.<\/span><\/p>\n\n\n<div class=\"wp-block-image\">\n<figure class=\"aligncenter is-resized\"><img loading=\"lazy\" decoding=\"async\" width=\"300\" height=\"81\" src=\"https:\/\/www.rassegnastampa-totustuus.it\/cattolica\/wp-content\/uploads\/2021\/09\/rassegna_stampa_chiesa_media-300x81.jpg\" alt=\"\" class=\"wp-image-52341\" style=\"width:322px;height:auto\" srcset=\"https:\/\/www.rassegnastampa-totustuus.it\/cattolica\/wp-content\/uploads\/2021\/09\/rassegna_stampa_chiesa_media-300x81.jpg 300w, https:\/\/www.rassegnastampa-totustuus.it\/cattolica\/wp-content\/uploads\/2021\/09\/rassegna_stampa_chiesa_media.jpg 431w\" sizes=\"auto, (max-width: 300px) 100vw, 300px\" \/><\/figure><\/div>\n\n\n<p><span style=\"color: #000000;\">Ecco cos\u00ec nascere riviste, come il gi\u00e0 citato <em>il Timone <\/em>esplicitamentededicati ad una nuova apologetica o portali come l\u2019enciclopedico<\/span> <a href=\"http:\/\/www.totustuus.it\" target=\"_blank\" rel=\"noopener noreferrer\"><span style=\"color: #0000ff;\">Totus Tuus<\/span><\/a>, <span style=\"color: #000000;\">e ancora l\u2019ancora poco conosciuto<\/span> <span style=\"color: #0000ff;\"><a style=\"color: #0000ff;\" href=\"https:\/\/www.rassegnastampa-totustuus.it\/cattolica\/\" target=\"_blank\" rel=\"noopener noreferrer\">Rassegna Stampa<\/a>,<\/span> <span style=\"color: #000000;\">che per\u00f2 offre oltre 6000 documenti tra articoli tratti dalla stampa periodica e quotidiana, quasi 200 libri scaricabili, trascrizioni di conferenze, materiali originali tutti rigorosamente \u201ccattolici\u201d il cui scopo non \u00e8 seguire l\u2019attualit\u00e0 quanto piuttosto archiviare materiali utili per documentarsi e comprendere aspetti del mondo contemporaneo.<\/span><\/p>\n\n\n<div class=\"wp-block-image\">\n<figure class=\"aligncenter is-resized\"><img loading=\"lazy\" decoding=\"async\" width=\"190\" height=\"265\" src=\"https:\/\/www.rassegnastampa-totustuus.it\/cattolica\/wp-content\/uploads\/2014\/04\/Rassegna_cover.jpg\" alt=\"\" class=\"wp-image-39071\" style=\"width:244px;height:auto\"\/><\/figure><\/div>\n\n\n<p><span style=\"color: #000000;\">Il dottor Andrea Bartelloni \u00e8 il responsabile del Centro Cattolico di Documentazione di Marina di Pisa, che realizza la Rassegna Stampa. Come ha spiegato in una recente intervista (8) \u00ab<em>Il Centro ha sempre avuto una grande attenzione alla carta stampata cercando letture adatte per meglio capire e interpretare gli avvenimenti. Le difficolt\u00e0 erano notevoli, la stampa di orientamento laicista e progressista la faceva da padrona: nasce la Rassegna Stampa che, con fatica, cerca di dare una informazione il pi\u00f9 possibile oggettiva e, ovviamente, controcorrente. La vita di questa pubblicazione \u00e8 andata avanti fino al 2019, quasi quaranta anni che, se proviamo a sfogliarla e molti numeri in pdf si trovano nel sito (<\/em><a style=\"color: #000000;\" href=\"https:\/\/www.rassegnastampa-totustuus.it\/cattolica\/?page_id=37943\" target=\"_blank\" rel=\"noopener noreferrer\"><em><span style=\"color: #0000ff;\">https:\/\/www.rassegnastampa-totustuus.it\/cattolica\/?page_id=37943<\/span> <\/em><\/a><em>), racconta la storia italiana e non solo affrontata da un punto di vista particolare: il nostro. <\/em><\/span><\/p>\n\n\n\n<p><span style=\"color: #000000;\"><em>Abbiamo organizzato incontri pubblici sia a Marina di Pisa che a Pisa e continuiamo a farlo anche indirettamente con quello che abbiamo seminato<\/em>\u00bb.<\/span><\/p>\n\n\n<div class=\"wp-block-image wp-image-52342\">\n<figure class=\"aligncenter is-resized\"><img loading=\"lazy\" decoding=\"async\" width=\"300\" height=\"262\" src=\"https:\/\/www.rassegnastampa-totustuus.it\/cattolica\/wp-content\/uploads\/2021\/09\/Andrea-Bartelloni-300x262.jpg\" alt=\"\" class=\"wp-image-52342\" style=\"width:344px;height:auto\" srcset=\"https:\/\/www.rassegnastampa-totustuus.it\/cattolica\/wp-content\/uploads\/2021\/09\/Andrea-Bartelloni-300x262.jpg 300w, https:\/\/www.rassegnastampa-totustuus.it\/cattolica\/wp-content\/uploads\/2021\/09\/Andrea-Bartelloni-768x670.jpg 768w, https:\/\/www.rassegnastampa-totustuus.it\/cattolica\/wp-content\/uploads\/2021\/09\/Andrea-Bartelloni.jpg 952w\" sizes=\"auto, (max-width: 300px) 100vw, 300px\" \/><figcaption class=\"wp-element-caption\">Andrea Bartelloni<\/figcaption><\/figure><\/div>\n\n\n<p><span style=\"color: #000000;\"><em>Rassegna Stampa <\/em>\u00e8 online dal 2004 e se l\u2019avvento della rete pu\u00f2 far sembrare tutto pi\u00f9 facile Bartelloni avverte che \u00ab<em>Adesso, occorre una capacit\u00e0 di discernimento notevole anche perch\u00e9 la velocit\u00e0 con la quale si entra in contatto con notizie e commenti e impressionante. Occorre far sedimentare le cose, riflettere e <\/em>\u201c<em>sono diventati evidenti a tutti, ormai, anche i rischi di una comunicazione social priva di verifiche. (\u2026) <\/em><\/span><\/p>\n\n\n\n<p><span style=\"color: #000000;\"><em>Tale consapevolezza critica spinge non a demonizzare lo strumento, ma a una maggiore capacit\u00e0 di discernimento e a un pi\u00f9 maturo senso di responsabilit\u00e0, sia quando si diffondono sia quando si ricevono contenuti. Tutti siamo responsabili della comunicazione che facciamo, delle informazioni che diamo, del controllo che insieme possiamo esercitare sulle notizie false, smascherandole. Tutti siamo chiamati a essere testimoni della verit\u00e0: ad andare, vedere e condividere<\/em>\u201d <em>(Messaggio di Papa Francesco per la 55ma Giornata Mondiale delle Comunicazioni Sociali, 23 gennaio 2021). Noi non abbiamo la pretesa di andare sulla notizia, ma quella di evitare di essere il pi\u00f9 possibili testimoni di verit\u00e0.<\/em><\/span><\/p>\n\n\n<div class=\"wp-block-image\">\n<figure class=\"aligncenter is-resized\"><img loading=\"lazy\" decoding=\"async\" width=\"183\" height=\"275\" src=\"https:\/\/www.rassegnastampa-totustuus.it\/cattolica\/wp-content\/uploads\/2021\/09\/radio_mater_chiesa_media.jpg\" alt=\"\" class=\"wp-image-52343\" style=\"width:247px;height:auto\"\/><\/figure><\/div>\n\n\n<p><span style=\"color: #000000;\">Caratteristica comune dei media cattolici quindi dovrebbe essere il forte e scrupoloso controllo dottrinale dei contenuti, teso a promuovere la conoscenza dei fatti con indipendenza, accuratezza ed imparzialit\u00e0, senza essere influenzati da pressioni di natura politico-partitica, n\u00e9 da interessi personali o economici. Inoltre, la fedelt\u00e0 alla Chiesa e al Papa porta a tralasciare ogni commento offensivo, volgare, blasfemo o inutilmente provocatorio e nei limiti del possibile, tutto viene vagliato dal punto di vista veritativo e dottrinale\u00bb.<\/span><\/p>\n\n\n\n<p><span style=\"color: #000000;\">Ma la semplice informazione non basta. L\u2019ambizione di una \u201cbuona stampa cattolica\u201d deve essere oggi anche quella di formarsi e formare nella Sacra Scrittura, nella Tradizione, nel Magistero, intimamente connessi, convinti che \u00ab<em>la sacra Tradizione, la sacra Scrittura e il magistero della Chiesa, per sapientissima disposizione di Dio, sono tra loro talmente connessi e congiunti che nessuna di queste realt\u00e0 sussiste senza le altre, e tutte insieme, ciascuna a modo proprio, sotto l&#8217;azione di un solo Spirito Santo, contribuiscono efficacemente alla salvezza delle anime<\/em>\u00bb (9).<\/span><\/p>\n\n\n\n<p><span style=\"color: #000000;\">Cosa possono fare quindi oggi nel variegato mondo dell\u2019informazione piccole testate animate da persone cattoliche di buona volont\u00e0? &nbsp;Almeno dare il buon esempio per passare, assicura il direttore di <em>Informazione Cattolica<\/em> \u00ab<em>Dalle attuali tre S del giornalismo <\/em>Sesso-Sangue-Soldi<em> alle tre B del futuro giornalismo: <\/em>Buono-Bello-Bene\u00bb (10)<\/span><\/p>\n\n\n\n<p><span style=\"color: #000000;\">_______________<\/span><\/p>\n\n\n\n<p><span style=\"color: #000000;\"><strong>Note<\/strong><\/span><\/p>\n\n\n\n<p><span style=\"color: #000000;\"><strong>1)<\/strong> Matteo Orlando, <em>La semplice informazione non basta: <\/em>inFormazione Cattolica, in Matteo Cantori (a cura di), <em>Evoluzione dell\u2019informazione cattolica. Lezioni inedite di giornalismo e non solo<\/em>, <em>Editoriale Romani<\/em>, Roma 2021, (pp. 183-185) p. 185.<\/span><\/p>\n\n\n\n<p><span style=\"color: #000000;\"><strong>2) <\/strong>Basti solo pensare agli oltre 7.300 <em>followers<\/em>(dato aggiornato al 13 luglio 2021) sulla<\/span> <span style=\"color: #0000ff;\"><a style=\"color: #0000ff;\" href=\"https:\/\/www.facebook.com\/informazionecattolica\/\" target=\"_blank\" rel=\"noopener noreferrer\">pagina Facebook <\/a><\/span><span style=\"color: #000000;\">ed ai circa 600 iscritti alla <em>Newsletter<\/em> settimanale gratuita. Oltre al canale YouTube ed al profilo Instagram, dal gennaio 2021<em>inFormazione Cattolica<\/em> \u00e8 presente anche su <em>Telegram<\/em> e, dopo 6 mesi, gli iscritti sono quasi 400.<\/span><\/p>\n\n\n\n<p><span style=\"color: #000000;\"><strong>3)<\/strong> Matteo Orlando, docente di Religione Cattolica (IRC) in un istituto superiore a Verona, \u00e8 giornalista pubblicista, studioso di religioni e temi sociali. Dirige dal 19 marzo 2020 il quotidiano online <em>(In)formazione Cattolica<\/em> e collabora con alcune testate nazionali, come<\/span><span style=\"color: #0000ff;\"> <a style=\"color: #0000ff;\" href=\"https:\/\/www.ilgiornale.it\/\" target=\"_blank\" rel=\"noopener noreferrer\"><em>Il Giornale.it<\/em><\/a>e <a style=\"color: #0000ff;\" href=\"https:\/\/www.marcotosatti.com\/\"><em>Stilum Curiae<\/em><\/a>.<\/span> <span style=\"color: #000000;\">Tra i suoi libri \u201c<em>Mafia e antimafia spiegate agli studenti<\/em>\u201d (<em>Avalon<\/em> 2012), \u201c<em>Faithbook: La fede cattolica nel tempo dei conigli<\/em>\u201d (<em>Chorabooks<\/em> 2017) e, assieme a Giuseppe Brienza (a cura di),<\/span> <span style=\"color: #0000ff;\">\u201c<a style=\"color: #0000ff;\" href=\"https:\/\/www.edizionisolfanelli.it\/seratepietroburgooggi2.htm\" target=\"_blank\" rel=\"noopener noreferrer\"><em>Le Serate di San Pietroburgo oggi<\/em><\/a>\u201d<\/span> (<span style=\"color: #0000ff;\"><a style=\"color: #0000ff;\" href=\"https:\/\/www.edizionisolfanelli.it\/\" target=\"_blank\" rel=\"noopener noreferrer\">Edizioni <em>Solfanelli<\/em><\/a>,<\/span> <span style=\"color: #000000;\"><em>Presentazione<\/em> di Lorenzo Fontana, Chieti 2021, pp. 272, \u20ac 15).<\/span><\/p>\n\n\n\n<p><span style=\"color: #000000;\"><strong>4)<\/strong> Cfr. il primo punto del capolavoro del fondatore dell\u2019<em>Opus Dei<\/em>san Josemar\u00eda Escriv\u00e1 (1902-1975)<em>Cammino<\/em> (il testo integrale del n. 1 di tale testo, nell\u2019edizione italiana pubblicata dall\u2019editrice<\/span> <span style=\"color: #0000ff;\"><a style=\"color: #0000ff;\" href=\"http:\/\/www.ares.mi.it\" target=\"_blank\" rel=\"noopener noreferrer\"><em>Ares <\/em><\/a><\/span><span style=\"color: #000000;\">di Milano \u00e8 il seguente: \u00ab<em>Che la tua vita non sia una vita sterile. \u2013 Sii utile. \u2013 Lascia traccia. \u2013 Illumina con la fiamma della tua fede e del tuo amore&#8230;<\/em>\u00bb.<\/span><\/p>\n\n\n\n<p><span style=\"color: #000000;\"><strong>5)<\/strong> Papa Francesco, <em>\u00abVieni e vedi\u00bb (Gv 1,46). Comunicare incontrando le persone dove e come sono<\/em>, Roma, San Giovanni in Laterano, 23 gennaio 2021.<\/span><\/p>\n\n\n\n<p><span style=\"color: #000000;\"><strong>6)<\/strong> <em>Ibidem<\/em>. <strong>7) <\/strong>Cit. in Giuseppe Brienza-Sara Deodati,<\/span> <span style=\"color: #0000ff;\"><a style=\"color: #0000ff;\" href=\"https:\/\/www.informazionecattolica.it\/2021\/07\/04\/una-foresta-che-cresce-a-roma-la-prima-giornata-nazionale-di-informazione-cattolica\/\" target=\"_blank\" rel=\"noopener noreferrer\"><em>Una foresta che cresce: a Roma la prima Giornata Nazionale di <\/em>inFormazione Cattolica<\/a><\/span>, <span style=\"color: #000000;\"><em>inFormazione Cattolica<\/em>, 4 luglio 2021.<\/span><\/p>\n\n\n\n<p><strong>8)<\/strong> <span style=\"color: #000000;\">Pietro Licciardi<\/span> <span style=\"color: #0000ff;\"><a style=\"color: #0000ff;\" href=\"https:\/\/www.informazionecattolica.it\/2021\/01\/28\/dalla-rivoluzione-comunista-al-nichilismo-che-la-fa-da-padrone\/\" target=\"_blank\" rel=\"noopener noreferrer\">Dalla rivoluzione comunista al nichilismo che la fa da padrone<\/a><\/span> <span style=\"color: #000000;\">in <em>InFormazione Cattolica<\/em> 28 gennaio 2021<\/span><\/p>\n\n\n\n<p><span style=\"color: #000000;\"><strong>9<\/strong>) Concilio Vaticano II, Costituzione Dogmatica &#8220;<em>Dei Verbum<\/em>&#8221; sulla Divina Rivelazione, 18 novembre 1965, n. 10. <\/span><\/p>\n\n\n\n<p><span style=\"color: #000000;\"><strong>10)<\/strong> Cit. in G. Brienza-S. Deodati, <em>Una foresta che cresce\u2026<\/em>, art. cit.<\/span><\/p>\n\n\n\n<p><\/p>\n","protected":false},"excerpt":{"rendered":"<p>per Rassegna Stampa 30 Agosto 2021 Cercare di ri-fare cultura riproponendo i \u201cdiritti di Dio\u201d nella societ\u00e0 di Giuseppe Brienza<\/p><p><a class=\"more-link btn\" href=\"https:\/\/www.rassegnastampa-totustuus.it\/cattolica\/spunti-sullinformazione-cattolica-in-italia\/\">Continua a leggere<\/a><\/p>\n","protected":false},"author":6,"featured_media":52331,"comment_status":"closed","ping_status":"closed","sticky":false,"template":"","format":"standard","meta":{"footnotes":""},"categories":[5],"tags":[2018,2877],"class_list":["post-52330","post","type-post","status-publish","format-standard","has-post-thumbnail","hentry","category-chiesa","tag-mass-media","tag-stampa-cattolica","item-wrap"],"yoast_head":"<!-- This site is optimized with the Yoast SEO plugin v27.5 - https:\/\/yoast.com\/product\/yoast-seo-wordpress\/ -->\n<title>Spunti sull\u2019informazione cattolica in Italia - Rassegna Stampa Cattolica<\/title>\n<meta name=\"description\" content=\"Spunti sull\u2019informazione cattolica in Italia. Cercare di ri-fare cultura riproponendo i \u201cdiritti di Dio\u201d nella societ\u00e0\" \/>\n<meta name=\"robots\" content=\"index, follow, max-snippet:-1, max-image-preview:large, max-video-preview:-1\" \/>\n<link rel=\"canonical\" href=\"https:\/\/www.rassegnastampa-totustuus.it\/cattolica\/spunti-sullinformazione-cattolica-in-italia\/\" \/>\n<meta property=\"og:locale\" content=\"it_IT\" \/>\n<meta property=\"og:type\" content=\"article\" \/>\n<meta property=\"og:title\" content=\"Spunti sull\u2019informazione cattolica in Italia - Rassegna Stampa Cattolica\" \/>\n<meta property=\"og:description\" content=\"Spunti sull\u2019informazione cattolica in Italia. Cercare di ri-fare cultura riproponendo i \u201cdiritti di Dio\u201d nella societ\u00e0\" \/>\n<meta property=\"og:url\" content=\"https:\/\/www.rassegnastampa-totustuus.it\/cattolica\/spunti-sullinformazione-cattolica-in-italia\/\" \/>\n<meta property=\"og:site_name\" content=\"Rassegna Stampa Cattolica\" \/>\n<meta property=\"article:publisher\" content=\"https:\/\/www.facebook.com\/rassegnastampacattolica\" \/>\n<meta property=\"article:published_time\" content=\"2021-09-01T22:00:01+00:00\" \/>\n<meta property=\"article:modified_time\" content=\"2025-07-21T07:20:55+00:00\" \/>\n<meta property=\"og:image\" content=\"https:\/\/www.rassegnastampa-totustuus.it\/cattolica\/wp-content\/uploads\/2021\/08\/voce-cattolica-chiesa.jpg\" \/>\n\t<meta property=\"og:image:width\" content=\"1500\" \/>\n\t<meta property=\"og:image:height\" content=\"625\" \/>\n\t<meta property=\"og:image:type\" content=\"image\/jpeg\" \/>\n<meta name=\"author\" content=\"Redazione\" \/>\n<meta name=\"twitter:card\" content=\"summary_large_image\" \/>\n<meta name=\"twitter:creator\" content=\"@rassegnastampa9\" \/>\n<meta name=\"twitter:site\" content=\"@rassegnastampa9\" \/>\n<meta name=\"twitter:label1\" content=\"Scritto da\" \/>\n\t<meta name=\"twitter:data1\" content=\"Redazione\" \/>\n\t<meta name=\"twitter:label2\" content=\"Tempo di lettura stimato\" \/>\n\t<meta name=\"twitter:data2\" content=\"19 minuti\" \/>\n<script type=\"application\/ld+json\" class=\"yoast-schema-graph\">{\"@context\":\"https:\\\/\\\/schema.org\",\"@graph\":[{\"@type\":\"Article\",\"@id\":\"https:\\\/\\\/www.rassegnastampa-totustuus.it\\\/cattolica\\\/spunti-sullinformazione-cattolica-in-italia\\\/#article\",\"isPartOf\":{\"@id\":\"https:\\\/\\\/www.rassegnastampa-totustuus.it\\\/cattolica\\\/spunti-sullinformazione-cattolica-in-italia\\\/\"},\"author\":{\"name\":\"Redazione\",\"@id\":\"https:\\\/\\\/www.rassegnastampa-totustuus.it\\\/cattolica\\\/#\\\/schema\\\/person\\\/08f319d2bd1a0904ad9e2bfb7b15e5c3\"},\"headline\":\"Spunti sull\u2019informazione cattolica in Italia\",\"datePublished\":\"2021-09-01T22:00:01+00:00\",\"dateModified\":\"2025-07-21T07:20:55+00:00\",\"mainEntityOfPage\":{\"@id\":\"https:\\\/\\\/www.rassegnastampa-totustuus.it\\\/cattolica\\\/spunti-sullinformazione-cattolica-in-italia\\\/\"},\"wordCount\":2824,\"publisher\":{\"@id\":\"https:\\\/\\\/www.rassegnastampa-totustuus.it\\\/cattolica\\\/#organization\"},\"image\":{\"@id\":\"https:\\\/\\\/www.rassegnastampa-totustuus.it\\\/cattolica\\\/spunti-sullinformazione-cattolica-in-italia\\\/#primaryimage\"},\"thumbnailUrl\":\"https:\\\/\\\/www.rassegnastampa-totustuus.it\\\/cattolica\\\/wp-content\\\/uploads\\\/2021\\\/08\\\/voce-cattolica-chiesa.jpg\",\"keywords\":[\"mass-media\",\"stampa cattolica\"],\"articleSection\":[\"Chiesa\"],\"inLanguage\":\"it-IT\"},{\"@type\":\"WebPage\",\"@id\":\"https:\\\/\\\/www.rassegnastampa-totustuus.it\\\/cattolica\\\/spunti-sullinformazione-cattolica-in-italia\\\/\",\"url\":\"https:\\\/\\\/www.rassegnastampa-totustuus.it\\\/cattolica\\\/spunti-sullinformazione-cattolica-in-italia\\\/\",\"name\":\"Spunti sull\u2019informazione cattolica in Italia - Rassegna Stampa Cattolica\",\"isPartOf\":{\"@id\":\"https:\\\/\\\/www.rassegnastampa-totustuus.it\\\/cattolica\\\/#website\"},\"primaryImageOfPage\":{\"@id\":\"https:\\\/\\\/www.rassegnastampa-totustuus.it\\\/cattolica\\\/spunti-sullinformazione-cattolica-in-italia\\\/#primaryimage\"},\"image\":{\"@id\":\"https:\\\/\\\/www.rassegnastampa-totustuus.it\\\/cattolica\\\/spunti-sullinformazione-cattolica-in-italia\\\/#primaryimage\"},\"thumbnailUrl\":\"https:\\\/\\\/www.rassegnastampa-totustuus.it\\\/cattolica\\\/wp-content\\\/uploads\\\/2021\\\/08\\\/voce-cattolica-chiesa.jpg\",\"datePublished\":\"2021-09-01T22:00:01+00:00\",\"dateModified\":\"2025-07-21T07:20:55+00:00\",\"description\":\"Spunti sull\u2019informazione cattolica in Italia. Cercare di ri-fare cultura riproponendo i \u201cdiritti di Dio\u201d nella societ\u00e0\",\"breadcrumb\":{\"@id\":\"https:\\\/\\\/www.rassegnastampa-totustuus.it\\\/cattolica\\\/spunti-sullinformazione-cattolica-in-italia\\\/#breadcrumb\"},\"inLanguage\":\"it-IT\",\"potentialAction\":[{\"@type\":\"ReadAction\",\"target\":[\"https:\\\/\\\/www.rassegnastampa-totustuus.it\\\/cattolica\\\/spunti-sullinformazione-cattolica-in-italia\\\/\"]}]},{\"@type\":\"ImageObject\",\"inLanguage\":\"it-IT\",\"@id\":\"https:\\\/\\\/www.rassegnastampa-totustuus.it\\\/cattolica\\\/spunti-sullinformazione-cattolica-in-italia\\\/#primaryimage\",\"url\":\"https:\\\/\\\/www.rassegnastampa-totustuus.it\\\/cattolica\\\/wp-content\\\/uploads\\\/2021\\\/08\\\/voce-cattolica-chiesa.jpg\",\"contentUrl\":\"https:\\\/\\\/www.rassegnastampa-totustuus.it\\\/cattolica\\\/wp-content\\\/uploads\\\/2021\\\/08\\\/voce-cattolica-chiesa.jpg\",\"width\":1500,\"height\":625},{\"@type\":\"BreadcrumbList\",\"@id\":\"https:\\\/\\\/www.rassegnastampa-totustuus.it\\\/cattolica\\\/spunti-sullinformazione-cattolica-in-italia\\\/#breadcrumb\",\"itemListElement\":[{\"@type\":\"ListItem\",\"position\":1,\"name\":\"Home\",\"item\":\"https:\\\/\\\/www.rassegnastampa-totustuus.it\\\/cattolica\\\/\"},{\"@type\":\"ListItem\",\"position\":2,\"name\":\"Spunti sull\u2019informazione cattolica in Italia\"}]},{\"@type\":\"WebSite\",\"@id\":\"https:\\\/\\\/www.rassegnastampa-totustuus.it\\\/cattolica\\\/#website\",\"url\":\"https:\\\/\\\/www.rassegnastampa-totustuus.it\\\/cattolica\\\/\",\"name\":\"Rassegna Stampa Cattolica\",\"description\":\"Per una cultura che nasce dalla Rivelazione cristiana in conformit\u00e0 alla tradizione e al Magistero della Chiesa in opposizione ad ogni relativismo e totalitarismo\",\"publisher\":{\"@id\":\"https:\\\/\\\/www.rassegnastampa-totustuus.it\\\/cattolica\\\/#organization\"},\"alternateName\":\"Rass. Cattolica\",\"potentialAction\":[{\"@type\":\"SearchAction\",\"target\":{\"@type\":\"EntryPoint\",\"urlTemplate\":\"https:\\\/\\\/www.rassegnastampa-totustuus.it\\\/cattolica\\\/?s={search_term_string}\"},\"query-input\":{\"@type\":\"PropertyValueSpecification\",\"valueRequired\":true,\"valueName\":\"search_term_string\"}}],\"inLanguage\":\"it-IT\"},{\"@type\":\"Organization\",\"@id\":\"https:\\\/\\\/www.rassegnastampa-totustuus.it\\\/cattolica\\\/#organization\",\"name\":\"Rassegna Stampa Cattolica\",\"url\":\"https:\\\/\\\/www.rassegnastampa-totustuus.it\\\/cattolica\\\/\",\"logo\":{\"@type\":\"ImageObject\",\"inLanguage\":\"it-IT\",\"@id\":\"https:\\\/\\\/www.rassegnastampa-totustuus.it\\\/cattolica\\\/#\\\/schema\\\/logo\\\/image\\\/\",\"url\":\"https:\\\/\\\/www.rassegnastampa-totustuus.it\\\/cattolica\\\/wp-content\\\/uploads\\\/2014\\\/04\\\/logo-rassegna1.gif\",\"contentUrl\":\"https:\\\/\\\/www.rassegnastampa-totustuus.it\\\/cattolica\\\/wp-content\\\/uploads\\\/2014\\\/04\\\/logo-rassegna1.gif\",\"width\":600,\"height\":163,\"caption\":\"Rassegna Stampa Cattolica\"},\"image\":{\"@id\":\"https:\\\/\\\/www.rassegnastampa-totustuus.it\\\/cattolica\\\/#\\\/schema\\\/logo\\\/image\\\/\"},\"sameAs\":[\"https:\\\/\\\/www.facebook.com\\\/rassegnastampacattolica\",\"https:\\\/\\\/x.com\\\/rassegnastampa9\"]},{\"@type\":\"Person\",\"@id\":\"https:\\\/\\\/www.rassegnastampa-totustuus.it\\\/cattolica\\\/#\\\/schema\\\/person\\\/08f319d2bd1a0904ad9e2bfb7b15e5c3\",\"name\":\"Redazione\",\"image\":{\"@type\":\"ImageObject\",\"inLanguage\":\"it-IT\",\"@id\":\"https:\\\/\\\/secure.gravatar.com\\\/avatar\\\/2fcdf27c78ea025fbdb44e914cc63c72249ffec9dc8aafd5c82b26240ef3f346?s=96&d=mm&r=g\",\"url\":\"https:\\\/\\\/secure.gravatar.com\\\/avatar\\\/2fcdf27c78ea025fbdb44e914cc63c72249ffec9dc8aafd5c82b26240ef3f346?s=96&d=mm&r=g\",\"contentUrl\":\"https:\\\/\\\/secure.gravatar.com\\\/avatar\\\/2fcdf27c78ea025fbdb44e914cc63c72249ffec9dc8aafd5c82b26240ef3f346?s=96&d=mm&r=g\",\"caption\":\"Redazione\"},\"url\":\"https:\\\/\\\/www.rassegnastampa-totustuus.it\\\/cattolica\\\/author\\\/pietroelle\\\/\"}]}<\/script>\n<!-- \/ Yoast SEO plugin. -->","yoast_head_json":{"title":"Spunti sull\u2019informazione cattolica in Italia - Rassegna Stampa Cattolica","description":"Spunti sull\u2019informazione cattolica in Italia. Cercare di ri-fare cultura riproponendo i \u201cdiritti di Dio\u201d nella societ\u00e0","robots":{"index":"index","follow":"follow","max-snippet":"max-snippet:-1","max-image-preview":"max-image-preview:large","max-video-preview":"max-video-preview:-1"},"canonical":"https:\/\/www.rassegnastampa-totustuus.it\/cattolica\/spunti-sullinformazione-cattolica-in-italia\/","og_locale":"it_IT","og_type":"article","og_title":"Spunti sull\u2019informazione cattolica in Italia - Rassegna Stampa Cattolica","og_description":"Spunti sull\u2019informazione cattolica in Italia. Cercare di ri-fare cultura riproponendo i \u201cdiritti di Dio\u201d nella societ\u00e0","og_url":"https:\/\/www.rassegnastampa-totustuus.it\/cattolica\/spunti-sullinformazione-cattolica-in-italia\/","og_site_name":"Rassegna Stampa Cattolica","article_publisher":"https:\/\/www.facebook.com\/rassegnastampacattolica","article_published_time":"2021-09-01T22:00:01+00:00","article_modified_time":"2025-07-21T07:20:55+00:00","og_image":[{"width":1500,"height":625,"url":"https:\/\/www.rassegnastampa-totustuus.it\/cattolica\/wp-content\/uploads\/2021\/08\/voce-cattolica-chiesa.jpg","type":"image\/jpeg"}],"author":"Redazione","twitter_card":"summary_large_image","twitter_creator":"@rassegnastampa9","twitter_site":"@rassegnastampa9","twitter_misc":{"Scritto da":"Redazione","Tempo di lettura stimato":"19 minuti"},"schema":{"@context":"https:\/\/schema.org","@graph":[{"@type":"Article","@id":"https:\/\/www.rassegnastampa-totustuus.it\/cattolica\/spunti-sullinformazione-cattolica-in-italia\/#article","isPartOf":{"@id":"https:\/\/www.rassegnastampa-totustuus.it\/cattolica\/spunti-sullinformazione-cattolica-in-italia\/"},"author":{"name":"Redazione","@id":"https:\/\/www.rassegnastampa-totustuus.it\/cattolica\/#\/schema\/person\/08f319d2bd1a0904ad9e2bfb7b15e5c3"},"headline":"Spunti sull\u2019informazione cattolica in Italia","datePublished":"2021-09-01T22:00:01+00:00","dateModified":"2025-07-21T07:20:55+00:00","mainEntityOfPage":{"@id":"https:\/\/www.rassegnastampa-totustuus.it\/cattolica\/spunti-sullinformazione-cattolica-in-italia\/"},"wordCount":2824,"publisher":{"@id":"https:\/\/www.rassegnastampa-totustuus.it\/cattolica\/#organization"},"image":{"@id":"https:\/\/www.rassegnastampa-totustuus.it\/cattolica\/spunti-sullinformazione-cattolica-in-italia\/#primaryimage"},"thumbnailUrl":"https:\/\/www.rassegnastampa-totustuus.it\/cattolica\/wp-content\/uploads\/2021\/08\/voce-cattolica-chiesa.jpg","keywords":["mass-media","stampa cattolica"],"articleSection":["Chiesa"],"inLanguage":"it-IT"},{"@type":"WebPage","@id":"https:\/\/www.rassegnastampa-totustuus.it\/cattolica\/spunti-sullinformazione-cattolica-in-italia\/","url":"https:\/\/www.rassegnastampa-totustuus.it\/cattolica\/spunti-sullinformazione-cattolica-in-italia\/","name":"Spunti sull\u2019informazione cattolica in Italia - Rassegna Stampa Cattolica","isPartOf":{"@id":"https:\/\/www.rassegnastampa-totustuus.it\/cattolica\/#website"},"primaryImageOfPage":{"@id":"https:\/\/www.rassegnastampa-totustuus.it\/cattolica\/spunti-sullinformazione-cattolica-in-italia\/#primaryimage"},"image":{"@id":"https:\/\/www.rassegnastampa-totustuus.it\/cattolica\/spunti-sullinformazione-cattolica-in-italia\/#primaryimage"},"thumbnailUrl":"https:\/\/www.rassegnastampa-totustuus.it\/cattolica\/wp-content\/uploads\/2021\/08\/voce-cattolica-chiesa.jpg","datePublished":"2021-09-01T22:00:01+00:00","dateModified":"2025-07-21T07:20:55+00:00","description":"Spunti sull\u2019informazione cattolica in Italia. Cercare di ri-fare cultura riproponendo i \u201cdiritti di Dio\u201d nella societ\u00e0","breadcrumb":{"@id":"https:\/\/www.rassegnastampa-totustuus.it\/cattolica\/spunti-sullinformazione-cattolica-in-italia\/#breadcrumb"},"inLanguage":"it-IT","potentialAction":[{"@type":"ReadAction","target":["https:\/\/www.rassegnastampa-totustuus.it\/cattolica\/spunti-sullinformazione-cattolica-in-italia\/"]}]},{"@type":"ImageObject","inLanguage":"it-IT","@id":"https:\/\/www.rassegnastampa-totustuus.it\/cattolica\/spunti-sullinformazione-cattolica-in-italia\/#primaryimage","url":"https:\/\/www.rassegnastampa-totustuus.it\/cattolica\/wp-content\/uploads\/2021\/08\/voce-cattolica-chiesa.jpg","contentUrl":"https:\/\/www.rassegnastampa-totustuus.it\/cattolica\/wp-content\/uploads\/2021\/08\/voce-cattolica-chiesa.jpg","width":1500,"height":625},{"@type":"BreadcrumbList","@id":"https:\/\/www.rassegnastampa-totustuus.it\/cattolica\/spunti-sullinformazione-cattolica-in-italia\/#breadcrumb","itemListElement":[{"@type":"ListItem","position":1,"name":"Home","item":"https:\/\/www.rassegnastampa-totustuus.it\/cattolica\/"},{"@type":"ListItem","position":2,"name":"Spunti sull\u2019informazione cattolica in Italia"}]},{"@type":"WebSite","@id":"https:\/\/www.rassegnastampa-totustuus.it\/cattolica\/#website","url":"https:\/\/www.rassegnastampa-totustuus.it\/cattolica\/","name":"Rassegna Stampa Cattolica","description":"Per una cultura che nasce dalla Rivelazione cristiana in conformit\u00e0 alla tradizione e al Magistero della Chiesa in opposizione ad ogni relativismo e totalitarismo","publisher":{"@id":"https:\/\/www.rassegnastampa-totustuus.it\/cattolica\/#organization"},"alternateName":"Rass. Cattolica","potentialAction":[{"@type":"SearchAction","target":{"@type":"EntryPoint","urlTemplate":"https:\/\/www.rassegnastampa-totustuus.it\/cattolica\/?s={search_term_string}"},"query-input":{"@type":"PropertyValueSpecification","valueRequired":true,"valueName":"search_term_string"}}],"inLanguage":"it-IT"},{"@type":"Organization","@id":"https:\/\/www.rassegnastampa-totustuus.it\/cattolica\/#organization","name":"Rassegna Stampa Cattolica","url":"https:\/\/www.rassegnastampa-totustuus.it\/cattolica\/","logo":{"@type":"ImageObject","inLanguage":"it-IT","@id":"https:\/\/www.rassegnastampa-totustuus.it\/cattolica\/#\/schema\/logo\/image\/","url":"https:\/\/www.rassegnastampa-totustuus.it\/cattolica\/wp-content\/uploads\/2014\/04\/logo-rassegna1.gif","contentUrl":"https:\/\/www.rassegnastampa-totustuus.it\/cattolica\/wp-content\/uploads\/2014\/04\/logo-rassegna1.gif","width":600,"height":163,"caption":"Rassegna Stampa Cattolica"},"image":{"@id":"https:\/\/www.rassegnastampa-totustuus.it\/cattolica\/#\/schema\/logo\/image\/"},"sameAs":["https:\/\/www.facebook.com\/rassegnastampacattolica","https:\/\/x.com\/rassegnastampa9"]},{"@type":"Person","@id":"https:\/\/www.rassegnastampa-totustuus.it\/cattolica\/#\/schema\/person\/08f319d2bd1a0904ad9e2bfb7b15e5c3","name":"Redazione","image":{"@type":"ImageObject","inLanguage":"it-IT","@id":"https:\/\/secure.gravatar.com\/avatar\/2fcdf27c78ea025fbdb44e914cc63c72249ffec9dc8aafd5c82b26240ef3f346?s=96&d=mm&r=g","url":"https:\/\/secure.gravatar.com\/avatar\/2fcdf27c78ea025fbdb44e914cc63c72249ffec9dc8aafd5c82b26240ef3f346?s=96&d=mm&r=g","contentUrl":"https:\/\/secure.gravatar.com\/avatar\/2fcdf27c78ea025fbdb44e914cc63c72249ffec9dc8aafd5c82b26240ef3f346?s=96&d=mm&r=g","caption":"Redazione"},"url":"https:\/\/www.rassegnastampa-totustuus.it\/cattolica\/author\/pietroelle\/"}]}},"_links":{"self":[{"href":"https:\/\/www.rassegnastampa-totustuus.it\/cattolica\/wp-json\/wp\/v2\/posts\/52330","targetHints":{"allow":["GET"]}}],"collection":[{"href":"https:\/\/www.rassegnastampa-totustuus.it\/cattolica\/wp-json\/wp\/v2\/posts"}],"about":[{"href":"https:\/\/www.rassegnastampa-totustuus.it\/cattolica\/wp-json\/wp\/v2\/types\/post"}],"author":[{"embeddable":true,"href":"https:\/\/www.rassegnastampa-totustuus.it\/cattolica\/wp-json\/wp\/v2\/users\/6"}],"replies":[{"embeddable":true,"href":"https:\/\/www.rassegnastampa-totustuus.it\/cattolica\/wp-json\/wp\/v2\/comments?post=52330"}],"version-history":[{"count":4,"href":"https:\/\/www.rassegnastampa-totustuus.it\/cattolica\/wp-json\/wp\/v2\/posts\/52330\/revisions"}],"predecessor-version":[{"id":63416,"href":"https:\/\/www.rassegnastampa-totustuus.it\/cattolica\/wp-json\/wp\/v2\/posts\/52330\/revisions\/63416"}],"wp:featuredmedia":[{"embeddable":true,"href":"https:\/\/www.rassegnastampa-totustuus.it\/cattolica\/wp-json\/wp\/v2\/media\/52331"}],"wp:attachment":[{"href":"https:\/\/www.rassegnastampa-totustuus.it\/cattolica\/wp-json\/wp\/v2\/media?parent=52330"}],"wp:term":[{"taxonomy":"category","embeddable":true,"href":"https:\/\/www.rassegnastampa-totustuus.it\/cattolica\/wp-json\/wp\/v2\/categories?post=52330"},{"taxonomy":"post_tag","embeddable":true,"href":"https:\/\/www.rassegnastampa-totustuus.it\/cattolica\/wp-json\/wp\/v2\/tags?post=52330"}],"curies":[{"name":"wp","href":"https:\/\/api.w.org\/{rel}","templated":true}]}}