{"id":5231,"date":"2012-10-11T00:00:00","date_gmt":"2012-10-10T22:00:00","guid":{"rendered":""},"modified":"2016-02-03T11:18:00","modified_gmt":"2016-02-03T10:18:00","slug":"leterno-ritorno-del-diritto-naturale","status":"publish","type":"post","link":"https:\/\/www.rassegnastampa-totustuus.it\/cattolica\/leterno-ritorno-del-diritto-naturale\/","title":{"rendered":"L&#8217;eterno ritorno del diritto naturale"},"content":{"rendered":"<div style=\"text-align: center;\">\n<div id=\"attachment_30162\" style=\"width: 240px\" class=\"wp-caption alignleft\"><a href=\"https:\/\/www.rassegnastampa-totustuus.it\/cattolica\/wp-content\/uploads\/2012\/10\/Hans-Kelsen.jpg\"><img loading=\"lazy\" decoding=\"async\" aria-describedby=\"caption-attachment-30162\" class=\"wp-image-30162\" src=\"https:\/\/www.rassegnastampa-totustuus.it\/cattolica\/wp-content\/uploads\/2012\/10\/Hans-Kelsen.jpg\" alt=\"Hans Kelsen\" width=\"240\" height=\"200\" \/><\/a><p id=\"caption-attachment-30162\" class=\"wp-caption-text\">Hans Kelsen<\/p><\/div>\n<p><strong>L&#8217;Osservatore Romano <\/strong><\/div>\n<div style=\"text-align: center;\">marted\u00ec 25 settembre 2012, numero 39<\/div>\n<p style=\"text-align: center;\"><em>A un anno dal discorso del Pontefice al Bundestag<\/em><\/p>\n<p style=\"text-align: center;\">di <strong>Miguel Delgado Galindo<\/strong><br \/>\n(<em>Sottosegretario del Pontificio Consiglio per i Laici<\/em>)<\/p>\n<p><!--more--><\/p>\n<div style=\"text-align: justify;\">Nell&#8217;autorevole discorso pronunziato da Benedetto XVI al Bundestag, il Parlamento federale tedesco, il 22 settembre 2011 a Berlino, in occasione del suo terzo viaggio apostolico in Germania, il Papa volle affrontare la questione dei fondamenti del diritto negli Stati democratici, mettendo a confronto la ragione aperta al linguaggio dell&#8217;essere con la ragione positivista, e incalzando, al contempo, un dibattito pubblico sull&#8217;argomento.<\/div>\n<p style=\"text-align: justify;\">Nel suo intervento, il Papa ebbe a citare il celebre filosofo del diritto Hans Kelsen (1881-1973). Nato a Praga, in seno a una famiglia ebrea, Kelsen \u00e8 stato, senza dubbio, il giusfilosofo pi\u00f9 influente del ventesimo secolo. Studi\u00f2 giurisprudenza nella capitale dell&#8217;impero austro-ungarico, e frequent\u00f2 le sedute del Circolo di Vienna, il cui approccio neopositivista contribu\u00ec a segnare il suo pensiero.<\/p>\n<p style=\"text-align: justify;\">Kelsen insegn\u00f2 prima presso l&#8217;universit\u00e0 di Vienna e, successivamente, in quella di Colonia, fino all&#8217;avvento dei nazisti \u2014 la \u00abbanda di briganti\u00bb a cui si rifer\u00ec il Papa, prendendo spunto di una citazione del <em>De Civitate Dei, <\/em>di sant&#8217;Agostino &#8211; nel gennaio del 1933, circostanza che lo port\u00f2 a trasferirsi a Ginevra, dopo essere stato privato ingiustamente della sua cattedra universitaria. All&#8217;inizio della seconda guerra mondiale, Kelsen emigr\u00f2 negli Stati Uniti, dove insegn\u00f2 presso l&#8217;universit\u00e0 di Harvard e, finalmente, in quella di California, a Berkeley.<\/p>\n<p style=\"text-align: justify;\">Tra le numerose pubblicazioni di Kelsen, spicca per la sua importanza <em>La dottrina pura del diritto (Reine <\/em><em>Rechtslehre), <\/em>pubblicata per la prima volta a Vienna nel 1934, nella quale egli sintetizz\u00f2 il suo pensiero giuridico. \u00c8, questa, un&#8217;opera che ha avuto un influsso significativo nella cultura giuridica del secolo scorso, specialmente in Europa.<\/p>\n<p style=\"text-align: justify;\">A proposito della risonanza di questo volume, mi si permetta un breve cenno autobiografico che ritengo rilevante: quando intrapresi gli studi di giurisprudenza, <em>La dottrina pura del diritto <\/em>era il testo fondamentale di riferimento del corso di Diritto naturale &#8211; ancora esistente, almeno formalmente, nel piano di studi vigente di giurisprudenza \u2014 e l&#8217;aula destinata alle matricole era intitolata proprio a Kelsen.<\/p>\n<p style=\"text-align: justify;\">L&#8217;intento di questo giurista era quello di restituire al diritto il suo carattere di scienza, ristabilendo la purezza del suo oggetto proprio. Per raggiungere tale scopo, Kelsen sosteneva che il metodo giuridico deve liberare il diritto da qualsiasi legame con l&#8217;etica, la sociologia e la psicologia.<\/p>\n<p style=\"text-align: justify;\">Egli riteneva che la giustizia \u00e8 un ideale irrazionale, il cui contenuto non pu\u00f2 essere determinato dalla conoscenza razionale. L&#8217;oggetto di studio del giurista \u00e8 soltanto il diritto positivo, il quale di per s\u00e9 non \u00e8 giusto n\u00e9 ingiusto, ma semplicemente \u00e8 quello che \u00e8 stato prodotto secondo la procedura stabilita dalla Costituzione e dalle leggi dello Stato.<\/p>\n<p style=\"text-align: justify;\">La dottrina pura del diritto, secondo Kelsen, si occupa soltanto del diritto reale e possibile, senza alcun tipo di ulteriore valutazione assiologica. Soltanto agendo secondo questo principio il giurista rimane tale, e la sua attivit\u00e0 pu\u00f2 essere qualificata veramente come scienza.<\/p>\n<p style=\"text-align: justify;\">Stando alla concezione kelseniana, il diritto appartiene all&#8217;ambito del dover essere <em>(Soller\u00ec), <\/em>e non al piano dell&#8217;essere <em>(San), <\/em>cio\u00e8 della natura, dalla quale invece, secondo la dottrina giusnaturalista &#8211; anche nota come dottrina del diritto naturale \u2014 il diritto pu\u00f2 essere dedotto.<\/p>\n<p style=\"text-align: justify;\">Questa dottrina ritiene che nella natura esista un ordinamento universale, immutabile e vincolante per tutti, preesistente al diritto positivo, che l&#8217;uomo pu\u00f2 conoscere grazie alla ragione, e cos\u00ec distinguere tra ci\u00f2 che \u00e8 giusto e ci\u00f2 che non lo \u00e8. Il diritto naturale non sarebbe una sorta di diritto confessionale della Chiesa cattolica, ma \u00e8 alla portata di tutti, al di l\u00e0 della propria fede religiosa, giacch\u00e9 i suoi principi sono fondati appunto sulla ragione umana. Infatti, come affermava Benedetto XVI nel suo discorso al Bundestag, i teologi cristiani si sono appellati alla natura e alla ragione come fonti originarie del diritto, rifiutando il diritto religioso.<\/p>\n<p style=\"text-align: justify;\">Negli anni Sessanta Kelsen pubblic\u00f2, anche questa volta a Vienna, la seconda edizione \u2014 notevolmente ampliata \u2014 della sua opera <em>La dottrina pura del diritto. <\/em>Quest&#8217;ultima pubblicazione rivela un evoluzione del suo pensiero giuridico su parecchi temi, evoluzione dovuta anche all&#8217;influsso della filosofia del diritto nordamericana.<\/p>\n<p style=\"text-align: justify;\">Sebbene nei primi scritti di Kelsen il mondo del diritto risulti completamente scollato dal mondo dei fatti, posteriormente egli ammette che le norme giuridiche sono il risultato di un atto creatore della volont\u00e0. Pertanto, la natura potrebbe contenere delle norme giuridiche soltanto se una volont\u00e0 le avesse inserite previamente in essa. Ci\u00f2 presupporrebbe un Dio creatore, la cui volont\u00e0 si introduce nella natura.<\/p>\n<p style=\"text-align: justify;\">A questo proposito, Kelsen asserisce che \u00e8 assolutamente vano discutere sulla verit\u00e0 di questa fede. Ma, si interroga Benedetto XVI: \u00abLo \u00e8 veramente? \u2014 vorrei domandare. \u00c8 veramente privo di senso riflettere se la ragione oggettiva che si manifesta nella natura non presupponga una Ragione creativa, un <em>Creator Spiri<\/em><em>tus?\u00bb.<\/em><\/p>\n<p style=\"text-align: justify;\">Su tale assunto pare adeguato citare l&#8217;opera del giurista tedesco Heinrich Rommen (1897-1967) <em>L&#8217;eter<\/em><em>no ritorno del diritto naturale (Die <\/em><em>ewige Wiederkehr des Naturrechts), <\/em>pubblicata a Leipzig nel 1936. Rommen nacque a Colonia e studi\u00f2 presso le universit\u00e0 di M\u00fcnster e di Bonn. Perseguitato anch&#8217;egli dal regime nazista a causa delle sue pubblicazioni e per il suo coinvolgimento in diversi gruppi cattolici tedeschi, nel 1938 Rommen si trasfer\u00ec negli Stati Uniti, dove insegn\u00f2 all&#8217;universit\u00e0 di Saint Joseph (Connecticut), all&#8217;universit\u00e0 di Saint Thomas (Minnesota) e, infine, alla Georgetown University (Washington, D. C.), dal 1953 fino al 1967, anno della sua morte.<\/p>\n<p style=\"text-align: justify;\">Rommen riteneva che la sfera centrale del diritto risiede proprio nell&#8217;ambito dell&#8217;essere e che tra il livello ontologico e quello pratico esiste un nesso inscindibile. Di conseguenza, la ragione pratica non sarebbe altro che l&#8217;applicazione, in termini di dovere, del principio dell&#8217;essere.<\/p>\n<p style=\"text-align: justify;\">Ad esempio, ogni uomo possiede il diritto alla vita per la sua stessa dignit\u00e0 di persona; da questo principio segue necessariamente che la vita per la sua stessa dignit\u00e0 di persona; da questo principio segue necessariamente che la vita umana \u00e8 indisponibile, va difesa in ogni suo stadio e qualsiasi attentato contro di essa va punito dall&#8217;ordinamento giuridico statale. L&#8217;uomo, dotato di libera volont\u00e0, partecipa alla legge naturale tramite la sua ragione. E dunque, l&#8217;intera creazione non \u00e8 altro che una partecipazione alla legge eterna.<\/p>\n<p style=\"text-align: justify;\">La storia del XX secolo ha palesato chiaramente cosa accade quando la politica e il diritto si allontanano dalla legge di natura; il regime nazista e quello comunista ne sono esempi eclatanti. Un anno fa, il Papa fece presente ai parlamentari tedeschi che, nelle materie che riguardano la dignit\u00e0 dell&#8217;uomo, in uno Stato democratico di diritto, il principio della maggioranza &#8211; pur essendo necessario nell&#8217;adottate una decisione \u2014 non \u00e8 sufficiente: il politico deve interrogarsi sulla giustizia di un dato provvedimento. E in questo processo viene in aiuto il diritto naturale.<\/p>\n<p style=\"text-align: justify;\">II primo articolo della Dichiarazione universale dei diritti umani, adottata dall&#8217;Assemblea generale delle Nazione Unite nel 1948, recita: \u00abTutti gli esseri umani nascono liberi ed uguali in dignit\u00e0 e diritti. Essi sono dotati di ragione e di coscienza e devono agire gli uni verso gli altri in spirito di fratellanza\u00bb. Sarebbe stato possibile che i membri dell&#8217;Assemblea generale dell&#8217;Onu, anche a larga maggioranza, avessero redatto questo articolo \u2014 come anche gli altri ventinove di questa dichiarazione di diritti \u2014 in senso negativo?<\/p>\n<p style=\"text-align: justify;\">Assolutamente no; sarebbe stato completamente assurdo e impensabile. Perch\u00e9? Perch\u00e9 sarebbe totalmente irragionevole e contrario alla natura e alla giustizia negare qualsiasi di questi diritti a ogni persona umana. Essi sono preesistenti a qualsivoglia dichiarazione di diritti, in quanto fondati sulla dignit\u00e0 umana.<\/p>\n<p style=\"text-align: justify;\">Quando il diritto si dissocia dall&#8217;etica, immediatamente prendono il sopravvento ideologie totalitarie. A prima vista, sembrerebbe che nel XXI secolo le ideologie siano scomparse dal nostro pianeta; ma non e cos\u00ec. Al giorno d&#8217;oggi esiste un&#8217;ideologia pi\u00f9 sottile e camuffata, portatrice di pseudo diritti, che \u00e8 quella dell&#8217;egoismo morale, la quale tende a promuovere una legislazione \u2014 ad esempio in materie come la bioetica e la famiglia \u2014 che si adatti ai capricci etici di ogni momento.<\/p>\n<p style=\"text-align: justify;\">Allo stesso modo, quando l&#8217;economia viene scissa dall&#8217;etica sociale, sono i pi\u00f9 potenti della finanza mondiale a prendere in mano il governo (cfr. Benedetto XVI, <em>Caritas in verit\u00e0<\/em><em>te, <\/em>nn. 36 e 45). Ma questa strada conduce al despotismo dei pi\u00f9 forti nella societ\u00e0 in ogni tappa della storia.<\/p>\n<p style=\"text-align: justify;\">Il discorso di Benedetto XVI al Bundestag ha messo in evidenza che il diritto naturale coadiuva il politico nella sua ricerca di ci\u00f2 che \u00e8 giusto, che \u00e8 appunto il compito essenziale della politica. \u00c8 per questo che il diritto naturale ritorna, e ritorner\u00e0 sempre. Dopo la sua fine che alcuni avevano preconizzato, non ci resta null&#8217;altro che ritornare proprio al diritto naturale.<\/p>\n","protected":false},"excerpt":{"rendered":"<p>L&#8217;Osservatore Romano marted\u00ec 25 settembre 2012, numero 39 A un anno dal discorso del Pontefice al Bundestag di Miguel Delgado Galindo (Sottosegretario del Pontificio Consiglio per i Laici)<\/p><p><a class=\"more-link btn\" href=\"https:\/\/www.rassegnastampa-totustuus.it\/cattolica\/leterno-ritorno-del-diritto-naturale\/\">Continua a leggere<\/a><\/p>\n","protected":false},"author":6,"featured_media":30162,"comment_status":"closed","ping_status":"open","sticky":false,"template":"","format":"standard","meta":{"footnotes":""},"categories":[10],"tags":[484],"class_list":["post-5231","post","type-post","status-publish","format-standard","has-post-thumbnail","hentry","category-diritto","tag-diritto-naturale","item-wrap"],"yoast_head":"<!-- This site is optimized with the Yoast SEO plugin v27.5 - https:\/\/yoast.com\/product\/yoast-seo-wordpress\/ -->\n<title>L&#039;eterno ritorno del diritto naturale - Rassegna Stampa Cattolica<\/title>\n<meta name=\"description\" content=\"Rassegna Stampa Cattolica - Per una cultura che nasce dalla Rivelazione cristiana in conformit\u00e0 alla tradizione e al Magistero della Chiesa in opposizione ad ogni relativismo e totalitarismo\" \/>\n<meta name=\"robots\" content=\"index, follow, max-snippet:-1, max-image-preview:large, max-video-preview:-1\" \/>\n<link rel=\"canonical\" href=\"https:\/\/www.rassegnastampa-totustuus.it\/cattolica\/leterno-ritorno-del-diritto-naturale\/\" \/>\n<meta property=\"og:locale\" content=\"it_IT\" \/>\n<meta property=\"og:type\" content=\"article\" \/>\n<meta property=\"og:title\" content=\"L&#039;eterno ritorno del diritto naturale - Rassegna Stampa Cattolica\" \/>\n<meta property=\"og:description\" content=\"Rassegna Stampa Cattolica - Per una cultura che nasce dalla Rivelazione cristiana in conformit\u00e0 alla tradizione e al Magistero della Chiesa in opposizione ad ogni relativismo e totalitarismo\" \/>\n<meta property=\"og:url\" content=\"https:\/\/www.rassegnastampa-totustuus.it\/cattolica\/leterno-ritorno-del-diritto-naturale\/\" \/>\n<meta property=\"og:site_name\" content=\"Rassegna Stampa Cattolica\" \/>\n<meta property=\"article:publisher\" content=\"https:\/\/www.facebook.com\/rassegnastampacattolica\" \/>\n<meta property=\"article:published_time\" content=\"2012-10-10T22:00:00+00:00\" \/>\n<meta property=\"article:modified_time\" content=\"2016-02-03T10:18:00+00:00\" \/>\n<meta property=\"og:image\" content=\"https:\/\/www.rassegnastampa-totustuus.it\/cattolica\/wp-content\/uploads\/2012\/10\/Hans-Kelsen.jpg\" \/>\n\t<meta property=\"og:image:width\" content=\"246\" \/>\n\t<meta property=\"og:image:height\" content=\"205\" \/>\n\t<meta property=\"og:image:type\" content=\"image\/jpeg\" \/>\n<meta name=\"author\" content=\"Redazione\" \/>\n<meta name=\"twitter:card\" content=\"summary_large_image\" \/>\n<meta name=\"twitter:creator\" content=\"@rassegnastampa9\" \/>\n<meta name=\"twitter:site\" content=\"@rassegnastampa9\" \/>\n<meta name=\"twitter:label1\" content=\"Scritto da\" \/>\n\t<meta name=\"twitter:data1\" content=\"Redazione\" \/>\n\t<meta name=\"twitter:label2\" content=\"Tempo di lettura stimato\" \/>\n\t<meta name=\"twitter:data2\" content=\"7 minuti\" \/>\n<script type=\"application\/ld+json\" class=\"yoast-schema-graph\">{\"@context\":\"https:\\\/\\\/schema.org\",\"@graph\":[{\"@type\":\"Article\",\"@id\":\"https:\\\/\\\/www.rassegnastampa-totustuus.it\\\/cattolica\\\/leterno-ritorno-del-diritto-naturale\\\/#article\",\"isPartOf\":{\"@id\":\"https:\\\/\\\/www.rassegnastampa-totustuus.it\\\/cattolica\\\/leterno-ritorno-del-diritto-naturale\\\/\"},\"author\":{\"name\":\"Redazione\",\"@id\":\"https:\\\/\\\/www.rassegnastampa-totustuus.it\\\/cattolica\\\/#\\\/schema\\\/person\\\/08f319d2bd1a0904ad9e2bfb7b15e5c3\"},\"headline\":\"L&#8217;eterno ritorno del diritto naturale\",\"datePublished\":\"2012-10-10T22:00:00+00:00\",\"dateModified\":\"2016-02-03T10:18:00+00:00\",\"mainEntityOfPage\":{\"@id\":\"https:\\\/\\\/www.rassegnastampa-totustuus.it\\\/cattolica\\\/leterno-ritorno-del-diritto-naturale\\\/\"},\"wordCount\":1449,\"publisher\":{\"@id\":\"https:\\\/\\\/www.rassegnastampa-totustuus.it\\\/cattolica\\\/#organization\"},\"image\":{\"@id\":\"https:\\\/\\\/www.rassegnastampa-totustuus.it\\\/cattolica\\\/leterno-ritorno-del-diritto-naturale\\\/#primaryimage\"},\"thumbnailUrl\":\"https:\\\/\\\/www.rassegnastampa-totustuus.it\\\/cattolica\\\/wp-content\\\/uploads\\\/2012\\\/10\\\/Hans-Kelsen.jpg\",\"keywords\":[\"diritto naturale\"],\"articleSection\":[\"Diritto\"],\"inLanguage\":\"it-IT\"},{\"@type\":\"WebPage\",\"@id\":\"https:\\\/\\\/www.rassegnastampa-totustuus.it\\\/cattolica\\\/leterno-ritorno-del-diritto-naturale\\\/\",\"url\":\"https:\\\/\\\/www.rassegnastampa-totustuus.it\\\/cattolica\\\/leterno-ritorno-del-diritto-naturale\\\/\",\"name\":\"L'eterno ritorno del diritto naturale - Rassegna Stampa Cattolica\",\"isPartOf\":{\"@id\":\"https:\\\/\\\/www.rassegnastampa-totustuus.it\\\/cattolica\\\/#website\"},\"primaryImageOfPage\":{\"@id\":\"https:\\\/\\\/www.rassegnastampa-totustuus.it\\\/cattolica\\\/leterno-ritorno-del-diritto-naturale\\\/#primaryimage\"},\"image\":{\"@id\":\"https:\\\/\\\/www.rassegnastampa-totustuus.it\\\/cattolica\\\/leterno-ritorno-del-diritto-naturale\\\/#primaryimage\"},\"thumbnailUrl\":\"https:\\\/\\\/www.rassegnastampa-totustuus.it\\\/cattolica\\\/wp-content\\\/uploads\\\/2012\\\/10\\\/Hans-Kelsen.jpg\",\"datePublished\":\"2012-10-10T22:00:00+00:00\",\"dateModified\":\"2016-02-03T10:18:00+00:00\",\"description\":\"Rassegna Stampa Cattolica - Per una cultura che nasce dalla Rivelazione cristiana in conformit\u00e0 alla tradizione e al Magistero della Chiesa in opposizione ad ogni relativismo e totalitarismo\",\"breadcrumb\":{\"@id\":\"https:\\\/\\\/www.rassegnastampa-totustuus.it\\\/cattolica\\\/leterno-ritorno-del-diritto-naturale\\\/#breadcrumb\"},\"inLanguage\":\"it-IT\",\"potentialAction\":[{\"@type\":\"ReadAction\",\"target\":[\"https:\\\/\\\/www.rassegnastampa-totustuus.it\\\/cattolica\\\/leterno-ritorno-del-diritto-naturale\\\/\"]}]},{\"@type\":\"ImageObject\",\"inLanguage\":\"it-IT\",\"@id\":\"https:\\\/\\\/www.rassegnastampa-totustuus.it\\\/cattolica\\\/leterno-ritorno-del-diritto-naturale\\\/#primaryimage\",\"url\":\"https:\\\/\\\/www.rassegnastampa-totustuus.it\\\/cattolica\\\/wp-content\\\/uploads\\\/2012\\\/10\\\/Hans-Kelsen.jpg\",\"contentUrl\":\"https:\\\/\\\/www.rassegnastampa-totustuus.it\\\/cattolica\\\/wp-content\\\/uploads\\\/2012\\\/10\\\/Hans-Kelsen.jpg\",\"width\":246,\"height\":205},{\"@type\":\"BreadcrumbList\",\"@id\":\"https:\\\/\\\/www.rassegnastampa-totustuus.it\\\/cattolica\\\/leterno-ritorno-del-diritto-naturale\\\/#breadcrumb\",\"itemListElement\":[{\"@type\":\"ListItem\",\"position\":1,\"name\":\"Home\",\"item\":\"https:\\\/\\\/www.rassegnastampa-totustuus.it\\\/cattolica\\\/\"},{\"@type\":\"ListItem\",\"position\":2,\"name\":\"L&#8217;eterno ritorno del diritto naturale\"}]},{\"@type\":\"WebSite\",\"@id\":\"https:\\\/\\\/www.rassegnastampa-totustuus.it\\\/cattolica\\\/#website\",\"url\":\"https:\\\/\\\/www.rassegnastampa-totustuus.it\\\/cattolica\\\/\",\"name\":\"Rassegna Stampa Cattolica\",\"description\":\"Per una cultura che nasce dalla Rivelazione cristiana in conformit\u00e0 alla tradizione e al Magistero della Chiesa in opposizione ad ogni relativismo e totalitarismo\",\"publisher\":{\"@id\":\"https:\\\/\\\/www.rassegnastampa-totustuus.it\\\/cattolica\\\/#organization\"},\"alternateName\":\"Rass. Cattolica\",\"potentialAction\":[{\"@type\":\"SearchAction\",\"target\":{\"@type\":\"EntryPoint\",\"urlTemplate\":\"https:\\\/\\\/www.rassegnastampa-totustuus.it\\\/cattolica\\\/?s={search_term_string}\"},\"query-input\":{\"@type\":\"PropertyValueSpecification\",\"valueRequired\":true,\"valueName\":\"search_term_string\"}}],\"inLanguage\":\"it-IT\"},{\"@type\":\"Organization\",\"@id\":\"https:\\\/\\\/www.rassegnastampa-totustuus.it\\\/cattolica\\\/#organization\",\"name\":\"Rassegna Stampa Cattolica\",\"url\":\"https:\\\/\\\/www.rassegnastampa-totustuus.it\\\/cattolica\\\/\",\"logo\":{\"@type\":\"ImageObject\",\"inLanguage\":\"it-IT\",\"@id\":\"https:\\\/\\\/www.rassegnastampa-totustuus.it\\\/cattolica\\\/#\\\/schema\\\/logo\\\/image\\\/\",\"url\":\"https:\\\/\\\/www.rassegnastampa-totustuus.it\\\/cattolica\\\/wp-content\\\/uploads\\\/2014\\\/04\\\/logo-rassegna1.gif\",\"contentUrl\":\"https:\\\/\\\/www.rassegnastampa-totustuus.it\\\/cattolica\\\/wp-content\\\/uploads\\\/2014\\\/04\\\/logo-rassegna1.gif\",\"width\":600,\"height\":163,\"caption\":\"Rassegna Stampa Cattolica\"},\"image\":{\"@id\":\"https:\\\/\\\/www.rassegnastampa-totustuus.it\\\/cattolica\\\/#\\\/schema\\\/logo\\\/image\\\/\"},\"sameAs\":[\"https:\\\/\\\/www.facebook.com\\\/rassegnastampacattolica\",\"https:\\\/\\\/x.com\\\/rassegnastampa9\"]},{\"@type\":\"Person\",\"@id\":\"https:\\\/\\\/www.rassegnastampa-totustuus.it\\\/cattolica\\\/#\\\/schema\\\/person\\\/08f319d2bd1a0904ad9e2bfb7b15e5c3\",\"name\":\"Redazione\",\"image\":{\"@type\":\"ImageObject\",\"inLanguage\":\"it-IT\",\"@id\":\"https:\\\/\\\/secure.gravatar.com\\\/avatar\\\/2fcdf27c78ea025fbdb44e914cc63c72249ffec9dc8aafd5c82b26240ef3f346?s=96&d=mm&r=g\",\"url\":\"https:\\\/\\\/secure.gravatar.com\\\/avatar\\\/2fcdf27c78ea025fbdb44e914cc63c72249ffec9dc8aafd5c82b26240ef3f346?s=96&d=mm&r=g\",\"contentUrl\":\"https:\\\/\\\/secure.gravatar.com\\\/avatar\\\/2fcdf27c78ea025fbdb44e914cc63c72249ffec9dc8aafd5c82b26240ef3f346?s=96&d=mm&r=g\",\"caption\":\"Redazione\"},\"url\":\"https:\\\/\\\/www.rassegnastampa-totustuus.it\\\/cattolica\\\/author\\\/pietroelle\\\/\"}]}<\/script>\n<!-- \/ Yoast SEO plugin. -->","yoast_head_json":{"title":"L'eterno ritorno del diritto naturale - Rassegna Stampa Cattolica","description":"Rassegna Stampa Cattolica - Per una cultura che nasce dalla Rivelazione cristiana in conformit\u00e0 alla tradizione e al Magistero della Chiesa in opposizione ad ogni relativismo e totalitarismo","robots":{"index":"index","follow":"follow","max-snippet":"max-snippet:-1","max-image-preview":"max-image-preview:large","max-video-preview":"max-video-preview:-1"},"canonical":"https:\/\/www.rassegnastampa-totustuus.it\/cattolica\/leterno-ritorno-del-diritto-naturale\/","og_locale":"it_IT","og_type":"article","og_title":"L'eterno ritorno del diritto naturale - Rassegna Stampa Cattolica","og_description":"Rassegna Stampa Cattolica - Per una cultura che nasce dalla Rivelazione cristiana in conformit\u00e0 alla tradizione e al Magistero della Chiesa in opposizione ad ogni relativismo e totalitarismo","og_url":"https:\/\/www.rassegnastampa-totustuus.it\/cattolica\/leterno-ritorno-del-diritto-naturale\/","og_site_name":"Rassegna Stampa Cattolica","article_publisher":"https:\/\/www.facebook.com\/rassegnastampacattolica","article_published_time":"2012-10-10T22:00:00+00:00","article_modified_time":"2016-02-03T10:18:00+00:00","og_image":[{"width":246,"height":205,"url":"https:\/\/www.rassegnastampa-totustuus.it\/cattolica\/wp-content\/uploads\/2012\/10\/Hans-Kelsen.jpg","type":"image\/jpeg"}],"author":"Redazione","twitter_card":"summary_large_image","twitter_creator":"@rassegnastampa9","twitter_site":"@rassegnastampa9","twitter_misc":{"Scritto da":"Redazione","Tempo di lettura stimato":"7 minuti"},"schema":{"@context":"https:\/\/schema.org","@graph":[{"@type":"Article","@id":"https:\/\/www.rassegnastampa-totustuus.it\/cattolica\/leterno-ritorno-del-diritto-naturale\/#article","isPartOf":{"@id":"https:\/\/www.rassegnastampa-totustuus.it\/cattolica\/leterno-ritorno-del-diritto-naturale\/"},"author":{"name":"Redazione","@id":"https:\/\/www.rassegnastampa-totustuus.it\/cattolica\/#\/schema\/person\/08f319d2bd1a0904ad9e2bfb7b15e5c3"},"headline":"L&#8217;eterno ritorno del diritto naturale","datePublished":"2012-10-10T22:00:00+00:00","dateModified":"2016-02-03T10:18:00+00:00","mainEntityOfPage":{"@id":"https:\/\/www.rassegnastampa-totustuus.it\/cattolica\/leterno-ritorno-del-diritto-naturale\/"},"wordCount":1449,"publisher":{"@id":"https:\/\/www.rassegnastampa-totustuus.it\/cattolica\/#organization"},"image":{"@id":"https:\/\/www.rassegnastampa-totustuus.it\/cattolica\/leterno-ritorno-del-diritto-naturale\/#primaryimage"},"thumbnailUrl":"https:\/\/www.rassegnastampa-totustuus.it\/cattolica\/wp-content\/uploads\/2012\/10\/Hans-Kelsen.jpg","keywords":["diritto naturale"],"articleSection":["Diritto"],"inLanguage":"it-IT"},{"@type":"WebPage","@id":"https:\/\/www.rassegnastampa-totustuus.it\/cattolica\/leterno-ritorno-del-diritto-naturale\/","url":"https:\/\/www.rassegnastampa-totustuus.it\/cattolica\/leterno-ritorno-del-diritto-naturale\/","name":"L'eterno ritorno del diritto naturale - Rassegna Stampa Cattolica","isPartOf":{"@id":"https:\/\/www.rassegnastampa-totustuus.it\/cattolica\/#website"},"primaryImageOfPage":{"@id":"https:\/\/www.rassegnastampa-totustuus.it\/cattolica\/leterno-ritorno-del-diritto-naturale\/#primaryimage"},"image":{"@id":"https:\/\/www.rassegnastampa-totustuus.it\/cattolica\/leterno-ritorno-del-diritto-naturale\/#primaryimage"},"thumbnailUrl":"https:\/\/www.rassegnastampa-totustuus.it\/cattolica\/wp-content\/uploads\/2012\/10\/Hans-Kelsen.jpg","datePublished":"2012-10-10T22:00:00+00:00","dateModified":"2016-02-03T10:18:00+00:00","description":"Rassegna Stampa Cattolica - Per una cultura che nasce dalla Rivelazione cristiana in conformit\u00e0 alla tradizione e al Magistero della Chiesa in opposizione ad ogni relativismo e totalitarismo","breadcrumb":{"@id":"https:\/\/www.rassegnastampa-totustuus.it\/cattolica\/leterno-ritorno-del-diritto-naturale\/#breadcrumb"},"inLanguage":"it-IT","potentialAction":[{"@type":"ReadAction","target":["https:\/\/www.rassegnastampa-totustuus.it\/cattolica\/leterno-ritorno-del-diritto-naturale\/"]}]},{"@type":"ImageObject","inLanguage":"it-IT","@id":"https:\/\/www.rassegnastampa-totustuus.it\/cattolica\/leterno-ritorno-del-diritto-naturale\/#primaryimage","url":"https:\/\/www.rassegnastampa-totustuus.it\/cattolica\/wp-content\/uploads\/2012\/10\/Hans-Kelsen.jpg","contentUrl":"https:\/\/www.rassegnastampa-totustuus.it\/cattolica\/wp-content\/uploads\/2012\/10\/Hans-Kelsen.jpg","width":246,"height":205},{"@type":"BreadcrumbList","@id":"https:\/\/www.rassegnastampa-totustuus.it\/cattolica\/leterno-ritorno-del-diritto-naturale\/#breadcrumb","itemListElement":[{"@type":"ListItem","position":1,"name":"Home","item":"https:\/\/www.rassegnastampa-totustuus.it\/cattolica\/"},{"@type":"ListItem","position":2,"name":"L&#8217;eterno ritorno del diritto naturale"}]},{"@type":"WebSite","@id":"https:\/\/www.rassegnastampa-totustuus.it\/cattolica\/#website","url":"https:\/\/www.rassegnastampa-totustuus.it\/cattolica\/","name":"Rassegna Stampa Cattolica","description":"Per una cultura che nasce dalla Rivelazione cristiana in conformit\u00e0 alla tradizione e al Magistero della Chiesa in opposizione ad ogni relativismo e totalitarismo","publisher":{"@id":"https:\/\/www.rassegnastampa-totustuus.it\/cattolica\/#organization"},"alternateName":"Rass. Cattolica","potentialAction":[{"@type":"SearchAction","target":{"@type":"EntryPoint","urlTemplate":"https:\/\/www.rassegnastampa-totustuus.it\/cattolica\/?s={search_term_string}"},"query-input":{"@type":"PropertyValueSpecification","valueRequired":true,"valueName":"search_term_string"}}],"inLanguage":"it-IT"},{"@type":"Organization","@id":"https:\/\/www.rassegnastampa-totustuus.it\/cattolica\/#organization","name":"Rassegna Stampa Cattolica","url":"https:\/\/www.rassegnastampa-totustuus.it\/cattolica\/","logo":{"@type":"ImageObject","inLanguage":"it-IT","@id":"https:\/\/www.rassegnastampa-totustuus.it\/cattolica\/#\/schema\/logo\/image\/","url":"https:\/\/www.rassegnastampa-totustuus.it\/cattolica\/wp-content\/uploads\/2014\/04\/logo-rassegna1.gif","contentUrl":"https:\/\/www.rassegnastampa-totustuus.it\/cattolica\/wp-content\/uploads\/2014\/04\/logo-rassegna1.gif","width":600,"height":163,"caption":"Rassegna Stampa Cattolica"},"image":{"@id":"https:\/\/www.rassegnastampa-totustuus.it\/cattolica\/#\/schema\/logo\/image\/"},"sameAs":["https:\/\/www.facebook.com\/rassegnastampacattolica","https:\/\/x.com\/rassegnastampa9"]},{"@type":"Person","@id":"https:\/\/www.rassegnastampa-totustuus.it\/cattolica\/#\/schema\/person\/08f319d2bd1a0904ad9e2bfb7b15e5c3","name":"Redazione","image":{"@type":"ImageObject","inLanguage":"it-IT","@id":"https:\/\/secure.gravatar.com\/avatar\/2fcdf27c78ea025fbdb44e914cc63c72249ffec9dc8aafd5c82b26240ef3f346?s=96&d=mm&r=g","url":"https:\/\/secure.gravatar.com\/avatar\/2fcdf27c78ea025fbdb44e914cc63c72249ffec9dc8aafd5c82b26240ef3f346?s=96&d=mm&r=g","contentUrl":"https:\/\/secure.gravatar.com\/avatar\/2fcdf27c78ea025fbdb44e914cc63c72249ffec9dc8aafd5c82b26240ef3f346?s=96&d=mm&r=g","caption":"Redazione"},"url":"https:\/\/www.rassegnastampa-totustuus.it\/cattolica\/author\/pietroelle\/"}]}},"_links":{"self":[{"href":"https:\/\/www.rassegnastampa-totustuus.it\/cattolica\/wp-json\/wp\/v2\/posts\/5231","targetHints":{"allow":["GET"]}}],"collection":[{"href":"https:\/\/www.rassegnastampa-totustuus.it\/cattolica\/wp-json\/wp\/v2\/posts"}],"about":[{"href":"https:\/\/www.rassegnastampa-totustuus.it\/cattolica\/wp-json\/wp\/v2\/types\/post"}],"author":[{"embeddable":true,"href":"https:\/\/www.rassegnastampa-totustuus.it\/cattolica\/wp-json\/wp\/v2\/users\/6"}],"replies":[{"embeddable":true,"href":"https:\/\/www.rassegnastampa-totustuus.it\/cattolica\/wp-json\/wp\/v2\/comments?post=5231"}],"version-history":[{"count":4,"href":"https:\/\/www.rassegnastampa-totustuus.it\/cattolica\/wp-json\/wp\/v2\/posts\/5231\/revisions"}],"predecessor-version":[{"id":30163,"href":"https:\/\/www.rassegnastampa-totustuus.it\/cattolica\/wp-json\/wp\/v2\/posts\/5231\/revisions\/30163"}],"wp:featuredmedia":[{"embeddable":true,"href":"https:\/\/www.rassegnastampa-totustuus.it\/cattolica\/wp-json\/wp\/v2\/media\/30162"}],"wp:attachment":[{"href":"https:\/\/www.rassegnastampa-totustuus.it\/cattolica\/wp-json\/wp\/v2\/media?parent=5231"}],"wp:term":[{"taxonomy":"category","embeddable":true,"href":"https:\/\/www.rassegnastampa-totustuus.it\/cattolica\/wp-json\/wp\/v2\/categories?post=5231"},{"taxonomy":"post_tag","embeddable":true,"href":"https:\/\/www.rassegnastampa-totustuus.it\/cattolica\/wp-json\/wp\/v2\/tags?post=5231"}],"curies":[{"name":"wp","href":"https:\/\/api.w.org\/{rel}","templated":true}]}}