{"id":5223,"date":"2012-10-04T00:00:00","date_gmt":"2012-10-03T22:00:00","guid":{"rendered":""},"modified":"2016-07-06T16:52:32","modified_gmt":"2016-07-06T14:52:32","slug":"adozioni-ai-gay-figli-disturbati","status":"publish","type":"post","link":"https:\/\/www.rassegnastampa-totustuus.it\/cattolica\/adozioni-ai-gay-figli-disturbati\/","title":{"rendered":"&laquo;Adozioni ai gay? Figli disturbati&raquo;"},"content":{"rendered":"<div style=\"text-align: center;\"><strong><img loading=\"lazy\" decoding=\"async\" class=\"alignleft wp-image-35756 size-full\" src=\"https:\/\/www.rassegnastampa-totustuus.it\/cattolica\/wp-content\/uploads\/2012\/10\/adozioni_gay.jpg\" alt=\"adozioni_gay\" width=\"240\" height=\"184\" \/>Avvenire<\/strong> 28 settembre 2012<\/div>\n<p style=\"text-align: center;\"><em>I pediatri: meglio una famiglia normale<\/em><\/p>\n<p style=\"text-align: center;\">da Milano <strong>Bice Benvenuti<\/strong><\/p>\n<p><!--more--><\/p>\n<div style=\"text-align: justify;\">Basta con le banalit\u00e0 e le I facili semplificazioni a proposito delle adozioni agli omosessuali. La confusione mediatica di questi giorni, anche causate delle dichiarazioni del sindaco di Milano Pisapia, poi in parte smentite, rischiano di diffondere \u00abinformazioni superficiali e fuorvianti\u00bb.<\/div>\n<p style=\"text-align: justify;\">L&#8217;allarme arriva dal presidente della Societ\u00e0 italiana di pediatria preventiva e sociale (Sipps) \u00abSiamo preoccupati perch\u00e9 i media parlano dell&#8217;argomento con troppa leggerezza. Invece l&#8217;argomento &#8211; osserva il presidente Giuseppe Di Mauro &#8211; \u00e8 molto delicato e andrebbe valutato con maggiore rigore scientifico, soprattutto per le ripercussioni che comporta sulla crescita e lo sviluppo del bambino\u00bb.<\/p>\n<p style=\"text-align: justify;\">Gli studi sulle coppie omosessuali che hanno adottato bambini- nei Paesi dove esiste questa possibilit\u00e0 &#8211; sono numerosi ma la maggior parte, su campioni piccoli e non rappresentativi, sono stati realizzali con la finalit\u00e0 dichiarata di sostenere liceit\u00e0 e opportunit\u00e0 delle unioni gay. I dati a cui di solito fanno riferimento i sostenitori delle adozioni omosessuali sono quelli relativi a 59 piccoli studi analizzati nel 2004 dal!&#8217;American psychological association (Apa) da cui risulta che i figli di genitori gay o lesbiche non sono svantaggiati rispetto a quelli di coppie eterosessuali.<\/p>\n<p style=\"text-align: justify;\">Si tralascia per\u00f2 di riferire che questo studio \u00e8 stato successivamente screditato da una buona parte della comunit\u00e0 scientifica e dall&#8217;ex presidente della stessa Societ\u00e0 Scientifica.<\/p>\n<p style=\"text-align: justify;\">Infatti, proprio a luglio di quest&#8217;anno, lo studio di Loren Marks pubblicato sulla prestigiosa rivista scientifica &#8220;Social science research&#8221; ne ha dimostrato l&#8217;invalidit\u00e0: la ricercatrice della Lousiana State University ha analizzato i 59 studi citati dall&#8217;Apa, dimostrando che questi mancano di un campionamento omogeneo e di gruppi di confronto e mostrano molte lacune: dati contraddittori, mancanza di anonimato dei partecipanti alla ricerca, portata limitata degli esiti dei bambini studiati, scarsit\u00e0 di dati sul lungo termine.<\/p>\n<p style=\"text-align: justify;\">La conclusione, secondo Loren Marks, \u00e8 che le affermazioni dell&#8217;Apa non sono giustificate. Successivamente, \u00e8 stato proprio l&#8217;ex presidente dell&#8217;American psychological association, lo psicologo Nicholas Cummings, a prendere le distanze dallo studio:\u00abL&#8217;Apa ha permesso che la correttezza politica trionfasse sulla scienza, sulla conoscenza clinica e sull&#8217;integrit\u00e0 professionale\u00bb.<\/p>\n<p style=\"text-align: justify;\">L&#8217;unico studio che ha attualmente una riconosciuta validit\u00e0 \u00e8 quello del sociologo dell&#8217;Universit\u00e0 del Texas Mark Regnerus. Pubblicato nel 2012, il testo vanta un impianto metodologico inedito quantitativamente e qualitativamente, sia perch\u00e9 si basa sul pi\u00f9 grande campione rappresentativo raccolto sul tema (12.000), sia perch\u00e9 per la prima volta fa parlare direttamente i &#8220;figli&#8221; (ormai cresciuti) di genitori omosessuali, dimostrando che il 12% pensa al suicidio (contro il 5% dei figli di coppie etero), il 40% (contro il 13%) \u00e8 pi\u00f9 propenso al tradimento, il 28% \u00e8 disoccupato (contro l&#8217;8%), il 19% ricorre alla psicoterapia (contro l&#8217;8%).<\/p>\n<p style=\"text-align: justify;\">Inoltre i ragazzi che vivono con genitori gay sono pi\u00f9 spesso seguiti dall&#8217;assistenza sociale rispetto ai coetanei cresciuti da coppie eterosessuali sposate. Nel 40% dei casi hanno contratto una patologia trasmissibile sessualmente (contro l&#8217;8%) e inoltre sono genericamente meno sani, pi\u00f9 poveri, pi\u00f9 inclini al fumo e alla criminalit\u00e0.<\/p>\n<p style=\"text-align: justify;\">\u00abI bambini &#8211; conclude Di Mauro -hanno una grande capacit\u00e0 di adattamento, tuttavia, sulla base della letteratura scientifica disponibile, vivono meglio quando trascorrono l&#8217;intera infanzia con i loro padri e madri biologici, sposati e specialmente quando l&#8217;unione dei genitori rimane stabile a lungo\u00bb.<\/p>\n","protected":false},"excerpt":{"rendered":"<p>Avvenire 28 settembre 2012 I pediatri: meglio una famiglia normale da Milano Bice Benvenuti<\/p><p><a class=\"more-link btn\" href=\"https:\/\/www.rassegnastampa-totustuus.it\/cattolica\/adozioni-ai-gay-figli-disturbati\/\">Continua a leggere<\/a><\/p>\n","protected":false},"author":6,"featured_media":35756,"comment_status":"closed","ping_status":"open","sticky":false,"template":"","format":"standard","meta":{"footnotes":""},"categories":[48],"tags":[602],"class_list":["post-5223","post","type-post","status-publish","format-standard","has-post-thumbnail","hentry","category-omosessualit","tag-adozioni-gay","item-wrap"],"yoast_head":"<!-- This site is optimized with the Yoast SEO plugin v27.5 - https:\/\/yoast.com\/product\/yoast-seo-wordpress\/ -->\n<title>&laquo;Adozioni ai gay? Figli disturbati&raquo; - Rassegna Stampa Cattolica<\/title>\n<meta name=\"description\" content=\"Rassegna Stampa Cattolica - Per una cultura che nasce dalla Rivelazione cristiana in conformit\u00e0 alla tradizione e al Magistero della Chiesa in opposizione ad ogni relativismo e totalitarismo\" \/>\n<meta name=\"robots\" content=\"index, follow, max-snippet:-1, max-image-preview:large, max-video-preview:-1\" \/>\n<link rel=\"canonical\" href=\"https:\/\/www.rassegnastampa-totustuus.it\/cattolica\/adozioni-ai-gay-figli-disturbati\/\" \/>\n<meta property=\"og:locale\" content=\"it_IT\" \/>\n<meta property=\"og:type\" content=\"article\" \/>\n<meta property=\"og:title\" content=\"&laquo;Adozioni ai gay? Figli disturbati&raquo; - Rassegna Stampa Cattolica\" \/>\n<meta property=\"og:description\" content=\"Rassegna Stampa Cattolica - Per una cultura che nasce dalla Rivelazione cristiana in conformit\u00e0 alla tradizione e al Magistero della Chiesa in opposizione ad ogni relativismo e totalitarismo\" \/>\n<meta property=\"og:url\" content=\"https:\/\/www.rassegnastampa-totustuus.it\/cattolica\/adozioni-ai-gay-figli-disturbati\/\" \/>\n<meta property=\"og:site_name\" content=\"Rassegna Stampa Cattolica\" \/>\n<meta property=\"article:publisher\" content=\"https:\/\/www.facebook.com\/rassegnastampacattolica\" \/>\n<meta property=\"article:published_time\" content=\"2012-10-03T22:00:00+00:00\" \/>\n<meta property=\"article:modified_time\" content=\"2016-07-06T14:52:32+00:00\" \/>\n<meta property=\"og:image\" content=\"https:\/\/www.rassegnastampa-totustuus.it\/cattolica\/wp-content\/uploads\/2012\/10\/adozioni_gay.jpg\" \/>\n\t<meta property=\"og:image:width\" content=\"240\" \/>\n\t<meta property=\"og:image:height\" content=\"184\" \/>\n\t<meta property=\"og:image:type\" content=\"image\/jpeg\" \/>\n<meta name=\"author\" content=\"Redazione\" \/>\n<meta name=\"twitter:card\" content=\"summary_large_image\" \/>\n<meta name=\"twitter:creator\" content=\"@rassegnastampa9\" \/>\n<meta name=\"twitter:site\" content=\"@rassegnastampa9\" \/>\n<meta name=\"twitter:label1\" content=\"Scritto da\" \/>\n\t<meta name=\"twitter:data1\" content=\"Redazione\" \/>\n\t<meta name=\"twitter:label2\" content=\"Tempo di lettura stimato\" \/>\n\t<meta name=\"twitter:data2\" content=\"3 minuti\" \/>\n<script type=\"application\/ld+json\" class=\"yoast-schema-graph\">{\"@context\":\"https:\\\/\\\/schema.org\",\"@graph\":[{\"@type\":\"Article\",\"@id\":\"https:\\\/\\\/www.rassegnastampa-totustuus.it\\\/cattolica\\\/adozioni-ai-gay-figli-disturbati\\\/#article\",\"isPartOf\":{\"@id\":\"https:\\\/\\\/www.rassegnastampa-totustuus.it\\\/cattolica\\\/adozioni-ai-gay-figli-disturbati\\\/\"},\"author\":{\"name\":\"Redazione\",\"@id\":\"https:\\\/\\\/www.rassegnastampa-totustuus.it\\\/cattolica\\\/#\\\/schema\\\/person\\\/08f319d2bd1a0904ad9e2bfb7b15e5c3\"},\"headline\":\"&laquo;Adozioni ai gay? Figli disturbati&raquo;\",\"datePublished\":\"2012-10-03T22:00:00+00:00\",\"dateModified\":\"2016-07-06T14:52:32+00:00\",\"mainEntityOfPage\":{\"@id\":\"https:\\\/\\\/www.rassegnastampa-totustuus.it\\\/cattolica\\\/adozioni-ai-gay-figli-disturbati\\\/\"},\"wordCount\":543,\"publisher\":{\"@id\":\"https:\\\/\\\/www.rassegnastampa-totustuus.it\\\/cattolica\\\/#organization\"},\"image\":{\"@id\":\"https:\\\/\\\/www.rassegnastampa-totustuus.it\\\/cattolica\\\/adozioni-ai-gay-figli-disturbati\\\/#primaryimage\"},\"thumbnailUrl\":\"https:\\\/\\\/www.rassegnastampa-totustuus.it\\\/cattolica\\\/wp-content\\\/uploads\\\/2012\\\/10\\\/adozioni_gay.jpg\",\"keywords\":[\"adozioni gay\"],\"articleSection\":[\"Omosessualit&agrave;\"],\"inLanguage\":\"it-IT\"},{\"@type\":\"WebPage\",\"@id\":\"https:\\\/\\\/www.rassegnastampa-totustuus.it\\\/cattolica\\\/adozioni-ai-gay-figli-disturbati\\\/\",\"url\":\"https:\\\/\\\/www.rassegnastampa-totustuus.it\\\/cattolica\\\/adozioni-ai-gay-figli-disturbati\\\/\",\"name\":\"&laquo;Adozioni ai gay? Figli disturbati&raquo; - Rassegna Stampa Cattolica\",\"isPartOf\":{\"@id\":\"https:\\\/\\\/www.rassegnastampa-totustuus.it\\\/cattolica\\\/#website\"},\"primaryImageOfPage\":{\"@id\":\"https:\\\/\\\/www.rassegnastampa-totustuus.it\\\/cattolica\\\/adozioni-ai-gay-figli-disturbati\\\/#primaryimage\"},\"image\":{\"@id\":\"https:\\\/\\\/www.rassegnastampa-totustuus.it\\\/cattolica\\\/adozioni-ai-gay-figli-disturbati\\\/#primaryimage\"},\"thumbnailUrl\":\"https:\\\/\\\/www.rassegnastampa-totustuus.it\\\/cattolica\\\/wp-content\\\/uploads\\\/2012\\\/10\\\/adozioni_gay.jpg\",\"datePublished\":\"2012-10-03T22:00:00+00:00\",\"dateModified\":\"2016-07-06T14:52:32+00:00\",\"description\":\"Rassegna Stampa Cattolica - Per una cultura che nasce dalla Rivelazione cristiana in conformit\u00e0 alla tradizione e al Magistero della Chiesa in opposizione ad ogni relativismo e totalitarismo\",\"breadcrumb\":{\"@id\":\"https:\\\/\\\/www.rassegnastampa-totustuus.it\\\/cattolica\\\/adozioni-ai-gay-figli-disturbati\\\/#breadcrumb\"},\"inLanguage\":\"it-IT\",\"potentialAction\":[{\"@type\":\"ReadAction\",\"target\":[\"https:\\\/\\\/www.rassegnastampa-totustuus.it\\\/cattolica\\\/adozioni-ai-gay-figli-disturbati\\\/\"]}]},{\"@type\":\"ImageObject\",\"inLanguage\":\"it-IT\",\"@id\":\"https:\\\/\\\/www.rassegnastampa-totustuus.it\\\/cattolica\\\/adozioni-ai-gay-figli-disturbati\\\/#primaryimage\",\"url\":\"https:\\\/\\\/www.rassegnastampa-totustuus.it\\\/cattolica\\\/wp-content\\\/uploads\\\/2012\\\/10\\\/adozioni_gay.jpg\",\"contentUrl\":\"https:\\\/\\\/www.rassegnastampa-totustuus.it\\\/cattolica\\\/wp-content\\\/uploads\\\/2012\\\/10\\\/adozioni_gay.jpg\",\"width\":240,\"height\":184},{\"@type\":\"BreadcrumbList\",\"@id\":\"https:\\\/\\\/www.rassegnastampa-totustuus.it\\\/cattolica\\\/adozioni-ai-gay-figli-disturbati\\\/#breadcrumb\",\"itemListElement\":[{\"@type\":\"ListItem\",\"position\":1,\"name\":\"Home\",\"item\":\"https:\\\/\\\/www.rassegnastampa-totustuus.it\\\/cattolica\\\/\"},{\"@type\":\"ListItem\",\"position\":2,\"name\":\"&laquo;Adozioni ai gay? Figli disturbati&raquo;\"}]},{\"@type\":\"WebSite\",\"@id\":\"https:\\\/\\\/www.rassegnastampa-totustuus.it\\\/cattolica\\\/#website\",\"url\":\"https:\\\/\\\/www.rassegnastampa-totustuus.it\\\/cattolica\\\/\",\"name\":\"Rassegna Stampa Cattolica\",\"description\":\"Per una cultura che nasce dalla Rivelazione cristiana in conformit\u00e0 alla tradizione e al Magistero della Chiesa in opposizione ad ogni relativismo e totalitarismo\",\"publisher\":{\"@id\":\"https:\\\/\\\/www.rassegnastampa-totustuus.it\\\/cattolica\\\/#organization\"},\"alternateName\":\"Rass. Cattolica\",\"potentialAction\":[{\"@type\":\"SearchAction\",\"target\":{\"@type\":\"EntryPoint\",\"urlTemplate\":\"https:\\\/\\\/www.rassegnastampa-totustuus.it\\\/cattolica\\\/?s={search_term_string}\"},\"query-input\":{\"@type\":\"PropertyValueSpecification\",\"valueRequired\":true,\"valueName\":\"search_term_string\"}}],\"inLanguage\":\"it-IT\"},{\"@type\":\"Organization\",\"@id\":\"https:\\\/\\\/www.rassegnastampa-totustuus.it\\\/cattolica\\\/#organization\",\"name\":\"Rassegna Stampa Cattolica\",\"url\":\"https:\\\/\\\/www.rassegnastampa-totustuus.it\\\/cattolica\\\/\",\"logo\":{\"@type\":\"ImageObject\",\"inLanguage\":\"it-IT\",\"@id\":\"https:\\\/\\\/www.rassegnastampa-totustuus.it\\\/cattolica\\\/#\\\/schema\\\/logo\\\/image\\\/\",\"url\":\"https:\\\/\\\/www.rassegnastampa-totustuus.it\\\/cattolica\\\/wp-content\\\/uploads\\\/2014\\\/04\\\/logo-rassegna1.gif\",\"contentUrl\":\"https:\\\/\\\/www.rassegnastampa-totustuus.it\\\/cattolica\\\/wp-content\\\/uploads\\\/2014\\\/04\\\/logo-rassegna1.gif\",\"width\":600,\"height\":163,\"caption\":\"Rassegna Stampa Cattolica\"},\"image\":{\"@id\":\"https:\\\/\\\/www.rassegnastampa-totustuus.it\\\/cattolica\\\/#\\\/schema\\\/logo\\\/image\\\/\"},\"sameAs\":[\"https:\\\/\\\/www.facebook.com\\\/rassegnastampacattolica\",\"https:\\\/\\\/x.com\\\/rassegnastampa9\"]},{\"@type\":\"Person\",\"@id\":\"https:\\\/\\\/www.rassegnastampa-totustuus.it\\\/cattolica\\\/#\\\/schema\\\/person\\\/08f319d2bd1a0904ad9e2bfb7b15e5c3\",\"name\":\"Redazione\",\"image\":{\"@type\":\"ImageObject\",\"inLanguage\":\"it-IT\",\"@id\":\"https:\\\/\\\/secure.gravatar.com\\\/avatar\\\/2fcdf27c78ea025fbdb44e914cc63c72249ffec9dc8aafd5c82b26240ef3f346?s=96&d=mm&r=g\",\"url\":\"https:\\\/\\\/secure.gravatar.com\\\/avatar\\\/2fcdf27c78ea025fbdb44e914cc63c72249ffec9dc8aafd5c82b26240ef3f346?s=96&d=mm&r=g\",\"contentUrl\":\"https:\\\/\\\/secure.gravatar.com\\\/avatar\\\/2fcdf27c78ea025fbdb44e914cc63c72249ffec9dc8aafd5c82b26240ef3f346?s=96&d=mm&r=g\",\"caption\":\"Redazione\"},\"url\":\"https:\\\/\\\/www.rassegnastampa-totustuus.it\\\/cattolica\\\/author\\\/pietroelle\\\/\"}]}<\/script>\n<!-- \/ Yoast SEO plugin. -->","yoast_head_json":{"title":"&laquo;Adozioni ai gay? Figli disturbati&raquo; - Rassegna Stampa Cattolica","description":"Rassegna Stampa Cattolica - Per una cultura che nasce dalla Rivelazione cristiana in conformit\u00e0 alla tradizione e al Magistero della Chiesa in opposizione ad ogni relativismo e totalitarismo","robots":{"index":"index","follow":"follow","max-snippet":"max-snippet:-1","max-image-preview":"max-image-preview:large","max-video-preview":"max-video-preview:-1"},"canonical":"https:\/\/www.rassegnastampa-totustuus.it\/cattolica\/adozioni-ai-gay-figli-disturbati\/","og_locale":"it_IT","og_type":"article","og_title":"&laquo;Adozioni ai gay? Figli disturbati&raquo; - Rassegna Stampa Cattolica","og_description":"Rassegna Stampa Cattolica - Per una cultura che nasce dalla Rivelazione cristiana in conformit\u00e0 alla tradizione e al Magistero della Chiesa in opposizione ad ogni relativismo e totalitarismo","og_url":"https:\/\/www.rassegnastampa-totustuus.it\/cattolica\/adozioni-ai-gay-figli-disturbati\/","og_site_name":"Rassegna Stampa Cattolica","article_publisher":"https:\/\/www.facebook.com\/rassegnastampacattolica","article_published_time":"2012-10-03T22:00:00+00:00","article_modified_time":"2016-07-06T14:52:32+00:00","og_image":[{"width":240,"height":184,"url":"https:\/\/www.rassegnastampa-totustuus.it\/cattolica\/wp-content\/uploads\/2012\/10\/adozioni_gay.jpg","type":"image\/jpeg"}],"author":"Redazione","twitter_card":"summary_large_image","twitter_creator":"@rassegnastampa9","twitter_site":"@rassegnastampa9","twitter_misc":{"Scritto da":"Redazione","Tempo di lettura stimato":"3 minuti"},"schema":{"@context":"https:\/\/schema.org","@graph":[{"@type":"Article","@id":"https:\/\/www.rassegnastampa-totustuus.it\/cattolica\/adozioni-ai-gay-figli-disturbati\/#article","isPartOf":{"@id":"https:\/\/www.rassegnastampa-totustuus.it\/cattolica\/adozioni-ai-gay-figli-disturbati\/"},"author":{"name":"Redazione","@id":"https:\/\/www.rassegnastampa-totustuus.it\/cattolica\/#\/schema\/person\/08f319d2bd1a0904ad9e2bfb7b15e5c3"},"headline":"&laquo;Adozioni ai gay? Figli disturbati&raquo;","datePublished":"2012-10-03T22:00:00+00:00","dateModified":"2016-07-06T14:52:32+00:00","mainEntityOfPage":{"@id":"https:\/\/www.rassegnastampa-totustuus.it\/cattolica\/adozioni-ai-gay-figli-disturbati\/"},"wordCount":543,"publisher":{"@id":"https:\/\/www.rassegnastampa-totustuus.it\/cattolica\/#organization"},"image":{"@id":"https:\/\/www.rassegnastampa-totustuus.it\/cattolica\/adozioni-ai-gay-figli-disturbati\/#primaryimage"},"thumbnailUrl":"https:\/\/www.rassegnastampa-totustuus.it\/cattolica\/wp-content\/uploads\/2012\/10\/adozioni_gay.jpg","keywords":["adozioni gay"],"articleSection":["Omosessualit&agrave;"],"inLanguage":"it-IT"},{"@type":"WebPage","@id":"https:\/\/www.rassegnastampa-totustuus.it\/cattolica\/adozioni-ai-gay-figli-disturbati\/","url":"https:\/\/www.rassegnastampa-totustuus.it\/cattolica\/adozioni-ai-gay-figli-disturbati\/","name":"&laquo;Adozioni ai gay? Figli disturbati&raquo; - Rassegna Stampa Cattolica","isPartOf":{"@id":"https:\/\/www.rassegnastampa-totustuus.it\/cattolica\/#website"},"primaryImageOfPage":{"@id":"https:\/\/www.rassegnastampa-totustuus.it\/cattolica\/adozioni-ai-gay-figli-disturbati\/#primaryimage"},"image":{"@id":"https:\/\/www.rassegnastampa-totustuus.it\/cattolica\/adozioni-ai-gay-figli-disturbati\/#primaryimage"},"thumbnailUrl":"https:\/\/www.rassegnastampa-totustuus.it\/cattolica\/wp-content\/uploads\/2012\/10\/adozioni_gay.jpg","datePublished":"2012-10-03T22:00:00+00:00","dateModified":"2016-07-06T14:52:32+00:00","description":"Rassegna Stampa Cattolica - Per una cultura che nasce dalla Rivelazione cristiana in conformit\u00e0 alla tradizione e al Magistero della Chiesa in opposizione ad ogni relativismo e totalitarismo","breadcrumb":{"@id":"https:\/\/www.rassegnastampa-totustuus.it\/cattolica\/adozioni-ai-gay-figli-disturbati\/#breadcrumb"},"inLanguage":"it-IT","potentialAction":[{"@type":"ReadAction","target":["https:\/\/www.rassegnastampa-totustuus.it\/cattolica\/adozioni-ai-gay-figli-disturbati\/"]}]},{"@type":"ImageObject","inLanguage":"it-IT","@id":"https:\/\/www.rassegnastampa-totustuus.it\/cattolica\/adozioni-ai-gay-figli-disturbati\/#primaryimage","url":"https:\/\/www.rassegnastampa-totustuus.it\/cattolica\/wp-content\/uploads\/2012\/10\/adozioni_gay.jpg","contentUrl":"https:\/\/www.rassegnastampa-totustuus.it\/cattolica\/wp-content\/uploads\/2012\/10\/adozioni_gay.jpg","width":240,"height":184},{"@type":"BreadcrumbList","@id":"https:\/\/www.rassegnastampa-totustuus.it\/cattolica\/adozioni-ai-gay-figli-disturbati\/#breadcrumb","itemListElement":[{"@type":"ListItem","position":1,"name":"Home","item":"https:\/\/www.rassegnastampa-totustuus.it\/cattolica\/"},{"@type":"ListItem","position":2,"name":"&laquo;Adozioni ai gay? Figli disturbati&raquo;"}]},{"@type":"WebSite","@id":"https:\/\/www.rassegnastampa-totustuus.it\/cattolica\/#website","url":"https:\/\/www.rassegnastampa-totustuus.it\/cattolica\/","name":"Rassegna Stampa Cattolica","description":"Per una cultura che nasce dalla Rivelazione cristiana in conformit\u00e0 alla tradizione e al Magistero della Chiesa in opposizione ad ogni relativismo e totalitarismo","publisher":{"@id":"https:\/\/www.rassegnastampa-totustuus.it\/cattolica\/#organization"},"alternateName":"Rass. Cattolica","potentialAction":[{"@type":"SearchAction","target":{"@type":"EntryPoint","urlTemplate":"https:\/\/www.rassegnastampa-totustuus.it\/cattolica\/?s={search_term_string}"},"query-input":{"@type":"PropertyValueSpecification","valueRequired":true,"valueName":"search_term_string"}}],"inLanguage":"it-IT"},{"@type":"Organization","@id":"https:\/\/www.rassegnastampa-totustuus.it\/cattolica\/#organization","name":"Rassegna Stampa Cattolica","url":"https:\/\/www.rassegnastampa-totustuus.it\/cattolica\/","logo":{"@type":"ImageObject","inLanguage":"it-IT","@id":"https:\/\/www.rassegnastampa-totustuus.it\/cattolica\/#\/schema\/logo\/image\/","url":"https:\/\/www.rassegnastampa-totustuus.it\/cattolica\/wp-content\/uploads\/2014\/04\/logo-rassegna1.gif","contentUrl":"https:\/\/www.rassegnastampa-totustuus.it\/cattolica\/wp-content\/uploads\/2014\/04\/logo-rassegna1.gif","width":600,"height":163,"caption":"Rassegna Stampa Cattolica"},"image":{"@id":"https:\/\/www.rassegnastampa-totustuus.it\/cattolica\/#\/schema\/logo\/image\/"},"sameAs":["https:\/\/www.facebook.com\/rassegnastampacattolica","https:\/\/x.com\/rassegnastampa9"]},{"@type":"Person","@id":"https:\/\/www.rassegnastampa-totustuus.it\/cattolica\/#\/schema\/person\/08f319d2bd1a0904ad9e2bfb7b15e5c3","name":"Redazione","image":{"@type":"ImageObject","inLanguage":"it-IT","@id":"https:\/\/secure.gravatar.com\/avatar\/2fcdf27c78ea025fbdb44e914cc63c72249ffec9dc8aafd5c82b26240ef3f346?s=96&d=mm&r=g","url":"https:\/\/secure.gravatar.com\/avatar\/2fcdf27c78ea025fbdb44e914cc63c72249ffec9dc8aafd5c82b26240ef3f346?s=96&d=mm&r=g","contentUrl":"https:\/\/secure.gravatar.com\/avatar\/2fcdf27c78ea025fbdb44e914cc63c72249ffec9dc8aafd5c82b26240ef3f346?s=96&d=mm&r=g","caption":"Redazione"},"url":"https:\/\/www.rassegnastampa-totustuus.it\/cattolica\/author\/pietroelle\/"}]}},"_links":{"self":[{"href":"https:\/\/www.rassegnastampa-totustuus.it\/cattolica\/wp-json\/wp\/v2\/posts\/5223","targetHints":{"allow":["GET"]}}],"collection":[{"href":"https:\/\/www.rassegnastampa-totustuus.it\/cattolica\/wp-json\/wp\/v2\/posts"}],"about":[{"href":"https:\/\/www.rassegnastampa-totustuus.it\/cattolica\/wp-json\/wp\/v2\/types\/post"}],"author":[{"embeddable":true,"href":"https:\/\/www.rassegnastampa-totustuus.it\/cattolica\/wp-json\/wp\/v2\/users\/6"}],"replies":[{"embeddable":true,"href":"https:\/\/www.rassegnastampa-totustuus.it\/cattolica\/wp-json\/wp\/v2\/comments?post=5223"}],"version-history":[{"count":4,"href":"https:\/\/www.rassegnastampa-totustuus.it\/cattolica\/wp-json\/wp\/v2\/posts\/5223\/revisions"}],"predecessor-version":[{"id":35757,"href":"https:\/\/www.rassegnastampa-totustuus.it\/cattolica\/wp-json\/wp\/v2\/posts\/5223\/revisions\/35757"}],"wp:featuredmedia":[{"embeddable":true,"href":"https:\/\/www.rassegnastampa-totustuus.it\/cattolica\/wp-json\/wp\/v2\/media\/35756"}],"wp:attachment":[{"href":"https:\/\/www.rassegnastampa-totustuus.it\/cattolica\/wp-json\/wp\/v2\/media?parent=5223"}],"wp:term":[{"taxonomy":"category","embeddable":true,"href":"https:\/\/www.rassegnastampa-totustuus.it\/cattolica\/wp-json\/wp\/v2\/categories?post=5223"},{"taxonomy":"post_tag","embeddable":true,"href":"https:\/\/www.rassegnastampa-totustuus.it\/cattolica\/wp-json\/wp\/v2\/tags?post=5223"}],"curies":[{"name":"wp","href":"https:\/\/api.w.org\/{rel}","templated":true}]}}